{"id":27340,"date":"2017-04-05T10:50:48","date_gmt":"2017-04-05T13:50:48","guid":{"rendered":"http:\/\/anoticiaonline.com.br\/site\/?p=27340"},"modified":"2017-04-05T10:58:41","modified_gmt":"2017-04-05T13:58:41","slug":"mais-de-500-alunos-se-formam-na-escola-movel-sesisenai","status":"publish","type":"post","link":"https:\/\/anoticiaonline.com.br\/site\/mais-de-500-alunos-se-formam-na-escola-movel-sesisenai\/","title":{"rendered":"Mais de 500 alunos se formam na Escola M\u00f3vel Sesi\/Senai"},"content":{"rendered":"<p><a href=\"https:\/\/anoticiaonline.com.br\/site\/wp-content\/uploads\/2017\/04\/IMG_2003.jpg\"><img fetchpriority=\"high\" decoding=\"async\" class=\" size-medium wp-image-27341 alignleft\" src=\"https:\/\/anoticiaonline.com.br\/site\/wp-content\/uploads\/2017\/04\/IMG_2003-300x200.jpg\" alt=\"IMG_2003\" width=\"300\" height=\"200\" srcset=\"https:\/\/anoticiaonline.com.br\/site\/wp-content\/uploads\/2017\/04\/IMG_2003-300x200.jpg 300w, https:\/\/anoticiaonline.com.br\/site\/wp-content\/uploads\/2017\/04\/IMG_2003.jpg 640w\" sizes=\"(max-width: 300px) 100vw, 300px\" \/><\/a>A formatura dos 532 alunos dos cursos da Prefeitura e SESI\/SENAI ser\u00e1 nesta quarta (5), \u00e0s 19h30min, no Muria\u00e9 T\u00eanis Clube. \u00c9 a primeira vez que a Escola M\u00f3vel do Sesi\/Senai vem \u00e0 cidade, oferecendo 13 cursos profissionalizantes, capacitando m\u00e3o de obra muriaeense e oportunizando mais chances no mercado de trabalho aos estudantes.<\/p>\n<p>A escola ofereceu os cursos de Educa\u00e7\u00e3o Ambiental e Sustentabilidade, Auxiliar Administrativo, Secretariado, Atendimento ao Cliente, Confeiteiro, Pedreiro de Alvenaria, Mec\u00e2nico de Motos, Costureira Assistente, Eletricista Predial, Patchwork Embutido, Tran\u00e7ado de Fita, Boneca de EVA e Patch Apliqu\u00ea. \u201cOs cursos capacitam os alunos, e muitos ter\u00e3o a oportunidade de trabalharem por conta pr\u00f3pria\u201d, explica o secret\u00e1rio de Desenvolvimento Econ\u00f4mico, Carlos Magno de Oliveira.<\/p>\n<p>Empres\u00e1rios j\u00e1 entraram em contato com a Prefeitura em busca de m\u00e3o de obra especializada. O prefeito Grego esteve na Escola M\u00f3vel na ter\u00e7a-feira (3). \u201cTivemos 100% das vagas preenchidas. Tenho certeza de que neste exato momento em que o pa\u00eds enfrenta uma forte crise econ\u00f4mica e alto \u00edndice de desemprego, n\u00f3s estamos oferecendo a mais de 500 pessoas a chance de conquistar empregos e gerar renda para suas fam\u00edlias\u201d, afirma.<\/p>\n","protected":false},"excerpt":{"rendered":"<p>A formatura dos 532 alunos dos cursos da Prefeitura e SESI\/SENAI ser\u00e1 nesta quarta (5), \u00e0s 19h30min, no Muria\u00e9 T\u00eanis Clube. \u00c9 a primeira vez que a Escola M\u00f3vel do Sesi\/Senai vem \u00e0 cidade, oferecendo 13 cursos profissionalizantes, capacitando m\u00e3o de obra muriaeense e oportunizando mais chances no mercado de trabalho aos estudantes. A escola &#8230; <a title=\"Mais de 500 alunos se formam na Escola M\u00f3vel Sesi\/Senai\" class=\"read-more\" href=\"https:\/\/anoticiaonline.com.br\/site\/mais-de-500-alunos-se-formam-na-escola-movel-sesisenai\/\" aria-label=\"Read more about Mais de 500 alunos se formam na Escola M\u00f3vel Sesi\/Senai\">Ler mais<\/a><\/p>\n","protected":false},"author":2,"featured_media":27341,"comment_status":"open","ping_status":"open","sticky":false,"template":"","format":"standard","meta":{"_acf_changed":false,"_monsterinsights_skip_tracking":false,"footnotes":""},"categories":[30],"tags":[],"class_list":["post-27340","post","type-post","status-publish","format-standard","has-post-thumbnail","hentry","category-muriae"],"acf":[],"aioseo_notices":[],"aioseo_head":"\n\t\t<!-- All in One SEO 5.0.0.1 - aioseo.com -->\n\t<meta name=\"description\" content=\"A formatura dos 532 alunos dos cursos da Prefeitura e SESI\/SENAI ser\u00e1 nesta quarta (5), \u00e0s 19h30min, no Muria\u00e9 T\u00eanis Clube. \u00c9 a primeira vez que a Escola M\u00f3vel do Sesi\/Senai vem \u00e0 cidade, oferecendo 13 cursos profissionalizantes, capacitando m\u00e3o de obra muriaeense e oportunizando mais chances no mercado de trabalho aos estudantes. A escola\" \/>\n\t<meta name=\"robots\" content=\"max-image-preview:large\" \/>\n\t<meta name=\"author\" content=\"Juliana Laviola\"\/>\n\t<link rel=\"canonical\" href=\"https:\/\/anoticiaonline.com.br\/site\/mais-de-500-alunos-se-formam-na-escola-movel-sesisenai\/\" \/>\n\t<meta name=\"generator\" content=\"All in One SEO (AIOSEO) 5.0.0.1\" \/>\n\t\t<meta property=\"og:locale\" content=\"pt_BR\" \/>\n\t\t<meta property=\"og:site_name\" content=\"A Not\u00edcia Online - Noticias de Muria\u00e9 e regi\u00e3o\" \/>\n\t\t<meta property=\"og:type\" content=\"article\" \/>\n\t\t<meta property=\"og:title\" content=\"Mais de 500 alunos se formam na Escola M\u00f3vel Sesi\/Senai - A Not\u00edcia Online\" \/>\n\t\t<meta property=\"og:description\" content=\"A formatura dos 532 alunos dos cursos da Prefeitura e SESI\/SENAI ser\u00e1 nesta quarta (5), \u00e0s 19h30min, no Muria\u00e9 T\u00eanis Clube. \u00c9 a primeira vez que a Escola M\u00f3vel do Sesi\/Senai vem \u00e0 cidade, oferecendo 13 cursos profissionalizantes, capacitando m\u00e3o de obra muriaeense e oportunizando mais chances no mercado de trabalho aos estudantes. A escola\" \/>\n\t\t<meta property=\"og:url\" content=\"https:\/\/anoticiaonline.com.br\/site\/mais-de-500-alunos-se-formam-na-escola-movel-sesisenai\/\" \/>\n\t\t<meta property=\"og:image\" content=\"https:\/\/scontent-gig4-1.xx.fbcdn.net\/v\/t39.30808-1\/270437624_4564083193639691_6907940295614233970_n.jpg?stp=dst-jpg_s200x200_tt6&#038;_nc_cat=111&#038;ccb=1-7&#038;_nc_sid=f907e8&#038;_nc_ohc=SM1wRlP3lJwQ7kNvwEPuBYA&#038;_nc_oc=AdnqrjDN_BNjSSHWO-GbkIWH6fkGMLw4bqvL_NH6e2wMveX7G-rP2dAqsDSq1mJMOaY&#038;_nc_zt=24&#038;_nc_ht=scontent-gig4-1.xx&#038;_nc_gid=AoBFJeGrT1hVaew_6rchkQ&#038;oh=00_AfX7QmFGhQhG2jAllVgXCiM1ZrWgvtp80-Bfppyexh1QEg&#038;oe=689E923C\" \/>\n\t\t<meta property=\"og:image:secure_url\" content=\"https:\/\/scontent-gig4-1.xx.fbcdn.net\/v\/t39.30808-1\/270437624_4564083193639691_6907940295614233970_n.jpg?stp=dst-jpg_s200x200_tt6&#038;_nc_cat=111&#038;ccb=1-7&#038;_nc_sid=f907e8&#038;_nc_ohc=SM1wRlP3lJwQ7kNvwEPuBYA&#038;_nc_oc=AdnqrjDN_BNjSSHWO-GbkIWH6fkGMLw4bqvL_NH6e2wMveX7G-rP2dAqsDSq1mJMOaY&#038;_nc_zt=24&#038;_nc_ht=scontent-gig4-1.xx&#038;_nc_gid=AoBFJeGrT1hVaew_6rchkQ&#038;oh=00_AfX7QmFGhQhG2jAllVgXCiM1ZrWgvtp80-Bfppyexh1QEg&#038;oe=689E923C\" \/>\n\t\t<meta property=\"article:published_time\" content=\"2017-04-05T13:50:48+00:00\" \/>\n\t\t<meta property=\"article:modified_time\" content=\"2017-04-05T13:58:41+00:00\" \/>\n\t\t<meta name=\"twitter:card\" content=\"summary_large_image\" \/>\n\t\t<meta name=\"twitter:title\" content=\"Mais de 500 alunos se formam na Escola M\u00f3vel Sesi\/Senai - A Not\u00edcia Online\" \/>\n\t\t<meta name=\"twitter:description\" content=\"A formatura dos 532 alunos dos cursos da Prefeitura e SESI\/SENAI ser\u00e1 nesta quarta (5), \u00e0s 19h30min, no Muria\u00e9 T\u00eanis Clube. \u00c9 a primeira vez que a Escola M\u00f3vel do Sesi\/Senai vem \u00e0 cidade, oferecendo 13 cursos profissionalizantes, capacitando m\u00e3o de obra muriaeense e oportunizando mais chances no mercado de trabalho aos estudantes. A escola\" \/>\n\t\t<meta name=\"twitter:image\" content=\"https:\/\/scontent-gig4-1.xx.fbcdn.net\/v\/t39.30808-1\/270437624_4564083193639691_6907940295614233970_n.jpg?stp=dst-jpg_s200x200_tt6&amp;_nc_cat=111&amp;ccb=1-7&amp;_nc_sid=f907e8&amp;_nc_ohc=SM1wRlP3lJwQ7kNvwEPuBYA&amp;_nc_oc=AdnqrjDN_BNjSSHWO-GbkIWH6fkGMLw4bqvL_NH6e2wMveX7G-rP2dAqsDSq1mJMOaY&amp;_nc_zt=24&amp;_nc_ht=scontent-gig4-1.xx&amp;_nc_gid=AoBFJeGrT1hVaew_6rchkQ&amp;oh=00_AfX7QmFGhQhG2jAllVgXCiM1ZrWgvtp80-Bfppyexh1QEg&amp;oe=689E923C\" \/>\n\t\t<script type=\"application\/ld+json\" class=\"aioseo-schema\">\n\t\t\t{\"@context\":\"https:\\\/\\\/schema.org\",\"@graph\":[{\"@type\":\"BlogPosting\",\"@id\":\"https:\\\/\\\/anoticiaonline.com.br\\\/site\\\/mais-de-500-alunos-se-formam-na-escola-movel-sesisenai\\\/#blogposting\",\"name\":\"Mais de 500 alunos se formam na Escola M\\u00f3vel Sesi\\\/Senai - A Not\\u00edcia Online\",\"headline\":\"Mais de 500 alunos se formam na Escola M\\u00f3vel Sesi\\\/Senai\",\"author\":{\"@id\":\"https:\\\/\\\/anoticiaonline.com.br\\\/site\\\/author\\\/juliana\\\/#author\"},\"publisher\":{\"@id\":\"https:\\\/\\\/anoticiaonline.com.br\\\/site\\\/#organization\"},\"image\":{\"@type\":\"ImageObject\",\"url\":\"https:\\\/\\\/anoticiaonline.com.br\\\/site\\\/wp-content\\\/uploads\\\/2017\\\/04\\\/IMG_2003.jpg\",\"width\":640,\"height\":426},\"datePublished\":\"2017-04-05T10:50:48-03:00\",\"dateModified\":\"2017-04-05T10:58:41-03:00\",\"inLanguage\":\"pt-BR\",\"mainEntityOfPage\":{\"@id\":\"https:\\\/\\\/anoticiaonline.com.br\\\/site\\\/mais-de-500-alunos-se-formam-na-escola-movel-sesisenai\\\/#webpage\"},\"isPartOf\":{\"@id\":\"https:\\\/\\\/anoticiaonline.com.br\\\/site\\\/mais-de-500-alunos-se-formam-na-escola-movel-sesisenai\\\/#webpage\"},\"articleSection\":\"Blog\"},{\"@type\":\"BreadcrumbList\",\"@id\":\"https:\\\/\\\/anoticiaonline.com.br\\\/site\\\/mais-de-500-alunos-se-formam-na-escola-movel-sesisenai\\\/#breadcrumblist\",\"itemListElement\":[{\"@type\":\"ListItem\",\"@id\":\"https:\\\/\\\/anoticiaonline.com.br\\\/site#listItem\",\"position\":1,\"name\":\"Home\",\"item\":\"https:\\\/\\\/anoticiaonline.com.br\\\/site\",\"nextItem\":{\"@type\":\"ListItem\",\"@id\":\"https:\\\/\\\/anoticiaonline.com.br\\\/site\\\/categoria\\\/muriae\\\/#listItem\",\"name\":\"Blog\"}},{\"@type\":\"ListItem\",\"@id\":\"https:\\\/\\\/anoticiaonline.com.br\\\/site\\\/categoria\\\/muriae\\\/#listItem\",\"position\":2,\"name\":\"Blog\",\"item\":\"https:\\\/\\\/anoticiaonline.com.br\\\/site\\\/categoria\\\/muriae\\\/\",\"nextItem\":{\"@type\":\"ListItem\",\"@id\":\"https:\\\/\\\/anoticiaonline.com.br\\\/site\\\/mais-de-500-alunos-se-formam-na-escola-movel-sesisenai\\\/#listItem\",\"name\":\"Mais de 500 alunos se formam na Escola M\\u00f3vel Sesi\\\/Senai\"},\"previousItem\":{\"@type\":\"ListItem\",\"@id\":\"https:\\\/\\\/anoticiaonline.com.br\\\/site#listItem\",\"name\":\"Home\"}},{\"@type\":\"ListItem\",\"@id\":\"https:\\\/\\\/anoticiaonline.com.br\\\/site\\\/mais-de-500-alunos-se-formam-na-escola-movel-sesisenai\\\/#listItem\",\"position\":3,\"name\":\"Mais de 500 alunos se formam na Escola M\\u00f3vel Sesi\\\/Senai\",\"previousItem\":{\"@type\":\"ListItem\",\"@id\":\"https:\\\/\\\/anoticiaonline.com.br\\\/site\\\/categoria\\\/muriae\\\/#listItem\",\"name\":\"Blog\"}}]},{\"@type\":\"Organization\",\"@id\":\"https:\\\/\\\/anoticiaonline.com.br\\\/site\\\/#organization\",\"name\":\"A Not\\u00edcia Online\",\"description\":\"Noticias de Muria\\u00e9 e regi\\u00e3o\",\"url\":\"https:\\\/\\\/anoticiaonline.com.br\\\/site\\\/\",\"logo\":{\"@type\":\"ImageObject\",\"url\":\"https:\\\/\\\/scontent-gig4-1.xx.fbcdn.net\\\/v\\\/t39.30808-1\\\/270437624_4564083193639691_6907940295614233970_n.jpg?stp=dst-jpg_s200x200_tt6&_nc_cat=111&ccb=1-7&_nc_sid=f907e8&_nc_ohc=SM1wRlP3lJwQ7kNvwEPuBYA&_nc_oc=AdnqrjDN_BNjSSHWO-GbkIWH6fkGMLw4bqvL_NH6e2wMveX7G-rP2dAqsDSq1mJMOaY&_nc_zt=24&_nc_ht=scontent-gig4-1.xx&_nc_gid=AoBFJeGrT1hVaew_6rchkQ&oh=00_AfX7QmFGhQhG2jAllVgXCiM1ZrWgvtp80-Bfppyexh1QEg&oe=689E923C\",\"@id\":\"https:\\\/\\\/anoticiaonline.com.br\\\/site\\\/mais-de-500-alunos-se-formam-na-escola-movel-sesisenai\\\/#organizationLogo\"},\"image\":{\"@id\":\"https:\\\/\\\/anoticiaonline.com.br\\\/site\\\/mais-de-500-alunos-se-formam-na-escola-movel-sesisenai\\\/#organizationLogo\"}},{\"@type\":\"Person\",\"@id\":\"https:\\\/\\\/anoticiaonline.com.br\\\/site\\\/author\\\/juliana\\\/#author\",\"url\":\"https:\\\/\\\/anoticiaonline.com.br\\\/site\\\/author\\\/juliana\\\/\",\"name\":\"Juliana Laviola\",\"image\":{\"@type\":\"ImageObject\",\"@id\":\"https:\\\/\\\/anoticiaonline.com.br\\\/site\\\/mais-de-500-alunos-se-formam-na-escola-movel-sesisenai\\\/#authorImage\",\"url\":\"https:\\\/\\\/secure.gravatar.com\\\/avatar\\\/b8d45f5c699b100dfaf0e543582f38f38bf94cb7ae3a5e9abf8d891a34773335?s=96&d=mm&r=g\",\"width\":96,\"height\":96,\"caption\":\"Juliana Laviola\"}},{\"@type\":\"WebPage\",\"@id\":\"https:\\\/\\\/anoticiaonline.com.br\\\/site\\\/mais-de-500-alunos-se-formam-na-escola-movel-sesisenai\\\/#webpage\",\"url\":\"https:\\\/\\\/anoticiaonline.com.br\\\/site\\\/mais-de-500-alunos-se-formam-na-escola-movel-sesisenai\\\/\",\"name\":\"Mais de 500 alunos se formam na Escola M\\u00f3vel Sesi\\\/Senai - A Not\\u00edcia Online\",\"description\":\"A formatura dos 532 alunos dos cursos da Prefeitura e SESI\\\/SENAI ser\\u00e1 nesta quarta (5), \\u00e0s 19h30min, no Muria\\u00e9 T\\u00eanis Clube. \\u00c9 a primeira vez que a Escola M\\u00f3vel do Sesi\\\/Senai vem \\u00e0 cidade, oferecendo 13 cursos profissionalizantes, capacitando m\\u00e3o de obra muriaeense e oportunizando mais chances no mercado de trabalho aos estudantes. A escola\",\"inLanguage\":\"pt-BR\",\"isPartOf\":{\"@id\":\"https:\\\/\\\/anoticiaonline.com.br\\\/site\\\/#website\"},\"breadcrumb\":{\"@id\":\"https:\\\/\\\/anoticiaonline.com.br\\\/site\\\/mais-de-500-alunos-se-formam-na-escola-movel-sesisenai\\\/#breadcrumblist\"},\"author\":{\"@id\":\"https:\\\/\\\/anoticiaonline.com.br\\\/site\\\/author\\\/juliana\\\/#author\"},\"creator\":{\"@id\":\"https:\\\/\\\/anoticiaonline.com.br\\\/site\\\/author\\\/juliana\\\/#author\"},\"image\":{\"@type\":\"ImageObject\",\"url\":\"https:\\\/\\\/anoticiaonline.com.br\\\/site\\\/wp-content\\\/uploads\\\/2017\\\/04\\\/IMG_2003.jpg\",\"@id\":\"https:\\\/\\\/anoticiaonline.com.br\\\/site\\\/mais-de-500-alunos-se-formam-na-escola-movel-sesisenai\\\/#mainImage\",\"width\":640,\"height\":426},\"primaryImageOfPage\":{\"@id\":\"https:\\\/\\\/anoticiaonline.com.br\\\/site\\\/mais-de-500-alunos-se-formam-na-escola-movel-sesisenai\\\/#mainImage\"},\"datePublished\":\"2017-04-05T10:50:48-03:00\",\"dateModified\":\"2017-04-05T10:58:41-03:00\"},{\"@type\":\"WebSite\",\"@id\":\"https:\\\/\\\/anoticiaonline.com.br\\\/site\\\/#website\",\"url\":\"https:\\\/\\\/anoticiaonline.com.br\\\/site\\\/\",\"name\":\"A Not\\u00edcia Online\",\"description\":\"Noticias de Muria\\u00e9 e regi\\u00e3o\",\"inLanguage\":\"pt-BR\",\"publisher\":{\"@id\":\"https:\\\/\\\/anoticiaonline.com.br\\\/site\\\/#organization\"}}]}\n\t\t<\/script>\n\t\t<!-- All in One SEO -->\n\n","aioseo_head_json":{"title":"Mais de 500 alunos se formam na Escola M\u00f3vel Sesi\/Senai - A Not\u00edcia Online","description":"A formatura dos 532 alunos dos cursos da Prefeitura e SESI\/SENAI ser\u00e1 nesta quarta (5), \u00e0s 19h30min, no Muria\u00e9 T\u00eanis Clube. \u00c9 a primeira vez que a Escola M\u00f3vel do Sesi\/Senai vem \u00e0 cidade, oferecendo 13 cursos profissionalizantes, capacitando m\u00e3o de obra muriaeense e oportunizando mais chances no mercado de trabalho aos estudantes. A escola","canonical_url":"https:\/\/anoticiaonline.com.br\/site\/mais-de-500-alunos-se-formam-na-escola-movel-sesisenai\/","robots":"max-image-preview:large","keywords":"","webmasterTools":{"miscellaneous":""},"schema":{"@context":"https:\/\/schema.org","@graph":[{"@type":"BlogPosting","@id":"https:\/\/anoticiaonline.com.br\/site\/mais-de-500-alunos-se-formam-na-escola-movel-sesisenai\/#blogposting","name":"Mais de 500 alunos se formam na Escola M\u00f3vel Sesi\/Senai - A Not\u00edcia Online","headline":"Mais de 500 alunos se formam na Escola M\u00f3vel Sesi\/Senai","author":{"@id":"https:\/\/anoticiaonline.com.br\/site\/author\/juliana\/#author"},"publisher":{"@id":"https:\/\/anoticiaonline.com.br\/site\/#organization"},"image":{"@type":"ImageObject","url":"https:\/\/anoticiaonline.com.br\/site\/wp-content\/uploads\/2017\/04\/IMG_2003.jpg","width":640,"height":426},"datePublished":"2017-04-05T10:50:48-03:00","dateModified":"2017-04-05T10:58:41-03:00","inLanguage":"pt-BR","mainEntityOfPage":{"@id":"https:\/\/anoticiaonline.com.br\/site\/mais-de-500-alunos-se-formam-na-escola-movel-sesisenai\/#webpage"},"isPartOf":{"@id":"https:\/\/anoticiaonline.com.br\/site\/mais-de-500-alunos-se-formam-na-escola-movel-sesisenai\/#webpage"},"articleSection":"Blog"},{"@type":"BreadcrumbList","@id":"https:\/\/anoticiaonline.com.br\/site\/mais-de-500-alunos-se-formam-na-escola-movel-sesisenai\/#breadcrumblist","itemListElement":[{"@type":"ListItem","@id":"https:\/\/anoticiaonline.com.br\/site#listItem","position":1,"name":"Home","item":"https:\/\/anoticiaonline.com.br\/site","nextItem":{"@type":"ListItem","@id":"https:\/\/anoticiaonline.com.br\/site\/categoria\/muriae\/#listItem","name":"Blog"}},{"@type":"ListItem","@id":"https:\/\/anoticiaonline.com.br\/site\/categoria\/muriae\/#listItem","position":2,"name":"Blog","item":"https:\/\/anoticiaonline.com.br\/site\/categoria\/muriae\/","nextItem":{"@type":"ListItem","@id":"https:\/\/anoticiaonline.com.br\/site\/mais-de-500-alunos-se-formam-na-escola-movel-sesisenai\/#listItem","name":"Mais de 500 alunos se formam na Escola M\u00f3vel Sesi\/Senai"},"previousItem":{"@type":"ListItem","@id":"https:\/\/anoticiaonline.com.br\/site#listItem","name":"Home"}},{"@type":"ListItem","@id":"https:\/\/anoticiaonline.com.br\/site\/mais-de-500-alunos-se-formam-na-escola-movel-sesisenai\/#listItem","position":3,"name":"Mais de 500 alunos se formam na Escola M\u00f3vel Sesi\/Senai","previousItem":{"@type":"ListItem","@id":"https:\/\/anoticiaonline.com.br\/site\/categoria\/muriae\/#listItem","name":"Blog"}}]},{"@type":"Organization","@id":"https:\/\/anoticiaonline.com.br\/site\/#organization","name":"A Not\u00edcia Online","description":"Noticias de Muria\u00e9 e regi\u00e3o","url":"https:\/\/anoticiaonline.com.br\/site\/","logo":{"@type":"ImageObject","url":"https:\/\/scontent-gig4-1.xx.fbcdn.net\/v\/t39.30808-1\/270437624_4564083193639691_6907940295614233970_n.jpg?stp=dst-jpg_s200x200_tt6&_nc_cat=111&ccb=1-7&_nc_sid=f907e8&_nc_ohc=SM1wRlP3lJwQ7kNvwEPuBYA&_nc_oc=AdnqrjDN_BNjSSHWO-GbkIWH6fkGMLw4bqvL_NH6e2wMveX7G-rP2dAqsDSq1mJMOaY&_nc_zt=24&_nc_ht=scontent-gig4-1.xx&_nc_gid=AoBFJeGrT1hVaew_6rchkQ&oh=00_AfX7QmFGhQhG2jAllVgXCiM1ZrWgvtp80-Bfppyexh1QEg&oe=689E923C","@id":"https:\/\/anoticiaonline.com.br\/site\/mais-de-500-alunos-se-formam-na-escola-movel-sesisenai\/#organizationLogo"},"image":{"@id":"https:\/\/anoticiaonline.com.br\/site\/mais-de-500-alunos-se-formam-na-escola-movel-sesisenai\/#organizationLogo"}},{"@type":"Person","@id":"https:\/\/anoticiaonline.com.br\/site\/author\/juliana\/#author","url":"https:\/\/anoticiaonline.com.br\/site\/author\/juliana\/","name":"Juliana Laviola","image":{"@type":"ImageObject","@id":"https:\/\/anoticiaonline.com.br\/site\/mais-de-500-alunos-se-formam-na-escola-movel-sesisenai\/#authorImage","url":"https:\/\/secure.gravatar.com\/avatar\/b8d45f5c699b100dfaf0e543582f38f38bf94cb7ae3a5e9abf8d891a34773335?s=96&d=mm&r=g","width":96,"height":96,"caption":"Juliana Laviola"}},{"@type":"WebPage","@id":"https:\/\/anoticiaonline.com.br\/site\/mais-de-500-alunos-se-formam-na-escola-movel-sesisenai\/#webpage","url":"https:\/\/anoticiaonline.com.br\/site\/mais-de-500-alunos-se-formam-na-escola-movel-sesisenai\/","name":"Mais de 500 alunos se formam na Escola M\u00f3vel Sesi\/Senai - A Not\u00edcia Online","description":"A formatura dos 532 alunos dos cursos da Prefeitura e SESI\/SENAI ser\u00e1 nesta quarta (5), \u00e0s 19h30min, no Muria\u00e9 T\u00eanis Clube. \u00c9 a primeira vez que a Escola M\u00f3vel do Sesi\/Senai vem \u00e0 cidade, oferecendo 13 cursos profissionalizantes, capacitando m\u00e3o de obra muriaeense e oportunizando mais chances no mercado de trabalho aos estudantes. A escola","inLanguage":"pt-BR","isPartOf":{"@id":"https:\/\/anoticiaonline.com.br\/site\/#website"},"breadcrumb":{"@id":"https:\/\/anoticiaonline.com.br\/site\/mais-de-500-alunos-se-formam-na-escola-movel-sesisenai\/#breadcrumblist"},"author":{"@id":"https:\/\/anoticiaonline.com.br\/site\/author\/juliana\/#author"},"creator":{"@id":"https:\/\/anoticiaonline.com.br\/site\/author\/juliana\/#author"},"image":{"@type":"ImageObject","url":"https:\/\/anoticiaonline.com.br\/site\/wp-content\/uploads\/2017\/04\/IMG_2003.jpg","@id":"https:\/\/anoticiaonline.com.br\/site\/mais-de-500-alunos-se-formam-na-escola-movel-sesisenai\/#mainImage","width":640,"height":426},"primaryImageOfPage":{"@id":"https:\/\/anoticiaonline.com.br\/site\/mais-de-500-alunos-se-formam-na-escola-movel-sesisenai\/#mainImage"},"datePublished":"2017-04-05T10:50:48-03:00","dateModified":"2017-04-05T10:58:41-03:00"},{"@type":"WebSite","@id":"https:\/\/anoticiaonline.com.br\/site\/#website","url":"https:\/\/anoticiaonline.com.br\/site\/","name":"A Not\u00edcia Online","description":"Noticias de Muria\u00e9 e regi\u00e3o","inLanguage":"pt-BR","publisher":{"@id":"https:\/\/anoticiaonline.com.br\/site\/#organization"}}]},"og:locale":"pt_BR","og:site_name":"A Not\u00edcia Online - Noticias de Muria\u00e9 e regi\u00e3o","og:type":"article","og:title":"Mais de 500 alunos se formam na Escola M\u00f3vel Sesi\/Senai - A Not\u00edcia Online","og:description":"A formatura dos 532 alunos dos cursos da Prefeitura e SESI\/SENAI ser\u00e1 nesta quarta (5), \u00e0s 19h30min, no Muria\u00e9 T\u00eanis Clube. \u00c9 a primeira vez que a Escola M\u00f3vel do Sesi\/Senai vem \u00e0 cidade, oferecendo 13 cursos profissionalizantes, capacitando m\u00e3o de obra muriaeense e oportunizando mais chances no mercado de trabalho aos estudantes. A escola","og:url":"https:\/\/anoticiaonline.com.br\/site\/mais-de-500-alunos-se-formam-na-escola-movel-sesisenai\/","og:image":"https:\/\/scontent-gig4-1.xx.fbcdn.net\/v\/t39.30808-1\/270437624_4564083193639691_6907940295614233970_n.jpg?stp=dst-jpg_s200x200_tt6&#038;_nc_cat=111&#038;ccb=1-7&#038;_nc_sid=f907e8&#038;_nc_ohc=SM1wRlP3lJwQ7kNvwEPuBYA&#038;_nc_oc=AdnqrjDN_BNjSSHWO-GbkIWH6fkGMLw4bqvL_NH6e2wMveX7G-rP2dAqsDSq1mJMOaY&#038;_nc_zt=24&#038;_nc_ht=scontent-gig4-1.xx&#038;_nc_gid=AoBFJeGrT1hVaew_6rchkQ&#038;oh=00_AfX7QmFGhQhG2jAllVgXCiM1ZrWgvtp80-Bfppyexh1QEg&#038;oe=689E923C","og:image:secure_url":"https:\/\/scontent-gig4-1.xx.fbcdn.net\/v\/t39.30808-1\/270437624_4564083193639691_6907940295614233970_n.jpg?stp=dst-jpg_s200x200_tt6&#038;_nc_cat=111&#038;ccb=1-7&#038;_nc_sid=f907e8&#038;_nc_ohc=SM1wRlP3lJwQ7kNvwEPuBYA&#038;_nc_oc=AdnqrjDN_BNjSSHWO-GbkIWH6fkGMLw4bqvL_NH6e2wMveX7G-rP2dAqsDSq1mJMOaY&#038;_nc_zt=24&#038;_nc_ht=scontent-gig4-1.xx&#038;_nc_gid=AoBFJeGrT1hVaew_6rchkQ&#038;oh=00_AfX7QmFGhQhG2jAllVgXCiM1ZrWgvtp80-Bfppyexh1QEg&#038;oe=689E923C","article:published_time":"2017-04-05T13:50:48+00:00","article:modified_time":"2017-04-05T13:58:41+00:00","twitter:card":"summary_large_image","twitter:title":"Mais de 500 alunos se formam na Escola M\u00f3vel Sesi\/Senai - A Not\u00edcia Online","twitter:description":"A formatura dos 532 alunos dos cursos da Prefeitura e SESI\/SENAI ser\u00e1 nesta quarta (5), \u00e0s 19h30min, no Muria\u00e9 T\u00eanis Clube. \u00c9 a primeira vez que a Escola M\u00f3vel do Sesi\/Senai vem \u00e0 cidade, oferecendo 13 cursos profissionalizantes, capacitando m\u00e3o de obra muriaeense e oportunizando mais chances no mercado de trabalho aos estudantes. A escola","twitter:image":"https:\/\/scontent-gig4-1.xx.fbcdn.net\/v\/t39.30808-1\/270437624_4564083193639691_6907940295614233970_n.jpg?stp=dst-jpg_s200x200_tt6&_nc_cat=111&ccb=1-7&_nc_sid=f907e8&_nc_ohc=SM1wRlP3lJwQ7kNvwEPuBYA&_nc_oc=AdnqrjDN_BNjSSHWO-GbkIWH6fkGMLw4bqvL_NH6e2wMveX7G-rP2dAqsDSq1mJMOaY&_nc_zt=24&_nc_ht=scontent-gig4-1.xx&_nc_gid=AoBFJeGrT1hVaew_6rchkQ&oh=00_AfX7QmFGhQhG2jAllVgXCiM1ZrWgvtp80-Bfppyexh1QEg&oe=689E923C"},"aioseo_meta_data":{"post_id":"27340","title":null,"description":null,"keywords":null,"keyphrases":null,"primary_term":null,"canonical_url":null,"og_title":null,"og_description":null,"og_object_type":"default","og_image_type":"default","og_image_url":null,"og_image_width":null,"og_image_height":null,"og_image_custom_url":null,"og_image_custom_fields":null,"og_video":null,"og_custom_url":null,"og_article_section":null,"og_article_tags":null,"twitter_use_og":false,"twitter_card":"default","twitter_image_type":"default","twitter_image_url":null,"twitter_image_custom_url":null,"twitter_image_custom_fields":null,"twitter_title":null,"twitter_description":null,"schema":{"blockGraphs":[],"customGraphs":[],"default":{"data":{"Article":[],"Course":[],"Dataset":[],"FAQPage":[],"Movie":[],"Person":[],"Product":[],"ProductReview":[],"Car":[],"Recipe":[],"Service":[],"SoftwareApplication":[],"WebPage":[]},"graphName":"","isEnabled":true},"graphs":[]},"schema_type":"default","schema_type_options":null,"pillar_content":false,"robots_default":true,"robots_noindex":false,"robots_noarchive":false,"robots_nosnippet":false,"robots_nofollow":false,"robots_noimageindex":false,"robots_noodp":false,"robots_notranslate":false,"robots_max_snippet":null,"robots_max_videopreview":null,"robots_max_imagepreview":"large","priority":null,"frequency":null,"local_seo":null,"breadcrumb_settings":null,"limit_modified_date":false,"ai":null,"created":"2025-08-16 18:08:23","updated":"2025-08-16 18:08:23","focus_keyword":null,"additional_keywords":null,"truseo_locale":null,"seo_analyzer_scan_date":null},"aioseo_breadcrumb":"<div class=\"aioseo-breadcrumbs\"><span class=\"aioseo-breadcrumb\">\n\t\t\t<a href=\"https:\/\/anoticiaonline.com.br\/site\" title=\"Home\">Home<\/a>\n\t\t<\/span><span class=\"aioseo-breadcrumb-separator\">&raquo;<\/span><span class=\"aioseo-breadcrumb\">\n\t\t\t<a href=\"https:\/\/anoticiaonline.com.br\/site\/categoria\/muriae\/\" title=\"Blog\">Blog<\/a>\n\t\t<\/span><span class=\"aioseo-breadcrumb-separator\">&raquo;<\/span><span class=\"aioseo-breadcrumb\">\n\t\t\tMais de 500 alunos se formam na Escola M\u00f3vel Sesi\/Senai\n\t\t<\/span><\/div>","aioseo_breadcrumb_json":[{"label":"Home","link":"https:\/\/anoticiaonline.com.br\/site"},{"label":"Blog","link":"https:\/\/anoticiaonline.com.br\/site\/categoria\/muriae\/"},{"label":"Mais de 500 alunos se formam na Escola M\u00f3vel Sesi\/Senai","link":"https:\/\/anoticiaonline.com.br\/site\/mais-de-500-alunos-se-formam-na-escola-movel-sesisenai\/"}],"views":130,"_links":{"self":[{"href":"https:\/\/anoticiaonline.com.br\/site\/wp-json\/wp\/v2\/posts\/27340","targetHints":{"allow":["GET"]}}],"collection":[{"href":"https:\/\/anoticiaonline.com.br\/site\/wp-json\/wp\/v2\/posts"}],"about":[{"href":"https:\/\/anoticiaonline.com.br\/site\/wp-json\/wp\/v2\/types\/post"}],"author":[{"embeddable":true,"href":"https:\/\/anoticiaonline.com.br\/site\/wp-json\/wp\/v2\/users\/2"}],"replies":[{"embeddable":true,"href":"https:\/\/anoticiaonline.com.br\/site\/wp-json\/wp\/v2\/comments?post=27340"}],"version-history":[{"count":0,"href":"https:\/\/anoticiaonline.com.br\/site\/wp-json\/wp\/v2\/posts\/27340\/revisions"}],"wp:featuredmedia":[{"embeddable":true,"href":"https:\/\/anoticiaonline.com.br\/site\/wp-json\/wp\/v2\/media\/27341"}],"wp:attachment":[{"href":"https:\/\/anoticiaonline.com.br\/site\/wp-json\/wp\/v2\/media?parent=27340"}],"wp:term":[{"taxonomy":"category","embeddable":true,"href":"https:\/\/anoticiaonline.com.br\/site\/wp-json\/wp\/v2\/categories?post=27340"},{"taxonomy":"post_tag","embeddable":true,"href":"https:\/\/anoticiaonline.com.br\/site\/wp-json\/wp\/v2\/tags?post=27340"}],"curies":[{"name":"wp","href":"https:\/\/api.w.org\/{rel}","templated":true}]}}