{"id":27329,"date":"2017-04-04T15:08:12","date_gmt":"2017-04-04T18:08:12","guid":{"rendered":"http:\/\/anoticiaonline.com.br\/site\/?p=27329"},"modified":"2017-04-04T15:08:39","modified_gmt":"2017-04-04T18:08:39","slug":"jovem-e-encontrado-morto-com-marcas-de-tiros-na-estrada-do-aterro-sanitario","status":"publish","type":"post","link":"https:\/\/anoticiaonline.com.br\/site\/jovem-e-encontrado-morto-com-marcas-de-tiros-na-estrada-do-aterro-sanitario\/","title":{"rendered":"Jovem \u00e9 encontrado morto com marcas de tiros na estrada do Aterro Sanit\u00e1rio"},"content":{"rendered":"<p><a href=\"https:\/\/anoticiaonline.com.br\/site\/wp-content\/uploads\/2017\/04\/Montagem.jpg\"><img fetchpriority=\"high\" decoding=\"async\" class=\" size-medium wp-image-27331 alignleft\" src=\"https:\/\/anoticiaonline.com.br\/site\/wp-content\/uploads\/2017\/04\/Montagem-300x225.jpg\" alt=\"Montagem\" width=\"300\" height=\"225\" srcset=\"https:\/\/anoticiaonline.com.br\/site\/wp-content\/uploads\/2017\/04\/Montagem-300x225.jpg 300w, https:\/\/anoticiaonline.com.br\/site\/wp-content\/uploads\/2017\/04\/Montagem.jpg 620w\" sizes=\"(max-width: 300px) 100vw, 300px\" \/><\/a>Um rapaz foi encontrado morto na manh\u00e3 de ter\u00e7a-feira (4), na estrada de terra que d\u00e1 acesso ao Aterro Sanit\u00e1rio de Muria\u00e9. Isleyer de Barros Martins, de 25 anos, foi assassinado a tiros \u2013 uma das perfura\u00e7\u00f5es atingiu a cabe\u00e7a do jovem, que foi baleado tamb\u00e9m em uma das pernas e nas n\u00e1degas.<\/p>\n<p>Segundo informa\u00e7\u00f5es repassadas pela pol\u00edcia, Isleyer seria morador do Inconfid\u00eancia e suspeito de ser um dos autores do homic\u00eddio de Alex Sandro Vieira, de 30 anos, morto a tiros por dois homens no dia 26 de dezembro de 2015, em um bar no mesmo bairro.<\/p>\n<p>At\u00e9 o fechamento desta mat\u00e9ria n\u00e3o havia informa\u00e7\u00f5es sobre a autoria do assassinato, o qual est\u00e1 sendo investigado pela Pol\u00edcia Civil.<\/p>\n","protected":false},"excerpt":{"rendered":"<p>Um rapaz foi encontrado morto na manh\u00e3 de ter\u00e7a-feira (4), na estrada de terra que d\u00e1 acesso ao Aterro Sanit\u00e1rio de Muria\u00e9. Isleyer de Barros Martins, de 25 anos, foi assassinado a tiros \u2013 uma das perfura\u00e7\u00f5es atingiu a cabe\u00e7a do jovem, que foi baleado tamb\u00e9m em uma das pernas e nas n\u00e1degas. Segundo informa\u00e7\u00f5es &#8230; <a title=\"Jovem \u00e9 encontrado morto com marcas de tiros na estrada do Aterro Sanit\u00e1rio\" class=\"read-more\" href=\"https:\/\/anoticiaonline.com.br\/site\/jovem-e-encontrado-morto-com-marcas-de-tiros-na-estrada-do-aterro-sanitario\/\" aria-label=\"Read more about Jovem \u00e9 encontrado morto com marcas de tiros na estrada do Aterro Sanit\u00e1rio\">Ler mais<\/a><\/p>\n","protected":false},"author":2,"featured_media":27331,"comment_status":"open","ping_status":"open","sticky":false,"template":"","format":"standard","meta":{"_acf_changed":false,"_monsterinsights_skip_tracking":false,"footnotes":""},"categories":[30],"tags":[3],"class_list":["post-27329","post","type-post","status-publish","format-standard","has-post-thumbnail","hentry","category-muriae","tag-slide"],"acf":[],"aioseo_notices":[],"aioseo_head":"\n\t\t<!-- All in One SEO 5.0.0.1 - aioseo.com -->\n\t<meta name=\"description\" content=\"Um rapaz foi encontrado morto na manh\u00e3 de ter\u00e7a-feira (4), na estrada de terra que d\u00e1 acesso ao Aterro Sanit\u00e1rio de Muria\u00e9. Isleyer de Barros Martins, de 25 anos, foi assassinado a tiros \u2013 uma das perfura\u00e7\u00f5es atingiu a cabe\u00e7a do jovem, que foi baleado tamb\u00e9m em uma das pernas e nas n\u00e1degas. Segundo informa\u00e7\u00f5es\" \/>\n\t<meta name=\"robots\" content=\"max-image-preview:large\" \/>\n\t<meta name=\"author\" content=\"Juliana Laviola\"\/>\n\t<link rel=\"canonical\" href=\"https:\/\/anoticiaonline.com.br\/site\/jovem-e-encontrado-morto-com-marcas-de-tiros-na-estrada-do-aterro-sanitario\/\" \/>\n\t<meta name=\"generator\" content=\"All in One SEO (AIOSEO) 5.0.0.1\" \/>\n\t\t<meta property=\"og:locale\" content=\"pt_BR\" \/>\n\t\t<meta property=\"og:site_name\" content=\"A Not\u00edcia Online - Noticias de Muria\u00e9 e regi\u00e3o\" \/>\n\t\t<meta property=\"og:type\" content=\"article\" \/>\n\t\t<meta property=\"og:title\" content=\"Jovem \u00e9 encontrado morto com marcas de tiros na estrada do Aterro Sanit\u00e1rio - A Not\u00edcia Online\" \/>\n\t\t<meta property=\"og:description\" content=\"Um rapaz foi encontrado morto na manh\u00e3 de ter\u00e7a-feira (4), na estrada de terra que d\u00e1 acesso ao Aterro Sanit\u00e1rio de Muria\u00e9. Isleyer de Barros Martins, de 25 anos, foi assassinado a tiros \u2013 uma das perfura\u00e7\u00f5es atingiu a cabe\u00e7a do jovem, que foi baleado tamb\u00e9m em uma das pernas e nas n\u00e1degas. Segundo informa\u00e7\u00f5es\" \/>\n\t\t<meta property=\"og:url\" content=\"https:\/\/anoticiaonline.com.br\/site\/jovem-e-encontrado-morto-com-marcas-de-tiros-na-estrada-do-aterro-sanitario\/\" \/>\n\t\t<meta property=\"og:image\" content=\"https:\/\/scontent-gig4-1.xx.fbcdn.net\/v\/t39.30808-1\/270437624_4564083193639691_6907940295614233970_n.jpg?stp=dst-jpg_s200x200_tt6&#038;_nc_cat=111&#038;ccb=1-7&#038;_nc_sid=f907e8&#038;_nc_ohc=SM1wRlP3lJwQ7kNvwEPuBYA&#038;_nc_oc=AdnqrjDN_BNjSSHWO-GbkIWH6fkGMLw4bqvL_NH6e2wMveX7G-rP2dAqsDSq1mJMOaY&#038;_nc_zt=24&#038;_nc_ht=scontent-gig4-1.xx&#038;_nc_gid=AoBFJeGrT1hVaew_6rchkQ&#038;oh=00_AfX7QmFGhQhG2jAllVgXCiM1ZrWgvtp80-Bfppyexh1QEg&#038;oe=689E923C\" \/>\n\t\t<meta property=\"og:image:secure_url\" content=\"https:\/\/scontent-gig4-1.xx.fbcdn.net\/v\/t39.30808-1\/270437624_4564083193639691_6907940295614233970_n.jpg?stp=dst-jpg_s200x200_tt6&#038;_nc_cat=111&#038;ccb=1-7&#038;_nc_sid=f907e8&#038;_nc_ohc=SM1wRlP3lJwQ7kNvwEPuBYA&#038;_nc_oc=AdnqrjDN_BNjSSHWO-GbkIWH6fkGMLw4bqvL_NH6e2wMveX7G-rP2dAqsDSq1mJMOaY&#038;_nc_zt=24&#038;_nc_ht=scontent-gig4-1.xx&#038;_nc_gid=AoBFJeGrT1hVaew_6rchkQ&#038;oh=00_AfX7QmFGhQhG2jAllVgXCiM1ZrWgvtp80-Bfppyexh1QEg&#038;oe=689E923C\" \/>\n\t\t<meta property=\"article:published_time\" content=\"2017-04-04T18:08:12+00:00\" \/>\n\t\t<meta property=\"article:modified_time\" content=\"2017-04-04T18:08:39+00:00\" \/>\n\t\t<meta name=\"twitter:card\" content=\"summary_large_image\" \/>\n\t\t<meta name=\"twitter:title\" content=\"Jovem \u00e9 encontrado morto com marcas de tiros na estrada do Aterro Sanit\u00e1rio - A Not\u00edcia Online\" \/>\n\t\t<meta name=\"twitter:description\" content=\"Um rapaz foi encontrado morto na manh\u00e3 de ter\u00e7a-feira (4), na estrada de terra que d\u00e1 acesso ao Aterro Sanit\u00e1rio de Muria\u00e9. Isleyer de Barros Martins, de 25 anos, foi assassinado a tiros \u2013 uma das perfura\u00e7\u00f5es atingiu a cabe\u00e7a do jovem, que foi baleado tamb\u00e9m em uma das pernas e nas n\u00e1degas. Segundo informa\u00e7\u00f5es\" \/>\n\t\t<meta name=\"twitter:image\" content=\"https:\/\/scontent-gig4-1.xx.fbcdn.net\/v\/t39.30808-1\/270437624_4564083193639691_6907940295614233970_n.jpg?stp=dst-jpg_s200x200_tt6&amp;_nc_cat=111&amp;ccb=1-7&amp;_nc_sid=f907e8&amp;_nc_ohc=SM1wRlP3lJwQ7kNvwEPuBYA&amp;_nc_oc=AdnqrjDN_BNjSSHWO-GbkIWH6fkGMLw4bqvL_NH6e2wMveX7G-rP2dAqsDSq1mJMOaY&amp;_nc_zt=24&amp;_nc_ht=scontent-gig4-1.xx&amp;_nc_gid=AoBFJeGrT1hVaew_6rchkQ&amp;oh=00_AfX7QmFGhQhG2jAllVgXCiM1ZrWgvtp80-Bfppyexh1QEg&amp;oe=689E923C\" \/>\n\t\t<script type=\"application\/ld+json\" class=\"aioseo-schema\">\n\t\t\t{\"@context\":\"https:\\\/\\\/schema.org\",\"@graph\":[{\"@type\":\"BlogPosting\",\"@id\":\"https:\\\/\\\/anoticiaonline.com.br\\\/site\\\/jovem-e-encontrado-morto-com-marcas-de-tiros-na-estrada-do-aterro-sanitario\\\/#blogposting\",\"name\":\"Jovem \\u00e9 encontrado morto com marcas de tiros na estrada do Aterro Sanit\\u00e1rio - A Not\\u00edcia Online\",\"headline\":\"Jovem \\u00e9 encontrado morto com marcas de tiros na estrada do Aterro Sanit\\u00e1rio\",\"author\":{\"@id\":\"https:\\\/\\\/anoticiaonline.com.br\\\/site\\\/author\\\/juliana\\\/#author\"},\"publisher\":{\"@id\":\"https:\\\/\\\/anoticiaonline.com.br\\\/site\\\/#organization\"},\"image\":{\"@type\":\"ImageObject\",\"url\":\"https:\\\/\\\/anoticiaonline.com.br\\\/site\\\/wp-content\\\/uploads\\\/2017\\\/04\\\/Montagem.jpg\",\"width\":620,\"height\":465},\"datePublished\":\"2017-04-04T15:08:12-03:00\",\"dateModified\":\"2017-04-04T15:08:39-03:00\",\"inLanguage\":\"pt-BR\",\"mainEntityOfPage\":{\"@id\":\"https:\\\/\\\/anoticiaonline.com.br\\\/site\\\/jovem-e-encontrado-morto-com-marcas-de-tiros-na-estrada-do-aterro-sanitario\\\/#webpage\"},\"isPartOf\":{\"@id\":\"https:\\\/\\\/anoticiaonline.com.br\\\/site\\\/jovem-e-encontrado-morto-com-marcas-de-tiros-na-estrada-do-aterro-sanitario\\\/#webpage\"},\"articleSection\":\"Blog, slide\"},{\"@type\":\"BreadcrumbList\",\"@id\":\"https:\\\/\\\/anoticiaonline.com.br\\\/site\\\/jovem-e-encontrado-morto-com-marcas-de-tiros-na-estrada-do-aterro-sanitario\\\/#breadcrumblist\",\"itemListElement\":[{\"@type\":\"ListItem\",\"@id\":\"https:\\\/\\\/anoticiaonline.com.br\\\/site#listItem\",\"position\":1,\"name\":\"Home\",\"item\":\"https:\\\/\\\/anoticiaonline.com.br\\\/site\",\"nextItem\":{\"@type\":\"ListItem\",\"@id\":\"https:\\\/\\\/anoticiaonline.com.br\\\/site\\\/categoria\\\/muriae\\\/#listItem\",\"name\":\"Blog\"}},{\"@type\":\"ListItem\",\"@id\":\"https:\\\/\\\/anoticiaonline.com.br\\\/site\\\/categoria\\\/muriae\\\/#listItem\",\"position\":2,\"name\":\"Blog\",\"item\":\"https:\\\/\\\/anoticiaonline.com.br\\\/site\\\/categoria\\\/muriae\\\/\",\"nextItem\":{\"@type\":\"ListItem\",\"@id\":\"https:\\\/\\\/anoticiaonline.com.br\\\/site\\\/jovem-e-encontrado-morto-com-marcas-de-tiros-na-estrada-do-aterro-sanitario\\\/#listItem\",\"name\":\"Jovem \\u00e9 encontrado morto com marcas de tiros na estrada do Aterro Sanit\\u00e1rio\"},\"previousItem\":{\"@type\":\"ListItem\",\"@id\":\"https:\\\/\\\/anoticiaonline.com.br\\\/site#listItem\",\"name\":\"Home\"}},{\"@type\":\"ListItem\",\"@id\":\"https:\\\/\\\/anoticiaonline.com.br\\\/site\\\/jovem-e-encontrado-morto-com-marcas-de-tiros-na-estrada-do-aterro-sanitario\\\/#listItem\",\"position\":3,\"name\":\"Jovem \\u00e9 encontrado morto com marcas de tiros na estrada do Aterro Sanit\\u00e1rio\",\"previousItem\":{\"@type\":\"ListItem\",\"@id\":\"https:\\\/\\\/anoticiaonline.com.br\\\/site\\\/categoria\\\/muriae\\\/#listItem\",\"name\":\"Blog\"}}]},{\"@type\":\"Organization\",\"@id\":\"https:\\\/\\\/anoticiaonline.com.br\\\/site\\\/#organization\",\"name\":\"A Not\\u00edcia Online\",\"description\":\"Noticias de Muria\\u00e9 e regi\\u00e3o\",\"url\":\"https:\\\/\\\/anoticiaonline.com.br\\\/site\\\/\",\"logo\":{\"@type\":\"ImageObject\",\"url\":\"https:\\\/\\\/scontent-gig4-1.xx.fbcdn.net\\\/v\\\/t39.30808-1\\\/270437624_4564083193639691_6907940295614233970_n.jpg?stp=dst-jpg_s200x200_tt6&_nc_cat=111&ccb=1-7&_nc_sid=f907e8&_nc_ohc=SM1wRlP3lJwQ7kNvwEPuBYA&_nc_oc=AdnqrjDN_BNjSSHWO-GbkIWH6fkGMLw4bqvL_NH6e2wMveX7G-rP2dAqsDSq1mJMOaY&_nc_zt=24&_nc_ht=scontent-gig4-1.xx&_nc_gid=AoBFJeGrT1hVaew_6rchkQ&oh=00_AfX7QmFGhQhG2jAllVgXCiM1ZrWgvtp80-Bfppyexh1QEg&oe=689E923C\",\"@id\":\"https:\\\/\\\/anoticiaonline.com.br\\\/site\\\/jovem-e-encontrado-morto-com-marcas-de-tiros-na-estrada-do-aterro-sanitario\\\/#organizationLogo\"},\"image\":{\"@id\":\"https:\\\/\\\/anoticiaonline.com.br\\\/site\\\/jovem-e-encontrado-morto-com-marcas-de-tiros-na-estrada-do-aterro-sanitario\\\/#organizationLogo\"}},{\"@type\":\"Person\",\"@id\":\"https:\\\/\\\/anoticiaonline.com.br\\\/site\\\/author\\\/juliana\\\/#author\",\"url\":\"https:\\\/\\\/anoticiaonline.com.br\\\/site\\\/author\\\/juliana\\\/\",\"name\":\"Juliana Laviola\",\"image\":{\"@type\":\"ImageObject\",\"@id\":\"https:\\\/\\\/anoticiaonline.com.br\\\/site\\\/jovem-e-encontrado-morto-com-marcas-de-tiros-na-estrada-do-aterro-sanitario\\\/#authorImage\",\"url\":\"https:\\\/\\\/secure.gravatar.com\\\/avatar\\\/b8d45f5c699b100dfaf0e543582f38f38bf94cb7ae3a5e9abf8d891a34773335?s=96&d=mm&r=g\",\"width\":96,\"height\":96,\"caption\":\"Juliana Laviola\"}},{\"@type\":\"WebPage\",\"@id\":\"https:\\\/\\\/anoticiaonline.com.br\\\/site\\\/jovem-e-encontrado-morto-com-marcas-de-tiros-na-estrada-do-aterro-sanitario\\\/#webpage\",\"url\":\"https:\\\/\\\/anoticiaonline.com.br\\\/site\\\/jovem-e-encontrado-morto-com-marcas-de-tiros-na-estrada-do-aterro-sanitario\\\/\",\"name\":\"Jovem \\u00e9 encontrado morto com marcas de tiros na estrada do Aterro Sanit\\u00e1rio - A Not\\u00edcia Online\",\"description\":\"Um rapaz foi encontrado morto na manh\\u00e3 de ter\\u00e7a-feira (4), na estrada de terra que d\\u00e1 acesso ao Aterro Sanit\\u00e1rio de Muria\\u00e9. Isleyer de Barros Martins, de 25 anos, foi assassinado a tiros \\u2013 uma das perfura\\u00e7\\u00f5es atingiu a cabe\\u00e7a do jovem, que foi baleado tamb\\u00e9m em uma das pernas e nas n\\u00e1degas. Segundo informa\\u00e7\\u00f5es\",\"inLanguage\":\"pt-BR\",\"isPartOf\":{\"@id\":\"https:\\\/\\\/anoticiaonline.com.br\\\/site\\\/#website\"},\"breadcrumb\":{\"@id\":\"https:\\\/\\\/anoticiaonline.com.br\\\/site\\\/jovem-e-encontrado-morto-com-marcas-de-tiros-na-estrada-do-aterro-sanitario\\\/#breadcrumblist\"},\"author\":{\"@id\":\"https:\\\/\\\/anoticiaonline.com.br\\\/site\\\/author\\\/juliana\\\/#author\"},\"creator\":{\"@id\":\"https:\\\/\\\/anoticiaonline.com.br\\\/site\\\/author\\\/juliana\\\/#author\"},\"image\":{\"@type\":\"ImageObject\",\"url\":\"https:\\\/\\\/anoticiaonline.com.br\\\/site\\\/wp-content\\\/uploads\\\/2017\\\/04\\\/Montagem.jpg\",\"@id\":\"https:\\\/\\\/anoticiaonline.com.br\\\/site\\\/jovem-e-encontrado-morto-com-marcas-de-tiros-na-estrada-do-aterro-sanitario\\\/#mainImage\",\"width\":620,\"height\":465},\"primaryImageOfPage\":{\"@id\":\"https:\\\/\\\/anoticiaonline.com.br\\\/site\\\/jovem-e-encontrado-morto-com-marcas-de-tiros-na-estrada-do-aterro-sanitario\\\/#mainImage\"},\"datePublished\":\"2017-04-04T15:08:12-03:00\",\"dateModified\":\"2017-04-04T15:08:39-03:00\"},{\"@type\":\"WebSite\",\"@id\":\"https:\\\/\\\/anoticiaonline.com.br\\\/site\\\/#website\",\"url\":\"https:\\\/\\\/anoticiaonline.com.br\\\/site\\\/\",\"name\":\"A Not\\u00edcia Online\",\"description\":\"Noticias de Muria\\u00e9 e regi\\u00e3o\",\"inLanguage\":\"pt-BR\",\"publisher\":{\"@id\":\"https:\\\/\\\/anoticiaonline.com.br\\\/site\\\/#organization\"}}]}\n\t\t<\/script>\n\t\t<!-- All in One SEO -->\n\n","aioseo_head_json":{"title":"Jovem \u00e9 encontrado morto com marcas de tiros na estrada do Aterro Sanit\u00e1rio - A Not\u00edcia Online","description":"Um rapaz foi encontrado morto na manh\u00e3 de ter\u00e7a-feira (4), na estrada de terra que d\u00e1 acesso ao Aterro Sanit\u00e1rio de Muria\u00e9. Isleyer de Barros Martins, de 25 anos, foi assassinado a tiros \u2013 uma das perfura\u00e7\u00f5es atingiu a cabe\u00e7a do jovem, que foi baleado tamb\u00e9m em uma das pernas e nas n\u00e1degas. Segundo informa\u00e7\u00f5es","canonical_url":"https:\/\/anoticiaonline.com.br\/site\/jovem-e-encontrado-morto-com-marcas-de-tiros-na-estrada-do-aterro-sanitario\/","robots":"max-image-preview:large","keywords":"","webmasterTools":{"miscellaneous":""},"schema":{"@context":"https:\/\/schema.org","@graph":[{"@type":"BlogPosting","@id":"https:\/\/anoticiaonline.com.br\/site\/jovem-e-encontrado-morto-com-marcas-de-tiros-na-estrada-do-aterro-sanitario\/#blogposting","name":"Jovem \u00e9 encontrado morto com marcas de tiros na estrada do Aterro Sanit\u00e1rio - A Not\u00edcia Online","headline":"Jovem \u00e9 encontrado morto com marcas de tiros na estrada do Aterro Sanit\u00e1rio","author":{"@id":"https:\/\/anoticiaonline.com.br\/site\/author\/juliana\/#author"},"publisher":{"@id":"https:\/\/anoticiaonline.com.br\/site\/#organization"},"image":{"@type":"ImageObject","url":"https:\/\/anoticiaonline.com.br\/site\/wp-content\/uploads\/2017\/04\/Montagem.jpg","width":620,"height":465},"datePublished":"2017-04-04T15:08:12-03:00","dateModified":"2017-04-04T15:08:39-03:00","inLanguage":"pt-BR","mainEntityOfPage":{"@id":"https:\/\/anoticiaonline.com.br\/site\/jovem-e-encontrado-morto-com-marcas-de-tiros-na-estrada-do-aterro-sanitario\/#webpage"},"isPartOf":{"@id":"https:\/\/anoticiaonline.com.br\/site\/jovem-e-encontrado-morto-com-marcas-de-tiros-na-estrada-do-aterro-sanitario\/#webpage"},"articleSection":"Blog, slide"},{"@type":"BreadcrumbList","@id":"https:\/\/anoticiaonline.com.br\/site\/jovem-e-encontrado-morto-com-marcas-de-tiros-na-estrada-do-aterro-sanitario\/#breadcrumblist","itemListElement":[{"@type":"ListItem","@id":"https:\/\/anoticiaonline.com.br\/site#listItem","position":1,"name":"Home","item":"https:\/\/anoticiaonline.com.br\/site","nextItem":{"@type":"ListItem","@id":"https:\/\/anoticiaonline.com.br\/site\/categoria\/muriae\/#listItem","name":"Blog"}},{"@type":"ListItem","@id":"https:\/\/anoticiaonline.com.br\/site\/categoria\/muriae\/#listItem","position":2,"name":"Blog","item":"https:\/\/anoticiaonline.com.br\/site\/categoria\/muriae\/","nextItem":{"@type":"ListItem","@id":"https:\/\/anoticiaonline.com.br\/site\/jovem-e-encontrado-morto-com-marcas-de-tiros-na-estrada-do-aterro-sanitario\/#listItem","name":"Jovem \u00e9 encontrado morto com marcas de tiros na estrada do Aterro Sanit\u00e1rio"},"previousItem":{"@type":"ListItem","@id":"https:\/\/anoticiaonline.com.br\/site#listItem","name":"Home"}},{"@type":"ListItem","@id":"https:\/\/anoticiaonline.com.br\/site\/jovem-e-encontrado-morto-com-marcas-de-tiros-na-estrada-do-aterro-sanitario\/#listItem","position":3,"name":"Jovem \u00e9 encontrado morto com marcas de tiros na estrada do Aterro Sanit\u00e1rio","previousItem":{"@type":"ListItem","@id":"https:\/\/anoticiaonline.com.br\/site\/categoria\/muriae\/#listItem","name":"Blog"}}]},{"@type":"Organization","@id":"https:\/\/anoticiaonline.com.br\/site\/#organization","name":"A Not\u00edcia Online","description":"Noticias de Muria\u00e9 e regi\u00e3o","url":"https:\/\/anoticiaonline.com.br\/site\/","logo":{"@type":"ImageObject","url":"https:\/\/scontent-gig4-1.xx.fbcdn.net\/v\/t39.30808-1\/270437624_4564083193639691_6907940295614233970_n.jpg?stp=dst-jpg_s200x200_tt6&_nc_cat=111&ccb=1-7&_nc_sid=f907e8&_nc_ohc=SM1wRlP3lJwQ7kNvwEPuBYA&_nc_oc=AdnqrjDN_BNjSSHWO-GbkIWH6fkGMLw4bqvL_NH6e2wMveX7G-rP2dAqsDSq1mJMOaY&_nc_zt=24&_nc_ht=scontent-gig4-1.xx&_nc_gid=AoBFJeGrT1hVaew_6rchkQ&oh=00_AfX7QmFGhQhG2jAllVgXCiM1ZrWgvtp80-Bfppyexh1QEg&oe=689E923C","@id":"https:\/\/anoticiaonline.com.br\/site\/jovem-e-encontrado-morto-com-marcas-de-tiros-na-estrada-do-aterro-sanitario\/#organizationLogo"},"image":{"@id":"https:\/\/anoticiaonline.com.br\/site\/jovem-e-encontrado-morto-com-marcas-de-tiros-na-estrada-do-aterro-sanitario\/#organizationLogo"}},{"@type":"Person","@id":"https:\/\/anoticiaonline.com.br\/site\/author\/juliana\/#author","url":"https:\/\/anoticiaonline.com.br\/site\/author\/juliana\/","name":"Juliana Laviola","image":{"@type":"ImageObject","@id":"https:\/\/anoticiaonline.com.br\/site\/jovem-e-encontrado-morto-com-marcas-de-tiros-na-estrada-do-aterro-sanitario\/#authorImage","url":"https:\/\/secure.gravatar.com\/avatar\/b8d45f5c699b100dfaf0e543582f38f38bf94cb7ae3a5e9abf8d891a34773335?s=96&d=mm&r=g","width":96,"height":96,"caption":"Juliana Laviola"}},{"@type":"WebPage","@id":"https:\/\/anoticiaonline.com.br\/site\/jovem-e-encontrado-morto-com-marcas-de-tiros-na-estrada-do-aterro-sanitario\/#webpage","url":"https:\/\/anoticiaonline.com.br\/site\/jovem-e-encontrado-morto-com-marcas-de-tiros-na-estrada-do-aterro-sanitario\/","name":"Jovem \u00e9 encontrado morto com marcas de tiros na estrada do Aterro Sanit\u00e1rio - A Not\u00edcia Online","description":"Um rapaz foi encontrado morto na manh\u00e3 de ter\u00e7a-feira (4), na estrada de terra que d\u00e1 acesso ao Aterro Sanit\u00e1rio de Muria\u00e9. Isleyer de Barros Martins, de 25 anos, foi assassinado a tiros \u2013 uma das perfura\u00e7\u00f5es atingiu a cabe\u00e7a do jovem, que foi baleado tamb\u00e9m em uma das pernas e nas n\u00e1degas. Segundo informa\u00e7\u00f5es","inLanguage":"pt-BR","isPartOf":{"@id":"https:\/\/anoticiaonline.com.br\/site\/#website"},"breadcrumb":{"@id":"https:\/\/anoticiaonline.com.br\/site\/jovem-e-encontrado-morto-com-marcas-de-tiros-na-estrada-do-aterro-sanitario\/#breadcrumblist"},"author":{"@id":"https:\/\/anoticiaonline.com.br\/site\/author\/juliana\/#author"},"creator":{"@id":"https:\/\/anoticiaonline.com.br\/site\/author\/juliana\/#author"},"image":{"@type":"ImageObject","url":"https:\/\/anoticiaonline.com.br\/site\/wp-content\/uploads\/2017\/04\/Montagem.jpg","@id":"https:\/\/anoticiaonline.com.br\/site\/jovem-e-encontrado-morto-com-marcas-de-tiros-na-estrada-do-aterro-sanitario\/#mainImage","width":620,"height":465},"primaryImageOfPage":{"@id":"https:\/\/anoticiaonline.com.br\/site\/jovem-e-encontrado-morto-com-marcas-de-tiros-na-estrada-do-aterro-sanitario\/#mainImage"},"datePublished":"2017-04-04T15:08:12-03:00","dateModified":"2017-04-04T15:08:39-03:00"},{"@type":"WebSite","@id":"https:\/\/anoticiaonline.com.br\/site\/#website","url":"https:\/\/anoticiaonline.com.br\/site\/","name":"A Not\u00edcia Online","description":"Noticias de Muria\u00e9 e regi\u00e3o","inLanguage":"pt-BR","publisher":{"@id":"https:\/\/anoticiaonline.com.br\/site\/#organization"}}]},"og:locale":"pt_BR","og:site_name":"A Not\u00edcia Online - Noticias de Muria\u00e9 e regi\u00e3o","og:type":"article","og:title":"Jovem \u00e9 encontrado morto com marcas de tiros na estrada do Aterro Sanit\u00e1rio - A Not\u00edcia Online","og:description":"Um rapaz foi encontrado morto na manh\u00e3 de ter\u00e7a-feira (4), na estrada de terra que d\u00e1 acesso ao Aterro Sanit\u00e1rio de Muria\u00e9. Isleyer de Barros Martins, de 25 anos, foi assassinado a tiros \u2013 uma das perfura\u00e7\u00f5es atingiu a cabe\u00e7a do jovem, que foi baleado tamb\u00e9m em uma das pernas e nas n\u00e1degas. Segundo informa\u00e7\u00f5es","og:url":"https:\/\/anoticiaonline.com.br\/site\/jovem-e-encontrado-morto-com-marcas-de-tiros-na-estrada-do-aterro-sanitario\/","og:image":"https:\/\/scontent-gig4-1.xx.fbcdn.net\/v\/t39.30808-1\/270437624_4564083193639691_6907940295614233970_n.jpg?stp=dst-jpg_s200x200_tt6&#038;_nc_cat=111&#038;ccb=1-7&#038;_nc_sid=f907e8&#038;_nc_ohc=SM1wRlP3lJwQ7kNvwEPuBYA&#038;_nc_oc=AdnqrjDN_BNjSSHWO-GbkIWH6fkGMLw4bqvL_NH6e2wMveX7G-rP2dAqsDSq1mJMOaY&#038;_nc_zt=24&#038;_nc_ht=scontent-gig4-1.xx&#038;_nc_gid=AoBFJeGrT1hVaew_6rchkQ&#038;oh=00_AfX7QmFGhQhG2jAllVgXCiM1ZrWgvtp80-Bfppyexh1QEg&#038;oe=689E923C","og:image:secure_url":"https:\/\/scontent-gig4-1.xx.fbcdn.net\/v\/t39.30808-1\/270437624_4564083193639691_6907940295614233970_n.jpg?stp=dst-jpg_s200x200_tt6&#038;_nc_cat=111&#038;ccb=1-7&#038;_nc_sid=f907e8&#038;_nc_ohc=SM1wRlP3lJwQ7kNvwEPuBYA&#038;_nc_oc=AdnqrjDN_BNjSSHWO-GbkIWH6fkGMLw4bqvL_NH6e2wMveX7G-rP2dAqsDSq1mJMOaY&#038;_nc_zt=24&#038;_nc_ht=scontent-gig4-1.xx&#038;_nc_gid=AoBFJeGrT1hVaew_6rchkQ&#038;oh=00_AfX7QmFGhQhG2jAllVgXCiM1ZrWgvtp80-Bfppyexh1QEg&#038;oe=689E923C","article:published_time":"2017-04-04T18:08:12+00:00","article:modified_time":"2017-04-04T18:08:39+00:00","twitter:card":"summary_large_image","twitter:title":"Jovem \u00e9 encontrado morto com marcas de tiros na estrada do Aterro Sanit\u00e1rio - A Not\u00edcia Online","twitter:description":"Um rapaz foi encontrado morto na manh\u00e3 de ter\u00e7a-feira (4), na estrada de terra que d\u00e1 acesso ao Aterro Sanit\u00e1rio de Muria\u00e9. Isleyer de Barros Martins, de 25 anos, foi assassinado a tiros \u2013 uma das perfura\u00e7\u00f5es atingiu a cabe\u00e7a do jovem, que foi baleado tamb\u00e9m em uma das pernas e nas n\u00e1degas. Segundo informa\u00e7\u00f5es","twitter:image":"https:\/\/scontent-gig4-1.xx.fbcdn.net\/v\/t39.30808-1\/270437624_4564083193639691_6907940295614233970_n.jpg?stp=dst-jpg_s200x200_tt6&_nc_cat=111&ccb=1-7&_nc_sid=f907e8&_nc_ohc=SM1wRlP3lJwQ7kNvwEPuBYA&_nc_oc=AdnqrjDN_BNjSSHWO-GbkIWH6fkGMLw4bqvL_NH6e2wMveX7G-rP2dAqsDSq1mJMOaY&_nc_zt=24&_nc_ht=scontent-gig4-1.xx&_nc_gid=AoBFJeGrT1hVaew_6rchkQ&oh=00_AfX7QmFGhQhG2jAllVgXCiM1ZrWgvtp80-Bfppyexh1QEg&oe=689E923C"},"aioseo_meta_data":{"post_id":"27329","title":null,"description":null,"keywords":null,"keyphrases":null,"primary_term":null,"canonical_url":null,"og_title":null,"og_description":null,"og_object_type":"default","og_image_type":"default","og_image_url":null,"og_image_width":null,"og_image_height":null,"og_image_custom_url":null,"og_image_custom_fields":null,"og_video":null,"og_custom_url":null,"og_article_section":null,"og_article_tags":null,"twitter_use_og":false,"twitter_card":"default","twitter_image_type":"default","twitter_image_url":null,"twitter_image_custom_url":null,"twitter_image_custom_fields":null,"twitter_title":null,"twitter_description":null,"schema":{"blockGraphs":[],"customGraphs":[],"default":{"data":{"Article":[],"Course":[],"Dataset":[],"FAQPage":[],"Movie":[],"Person":[],"Product":[],"ProductReview":[],"Car":[],"Recipe":[],"Service":[],"SoftwareApplication":[],"WebPage":[]},"graphName":"","isEnabled":true},"graphs":[]},"schema_type":"default","schema_type_options":null,"pillar_content":false,"robots_default":true,"robots_noindex":false,"robots_noarchive":false,"robots_nosnippet":false,"robots_nofollow":false,"robots_noimageindex":false,"robots_noodp":false,"robots_notranslate":false,"robots_max_snippet":null,"robots_max_videopreview":null,"robots_max_imagepreview":"large","priority":null,"frequency":null,"local_seo":null,"breadcrumb_settings":null,"limit_modified_date":false,"ai":null,"created":"2025-08-16 18:08:23","updated":"2025-08-16 18:08:23","focus_keyword":null,"additional_keywords":null,"truseo_locale":null,"seo_analyzer_scan_date":null},"aioseo_breadcrumb":"<div class=\"aioseo-breadcrumbs\"><span class=\"aioseo-breadcrumb\">\n\t\t\t<a href=\"https:\/\/anoticiaonline.com.br\/site\" title=\"Home\">Home<\/a>\n\t\t<\/span><span class=\"aioseo-breadcrumb-separator\">&raquo;<\/span><span class=\"aioseo-breadcrumb\">\n\t\t\t<a href=\"https:\/\/anoticiaonline.com.br\/site\/categoria\/muriae\/\" title=\"Blog\">Blog<\/a>\n\t\t<\/span><span class=\"aioseo-breadcrumb-separator\">&raquo;<\/span><span class=\"aioseo-breadcrumb\">\n\t\t\tJovem \u00e9 encontrado morto com marcas de tiros na estrada do Aterro Sanit\u00e1rio\n\t\t<\/span><\/div>","aioseo_breadcrumb_json":[{"label":"Home","link":"https:\/\/anoticiaonline.com.br\/site"},{"label":"Blog","link":"https:\/\/anoticiaonline.com.br\/site\/categoria\/muriae\/"},{"label":"Jovem \u00e9 encontrado morto com marcas de tiros na estrada do Aterro Sanit\u00e1rio","link":"https:\/\/anoticiaonline.com.br\/site\/jovem-e-encontrado-morto-com-marcas-de-tiros-na-estrada-do-aterro-sanitario\/"}],"views":178,"_links":{"self":[{"href":"https:\/\/anoticiaonline.com.br\/site\/wp-json\/wp\/v2\/posts\/27329","targetHints":{"allow":["GET"]}}],"collection":[{"href":"https:\/\/anoticiaonline.com.br\/site\/wp-json\/wp\/v2\/posts"}],"about":[{"href":"https:\/\/anoticiaonline.com.br\/site\/wp-json\/wp\/v2\/types\/post"}],"author":[{"embeddable":true,"href":"https:\/\/anoticiaonline.com.br\/site\/wp-json\/wp\/v2\/users\/2"}],"replies":[{"embeddable":true,"href":"https:\/\/anoticiaonline.com.br\/site\/wp-json\/wp\/v2\/comments?post=27329"}],"version-history":[{"count":0,"href":"https:\/\/anoticiaonline.com.br\/site\/wp-json\/wp\/v2\/posts\/27329\/revisions"}],"wp:featuredmedia":[{"embeddable":true,"href":"https:\/\/anoticiaonline.com.br\/site\/wp-json\/wp\/v2\/media\/27331"}],"wp:attachment":[{"href":"https:\/\/anoticiaonline.com.br\/site\/wp-json\/wp\/v2\/media?parent=27329"}],"wp:term":[{"taxonomy":"category","embeddable":true,"href":"https:\/\/anoticiaonline.com.br\/site\/wp-json\/wp\/v2\/categories?post=27329"},{"taxonomy":"post_tag","embeddable":true,"href":"https:\/\/anoticiaonline.com.br\/site\/wp-json\/wp\/v2\/tags?post=27329"}],"curies":[{"name":"wp","href":"https:\/\/api.w.org\/{rel}","templated":true}]}}