{"id":27325,"date":"2017-04-04T11:54:36","date_gmt":"2017-04-04T14:54:36","guid":{"rendered":"http:\/\/anoticiaonline.com.br\/site\/?p=27325"},"modified":"2017-04-04T11:54:36","modified_gmt":"2017-04-04T14:54:36","slug":"policia-civil-prende-jovem-por-roubo-em-estabelecimento-comercial-na-barra","status":"publish","type":"post","link":"https:\/\/anoticiaonline.com.br\/site\/policia-civil-prende-jovem-por-roubo-em-estabelecimento-comercial-na-barra\/","title":{"rendered":"Pol\u00edcia Civil prende jovem por roubo em estabelecimento comercial na Barra"},"content":{"rendered":"<p><a href=\"https:\/\/anoticiaonline.com.br\/site\/wp-content\/uploads\/2017\/04\/IMG-20170404-WA0040.jpg\"><img fetchpriority=\"high\" decoding=\"async\" class=\" size-medium wp-image-27326 alignleft\" src=\"https:\/\/anoticiaonline.com.br\/site\/wp-content\/uploads\/2017\/04\/IMG-20170404-WA0040-300x169.jpg\" alt=\"IMG-20170404-WA0040\" width=\"300\" height=\"169\" srcset=\"https:\/\/anoticiaonline.com.br\/site\/wp-content\/uploads\/2017\/04\/IMG-20170404-WA0040-300x169.jpg 300w, https:\/\/anoticiaonline.com.br\/site\/wp-content\/uploads\/2017\/04\/IMG-20170404-WA0040.jpg 640w\" sizes=\"(max-width: 300px) 100vw, 300px\" \/><\/a>Policiais civis da 31\u00aa Delegacia prenderam, na manh\u00e3 de ter\u00e7a-feira (4), um jovem de 21 anos, apontado como o autor de um roubo a um estabelecimento comercial na Barra, em janeiro deste ano.<\/p>\n<p>De acordo com a PC, no dia 16 de janeiro, o indiciado teria entrado no estabelecimento comercial, localizado na Avenida Monteiro de Castro, e de posse de uma arma de fogo, obrigado a v\u00edtima a entregar um cord\u00e3o de ouro de 15 gramas.<\/p>\n<p>Ap\u00f3s as investiga\u00e7\u00f5es, a justi\u00e7a criminal decretou a pris\u00e3o do autor, que foi localizado pelos policiais civis e preso no bairro Joan\u00f3polis.<\/p>\n","protected":false},"excerpt":{"rendered":"<p>Policiais civis da 31\u00aa Delegacia prenderam, na manh\u00e3 de ter\u00e7a-feira (4), um jovem de 21 anos, apontado como o autor de um roubo a um estabelecimento comercial na Barra, em janeiro deste ano. De acordo com a PC, no dia 16 de janeiro, o indiciado teria entrado no estabelecimento comercial, localizado na Avenida Monteiro de &#8230; <a title=\"Pol\u00edcia Civil prende jovem por roubo em estabelecimento comercial na Barra\" class=\"read-more\" href=\"https:\/\/anoticiaonline.com.br\/site\/policia-civil-prende-jovem-por-roubo-em-estabelecimento-comercial-na-barra\/\" aria-label=\"Read more about Pol\u00edcia Civil prende jovem por roubo em estabelecimento comercial na Barra\">Ler mais<\/a><\/p>\n","protected":false},"author":2,"featured_media":27326,"comment_status":"open","ping_status":"open","sticky":false,"template":"","format":"standard","meta":{"_acf_changed":false,"_monsterinsights_skip_tracking":false,"footnotes":""},"categories":[30],"tags":[3],"class_list":["post-27325","post","type-post","status-publish","format-standard","has-post-thumbnail","hentry","category-muriae","tag-slide"],"acf":[],"aioseo_notices":[],"aioseo_head":"\n\t\t<!-- All in One SEO 5.0.0.1 - aioseo.com -->\n\t<meta name=\"description\" content=\"Policiais civis da 31\u00aa Delegacia prenderam, na manh\u00e3 de ter\u00e7a-feira (4), um jovem de 21 anos, apontado como o autor de um roubo a um estabelecimento comercial na Barra, em janeiro deste ano. De acordo com a PC, no dia 16 de janeiro, o indiciado teria entrado no estabelecimento comercial, localizado na Avenida Monteiro de\" \/>\n\t<meta name=\"robots\" content=\"max-image-preview:large\" \/>\n\t<meta name=\"author\" content=\"Juliana Laviola\"\/>\n\t<link rel=\"canonical\" href=\"https:\/\/anoticiaonline.com.br\/site\/policia-civil-prende-jovem-por-roubo-em-estabelecimento-comercial-na-barra\/\" \/>\n\t<meta name=\"generator\" content=\"All in One SEO (AIOSEO) 5.0.0.1\" \/>\n\t\t<meta property=\"og:locale\" content=\"pt_BR\" \/>\n\t\t<meta property=\"og:site_name\" content=\"A Not\u00edcia Online - Noticias de Muria\u00e9 e regi\u00e3o\" \/>\n\t\t<meta property=\"og:type\" content=\"article\" \/>\n\t\t<meta property=\"og:title\" content=\"Pol\u00edcia Civil prende jovem por roubo em estabelecimento comercial na Barra - A Not\u00edcia Online\" \/>\n\t\t<meta property=\"og:description\" content=\"Policiais civis da 31\u00aa Delegacia prenderam, na manh\u00e3 de ter\u00e7a-feira (4), um jovem de 21 anos, apontado como o autor de um roubo a um estabelecimento comercial na Barra, em janeiro deste ano. De acordo com a PC, no dia 16 de janeiro, o indiciado teria entrado no estabelecimento comercial, localizado na Avenida Monteiro de\" \/>\n\t\t<meta property=\"og:url\" content=\"https:\/\/anoticiaonline.com.br\/site\/policia-civil-prende-jovem-por-roubo-em-estabelecimento-comercial-na-barra\/\" \/>\n\t\t<meta property=\"og:image\" content=\"https:\/\/scontent-gig4-1.xx.fbcdn.net\/v\/t39.30808-1\/270437624_4564083193639691_6907940295614233970_n.jpg?stp=dst-jpg_s200x200_tt6&#038;_nc_cat=111&#038;ccb=1-7&#038;_nc_sid=f907e8&#038;_nc_ohc=SM1wRlP3lJwQ7kNvwEPuBYA&#038;_nc_oc=AdnqrjDN_BNjSSHWO-GbkIWH6fkGMLw4bqvL_NH6e2wMveX7G-rP2dAqsDSq1mJMOaY&#038;_nc_zt=24&#038;_nc_ht=scontent-gig4-1.xx&#038;_nc_gid=AoBFJeGrT1hVaew_6rchkQ&#038;oh=00_AfX7QmFGhQhG2jAllVgXCiM1ZrWgvtp80-Bfppyexh1QEg&#038;oe=689E923C\" \/>\n\t\t<meta property=\"og:image:secure_url\" content=\"https:\/\/scontent-gig4-1.xx.fbcdn.net\/v\/t39.30808-1\/270437624_4564083193639691_6907940295614233970_n.jpg?stp=dst-jpg_s200x200_tt6&#038;_nc_cat=111&#038;ccb=1-7&#038;_nc_sid=f907e8&#038;_nc_ohc=SM1wRlP3lJwQ7kNvwEPuBYA&#038;_nc_oc=AdnqrjDN_BNjSSHWO-GbkIWH6fkGMLw4bqvL_NH6e2wMveX7G-rP2dAqsDSq1mJMOaY&#038;_nc_zt=24&#038;_nc_ht=scontent-gig4-1.xx&#038;_nc_gid=AoBFJeGrT1hVaew_6rchkQ&#038;oh=00_AfX7QmFGhQhG2jAllVgXCiM1ZrWgvtp80-Bfppyexh1QEg&#038;oe=689E923C\" \/>\n\t\t<meta property=\"article:published_time\" content=\"2017-04-04T14:54:36+00:00\" \/>\n\t\t<meta property=\"article:modified_time\" content=\"2017-04-04T14:54:36+00:00\" \/>\n\t\t<meta name=\"twitter:card\" content=\"summary_large_image\" \/>\n\t\t<meta name=\"twitter:title\" content=\"Pol\u00edcia Civil prende jovem por roubo em estabelecimento comercial na Barra - A Not\u00edcia Online\" \/>\n\t\t<meta name=\"twitter:description\" content=\"Policiais civis da 31\u00aa Delegacia prenderam, na manh\u00e3 de ter\u00e7a-feira (4), um jovem de 21 anos, apontado como o autor de um roubo a um estabelecimento comercial na Barra, em janeiro deste ano. De acordo com a PC, no dia 16 de janeiro, o indiciado teria entrado no estabelecimento comercial, localizado na Avenida Monteiro de\" \/>\n\t\t<meta name=\"twitter:image\" content=\"https:\/\/scontent-gig4-1.xx.fbcdn.net\/v\/t39.30808-1\/270437624_4564083193639691_6907940295614233970_n.jpg?stp=dst-jpg_s200x200_tt6&amp;_nc_cat=111&amp;ccb=1-7&amp;_nc_sid=f907e8&amp;_nc_ohc=SM1wRlP3lJwQ7kNvwEPuBYA&amp;_nc_oc=AdnqrjDN_BNjSSHWO-GbkIWH6fkGMLw4bqvL_NH6e2wMveX7G-rP2dAqsDSq1mJMOaY&amp;_nc_zt=24&amp;_nc_ht=scontent-gig4-1.xx&amp;_nc_gid=AoBFJeGrT1hVaew_6rchkQ&amp;oh=00_AfX7QmFGhQhG2jAllVgXCiM1ZrWgvtp80-Bfppyexh1QEg&amp;oe=689E923C\" \/>\n\t\t<script type=\"application\/ld+json\" class=\"aioseo-schema\">\n\t\t\t{\"@context\":\"https:\\\/\\\/schema.org\",\"@graph\":[{\"@type\":\"BlogPosting\",\"@id\":\"https:\\\/\\\/anoticiaonline.com.br\\\/site\\\/policia-civil-prende-jovem-por-roubo-em-estabelecimento-comercial-na-barra\\\/#blogposting\",\"name\":\"Pol\\u00edcia Civil prende jovem por roubo em estabelecimento comercial na Barra - A Not\\u00edcia Online\",\"headline\":\"Pol\\u00edcia Civil prende jovem por roubo em estabelecimento comercial na Barra\",\"author\":{\"@id\":\"https:\\\/\\\/anoticiaonline.com.br\\\/site\\\/author\\\/juliana\\\/#author\"},\"publisher\":{\"@id\":\"https:\\\/\\\/anoticiaonline.com.br\\\/site\\\/#organization\"},\"image\":{\"@type\":\"ImageObject\",\"url\":\"https:\\\/\\\/anoticiaonline.com.br\\\/site\\\/wp-content\\\/uploads\\\/2017\\\/04\\\/IMG-20170404-WA0040.jpg\",\"width\":640,\"height\":360},\"datePublished\":\"2017-04-04T11:54:36-03:00\",\"dateModified\":\"2017-04-04T11:54:36-03:00\",\"inLanguage\":\"pt-BR\",\"mainEntityOfPage\":{\"@id\":\"https:\\\/\\\/anoticiaonline.com.br\\\/site\\\/policia-civil-prende-jovem-por-roubo-em-estabelecimento-comercial-na-barra\\\/#webpage\"},\"isPartOf\":{\"@id\":\"https:\\\/\\\/anoticiaonline.com.br\\\/site\\\/policia-civil-prende-jovem-por-roubo-em-estabelecimento-comercial-na-barra\\\/#webpage\"},\"articleSection\":\"Blog, slide\"},{\"@type\":\"BreadcrumbList\",\"@id\":\"https:\\\/\\\/anoticiaonline.com.br\\\/site\\\/policia-civil-prende-jovem-por-roubo-em-estabelecimento-comercial-na-barra\\\/#breadcrumblist\",\"itemListElement\":[{\"@type\":\"ListItem\",\"@id\":\"https:\\\/\\\/anoticiaonline.com.br\\\/site#listItem\",\"position\":1,\"name\":\"Home\",\"item\":\"https:\\\/\\\/anoticiaonline.com.br\\\/site\",\"nextItem\":{\"@type\":\"ListItem\",\"@id\":\"https:\\\/\\\/anoticiaonline.com.br\\\/site\\\/categoria\\\/muriae\\\/#listItem\",\"name\":\"Blog\"}},{\"@type\":\"ListItem\",\"@id\":\"https:\\\/\\\/anoticiaonline.com.br\\\/site\\\/categoria\\\/muriae\\\/#listItem\",\"position\":2,\"name\":\"Blog\",\"item\":\"https:\\\/\\\/anoticiaonline.com.br\\\/site\\\/categoria\\\/muriae\\\/\",\"nextItem\":{\"@type\":\"ListItem\",\"@id\":\"https:\\\/\\\/anoticiaonline.com.br\\\/site\\\/policia-civil-prende-jovem-por-roubo-em-estabelecimento-comercial-na-barra\\\/#listItem\",\"name\":\"Pol\\u00edcia Civil prende jovem por roubo em estabelecimento comercial na Barra\"},\"previousItem\":{\"@type\":\"ListItem\",\"@id\":\"https:\\\/\\\/anoticiaonline.com.br\\\/site#listItem\",\"name\":\"Home\"}},{\"@type\":\"ListItem\",\"@id\":\"https:\\\/\\\/anoticiaonline.com.br\\\/site\\\/policia-civil-prende-jovem-por-roubo-em-estabelecimento-comercial-na-barra\\\/#listItem\",\"position\":3,\"name\":\"Pol\\u00edcia Civil prende jovem por roubo em estabelecimento comercial na Barra\",\"previousItem\":{\"@type\":\"ListItem\",\"@id\":\"https:\\\/\\\/anoticiaonline.com.br\\\/site\\\/categoria\\\/muriae\\\/#listItem\",\"name\":\"Blog\"}}]},{\"@type\":\"Organization\",\"@id\":\"https:\\\/\\\/anoticiaonline.com.br\\\/site\\\/#organization\",\"name\":\"A Not\\u00edcia Online\",\"description\":\"Noticias de Muria\\u00e9 e regi\\u00e3o\",\"url\":\"https:\\\/\\\/anoticiaonline.com.br\\\/site\\\/\",\"logo\":{\"@type\":\"ImageObject\",\"url\":\"https:\\\/\\\/scontent-gig4-1.xx.fbcdn.net\\\/v\\\/t39.30808-1\\\/270437624_4564083193639691_6907940295614233970_n.jpg?stp=dst-jpg_s200x200_tt6&_nc_cat=111&ccb=1-7&_nc_sid=f907e8&_nc_ohc=SM1wRlP3lJwQ7kNvwEPuBYA&_nc_oc=AdnqrjDN_BNjSSHWO-GbkIWH6fkGMLw4bqvL_NH6e2wMveX7G-rP2dAqsDSq1mJMOaY&_nc_zt=24&_nc_ht=scontent-gig4-1.xx&_nc_gid=AoBFJeGrT1hVaew_6rchkQ&oh=00_AfX7QmFGhQhG2jAllVgXCiM1ZrWgvtp80-Bfppyexh1QEg&oe=689E923C\",\"@id\":\"https:\\\/\\\/anoticiaonline.com.br\\\/site\\\/policia-civil-prende-jovem-por-roubo-em-estabelecimento-comercial-na-barra\\\/#organizationLogo\"},\"image\":{\"@id\":\"https:\\\/\\\/anoticiaonline.com.br\\\/site\\\/policia-civil-prende-jovem-por-roubo-em-estabelecimento-comercial-na-barra\\\/#organizationLogo\"}},{\"@type\":\"Person\",\"@id\":\"https:\\\/\\\/anoticiaonline.com.br\\\/site\\\/author\\\/juliana\\\/#author\",\"url\":\"https:\\\/\\\/anoticiaonline.com.br\\\/site\\\/author\\\/juliana\\\/\",\"name\":\"Juliana Laviola\",\"image\":{\"@type\":\"ImageObject\",\"@id\":\"https:\\\/\\\/anoticiaonline.com.br\\\/site\\\/policia-civil-prende-jovem-por-roubo-em-estabelecimento-comercial-na-barra\\\/#authorImage\",\"url\":\"https:\\\/\\\/secure.gravatar.com\\\/avatar\\\/b8d45f5c699b100dfaf0e543582f38f38bf94cb7ae3a5e9abf8d891a34773335?s=96&d=mm&r=g\",\"width\":96,\"height\":96,\"caption\":\"Juliana Laviola\"}},{\"@type\":\"WebPage\",\"@id\":\"https:\\\/\\\/anoticiaonline.com.br\\\/site\\\/policia-civil-prende-jovem-por-roubo-em-estabelecimento-comercial-na-barra\\\/#webpage\",\"url\":\"https:\\\/\\\/anoticiaonline.com.br\\\/site\\\/policia-civil-prende-jovem-por-roubo-em-estabelecimento-comercial-na-barra\\\/\",\"name\":\"Pol\\u00edcia Civil prende jovem por roubo em estabelecimento comercial na Barra - A Not\\u00edcia Online\",\"description\":\"Policiais civis da 31\\u00aa Delegacia prenderam, na manh\\u00e3 de ter\\u00e7a-feira (4), um jovem de 21 anos, apontado como o autor de um roubo a um estabelecimento comercial na Barra, em janeiro deste ano. De acordo com a PC, no dia 16 de janeiro, o indiciado teria entrado no estabelecimento comercial, localizado na Avenida Monteiro de\",\"inLanguage\":\"pt-BR\",\"isPartOf\":{\"@id\":\"https:\\\/\\\/anoticiaonline.com.br\\\/site\\\/#website\"},\"breadcrumb\":{\"@id\":\"https:\\\/\\\/anoticiaonline.com.br\\\/site\\\/policia-civil-prende-jovem-por-roubo-em-estabelecimento-comercial-na-barra\\\/#breadcrumblist\"},\"author\":{\"@id\":\"https:\\\/\\\/anoticiaonline.com.br\\\/site\\\/author\\\/juliana\\\/#author\"},\"creator\":{\"@id\":\"https:\\\/\\\/anoticiaonline.com.br\\\/site\\\/author\\\/juliana\\\/#author\"},\"image\":{\"@type\":\"ImageObject\",\"url\":\"https:\\\/\\\/anoticiaonline.com.br\\\/site\\\/wp-content\\\/uploads\\\/2017\\\/04\\\/IMG-20170404-WA0040.jpg\",\"@id\":\"https:\\\/\\\/anoticiaonline.com.br\\\/site\\\/policia-civil-prende-jovem-por-roubo-em-estabelecimento-comercial-na-barra\\\/#mainImage\",\"width\":640,\"height\":360},\"primaryImageOfPage\":{\"@id\":\"https:\\\/\\\/anoticiaonline.com.br\\\/site\\\/policia-civil-prende-jovem-por-roubo-em-estabelecimento-comercial-na-barra\\\/#mainImage\"},\"datePublished\":\"2017-04-04T11:54:36-03:00\",\"dateModified\":\"2017-04-04T11:54:36-03:00\"},{\"@type\":\"WebSite\",\"@id\":\"https:\\\/\\\/anoticiaonline.com.br\\\/site\\\/#website\",\"url\":\"https:\\\/\\\/anoticiaonline.com.br\\\/site\\\/\",\"name\":\"A Not\\u00edcia Online\",\"description\":\"Noticias de Muria\\u00e9 e regi\\u00e3o\",\"inLanguage\":\"pt-BR\",\"publisher\":{\"@id\":\"https:\\\/\\\/anoticiaonline.com.br\\\/site\\\/#organization\"}}]}\n\t\t<\/script>\n\t\t<!-- All in One SEO -->\n\n","aioseo_head_json":{"title":"Pol\u00edcia Civil prende jovem por roubo em estabelecimento comercial na Barra - A Not\u00edcia Online","description":"Policiais civis da 31\u00aa Delegacia prenderam, na manh\u00e3 de ter\u00e7a-feira (4), um jovem de 21 anos, apontado como o autor de um roubo a um estabelecimento comercial na Barra, em janeiro deste ano. De acordo com a PC, no dia 16 de janeiro, o indiciado teria entrado no estabelecimento comercial, localizado na Avenida Monteiro de","canonical_url":"https:\/\/anoticiaonline.com.br\/site\/policia-civil-prende-jovem-por-roubo-em-estabelecimento-comercial-na-barra\/","robots":"max-image-preview:large","keywords":"","webmasterTools":{"miscellaneous":""},"schema":{"@context":"https:\/\/schema.org","@graph":[{"@type":"BlogPosting","@id":"https:\/\/anoticiaonline.com.br\/site\/policia-civil-prende-jovem-por-roubo-em-estabelecimento-comercial-na-barra\/#blogposting","name":"Pol\u00edcia Civil prende jovem por roubo em estabelecimento comercial na Barra - A Not\u00edcia Online","headline":"Pol\u00edcia Civil prende jovem por roubo em estabelecimento comercial na Barra","author":{"@id":"https:\/\/anoticiaonline.com.br\/site\/author\/juliana\/#author"},"publisher":{"@id":"https:\/\/anoticiaonline.com.br\/site\/#organization"},"image":{"@type":"ImageObject","url":"https:\/\/anoticiaonline.com.br\/site\/wp-content\/uploads\/2017\/04\/IMG-20170404-WA0040.jpg","width":640,"height":360},"datePublished":"2017-04-04T11:54:36-03:00","dateModified":"2017-04-04T11:54:36-03:00","inLanguage":"pt-BR","mainEntityOfPage":{"@id":"https:\/\/anoticiaonline.com.br\/site\/policia-civil-prende-jovem-por-roubo-em-estabelecimento-comercial-na-barra\/#webpage"},"isPartOf":{"@id":"https:\/\/anoticiaonline.com.br\/site\/policia-civil-prende-jovem-por-roubo-em-estabelecimento-comercial-na-barra\/#webpage"},"articleSection":"Blog, slide"},{"@type":"BreadcrumbList","@id":"https:\/\/anoticiaonline.com.br\/site\/policia-civil-prende-jovem-por-roubo-em-estabelecimento-comercial-na-barra\/#breadcrumblist","itemListElement":[{"@type":"ListItem","@id":"https:\/\/anoticiaonline.com.br\/site#listItem","position":1,"name":"Home","item":"https:\/\/anoticiaonline.com.br\/site","nextItem":{"@type":"ListItem","@id":"https:\/\/anoticiaonline.com.br\/site\/categoria\/muriae\/#listItem","name":"Blog"}},{"@type":"ListItem","@id":"https:\/\/anoticiaonline.com.br\/site\/categoria\/muriae\/#listItem","position":2,"name":"Blog","item":"https:\/\/anoticiaonline.com.br\/site\/categoria\/muriae\/","nextItem":{"@type":"ListItem","@id":"https:\/\/anoticiaonline.com.br\/site\/policia-civil-prende-jovem-por-roubo-em-estabelecimento-comercial-na-barra\/#listItem","name":"Pol\u00edcia Civil prende jovem por roubo em estabelecimento comercial na Barra"},"previousItem":{"@type":"ListItem","@id":"https:\/\/anoticiaonline.com.br\/site#listItem","name":"Home"}},{"@type":"ListItem","@id":"https:\/\/anoticiaonline.com.br\/site\/policia-civil-prende-jovem-por-roubo-em-estabelecimento-comercial-na-barra\/#listItem","position":3,"name":"Pol\u00edcia Civil prende jovem por roubo em estabelecimento comercial na Barra","previousItem":{"@type":"ListItem","@id":"https:\/\/anoticiaonline.com.br\/site\/categoria\/muriae\/#listItem","name":"Blog"}}]},{"@type":"Organization","@id":"https:\/\/anoticiaonline.com.br\/site\/#organization","name":"A Not\u00edcia Online","description":"Noticias de Muria\u00e9 e regi\u00e3o","url":"https:\/\/anoticiaonline.com.br\/site\/","logo":{"@type":"ImageObject","url":"https:\/\/scontent-gig4-1.xx.fbcdn.net\/v\/t39.30808-1\/270437624_4564083193639691_6907940295614233970_n.jpg?stp=dst-jpg_s200x200_tt6&_nc_cat=111&ccb=1-7&_nc_sid=f907e8&_nc_ohc=SM1wRlP3lJwQ7kNvwEPuBYA&_nc_oc=AdnqrjDN_BNjSSHWO-GbkIWH6fkGMLw4bqvL_NH6e2wMveX7G-rP2dAqsDSq1mJMOaY&_nc_zt=24&_nc_ht=scontent-gig4-1.xx&_nc_gid=AoBFJeGrT1hVaew_6rchkQ&oh=00_AfX7QmFGhQhG2jAllVgXCiM1ZrWgvtp80-Bfppyexh1QEg&oe=689E923C","@id":"https:\/\/anoticiaonline.com.br\/site\/policia-civil-prende-jovem-por-roubo-em-estabelecimento-comercial-na-barra\/#organizationLogo"},"image":{"@id":"https:\/\/anoticiaonline.com.br\/site\/policia-civil-prende-jovem-por-roubo-em-estabelecimento-comercial-na-barra\/#organizationLogo"}},{"@type":"Person","@id":"https:\/\/anoticiaonline.com.br\/site\/author\/juliana\/#author","url":"https:\/\/anoticiaonline.com.br\/site\/author\/juliana\/","name":"Juliana Laviola","image":{"@type":"ImageObject","@id":"https:\/\/anoticiaonline.com.br\/site\/policia-civil-prende-jovem-por-roubo-em-estabelecimento-comercial-na-barra\/#authorImage","url":"https:\/\/secure.gravatar.com\/avatar\/b8d45f5c699b100dfaf0e543582f38f38bf94cb7ae3a5e9abf8d891a34773335?s=96&d=mm&r=g","width":96,"height":96,"caption":"Juliana Laviola"}},{"@type":"WebPage","@id":"https:\/\/anoticiaonline.com.br\/site\/policia-civil-prende-jovem-por-roubo-em-estabelecimento-comercial-na-barra\/#webpage","url":"https:\/\/anoticiaonline.com.br\/site\/policia-civil-prende-jovem-por-roubo-em-estabelecimento-comercial-na-barra\/","name":"Pol\u00edcia Civil prende jovem por roubo em estabelecimento comercial na Barra - A Not\u00edcia Online","description":"Policiais civis da 31\u00aa Delegacia prenderam, na manh\u00e3 de ter\u00e7a-feira (4), um jovem de 21 anos, apontado como o autor de um roubo a um estabelecimento comercial na Barra, em janeiro deste ano. De acordo com a PC, no dia 16 de janeiro, o indiciado teria entrado no estabelecimento comercial, localizado na Avenida Monteiro de","inLanguage":"pt-BR","isPartOf":{"@id":"https:\/\/anoticiaonline.com.br\/site\/#website"},"breadcrumb":{"@id":"https:\/\/anoticiaonline.com.br\/site\/policia-civil-prende-jovem-por-roubo-em-estabelecimento-comercial-na-barra\/#breadcrumblist"},"author":{"@id":"https:\/\/anoticiaonline.com.br\/site\/author\/juliana\/#author"},"creator":{"@id":"https:\/\/anoticiaonline.com.br\/site\/author\/juliana\/#author"},"image":{"@type":"ImageObject","url":"https:\/\/anoticiaonline.com.br\/site\/wp-content\/uploads\/2017\/04\/IMG-20170404-WA0040.jpg","@id":"https:\/\/anoticiaonline.com.br\/site\/policia-civil-prende-jovem-por-roubo-em-estabelecimento-comercial-na-barra\/#mainImage","width":640,"height":360},"primaryImageOfPage":{"@id":"https:\/\/anoticiaonline.com.br\/site\/policia-civil-prende-jovem-por-roubo-em-estabelecimento-comercial-na-barra\/#mainImage"},"datePublished":"2017-04-04T11:54:36-03:00","dateModified":"2017-04-04T11:54:36-03:00"},{"@type":"WebSite","@id":"https:\/\/anoticiaonline.com.br\/site\/#website","url":"https:\/\/anoticiaonline.com.br\/site\/","name":"A Not\u00edcia Online","description":"Noticias de Muria\u00e9 e regi\u00e3o","inLanguage":"pt-BR","publisher":{"@id":"https:\/\/anoticiaonline.com.br\/site\/#organization"}}]},"og:locale":"pt_BR","og:site_name":"A Not\u00edcia Online - Noticias de Muria\u00e9 e regi\u00e3o","og:type":"article","og:title":"Pol\u00edcia Civil prende jovem por roubo em estabelecimento comercial na Barra - A Not\u00edcia Online","og:description":"Policiais civis da 31\u00aa Delegacia prenderam, na manh\u00e3 de ter\u00e7a-feira (4), um jovem de 21 anos, apontado como o autor de um roubo a um estabelecimento comercial na Barra, em janeiro deste ano. De acordo com a PC, no dia 16 de janeiro, o indiciado teria entrado no estabelecimento comercial, localizado na Avenida Monteiro de","og:url":"https:\/\/anoticiaonline.com.br\/site\/policia-civil-prende-jovem-por-roubo-em-estabelecimento-comercial-na-barra\/","og:image":"https:\/\/scontent-gig4-1.xx.fbcdn.net\/v\/t39.30808-1\/270437624_4564083193639691_6907940295614233970_n.jpg?stp=dst-jpg_s200x200_tt6&#038;_nc_cat=111&#038;ccb=1-7&#038;_nc_sid=f907e8&#038;_nc_ohc=SM1wRlP3lJwQ7kNvwEPuBYA&#038;_nc_oc=AdnqrjDN_BNjSSHWO-GbkIWH6fkGMLw4bqvL_NH6e2wMveX7G-rP2dAqsDSq1mJMOaY&#038;_nc_zt=24&#038;_nc_ht=scontent-gig4-1.xx&#038;_nc_gid=AoBFJeGrT1hVaew_6rchkQ&#038;oh=00_AfX7QmFGhQhG2jAllVgXCiM1ZrWgvtp80-Bfppyexh1QEg&#038;oe=689E923C","og:image:secure_url":"https:\/\/scontent-gig4-1.xx.fbcdn.net\/v\/t39.30808-1\/270437624_4564083193639691_6907940295614233970_n.jpg?stp=dst-jpg_s200x200_tt6&#038;_nc_cat=111&#038;ccb=1-7&#038;_nc_sid=f907e8&#038;_nc_ohc=SM1wRlP3lJwQ7kNvwEPuBYA&#038;_nc_oc=AdnqrjDN_BNjSSHWO-GbkIWH6fkGMLw4bqvL_NH6e2wMveX7G-rP2dAqsDSq1mJMOaY&#038;_nc_zt=24&#038;_nc_ht=scontent-gig4-1.xx&#038;_nc_gid=AoBFJeGrT1hVaew_6rchkQ&#038;oh=00_AfX7QmFGhQhG2jAllVgXCiM1ZrWgvtp80-Bfppyexh1QEg&#038;oe=689E923C","article:published_time":"2017-04-04T14:54:36+00:00","article:modified_time":"2017-04-04T14:54:36+00:00","twitter:card":"summary_large_image","twitter:title":"Pol\u00edcia Civil prende jovem por roubo em estabelecimento comercial na Barra - A Not\u00edcia Online","twitter:description":"Policiais civis da 31\u00aa Delegacia prenderam, na manh\u00e3 de ter\u00e7a-feira (4), um jovem de 21 anos, apontado como o autor de um roubo a um estabelecimento comercial na Barra, em janeiro deste ano. De acordo com a PC, no dia 16 de janeiro, o indiciado teria entrado no estabelecimento comercial, localizado na Avenida Monteiro de","twitter:image":"https:\/\/scontent-gig4-1.xx.fbcdn.net\/v\/t39.30808-1\/270437624_4564083193639691_6907940295614233970_n.jpg?stp=dst-jpg_s200x200_tt6&_nc_cat=111&ccb=1-7&_nc_sid=f907e8&_nc_ohc=SM1wRlP3lJwQ7kNvwEPuBYA&_nc_oc=AdnqrjDN_BNjSSHWO-GbkIWH6fkGMLw4bqvL_NH6e2wMveX7G-rP2dAqsDSq1mJMOaY&_nc_zt=24&_nc_ht=scontent-gig4-1.xx&_nc_gid=AoBFJeGrT1hVaew_6rchkQ&oh=00_AfX7QmFGhQhG2jAllVgXCiM1ZrWgvtp80-Bfppyexh1QEg&oe=689E923C"},"aioseo_meta_data":{"post_id":"27325","title":null,"description":null,"keywords":null,"keyphrases":null,"primary_term":null,"canonical_url":null,"og_title":null,"og_description":null,"og_object_type":"default","og_image_type":"default","og_image_url":null,"og_image_width":null,"og_image_height":null,"og_image_custom_url":null,"og_image_custom_fields":null,"og_video":null,"og_custom_url":null,"og_article_section":null,"og_article_tags":null,"twitter_use_og":false,"twitter_card":"default","twitter_image_type":"default","twitter_image_url":null,"twitter_image_custom_url":null,"twitter_image_custom_fields":null,"twitter_title":null,"twitter_description":null,"schema":{"blockGraphs":[],"customGraphs":[],"default":{"data":{"Article":[],"Course":[],"Dataset":[],"FAQPage":[],"Movie":[],"Person":[],"Product":[],"ProductReview":[],"Car":[],"Recipe":[],"Service":[],"SoftwareApplication":[],"WebPage":[]},"graphName":"","isEnabled":true},"graphs":[]},"schema_type":"default","schema_type_options":null,"pillar_content":false,"robots_default":true,"robots_noindex":false,"robots_noarchive":false,"robots_nosnippet":false,"robots_nofollow":false,"robots_noimageindex":false,"robots_noodp":false,"robots_notranslate":false,"robots_max_snippet":null,"robots_max_videopreview":null,"robots_max_imagepreview":"large","priority":null,"frequency":null,"local_seo":null,"breadcrumb_settings":null,"limit_modified_date":false,"ai":null,"created":"2025-08-16 18:08:23","updated":"2025-08-16 18:08:23","focus_keyword":null,"additional_keywords":null,"truseo_locale":null,"seo_analyzer_scan_date":null},"aioseo_breadcrumb":"<div class=\"aioseo-breadcrumbs\"><span class=\"aioseo-breadcrumb\">\n\t\t\t<a href=\"https:\/\/anoticiaonline.com.br\/site\" title=\"Home\">Home<\/a>\n\t\t<\/span><span class=\"aioseo-breadcrumb-separator\">&raquo;<\/span><span class=\"aioseo-breadcrumb\">\n\t\t\t<a href=\"https:\/\/anoticiaonline.com.br\/site\/categoria\/muriae\/\" title=\"Blog\">Blog<\/a>\n\t\t<\/span><span class=\"aioseo-breadcrumb-separator\">&raquo;<\/span><span class=\"aioseo-breadcrumb\">\n\t\t\tPol\u00edcia Civil prende jovem por roubo em estabelecimento comercial na Barra\n\t\t<\/span><\/div>","aioseo_breadcrumb_json":[{"label":"Home","link":"https:\/\/anoticiaonline.com.br\/site"},{"label":"Blog","link":"https:\/\/anoticiaonline.com.br\/site\/categoria\/muriae\/"},{"label":"Pol\u00edcia Civil prende jovem por roubo em estabelecimento comercial na Barra","link":"https:\/\/anoticiaonline.com.br\/site\/policia-civil-prende-jovem-por-roubo-em-estabelecimento-comercial-na-barra\/"}],"views":139,"_links":{"self":[{"href":"https:\/\/anoticiaonline.com.br\/site\/wp-json\/wp\/v2\/posts\/27325","targetHints":{"allow":["GET"]}}],"collection":[{"href":"https:\/\/anoticiaonline.com.br\/site\/wp-json\/wp\/v2\/posts"}],"about":[{"href":"https:\/\/anoticiaonline.com.br\/site\/wp-json\/wp\/v2\/types\/post"}],"author":[{"embeddable":true,"href":"https:\/\/anoticiaonline.com.br\/site\/wp-json\/wp\/v2\/users\/2"}],"replies":[{"embeddable":true,"href":"https:\/\/anoticiaonline.com.br\/site\/wp-json\/wp\/v2\/comments?post=27325"}],"version-history":[{"count":0,"href":"https:\/\/anoticiaonline.com.br\/site\/wp-json\/wp\/v2\/posts\/27325\/revisions"}],"wp:featuredmedia":[{"embeddable":true,"href":"https:\/\/anoticiaonline.com.br\/site\/wp-json\/wp\/v2\/media\/27326"}],"wp:attachment":[{"href":"https:\/\/anoticiaonline.com.br\/site\/wp-json\/wp\/v2\/media?parent=27325"}],"wp:term":[{"taxonomy":"category","embeddable":true,"href":"https:\/\/anoticiaonline.com.br\/site\/wp-json\/wp\/v2\/categories?post=27325"},{"taxonomy":"post_tag","embeddable":true,"href":"https:\/\/anoticiaonline.com.br\/site\/wp-json\/wp\/v2\/tags?post=27325"}],"curies":[{"name":"wp","href":"https:\/\/api.w.org\/{rel}","templated":true}]}}