{"id":27283,"date":"2017-04-03T14:16:31","date_gmt":"2017-04-03T17:16:31","guid":{"rendered":"http:\/\/anoticiaonline.com.br\/site\/?p=27283"},"modified":"2017-04-03T14:16:31","modified_gmt":"2017-04-03T17:16:31","slug":"maiara-da-dupla-com-maraisa-realiza-sonho-de-paciente-da-fundacao-cristiano-varella","status":"publish","type":"post","link":"https:\/\/anoticiaonline.com.br\/site\/maiara-da-dupla-com-maraisa-realiza-sonho-de-paciente-da-fundacao-cristiano-varella\/","title":{"rendered":"Maiara, da dupla com Maraisa, realiza sonho de paciente da Funda\u00e7\u00e3o Cristiano Varella"},"content":{"rendered":"<p><a href=\"https:\/\/anoticiaonline.com.br\/site\/wp-content\/uploads\/2017\/04\/DSC_4328.jpg\"><img fetchpriority=\"high\" decoding=\"async\" class=\" size-medium wp-image-27284 alignleft\" src=\"https:\/\/anoticiaonline.com.br\/site\/wp-content\/uploads\/2017\/04\/DSC_4328-300x224.jpg\" alt=\"DSC_4328\" width=\"300\" height=\"224\" srcset=\"https:\/\/anoticiaonline.com.br\/site\/wp-content\/uploads\/2017\/04\/DSC_4328-300x224.jpg 300w, https:\/\/anoticiaonline.com.br\/site\/wp-content\/uploads\/2017\/04\/DSC_4328.jpg 640w\" sizes=\"(max-width: 300px) 100vw, 300px\" \/><\/a>O desejo de S\u00e2mara Alves Cordeiro Garcia, de 22 anos, foi realizado. Maiara, da dupla com Maraisa, foi at\u00e9 \u00e0 Funda\u00e7\u00e3o Cristiano Varella, onde S\u00e2mara est\u00e1 internada, no dia 30 de mar\u00e7o \u2013 dia em que a dupla fez show em Muria\u00e9 -, para atender o seu pedido.<\/p>\n<p>S\u00e2mara contou do sonho de conhecer Maiara atrav\u00e9s de v\u00eddeo postado no Facebook da Funda\u00e7\u00e3o e compartilhado por mais de 2 mil pessoas na rede social. O produtor do show, Crist\u00f3v\u00e3o Rabelo Filho, ao saber do desejo de S\u00e2mara, se empenhou pessoalmente na a\u00e7\u00e3o.<\/p>\n<p>Eram aproximadamente 19h15min quando a cantora entrou pela Unidade de Interna\u00e7\u00e3o de Quimioterapia, fazendo uma surpresa para S\u00e2mara, a qual ficou emocionada e, inclusive, dormiu abra\u00e7ada \u00e0 toalha que ganhou de Maiara. A cantora e compositora tamb\u00e9m visitou outros pacientes internados e fez quest\u00e3o de ir \u00e0 Unidade de Terapia Intensiva do hospital.<\/p>\n<p><strong>GALERIA DE FOTOS:<\/strong><\/p>\n<p><img decoding=\"async\" class=\"ngg_displayed_gallery mceItem\" src=\"https:\/\/anoticiaonline.com.br\/site\/nextgen-attach_to_post\/preview\/id--27309\" alt=\"\" \/><\/p>\n","protected":false},"excerpt":{"rendered":"<p>O desejo de S\u00e2mara Alves Cordeiro Garcia, de 22 anos, foi realizado. Maiara, da dupla com Maraisa, foi at\u00e9 \u00e0 Funda\u00e7\u00e3o Cristiano Varella, onde S\u00e2mara est\u00e1 internada, no dia 30 de mar\u00e7o \u2013 dia em que a dupla fez show em Muria\u00e9 -, para atender o seu pedido. S\u00e2mara contou do sonho de conhecer Maiara &#8230; <a title=\"Maiara, da dupla com Maraisa, realiza sonho de paciente da Funda\u00e7\u00e3o Cristiano Varella\" class=\"read-more\" href=\"https:\/\/anoticiaonline.com.br\/site\/maiara-da-dupla-com-maraisa-realiza-sonho-de-paciente-da-fundacao-cristiano-varella\/\" aria-label=\"Read more about Maiara, da dupla com Maraisa, realiza sonho de paciente da Funda\u00e7\u00e3o Cristiano Varella\">Ler mais<\/a><\/p>\n","protected":false},"author":2,"featured_media":27284,"comment_status":"open","ping_status":"open","sticky":false,"template":"","format":"standard","meta":{"_acf_changed":false,"_monsterinsights_skip_tracking":false,"footnotes":""},"categories":[30],"tags":[3],"class_list":["post-27283","post","type-post","status-publish","format-standard","has-post-thumbnail","hentry","category-muriae","tag-slide"],"acf":[],"aioseo_notices":[],"aioseo_head":"\n\t\t<!-- All in One SEO 5.0.0.1 - aioseo.com -->\n\t<meta name=\"description\" content=\"O desejo de S\u00e2mara Alves Cordeiro Garcia, de 22 anos, foi realizado. Maiara, da dupla com Maraisa, foi at\u00e9 \u00e0 Funda\u00e7\u00e3o Cristiano Varella, onde S\u00e2mara est\u00e1 internada, no dia 30 de mar\u00e7o \u2013 dia em que a dupla fez show em Muria\u00e9 -, para atender o seu pedido. S\u00e2mara contou do sonho de conhecer Maiara\" \/>\n\t<meta name=\"robots\" content=\"max-image-preview:large\" \/>\n\t<meta name=\"author\" content=\"Juliana Laviola\"\/>\n\t<link rel=\"canonical\" href=\"https:\/\/anoticiaonline.com.br\/site\/maiara-da-dupla-com-maraisa-realiza-sonho-de-paciente-da-fundacao-cristiano-varella\/\" \/>\n\t<meta name=\"generator\" content=\"All in One SEO (AIOSEO) 5.0.0.1\" \/>\n\t\t<meta property=\"og:locale\" content=\"pt_BR\" \/>\n\t\t<meta property=\"og:site_name\" content=\"A Not\u00edcia Online - Noticias de Muria\u00e9 e regi\u00e3o\" \/>\n\t\t<meta property=\"og:type\" content=\"article\" \/>\n\t\t<meta property=\"og:title\" content=\"Maiara, da dupla com Maraisa, realiza sonho de paciente da Funda\u00e7\u00e3o Cristiano Varella - A Not\u00edcia Online\" \/>\n\t\t<meta property=\"og:description\" content=\"O desejo de S\u00e2mara Alves Cordeiro Garcia, de 22 anos, foi realizado. Maiara, da dupla com Maraisa, foi at\u00e9 \u00e0 Funda\u00e7\u00e3o Cristiano Varella, onde S\u00e2mara est\u00e1 internada, no dia 30 de mar\u00e7o \u2013 dia em que a dupla fez show em Muria\u00e9 -, para atender o seu pedido. S\u00e2mara contou do sonho de conhecer Maiara\" \/>\n\t\t<meta property=\"og:url\" content=\"https:\/\/anoticiaonline.com.br\/site\/maiara-da-dupla-com-maraisa-realiza-sonho-de-paciente-da-fundacao-cristiano-varella\/\" \/>\n\t\t<meta property=\"og:image\" content=\"https:\/\/scontent-gig4-1.xx.fbcdn.net\/v\/t39.30808-1\/270437624_4564083193639691_6907940295614233970_n.jpg?stp=dst-jpg_s200x200_tt6&#038;_nc_cat=111&#038;ccb=1-7&#038;_nc_sid=f907e8&#038;_nc_ohc=SM1wRlP3lJwQ7kNvwEPuBYA&#038;_nc_oc=AdnqrjDN_BNjSSHWO-GbkIWH6fkGMLw4bqvL_NH6e2wMveX7G-rP2dAqsDSq1mJMOaY&#038;_nc_zt=24&#038;_nc_ht=scontent-gig4-1.xx&#038;_nc_gid=AoBFJeGrT1hVaew_6rchkQ&#038;oh=00_AfX7QmFGhQhG2jAllVgXCiM1ZrWgvtp80-Bfppyexh1QEg&#038;oe=689E923C\" \/>\n\t\t<meta property=\"og:image:secure_url\" content=\"https:\/\/scontent-gig4-1.xx.fbcdn.net\/v\/t39.30808-1\/270437624_4564083193639691_6907940295614233970_n.jpg?stp=dst-jpg_s200x200_tt6&#038;_nc_cat=111&#038;ccb=1-7&#038;_nc_sid=f907e8&#038;_nc_ohc=SM1wRlP3lJwQ7kNvwEPuBYA&#038;_nc_oc=AdnqrjDN_BNjSSHWO-GbkIWH6fkGMLw4bqvL_NH6e2wMveX7G-rP2dAqsDSq1mJMOaY&#038;_nc_zt=24&#038;_nc_ht=scontent-gig4-1.xx&#038;_nc_gid=AoBFJeGrT1hVaew_6rchkQ&#038;oh=00_AfX7QmFGhQhG2jAllVgXCiM1ZrWgvtp80-Bfppyexh1QEg&#038;oe=689E923C\" \/>\n\t\t<meta property=\"article:published_time\" content=\"2017-04-03T17:16:31+00:00\" \/>\n\t\t<meta property=\"article:modified_time\" content=\"2017-04-03T17:16:31+00:00\" \/>\n\t\t<meta name=\"twitter:card\" content=\"summary_large_image\" \/>\n\t\t<meta name=\"twitter:title\" content=\"Maiara, da dupla com Maraisa, realiza sonho de paciente da Funda\u00e7\u00e3o Cristiano Varella - A Not\u00edcia Online\" \/>\n\t\t<meta name=\"twitter:description\" content=\"O desejo de S\u00e2mara Alves Cordeiro Garcia, de 22 anos, foi realizado. Maiara, da dupla com Maraisa, foi at\u00e9 \u00e0 Funda\u00e7\u00e3o Cristiano Varella, onde S\u00e2mara est\u00e1 internada, no dia 30 de mar\u00e7o \u2013 dia em que a dupla fez show em Muria\u00e9 -, para atender o seu pedido. S\u00e2mara contou do sonho de conhecer Maiara\" \/>\n\t\t<meta name=\"twitter:image\" content=\"https:\/\/scontent-gig4-1.xx.fbcdn.net\/v\/t39.30808-1\/270437624_4564083193639691_6907940295614233970_n.jpg?stp=dst-jpg_s200x200_tt6&amp;_nc_cat=111&amp;ccb=1-7&amp;_nc_sid=f907e8&amp;_nc_ohc=SM1wRlP3lJwQ7kNvwEPuBYA&amp;_nc_oc=AdnqrjDN_BNjSSHWO-GbkIWH6fkGMLw4bqvL_NH6e2wMveX7G-rP2dAqsDSq1mJMOaY&amp;_nc_zt=24&amp;_nc_ht=scontent-gig4-1.xx&amp;_nc_gid=AoBFJeGrT1hVaew_6rchkQ&amp;oh=00_AfX7QmFGhQhG2jAllVgXCiM1ZrWgvtp80-Bfppyexh1QEg&amp;oe=689E923C\" \/>\n\t\t<script type=\"application\/ld+json\" class=\"aioseo-schema\">\n\t\t\t{\"@context\":\"https:\\\/\\\/schema.org\",\"@graph\":[{\"@type\":\"BlogPosting\",\"@id\":\"https:\\\/\\\/anoticiaonline.com.br\\\/site\\\/maiara-da-dupla-com-maraisa-realiza-sonho-de-paciente-da-fundacao-cristiano-varella\\\/#blogposting\",\"name\":\"Maiara, da dupla com Maraisa, realiza sonho de paciente da Funda\\u00e7\\u00e3o Cristiano Varella - A Not\\u00edcia Online\",\"headline\":\"Maiara, da dupla com Maraisa, realiza sonho de paciente da Funda\\u00e7\\u00e3o Cristiano Varella\",\"author\":{\"@id\":\"https:\\\/\\\/anoticiaonline.com.br\\\/site\\\/author\\\/juliana\\\/#author\"},\"publisher\":{\"@id\":\"https:\\\/\\\/anoticiaonline.com.br\\\/site\\\/#organization\"},\"image\":{\"@type\":\"ImageObject\",\"url\":\"https:\\\/\\\/anoticiaonline.com.br\\\/site\\\/wp-content\\\/uploads\\\/2017\\\/04\\\/DSC_4328.jpg\",\"width\":640,\"height\":478},\"datePublished\":\"2017-04-03T14:16:31-03:00\",\"dateModified\":\"2017-04-03T14:16:31-03:00\",\"inLanguage\":\"pt-BR\",\"mainEntityOfPage\":{\"@id\":\"https:\\\/\\\/anoticiaonline.com.br\\\/site\\\/maiara-da-dupla-com-maraisa-realiza-sonho-de-paciente-da-fundacao-cristiano-varella\\\/#webpage\"},\"isPartOf\":{\"@id\":\"https:\\\/\\\/anoticiaonline.com.br\\\/site\\\/maiara-da-dupla-com-maraisa-realiza-sonho-de-paciente-da-fundacao-cristiano-varella\\\/#webpage\"},\"articleSection\":\"Blog, slide\"},{\"@type\":\"BreadcrumbList\",\"@id\":\"https:\\\/\\\/anoticiaonline.com.br\\\/site\\\/maiara-da-dupla-com-maraisa-realiza-sonho-de-paciente-da-fundacao-cristiano-varella\\\/#breadcrumblist\",\"itemListElement\":[{\"@type\":\"ListItem\",\"@id\":\"https:\\\/\\\/anoticiaonline.com.br\\\/site#listItem\",\"position\":1,\"name\":\"Home\",\"item\":\"https:\\\/\\\/anoticiaonline.com.br\\\/site\",\"nextItem\":{\"@type\":\"ListItem\",\"@id\":\"https:\\\/\\\/anoticiaonline.com.br\\\/site\\\/categoria\\\/muriae\\\/#listItem\",\"name\":\"Blog\"}},{\"@type\":\"ListItem\",\"@id\":\"https:\\\/\\\/anoticiaonline.com.br\\\/site\\\/categoria\\\/muriae\\\/#listItem\",\"position\":2,\"name\":\"Blog\",\"item\":\"https:\\\/\\\/anoticiaonline.com.br\\\/site\\\/categoria\\\/muriae\\\/\",\"nextItem\":{\"@type\":\"ListItem\",\"@id\":\"https:\\\/\\\/anoticiaonline.com.br\\\/site\\\/maiara-da-dupla-com-maraisa-realiza-sonho-de-paciente-da-fundacao-cristiano-varella\\\/#listItem\",\"name\":\"Maiara, da dupla com Maraisa, realiza sonho de paciente da Funda\\u00e7\\u00e3o Cristiano Varella\"},\"previousItem\":{\"@type\":\"ListItem\",\"@id\":\"https:\\\/\\\/anoticiaonline.com.br\\\/site#listItem\",\"name\":\"Home\"}},{\"@type\":\"ListItem\",\"@id\":\"https:\\\/\\\/anoticiaonline.com.br\\\/site\\\/maiara-da-dupla-com-maraisa-realiza-sonho-de-paciente-da-fundacao-cristiano-varella\\\/#listItem\",\"position\":3,\"name\":\"Maiara, da dupla com Maraisa, realiza sonho de paciente da Funda\\u00e7\\u00e3o Cristiano Varella\",\"previousItem\":{\"@type\":\"ListItem\",\"@id\":\"https:\\\/\\\/anoticiaonline.com.br\\\/site\\\/categoria\\\/muriae\\\/#listItem\",\"name\":\"Blog\"}}]},{\"@type\":\"Organization\",\"@id\":\"https:\\\/\\\/anoticiaonline.com.br\\\/site\\\/#organization\",\"name\":\"A Not\\u00edcia Online\",\"description\":\"Noticias de Muria\\u00e9 e regi\\u00e3o\",\"url\":\"https:\\\/\\\/anoticiaonline.com.br\\\/site\\\/\",\"logo\":{\"@type\":\"ImageObject\",\"url\":\"https:\\\/\\\/scontent-gig4-1.xx.fbcdn.net\\\/v\\\/t39.30808-1\\\/270437624_4564083193639691_6907940295614233970_n.jpg?stp=dst-jpg_s200x200_tt6&_nc_cat=111&ccb=1-7&_nc_sid=f907e8&_nc_ohc=SM1wRlP3lJwQ7kNvwEPuBYA&_nc_oc=AdnqrjDN_BNjSSHWO-GbkIWH6fkGMLw4bqvL_NH6e2wMveX7G-rP2dAqsDSq1mJMOaY&_nc_zt=24&_nc_ht=scontent-gig4-1.xx&_nc_gid=AoBFJeGrT1hVaew_6rchkQ&oh=00_AfX7QmFGhQhG2jAllVgXCiM1ZrWgvtp80-Bfppyexh1QEg&oe=689E923C\",\"@id\":\"https:\\\/\\\/anoticiaonline.com.br\\\/site\\\/maiara-da-dupla-com-maraisa-realiza-sonho-de-paciente-da-fundacao-cristiano-varella\\\/#organizationLogo\"},\"image\":{\"@id\":\"https:\\\/\\\/anoticiaonline.com.br\\\/site\\\/maiara-da-dupla-com-maraisa-realiza-sonho-de-paciente-da-fundacao-cristiano-varella\\\/#organizationLogo\"}},{\"@type\":\"Person\",\"@id\":\"https:\\\/\\\/anoticiaonline.com.br\\\/site\\\/author\\\/juliana\\\/#author\",\"url\":\"https:\\\/\\\/anoticiaonline.com.br\\\/site\\\/author\\\/juliana\\\/\",\"name\":\"Juliana Laviola\",\"image\":{\"@type\":\"ImageObject\",\"@id\":\"https:\\\/\\\/anoticiaonline.com.br\\\/site\\\/maiara-da-dupla-com-maraisa-realiza-sonho-de-paciente-da-fundacao-cristiano-varella\\\/#authorImage\",\"url\":\"https:\\\/\\\/secure.gravatar.com\\\/avatar\\\/b8d45f5c699b100dfaf0e543582f38f38bf94cb7ae3a5e9abf8d891a34773335?s=96&d=mm&r=g\",\"width\":96,\"height\":96,\"caption\":\"Juliana Laviola\"}},{\"@type\":\"WebPage\",\"@id\":\"https:\\\/\\\/anoticiaonline.com.br\\\/site\\\/maiara-da-dupla-com-maraisa-realiza-sonho-de-paciente-da-fundacao-cristiano-varella\\\/#webpage\",\"url\":\"https:\\\/\\\/anoticiaonline.com.br\\\/site\\\/maiara-da-dupla-com-maraisa-realiza-sonho-de-paciente-da-fundacao-cristiano-varella\\\/\",\"name\":\"Maiara, da dupla com Maraisa, realiza sonho de paciente da Funda\\u00e7\\u00e3o Cristiano Varella - A Not\\u00edcia Online\",\"description\":\"O desejo de S\\u00e2mara Alves Cordeiro Garcia, de 22 anos, foi realizado. Maiara, da dupla com Maraisa, foi at\\u00e9 \\u00e0 Funda\\u00e7\\u00e3o Cristiano Varella, onde S\\u00e2mara est\\u00e1 internada, no dia 30 de mar\\u00e7o \\u2013 dia em que a dupla fez show em Muria\\u00e9 -, para atender o seu pedido. S\\u00e2mara contou do sonho de conhecer Maiara\",\"inLanguage\":\"pt-BR\",\"isPartOf\":{\"@id\":\"https:\\\/\\\/anoticiaonline.com.br\\\/site\\\/#website\"},\"breadcrumb\":{\"@id\":\"https:\\\/\\\/anoticiaonline.com.br\\\/site\\\/maiara-da-dupla-com-maraisa-realiza-sonho-de-paciente-da-fundacao-cristiano-varella\\\/#breadcrumblist\"},\"author\":{\"@id\":\"https:\\\/\\\/anoticiaonline.com.br\\\/site\\\/author\\\/juliana\\\/#author\"},\"creator\":{\"@id\":\"https:\\\/\\\/anoticiaonline.com.br\\\/site\\\/author\\\/juliana\\\/#author\"},\"image\":{\"@type\":\"ImageObject\",\"url\":\"https:\\\/\\\/anoticiaonline.com.br\\\/site\\\/wp-content\\\/uploads\\\/2017\\\/04\\\/DSC_4328.jpg\",\"@id\":\"https:\\\/\\\/anoticiaonline.com.br\\\/site\\\/maiara-da-dupla-com-maraisa-realiza-sonho-de-paciente-da-fundacao-cristiano-varella\\\/#mainImage\",\"width\":640,\"height\":478},\"primaryImageOfPage\":{\"@id\":\"https:\\\/\\\/anoticiaonline.com.br\\\/site\\\/maiara-da-dupla-com-maraisa-realiza-sonho-de-paciente-da-fundacao-cristiano-varella\\\/#mainImage\"},\"datePublished\":\"2017-04-03T14:16:31-03:00\",\"dateModified\":\"2017-04-03T14:16:31-03:00\"},{\"@type\":\"WebSite\",\"@id\":\"https:\\\/\\\/anoticiaonline.com.br\\\/site\\\/#website\",\"url\":\"https:\\\/\\\/anoticiaonline.com.br\\\/site\\\/\",\"name\":\"A Not\\u00edcia Online\",\"description\":\"Noticias de Muria\\u00e9 e regi\\u00e3o\",\"inLanguage\":\"pt-BR\",\"publisher\":{\"@id\":\"https:\\\/\\\/anoticiaonline.com.br\\\/site\\\/#organization\"}}]}\n\t\t<\/script>\n\t\t<!-- All in One SEO -->\n\n","aioseo_head_json":{"title":"Maiara, da dupla com Maraisa, realiza sonho de paciente da Funda\u00e7\u00e3o Cristiano Varella - A Not\u00edcia Online","description":"O desejo de S\u00e2mara Alves Cordeiro Garcia, de 22 anos, foi realizado. Maiara, da dupla com Maraisa, foi at\u00e9 \u00e0 Funda\u00e7\u00e3o Cristiano Varella, onde S\u00e2mara est\u00e1 internada, no dia 30 de mar\u00e7o \u2013 dia em que a dupla fez show em Muria\u00e9 -, para atender o seu pedido. S\u00e2mara contou do sonho de conhecer Maiara","canonical_url":"https:\/\/anoticiaonline.com.br\/site\/maiara-da-dupla-com-maraisa-realiza-sonho-de-paciente-da-fundacao-cristiano-varella\/","robots":"max-image-preview:large","keywords":"","webmasterTools":{"miscellaneous":""},"schema":{"@context":"https:\/\/schema.org","@graph":[{"@type":"BlogPosting","@id":"https:\/\/anoticiaonline.com.br\/site\/maiara-da-dupla-com-maraisa-realiza-sonho-de-paciente-da-fundacao-cristiano-varella\/#blogposting","name":"Maiara, da dupla com Maraisa, realiza sonho de paciente da Funda\u00e7\u00e3o Cristiano Varella - A Not\u00edcia Online","headline":"Maiara, da dupla com Maraisa, realiza sonho de paciente da Funda\u00e7\u00e3o Cristiano Varella","author":{"@id":"https:\/\/anoticiaonline.com.br\/site\/author\/juliana\/#author"},"publisher":{"@id":"https:\/\/anoticiaonline.com.br\/site\/#organization"},"image":{"@type":"ImageObject","url":"https:\/\/anoticiaonline.com.br\/site\/wp-content\/uploads\/2017\/04\/DSC_4328.jpg","width":640,"height":478},"datePublished":"2017-04-03T14:16:31-03:00","dateModified":"2017-04-03T14:16:31-03:00","inLanguage":"pt-BR","mainEntityOfPage":{"@id":"https:\/\/anoticiaonline.com.br\/site\/maiara-da-dupla-com-maraisa-realiza-sonho-de-paciente-da-fundacao-cristiano-varella\/#webpage"},"isPartOf":{"@id":"https:\/\/anoticiaonline.com.br\/site\/maiara-da-dupla-com-maraisa-realiza-sonho-de-paciente-da-fundacao-cristiano-varella\/#webpage"},"articleSection":"Blog, slide"},{"@type":"BreadcrumbList","@id":"https:\/\/anoticiaonline.com.br\/site\/maiara-da-dupla-com-maraisa-realiza-sonho-de-paciente-da-fundacao-cristiano-varella\/#breadcrumblist","itemListElement":[{"@type":"ListItem","@id":"https:\/\/anoticiaonline.com.br\/site#listItem","position":1,"name":"Home","item":"https:\/\/anoticiaonline.com.br\/site","nextItem":{"@type":"ListItem","@id":"https:\/\/anoticiaonline.com.br\/site\/categoria\/muriae\/#listItem","name":"Blog"}},{"@type":"ListItem","@id":"https:\/\/anoticiaonline.com.br\/site\/categoria\/muriae\/#listItem","position":2,"name":"Blog","item":"https:\/\/anoticiaonline.com.br\/site\/categoria\/muriae\/","nextItem":{"@type":"ListItem","@id":"https:\/\/anoticiaonline.com.br\/site\/maiara-da-dupla-com-maraisa-realiza-sonho-de-paciente-da-fundacao-cristiano-varella\/#listItem","name":"Maiara, da dupla com Maraisa, realiza sonho de paciente da Funda\u00e7\u00e3o Cristiano Varella"},"previousItem":{"@type":"ListItem","@id":"https:\/\/anoticiaonline.com.br\/site#listItem","name":"Home"}},{"@type":"ListItem","@id":"https:\/\/anoticiaonline.com.br\/site\/maiara-da-dupla-com-maraisa-realiza-sonho-de-paciente-da-fundacao-cristiano-varella\/#listItem","position":3,"name":"Maiara, da dupla com Maraisa, realiza sonho de paciente da Funda\u00e7\u00e3o Cristiano Varella","previousItem":{"@type":"ListItem","@id":"https:\/\/anoticiaonline.com.br\/site\/categoria\/muriae\/#listItem","name":"Blog"}}]},{"@type":"Organization","@id":"https:\/\/anoticiaonline.com.br\/site\/#organization","name":"A Not\u00edcia Online","description":"Noticias de Muria\u00e9 e regi\u00e3o","url":"https:\/\/anoticiaonline.com.br\/site\/","logo":{"@type":"ImageObject","url":"https:\/\/scontent-gig4-1.xx.fbcdn.net\/v\/t39.30808-1\/270437624_4564083193639691_6907940295614233970_n.jpg?stp=dst-jpg_s200x200_tt6&_nc_cat=111&ccb=1-7&_nc_sid=f907e8&_nc_ohc=SM1wRlP3lJwQ7kNvwEPuBYA&_nc_oc=AdnqrjDN_BNjSSHWO-GbkIWH6fkGMLw4bqvL_NH6e2wMveX7G-rP2dAqsDSq1mJMOaY&_nc_zt=24&_nc_ht=scontent-gig4-1.xx&_nc_gid=AoBFJeGrT1hVaew_6rchkQ&oh=00_AfX7QmFGhQhG2jAllVgXCiM1ZrWgvtp80-Bfppyexh1QEg&oe=689E923C","@id":"https:\/\/anoticiaonline.com.br\/site\/maiara-da-dupla-com-maraisa-realiza-sonho-de-paciente-da-fundacao-cristiano-varella\/#organizationLogo"},"image":{"@id":"https:\/\/anoticiaonline.com.br\/site\/maiara-da-dupla-com-maraisa-realiza-sonho-de-paciente-da-fundacao-cristiano-varella\/#organizationLogo"}},{"@type":"Person","@id":"https:\/\/anoticiaonline.com.br\/site\/author\/juliana\/#author","url":"https:\/\/anoticiaonline.com.br\/site\/author\/juliana\/","name":"Juliana Laviola","image":{"@type":"ImageObject","@id":"https:\/\/anoticiaonline.com.br\/site\/maiara-da-dupla-com-maraisa-realiza-sonho-de-paciente-da-fundacao-cristiano-varella\/#authorImage","url":"https:\/\/secure.gravatar.com\/avatar\/b8d45f5c699b100dfaf0e543582f38f38bf94cb7ae3a5e9abf8d891a34773335?s=96&d=mm&r=g","width":96,"height":96,"caption":"Juliana Laviola"}},{"@type":"WebPage","@id":"https:\/\/anoticiaonline.com.br\/site\/maiara-da-dupla-com-maraisa-realiza-sonho-de-paciente-da-fundacao-cristiano-varella\/#webpage","url":"https:\/\/anoticiaonline.com.br\/site\/maiara-da-dupla-com-maraisa-realiza-sonho-de-paciente-da-fundacao-cristiano-varella\/","name":"Maiara, da dupla com Maraisa, realiza sonho de paciente da Funda\u00e7\u00e3o Cristiano Varella - A Not\u00edcia Online","description":"O desejo de S\u00e2mara Alves Cordeiro Garcia, de 22 anos, foi realizado. Maiara, da dupla com Maraisa, foi at\u00e9 \u00e0 Funda\u00e7\u00e3o Cristiano Varella, onde S\u00e2mara est\u00e1 internada, no dia 30 de mar\u00e7o \u2013 dia em que a dupla fez show em Muria\u00e9 -, para atender o seu pedido. S\u00e2mara contou do sonho de conhecer Maiara","inLanguage":"pt-BR","isPartOf":{"@id":"https:\/\/anoticiaonline.com.br\/site\/#website"},"breadcrumb":{"@id":"https:\/\/anoticiaonline.com.br\/site\/maiara-da-dupla-com-maraisa-realiza-sonho-de-paciente-da-fundacao-cristiano-varella\/#breadcrumblist"},"author":{"@id":"https:\/\/anoticiaonline.com.br\/site\/author\/juliana\/#author"},"creator":{"@id":"https:\/\/anoticiaonline.com.br\/site\/author\/juliana\/#author"},"image":{"@type":"ImageObject","url":"https:\/\/anoticiaonline.com.br\/site\/wp-content\/uploads\/2017\/04\/DSC_4328.jpg","@id":"https:\/\/anoticiaonline.com.br\/site\/maiara-da-dupla-com-maraisa-realiza-sonho-de-paciente-da-fundacao-cristiano-varella\/#mainImage","width":640,"height":478},"primaryImageOfPage":{"@id":"https:\/\/anoticiaonline.com.br\/site\/maiara-da-dupla-com-maraisa-realiza-sonho-de-paciente-da-fundacao-cristiano-varella\/#mainImage"},"datePublished":"2017-04-03T14:16:31-03:00","dateModified":"2017-04-03T14:16:31-03:00"},{"@type":"WebSite","@id":"https:\/\/anoticiaonline.com.br\/site\/#website","url":"https:\/\/anoticiaonline.com.br\/site\/","name":"A Not\u00edcia Online","description":"Noticias de Muria\u00e9 e regi\u00e3o","inLanguage":"pt-BR","publisher":{"@id":"https:\/\/anoticiaonline.com.br\/site\/#organization"}}]},"og:locale":"pt_BR","og:site_name":"A Not\u00edcia Online - Noticias de Muria\u00e9 e regi\u00e3o","og:type":"article","og:title":"Maiara, da dupla com Maraisa, realiza sonho de paciente da Funda\u00e7\u00e3o Cristiano Varella - A Not\u00edcia Online","og:description":"O desejo de S\u00e2mara Alves Cordeiro Garcia, de 22 anos, foi realizado. Maiara, da dupla com Maraisa, foi at\u00e9 \u00e0 Funda\u00e7\u00e3o Cristiano Varella, onde S\u00e2mara est\u00e1 internada, no dia 30 de mar\u00e7o \u2013 dia em que a dupla fez show em Muria\u00e9 -, para atender o seu pedido. S\u00e2mara contou do sonho de conhecer Maiara","og:url":"https:\/\/anoticiaonline.com.br\/site\/maiara-da-dupla-com-maraisa-realiza-sonho-de-paciente-da-fundacao-cristiano-varella\/","og:image":"https:\/\/scontent-gig4-1.xx.fbcdn.net\/v\/t39.30808-1\/270437624_4564083193639691_6907940295614233970_n.jpg?stp=dst-jpg_s200x200_tt6&#038;_nc_cat=111&#038;ccb=1-7&#038;_nc_sid=f907e8&#038;_nc_ohc=SM1wRlP3lJwQ7kNvwEPuBYA&#038;_nc_oc=AdnqrjDN_BNjSSHWO-GbkIWH6fkGMLw4bqvL_NH6e2wMveX7G-rP2dAqsDSq1mJMOaY&#038;_nc_zt=24&#038;_nc_ht=scontent-gig4-1.xx&#038;_nc_gid=AoBFJeGrT1hVaew_6rchkQ&#038;oh=00_AfX7QmFGhQhG2jAllVgXCiM1ZrWgvtp80-Bfppyexh1QEg&#038;oe=689E923C","og:image:secure_url":"https:\/\/scontent-gig4-1.xx.fbcdn.net\/v\/t39.30808-1\/270437624_4564083193639691_6907940295614233970_n.jpg?stp=dst-jpg_s200x200_tt6&#038;_nc_cat=111&#038;ccb=1-7&#038;_nc_sid=f907e8&#038;_nc_ohc=SM1wRlP3lJwQ7kNvwEPuBYA&#038;_nc_oc=AdnqrjDN_BNjSSHWO-GbkIWH6fkGMLw4bqvL_NH6e2wMveX7G-rP2dAqsDSq1mJMOaY&#038;_nc_zt=24&#038;_nc_ht=scontent-gig4-1.xx&#038;_nc_gid=AoBFJeGrT1hVaew_6rchkQ&#038;oh=00_AfX7QmFGhQhG2jAllVgXCiM1ZrWgvtp80-Bfppyexh1QEg&#038;oe=689E923C","article:published_time":"2017-04-03T17:16:31+00:00","article:modified_time":"2017-04-03T17:16:31+00:00","twitter:card":"summary_large_image","twitter:title":"Maiara, da dupla com Maraisa, realiza sonho de paciente da Funda\u00e7\u00e3o Cristiano Varella - A Not\u00edcia Online","twitter:description":"O desejo de S\u00e2mara Alves Cordeiro Garcia, de 22 anos, foi realizado. Maiara, da dupla com Maraisa, foi at\u00e9 \u00e0 Funda\u00e7\u00e3o Cristiano Varella, onde S\u00e2mara est\u00e1 internada, no dia 30 de mar\u00e7o \u2013 dia em que a dupla fez show em Muria\u00e9 -, para atender o seu pedido. S\u00e2mara contou do sonho de conhecer Maiara","twitter:image":"https:\/\/scontent-gig4-1.xx.fbcdn.net\/v\/t39.30808-1\/270437624_4564083193639691_6907940295614233970_n.jpg?stp=dst-jpg_s200x200_tt6&_nc_cat=111&ccb=1-7&_nc_sid=f907e8&_nc_ohc=SM1wRlP3lJwQ7kNvwEPuBYA&_nc_oc=AdnqrjDN_BNjSSHWO-GbkIWH6fkGMLw4bqvL_NH6e2wMveX7G-rP2dAqsDSq1mJMOaY&_nc_zt=24&_nc_ht=scontent-gig4-1.xx&_nc_gid=AoBFJeGrT1hVaew_6rchkQ&oh=00_AfX7QmFGhQhG2jAllVgXCiM1ZrWgvtp80-Bfppyexh1QEg&oe=689E923C"},"aioseo_meta_data":{"post_id":"27283","title":null,"description":null,"keywords":null,"keyphrases":null,"primary_term":null,"canonical_url":null,"og_title":null,"og_description":null,"og_object_type":"default","og_image_type":"default","og_image_url":null,"og_image_width":null,"og_image_height":null,"og_image_custom_url":null,"og_image_custom_fields":null,"og_video":null,"og_custom_url":null,"og_article_section":null,"og_article_tags":null,"twitter_use_og":false,"twitter_card":"default","twitter_image_type":"default","twitter_image_url":null,"twitter_image_custom_url":null,"twitter_image_custom_fields":null,"twitter_title":null,"twitter_description":null,"schema":{"blockGraphs":[],"customGraphs":[],"default":{"data":{"Article":[],"Course":[],"Dataset":[],"FAQPage":[],"Movie":[],"Person":[],"Product":[],"ProductReview":[],"Car":[],"Recipe":[],"Service":[],"SoftwareApplication":[],"WebPage":[]},"graphName":"","isEnabled":true},"graphs":[]},"schema_type":"default","schema_type_options":null,"pillar_content":false,"robots_default":true,"robots_noindex":false,"robots_noarchive":false,"robots_nosnippet":false,"robots_nofollow":false,"robots_noimageindex":false,"robots_noodp":false,"robots_notranslate":false,"robots_max_snippet":null,"robots_max_videopreview":null,"robots_max_imagepreview":"large","priority":null,"frequency":null,"local_seo":null,"breadcrumb_settings":null,"limit_modified_date":false,"ai":null,"created":"2025-08-16 18:08:23","updated":"2025-08-16 18:08:23","focus_keyword":null,"additional_keywords":null,"truseo_locale":null,"seo_analyzer_scan_date":null},"aioseo_breadcrumb":"<div class=\"aioseo-breadcrumbs\"><span class=\"aioseo-breadcrumb\">\n\t\t\t<a href=\"https:\/\/anoticiaonline.com.br\/site\" title=\"Home\">Home<\/a>\n\t\t<\/span><span class=\"aioseo-breadcrumb-separator\">&raquo;<\/span><span class=\"aioseo-breadcrumb\">\n\t\t\t<a href=\"https:\/\/anoticiaonline.com.br\/site\/categoria\/muriae\/\" title=\"Blog\">Blog<\/a>\n\t\t<\/span><span class=\"aioseo-breadcrumb-separator\">&raquo;<\/span><span class=\"aioseo-breadcrumb\">\n\t\t\tMaiara, da dupla com Maraisa, realiza sonho de paciente da Funda\u00e7\u00e3o Cristiano Varella\n\t\t<\/span><\/div>","aioseo_breadcrumb_json":[{"label":"Home","link":"https:\/\/anoticiaonline.com.br\/site"},{"label":"Blog","link":"https:\/\/anoticiaonline.com.br\/site\/categoria\/muriae\/"},{"label":"Maiara, da dupla com Maraisa, realiza sonho de paciente da Funda\u00e7\u00e3o Cristiano Varella","link":"https:\/\/anoticiaonline.com.br\/site\/maiara-da-dupla-com-maraisa-realiza-sonho-de-paciente-da-fundacao-cristiano-varella\/"}],"views":148,"_links":{"self":[{"href":"https:\/\/anoticiaonline.com.br\/site\/wp-json\/wp\/v2\/posts\/27283","targetHints":{"allow":["GET"]}}],"collection":[{"href":"https:\/\/anoticiaonline.com.br\/site\/wp-json\/wp\/v2\/posts"}],"about":[{"href":"https:\/\/anoticiaonline.com.br\/site\/wp-json\/wp\/v2\/types\/post"}],"author":[{"embeddable":true,"href":"https:\/\/anoticiaonline.com.br\/site\/wp-json\/wp\/v2\/users\/2"}],"replies":[{"embeddable":true,"href":"https:\/\/anoticiaonline.com.br\/site\/wp-json\/wp\/v2\/comments?post=27283"}],"version-history":[{"count":0,"href":"https:\/\/anoticiaonline.com.br\/site\/wp-json\/wp\/v2\/posts\/27283\/revisions"}],"wp:featuredmedia":[{"embeddable":true,"href":"https:\/\/anoticiaonline.com.br\/site\/wp-json\/wp\/v2\/media\/27284"}],"wp:attachment":[{"href":"https:\/\/anoticiaonline.com.br\/site\/wp-json\/wp\/v2\/media?parent=27283"}],"wp:term":[{"taxonomy":"category","embeddable":true,"href":"https:\/\/anoticiaonline.com.br\/site\/wp-json\/wp\/v2\/categories?post=27283"},{"taxonomy":"post_tag","embeddable":true,"href":"https:\/\/anoticiaonline.com.br\/site\/wp-json\/wp\/v2\/tags?post=27283"}],"curies":[{"name":"wp","href":"https:\/\/api.w.org\/{rel}","templated":true}]}}