{"id":27277,"date":"2017-04-03T10:49:56","date_gmt":"2017-04-03T13:49:56","guid":{"rendered":"http:\/\/anoticiaonline.com.br\/site\/?p=27277"},"modified":"2017-04-03T14:21:31","modified_gmt":"2017-04-03T17:21:31","slug":"gerson-evaristo-e-o-novo-comandante-do-nac-para-o-hexagonal","status":"publish","type":"post","link":"https:\/\/anoticiaonline.com.br\/site\/gerson-evaristo-e-o-novo-comandante-do-nac-para-o-hexagonal\/","title":{"rendered":"Gerson Evaristo \u00e9 o novo comandante do Nac para o Hexagonal"},"content":{"rendered":"<p><a href=\"https:\/\/anoticiaonline.com.br\/site\/wp-content\/uploads\/2017\/04\/Gerson-Evaristo-\u00e9-o-novo-comandante-do-NAC-para-o-Hexagonal.jpg\"><img fetchpriority=\"high\" decoding=\"async\" class=\" size-medium wp-image-27278 alignleft\" src=\"https:\/\/anoticiaonline.com.br\/site\/wp-content\/uploads\/2017\/04\/Gerson-Evaristo-\u00e9-o-novo-comandante-do-NAC-para-o-Hexagonal-300x225.jpg\" alt=\"Gerson Evaristo \u00e9 o novo comandante do NAC para o Hexagonal\" width=\"300\" height=\"225\" srcset=\"https:\/\/anoticiaonline.com.br\/site\/wp-content\/uploads\/2017\/04\/Gerson-Evaristo-\u00e9-o-novo-comandante-do-NAC-para-o-Hexagonal-300x225.jpg 300w, https:\/\/anoticiaonline.com.br\/site\/wp-content\/uploads\/2017\/04\/Gerson-Evaristo-\u00e9-o-novo-comandante-do-NAC-para-o-Hexagonal.jpg 600w\" sizes=\"(max-width: 300px) 100vw, 300px\" \/><\/a>Gerson Evaristo, conhecido como o \u201cRei do Acesso\u201d, tem a miss\u00e3o de comandar o Nac no Hexagonal Final do M\u00f3dulo II. Gerson tem um hist\u00f3rico de cinco acessos nos \u00faltimos cinco anos.<\/p>\n<p>O novo t\u00e9cnico do Nacional (na foto, o primeiro da direita para a esquerda) foi apresentado na manh\u00e3 da \u00faltima sexta-feira (31), no Est\u00e1dio Soares de Azevedo. Entre outros assuntos, ele falou sobre o conhecimento que tem do elenco, poss\u00edveis refor\u00e7os e elogiou a estrutura disponibilizada pelo clube.<\/p>\n<p>Nos \u00faltimos dois jogos, o Nacional foi comandado por Andr\u00e9 Alexandre, que era auxiliar do antigo treinador, Gilmar Estevam. O gerente de Futebol, Carlos Calmon, explicou a escolha de trazer um novo t\u00e9cnico. \u201cEm rela\u00e7\u00e3o ao comando t\u00e9cnico, agrade\u00e7o ao presidente por ter confiado na minha palavra e deixado o Andrezinho como treinador nas duas \u00faltimas partidas, com o Lucas tamb\u00e9m fazendo o trabalho de auxiliar. Muitos acham que n\u00e3o deveria mudar, que o Andrezinho deveria continuar. E muitos acham que tinha que trazer um treinador. N\u00f3s agradecemos o trabalho do Andrezinho, ele est\u00e1 conosco, \u00e9 uma pe\u00e7a fundamental na nossa comiss\u00e3o t\u00e9cnica, assim como o Lucas, mas entendemos que precis\u00e1vamos de um treinador experiente, vitorioso, que est\u00e1 acostumado com o Hexagonal\u201d, afirma.<\/p>\n<p>Gerson, por sua vez, diz que chega com o intuito de realizar o sonho de acesso do Nac. \u201cA gente sabe que n\u00e3o \u00e9 f\u00e1cil [chegar o acesso]. \u00c9 uma competi\u00e7\u00e3o parelha, muito dif\u00edcil. E ela geralmente tem um tom diferente no Hexagonal do que foi a primeira fase. Ent\u00e3o, a gente tem que ter muita concentra\u00e7\u00e3o. Um dos motivos que fez com que eu aceitasse, al\u00e9m da dignidade, do car\u00e1ter e da maneira que v\u00eam sendo conduzidos os projetos aqui no Nacional, s\u00e3o as pessoas que est\u00e3o na frente e o grupo de jogadores que tem. Ent\u00e3o, eu me sinto lisonjeado de, a partir de agora, poder fazer parte deste projeto\u201d.<\/p>\n","protected":false},"excerpt":{"rendered":"<p>Gerson Evaristo, conhecido como o \u201cRei do Acesso\u201d, tem a miss\u00e3o de comandar o Nac no Hexagonal Final do M\u00f3dulo II. Gerson tem um hist\u00f3rico de cinco acessos nos \u00faltimos cinco anos. O novo t\u00e9cnico do Nacional (na foto, o primeiro da direita para a esquerda) foi apresentado na manh\u00e3 da \u00faltima sexta-feira (31), no &#8230; <a title=\"Gerson Evaristo \u00e9 o novo comandante do Nac para o Hexagonal\" class=\"read-more\" href=\"https:\/\/anoticiaonline.com.br\/site\/gerson-evaristo-e-o-novo-comandante-do-nac-para-o-hexagonal\/\" aria-label=\"Read more about Gerson Evaristo \u00e9 o novo comandante do Nac para o Hexagonal\">Ler mais<\/a><\/p>\n","protected":false},"author":2,"featured_media":27278,"comment_status":"open","ping_status":"open","sticky":false,"template":"","format":"standard","meta":{"_acf_changed":false,"_monsterinsights_skip_tracking":false,"footnotes":""},"categories":[29],"tags":[],"class_list":["post-27277","post","type-post","status-publish","format-standard","has-post-thumbnail","hentry","category-esporte"],"acf":[],"aioseo_notices":[],"aioseo_head":"\n\t\t<!-- All in One SEO 5.0.0.1 - aioseo.com -->\n\t<meta name=\"description\" content=\"Gerson Evaristo, conhecido como o \u201cRei do Acesso\u201d, tem a miss\u00e3o de comandar o Nac no Hexagonal Final do M\u00f3dulo II. Gerson tem um hist\u00f3rico de cinco acessos nos \u00faltimos cinco anos. O novo t\u00e9cnico do Nacional (na foto, o primeiro da direita para a esquerda) foi apresentado na manh\u00e3 da \u00faltima sexta-feira (31), no\" \/>\n\t<meta name=\"robots\" content=\"max-image-preview:large\" \/>\n\t<meta name=\"author\" content=\"Juliana Laviola\"\/>\n\t<link rel=\"canonical\" href=\"https:\/\/anoticiaonline.com.br\/site\/gerson-evaristo-e-o-novo-comandante-do-nac-para-o-hexagonal\/\" \/>\n\t<meta name=\"generator\" content=\"All in One SEO (AIOSEO) 5.0.0.1\" \/>\n\t\t<meta property=\"og:locale\" content=\"pt_BR\" \/>\n\t\t<meta property=\"og:site_name\" content=\"A Not\u00edcia Online - Noticias de Muria\u00e9 e regi\u00e3o\" \/>\n\t\t<meta property=\"og:type\" content=\"article\" \/>\n\t\t<meta property=\"og:title\" content=\"Gerson Evaristo \u00e9 o novo comandante do Nac para o Hexagonal - A Not\u00edcia Online\" \/>\n\t\t<meta property=\"og:description\" content=\"Gerson Evaristo, conhecido como o \u201cRei do Acesso\u201d, tem a miss\u00e3o de comandar o Nac no Hexagonal Final do M\u00f3dulo II. Gerson tem um hist\u00f3rico de cinco acessos nos \u00faltimos cinco anos. O novo t\u00e9cnico do Nacional (na foto, o primeiro da direita para a esquerda) foi apresentado na manh\u00e3 da \u00faltima sexta-feira (31), no\" \/>\n\t\t<meta property=\"og:url\" content=\"https:\/\/anoticiaonline.com.br\/site\/gerson-evaristo-e-o-novo-comandante-do-nac-para-o-hexagonal\/\" \/>\n\t\t<meta property=\"og:image\" content=\"https:\/\/scontent-gig4-1.xx.fbcdn.net\/v\/t39.30808-1\/270437624_4564083193639691_6907940295614233970_n.jpg?stp=dst-jpg_s200x200_tt6&#038;_nc_cat=111&#038;ccb=1-7&#038;_nc_sid=f907e8&#038;_nc_ohc=SM1wRlP3lJwQ7kNvwEPuBYA&#038;_nc_oc=AdnqrjDN_BNjSSHWO-GbkIWH6fkGMLw4bqvL_NH6e2wMveX7G-rP2dAqsDSq1mJMOaY&#038;_nc_zt=24&#038;_nc_ht=scontent-gig4-1.xx&#038;_nc_gid=AoBFJeGrT1hVaew_6rchkQ&#038;oh=00_AfX7QmFGhQhG2jAllVgXCiM1ZrWgvtp80-Bfppyexh1QEg&#038;oe=689E923C\" \/>\n\t\t<meta property=\"og:image:secure_url\" content=\"https:\/\/scontent-gig4-1.xx.fbcdn.net\/v\/t39.30808-1\/270437624_4564083193639691_6907940295614233970_n.jpg?stp=dst-jpg_s200x200_tt6&#038;_nc_cat=111&#038;ccb=1-7&#038;_nc_sid=f907e8&#038;_nc_ohc=SM1wRlP3lJwQ7kNvwEPuBYA&#038;_nc_oc=AdnqrjDN_BNjSSHWO-GbkIWH6fkGMLw4bqvL_NH6e2wMveX7G-rP2dAqsDSq1mJMOaY&#038;_nc_zt=24&#038;_nc_ht=scontent-gig4-1.xx&#038;_nc_gid=AoBFJeGrT1hVaew_6rchkQ&#038;oh=00_AfX7QmFGhQhG2jAllVgXCiM1ZrWgvtp80-Bfppyexh1QEg&#038;oe=689E923C\" \/>\n\t\t<meta property=\"article:published_time\" content=\"2017-04-03T13:49:56+00:00\" \/>\n\t\t<meta property=\"article:modified_time\" content=\"2017-04-03T17:21:31+00:00\" \/>\n\t\t<meta name=\"twitter:card\" content=\"summary_large_image\" \/>\n\t\t<meta name=\"twitter:title\" content=\"Gerson Evaristo \u00e9 o novo comandante do Nac para o Hexagonal - A Not\u00edcia Online\" \/>\n\t\t<meta name=\"twitter:description\" content=\"Gerson Evaristo, conhecido como o \u201cRei do Acesso\u201d, tem a miss\u00e3o de comandar o Nac no Hexagonal Final do M\u00f3dulo II. Gerson tem um hist\u00f3rico de cinco acessos nos \u00faltimos cinco anos. O novo t\u00e9cnico do Nacional (na foto, o primeiro da direita para a esquerda) foi apresentado na manh\u00e3 da \u00faltima sexta-feira (31), no\" \/>\n\t\t<meta name=\"twitter:image\" content=\"https:\/\/scontent-gig4-1.xx.fbcdn.net\/v\/t39.30808-1\/270437624_4564083193639691_6907940295614233970_n.jpg?stp=dst-jpg_s200x200_tt6&amp;_nc_cat=111&amp;ccb=1-7&amp;_nc_sid=f907e8&amp;_nc_ohc=SM1wRlP3lJwQ7kNvwEPuBYA&amp;_nc_oc=AdnqrjDN_BNjSSHWO-GbkIWH6fkGMLw4bqvL_NH6e2wMveX7G-rP2dAqsDSq1mJMOaY&amp;_nc_zt=24&amp;_nc_ht=scontent-gig4-1.xx&amp;_nc_gid=AoBFJeGrT1hVaew_6rchkQ&amp;oh=00_AfX7QmFGhQhG2jAllVgXCiM1ZrWgvtp80-Bfppyexh1QEg&amp;oe=689E923C\" \/>\n\t\t<script type=\"application\/ld+json\" class=\"aioseo-schema\">\n\t\t\t{\"@context\":\"https:\\\/\\\/schema.org\",\"@graph\":[{\"@type\":\"BlogPosting\",\"@id\":\"https:\\\/\\\/anoticiaonline.com.br\\\/site\\\/gerson-evaristo-e-o-novo-comandante-do-nac-para-o-hexagonal\\\/#blogposting\",\"name\":\"Gerson Evaristo \\u00e9 o novo comandante do Nac para o Hexagonal - A Not\\u00edcia Online\",\"headline\":\"Gerson Evaristo \\u00e9 o novo comandante do Nac para o Hexagonal\",\"author\":{\"@id\":\"https:\\\/\\\/anoticiaonline.com.br\\\/site\\\/author\\\/juliana\\\/#author\"},\"publisher\":{\"@id\":\"https:\\\/\\\/anoticiaonline.com.br\\\/site\\\/#organization\"},\"image\":{\"@type\":\"ImageObject\",\"url\":\"https:\\\/\\\/anoticiaonline.com.br\\\/site\\\/wp-content\\\/uploads\\\/2017\\\/04\\\/Gerson-Evaristo-\\u00e9-o-novo-comandante-do-NAC-para-o-Hexagonal.jpg\",\"width\":600,\"height\":450},\"datePublished\":\"2017-04-03T10:49:56-03:00\",\"dateModified\":\"2017-04-03T14:21:31-03:00\",\"inLanguage\":\"pt-BR\",\"mainEntityOfPage\":{\"@id\":\"https:\\\/\\\/anoticiaonline.com.br\\\/site\\\/gerson-evaristo-e-o-novo-comandante-do-nac-para-o-hexagonal\\\/#webpage\"},\"isPartOf\":{\"@id\":\"https:\\\/\\\/anoticiaonline.com.br\\\/site\\\/gerson-evaristo-e-o-novo-comandante-do-nac-para-o-hexagonal\\\/#webpage\"},\"articleSection\":\"Esporte\"},{\"@type\":\"BreadcrumbList\",\"@id\":\"https:\\\/\\\/anoticiaonline.com.br\\\/site\\\/gerson-evaristo-e-o-novo-comandante-do-nac-para-o-hexagonal\\\/#breadcrumblist\",\"itemListElement\":[{\"@type\":\"ListItem\",\"@id\":\"https:\\\/\\\/anoticiaonline.com.br\\\/site#listItem\",\"position\":1,\"name\":\"Home\",\"item\":\"https:\\\/\\\/anoticiaonline.com.br\\\/site\",\"nextItem\":{\"@type\":\"ListItem\",\"@id\":\"https:\\\/\\\/anoticiaonline.com.br\\\/site\\\/categoria\\\/esporte\\\/#listItem\",\"name\":\"Esporte\"}},{\"@type\":\"ListItem\",\"@id\":\"https:\\\/\\\/anoticiaonline.com.br\\\/site\\\/categoria\\\/esporte\\\/#listItem\",\"position\":2,\"name\":\"Esporte\",\"item\":\"https:\\\/\\\/anoticiaonline.com.br\\\/site\\\/categoria\\\/esporte\\\/\",\"nextItem\":{\"@type\":\"ListItem\",\"@id\":\"https:\\\/\\\/anoticiaonline.com.br\\\/site\\\/gerson-evaristo-e-o-novo-comandante-do-nac-para-o-hexagonal\\\/#listItem\",\"name\":\"Gerson Evaristo \\u00e9 o novo comandante do Nac para o Hexagonal\"},\"previousItem\":{\"@type\":\"ListItem\",\"@id\":\"https:\\\/\\\/anoticiaonline.com.br\\\/site#listItem\",\"name\":\"Home\"}},{\"@type\":\"ListItem\",\"@id\":\"https:\\\/\\\/anoticiaonline.com.br\\\/site\\\/gerson-evaristo-e-o-novo-comandante-do-nac-para-o-hexagonal\\\/#listItem\",\"position\":3,\"name\":\"Gerson Evaristo \\u00e9 o novo comandante do Nac para o Hexagonal\",\"previousItem\":{\"@type\":\"ListItem\",\"@id\":\"https:\\\/\\\/anoticiaonline.com.br\\\/site\\\/categoria\\\/esporte\\\/#listItem\",\"name\":\"Esporte\"}}]},{\"@type\":\"Organization\",\"@id\":\"https:\\\/\\\/anoticiaonline.com.br\\\/site\\\/#organization\",\"name\":\"A Not\\u00edcia Online\",\"description\":\"Noticias de Muria\\u00e9 e regi\\u00e3o\",\"url\":\"https:\\\/\\\/anoticiaonline.com.br\\\/site\\\/\",\"logo\":{\"@type\":\"ImageObject\",\"url\":\"https:\\\/\\\/scontent-gig4-1.xx.fbcdn.net\\\/v\\\/t39.30808-1\\\/270437624_4564083193639691_6907940295614233970_n.jpg?stp=dst-jpg_s200x200_tt6&_nc_cat=111&ccb=1-7&_nc_sid=f907e8&_nc_ohc=SM1wRlP3lJwQ7kNvwEPuBYA&_nc_oc=AdnqrjDN_BNjSSHWO-GbkIWH6fkGMLw4bqvL_NH6e2wMveX7G-rP2dAqsDSq1mJMOaY&_nc_zt=24&_nc_ht=scontent-gig4-1.xx&_nc_gid=AoBFJeGrT1hVaew_6rchkQ&oh=00_AfX7QmFGhQhG2jAllVgXCiM1ZrWgvtp80-Bfppyexh1QEg&oe=689E923C\",\"@id\":\"https:\\\/\\\/anoticiaonline.com.br\\\/site\\\/gerson-evaristo-e-o-novo-comandante-do-nac-para-o-hexagonal\\\/#organizationLogo\"},\"image\":{\"@id\":\"https:\\\/\\\/anoticiaonline.com.br\\\/site\\\/gerson-evaristo-e-o-novo-comandante-do-nac-para-o-hexagonal\\\/#organizationLogo\"}},{\"@type\":\"Person\",\"@id\":\"https:\\\/\\\/anoticiaonline.com.br\\\/site\\\/author\\\/juliana\\\/#author\",\"url\":\"https:\\\/\\\/anoticiaonline.com.br\\\/site\\\/author\\\/juliana\\\/\",\"name\":\"Juliana Laviola\",\"image\":{\"@type\":\"ImageObject\",\"@id\":\"https:\\\/\\\/anoticiaonline.com.br\\\/site\\\/gerson-evaristo-e-o-novo-comandante-do-nac-para-o-hexagonal\\\/#authorImage\",\"url\":\"https:\\\/\\\/secure.gravatar.com\\\/avatar\\\/b8d45f5c699b100dfaf0e543582f38f38bf94cb7ae3a5e9abf8d891a34773335?s=96&d=mm&r=g\",\"width\":96,\"height\":96,\"caption\":\"Juliana Laviola\"}},{\"@type\":\"WebPage\",\"@id\":\"https:\\\/\\\/anoticiaonline.com.br\\\/site\\\/gerson-evaristo-e-o-novo-comandante-do-nac-para-o-hexagonal\\\/#webpage\",\"url\":\"https:\\\/\\\/anoticiaonline.com.br\\\/site\\\/gerson-evaristo-e-o-novo-comandante-do-nac-para-o-hexagonal\\\/\",\"name\":\"Gerson Evaristo \\u00e9 o novo comandante do Nac para o Hexagonal - A Not\\u00edcia Online\",\"description\":\"Gerson Evaristo, conhecido como o \\u201cRei do Acesso\\u201d, tem a miss\\u00e3o de comandar o Nac no Hexagonal Final do M\\u00f3dulo II. Gerson tem um hist\\u00f3rico de cinco acessos nos \\u00faltimos cinco anos. O novo t\\u00e9cnico do Nacional (na foto, o primeiro da direita para a esquerda) foi apresentado na manh\\u00e3 da \\u00faltima sexta-feira (31), no\",\"inLanguage\":\"pt-BR\",\"isPartOf\":{\"@id\":\"https:\\\/\\\/anoticiaonline.com.br\\\/site\\\/#website\"},\"breadcrumb\":{\"@id\":\"https:\\\/\\\/anoticiaonline.com.br\\\/site\\\/gerson-evaristo-e-o-novo-comandante-do-nac-para-o-hexagonal\\\/#breadcrumblist\"},\"author\":{\"@id\":\"https:\\\/\\\/anoticiaonline.com.br\\\/site\\\/author\\\/juliana\\\/#author\"},\"creator\":{\"@id\":\"https:\\\/\\\/anoticiaonline.com.br\\\/site\\\/author\\\/juliana\\\/#author\"},\"image\":{\"@type\":\"ImageObject\",\"url\":\"https:\\\/\\\/anoticiaonline.com.br\\\/site\\\/wp-content\\\/uploads\\\/2017\\\/04\\\/Gerson-Evaristo-\\u00e9-o-novo-comandante-do-NAC-para-o-Hexagonal.jpg\",\"@id\":\"https:\\\/\\\/anoticiaonline.com.br\\\/site\\\/gerson-evaristo-e-o-novo-comandante-do-nac-para-o-hexagonal\\\/#mainImage\",\"width\":600,\"height\":450},\"primaryImageOfPage\":{\"@id\":\"https:\\\/\\\/anoticiaonline.com.br\\\/site\\\/gerson-evaristo-e-o-novo-comandante-do-nac-para-o-hexagonal\\\/#mainImage\"},\"datePublished\":\"2017-04-03T10:49:56-03:00\",\"dateModified\":\"2017-04-03T14:21:31-03:00\"},{\"@type\":\"WebSite\",\"@id\":\"https:\\\/\\\/anoticiaonline.com.br\\\/site\\\/#website\",\"url\":\"https:\\\/\\\/anoticiaonline.com.br\\\/site\\\/\",\"name\":\"A Not\\u00edcia Online\",\"description\":\"Noticias de Muria\\u00e9 e regi\\u00e3o\",\"inLanguage\":\"pt-BR\",\"publisher\":{\"@id\":\"https:\\\/\\\/anoticiaonline.com.br\\\/site\\\/#organization\"}}]}\n\t\t<\/script>\n\t\t<!-- All in One SEO -->\n\n","aioseo_head_json":{"title":"Gerson Evaristo \u00e9 o novo comandante do Nac para o Hexagonal - A Not\u00edcia Online","description":"Gerson Evaristo, conhecido como o \u201cRei do Acesso\u201d, tem a miss\u00e3o de comandar o Nac no Hexagonal Final do M\u00f3dulo II. Gerson tem um hist\u00f3rico de cinco acessos nos \u00faltimos cinco anos. O novo t\u00e9cnico do Nacional (na foto, o primeiro da direita para a esquerda) foi apresentado na manh\u00e3 da \u00faltima sexta-feira (31), no","canonical_url":"https:\/\/anoticiaonline.com.br\/site\/gerson-evaristo-e-o-novo-comandante-do-nac-para-o-hexagonal\/","robots":"max-image-preview:large","keywords":"","webmasterTools":{"miscellaneous":""},"schema":{"@context":"https:\/\/schema.org","@graph":[{"@type":"BlogPosting","@id":"https:\/\/anoticiaonline.com.br\/site\/gerson-evaristo-e-o-novo-comandante-do-nac-para-o-hexagonal\/#blogposting","name":"Gerson Evaristo \u00e9 o novo comandante do Nac para o Hexagonal - A Not\u00edcia Online","headline":"Gerson Evaristo \u00e9 o novo comandante do Nac para o Hexagonal","author":{"@id":"https:\/\/anoticiaonline.com.br\/site\/author\/juliana\/#author"},"publisher":{"@id":"https:\/\/anoticiaonline.com.br\/site\/#organization"},"image":{"@type":"ImageObject","url":"https:\/\/anoticiaonline.com.br\/site\/wp-content\/uploads\/2017\/04\/Gerson-Evaristo-\u00e9-o-novo-comandante-do-NAC-para-o-Hexagonal.jpg","width":600,"height":450},"datePublished":"2017-04-03T10:49:56-03:00","dateModified":"2017-04-03T14:21:31-03:00","inLanguage":"pt-BR","mainEntityOfPage":{"@id":"https:\/\/anoticiaonline.com.br\/site\/gerson-evaristo-e-o-novo-comandante-do-nac-para-o-hexagonal\/#webpage"},"isPartOf":{"@id":"https:\/\/anoticiaonline.com.br\/site\/gerson-evaristo-e-o-novo-comandante-do-nac-para-o-hexagonal\/#webpage"},"articleSection":"Esporte"},{"@type":"BreadcrumbList","@id":"https:\/\/anoticiaonline.com.br\/site\/gerson-evaristo-e-o-novo-comandante-do-nac-para-o-hexagonal\/#breadcrumblist","itemListElement":[{"@type":"ListItem","@id":"https:\/\/anoticiaonline.com.br\/site#listItem","position":1,"name":"Home","item":"https:\/\/anoticiaonline.com.br\/site","nextItem":{"@type":"ListItem","@id":"https:\/\/anoticiaonline.com.br\/site\/categoria\/esporte\/#listItem","name":"Esporte"}},{"@type":"ListItem","@id":"https:\/\/anoticiaonline.com.br\/site\/categoria\/esporte\/#listItem","position":2,"name":"Esporte","item":"https:\/\/anoticiaonline.com.br\/site\/categoria\/esporte\/","nextItem":{"@type":"ListItem","@id":"https:\/\/anoticiaonline.com.br\/site\/gerson-evaristo-e-o-novo-comandante-do-nac-para-o-hexagonal\/#listItem","name":"Gerson Evaristo \u00e9 o novo comandante do Nac para o Hexagonal"},"previousItem":{"@type":"ListItem","@id":"https:\/\/anoticiaonline.com.br\/site#listItem","name":"Home"}},{"@type":"ListItem","@id":"https:\/\/anoticiaonline.com.br\/site\/gerson-evaristo-e-o-novo-comandante-do-nac-para-o-hexagonal\/#listItem","position":3,"name":"Gerson Evaristo \u00e9 o novo comandante do Nac para o Hexagonal","previousItem":{"@type":"ListItem","@id":"https:\/\/anoticiaonline.com.br\/site\/categoria\/esporte\/#listItem","name":"Esporte"}}]},{"@type":"Organization","@id":"https:\/\/anoticiaonline.com.br\/site\/#organization","name":"A Not\u00edcia Online","description":"Noticias de Muria\u00e9 e regi\u00e3o","url":"https:\/\/anoticiaonline.com.br\/site\/","logo":{"@type":"ImageObject","url":"https:\/\/scontent-gig4-1.xx.fbcdn.net\/v\/t39.30808-1\/270437624_4564083193639691_6907940295614233970_n.jpg?stp=dst-jpg_s200x200_tt6&_nc_cat=111&ccb=1-7&_nc_sid=f907e8&_nc_ohc=SM1wRlP3lJwQ7kNvwEPuBYA&_nc_oc=AdnqrjDN_BNjSSHWO-GbkIWH6fkGMLw4bqvL_NH6e2wMveX7G-rP2dAqsDSq1mJMOaY&_nc_zt=24&_nc_ht=scontent-gig4-1.xx&_nc_gid=AoBFJeGrT1hVaew_6rchkQ&oh=00_AfX7QmFGhQhG2jAllVgXCiM1ZrWgvtp80-Bfppyexh1QEg&oe=689E923C","@id":"https:\/\/anoticiaonline.com.br\/site\/gerson-evaristo-e-o-novo-comandante-do-nac-para-o-hexagonal\/#organizationLogo"},"image":{"@id":"https:\/\/anoticiaonline.com.br\/site\/gerson-evaristo-e-o-novo-comandante-do-nac-para-o-hexagonal\/#organizationLogo"}},{"@type":"Person","@id":"https:\/\/anoticiaonline.com.br\/site\/author\/juliana\/#author","url":"https:\/\/anoticiaonline.com.br\/site\/author\/juliana\/","name":"Juliana Laviola","image":{"@type":"ImageObject","@id":"https:\/\/anoticiaonline.com.br\/site\/gerson-evaristo-e-o-novo-comandante-do-nac-para-o-hexagonal\/#authorImage","url":"https:\/\/secure.gravatar.com\/avatar\/b8d45f5c699b100dfaf0e543582f38f38bf94cb7ae3a5e9abf8d891a34773335?s=96&d=mm&r=g","width":96,"height":96,"caption":"Juliana Laviola"}},{"@type":"WebPage","@id":"https:\/\/anoticiaonline.com.br\/site\/gerson-evaristo-e-o-novo-comandante-do-nac-para-o-hexagonal\/#webpage","url":"https:\/\/anoticiaonline.com.br\/site\/gerson-evaristo-e-o-novo-comandante-do-nac-para-o-hexagonal\/","name":"Gerson Evaristo \u00e9 o novo comandante do Nac para o Hexagonal - A Not\u00edcia Online","description":"Gerson Evaristo, conhecido como o \u201cRei do Acesso\u201d, tem a miss\u00e3o de comandar o Nac no Hexagonal Final do M\u00f3dulo II. Gerson tem um hist\u00f3rico de cinco acessos nos \u00faltimos cinco anos. O novo t\u00e9cnico do Nacional (na foto, o primeiro da direita para a esquerda) foi apresentado na manh\u00e3 da \u00faltima sexta-feira (31), no","inLanguage":"pt-BR","isPartOf":{"@id":"https:\/\/anoticiaonline.com.br\/site\/#website"},"breadcrumb":{"@id":"https:\/\/anoticiaonline.com.br\/site\/gerson-evaristo-e-o-novo-comandante-do-nac-para-o-hexagonal\/#breadcrumblist"},"author":{"@id":"https:\/\/anoticiaonline.com.br\/site\/author\/juliana\/#author"},"creator":{"@id":"https:\/\/anoticiaonline.com.br\/site\/author\/juliana\/#author"},"image":{"@type":"ImageObject","url":"https:\/\/anoticiaonline.com.br\/site\/wp-content\/uploads\/2017\/04\/Gerson-Evaristo-\u00e9-o-novo-comandante-do-NAC-para-o-Hexagonal.jpg","@id":"https:\/\/anoticiaonline.com.br\/site\/gerson-evaristo-e-o-novo-comandante-do-nac-para-o-hexagonal\/#mainImage","width":600,"height":450},"primaryImageOfPage":{"@id":"https:\/\/anoticiaonline.com.br\/site\/gerson-evaristo-e-o-novo-comandante-do-nac-para-o-hexagonal\/#mainImage"},"datePublished":"2017-04-03T10:49:56-03:00","dateModified":"2017-04-03T14:21:31-03:00"},{"@type":"WebSite","@id":"https:\/\/anoticiaonline.com.br\/site\/#website","url":"https:\/\/anoticiaonline.com.br\/site\/","name":"A Not\u00edcia Online","description":"Noticias de Muria\u00e9 e regi\u00e3o","inLanguage":"pt-BR","publisher":{"@id":"https:\/\/anoticiaonline.com.br\/site\/#organization"}}]},"og:locale":"pt_BR","og:site_name":"A Not\u00edcia Online - Noticias de Muria\u00e9 e regi\u00e3o","og:type":"article","og:title":"Gerson Evaristo \u00e9 o novo comandante do Nac para o Hexagonal - A Not\u00edcia Online","og:description":"Gerson Evaristo, conhecido como o \u201cRei do Acesso\u201d, tem a miss\u00e3o de comandar o Nac no Hexagonal Final do M\u00f3dulo II. Gerson tem um hist\u00f3rico de cinco acessos nos \u00faltimos cinco anos. O novo t\u00e9cnico do Nacional (na foto, o primeiro da direita para a esquerda) foi apresentado na manh\u00e3 da \u00faltima sexta-feira (31), no","og:url":"https:\/\/anoticiaonline.com.br\/site\/gerson-evaristo-e-o-novo-comandante-do-nac-para-o-hexagonal\/","og:image":"https:\/\/scontent-gig4-1.xx.fbcdn.net\/v\/t39.30808-1\/270437624_4564083193639691_6907940295614233970_n.jpg?stp=dst-jpg_s200x200_tt6&#038;_nc_cat=111&#038;ccb=1-7&#038;_nc_sid=f907e8&#038;_nc_ohc=SM1wRlP3lJwQ7kNvwEPuBYA&#038;_nc_oc=AdnqrjDN_BNjSSHWO-GbkIWH6fkGMLw4bqvL_NH6e2wMveX7G-rP2dAqsDSq1mJMOaY&#038;_nc_zt=24&#038;_nc_ht=scontent-gig4-1.xx&#038;_nc_gid=AoBFJeGrT1hVaew_6rchkQ&#038;oh=00_AfX7QmFGhQhG2jAllVgXCiM1ZrWgvtp80-Bfppyexh1QEg&#038;oe=689E923C","og:image:secure_url":"https:\/\/scontent-gig4-1.xx.fbcdn.net\/v\/t39.30808-1\/270437624_4564083193639691_6907940295614233970_n.jpg?stp=dst-jpg_s200x200_tt6&#038;_nc_cat=111&#038;ccb=1-7&#038;_nc_sid=f907e8&#038;_nc_ohc=SM1wRlP3lJwQ7kNvwEPuBYA&#038;_nc_oc=AdnqrjDN_BNjSSHWO-GbkIWH6fkGMLw4bqvL_NH6e2wMveX7G-rP2dAqsDSq1mJMOaY&#038;_nc_zt=24&#038;_nc_ht=scontent-gig4-1.xx&#038;_nc_gid=AoBFJeGrT1hVaew_6rchkQ&#038;oh=00_AfX7QmFGhQhG2jAllVgXCiM1ZrWgvtp80-Bfppyexh1QEg&#038;oe=689E923C","article:published_time":"2017-04-03T13:49:56+00:00","article:modified_time":"2017-04-03T17:21:31+00:00","twitter:card":"summary_large_image","twitter:title":"Gerson Evaristo \u00e9 o novo comandante do Nac para o Hexagonal - A Not\u00edcia Online","twitter:description":"Gerson Evaristo, conhecido como o \u201cRei do Acesso\u201d, tem a miss\u00e3o de comandar o Nac no Hexagonal Final do M\u00f3dulo II. Gerson tem um hist\u00f3rico de cinco acessos nos \u00faltimos cinco anos. O novo t\u00e9cnico do Nacional (na foto, o primeiro da direita para a esquerda) foi apresentado na manh\u00e3 da \u00faltima sexta-feira (31), no","twitter:image":"https:\/\/scontent-gig4-1.xx.fbcdn.net\/v\/t39.30808-1\/270437624_4564083193639691_6907940295614233970_n.jpg?stp=dst-jpg_s200x200_tt6&_nc_cat=111&ccb=1-7&_nc_sid=f907e8&_nc_ohc=SM1wRlP3lJwQ7kNvwEPuBYA&_nc_oc=AdnqrjDN_BNjSSHWO-GbkIWH6fkGMLw4bqvL_NH6e2wMveX7G-rP2dAqsDSq1mJMOaY&_nc_zt=24&_nc_ht=scontent-gig4-1.xx&_nc_gid=AoBFJeGrT1hVaew_6rchkQ&oh=00_AfX7QmFGhQhG2jAllVgXCiM1ZrWgvtp80-Bfppyexh1QEg&oe=689E923C"},"aioseo_meta_data":{"post_id":"27277","title":null,"description":null,"keywords":null,"keyphrases":null,"primary_term":null,"canonical_url":null,"og_title":null,"og_description":null,"og_object_type":"default","og_image_type":"default","og_image_url":null,"og_image_width":null,"og_image_height":null,"og_image_custom_url":null,"og_image_custom_fields":null,"og_video":null,"og_custom_url":null,"og_article_section":null,"og_article_tags":null,"twitter_use_og":false,"twitter_card":"default","twitter_image_type":"default","twitter_image_url":null,"twitter_image_custom_url":null,"twitter_image_custom_fields":null,"twitter_title":null,"twitter_description":null,"schema":{"blockGraphs":[],"customGraphs":[],"default":{"data":{"Article":[],"Course":[],"Dataset":[],"FAQPage":[],"Movie":[],"Person":[],"Product":[],"ProductReview":[],"Car":[],"Recipe":[],"Service":[],"SoftwareApplication":[],"WebPage":[]},"graphName":"","isEnabled":true},"graphs":[]},"schema_type":"default","schema_type_options":null,"pillar_content":false,"robots_default":true,"robots_noindex":false,"robots_noarchive":false,"robots_nosnippet":false,"robots_nofollow":false,"robots_noimageindex":false,"robots_noodp":false,"robots_notranslate":false,"robots_max_snippet":null,"robots_max_videopreview":null,"robots_max_imagepreview":"large","priority":null,"frequency":null,"local_seo":null,"breadcrumb_settings":null,"limit_modified_date":false,"ai":null,"created":"2025-08-16 18:06:59","updated":"2025-08-16 18:06:59","focus_keyword":null,"additional_keywords":null,"truseo_locale":null,"seo_analyzer_scan_date":null},"aioseo_breadcrumb":"<div class=\"aioseo-breadcrumbs\"><span class=\"aioseo-breadcrumb\">\n\t\t\t<a href=\"https:\/\/anoticiaonline.com.br\/site\" title=\"Home\">Home<\/a>\n\t\t<\/span><span class=\"aioseo-breadcrumb-separator\">&raquo;<\/span><span class=\"aioseo-breadcrumb\">\n\t\t\t<a href=\"https:\/\/anoticiaonline.com.br\/site\/categoria\/esporte\/\" title=\"Esporte\">Esporte<\/a>\n\t\t<\/span><span class=\"aioseo-breadcrumb-separator\">&raquo;<\/span><span class=\"aioseo-breadcrumb\">\n\t\t\tGerson Evaristo \u00e9 o novo comandante do Nac para o Hexagonal\n\t\t<\/span><\/div>","aioseo_breadcrumb_json":[{"label":"Home","link":"https:\/\/anoticiaonline.com.br\/site"},{"label":"Esporte","link":"https:\/\/anoticiaonline.com.br\/site\/categoria\/esporte\/"},{"label":"Gerson Evaristo \u00e9 o novo comandante do Nac para o Hexagonal","link":"https:\/\/anoticiaonline.com.br\/site\/gerson-evaristo-e-o-novo-comandante-do-nac-para-o-hexagonal\/"}],"views":132,"_links":{"self":[{"href":"https:\/\/anoticiaonline.com.br\/site\/wp-json\/wp\/v2\/posts\/27277","targetHints":{"allow":["GET"]}}],"collection":[{"href":"https:\/\/anoticiaonline.com.br\/site\/wp-json\/wp\/v2\/posts"}],"about":[{"href":"https:\/\/anoticiaonline.com.br\/site\/wp-json\/wp\/v2\/types\/post"}],"author":[{"embeddable":true,"href":"https:\/\/anoticiaonline.com.br\/site\/wp-json\/wp\/v2\/users\/2"}],"replies":[{"embeddable":true,"href":"https:\/\/anoticiaonline.com.br\/site\/wp-json\/wp\/v2\/comments?post=27277"}],"version-history":[{"count":0,"href":"https:\/\/anoticiaonline.com.br\/site\/wp-json\/wp\/v2\/posts\/27277\/revisions"}],"wp:featuredmedia":[{"embeddable":true,"href":"https:\/\/anoticiaonline.com.br\/site\/wp-json\/wp\/v2\/media\/27278"}],"wp:attachment":[{"href":"https:\/\/anoticiaonline.com.br\/site\/wp-json\/wp\/v2\/media?parent=27277"}],"wp:term":[{"taxonomy":"category","embeddable":true,"href":"https:\/\/anoticiaonline.com.br\/site\/wp-json\/wp\/v2\/categories?post=27277"},{"taxonomy":"post_tag","embeddable":true,"href":"https:\/\/anoticiaonline.com.br\/site\/wp-json\/wp\/v2\/tags?post=27277"}],"curies":[{"name":"wp","href":"https:\/\/api.w.org\/{rel}","templated":true}]}}