{"id":27264,"date":"2017-03-31T08:30:00","date_gmt":"2017-03-31T11:30:00","guid":{"rendered":"http:\/\/anoticiaonline.com.br\/site\/?p=27264"},"modified":"2017-03-30T22:52:21","modified_gmt":"2017-03-31T01:52:21","slug":"4a-exposicao-ranqueada-do-girolando-acontece-em-abril-em-leopoldina","status":"publish","type":"post","link":"https:\/\/anoticiaonline.com.br\/site\/4a-exposicao-ranqueada-do-girolando-acontece-em-abril-em-leopoldina\/","title":{"rendered":"4\u00aa Exposi\u00e7\u00e3o Ranqueada do Girolando acontece em abril, em Leopoldina"},"content":{"rendered":"<figure id=\"attachment_27265\" aria-describedby=\"caption-attachment-27265\" style=\"width: 290px\" class=\"wp-caption alignleft\"><a href=\"https:\/\/anoticiaonline.com.br\/site\/wp-content\/uploads\/2017\/03\/ZznWeb-090511.jpg\"><img fetchpriority=\"high\" decoding=\"async\" class=\"size-medium wp-image-27265\" src=\"https:\/\/anoticiaonline.com.br\/site\/wp-content\/uploads\/2017\/03\/ZznWeb-090511-300x200.jpg\" alt=\"Foto: Reprodu\u00e7\u00e3o\/Divulga\u00e7\u00e3o Fazendas do Basa\" width=\"300\" height=\"200\" srcset=\"https:\/\/anoticiaonline.com.br\/site\/wp-content\/uploads\/2017\/03\/ZznWeb-090511-300x200.jpg 300w, https:\/\/anoticiaonline.com.br\/site\/wp-content\/uploads\/2017\/03\/ZznWeb-090511.jpg 640w\" sizes=\"(max-width: 300px) 100vw, 300px\" \/><\/a><figcaption id=\"caption-attachment-27265\" class=\"wp-caption-text\">Foto: Reprodu\u00e7\u00e3o\/Divulga\u00e7\u00e3o Fazendas do Basa<\/figcaption><\/figure>\n<p>A Associa\u00e7\u00e3o dos Criadores de Girolando Sem Fronteiras, em parceria com as Fazendas do Basa e com entidades de classe, v\u00e3o promover a quarta edi\u00e7\u00e3o da Exposi\u00e7\u00e3o Ranqueada do Girolando, evento destinado aos produtores interessados no aumento da produtividade, veterin\u00e1rios e zootecnistas de bovinocultura da regi\u00e3o da Zona da Mata mineira.<\/p>\n<p>A exposi\u00e7\u00e3o, que ser\u00e1 realizada no Parque de Exposi\u00e7\u00f5es Jos\u00e9 Ribeiro dos Reis &#8211; Zequinha Reis, receber\u00e1 os animais nos dias 18 e 19 de abril e ter\u00e1 seus julgamentos de pista nos dias 21 e 22, tendo sua abertura oficial no dia 20 do pr\u00f3ximo m\u00eas, a partir das 17 horas, onde, logo ap\u00f3s, acontecer\u00e1 um evento sobre produ\u00e7\u00e3o e promo\u00e7\u00e3o da bovinocultura leiteira na Zona da Mata com o empres\u00e1rio e pecuarista Evandro Guimar\u00e3es e o professor em melhoramento gen\u00e9tico, Mateus Cunha. <em>(Confira abaixo o cartaz com a programa\u00e7\u00e3o do evento)<\/em><\/p>\n<p>Evandro do Carmo Guimar\u00e3es dar\u00e1 sua opini\u00e3o baseada em suas experi\u00eancias nas Fazendas do Basa, falando, entre outros temas, sobre oportunidade e visibilidade econ\u00f4mica na produ\u00e7\u00e3o de f\u00eameas leiteiras r\u00fasticas de altas lacta\u00e7\u00f5es, multiplica\u00e7\u00e3o, gen\u00e9tica, pol\u00edticas p\u00fablicas efetivas e qualidade.<\/p>\n<p>O professor Mateus Cunha, al\u00e9m de abordar o tema \u201cInova\u00e7\u00e3o dispon\u00edvel\u201d, dar\u00e1 treinamento para veterin\u00e1rios sobre a transfer\u00eancia de embri\u00e3o e o ABS-Neo. &#8220;O crescimento do uso dessa t\u00e9cnica no Brasil j\u00e1 \u00e9 considerado expressivo e h\u00e1 espa\u00e7o para crescer muito mais. No entanto, \u00e9 preciso conhecer n\u00e3o s\u00f3 seus benef\u00edcios, mas, principalmente, as rotinas e procedimentos necess\u00e1rios para obter resultados satisfat\u00f3rios&#8221;, explica Mateus Cunha.<\/p>\n<p>Ap\u00f3s as palestras e treinamento, haver\u00e1 o momento para esclarecer as d\u00favidas com as perguntas dos participantes.<\/p>\n<p>As inscri\u00e7\u00f5es s\u00e3o limitadas e as d\u00favidas sobre as mesmas poder\u00e3o ser esclarecidas pelo telefone (32) 3441-6001.<\/p>\n<p><strong>CLIQUE NO CARTAZ E CONFIRA A PROGRAMA\u00c7\u00c3O COMPLETA DA EXPOSI\u00c7\u00c3O:<\/strong><\/p>\n<p><a href=\"https:\/\/anoticiaonline.com.br\/site\/wp-content\/uploads\/2017\/03\/4\u00aa-Exposi\u00e7\u00e3o-Ranqueada-do-Girolando-acontece-em-abril-em-Leopoldina.jpg\"><img decoding=\"async\" class=\"alignnone size-medium wp-image-27266\" src=\"https:\/\/anoticiaonline.com.br\/site\/wp-content\/uploads\/2017\/03\/4\u00aa-Exposi\u00e7\u00e3o-Ranqueada-do-Girolando-acontece-em-abril-em-Leopoldina-215x300.jpg\" alt=\"4\u00aa Exposi\u00e7\u00e3o Ranqueada do Girolando acontece em abril, em Leopoldina\" width=\"215\" height=\"300\" srcset=\"https:\/\/anoticiaonline.com.br\/site\/wp-content\/uploads\/2017\/03\/4\u00aa-Exposi\u00e7\u00e3o-Ranqueada-do-Girolando-acontece-em-abril-em-Leopoldina-215x300.jpg 215w, https:\/\/anoticiaonline.com.br\/site\/wp-content\/uploads\/2017\/03\/4\u00aa-Exposi\u00e7\u00e3o-Ranqueada-do-Girolando-acontece-em-abril-em-Leopoldina.jpg 458w\" sizes=\"(max-width: 215px) 100vw, 215px\" \/><\/a><\/p>\n","protected":false},"excerpt":{"rendered":"<p>A Associa\u00e7\u00e3o dos Criadores de Girolando Sem Fronteiras, em parceria com as Fazendas do Basa e com entidades de classe, v\u00e3o promover a quarta edi\u00e7\u00e3o da Exposi\u00e7\u00e3o Ranqueada do Girolando, evento destinado aos produtores interessados no aumento da produtividade, veterin\u00e1rios e zootecnistas de bovinocultura da regi\u00e3o da Zona da Mata mineira. A exposi\u00e7\u00e3o, que ser\u00e1 &#8230; <a title=\"4\u00aa Exposi\u00e7\u00e3o Ranqueada do Girolando acontece em abril, em Leopoldina\" class=\"read-more\" href=\"https:\/\/anoticiaonline.com.br\/site\/4a-exposicao-ranqueada-do-girolando-acontece-em-abril-em-leopoldina\/\" aria-label=\"Read more about 4\u00aa Exposi\u00e7\u00e3o Ranqueada do Girolando acontece em abril, em Leopoldina\">Ler mais<\/a><\/p>\n","protected":false},"author":2,"featured_media":27265,"comment_status":"open","ping_status":"open","sticky":false,"template":"","format":"standard","meta":{"_acf_changed":false,"_monsterinsights_skip_tracking":false,"footnotes":""},"categories":[6],"tags":[3],"class_list":["post-27264","post","type-post","status-publish","format-standard","has-post-thumbnail","hentry","category-regiao","tag-slide"],"acf":[],"aioseo_notices":[],"aioseo_head":"\n\t\t<!-- All in One SEO 5.0.0.1 - aioseo.com -->\n\t<meta name=\"description\" content=\"A Associa\u00e7\u00e3o dos Criadores de Girolando Sem Fronteiras, em parceria com as Fazendas do Basa e com entidades de classe, v\u00e3o promover a quarta edi\u00e7\u00e3o da Exposi\u00e7\u00e3o Ranqueada do Girolando, evento destinado aos produtores interessados no aumento da produtividade, veterin\u00e1rios e zootecnistas de bovinocultura da regi\u00e3o da Zona da Mata mineira. A exposi\u00e7\u00e3o, que ser\u00e1\" \/>\n\t<meta name=\"robots\" content=\"max-image-preview:large\" \/>\n\t<meta name=\"author\" content=\"Juliana Laviola\"\/>\n\t<link rel=\"canonical\" href=\"https:\/\/anoticiaonline.com.br\/site\/4a-exposicao-ranqueada-do-girolando-acontece-em-abril-em-leopoldina\/\" \/>\n\t<meta name=\"generator\" content=\"All in One SEO (AIOSEO) 5.0.0.1\" \/>\n\t\t<meta property=\"og:locale\" content=\"pt_BR\" \/>\n\t\t<meta property=\"og:site_name\" content=\"A Not\u00edcia Online - Noticias de Muria\u00e9 e regi\u00e3o\" \/>\n\t\t<meta property=\"og:type\" content=\"article\" \/>\n\t\t<meta property=\"og:title\" content=\"4\u00aa Exposi\u00e7\u00e3o Ranqueada do Girolando acontece em abril, em Leopoldina - A Not\u00edcia Online\" \/>\n\t\t<meta property=\"og:description\" content=\"A Associa\u00e7\u00e3o dos Criadores de Girolando Sem Fronteiras, em parceria com as Fazendas do Basa e com entidades de classe, v\u00e3o promover a quarta edi\u00e7\u00e3o da Exposi\u00e7\u00e3o Ranqueada do Girolando, evento destinado aos produtores interessados no aumento da produtividade, veterin\u00e1rios e zootecnistas de bovinocultura da regi\u00e3o da Zona da Mata mineira. A exposi\u00e7\u00e3o, que ser\u00e1\" \/>\n\t\t<meta property=\"og:url\" content=\"https:\/\/anoticiaonline.com.br\/site\/4a-exposicao-ranqueada-do-girolando-acontece-em-abril-em-leopoldina\/\" \/>\n\t\t<meta property=\"og:image\" content=\"https:\/\/scontent-gig4-1.xx.fbcdn.net\/v\/t39.30808-1\/270437624_4564083193639691_6907940295614233970_n.jpg?stp=dst-jpg_s200x200_tt6&#038;_nc_cat=111&#038;ccb=1-7&#038;_nc_sid=f907e8&#038;_nc_ohc=SM1wRlP3lJwQ7kNvwEPuBYA&#038;_nc_oc=AdnqrjDN_BNjSSHWO-GbkIWH6fkGMLw4bqvL_NH6e2wMveX7G-rP2dAqsDSq1mJMOaY&#038;_nc_zt=24&#038;_nc_ht=scontent-gig4-1.xx&#038;_nc_gid=AoBFJeGrT1hVaew_6rchkQ&#038;oh=00_AfX7QmFGhQhG2jAllVgXCiM1ZrWgvtp80-Bfppyexh1QEg&#038;oe=689E923C\" \/>\n\t\t<meta property=\"og:image:secure_url\" content=\"https:\/\/scontent-gig4-1.xx.fbcdn.net\/v\/t39.30808-1\/270437624_4564083193639691_6907940295614233970_n.jpg?stp=dst-jpg_s200x200_tt6&#038;_nc_cat=111&#038;ccb=1-7&#038;_nc_sid=f907e8&#038;_nc_ohc=SM1wRlP3lJwQ7kNvwEPuBYA&#038;_nc_oc=AdnqrjDN_BNjSSHWO-GbkIWH6fkGMLw4bqvL_NH6e2wMveX7G-rP2dAqsDSq1mJMOaY&#038;_nc_zt=24&#038;_nc_ht=scontent-gig4-1.xx&#038;_nc_gid=AoBFJeGrT1hVaew_6rchkQ&#038;oh=00_AfX7QmFGhQhG2jAllVgXCiM1ZrWgvtp80-Bfppyexh1QEg&#038;oe=689E923C\" \/>\n\t\t<meta property=\"article:published_time\" content=\"2017-03-31T11:30:00+00:00\" \/>\n\t\t<meta property=\"article:modified_time\" content=\"2017-03-31T01:52:21+00:00\" \/>\n\t\t<meta name=\"twitter:card\" content=\"summary_large_image\" \/>\n\t\t<meta name=\"twitter:title\" content=\"4\u00aa Exposi\u00e7\u00e3o Ranqueada do Girolando acontece em abril, em Leopoldina - A Not\u00edcia Online\" \/>\n\t\t<meta name=\"twitter:description\" content=\"A Associa\u00e7\u00e3o dos Criadores de Girolando Sem Fronteiras, em parceria com as Fazendas do Basa e com entidades de classe, v\u00e3o promover a quarta edi\u00e7\u00e3o da Exposi\u00e7\u00e3o Ranqueada do Girolando, evento destinado aos produtores interessados no aumento da produtividade, veterin\u00e1rios e zootecnistas de bovinocultura da regi\u00e3o da Zona da Mata mineira. A exposi\u00e7\u00e3o, que ser\u00e1\" \/>\n\t\t<meta name=\"twitter:image\" content=\"https:\/\/scontent-gig4-1.xx.fbcdn.net\/v\/t39.30808-1\/270437624_4564083193639691_6907940295614233970_n.jpg?stp=dst-jpg_s200x200_tt6&amp;_nc_cat=111&amp;ccb=1-7&amp;_nc_sid=f907e8&amp;_nc_ohc=SM1wRlP3lJwQ7kNvwEPuBYA&amp;_nc_oc=AdnqrjDN_BNjSSHWO-GbkIWH6fkGMLw4bqvL_NH6e2wMveX7G-rP2dAqsDSq1mJMOaY&amp;_nc_zt=24&amp;_nc_ht=scontent-gig4-1.xx&amp;_nc_gid=AoBFJeGrT1hVaew_6rchkQ&amp;oh=00_AfX7QmFGhQhG2jAllVgXCiM1ZrWgvtp80-Bfppyexh1QEg&amp;oe=689E923C\" \/>\n\t\t<script type=\"application\/ld+json\" class=\"aioseo-schema\">\n\t\t\t{\"@context\":\"https:\\\/\\\/schema.org\",\"@graph\":[{\"@type\":\"BlogPosting\",\"@id\":\"https:\\\/\\\/anoticiaonline.com.br\\\/site\\\/4a-exposicao-ranqueada-do-girolando-acontece-em-abril-em-leopoldina\\\/#blogposting\",\"name\":\"4\\u00aa Exposi\\u00e7\\u00e3o Ranqueada do Girolando acontece em abril, em Leopoldina - A Not\\u00edcia Online\",\"headline\":\"4\\u00aa Exposi\\u00e7\\u00e3o Ranqueada do Girolando acontece em abril, em Leopoldina\",\"author\":{\"@id\":\"https:\\\/\\\/anoticiaonline.com.br\\\/site\\\/author\\\/juliana\\\/#author\"},\"publisher\":{\"@id\":\"https:\\\/\\\/anoticiaonline.com.br\\\/site\\\/#organization\"},\"image\":{\"@type\":\"ImageObject\",\"url\":\"https:\\\/\\\/anoticiaonline.com.br\\\/site\\\/wp-content\\\/uploads\\\/2017\\\/03\\\/ZznWeb-090511.jpg\",\"width\":640,\"height\":426,\"caption\":\"Foto: Reprodu\\u00e7\\u00e3o\\\/Divulga\\u00e7\\u00e3o Fazendas do Basa\"},\"datePublished\":\"2017-03-31T08:30:00-03:00\",\"dateModified\":\"2017-03-30T22:52:21-03:00\",\"inLanguage\":\"pt-BR\",\"mainEntityOfPage\":{\"@id\":\"https:\\\/\\\/anoticiaonline.com.br\\\/site\\\/4a-exposicao-ranqueada-do-girolando-acontece-em-abril-em-leopoldina\\\/#webpage\"},\"isPartOf\":{\"@id\":\"https:\\\/\\\/anoticiaonline.com.br\\\/site\\\/4a-exposicao-ranqueada-do-girolando-acontece-em-abril-em-leopoldina\\\/#webpage\"},\"articleSection\":\"Regi\\u00e3o, slide\"},{\"@type\":\"BreadcrumbList\",\"@id\":\"https:\\\/\\\/anoticiaonline.com.br\\\/site\\\/4a-exposicao-ranqueada-do-girolando-acontece-em-abril-em-leopoldina\\\/#breadcrumblist\",\"itemListElement\":[{\"@type\":\"ListItem\",\"@id\":\"https:\\\/\\\/anoticiaonline.com.br\\\/site#listItem\",\"position\":1,\"name\":\"Home\",\"item\":\"https:\\\/\\\/anoticiaonline.com.br\\\/site\",\"nextItem\":{\"@type\":\"ListItem\",\"@id\":\"https:\\\/\\\/anoticiaonline.com.br\\\/site\\\/categoria\\\/regiao\\\/#listItem\",\"name\":\"Regi\\u00e3o\"}},{\"@type\":\"ListItem\",\"@id\":\"https:\\\/\\\/anoticiaonline.com.br\\\/site\\\/categoria\\\/regiao\\\/#listItem\",\"position\":2,\"name\":\"Regi\\u00e3o\",\"item\":\"https:\\\/\\\/anoticiaonline.com.br\\\/site\\\/categoria\\\/regiao\\\/\",\"nextItem\":{\"@type\":\"ListItem\",\"@id\":\"https:\\\/\\\/anoticiaonline.com.br\\\/site\\\/4a-exposicao-ranqueada-do-girolando-acontece-em-abril-em-leopoldina\\\/#listItem\",\"name\":\"4\\u00aa Exposi\\u00e7\\u00e3o Ranqueada do Girolando acontece em abril, em Leopoldina\"},\"previousItem\":{\"@type\":\"ListItem\",\"@id\":\"https:\\\/\\\/anoticiaonline.com.br\\\/site#listItem\",\"name\":\"Home\"}},{\"@type\":\"ListItem\",\"@id\":\"https:\\\/\\\/anoticiaonline.com.br\\\/site\\\/4a-exposicao-ranqueada-do-girolando-acontece-em-abril-em-leopoldina\\\/#listItem\",\"position\":3,\"name\":\"4\\u00aa Exposi\\u00e7\\u00e3o Ranqueada do Girolando acontece em abril, em Leopoldina\",\"previousItem\":{\"@type\":\"ListItem\",\"@id\":\"https:\\\/\\\/anoticiaonline.com.br\\\/site\\\/categoria\\\/regiao\\\/#listItem\",\"name\":\"Regi\\u00e3o\"}}]},{\"@type\":\"Organization\",\"@id\":\"https:\\\/\\\/anoticiaonline.com.br\\\/site\\\/#organization\",\"name\":\"A Not\\u00edcia Online\",\"description\":\"Noticias de Muria\\u00e9 e regi\\u00e3o\",\"url\":\"https:\\\/\\\/anoticiaonline.com.br\\\/site\\\/\",\"logo\":{\"@type\":\"ImageObject\",\"url\":\"https:\\\/\\\/scontent-gig4-1.xx.fbcdn.net\\\/v\\\/t39.30808-1\\\/270437624_4564083193639691_6907940295614233970_n.jpg?stp=dst-jpg_s200x200_tt6&_nc_cat=111&ccb=1-7&_nc_sid=f907e8&_nc_ohc=SM1wRlP3lJwQ7kNvwEPuBYA&_nc_oc=AdnqrjDN_BNjSSHWO-GbkIWH6fkGMLw4bqvL_NH6e2wMveX7G-rP2dAqsDSq1mJMOaY&_nc_zt=24&_nc_ht=scontent-gig4-1.xx&_nc_gid=AoBFJeGrT1hVaew_6rchkQ&oh=00_AfX7QmFGhQhG2jAllVgXCiM1ZrWgvtp80-Bfppyexh1QEg&oe=689E923C\",\"@id\":\"https:\\\/\\\/anoticiaonline.com.br\\\/site\\\/4a-exposicao-ranqueada-do-girolando-acontece-em-abril-em-leopoldina\\\/#organizationLogo\"},\"image\":{\"@id\":\"https:\\\/\\\/anoticiaonline.com.br\\\/site\\\/4a-exposicao-ranqueada-do-girolando-acontece-em-abril-em-leopoldina\\\/#organizationLogo\"}},{\"@type\":\"Person\",\"@id\":\"https:\\\/\\\/anoticiaonline.com.br\\\/site\\\/author\\\/juliana\\\/#author\",\"url\":\"https:\\\/\\\/anoticiaonline.com.br\\\/site\\\/author\\\/juliana\\\/\",\"name\":\"Juliana Laviola\",\"image\":{\"@type\":\"ImageObject\",\"@id\":\"https:\\\/\\\/anoticiaonline.com.br\\\/site\\\/4a-exposicao-ranqueada-do-girolando-acontece-em-abril-em-leopoldina\\\/#authorImage\",\"url\":\"https:\\\/\\\/secure.gravatar.com\\\/avatar\\\/b8d45f5c699b100dfaf0e543582f38f38bf94cb7ae3a5e9abf8d891a34773335?s=96&d=mm&r=g\",\"width\":96,\"height\":96,\"caption\":\"Juliana Laviola\"}},{\"@type\":\"WebPage\",\"@id\":\"https:\\\/\\\/anoticiaonline.com.br\\\/site\\\/4a-exposicao-ranqueada-do-girolando-acontece-em-abril-em-leopoldina\\\/#webpage\",\"url\":\"https:\\\/\\\/anoticiaonline.com.br\\\/site\\\/4a-exposicao-ranqueada-do-girolando-acontece-em-abril-em-leopoldina\\\/\",\"name\":\"4\\u00aa Exposi\\u00e7\\u00e3o Ranqueada do Girolando acontece em abril, em Leopoldina - A Not\\u00edcia Online\",\"description\":\"A Associa\\u00e7\\u00e3o dos Criadores de Girolando Sem Fronteiras, em parceria com as Fazendas do Basa e com entidades de classe, v\\u00e3o promover a quarta edi\\u00e7\\u00e3o da Exposi\\u00e7\\u00e3o Ranqueada do Girolando, evento destinado aos produtores interessados no aumento da produtividade, veterin\\u00e1rios e zootecnistas de bovinocultura da regi\\u00e3o da Zona da Mata mineira. A exposi\\u00e7\\u00e3o, que ser\\u00e1\",\"inLanguage\":\"pt-BR\",\"isPartOf\":{\"@id\":\"https:\\\/\\\/anoticiaonline.com.br\\\/site\\\/#website\"},\"breadcrumb\":{\"@id\":\"https:\\\/\\\/anoticiaonline.com.br\\\/site\\\/4a-exposicao-ranqueada-do-girolando-acontece-em-abril-em-leopoldina\\\/#breadcrumblist\"},\"author\":{\"@id\":\"https:\\\/\\\/anoticiaonline.com.br\\\/site\\\/author\\\/juliana\\\/#author\"},\"creator\":{\"@id\":\"https:\\\/\\\/anoticiaonline.com.br\\\/site\\\/author\\\/juliana\\\/#author\"},\"image\":{\"@type\":\"ImageObject\",\"url\":\"https:\\\/\\\/anoticiaonline.com.br\\\/site\\\/wp-content\\\/uploads\\\/2017\\\/03\\\/ZznWeb-090511.jpg\",\"@id\":\"https:\\\/\\\/anoticiaonline.com.br\\\/site\\\/4a-exposicao-ranqueada-do-girolando-acontece-em-abril-em-leopoldina\\\/#mainImage\",\"width\":640,\"height\":426,\"caption\":\"Foto: Reprodu\\u00e7\\u00e3o\\\/Divulga\\u00e7\\u00e3o Fazendas do Basa\"},\"primaryImageOfPage\":{\"@id\":\"https:\\\/\\\/anoticiaonline.com.br\\\/site\\\/4a-exposicao-ranqueada-do-girolando-acontece-em-abril-em-leopoldina\\\/#mainImage\"},\"datePublished\":\"2017-03-31T08:30:00-03:00\",\"dateModified\":\"2017-03-30T22:52:21-03:00\"},{\"@type\":\"WebSite\",\"@id\":\"https:\\\/\\\/anoticiaonline.com.br\\\/site\\\/#website\",\"url\":\"https:\\\/\\\/anoticiaonline.com.br\\\/site\\\/\",\"name\":\"A Not\\u00edcia Online\",\"description\":\"Noticias de Muria\\u00e9 e regi\\u00e3o\",\"inLanguage\":\"pt-BR\",\"publisher\":{\"@id\":\"https:\\\/\\\/anoticiaonline.com.br\\\/site\\\/#organization\"}}]}\n\t\t<\/script>\n\t\t<!-- All in One SEO -->\n\n","aioseo_head_json":{"title":"4\u00aa Exposi\u00e7\u00e3o Ranqueada do Girolando acontece em abril, em Leopoldina - A Not\u00edcia Online","description":"A Associa\u00e7\u00e3o dos Criadores de Girolando Sem Fronteiras, em parceria com as Fazendas do Basa e com entidades de classe, v\u00e3o promover a quarta edi\u00e7\u00e3o da Exposi\u00e7\u00e3o Ranqueada do Girolando, evento destinado aos produtores interessados no aumento da produtividade, veterin\u00e1rios e zootecnistas de bovinocultura da regi\u00e3o da Zona da Mata mineira. A exposi\u00e7\u00e3o, que ser\u00e1","canonical_url":"https:\/\/anoticiaonline.com.br\/site\/4a-exposicao-ranqueada-do-girolando-acontece-em-abril-em-leopoldina\/","robots":"max-image-preview:large","keywords":"","webmasterTools":{"miscellaneous":""},"schema":{"@context":"https:\/\/schema.org","@graph":[{"@type":"BlogPosting","@id":"https:\/\/anoticiaonline.com.br\/site\/4a-exposicao-ranqueada-do-girolando-acontece-em-abril-em-leopoldina\/#blogposting","name":"4\u00aa Exposi\u00e7\u00e3o Ranqueada do Girolando acontece em abril, em Leopoldina - A Not\u00edcia Online","headline":"4\u00aa Exposi\u00e7\u00e3o Ranqueada do Girolando acontece em abril, em Leopoldina","author":{"@id":"https:\/\/anoticiaonline.com.br\/site\/author\/juliana\/#author"},"publisher":{"@id":"https:\/\/anoticiaonline.com.br\/site\/#organization"},"image":{"@type":"ImageObject","url":"https:\/\/anoticiaonline.com.br\/site\/wp-content\/uploads\/2017\/03\/ZznWeb-090511.jpg","width":640,"height":426,"caption":"Foto: Reprodu\u00e7\u00e3o\/Divulga\u00e7\u00e3o Fazendas do Basa"},"datePublished":"2017-03-31T08:30:00-03:00","dateModified":"2017-03-30T22:52:21-03:00","inLanguage":"pt-BR","mainEntityOfPage":{"@id":"https:\/\/anoticiaonline.com.br\/site\/4a-exposicao-ranqueada-do-girolando-acontece-em-abril-em-leopoldina\/#webpage"},"isPartOf":{"@id":"https:\/\/anoticiaonline.com.br\/site\/4a-exposicao-ranqueada-do-girolando-acontece-em-abril-em-leopoldina\/#webpage"},"articleSection":"Regi\u00e3o, slide"},{"@type":"BreadcrumbList","@id":"https:\/\/anoticiaonline.com.br\/site\/4a-exposicao-ranqueada-do-girolando-acontece-em-abril-em-leopoldina\/#breadcrumblist","itemListElement":[{"@type":"ListItem","@id":"https:\/\/anoticiaonline.com.br\/site#listItem","position":1,"name":"Home","item":"https:\/\/anoticiaonline.com.br\/site","nextItem":{"@type":"ListItem","@id":"https:\/\/anoticiaonline.com.br\/site\/categoria\/regiao\/#listItem","name":"Regi\u00e3o"}},{"@type":"ListItem","@id":"https:\/\/anoticiaonline.com.br\/site\/categoria\/regiao\/#listItem","position":2,"name":"Regi\u00e3o","item":"https:\/\/anoticiaonline.com.br\/site\/categoria\/regiao\/","nextItem":{"@type":"ListItem","@id":"https:\/\/anoticiaonline.com.br\/site\/4a-exposicao-ranqueada-do-girolando-acontece-em-abril-em-leopoldina\/#listItem","name":"4\u00aa Exposi\u00e7\u00e3o Ranqueada do Girolando acontece em abril, em Leopoldina"},"previousItem":{"@type":"ListItem","@id":"https:\/\/anoticiaonline.com.br\/site#listItem","name":"Home"}},{"@type":"ListItem","@id":"https:\/\/anoticiaonline.com.br\/site\/4a-exposicao-ranqueada-do-girolando-acontece-em-abril-em-leopoldina\/#listItem","position":3,"name":"4\u00aa Exposi\u00e7\u00e3o Ranqueada do Girolando acontece em abril, em Leopoldina","previousItem":{"@type":"ListItem","@id":"https:\/\/anoticiaonline.com.br\/site\/categoria\/regiao\/#listItem","name":"Regi\u00e3o"}}]},{"@type":"Organization","@id":"https:\/\/anoticiaonline.com.br\/site\/#organization","name":"A Not\u00edcia Online","description":"Noticias de Muria\u00e9 e regi\u00e3o","url":"https:\/\/anoticiaonline.com.br\/site\/","logo":{"@type":"ImageObject","url":"https:\/\/scontent-gig4-1.xx.fbcdn.net\/v\/t39.30808-1\/270437624_4564083193639691_6907940295614233970_n.jpg?stp=dst-jpg_s200x200_tt6&_nc_cat=111&ccb=1-7&_nc_sid=f907e8&_nc_ohc=SM1wRlP3lJwQ7kNvwEPuBYA&_nc_oc=AdnqrjDN_BNjSSHWO-GbkIWH6fkGMLw4bqvL_NH6e2wMveX7G-rP2dAqsDSq1mJMOaY&_nc_zt=24&_nc_ht=scontent-gig4-1.xx&_nc_gid=AoBFJeGrT1hVaew_6rchkQ&oh=00_AfX7QmFGhQhG2jAllVgXCiM1ZrWgvtp80-Bfppyexh1QEg&oe=689E923C","@id":"https:\/\/anoticiaonline.com.br\/site\/4a-exposicao-ranqueada-do-girolando-acontece-em-abril-em-leopoldina\/#organizationLogo"},"image":{"@id":"https:\/\/anoticiaonline.com.br\/site\/4a-exposicao-ranqueada-do-girolando-acontece-em-abril-em-leopoldina\/#organizationLogo"}},{"@type":"Person","@id":"https:\/\/anoticiaonline.com.br\/site\/author\/juliana\/#author","url":"https:\/\/anoticiaonline.com.br\/site\/author\/juliana\/","name":"Juliana Laviola","image":{"@type":"ImageObject","@id":"https:\/\/anoticiaonline.com.br\/site\/4a-exposicao-ranqueada-do-girolando-acontece-em-abril-em-leopoldina\/#authorImage","url":"https:\/\/secure.gravatar.com\/avatar\/b8d45f5c699b100dfaf0e543582f38f38bf94cb7ae3a5e9abf8d891a34773335?s=96&d=mm&r=g","width":96,"height":96,"caption":"Juliana Laviola"}},{"@type":"WebPage","@id":"https:\/\/anoticiaonline.com.br\/site\/4a-exposicao-ranqueada-do-girolando-acontece-em-abril-em-leopoldina\/#webpage","url":"https:\/\/anoticiaonline.com.br\/site\/4a-exposicao-ranqueada-do-girolando-acontece-em-abril-em-leopoldina\/","name":"4\u00aa Exposi\u00e7\u00e3o Ranqueada do Girolando acontece em abril, em Leopoldina - A Not\u00edcia Online","description":"A Associa\u00e7\u00e3o dos Criadores de Girolando Sem Fronteiras, em parceria com as Fazendas do Basa e com entidades de classe, v\u00e3o promover a quarta edi\u00e7\u00e3o da Exposi\u00e7\u00e3o Ranqueada do Girolando, evento destinado aos produtores interessados no aumento da produtividade, veterin\u00e1rios e zootecnistas de bovinocultura da regi\u00e3o da Zona da Mata mineira. A exposi\u00e7\u00e3o, que ser\u00e1","inLanguage":"pt-BR","isPartOf":{"@id":"https:\/\/anoticiaonline.com.br\/site\/#website"},"breadcrumb":{"@id":"https:\/\/anoticiaonline.com.br\/site\/4a-exposicao-ranqueada-do-girolando-acontece-em-abril-em-leopoldina\/#breadcrumblist"},"author":{"@id":"https:\/\/anoticiaonline.com.br\/site\/author\/juliana\/#author"},"creator":{"@id":"https:\/\/anoticiaonline.com.br\/site\/author\/juliana\/#author"},"image":{"@type":"ImageObject","url":"https:\/\/anoticiaonline.com.br\/site\/wp-content\/uploads\/2017\/03\/ZznWeb-090511.jpg","@id":"https:\/\/anoticiaonline.com.br\/site\/4a-exposicao-ranqueada-do-girolando-acontece-em-abril-em-leopoldina\/#mainImage","width":640,"height":426,"caption":"Foto: Reprodu\u00e7\u00e3o\/Divulga\u00e7\u00e3o Fazendas do Basa"},"primaryImageOfPage":{"@id":"https:\/\/anoticiaonline.com.br\/site\/4a-exposicao-ranqueada-do-girolando-acontece-em-abril-em-leopoldina\/#mainImage"},"datePublished":"2017-03-31T08:30:00-03:00","dateModified":"2017-03-30T22:52:21-03:00"},{"@type":"WebSite","@id":"https:\/\/anoticiaonline.com.br\/site\/#website","url":"https:\/\/anoticiaonline.com.br\/site\/","name":"A Not\u00edcia Online","description":"Noticias de Muria\u00e9 e regi\u00e3o","inLanguage":"pt-BR","publisher":{"@id":"https:\/\/anoticiaonline.com.br\/site\/#organization"}}]},"og:locale":"pt_BR","og:site_name":"A Not\u00edcia Online - Noticias de Muria\u00e9 e regi\u00e3o","og:type":"article","og:title":"4\u00aa Exposi\u00e7\u00e3o Ranqueada do Girolando acontece em abril, em Leopoldina - A Not\u00edcia Online","og:description":"A Associa\u00e7\u00e3o dos Criadores de Girolando Sem Fronteiras, em parceria com as Fazendas do Basa e com entidades de classe, v\u00e3o promover a quarta edi\u00e7\u00e3o da Exposi\u00e7\u00e3o Ranqueada do Girolando, evento destinado aos produtores interessados no aumento da produtividade, veterin\u00e1rios e zootecnistas de bovinocultura da regi\u00e3o da Zona da Mata mineira. A exposi\u00e7\u00e3o, que ser\u00e1","og:url":"https:\/\/anoticiaonline.com.br\/site\/4a-exposicao-ranqueada-do-girolando-acontece-em-abril-em-leopoldina\/","og:image":"https:\/\/scontent-gig4-1.xx.fbcdn.net\/v\/t39.30808-1\/270437624_4564083193639691_6907940295614233970_n.jpg?stp=dst-jpg_s200x200_tt6&#038;_nc_cat=111&#038;ccb=1-7&#038;_nc_sid=f907e8&#038;_nc_ohc=SM1wRlP3lJwQ7kNvwEPuBYA&#038;_nc_oc=AdnqrjDN_BNjSSHWO-GbkIWH6fkGMLw4bqvL_NH6e2wMveX7G-rP2dAqsDSq1mJMOaY&#038;_nc_zt=24&#038;_nc_ht=scontent-gig4-1.xx&#038;_nc_gid=AoBFJeGrT1hVaew_6rchkQ&#038;oh=00_AfX7QmFGhQhG2jAllVgXCiM1ZrWgvtp80-Bfppyexh1QEg&#038;oe=689E923C","og:image:secure_url":"https:\/\/scontent-gig4-1.xx.fbcdn.net\/v\/t39.30808-1\/270437624_4564083193639691_6907940295614233970_n.jpg?stp=dst-jpg_s200x200_tt6&#038;_nc_cat=111&#038;ccb=1-7&#038;_nc_sid=f907e8&#038;_nc_ohc=SM1wRlP3lJwQ7kNvwEPuBYA&#038;_nc_oc=AdnqrjDN_BNjSSHWO-GbkIWH6fkGMLw4bqvL_NH6e2wMveX7G-rP2dAqsDSq1mJMOaY&#038;_nc_zt=24&#038;_nc_ht=scontent-gig4-1.xx&#038;_nc_gid=AoBFJeGrT1hVaew_6rchkQ&#038;oh=00_AfX7QmFGhQhG2jAllVgXCiM1ZrWgvtp80-Bfppyexh1QEg&#038;oe=689E923C","article:published_time":"2017-03-31T11:30:00+00:00","article:modified_time":"2017-03-31T01:52:21+00:00","twitter:card":"summary_large_image","twitter:title":"4\u00aa Exposi\u00e7\u00e3o Ranqueada do Girolando acontece em abril, em Leopoldina - A Not\u00edcia Online","twitter:description":"A Associa\u00e7\u00e3o dos Criadores de Girolando Sem Fronteiras, em parceria com as Fazendas do Basa e com entidades de classe, v\u00e3o promover a quarta edi\u00e7\u00e3o da Exposi\u00e7\u00e3o Ranqueada do Girolando, evento destinado aos produtores interessados no aumento da produtividade, veterin\u00e1rios e zootecnistas de bovinocultura da regi\u00e3o da Zona da Mata mineira. A exposi\u00e7\u00e3o, que ser\u00e1","twitter:image":"https:\/\/scontent-gig4-1.xx.fbcdn.net\/v\/t39.30808-1\/270437624_4564083193639691_6907940295614233970_n.jpg?stp=dst-jpg_s200x200_tt6&_nc_cat=111&ccb=1-7&_nc_sid=f907e8&_nc_ohc=SM1wRlP3lJwQ7kNvwEPuBYA&_nc_oc=AdnqrjDN_BNjSSHWO-GbkIWH6fkGMLw4bqvL_NH6e2wMveX7G-rP2dAqsDSq1mJMOaY&_nc_zt=24&_nc_ht=scontent-gig4-1.xx&_nc_gid=AoBFJeGrT1hVaew_6rchkQ&oh=00_AfX7QmFGhQhG2jAllVgXCiM1ZrWgvtp80-Bfppyexh1QEg&oe=689E923C"},"aioseo_meta_data":{"post_id":"27264","title":null,"description":null,"keywords":null,"keyphrases":null,"primary_term":null,"canonical_url":null,"og_title":null,"og_description":null,"og_object_type":"default","og_image_type":"default","og_image_url":null,"og_image_width":null,"og_image_height":null,"og_image_custom_url":null,"og_image_custom_fields":null,"og_video":null,"og_custom_url":null,"og_article_section":null,"og_article_tags":null,"twitter_use_og":false,"twitter_card":"default","twitter_image_type":"default","twitter_image_url":null,"twitter_image_custom_url":null,"twitter_image_custom_fields":null,"twitter_title":null,"twitter_description":null,"schema":{"blockGraphs":[],"customGraphs":[],"default":{"data":{"Article":[],"Course":[],"Dataset":[],"FAQPage":[],"Movie":[],"Person":[],"Product":[],"ProductReview":[],"Car":[],"Recipe":[],"Service":[],"SoftwareApplication":[],"WebPage":[]},"graphName":"","isEnabled":true},"graphs":[]},"schema_type":"default","schema_type_options":null,"pillar_content":false,"robots_default":true,"robots_noindex":false,"robots_noarchive":false,"robots_nosnippet":false,"robots_nofollow":false,"robots_noimageindex":false,"robots_noodp":false,"robots_notranslate":false,"robots_max_snippet":null,"robots_max_videopreview":null,"robots_max_imagepreview":"large","priority":null,"frequency":null,"local_seo":null,"breadcrumb_settings":null,"limit_modified_date":false,"ai":null,"created":"2025-08-16 18:06:59","updated":"2025-08-16 18:06:59","focus_keyword":null,"additional_keywords":null,"truseo_locale":null,"seo_analyzer_scan_date":null},"aioseo_breadcrumb":"<div class=\"aioseo-breadcrumbs\"><span class=\"aioseo-breadcrumb\">\n\t\t\t<a href=\"https:\/\/anoticiaonline.com.br\/site\" title=\"Home\">Home<\/a>\n\t\t<\/span><span class=\"aioseo-breadcrumb-separator\">&raquo;<\/span><span class=\"aioseo-breadcrumb\">\n\t\t\t<a href=\"https:\/\/anoticiaonline.com.br\/site\/categoria\/regiao\/\" title=\"Regi\u00e3o\">Regi\u00e3o<\/a>\n\t\t<\/span><span class=\"aioseo-breadcrumb-separator\">&raquo;<\/span><span class=\"aioseo-breadcrumb\">\n\t\t\t4\u00aa Exposi\u00e7\u00e3o Ranqueada do Girolando acontece em abril, em Leopoldina\n\t\t<\/span><\/div>","aioseo_breadcrumb_json":[{"label":"Home","link":"https:\/\/anoticiaonline.com.br\/site"},{"label":"Regi\u00e3o","link":"https:\/\/anoticiaonline.com.br\/site\/categoria\/regiao\/"},{"label":"4\u00aa Exposi\u00e7\u00e3o Ranqueada do Girolando acontece em abril, em Leopoldina","link":"https:\/\/anoticiaonline.com.br\/site\/4a-exposicao-ranqueada-do-girolando-acontece-em-abril-em-leopoldina\/"}],"views":121,"_links":{"self":[{"href":"https:\/\/anoticiaonline.com.br\/site\/wp-json\/wp\/v2\/posts\/27264","targetHints":{"allow":["GET"]}}],"collection":[{"href":"https:\/\/anoticiaonline.com.br\/site\/wp-json\/wp\/v2\/posts"}],"about":[{"href":"https:\/\/anoticiaonline.com.br\/site\/wp-json\/wp\/v2\/types\/post"}],"author":[{"embeddable":true,"href":"https:\/\/anoticiaonline.com.br\/site\/wp-json\/wp\/v2\/users\/2"}],"replies":[{"embeddable":true,"href":"https:\/\/anoticiaonline.com.br\/site\/wp-json\/wp\/v2\/comments?post=27264"}],"version-history":[{"count":0,"href":"https:\/\/anoticiaonline.com.br\/site\/wp-json\/wp\/v2\/posts\/27264\/revisions"}],"wp:featuredmedia":[{"embeddable":true,"href":"https:\/\/anoticiaonline.com.br\/site\/wp-json\/wp\/v2\/media\/27265"}],"wp:attachment":[{"href":"https:\/\/anoticiaonline.com.br\/site\/wp-json\/wp\/v2\/media?parent=27264"}],"wp:term":[{"taxonomy":"category","embeddable":true,"href":"https:\/\/anoticiaonline.com.br\/site\/wp-json\/wp\/v2\/categories?post=27264"},{"taxonomy":"post_tag","embeddable":true,"href":"https:\/\/anoticiaonline.com.br\/site\/wp-json\/wp\/v2\/tags?post=27264"}],"curies":[{"name":"wp","href":"https:\/\/api.w.org\/{rel}","templated":true}]}}