{"id":27206,"date":"2017-03-29T15:00:06","date_gmt":"2017-03-29T18:00:06","guid":{"rendered":"http:\/\/anoticiaonline.com.br\/site\/?p=27206"},"modified":"2017-03-30T21:43:00","modified_gmt":"2017-03-31T00:43:00","slug":"exposicao-especializada-do-cavalo-mangalarga-marchador-de-muriae-e-sucesso-em-sua-primeira-edicao","status":"publish","type":"post","link":"https:\/\/anoticiaonline.com.br\/site\/exposicao-especializada-do-cavalo-mangalarga-marchador-de-muriae-e-sucesso-em-sua-primeira-edicao\/","title":{"rendered":"Exposi\u00e7\u00e3o Especializada do Cavalo Mangalarga Marchador de Muria\u00e9 \u00e9 sucesso em sua primeira edi\u00e7\u00e3o"},"content":{"rendered":"<p><a href=\"https:\/\/anoticiaonline.com.br\/site\/wp-content\/uploads\/2017\/03\/DSC_0786.jpg\"><img fetchpriority=\"high\" decoding=\"async\" class=\" size-medium wp-image-27207 alignleft\" src=\"https:\/\/anoticiaonline.com.br\/site\/wp-content\/uploads\/2017\/03\/DSC_0786-300x181.jpg\" alt=\"DSC_0786\" width=\"300\" height=\"181\" srcset=\"https:\/\/anoticiaonline.com.br\/site\/wp-content\/uploads\/2017\/03\/DSC_0786-300x181.jpg 300w, https:\/\/anoticiaonline.com.br\/site\/wp-content\/uploads\/2017\/03\/DSC_0786.jpg 640w\" sizes=\"(max-width: 300px) 100vw, 300px\" \/><\/a>A primeira edi\u00e7\u00e3o da Exposi\u00e7\u00e3o Especializada do Cavalo Mangalarga Marchador de Muria\u00e9 foi sucesso, com a participa\u00e7\u00e3o de cerca de 130 animais. Centenas de criadores da ra\u00e7a de Muria\u00e9, de outras cidades de Minas, Esp\u00edrito Santo e Rio de Janeiro estiveram presentes no evento, que foi realizado do dia 23 ao dia 25 deste m\u00eas, no Parque de Exposi\u00e7\u00f5es Lael Varella.<\/p>\n<p>Organizado pelo N\u00facleo dos Criadores do Cavalo Mangalarga Marchador de Muria\u00e9 e Regi\u00e3o, no evento houve concurso de marcha para as tr\u00eas categorias: Marcha Batida, Marcha Picada e Castrado, al\u00e9m das provas sociais &#8211; mirim e amazonas. A programa\u00e7\u00e3o incluiu ainda jantar e baile dos pe\u00f5es. No final, uma moto foi sorteada entre os criadores e apresentadores participantes.<\/p>\n<p>A presidente do N\u00facleo dos Criadores do Cavalo Mangalarga Marchador de Muria\u00e9 e Regi\u00e3o, Margareth Heloise de Melo Tavares, comemora o resultado da exposi\u00e7\u00e3o. \u201cEsse evento \u00e9 um sonho de muito tempo. \u00c9 dif\u00edcil realizar um evento desse porte, mas quando temos uni\u00e3o, com o mesmo foco e objetivo, d\u00e1 certo\u201d, diz, emocionada, agradecendo ao criador Lael Vieira Varella Filho (Laelzinho) por ter lhe dado o aval e apoiado a cria\u00e7\u00e3o do N\u00facleo, e \u00e0 sua diretoria.<\/p>\n<p>Os animais que pontuaram durante o evento est\u00e3o classificados para a exposi\u00e7\u00e3o a n\u00edvel nacional. \u201cParticipando da Exposi\u00e7\u00e3o Nacional, o animal agrega valor. Ele n\u00e3o ganha dinheiro em esp\u00e9cie, mas o animal que vai para uma Exposi\u00e7\u00e3o Nacional se torna caro, ficando cada vez mais valorizado\u201d, explica Margareth Heloise.<\/p>\n<p><strong>O N\u00daCLEO &#8211;<\/strong> O N\u00facleo dos Criadores do Cavalo Mangalarga Marchador \u00e9 uma associa\u00e7\u00e3o organizada sem fins lucrativos com sede no Parque de Exposi\u00e7\u00f5es Lael Varella. Toda a diretoria \u00e9 volunt\u00e1ria, portanto, n\u00e3o \u00e9 remunerada.\u00a0 Entre os objetivos do N\u00facleo est\u00e3o o fomento da ra\u00e7a, a integra\u00e7\u00e3o dos criadores e suas fam\u00edlias e o apoio aos s\u00f3cios na intermedia\u00e7\u00e3o de problemas burocr\u00e1ticos com a Associa\u00e7\u00e3o Brasileira dos Criadores do Cavalo Mangalarga Marchador, cuja sede est\u00e1 localizada em Belo Horizonte. O N\u00facleo, com suas a\u00e7\u00f5es, vai tamb\u00e9m incentivar o melhoramento gen\u00e9tico da ra\u00e7a, criar mais empregos e aquecer ainda mais o com\u00e9rcio de Muria\u00e9 e regi\u00e3o neste segmento.<\/p>\n<p>Al\u00e9m da exposi\u00e7\u00e3o especializada, o N\u00facleo promover\u00e1 outros eventos, como copas de marcha, cavalgadas planilhadas e ecol\u00f3gicas, provas funcionais, cursos para novos criadores, cursos de doma, cursos profissionalizantes para pe\u00f5es e de equita\u00e7\u00e3o, al\u00e9m de parcerias com outras entidades de a\u00e7\u00f5es sociais, com objetivo de inserir o cavalo como integrador de pessoas e suas fam\u00edlias. Em breve ser\u00e1 divulgado o calend\u00e1rio de eventos.<\/p>\n<p><strong>GALERIA DE FOTOS:<\/strong><\/p>\n<p><img decoding=\"async\" class=\"ngg_displayed_gallery mceItem\" src=\"https:\/\/anoticiaonline.com.br\/site\/nextgen-attach_to_post\/preview\/id--27244\" alt=\"\" \/><\/p>\n","protected":false},"excerpt":{"rendered":"<p>A primeira edi\u00e7\u00e3o da Exposi\u00e7\u00e3o Especializada do Cavalo Mangalarga Marchador de Muria\u00e9 foi sucesso, com a participa\u00e7\u00e3o de cerca de 130 animais. Centenas de criadores da ra\u00e7a de Muria\u00e9, de outras cidades de Minas, Esp\u00edrito Santo e Rio de Janeiro estiveram presentes no evento, que foi realizado do dia 23 ao dia 25 deste m\u00eas, &#8230; <a title=\"Exposi\u00e7\u00e3o Especializada do Cavalo Mangalarga Marchador de Muria\u00e9 \u00e9 sucesso em sua primeira edi\u00e7\u00e3o\" class=\"read-more\" href=\"https:\/\/anoticiaonline.com.br\/site\/exposicao-especializada-do-cavalo-mangalarga-marchador-de-muriae-e-sucesso-em-sua-primeira-edicao\/\" aria-label=\"Read more about Exposi\u00e7\u00e3o Especializada do Cavalo Mangalarga Marchador de Muria\u00e9 \u00e9 sucesso em sua primeira edi\u00e7\u00e3o\">Ler mais<\/a><\/p>\n","protected":false},"author":2,"featured_media":27207,"comment_status":"open","ping_status":"open","sticky":false,"template":"","format":"standard","meta":{"_acf_changed":false,"_monsterinsights_skip_tracking":false,"footnotes":""},"categories":[30],"tags":[3],"class_list":["post-27206","post","type-post","status-publish","format-standard","has-post-thumbnail","hentry","category-muriae","tag-slide"],"acf":[],"aioseo_notices":[],"aioseo_head":"\n\t\t<!-- All in One SEO 5.0.0.1 - aioseo.com -->\n\t<meta name=\"description\" content=\"A primeira edi\u00e7\u00e3o da Exposi\u00e7\u00e3o Especializada do Cavalo Mangalarga Marchador de Muria\u00e9 foi sucesso, com a participa\u00e7\u00e3o de cerca de 130 animais. Centenas de criadores da ra\u00e7a de Muria\u00e9, de outras cidades de Minas, Esp\u00edrito Santo e Rio de Janeiro estiveram presentes no evento, que foi realizado do dia 23 ao dia 25 deste m\u00eas,\" \/>\n\t<meta name=\"robots\" content=\"max-image-preview:large\" \/>\n\t<meta name=\"author\" content=\"Juliana Laviola\"\/>\n\t<link rel=\"canonical\" href=\"https:\/\/anoticiaonline.com.br\/site\/exposicao-especializada-do-cavalo-mangalarga-marchador-de-muriae-e-sucesso-em-sua-primeira-edicao\/\" \/>\n\t<meta name=\"generator\" content=\"All in One SEO (AIOSEO) 5.0.0.1\" \/>\n\t\t<meta property=\"og:locale\" content=\"pt_BR\" \/>\n\t\t<meta property=\"og:site_name\" content=\"A Not\u00edcia Online - Noticias de Muria\u00e9 e regi\u00e3o\" \/>\n\t\t<meta property=\"og:type\" content=\"article\" \/>\n\t\t<meta property=\"og:title\" content=\"Exposi\u00e7\u00e3o Especializada do Cavalo Mangalarga Marchador de Muria\u00e9 \u00e9 sucesso em sua primeira edi\u00e7\u00e3o - A Not\u00edcia Online\" \/>\n\t\t<meta property=\"og:description\" content=\"A primeira edi\u00e7\u00e3o da Exposi\u00e7\u00e3o Especializada do Cavalo Mangalarga Marchador de Muria\u00e9 foi sucesso, com a participa\u00e7\u00e3o de cerca de 130 animais. Centenas de criadores da ra\u00e7a de Muria\u00e9, de outras cidades de Minas, Esp\u00edrito Santo e Rio de Janeiro estiveram presentes no evento, que foi realizado do dia 23 ao dia 25 deste m\u00eas,\" \/>\n\t\t<meta property=\"og:url\" content=\"https:\/\/anoticiaonline.com.br\/site\/exposicao-especializada-do-cavalo-mangalarga-marchador-de-muriae-e-sucesso-em-sua-primeira-edicao\/\" \/>\n\t\t<meta property=\"og:image\" content=\"https:\/\/scontent-gig4-1.xx.fbcdn.net\/v\/t39.30808-1\/270437624_4564083193639691_6907940295614233970_n.jpg?stp=dst-jpg_s200x200_tt6&#038;_nc_cat=111&#038;ccb=1-7&#038;_nc_sid=f907e8&#038;_nc_ohc=SM1wRlP3lJwQ7kNvwEPuBYA&#038;_nc_oc=AdnqrjDN_BNjSSHWO-GbkIWH6fkGMLw4bqvL_NH6e2wMveX7G-rP2dAqsDSq1mJMOaY&#038;_nc_zt=24&#038;_nc_ht=scontent-gig4-1.xx&#038;_nc_gid=AoBFJeGrT1hVaew_6rchkQ&#038;oh=00_AfX7QmFGhQhG2jAllVgXCiM1ZrWgvtp80-Bfppyexh1QEg&#038;oe=689E923C\" \/>\n\t\t<meta property=\"og:image:secure_url\" content=\"https:\/\/scontent-gig4-1.xx.fbcdn.net\/v\/t39.30808-1\/270437624_4564083193639691_6907940295614233970_n.jpg?stp=dst-jpg_s200x200_tt6&#038;_nc_cat=111&#038;ccb=1-7&#038;_nc_sid=f907e8&#038;_nc_ohc=SM1wRlP3lJwQ7kNvwEPuBYA&#038;_nc_oc=AdnqrjDN_BNjSSHWO-GbkIWH6fkGMLw4bqvL_NH6e2wMveX7G-rP2dAqsDSq1mJMOaY&#038;_nc_zt=24&#038;_nc_ht=scontent-gig4-1.xx&#038;_nc_gid=AoBFJeGrT1hVaew_6rchkQ&#038;oh=00_AfX7QmFGhQhG2jAllVgXCiM1ZrWgvtp80-Bfppyexh1QEg&#038;oe=689E923C\" \/>\n\t\t<meta property=\"article:published_time\" content=\"2017-03-29T18:00:06+00:00\" \/>\n\t\t<meta property=\"article:modified_time\" content=\"2017-03-31T00:43:00+00:00\" \/>\n\t\t<meta name=\"twitter:card\" content=\"summary_large_image\" \/>\n\t\t<meta name=\"twitter:title\" content=\"Exposi\u00e7\u00e3o Especializada do Cavalo Mangalarga Marchador de Muria\u00e9 \u00e9 sucesso em sua primeira edi\u00e7\u00e3o - A Not\u00edcia Online\" \/>\n\t\t<meta name=\"twitter:description\" content=\"A primeira edi\u00e7\u00e3o da Exposi\u00e7\u00e3o Especializada do Cavalo Mangalarga Marchador de Muria\u00e9 foi sucesso, com a participa\u00e7\u00e3o de cerca de 130 animais. Centenas de criadores da ra\u00e7a de Muria\u00e9, de outras cidades de Minas, Esp\u00edrito Santo e Rio de Janeiro estiveram presentes no evento, que foi realizado do dia 23 ao dia 25 deste m\u00eas,\" \/>\n\t\t<meta name=\"twitter:image\" content=\"https:\/\/scontent-gig4-1.xx.fbcdn.net\/v\/t39.30808-1\/270437624_4564083193639691_6907940295614233970_n.jpg?stp=dst-jpg_s200x200_tt6&amp;_nc_cat=111&amp;ccb=1-7&amp;_nc_sid=f907e8&amp;_nc_ohc=SM1wRlP3lJwQ7kNvwEPuBYA&amp;_nc_oc=AdnqrjDN_BNjSSHWO-GbkIWH6fkGMLw4bqvL_NH6e2wMveX7G-rP2dAqsDSq1mJMOaY&amp;_nc_zt=24&amp;_nc_ht=scontent-gig4-1.xx&amp;_nc_gid=AoBFJeGrT1hVaew_6rchkQ&amp;oh=00_AfX7QmFGhQhG2jAllVgXCiM1ZrWgvtp80-Bfppyexh1QEg&amp;oe=689E923C\" \/>\n\t\t<script type=\"application\/ld+json\" class=\"aioseo-schema\">\n\t\t\t{\"@context\":\"https:\\\/\\\/schema.org\",\"@graph\":[{\"@type\":\"BlogPosting\",\"@id\":\"https:\\\/\\\/anoticiaonline.com.br\\\/site\\\/exposicao-especializada-do-cavalo-mangalarga-marchador-de-muriae-e-sucesso-em-sua-primeira-edicao\\\/#blogposting\",\"name\":\"Exposi\\u00e7\\u00e3o Especializada do Cavalo Mangalarga Marchador de Muria\\u00e9 \\u00e9 sucesso em sua primeira edi\\u00e7\\u00e3o - A Not\\u00edcia Online\",\"headline\":\"Exposi\\u00e7\\u00e3o Especializada do Cavalo Mangalarga Marchador de Muria\\u00e9 \\u00e9 sucesso em sua primeira edi\\u00e7\\u00e3o\",\"author\":{\"@id\":\"https:\\\/\\\/anoticiaonline.com.br\\\/site\\\/author\\\/juliana\\\/#author\"},\"publisher\":{\"@id\":\"https:\\\/\\\/anoticiaonline.com.br\\\/site\\\/#organization\"},\"image\":{\"@type\":\"ImageObject\",\"url\":\"https:\\\/\\\/anoticiaonline.com.br\\\/site\\\/wp-content\\\/uploads\\\/2017\\\/03\\\/DSC_0786.jpg\",\"width\":640,\"height\":387},\"datePublished\":\"2017-03-29T15:00:06-03:00\",\"dateModified\":\"2017-03-30T21:43:00-03:00\",\"inLanguage\":\"pt-BR\",\"mainEntityOfPage\":{\"@id\":\"https:\\\/\\\/anoticiaonline.com.br\\\/site\\\/exposicao-especializada-do-cavalo-mangalarga-marchador-de-muriae-e-sucesso-em-sua-primeira-edicao\\\/#webpage\"},\"isPartOf\":{\"@id\":\"https:\\\/\\\/anoticiaonline.com.br\\\/site\\\/exposicao-especializada-do-cavalo-mangalarga-marchador-de-muriae-e-sucesso-em-sua-primeira-edicao\\\/#webpage\"},\"articleSection\":\"Blog, slide\"},{\"@type\":\"BreadcrumbList\",\"@id\":\"https:\\\/\\\/anoticiaonline.com.br\\\/site\\\/exposicao-especializada-do-cavalo-mangalarga-marchador-de-muriae-e-sucesso-em-sua-primeira-edicao\\\/#breadcrumblist\",\"itemListElement\":[{\"@type\":\"ListItem\",\"@id\":\"https:\\\/\\\/anoticiaonline.com.br\\\/site#listItem\",\"position\":1,\"name\":\"Home\",\"item\":\"https:\\\/\\\/anoticiaonline.com.br\\\/site\",\"nextItem\":{\"@type\":\"ListItem\",\"@id\":\"https:\\\/\\\/anoticiaonline.com.br\\\/site\\\/categoria\\\/muriae\\\/#listItem\",\"name\":\"Blog\"}},{\"@type\":\"ListItem\",\"@id\":\"https:\\\/\\\/anoticiaonline.com.br\\\/site\\\/categoria\\\/muriae\\\/#listItem\",\"position\":2,\"name\":\"Blog\",\"item\":\"https:\\\/\\\/anoticiaonline.com.br\\\/site\\\/categoria\\\/muriae\\\/\",\"nextItem\":{\"@type\":\"ListItem\",\"@id\":\"https:\\\/\\\/anoticiaonline.com.br\\\/site\\\/exposicao-especializada-do-cavalo-mangalarga-marchador-de-muriae-e-sucesso-em-sua-primeira-edicao\\\/#listItem\",\"name\":\"Exposi\\u00e7\\u00e3o Especializada do Cavalo Mangalarga Marchador de Muria\\u00e9 \\u00e9 sucesso em sua primeira edi\\u00e7\\u00e3o\"},\"previousItem\":{\"@type\":\"ListItem\",\"@id\":\"https:\\\/\\\/anoticiaonline.com.br\\\/site#listItem\",\"name\":\"Home\"}},{\"@type\":\"ListItem\",\"@id\":\"https:\\\/\\\/anoticiaonline.com.br\\\/site\\\/exposicao-especializada-do-cavalo-mangalarga-marchador-de-muriae-e-sucesso-em-sua-primeira-edicao\\\/#listItem\",\"position\":3,\"name\":\"Exposi\\u00e7\\u00e3o Especializada do Cavalo Mangalarga Marchador de Muria\\u00e9 \\u00e9 sucesso em sua primeira edi\\u00e7\\u00e3o\",\"previousItem\":{\"@type\":\"ListItem\",\"@id\":\"https:\\\/\\\/anoticiaonline.com.br\\\/site\\\/categoria\\\/muriae\\\/#listItem\",\"name\":\"Blog\"}}]},{\"@type\":\"Organization\",\"@id\":\"https:\\\/\\\/anoticiaonline.com.br\\\/site\\\/#organization\",\"name\":\"A Not\\u00edcia Online\",\"description\":\"Noticias de Muria\\u00e9 e regi\\u00e3o\",\"url\":\"https:\\\/\\\/anoticiaonline.com.br\\\/site\\\/\",\"logo\":{\"@type\":\"ImageObject\",\"url\":\"https:\\\/\\\/scontent-gig4-1.xx.fbcdn.net\\\/v\\\/t39.30808-1\\\/270437624_4564083193639691_6907940295614233970_n.jpg?stp=dst-jpg_s200x200_tt6&_nc_cat=111&ccb=1-7&_nc_sid=f907e8&_nc_ohc=SM1wRlP3lJwQ7kNvwEPuBYA&_nc_oc=AdnqrjDN_BNjSSHWO-GbkIWH6fkGMLw4bqvL_NH6e2wMveX7G-rP2dAqsDSq1mJMOaY&_nc_zt=24&_nc_ht=scontent-gig4-1.xx&_nc_gid=AoBFJeGrT1hVaew_6rchkQ&oh=00_AfX7QmFGhQhG2jAllVgXCiM1ZrWgvtp80-Bfppyexh1QEg&oe=689E923C\",\"@id\":\"https:\\\/\\\/anoticiaonline.com.br\\\/site\\\/exposicao-especializada-do-cavalo-mangalarga-marchador-de-muriae-e-sucesso-em-sua-primeira-edicao\\\/#organizationLogo\"},\"image\":{\"@id\":\"https:\\\/\\\/anoticiaonline.com.br\\\/site\\\/exposicao-especializada-do-cavalo-mangalarga-marchador-de-muriae-e-sucesso-em-sua-primeira-edicao\\\/#organizationLogo\"}},{\"@type\":\"Person\",\"@id\":\"https:\\\/\\\/anoticiaonline.com.br\\\/site\\\/author\\\/juliana\\\/#author\",\"url\":\"https:\\\/\\\/anoticiaonline.com.br\\\/site\\\/author\\\/juliana\\\/\",\"name\":\"Juliana Laviola\",\"image\":{\"@type\":\"ImageObject\",\"@id\":\"https:\\\/\\\/anoticiaonline.com.br\\\/site\\\/exposicao-especializada-do-cavalo-mangalarga-marchador-de-muriae-e-sucesso-em-sua-primeira-edicao\\\/#authorImage\",\"url\":\"https:\\\/\\\/secure.gravatar.com\\\/avatar\\\/b8d45f5c699b100dfaf0e543582f38f38bf94cb7ae3a5e9abf8d891a34773335?s=96&d=mm&r=g\",\"width\":96,\"height\":96,\"caption\":\"Juliana Laviola\"}},{\"@type\":\"WebPage\",\"@id\":\"https:\\\/\\\/anoticiaonline.com.br\\\/site\\\/exposicao-especializada-do-cavalo-mangalarga-marchador-de-muriae-e-sucesso-em-sua-primeira-edicao\\\/#webpage\",\"url\":\"https:\\\/\\\/anoticiaonline.com.br\\\/site\\\/exposicao-especializada-do-cavalo-mangalarga-marchador-de-muriae-e-sucesso-em-sua-primeira-edicao\\\/\",\"name\":\"Exposi\\u00e7\\u00e3o Especializada do Cavalo Mangalarga Marchador de Muria\\u00e9 \\u00e9 sucesso em sua primeira edi\\u00e7\\u00e3o - A Not\\u00edcia Online\",\"description\":\"A primeira edi\\u00e7\\u00e3o da Exposi\\u00e7\\u00e3o Especializada do Cavalo Mangalarga Marchador de Muria\\u00e9 foi sucesso, com a participa\\u00e7\\u00e3o de cerca de 130 animais. Centenas de criadores da ra\\u00e7a de Muria\\u00e9, de outras cidades de Minas, Esp\\u00edrito Santo e Rio de Janeiro estiveram presentes no evento, que foi realizado do dia 23 ao dia 25 deste m\\u00eas,\",\"inLanguage\":\"pt-BR\",\"isPartOf\":{\"@id\":\"https:\\\/\\\/anoticiaonline.com.br\\\/site\\\/#website\"},\"breadcrumb\":{\"@id\":\"https:\\\/\\\/anoticiaonline.com.br\\\/site\\\/exposicao-especializada-do-cavalo-mangalarga-marchador-de-muriae-e-sucesso-em-sua-primeira-edicao\\\/#breadcrumblist\"},\"author\":{\"@id\":\"https:\\\/\\\/anoticiaonline.com.br\\\/site\\\/author\\\/juliana\\\/#author\"},\"creator\":{\"@id\":\"https:\\\/\\\/anoticiaonline.com.br\\\/site\\\/author\\\/juliana\\\/#author\"},\"image\":{\"@type\":\"ImageObject\",\"url\":\"https:\\\/\\\/anoticiaonline.com.br\\\/site\\\/wp-content\\\/uploads\\\/2017\\\/03\\\/DSC_0786.jpg\",\"@id\":\"https:\\\/\\\/anoticiaonline.com.br\\\/site\\\/exposicao-especializada-do-cavalo-mangalarga-marchador-de-muriae-e-sucesso-em-sua-primeira-edicao\\\/#mainImage\",\"width\":640,\"height\":387},\"primaryImageOfPage\":{\"@id\":\"https:\\\/\\\/anoticiaonline.com.br\\\/site\\\/exposicao-especializada-do-cavalo-mangalarga-marchador-de-muriae-e-sucesso-em-sua-primeira-edicao\\\/#mainImage\"},\"datePublished\":\"2017-03-29T15:00:06-03:00\",\"dateModified\":\"2017-03-30T21:43:00-03:00\"},{\"@type\":\"WebSite\",\"@id\":\"https:\\\/\\\/anoticiaonline.com.br\\\/site\\\/#website\",\"url\":\"https:\\\/\\\/anoticiaonline.com.br\\\/site\\\/\",\"name\":\"A Not\\u00edcia Online\",\"description\":\"Noticias de Muria\\u00e9 e regi\\u00e3o\",\"inLanguage\":\"pt-BR\",\"publisher\":{\"@id\":\"https:\\\/\\\/anoticiaonline.com.br\\\/site\\\/#organization\"}}]}\n\t\t<\/script>\n\t\t<!-- All in One SEO -->\n\n","aioseo_head_json":{"title":"Exposi\u00e7\u00e3o Especializada do Cavalo Mangalarga Marchador de Muria\u00e9 \u00e9 sucesso em sua primeira edi\u00e7\u00e3o - A Not\u00edcia Online","description":"A primeira edi\u00e7\u00e3o da Exposi\u00e7\u00e3o Especializada do Cavalo Mangalarga Marchador de Muria\u00e9 foi sucesso, com a participa\u00e7\u00e3o de cerca de 130 animais. Centenas de criadores da ra\u00e7a de Muria\u00e9, de outras cidades de Minas, Esp\u00edrito Santo e Rio de Janeiro estiveram presentes no evento, que foi realizado do dia 23 ao dia 25 deste m\u00eas,","canonical_url":"https:\/\/anoticiaonline.com.br\/site\/exposicao-especializada-do-cavalo-mangalarga-marchador-de-muriae-e-sucesso-em-sua-primeira-edicao\/","robots":"max-image-preview:large","keywords":"","webmasterTools":{"miscellaneous":""},"schema":{"@context":"https:\/\/schema.org","@graph":[{"@type":"BlogPosting","@id":"https:\/\/anoticiaonline.com.br\/site\/exposicao-especializada-do-cavalo-mangalarga-marchador-de-muriae-e-sucesso-em-sua-primeira-edicao\/#blogposting","name":"Exposi\u00e7\u00e3o Especializada do Cavalo Mangalarga Marchador de Muria\u00e9 \u00e9 sucesso em sua primeira edi\u00e7\u00e3o - A Not\u00edcia Online","headline":"Exposi\u00e7\u00e3o Especializada do Cavalo Mangalarga Marchador de Muria\u00e9 \u00e9 sucesso em sua primeira edi\u00e7\u00e3o","author":{"@id":"https:\/\/anoticiaonline.com.br\/site\/author\/juliana\/#author"},"publisher":{"@id":"https:\/\/anoticiaonline.com.br\/site\/#organization"},"image":{"@type":"ImageObject","url":"https:\/\/anoticiaonline.com.br\/site\/wp-content\/uploads\/2017\/03\/DSC_0786.jpg","width":640,"height":387},"datePublished":"2017-03-29T15:00:06-03:00","dateModified":"2017-03-30T21:43:00-03:00","inLanguage":"pt-BR","mainEntityOfPage":{"@id":"https:\/\/anoticiaonline.com.br\/site\/exposicao-especializada-do-cavalo-mangalarga-marchador-de-muriae-e-sucesso-em-sua-primeira-edicao\/#webpage"},"isPartOf":{"@id":"https:\/\/anoticiaonline.com.br\/site\/exposicao-especializada-do-cavalo-mangalarga-marchador-de-muriae-e-sucesso-em-sua-primeira-edicao\/#webpage"},"articleSection":"Blog, slide"},{"@type":"BreadcrumbList","@id":"https:\/\/anoticiaonline.com.br\/site\/exposicao-especializada-do-cavalo-mangalarga-marchador-de-muriae-e-sucesso-em-sua-primeira-edicao\/#breadcrumblist","itemListElement":[{"@type":"ListItem","@id":"https:\/\/anoticiaonline.com.br\/site#listItem","position":1,"name":"Home","item":"https:\/\/anoticiaonline.com.br\/site","nextItem":{"@type":"ListItem","@id":"https:\/\/anoticiaonline.com.br\/site\/categoria\/muriae\/#listItem","name":"Blog"}},{"@type":"ListItem","@id":"https:\/\/anoticiaonline.com.br\/site\/categoria\/muriae\/#listItem","position":2,"name":"Blog","item":"https:\/\/anoticiaonline.com.br\/site\/categoria\/muriae\/","nextItem":{"@type":"ListItem","@id":"https:\/\/anoticiaonline.com.br\/site\/exposicao-especializada-do-cavalo-mangalarga-marchador-de-muriae-e-sucesso-em-sua-primeira-edicao\/#listItem","name":"Exposi\u00e7\u00e3o Especializada do Cavalo Mangalarga Marchador de Muria\u00e9 \u00e9 sucesso em sua primeira edi\u00e7\u00e3o"},"previousItem":{"@type":"ListItem","@id":"https:\/\/anoticiaonline.com.br\/site#listItem","name":"Home"}},{"@type":"ListItem","@id":"https:\/\/anoticiaonline.com.br\/site\/exposicao-especializada-do-cavalo-mangalarga-marchador-de-muriae-e-sucesso-em-sua-primeira-edicao\/#listItem","position":3,"name":"Exposi\u00e7\u00e3o Especializada do Cavalo Mangalarga Marchador de Muria\u00e9 \u00e9 sucesso em sua primeira edi\u00e7\u00e3o","previousItem":{"@type":"ListItem","@id":"https:\/\/anoticiaonline.com.br\/site\/categoria\/muriae\/#listItem","name":"Blog"}}]},{"@type":"Organization","@id":"https:\/\/anoticiaonline.com.br\/site\/#organization","name":"A Not\u00edcia Online","description":"Noticias de Muria\u00e9 e regi\u00e3o","url":"https:\/\/anoticiaonline.com.br\/site\/","logo":{"@type":"ImageObject","url":"https:\/\/scontent-gig4-1.xx.fbcdn.net\/v\/t39.30808-1\/270437624_4564083193639691_6907940295614233970_n.jpg?stp=dst-jpg_s200x200_tt6&_nc_cat=111&ccb=1-7&_nc_sid=f907e8&_nc_ohc=SM1wRlP3lJwQ7kNvwEPuBYA&_nc_oc=AdnqrjDN_BNjSSHWO-GbkIWH6fkGMLw4bqvL_NH6e2wMveX7G-rP2dAqsDSq1mJMOaY&_nc_zt=24&_nc_ht=scontent-gig4-1.xx&_nc_gid=AoBFJeGrT1hVaew_6rchkQ&oh=00_AfX7QmFGhQhG2jAllVgXCiM1ZrWgvtp80-Bfppyexh1QEg&oe=689E923C","@id":"https:\/\/anoticiaonline.com.br\/site\/exposicao-especializada-do-cavalo-mangalarga-marchador-de-muriae-e-sucesso-em-sua-primeira-edicao\/#organizationLogo"},"image":{"@id":"https:\/\/anoticiaonline.com.br\/site\/exposicao-especializada-do-cavalo-mangalarga-marchador-de-muriae-e-sucesso-em-sua-primeira-edicao\/#organizationLogo"}},{"@type":"Person","@id":"https:\/\/anoticiaonline.com.br\/site\/author\/juliana\/#author","url":"https:\/\/anoticiaonline.com.br\/site\/author\/juliana\/","name":"Juliana Laviola","image":{"@type":"ImageObject","@id":"https:\/\/anoticiaonline.com.br\/site\/exposicao-especializada-do-cavalo-mangalarga-marchador-de-muriae-e-sucesso-em-sua-primeira-edicao\/#authorImage","url":"https:\/\/secure.gravatar.com\/avatar\/b8d45f5c699b100dfaf0e543582f38f38bf94cb7ae3a5e9abf8d891a34773335?s=96&d=mm&r=g","width":96,"height":96,"caption":"Juliana Laviola"}},{"@type":"WebPage","@id":"https:\/\/anoticiaonline.com.br\/site\/exposicao-especializada-do-cavalo-mangalarga-marchador-de-muriae-e-sucesso-em-sua-primeira-edicao\/#webpage","url":"https:\/\/anoticiaonline.com.br\/site\/exposicao-especializada-do-cavalo-mangalarga-marchador-de-muriae-e-sucesso-em-sua-primeira-edicao\/","name":"Exposi\u00e7\u00e3o Especializada do Cavalo Mangalarga Marchador de Muria\u00e9 \u00e9 sucesso em sua primeira edi\u00e7\u00e3o - A Not\u00edcia Online","description":"A primeira edi\u00e7\u00e3o da Exposi\u00e7\u00e3o Especializada do Cavalo Mangalarga Marchador de Muria\u00e9 foi sucesso, com a participa\u00e7\u00e3o de cerca de 130 animais. Centenas de criadores da ra\u00e7a de Muria\u00e9, de outras cidades de Minas, Esp\u00edrito Santo e Rio de Janeiro estiveram presentes no evento, que foi realizado do dia 23 ao dia 25 deste m\u00eas,","inLanguage":"pt-BR","isPartOf":{"@id":"https:\/\/anoticiaonline.com.br\/site\/#website"},"breadcrumb":{"@id":"https:\/\/anoticiaonline.com.br\/site\/exposicao-especializada-do-cavalo-mangalarga-marchador-de-muriae-e-sucesso-em-sua-primeira-edicao\/#breadcrumblist"},"author":{"@id":"https:\/\/anoticiaonline.com.br\/site\/author\/juliana\/#author"},"creator":{"@id":"https:\/\/anoticiaonline.com.br\/site\/author\/juliana\/#author"},"image":{"@type":"ImageObject","url":"https:\/\/anoticiaonline.com.br\/site\/wp-content\/uploads\/2017\/03\/DSC_0786.jpg","@id":"https:\/\/anoticiaonline.com.br\/site\/exposicao-especializada-do-cavalo-mangalarga-marchador-de-muriae-e-sucesso-em-sua-primeira-edicao\/#mainImage","width":640,"height":387},"primaryImageOfPage":{"@id":"https:\/\/anoticiaonline.com.br\/site\/exposicao-especializada-do-cavalo-mangalarga-marchador-de-muriae-e-sucesso-em-sua-primeira-edicao\/#mainImage"},"datePublished":"2017-03-29T15:00:06-03:00","dateModified":"2017-03-30T21:43:00-03:00"},{"@type":"WebSite","@id":"https:\/\/anoticiaonline.com.br\/site\/#website","url":"https:\/\/anoticiaonline.com.br\/site\/","name":"A Not\u00edcia Online","description":"Noticias de Muria\u00e9 e regi\u00e3o","inLanguage":"pt-BR","publisher":{"@id":"https:\/\/anoticiaonline.com.br\/site\/#organization"}}]},"og:locale":"pt_BR","og:site_name":"A Not\u00edcia Online - Noticias de Muria\u00e9 e regi\u00e3o","og:type":"article","og:title":"Exposi\u00e7\u00e3o Especializada do Cavalo Mangalarga Marchador de Muria\u00e9 \u00e9 sucesso em sua primeira edi\u00e7\u00e3o - A Not\u00edcia Online","og:description":"A primeira edi\u00e7\u00e3o da Exposi\u00e7\u00e3o Especializada do Cavalo Mangalarga Marchador de Muria\u00e9 foi sucesso, com a participa\u00e7\u00e3o de cerca de 130 animais. Centenas de criadores da ra\u00e7a de Muria\u00e9, de outras cidades de Minas, Esp\u00edrito Santo e Rio de Janeiro estiveram presentes no evento, que foi realizado do dia 23 ao dia 25 deste m\u00eas,","og:url":"https:\/\/anoticiaonline.com.br\/site\/exposicao-especializada-do-cavalo-mangalarga-marchador-de-muriae-e-sucesso-em-sua-primeira-edicao\/","og:image":"https:\/\/scontent-gig4-1.xx.fbcdn.net\/v\/t39.30808-1\/270437624_4564083193639691_6907940295614233970_n.jpg?stp=dst-jpg_s200x200_tt6&#038;_nc_cat=111&#038;ccb=1-7&#038;_nc_sid=f907e8&#038;_nc_ohc=SM1wRlP3lJwQ7kNvwEPuBYA&#038;_nc_oc=AdnqrjDN_BNjSSHWO-GbkIWH6fkGMLw4bqvL_NH6e2wMveX7G-rP2dAqsDSq1mJMOaY&#038;_nc_zt=24&#038;_nc_ht=scontent-gig4-1.xx&#038;_nc_gid=AoBFJeGrT1hVaew_6rchkQ&#038;oh=00_AfX7QmFGhQhG2jAllVgXCiM1ZrWgvtp80-Bfppyexh1QEg&#038;oe=689E923C","og:image:secure_url":"https:\/\/scontent-gig4-1.xx.fbcdn.net\/v\/t39.30808-1\/270437624_4564083193639691_6907940295614233970_n.jpg?stp=dst-jpg_s200x200_tt6&#038;_nc_cat=111&#038;ccb=1-7&#038;_nc_sid=f907e8&#038;_nc_ohc=SM1wRlP3lJwQ7kNvwEPuBYA&#038;_nc_oc=AdnqrjDN_BNjSSHWO-GbkIWH6fkGMLw4bqvL_NH6e2wMveX7G-rP2dAqsDSq1mJMOaY&#038;_nc_zt=24&#038;_nc_ht=scontent-gig4-1.xx&#038;_nc_gid=AoBFJeGrT1hVaew_6rchkQ&#038;oh=00_AfX7QmFGhQhG2jAllVgXCiM1ZrWgvtp80-Bfppyexh1QEg&#038;oe=689E923C","article:published_time":"2017-03-29T18:00:06+00:00","article:modified_time":"2017-03-31T00:43:00+00:00","twitter:card":"summary_large_image","twitter:title":"Exposi\u00e7\u00e3o Especializada do Cavalo Mangalarga Marchador de Muria\u00e9 \u00e9 sucesso em sua primeira edi\u00e7\u00e3o - A Not\u00edcia Online","twitter:description":"A primeira edi\u00e7\u00e3o da Exposi\u00e7\u00e3o Especializada do Cavalo Mangalarga Marchador de Muria\u00e9 foi sucesso, com a participa\u00e7\u00e3o de cerca de 130 animais. Centenas de criadores da ra\u00e7a de Muria\u00e9, de outras cidades de Minas, Esp\u00edrito Santo e Rio de Janeiro estiveram presentes no evento, que foi realizado do dia 23 ao dia 25 deste m\u00eas,","twitter:image":"https:\/\/scontent-gig4-1.xx.fbcdn.net\/v\/t39.30808-1\/270437624_4564083193639691_6907940295614233970_n.jpg?stp=dst-jpg_s200x200_tt6&_nc_cat=111&ccb=1-7&_nc_sid=f907e8&_nc_ohc=SM1wRlP3lJwQ7kNvwEPuBYA&_nc_oc=AdnqrjDN_BNjSSHWO-GbkIWH6fkGMLw4bqvL_NH6e2wMveX7G-rP2dAqsDSq1mJMOaY&_nc_zt=24&_nc_ht=scontent-gig4-1.xx&_nc_gid=AoBFJeGrT1hVaew_6rchkQ&oh=00_AfX7QmFGhQhG2jAllVgXCiM1ZrWgvtp80-Bfppyexh1QEg&oe=689E923C"},"aioseo_meta_data":{"post_id":"27206","title":null,"description":null,"keywords":null,"keyphrases":null,"primary_term":null,"canonical_url":null,"og_title":null,"og_description":null,"og_object_type":"default","og_image_type":"default","og_image_url":null,"og_image_width":null,"og_image_height":null,"og_image_custom_url":null,"og_image_custom_fields":null,"og_video":null,"og_custom_url":null,"og_article_section":null,"og_article_tags":null,"twitter_use_og":false,"twitter_card":"default","twitter_image_type":"default","twitter_image_url":null,"twitter_image_custom_url":null,"twitter_image_custom_fields":null,"twitter_title":null,"twitter_description":null,"schema":{"blockGraphs":[],"customGraphs":[],"default":{"data":{"Article":[],"Course":[],"Dataset":[],"FAQPage":[],"Movie":[],"Person":[],"Product":[],"ProductReview":[],"Car":[],"Recipe":[],"Service":[],"SoftwareApplication":[],"WebPage":[]},"graphName":"","isEnabled":true},"graphs":[]},"schema_type":"default","schema_type_options":null,"pillar_content":false,"robots_default":true,"robots_noindex":false,"robots_noarchive":false,"robots_nosnippet":false,"robots_nofollow":false,"robots_noimageindex":false,"robots_noodp":false,"robots_notranslate":false,"robots_max_snippet":null,"robots_max_videopreview":null,"robots_max_imagepreview":"large","priority":null,"frequency":null,"local_seo":null,"breadcrumb_settings":null,"limit_modified_date":false,"ai":null,"created":"2025-08-16 18:06:59","updated":"2025-08-16 18:06:59","focus_keyword":null,"additional_keywords":null,"truseo_locale":null,"seo_analyzer_scan_date":null},"aioseo_breadcrumb":"<div class=\"aioseo-breadcrumbs\"><span class=\"aioseo-breadcrumb\">\n\t\t\t<a href=\"https:\/\/anoticiaonline.com.br\/site\" title=\"Home\">Home<\/a>\n\t\t<\/span><span class=\"aioseo-breadcrumb-separator\">&raquo;<\/span><span class=\"aioseo-breadcrumb\">\n\t\t\t<a href=\"https:\/\/anoticiaonline.com.br\/site\/categoria\/muriae\/\" title=\"Blog\">Blog<\/a>\n\t\t<\/span><span class=\"aioseo-breadcrumb-separator\">&raquo;<\/span><span class=\"aioseo-breadcrumb\">\n\t\t\tExposi\u00e7\u00e3o Especializada do Cavalo Mangalarga Marchador de Muria\u00e9 \u00e9 sucesso em sua primeira edi\u00e7\u00e3o\n\t\t<\/span><\/div>","aioseo_breadcrumb_json":[{"label":"Home","link":"https:\/\/anoticiaonline.com.br\/site"},{"label":"Blog","link":"https:\/\/anoticiaonline.com.br\/site\/categoria\/muriae\/"},{"label":"Exposi\u00e7\u00e3o Especializada do Cavalo Mangalarga Marchador de Muria\u00e9 \u00e9 sucesso em sua primeira edi\u00e7\u00e3o","link":"https:\/\/anoticiaonline.com.br\/site\/exposicao-especializada-do-cavalo-mangalarga-marchador-de-muriae-e-sucesso-em-sua-primeira-edicao\/"}],"views":184,"_links":{"self":[{"href":"https:\/\/anoticiaonline.com.br\/site\/wp-json\/wp\/v2\/posts\/27206","targetHints":{"allow":["GET"]}}],"collection":[{"href":"https:\/\/anoticiaonline.com.br\/site\/wp-json\/wp\/v2\/posts"}],"about":[{"href":"https:\/\/anoticiaonline.com.br\/site\/wp-json\/wp\/v2\/types\/post"}],"author":[{"embeddable":true,"href":"https:\/\/anoticiaonline.com.br\/site\/wp-json\/wp\/v2\/users\/2"}],"replies":[{"embeddable":true,"href":"https:\/\/anoticiaonline.com.br\/site\/wp-json\/wp\/v2\/comments?post=27206"}],"version-history":[{"count":0,"href":"https:\/\/anoticiaonline.com.br\/site\/wp-json\/wp\/v2\/posts\/27206\/revisions"}],"wp:featuredmedia":[{"embeddable":true,"href":"https:\/\/anoticiaonline.com.br\/site\/wp-json\/wp\/v2\/media\/27207"}],"wp:attachment":[{"href":"https:\/\/anoticiaonline.com.br\/site\/wp-json\/wp\/v2\/media?parent=27206"}],"wp:term":[{"taxonomy":"category","embeddable":true,"href":"https:\/\/anoticiaonline.com.br\/site\/wp-json\/wp\/v2\/categories?post=27206"},{"taxonomy":"post_tag","embeddable":true,"href":"https:\/\/anoticiaonline.com.br\/site\/wp-json\/wp\/v2\/tags?post=27206"}],"curies":[{"name":"wp","href":"https:\/\/api.w.org\/{rel}","templated":true}]}}