{"id":26647,"date":"2017-03-28T09:47:49","date_gmt":"2017-03-28T12:47:49","guid":{"rendered":"http:\/\/anoticiaonline.com.br\/site\/?p=26647"},"modified":"2017-03-28T09:47:49","modified_gmt":"2017-03-28T12:47:49","slug":"servidores-vao-para-as-ruas-mais-uma-vez-protestar-contra-a-reforma-da-previdencia","status":"publish","type":"post","link":"https:\/\/anoticiaonline.com.br\/site\/servidores-vao-para-as-ruas-mais-uma-vez-protestar-contra-a-reforma-da-previdencia\/","title":{"rendered":"Servidores v\u00e3o para as ruas mais uma vez protestar contra a reforma da Previd\u00eancia"},"content":{"rendered":"<p><a href=\"https:\/\/anoticiaonline.com.br\/site\/wp-content\/uploads\/2017\/03\/Servidores-v\u00e3o-para-as-ruas-mais-uma-vez-protestar-contra-a-reforma-da-Previd\u00eancia.jpg\"><img fetchpriority=\"high\" decoding=\"async\" class=\" size-medium wp-image-26648 alignleft\" src=\"https:\/\/anoticiaonline.com.br\/site\/wp-content\/uploads\/2017\/03\/Servidores-v\u00e3o-para-as-ruas-mais-uma-vez-protestar-contra-a-reforma-da-Previd\u00eancia-300x169.jpg\" alt=\"Servidores v\u00e3o para as ruas mais uma vez protestar contra a reforma da Previd\u00eancia\" width=\"300\" height=\"169\" srcset=\"https:\/\/anoticiaonline.com.br\/site\/wp-content\/uploads\/2017\/03\/Servidores-v\u00e3o-para-as-ruas-mais-uma-vez-protestar-contra-a-reforma-da-Previd\u00eancia-300x169.jpg 300w, https:\/\/anoticiaonline.com.br\/site\/wp-content\/uploads\/2017\/03\/Servidores-v\u00e3o-para-as-ruas-mais-uma-vez-protestar-contra-a-reforma-da-Previd\u00eancia.jpg 640w\" sizes=\"(max-width: 300px) 100vw, 300px\" \/><\/a>Muria\u00e9 segue a \u201conda\u201d de protestos que acontece em todo o pa\u00eds contra a reforma da Previd\u00eancia. Na tarde de segunda-feira (27), a subsede do Sindicato \u00danico dos Trabalhadores em Educa\u00e7\u00e3o de Minas Gerais (Sind-Ute) mobilizou mais uma vez professores estaduais, que est\u00e3o em greve, e simpatizantes para uma passeata na regi\u00e3o central da cidade.<\/p>\n<p>Munidos de faixas, cartazes e apitos, eles gritaram palavras de ordem contra a proposta de reforma do sistema previdenci\u00e1rio brasileiro, que est\u00e1 em an\u00e1lise no Congresso Nacional.<\/p>\n<p>Em greve, os professores estaduais, al\u00e9m de protestarem contra o projeto que altera regras da Previd\u00eancia, tamb\u00e9m cobram do governador Fernando Pimentel o cumprimento de um acordo firmado entre a categoria e o governo em 2015, que prev\u00ea, entre outras medidas, o pagamento do piso salarial at\u00e9 2018.<\/p>\n","protected":false},"excerpt":{"rendered":"<p>Muria\u00e9 segue a \u201conda\u201d de protestos que acontece em todo o pa\u00eds contra a reforma da Previd\u00eancia. Na tarde de segunda-feira (27), a subsede do Sindicato \u00danico dos Trabalhadores em Educa\u00e7\u00e3o de Minas Gerais (Sind-Ute) mobilizou mais uma vez professores estaduais, que est\u00e3o em greve, e simpatizantes para uma passeata na regi\u00e3o central da cidade. &#8230; <a title=\"Servidores v\u00e3o para as ruas mais uma vez protestar contra a reforma da Previd\u00eancia\" class=\"read-more\" href=\"https:\/\/anoticiaonline.com.br\/site\/servidores-vao-para-as-ruas-mais-uma-vez-protestar-contra-a-reforma-da-previdencia\/\" aria-label=\"Read more about Servidores v\u00e3o para as ruas mais uma vez protestar contra a reforma da Previd\u00eancia\">Ler mais<\/a><\/p>\n","protected":false},"author":2,"featured_media":26648,"comment_status":"open","ping_status":"open","sticky":false,"template":"","format":"standard","meta":{"_acf_changed":false,"_monsterinsights_skip_tracking":false,"footnotes":""},"categories":[30],"tags":[3],"class_list":["post-26647","post","type-post","status-publish","format-standard","has-post-thumbnail","hentry","category-muriae","tag-slide"],"acf":[],"aioseo_notices":[],"aioseo_head":"\n\t\t<!-- All in One SEO 5.0.0.1 - aioseo.com -->\n\t<meta name=\"description\" content=\"Muria\u00e9 segue a \u201conda\u201d de protestos que acontece em todo o pa\u00eds contra a reforma da Previd\u00eancia. Na tarde de segunda-feira (27), a subsede do Sindicato \u00danico dos Trabalhadores em Educa\u00e7\u00e3o de Minas Gerais (Sind-Ute) mobilizou mais uma vez professores estaduais, que est\u00e3o em greve, e simpatizantes para uma passeata na regi\u00e3o central da cidade.\" \/>\n\t<meta name=\"robots\" content=\"max-image-preview:large\" \/>\n\t<meta name=\"author\" content=\"Juliana Laviola\"\/>\n\t<link rel=\"canonical\" href=\"https:\/\/anoticiaonline.com.br\/site\/servidores-vao-para-as-ruas-mais-uma-vez-protestar-contra-a-reforma-da-previdencia\/\" \/>\n\t<meta name=\"generator\" content=\"All in One SEO (AIOSEO) 5.0.0.1\" \/>\n\t\t<meta property=\"og:locale\" content=\"pt_BR\" \/>\n\t\t<meta property=\"og:site_name\" content=\"A Not\u00edcia Online - Noticias de Muria\u00e9 e regi\u00e3o\" \/>\n\t\t<meta property=\"og:type\" content=\"article\" \/>\n\t\t<meta property=\"og:title\" content=\"Servidores v\u00e3o para as ruas mais uma vez protestar contra a reforma da Previd\u00eancia - A Not\u00edcia Online\" \/>\n\t\t<meta property=\"og:description\" content=\"Muria\u00e9 segue a \u201conda\u201d de protestos que acontece em todo o pa\u00eds contra a reforma da Previd\u00eancia. Na tarde de segunda-feira (27), a subsede do Sindicato \u00danico dos Trabalhadores em Educa\u00e7\u00e3o de Minas Gerais (Sind-Ute) mobilizou mais uma vez professores estaduais, que est\u00e3o em greve, e simpatizantes para uma passeata na regi\u00e3o central da cidade.\" \/>\n\t\t<meta property=\"og:url\" content=\"https:\/\/anoticiaonline.com.br\/site\/servidores-vao-para-as-ruas-mais-uma-vez-protestar-contra-a-reforma-da-previdencia\/\" \/>\n\t\t<meta property=\"og:image\" content=\"https:\/\/scontent-gig4-1.xx.fbcdn.net\/v\/t39.30808-1\/270437624_4564083193639691_6907940295614233970_n.jpg?stp=dst-jpg_s200x200_tt6&#038;_nc_cat=111&#038;ccb=1-7&#038;_nc_sid=f907e8&#038;_nc_ohc=SM1wRlP3lJwQ7kNvwEPuBYA&#038;_nc_oc=AdnqrjDN_BNjSSHWO-GbkIWH6fkGMLw4bqvL_NH6e2wMveX7G-rP2dAqsDSq1mJMOaY&#038;_nc_zt=24&#038;_nc_ht=scontent-gig4-1.xx&#038;_nc_gid=AoBFJeGrT1hVaew_6rchkQ&#038;oh=00_AfX7QmFGhQhG2jAllVgXCiM1ZrWgvtp80-Bfppyexh1QEg&#038;oe=689E923C\" \/>\n\t\t<meta property=\"og:image:secure_url\" content=\"https:\/\/scontent-gig4-1.xx.fbcdn.net\/v\/t39.30808-1\/270437624_4564083193639691_6907940295614233970_n.jpg?stp=dst-jpg_s200x200_tt6&#038;_nc_cat=111&#038;ccb=1-7&#038;_nc_sid=f907e8&#038;_nc_ohc=SM1wRlP3lJwQ7kNvwEPuBYA&#038;_nc_oc=AdnqrjDN_BNjSSHWO-GbkIWH6fkGMLw4bqvL_NH6e2wMveX7G-rP2dAqsDSq1mJMOaY&#038;_nc_zt=24&#038;_nc_ht=scontent-gig4-1.xx&#038;_nc_gid=AoBFJeGrT1hVaew_6rchkQ&#038;oh=00_AfX7QmFGhQhG2jAllVgXCiM1ZrWgvtp80-Bfppyexh1QEg&#038;oe=689E923C\" \/>\n\t\t<meta property=\"article:published_time\" content=\"2017-03-28T12:47:49+00:00\" \/>\n\t\t<meta property=\"article:modified_time\" content=\"2017-03-28T12:47:49+00:00\" \/>\n\t\t<meta name=\"twitter:card\" content=\"summary_large_image\" \/>\n\t\t<meta name=\"twitter:title\" content=\"Servidores v\u00e3o para as ruas mais uma vez protestar contra a reforma da Previd\u00eancia - A Not\u00edcia Online\" \/>\n\t\t<meta name=\"twitter:description\" content=\"Muria\u00e9 segue a \u201conda\u201d de protestos que acontece em todo o pa\u00eds contra a reforma da Previd\u00eancia. Na tarde de segunda-feira (27), a subsede do Sindicato \u00danico dos Trabalhadores em Educa\u00e7\u00e3o de Minas Gerais (Sind-Ute) mobilizou mais uma vez professores estaduais, que est\u00e3o em greve, e simpatizantes para uma passeata na regi\u00e3o central da cidade.\" \/>\n\t\t<meta name=\"twitter:image\" content=\"https:\/\/scontent-gig4-1.xx.fbcdn.net\/v\/t39.30808-1\/270437624_4564083193639691_6907940295614233970_n.jpg?stp=dst-jpg_s200x200_tt6&amp;_nc_cat=111&amp;ccb=1-7&amp;_nc_sid=f907e8&amp;_nc_ohc=SM1wRlP3lJwQ7kNvwEPuBYA&amp;_nc_oc=AdnqrjDN_BNjSSHWO-GbkIWH6fkGMLw4bqvL_NH6e2wMveX7G-rP2dAqsDSq1mJMOaY&amp;_nc_zt=24&amp;_nc_ht=scontent-gig4-1.xx&amp;_nc_gid=AoBFJeGrT1hVaew_6rchkQ&amp;oh=00_AfX7QmFGhQhG2jAllVgXCiM1ZrWgvtp80-Bfppyexh1QEg&amp;oe=689E923C\" \/>\n\t\t<script type=\"application\/ld+json\" class=\"aioseo-schema\">\n\t\t\t{\"@context\":\"https:\\\/\\\/schema.org\",\"@graph\":[{\"@type\":\"BlogPosting\",\"@id\":\"https:\\\/\\\/anoticiaonline.com.br\\\/site\\\/servidores-vao-para-as-ruas-mais-uma-vez-protestar-contra-a-reforma-da-previdencia\\\/#blogposting\",\"name\":\"Servidores v\\u00e3o para as ruas mais uma vez protestar contra a reforma da Previd\\u00eancia - A Not\\u00edcia Online\",\"headline\":\"Servidores v\\u00e3o para as ruas mais uma vez protestar contra a reforma da Previd\\u00eancia\",\"author\":{\"@id\":\"https:\\\/\\\/anoticiaonline.com.br\\\/site\\\/author\\\/juliana\\\/#author\"},\"publisher\":{\"@id\":\"https:\\\/\\\/anoticiaonline.com.br\\\/site\\\/#organization\"},\"image\":{\"@type\":\"ImageObject\",\"url\":\"https:\\\/\\\/anoticiaonline.com.br\\\/site\\\/wp-content\\\/uploads\\\/2017\\\/03\\\/Servidores-v\\u00e3o-para-as-ruas-mais-uma-vez-protestar-contra-a-reforma-da-Previd\\u00eancia.jpg\",\"width\":640,\"height\":360},\"datePublished\":\"2017-03-28T09:47:49-03:00\",\"dateModified\":\"2017-03-28T09:47:49-03:00\",\"inLanguage\":\"pt-BR\",\"mainEntityOfPage\":{\"@id\":\"https:\\\/\\\/anoticiaonline.com.br\\\/site\\\/servidores-vao-para-as-ruas-mais-uma-vez-protestar-contra-a-reforma-da-previdencia\\\/#webpage\"},\"isPartOf\":{\"@id\":\"https:\\\/\\\/anoticiaonline.com.br\\\/site\\\/servidores-vao-para-as-ruas-mais-uma-vez-protestar-contra-a-reforma-da-previdencia\\\/#webpage\"},\"articleSection\":\"Blog, slide\"},{\"@type\":\"BreadcrumbList\",\"@id\":\"https:\\\/\\\/anoticiaonline.com.br\\\/site\\\/servidores-vao-para-as-ruas-mais-uma-vez-protestar-contra-a-reforma-da-previdencia\\\/#breadcrumblist\",\"itemListElement\":[{\"@type\":\"ListItem\",\"@id\":\"https:\\\/\\\/anoticiaonline.com.br\\\/site#listItem\",\"position\":1,\"name\":\"Home\",\"item\":\"https:\\\/\\\/anoticiaonline.com.br\\\/site\",\"nextItem\":{\"@type\":\"ListItem\",\"@id\":\"https:\\\/\\\/anoticiaonline.com.br\\\/site\\\/categoria\\\/muriae\\\/#listItem\",\"name\":\"Blog\"}},{\"@type\":\"ListItem\",\"@id\":\"https:\\\/\\\/anoticiaonline.com.br\\\/site\\\/categoria\\\/muriae\\\/#listItem\",\"position\":2,\"name\":\"Blog\",\"item\":\"https:\\\/\\\/anoticiaonline.com.br\\\/site\\\/categoria\\\/muriae\\\/\",\"nextItem\":{\"@type\":\"ListItem\",\"@id\":\"https:\\\/\\\/anoticiaonline.com.br\\\/site\\\/servidores-vao-para-as-ruas-mais-uma-vez-protestar-contra-a-reforma-da-previdencia\\\/#listItem\",\"name\":\"Servidores v\\u00e3o para as ruas mais uma vez protestar contra a reforma da Previd\\u00eancia\"},\"previousItem\":{\"@type\":\"ListItem\",\"@id\":\"https:\\\/\\\/anoticiaonline.com.br\\\/site#listItem\",\"name\":\"Home\"}},{\"@type\":\"ListItem\",\"@id\":\"https:\\\/\\\/anoticiaonline.com.br\\\/site\\\/servidores-vao-para-as-ruas-mais-uma-vez-protestar-contra-a-reforma-da-previdencia\\\/#listItem\",\"position\":3,\"name\":\"Servidores v\\u00e3o para as ruas mais uma vez protestar contra a reforma da Previd\\u00eancia\",\"previousItem\":{\"@type\":\"ListItem\",\"@id\":\"https:\\\/\\\/anoticiaonline.com.br\\\/site\\\/categoria\\\/muriae\\\/#listItem\",\"name\":\"Blog\"}}]},{\"@type\":\"Organization\",\"@id\":\"https:\\\/\\\/anoticiaonline.com.br\\\/site\\\/#organization\",\"name\":\"A Not\\u00edcia Online\",\"description\":\"Noticias de Muria\\u00e9 e regi\\u00e3o\",\"url\":\"https:\\\/\\\/anoticiaonline.com.br\\\/site\\\/\",\"logo\":{\"@type\":\"ImageObject\",\"url\":\"https:\\\/\\\/scontent-gig4-1.xx.fbcdn.net\\\/v\\\/t39.30808-1\\\/270437624_4564083193639691_6907940295614233970_n.jpg?stp=dst-jpg_s200x200_tt6&_nc_cat=111&ccb=1-7&_nc_sid=f907e8&_nc_ohc=SM1wRlP3lJwQ7kNvwEPuBYA&_nc_oc=AdnqrjDN_BNjSSHWO-GbkIWH6fkGMLw4bqvL_NH6e2wMveX7G-rP2dAqsDSq1mJMOaY&_nc_zt=24&_nc_ht=scontent-gig4-1.xx&_nc_gid=AoBFJeGrT1hVaew_6rchkQ&oh=00_AfX7QmFGhQhG2jAllVgXCiM1ZrWgvtp80-Bfppyexh1QEg&oe=689E923C\",\"@id\":\"https:\\\/\\\/anoticiaonline.com.br\\\/site\\\/servidores-vao-para-as-ruas-mais-uma-vez-protestar-contra-a-reforma-da-previdencia\\\/#organizationLogo\"},\"image\":{\"@id\":\"https:\\\/\\\/anoticiaonline.com.br\\\/site\\\/servidores-vao-para-as-ruas-mais-uma-vez-protestar-contra-a-reforma-da-previdencia\\\/#organizationLogo\"}},{\"@type\":\"Person\",\"@id\":\"https:\\\/\\\/anoticiaonline.com.br\\\/site\\\/author\\\/juliana\\\/#author\",\"url\":\"https:\\\/\\\/anoticiaonline.com.br\\\/site\\\/author\\\/juliana\\\/\",\"name\":\"Juliana Laviola\",\"image\":{\"@type\":\"ImageObject\",\"@id\":\"https:\\\/\\\/anoticiaonline.com.br\\\/site\\\/servidores-vao-para-as-ruas-mais-uma-vez-protestar-contra-a-reforma-da-previdencia\\\/#authorImage\",\"url\":\"https:\\\/\\\/secure.gravatar.com\\\/avatar\\\/b8d45f5c699b100dfaf0e543582f38f38bf94cb7ae3a5e9abf8d891a34773335?s=96&d=mm&r=g\",\"width\":96,\"height\":96,\"caption\":\"Juliana Laviola\"}},{\"@type\":\"WebPage\",\"@id\":\"https:\\\/\\\/anoticiaonline.com.br\\\/site\\\/servidores-vao-para-as-ruas-mais-uma-vez-protestar-contra-a-reforma-da-previdencia\\\/#webpage\",\"url\":\"https:\\\/\\\/anoticiaonline.com.br\\\/site\\\/servidores-vao-para-as-ruas-mais-uma-vez-protestar-contra-a-reforma-da-previdencia\\\/\",\"name\":\"Servidores v\\u00e3o para as ruas mais uma vez protestar contra a reforma da Previd\\u00eancia - A Not\\u00edcia Online\",\"description\":\"Muria\\u00e9 segue a \\u201conda\\u201d de protestos que acontece em todo o pa\\u00eds contra a reforma da Previd\\u00eancia. Na tarde de segunda-feira (27), a subsede do Sindicato \\u00danico dos Trabalhadores em Educa\\u00e7\\u00e3o de Minas Gerais (Sind-Ute) mobilizou mais uma vez professores estaduais, que est\\u00e3o em greve, e simpatizantes para uma passeata na regi\\u00e3o central da cidade.\",\"inLanguage\":\"pt-BR\",\"isPartOf\":{\"@id\":\"https:\\\/\\\/anoticiaonline.com.br\\\/site\\\/#website\"},\"breadcrumb\":{\"@id\":\"https:\\\/\\\/anoticiaonline.com.br\\\/site\\\/servidores-vao-para-as-ruas-mais-uma-vez-protestar-contra-a-reforma-da-previdencia\\\/#breadcrumblist\"},\"author\":{\"@id\":\"https:\\\/\\\/anoticiaonline.com.br\\\/site\\\/author\\\/juliana\\\/#author\"},\"creator\":{\"@id\":\"https:\\\/\\\/anoticiaonline.com.br\\\/site\\\/author\\\/juliana\\\/#author\"},\"image\":{\"@type\":\"ImageObject\",\"url\":\"https:\\\/\\\/anoticiaonline.com.br\\\/site\\\/wp-content\\\/uploads\\\/2017\\\/03\\\/Servidores-v\\u00e3o-para-as-ruas-mais-uma-vez-protestar-contra-a-reforma-da-Previd\\u00eancia.jpg\",\"@id\":\"https:\\\/\\\/anoticiaonline.com.br\\\/site\\\/servidores-vao-para-as-ruas-mais-uma-vez-protestar-contra-a-reforma-da-previdencia\\\/#mainImage\",\"width\":640,\"height\":360},\"primaryImageOfPage\":{\"@id\":\"https:\\\/\\\/anoticiaonline.com.br\\\/site\\\/servidores-vao-para-as-ruas-mais-uma-vez-protestar-contra-a-reforma-da-previdencia\\\/#mainImage\"},\"datePublished\":\"2017-03-28T09:47:49-03:00\",\"dateModified\":\"2017-03-28T09:47:49-03:00\"},{\"@type\":\"WebSite\",\"@id\":\"https:\\\/\\\/anoticiaonline.com.br\\\/site\\\/#website\",\"url\":\"https:\\\/\\\/anoticiaonline.com.br\\\/site\\\/\",\"name\":\"A Not\\u00edcia Online\",\"description\":\"Noticias de Muria\\u00e9 e regi\\u00e3o\",\"inLanguage\":\"pt-BR\",\"publisher\":{\"@id\":\"https:\\\/\\\/anoticiaonline.com.br\\\/site\\\/#organization\"}}]}\n\t\t<\/script>\n\t\t<!-- All in One SEO -->\n\n","aioseo_head_json":{"title":"Servidores v\u00e3o para as ruas mais uma vez protestar contra a reforma da Previd\u00eancia - A Not\u00edcia Online","description":"Muria\u00e9 segue a \u201conda\u201d de protestos que acontece em todo o pa\u00eds contra a reforma da Previd\u00eancia. Na tarde de segunda-feira (27), a subsede do Sindicato \u00danico dos Trabalhadores em Educa\u00e7\u00e3o de Minas Gerais (Sind-Ute) mobilizou mais uma vez professores estaduais, que est\u00e3o em greve, e simpatizantes para uma passeata na regi\u00e3o central da cidade.","canonical_url":"https:\/\/anoticiaonline.com.br\/site\/servidores-vao-para-as-ruas-mais-uma-vez-protestar-contra-a-reforma-da-previdencia\/","robots":"max-image-preview:large","keywords":"","webmasterTools":{"miscellaneous":""},"schema":{"@context":"https:\/\/schema.org","@graph":[{"@type":"BlogPosting","@id":"https:\/\/anoticiaonline.com.br\/site\/servidores-vao-para-as-ruas-mais-uma-vez-protestar-contra-a-reforma-da-previdencia\/#blogposting","name":"Servidores v\u00e3o para as ruas mais uma vez protestar contra a reforma da Previd\u00eancia - A Not\u00edcia Online","headline":"Servidores v\u00e3o para as ruas mais uma vez protestar contra a reforma da Previd\u00eancia","author":{"@id":"https:\/\/anoticiaonline.com.br\/site\/author\/juliana\/#author"},"publisher":{"@id":"https:\/\/anoticiaonline.com.br\/site\/#organization"},"image":{"@type":"ImageObject","url":"https:\/\/anoticiaonline.com.br\/site\/wp-content\/uploads\/2017\/03\/Servidores-v\u00e3o-para-as-ruas-mais-uma-vez-protestar-contra-a-reforma-da-Previd\u00eancia.jpg","width":640,"height":360},"datePublished":"2017-03-28T09:47:49-03:00","dateModified":"2017-03-28T09:47:49-03:00","inLanguage":"pt-BR","mainEntityOfPage":{"@id":"https:\/\/anoticiaonline.com.br\/site\/servidores-vao-para-as-ruas-mais-uma-vez-protestar-contra-a-reforma-da-previdencia\/#webpage"},"isPartOf":{"@id":"https:\/\/anoticiaonline.com.br\/site\/servidores-vao-para-as-ruas-mais-uma-vez-protestar-contra-a-reforma-da-previdencia\/#webpage"},"articleSection":"Blog, slide"},{"@type":"BreadcrumbList","@id":"https:\/\/anoticiaonline.com.br\/site\/servidores-vao-para-as-ruas-mais-uma-vez-protestar-contra-a-reforma-da-previdencia\/#breadcrumblist","itemListElement":[{"@type":"ListItem","@id":"https:\/\/anoticiaonline.com.br\/site#listItem","position":1,"name":"Home","item":"https:\/\/anoticiaonline.com.br\/site","nextItem":{"@type":"ListItem","@id":"https:\/\/anoticiaonline.com.br\/site\/categoria\/muriae\/#listItem","name":"Blog"}},{"@type":"ListItem","@id":"https:\/\/anoticiaonline.com.br\/site\/categoria\/muriae\/#listItem","position":2,"name":"Blog","item":"https:\/\/anoticiaonline.com.br\/site\/categoria\/muriae\/","nextItem":{"@type":"ListItem","@id":"https:\/\/anoticiaonline.com.br\/site\/servidores-vao-para-as-ruas-mais-uma-vez-protestar-contra-a-reforma-da-previdencia\/#listItem","name":"Servidores v\u00e3o para as ruas mais uma vez protestar contra a reforma da Previd\u00eancia"},"previousItem":{"@type":"ListItem","@id":"https:\/\/anoticiaonline.com.br\/site#listItem","name":"Home"}},{"@type":"ListItem","@id":"https:\/\/anoticiaonline.com.br\/site\/servidores-vao-para-as-ruas-mais-uma-vez-protestar-contra-a-reforma-da-previdencia\/#listItem","position":3,"name":"Servidores v\u00e3o para as ruas mais uma vez protestar contra a reforma da Previd\u00eancia","previousItem":{"@type":"ListItem","@id":"https:\/\/anoticiaonline.com.br\/site\/categoria\/muriae\/#listItem","name":"Blog"}}]},{"@type":"Organization","@id":"https:\/\/anoticiaonline.com.br\/site\/#organization","name":"A Not\u00edcia Online","description":"Noticias de Muria\u00e9 e regi\u00e3o","url":"https:\/\/anoticiaonline.com.br\/site\/","logo":{"@type":"ImageObject","url":"https:\/\/scontent-gig4-1.xx.fbcdn.net\/v\/t39.30808-1\/270437624_4564083193639691_6907940295614233970_n.jpg?stp=dst-jpg_s200x200_tt6&_nc_cat=111&ccb=1-7&_nc_sid=f907e8&_nc_ohc=SM1wRlP3lJwQ7kNvwEPuBYA&_nc_oc=AdnqrjDN_BNjSSHWO-GbkIWH6fkGMLw4bqvL_NH6e2wMveX7G-rP2dAqsDSq1mJMOaY&_nc_zt=24&_nc_ht=scontent-gig4-1.xx&_nc_gid=AoBFJeGrT1hVaew_6rchkQ&oh=00_AfX7QmFGhQhG2jAllVgXCiM1ZrWgvtp80-Bfppyexh1QEg&oe=689E923C","@id":"https:\/\/anoticiaonline.com.br\/site\/servidores-vao-para-as-ruas-mais-uma-vez-protestar-contra-a-reforma-da-previdencia\/#organizationLogo"},"image":{"@id":"https:\/\/anoticiaonline.com.br\/site\/servidores-vao-para-as-ruas-mais-uma-vez-protestar-contra-a-reforma-da-previdencia\/#organizationLogo"}},{"@type":"Person","@id":"https:\/\/anoticiaonline.com.br\/site\/author\/juliana\/#author","url":"https:\/\/anoticiaonline.com.br\/site\/author\/juliana\/","name":"Juliana Laviola","image":{"@type":"ImageObject","@id":"https:\/\/anoticiaonline.com.br\/site\/servidores-vao-para-as-ruas-mais-uma-vez-protestar-contra-a-reforma-da-previdencia\/#authorImage","url":"https:\/\/secure.gravatar.com\/avatar\/b8d45f5c699b100dfaf0e543582f38f38bf94cb7ae3a5e9abf8d891a34773335?s=96&d=mm&r=g","width":96,"height":96,"caption":"Juliana Laviola"}},{"@type":"WebPage","@id":"https:\/\/anoticiaonline.com.br\/site\/servidores-vao-para-as-ruas-mais-uma-vez-protestar-contra-a-reforma-da-previdencia\/#webpage","url":"https:\/\/anoticiaonline.com.br\/site\/servidores-vao-para-as-ruas-mais-uma-vez-protestar-contra-a-reforma-da-previdencia\/","name":"Servidores v\u00e3o para as ruas mais uma vez protestar contra a reforma da Previd\u00eancia - A Not\u00edcia Online","description":"Muria\u00e9 segue a \u201conda\u201d de protestos que acontece em todo o pa\u00eds contra a reforma da Previd\u00eancia. Na tarde de segunda-feira (27), a subsede do Sindicato \u00danico dos Trabalhadores em Educa\u00e7\u00e3o de Minas Gerais (Sind-Ute) mobilizou mais uma vez professores estaduais, que est\u00e3o em greve, e simpatizantes para uma passeata na regi\u00e3o central da cidade.","inLanguage":"pt-BR","isPartOf":{"@id":"https:\/\/anoticiaonline.com.br\/site\/#website"},"breadcrumb":{"@id":"https:\/\/anoticiaonline.com.br\/site\/servidores-vao-para-as-ruas-mais-uma-vez-protestar-contra-a-reforma-da-previdencia\/#breadcrumblist"},"author":{"@id":"https:\/\/anoticiaonline.com.br\/site\/author\/juliana\/#author"},"creator":{"@id":"https:\/\/anoticiaonline.com.br\/site\/author\/juliana\/#author"},"image":{"@type":"ImageObject","url":"https:\/\/anoticiaonline.com.br\/site\/wp-content\/uploads\/2017\/03\/Servidores-v\u00e3o-para-as-ruas-mais-uma-vez-protestar-contra-a-reforma-da-Previd\u00eancia.jpg","@id":"https:\/\/anoticiaonline.com.br\/site\/servidores-vao-para-as-ruas-mais-uma-vez-protestar-contra-a-reforma-da-previdencia\/#mainImage","width":640,"height":360},"primaryImageOfPage":{"@id":"https:\/\/anoticiaonline.com.br\/site\/servidores-vao-para-as-ruas-mais-uma-vez-protestar-contra-a-reforma-da-previdencia\/#mainImage"},"datePublished":"2017-03-28T09:47:49-03:00","dateModified":"2017-03-28T09:47:49-03:00"},{"@type":"WebSite","@id":"https:\/\/anoticiaonline.com.br\/site\/#website","url":"https:\/\/anoticiaonline.com.br\/site\/","name":"A Not\u00edcia Online","description":"Noticias de Muria\u00e9 e regi\u00e3o","inLanguage":"pt-BR","publisher":{"@id":"https:\/\/anoticiaonline.com.br\/site\/#organization"}}]},"og:locale":"pt_BR","og:site_name":"A Not\u00edcia Online - Noticias de Muria\u00e9 e regi\u00e3o","og:type":"article","og:title":"Servidores v\u00e3o para as ruas mais uma vez protestar contra a reforma da Previd\u00eancia - A Not\u00edcia Online","og:description":"Muria\u00e9 segue a \u201conda\u201d de protestos que acontece em todo o pa\u00eds contra a reforma da Previd\u00eancia. Na tarde de segunda-feira (27), a subsede do Sindicato \u00danico dos Trabalhadores em Educa\u00e7\u00e3o de Minas Gerais (Sind-Ute) mobilizou mais uma vez professores estaduais, que est\u00e3o em greve, e simpatizantes para uma passeata na regi\u00e3o central da cidade.","og:url":"https:\/\/anoticiaonline.com.br\/site\/servidores-vao-para-as-ruas-mais-uma-vez-protestar-contra-a-reforma-da-previdencia\/","og:image":"https:\/\/scontent-gig4-1.xx.fbcdn.net\/v\/t39.30808-1\/270437624_4564083193639691_6907940295614233970_n.jpg?stp=dst-jpg_s200x200_tt6&#038;_nc_cat=111&#038;ccb=1-7&#038;_nc_sid=f907e8&#038;_nc_ohc=SM1wRlP3lJwQ7kNvwEPuBYA&#038;_nc_oc=AdnqrjDN_BNjSSHWO-GbkIWH6fkGMLw4bqvL_NH6e2wMveX7G-rP2dAqsDSq1mJMOaY&#038;_nc_zt=24&#038;_nc_ht=scontent-gig4-1.xx&#038;_nc_gid=AoBFJeGrT1hVaew_6rchkQ&#038;oh=00_AfX7QmFGhQhG2jAllVgXCiM1ZrWgvtp80-Bfppyexh1QEg&#038;oe=689E923C","og:image:secure_url":"https:\/\/scontent-gig4-1.xx.fbcdn.net\/v\/t39.30808-1\/270437624_4564083193639691_6907940295614233970_n.jpg?stp=dst-jpg_s200x200_tt6&#038;_nc_cat=111&#038;ccb=1-7&#038;_nc_sid=f907e8&#038;_nc_ohc=SM1wRlP3lJwQ7kNvwEPuBYA&#038;_nc_oc=AdnqrjDN_BNjSSHWO-GbkIWH6fkGMLw4bqvL_NH6e2wMveX7G-rP2dAqsDSq1mJMOaY&#038;_nc_zt=24&#038;_nc_ht=scontent-gig4-1.xx&#038;_nc_gid=AoBFJeGrT1hVaew_6rchkQ&#038;oh=00_AfX7QmFGhQhG2jAllVgXCiM1ZrWgvtp80-Bfppyexh1QEg&#038;oe=689E923C","article:published_time":"2017-03-28T12:47:49+00:00","article:modified_time":"2017-03-28T12:47:49+00:00","twitter:card":"summary_large_image","twitter:title":"Servidores v\u00e3o para as ruas mais uma vez protestar contra a reforma da Previd\u00eancia - A Not\u00edcia Online","twitter:description":"Muria\u00e9 segue a \u201conda\u201d de protestos que acontece em todo o pa\u00eds contra a reforma da Previd\u00eancia. Na tarde de segunda-feira (27), a subsede do Sindicato \u00danico dos Trabalhadores em Educa\u00e7\u00e3o de Minas Gerais (Sind-Ute) mobilizou mais uma vez professores estaduais, que est\u00e3o em greve, e simpatizantes para uma passeata na regi\u00e3o central da cidade.","twitter:image":"https:\/\/scontent-gig4-1.xx.fbcdn.net\/v\/t39.30808-1\/270437624_4564083193639691_6907940295614233970_n.jpg?stp=dst-jpg_s200x200_tt6&_nc_cat=111&ccb=1-7&_nc_sid=f907e8&_nc_ohc=SM1wRlP3lJwQ7kNvwEPuBYA&_nc_oc=AdnqrjDN_BNjSSHWO-GbkIWH6fkGMLw4bqvL_NH6e2wMveX7G-rP2dAqsDSq1mJMOaY&_nc_zt=24&_nc_ht=scontent-gig4-1.xx&_nc_gid=AoBFJeGrT1hVaew_6rchkQ&oh=00_AfX7QmFGhQhG2jAllVgXCiM1ZrWgvtp80-Bfppyexh1QEg&oe=689E923C"},"aioseo_meta_data":{"post_id":"26647","title":null,"description":null,"keywords":null,"keyphrases":null,"primary_term":null,"canonical_url":null,"og_title":null,"og_description":null,"og_object_type":"default","og_image_type":"default","og_image_url":null,"og_image_width":null,"og_image_height":null,"og_image_custom_url":null,"og_image_custom_fields":null,"og_video":null,"og_custom_url":null,"og_article_section":null,"og_article_tags":null,"twitter_use_og":false,"twitter_card":"default","twitter_image_type":"default","twitter_image_url":null,"twitter_image_custom_url":null,"twitter_image_custom_fields":null,"twitter_title":null,"twitter_description":null,"schema":{"blockGraphs":[],"customGraphs":[],"default":{"data":{"Article":[],"Course":[],"Dataset":[],"FAQPage":[],"Movie":[],"Person":[],"Product":[],"ProductReview":[],"Car":[],"Recipe":[],"Service":[],"SoftwareApplication":[],"WebPage":[]},"graphName":"","isEnabled":true},"graphs":[]},"schema_type":"default","schema_type_options":null,"pillar_content":false,"robots_default":true,"robots_noindex":false,"robots_noarchive":false,"robots_nosnippet":false,"robots_nofollow":false,"robots_noimageindex":false,"robots_noodp":false,"robots_notranslate":false,"robots_max_snippet":null,"robots_max_videopreview":null,"robots_max_imagepreview":"large","priority":null,"frequency":null,"local_seo":null,"breadcrumb_settings":null,"limit_modified_date":false,"ai":null,"created":"2025-08-16 18:03:38","updated":"2025-08-16 18:03:38","focus_keyword":null,"additional_keywords":null,"truseo_locale":null,"seo_analyzer_scan_date":null},"aioseo_breadcrumb":"<div class=\"aioseo-breadcrumbs\"><span class=\"aioseo-breadcrumb\">\n\t\t\t<a href=\"https:\/\/anoticiaonline.com.br\/site\" title=\"Home\">Home<\/a>\n\t\t<\/span><span class=\"aioseo-breadcrumb-separator\">&raquo;<\/span><span class=\"aioseo-breadcrumb\">\n\t\t\t<a href=\"https:\/\/anoticiaonline.com.br\/site\/categoria\/muriae\/\" title=\"Blog\">Blog<\/a>\n\t\t<\/span><span class=\"aioseo-breadcrumb-separator\">&raquo;<\/span><span class=\"aioseo-breadcrumb\">\n\t\t\tServidores v\u00e3o para as ruas mais uma vez protestar contra a reforma da Previd\u00eancia\n\t\t<\/span><\/div>","aioseo_breadcrumb_json":[{"label":"Home","link":"https:\/\/anoticiaonline.com.br\/site"},{"label":"Blog","link":"https:\/\/anoticiaonline.com.br\/site\/categoria\/muriae\/"},{"label":"Servidores v\u00e3o para as ruas mais uma vez protestar contra a reforma da Previd\u00eancia","link":"https:\/\/anoticiaonline.com.br\/site\/servidores-vao-para-as-ruas-mais-uma-vez-protestar-contra-a-reforma-da-previdencia\/"}],"views":142,"_links":{"self":[{"href":"https:\/\/anoticiaonline.com.br\/site\/wp-json\/wp\/v2\/posts\/26647","targetHints":{"allow":["GET"]}}],"collection":[{"href":"https:\/\/anoticiaonline.com.br\/site\/wp-json\/wp\/v2\/posts"}],"about":[{"href":"https:\/\/anoticiaonline.com.br\/site\/wp-json\/wp\/v2\/types\/post"}],"author":[{"embeddable":true,"href":"https:\/\/anoticiaonline.com.br\/site\/wp-json\/wp\/v2\/users\/2"}],"replies":[{"embeddable":true,"href":"https:\/\/anoticiaonline.com.br\/site\/wp-json\/wp\/v2\/comments?post=26647"}],"version-history":[{"count":0,"href":"https:\/\/anoticiaonline.com.br\/site\/wp-json\/wp\/v2\/posts\/26647\/revisions"}],"wp:featuredmedia":[{"embeddable":true,"href":"https:\/\/anoticiaonline.com.br\/site\/wp-json\/wp\/v2\/media\/26648"}],"wp:attachment":[{"href":"https:\/\/anoticiaonline.com.br\/site\/wp-json\/wp\/v2\/media?parent=26647"}],"wp:term":[{"taxonomy":"category","embeddable":true,"href":"https:\/\/anoticiaonline.com.br\/site\/wp-json\/wp\/v2\/categories?post=26647"},{"taxonomy":"post_tag","embeddable":true,"href":"https:\/\/anoticiaonline.com.br\/site\/wp-json\/wp\/v2\/tags?post=26647"}],"curies":[{"name":"wp","href":"https:\/\/api.w.org\/{rel}","templated":true}]}}