{"id":26606,"date":"2017-03-27T09:05:26","date_gmt":"2017-03-27T12:05:26","guid":{"rendered":"http:\/\/anoticiaonline.com.br\/site\/?p=26606"},"modified":"2017-03-30T20:43:56","modified_gmt":"2017-03-30T23:43:56","slug":"policial-e-condecorado-na-academia-de-policia-militar-em-bh","status":"publish","type":"post","link":"https:\/\/anoticiaonline.com.br\/site\/policial-e-condecorado-na-academia-de-policia-militar-em-bh\/","title":{"rendered":"Policial \u00e9 condecorado na Academia de Pol\u00edcia Militar em BH"},"content":{"rendered":"<figure id=\"attachment_26607\" aria-describedby=\"caption-attachment-26607\" style=\"width: 290px\" class=\"wp-caption alignleft\"><a href=\"https:\/\/anoticiaonline.com.br\/site\/wp-content\/uploads\/2017\/03\/17495993_1317391591688433_2052780240_n.jpg\"><img fetchpriority=\"high\" decoding=\"async\" class=\"size-medium wp-image-26607\" src=\"https:\/\/anoticiaonline.com.br\/site\/wp-content\/uploads\/2017\/03\/17495993_1317391591688433_2052780240_n-300x259.jpg\" alt=\"O sargento Charles Coelho e o coronel Helbert Figueir\u00f3\" width=\"300\" height=\"259\" srcset=\"https:\/\/anoticiaonline.com.br\/site\/wp-content\/uploads\/2017\/03\/17495993_1317391591688433_2052780240_n-300x259.jpg 300w, https:\/\/anoticiaonline.com.br\/site\/wp-content\/uploads\/2017\/03\/17495993_1317391591688433_2052780240_n.jpg 640w\" sizes=\"(max-width: 300px) 100vw, 300px\" \/><\/a><figcaption id=\"caption-attachment-26607\" class=\"wp-caption-text\">O sargento Charles Coelho e o coronel Helbert Figueir\u00f3<\/figcaption><\/figure>\n<p>O sargento Charles Henrique Coelho, policial lotado na 6\u00aa Companhia Independente de Pol\u00edcia Militar, em Leopoldina, foi condecorado com a Medalha DuPont Kevlar.<\/p>\n<p>A entrega da honraria foi feita na manh\u00e3 da \u00faltima quinta-feira (23), durante o desfile matinal na Academia de Pol\u00edcia Militar em Belo Horizonte, e contou com a presen\u00e7a do comandante-geral da PMMG, coronel Helbert Figueir\u00f3 de Lourdes, e do comandante da 4\u00aa Regi\u00e3o de Pol\u00edcia Militar, coronel Alexandre Nocelli.<\/p>\n<p>A medalha foi entregue a militares que tiveram suas hist\u00f3rias selecionadas no site Her\u00f3is de Fibra, portal lan\u00e7ado em janeiro de 2016 para promover o relacionamento com os profissionais da \u00e1rea da seguran\u00e7a p\u00fablica, valorizando a cidadania e atitude positiva de profissionais que se dedicam \u00e0 prote\u00e7\u00e3o.<\/p>\n<p>O sargento Coelho compartilhou sua hist\u00f3ria e descreveu sua voca\u00e7\u00e3o policial. O militar se dedica ao Programa Educacional de Resist\u00eancia \u00e0s Drogas (Proerd), presente nos 15 munic\u00edpios pertencentes \u00e0 6\u00aa Companhia, levando, assim, informa\u00e7\u00f5es e estabelecendo uma rela\u00e7\u00e3o de confian\u00e7a com a comunidade.<\/p>\n<p><strong>GALERIA DE FOTOS:<\/strong><\/p>\n<p><img decoding=\"async\" class=\"ngg_displayed_gallery mceItem\" src=\"https:\/\/anoticiaonline.com.br\/site\/nextgen-attach_to_post\/preview\/id--26622\" alt=\"\" \/><\/p>\n<p>&nbsp;<\/p>\n","protected":false},"excerpt":{"rendered":"<p>O sargento Charles Henrique Coelho, policial lotado na 6\u00aa Companhia Independente de Pol\u00edcia Militar, em Leopoldina, foi condecorado com a Medalha DuPont Kevlar. A entrega da honraria foi feita na manh\u00e3 da \u00faltima quinta-feira (23), durante o desfile matinal na Academia de Pol\u00edcia Militar em Belo Horizonte, e contou com a presen\u00e7a do comandante-geral da &#8230; <a title=\"Policial \u00e9 condecorado na Academia de Pol\u00edcia Militar em BH\" class=\"read-more\" href=\"https:\/\/anoticiaonline.com.br\/site\/policial-e-condecorado-na-academia-de-policia-militar-em-bh\/\" aria-label=\"Read more about Policial \u00e9 condecorado na Academia de Pol\u00edcia Militar em BH\">Ler mais<\/a><\/p>\n","protected":false},"author":2,"featured_media":26607,"comment_status":"open","ping_status":"open","sticky":false,"template":"","format":"standard","meta":{"_acf_changed":false,"_monsterinsights_skip_tracking":false,"footnotes":""},"categories":[6],"tags":[3],"class_list":["post-26606","post","type-post","status-publish","format-standard","has-post-thumbnail","hentry","category-regiao","tag-slide"],"acf":[],"aioseo_notices":[],"aioseo_head":"\n\t\t<!-- All in One SEO 5.0.0.1 - aioseo.com -->\n\t<meta name=\"description\" content=\"O sargento Charles Henrique Coelho, policial lotado na 6\u00aa Companhia Independente de Pol\u00edcia Militar, em Leopoldina, foi condecorado com a Medalha DuPont Kevlar. A entrega da honraria foi feita na manh\u00e3 da \u00faltima quinta-feira (23), durante o desfile matinal na Academia de Pol\u00edcia Militar em Belo Horizonte, e contou com a presen\u00e7a do comandante-geral da\" \/>\n\t<meta name=\"robots\" content=\"max-image-preview:large\" \/>\n\t<meta name=\"author\" content=\"Juliana Laviola\"\/>\n\t<link rel=\"canonical\" href=\"https:\/\/anoticiaonline.com.br\/site\/policial-e-condecorado-na-academia-de-policia-militar-em-bh\/\" \/>\n\t<meta name=\"generator\" content=\"All in One SEO (AIOSEO) 5.0.0.1\" \/>\n\t\t<meta property=\"og:locale\" content=\"pt_BR\" \/>\n\t\t<meta property=\"og:site_name\" content=\"A Not\u00edcia Online - Noticias de Muria\u00e9 e regi\u00e3o\" \/>\n\t\t<meta property=\"og:type\" content=\"article\" \/>\n\t\t<meta property=\"og:title\" content=\"Policial \u00e9 condecorado na Academia de Pol\u00edcia Militar em BH - A Not\u00edcia Online\" \/>\n\t\t<meta property=\"og:description\" content=\"O sargento Charles Henrique Coelho, policial lotado na 6\u00aa Companhia Independente de Pol\u00edcia Militar, em Leopoldina, foi condecorado com a Medalha DuPont Kevlar. A entrega da honraria foi feita na manh\u00e3 da \u00faltima quinta-feira (23), durante o desfile matinal na Academia de Pol\u00edcia Militar em Belo Horizonte, e contou com a presen\u00e7a do comandante-geral da\" \/>\n\t\t<meta property=\"og:url\" content=\"https:\/\/anoticiaonline.com.br\/site\/policial-e-condecorado-na-academia-de-policia-militar-em-bh\/\" \/>\n\t\t<meta property=\"og:image\" content=\"https:\/\/scontent-gig4-1.xx.fbcdn.net\/v\/t39.30808-1\/270437624_4564083193639691_6907940295614233970_n.jpg?stp=dst-jpg_s200x200_tt6&#038;_nc_cat=111&#038;ccb=1-7&#038;_nc_sid=f907e8&#038;_nc_ohc=SM1wRlP3lJwQ7kNvwEPuBYA&#038;_nc_oc=AdnqrjDN_BNjSSHWO-GbkIWH6fkGMLw4bqvL_NH6e2wMveX7G-rP2dAqsDSq1mJMOaY&#038;_nc_zt=24&#038;_nc_ht=scontent-gig4-1.xx&#038;_nc_gid=AoBFJeGrT1hVaew_6rchkQ&#038;oh=00_AfX7QmFGhQhG2jAllVgXCiM1ZrWgvtp80-Bfppyexh1QEg&#038;oe=689E923C\" \/>\n\t\t<meta property=\"og:image:secure_url\" content=\"https:\/\/scontent-gig4-1.xx.fbcdn.net\/v\/t39.30808-1\/270437624_4564083193639691_6907940295614233970_n.jpg?stp=dst-jpg_s200x200_tt6&#038;_nc_cat=111&#038;ccb=1-7&#038;_nc_sid=f907e8&#038;_nc_ohc=SM1wRlP3lJwQ7kNvwEPuBYA&#038;_nc_oc=AdnqrjDN_BNjSSHWO-GbkIWH6fkGMLw4bqvL_NH6e2wMveX7G-rP2dAqsDSq1mJMOaY&#038;_nc_zt=24&#038;_nc_ht=scontent-gig4-1.xx&#038;_nc_gid=AoBFJeGrT1hVaew_6rchkQ&#038;oh=00_AfX7QmFGhQhG2jAllVgXCiM1ZrWgvtp80-Bfppyexh1QEg&#038;oe=689E923C\" \/>\n\t\t<meta property=\"article:published_time\" content=\"2017-03-27T12:05:26+00:00\" \/>\n\t\t<meta property=\"article:modified_time\" content=\"2017-03-30T23:43:56+00:00\" \/>\n\t\t<meta name=\"twitter:card\" content=\"summary_large_image\" \/>\n\t\t<meta name=\"twitter:title\" content=\"Policial \u00e9 condecorado na Academia de Pol\u00edcia Militar em BH - A Not\u00edcia Online\" \/>\n\t\t<meta name=\"twitter:description\" content=\"O sargento Charles Henrique Coelho, policial lotado na 6\u00aa Companhia Independente de Pol\u00edcia Militar, em Leopoldina, foi condecorado com a Medalha DuPont Kevlar. A entrega da honraria foi feita na manh\u00e3 da \u00faltima quinta-feira (23), durante o desfile matinal na Academia de Pol\u00edcia Militar em Belo Horizonte, e contou com a presen\u00e7a do comandante-geral da\" \/>\n\t\t<meta name=\"twitter:image\" content=\"https:\/\/scontent-gig4-1.xx.fbcdn.net\/v\/t39.30808-1\/270437624_4564083193639691_6907940295614233970_n.jpg?stp=dst-jpg_s200x200_tt6&amp;_nc_cat=111&amp;ccb=1-7&amp;_nc_sid=f907e8&amp;_nc_ohc=SM1wRlP3lJwQ7kNvwEPuBYA&amp;_nc_oc=AdnqrjDN_BNjSSHWO-GbkIWH6fkGMLw4bqvL_NH6e2wMveX7G-rP2dAqsDSq1mJMOaY&amp;_nc_zt=24&amp;_nc_ht=scontent-gig4-1.xx&amp;_nc_gid=AoBFJeGrT1hVaew_6rchkQ&amp;oh=00_AfX7QmFGhQhG2jAllVgXCiM1ZrWgvtp80-Bfppyexh1QEg&amp;oe=689E923C\" \/>\n\t\t<script type=\"application\/ld+json\" class=\"aioseo-schema\">\n\t\t\t{\"@context\":\"https:\\\/\\\/schema.org\",\"@graph\":[{\"@type\":\"BlogPosting\",\"@id\":\"https:\\\/\\\/anoticiaonline.com.br\\\/site\\\/policial-e-condecorado-na-academia-de-policia-militar-em-bh\\\/#blogposting\",\"name\":\"Policial \\u00e9 condecorado na Academia de Pol\\u00edcia Militar em BH - A Not\\u00edcia Online\",\"headline\":\"Policial \\u00e9 condecorado na Academia de Pol\\u00edcia Militar em BH\",\"author\":{\"@id\":\"https:\\\/\\\/anoticiaonline.com.br\\\/site\\\/author\\\/juliana\\\/#author\"},\"publisher\":{\"@id\":\"https:\\\/\\\/anoticiaonline.com.br\\\/site\\\/#organization\"},\"image\":{\"@type\":\"ImageObject\",\"url\":\"https:\\\/\\\/anoticiaonline.com.br\\\/site\\\/wp-content\\\/uploads\\\/2017\\\/03\\\/17495993_1317391591688433_2052780240_n.jpg\",\"width\":640,\"height\":552,\"caption\":\"O sargento Charles Coelho e o coronel Helbert Figueir\\u00f3\"},\"datePublished\":\"2017-03-27T09:05:26-03:00\",\"dateModified\":\"2017-03-30T20:43:56-03:00\",\"inLanguage\":\"pt-BR\",\"mainEntityOfPage\":{\"@id\":\"https:\\\/\\\/anoticiaonline.com.br\\\/site\\\/policial-e-condecorado-na-academia-de-policia-militar-em-bh\\\/#webpage\"},\"isPartOf\":{\"@id\":\"https:\\\/\\\/anoticiaonline.com.br\\\/site\\\/policial-e-condecorado-na-academia-de-policia-militar-em-bh\\\/#webpage\"},\"articleSection\":\"Regi\\u00e3o, slide\"},{\"@type\":\"BreadcrumbList\",\"@id\":\"https:\\\/\\\/anoticiaonline.com.br\\\/site\\\/policial-e-condecorado-na-academia-de-policia-militar-em-bh\\\/#breadcrumblist\",\"itemListElement\":[{\"@type\":\"ListItem\",\"@id\":\"https:\\\/\\\/anoticiaonline.com.br\\\/site#listItem\",\"position\":1,\"name\":\"Home\",\"item\":\"https:\\\/\\\/anoticiaonline.com.br\\\/site\",\"nextItem\":{\"@type\":\"ListItem\",\"@id\":\"https:\\\/\\\/anoticiaonline.com.br\\\/site\\\/categoria\\\/regiao\\\/#listItem\",\"name\":\"Regi\\u00e3o\"}},{\"@type\":\"ListItem\",\"@id\":\"https:\\\/\\\/anoticiaonline.com.br\\\/site\\\/categoria\\\/regiao\\\/#listItem\",\"position\":2,\"name\":\"Regi\\u00e3o\",\"item\":\"https:\\\/\\\/anoticiaonline.com.br\\\/site\\\/categoria\\\/regiao\\\/\",\"nextItem\":{\"@type\":\"ListItem\",\"@id\":\"https:\\\/\\\/anoticiaonline.com.br\\\/site\\\/policial-e-condecorado-na-academia-de-policia-militar-em-bh\\\/#listItem\",\"name\":\"Policial \\u00e9 condecorado na Academia de Pol\\u00edcia Militar em BH\"},\"previousItem\":{\"@type\":\"ListItem\",\"@id\":\"https:\\\/\\\/anoticiaonline.com.br\\\/site#listItem\",\"name\":\"Home\"}},{\"@type\":\"ListItem\",\"@id\":\"https:\\\/\\\/anoticiaonline.com.br\\\/site\\\/policial-e-condecorado-na-academia-de-policia-militar-em-bh\\\/#listItem\",\"position\":3,\"name\":\"Policial \\u00e9 condecorado na Academia de Pol\\u00edcia Militar em BH\",\"previousItem\":{\"@type\":\"ListItem\",\"@id\":\"https:\\\/\\\/anoticiaonline.com.br\\\/site\\\/categoria\\\/regiao\\\/#listItem\",\"name\":\"Regi\\u00e3o\"}}]},{\"@type\":\"Organization\",\"@id\":\"https:\\\/\\\/anoticiaonline.com.br\\\/site\\\/#organization\",\"name\":\"A Not\\u00edcia Online\",\"description\":\"Noticias de Muria\\u00e9 e regi\\u00e3o\",\"url\":\"https:\\\/\\\/anoticiaonline.com.br\\\/site\\\/\",\"logo\":{\"@type\":\"ImageObject\",\"url\":\"https:\\\/\\\/scontent-gig4-1.xx.fbcdn.net\\\/v\\\/t39.30808-1\\\/270437624_4564083193639691_6907940295614233970_n.jpg?stp=dst-jpg_s200x200_tt6&_nc_cat=111&ccb=1-7&_nc_sid=f907e8&_nc_ohc=SM1wRlP3lJwQ7kNvwEPuBYA&_nc_oc=AdnqrjDN_BNjSSHWO-GbkIWH6fkGMLw4bqvL_NH6e2wMveX7G-rP2dAqsDSq1mJMOaY&_nc_zt=24&_nc_ht=scontent-gig4-1.xx&_nc_gid=AoBFJeGrT1hVaew_6rchkQ&oh=00_AfX7QmFGhQhG2jAllVgXCiM1ZrWgvtp80-Bfppyexh1QEg&oe=689E923C\",\"@id\":\"https:\\\/\\\/anoticiaonline.com.br\\\/site\\\/policial-e-condecorado-na-academia-de-policia-militar-em-bh\\\/#organizationLogo\"},\"image\":{\"@id\":\"https:\\\/\\\/anoticiaonline.com.br\\\/site\\\/policial-e-condecorado-na-academia-de-policia-militar-em-bh\\\/#organizationLogo\"}},{\"@type\":\"Person\",\"@id\":\"https:\\\/\\\/anoticiaonline.com.br\\\/site\\\/author\\\/juliana\\\/#author\",\"url\":\"https:\\\/\\\/anoticiaonline.com.br\\\/site\\\/author\\\/juliana\\\/\",\"name\":\"Juliana Laviola\",\"image\":{\"@type\":\"ImageObject\",\"@id\":\"https:\\\/\\\/anoticiaonline.com.br\\\/site\\\/policial-e-condecorado-na-academia-de-policia-militar-em-bh\\\/#authorImage\",\"url\":\"https:\\\/\\\/secure.gravatar.com\\\/avatar\\\/b8d45f5c699b100dfaf0e543582f38f38bf94cb7ae3a5e9abf8d891a34773335?s=96&d=mm&r=g\",\"width\":96,\"height\":96,\"caption\":\"Juliana Laviola\"}},{\"@type\":\"WebPage\",\"@id\":\"https:\\\/\\\/anoticiaonline.com.br\\\/site\\\/policial-e-condecorado-na-academia-de-policia-militar-em-bh\\\/#webpage\",\"url\":\"https:\\\/\\\/anoticiaonline.com.br\\\/site\\\/policial-e-condecorado-na-academia-de-policia-militar-em-bh\\\/\",\"name\":\"Policial \\u00e9 condecorado na Academia de Pol\\u00edcia Militar em BH - A Not\\u00edcia Online\",\"description\":\"O sargento Charles Henrique Coelho, policial lotado na 6\\u00aa Companhia Independente de Pol\\u00edcia Militar, em Leopoldina, foi condecorado com a Medalha DuPont Kevlar. A entrega da honraria foi feita na manh\\u00e3 da \\u00faltima quinta-feira (23), durante o desfile matinal na Academia de Pol\\u00edcia Militar em Belo Horizonte, e contou com a presen\\u00e7a do comandante-geral da\",\"inLanguage\":\"pt-BR\",\"isPartOf\":{\"@id\":\"https:\\\/\\\/anoticiaonline.com.br\\\/site\\\/#website\"},\"breadcrumb\":{\"@id\":\"https:\\\/\\\/anoticiaonline.com.br\\\/site\\\/policial-e-condecorado-na-academia-de-policia-militar-em-bh\\\/#breadcrumblist\"},\"author\":{\"@id\":\"https:\\\/\\\/anoticiaonline.com.br\\\/site\\\/author\\\/juliana\\\/#author\"},\"creator\":{\"@id\":\"https:\\\/\\\/anoticiaonline.com.br\\\/site\\\/author\\\/juliana\\\/#author\"},\"image\":{\"@type\":\"ImageObject\",\"url\":\"https:\\\/\\\/anoticiaonline.com.br\\\/site\\\/wp-content\\\/uploads\\\/2017\\\/03\\\/17495993_1317391591688433_2052780240_n.jpg\",\"@id\":\"https:\\\/\\\/anoticiaonline.com.br\\\/site\\\/policial-e-condecorado-na-academia-de-policia-militar-em-bh\\\/#mainImage\",\"width\":640,\"height\":552,\"caption\":\"O sargento Charles Coelho e o coronel Helbert Figueir\\u00f3\"},\"primaryImageOfPage\":{\"@id\":\"https:\\\/\\\/anoticiaonline.com.br\\\/site\\\/policial-e-condecorado-na-academia-de-policia-militar-em-bh\\\/#mainImage\"},\"datePublished\":\"2017-03-27T09:05:26-03:00\",\"dateModified\":\"2017-03-30T20:43:56-03:00\"},{\"@type\":\"WebSite\",\"@id\":\"https:\\\/\\\/anoticiaonline.com.br\\\/site\\\/#website\",\"url\":\"https:\\\/\\\/anoticiaonline.com.br\\\/site\\\/\",\"name\":\"A Not\\u00edcia Online\",\"description\":\"Noticias de Muria\\u00e9 e regi\\u00e3o\",\"inLanguage\":\"pt-BR\",\"publisher\":{\"@id\":\"https:\\\/\\\/anoticiaonline.com.br\\\/site\\\/#organization\"}}]}\n\t\t<\/script>\n\t\t<!-- All in One SEO -->\n\n","aioseo_head_json":{"title":"Policial \u00e9 condecorado na Academia de Pol\u00edcia Militar em BH - A Not\u00edcia Online","description":"O sargento Charles Henrique Coelho, policial lotado na 6\u00aa Companhia Independente de Pol\u00edcia Militar, em Leopoldina, foi condecorado com a Medalha DuPont Kevlar. A entrega da honraria foi feita na manh\u00e3 da \u00faltima quinta-feira (23), durante o desfile matinal na Academia de Pol\u00edcia Militar em Belo Horizonte, e contou com a presen\u00e7a do comandante-geral da","canonical_url":"https:\/\/anoticiaonline.com.br\/site\/policial-e-condecorado-na-academia-de-policia-militar-em-bh\/","robots":"max-image-preview:large","keywords":"","webmasterTools":{"miscellaneous":""},"schema":{"@context":"https:\/\/schema.org","@graph":[{"@type":"BlogPosting","@id":"https:\/\/anoticiaonline.com.br\/site\/policial-e-condecorado-na-academia-de-policia-militar-em-bh\/#blogposting","name":"Policial \u00e9 condecorado na Academia de Pol\u00edcia Militar em BH - A Not\u00edcia Online","headline":"Policial \u00e9 condecorado na Academia de Pol\u00edcia Militar em BH","author":{"@id":"https:\/\/anoticiaonline.com.br\/site\/author\/juliana\/#author"},"publisher":{"@id":"https:\/\/anoticiaonline.com.br\/site\/#organization"},"image":{"@type":"ImageObject","url":"https:\/\/anoticiaonline.com.br\/site\/wp-content\/uploads\/2017\/03\/17495993_1317391591688433_2052780240_n.jpg","width":640,"height":552,"caption":"O sargento Charles Coelho e o coronel Helbert Figueir\u00f3"},"datePublished":"2017-03-27T09:05:26-03:00","dateModified":"2017-03-30T20:43:56-03:00","inLanguage":"pt-BR","mainEntityOfPage":{"@id":"https:\/\/anoticiaonline.com.br\/site\/policial-e-condecorado-na-academia-de-policia-militar-em-bh\/#webpage"},"isPartOf":{"@id":"https:\/\/anoticiaonline.com.br\/site\/policial-e-condecorado-na-academia-de-policia-militar-em-bh\/#webpage"},"articleSection":"Regi\u00e3o, slide"},{"@type":"BreadcrumbList","@id":"https:\/\/anoticiaonline.com.br\/site\/policial-e-condecorado-na-academia-de-policia-militar-em-bh\/#breadcrumblist","itemListElement":[{"@type":"ListItem","@id":"https:\/\/anoticiaonline.com.br\/site#listItem","position":1,"name":"Home","item":"https:\/\/anoticiaonline.com.br\/site","nextItem":{"@type":"ListItem","@id":"https:\/\/anoticiaonline.com.br\/site\/categoria\/regiao\/#listItem","name":"Regi\u00e3o"}},{"@type":"ListItem","@id":"https:\/\/anoticiaonline.com.br\/site\/categoria\/regiao\/#listItem","position":2,"name":"Regi\u00e3o","item":"https:\/\/anoticiaonline.com.br\/site\/categoria\/regiao\/","nextItem":{"@type":"ListItem","@id":"https:\/\/anoticiaonline.com.br\/site\/policial-e-condecorado-na-academia-de-policia-militar-em-bh\/#listItem","name":"Policial \u00e9 condecorado na Academia de Pol\u00edcia Militar em BH"},"previousItem":{"@type":"ListItem","@id":"https:\/\/anoticiaonline.com.br\/site#listItem","name":"Home"}},{"@type":"ListItem","@id":"https:\/\/anoticiaonline.com.br\/site\/policial-e-condecorado-na-academia-de-policia-militar-em-bh\/#listItem","position":3,"name":"Policial \u00e9 condecorado na Academia de Pol\u00edcia Militar em BH","previousItem":{"@type":"ListItem","@id":"https:\/\/anoticiaonline.com.br\/site\/categoria\/regiao\/#listItem","name":"Regi\u00e3o"}}]},{"@type":"Organization","@id":"https:\/\/anoticiaonline.com.br\/site\/#organization","name":"A Not\u00edcia Online","description":"Noticias de Muria\u00e9 e regi\u00e3o","url":"https:\/\/anoticiaonline.com.br\/site\/","logo":{"@type":"ImageObject","url":"https:\/\/scontent-gig4-1.xx.fbcdn.net\/v\/t39.30808-1\/270437624_4564083193639691_6907940295614233970_n.jpg?stp=dst-jpg_s200x200_tt6&_nc_cat=111&ccb=1-7&_nc_sid=f907e8&_nc_ohc=SM1wRlP3lJwQ7kNvwEPuBYA&_nc_oc=AdnqrjDN_BNjSSHWO-GbkIWH6fkGMLw4bqvL_NH6e2wMveX7G-rP2dAqsDSq1mJMOaY&_nc_zt=24&_nc_ht=scontent-gig4-1.xx&_nc_gid=AoBFJeGrT1hVaew_6rchkQ&oh=00_AfX7QmFGhQhG2jAllVgXCiM1ZrWgvtp80-Bfppyexh1QEg&oe=689E923C","@id":"https:\/\/anoticiaonline.com.br\/site\/policial-e-condecorado-na-academia-de-policia-militar-em-bh\/#organizationLogo"},"image":{"@id":"https:\/\/anoticiaonline.com.br\/site\/policial-e-condecorado-na-academia-de-policia-militar-em-bh\/#organizationLogo"}},{"@type":"Person","@id":"https:\/\/anoticiaonline.com.br\/site\/author\/juliana\/#author","url":"https:\/\/anoticiaonline.com.br\/site\/author\/juliana\/","name":"Juliana Laviola","image":{"@type":"ImageObject","@id":"https:\/\/anoticiaonline.com.br\/site\/policial-e-condecorado-na-academia-de-policia-militar-em-bh\/#authorImage","url":"https:\/\/secure.gravatar.com\/avatar\/b8d45f5c699b100dfaf0e543582f38f38bf94cb7ae3a5e9abf8d891a34773335?s=96&d=mm&r=g","width":96,"height":96,"caption":"Juliana Laviola"}},{"@type":"WebPage","@id":"https:\/\/anoticiaonline.com.br\/site\/policial-e-condecorado-na-academia-de-policia-militar-em-bh\/#webpage","url":"https:\/\/anoticiaonline.com.br\/site\/policial-e-condecorado-na-academia-de-policia-militar-em-bh\/","name":"Policial \u00e9 condecorado na Academia de Pol\u00edcia Militar em BH - A Not\u00edcia Online","description":"O sargento Charles Henrique Coelho, policial lotado na 6\u00aa Companhia Independente de Pol\u00edcia Militar, em Leopoldina, foi condecorado com a Medalha DuPont Kevlar. A entrega da honraria foi feita na manh\u00e3 da \u00faltima quinta-feira (23), durante o desfile matinal na Academia de Pol\u00edcia Militar em Belo Horizonte, e contou com a presen\u00e7a do comandante-geral da","inLanguage":"pt-BR","isPartOf":{"@id":"https:\/\/anoticiaonline.com.br\/site\/#website"},"breadcrumb":{"@id":"https:\/\/anoticiaonline.com.br\/site\/policial-e-condecorado-na-academia-de-policia-militar-em-bh\/#breadcrumblist"},"author":{"@id":"https:\/\/anoticiaonline.com.br\/site\/author\/juliana\/#author"},"creator":{"@id":"https:\/\/anoticiaonline.com.br\/site\/author\/juliana\/#author"},"image":{"@type":"ImageObject","url":"https:\/\/anoticiaonline.com.br\/site\/wp-content\/uploads\/2017\/03\/17495993_1317391591688433_2052780240_n.jpg","@id":"https:\/\/anoticiaonline.com.br\/site\/policial-e-condecorado-na-academia-de-policia-militar-em-bh\/#mainImage","width":640,"height":552,"caption":"O sargento Charles Coelho e o coronel Helbert Figueir\u00f3"},"primaryImageOfPage":{"@id":"https:\/\/anoticiaonline.com.br\/site\/policial-e-condecorado-na-academia-de-policia-militar-em-bh\/#mainImage"},"datePublished":"2017-03-27T09:05:26-03:00","dateModified":"2017-03-30T20:43:56-03:00"},{"@type":"WebSite","@id":"https:\/\/anoticiaonline.com.br\/site\/#website","url":"https:\/\/anoticiaonline.com.br\/site\/","name":"A Not\u00edcia Online","description":"Noticias de Muria\u00e9 e regi\u00e3o","inLanguage":"pt-BR","publisher":{"@id":"https:\/\/anoticiaonline.com.br\/site\/#organization"}}]},"og:locale":"pt_BR","og:site_name":"A Not\u00edcia Online - Noticias de Muria\u00e9 e regi\u00e3o","og:type":"article","og:title":"Policial \u00e9 condecorado na Academia de Pol\u00edcia Militar em BH - A Not\u00edcia Online","og:description":"O sargento Charles Henrique Coelho, policial lotado na 6\u00aa Companhia Independente de Pol\u00edcia Militar, em Leopoldina, foi condecorado com a Medalha DuPont Kevlar. A entrega da honraria foi feita na manh\u00e3 da \u00faltima quinta-feira (23), durante o desfile matinal na Academia de Pol\u00edcia Militar em Belo Horizonte, e contou com a presen\u00e7a do comandante-geral da","og:url":"https:\/\/anoticiaonline.com.br\/site\/policial-e-condecorado-na-academia-de-policia-militar-em-bh\/","og:image":"https:\/\/scontent-gig4-1.xx.fbcdn.net\/v\/t39.30808-1\/270437624_4564083193639691_6907940295614233970_n.jpg?stp=dst-jpg_s200x200_tt6&#038;_nc_cat=111&#038;ccb=1-7&#038;_nc_sid=f907e8&#038;_nc_ohc=SM1wRlP3lJwQ7kNvwEPuBYA&#038;_nc_oc=AdnqrjDN_BNjSSHWO-GbkIWH6fkGMLw4bqvL_NH6e2wMveX7G-rP2dAqsDSq1mJMOaY&#038;_nc_zt=24&#038;_nc_ht=scontent-gig4-1.xx&#038;_nc_gid=AoBFJeGrT1hVaew_6rchkQ&#038;oh=00_AfX7QmFGhQhG2jAllVgXCiM1ZrWgvtp80-Bfppyexh1QEg&#038;oe=689E923C","og:image:secure_url":"https:\/\/scontent-gig4-1.xx.fbcdn.net\/v\/t39.30808-1\/270437624_4564083193639691_6907940295614233970_n.jpg?stp=dst-jpg_s200x200_tt6&#038;_nc_cat=111&#038;ccb=1-7&#038;_nc_sid=f907e8&#038;_nc_ohc=SM1wRlP3lJwQ7kNvwEPuBYA&#038;_nc_oc=AdnqrjDN_BNjSSHWO-GbkIWH6fkGMLw4bqvL_NH6e2wMveX7G-rP2dAqsDSq1mJMOaY&#038;_nc_zt=24&#038;_nc_ht=scontent-gig4-1.xx&#038;_nc_gid=AoBFJeGrT1hVaew_6rchkQ&#038;oh=00_AfX7QmFGhQhG2jAllVgXCiM1ZrWgvtp80-Bfppyexh1QEg&#038;oe=689E923C","article:published_time":"2017-03-27T12:05:26+00:00","article:modified_time":"2017-03-30T23:43:56+00:00","twitter:card":"summary_large_image","twitter:title":"Policial \u00e9 condecorado na Academia de Pol\u00edcia Militar em BH - A Not\u00edcia Online","twitter:description":"O sargento Charles Henrique Coelho, policial lotado na 6\u00aa Companhia Independente de Pol\u00edcia Militar, em Leopoldina, foi condecorado com a Medalha DuPont Kevlar. A entrega da honraria foi feita na manh\u00e3 da \u00faltima quinta-feira (23), durante o desfile matinal na Academia de Pol\u00edcia Militar em Belo Horizonte, e contou com a presen\u00e7a do comandante-geral da","twitter:image":"https:\/\/scontent-gig4-1.xx.fbcdn.net\/v\/t39.30808-1\/270437624_4564083193639691_6907940295614233970_n.jpg?stp=dst-jpg_s200x200_tt6&_nc_cat=111&ccb=1-7&_nc_sid=f907e8&_nc_ohc=SM1wRlP3lJwQ7kNvwEPuBYA&_nc_oc=AdnqrjDN_BNjSSHWO-GbkIWH6fkGMLw4bqvL_NH6e2wMveX7G-rP2dAqsDSq1mJMOaY&_nc_zt=24&_nc_ht=scontent-gig4-1.xx&_nc_gid=AoBFJeGrT1hVaew_6rchkQ&oh=00_AfX7QmFGhQhG2jAllVgXCiM1ZrWgvtp80-Bfppyexh1QEg&oe=689E923C"},"aioseo_meta_data":{"post_id":"26606","title":null,"description":null,"keywords":null,"keyphrases":null,"primary_term":null,"canonical_url":null,"og_title":null,"og_description":null,"og_object_type":"default","og_image_type":"default","og_image_url":null,"og_image_width":null,"og_image_height":null,"og_image_custom_url":null,"og_image_custom_fields":null,"og_video":null,"og_custom_url":null,"og_article_section":null,"og_article_tags":null,"twitter_use_og":false,"twitter_card":"default","twitter_image_type":"default","twitter_image_url":null,"twitter_image_custom_url":null,"twitter_image_custom_fields":null,"twitter_title":null,"twitter_description":null,"schema":{"blockGraphs":[],"customGraphs":[],"default":{"data":{"Article":[],"Course":[],"Dataset":[],"FAQPage":[],"Movie":[],"Person":[],"Product":[],"ProductReview":[],"Car":[],"Recipe":[],"Service":[],"SoftwareApplication":[],"WebPage":[]},"graphName":"","isEnabled":true},"graphs":[]},"schema_type":"default","schema_type_options":null,"pillar_content":false,"robots_default":true,"robots_noindex":false,"robots_noarchive":false,"robots_nosnippet":false,"robots_nofollow":false,"robots_noimageindex":false,"robots_noodp":false,"robots_notranslate":false,"robots_max_snippet":null,"robots_max_videopreview":null,"robots_max_imagepreview":"large","priority":null,"frequency":null,"local_seo":null,"breadcrumb_settings":null,"limit_modified_date":false,"ai":null,"created":"2025-08-16 18:03:38","updated":"2025-08-16 18:03:38","focus_keyword":null,"additional_keywords":null,"truseo_locale":null,"seo_analyzer_scan_date":null},"aioseo_breadcrumb":"<div class=\"aioseo-breadcrumbs\"><span class=\"aioseo-breadcrumb\">\n\t\t\t<a href=\"https:\/\/anoticiaonline.com.br\/site\" title=\"Home\">Home<\/a>\n\t\t<\/span><span class=\"aioseo-breadcrumb-separator\">&raquo;<\/span><span class=\"aioseo-breadcrumb\">\n\t\t\t<a href=\"https:\/\/anoticiaonline.com.br\/site\/categoria\/regiao\/\" title=\"Regi\u00e3o\">Regi\u00e3o<\/a>\n\t\t<\/span><span class=\"aioseo-breadcrumb-separator\">&raquo;<\/span><span class=\"aioseo-breadcrumb\">\n\t\t\tPolicial \u00e9 condecorado na Academia de Pol\u00edcia Militar em BH\n\t\t<\/span><\/div>","aioseo_breadcrumb_json":[{"label":"Home","link":"https:\/\/anoticiaonline.com.br\/site"},{"label":"Regi\u00e3o","link":"https:\/\/anoticiaonline.com.br\/site\/categoria\/regiao\/"},{"label":"Policial \u00e9 condecorado na Academia de Pol\u00edcia Militar em BH","link":"https:\/\/anoticiaonline.com.br\/site\/policial-e-condecorado-na-academia-de-policia-militar-em-bh\/"}],"views":155,"_links":{"self":[{"href":"https:\/\/anoticiaonline.com.br\/site\/wp-json\/wp\/v2\/posts\/26606","targetHints":{"allow":["GET"]}}],"collection":[{"href":"https:\/\/anoticiaonline.com.br\/site\/wp-json\/wp\/v2\/posts"}],"about":[{"href":"https:\/\/anoticiaonline.com.br\/site\/wp-json\/wp\/v2\/types\/post"}],"author":[{"embeddable":true,"href":"https:\/\/anoticiaonline.com.br\/site\/wp-json\/wp\/v2\/users\/2"}],"replies":[{"embeddable":true,"href":"https:\/\/anoticiaonline.com.br\/site\/wp-json\/wp\/v2\/comments?post=26606"}],"version-history":[{"count":0,"href":"https:\/\/anoticiaonline.com.br\/site\/wp-json\/wp\/v2\/posts\/26606\/revisions"}],"wp:featuredmedia":[{"embeddable":true,"href":"https:\/\/anoticiaonline.com.br\/site\/wp-json\/wp\/v2\/media\/26607"}],"wp:attachment":[{"href":"https:\/\/anoticiaonline.com.br\/site\/wp-json\/wp\/v2\/media?parent=26606"}],"wp:term":[{"taxonomy":"category","embeddable":true,"href":"https:\/\/anoticiaonline.com.br\/site\/wp-json\/wp\/v2\/categories?post=26606"},{"taxonomy":"post_tag","embeddable":true,"href":"https:\/\/anoticiaonline.com.br\/site\/wp-json\/wp\/v2\/tags?post=26606"}],"curies":[{"name":"wp","href":"https:\/\/api.w.org\/{rel}","templated":true}]}}