{"id":26507,"date":"2017-03-22T15:50:14","date_gmt":"2017-03-22T18:50:14","guid":{"rendered":"http:\/\/anoticiaonline.com.br\/site\/?p=26507"},"modified":"2017-03-22T15:50:14","modified_gmt":"2017-03-22T18:50:14","slug":"simposio-do-cafe-com-leite-de-carangola-tera-a-parceria-das-fazendas-do-basa","status":"publish","type":"post","link":"https:\/\/anoticiaonline.com.br\/site\/simposio-do-cafe-com-leite-de-carangola-tera-a-parceria-das-fazendas-do-basa\/","title":{"rendered":"Simp\u00f3sio do Caf\u00e9 com Leite de Carangola ter\u00e1 a parceria das Fazendas do Basa"},"content":{"rendered":"<p><a href=\"https:\/\/anoticiaonline.com.br\/site\/wp-content\/uploads\/2017\/03\/ZznWeb-09051.jpg\"><img fetchpriority=\"high\" decoding=\"async\" class=\" size-medium wp-image-26508 alignleft\" src=\"https:\/\/anoticiaonline.com.br\/site\/wp-content\/uploads\/2017\/03\/ZznWeb-09051-300x200.jpg\" alt=\"ZznWeb-0905(1)\" width=\"300\" height=\"200\" srcset=\"https:\/\/anoticiaonline.com.br\/site\/wp-content\/uploads\/2017\/03\/ZznWeb-09051-300x200.jpg 300w, https:\/\/anoticiaonline.com.br\/site\/wp-content\/uploads\/2017\/03\/ZznWeb-09051.jpg 640w\" sizes=\"(max-width: 300px) 100vw, 300px\" \/><\/a>A Prefeitura de Carangola promover\u00e1 no pr\u00f3ximo dia 1\u00ba de abril, o seu primeiro Simp\u00f3sio do Caf\u00e9 com Leite, para discutir de forma construtiva e regional o futuro dessas atividades na regi\u00e3o. Al\u00e9m de promover a oportunidade de discutir e apresentar novas e modernas t\u00e9cnicas usadas na cafeicultura e pecu\u00e1ria leiteira, este encontro servir\u00e1 tamb\u00e9m para a promo\u00e7\u00e3o dos produtores rurais, atrav\u00e9s de palestras que acontecer\u00e3o durante o evento.<\/p>\n<p>O simp\u00f3sio ser\u00e1 realizado no Audit\u00f3rio da UEMG\/Carangola, localizado na Pra\u00e7a dos Estudantes, a partir das 12h, com as inscri\u00e7\u00f5es dos participantes. Em seguida, haver\u00e1 palestra com o engenheiro agr\u00f4nomo, doutor em Gen\u00e9tica e Melhoramento de Bovinos, Jo\u00e3o Cruz Reis Filho, que falar\u00e1 sobre a import\u00e2ncia da pecu\u00e1ria leiteira e cafeicultura na Zona da Mata mineira. O zootecnista e superintendente t\u00e9cnico da Associa\u00e7\u00e3o Brasileira de Criadores de Gir Leiteiro (ABCGIL), Andr\u00e9 Rabello Fernandes, mostrar\u00e1 a import\u00e2ncia do melhoramento gen\u00e9tico e do Teste de Prog\u00eanie do Gir Leiteiro para o aumento da produtividade e consequentemente do rebanho leiteiro brasileiro. O empres\u00e1rio e pecuarista Evandro do Carmo Guimar\u00e3es, das Fazendas do Basa, vai dividir suas experi\u00eancias adquiridas com a evolu\u00e7\u00e3o gen\u00e9tica do rebanho leiteiro e sua contribui\u00e7\u00e3o para o desenvolvimento das ra\u00e7as Gir Leiteiro e Girolando. O engenheiro agr\u00f4nomo e pesquisador da Funda\u00e7\u00e3o Procaf\u00e9, Jos\u00e9 Braz Matiello, abordar\u00e1 sobre as novas t\u00e9cnicas e manejo da cafeicultura de montanha.<\/p>\n<p>&#8220;Este \u00e9 o nosso primeiro simp\u00f3sio sobre a produ\u00e7\u00e3o de caf\u00e9 e leite realizado no munic\u00edpio para discutir e apresentar t\u00e9cnicas modernas usadas na cafeicultura e pecu\u00e1ria leiteira da regi\u00e3o. A inten\u00e7\u00e3o do prefeito Paulo Pettersen \u00e9 valorizar e motivar os produtores, viabilizando o aumento da produtividade. Na cafeicultura, o objetivo \u00e9 orientar e disseminar as novas tecnologias e formas de cultivo e manejo. Na pecu\u00e1ria leiteira, a inten\u00e7\u00e3o \u00e9 celebrar com as Fazendas do Basa, importante parceria no fornecimento de gen\u00e9tica avan\u00e7ada &#8211; embri\u00f5es, novilhas e touros a custos reduzidos e com financiamento -, com a ABCGIL, o fornecimento de s\u00eamen gratuito, do Teste de Prog\u00eanie, com tr\u00eas doses de s\u00eamen por vaca e novilhas inseridas no programa da Secretaria Municipal de Agricultura e Pecu\u00e1ria&#8221;, ressalta o secret\u00e1rio de Agricultura de Carangola, Marcelo Hosken.<\/p>\n<p>Mais informa\u00e7\u00f5es podem ser obtidas pelo telefone (32) 3741-7899 ou pelo email: agricultura@carangola.mg.gov.br<\/p>\n","protected":false},"excerpt":{"rendered":"<p>A Prefeitura de Carangola promover\u00e1 no pr\u00f3ximo dia 1\u00ba de abril, o seu primeiro Simp\u00f3sio do Caf\u00e9 com Leite, para discutir de forma construtiva e regional o futuro dessas atividades na regi\u00e3o. Al\u00e9m de promover a oportunidade de discutir e apresentar novas e modernas t\u00e9cnicas usadas na cafeicultura e pecu\u00e1ria leiteira, este encontro servir\u00e1 tamb\u00e9m &#8230; <a title=\"Simp\u00f3sio do Caf\u00e9 com Leite de Carangola ter\u00e1 a parceria das Fazendas do Basa\" class=\"read-more\" href=\"https:\/\/anoticiaonline.com.br\/site\/simposio-do-cafe-com-leite-de-carangola-tera-a-parceria-das-fazendas-do-basa\/\" aria-label=\"Read more about Simp\u00f3sio do Caf\u00e9 com Leite de Carangola ter\u00e1 a parceria das Fazendas do Basa\">Ler mais<\/a><\/p>\n","protected":false},"author":2,"featured_media":26508,"comment_status":"open","ping_status":"open","sticky":false,"template":"","format":"standard","meta":{"_acf_changed":false,"_monsterinsights_skip_tracking":false,"footnotes":""},"categories":[6],"tags":[3],"class_list":["post-26507","post","type-post","status-publish","format-standard","has-post-thumbnail","hentry","category-regiao","tag-slide"],"acf":[],"aioseo_notices":[],"aioseo_head":"\n\t\t<!-- All in One SEO 5.0.0.1 - aioseo.com -->\n\t<meta name=\"description\" content=\"A Prefeitura de Carangola promover\u00e1 no pr\u00f3ximo dia 1\u00ba de abril, o seu primeiro Simp\u00f3sio do Caf\u00e9 com Leite, para discutir de forma construtiva e regional o futuro dessas atividades na regi\u00e3o. Al\u00e9m de promover a oportunidade de discutir e apresentar novas e modernas t\u00e9cnicas usadas na cafeicultura e pecu\u00e1ria leiteira, este encontro servir\u00e1 tamb\u00e9m\" \/>\n\t<meta name=\"robots\" content=\"max-image-preview:large\" \/>\n\t<meta name=\"author\" content=\"Juliana Laviola\"\/>\n\t<link rel=\"canonical\" href=\"https:\/\/anoticiaonline.com.br\/site\/simposio-do-cafe-com-leite-de-carangola-tera-a-parceria-das-fazendas-do-basa\/\" \/>\n\t<meta name=\"generator\" content=\"All in One SEO (AIOSEO) 5.0.0.1\" \/>\n\t\t<meta property=\"og:locale\" content=\"pt_BR\" \/>\n\t\t<meta property=\"og:site_name\" content=\"A Not\u00edcia Online - Noticias de Muria\u00e9 e regi\u00e3o\" \/>\n\t\t<meta property=\"og:type\" content=\"article\" \/>\n\t\t<meta property=\"og:title\" content=\"Simp\u00f3sio do Caf\u00e9 com Leite de Carangola ter\u00e1 a parceria das Fazendas do Basa - A Not\u00edcia Online\" \/>\n\t\t<meta property=\"og:description\" content=\"A Prefeitura de Carangola promover\u00e1 no pr\u00f3ximo dia 1\u00ba de abril, o seu primeiro Simp\u00f3sio do Caf\u00e9 com Leite, para discutir de forma construtiva e regional o futuro dessas atividades na regi\u00e3o. Al\u00e9m de promover a oportunidade de discutir e apresentar novas e modernas t\u00e9cnicas usadas na cafeicultura e pecu\u00e1ria leiteira, este encontro servir\u00e1 tamb\u00e9m\" \/>\n\t\t<meta property=\"og:url\" content=\"https:\/\/anoticiaonline.com.br\/site\/simposio-do-cafe-com-leite-de-carangola-tera-a-parceria-das-fazendas-do-basa\/\" \/>\n\t\t<meta property=\"og:image\" content=\"https:\/\/scontent-gig4-1.xx.fbcdn.net\/v\/t39.30808-1\/270437624_4564083193639691_6907940295614233970_n.jpg?stp=dst-jpg_s200x200_tt6&#038;_nc_cat=111&#038;ccb=1-7&#038;_nc_sid=f907e8&#038;_nc_ohc=SM1wRlP3lJwQ7kNvwEPuBYA&#038;_nc_oc=AdnqrjDN_BNjSSHWO-GbkIWH6fkGMLw4bqvL_NH6e2wMveX7G-rP2dAqsDSq1mJMOaY&#038;_nc_zt=24&#038;_nc_ht=scontent-gig4-1.xx&#038;_nc_gid=AoBFJeGrT1hVaew_6rchkQ&#038;oh=00_AfX7QmFGhQhG2jAllVgXCiM1ZrWgvtp80-Bfppyexh1QEg&#038;oe=689E923C\" \/>\n\t\t<meta property=\"og:image:secure_url\" content=\"https:\/\/scontent-gig4-1.xx.fbcdn.net\/v\/t39.30808-1\/270437624_4564083193639691_6907940295614233970_n.jpg?stp=dst-jpg_s200x200_tt6&#038;_nc_cat=111&#038;ccb=1-7&#038;_nc_sid=f907e8&#038;_nc_ohc=SM1wRlP3lJwQ7kNvwEPuBYA&#038;_nc_oc=AdnqrjDN_BNjSSHWO-GbkIWH6fkGMLw4bqvL_NH6e2wMveX7G-rP2dAqsDSq1mJMOaY&#038;_nc_zt=24&#038;_nc_ht=scontent-gig4-1.xx&#038;_nc_gid=AoBFJeGrT1hVaew_6rchkQ&#038;oh=00_AfX7QmFGhQhG2jAllVgXCiM1ZrWgvtp80-Bfppyexh1QEg&#038;oe=689E923C\" \/>\n\t\t<meta property=\"article:published_time\" content=\"2017-03-22T18:50:14+00:00\" \/>\n\t\t<meta property=\"article:modified_time\" content=\"2017-03-22T18:50:14+00:00\" \/>\n\t\t<meta name=\"twitter:card\" content=\"summary_large_image\" \/>\n\t\t<meta name=\"twitter:title\" content=\"Simp\u00f3sio do Caf\u00e9 com Leite de Carangola ter\u00e1 a parceria das Fazendas do Basa - A Not\u00edcia Online\" \/>\n\t\t<meta name=\"twitter:description\" content=\"A Prefeitura de Carangola promover\u00e1 no pr\u00f3ximo dia 1\u00ba de abril, o seu primeiro Simp\u00f3sio do Caf\u00e9 com Leite, para discutir de forma construtiva e regional o futuro dessas atividades na regi\u00e3o. Al\u00e9m de promover a oportunidade de discutir e apresentar novas e modernas t\u00e9cnicas usadas na cafeicultura e pecu\u00e1ria leiteira, este encontro servir\u00e1 tamb\u00e9m\" \/>\n\t\t<meta name=\"twitter:image\" content=\"https:\/\/scontent-gig4-1.xx.fbcdn.net\/v\/t39.30808-1\/270437624_4564083193639691_6907940295614233970_n.jpg?stp=dst-jpg_s200x200_tt6&amp;_nc_cat=111&amp;ccb=1-7&amp;_nc_sid=f907e8&amp;_nc_ohc=SM1wRlP3lJwQ7kNvwEPuBYA&amp;_nc_oc=AdnqrjDN_BNjSSHWO-GbkIWH6fkGMLw4bqvL_NH6e2wMveX7G-rP2dAqsDSq1mJMOaY&amp;_nc_zt=24&amp;_nc_ht=scontent-gig4-1.xx&amp;_nc_gid=AoBFJeGrT1hVaew_6rchkQ&amp;oh=00_AfX7QmFGhQhG2jAllVgXCiM1ZrWgvtp80-Bfppyexh1QEg&amp;oe=689E923C\" \/>\n\t\t<script type=\"application\/ld+json\" class=\"aioseo-schema\">\n\t\t\t{\"@context\":\"https:\\\/\\\/schema.org\",\"@graph\":[{\"@type\":\"BlogPosting\",\"@id\":\"https:\\\/\\\/anoticiaonline.com.br\\\/site\\\/simposio-do-cafe-com-leite-de-carangola-tera-a-parceria-das-fazendas-do-basa\\\/#blogposting\",\"name\":\"Simp\\u00f3sio do Caf\\u00e9 com Leite de Carangola ter\\u00e1 a parceria das Fazendas do Basa - A Not\\u00edcia Online\",\"headline\":\"Simp\\u00f3sio do Caf\\u00e9 com Leite de Carangola ter\\u00e1 a parceria das Fazendas do Basa\",\"author\":{\"@id\":\"https:\\\/\\\/anoticiaonline.com.br\\\/site\\\/author\\\/juliana\\\/#author\"},\"publisher\":{\"@id\":\"https:\\\/\\\/anoticiaonline.com.br\\\/site\\\/#organization\"},\"image\":{\"@type\":\"ImageObject\",\"url\":\"https:\\\/\\\/anoticiaonline.com.br\\\/site\\\/wp-content\\\/uploads\\\/2017\\\/03\\\/ZznWeb-09051.jpg\",\"width\":640,\"height\":426},\"datePublished\":\"2017-03-22T15:50:14-03:00\",\"dateModified\":\"2017-03-22T15:50:14-03:00\",\"inLanguage\":\"pt-BR\",\"mainEntityOfPage\":{\"@id\":\"https:\\\/\\\/anoticiaonline.com.br\\\/site\\\/simposio-do-cafe-com-leite-de-carangola-tera-a-parceria-das-fazendas-do-basa\\\/#webpage\"},\"isPartOf\":{\"@id\":\"https:\\\/\\\/anoticiaonline.com.br\\\/site\\\/simposio-do-cafe-com-leite-de-carangola-tera-a-parceria-das-fazendas-do-basa\\\/#webpage\"},\"articleSection\":\"Regi\\u00e3o, slide\"},{\"@type\":\"BreadcrumbList\",\"@id\":\"https:\\\/\\\/anoticiaonline.com.br\\\/site\\\/simposio-do-cafe-com-leite-de-carangola-tera-a-parceria-das-fazendas-do-basa\\\/#breadcrumblist\",\"itemListElement\":[{\"@type\":\"ListItem\",\"@id\":\"https:\\\/\\\/anoticiaonline.com.br\\\/site#listItem\",\"position\":1,\"name\":\"Home\",\"item\":\"https:\\\/\\\/anoticiaonline.com.br\\\/site\",\"nextItem\":{\"@type\":\"ListItem\",\"@id\":\"https:\\\/\\\/anoticiaonline.com.br\\\/site\\\/categoria\\\/regiao\\\/#listItem\",\"name\":\"Regi\\u00e3o\"}},{\"@type\":\"ListItem\",\"@id\":\"https:\\\/\\\/anoticiaonline.com.br\\\/site\\\/categoria\\\/regiao\\\/#listItem\",\"position\":2,\"name\":\"Regi\\u00e3o\",\"item\":\"https:\\\/\\\/anoticiaonline.com.br\\\/site\\\/categoria\\\/regiao\\\/\",\"nextItem\":{\"@type\":\"ListItem\",\"@id\":\"https:\\\/\\\/anoticiaonline.com.br\\\/site\\\/simposio-do-cafe-com-leite-de-carangola-tera-a-parceria-das-fazendas-do-basa\\\/#listItem\",\"name\":\"Simp\\u00f3sio do Caf\\u00e9 com Leite de Carangola ter\\u00e1 a parceria das Fazendas do Basa\"},\"previousItem\":{\"@type\":\"ListItem\",\"@id\":\"https:\\\/\\\/anoticiaonline.com.br\\\/site#listItem\",\"name\":\"Home\"}},{\"@type\":\"ListItem\",\"@id\":\"https:\\\/\\\/anoticiaonline.com.br\\\/site\\\/simposio-do-cafe-com-leite-de-carangola-tera-a-parceria-das-fazendas-do-basa\\\/#listItem\",\"position\":3,\"name\":\"Simp\\u00f3sio do Caf\\u00e9 com Leite de Carangola ter\\u00e1 a parceria das Fazendas do Basa\",\"previousItem\":{\"@type\":\"ListItem\",\"@id\":\"https:\\\/\\\/anoticiaonline.com.br\\\/site\\\/categoria\\\/regiao\\\/#listItem\",\"name\":\"Regi\\u00e3o\"}}]},{\"@type\":\"Organization\",\"@id\":\"https:\\\/\\\/anoticiaonline.com.br\\\/site\\\/#organization\",\"name\":\"A Not\\u00edcia Online\",\"description\":\"Noticias de Muria\\u00e9 e regi\\u00e3o\",\"url\":\"https:\\\/\\\/anoticiaonline.com.br\\\/site\\\/\",\"logo\":{\"@type\":\"ImageObject\",\"url\":\"https:\\\/\\\/scontent-gig4-1.xx.fbcdn.net\\\/v\\\/t39.30808-1\\\/270437624_4564083193639691_6907940295614233970_n.jpg?stp=dst-jpg_s200x200_tt6&_nc_cat=111&ccb=1-7&_nc_sid=f907e8&_nc_ohc=SM1wRlP3lJwQ7kNvwEPuBYA&_nc_oc=AdnqrjDN_BNjSSHWO-GbkIWH6fkGMLw4bqvL_NH6e2wMveX7G-rP2dAqsDSq1mJMOaY&_nc_zt=24&_nc_ht=scontent-gig4-1.xx&_nc_gid=AoBFJeGrT1hVaew_6rchkQ&oh=00_AfX7QmFGhQhG2jAllVgXCiM1ZrWgvtp80-Bfppyexh1QEg&oe=689E923C\",\"@id\":\"https:\\\/\\\/anoticiaonline.com.br\\\/site\\\/simposio-do-cafe-com-leite-de-carangola-tera-a-parceria-das-fazendas-do-basa\\\/#organizationLogo\"},\"image\":{\"@id\":\"https:\\\/\\\/anoticiaonline.com.br\\\/site\\\/simposio-do-cafe-com-leite-de-carangola-tera-a-parceria-das-fazendas-do-basa\\\/#organizationLogo\"}},{\"@type\":\"Person\",\"@id\":\"https:\\\/\\\/anoticiaonline.com.br\\\/site\\\/author\\\/juliana\\\/#author\",\"url\":\"https:\\\/\\\/anoticiaonline.com.br\\\/site\\\/author\\\/juliana\\\/\",\"name\":\"Juliana Laviola\",\"image\":{\"@type\":\"ImageObject\",\"@id\":\"https:\\\/\\\/anoticiaonline.com.br\\\/site\\\/simposio-do-cafe-com-leite-de-carangola-tera-a-parceria-das-fazendas-do-basa\\\/#authorImage\",\"url\":\"https:\\\/\\\/secure.gravatar.com\\\/avatar\\\/b8d45f5c699b100dfaf0e543582f38f38bf94cb7ae3a5e9abf8d891a34773335?s=96&d=mm&r=g\",\"width\":96,\"height\":96,\"caption\":\"Juliana Laviola\"}},{\"@type\":\"WebPage\",\"@id\":\"https:\\\/\\\/anoticiaonline.com.br\\\/site\\\/simposio-do-cafe-com-leite-de-carangola-tera-a-parceria-das-fazendas-do-basa\\\/#webpage\",\"url\":\"https:\\\/\\\/anoticiaonline.com.br\\\/site\\\/simposio-do-cafe-com-leite-de-carangola-tera-a-parceria-das-fazendas-do-basa\\\/\",\"name\":\"Simp\\u00f3sio do Caf\\u00e9 com Leite de Carangola ter\\u00e1 a parceria das Fazendas do Basa - A Not\\u00edcia Online\",\"description\":\"A Prefeitura de Carangola promover\\u00e1 no pr\\u00f3ximo dia 1\\u00ba de abril, o seu primeiro Simp\\u00f3sio do Caf\\u00e9 com Leite, para discutir de forma construtiva e regional o futuro dessas atividades na regi\\u00e3o. Al\\u00e9m de promover a oportunidade de discutir e apresentar novas e modernas t\\u00e9cnicas usadas na cafeicultura e pecu\\u00e1ria leiteira, este encontro servir\\u00e1 tamb\\u00e9m\",\"inLanguage\":\"pt-BR\",\"isPartOf\":{\"@id\":\"https:\\\/\\\/anoticiaonline.com.br\\\/site\\\/#website\"},\"breadcrumb\":{\"@id\":\"https:\\\/\\\/anoticiaonline.com.br\\\/site\\\/simposio-do-cafe-com-leite-de-carangola-tera-a-parceria-das-fazendas-do-basa\\\/#breadcrumblist\"},\"author\":{\"@id\":\"https:\\\/\\\/anoticiaonline.com.br\\\/site\\\/author\\\/juliana\\\/#author\"},\"creator\":{\"@id\":\"https:\\\/\\\/anoticiaonline.com.br\\\/site\\\/author\\\/juliana\\\/#author\"},\"image\":{\"@type\":\"ImageObject\",\"url\":\"https:\\\/\\\/anoticiaonline.com.br\\\/site\\\/wp-content\\\/uploads\\\/2017\\\/03\\\/ZznWeb-09051.jpg\",\"@id\":\"https:\\\/\\\/anoticiaonline.com.br\\\/site\\\/simposio-do-cafe-com-leite-de-carangola-tera-a-parceria-das-fazendas-do-basa\\\/#mainImage\",\"width\":640,\"height\":426},\"primaryImageOfPage\":{\"@id\":\"https:\\\/\\\/anoticiaonline.com.br\\\/site\\\/simposio-do-cafe-com-leite-de-carangola-tera-a-parceria-das-fazendas-do-basa\\\/#mainImage\"},\"datePublished\":\"2017-03-22T15:50:14-03:00\",\"dateModified\":\"2017-03-22T15:50:14-03:00\"},{\"@type\":\"WebSite\",\"@id\":\"https:\\\/\\\/anoticiaonline.com.br\\\/site\\\/#website\",\"url\":\"https:\\\/\\\/anoticiaonline.com.br\\\/site\\\/\",\"name\":\"A Not\\u00edcia Online\",\"description\":\"Noticias de Muria\\u00e9 e regi\\u00e3o\",\"inLanguage\":\"pt-BR\",\"publisher\":{\"@id\":\"https:\\\/\\\/anoticiaonline.com.br\\\/site\\\/#organization\"}}]}\n\t\t<\/script>\n\t\t<!-- All in One SEO -->\n\n","aioseo_head_json":{"title":"Simp\u00f3sio do Caf\u00e9 com Leite de Carangola ter\u00e1 a parceria das Fazendas do Basa - A Not\u00edcia Online","description":"A Prefeitura de Carangola promover\u00e1 no pr\u00f3ximo dia 1\u00ba de abril, o seu primeiro Simp\u00f3sio do Caf\u00e9 com Leite, para discutir de forma construtiva e regional o futuro dessas atividades na regi\u00e3o. Al\u00e9m de promover a oportunidade de discutir e apresentar novas e modernas t\u00e9cnicas usadas na cafeicultura e pecu\u00e1ria leiteira, este encontro servir\u00e1 tamb\u00e9m","canonical_url":"https:\/\/anoticiaonline.com.br\/site\/simposio-do-cafe-com-leite-de-carangola-tera-a-parceria-das-fazendas-do-basa\/","robots":"max-image-preview:large","keywords":"","webmasterTools":{"miscellaneous":""},"schema":{"@context":"https:\/\/schema.org","@graph":[{"@type":"BlogPosting","@id":"https:\/\/anoticiaonline.com.br\/site\/simposio-do-cafe-com-leite-de-carangola-tera-a-parceria-das-fazendas-do-basa\/#blogposting","name":"Simp\u00f3sio do Caf\u00e9 com Leite de Carangola ter\u00e1 a parceria das Fazendas do Basa - A Not\u00edcia Online","headline":"Simp\u00f3sio do Caf\u00e9 com Leite de Carangola ter\u00e1 a parceria das Fazendas do Basa","author":{"@id":"https:\/\/anoticiaonline.com.br\/site\/author\/juliana\/#author"},"publisher":{"@id":"https:\/\/anoticiaonline.com.br\/site\/#organization"},"image":{"@type":"ImageObject","url":"https:\/\/anoticiaonline.com.br\/site\/wp-content\/uploads\/2017\/03\/ZznWeb-09051.jpg","width":640,"height":426},"datePublished":"2017-03-22T15:50:14-03:00","dateModified":"2017-03-22T15:50:14-03:00","inLanguage":"pt-BR","mainEntityOfPage":{"@id":"https:\/\/anoticiaonline.com.br\/site\/simposio-do-cafe-com-leite-de-carangola-tera-a-parceria-das-fazendas-do-basa\/#webpage"},"isPartOf":{"@id":"https:\/\/anoticiaonline.com.br\/site\/simposio-do-cafe-com-leite-de-carangola-tera-a-parceria-das-fazendas-do-basa\/#webpage"},"articleSection":"Regi\u00e3o, slide"},{"@type":"BreadcrumbList","@id":"https:\/\/anoticiaonline.com.br\/site\/simposio-do-cafe-com-leite-de-carangola-tera-a-parceria-das-fazendas-do-basa\/#breadcrumblist","itemListElement":[{"@type":"ListItem","@id":"https:\/\/anoticiaonline.com.br\/site#listItem","position":1,"name":"Home","item":"https:\/\/anoticiaonline.com.br\/site","nextItem":{"@type":"ListItem","@id":"https:\/\/anoticiaonline.com.br\/site\/categoria\/regiao\/#listItem","name":"Regi\u00e3o"}},{"@type":"ListItem","@id":"https:\/\/anoticiaonline.com.br\/site\/categoria\/regiao\/#listItem","position":2,"name":"Regi\u00e3o","item":"https:\/\/anoticiaonline.com.br\/site\/categoria\/regiao\/","nextItem":{"@type":"ListItem","@id":"https:\/\/anoticiaonline.com.br\/site\/simposio-do-cafe-com-leite-de-carangola-tera-a-parceria-das-fazendas-do-basa\/#listItem","name":"Simp\u00f3sio do Caf\u00e9 com Leite de Carangola ter\u00e1 a parceria das Fazendas do Basa"},"previousItem":{"@type":"ListItem","@id":"https:\/\/anoticiaonline.com.br\/site#listItem","name":"Home"}},{"@type":"ListItem","@id":"https:\/\/anoticiaonline.com.br\/site\/simposio-do-cafe-com-leite-de-carangola-tera-a-parceria-das-fazendas-do-basa\/#listItem","position":3,"name":"Simp\u00f3sio do Caf\u00e9 com Leite de Carangola ter\u00e1 a parceria das Fazendas do Basa","previousItem":{"@type":"ListItem","@id":"https:\/\/anoticiaonline.com.br\/site\/categoria\/regiao\/#listItem","name":"Regi\u00e3o"}}]},{"@type":"Organization","@id":"https:\/\/anoticiaonline.com.br\/site\/#organization","name":"A Not\u00edcia Online","description":"Noticias de Muria\u00e9 e regi\u00e3o","url":"https:\/\/anoticiaonline.com.br\/site\/","logo":{"@type":"ImageObject","url":"https:\/\/scontent-gig4-1.xx.fbcdn.net\/v\/t39.30808-1\/270437624_4564083193639691_6907940295614233970_n.jpg?stp=dst-jpg_s200x200_tt6&_nc_cat=111&ccb=1-7&_nc_sid=f907e8&_nc_ohc=SM1wRlP3lJwQ7kNvwEPuBYA&_nc_oc=AdnqrjDN_BNjSSHWO-GbkIWH6fkGMLw4bqvL_NH6e2wMveX7G-rP2dAqsDSq1mJMOaY&_nc_zt=24&_nc_ht=scontent-gig4-1.xx&_nc_gid=AoBFJeGrT1hVaew_6rchkQ&oh=00_AfX7QmFGhQhG2jAllVgXCiM1ZrWgvtp80-Bfppyexh1QEg&oe=689E923C","@id":"https:\/\/anoticiaonline.com.br\/site\/simposio-do-cafe-com-leite-de-carangola-tera-a-parceria-das-fazendas-do-basa\/#organizationLogo"},"image":{"@id":"https:\/\/anoticiaonline.com.br\/site\/simposio-do-cafe-com-leite-de-carangola-tera-a-parceria-das-fazendas-do-basa\/#organizationLogo"}},{"@type":"Person","@id":"https:\/\/anoticiaonline.com.br\/site\/author\/juliana\/#author","url":"https:\/\/anoticiaonline.com.br\/site\/author\/juliana\/","name":"Juliana Laviola","image":{"@type":"ImageObject","@id":"https:\/\/anoticiaonline.com.br\/site\/simposio-do-cafe-com-leite-de-carangola-tera-a-parceria-das-fazendas-do-basa\/#authorImage","url":"https:\/\/secure.gravatar.com\/avatar\/b8d45f5c699b100dfaf0e543582f38f38bf94cb7ae3a5e9abf8d891a34773335?s=96&d=mm&r=g","width":96,"height":96,"caption":"Juliana Laviola"}},{"@type":"WebPage","@id":"https:\/\/anoticiaonline.com.br\/site\/simposio-do-cafe-com-leite-de-carangola-tera-a-parceria-das-fazendas-do-basa\/#webpage","url":"https:\/\/anoticiaonline.com.br\/site\/simposio-do-cafe-com-leite-de-carangola-tera-a-parceria-das-fazendas-do-basa\/","name":"Simp\u00f3sio do Caf\u00e9 com Leite de Carangola ter\u00e1 a parceria das Fazendas do Basa - A Not\u00edcia Online","description":"A Prefeitura de Carangola promover\u00e1 no pr\u00f3ximo dia 1\u00ba de abril, o seu primeiro Simp\u00f3sio do Caf\u00e9 com Leite, para discutir de forma construtiva e regional o futuro dessas atividades na regi\u00e3o. Al\u00e9m de promover a oportunidade de discutir e apresentar novas e modernas t\u00e9cnicas usadas na cafeicultura e pecu\u00e1ria leiteira, este encontro servir\u00e1 tamb\u00e9m","inLanguage":"pt-BR","isPartOf":{"@id":"https:\/\/anoticiaonline.com.br\/site\/#website"},"breadcrumb":{"@id":"https:\/\/anoticiaonline.com.br\/site\/simposio-do-cafe-com-leite-de-carangola-tera-a-parceria-das-fazendas-do-basa\/#breadcrumblist"},"author":{"@id":"https:\/\/anoticiaonline.com.br\/site\/author\/juliana\/#author"},"creator":{"@id":"https:\/\/anoticiaonline.com.br\/site\/author\/juliana\/#author"},"image":{"@type":"ImageObject","url":"https:\/\/anoticiaonline.com.br\/site\/wp-content\/uploads\/2017\/03\/ZznWeb-09051.jpg","@id":"https:\/\/anoticiaonline.com.br\/site\/simposio-do-cafe-com-leite-de-carangola-tera-a-parceria-das-fazendas-do-basa\/#mainImage","width":640,"height":426},"primaryImageOfPage":{"@id":"https:\/\/anoticiaonline.com.br\/site\/simposio-do-cafe-com-leite-de-carangola-tera-a-parceria-das-fazendas-do-basa\/#mainImage"},"datePublished":"2017-03-22T15:50:14-03:00","dateModified":"2017-03-22T15:50:14-03:00"},{"@type":"WebSite","@id":"https:\/\/anoticiaonline.com.br\/site\/#website","url":"https:\/\/anoticiaonline.com.br\/site\/","name":"A Not\u00edcia Online","description":"Noticias de Muria\u00e9 e regi\u00e3o","inLanguage":"pt-BR","publisher":{"@id":"https:\/\/anoticiaonline.com.br\/site\/#organization"}}]},"og:locale":"pt_BR","og:site_name":"A Not\u00edcia Online - Noticias de Muria\u00e9 e regi\u00e3o","og:type":"article","og:title":"Simp\u00f3sio do Caf\u00e9 com Leite de Carangola ter\u00e1 a parceria das Fazendas do Basa - A Not\u00edcia Online","og:description":"A Prefeitura de Carangola promover\u00e1 no pr\u00f3ximo dia 1\u00ba de abril, o seu primeiro Simp\u00f3sio do Caf\u00e9 com Leite, para discutir de forma construtiva e regional o futuro dessas atividades na regi\u00e3o. Al\u00e9m de promover a oportunidade de discutir e apresentar novas e modernas t\u00e9cnicas usadas na cafeicultura e pecu\u00e1ria leiteira, este encontro servir\u00e1 tamb\u00e9m","og:url":"https:\/\/anoticiaonline.com.br\/site\/simposio-do-cafe-com-leite-de-carangola-tera-a-parceria-das-fazendas-do-basa\/","og:image":"https:\/\/scontent-gig4-1.xx.fbcdn.net\/v\/t39.30808-1\/270437624_4564083193639691_6907940295614233970_n.jpg?stp=dst-jpg_s200x200_tt6&#038;_nc_cat=111&#038;ccb=1-7&#038;_nc_sid=f907e8&#038;_nc_ohc=SM1wRlP3lJwQ7kNvwEPuBYA&#038;_nc_oc=AdnqrjDN_BNjSSHWO-GbkIWH6fkGMLw4bqvL_NH6e2wMveX7G-rP2dAqsDSq1mJMOaY&#038;_nc_zt=24&#038;_nc_ht=scontent-gig4-1.xx&#038;_nc_gid=AoBFJeGrT1hVaew_6rchkQ&#038;oh=00_AfX7QmFGhQhG2jAllVgXCiM1ZrWgvtp80-Bfppyexh1QEg&#038;oe=689E923C","og:image:secure_url":"https:\/\/scontent-gig4-1.xx.fbcdn.net\/v\/t39.30808-1\/270437624_4564083193639691_6907940295614233970_n.jpg?stp=dst-jpg_s200x200_tt6&#038;_nc_cat=111&#038;ccb=1-7&#038;_nc_sid=f907e8&#038;_nc_ohc=SM1wRlP3lJwQ7kNvwEPuBYA&#038;_nc_oc=AdnqrjDN_BNjSSHWO-GbkIWH6fkGMLw4bqvL_NH6e2wMveX7G-rP2dAqsDSq1mJMOaY&#038;_nc_zt=24&#038;_nc_ht=scontent-gig4-1.xx&#038;_nc_gid=AoBFJeGrT1hVaew_6rchkQ&#038;oh=00_AfX7QmFGhQhG2jAllVgXCiM1ZrWgvtp80-Bfppyexh1QEg&#038;oe=689E923C","article:published_time":"2017-03-22T18:50:14+00:00","article:modified_time":"2017-03-22T18:50:14+00:00","twitter:card":"summary_large_image","twitter:title":"Simp\u00f3sio do Caf\u00e9 com Leite de Carangola ter\u00e1 a parceria das Fazendas do Basa - A Not\u00edcia Online","twitter:description":"A Prefeitura de Carangola promover\u00e1 no pr\u00f3ximo dia 1\u00ba de abril, o seu primeiro Simp\u00f3sio do Caf\u00e9 com Leite, para discutir de forma construtiva e regional o futuro dessas atividades na regi\u00e3o. Al\u00e9m de promover a oportunidade de discutir e apresentar novas e modernas t\u00e9cnicas usadas na cafeicultura e pecu\u00e1ria leiteira, este encontro servir\u00e1 tamb\u00e9m","twitter:image":"https:\/\/scontent-gig4-1.xx.fbcdn.net\/v\/t39.30808-1\/270437624_4564083193639691_6907940295614233970_n.jpg?stp=dst-jpg_s200x200_tt6&_nc_cat=111&ccb=1-7&_nc_sid=f907e8&_nc_ohc=SM1wRlP3lJwQ7kNvwEPuBYA&_nc_oc=AdnqrjDN_BNjSSHWO-GbkIWH6fkGMLw4bqvL_NH6e2wMveX7G-rP2dAqsDSq1mJMOaY&_nc_zt=24&_nc_ht=scontent-gig4-1.xx&_nc_gid=AoBFJeGrT1hVaew_6rchkQ&oh=00_AfX7QmFGhQhG2jAllVgXCiM1ZrWgvtp80-Bfppyexh1QEg&oe=689E923C"},"aioseo_meta_data":{"post_id":"26507","title":null,"description":null,"keywords":null,"keyphrases":null,"primary_term":null,"canonical_url":null,"og_title":null,"og_description":null,"og_object_type":"default","og_image_type":"default","og_image_url":null,"og_image_width":null,"og_image_height":null,"og_image_custom_url":null,"og_image_custom_fields":null,"og_video":null,"og_custom_url":null,"og_article_section":null,"og_article_tags":null,"twitter_use_og":false,"twitter_card":"default","twitter_image_type":"default","twitter_image_url":null,"twitter_image_custom_url":null,"twitter_image_custom_fields":null,"twitter_title":null,"twitter_description":null,"schema":{"blockGraphs":[],"customGraphs":[],"default":{"data":{"Article":[],"Course":[],"Dataset":[],"FAQPage":[],"Movie":[],"Person":[],"Product":[],"ProductReview":[],"Car":[],"Recipe":[],"Service":[],"SoftwareApplication":[],"WebPage":[]},"graphName":"","isEnabled":true},"graphs":[]},"schema_type":"default","schema_type_options":null,"pillar_content":false,"robots_default":true,"robots_noindex":false,"robots_noarchive":false,"robots_nosnippet":false,"robots_nofollow":false,"robots_noimageindex":false,"robots_noodp":false,"robots_notranslate":false,"robots_max_snippet":null,"robots_max_videopreview":null,"robots_max_imagepreview":"large","priority":null,"frequency":null,"local_seo":null,"breadcrumb_settings":null,"limit_modified_date":false,"ai":null,"created":"2025-08-16 18:00:31","updated":"2025-08-16 18:00:31","focus_keyword":null,"additional_keywords":null,"truseo_locale":null,"seo_analyzer_scan_date":null},"aioseo_breadcrumb":"<div class=\"aioseo-breadcrumbs\"><span class=\"aioseo-breadcrumb\">\n\t\t\t<a href=\"https:\/\/anoticiaonline.com.br\/site\" title=\"Home\">Home<\/a>\n\t\t<\/span><span class=\"aioseo-breadcrumb-separator\">&raquo;<\/span><span class=\"aioseo-breadcrumb\">\n\t\t\t<a href=\"https:\/\/anoticiaonline.com.br\/site\/categoria\/regiao\/\" title=\"Regi\u00e3o\">Regi\u00e3o<\/a>\n\t\t<\/span><span class=\"aioseo-breadcrumb-separator\">&raquo;<\/span><span class=\"aioseo-breadcrumb\">\n\t\t\tSimp\u00f3sio do Caf\u00e9 com Leite de Carangola ter\u00e1 a parceria das Fazendas do Basa\n\t\t<\/span><\/div>","aioseo_breadcrumb_json":[{"label":"Home","link":"https:\/\/anoticiaonline.com.br\/site"},{"label":"Regi\u00e3o","link":"https:\/\/anoticiaonline.com.br\/site\/categoria\/regiao\/"},{"label":"Simp\u00f3sio do Caf\u00e9 com Leite de Carangola ter\u00e1 a parceria das Fazendas do Basa","link":"https:\/\/anoticiaonline.com.br\/site\/simposio-do-cafe-com-leite-de-carangola-tera-a-parceria-das-fazendas-do-basa\/"}],"views":140,"_links":{"self":[{"href":"https:\/\/anoticiaonline.com.br\/site\/wp-json\/wp\/v2\/posts\/26507","targetHints":{"allow":["GET"]}}],"collection":[{"href":"https:\/\/anoticiaonline.com.br\/site\/wp-json\/wp\/v2\/posts"}],"about":[{"href":"https:\/\/anoticiaonline.com.br\/site\/wp-json\/wp\/v2\/types\/post"}],"author":[{"embeddable":true,"href":"https:\/\/anoticiaonline.com.br\/site\/wp-json\/wp\/v2\/users\/2"}],"replies":[{"embeddable":true,"href":"https:\/\/anoticiaonline.com.br\/site\/wp-json\/wp\/v2\/comments?post=26507"}],"version-history":[{"count":0,"href":"https:\/\/anoticiaonline.com.br\/site\/wp-json\/wp\/v2\/posts\/26507\/revisions"}],"wp:featuredmedia":[{"embeddable":true,"href":"https:\/\/anoticiaonline.com.br\/site\/wp-json\/wp\/v2\/media\/26508"}],"wp:attachment":[{"href":"https:\/\/anoticiaonline.com.br\/site\/wp-json\/wp\/v2\/media?parent=26507"}],"wp:term":[{"taxonomy":"category","embeddable":true,"href":"https:\/\/anoticiaonline.com.br\/site\/wp-json\/wp\/v2\/categories?post=26507"},{"taxonomy":"post_tag","embeddable":true,"href":"https:\/\/anoticiaonline.com.br\/site\/wp-json\/wp\/v2\/tags?post=26507"}],"curies":[{"name":"wp","href":"https:\/\/api.w.org\/{rel}","templated":true}]}}