{"id":26381,"date":"2017-03-21T12:15:35","date_gmt":"2017-03-21T15:15:35","guid":{"rendered":"http:\/\/anoticiaonline.com.br\/site\/?p=26381"},"modified":"2017-03-21T12:15:35","modified_gmt":"2017-03-21T15:15:35","slug":"instituto-otavio-augusto-encerra-parceria-com-a-casa-da-menina","status":"publish","type":"post","link":"https:\/\/anoticiaonline.com.br\/site\/instituto-otavio-augusto-encerra-parceria-com-a-casa-da-menina\/","title":{"rendered":"Instituto Ot\u00e1vio Augusto encerra parceria com a Casa da Menina"},"content":{"rendered":"<p><a href=\"https:\/\/anoticiaonline.com.br\/site\/wp-content\/uploads\/2017\/03\/Instituto-Ot\u00e1vio-Augusto-encerra-parceria-com-a-Casa-da-Menina.jpg\"><img fetchpriority=\"high\" decoding=\"async\" class=\" size-medium wp-image-26382 alignleft\" src=\"https:\/\/anoticiaonline.com.br\/site\/wp-content\/uploads\/2017\/03\/Instituto-Ot\u00e1vio-Augusto-encerra-parceria-com-a-Casa-da-Menina-300x206.jpg\" alt=\"Instituto Ot\u00e1vio Augusto encerra parceria com a Casa da Menina\" width=\"300\" height=\"206\" srcset=\"https:\/\/anoticiaonline.com.br\/site\/wp-content\/uploads\/2017\/03\/Instituto-Ot\u00e1vio-Augusto-encerra-parceria-com-a-Casa-da-Menina-300x206.jpg 300w, https:\/\/anoticiaonline.com.br\/site\/wp-content\/uploads\/2017\/03\/Instituto-Ot\u00e1vio-Augusto-encerra-parceria-com-a-Casa-da-Menina.jpg 640w\" sizes=\"(max-width: 300px) 100vw, 300px\" \/><\/a>O Instituto Ot\u00e1vio Augusto (InOA), que assumiu a administra\u00e7\u00e3o da Casa da Menina em 2013, anuncia o encerramento da parceria com a entidade. Segundo nota divulgada na \u00faltima quinta-feira (16), os trabalhos na institui\u00e7\u00e3o terminam no final deste m\u00eas.<\/p>\n<p>H\u00e1 aproximadamente quatro anos, ap\u00f3s a antiga diretoria da Casa da Menina anunciar que a instititui\u00e7\u00e3o iria fechar as portas, o empres\u00e1rio Elder Abreu, cujas Organiza\u00e7\u00f5es s\u00e3o respons\u00e1veis pelo instituto, sensibilizado com a situa\u00e7\u00e3o, anunciou que o InOA iria assumir a administra\u00e7\u00e3o da Casa.<\/p>\n<p>Segundo o comunicado, \u201cneste m\u00eas de mar\u00e7o, as Organiza\u00e7\u00f5es Elder Abreu, atrav\u00e9s do InOA, decidiram encerrar os trabalhos na Casa da Menina, certos de que nos \u00faltimos quatro anos prestaram uma importante contribui\u00e7\u00e3o \u00e0 sociedade muriaeense, fazendo todos os esfor\u00e7os poss\u00edveis para a manuten\u00e7\u00e3o da Casa\u201d.<\/p>\n<p>A nota ressalta, ainda, que as crian\u00e7as assistidas pela entidade ser\u00e3o encaminhadas para projetos e escolas municipais. \u201cAs Organiza\u00e7\u00f5es refor\u00e7am que continuar\u00e3o contribuindo com outros projetos sociais, como sempre fizeram ao longo dos seus 20 anos de exist\u00eancia, exercendo o seu papel fundamental de empresa cidad\u00e3\u201d, finaliza a nota.<\/p>\n<p>O corregedor Interno da Prefeitura de Muria\u00e9, Odair Jos\u00e9 da Silveira, informou \u00e0 imprensa que, atualmente, o munic\u00edpio repassa \u00e0 Casa Menina uma subven\u00e7\u00e3o mensal no valor de R$1.100,00. Ainda segundo ele, a Lei Autorizativa n\u00ba 5.367\/2016, aprovada no final do ano passado, prorrogou este repasse para a Casa da Menina e aos demais \u00f3rg\u00e3os que tamb\u00e9m recebem subven\u00e7\u00e3o por 180 dias, ou seja, at\u00e9 julho pr\u00f3ximo.<\/p>\n<p><strong>CASA DA MENINA &#8211;<\/strong> A Obra Unida Casa da Menina foi fundada por Ab\u00edlio Alves de Matos, conhecido pelo apelido de Biloca, e Maria de Jesus Carneiro Guimar\u00e3es, conhecida como Santinha, aproximadamente em julho de 1961, mas a comemora\u00e7\u00e3o aconteceu no dia 25 de novembro de 1962.<\/p>\n<p>Antes de funcionar no atual endere\u00e7o, na Rua L\u00eddio Bandeira de Melo, ao lado da Par\u00f3quia Nossa Senhora da Imaculada Concei\u00e7\u00e3o, na Barra, estava instalada na Rua J\u00falio Brand\u00e3o. O objetivo era amparar meninas \u00f3rf\u00e3s, proporcionando a elas um lar, para crescerem com dignidade.<\/p>\n<p>A institui\u00e7\u00e3o oferece ainda servi\u00e7os assistenciais com psic\u00f3logo, assistente social, aulas de inform\u00e1tica, refor\u00e7o escolar, al\u00e9m de projetos nas \u00e1reas de dan\u00e7a, coral e aulas de ingl\u00eas. Em 2014, a entidade passou a ser considerada oficialmente institui\u00e7\u00e3o de utilidade p\u00fablica.<\/p>\n","protected":false},"excerpt":{"rendered":"<p>O Instituto Ot\u00e1vio Augusto (InOA), que assumiu a administra\u00e7\u00e3o da Casa da Menina em 2013, anuncia o encerramento da parceria com a entidade. Segundo nota divulgada na \u00faltima quinta-feira (16), os trabalhos na institui\u00e7\u00e3o terminam no final deste m\u00eas. H\u00e1 aproximadamente quatro anos, ap\u00f3s a antiga diretoria da Casa da Menina anunciar que a instititui\u00e7\u00e3o &#8230; <a title=\"Instituto Ot\u00e1vio Augusto encerra parceria com a Casa da Menina\" class=\"read-more\" href=\"https:\/\/anoticiaonline.com.br\/site\/instituto-otavio-augusto-encerra-parceria-com-a-casa-da-menina\/\" aria-label=\"Read more about Instituto Ot\u00e1vio Augusto encerra parceria com a Casa da Menina\">Ler mais<\/a><\/p>\n","protected":false},"author":2,"featured_media":26382,"comment_status":"open","ping_status":"open","sticky":false,"template":"","format":"standard","meta":{"_acf_changed":false,"_monsterinsights_skip_tracking":false,"footnotes":""},"categories":[30],"tags":[3],"class_list":["post-26381","post","type-post","status-publish","format-standard","has-post-thumbnail","hentry","category-muriae","tag-slide"],"acf":[],"aioseo_notices":[],"aioseo_head":"\n\t\t<!-- All in One SEO 5.0.0.1 - aioseo.com -->\n\t<meta name=\"description\" content=\"O Instituto Ot\u00e1vio Augusto (InOA), que assumiu a administra\u00e7\u00e3o da Casa da Menina em 2013, anuncia o encerramento da parceria com a entidade. Segundo nota divulgada na \u00faltima quinta-feira (16), os trabalhos na institui\u00e7\u00e3o terminam no final deste m\u00eas. H\u00e1 aproximadamente quatro anos, ap\u00f3s a antiga diretoria da Casa da Menina anunciar que a instititui\u00e7\u00e3o\" \/>\n\t<meta name=\"robots\" content=\"max-image-preview:large\" \/>\n\t<meta name=\"author\" content=\"Juliana Laviola\"\/>\n\t<link rel=\"canonical\" href=\"https:\/\/anoticiaonline.com.br\/site\/instituto-otavio-augusto-encerra-parceria-com-a-casa-da-menina\/\" \/>\n\t<meta name=\"generator\" content=\"All in One SEO (AIOSEO) 5.0.0.1\" \/>\n\t\t<meta property=\"og:locale\" content=\"pt_BR\" \/>\n\t\t<meta property=\"og:site_name\" content=\"A Not\u00edcia Online - Noticias de Muria\u00e9 e regi\u00e3o\" \/>\n\t\t<meta property=\"og:type\" content=\"article\" \/>\n\t\t<meta property=\"og:title\" content=\"Instituto Ot\u00e1vio Augusto encerra parceria com a Casa da Menina - A Not\u00edcia Online\" \/>\n\t\t<meta property=\"og:description\" content=\"O Instituto Ot\u00e1vio Augusto (InOA), que assumiu a administra\u00e7\u00e3o da Casa da Menina em 2013, anuncia o encerramento da parceria com a entidade. Segundo nota divulgada na \u00faltima quinta-feira (16), os trabalhos na institui\u00e7\u00e3o terminam no final deste m\u00eas. H\u00e1 aproximadamente quatro anos, ap\u00f3s a antiga diretoria da Casa da Menina anunciar que a instititui\u00e7\u00e3o\" \/>\n\t\t<meta property=\"og:url\" content=\"https:\/\/anoticiaonline.com.br\/site\/instituto-otavio-augusto-encerra-parceria-com-a-casa-da-menina\/\" \/>\n\t\t<meta property=\"og:image\" content=\"https:\/\/scontent-gig4-1.xx.fbcdn.net\/v\/t39.30808-1\/270437624_4564083193639691_6907940295614233970_n.jpg?stp=dst-jpg_s200x200_tt6&#038;_nc_cat=111&#038;ccb=1-7&#038;_nc_sid=f907e8&#038;_nc_ohc=SM1wRlP3lJwQ7kNvwEPuBYA&#038;_nc_oc=AdnqrjDN_BNjSSHWO-GbkIWH6fkGMLw4bqvL_NH6e2wMveX7G-rP2dAqsDSq1mJMOaY&#038;_nc_zt=24&#038;_nc_ht=scontent-gig4-1.xx&#038;_nc_gid=AoBFJeGrT1hVaew_6rchkQ&#038;oh=00_AfX7QmFGhQhG2jAllVgXCiM1ZrWgvtp80-Bfppyexh1QEg&#038;oe=689E923C\" \/>\n\t\t<meta property=\"og:image:secure_url\" content=\"https:\/\/scontent-gig4-1.xx.fbcdn.net\/v\/t39.30808-1\/270437624_4564083193639691_6907940295614233970_n.jpg?stp=dst-jpg_s200x200_tt6&#038;_nc_cat=111&#038;ccb=1-7&#038;_nc_sid=f907e8&#038;_nc_ohc=SM1wRlP3lJwQ7kNvwEPuBYA&#038;_nc_oc=AdnqrjDN_BNjSSHWO-GbkIWH6fkGMLw4bqvL_NH6e2wMveX7G-rP2dAqsDSq1mJMOaY&#038;_nc_zt=24&#038;_nc_ht=scontent-gig4-1.xx&#038;_nc_gid=AoBFJeGrT1hVaew_6rchkQ&#038;oh=00_AfX7QmFGhQhG2jAllVgXCiM1ZrWgvtp80-Bfppyexh1QEg&#038;oe=689E923C\" \/>\n\t\t<meta property=\"article:published_time\" content=\"2017-03-21T15:15:35+00:00\" \/>\n\t\t<meta property=\"article:modified_time\" content=\"2017-03-21T15:15:35+00:00\" \/>\n\t\t<meta name=\"twitter:card\" content=\"summary_large_image\" \/>\n\t\t<meta name=\"twitter:title\" content=\"Instituto Ot\u00e1vio Augusto encerra parceria com a Casa da Menina - A Not\u00edcia Online\" \/>\n\t\t<meta name=\"twitter:description\" content=\"O Instituto Ot\u00e1vio Augusto (InOA), que assumiu a administra\u00e7\u00e3o da Casa da Menina em 2013, anuncia o encerramento da parceria com a entidade. Segundo nota divulgada na \u00faltima quinta-feira (16), os trabalhos na institui\u00e7\u00e3o terminam no final deste m\u00eas. H\u00e1 aproximadamente quatro anos, ap\u00f3s a antiga diretoria da Casa da Menina anunciar que a instititui\u00e7\u00e3o\" \/>\n\t\t<meta name=\"twitter:image\" content=\"https:\/\/scontent-gig4-1.xx.fbcdn.net\/v\/t39.30808-1\/270437624_4564083193639691_6907940295614233970_n.jpg?stp=dst-jpg_s200x200_tt6&amp;_nc_cat=111&amp;ccb=1-7&amp;_nc_sid=f907e8&amp;_nc_ohc=SM1wRlP3lJwQ7kNvwEPuBYA&amp;_nc_oc=AdnqrjDN_BNjSSHWO-GbkIWH6fkGMLw4bqvL_NH6e2wMveX7G-rP2dAqsDSq1mJMOaY&amp;_nc_zt=24&amp;_nc_ht=scontent-gig4-1.xx&amp;_nc_gid=AoBFJeGrT1hVaew_6rchkQ&amp;oh=00_AfX7QmFGhQhG2jAllVgXCiM1ZrWgvtp80-Bfppyexh1QEg&amp;oe=689E923C\" \/>\n\t\t<script type=\"application\/ld+json\" class=\"aioseo-schema\">\n\t\t\t{\"@context\":\"https:\\\/\\\/schema.org\",\"@graph\":[{\"@type\":\"BlogPosting\",\"@id\":\"https:\\\/\\\/anoticiaonline.com.br\\\/site\\\/instituto-otavio-augusto-encerra-parceria-com-a-casa-da-menina\\\/#blogposting\",\"name\":\"Instituto Ot\\u00e1vio Augusto encerra parceria com a Casa da Menina - A Not\\u00edcia Online\",\"headline\":\"Instituto Ot\\u00e1vio Augusto encerra parceria com a Casa da Menina\",\"author\":{\"@id\":\"https:\\\/\\\/anoticiaonline.com.br\\\/site\\\/author\\\/juliana\\\/#author\"},\"publisher\":{\"@id\":\"https:\\\/\\\/anoticiaonline.com.br\\\/site\\\/#organization\"},\"image\":{\"@type\":\"ImageObject\",\"url\":\"https:\\\/\\\/anoticiaonline.com.br\\\/site\\\/wp-content\\\/uploads\\\/2017\\\/03\\\/Instituto-Ot\\u00e1vio-Augusto-encerra-parceria-com-a-Casa-da-Menina.jpg\",\"width\":640,\"height\":439},\"datePublished\":\"2017-03-21T12:15:35-03:00\",\"dateModified\":\"2017-03-21T12:15:35-03:00\",\"inLanguage\":\"pt-BR\",\"mainEntityOfPage\":{\"@id\":\"https:\\\/\\\/anoticiaonline.com.br\\\/site\\\/instituto-otavio-augusto-encerra-parceria-com-a-casa-da-menina\\\/#webpage\"},\"isPartOf\":{\"@id\":\"https:\\\/\\\/anoticiaonline.com.br\\\/site\\\/instituto-otavio-augusto-encerra-parceria-com-a-casa-da-menina\\\/#webpage\"},\"articleSection\":\"Blog, slide\"},{\"@type\":\"BreadcrumbList\",\"@id\":\"https:\\\/\\\/anoticiaonline.com.br\\\/site\\\/instituto-otavio-augusto-encerra-parceria-com-a-casa-da-menina\\\/#breadcrumblist\",\"itemListElement\":[{\"@type\":\"ListItem\",\"@id\":\"https:\\\/\\\/anoticiaonline.com.br\\\/site#listItem\",\"position\":1,\"name\":\"Home\",\"item\":\"https:\\\/\\\/anoticiaonline.com.br\\\/site\",\"nextItem\":{\"@type\":\"ListItem\",\"@id\":\"https:\\\/\\\/anoticiaonline.com.br\\\/site\\\/categoria\\\/muriae\\\/#listItem\",\"name\":\"Blog\"}},{\"@type\":\"ListItem\",\"@id\":\"https:\\\/\\\/anoticiaonline.com.br\\\/site\\\/categoria\\\/muriae\\\/#listItem\",\"position\":2,\"name\":\"Blog\",\"item\":\"https:\\\/\\\/anoticiaonline.com.br\\\/site\\\/categoria\\\/muriae\\\/\",\"nextItem\":{\"@type\":\"ListItem\",\"@id\":\"https:\\\/\\\/anoticiaonline.com.br\\\/site\\\/instituto-otavio-augusto-encerra-parceria-com-a-casa-da-menina\\\/#listItem\",\"name\":\"Instituto Ot\\u00e1vio Augusto encerra parceria com a Casa da Menina\"},\"previousItem\":{\"@type\":\"ListItem\",\"@id\":\"https:\\\/\\\/anoticiaonline.com.br\\\/site#listItem\",\"name\":\"Home\"}},{\"@type\":\"ListItem\",\"@id\":\"https:\\\/\\\/anoticiaonline.com.br\\\/site\\\/instituto-otavio-augusto-encerra-parceria-com-a-casa-da-menina\\\/#listItem\",\"position\":3,\"name\":\"Instituto Ot\\u00e1vio Augusto encerra parceria com a Casa da Menina\",\"previousItem\":{\"@type\":\"ListItem\",\"@id\":\"https:\\\/\\\/anoticiaonline.com.br\\\/site\\\/categoria\\\/muriae\\\/#listItem\",\"name\":\"Blog\"}}]},{\"@type\":\"Organization\",\"@id\":\"https:\\\/\\\/anoticiaonline.com.br\\\/site\\\/#organization\",\"name\":\"A Not\\u00edcia Online\",\"description\":\"Noticias de Muria\\u00e9 e regi\\u00e3o\",\"url\":\"https:\\\/\\\/anoticiaonline.com.br\\\/site\\\/\",\"logo\":{\"@type\":\"ImageObject\",\"url\":\"https:\\\/\\\/scontent-gig4-1.xx.fbcdn.net\\\/v\\\/t39.30808-1\\\/270437624_4564083193639691_6907940295614233970_n.jpg?stp=dst-jpg_s200x200_tt6&_nc_cat=111&ccb=1-7&_nc_sid=f907e8&_nc_ohc=SM1wRlP3lJwQ7kNvwEPuBYA&_nc_oc=AdnqrjDN_BNjSSHWO-GbkIWH6fkGMLw4bqvL_NH6e2wMveX7G-rP2dAqsDSq1mJMOaY&_nc_zt=24&_nc_ht=scontent-gig4-1.xx&_nc_gid=AoBFJeGrT1hVaew_6rchkQ&oh=00_AfX7QmFGhQhG2jAllVgXCiM1ZrWgvtp80-Bfppyexh1QEg&oe=689E923C\",\"@id\":\"https:\\\/\\\/anoticiaonline.com.br\\\/site\\\/instituto-otavio-augusto-encerra-parceria-com-a-casa-da-menina\\\/#organizationLogo\"},\"image\":{\"@id\":\"https:\\\/\\\/anoticiaonline.com.br\\\/site\\\/instituto-otavio-augusto-encerra-parceria-com-a-casa-da-menina\\\/#organizationLogo\"}},{\"@type\":\"Person\",\"@id\":\"https:\\\/\\\/anoticiaonline.com.br\\\/site\\\/author\\\/juliana\\\/#author\",\"url\":\"https:\\\/\\\/anoticiaonline.com.br\\\/site\\\/author\\\/juliana\\\/\",\"name\":\"Juliana Laviola\",\"image\":{\"@type\":\"ImageObject\",\"@id\":\"https:\\\/\\\/anoticiaonline.com.br\\\/site\\\/instituto-otavio-augusto-encerra-parceria-com-a-casa-da-menina\\\/#authorImage\",\"url\":\"https:\\\/\\\/secure.gravatar.com\\\/avatar\\\/b8d45f5c699b100dfaf0e543582f38f38bf94cb7ae3a5e9abf8d891a34773335?s=96&d=mm&r=g\",\"width\":96,\"height\":96,\"caption\":\"Juliana Laviola\"}},{\"@type\":\"WebPage\",\"@id\":\"https:\\\/\\\/anoticiaonline.com.br\\\/site\\\/instituto-otavio-augusto-encerra-parceria-com-a-casa-da-menina\\\/#webpage\",\"url\":\"https:\\\/\\\/anoticiaonline.com.br\\\/site\\\/instituto-otavio-augusto-encerra-parceria-com-a-casa-da-menina\\\/\",\"name\":\"Instituto Ot\\u00e1vio Augusto encerra parceria com a Casa da Menina - A Not\\u00edcia Online\",\"description\":\"O Instituto Ot\\u00e1vio Augusto (InOA), que assumiu a administra\\u00e7\\u00e3o da Casa da Menina em 2013, anuncia o encerramento da parceria com a entidade. Segundo nota divulgada na \\u00faltima quinta-feira (16), os trabalhos na institui\\u00e7\\u00e3o terminam no final deste m\\u00eas. H\\u00e1 aproximadamente quatro anos, ap\\u00f3s a antiga diretoria da Casa da Menina anunciar que a instititui\\u00e7\\u00e3o\",\"inLanguage\":\"pt-BR\",\"isPartOf\":{\"@id\":\"https:\\\/\\\/anoticiaonline.com.br\\\/site\\\/#website\"},\"breadcrumb\":{\"@id\":\"https:\\\/\\\/anoticiaonline.com.br\\\/site\\\/instituto-otavio-augusto-encerra-parceria-com-a-casa-da-menina\\\/#breadcrumblist\"},\"author\":{\"@id\":\"https:\\\/\\\/anoticiaonline.com.br\\\/site\\\/author\\\/juliana\\\/#author\"},\"creator\":{\"@id\":\"https:\\\/\\\/anoticiaonline.com.br\\\/site\\\/author\\\/juliana\\\/#author\"},\"image\":{\"@type\":\"ImageObject\",\"url\":\"https:\\\/\\\/anoticiaonline.com.br\\\/site\\\/wp-content\\\/uploads\\\/2017\\\/03\\\/Instituto-Ot\\u00e1vio-Augusto-encerra-parceria-com-a-Casa-da-Menina.jpg\",\"@id\":\"https:\\\/\\\/anoticiaonline.com.br\\\/site\\\/instituto-otavio-augusto-encerra-parceria-com-a-casa-da-menina\\\/#mainImage\",\"width\":640,\"height\":439},\"primaryImageOfPage\":{\"@id\":\"https:\\\/\\\/anoticiaonline.com.br\\\/site\\\/instituto-otavio-augusto-encerra-parceria-com-a-casa-da-menina\\\/#mainImage\"},\"datePublished\":\"2017-03-21T12:15:35-03:00\",\"dateModified\":\"2017-03-21T12:15:35-03:00\"},{\"@type\":\"WebSite\",\"@id\":\"https:\\\/\\\/anoticiaonline.com.br\\\/site\\\/#website\",\"url\":\"https:\\\/\\\/anoticiaonline.com.br\\\/site\\\/\",\"name\":\"A Not\\u00edcia Online\",\"description\":\"Noticias de Muria\\u00e9 e regi\\u00e3o\",\"inLanguage\":\"pt-BR\",\"publisher\":{\"@id\":\"https:\\\/\\\/anoticiaonline.com.br\\\/site\\\/#organization\"}}]}\n\t\t<\/script>\n\t\t<!-- All in One SEO -->\n\n","aioseo_head_json":{"title":"Instituto Ot\u00e1vio Augusto encerra parceria com a Casa da Menina - A Not\u00edcia Online","description":"O Instituto Ot\u00e1vio Augusto (InOA), que assumiu a administra\u00e7\u00e3o da Casa da Menina em 2013, anuncia o encerramento da parceria com a entidade. Segundo nota divulgada na \u00faltima quinta-feira (16), os trabalhos na institui\u00e7\u00e3o terminam no final deste m\u00eas. H\u00e1 aproximadamente quatro anos, ap\u00f3s a antiga diretoria da Casa da Menina anunciar que a instititui\u00e7\u00e3o","canonical_url":"https:\/\/anoticiaonline.com.br\/site\/instituto-otavio-augusto-encerra-parceria-com-a-casa-da-menina\/","robots":"max-image-preview:large","keywords":"","webmasterTools":{"miscellaneous":""},"schema":{"@context":"https:\/\/schema.org","@graph":[{"@type":"BlogPosting","@id":"https:\/\/anoticiaonline.com.br\/site\/instituto-otavio-augusto-encerra-parceria-com-a-casa-da-menina\/#blogposting","name":"Instituto Ot\u00e1vio Augusto encerra parceria com a Casa da Menina - A Not\u00edcia Online","headline":"Instituto Ot\u00e1vio Augusto encerra parceria com a Casa da Menina","author":{"@id":"https:\/\/anoticiaonline.com.br\/site\/author\/juliana\/#author"},"publisher":{"@id":"https:\/\/anoticiaonline.com.br\/site\/#organization"},"image":{"@type":"ImageObject","url":"https:\/\/anoticiaonline.com.br\/site\/wp-content\/uploads\/2017\/03\/Instituto-Ot\u00e1vio-Augusto-encerra-parceria-com-a-Casa-da-Menina.jpg","width":640,"height":439},"datePublished":"2017-03-21T12:15:35-03:00","dateModified":"2017-03-21T12:15:35-03:00","inLanguage":"pt-BR","mainEntityOfPage":{"@id":"https:\/\/anoticiaonline.com.br\/site\/instituto-otavio-augusto-encerra-parceria-com-a-casa-da-menina\/#webpage"},"isPartOf":{"@id":"https:\/\/anoticiaonline.com.br\/site\/instituto-otavio-augusto-encerra-parceria-com-a-casa-da-menina\/#webpage"},"articleSection":"Blog, slide"},{"@type":"BreadcrumbList","@id":"https:\/\/anoticiaonline.com.br\/site\/instituto-otavio-augusto-encerra-parceria-com-a-casa-da-menina\/#breadcrumblist","itemListElement":[{"@type":"ListItem","@id":"https:\/\/anoticiaonline.com.br\/site#listItem","position":1,"name":"Home","item":"https:\/\/anoticiaonline.com.br\/site","nextItem":{"@type":"ListItem","@id":"https:\/\/anoticiaonline.com.br\/site\/categoria\/muriae\/#listItem","name":"Blog"}},{"@type":"ListItem","@id":"https:\/\/anoticiaonline.com.br\/site\/categoria\/muriae\/#listItem","position":2,"name":"Blog","item":"https:\/\/anoticiaonline.com.br\/site\/categoria\/muriae\/","nextItem":{"@type":"ListItem","@id":"https:\/\/anoticiaonline.com.br\/site\/instituto-otavio-augusto-encerra-parceria-com-a-casa-da-menina\/#listItem","name":"Instituto Ot\u00e1vio Augusto encerra parceria com a Casa da Menina"},"previousItem":{"@type":"ListItem","@id":"https:\/\/anoticiaonline.com.br\/site#listItem","name":"Home"}},{"@type":"ListItem","@id":"https:\/\/anoticiaonline.com.br\/site\/instituto-otavio-augusto-encerra-parceria-com-a-casa-da-menina\/#listItem","position":3,"name":"Instituto Ot\u00e1vio Augusto encerra parceria com a Casa da Menina","previousItem":{"@type":"ListItem","@id":"https:\/\/anoticiaonline.com.br\/site\/categoria\/muriae\/#listItem","name":"Blog"}}]},{"@type":"Organization","@id":"https:\/\/anoticiaonline.com.br\/site\/#organization","name":"A Not\u00edcia Online","description":"Noticias de Muria\u00e9 e regi\u00e3o","url":"https:\/\/anoticiaonline.com.br\/site\/","logo":{"@type":"ImageObject","url":"https:\/\/scontent-gig4-1.xx.fbcdn.net\/v\/t39.30808-1\/270437624_4564083193639691_6907940295614233970_n.jpg?stp=dst-jpg_s200x200_tt6&_nc_cat=111&ccb=1-7&_nc_sid=f907e8&_nc_ohc=SM1wRlP3lJwQ7kNvwEPuBYA&_nc_oc=AdnqrjDN_BNjSSHWO-GbkIWH6fkGMLw4bqvL_NH6e2wMveX7G-rP2dAqsDSq1mJMOaY&_nc_zt=24&_nc_ht=scontent-gig4-1.xx&_nc_gid=AoBFJeGrT1hVaew_6rchkQ&oh=00_AfX7QmFGhQhG2jAllVgXCiM1ZrWgvtp80-Bfppyexh1QEg&oe=689E923C","@id":"https:\/\/anoticiaonline.com.br\/site\/instituto-otavio-augusto-encerra-parceria-com-a-casa-da-menina\/#organizationLogo"},"image":{"@id":"https:\/\/anoticiaonline.com.br\/site\/instituto-otavio-augusto-encerra-parceria-com-a-casa-da-menina\/#organizationLogo"}},{"@type":"Person","@id":"https:\/\/anoticiaonline.com.br\/site\/author\/juliana\/#author","url":"https:\/\/anoticiaonline.com.br\/site\/author\/juliana\/","name":"Juliana Laviola","image":{"@type":"ImageObject","@id":"https:\/\/anoticiaonline.com.br\/site\/instituto-otavio-augusto-encerra-parceria-com-a-casa-da-menina\/#authorImage","url":"https:\/\/secure.gravatar.com\/avatar\/b8d45f5c699b100dfaf0e543582f38f38bf94cb7ae3a5e9abf8d891a34773335?s=96&d=mm&r=g","width":96,"height":96,"caption":"Juliana Laviola"}},{"@type":"WebPage","@id":"https:\/\/anoticiaonline.com.br\/site\/instituto-otavio-augusto-encerra-parceria-com-a-casa-da-menina\/#webpage","url":"https:\/\/anoticiaonline.com.br\/site\/instituto-otavio-augusto-encerra-parceria-com-a-casa-da-menina\/","name":"Instituto Ot\u00e1vio Augusto encerra parceria com a Casa da Menina - A Not\u00edcia Online","description":"O Instituto Ot\u00e1vio Augusto (InOA), que assumiu a administra\u00e7\u00e3o da Casa da Menina em 2013, anuncia o encerramento da parceria com a entidade. Segundo nota divulgada na \u00faltima quinta-feira (16), os trabalhos na institui\u00e7\u00e3o terminam no final deste m\u00eas. H\u00e1 aproximadamente quatro anos, ap\u00f3s a antiga diretoria da Casa da Menina anunciar que a instititui\u00e7\u00e3o","inLanguage":"pt-BR","isPartOf":{"@id":"https:\/\/anoticiaonline.com.br\/site\/#website"},"breadcrumb":{"@id":"https:\/\/anoticiaonline.com.br\/site\/instituto-otavio-augusto-encerra-parceria-com-a-casa-da-menina\/#breadcrumblist"},"author":{"@id":"https:\/\/anoticiaonline.com.br\/site\/author\/juliana\/#author"},"creator":{"@id":"https:\/\/anoticiaonline.com.br\/site\/author\/juliana\/#author"},"image":{"@type":"ImageObject","url":"https:\/\/anoticiaonline.com.br\/site\/wp-content\/uploads\/2017\/03\/Instituto-Ot\u00e1vio-Augusto-encerra-parceria-com-a-Casa-da-Menina.jpg","@id":"https:\/\/anoticiaonline.com.br\/site\/instituto-otavio-augusto-encerra-parceria-com-a-casa-da-menina\/#mainImage","width":640,"height":439},"primaryImageOfPage":{"@id":"https:\/\/anoticiaonline.com.br\/site\/instituto-otavio-augusto-encerra-parceria-com-a-casa-da-menina\/#mainImage"},"datePublished":"2017-03-21T12:15:35-03:00","dateModified":"2017-03-21T12:15:35-03:00"},{"@type":"WebSite","@id":"https:\/\/anoticiaonline.com.br\/site\/#website","url":"https:\/\/anoticiaonline.com.br\/site\/","name":"A Not\u00edcia Online","description":"Noticias de Muria\u00e9 e regi\u00e3o","inLanguage":"pt-BR","publisher":{"@id":"https:\/\/anoticiaonline.com.br\/site\/#organization"}}]},"og:locale":"pt_BR","og:site_name":"A Not\u00edcia Online - Noticias de Muria\u00e9 e regi\u00e3o","og:type":"article","og:title":"Instituto Ot\u00e1vio Augusto encerra parceria com a Casa da Menina - A Not\u00edcia Online","og:description":"O Instituto Ot\u00e1vio Augusto (InOA), que assumiu a administra\u00e7\u00e3o da Casa da Menina em 2013, anuncia o encerramento da parceria com a entidade. Segundo nota divulgada na \u00faltima quinta-feira (16), os trabalhos na institui\u00e7\u00e3o terminam no final deste m\u00eas. H\u00e1 aproximadamente quatro anos, ap\u00f3s a antiga diretoria da Casa da Menina anunciar que a instititui\u00e7\u00e3o","og:url":"https:\/\/anoticiaonline.com.br\/site\/instituto-otavio-augusto-encerra-parceria-com-a-casa-da-menina\/","og:image":"https:\/\/scontent-gig4-1.xx.fbcdn.net\/v\/t39.30808-1\/270437624_4564083193639691_6907940295614233970_n.jpg?stp=dst-jpg_s200x200_tt6&#038;_nc_cat=111&#038;ccb=1-7&#038;_nc_sid=f907e8&#038;_nc_ohc=SM1wRlP3lJwQ7kNvwEPuBYA&#038;_nc_oc=AdnqrjDN_BNjSSHWO-GbkIWH6fkGMLw4bqvL_NH6e2wMveX7G-rP2dAqsDSq1mJMOaY&#038;_nc_zt=24&#038;_nc_ht=scontent-gig4-1.xx&#038;_nc_gid=AoBFJeGrT1hVaew_6rchkQ&#038;oh=00_AfX7QmFGhQhG2jAllVgXCiM1ZrWgvtp80-Bfppyexh1QEg&#038;oe=689E923C","og:image:secure_url":"https:\/\/scontent-gig4-1.xx.fbcdn.net\/v\/t39.30808-1\/270437624_4564083193639691_6907940295614233970_n.jpg?stp=dst-jpg_s200x200_tt6&#038;_nc_cat=111&#038;ccb=1-7&#038;_nc_sid=f907e8&#038;_nc_ohc=SM1wRlP3lJwQ7kNvwEPuBYA&#038;_nc_oc=AdnqrjDN_BNjSSHWO-GbkIWH6fkGMLw4bqvL_NH6e2wMveX7G-rP2dAqsDSq1mJMOaY&#038;_nc_zt=24&#038;_nc_ht=scontent-gig4-1.xx&#038;_nc_gid=AoBFJeGrT1hVaew_6rchkQ&#038;oh=00_AfX7QmFGhQhG2jAllVgXCiM1ZrWgvtp80-Bfppyexh1QEg&#038;oe=689E923C","article:published_time":"2017-03-21T15:15:35+00:00","article:modified_time":"2017-03-21T15:15:35+00:00","twitter:card":"summary_large_image","twitter:title":"Instituto Ot\u00e1vio Augusto encerra parceria com a Casa da Menina - A Not\u00edcia Online","twitter:description":"O Instituto Ot\u00e1vio Augusto (InOA), que assumiu a administra\u00e7\u00e3o da Casa da Menina em 2013, anuncia o encerramento da parceria com a entidade. Segundo nota divulgada na \u00faltima quinta-feira (16), os trabalhos na institui\u00e7\u00e3o terminam no final deste m\u00eas. H\u00e1 aproximadamente quatro anos, ap\u00f3s a antiga diretoria da Casa da Menina anunciar que a instititui\u00e7\u00e3o","twitter:image":"https:\/\/scontent-gig4-1.xx.fbcdn.net\/v\/t39.30808-1\/270437624_4564083193639691_6907940295614233970_n.jpg?stp=dst-jpg_s200x200_tt6&_nc_cat=111&ccb=1-7&_nc_sid=f907e8&_nc_ohc=SM1wRlP3lJwQ7kNvwEPuBYA&_nc_oc=AdnqrjDN_BNjSSHWO-GbkIWH6fkGMLw4bqvL_NH6e2wMveX7G-rP2dAqsDSq1mJMOaY&_nc_zt=24&_nc_ht=scontent-gig4-1.xx&_nc_gid=AoBFJeGrT1hVaew_6rchkQ&oh=00_AfX7QmFGhQhG2jAllVgXCiM1ZrWgvtp80-Bfppyexh1QEg&oe=689E923C"},"aioseo_meta_data":{"post_id":"26381","title":null,"description":null,"keywords":null,"keyphrases":null,"primary_term":null,"canonical_url":null,"og_title":null,"og_description":null,"og_object_type":"default","og_image_type":"default","og_image_url":null,"og_image_width":null,"og_image_height":null,"og_image_custom_url":null,"og_image_custom_fields":null,"og_video":null,"og_custom_url":null,"og_article_section":null,"og_article_tags":null,"twitter_use_og":false,"twitter_card":"default","twitter_image_type":"default","twitter_image_url":null,"twitter_image_custom_url":null,"twitter_image_custom_fields":null,"twitter_title":null,"twitter_description":null,"schema":{"blockGraphs":[],"customGraphs":[],"default":{"data":{"Article":[],"Course":[],"Dataset":[],"FAQPage":[],"Movie":[],"Person":[],"Product":[],"ProductReview":[],"Car":[],"Recipe":[],"Service":[],"SoftwareApplication":[],"WebPage":[]},"graphName":"","isEnabled":true},"graphs":[]},"schema_type":"default","schema_type_options":null,"pillar_content":false,"robots_default":true,"robots_noindex":false,"robots_noarchive":false,"robots_nosnippet":false,"robots_nofollow":false,"robots_noimageindex":false,"robots_noodp":false,"robots_notranslate":false,"robots_max_snippet":null,"robots_max_videopreview":null,"robots_max_imagepreview":"large","priority":null,"frequency":null,"local_seo":null,"breadcrumb_settings":null,"limit_modified_date":false,"ai":null,"created":"2025-08-16 17:59:34","updated":"2025-08-16 17:59:34","focus_keyword":null,"additional_keywords":null,"truseo_locale":null,"seo_analyzer_scan_date":null},"aioseo_breadcrumb":"<div class=\"aioseo-breadcrumbs\"><span class=\"aioseo-breadcrumb\">\n\t\t\t<a href=\"https:\/\/anoticiaonline.com.br\/site\" title=\"Home\">Home<\/a>\n\t\t<\/span><span class=\"aioseo-breadcrumb-separator\">&raquo;<\/span><span class=\"aioseo-breadcrumb\">\n\t\t\t<a href=\"https:\/\/anoticiaonline.com.br\/site\/categoria\/muriae\/\" title=\"Blog\">Blog<\/a>\n\t\t<\/span><span class=\"aioseo-breadcrumb-separator\">&raquo;<\/span><span class=\"aioseo-breadcrumb\">\n\t\t\tInstituto Ot\u00e1vio Augusto encerra parceria com a Casa da Menina\n\t\t<\/span><\/div>","aioseo_breadcrumb_json":[{"label":"Home","link":"https:\/\/anoticiaonline.com.br\/site"},{"label":"Blog","link":"https:\/\/anoticiaonline.com.br\/site\/categoria\/muriae\/"},{"label":"Instituto Ot\u00e1vio Augusto encerra parceria com a Casa da Menina","link":"https:\/\/anoticiaonline.com.br\/site\/instituto-otavio-augusto-encerra-parceria-com-a-casa-da-menina\/"}],"views":143,"_links":{"self":[{"href":"https:\/\/anoticiaonline.com.br\/site\/wp-json\/wp\/v2\/posts\/26381","targetHints":{"allow":["GET"]}}],"collection":[{"href":"https:\/\/anoticiaonline.com.br\/site\/wp-json\/wp\/v2\/posts"}],"about":[{"href":"https:\/\/anoticiaonline.com.br\/site\/wp-json\/wp\/v2\/types\/post"}],"author":[{"embeddable":true,"href":"https:\/\/anoticiaonline.com.br\/site\/wp-json\/wp\/v2\/users\/2"}],"replies":[{"embeddable":true,"href":"https:\/\/anoticiaonline.com.br\/site\/wp-json\/wp\/v2\/comments?post=26381"}],"version-history":[{"count":0,"href":"https:\/\/anoticiaonline.com.br\/site\/wp-json\/wp\/v2\/posts\/26381\/revisions"}],"wp:featuredmedia":[{"embeddable":true,"href":"https:\/\/anoticiaonline.com.br\/site\/wp-json\/wp\/v2\/media\/26382"}],"wp:attachment":[{"href":"https:\/\/anoticiaonline.com.br\/site\/wp-json\/wp\/v2\/media?parent=26381"}],"wp:term":[{"taxonomy":"category","embeddable":true,"href":"https:\/\/anoticiaonline.com.br\/site\/wp-json\/wp\/v2\/categories?post=26381"},{"taxonomy":"post_tag","embeddable":true,"href":"https:\/\/anoticiaonline.com.br\/site\/wp-json\/wp\/v2\/tags?post=26381"}],"curies":[{"name":"wp","href":"https:\/\/api.w.org\/{rel}","templated":true}]}}