{"id":26365,"date":"2017-03-20T09:43:16","date_gmt":"2017-03-20T12:43:16","guid":{"rendered":"http:\/\/anoticiaonline.com.br\/site\/?p=26365"},"modified":"2017-03-20T09:43:16","modified_gmt":"2017-03-20T12:43:16","slug":"o-livro-dos-espiritos","status":"publish","type":"post","link":"https:\/\/anoticiaonline.com.br\/site\/o-livro-dos-espiritos\/","title":{"rendered":"O Livro dos Esp\u00edritos"},"content":{"rendered":"<p><strong>O Espiritismo faz o homem compreender quem \u00e9, de onde veio e para onde vai<\/strong><\/p>\n<p><em>\u201cO Pentateuco Kardequiano, consubstanciado na Codifica\u00e7\u00e3o Esp\u00edrita constitui-se o Farol Divino que far\u00e1 a humanidade alcandorar-se aos cimos gloriosos da emancipa\u00e7\u00e3o espiritual\u201d &#8211; Fran\u00e7ois C. Liran<\/em><\/p>\n<p>Surge mais um m\u00eas de abril no calend\u00e1rio terrestre e isso nos remete a uma efem\u00e9ride muito importante para a humanidade: Dezoito de Abril!&#8230;\u00a0 Mais um anivers\u00e1rio de \u201cO Livro dos Esp\u00edritos\u201d, que outra coisa n\u00e3o \u00e9 sen\u00e3o a \u201ccoluna dorsal\u201d do Espiritismo.<\/p>\n<p>Nele est\u00e3o contidos os princ\u00edpios fundamentais do Espiritismo tal como foram transmitidos pelos Esp\u00edritos Superiores a Allan Kardec, atrav\u00e9s do concurso de v\u00e1rios m\u00e9diuns em instru\u00e7\u00f5es que chegavam de aproximadamente mil centros esp\u00edritas espalhados pelo mundo.<\/p>\n<p>Seu conte\u00fado \u00e9 apresentado em quatro partes, a saber:<\/p>\n<p>1\u00aa parte: Das Causas Prim\u00e1rias;<\/p>\n<p>2\u00aa parte: Do Mundo Esp\u00edrita ou Mundo dos Esp\u00edritos;<\/p>\n<p>3\u00aa parte: Das Leis Morais;<\/p>\n<p>4\u00aa parte: Das Esperan\u00e7as e Consola\u00e7\u00f5es.<\/p>\n<p>Dentre os muitos assuntos que aborda, todos \u2013 evidentemente \u2013 do maior interesse, podemos destacar: As Provas da Exist\u00eancia de Deus; Esp\u00edrito e Mat\u00e9ria; Forma\u00e7\u00e3o dos Mundos; Povoamento da Terra; Pluralidade das Exist\u00eancias; Objetivos da Reencarna\u00e7\u00e3o; Pluralidade dos Mundos Habitados; Origem e Natureza dos Esp\u00edritos; Perisp\u00edrito; Sexo dos Esp\u00edritos; Aborto; Sono e Sonhos; Influ\u00eancia dos Esp\u00edritos nos acontecimentos da vida; Pressentimentos; Esp\u00edritos Protetores, etc&#8230;<\/p>\n<p>Na parte relativa \u00e0s Leis Morais, os temas versam sobre o bem e o mal, a prece, a necessidade do trabalho, casamento, celibato, necess\u00e1rio e sup\u00e9rfluo, pena de morte, influ\u00eancia do Espiritismo no progresso da humanidade, desigualdades sociais, igualdade dos direitos do homem e da mulher, livre-arb\u00edtrio e conhecimento de si mesmo.<\/p>\n<p>Na \u00faltima parte, refere-se aos temas que giram em torno da perda de entes queridos, temor da morte, suic\u00eddio, natureza das penas e gozos futuros, Para\u00edso, Inferno e Purgat\u00f3rio.<\/p>\n<p>\u00c9 um livro que abre perspectivas ao homem, pela interpreta\u00e7\u00e3o que d\u00e1 dos diversos aspectos da vida, sob o prisma das Leis Divinas, da exist\u00eancia e sobreviv\u00eancia dos Esp\u00edritos e sua evolu\u00e7\u00e3o natural e permanente, atrav\u00e9s das reencarna\u00e7\u00f5es sucessivas.<\/p>\n<p>Seus ensinamentos conduzem o homem atual \u00e0 redescoberta de si mesmo no campo do Esp\u00edrito, fornecendo-lhe recursos para que compreenda, sem mist\u00e9rio, quem \u00e9, de onde veio e para onde vai&#8230;<\/p>\n<p>Enquanto \u201cO Livro dos Esp\u00edritos\u201d apresenta a filosofia esp\u00edrita, e \u201cO Livro dos M\u00e9diuns\u201d a ci\u00eancia esp\u00edrita, \u201cO Evangelho Segundo o Espiritismo\u201d oferece a base e o roteiro da Religi\u00e3o Esp\u00edrita.<\/p>\n<p>O Espiritismo s\u00f3 tem o materialismo por advers\u00e1rio s\u00e9rio, a quem d\u00e1 ferrenho combate.\u00a0\u00a0 Mas, uma outra chaga da humanidade encontra tamb\u00e9m feliz equacionamento no Espiritismo: \u00e9 o ego\u00edsmo, pai de todos os v\u00edcios, que grassa infrene em todas as partes do organismo social.<\/p>\n<p>Ensina um Esp\u00edrito Benfeitor: \u201c(&#8230;) pode-se exigir do homem, em nome de princ\u00edpios pol\u00edticos ou de direitos econ\u00f4micos, que ele renuncie ao seu ego\u00edsmo, ao seu amor pr\u00f3prio, ao seu \u00e1spero agarramento aos bens materiais?<\/p>\n<p>Para colocar um freio \u00e0s paix\u00f5es violentas, \u00e0s cobi\u00e7as furiosas, a todos os baixos instintos que tolhem o progresso social, \u00e9 preciso apelar para a intelig\u00eancia e a raz\u00e3o; necess\u00e1rio, sobretudo, falar ao cora\u00e7\u00e3o do homem, ensin\u00e1-lo a reconhecer a finalidade da vida, seus resultados, suas consequ\u00eancias, suas responsabilidades, suas san\u00e7\u00f5es.\u00a0\u00a0 Enquanto o homem ignorar o alcance de seus atos e sua repercuss\u00e3o sobre o seu destino, n\u00e3o haver\u00e1 melhoria dur\u00e1vel na sorte da humanidade.<\/p>\n<p>O problema social \u00e9, acima de tudo, um problema notoriamente moral. O homem ser\u00e1 desgra\u00e7ado enquanto for mau. \u00c9 exatamente neste ponto que o Espiritismo se torna superior, ensinando a transforma\u00e7\u00e3o social pela base, isto \u00e9, pela erradica\u00e7\u00e3o do mal na personalidade, na individualidade humana para que o coletivo seja harm\u00f4nico no contexto universalista da fraternidade\u201d.<\/p>\n","protected":false},"excerpt":{"rendered":"<p>O Espiritismo faz o homem compreender quem \u00e9, de onde veio e para onde vai \u201cO Pentateuco Kardequiano, consubstanciado na Codifica\u00e7\u00e3o Esp\u00edrita constitui-se o Farol Divino que far\u00e1 a humanidade alcandorar-se aos cimos gloriosos da emancipa\u00e7\u00e3o espiritual\u201d &#8211; Fran\u00e7ois C. Liran Surge mais um m\u00eas de abril no calend\u00e1rio terrestre e isso nos remete a &#8230; <a title=\"O Livro dos Esp\u00edritos\" class=\"read-more\" href=\"https:\/\/anoticiaonline.com.br\/site\/o-livro-dos-espiritos\/\" aria-label=\"Read more about O Livro dos Esp\u00edritos\">Ler mais<\/a><\/p>\n","protected":false},"author":2,"featured_media":0,"comment_status":"open","ping_status":"open","sticky":false,"template":"","format":"standard","meta":{"_acf_changed":false,"_monsterinsights_skip_tracking":false,"footnotes":""},"categories":[44],"tags":[],"class_list":["post-26365","post","type-post","status-publish","format-standard","hentry","category-espiritismo-em-foco-de-rogerio-coelho"],"acf":[],"aioseo_notices":[],"aioseo_head":"\n\t\t<!-- All in One SEO 5.0.0.1 - aioseo.com -->\n\t<meta name=\"description\" content=\"O Espiritismo faz o homem compreender quem \u00e9, de onde veio e para onde vai \u201cO Pentateuco Kardequiano, consubstanciado na Codifica\u00e7\u00e3o Esp\u00edrita constitui-se o Farol Divino que far\u00e1 a humanidade alcandorar-se aos cimos gloriosos da emancipa\u00e7\u00e3o espiritual\u201d - Fran\u00e7ois C. Liran Surge mais um m\u00eas de abril no calend\u00e1rio terrestre e isso nos remete a\" \/>\n\t<meta name=\"robots\" content=\"max-image-preview:large\" \/>\n\t<meta name=\"author\" content=\"Juliana Laviola\"\/>\n\t<link rel=\"canonical\" href=\"https:\/\/anoticiaonline.com.br\/site\/o-livro-dos-espiritos\/\" \/>\n\t<meta name=\"generator\" content=\"All in One SEO (AIOSEO) 5.0.0.1\" \/>\n\t\t<meta property=\"og:locale\" content=\"pt_BR\" \/>\n\t\t<meta property=\"og:site_name\" content=\"A Not\u00edcia Online - Noticias de Muria\u00e9 e regi\u00e3o\" \/>\n\t\t<meta property=\"og:type\" content=\"article\" \/>\n\t\t<meta property=\"og:title\" content=\"O Livro dos Esp\u00edritos - A Not\u00edcia Online\" \/>\n\t\t<meta property=\"og:description\" content=\"O Espiritismo faz o homem compreender quem \u00e9, de onde veio e para onde vai \u201cO Pentateuco Kardequiano, consubstanciado na Codifica\u00e7\u00e3o Esp\u00edrita constitui-se o Farol Divino que far\u00e1 a humanidade alcandorar-se aos cimos gloriosos da emancipa\u00e7\u00e3o espiritual\u201d - Fran\u00e7ois C. Liran Surge mais um m\u00eas de abril no calend\u00e1rio terrestre e isso nos remete a\" \/>\n\t\t<meta property=\"og:url\" content=\"https:\/\/anoticiaonline.com.br\/site\/o-livro-dos-espiritos\/\" \/>\n\t\t<meta property=\"og:image\" content=\"https:\/\/scontent-gig4-1.xx.fbcdn.net\/v\/t39.30808-1\/270437624_4564083193639691_6907940295614233970_n.jpg?stp=dst-jpg_s200x200_tt6&#038;_nc_cat=111&#038;ccb=1-7&#038;_nc_sid=f907e8&#038;_nc_ohc=SM1wRlP3lJwQ7kNvwEPuBYA&#038;_nc_oc=AdnqrjDN_BNjSSHWO-GbkIWH6fkGMLw4bqvL_NH6e2wMveX7G-rP2dAqsDSq1mJMOaY&#038;_nc_zt=24&#038;_nc_ht=scontent-gig4-1.xx&#038;_nc_gid=AoBFJeGrT1hVaew_6rchkQ&#038;oh=00_AfX7QmFGhQhG2jAllVgXCiM1ZrWgvtp80-Bfppyexh1QEg&#038;oe=689E923C\" \/>\n\t\t<meta property=\"og:image:secure_url\" content=\"https:\/\/scontent-gig4-1.xx.fbcdn.net\/v\/t39.30808-1\/270437624_4564083193639691_6907940295614233970_n.jpg?stp=dst-jpg_s200x200_tt6&#038;_nc_cat=111&#038;ccb=1-7&#038;_nc_sid=f907e8&#038;_nc_ohc=SM1wRlP3lJwQ7kNvwEPuBYA&#038;_nc_oc=AdnqrjDN_BNjSSHWO-GbkIWH6fkGMLw4bqvL_NH6e2wMveX7G-rP2dAqsDSq1mJMOaY&#038;_nc_zt=24&#038;_nc_ht=scontent-gig4-1.xx&#038;_nc_gid=AoBFJeGrT1hVaew_6rchkQ&#038;oh=00_AfX7QmFGhQhG2jAllVgXCiM1ZrWgvtp80-Bfppyexh1QEg&#038;oe=689E923C\" \/>\n\t\t<meta property=\"article:published_time\" content=\"2017-03-20T12:43:16+00:00\" \/>\n\t\t<meta property=\"article:modified_time\" content=\"2017-03-20T12:43:16+00:00\" \/>\n\t\t<meta name=\"twitter:card\" content=\"summary_large_image\" \/>\n\t\t<meta name=\"twitter:title\" content=\"O Livro dos Esp\u00edritos - A Not\u00edcia Online\" \/>\n\t\t<meta name=\"twitter:description\" content=\"O Espiritismo faz o homem compreender quem \u00e9, de onde veio e para onde vai \u201cO Pentateuco Kardequiano, consubstanciado na Codifica\u00e7\u00e3o Esp\u00edrita constitui-se o Farol Divino que far\u00e1 a humanidade alcandorar-se aos cimos gloriosos da emancipa\u00e7\u00e3o espiritual\u201d - Fran\u00e7ois C. Liran Surge mais um m\u00eas de abril no calend\u00e1rio terrestre e isso nos remete a\" \/>\n\t\t<meta name=\"twitter:image\" content=\"https:\/\/scontent-gig4-1.xx.fbcdn.net\/v\/t39.30808-1\/270437624_4564083193639691_6907940295614233970_n.jpg?stp=dst-jpg_s200x200_tt6&amp;_nc_cat=111&amp;ccb=1-7&amp;_nc_sid=f907e8&amp;_nc_ohc=SM1wRlP3lJwQ7kNvwEPuBYA&amp;_nc_oc=AdnqrjDN_BNjSSHWO-GbkIWH6fkGMLw4bqvL_NH6e2wMveX7G-rP2dAqsDSq1mJMOaY&amp;_nc_zt=24&amp;_nc_ht=scontent-gig4-1.xx&amp;_nc_gid=AoBFJeGrT1hVaew_6rchkQ&amp;oh=00_AfX7QmFGhQhG2jAllVgXCiM1ZrWgvtp80-Bfppyexh1QEg&amp;oe=689E923C\" \/>\n\t\t<script type=\"application\/ld+json\" class=\"aioseo-schema\">\n\t\t\t{\"@context\":\"https:\\\/\\\/schema.org\",\"@graph\":[{\"@type\":\"BlogPosting\",\"@id\":\"https:\\\/\\\/anoticiaonline.com.br\\\/site\\\/o-livro-dos-espiritos\\\/#blogposting\",\"name\":\"O Livro dos Esp\\u00edritos - A Not\\u00edcia Online\",\"headline\":\"O Livro dos Esp\\u00edritos\",\"author\":{\"@id\":\"https:\\\/\\\/anoticiaonline.com.br\\\/site\\\/author\\\/juliana\\\/#author\"},\"publisher\":{\"@id\":\"https:\\\/\\\/anoticiaonline.com.br\\\/site\\\/#organization\"},\"image\":{\"@type\":\"ImageObject\",\"url\":\"https:\\\/\\\/scontent-gig4-1.xx.fbcdn.net\\\/v\\\/t39.30808-1\\\/270437624_4564083193639691_6907940295614233970_n.jpg?stp=dst-jpg_s200x200_tt6&_nc_cat=111&ccb=1-7&_nc_sid=f907e8&_nc_ohc=SM1wRlP3lJwQ7kNvwEPuBYA&_nc_oc=AdnqrjDN_BNjSSHWO-GbkIWH6fkGMLw4bqvL_NH6e2wMveX7G-rP2dAqsDSq1mJMOaY&_nc_zt=24&_nc_ht=scontent-gig4-1.xx&_nc_gid=AoBFJeGrT1hVaew_6rchkQ&oh=00_AfX7QmFGhQhG2jAllVgXCiM1ZrWgvtp80-Bfppyexh1QEg&oe=689E923C\",\"@id\":\"https:\\\/\\\/anoticiaonline.com.br\\\/site\\\/#articleImage\"},\"datePublished\":\"2017-03-20T09:43:16-03:00\",\"dateModified\":\"2017-03-20T09:43:16-03:00\",\"inLanguage\":\"pt-BR\",\"mainEntityOfPage\":{\"@id\":\"https:\\\/\\\/anoticiaonline.com.br\\\/site\\\/o-livro-dos-espiritos\\\/#webpage\"},\"isPartOf\":{\"@id\":\"https:\\\/\\\/anoticiaonline.com.br\\\/site\\\/o-livro-dos-espiritos\\\/#webpage\"},\"articleSection\":\"Espiritismo em Foco, por Rog\\u00e9rio Coelho\"},{\"@type\":\"BreadcrumbList\",\"@id\":\"https:\\\/\\\/anoticiaonline.com.br\\\/site\\\/o-livro-dos-espiritos\\\/#breadcrumblist\",\"itemListElement\":[{\"@type\":\"ListItem\",\"@id\":\"https:\\\/\\\/anoticiaonline.com.br\\\/site#listItem\",\"position\":1,\"name\":\"Home\",\"item\":\"https:\\\/\\\/anoticiaonline.com.br\\\/site\",\"nextItem\":{\"@type\":\"ListItem\",\"@id\":\"https:\\\/\\\/anoticiaonline.com.br\\\/site\\\/categoria\\\/colunistas\\\/#listItem\",\"name\":\"Colunistas\"}},{\"@type\":\"ListItem\",\"@id\":\"https:\\\/\\\/anoticiaonline.com.br\\\/site\\\/categoria\\\/colunistas\\\/#listItem\",\"position\":2,\"name\":\"Colunistas\",\"item\":\"https:\\\/\\\/anoticiaonline.com.br\\\/site\\\/categoria\\\/colunistas\\\/\",\"nextItem\":{\"@type\":\"ListItem\",\"@id\":\"https:\\\/\\\/anoticiaonline.com.br\\\/site\\\/categoria\\\/colunistas\\\/espiritismo-em-foco-de-rogerio-coelho\\\/#listItem\",\"name\":\"Espiritismo em Foco, por Rog\\u00e9rio Coelho\"},\"previousItem\":{\"@type\":\"ListItem\",\"@id\":\"https:\\\/\\\/anoticiaonline.com.br\\\/site#listItem\",\"name\":\"Home\"}},{\"@type\":\"ListItem\",\"@id\":\"https:\\\/\\\/anoticiaonline.com.br\\\/site\\\/categoria\\\/colunistas\\\/espiritismo-em-foco-de-rogerio-coelho\\\/#listItem\",\"position\":3,\"name\":\"Espiritismo em Foco, por Rog\\u00e9rio Coelho\",\"item\":\"https:\\\/\\\/anoticiaonline.com.br\\\/site\\\/categoria\\\/colunistas\\\/espiritismo-em-foco-de-rogerio-coelho\\\/\",\"nextItem\":{\"@type\":\"ListItem\",\"@id\":\"https:\\\/\\\/anoticiaonline.com.br\\\/site\\\/o-livro-dos-espiritos\\\/#listItem\",\"name\":\"O Livro dos Esp\\u00edritos\"},\"previousItem\":{\"@type\":\"ListItem\",\"@id\":\"https:\\\/\\\/anoticiaonline.com.br\\\/site\\\/categoria\\\/colunistas\\\/#listItem\",\"name\":\"Colunistas\"}},{\"@type\":\"ListItem\",\"@id\":\"https:\\\/\\\/anoticiaonline.com.br\\\/site\\\/o-livro-dos-espiritos\\\/#listItem\",\"position\":4,\"name\":\"O Livro dos Esp\\u00edritos\",\"previousItem\":{\"@type\":\"ListItem\",\"@id\":\"https:\\\/\\\/anoticiaonline.com.br\\\/site\\\/categoria\\\/colunistas\\\/espiritismo-em-foco-de-rogerio-coelho\\\/#listItem\",\"name\":\"Espiritismo em Foco, por Rog\\u00e9rio Coelho\"}}]},{\"@type\":\"Organization\",\"@id\":\"https:\\\/\\\/anoticiaonline.com.br\\\/site\\\/#organization\",\"name\":\"A Not\\u00edcia Online\",\"description\":\"Noticias de Muria\\u00e9 e regi\\u00e3o\",\"url\":\"https:\\\/\\\/anoticiaonline.com.br\\\/site\\\/\",\"logo\":{\"@type\":\"ImageObject\",\"url\":\"https:\\\/\\\/scontent-gig4-1.xx.fbcdn.net\\\/v\\\/t39.30808-1\\\/270437624_4564083193639691_6907940295614233970_n.jpg?stp=dst-jpg_s200x200_tt6&_nc_cat=111&ccb=1-7&_nc_sid=f907e8&_nc_ohc=SM1wRlP3lJwQ7kNvwEPuBYA&_nc_oc=AdnqrjDN_BNjSSHWO-GbkIWH6fkGMLw4bqvL_NH6e2wMveX7G-rP2dAqsDSq1mJMOaY&_nc_zt=24&_nc_ht=scontent-gig4-1.xx&_nc_gid=AoBFJeGrT1hVaew_6rchkQ&oh=00_AfX7QmFGhQhG2jAllVgXCiM1ZrWgvtp80-Bfppyexh1QEg&oe=689E923C\",\"@id\":\"https:\\\/\\\/anoticiaonline.com.br\\\/site\\\/o-livro-dos-espiritos\\\/#organizationLogo\"},\"image\":{\"@id\":\"https:\\\/\\\/anoticiaonline.com.br\\\/site\\\/o-livro-dos-espiritos\\\/#organizationLogo\"}},{\"@type\":\"Person\",\"@id\":\"https:\\\/\\\/anoticiaonline.com.br\\\/site\\\/author\\\/juliana\\\/#author\",\"url\":\"https:\\\/\\\/anoticiaonline.com.br\\\/site\\\/author\\\/juliana\\\/\",\"name\":\"Juliana Laviola\",\"image\":{\"@type\":\"ImageObject\",\"@id\":\"https:\\\/\\\/anoticiaonline.com.br\\\/site\\\/o-livro-dos-espiritos\\\/#authorImage\",\"url\":\"https:\\\/\\\/secure.gravatar.com\\\/avatar\\\/b8d45f5c699b100dfaf0e543582f38f38bf94cb7ae3a5e9abf8d891a34773335?s=96&d=mm&r=g\",\"width\":96,\"height\":96,\"caption\":\"Juliana Laviola\"}},{\"@type\":\"WebPage\",\"@id\":\"https:\\\/\\\/anoticiaonline.com.br\\\/site\\\/o-livro-dos-espiritos\\\/#webpage\",\"url\":\"https:\\\/\\\/anoticiaonline.com.br\\\/site\\\/o-livro-dos-espiritos\\\/\",\"name\":\"O Livro dos Esp\\u00edritos - A Not\\u00edcia Online\",\"description\":\"O Espiritismo faz o homem compreender quem \\u00e9, de onde veio e para onde vai \\u201cO Pentateuco Kardequiano, consubstanciado na Codifica\\u00e7\\u00e3o Esp\\u00edrita constitui-se o Farol Divino que far\\u00e1 a humanidade alcandorar-se aos cimos gloriosos da emancipa\\u00e7\\u00e3o espiritual\\u201d - Fran\\u00e7ois C. Liran Surge mais um m\\u00eas de abril no calend\\u00e1rio terrestre e isso nos remete a\",\"inLanguage\":\"pt-BR\",\"isPartOf\":{\"@id\":\"https:\\\/\\\/anoticiaonline.com.br\\\/site\\\/#website\"},\"breadcrumb\":{\"@id\":\"https:\\\/\\\/anoticiaonline.com.br\\\/site\\\/o-livro-dos-espiritos\\\/#breadcrumblist\"},\"author\":{\"@id\":\"https:\\\/\\\/anoticiaonline.com.br\\\/site\\\/author\\\/juliana\\\/#author\"},\"creator\":{\"@id\":\"https:\\\/\\\/anoticiaonline.com.br\\\/site\\\/author\\\/juliana\\\/#author\"},\"datePublished\":\"2017-03-20T09:43:16-03:00\",\"dateModified\":\"2017-03-20T09:43:16-03:00\"},{\"@type\":\"WebSite\",\"@id\":\"https:\\\/\\\/anoticiaonline.com.br\\\/site\\\/#website\",\"url\":\"https:\\\/\\\/anoticiaonline.com.br\\\/site\\\/\",\"name\":\"A Not\\u00edcia Online\",\"description\":\"Noticias de Muria\\u00e9 e regi\\u00e3o\",\"inLanguage\":\"pt-BR\",\"publisher\":{\"@id\":\"https:\\\/\\\/anoticiaonline.com.br\\\/site\\\/#organization\"}}]}\n\t\t<\/script>\n\t\t<!-- All in One SEO -->\n\n","aioseo_head_json":{"title":"O Livro dos Esp\u00edritos - A Not\u00edcia Online","description":"O Espiritismo faz o homem compreender quem \u00e9, de onde veio e para onde vai \u201cO Pentateuco Kardequiano, consubstanciado na Codifica\u00e7\u00e3o Esp\u00edrita constitui-se o Farol Divino que far\u00e1 a humanidade alcandorar-se aos cimos gloriosos da emancipa\u00e7\u00e3o espiritual\u201d - Fran\u00e7ois C. Liran Surge mais um m\u00eas de abril no calend\u00e1rio terrestre e isso nos remete a","canonical_url":"https:\/\/anoticiaonline.com.br\/site\/o-livro-dos-espiritos\/","robots":"max-image-preview:large","keywords":"","webmasterTools":{"miscellaneous":""},"schema":{"@context":"https:\/\/schema.org","@graph":[{"@type":"BlogPosting","@id":"https:\/\/anoticiaonline.com.br\/site\/o-livro-dos-espiritos\/#blogposting","name":"O Livro dos Esp\u00edritos - A Not\u00edcia Online","headline":"O Livro dos Esp\u00edritos","author":{"@id":"https:\/\/anoticiaonline.com.br\/site\/author\/juliana\/#author"},"publisher":{"@id":"https:\/\/anoticiaonline.com.br\/site\/#organization"},"image":{"@type":"ImageObject","url":"https:\/\/scontent-gig4-1.xx.fbcdn.net\/v\/t39.30808-1\/270437624_4564083193639691_6907940295614233970_n.jpg?stp=dst-jpg_s200x200_tt6&_nc_cat=111&ccb=1-7&_nc_sid=f907e8&_nc_ohc=SM1wRlP3lJwQ7kNvwEPuBYA&_nc_oc=AdnqrjDN_BNjSSHWO-GbkIWH6fkGMLw4bqvL_NH6e2wMveX7G-rP2dAqsDSq1mJMOaY&_nc_zt=24&_nc_ht=scontent-gig4-1.xx&_nc_gid=AoBFJeGrT1hVaew_6rchkQ&oh=00_AfX7QmFGhQhG2jAllVgXCiM1ZrWgvtp80-Bfppyexh1QEg&oe=689E923C","@id":"https:\/\/anoticiaonline.com.br\/site\/#articleImage"},"datePublished":"2017-03-20T09:43:16-03:00","dateModified":"2017-03-20T09:43:16-03:00","inLanguage":"pt-BR","mainEntityOfPage":{"@id":"https:\/\/anoticiaonline.com.br\/site\/o-livro-dos-espiritos\/#webpage"},"isPartOf":{"@id":"https:\/\/anoticiaonline.com.br\/site\/o-livro-dos-espiritos\/#webpage"},"articleSection":"Espiritismo em Foco, por Rog\u00e9rio Coelho"},{"@type":"BreadcrumbList","@id":"https:\/\/anoticiaonline.com.br\/site\/o-livro-dos-espiritos\/#breadcrumblist","itemListElement":[{"@type":"ListItem","@id":"https:\/\/anoticiaonline.com.br\/site#listItem","position":1,"name":"Home","item":"https:\/\/anoticiaonline.com.br\/site","nextItem":{"@type":"ListItem","@id":"https:\/\/anoticiaonline.com.br\/site\/categoria\/colunistas\/#listItem","name":"Colunistas"}},{"@type":"ListItem","@id":"https:\/\/anoticiaonline.com.br\/site\/categoria\/colunistas\/#listItem","position":2,"name":"Colunistas","item":"https:\/\/anoticiaonline.com.br\/site\/categoria\/colunistas\/","nextItem":{"@type":"ListItem","@id":"https:\/\/anoticiaonline.com.br\/site\/categoria\/colunistas\/espiritismo-em-foco-de-rogerio-coelho\/#listItem","name":"Espiritismo em Foco, por Rog\u00e9rio Coelho"},"previousItem":{"@type":"ListItem","@id":"https:\/\/anoticiaonline.com.br\/site#listItem","name":"Home"}},{"@type":"ListItem","@id":"https:\/\/anoticiaonline.com.br\/site\/categoria\/colunistas\/espiritismo-em-foco-de-rogerio-coelho\/#listItem","position":3,"name":"Espiritismo em Foco, por Rog\u00e9rio Coelho","item":"https:\/\/anoticiaonline.com.br\/site\/categoria\/colunistas\/espiritismo-em-foco-de-rogerio-coelho\/","nextItem":{"@type":"ListItem","@id":"https:\/\/anoticiaonline.com.br\/site\/o-livro-dos-espiritos\/#listItem","name":"O Livro dos Esp\u00edritos"},"previousItem":{"@type":"ListItem","@id":"https:\/\/anoticiaonline.com.br\/site\/categoria\/colunistas\/#listItem","name":"Colunistas"}},{"@type":"ListItem","@id":"https:\/\/anoticiaonline.com.br\/site\/o-livro-dos-espiritos\/#listItem","position":4,"name":"O Livro dos Esp\u00edritos","previousItem":{"@type":"ListItem","@id":"https:\/\/anoticiaonline.com.br\/site\/categoria\/colunistas\/espiritismo-em-foco-de-rogerio-coelho\/#listItem","name":"Espiritismo em Foco, por Rog\u00e9rio Coelho"}}]},{"@type":"Organization","@id":"https:\/\/anoticiaonline.com.br\/site\/#organization","name":"A Not\u00edcia Online","description":"Noticias de Muria\u00e9 e regi\u00e3o","url":"https:\/\/anoticiaonline.com.br\/site\/","logo":{"@type":"ImageObject","url":"https:\/\/scontent-gig4-1.xx.fbcdn.net\/v\/t39.30808-1\/270437624_4564083193639691_6907940295614233970_n.jpg?stp=dst-jpg_s200x200_tt6&_nc_cat=111&ccb=1-7&_nc_sid=f907e8&_nc_ohc=SM1wRlP3lJwQ7kNvwEPuBYA&_nc_oc=AdnqrjDN_BNjSSHWO-GbkIWH6fkGMLw4bqvL_NH6e2wMveX7G-rP2dAqsDSq1mJMOaY&_nc_zt=24&_nc_ht=scontent-gig4-1.xx&_nc_gid=AoBFJeGrT1hVaew_6rchkQ&oh=00_AfX7QmFGhQhG2jAllVgXCiM1ZrWgvtp80-Bfppyexh1QEg&oe=689E923C","@id":"https:\/\/anoticiaonline.com.br\/site\/o-livro-dos-espiritos\/#organizationLogo"},"image":{"@id":"https:\/\/anoticiaonline.com.br\/site\/o-livro-dos-espiritos\/#organizationLogo"}},{"@type":"Person","@id":"https:\/\/anoticiaonline.com.br\/site\/author\/juliana\/#author","url":"https:\/\/anoticiaonline.com.br\/site\/author\/juliana\/","name":"Juliana Laviola","image":{"@type":"ImageObject","@id":"https:\/\/anoticiaonline.com.br\/site\/o-livro-dos-espiritos\/#authorImage","url":"https:\/\/secure.gravatar.com\/avatar\/b8d45f5c699b100dfaf0e543582f38f38bf94cb7ae3a5e9abf8d891a34773335?s=96&d=mm&r=g","width":96,"height":96,"caption":"Juliana Laviola"}},{"@type":"WebPage","@id":"https:\/\/anoticiaonline.com.br\/site\/o-livro-dos-espiritos\/#webpage","url":"https:\/\/anoticiaonline.com.br\/site\/o-livro-dos-espiritos\/","name":"O Livro dos Esp\u00edritos - A Not\u00edcia Online","description":"O Espiritismo faz o homem compreender quem \u00e9, de onde veio e para onde vai \u201cO Pentateuco Kardequiano, consubstanciado na Codifica\u00e7\u00e3o Esp\u00edrita constitui-se o Farol Divino que far\u00e1 a humanidade alcandorar-se aos cimos gloriosos da emancipa\u00e7\u00e3o espiritual\u201d - Fran\u00e7ois C. Liran Surge mais um m\u00eas de abril no calend\u00e1rio terrestre e isso nos remete a","inLanguage":"pt-BR","isPartOf":{"@id":"https:\/\/anoticiaonline.com.br\/site\/#website"},"breadcrumb":{"@id":"https:\/\/anoticiaonline.com.br\/site\/o-livro-dos-espiritos\/#breadcrumblist"},"author":{"@id":"https:\/\/anoticiaonline.com.br\/site\/author\/juliana\/#author"},"creator":{"@id":"https:\/\/anoticiaonline.com.br\/site\/author\/juliana\/#author"},"datePublished":"2017-03-20T09:43:16-03:00","dateModified":"2017-03-20T09:43:16-03:00"},{"@type":"WebSite","@id":"https:\/\/anoticiaonline.com.br\/site\/#website","url":"https:\/\/anoticiaonline.com.br\/site\/","name":"A Not\u00edcia Online","description":"Noticias de Muria\u00e9 e regi\u00e3o","inLanguage":"pt-BR","publisher":{"@id":"https:\/\/anoticiaonline.com.br\/site\/#organization"}}]},"og:locale":"pt_BR","og:site_name":"A Not\u00edcia Online - Noticias de Muria\u00e9 e regi\u00e3o","og:type":"article","og:title":"O Livro dos Esp\u00edritos - A Not\u00edcia Online","og:description":"O Espiritismo faz o homem compreender quem \u00e9, de onde veio e para onde vai \u201cO Pentateuco Kardequiano, consubstanciado na Codifica\u00e7\u00e3o Esp\u00edrita constitui-se o Farol Divino que far\u00e1 a humanidade alcandorar-se aos cimos gloriosos da emancipa\u00e7\u00e3o espiritual\u201d - Fran\u00e7ois C. Liran Surge mais um m\u00eas de abril no calend\u00e1rio terrestre e isso nos remete a","og:url":"https:\/\/anoticiaonline.com.br\/site\/o-livro-dos-espiritos\/","og:image":"https:\/\/scontent-gig4-1.xx.fbcdn.net\/v\/t39.30808-1\/270437624_4564083193639691_6907940295614233970_n.jpg?stp=dst-jpg_s200x200_tt6&#038;_nc_cat=111&#038;ccb=1-7&#038;_nc_sid=f907e8&#038;_nc_ohc=SM1wRlP3lJwQ7kNvwEPuBYA&#038;_nc_oc=AdnqrjDN_BNjSSHWO-GbkIWH6fkGMLw4bqvL_NH6e2wMveX7G-rP2dAqsDSq1mJMOaY&#038;_nc_zt=24&#038;_nc_ht=scontent-gig4-1.xx&#038;_nc_gid=AoBFJeGrT1hVaew_6rchkQ&#038;oh=00_AfX7QmFGhQhG2jAllVgXCiM1ZrWgvtp80-Bfppyexh1QEg&#038;oe=689E923C","og:image:secure_url":"https:\/\/scontent-gig4-1.xx.fbcdn.net\/v\/t39.30808-1\/270437624_4564083193639691_6907940295614233970_n.jpg?stp=dst-jpg_s200x200_tt6&#038;_nc_cat=111&#038;ccb=1-7&#038;_nc_sid=f907e8&#038;_nc_ohc=SM1wRlP3lJwQ7kNvwEPuBYA&#038;_nc_oc=AdnqrjDN_BNjSSHWO-GbkIWH6fkGMLw4bqvL_NH6e2wMveX7G-rP2dAqsDSq1mJMOaY&#038;_nc_zt=24&#038;_nc_ht=scontent-gig4-1.xx&#038;_nc_gid=AoBFJeGrT1hVaew_6rchkQ&#038;oh=00_AfX7QmFGhQhG2jAllVgXCiM1ZrWgvtp80-Bfppyexh1QEg&#038;oe=689E923C","article:published_time":"2017-03-20T12:43:16+00:00","article:modified_time":"2017-03-20T12:43:16+00:00","twitter:card":"summary_large_image","twitter:title":"O Livro dos Esp\u00edritos - A Not\u00edcia Online","twitter:description":"O Espiritismo faz o homem compreender quem \u00e9, de onde veio e para onde vai \u201cO Pentateuco Kardequiano, consubstanciado na Codifica\u00e7\u00e3o Esp\u00edrita constitui-se o Farol Divino que far\u00e1 a humanidade alcandorar-se aos cimos gloriosos da emancipa\u00e7\u00e3o espiritual\u201d - Fran\u00e7ois C. Liran Surge mais um m\u00eas de abril no calend\u00e1rio terrestre e isso nos remete a","twitter:image":"https:\/\/scontent-gig4-1.xx.fbcdn.net\/v\/t39.30808-1\/270437624_4564083193639691_6907940295614233970_n.jpg?stp=dst-jpg_s200x200_tt6&_nc_cat=111&ccb=1-7&_nc_sid=f907e8&_nc_ohc=SM1wRlP3lJwQ7kNvwEPuBYA&_nc_oc=AdnqrjDN_BNjSSHWO-GbkIWH6fkGMLw4bqvL_NH6e2wMveX7G-rP2dAqsDSq1mJMOaY&_nc_zt=24&_nc_ht=scontent-gig4-1.xx&_nc_gid=AoBFJeGrT1hVaew_6rchkQ&oh=00_AfX7QmFGhQhG2jAllVgXCiM1ZrWgvtp80-Bfppyexh1QEg&oe=689E923C"},"aioseo_meta_data":{"post_id":"26365","title":null,"description":null,"keywords":null,"keyphrases":null,"primary_term":null,"canonical_url":null,"og_title":null,"og_description":null,"og_object_type":"default","og_image_type":"default","og_image_url":null,"og_image_width":null,"og_image_height":null,"og_image_custom_url":null,"og_image_custom_fields":null,"og_video":null,"og_custom_url":null,"og_article_section":null,"og_article_tags":null,"twitter_use_og":false,"twitter_card":"default","twitter_image_type":"default","twitter_image_url":null,"twitter_image_custom_url":null,"twitter_image_custom_fields":null,"twitter_title":null,"twitter_description":null,"schema":{"blockGraphs":[],"customGraphs":[],"default":{"data":{"Article":[],"Course":[],"Dataset":[],"FAQPage":[],"Movie":[],"Person":[],"Product":[],"ProductReview":[],"Car":[],"Recipe":[],"Service":[],"SoftwareApplication":[],"WebPage":[]},"graphName":"","isEnabled":true},"graphs":[]},"schema_type":"default","schema_type_options":null,"pillar_content":false,"robots_default":true,"robots_noindex":false,"robots_noarchive":false,"robots_nosnippet":false,"robots_nofollow":false,"robots_noimageindex":false,"robots_noodp":false,"robots_notranslate":false,"robots_max_snippet":null,"robots_max_videopreview":null,"robots_max_imagepreview":"large","priority":null,"frequency":null,"local_seo":null,"breadcrumb_settings":null,"limit_modified_date":false,"ai":null,"created":"2025-08-16 17:59:34","updated":"2025-08-16 17:59:34","focus_keyword":null,"additional_keywords":null,"truseo_locale":null,"seo_analyzer_scan_date":null},"aioseo_breadcrumb":"<div class=\"aioseo-breadcrumbs\"><span class=\"aioseo-breadcrumb\">\n\t\t\t<a href=\"https:\/\/anoticiaonline.com.br\/site\" title=\"Home\">Home<\/a>\n\t\t<\/span><span class=\"aioseo-breadcrumb-separator\">&raquo;<\/span><span class=\"aioseo-breadcrumb\">\n\t\t\t<a href=\"https:\/\/anoticiaonline.com.br\/site\/categoria\/colunistas\/\" title=\"Colunistas\">Colunistas<\/a>\n\t\t<\/span><span class=\"aioseo-breadcrumb-separator\">&raquo;<\/span><span class=\"aioseo-breadcrumb\">\n\t\t\t<a href=\"https:\/\/anoticiaonline.com.br\/site\/categoria\/colunistas\/espiritismo-em-foco-de-rogerio-coelho\/\" title=\"Espiritismo em Foco, por Rog\u00e9rio Coelho\">Espiritismo em Foco, por Rog\u00e9rio Coelho<\/a>\n\t\t<\/span><span class=\"aioseo-breadcrumb-separator\">&raquo;<\/span><span class=\"aioseo-breadcrumb\">\n\t\t\tO Livro dos Esp\u00edritos\n\t\t<\/span><\/div>","aioseo_breadcrumb_json":[{"label":"Home","link":"https:\/\/anoticiaonline.com.br\/site"},{"label":"Colunistas","link":"https:\/\/anoticiaonline.com.br\/site\/categoria\/colunistas\/"},{"label":"Espiritismo em Foco, por Rog\u00e9rio Coelho","link":"https:\/\/anoticiaonline.com.br\/site\/categoria\/colunistas\/espiritismo-em-foco-de-rogerio-coelho\/"},{"label":"O Livro dos Esp\u00edritos","link":"https:\/\/anoticiaonline.com.br\/site\/o-livro-dos-espiritos\/"}],"views":132,"_links":{"self":[{"href":"https:\/\/anoticiaonline.com.br\/site\/wp-json\/wp\/v2\/posts\/26365","targetHints":{"allow":["GET"]}}],"collection":[{"href":"https:\/\/anoticiaonline.com.br\/site\/wp-json\/wp\/v2\/posts"}],"about":[{"href":"https:\/\/anoticiaonline.com.br\/site\/wp-json\/wp\/v2\/types\/post"}],"author":[{"embeddable":true,"href":"https:\/\/anoticiaonline.com.br\/site\/wp-json\/wp\/v2\/users\/2"}],"replies":[{"embeddable":true,"href":"https:\/\/anoticiaonline.com.br\/site\/wp-json\/wp\/v2\/comments?post=26365"}],"version-history":[{"count":0,"href":"https:\/\/anoticiaonline.com.br\/site\/wp-json\/wp\/v2\/posts\/26365\/revisions"}],"wp:attachment":[{"href":"https:\/\/anoticiaonline.com.br\/site\/wp-json\/wp\/v2\/media?parent=26365"}],"wp:term":[{"taxonomy":"category","embeddable":true,"href":"https:\/\/anoticiaonline.com.br\/site\/wp-json\/wp\/v2\/categories?post=26365"},{"taxonomy":"post_tag","embeddable":true,"href":"https:\/\/anoticiaonline.com.br\/site\/wp-json\/wp\/v2\/tags?post=26365"}],"curies":[{"name":"wp","href":"https:\/\/api.w.org\/{rel}","templated":true}]}}