{"id":26335,"date":"2017-03-15T18:00:49","date_gmt":"2017-03-15T21:00:49","guid":{"rendered":"http:\/\/anoticiaonline.com.br\/site\/?p=26335"},"modified":"2017-03-16T10:44:38","modified_gmt":"2017-03-16T13:44:38","slug":"professores-vao-as-ruas-manifestar-contra-a-reforma-da-previdencia-e-o-cumprimento-do-piso-salarial-por-parte-do-governo-do-estado","status":"publish","type":"post","link":"https:\/\/anoticiaonline.com.br\/site\/professores-vao-as-ruas-manifestar-contra-a-reforma-da-previdencia-e-o-cumprimento-do-piso-salarial-por-parte-do-governo-do-estado\/","title":{"rendered":"Professores v\u00e3o \u00e0s ruas manifestar contra a reforma da Previd\u00eancia e o cumprimento do piso salarial por parte do governo do estado"},"content":{"rendered":"<p><a href=\"https:\/\/anoticiaonline.com.br\/site\/wp-content\/uploads\/2017\/03\/Professores-v\u00e3o-\u00e0s-ruas-manifestar-contra-a-reforma-da-Previd\u00eancia-e-o-cumprimento-do-piso-salarial-por-parte-do-governo-do-estado.jpg\"><img fetchpriority=\"high\" decoding=\"async\" class=\" size-medium wp-image-26336 alignleft\" src=\"https:\/\/anoticiaonline.com.br\/site\/wp-content\/uploads\/2017\/03\/Professores-v\u00e3o-\u00e0s-ruas-manifestar-contra-a-reforma-da-Previd\u00eancia-e-o-cumprimento-do-piso-salarial-por-parte-do-governo-do-estado-300x209.jpg\" alt=\"Professores v\u00e3o \u00e0s ruas manifestar contra a reforma da Previd\u00eancia e o cumprimento do piso salarial por parte do governo do estado\" width=\"300\" height=\"209\" srcset=\"https:\/\/anoticiaonline.com.br\/site\/wp-content\/uploads\/2017\/03\/Professores-v\u00e3o-\u00e0s-ruas-manifestar-contra-a-reforma-da-Previd\u00eancia-e-o-cumprimento-do-piso-salarial-por-parte-do-governo-do-estado-300x209.jpg 300w, https:\/\/anoticiaonline.com.br\/site\/wp-content\/uploads\/2017\/03\/Professores-v\u00e3o-\u00e0s-ruas-manifestar-contra-a-reforma-da-Previd\u00eancia-e-o-cumprimento-do-piso-salarial-por-parte-do-governo-do-estado.jpg 640w\" sizes=\"(max-width: 300px) 100vw, 300px\" \/><\/a>Os educadores das escolas p\u00fablicas municipais e estaduais de Muria\u00e9 seguiram a onda de protestos que aconteceu na quarta-feira (15) em v\u00e1rias cidades do pa\u00eds e foram \u00e0s ruas da cidade protestar contra a Reforma da Previd\u00eancia.<\/p>\n<p>Munidos de faixas, cartazes e apitos, eles gritaram palavras de ordem contra o governo federal. A manifesta\u00e7\u00e3o ocorreu na Rua Bar\u00e3o do Monte Alto, Centro, em frente \u00e0 ag\u00eancia da Caixa Econ\u00f4mica Federal.<\/p>\n<p>O objetivo era chamar a aten\u00e7\u00e3o das pessoas que passavam por uma das vias mais movimentadas do munic\u00edpio para a reforma da Previd\u00eancia, que, se aprovada, ir\u00e1 afetar todos os trabalhadores &#8211; o aumento do tempo de contribui\u00e7\u00e3o para 49 anos ininterruptos \u00e9 um dos itens a serem votados. Al\u00e9m dos educadores, participaram tamb\u00e9m do protesto outros servidores estaduais, como a Pol\u00edcia Civil, e federais.<\/p>\n<p>Na quarta-feira, todas as escolas municipais e a maioria das estaduais de Muria\u00e9 aderiram \u00e0 paralisa\u00e7\u00e3o e amanheceram fechadas, n\u00e3o havendo aula. Apenas os servidores do setor administrativo trabalharam.<\/p>\n<p>J\u00e1 os servidores da rede estadual de ensino cobram do governador Fernando Pimentel o cumprimento de um acordo firmado entre a categoria e o governo em 2015, que prev\u00ea, entre outras medidas, o pagamento do piso salarial at\u00e9 2018.<\/p>\n<p>Ap\u00f3s a concentra\u00e7\u00e3o em frente \u00e0 Caixa, os manifestantes fizeram uma passeata at\u00e9 a Pra\u00e7a Coronel Pacheco de Medeiros (pra\u00e7a da antiga Prefeitura).<\/p>\n","protected":false},"excerpt":{"rendered":"<p>Os educadores das escolas p\u00fablicas municipais e estaduais de Muria\u00e9 seguiram a onda de protestos que aconteceu na quarta-feira (15) em v\u00e1rias cidades do pa\u00eds e foram \u00e0s ruas da cidade protestar contra a Reforma da Previd\u00eancia. Munidos de faixas, cartazes e apitos, eles gritaram palavras de ordem contra o governo federal. A manifesta\u00e7\u00e3o ocorreu &#8230; <a title=\"Professores v\u00e3o \u00e0s ruas manifestar contra a reforma da Previd\u00eancia e o cumprimento do piso salarial por parte do governo do estado\" class=\"read-more\" href=\"https:\/\/anoticiaonline.com.br\/site\/professores-vao-as-ruas-manifestar-contra-a-reforma-da-previdencia-e-o-cumprimento-do-piso-salarial-por-parte-do-governo-do-estado\/\" aria-label=\"Read more about Professores v\u00e3o \u00e0s ruas manifestar contra a reforma da Previd\u00eancia e o cumprimento do piso salarial por parte do governo do estado\">Ler mais<\/a><\/p>\n","protected":false},"author":2,"featured_media":26336,"comment_status":"open","ping_status":"open","sticky":false,"template":"","format":"standard","meta":{"_acf_changed":false,"_monsterinsights_skip_tracking":false,"footnotes":""},"categories":[30],"tags":[3],"class_list":["post-26335","post","type-post","status-publish","format-standard","has-post-thumbnail","hentry","category-muriae","tag-slide"],"acf":[],"aioseo_notices":[],"aioseo_head":"\n\t\t<!-- All in One SEO 5.0.0.1 - aioseo.com -->\n\t<meta name=\"description\" content=\"Os educadores das escolas p\u00fablicas municipais e estaduais de Muria\u00e9 seguiram a onda de protestos que aconteceu na quarta-feira (15) em v\u00e1rias cidades do pa\u00eds e foram \u00e0s ruas da cidade protestar contra a Reforma da Previd\u00eancia. Munidos de faixas, cartazes e apitos, eles gritaram palavras de ordem contra o governo federal. A manifesta\u00e7\u00e3o ocorreu\" \/>\n\t<meta name=\"robots\" content=\"max-image-preview:large\" \/>\n\t<meta name=\"author\" content=\"Juliana Laviola\"\/>\n\t<link rel=\"canonical\" href=\"https:\/\/anoticiaonline.com.br\/site\/professores-vao-as-ruas-manifestar-contra-a-reforma-da-previdencia-e-o-cumprimento-do-piso-salarial-por-parte-do-governo-do-estado\/\" \/>\n\t<meta name=\"generator\" content=\"All in One SEO (AIOSEO) 5.0.0.1\" \/>\n\t\t<meta property=\"og:locale\" content=\"pt_BR\" \/>\n\t\t<meta property=\"og:site_name\" content=\"A Not\u00edcia Online - Noticias de Muria\u00e9 e regi\u00e3o\" \/>\n\t\t<meta property=\"og:type\" content=\"article\" \/>\n\t\t<meta property=\"og:title\" content=\"Professores v\u00e3o \u00e0s ruas manifestar contra a reforma da Previd\u00eancia e o cumprimento do piso salarial por parte do governo do estado - A Not\u00edcia Online\" \/>\n\t\t<meta property=\"og:description\" content=\"Os educadores das escolas p\u00fablicas municipais e estaduais de Muria\u00e9 seguiram a onda de protestos que aconteceu na quarta-feira (15) em v\u00e1rias cidades do pa\u00eds e foram \u00e0s ruas da cidade protestar contra a Reforma da Previd\u00eancia. Munidos de faixas, cartazes e apitos, eles gritaram palavras de ordem contra o governo federal. A manifesta\u00e7\u00e3o ocorreu\" \/>\n\t\t<meta property=\"og:url\" content=\"https:\/\/anoticiaonline.com.br\/site\/professores-vao-as-ruas-manifestar-contra-a-reforma-da-previdencia-e-o-cumprimento-do-piso-salarial-por-parte-do-governo-do-estado\/\" \/>\n\t\t<meta property=\"og:image\" content=\"https:\/\/scontent-gig4-1.xx.fbcdn.net\/v\/t39.30808-1\/270437624_4564083193639691_6907940295614233970_n.jpg?stp=dst-jpg_s200x200_tt6&#038;_nc_cat=111&#038;ccb=1-7&#038;_nc_sid=f907e8&#038;_nc_ohc=SM1wRlP3lJwQ7kNvwEPuBYA&#038;_nc_oc=AdnqrjDN_BNjSSHWO-GbkIWH6fkGMLw4bqvL_NH6e2wMveX7G-rP2dAqsDSq1mJMOaY&#038;_nc_zt=24&#038;_nc_ht=scontent-gig4-1.xx&#038;_nc_gid=AoBFJeGrT1hVaew_6rchkQ&#038;oh=00_AfX7QmFGhQhG2jAllVgXCiM1ZrWgvtp80-Bfppyexh1QEg&#038;oe=689E923C\" \/>\n\t\t<meta property=\"og:image:secure_url\" content=\"https:\/\/scontent-gig4-1.xx.fbcdn.net\/v\/t39.30808-1\/270437624_4564083193639691_6907940295614233970_n.jpg?stp=dst-jpg_s200x200_tt6&#038;_nc_cat=111&#038;ccb=1-7&#038;_nc_sid=f907e8&#038;_nc_ohc=SM1wRlP3lJwQ7kNvwEPuBYA&#038;_nc_oc=AdnqrjDN_BNjSSHWO-GbkIWH6fkGMLw4bqvL_NH6e2wMveX7G-rP2dAqsDSq1mJMOaY&#038;_nc_zt=24&#038;_nc_ht=scontent-gig4-1.xx&#038;_nc_gid=AoBFJeGrT1hVaew_6rchkQ&#038;oh=00_AfX7QmFGhQhG2jAllVgXCiM1ZrWgvtp80-Bfppyexh1QEg&#038;oe=689E923C\" \/>\n\t\t<meta property=\"article:published_time\" content=\"2017-03-15T21:00:49+00:00\" \/>\n\t\t<meta property=\"article:modified_time\" content=\"2017-03-16T13:44:38+00:00\" \/>\n\t\t<meta name=\"twitter:card\" content=\"summary_large_image\" \/>\n\t\t<meta name=\"twitter:title\" content=\"Professores v\u00e3o \u00e0s ruas manifestar contra a reforma da Previd\u00eancia e o cumprimento do piso salarial por parte do governo do estado - A Not\u00edcia Online\" \/>\n\t\t<meta name=\"twitter:description\" content=\"Os educadores das escolas p\u00fablicas municipais e estaduais de Muria\u00e9 seguiram a onda de protestos que aconteceu na quarta-feira (15) em v\u00e1rias cidades do pa\u00eds e foram \u00e0s ruas da cidade protestar contra a Reforma da Previd\u00eancia. Munidos de faixas, cartazes e apitos, eles gritaram palavras de ordem contra o governo federal. A manifesta\u00e7\u00e3o ocorreu\" \/>\n\t\t<meta name=\"twitter:image\" content=\"https:\/\/scontent-gig4-1.xx.fbcdn.net\/v\/t39.30808-1\/270437624_4564083193639691_6907940295614233970_n.jpg?stp=dst-jpg_s200x200_tt6&amp;_nc_cat=111&amp;ccb=1-7&amp;_nc_sid=f907e8&amp;_nc_ohc=SM1wRlP3lJwQ7kNvwEPuBYA&amp;_nc_oc=AdnqrjDN_BNjSSHWO-GbkIWH6fkGMLw4bqvL_NH6e2wMveX7G-rP2dAqsDSq1mJMOaY&amp;_nc_zt=24&amp;_nc_ht=scontent-gig4-1.xx&amp;_nc_gid=AoBFJeGrT1hVaew_6rchkQ&amp;oh=00_AfX7QmFGhQhG2jAllVgXCiM1ZrWgvtp80-Bfppyexh1QEg&amp;oe=689E923C\" \/>\n\t\t<script type=\"application\/ld+json\" class=\"aioseo-schema\">\n\t\t\t{\"@context\":\"https:\\\/\\\/schema.org\",\"@graph\":[{\"@type\":\"BlogPosting\",\"@id\":\"https:\\\/\\\/anoticiaonline.com.br\\\/site\\\/professores-vao-as-ruas-manifestar-contra-a-reforma-da-previdencia-e-o-cumprimento-do-piso-salarial-por-parte-do-governo-do-estado\\\/#blogposting\",\"name\":\"Professores v\\u00e3o \\u00e0s ruas manifestar contra a reforma da Previd\\u00eancia e o cumprimento do piso salarial por parte do governo do estado - A Not\\u00edcia Online\",\"headline\":\"Professores v\\u00e3o \\u00e0s ruas manifestar contra a reforma da Previd\\u00eancia e o cumprimento do piso salarial por parte do governo do estado\",\"author\":{\"@id\":\"https:\\\/\\\/anoticiaonline.com.br\\\/site\\\/author\\\/juliana\\\/#author\"},\"publisher\":{\"@id\":\"https:\\\/\\\/anoticiaonline.com.br\\\/site\\\/#organization\"},\"image\":{\"@type\":\"ImageObject\",\"url\":\"https:\\\/\\\/anoticiaonline.com.br\\\/site\\\/wp-content\\\/uploads\\\/2017\\\/03\\\/Professores-v\\u00e3o-\\u00e0s-ruas-manifestar-contra-a-reforma-da-Previd\\u00eancia-e-o-cumprimento-do-piso-salarial-por-parte-do-governo-do-estado.jpg\",\"width\":640,\"height\":446},\"datePublished\":\"2017-03-15T18:00:49-03:00\",\"dateModified\":\"2017-03-16T10:44:38-03:00\",\"inLanguage\":\"pt-BR\",\"mainEntityOfPage\":{\"@id\":\"https:\\\/\\\/anoticiaonline.com.br\\\/site\\\/professores-vao-as-ruas-manifestar-contra-a-reforma-da-previdencia-e-o-cumprimento-do-piso-salarial-por-parte-do-governo-do-estado\\\/#webpage\"},\"isPartOf\":{\"@id\":\"https:\\\/\\\/anoticiaonline.com.br\\\/site\\\/professores-vao-as-ruas-manifestar-contra-a-reforma-da-previdencia-e-o-cumprimento-do-piso-salarial-por-parte-do-governo-do-estado\\\/#webpage\"},\"articleSection\":\"Blog, slide\"},{\"@type\":\"BreadcrumbList\",\"@id\":\"https:\\\/\\\/anoticiaonline.com.br\\\/site\\\/professores-vao-as-ruas-manifestar-contra-a-reforma-da-previdencia-e-o-cumprimento-do-piso-salarial-por-parte-do-governo-do-estado\\\/#breadcrumblist\",\"itemListElement\":[{\"@type\":\"ListItem\",\"@id\":\"https:\\\/\\\/anoticiaonline.com.br\\\/site#listItem\",\"position\":1,\"name\":\"Home\",\"item\":\"https:\\\/\\\/anoticiaonline.com.br\\\/site\",\"nextItem\":{\"@type\":\"ListItem\",\"@id\":\"https:\\\/\\\/anoticiaonline.com.br\\\/site\\\/categoria\\\/muriae\\\/#listItem\",\"name\":\"Blog\"}},{\"@type\":\"ListItem\",\"@id\":\"https:\\\/\\\/anoticiaonline.com.br\\\/site\\\/categoria\\\/muriae\\\/#listItem\",\"position\":2,\"name\":\"Blog\",\"item\":\"https:\\\/\\\/anoticiaonline.com.br\\\/site\\\/categoria\\\/muriae\\\/\",\"nextItem\":{\"@type\":\"ListItem\",\"@id\":\"https:\\\/\\\/anoticiaonline.com.br\\\/site\\\/professores-vao-as-ruas-manifestar-contra-a-reforma-da-previdencia-e-o-cumprimento-do-piso-salarial-por-parte-do-governo-do-estado\\\/#listItem\",\"name\":\"Professores v\\u00e3o \\u00e0s ruas manifestar contra a reforma da Previd\\u00eancia e o cumprimento do piso salarial por parte do governo do estado\"},\"previousItem\":{\"@type\":\"ListItem\",\"@id\":\"https:\\\/\\\/anoticiaonline.com.br\\\/site#listItem\",\"name\":\"Home\"}},{\"@type\":\"ListItem\",\"@id\":\"https:\\\/\\\/anoticiaonline.com.br\\\/site\\\/professores-vao-as-ruas-manifestar-contra-a-reforma-da-previdencia-e-o-cumprimento-do-piso-salarial-por-parte-do-governo-do-estado\\\/#listItem\",\"position\":3,\"name\":\"Professores v\\u00e3o \\u00e0s ruas manifestar contra a reforma da Previd\\u00eancia e o cumprimento do piso salarial por parte do governo do estado\",\"previousItem\":{\"@type\":\"ListItem\",\"@id\":\"https:\\\/\\\/anoticiaonline.com.br\\\/site\\\/categoria\\\/muriae\\\/#listItem\",\"name\":\"Blog\"}}]},{\"@type\":\"Organization\",\"@id\":\"https:\\\/\\\/anoticiaonline.com.br\\\/site\\\/#organization\",\"name\":\"A Not\\u00edcia Online\",\"description\":\"Noticias de Muria\\u00e9 e regi\\u00e3o\",\"url\":\"https:\\\/\\\/anoticiaonline.com.br\\\/site\\\/\",\"logo\":{\"@type\":\"ImageObject\",\"url\":\"https:\\\/\\\/scontent-gig4-1.xx.fbcdn.net\\\/v\\\/t39.30808-1\\\/270437624_4564083193639691_6907940295614233970_n.jpg?stp=dst-jpg_s200x200_tt6&_nc_cat=111&ccb=1-7&_nc_sid=f907e8&_nc_ohc=SM1wRlP3lJwQ7kNvwEPuBYA&_nc_oc=AdnqrjDN_BNjSSHWO-GbkIWH6fkGMLw4bqvL_NH6e2wMveX7G-rP2dAqsDSq1mJMOaY&_nc_zt=24&_nc_ht=scontent-gig4-1.xx&_nc_gid=AoBFJeGrT1hVaew_6rchkQ&oh=00_AfX7QmFGhQhG2jAllVgXCiM1ZrWgvtp80-Bfppyexh1QEg&oe=689E923C\",\"@id\":\"https:\\\/\\\/anoticiaonline.com.br\\\/site\\\/professores-vao-as-ruas-manifestar-contra-a-reforma-da-previdencia-e-o-cumprimento-do-piso-salarial-por-parte-do-governo-do-estado\\\/#organizationLogo\"},\"image\":{\"@id\":\"https:\\\/\\\/anoticiaonline.com.br\\\/site\\\/professores-vao-as-ruas-manifestar-contra-a-reforma-da-previdencia-e-o-cumprimento-do-piso-salarial-por-parte-do-governo-do-estado\\\/#organizationLogo\"}},{\"@type\":\"Person\",\"@id\":\"https:\\\/\\\/anoticiaonline.com.br\\\/site\\\/author\\\/juliana\\\/#author\",\"url\":\"https:\\\/\\\/anoticiaonline.com.br\\\/site\\\/author\\\/juliana\\\/\",\"name\":\"Juliana Laviola\",\"image\":{\"@type\":\"ImageObject\",\"@id\":\"https:\\\/\\\/anoticiaonline.com.br\\\/site\\\/professores-vao-as-ruas-manifestar-contra-a-reforma-da-previdencia-e-o-cumprimento-do-piso-salarial-por-parte-do-governo-do-estado\\\/#authorImage\",\"url\":\"https:\\\/\\\/secure.gravatar.com\\\/avatar\\\/b8d45f5c699b100dfaf0e543582f38f38bf94cb7ae3a5e9abf8d891a34773335?s=96&d=mm&r=g\",\"width\":96,\"height\":96,\"caption\":\"Juliana Laviola\"}},{\"@type\":\"WebPage\",\"@id\":\"https:\\\/\\\/anoticiaonline.com.br\\\/site\\\/professores-vao-as-ruas-manifestar-contra-a-reforma-da-previdencia-e-o-cumprimento-do-piso-salarial-por-parte-do-governo-do-estado\\\/#webpage\",\"url\":\"https:\\\/\\\/anoticiaonline.com.br\\\/site\\\/professores-vao-as-ruas-manifestar-contra-a-reforma-da-previdencia-e-o-cumprimento-do-piso-salarial-por-parte-do-governo-do-estado\\\/\",\"name\":\"Professores v\\u00e3o \\u00e0s ruas manifestar contra a reforma da Previd\\u00eancia e o cumprimento do piso salarial por parte do governo do estado - A Not\\u00edcia Online\",\"description\":\"Os educadores das escolas p\\u00fablicas municipais e estaduais de Muria\\u00e9 seguiram a onda de protestos que aconteceu na quarta-feira (15) em v\\u00e1rias cidades do pa\\u00eds e foram \\u00e0s ruas da cidade protestar contra a Reforma da Previd\\u00eancia. Munidos de faixas, cartazes e apitos, eles gritaram palavras de ordem contra o governo federal. A manifesta\\u00e7\\u00e3o ocorreu\",\"inLanguage\":\"pt-BR\",\"isPartOf\":{\"@id\":\"https:\\\/\\\/anoticiaonline.com.br\\\/site\\\/#website\"},\"breadcrumb\":{\"@id\":\"https:\\\/\\\/anoticiaonline.com.br\\\/site\\\/professores-vao-as-ruas-manifestar-contra-a-reforma-da-previdencia-e-o-cumprimento-do-piso-salarial-por-parte-do-governo-do-estado\\\/#breadcrumblist\"},\"author\":{\"@id\":\"https:\\\/\\\/anoticiaonline.com.br\\\/site\\\/author\\\/juliana\\\/#author\"},\"creator\":{\"@id\":\"https:\\\/\\\/anoticiaonline.com.br\\\/site\\\/author\\\/juliana\\\/#author\"},\"image\":{\"@type\":\"ImageObject\",\"url\":\"https:\\\/\\\/anoticiaonline.com.br\\\/site\\\/wp-content\\\/uploads\\\/2017\\\/03\\\/Professores-v\\u00e3o-\\u00e0s-ruas-manifestar-contra-a-reforma-da-Previd\\u00eancia-e-o-cumprimento-do-piso-salarial-por-parte-do-governo-do-estado.jpg\",\"@id\":\"https:\\\/\\\/anoticiaonline.com.br\\\/site\\\/professores-vao-as-ruas-manifestar-contra-a-reforma-da-previdencia-e-o-cumprimento-do-piso-salarial-por-parte-do-governo-do-estado\\\/#mainImage\",\"width\":640,\"height\":446},\"primaryImageOfPage\":{\"@id\":\"https:\\\/\\\/anoticiaonline.com.br\\\/site\\\/professores-vao-as-ruas-manifestar-contra-a-reforma-da-previdencia-e-o-cumprimento-do-piso-salarial-por-parte-do-governo-do-estado\\\/#mainImage\"},\"datePublished\":\"2017-03-15T18:00:49-03:00\",\"dateModified\":\"2017-03-16T10:44:38-03:00\"},{\"@type\":\"WebSite\",\"@id\":\"https:\\\/\\\/anoticiaonline.com.br\\\/site\\\/#website\",\"url\":\"https:\\\/\\\/anoticiaonline.com.br\\\/site\\\/\",\"name\":\"A Not\\u00edcia Online\",\"description\":\"Noticias de Muria\\u00e9 e regi\\u00e3o\",\"inLanguage\":\"pt-BR\",\"publisher\":{\"@id\":\"https:\\\/\\\/anoticiaonline.com.br\\\/site\\\/#organization\"}}]}\n\t\t<\/script>\n\t\t<!-- All in One SEO -->\n\n","aioseo_head_json":{"title":"Professores v\u00e3o \u00e0s ruas manifestar contra a reforma da Previd\u00eancia e o cumprimento do piso salarial por parte do governo do estado - A Not\u00edcia Online","description":"Os educadores das escolas p\u00fablicas municipais e estaduais de Muria\u00e9 seguiram a onda de protestos que aconteceu na quarta-feira (15) em v\u00e1rias cidades do pa\u00eds e foram \u00e0s ruas da cidade protestar contra a Reforma da Previd\u00eancia. Munidos de faixas, cartazes e apitos, eles gritaram palavras de ordem contra o governo federal. A manifesta\u00e7\u00e3o ocorreu","canonical_url":"https:\/\/anoticiaonline.com.br\/site\/professores-vao-as-ruas-manifestar-contra-a-reforma-da-previdencia-e-o-cumprimento-do-piso-salarial-por-parte-do-governo-do-estado\/","robots":"max-image-preview:large","keywords":"","webmasterTools":{"miscellaneous":""},"schema":{"@context":"https:\/\/schema.org","@graph":[{"@type":"BlogPosting","@id":"https:\/\/anoticiaonline.com.br\/site\/professores-vao-as-ruas-manifestar-contra-a-reforma-da-previdencia-e-o-cumprimento-do-piso-salarial-por-parte-do-governo-do-estado\/#blogposting","name":"Professores v\u00e3o \u00e0s ruas manifestar contra a reforma da Previd\u00eancia e o cumprimento do piso salarial por parte do governo do estado - A Not\u00edcia Online","headline":"Professores v\u00e3o \u00e0s ruas manifestar contra a reforma da Previd\u00eancia e o cumprimento do piso salarial por parte do governo do estado","author":{"@id":"https:\/\/anoticiaonline.com.br\/site\/author\/juliana\/#author"},"publisher":{"@id":"https:\/\/anoticiaonline.com.br\/site\/#organization"},"image":{"@type":"ImageObject","url":"https:\/\/anoticiaonline.com.br\/site\/wp-content\/uploads\/2017\/03\/Professores-v\u00e3o-\u00e0s-ruas-manifestar-contra-a-reforma-da-Previd\u00eancia-e-o-cumprimento-do-piso-salarial-por-parte-do-governo-do-estado.jpg","width":640,"height":446},"datePublished":"2017-03-15T18:00:49-03:00","dateModified":"2017-03-16T10:44:38-03:00","inLanguage":"pt-BR","mainEntityOfPage":{"@id":"https:\/\/anoticiaonline.com.br\/site\/professores-vao-as-ruas-manifestar-contra-a-reforma-da-previdencia-e-o-cumprimento-do-piso-salarial-por-parte-do-governo-do-estado\/#webpage"},"isPartOf":{"@id":"https:\/\/anoticiaonline.com.br\/site\/professores-vao-as-ruas-manifestar-contra-a-reforma-da-previdencia-e-o-cumprimento-do-piso-salarial-por-parte-do-governo-do-estado\/#webpage"},"articleSection":"Blog, slide"},{"@type":"BreadcrumbList","@id":"https:\/\/anoticiaonline.com.br\/site\/professores-vao-as-ruas-manifestar-contra-a-reforma-da-previdencia-e-o-cumprimento-do-piso-salarial-por-parte-do-governo-do-estado\/#breadcrumblist","itemListElement":[{"@type":"ListItem","@id":"https:\/\/anoticiaonline.com.br\/site#listItem","position":1,"name":"Home","item":"https:\/\/anoticiaonline.com.br\/site","nextItem":{"@type":"ListItem","@id":"https:\/\/anoticiaonline.com.br\/site\/categoria\/muriae\/#listItem","name":"Blog"}},{"@type":"ListItem","@id":"https:\/\/anoticiaonline.com.br\/site\/categoria\/muriae\/#listItem","position":2,"name":"Blog","item":"https:\/\/anoticiaonline.com.br\/site\/categoria\/muriae\/","nextItem":{"@type":"ListItem","@id":"https:\/\/anoticiaonline.com.br\/site\/professores-vao-as-ruas-manifestar-contra-a-reforma-da-previdencia-e-o-cumprimento-do-piso-salarial-por-parte-do-governo-do-estado\/#listItem","name":"Professores v\u00e3o \u00e0s ruas manifestar contra a reforma da Previd\u00eancia e o cumprimento do piso salarial por parte do governo do estado"},"previousItem":{"@type":"ListItem","@id":"https:\/\/anoticiaonline.com.br\/site#listItem","name":"Home"}},{"@type":"ListItem","@id":"https:\/\/anoticiaonline.com.br\/site\/professores-vao-as-ruas-manifestar-contra-a-reforma-da-previdencia-e-o-cumprimento-do-piso-salarial-por-parte-do-governo-do-estado\/#listItem","position":3,"name":"Professores v\u00e3o \u00e0s ruas manifestar contra a reforma da Previd\u00eancia e o cumprimento do piso salarial por parte do governo do estado","previousItem":{"@type":"ListItem","@id":"https:\/\/anoticiaonline.com.br\/site\/categoria\/muriae\/#listItem","name":"Blog"}}]},{"@type":"Organization","@id":"https:\/\/anoticiaonline.com.br\/site\/#organization","name":"A Not\u00edcia Online","description":"Noticias de Muria\u00e9 e regi\u00e3o","url":"https:\/\/anoticiaonline.com.br\/site\/","logo":{"@type":"ImageObject","url":"https:\/\/scontent-gig4-1.xx.fbcdn.net\/v\/t39.30808-1\/270437624_4564083193639691_6907940295614233970_n.jpg?stp=dst-jpg_s200x200_tt6&_nc_cat=111&ccb=1-7&_nc_sid=f907e8&_nc_ohc=SM1wRlP3lJwQ7kNvwEPuBYA&_nc_oc=AdnqrjDN_BNjSSHWO-GbkIWH6fkGMLw4bqvL_NH6e2wMveX7G-rP2dAqsDSq1mJMOaY&_nc_zt=24&_nc_ht=scontent-gig4-1.xx&_nc_gid=AoBFJeGrT1hVaew_6rchkQ&oh=00_AfX7QmFGhQhG2jAllVgXCiM1ZrWgvtp80-Bfppyexh1QEg&oe=689E923C","@id":"https:\/\/anoticiaonline.com.br\/site\/professores-vao-as-ruas-manifestar-contra-a-reforma-da-previdencia-e-o-cumprimento-do-piso-salarial-por-parte-do-governo-do-estado\/#organizationLogo"},"image":{"@id":"https:\/\/anoticiaonline.com.br\/site\/professores-vao-as-ruas-manifestar-contra-a-reforma-da-previdencia-e-o-cumprimento-do-piso-salarial-por-parte-do-governo-do-estado\/#organizationLogo"}},{"@type":"Person","@id":"https:\/\/anoticiaonline.com.br\/site\/author\/juliana\/#author","url":"https:\/\/anoticiaonline.com.br\/site\/author\/juliana\/","name":"Juliana Laviola","image":{"@type":"ImageObject","@id":"https:\/\/anoticiaonline.com.br\/site\/professores-vao-as-ruas-manifestar-contra-a-reforma-da-previdencia-e-o-cumprimento-do-piso-salarial-por-parte-do-governo-do-estado\/#authorImage","url":"https:\/\/secure.gravatar.com\/avatar\/b8d45f5c699b100dfaf0e543582f38f38bf94cb7ae3a5e9abf8d891a34773335?s=96&d=mm&r=g","width":96,"height":96,"caption":"Juliana Laviola"}},{"@type":"WebPage","@id":"https:\/\/anoticiaonline.com.br\/site\/professores-vao-as-ruas-manifestar-contra-a-reforma-da-previdencia-e-o-cumprimento-do-piso-salarial-por-parte-do-governo-do-estado\/#webpage","url":"https:\/\/anoticiaonline.com.br\/site\/professores-vao-as-ruas-manifestar-contra-a-reforma-da-previdencia-e-o-cumprimento-do-piso-salarial-por-parte-do-governo-do-estado\/","name":"Professores v\u00e3o \u00e0s ruas manifestar contra a reforma da Previd\u00eancia e o cumprimento do piso salarial por parte do governo do estado - A Not\u00edcia Online","description":"Os educadores das escolas p\u00fablicas municipais e estaduais de Muria\u00e9 seguiram a onda de protestos que aconteceu na quarta-feira (15) em v\u00e1rias cidades do pa\u00eds e foram \u00e0s ruas da cidade protestar contra a Reforma da Previd\u00eancia. Munidos de faixas, cartazes e apitos, eles gritaram palavras de ordem contra o governo federal. A manifesta\u00e7\u00e3o ocorreu","inLanguage":"pt-BR","isPartOf":{"@id":"https:\/\/anoticiaonline.com.br\/site\/#website"},"breadcrumb":{"@id":"https:\/\/anoticiaonline.com.br\/site\/professores-vao-as-ruas-manifestar-contra-a-reforma-da-previdencia-e-o-cumprimento-do-piso-salarial-por-parte-do-governo-do-estado\/#breadcrumblist"},"author":{"@id":"https:\/\/anoticiaonline.com.br\/site\/author\/juliana\/#author"},"creator":{"@id":"https:\/\/anoticiaonline.com.br\/site\/author\/juliana\/#author"},"image":{"@type":"ImageObject","url":"https:\/\/anoticiaonline.com.br\/site\/wp-content\/uploads\/2017\/03\/Professores-v\u00e3o-\u00e0s-ruas-manifestar-contra-a-reforma-da-Previd\u00eancia-e-o-cumprimento-do-piso-salarial-por-parte-do-governo-do-estado.jpg","@id":"https:\/\/anoticiaonline.com.br\/site\/professores-vao-as-ruas-manifestar-contra-a-reforma-da-previdencia-e-o-cumprimento-do-piso-salarial-por-parte-do-governo-do-estado\/#mainImage","width":640,"height":446},"primaryImageOfPage":{"@id":"https:\/\/anoticiaonline.com.br\/site\/professores-vao-as-ruas-manifestar-contra-a-reforma-da-previdencia-e-o-cumprimento-do-piso-salarial-por-parte-do-governo-do-estado\/#mainImage"},"datePublished":"2017-03-15T18:00:49-03:00","dateModified":"2017-03-16T10:44:38-03:00"},{"@type":"WebSite","@id":"https:\/\/anoticiaonline.com.br\/site\/#website","url":"https:\/\/anoticiaonline.com.br\/site\/","name":"A Not\u00edcia Online","description":"Noticias de Muria\u00e9 e regi\u00e3o","inLanguage":"pt-BR","publisher":{"@id":"https:\/\/anoticiaonline.com.br\/site\/#organization"}}]},"og:locale":"pt_BR","og:site_name":"A Not\u00edcia Online - Noticias de Muria\u00e9 e regi\u00e3o","og:type":"article","og:title":"Professores v\u00e3o \u00e0s ruas manifestar contra a reforma da Previd\u00eancia e o cumprimento do piso salarial por parte do governo do estado - A Not\u00edcia Online","og:description":"Os educadores das escolas p\u00fablicas municipais e estaduais de Muria\u00e9 seguiram a onda de protestos que aconteceu na quarta-feira (15) em v\u00e1rias cidades do pa\u00eds e foram \u00e0s ruas da cidade protestar contra a Reforma da Previd\u00eancia. Munidos de faixas, cartazes e apitos, eles gritaram palavras de ordem contra o governo federal. A manifesta\u00e7\u00e3o ocorreu","og:url":"https:\/\/anoticiaonline.com.br\/site\/professores-vao-as-ruas-manifestar-contra-a-reforma-da-previdencia-e-o-cumprimento-do-piso-salarial-por-parte-do-governo-do-estado\/","og:image":"https:\/\/scontent-gig4-1.xx.fbcdn.net\/v\/t39.30808-1\/270437624_4564083193639691_6907940295614233970_n.jpg?stp=dst-jpg_s200x200_tt6&#038;_nc_cat=111&#038;ccb=1-7&#038;_nc_sid=f907e8&#038;_nc_ohc=SM1wRlP3lJwQ7kNvwEPuBYA&#038;_nc_oc=AdnqrjDN_BNjSSHWO-GbkIWH6fkGMLw4bqvL_NH6e2wMveX7G-rP2dAqsDSq1mJMOaY&#038;_nc_zt=24&#038;_nc_ht=scontent-gig4-1.xx&#038;_nc_gid=AoBFJeGrT1hVaew_6rchkQ&#038;oh=00_AfX7QmFGhQhG2jAllVgXCiM1ZrWgvtp80-Bfppyexh1QEg&#038;oe=689E923C","og:image:secure_url":"https:\/\/scontent-gig4-1.xx.fbcdn.net\/v\/t39.30808-1\/270437624_4564083193639691_6907940295614233970_n.jpg?stp=dst-jpg_s200x200_tt6&#038;_nc_cat=111&#038;ccb=1-7&#038;_nc_sid=f907e8&#038;_nc_ohc=SM1wRlP3lJwQ7kNvwEPuBYA&#038;_nc_oc=AdnqrjDN_BNjSSHWO-GbkIWH6fkGMLw4bqvL_NH6e2wMveX7G-rP2dAqsDSq1mJMOaY&#038;_nc_zt=24&#038;_nc_ht=scontent-gig4-1.xx&#038;_nc_gid=AoBFJeGrT1hVaew_6rchkQ&#038;oh=00_AfX7QmFGhQhG2jAllVgXCiM1ZrWgvtp80-Bfppyexh1QEg&#038;oe=689E923C","article:published_time":"2017-03-15T21:00:49+00:00","article:modified_time":"2017-03-16T13:44:38+00:00","twitter:card":"summary_large_image","twitter:title":"Professores v\u00e3o \u00e0s ruas manifestar contra a reforma da Previd\u00eancia e o cumprimento do piso salarial por parte do governo do estado - A Not\u00edcia Online","twitter:description":"Os educadores das escolas p\u00fablicas municipais e estaduais de Muria\u00e9 seguiram a onda de protestos que aconteceu na quarta-feira (15) em v\u00e1rias cidades do pa\u00eds e foram \u00e0s ruas da cidade protestar contra a Reforma da Previd\u00eancia. Munidos de faixas, cartazes e apitos, eles gritaram palavras de ordem contra o governo federal. A manifesta\u00e7\u00e3o ocorreu","twitter:image":"https:\/\/scontent-gig4-1.xx.fbcdn.net\/v\/t39.30808-1\/270437624_4564083193639691_6907940295614233970_n.jpg?stp=dst-jpg_s200x200_tt6&_nc_cat=111&ccb=1-7&_nc_sid=f907e8&_nc_ohc=SM1wRlP3lJwQ7kNvwEPuBYA&_nc_oc=AdnqrjDN_BNjSSHWO-GbkIWH6fkGMLw4bqvL_NH6e2wMveX7G-rP2dAqsDSq1mJMOaY&_nc_zt=24&_nc_ht=scontent-gig4-1.xx&_nc_gid=AoBFJeGrT1hVaew_6rchkQ&oh=00_AfX7QmFGhQhG2jAllVgXCiM1ZrWgvtp80-Bfppyexh1QEg&oe=689E923C"},"aioseo_meta_data":{"post_id":"26335","title":null,"description":null,"keywords":null,"keyphrases":null,"primary_term":null,"canonical_url":null,"og_title":null,"og_description":null,"og_object_type":"default","og_image_type":"default","og_image_url":null,"og_image_width":null,"og_image_height":null,"og_image_custom_url":null,"og_image_custom_fields":null,"og_video":null,"og_custom_url":null,"og_article_section":null,"og_article_tags":null,"twitter_use_og":false,"twitter_card":"default","twitter_image_type":"default","twitter_image_url":null,"twitter_image_custom_url":null,"twitter_image_custom_fields":null,"twitter_title":null,"twitter_description":null,"schema":{"blockGraphs":[],"customGraphs":[],"default":{"data":{"Article":[],"Course":[],"Dataset":[],"FAQPage":[],"Movie":[],"Person":[],"Product":[],"ProductReview":[],"Car":[],"Recipe":[],"Service":[],"SoftwareApplication":[],"WebPage":[]},"graphName":"","isEnabled":true},"graphs":[]},"schema_type":"default","schema_type_options":null,"pillar_content":false,"robots_default":true,"robots_noindex":false,"robots_noarchive":false,"robots_nosnippet":false,"robots_nofollow":false,"robots_noimageindex":false,"robots_noodp":false,"robots_notranslate":false,"robots_max_snippet":null,"robots_max_videopreview":null,"robots_max_imagepreview":"large","priority":null,"frequency":null,"local_seo":null,"breadcrumb_settings":null,"limit_modified_date":false,"ai":null,"created":"2025-08-16 17:58:24","updated":"2025-08-16 17:58:24","focus_keyword":null,"additional_keywords":null,"truseo_locale":null,"seo_analyzer_scan_date":null},"aioseo_breadcrumb":"<div class=\"aioseo-breadcrumbs\"><span class=\"aioseo-breadcrumb\">\n\t\t\t<a href=\"https:\/\/anoticiaonline.com.br\/site\" title=\"Home\">Home<\/a>\n\t\t<\/span><span class=\"aioseo-breadcrumb-separator\">&raquo;<\/span><span class=\"aioseo-breadcrumb\">\n\t\t\t<a href=\"https:\/\/anoticiaonline.com.br\/site\/categoria\/muriae\/\" title=\"Blog\">Blog<\/a>\n\t\t<\/span><span class=\"aioseo-breadcrumb-separator\">&raquo;<\/span><span class=\"aioseo-breadcrumb\">\n\t\t\tProfessores v\u00e3o \u00e0s ruas manifestar contra a reforma da Previd\u00eancia e o cumprimento do piso salarial por parte do governo do estado\n\t\t<\/span><\/div>","aioseo_breadcrumb_json":[{"label":"Home","link":"https:\/\/anoticiaonline.com.br\/site"},{"label":"Blog","link":"https:\/\/anoticiaonline.com.br\/site\/categoria\/muriae\/"},{"label":"Professores v\u00e3o \u00e0s ruas manifestar contra a reforma da Previd\u00eancia e o cumprimento do piso salarial por parte do governo do estado","link":"https:\/\/anoticiaonline.com.br\/site\/professores-vao-as-ruas-manifestar-contra-a-reforma-da-previdencia-e-o-cumprimento-do-piso-salarial-por-parte-do-governo-do-estado\/"}],"views":130,"_links":{"self":[{"href":"https:\/\/anoticiaonline.com.br\/site\/wp-json\/wp\/v2\/posts\/26335","targetHints":{"allow":["GET"]}}],"collection":[{"href":"https:\/\/anoticiaonline.com.br\/site\/wp-json\/wp\/v2\/posts"}],"about":[{"href":"https:\/\/anoticiaonline.com.br\/site\/wp-json\/wp\/v2\/types\/post"}],"author":[{"embeddable":true,"href":"https:\/\/anoticiaonline.com.br\/site\/wp-json\/wp\/v2\/users\/2"}],"replies":[{"embeddable":true,"href":"https:\/\/anoticiaonline.com.br\/site\/wp-json\/wp\/v2\/comments?post=26335"}],"version-history":[{"count":0,"href":"https:\/\/anoticiaonline.com.br\/site\/wp-json\/wp\/v2\/posts\/26335\/revisions"}],"wp:featuredmedia":[{"embeddable":true,"href":"https:\/\/anoticiaonline.com.br\/site\/wp-json\/wp\/v2\/media\/26336"}],"wp:attachment":[{"href":"https:\/\/anoticiaonline.com.br\/site\/wp-json\/wp\/v2\/media?parent=26335"}],"wp:term":[{"taxonomy":"category","embeddable":true,"href":"https:\/\/anoticiaonline.com.br\/site\/wp-json\/wp\/v2\/categories?post=26335"},{"taxonomy":"post_tag","embeddable":true,"href":"https:\/\/anoticiaonline.com.br\/site\/wp-json\/wp\/v2\/tags?post=26335"}],"curies":[{"name":"wp","href":"https:\/\/api.w.org\/{rel}","templated":true}]}}