{"id":26231,"date":"2017-03-14T17:51:57","date_gmt":"2017-03-14T20:51:57","guid":{"rendered":"http:\/\/anoticiaonline.com.br\/site\/?p=26231"},"modified":"2017-03-14T17:51:57","modified_gmt":"2017-03-14T20:51:57","slug":"muriae-sedia-etapa-regional-de-encontro-de-municipios-da-fnp","status":"publish","type":"post","link":"https:\/\/anoticiaonline.com.br\/site\/muriae-sedia-etapa-regional-de-encontro-de-municipios-da-fnp\/","title":{"rendered":"Muria\u00e9 sedia etapa regional de Encontro de Munic\u00edpios da FNP"},"content":{"rendered":"<p><a href=\"https:\/\/anoticiaonline.com.br\/site\/wp-content\/uploads\/2017\/02\/muriae.jpg\"><img fetchpriority=\"high\" decoding=\"async\" class=\" size-medium wp-image-24696 alignleft\" src=\"https:\/\/anoticiaonline.com.br\/site\/wp-content\/uploads\/2017\/02\/muriae-300x200.jpg\" alt=\"muriae\" width=\"300\" height=\"200\" srcset=\"https:\/\/anoticiaonline.com.br\/site\/wp-content\/uploads\/2017\/02\/muriae-300x200.jpg 300w, https:\/\/anoticiaonline.com.br\/site\/wp-content\/uploads\/2017\/02\/muriae.jpg 640w\" sizes=\"(max-width: 300px) 100vw, 300px\" \/><\/a>Muria\u00e9 recebe, no pr\u00f3ximo s\u00e1bado (18), o Lan\u00e7amento Regional Preparat\u00f3rio para o IV Encontro dos Munic\u00edpios com o Desenvolvimento Sustent\u00e1vel (EMDS). Promovida pela Prefeitura, em parceria com a Frente Nacional de Prefeitos (FNP) e o Sebrae, a reuni\u00e3o, que \u00e9 voltada principalmente a prefeitos e secret\u00e1rios municipais, acontece no Centro Universit\u00e1rio Unifaminas, com in\u00edcio \u00e0s 9h30min.<\/p>\n<p>O objetivo \u00e9 apresentar aos gestores a pr\u00e9via dos assuntos que ser\u00e3o discutidos na quarta edi\u00e7\u00e3o do EMDS, tido como o maior evento sobre sustentabilidade urbana do pa\u00eds. Os participantes poder\u00e3o, ainda, contribuir com a constru\u00e7\u00e3o do encontro, por meio de sugest\u00e3o de conte\u00fado a ser debatido e indica\u00e7\u00e3o de palestrantes.<\/p>\n<p>\u201cGostaria, desde j\u00e1, convidar os demais administradores p\u00fablicos de nossa regi\u00e3o para que compare\u00e7am a esta etapa regional. Ser\u00e1 uma atividade de grande import\u00e2ncia para que possamos adquirir novos conhecimentos e aprimorar nossas ideias em prol do desenvolvimento das cidades pelas quais somos respons\u00e1veis\u201d, destaca o prefeito Grego.<\/p>\n<p>Al\u00e9m da apresenta\u00e7\u00e3o do IV EMDS, os presentes ir\u00e3o conhecer tamb\u00e9m os projetos oferecidos pela FNP para o desenvolvimento das cidades \u2013 \u201cApoio ao Desenvolvimento de Projetos de Ruas Completas\u201d, \u201cModerniza\u00e7\u00e3o da Gest\u00e3o da Rede P\u00fablica de Educa\u00e7\u00e3o Municipal\u201d e \u201cCapacita\u00e7\u00e3o em Instrumentos de Transpar\u00eancia e Dados Fiscais\u201d, entre outros temas. A quarta edi\u00e7\u00e3o do encontro ser\u00e1 realizada de 24 a 28 de abril, em Bras\u00edlia.<\/p>\n","protected":false},"excerpt":{"rendered":"<p>Muria\u00e9 recebe, no pr\u00f3ximo s\u00e1bado (18), o Lan\u00e7amento Regional Preparat\u00f3rio para o IV Encontro dos Munic\u00edpios com o Desenvolvimento Sustent\u00e1vel (EMDS). Promovida pela Prefeitura, em parceria com a Frente Nacional de Prefeitos (FNP) e o Sebrae, a reuni\u00e3o, que \u00e9 voltada principalmente a prefeitos e secret\u00e1rios municipais, acontece no Centro Universit\u00e1rio Unifaminas, com in\u00edcio \u00e0s &#8230; <a title=\"Muria\u00e9 sedia etapa regional de Encontro de Munic\u00edpios da FNP\" class=\"read-more\" href=\"https:\/\/anoticiaonline.com.br\/site\/muriae-sedia-etapa-regional-de-encontro-de-municipios-da-fnp\/\" aria-label=\"Read more about Muria\u00e9 sedia etapa regional de Encontro de Munic\u00edpios da FNP\">Ler mais<\/a><\/p>\n","protected":false},"author":2,"featured_media":24696,"comment_status":"open","ping_status":"open","sticky":false,"template":"","format":"standard","meta":{"_acf_changed":false,"_monsterinsights_skip_tracking":false,"footnotes":""},"categories":[30],"tags":[3],"class_list":["post-26231","post","type-post","status-publish","format-standard","has-post-thumbnail","hentry","category-muriae","tag-slide"],"acf":[],"aioseo_notices":[],"aioseo_head":"\n\t\t<!-- All in One SEO 5.0.0.1 - aioseo.com -->\n\t<meta name=\"description\" content=\"Muria\u00e9 recebe, no pr\u00f3ximo s\u00e1bado (18), o Lan\u00e7amento Regional Preparat\u00f3rio para o IV Encontro dos Munic\u00edpios com o Desenvolvimento Sustent\u00e1vel (EMDS). Promovida pela Prefeitura, em parceria com a Frente Nacional de Prefeitos (FNP) e o Sebrae, a reuni\u00e3o, que \u00e9 voltada principalmente a prefeitos e secret\u00e1rios municipais, acontece no Centro Universit\u00e1rio Unifaminas, com in\u00edcio \u00e0s\" \/>\n\t<meta name=\"robots\" content=\"max-image-preview:large\" \/>\n\t<meta name=\"author\" content=\"Juliana Laviola\"\/>\n\t<link rel=\"canonical\" href=\"https:\/\/anoticiaonline.com.br\/site\/muriae-sedia-etapa-regional-de-encontro-de-municipios-da-fnp\/\" \/>\n\t<meta name=\"generator\" content=\"All in One SEO (AIOSEO) 5.0.0.1\" \/>\n\t\t<meta property=\"og:locale\" content=\"pt_BR\" \/>\n\t\t<meta property=\"og:site_name\" content=\"A Not\u00edcia Online - Noticias de Muria\u00e9 e regi\u00e3o\" \/>\n\t\t<meta property=\"og:type\" content=\"article\" \/>\n\t\t<meta property=\"og:title\" content=\"Muria\u00e9 sedia etapa regional de Encontro de Munic\u00edpios da FNP - A Not\u00edcia Online\" \/>\n\t\t<meta property=\"og:description\" content=\"Muria\u00e9 recebe, no pr\u00f3ximo s\u00e1bado (18), o Lan\u00e7amento Regional Preparat\u00f3rio para o IV Encontro dos Munic\u00edpios com o Desenvolvimento Sustent\u00e1vel (EMDS). Promovida pela Prefeitura, em parceria com a Frente Nacional de Prefeitos (FNP) e o Sebrae, a reuni\u00e3o, que \u00e9 voltada principalmente a prefeitos e secret\u00e1rios municipais, acontece no Centro Universit\u00e1rio Unifaminas, com in\u00edcio \u00e0s\" \/>\n\t\t<meta property=\"og:url\" content=\"https:\/\/anoticiaonline.com.br\/site\/muriae-sedia-etapa-regional-de-encontro-de-municipios-da-fnp\/\" \/>\n\t\t<meta property=\"og:image\" content=\"https:\/\/scontent-gig4-1.xx.fbcdn.net\/v\/t39.30808-1\/270437624_4564083193639691_6907940295614233970_n.jpg?stp=dst-jpg_s200x200_tt6&#038;_nc_cat=111&#038;ccb=1-7&#038;_nc_sid=f907e8&#038;_nc_ohc=SM1wRlP3lJwQ7kNvwEPuBYA&#038;_nc_oc=AdnqrjDN_BNjSSHWO-GbkIWH6fkGMLw4bqvL_NH6e2wMveX7G-rP2dAqsDSq1mJMOaY&#038;_nc_zt=24&#038;_nc_ht=scontent-gig4-1.xx&#038;_nc_gid=AoBFJeGrT1hVaew_6rchkQ&#038;oh=00_AfX7QmFGhQhG2jAllVgXCiM1ZrWgvtp80-Bfppyexh1QEg&#038;oe=689E923C\" \/>\n\t\t<meta property=\"og:image:secure_url\" content=\"https:\/\/scontent-gig4-1.xx.fbcdn.net\/v\/t39.30808-1\/270437624_4564083193639691_6907940295614233970_n.jpg?stp=dst-jpg_s200x200_tt6&#038;_nc_cat=111&#038;ccb=1-7&#038;_nc_sid=f907e8&#038;_nc_ohc=SM1wRlP3lJwQ7kNvwEPuBYA&#038;_nc_oc=AdnqrjDN_BNjSSHWO-GbkIWH6fkGMLw4bqvL_NH6e2wMveX7G-rP2dAqsDSq1mJMOaY&#038;_nc_zt=24&#038;_nc_ht=scontent-gig4-1.xx&#038;_nc_gid=AoBFJeGrT1hVaew_6rchkQ&#038;oh=00_AfX7QmFGhQhG2jAllVgXCiM1ZrWgvtp80-Bfppyexh1QEg&#038;oe=689E923C\" \/>\n\t\t<meta property=\"article:published_time\" content=\"2017-03-14T20:51:57+00:00\" \/>\n\t\t<meta property=\"article:modified_time\" content=\"2017-03-14T20:51:57+00:00\" \/>\n\t\t<meta name=\"twitter:card\" content=\"summary_large_image\" \/>\n\t\t<meta name=\"twitter:title\" content=\"Muria\u00e9 sedia etapa regional de Encontro de Munic\u00edpios da FNP - A Not\u00edcia Online\" \/>\n\t\t<meta name=\"twitter:description\" content=\"Muria\u00e9 recebe, no pr\u00f3ximo s\u00e1bado (18), o Lan\u00e7amento Regional Preparat\u00f3rio para o IV Encontro dos Munic\u00edpios com o Desenvolvimento Sustent\u00e1vel (EMDS). Promovida pela Prefeitura, em parceria com a Frente Nacional de Prefeitos (FNP) e o Sebrae, a reuni\u00e3o, que \u00e9 voltada principalmente a prefeitos e secret\u00e1rios municipais, acontece no Centro Universit\u00e1rio Unifaminas, com in\u00edcio \u00e0s\" \/>\n\t\t<meta name=\"twitter:image\" content=\"https:\/\/scontent-gig4-1.xx.fbcdn.net\/v\/t39.30808-1\/270437624_4564083193639691_6907940295614233970_n.jpg?stp=dst-jpg_s200x200_tt6&amp;_nc_cat=111&amp;ccb=1-7&amp;_nc_sid=f907e8&amp;_nc_ohc=SM1wRlP3lJwQ7kNvwEPuBYA&amp;_nc_oc=AdnqrjDN_BNjSSHWO-GbkIWH6fkGMLw4bqvL_NH6e2wMveX7G-rP2dAqsDSq1mJMOaY&amp;_nc_zt=24&amp;_nc_ht=scontent-gig4-1.xx&amp;_nc_gid=AoBFJeGrT1hVaew_6rchkQ&amp;oh=00_AfX7QmFGhQhG2jAllVgXCiM1ZrWgvtp80-Bfppyexh1QEg&amp;oe=689E923C\" \/>\n\t\t<script type=\"application\/ld+json\" class=\"aioseo-schema\">\n\t\t\t{\"@context\":\"https:\\\/\\\/schema.org\",\"@graph\":[{\"@type\":\"BlogPosting\",\"@id\":\"https:\\\/\\\/anoticiaonline.com.br\\\/site\\\/muriae-sedia-etapa-regional-de-encontro-de-municipios-da-fnp\\\/#blogposting\",\"name\":\"Muria\\u00e9 sedia etapa regional de Encontro de Munic\\u00edpios da FNP - A Not\\u00edcia Online\",\"headline\":\"Muria\\u00e9 sedia etapa regional de Encontro de Munic\\u00edpios da FNP\",\"author\":{\"@id\":\"https:\\\/\\\/anoticiaonline.com.br\\\/site\\\/author\\\/juliana\\\/#author\"},\"publisher\":{\"@id\":\"https:\\\/\\\/anoticiaonline.com.br\\\/site\\\/#organization\"},\"image\":{\"@type\":\"ImageObject\",\"url\":\"https:\\\/\\\/anoticiaonline.com.br\\\/site\\\/wp-content\\\/uploads\\\/2017\\\/02\\\/muriae.jpg\",\"width\":640,\"height\":426},\"datePublished\":\"2017-03-14T17:51:57-03:00\",\"dateModified\":\"2017-03-14T17:51:57-03:00\",\"inLanguage\":\"pt-BR\",\"mainEntityOfPage\":{\"@id\":\"https:\\\/\\\/anoticiaonline.com.br\\\/site\\\/muriae-sedia-etapa-regional-de-encontro-de-municipios-da-fnp\\\/#webpage\"},\"isPartOf\":{\"@id\":\"https:\\\/\\\/anoticiaonline.com.br\\\/site\\\/muriae-sedia-etapa-regional-de-encontro-de-municipios-da-fnp\\\/#webpage\"},\"articleSection\":\"Blog, slide\"},{\"@type\":\"BreadcrumbList\",\"@id\":\"https:\\\/\\\/anoticiaonline.com.br\\\/site\\\/muriae-sedia-etapa-regional-de-encontro-de-municipios-da-fnp\\\/#breadcrumblist\",\"itemListElement\":[{\"@type\":\"ListItem\",\"@id\":\"https:\\\/\\\/anoticiaonline.com.br\\\/site#listItem\",\"position\":1,\"name\":\"Home\",\"item\":\"https:\\\/\\\/anoticiaonline.com.br\\\/site\",\"nextItem\":{\"@type\":\"ListItem\",\"@id\":\"https:\\\/\\\/anoticiaonline.com.br\\\/site\\\/categoria\\\/muriae\\\/#listItem\",\"name\":\"Blog\"}},{\"@type\":\"ListItem\",\"@id\":\"https:\\\/\\\/anoticiaonline.com.br\\\/site\\\/categoria\\\/muriae\\\/#listItem\",\"position\":2,\"name\":\"Blog\",\"item\":\"https:\\\/\\\/anoticiaonline.com.br\\\/site\\\/categoria\\\/muriae\\\/\",\"nextItem\":{\"@type\":\"ListItem\",\"@id\":\"https:\\\/\\\/anoticiaonline.com.br\\\/site\\\/muriae-sedia-etapa-regional-de-encontro-de-municipios-da-fnp\\\/#listItem\",\"name\":\"Muria\\u00e9 sedia etapa regional de Encontro de Munic\\u00edpios da FNP\"},\"previousItem\":{\"@type\":\"ListItem\",\"@id\":\"https:\\\/\\\/anoticiaonline.com.br\\\/site#listItem\",\"name\":\"Home\"}},{\"@type\":\"ListItem\",\"@id\":\"https:\\\/\\\/anoticiaonline.com.br\\\/site\\\/muriae-sedia-etapa-regional-de-encontro-de-municipios-da-fnp\\\/#listItem\",\"position\":3,\"name\":\"Muria\\u00e9 sedia etapa regional de Encontro de Munic\\u00edpios da FNP\",\"previousItem\":{\"@type\":\"ListItem\",\"@id\":\"https:\\\/\\\/anoticiaonline.com.br\\\/site\\\/categoria\\\/muriae\\\/#listItem\",\"name\":\"Blog\"}}]},{\"@type\":\"Organization\",\"@id\":\"https:\\\/\\\/anoticiaonline.com.br\\\/site\\\/#organization\",\"name\":\"A Not\\u00edcia Online\",\"description\":\"Noticias de Muria\\u00e9 e regi\\u00e3o\",\"url\":\"https:\\\/\\\/anoticiaonline.com.br\\\/site\\\/\",\"logo\":{\"@type\":\"ImageObject\",\"url\":\"https:\\\/\\\/scontent-gig4-1.xx.fbcdn.net\\\/v\\\/t39.30808-1\\\/270437624_4564083193639691_6907940295614233970_n.jpg?stp=dst-jpg_s200x200_tt6&_nc_cat=111&ccb=1-7&_nc_sid=f907e8&_nc_ohc=SM1wRlP3lJwQ7kNvwEPuBYA&_nc_oc=AdnqrjDN_BNjSSHWO-GbkIWH6fkGMLw4bqvL_NH6e2wMveX7G-rP2dAqsDSq1mJMOaY&_nc_zt=24&_nc_ht=scontent-gig4-1.xx&_nc_gid=AoBFJeGrT1hVaew_6rchkQ&oh=00_AfX7QmFGhQhG2jAllVgXCiM1ZrWgvtp80-Bfppyexh1QEg&oe=689E923C\",\"@id\":\"https:\\\/\\\/anoticiaonline.com.br\\\/site\\\/muriae-sedia-etapa-regional-de-encontro-de-municipios-da-fnp\\\/#organizationLogo\"},\"image\":{\"@id\":\"https:\\\/\\\/anoticiaonline.com.br\\\/site\\\/muriae-sedia-etapa-regional-de-encontro-de-municipios-da-fnp\\\/#organizationLogo\"}},{\"@type\":\"Person\",\"@id\":\"https:\\\/\\\/anoticiaonline.com.br\\\/site\\\/author\\\/juliana\\\/#author\",\"url\":\"https:\\\/\\\/anoticiaonline.com.br\\\/site\\\/author\\\/juliana\\\/\",\"name\":\"Juliana Laviola\",\"image\":{\"@type\":\"ImageObject\",\"@id\":\"https:\\\/\\\/anoticiaonline.com.br\\\/site\\\/muriae-sedia-etapa-regional-de-encontro-de-municipios-da-fnp\\\/#authorImage\",\"url\":\"https:\\\/\\\/secure.gravatar.com\\\/avatar\\\/b8d45f5c699b100dfaf0e543582f38f38bf94cb7ae3a5e9abf8d891a34773335?s=96&d=mm&r=g\",\"width\":96,\"height\":96,\"caption\":\"Juliana Laviola\"}},{\"@type\":\"WebPage\",\"@id\":\"https:\\\/\\\/anoticiaonline.com.br\\\/site\\\/muriae-sedia-etapa-regional-de-encontro-de-municipios-da-fnp\\\/#webpage\",\"url\":\"https:\\\/\\\/anoticiaonline.com.br\\\/site\\\/muriae-sedia-etapa-regional-de-encontro-de-municipios-da-fnp\\\/\",\"name\":\"Muria\\u00e9 sedia etapa regional de Encontro de Munic\\u00edpios da FNP - A Not\\u00edcia Online\",\"description\":\"Muria\\u00e9 recebe, no pr\\u00f3ximo s\\u00e1bado (18), o Lan\\u00e7amento Regional Preparat\\u00f3rio para o IV Encontro dos Munic\\u00edpios com o Desenvolvimento Sustent\\u00e1vel (EMDS). Promovida pela Prefeitura, em parceria com a Frente Nacional de Prefeitos (FNP) e o Sebrae, a reuni\\u00e3o, que \\u00e9 voltada principalmente a prefeitos e secret\\u00e1rios municipais, acontece no Centro Universit\\u00e1rio Unifaminas, com in\\u00edcio \\u00e0s\",\"inLanguage\":\"pt-BR\",\"isPartOf\":{\"@id\":\"https:\\\/\\\/anoticiaonline.com.br\\\/site\\\/#website\"},\"breadcrumb\":{\"@id\":\"https:\\\/\\\/anoticiaonline.com.br\\\/site\\\/muriae-sedia-etapa-regional-de-encontro-de-municipios-da-fnp\\\/#breadcrumblist\"},\"author\":{\"@id\":\"https:\\\/\\\/anoticiaonline.com.br\\\/site\\\/author\\\/juliana\\\/#author\"},\"creator\":{\"@id\":\"https:\\\/\\\/anoticiaonline.com.br\\\/site\\\/author\\\/juliana\\\/#author\"},\"image\":{\"@type\":\"ImageObject\",\"url\":\"https:\\\/\\\/anoticiaonline.com.br\\\/site\\\/wp-content\\\/uploads\\\/2017\\\/02\\\/muriae.jpg\",\"@id\":\"https:\\\/\\\/anoticiaonline.com.br\\\/site\\\/muriae-sedia-etapa-regional-de-encontro-de-municipios-da-fnp\\\/#mainImage\",\"width\":640,\"height\":426},\"primaryImageOfPage\":{\"@id\":\"https:\\\/\\\/anoticiaonline.com.br\\\/site\\\/muriae-sedia-etapa-regional-de-encontro-de-municipios-da-fnp\\\/#mainImage\"},\"datePublished\":\"2017-03-14T17:51:57-03:00\",\"dateModified\":\"2017-03-14T17:51:57-03:00\"},{\"@type\":\"WebSite\",\"@id\":\"https:\\\/\\\/anoticiaonline.com.br\\\/site\\\/#website\",\"url\":\"https:\\\/\\\/anoticiaonline.com.br\\\/site\\\/\",\"name\":\"A Not\\u00edcia Online\",\"description\":\"Noticias de Muria\\u00e9 e regi\\u00e3o\",\"inLanguage\":\"pt-BR\",\"publisher\":{\"@id\":\"https:\\\/\\\/anoticiaonline.com.br\\\/site\\\/#organization\"}}]}\n\t\t<\/script>\n\t\t<!-- All in One SEO -->\n\n","aioseo_head_json":{"title":"Muria\u00e9 sedia etapa regional de Encontro de Munic\u00edpios da FNP - A Not\u00edcia Online","description":"Muria\u00e9 recebe, no pr\u00f3ximo s\u00e1bado (18), o Lan\u00e7amento Regional Preparat\u00f3rio para o IV Encontro dos Munic\u00edpios com o Desenvolvimento Sustent\u00e1vel (EMDS). Promovida pela Prefeitura, em parceria com a Frente Nacional de Prefeitos (FNP) e o Sebrae, a reuni\u00e3o, que \u00e9 voltada principalmente a prefeitos e secret\u00e1rios municipais, acontece no Centro Universit\u00e1rio Unifaminas, com in\u00edcio \u00e0s","canonical_url":"https:\/\/anoticiaonline.com.br\/site\/muriae-sedia-etapa-regional-de-encontro-de-municipios-da-fnp\/","robots":"max-image-preview:large","keywords":"","webmasterTools":{"miscellaneous":""},"schema":{"@context":"https:\/\/schema.org","@graph":[{"@type":"BlogPosting","@id":"https:\/\/anoticiaonline.com.br\/site\/muriae-sedia-etapa-regional-de-encontro-de-municipios-da-fnp\/#blogposting","name":"Muria\u00e9 sedia etapa regional de Encontro de Munic\u00edpios da FNP - A Not\u00edcia Online","headline":"Muria\u00e9 sedia etapa regional de Encontro de Munic\u00edpios da FNP","author":{"@id":"https:\/\/anoticiaonline.com.br\/site\/author\/juliana\/#author"},"publisher":{"@id":"https:\/\/anoticiaonline.com.br\/site\/#organization"},"image":{"@type":"ImageObject","url":"https:\/\/anoticiaonline.com.br\/site\/wp-content\/uploads\/2017\/02\/muriae.jpg","width":640,"height":426},"datePublished":"2017-03-14T17:51:57-03:00","dateModified":"2017-03-14T17:51:57-03:00","inLanguage":"pt-BR","mainEntityOfPage":{"@id":"https:\/\/anoticiaonline.com.br\/site\/muriae-sedia-etapa-regional-de-encontro-de-municipios-da-fnp\/#webpage"},"isPartOf":{"@id":"https:\/\/anoticiaonline.com.br\/site\/muriae-sedia-etapa-regional-de-encontro-de-municipios-da-fnp\/#webpage"},"articleSection":"Blog, slide"},{"@type":"BreadcrumbList","@id":"https:\/\/anoticiaonline.com.br\/site\/muriae-sedia-etapa-regional-de-encontro-de-municipios-da-fnp\/#breadcrumblist","itemListElement":[{"@type":"ListItem","@id":"https:\/\/anoticiaonline.com.br\/site#listItem","position":1,"name":"Home","item":"https:\/\/anoticiaonline.com.br\/site","nextItem":{"@type":"ListItem","@id":"https:\/\/anoticiaonline.com.br\/site\/categoria\/muriae\/#listItem","name":"Blog"}},{"@type":"ListItem","@id":"https:\/\/anoticiaonline.com.br\/site\/categoria\/muriae\/#listItem","position":2,"name":"Blog","item":"https:\/\/anoticiaonline.com.br\/site\/categoria\/muriae\/","nextItem":{"@type":"ListItem","@id":"https:\/\/anoticiaonline.com.br\/site\/muriae-sedia-etapa-regional-de-encontro-de-municipios-da-fnp\/#listItem","name":"Muria\u00e9 sedia etapa regional de Encontro de Munic\u00edpios da FNP"},"previousItem":{"@type":"ListItem","@id":"https:\/\/anoticiaonline.com.br\/site#listItem","name":"Home"}},{"@type":"ListItem","@id":"https:\/\/anoticiaonline.com.br\/site\/muriae-sedia-etapa-regional-de-encontro-de-municipios-da-fnp\/#listItem","position":3,"name":"Muria\u00e9 sedia etapa regional de Encontro de Munic\u00edpios da FNP","previousItem":{"@type":"ListItem","@id":"https:\/\/anoticiaonline.com.br\/site\/categoria\/muriae\/#listItem","name":"Blog"}}]},{"@type":"Organization","@id":"https:\/\/anoticiaonline.com.br\/site\/#organization","name":"A Not\u00edcia Online","description":"Noticias de Muria\u00e9 e regi\u00e3o","url":"https:\/\/anoticiaonline.com.br\/site\/","logo":{"@type":"ImageObject","url":"https:\/\/scontent-gig4-1.xx.fbcdn.net\/v\/t39.30808-1\/270437624_4564083193639691_6907940295614233970_n.jpg?stp=dst-jpg_s200x200_tt6&_nc_cat=111&ccb=1-7&_nc_sid=f907e8&_nc_ohc=SM1wRlP3lJwQ7kNvwEPuBYA&_nc_oc=AdnqrjDN_BNjSSHWO-GbkIWH6fkGMLw4bqvL_NH6e2wMveX7G-rP2dAqsDSq1mJMOaY&_nc_zt=24&_nc_ht=scontent-gig4-1.xx&_nc_gid=AoBFJeGrT1hVaew_6rchkQ&oh=00_AfX7QmFGhQhG2jAllVgXCiM1ZrWgvtp80-Bfppyexh1QEg&oe=689E923C","@id":"https:\/\/anoticiaonline.com.br\/site\/muriae-sedia-etapa-regional-de-encontro-de-municipios-da-fnp\/#organizationLogo"},"image":{"@id":"https:\/\/anoticiaonline.com.br\/site\/muriae-sedia-etapa-regional-de-encontro-de-municipios-da-fnp\/#organizationLogo"}},{"@type":"Person","@id":"https:\/\/anoticiaonline.com.br\/site\/author\/juliana\/#author","url":"https:\/\/anoticiaonline.com.br\/site\/author\/juliana\/","name":"Juliana Laviola","image":{"@type":"ImageObject","@id":"https:\/\/anoticiaonline.com.br\/site\/muriae-sedia-etapa-regional-de-encontro-de-municipios-da-fnp\/#authorImage","url":"https:\/\/secure.gravatar.com\/avatar\/b8d45f5c699b100dfaf0e543582f38f38bf94cb7ae3a5e9abf8d891a34773335?s=96&d=mm&r=g","width":96,"height":96,"caption":"Juliana Laviola"}},{"@type":"WebPage","@id":"https:\/\/anoticiaonline.com.br\/site\/muriae-sedia-etapa-regional-de-encontro-de-municipios-da-fnp\/#webpage","url":"https:\/\/anoticiaonline.com.br\/site\/muriae-sedia-etapa-regional-de-encontro-de-municipios-da-fnp\/","name":"Muria\u00e9 sedia etapa regional de Encontro de Munic\u00edpios da FNP - A Not\u00edcia Online","description":"Muria\u00e9 recebe, no pr\u00f3ximo s\u00e1bado (18), o Lan\u00e7amento Regional Preparat\u00f3rio para o IV Encontro dos Munic\u00edpios com o Desenvolvimento Sustent\u00e1vel (EMDS). Promovida pela Prefeitura, em parceria com a Frente Nacional de Prefeitos (FNP) e o Sebrae, a reuni\u00e3o, que \u00e9 voltada principalmente a prefeitos e secret\u00e1rios municipais, acontece no Centro Universit\u00e1rio Unifaminas, com in\u00edcio \u00e0s","inLanguage":"pt-BR","isPartOf":{"@id":"https:\/\/anoticiaonline.com.br\/site\/#website"},"breadcrumb":{"@id":"https:\/\/anoticiaonline.com.br\/site\/muriae-sedia-etapa-regional-de-encontro-de-municipios-da-fnp\/#breadcrumblist"},"author":{"@id":"https:\/\/anoticiaonline.com.br\/site\/author\/juliana\/#author"},"creator":{"@id":"https:\/\/anoticiaonline.com.br\/site\/author\/juliana\/#author"},"image":{"@type":"ImageObject","url":"https:\/\/anoticiaonline.com.br\/site\/wp-content\/uploads\/2017\/02\/muriae.jpg","@id":"https:\/\/anoticiaonline.com.br\/site\/muriae-sedia-etapa-regional-de-encontro-de-municipios-da-fnp\/#mainImage","width":640,"height":426},"primaryImageOfPage":{"@id":"https:\/\/anoticiaonline.com.br\/site\/muriae-sedia-etapa-regional-de-encontro-de-municipios-da-fnp\/#mainImage"},"datePublished":"2017-03-14T17:51:57-03:00","dateModified":"2017-03-14T17:51:57-03:00"},{"@type":"WebSite","@id":"https:\/\/anoticiaonline.com.br\/site\/#website","url":"https:\/\/anoticiaonline.com.br\/site\/","name":"A Not\u00edcia Online","description":"Noticias de Muria\u00e9 e regi\u00e3o","inLanguage":"pt-BR","publisher":{"@id":"https:\/\/anoticiaonline.com.br\/site\/#organization"}}]},"og:locale":"pt_BR","og:site_name":"A Not\u00edcia Online - Noticias de Muria\u00e9 e regi\u00e3o","og:type":"article","og:title":"Muria\u00e9 sedia etapa regional de Encontro de Munic\u00edpios da FNP - A Not\u00edcia Online","og:description":"Muria\u00e9 recebe, no pr\u00f3ximo s\u00e1bado (18), o Lan\u00e7amento Regional Preparat\u00f3rio para o IV Encontro dos Munic\u00edpios com o Desenvolvimento Sustent\u00e1vel (EMDS). Promovida pela Prefeitura, em parceria com a Frente Nacional de Prefeitos (FNP) e o Sebrae, a reuni\u00e3o, que \u00e9 voltada principalmente a prefeitos e secret\u00e1rios municipais, acontece no Centro Universit\u00e1rio Unifaminas, com in\u00edcio \u00e0s","og:url":"https:\/\/anoticiaonline.com.br\/site\/muriae-sedia-etapa-regional-de-encontro-de-municipios-da-fnp\/","og:image":"https:\/\/scontent-gig4-1.xx.fbcdn.net\/v\/t39.30808-1\/270437624_4564083193639691_6907940295614233970_n.jpg?stp=dst-jpg_s200x200_tt6&#038;_nc_cat=111&#038;ccb=1-7&#038;_nc_sid=f907e8&#038;_nc_ohc=SM1wRlP3lJwQ7kNvwEPuBYA&#038;_nc_oc=AdnqrjDN_BNjSSHWO-GbkIWH6fkGMLw4bqvL_NH6e2wMveX7G-rP2dAqsDSq1mJMOaY&#038;_nc_zt=24&#038;_nc_ht=scontent-gig4-1.xx&#038;_nc_gid=AoBFJeGrT1hVaew_6rchkQ&#038;oh=00_AfX7QmFGhQhG2jAllVgXCiM1ZrWgvtp80-Bfppyexh1QEg&#038;oe=689E923C","og:image:secure_url":"https:\/\/scontent-gig4-1.xx.fbcdn.net\/v\/t39.30808-1\/270437624_4564083193639691_6907940295614233970_n.jpg?stp=dst-jpg_s200x200_tt6&#038;_nc_cat=111&#038;ccb=1-7&#038;_nc_sid=f907e8&#038;_nc_ohc=SM1wRlP3lJwQ7kNvwEPuBYA&#038;_nc_oc=AdnqrjDN_BNjSSHWO-GbkIWH6fkGMLw4bqvL_NH6e2wMveX7G-rP2dAqsDSq1mJMOaY&#038;_nc_zt=24&#038;_nc_ht=scontent-gig4-1.xx&#038;_nc_gid=AoBFJeGrT1hVaew_6rchkQ&#038;oh=00_AfX7QmFGhQhG2jAllVgXCiM1ZrWgvtp80-Bfppyexh1QEg&#038;oe=689E923C","article:published_time":"2017-03-14T20:51:57+00:00","article:modified_time":"2017-03-14T20:51:57+00:00","twitter:card":"summary_large_image","twitter:title":"Muria\u00e9 sedia etapa regional de Encontro de Munic\u00edpios da FNP - A Not\u00edcia Online","twitter:description":"Muria\u00e9 recebe, no pr\u00f3ximo s\u00e1bado (18), o Lan\u00e7amento Regional Preparat\u00f3rio para o IV Encontro dos Munic\u00edpios com o Desenvolvimento Sustent\u00e1vel (EMDS). Promovida pela Prefeitura, em parceria com a Frente Nacional de Prefeitos (FNP) e o Sebrae, a reuni\u00e3o, que \u00e9 voltada principalmente a prefeitos e secret\u00e1rios municipais, acontece no Centro Universit\u00e1rio Unifaminas, com in\u00edcio \u00e0s","twitter:image":"https:\/\/scontent-gig4-1.xx.fbcdn.net\/v\/t39.30808-1\/270437624_4564083193639691_6907940295614233970_n.jpg?stp=dst-jpg_s200x200_tt6&_nc_cat=111&ccb=1-7&_nc_sid=f907e8&_nc_ohc=SM1wRlP3lJwQ7kNvwEPuBYA&_nc_oc=AdnqrjDN_BNjSSHWO-GbkIWH6fkGMLw4bqvL_NH6e2wMveX7G-rP2dAqsDSq1mJMOaY&_nc_zt=24&_nc_ht=scontent-gig4-1.xx&_nc_gid=AoBFJeGrT1hVaew_6rchkQ&oh=00_AfX7QmFGhQhG2jAllVgXCiM1ZrWgvtp80-Bfppyexh1QEg&oe=689E923C"},"aioseo_meta_data":{"post_id":"26231","title":null,"description":null,"keywords":null,"keyphrases":null,"primary_term":null,"canonical_url":null,"og_title":null,"og_description":null,"og_object_type":"default","og_image_type":"default","og_image_url":null,"og_image_width":null,"og_image_height":null,"og_image_custom_url":null,"og_image_custom_fields":null,"og_video":null,"og_custom_url":null,"og_article_section":null,"og_article_tags":null,"twitter_use_og":false,"twitter_card":"default","twitter_image_type":"default","twitter_image_url":null,"twitter_image_custom_url":null,"twitter_image_custom_fields":null,"twitter_title":null,"twitter_description":null,"schema":{"blockGraphs":[],"customGraphs":[],"default":{"data":{"Article":[],"Course":[],"Dataset":[],"FAQPage":[],"Movie":[],"Person":[],"Product":[],"ProductReview":[],"Car":[],"Recipe":[],"Service":[],"SoftwareApplication":[],"WebPage":[]},"graphName":"","isEnabled":true},"graphs":[]},"schema_type":"default","schema_type_options":null,"pillar_content":false,"robots_default":true,"robots_noindex":false,"robots_noarchive":false,"robots_nosnippet":false,"robots_nofollow":false,"robots_noimageindex":false,"robots_noodp":false,"robots_notranslate":false,"robots_max_snippet":null,"robots_max_videopreview":null,"robots_max_imagepreview":"large","priority":null,"frequency":null,"local_seo":null,"breadcrumb_settings":null,"limit_modified_date":false,"ai":null,"created":"2025-08-16 17:57:22","updated":"2025-08-16 17:57:22","focus_keyword":null,"additional_keywords":null,"truseo_locale":null,"seo_analyzer_scan_date":null},"aioseo_breadcrumb":"<div class=\"aioseo-breadcrumbs\"><span class=\"aioseo-breadcrumb\">\n\t\t\t<a href=\"https:\/\/anoticiaonline.com.br\/site\" title=\"Home\">Home<\/a>\n\t\t<\/span><span class=\"aioseo-breadcrumb-separator\">&raquo;<\/span><span class=\"aioseo-breadcrumb\">\n\t\t\t<a href=\"https:\/\/anoticiaonline.com.br\/site\/categoria\/muriae\/\" title=\"Blog\">Blog<\/a>\n\t\t<\/span><span class=\"aioseo-breadcrumb-separator\">&raquo;<\/span><span class=\"aioseo-breadcrumb\">\n\t\t\tMuria\u00e9 sedia etapa regional de Encontro de Munic\u00edpios da FNP\n\t\t<\/span><\/div>","aioseo_breadcrumb_json":[{"label":"Home","link":"https:\/\/anoticiaonline.com.br\/site"},{"label":"Blog","link":"https:\/\/anoticiaonline.com.br\/site\/categoria\/muriae\/"},{"label":"Muria\u00e9 sedia etapa regional de Encontro de Munic\u00edpios da FNP","link":"https:\/\/anoticiaonline.com.br\/site\/muriae-sedia-etapa-regional-de-encontro-de-municipios-da-fnp\/"}],"views":126,"_links":{"self":[{"href":"https:\/\/anoticiaonline.com.br\/site\/wp-json\/wp\/v2\/posts\/26231","targetHints":{"allow":["GET"]}}],"collection":[{"href":"https:\/\/anoticiaonline.com.br\/site\/wp-json\/wp\/v2\/posts"}],"about":[{"href":"https:\/\/anoticiaonline.com.br\/site\/wp-json\/wp\/v2\/types\/post"}],"author":[{"embeddable":true,"href":"https:\/\/anoticiaonline.com.br\/site\/wp-json\/wp\/v2\/users\/2"}],"replies":[{"embeddable":true,"href":"https:\/\/anoticiaonline.com.br\/site\/wp-json\/wp\/v2\/comments?post=26231"}],"version-history":[{"count":0,"href":"https:\/\/anoticiaonline.com.br\/site\/wp-json\/wp\/v2\/posts\/26231\/revisions"}],"wp:featuredmedia":[{"embeddable":true,"href":"https:\/\/anoticiaonline.com.br\/site\/wp-json\/wp\/v2\/media\/24696"}],"wp:attachment":[{"href":"https:\/\/anoticiaonline.com.br\/site\/wp-json\/wp\/v2\/media?parent=26231"}],"wp:term":[{"taxonomy":"category","embeddable":true,"href":"https:\/\/anoticiaonline.com.br\/site\/wp-json\/wp\/v2\/categories?post=26231"},{"taxonomy":"post_tag","embeddable":true,"href":"https:\/\/anoticiaonline.com.br\/site\/wp-json\/wp\/v2\/tags?post=26231"}],"curies":[{"name":"wp","href":"https:\/\/api.w.org\/{rel}","templated":true}]}}