{"id":26142,"date":"2017-03-14T10:32:46","date_gmt":"2017-03-14T13:32:46","guid":{"rendered":"http:\/\/anoticiaonline.com.br\/site\/?p=26142"},"modified":"2017-03-16T20:08:24","modified_gmt":"2017-03-16T23:08:24","slug":"capitao-sandro-volta-a-comandar-a-76a-companhia-de-policia-militar","status":"publish","type":"post","link":"https:\/\/anoticiaonline.com.br\/site\/capitao-sandro-volta-a-comandar-a-76a-companhia-de-policia-militar\/","title":{"rendered":"Capit\u00e3o Sandro volta a comandar a 76\u00aa Companhia de Pol\u00edcia Militar"},"content":{"rendered":"<figure id=\"attachment_26143\" aria-describedby=\"caption-attachment-26143\" style=\"width: 290px\" class=\"wp-caption alignleft\"><a href=\"https:\/\/anoticiaonline.com.br\/site\/wp-content\/uploads\/2017\/03\/Capit\u00e3o-Sandro-volta-a-comandar-a-76\u00aa-Companhia.jpg\"><img fetchpriority=\"high\" decoding=\"async\" class=\"size-medium wp-image-26143\" src=\"https:\/\/anoticiaonline.com.br\/site\/wp-content\/uploads\/2017\/03\/Capit\u00e3o-Sandro-volta-a-comandar-a-76\u00aa-Companhia-300x217.jpg\" alt=\"Capit\u00e3o Sandro Josefino, novo comandante da 76\u00aa Companhia  \" width=\"300\" height=\"217\" srcset=\"https:\/\/anoticiaonline.com.br\/site\/wp-content\/uploads\/2017\/03\/Capit\u00e3o-Sandro-volta-a-comandar-a-76\u00aa-Companhia-300x217.jpg 300w, https:\/\/anoticiaonline.com.br\/site\/wp-content\/uploads\/2017\/03\/Capit\u00e3o-Sandro-volta-a-comandar-a-76\u00aa-Companhia.jpg 640w\" sizes=\"(max-width: 300px) 100vw, 300px\" \/><\/a><figcaption id=\"caption-attachment-26143\" class=\"wp-caption-text\">Capit\u00e3o Sandro Josefino, novo comandante da 76\u00aa Companhia<\/figcaption><\/figure>\n<p>Ap\u00f3s mais de um ano atuando em Al\u00e9m Para\u00edba, como comandante da 52\u00aa Companhia, subordinada \u00e0 6\u00aa Companhia Independente, sediada em Leopoldina, o capit\u00e3o Sandro Josefino da Silva voltou para Muria\u00e9, para assumir novamente o comando da 76\u00aa Companhia de Pol\u00edcia Militar. O oficial substitui o major Fortunato, que foi promovido e transferido para Belo Horizonte.<\/p>\n<p>\u201cMuita gente achou que eu tinha sido promovido em 2016 e que tinha ido para Al\u00e9m Para\u00edba com a promo\u00e7\u00e3o, mas na verdade n\u00e3o foi isso. A quest\u00e3o \u00e9 que abriu-se uma vaga de capit\u00e3o em Al\u00e9m Para\u00edba, e dadas as circunst\u00e2ncias da realidade do Batalh\u00e3o de Muria\u00e9, o ent\u00e3o comandante escolheu a mim para ir para aquela cidade. Foi uma cidade muito tranquila para trabalhar. Consegui fazer bons servi\u00e7os l\u00e1, com uma equipe de policiais muito boa, operante e legalista. Por\u00e9m, sempre tive a pretens\u00e3o de voltar para Muria\u00e9, at\u00e9 porque, minha fam\u00edlia toda mora aqui e a cidade de Muria\u00e9 foi onde escolhi para viver. Por isso, quis voltar para dar mais uma cota de contribui\u00e7\u00e3o na parte de seguran\u00e7a p\u00fablica\u201d, relata ele, que assumiu oficialmente a Companhia na \u00faltima quinta-feira (9).<\/p>\n<p>O capit\u00e3o Sandro conta que voltou motivado e que pretende realizar diversos projetos relacionados \u00e0 seguran\u00e7a p\u00fablica, fazendo uso de alguns mecanismos que j\u00e1 existem na cidade e alguns novos que podem favorecer a preven\u00e7\u00e3o e a investiga\u00e7\u00e3o de crimes.<\/p>\n<p>Natural de Carangola, mas muriaeense de cora\u00e7\u00e3o (foi agraciado, inclusive, pela C\u00e2mara de Vereadores com o t\u00edtulo de Cidadania Honor\u00e1ria), dentre as qualidades do capit\u00e3o Sandro destaca-se sua capacidade de gest\u00e3o focada nas pessoas, prezando pelo relacionamento interpessoal, n\u00e3o s\u00f3 com o p\u00fablico interno, mas com os demais segmentos da sociedade e com a pr\u00f3pria comunidade em geral.<\/p>\n<p>O capit\u00e3o Sandro formou-se no primeiro curso de soldado de Muria\u00e9 da d\u00e9cada de 1990, que teve in\u00edcio em outubro de 1993.<\/p>\n<p>Ap\u00f3s trabalhar em diversas cidades pertencentes ao 21\u00ba Batalh\u00e3o de Pol\u00edcia Militar, em Ub\u00e1, retornou a Muria\u00e9 em 1996. Foi, ent\u00e3o, aprovado no Curso de Forma\u00e7\u00e3o de Oficiais (CFO), ingressando no mesmo no in\u00edcio de 1997 e formando-se em 2000, sendo classificado em Patos de Minas (15\u00ba BPM).<\/p>\n<p>Em 2001, foi transferido para o 9\u00ba BPM, em Barbacena. Em 2003 retornou ao 21\u00ba BPM, em Ub\u00e1, e ap\u00f3s tr\u00eas meses, j\u00e1 em 2002, conseguiu voltar a trabalhar em Muria\u00e9, onde tinha estado desde ent\u00e3o at\u00e9 ser transferido para Al\u00e9m Para\u00edba, em 2016.<\/p>\n<p>Ainda em Muria\u00e9, participou da transi\u00e7\u00e3o de Companhia para o 47\u00ba Batalh\u00e3o de Pol\u00edcia Militar, fato que ocorreu em 2007.<\/p>\n<p>Em 2013 voltou a comandar a 76\u00aa Companhia. No ano de 2014, ingressou no Curso Especializado em Seguran\u00e7a P\u00fablica (CESP), considerado uma p\u00f3s-gradua\u00e7\u00e3o e requisito para a promo\u00e7\u00e3o a major. Durante o per\u00edodo do curso, o oficial foi substitu\u00eddo pelo tenente Martins.<\/p>\n<p>Mas o ano 2015 foi o auge do seu comando \u00e0 frente da Companhia, como o pr\u00f3prio oficial considera. \u201cDesde o in\u00edcio do ano consegu\u00edamos \u00edndices hist\u00f3ricos e recordes em compara\u00e7\u00e3o a todos os anos anteriores\u201d, diz.<\/p>\n<p>Em agosto deste mesmo ano, foi remanejado para a chefia da P2, Setor de Intelig\u00eancia da PM. Em mar\u00e7o de 2016, foi transferido para Al\u00e9m Para\u00edba, onde atuava at\u00e9 ent\u00e3o.<\/p>\n","protected":false},"excerpt":{"rendered":"<p>Ap\u00f3s mais de um ano atuando em Al\u00e9m Para\u00edba, como comandante da 52\u00aa Companhia, subordinada \u00e0 6\u00aa Companhia Independente, sediada em Leopoldina, o capit\u00e3o Sandro Josefino da Silva voltou para Muria\u00e9, para assumir novamente o comando da 76\u00aa Companhia de Pol\u00edcia Militar. O oficial substitui o major Fortunato, que foi promovido e transferido para Belo &#8230; <a title=\"Capit\u00e3o Sandro volta a comandar a 76\u00aa Companhia de Pol\u00edcia Militar\" class=\"read-more\" href=\"https:\/\/anoticiaonline.com.br\/site\/capitao-sandro-volta-a-comandar-a-76a-companhia-de-policia-militar\/\" aria-label=\"Read more about Capit\u00e3o Sandro volta a comandar a 76\u00aa Companhia de Pol\u00edcia Militar\">Ler mais<\/a><\/p>\n","protected":false},"author":2,"featured_media":26143,"comment_status":"open","ping_status":"open","sticky":false,"template":"","format":"standard","meta":{"_acf_changed":false,"_monsterinsights_skip_tracking":false,"footnotes":""},"categories":[30],"tags":[3],"class_list":["post-26142","post","type-post","status-publish","format-standard","has-post-thumbnail","hentry","category-muriae","tag-slide"],"acf":[],"aioseo_notices":[],"aioseo_head":"\n\t\t<!-- All in One SEO 5.0.0.1 - aioseo.com -->\n\t<meta name=\"description\" content=\"Ap\u00f3s mais de um ano atuando em Al\u00e9m Para\u00edba, como comandante da 52\u00aa Companhia, subordinada \u00e0 6\u00aa Companhia Independente, sediada em Leopoldina, o capit\u00e3o Sandro Josefino da Silva voltou para Muria\u00e9, para assumir novamente o comando da 76\u00aa Companhia de Pol\u00edcia Militar. O oficial substitui o major Fortunato, que foi promovido e transferido para Belo\" \/>\n\t<meta name=\"robots\" content=\"max-image-preview:large\" \/>\n\t<meta name=\"author\" content=\"Juliana Laviola\"\/>\n\t<link rel=\"canonical\" href=\"https:\/\/anoticiaonline.com.br\/site\/capitao-sandro-volta-a-comandar-a-76a-companhia-de-policia-militar\/\" \/>\n\t<meta name=\"generator\" content=\"All in One SEO (AIOSEO) 5.0.0.1\" \/>\n\t\t<meta property=\"og:locale\" content=\"pt_BR\" \/>\n\t\t<meta property=\"og:site_name\" content=\"A Not\u00edcia Online - Noticias de Muria\u00e9 e regi\u00e3o\" \/>\n\t\t<meta property=\"og:type\" content=\"article\" \/>\n\t\t<meta property=\"og:title\" content=\"Capit\u00e3o Sandro volta a comandar a 76\u00aa Companhia de Pol\u00edcia Militar - A Not\u00edcia Online\" \/>\n\t\t<meta property=\"og:description\" content=\"Ap\u00f3s mais de um ano atuando em Al\u00e9m Para\u00edba, como comandante da 52\u00aa Companhia, subordinada \u00e0 6\u00aa Companhia Independente, sediada em Leopoldina, o capit\u00e3o Sandro Josefino da Silva voltou para Muria\u00e9, para assumir novamente o comando da 76\u00aa Companhia de Pol\u00edcia Militar. O oficial substitui o major Fortunato, que foi promovido e transferido para Belo\" \/>\n\t\t<meta property=\"og:url\" content=\"https:\/\/anoticiaonline.com.br\/site\/capitao-sandro-volta-a-comandar-a-76a-companhia-de-policia-militar\/\" \/>\n\t\t<meta property=\"og:image\" content=\"https:\/\/scontent-gig4-1.xx.fbcdn.net\/v\/t39.30808-1\/270437624_4564083193639691_6907940295614233970_n.jpg?stp=dst-jpg_s200x200_tt6&#038;_nc_cat=111&#038;ccb=1-7&#038;_nc_sid=f907e8&#038;_nc_ohc=SM1wRlP3lJwQ7kNvwEPuBYA&#038;_nc_oc=AdnqrjDN_BNjSSHWO-GbkIWH6fkGMLw4bqvL_NH6e2wMveX7G-rP2dAqsDSq1mJMOaY&#038;_nc_zt=24&#038;_nc_ht=scontent-gig4-1.xx&#038;_nc_gid=AoBFJeGrT1hVaew_6rchkQ&#038;oh=00_AfX7QmFGhQhG2jAllVgXCiM1ZrWgvtp80-Bfppyexh1QEg&#038;oe=689E923C\" \/>\n\t\t<meta property=\"og:image:secure_url\" content=\"https:\/\/scontent-gig4-1.xx.fbcdn.net\/v\/t39.30808-1\/270437624_4564083193639691_6907940295614233970_n.jpg?stp=dst-jpg_s200x200_tt6&#038;_nc_cat=111&#038;ccb=1-7&#038;_nc_sid=f907e8&#038;_nc_ohc=SM1wRlP3lJwQ7kNvwEPuBYA&#038;_nc_oc=AdnqrjDN_BNjSSHWO-GbkIWH6fkGMLw4bqvL_NH6e2wMveX7G-rP2dAqsDSq1mJMOaY&#038;_nc_zt=24&#038;_nc_ht=scontent-gig4-1.xx&#038;_nc_gid=AoBFJeGrT1hVaew_6rchkQ&#038;oh=00_AfX7QmFGhQhG2jAllVgXCiM1ZrWgvtp80-Bfppyexh1QEg&#038;oe=689E923C\" \/>\n\t\t<meta property=\"article:published_time\" content=\"2017-03-14T13:32:46+00:00\" \/>\n\t\t<meta property=\"article:modified_time\" content=\"2017-03-16T23:08:24+00:00\" \/>\n\t\t<meta name=\"twitter:card\" content=\"summary_large_image\" \/>\n\t\t<meta name=\"twitter:title\" content=\"Capit\u00e3o Sandro volta a comandar a 76\u00aa Companhia de Pol\u00edcia Militar - A Not\u00edcia Online\" \/>\n\t\t<meta name=\"twitter:description\" content=\"Ap\u00f3s mais de um ano atuando em Al\u00e9m Para\u00edba, como comandante da 52\u00aa Companhia, subordinada \u00e0 6\u00aa Companhia Independente, sediada em Leopoldina, o capit\u00e3o Sandro Josefino da Silva voltou para Muria\u00e9, para assumir novamente o comando da 76\u00aa Companhia de Pol\u00edcia Militar. O oficial substitui o major Fortunato, que foi promovido e transferido para Belo\" \/>\n\t\t<meta name=\"twitter:image\" content=\"https:\/\/scontent-gig4-1.xx.fbcdn.net\/v\/t39.30808-1\/270437624_4564083193639691_6907940295614233970_n.jpg?stp=dst-jpg_s200x200_tt6&amp;_nc_cat=111&amp;ccb=1-7&amp;_nc_sid=f907e8&amp;_nc_ohc=SM1wRlP3lJwQ7kNvwEPuBYA&amp;_nc_oc=AdnqrjDN_BNjSSHWO-GbkIWH6fkGMLw4bqvL_NH6e2wMveX7G-rP2dAqsDSq1mJMOaY&amp;_nc_zt=24&amp;_nc_ht=scontent-gig4-1.xx&amp;_nc_gid=AoBFJeGrT1hVaew_6rchkQ&amp;oh=00_AfX7QmFGhQhG2jAllVgXCiM1ZrWgvtp80-Bfppyexh1QEg&amp;oe=689E923C\" \/>\n\t\t<script type=\"application\/ld+json\" class=\"aioseo-schema\">\n\t\t\t{\"@context\":\"https:\\\/\\\/schema.org\",\"@graph\":[{\"@type\":\"BlogPosting\",\"@id\":\"https:\\\/\\\/anoticiaonline.com.br\\\/site\\\/capitao-sandro-volta-a-comandar-a-76a-companhia-de-policia-militar\\\/#blogposting\",\"name\":\"Capit\\u00e3o Sandro volta a comandar a 76\\u00aa Companhia de Pol\\u00edcia Militar - A Not\\u00edcia Online\",\"headline\":\"Capit\\u00e3o Sandro volta a comandar a 76\\u00aa Companhia de Pol\\u00edcia Militar\",\"author\":{\"@id\":\"https:\\\/\\\/anoticiaonline.com.br\\\/site\\\/author\\\/juliana\\\/#author\"},\"publisher\":{\"@id\":\"https:\\\/\\\/anoticiaonline.com.br\\\/site\\\/#organization\"},\"image\":{\"@type\":\"ImageObject\",\"url\":\"https:\\\/\\\/anoticiaonline.com.br\\\/site\\\/wp-content\\\/uploads\\\/2017\\\/03\\\/Capit\\u00e3o-Sandro-volta-a-comandar-a-76\\u00aa-Companhia.jpg\",\"width\":640,\"height\":462,\"caption\":\"Capit\\u00e3o Sandro Josefino, novo comandante da 76\\u00aa Companhia\"},\"datePublished\":\"2017-03-14T10:32:46-03:00\",\"dateModified\":\"2017-03-16T20:08:24-03:00\",\"inLanguage\":\"pt-BR\",\"commentCount\":2,\"mainEntityOfPage\":{\"@id\":\"https:\\\/\\\/anoticiaonline.com.br\\\/site\\\/capitao-sandro-volta-a-comandar-a-76a-companhia-de-policia-militar\\\/#webpage\"},\"isPartOf\":{\"@id\":\"https:\\\/\\\/anoticiaonline.com.br\\\/site\\\/capitao-sandro-volta-a-comandar-a-76a-companhia-de-policia-militar\\\/#webpage\"},\"articleSection\":\"Blog, slide\"},{\"@type\":\"BreadcrumbList\",\"@id\":\"https:\\\/\\\/anoticiaonline.com.br\\\/site\\\/capitao-sandro-volta-a-comandar-a-76a-companhia-de-policia-militar\\\/#breadcrumblist\",\"itemListElement\":[{\"@type\":\"ListItem\",\"@id\":\"https:\\\/\\\/anoticiaonline.com.br\\\/site#listItem\",\"position\":1,\"name\":\"Home\",\"item\":\"https:\\\/\\\/anoticiaonline.com.br\\\/site\",\"nextItem\":{\"@type\":\"ListItem\",\"@id\":\"https:\\\/\\\/anoticiaonline.com.br\\\/site\\\/categoria\\\/muriae\\\/#listItem\",\"name\":\"Blog\"}},{\"@type\":\"ListItem\",\"@id\":\"https:\\\/\\\/anoticiaonline.com.br\\\/site\\\/categoria\\\/muriae\\\/#listItem\",\"position\":2,\"name\":\"Blog\",\"item\":\"https:\\\/\\\/anoticiaonline.com.br\\\/site\\\/categoria\\\/muriae\\\/\",\"nextItem\":{\"@type\":\"ListItem\",\"@id\":\"https:\\\/\\\/anoticiaonline.com.br\\\/site\\\/capitao-sandro-volta-a-comandar-a-76a-companhia-de-policia-militar\\\/#listItem\",\"name\":\"Capit\\u00e3o Sandro volta a comandar a 76\\u00aa Companhia de Pol\\u00edcia Militar\"},\"previousItem\":{\"@type\":\"ListItem\",\"@id\":\"https:\\\/\\\/anoticiaonline.com.br\\\/site#listItem\",\"name\":\"Home\"}},{\"@type\":\"ListItem\",\"@id\":\"https:\\\/\\\/anoticiaonline.com.br\\\/site\\\/capitao-sandro-volta-a-comandar-a-76a-companhia-de-policia-militar\\\/#listItem\",\"position\":3,\"name\":\"Capit\\u00e3o Sandro volta a comandar a 76\\u00aa Companhia de Pol\\u00edcia Militar\",\"previousItem\":{\"@type\":\"ListItem\",\"@id\":\"https:\\\/\\\/anoticiaonline.com.br\\\/site\\\/categoria\\\/muriae\\\/#listItem\",\"name\":\"Blog\"}}]},{\"@type\":\"Organization\",\"@id\":\"https:\\\/\\\/anoticiaonline.com.br\\\/site\\\/#organization\",\"name\":\"A Not\\u00edcia Online\",\"description\":\"Noticias de Muria\\u00e9 e regi\\u00e3o\",\"url\":\"https:\\\/\\\/anoticiaonline.com.br\\\/site\\\/\",\"logo\":{\"@type\":\"ImageObject\",\"url\":\"https:\\\/\\\/scontent-gig4-1.xx.fbcdn.net\\\/v\\\/t39.30808-1\\\/270437624_4564083193639691_6907940295614233970_n.jpg?stp=dst-jpg_s200x200_tt6&_nc_cat=111&ccb=1-7&_nc_sid=f907e8&_nc_ohc=SM1wRlP3lJwQ7kNvwEPuBYA&_nc_oc=AdnqrjDN_BNjSSHWO-GbkIWH6fkGMLw4bqvL_NH6e2wMveX7G-rP2dAqsDSq1mJMOaY&_nc_zt=24&_nc_ht=scontent-gig4-1.xx&_nc_gid=AoBFJeGrT1hVaew_6rchkQ&oh=00_AfX7QmFGhQhG2jAllVgXCiM1ZrWgvtp80-Bfppyexh1QEg&oe=689E923C\",\"@id\":\"https:\\\/\\\/anoticiaonline.com.br\\\/site\\\/capitao-sandro-volta-a-comandar-a-76a-companhia-de-policia-militar\\\/#organizationLogo\"},\"image\":{\"@id\":\"https:\\\/\\\/anoticiaonline.com.br\\\/site\\\/capitao-sandro-volta-a-comandar-a-76a-companhia-de-policia-militar\\\/#organizationLogo\"}},{\"@type\":\"Person\",\"@id\":\"https:\\\/\\\/anoticiaonline.com.br\\\/site\\\/author\\\/juliana\\\/#author\",\"url\":\"https:\\\/\\\/anoticiaonline.com.br\\\/site\\\/author\\\/juliana\\\/\",\"name\":\"Juliana Laviola\",\"image\":{\"@type\":\"ImageObject\",\"@id\":\"https:\\\/\\\/anoticiaonline.com.br\\\/site\\\/capitao-sandro-volta-a-comandar-a-76a-companhia-de-policia-militar\\\/#authorImage\",\"url\":\"https:\\\/\\\/secure.gravatar.com\\\/avatar\\\/b8d45f5c699b100dfaf0e543582f38f38bf94cb7ae3a5e9abf8d891a34773335?s=96&d=mm&r=g\",\"width\":96,\"height\":96,\"caption\":\"Juliana Laviola\"}},{\"@type\":\"WebPage\",\"@id\":\"https:\\\/\\\/anoticiaonline.com.br\\\/site\\\/capitao-sandro-volta-a-comandar-a-76a-companhia-de-policia-militar\\\/#webpage\",\"url\":\"https:\\\/\\\/anoticiaonline.com.br\\\/site\\\/capitao-sandro-volta-a-comandar-a-76a-companhia-de-policia-militar\\\/\",\"name\":\"Capit\\u00e3o Sandro volta a comandar a 76\\u00aa Companhia de Pol\\u00edcia Militar - A Not\\u00edcia Online\",\"description\":\"Ap\\u00f3s mais de um ano atuando em Al\\u00e9m Para\\u00edba, como comandante da 52\\u00aa Companhia, subordinada \\u00e0 6\\u00aa Companhia Independente, sediada em Leopoldina, o capit\\u00e3o Sandro Josefino da Silva voltou para Muria\\u00e9, para assumir novamente o comando da 76\\u00aa Companhia de Pol\\u00edcia Militar. O oficial substitui o major Fortunato, que foi promovido e transferido para Belo\",\"inLanguage\":\"pt-BR\",\"isPartOf\":{\"@id\":\"https:\\\/\\\/anoticiaonline.com.br\\\/site\\\/#website\"},\"breadcrumb\":{\"@id\":\"https:\\\/\\\/anoticiaonline.com.br\\\/site\\\/capitao-sandro-volta-a-comandar-a-76a-companhia-de-policia-militar\\\/#breadcrumblist\"},\"author\":{\"@id\":\"https:\\\/\\\/anoticiaonline.com.br\\\/site\\\/author\\\/juliana\\\/#author\"},\"creator\":{\"@id\":\"https:\\\/\\\/anoticiaonline.com.br\\\/site\\\/author\\\/juliana\\\/#author\"},\"image\":{\"@type\":\"ImageObject\",\"url\":\"https:\\\/\\\/anoticiaonline.com.br\\\/site\\\/wp-content\\\/uploads\\\/2017\\\/03\\\/Capit\\u00e3o-Sandro-volta-a-comandar-a-76\\u00aa-Companhia.jpg\",\"@id\":\"https:\\\/\\\/anoticiaonline.com.br\\\/site\\\/capitao-sandro-volta-a-comandar-a-76a-companhia-de-policia-militar\\\/#mainImage\",\"width\":640,\"height\":462,\"caption\":\"Capit\\u00e3o Sandro Josefino, novo comandante da 76\\u00aa Companhia\"},\"primaryImageOfPage\":{\"@id\":\"https:\\\/\\\/anoticiaonline.com.br\\\/site\\\/capitao-sandro-volta-a-comandar-a-76a-companhia-de-policia-militar\\\/#mainImage\"},\"datePublished\":\"2017-03-14T10:32:46-03:00\",\"dateModified\":\"2017-03-16T20:08:24-03:00\"},{\"@type\":\"WebSite\",\"@id\":\"https:\\\/\\\/anoticiaonline.com.br\\\/site\\\/#website\",\"url\":\"https:\\\/\\\/anoticiaonline.com.br\\\/site\\\/\",\"name\":\"A Not\\u00edcia Online\",\"description\":\"Noticias de Muria\\u00e9 e regi\\u00e3o\",\"inLanguage\":\"pt-BR\",\"publisher\":{\"@id\":\"https:\\\/\\\/anoticiaonline.com.br\\\/site\\\/#organization\"}}]}\n\t\t<\/script>\n\t\t<!-- All in One SEO -->\n\n","aioseo_head_json":{"title":"Capit\u00e3o Sandro volta a comandar a 76\u00aa Companhia de Pol\u00edcia Militar - A Not\u00edcia Online","description":"Ap\u00f3s mais de um ano atuando em Al\u00e9m Para\u00edba, como comandante da 52\u00aa Companhia, subordinada \u00e0 6\u00aa Companhia Independente, sediada em Leopoldina, o capit\u00e3o Sandro Josefino da Silva voltou para Muria\u00e9, para assumir novamente o comando da 76\u00aa Companhia de Pol\u00edcia Militar. O oficial substitui o major Fortunato, que foi promovido e transferido para Belo","canonical_url":"https:\/\/anoticiaonline.com.br\/site\/capitao-sandro-volta-a-comandar-a-76a-companhia-de-policia-militar\/","robots":"max-image-preview:large","keywords":"","webmasterTools":{"miscellaneous":""},"schema":{"@context":"https:\/\/schema.org","@graph":[{"@type":"BlogPosting","@id":"https:\/\/anoticiaonline.com.br\/site\/capitao-sandro-volta-a-comandar-a-76a-companhia-de-policia-militar\/#blogposting","name":"Capit\u00e3o Sandro volta a comandar a 76\u00aa Companhia de Pol\u00edcia Militar - A Not\u00edcia Online","headline":"Capit\u00e3o Sandro volta a comandar a 76\u00aa Companhia de Pol\u00edcia Militar","author":{"@id":"https:\/\/anoticiaonline.com.br\/site\/author\/juliana\/#author"},"publisher":{"@id":"https:\/\/anoticiaonline.com.br\/site\/#organization"},"image":{"@type":"ImageObject","url":"https:\/\/anoticiaonline.com.br\/site\/wp-content\/uploads\/2017\/03\/Capit\u00e3o-Sandro-volta-a-comandar-a-76\u00aa-Companhia.jpg","width":640,"height":462,"caption":"Capit\u00e3o Sandro Josefino, novo comandante da 76\u00aa Companhia"},"datePublished":"2017-03-14T10:32:46-03:00","dateModified":"2017-03-16T20:08:24-03:00","inLanguage":"pt-BR","commentCount":2,"mainEntityOfPage":{"@id":"https:\/\/anoticiaonline.com.br\/site\/capitao-sandro-volta-a-comandar-a-76a-companhia-de-policia-militar\/#webpage"},"isPartOf":{"@id":"https:\/\/anoticiaonline.com.br\/site\/capitao-sandro-volta-a-comandar-a-76a-companhia-de-policia-militar\/#webpage"},"articleSection":"Blog, slide"},{"@type":"BreadcrumbList","@id":"https:\/\/anoticiaonline.com.br\/site\/capitao-sandro-volta-a-comandar-a-76a-companhia-de-policia-militar\/#breadcrumblist","itemListElement":[{"@type":"ListItem","@id":"https:\/\/anoticiaonline.com.br\/site#listItem","position":1,"name":"Home","item":"https:\/\/anoticiaonline.com.br\/site","nextItem":{"@type":"ListItem","@id":"https:\/\/anoticiaonline.com.br\/site\/categoria\/muriae\/#listItem","name":"Blog"}},{"@type":"ListItem","@id":"https:\/\/anoticiaonline.com.br\/site\/categoria\/muriae\/#listItem","position":2,"name":"Blog","item":"https:\/\/anoticiaonline.com.br\/site\/categoria\/muriae\/","nextItem":{"@type":"ListItem","@id":"https:\/\/anoticiaonline.com.br\/site\/capitao-sandro-volta-a-comandar-a-76a-companhia-de-policia-militar\/#listItem","name":"Capit\u00e3o Sandro volta a comandar a 76\u00aa Companhia de Pol\u00edcia Militar"},"previousItem":{"@type":"ListItem","@id":"https:\/\/anoticiaonline.com.br\/site#listItem","name":"Home"}},{"@type":"ListItem","@id":"https:\/\/anoticiaonline.com.br\/site\/capitao-sandro-volta-a-comandar-a-76a-companhia-de-policia-militar\/#listItem","position":3,"name":"Capit\u00e3o Sandro volta a comandar a 76\u00aa Companhia de Pol\u00edcia Militar","previousItem":{"@type":"ListItem","@id":"https:\/\/anoticiaonline.com.br\/site\/categoria\/muriae\/#listItem","name":"Blog"}}]},{"@type":"Organization","@id":"https:\/\/anoticiaonline.com.br\/site\/#organization","name":"A Not\u00edcia Online","description":"Noticias de Muria\u00e9 e regi\u00e3o","url":"https:\/\/anoticiaonline.com.br\/site\/","logo":{"@type":"ImageObject","url":"https:\/\/scontent-gig4-1.xx.fbcdn.net\/v\/t39.30808-1\/270437624_4564083193639691_6907940295614233970_n.jpg?stp=dst-jpg_s200x200_tt6&_nc_cat=111&ccb=1-7&_nc_sid=f907e8&_nc_ohc=SM1wRlP3lJwQ7kNvwEPuBYA&_nc_oc=AdnqrjDN_BNjSSHWO-GbkIWH6fkGMLw4bqvL_NH6e2wMveX7G-rP2dAqsDSq1mJMOaY&_nc_zt=24&_nc_ht=scontent-gig4-1.xx&_nc_gid=AoBFJeGrT1hVaew_6rchkQ&oh=00_AfX7QmFGhQhG2jAllVgXCiM1ZrWgvtp80-Bfppyexh1QEg&oe=689E923C","@id":"https:\/\/anoticiaonline.com.br\/site\/capitao-sandro-volta-a-comandar-a-76a-companhia-de-policia-militar\/#organizationLogo"},"image":{"@id":"https:\/\/anoticiaonline.com.br\/site\/capitao-sandro-volta-a-comandar-a-76a-companhia-de-policia-militar\/#organizationLogo"}},{"@type":"Person","@id":"https:\/\/anoticiaonline.com.br\/site\/author\/juliana\/#author","url":"https:\/\/anoticiaonline.com.br\/site\/author\/juliana\/","name":"Juliana Laviola","image":{"@type":"ImageObject","@id":"https:\/\/anoticiaonline.com.br\/site\/capitao-sandro-volta-a-comandar-a-76a-companhia-de-policia-militar\/#authorImage","url":"https:\/\/secure.gravatar.com\/avatar\/b8d45f5c699b100dfaf0e543582f38f38bf94cb7ae3a5e9abf8d891a34773335?s=96&d=mm&r=g","width":96,"height":96,"caption":"Juliana Laviola"}},{"@type":"WebPage","@id":"https:\/\/anoticiaonline.com.br\/site\/capitao-sandro-volta-a-comandar-a-76a-companhia-de-policia-militar\/#webpage","url":"https:\/\/anoticiaonline.com.br\/site\/capitao-sandro-volta-a-comandar-a-76a-companhia-de-policia-militar\/","name":"Capit\u00e3o Sandro volta a comandar a 76\u00aa Companhia de Pol\u00edcia Militar - A Not\u00edcia Online","description":"Ap\u00f3s mais de um ano atuando em Al\u00e9m Para\u00edba, como comandante da 52\u00aa Companhia, subordinada \u00e0 6\u00aa Companhia Independente, sediada em Leopoldina, o capit\u00e3o Sandro Josefino da Silva voltou para Muria\u00e9, para assumir novamente o comando da 76\u00aa Companhia de Pol\u00edcia Militar. O oficial substitui o major Fortunato, que foi promovido e transferido para Belo","inLanguage":"pt-BR","isPartOf":{"@id":"https:\/\/anoticiaonline.com.br\/site\/#website"},"breadcrumb":{"@id":"https:\/\/anoticiaonline.com.br\/site\/capitao-sandro-volta-a-comandar-a-76a-companhia-de-policia-militar\/#breadcrumblist"},"author":{"@id":"https:\/\/anoticiaonline.com.br\/site\/author\/juliana\/#author"},"creator":{"@id":"https:\/\/anoticiaonline.com.br\/site\/author\/juliana\/#author"},"image":{"@type":"ImageObject","url":"https:\/\/anoticiaonline.com.br\/site\/wp-content\/uploads\/2017\/03\/Capit\u00e3o-Sandro-volta-a-comandar-a-76\u00aa-Companhia.jpg","@id":"https:\/\/anoticiaonline.com.br\/site\/capitao-sandro-volta-a-comandar-a-76a-companhia-de-policia-militar\/#mainImage","width":640,"height":462,"caption":"Capit\u00e3o Sandro Josefino, novo comandante da 76\u00aa Companhia"},"primaryImageOfPage":{"@id":"https:\/\/anoticiaonline.com.br\/site\/capitao-sandro-volta-a-comandar-a-76a-companhia-de-policia-militar\/#mainImage"},"datePublished":"2017-03-14T10:32:46-03:00","dateModified":"2017-03-16T20:08:24-03:00"},{"@type":"WebSite","@id":"https:\/\/anoticiaonline.com.br\/site\/#website","url":"https:\/\/anoticiaonline.com.br\/site\/","name":"A Not\u00edcia Online","description":"Noticias de Muria\u00e9 e regi\u00e3o","inLanguage":"pt-BR","publisher":{"@id":"https:\/\/anoticiaonline.com.br\/site\/#organization"}}]},"og:locale":"pt_BR","og:site_name":"A Not\u00edcia Online - Noticias de Muria\u00e9 e regi\u00e3o","og:type":"article","og:title":"Capit\u00e3o Sandro volta a comandar a 76\u00aa Companhia de Pol\u00edcia Militar - A Not\u00edcia Online","og:description":"Ap\u00f3s mais de um ano atuando em Al\u00e9m Para\u00edba, como comandante da 52\u00aa Companhia, subordinada \u00e0 6\u00aa Companhia Independente, sediada em Leopoldina, o capit\u00e3o Sandro Josefino da Silva voltou para Muria\u00e9, para assumir novamente o comando da 76\u00aa Companhia de Pol\u00edcia Militar. O oficial substitui o major Fortunato, que foi promovido e transferido para Belo","og:url":"https:\/\/anoticiaonline.com.br\/site\/capitao-sandro-volta-a-comandar-a-76a-companhia-de-policia-militar\/","og:image":"https:\/\/scontent-gig4-1.xx.fbcdn.net\/v\/t39.30808-1\/270437624_4564083193639691_6907940295614233970_n.jpg?stp=dst-jpg_s200x200_tt6&#038;_nc_cat=111&#038;ccb=1-7&#038;_nc_sid=f907e8&#038;_nc_ohc=SM1wRlP3lJwQ7kNvwEPuBYA&#038;_nc_oc=AdnqrjDN_BNjSSHWO-GbkIWH6fkGMLw4bqvL_NH6e2wMveX7G-rP2dAqsDSq1mJMOaY&#038;_nc_zt=24&#038;_nc_ht=scontent-gig4-1.xx&#038;_nc_gid=AoBFJeGrT1hVaew_6rchkQ&#038;oh=00_AfX7QmFGhQhG2jAllVgXCiM1ZrWgvtp80-Bfppyexh1QEg&#038;oe=689E923C","og:image:secure_url":"https:\/\/scontent-gig4-1.xx.fbcdn.net\/v\/t39.30808-1\/270437624_4564083193639691_6907940295614233970_n.jpg?stp=dst-jpg_s200x200_tt6&#038;_nc_cat=111&#038;ccb=1-7&#038;_nc_sid=f907e8&#038;_nc_ohc=SM1wRlP3lJwQ7kNvwEPuBYA&#038;_nc_oc=AdnqrjDN_BNjSSHWO-GbkIWH6fkGMLw4bqvL_NH6e2wMveX7G-rP2dAqsDSq1mJMOaY&#038;_nc_zt=24&#038;_nc_ht=scontent-gig4-1.xx&#038;_nc_gid=AoBFJeGrT1hVaew_6rchkQ&#038;oh=00_AfX7QmFGhQhG2jAllVgXCiM1ZrWgvtp80-Bfppyexh1QEg&#038;oe=689E923C","article:published_time":"2017-03-14T13:32:46+00:00","article:modified_time":"2017-03-16T23:08:24+00:00","twitter:card":"summary_large_image","twitter:title":"Capit\u00e3o Sandro volta a comandar a 76\u00aa Companhia de Pol\u00edcia Militar - A Not\u00edcia Online","twitter:description":"Ap\u00f3s mais de um ano atuando em Al\u00e9m Para\u00edba, como comandante da 52\u00aa Companhia, subordinada \u00e0 6\u00aa Companhia Independente, sediada em Leopoldina, o capit\u00e3o Sandro Josefino da Silva voltou para Muria\u00e9, para assumir novamente o comando da 76\u00aa Companhia de Pol\u00edcia Militar. O oficial substitui o major Fortunato, que foi promovido e transferido para Belo","twitter:image":"https:\/\/scontent-gig4-1.xx.fbcdn.net\/v\/t39.30808-1\/270437624_4564083193639691_6907940295614233970_n.jpg?stp=dst-jpg_s200x200_tt6&_nc_cat=111&ccb=1-7&_nc_sid=f907e8&_nc_ohc=SM1wRlP3lJwQ7kNvwEPuBYA&_nc_oc=AdnqrjDN_BNjSSHWO-GbkIWH6fkGMLw4bqvL_NH6e2wMveX7G-rP2dAqsDSq1mJMOaY&_nc_zt=24&_nc_ht=scontent-gig4-1.xx&_nc_gid=AoBFJeGrT1hVaew_6rchkQ&oh=00_AfX7QmFGhQhG2jAllVgXCiM1ZrWgvtp80-Bfppyexh1QEg&oe=689E923C"},"aioseo_meta_data":{"post_id":"26142","title":null,"description":null,"keywords":null,"keyphrases":null,"primary_term":null,"canonical_url":null,"og_title":null,"og_description":null,"og_object_type":"default","og_image_type":"default","og_image_url":null,"og_image_width":null,"og_image_height":null,"og_image_custom_url":null,"og_image_custom_fields":null,"og_video":null,"og_custom_url":null,"og_article_section":null,"og_article_tags":null,"twitter_use_og":false,"twitter_card":"default","twitter_image_type":"default","twitter_image_url":null,"twitter_image_custom_url":null,"twitter_image_custom_fields":null,"twitter_title":null,"twitter_description":null,"schema":{"blockGraphs":[],"customGraphs":[],"default":{"data":{"Article":[],"Course":[],"Dataset":[],"FAQPage":[],"Movie":[],"Person":[],"Product":[],"ProductReview":[],"Car":[],"Recipe":[],"Service":[],"SoftwareApplication":[],"WebPage":[]},"graphName":"","isEnabled":true},"graphs":[]},"schema_type":"default","schema_type_options":null,"pillar_content":false,"robots_default":true,"robots_noindex":false,"robots_noarchive":false,"robots_nosnippet":false,"robots_nofollow":false,"robots_noimageindex":false,"robots_noodp":false,"robots_notranslate":false,"robots_max_snippet":null,"robots_max_videopreview":null,"robots_max_imagepreview":"large","priority":null,"frequency":null,"local_seo":null,"breadcrumb_settings":null,"limit_modified_date":false,"ai":null,"created":"2025-08-16 17:57:22","updated":"2025-08-16 17:57:22","focus_keyword":null,"additional_keywords":null,"truseo_locale":null,"seo_analyzer_scan_date":null},"aioseo_breadcrumb":"<div class=\"aioseo-breadcrumbs\"><span class=\"aioseo-breadcrumb\">\n\t\t\t<a href=\"https:\/\/anoticiaonline.com.br\/site\" title=\"Home\">Home<\/a>\n\t\t<\/span><span class=\"aioseo-breadcrumb-separator\">&raquo;<\/span><span class=\"aioseo-breadcrumb\">\n\t\t\t<a href=\"https:\/\/anoticiaonline.com.br\/site\/categoria\/muriae\/\" title=\"Blog\">Blog<\/a>\n\t\t<\/span><span class=\"aioseo-breadcrumb-separator\">&raquo;<\/span><span class=\"aioseo-breadcrumb\">\n\t\t\tCapit\u00e3o Sandro volta a comandar a 76\u00aa Companhia de Pol\u00edcia Militar\n\t\t<\/span><\/div>","aioseo_breadcrumb_json":[{"label":"Home","link":"https:\/\/anoticiaonline.com.br\/site"},{"label":"Blog","link":"https:\/\/anoticiaonline.com.br\/site\/categoria\/muriae\/"},{"label":"Capit\u00e3o Sandro volta a comandar a 76\u00aa Companhia de Pol\u00edcia Militar","link":"https:\/\/anoticiaonline.com.br\/site\/capitao-sandro-volta-a-comandar-a-76a-companhia-de-policia-militar\/"}],"views":241,"_links":{"self":[{"href":"https:\/\/anoticiaonline.com.br\/site\/wp-json\/wp\/v2\/posts\/26142","targetHints":{"allow":["GET"]}}],"collection":[{"href":"https:\/\/anoticiaonline.com.br\/site\/wp-json\/wp\/v2\/posts"}],"about":[{"href":"https:\/\/anoticiaonline.com.br\/site\/wp-json\/wp\/v2\/types\/post"}],"author":[{"embeddable":true,"href":"https:\/\/anoticiaonline.com.br\/site\/wp-json\/wp\/v2\/users\/2"}],"replies":[{"embeddable":true,"href":"https:\/\/anoticiaonline.com.br\/site\/wp-json\/wp\/v2\/comments?post=26142"}],"version-history":[{"count":0,"href":"https:\/\/anoticiaonline.com.br\/site\/wp-json\/wp\/v2\/posts\/26142\/revisions"}],"wp:featuredmedia":[{"embeddable":true,"href":"https:\/\/anoticiaonline.com.br\/site\/wp-json\/wp\/v2\/media\/26143"}],"wp:attachment":[{"href":"https:\/\/anoticiaonline.com.br\/site\/wp-json\/wp\/v2\/media?parent=26142"}],"wp:term":[{"taxonomy":"category","embeddable":true,"href":"https:\/\/anoticiaonline.com.br\/site\/wp-json\/wp\/v2\/categories?post=26142"},{"taxonomy":"post_tag","embeddable":true,"href":"https:\/\/anoticiaonline.com.br\/site\/wp-json\/wp\/v2\/tags?post=26142"}],"curies":[{"name":"wp","href":"https:\/\/api.w.org\/{rel}","templated":true}]}}