{"id":26135,"date":"2017-03-13T16:12:03","date_gmt":"2017-03-13T19:12:03","guid":{"rendered":"http:\/\/anoticiaonline.com.br\/site\/?p=26135"},"modified":"2017-03-16T20:15:03","modified_gmt":"2017-03-16T23:15:03","slug":"bispo-dom-jose-eudes-se-encontra-com-prefeitos-da-regiao-durante-evento-em-muriae","status":"publish","type":"post","link":"https:\/\/anoticiaonline.com.br\/site\/bispo-dom-jose-eudes-se-encontra-com-prefeitos-da-regiao-durante-evento-em-muriae\/","title":{"rendered":"Bispo dom Jos\u00e9 Eudes se encontra com prefeitos da regi\u00e3o durante evento em Muria\u00e9"},"content":{"rendered":"<p><a href=\"https:\/\/anoticiaonline.com.br\/site\/wp-content\/uploads\/2017\/03\/Bispo-dom-Jos\u00e9-Eudes-se-encontra-com-prefeitos-da-regi\u00e3o-durante-evento-em-Muria\u00e9.jpg\"><img decoding=\"async\" class=\" size-medium wp-image-26136 alignleft\" src=\"https:\/\/anoticiaonline.com.br\/site\/wp-content\/uploads\/2017\/03\/Bispo-dom-Jos\u00e9-Eudes-se-encontra-com-prefeitos-da-regi\u00e3o-durante-evento-em-Muria\u00e9-300x136.jpg\" alt=\"Bispo dom Jos\u00e9 Eudes se encontra com prefeitos da regi\u00e3o durante evento em Muria\u00e9\" width=\"300\" height=\"136\" srcset=\"https:\/\/anoticiaonline.com.br\/site\/wp-content\/uploads\/2017\/03\/Bispo-dom-Jos\u00e9-Eudes-se-encontra-com-prefeitos-da-regi\u00e3o-durante-evento-em-Muria\u00e9-300x136.jpg 300w, https:\/\/anoticiaonline.com.br\/site\/wp-content\/uploads\/2017\/03\/Bispo-dom-Jos\u00e9-Eudes-se-encontra-com-prefeitos-da-regi\u00e3o-durante-evento-em-Muria\u00e9.jpg 640w\" sizes=\"(max-width: 300px) 100vw, 300px\" \/><\/a>O bispo da Diocese de Leopoldina, dom Jos\u00e9 Eudes Campos do Nascimento, se reuniu com os novos prefeitos, vice-prefeitos e vereadores da regi\u00e3o. O objetivo do encontro, que aconteceu no s\u00e1bado (11), no Anfiteatro do Col\u00e9gio Santa Marcelina, foi desenvolver uma pauta sobre o vi\u00e9s crist\u00e3o da administra\u00e7\u00e3o p\u00fablica \u2013 sob a inspira\u00e7\u00e3o dos documentos recentes do Papa Francisco.<\/p>\n<p>Autoridades de todos os 34 munic\u00edpios que comp\u00f5em a \u00e1rea de abrang\u00eancia da Diocese foram convidadas a participar do evento. O prefeito de Muria\u00e9, Grego, estava entre os pol\u00edticos presentes, assim como padres de Muria\u00e9 e regi\u00e3o. O vice-prefeito, Marcos Guarino, tamb\u00e9m compareceu ao encontro.<\/p>\n<p>A Diocese de Leopoldina \u00e9 composta por 64 par\u00f3quias organizadas em seis foranias. Ao todo, abrange uma popula\u00e7\u00e3o estimada de aproximadamente 600 mil habitantes.<\/p>\n<p>O bispo Dom Jos\u00e9 Eudes explicou que a iniciativa partiu do Conselho Presbiteral, visando uma aproxima\u00e7\u00e3o com os governantes, atrav\u00e9s do di\u00e1logo. Foram abordados assuntos como a Campanha da Fraternidade 2017, que tem como tema \u201cFraternidade: biomas brasileiros e a defesa da vida\u201d, a preserva\u00e7\u00e3o do meio ambiente, a viol\u00eancia e as drogas. Ainda segundo dom Jos\u00e9 Eudes, o evento serviu ainda para que a Igreja Cat\u00f3lica apresentasse as suas preocupa\u00e7\u00f5es sobre assuntos diretamente ligados ao poder p\u00fablico.<\/p>\n<p>\u201cPedimos que as nossas autoridades, que est\u00e3o \u00e0 frente dos nossos munic\u00edpios, olhem com carinho a necessidade e o sofrimento do nosso povo. Que possamos mesmo ir ao encontro de tantos que precisam e que necessitam do nosso aux\u00edlio. Que os prefeitos, vice-prefeitos e vereadores, que foram escolhidos pelo povo, possam estar junto desse povo, para fazerem o bem ao nosso povo\u201d, afirma dom Jos\u00e9 Eudes.<\/p>\n","protected":false},"excerpt":{"rendered":"<p>O bispo da Diocese de Leopoldina, dom Jos\u00e9 Eudes Campos do Nascimento, se reuniu com os novos prefeitos, vice-prefeitos e vereadores da regi\u00e3o. O objetivo do encontro, que aconteceu no s\u00e1bado (11), no Anfiteatro do Col\u00e9gio Santa Marcelina, foi desenvolver uma pauta sobre o vi\u00e9s crist\u00e3o da administra\u00e7\u00e3o p\u00fablica \u2013 sob a inspira\u00e7\u00e3o dos documentos &#8230; <a title=\"Bispo dom Jos\u00e9 Eudes se encontra com prefeitos da regi\u00e3o durante evento em Muria\u00e9\" class=\"read-more\" href=\"https:\/\/anoticiaonline.com.br\/site\/bispo-dom-jose-eudes-se-encontra-com-prefeitos-da-regiao-durante-evento-em-muriae\/\" aria-label=\"Read more about Bispo dom Jos\u00e9 Eudes se encontra com prefeitos da regi\u00e3o durante evento em Muria\u00e9\">Ler mais<\/a><\/p>\n","protected":false},"author":2,"featured_media":26136,"comment_status":"open","ping_status":"open","sticky":false,"template":"","format":"standard","meta":{"_acf_changed":false,"_monsterinsights_skip_tracking":false,"footnotes":""},"categories":[30],"tags":[],"class_list":["post-26135","post","type-post","status-publish","format-standard","has-post-thumbnail","hentry","category-muriae"],"acf":[],"aioseo_notices":[],"aioseo_head":"\n\t\t<!-- All in One SEO 5.0.0.1 - aioseo.com -->\n\t<meta name=\"description\" content=\"O bispo da Diocese de Leopoldina, dom Jos\u00e9 Eudes Campos do Nascimento, se reuniu com os novos prefeitos, vice-prefeitos e vereadores da regi\u00e3o. O objetivo do encontro, que aconteceu no s\u00e1bado (11), no Anfiteatro do Col\u00e9gio Santa Marcelina, foi desenvolver uma pauta sobre o vi\u00e9s crist\u00e3o da administra\u00e7\u00e3o p\u00fablica \u2013 sob a inspira\u00e7\u00e3o dos documentos\" \/>\n\t<meta name=\"robots\" content=\"max-image-preview:large\" \/>\n\t<meta name=\"author\" content=\"Juliana Laviola\"\/>\n\t<link rel=\"canonical\" href=\"https:\/\/anoticiaonline.com.br\/site\/bispo-dom-jose-eudes-se-encontra-com-prefeitos-da-regiao-durante-evento-em-muriae\/\" \/>\n\t<meta name=\"generator\" content=\"All in One SEO (AIOSEO) 5.0.0.1\" \/>\n\t\t<meta property=\"og:locale\" content=\"pt_BR\" \/>\n\t\t<meta property=\"og:site_name\" content=\"A Not\u00edcia Online - Noticias de Muria\u00e9 e regi\u00e3o\" \/>\n\t\t<meta property=\"og:type\" content=\"article\" \/>\n\t\t<meta property=\"og:title\" content=\"Bispo dom Jos\u00e9 Eudes se encontra com prefeitos da regi\u00e3o durante evento em Muria\u00e9 - A Not\u00edcia Online\" \/>\n\t\t<meta property=\"og:description\" content=\"O bispo da Diocese de Leopoldina, dom Jos\u00e9 Eudes Campos do Nascimento, se reuniu com os novos prefeitos, vice-prefeitos e vereadores da regi\u00e3o. O objetivo do encontro, que aconteceu no s\u00e1bado (11), no Anfiteatro do Col\u00e9gio Santa Marcelina, foi desenvolver uma pauta sobre o vi\u00e9s crist\u00e3o da administra\u00e7\u00e3o p\u00fablica \u2013 sob a inspira\u00e7\u00e3o dos documentos\" \/>\n\t\t<meta property=\"og:url\" content=\"https:\/\/anoticiaonline.com.br\/site\/bispo-dom-jose-eudes-se-encontra-com-prefeitos-da-regiao-durante-evento-em-muriae\/\" \/>\n\t\t<meta property=\"og:image\" content=\"https:\/\/scontent-gig4-1.xx.fbcdn.net\/v\/t39.30808-1\/270437624_4564083193639691_6907940295614233970_n.jpg?stp=dst-jpg_s200x200_tt6&#038;_nc_cat=111&#038;ccb=1-7&#038;_nc_sid=f907e8&#038;_nc_ohc=SM1wRlP3lJwQ7kNvwEPuBYA&#038;_nc_oc=AdnqrjDN_BNjSSHWO-GbkIWH6fkGMLw4bqvL_NH6e2wMveX7G-rP2dAqsDSq1mJMOaY&#038;_nc_zt=24&#038;_nc_ht=scontent-gig4-1.xx&#038;_nc_gid=AoBFJeGrT1hVaew_6rchkQ&#038;oh=00_AfX7QmFGhQhG2jAllVgXCiM1ZrWgvtp80-Bfppyexh1QEg&#038;oe=689E923C\" \/>\n\t\t<meta property=\"og:image:secure_url\" content=\"https:\/\/scontent-gig4-1.xx.fbcdn.net\/v\/t39.30808-1\/270437624_4564083193639691_6907940295614233970_n.jpg?stp=dst-jpg_s200x200_tt6&#038;_nc_cat=111&#038;ccb=1-7&#038;_nc_sid=f907e8&#038;_nc_ohc=SM1wRlP3lJwQ7kNvwEPuBYA&#038;_nc_oc=AdnqrjDN_BNjSSHWO-GbkIWH6fkGMLw4bqvL_NH6e2wMveX7G-rP2dAqsDSq1mJMOaY&#038;_nc_zt=24&#038;_nc_ht=scontent-gig4-1.xx&#038;_nc_gid=AoBFJeGrT1hVaew_6rchkQ&#038;oh=00_AfX7QmFGhQhG2jAllVgXCiM1ZrWgvtp80-Bfppyexh1QEg&#038;oe=689E923C\" \/>\n\t\t<meta property=\"article:published_time\" content=\"2017-03-13T19:12:03+00:00\" \/>\n\t\t<meta property=\"article:modified_time\" content=\"2017-03-16T23:15:03+00:00\" \/>\n\t\t<meta name=\"twitter:card\" content=\"summary_large_image\" \/>\n\t\t<meta name=\"twitter:title\" content=\"Bispo dom Jos\u00e9 Eudes se encontra com prefeitos da regi\u00e3o durante evento em Muria\u00e9 - A Not\u00edcia Online\" \/>\n\t\t<meta name=\"twitter:description\" content=\"O bispo da Diocese de Leopoldina, dom Jos\u00e9 Eudes Campos do Nascimento, se reuniu com os novos prefeitos, vice-prefeitos e vereadores da regi\u00e3o. O objetivo do encontro, que aconteceu no s\u00e1bado (11), no Anfiteatro do Col\u00e9gio Santa Marcelina, foi desenvolver uma pauta sobre o vi\u00e9s crist\u00e3o da administra\u00e7\u00e3o p\u00fablica \u2013 sob a inspira\u00e7\u00e3o dos documentos\" \/>\n\t\t<meta name=\"twitter:image\" content=\"https:\/\/scontent-gig4-1.xx.fbcdn.net\/v\/t39.30808-1\/270437624_4564083193639691_6907940295614233970_n.jpg?stp=dst-jpg_s200x200_tt6&amp;_nc_cat=111&amp;ccb=1-7&amp;_nc_sid=f907e8&amp;_nc_ohc=SM1wRlP3lJwQ7kNvwEPuBYA&amp;_nc_oc=AdnqrjDN_BNjSSHWO-GbkIWH6fkGMLw4bqvL_NH6e2wMveX7G-rP2dAqsDSq1mJMOaY&amp;_nc_zt=24&amp;_nc_ht=scontent-gig4-1.xx&amp;_nc_gid=AoBFJeGrT1hVaew_6rchkQ&amp;oh=00_AfX7QmFGhQhG2jAllVgXCiM1ZrWgvtp80-Bfppyexh1QEg&amp;oe=689E923C\" \/>\n\t\t<script type=\"application\/ld+json\" class=\"aioseo-schema\">\n\t\t\t{\"@context\":\"https:\\\/\\\/schema.org\",\"@graph\":[{\"@type\":\"BlogPosting\",\"@id\":\"https:\\\/\\\/anoticiaonline.com.br\\\/site\\\/bispo-dom-jose-eudes-se-encontra-com-prefeitos-da-regiao-durante-evento-em-muriae\\\/#blogposting\",\"name\":\"Bispo dom Jos\\u00e9 Eudes se encontra com prefeitos da regi\\u00e3o durante evento em Muria\\u00e9 - A Not\\u00edcia Online\",\"headline\":\"Bispo dom Jos\\u00e9 Eudes se encontra com prefeitos da regi\\u00e3o durante evento em Muria\\u00e9\",\"author\":{\"@id\":\"https:\\\/\\\/anoticiaonline.com.br\\\/site\\\/author\\\/juliana\\\/#author\"},\"publisher\":{\"@id\":\"https:\\\/\\\/anoticiaonline.com.br\\\/site\\\/#organization\"},\"image\":{\"@type\":\"ImageObject\",\"url\":\"https:\\\/\\\/anoticiaonline.com.br\\\/site\\\/wp-content\\\/uploads\\\/2017\\\/03\\\/Bispo-dom-Jos\\u00e9-Eudes-se-encontra-com-prefeitos-da-regi\\u00e3o-durante-evento-em-Muria\\u00e9.jpg\",\"width\":640,\"height\":290},\"datePublished\":\"2017-03-13T16:12:03-03:00\",\"dateModified\":\"2017-03-16T20:15:03-03:00\",\"inLanguage\":\"pt-BR\",\"mainEntityOfPage\":{\"@id\":\"https:\\\/\\\/anoticiaonline.com.br\\\/site\\\/bispo-dom-jose-eudes-se-encontra-com-prefeitos-da-regiao-durante-evento-em-muriae\\\/#webpage\"},\"isPartOf\":{\"@id\":\"https:\\\/\\\/anoticiaonline.com.br\\\/site\\\/bispo-dom-jose-eudes-se-encontra-com-prefeitos-da-regiao-durante-evento-em-muriae\\\/#webpage\"},\"articleSection\":\"Blog\"},{\"@type\":\"BreadcrumbList\",\"@id\":\"https:\\\/\\\/anoticiaonline.com.br\\\/site\\\/bispo-dom-jose-eudes-se-encontra-com-prefeitos-da-regiao-durante-evento-em-muriae\\\/#breadcrumblist\",\"itemListElement\":[{\"@type\":\"ListItem\",\"@id\":\"https:\\\/\\\/anoticiaonline.com.br\\\/site#listItem\",\"position\":1,\"name\":\"Home\",\"item\":\"https:\\\/\\\/anoticiaonline.com.br\\\/site\",\"nextItem\":{\"@type\":\"ListItem\",\"@id\":\"https:\\\/\\\/anoticiaonline.com.br\\\/site\\\/categoria\\\/muriae\\\/#listItem\",\"name\":\"Blog\"}},{\"@type\":\"ListItem\",\"@id\":\"https:\\\/\\\/anoticiaonline.com.br\\\/site\\\/categoria\\\/muriae\\\/#listItem\",\"position\":2,\"name\":\"Blog\",\"item\":\"https:\\\/\\\/anoticiaonline.com.br\\\/site\\\/categoria\\\/muriae\\\/\",\"nextItem\":{\"@type\":\"ListItem\",\"@id\":\"https:\\\/\\\/anoticiaonline.com.br\\\/site\\\/bispo-dom-jose-eudes-se-encontra-com-prefeitos-da-regiao-durante-evento-em-muriae\\\/#listItem\",\"name\":\"Bispo dom Jos\\u00e9 Eudes se encontra com prefeitos da regi\\u00e3o durante evento em Muria\\u00e9\"},\"previousItem\":{\"@type\":\"ListItem\",\"@id\":\"https:\\\/\\\/anoticiaonline.com.br\\\/site#listItem\",\"name\":\"Home\"}},{\"@type\":\"ListItem\",\"@id\":\"https:\\\/\\\/anoticiaonline.com.br\\\/site\\\/bispo-dom-jose-eudes-se-encontra-com-prefeitos-da-regiao-durante-evento-em-muriae\\\/#listItem\",\"position\":3,\"name\":\"Bispo dom Jos\\u00e9 Eudes se encontra com prefeitos da regi\\u00e3o durante evento em Muria\\u00e9\",\"previousItem\":{\"@type\":\"ListItem\",\"@id\":\"https:\\\/\\\/anoticiaonline.com.br\\\/site\\\/categoria\\\/muriae\\\/#listItem\",\"name\":\"Blog\"}}]},{\"@type\":\"Organization\",\"@id\":\"https:\\\/\\\/anoticiaonline.com.br\\\/site\\\/#organization\",\"name\":\"A Not\\u00edcia Online\",\"description\":\"Noticias de Muria\\u00e9 e regi\\u00e3o\",\"url\":\"https:\\\/\\\/anoticiaonline.com.br\\\/site\\\/\",\"logo\":{\"@type\":\"ImageObject\",\"url\":\"https:\\\/\\\/scontent-gig4-1.xx.fbcdn.net\\\/v\\\/t39.30808-1\\\/270437624_4564083193639691_6907940295614233970_n.jpg?stp=dst-jpg_s200x200_tt6&_nc_cat=111&ccb=1-7&_nc_sid=f907e8&_nc_ohc=SM1wRlP3lJwQ7kNvwEPuBYA&_nc_oc=AdnqrjDN_BNjSSHWO-GbkIWH6fkGMLw4bqvL_NH6e2wMveX7G-rP2dAqsDSq1mJMOaY&_nc_zt=24&_nc_ht=scontent-gig4-1.xx&_nc_gid=AoBFJeGrT1hVaew_6rchkQ&oh=00_AfX7QmFGhQhG2jAllVgXCiM1ZrWgvtp80-Bfppyexh1QEg&oe=689E923C\",\"@id\":\"https:\\\/\\\/anoticiaonline.com.br\\\/site\\\/bispo-dom-jose-eudes-se-encontra-com-prefeitos-da-regiao-durante-evento-em-muriae\\\/#organizationLogo\"},\"image\":{\"@id\":\"https:\\\/\\\/anoticiaonline.com.br\\\/site\\\/bispo-dom-jose-eudes-se-encontra-com-prefeitos-da-regiao-durante-evento-em-muriae\\\/#organizationLogo\"}},{\"@type\":\"Person\",\"@id\":\"https:\\\/\\\/anoticiaonline.com.br\\\/site\\\/author\\\/juliana\\\/#author\",\"url\":\"https:\\\/\\\/anoticiaonline.com.br\\\/site\\\/author\\\/juliana\\\/\",\"name\":\"Juliana Laviola\",\"image\":{\"@type\":\"ImageObject\",\"@id\":\"https:\\\/\\\/anoticiaonline.com.br\\\/site\\\/bispo-dom-jose-eudes-se-encontra-com-prefeitos-da-regiao-durante-evento-em-muriae\\\/#authorImage\",\"url\":\"https:\\\/\\\/secure.gravatar.com\\\/avatar\\\/b8d45f5c699b100dfaf0e543582f38f38bf94cb7ae3a5e9abf8d891a34773335?s=96&d=mm&r=g\",\"width\":96,\"height\":96,\"caption\":\"Juliana Laviola\"}},{\"@type\":\"WebPage\",\"@id\":\"https:\\\/\\\/anoticiaonline.com.br\\\/site\\\/bispo-dom-jose-eudes-se-encontra-com-prefeitos-da-regiao-durante-evento-em-muriae\\\/#webpage\",\"url\":\"https:\\\/\\\/anoticiaonline.com.br\\\/site\\\/bispo-dom-jose-eudes-se-encontra-com-prefeitos-da-regiao-durante-evento-em-muriae\\\/\",\"name\":\"Bispo dom Jos\\u00e9 Eudes se encontra com prefeitos da regi\\u00e3o durante evento em Muria\\u00e9 - A Not\\u00edcia Online\",\"description\":\"O bispo da Diocese de Leopoldina, dom Jos\\u00e9 Eudes Campos do Nascimento, se reuniu com os novos prefeitos, vice-prefeitos e vereadores da regi\\u00e3o. O objetivo do encontro, que aconteceu no s\\u00e1bado (11), no Anfiteatro do Col\\u00e9gio Santa Marcelina, foi desenvolver uma pauta sobre o vi\\u00e9s crist\\u00e3o da administra\\u00e7\\u00e3o p\\u00fablica \\u2013 sob a inspira\\u00e7\\u00e3o dos documentos\",\"inLanguage\":\"pt-BR\",\"isPartOf\":{\"@id\":\"https:\\\/\\\/anoticiaonline.com.br\\\/site\\\/#website\"},\"breadcrumb\":{\"@id\":\"https:\\\/\\\/anoticiaonline.com.br\\\/site\\\/bispo-dom-jose-eudes-se-encontra-com-prefeitos-da-regiao-durante-evento-em-muriae\\\/#breadcrumblist\"},\"author\":{\"@id\":\"https:\\\/\\\/anoticiaonline.com.br\\\/site\\\/author\\\/juliana\\\/#author\"},\"creator\":{\"@id\":\"https:\\\/\\\/anoticiaonline.com.br\\\/site\\\/author\\\/juliana\\\/#author\"},\"image\":{\"@type\":\"ImageObject\",\"url\":\"https:\\\/\\\/anoticiaonline.com.br\\\/site\\\/wp-content\\\/uploads\\\/2017\\\/03\\\/Bispo-dom-Jos\\u00e9-Eudes-se-encontra-com-prefeitos-da-regi\\u00e3o-durante-evento-em-Muria\\u00e9.jpg\",\"@id\":\"https:\\\/\\\/anoticiaonline.com.br\\\/site\\\/bispo-dom-jose-eudes-se-encontra-com-prefeitos-da-regiao-durante-evento-em-muriae\\\/#mainImage\",\"width\":640,\"height\":290},\"primaryImageOfPage\":{\"@id\":\"https:\\\/\\\/anoticiaonline.com.br\\\/site\\\/bispo-dom-jose-eudes-se-encontra-com-prefeitos-da-regiao-durante-evento-em-muriae\\\/#mainImage\"},\"datePublished\":\"2017-03-13T16:12:03-03:00\",\"dateModified\":\"2017-03-16T20:15:03-03:00\"},{\"@type\":\"WebSite\",\"@id\":\"https:\\\/\\\/anoticiaonline.com.br\\\/site\\\/#website\",\"url\":\"https:\\\/\\\/anoticiaonline.com.br\\\/site\\\/\",\"name\":\"A Not\\u00edcia Online\",\"description\":\"Noticias de Muria\\u00e9 e regi\\u00e3o\",\"inLanguage\":\"pt-BR\",\"publisher\":{\"@id\":\"https:\\\/\\\/anoticiaonline.com.br\\\/site\\\/#organization\"}}]}\n\t\t<\/script>\n\t\t<!-- All in One SEO -->\n\n","aioseo_head_json":{"title":"Bispo dom Jos\u00e9 Eudes se encontra com prefeitos da regi\u00e3o durante evento em Muria\u00e9 - A Not\u00edcia Online","description":"O bispo da Diocese de Leopoldina, dom Jos\u00e9 Eudes Campos do Nascimento, se reuniu com os novos prefeitos, vice-prefeitos e vereadores da regi\u00e3o. O objetivo do encontro, que aconteceu no s\u00e1bado (11), no Anfiteatro do Col\u00e9gio Santa Marcelina, foi desenvolver uma pauta sobre o vi\u00e9s crist\u00e3o da administra\u00e7\u00e3o p\u00fablica \u2013 sob a inspira\u00e7\u00e3o dos documentos","canonical_url":"https:\/\/anoticiaonline.com.br\/site\/bispo-dom-jose-eudes-se-encontra-com-prefeitos-da-regiao-durante-evento-em-muriae\/","robots":"max-image-preview:large","keywords":"","webmasterTools":{"miscellaneous":""},"schema":{"@context":"https:\/\/schema.org","@graph":[{"@type":"BlogPosting","@id":"https:\/\/anoticiaonline.com.br\/site\/bispo-dom-jose-eudes-se-encontra-com-prefeitos-da-regiao-durante-evento-em-muriae\/#blogposting","name":"Bispo dom Jos\u00e9 Eudes se encontra com prefeitos da regi\u00e3o durante evento em Muria\u00e9 - A Not\u00edcia Online","headline":"Bispo dom Jos\u00e9 Eudes se encontra com prefeitos da regi\u00e3o durante evento em Muria\u00e9","author":{"@id":"https:\/\/anoticiaonline.com.br\/site\/author\/juliana\/#author"},"publisher":{"@id":"https:\/\/anoticiaonline.com.br\/site\/#organization"},"image":{"@type":"ImageObject","url":"https:\/\/anoticiaonline.com.br\/site\/wp-content\/uploads\/2017\/03\/Bispo-dom-Jos\u00e9-Eudes-se-encontra-com-prefeitos-da-regi\u00e3o-durante-evento-em-Muria\u00e9.jpg","width":640,"height":290},"datePublished":"2017-03-13T16:12:03-03:00","dateModified":"2017-03-16T20:15:03-03:00","inLanguage":"pt-BR","mainEntityOfPage":{"@id":"https:\/\/anoticiaonline.com.br\/site\/bispo-dom-jose-eudes-se-encontra-com-prefeitos-da-regiao-durante-evento-em-muriae\/#webpage"},"isPartOf":{"@id":"https:\/\/anoticiaonline.com.br\/site\/bispo-dom-jose-eudes-se-encontra-com-prefeitos-da-regiao-durante-evento-em-muriae\/#webpage"},"articleSection":"Blog"},{"@type":"BreadcrumbList","@id":"https:\/\/anoticiaonline.com.br\/site\/bispo-dom-jose-eudes-se-encontra-com-prefeitos-da-regiao-durante-evento-em-muriae\/#breadcrumblist","itemListElement":[{"@type":"ListItem","@id":"https:\/\/anoticiaonline.com.br\/site#listItem","position":1,"name":"Home","item":"https:\/\/anoticiaonline.com.br\/site","nextItem":{"@type":"ListItem","@id":"https:\/\/anoticiaonline.com.br\/site\/categoria\/muriae\/#listItem","name":"Blog"}},{"@type":"ListItem","@id":"https:\/\/anoticiaonline.com.br\/site\/categoria\/muriae\/#listItem","position":2,"name":"Blog","item":"https:\/\/anoticiaonline.com.br\/site\/categoria\/muriae\/","nextItem":{"@type":"ListItem","@id":"https:\/\/anoticiaonline.com.br\/site\/bispo-dom-jose-eudes-se-encontra-com-prefeitos-da-regiao-durante-evento-em-muriae\/#listItem","name":"Bispo dom Jos\u00e9 Eudes se encontra com prefeitos da regi\u00e3o durante evento em Muria\u00e9"},"previousItem":{"@type":"ListItem","@id":"https:\/\/anoticiaonline.com.br\/site#listItem","name":"Home"}},{"@type":"ListItem","@id":"https:\/\/anoticiaonline.com.br\/site\/bispo-dom-jose-eudes-se-encontra-com-prefeitos-da-regiao-durante-evento-em-muriae\/#listItem","position":3,"name":"Bispo dom Jos\u00e9 Eudes se encontra com prefeitos da regi\u00e3o durante evento em Muria\u00e9","previousItem":{"@type":"ListItem","@id":"https:\/\/anoticiaonline.com.br\/site\/categoria\/muriae\/#listItem","name":"Blog"}}]},{"@type":"Organization","@id":"https:\/\/anoticiaonline.com.br\/site\/#organization","name":"A Not\u00edcia Online","description":"Noticias de Muria\u00e9 e regi\u00e3o","url":"https:\/\/anoticiaonline.com.br\/site\/","logo":{"@type":"ImageObject","url":"https:\/\/scontent-gig4-1.xx.fbcdn.net\/v\/t39.30808-1\/270437624_4564083193639691_6907940295614233970_n.jpg?stp=dst-jpg_s200x200_tt6&_nc_cat=111&ccb=1-7&_nc_sid=f907e8&_nc_ohc=SM1wRlP3lJwQ7kNvwEPuBYA&_nc_oc=AdnqrjDN_BNjSSHWO-GbkIWH6fkGMLw4bqvL_NH6e2wMveX7G-rP2dAqsDSq1mJMOaY&_nc_zt=24&_nc_ht=scontent-gig4-1.xx&_nc_gid=AoBFJeGrT1hVaew_6rchkQ&oh=00_AfX7QmFGhQhG2jAllVgXCiM1ZrWgvtp80-Bfppyexh1QEg&oe=689E923C","@id":"https:\/\/anoticiaonline.com.br\/site\/bispo-dom-jose-eudes-se-encontra-com-prefeitos-da-regiao-durante-evento-em-muriae\/#organizationLogo"},"image":{"@id":"https:\/\/anoticiaonline.com.br\/site\/bispo-dom-jose-eudes-se-encontra-com-prefeitos-da-regiao-durante-evento-em-muriae\/#organizationLogo"}},{"@type":"Person","@id":"https:\/\/anoticiaonline.com.br\/site\/author\/juliana\/#author","url":"https:\/\/anoticiaonline.com.br\/site\/author\/juliana\/","name":"Juliana Laviola","image":{"@type":"ImageObject","@id":"https:\/\/anoticiaonline.com.br\/site\/bispo-dom-jose-eudes-se-encontra-com-prefeitos-da-regiao-durante-evento-em-muriae\/#authorImage","url":"https:\/\/secure.gravatar.com\/avatar\/b8d45f5c699b100dfaf0e543582f38f38bf94cb7ae3a5e9abf8d891a34773335?s=96&d=mm&r=g","width":96,"height":96,"caption":"Juliana Laviola"}},{"@type":"WebPage","@id":"https:\/\/anoticiaonline.com.br\/site\/bispo-dom-jose-eudes-se-encontra-com-prefeitos-da-regiao-durante-evento-em-muriae\/#webpage","url":"https:\/\/anoticiaonline.com.br\/site\/bispo-dom-jose-eudes-se-encontra-com-prefeitos-da-regiao-durante-evento-em-muriae\/","name":"Bispo dom Jos\u00e9 Eudes se encontra com prefeitos da regi\u00e3o durante evento em Muria\u00e9 - A Not\u00edcia Online","description":"O bispo da Diocese de Leopoldina, dom Jos\u00e9 Eudes Campos do Nascimento, se reuniu com os novos prefeitos, vice-prefeitos e vereadores da regi\u00e3o. O objetivo do encontro, que aconteceu no s\u00e1bado (11), no Anfiteatro do Col\u00e9gio Santa Marcelina, foi desenvolver uma pauta sobre o vi\u00e9s crist\u00e3o da administra\u00e7\u00e3o p\u00fablica \u2013 sob a inspira\u00e7\u00e3o dos documentos","inLanguage":"pt-BR","isPartOf":{"@id":"https:\/\/anoticiaonline.com.br\/site\/#website"},"breadcrumb":{"@id":"https:\/\/anoticiaonline.com.br\/site\/bispo-dom-jose-eudes-se-encontra-com-prefeitos-da-regiao-durante-evento-em-muriae\/#breadcrumblist"},"author":{"@id":"https:\/\/anoticiaonline.com.br\/site\/author\/juliana\/#author"},"creator":{"@id":"https:\/\/anoticiaonline.com.br\/site\/author\/juliana\/#author"},"image":{"@type":"ImageObject","url":"https:\/\/anoticiaonline.com.br\/site\/wp-content\/uploads\/2017\/03\/Bispo-dom-Jos\u00e9-Eudes-se-encontra-com-prefeitos-da-regi\u00e3o-durante-evento-em-Muria\u00e9.jpg","@id":"https:\/\/anoticiaonline.com.br\/site\/bispo-dom-jose-eudes-se-encontra-com-prefeitos-da-regiao-durante-evento-em-muriae\/#mainImage","width":640,"height":290},"primaryImageOfPage":{"@id":"https:\/\/anoticiaonline.com.br\/site\/bispo-dom-jose-eudes-se-encontra-com-prefeitos-da-regiao-durante-evento-em-muriae\/#mainImage"},"datePublished":"2017-03-13T16:12:03-03:00","dateModified":"2017-03-16T20:15:03-03:00"},{"@type":"WebSite","@id":"https:\/\/anoticiaonline.com.br\/site\/#website","url":"https:\/\/anoticiaonline.com.br\/site\/","name":"A Not\u00edcia Online","description":"Noticias de Muria\u00e9 e regi\u00e3o","inLanguage":"pt-BR","publisher":{"@id":"https:\/\/anoticiaonline.com.br\/site\/#organization"}}]},"og:locale":"pt_BR","og:site_name":"A Not\u00edcia Online - Noticias de Muria\u00e9 e regi\u00e3o","og:type":"article","og:title":"Bispo dom Jos\u00e9 Eudes se encontra com prefeitos da regi\u00e3o durante evento em Muria\u00e9 - A Not\u00edcia Online","og:description":"O bispo da Diocese de Leopoldina, dom Jos\u00e9 Eudes Campos do Nascimento, se reuniu com os novos prefeitos, vice-prefeitos e vereadores da regi\u00e3o. O objetivo do encontro, que aconteceu no s\u00e1bado (11), no Anfiteatro do Col\u00e9gio Santa Marcelina, foi desenvolver uma pauta sobre o vi\u00e9s crist\u00e3o da administra\u00e7\u00e3o p\u00fablica \u2013 sob a inspira\u00e7\u00e3o dos documentos","og:url":"https:\/\/anoticiaonline.com.br\/site\/bispo-dom-jose-eudes-se-encontra-com-prefeitos-da-regiao-durante-evento-em-muriae\/","og:image":"https:\/\/scontent-gig4-1.xx.fbcdn.net\/v\/t39.30808-1\/270437624_4564083193639691_6907940295614233970_n.jpg?stp=dst-jpg_s200x200_tt6&#038;_nc_cat=111&#038;ccb=1-7&#038;_nc_sid=f907e8&#038;_nc_ohc=SM1wRlP3lJwQ7kNvwEPuBYA&#038;_nc_oc=AdnqrjDN_BNjSSHWO-GbkIWH6fkGMLw4bqvL_NH6e2wMveX7G-rP2dAqsDSq1mJMOaY&#038;_nc_zt=24&#038;_nc_ht=scontent-gig4-1.xx&#038;_nc_gid=AoBFJeGrT1hVaew_6rchkQ&#038;oh=00_AfX7QmFGhQhG2jAllVgXCiM1ZrWgvtp80-Bfppyexh1QEg&#038;oe=689E923C","og:image:secure_url":"https:\/\/scontent-gig4-1.xx.fbcdn.net\/v\/t39.30808-1\/270437624_4564083193639691_6907940295614233970_n.jpg?stp=dst-jpg_s200x200_tt6&#038;_nc_cat=111&#038;ccb=1-7&#038;_nc_sid=f907e8&#038;_nc_ohc=SM1wRlP3lJwQ7kNvwEPuBYA&#038;_nc_oc=AdnqrjDN_BNjSSHWO-GbkIWH6fkGMLw4bqvL_NH6e2wMveX7G-rP2dAqsDSq1mJMOaY&#038;_nc_zt=24&#038;_nc_ht=scontent-gig4-1.xx&#038;_nc_gid=AoBFJeGrT1hVaew_6rchkQ&#038;oh=00_AfX7QmFGhQhG2jAllVgXCiM1ZrWgvtp80-Bfppyexh1QEg&#038;oe=689E923C","article:published_time":"2017-03-13T19:12:03+00:00","article:modified_time":"2017-03-16T23:15:03+00:00","twitter:card":"summary_large_image","twitter:title":"Bispo dom Jos\u00e9 Eudes se encontra com prefeitos da regi\u00e3o durante evento em Muria\u00e9 - A Not\u00edcia Online","twitter:description":"O bispo da Diocese de Leopoldina, dom Jos\u00e9 Eudes Campos do Nascimento, se reuniu com os novos prefeitos, vice-prefeitos e vereadores da regi\u00e3o. O objetivo do encontro, que aconteceu no s\u00e1bado (11), no Anfiteatro do Col\u00e9gio Santa Marcelina, foi desenvolver uma pauta sobre o vi\u00e9s crist\u00e3o da administra\u00e7\u00e3o p\u00fablica \u2013 sob a inspira\u00e7\u00e3o dos documentos","twitter:image":"https:\/\/scontent-gig4-1.xx.fbcdn.net\/v\/t39.30808-1\/270437624_4564083193639691_6907940295614233970_n.jpg?stp=dst-jpg_s200x200_tt6&_nc_cat=111&ccb=1-7&_nc_sid=f907e8&_nc_ohc=SM1wRlP3lJwQ7kNvwEPuBYA&_nc_oc=AdnqrjDN_BNjSSHWO-GbkIWH6fkGMLw4bqvL_NH6e2wMveX7G-rP2dAqsDSq1mJMOaY&_nc_zt=24&_nc_ht=scontent-gig4-1.xx&_nc_gid=AoBFJeGrT1hVaew_6rchkQ&oh=00_AfX7QmFGhQhG2jAllVgXCiM1ZrWgvtp80-Bfppyexh1QEg&oe=689E923C"},"aioseo_meta_data":{"post_id":"26135","title":null,"description":null,"keywords":null,"keyphrases":null,"primary_term":null,"canonical_url":null,"og_title":null,"og_description":null,"og_object_type":"default","og_image_type":"default","og_image_url":null,"og_image_width":null,"og_image_height":null,"og_image_custom_url":null,"og_image_custom_fields":null,"og_video":null,"og_custom_url":null,"og_article_section":null,"og_article_tags":null,"twitter_use_og":false,"twitter_card":"default","twitter_image_type":"default","twitter_image_url":null,"twitter_image_custom_url":null,"twitter_image_custom_fields":null,"twitter_title":null,"twitter_description":null,"schema":{"blockGraphs":[],"customGraphs":[],"default":{"data":{"Article":[],"Course":[],"Dataset":[],"FAQPage":[],"Movie":[],"Person":[],"Product":[],"ProductReview":[],"Car":[],"Recipe":[],"Service":[],"SoftwareApplication":[],"WebPage":[]},"graphName":"","isEnabled":true},"graphs":[]},"schema_type":"default","schema_type_options":null,"pillar_content":false,"robots_default":true,"robots_noindex":false,"robots_noarchive":false,"robots_nosnippet":false,"robots_nofollow":false,"robots_noimageindex":false,"robots_noodp":false,"robots_notranslate":false,"robots_max_snippet":null,"robots_max_videopreview":null,"robots_max_imagepreview":"large","priority":null,"frequency":null,"local_seo":null,"breadcrumb_settings":null,"limit_modified_date":false,"ai":null,"created":"2025-08-16 17:56:42","updated":"2025-08-16 17:56:42","focus_keyword":null,"additional_keywords":null,"truseo_locale":null,"seo_analyzer_scan_date":null},"aioseo_breadcrumb":"<div class=\"aioseo-breadcrumbs\"><span class=\"aioseo-breadcrumb\">\n\t\t\t<a href=\"https:\/\/anoticiaonline.com.br\/site\" title=\"Home\">Home<\/a>\n\t\t<\/span><span class=\"aioseo-breadcrumb-separator\">&raquo;<\/span><span class=\"aioseo-breadcrumb\">\n\t\t\t<a href=\"https:\/\/anoticiaonline.com.br\/site\/categoria\/muriae\/\" title=\"Blog\">Blog<\/a>\n\t\t<\/span><span class=\"aioseo-breadcrumb-separator\">&raquo;<\/span><span class=\"aioseo-breadcrumb\">\n\t\t\tBispo dom Jos\u00e9 Eudes se encontra com prefeitos da regi\u00e3o durante evento em Muria\u00e9\n\t\t<\/span><\/div>","aioseo_breadcrumb_json":[{"label":"Home","link":"https:\/\/anoticiaonline.com.br\/site"},{"label":"Blog","link":"https:\/\/anoticiaonline.com.br\/site\/categoria\/muriae\/"},{"label":"Bispo dom Jos\u00e9 Eudes se encontra com prefeitos da regi\u00e3o durante evento em Muria\u00e9","link":"https:\/\/anoticiaonline.com.br\/site\/bispo-dom-jose-eudes-se-encontra-com-prefeitos-da-regiao-durante-evento-em-muriae\/"}],"views":136,"_links":{"self":[{"href":"https:\/\/anoticiaonline.com.br\/site\/wp-json\/wp\/v2\/posts\/26135","targetHints":{"allow":["GET"]}}],"collection":[{"href":"https:\/\/anoticiaonline.com.br\/site\/wp-json\/wp\/v2\/posts"}],"about":[{"href":"https:\/\/anoticiaonline.com.br\/site\/wp-json\/wp\/v2\/types\/post"}],"author":[{"embeddable":true,"href":"https:\/\/anoticiaonline.com.br\/site\/wp-json\/wp\/v2\/users\/2"}],"replies":[{"embeddable":true,"href":"https:\/\/anoticiaonline.com.br\/site\/wp-json\/wp\/v2\/comments?post=26135"}],"version-history":[{"count":0,"href":"https:\/\/anoticiaonline.com.br\/site\/wp-json\/wp\/v2\/posts\/26135\/revisions"}],"wp:featuredmedia":[{"embeddable":true,"href":"https:\/\/anoticiaonline.com.br\/site\/wp-json\/wp\/v2\/media\/26136"}],"wp:attachment":[{"href":"https:\/\/anoticiaonline.com.br\/site\/wp-json\/wp\/v2\/media?parent=26135"}],"wp:term":[{"taxonomy":"category","embeddable":true,"href":"https:\/\/anoticiaonline.com.br\/site\/wp-json\/wp\/v2\/categories?post=26135"},{"taxonomy":"post_tag","embeddable":true,"href":"https:\/\/anoticiaonline.com.br\/site\/wp-json\/wp\/v2\/tags?post=26135"}],"curies":[{"name":"wp","href":"https:\/\/api.w.org\/{rel}","templated":true}]}}