{"id":25857,"date":"2017-03-12T18:29:51","date_gmt":"2017-03-12T21:29:51","guid":{"rendered":"http:\/\/anoticiaonline.com.br\/site\/?p=25857"},"modified":"2017-03-12T18:33:44","modified_gmt":"2017-03-12T21:33:44","slug":"eloisio-cunha-e-o-novo-prefeito-de-ervalia","status":"publish","type":"post","link":"https:\/\/anoticiaonline.com.br\/site\/eloisio-cunha-e-o-novo-prefeito-de-ervalia\/","title":{"rendered":"Elo\u00edsio Cunha \u00e9 o novo prefeito de Erv\u00e1lia"},"content":{"rendered":"<figure id=\"attachment_25858\" aria-describedby=\"caption-attachment-25858\" style=\"width: 290px\" class=\"wp-caption alignleft\"><a href=\"https:\/\/anoticiaonline.com.br\/site\/wp-content\/uploads\/2017\/03\/eloisio-cunha.jpg\"><img fetchpriority=\"high\" decoding=\"async\" class=\"wp-image-25858 size-medium\" src=\"https:\/\/anoticiaonline.com.br\/site\/wp-content\/uploads\/2017\/03\/eloisio-cunha-300x215.jpg\" alt=\"Elo\u00edsio Cunha e Mauro Godinho (Foto: Arquivo pessoal\/Facebook candidato)\" width=\"300\" height=\"215\" srcset=\"https:\/\/anoticiaonline.com.br\/site\/wp-content\/uploads\/2017\/03\/eloisio-cunha-300x215.jpg 300w, https:\/\/anoticiaonline.com.br\/site\/wp-content\/uploads\/2017\/03\/eloisio-cunha.jpg 640w\" sizes=\"(max-width: 300px) 100vw, 300px\" \/><\/a><figcaption id=\"caption-attachment-25858\" class=\"wp-caption-text\">Elo\u00edsio Cunha e Mauro Godinho (Foto: Arquivo pessoal\/Facebook do candidato)<\/figcaption><\/figure>\n<p>Erv\u00e1lia (munic\u00edpio localizado a 54km de Muria\u00e9) j\u00e1 conhece seu novo prefeito para a Administra\u00e7\u00e3o 2017\/2020. Trata-se de Elo\u00edsio Ant\u00f4nio de Castro (DEM), o Eloisio Cunha, da coliga\u00e7\u00e3o \u201cRumo aos Novos Tempos\u201d (DEM\/PT). Em elei\u00e7\u00e3o extempor\u00e2nea realizada neste domingo (12), Elo\u00edsio venceu o advers\u00e1rio, Alex Ruela de Almeida (PSDB), com 7.233 votos (54,33% dos votos).<\/p>\n<p>Natural de Erv\u00e1lia, o novo prefeito, de 48 anos, \u00e9 comerciante e tem como vice Jos\u00e9 Mauro Godinho (PT).<\/p>\n<p>Elo\u00edsio concorreu nas elei\u00e7\u00f5es de outubro de 2016 como vice na chapa que venceu nas urnas. Por\u00e9m, o ent\u00e3o candidato a prefeito, Edson Rezende (DEM), teve seu registro indeferido pela Justi\u00e7a Eleitoral em raz\u00e3o de contas p\u00fablicas rejeitadas, o que ensejou um novo pleito. Alex tamb\u00e9m concorreu em 2016 como vice, s\u00f3 que na chapa derrotada.<\/p>\n<p>Enquanto a elei\u00e7\u00e3o n\u00e3o acontecia, o munic\u00edpio estava sendo governado pelo presidente da C\u00e2mara, Jo\u00e3o Arena.<\/p>\n","protected":false},"excerpt":{"rendered":"<p>Erv\u00e1lia (munic\u00edpio localizado a 54km de Muria\u00e9) j\u00e1 conhece seu novo prefeito para a Administra\u00e7\u00e3o 2017\/2020. Trata-se de Elo\u00edsio Ant\u00f4nio de Castro (DEM), o Eloisio Cunha, da coliga\u00e7\u00e3o \u201cRumo aos Novos Tempos\u201d (DEM\/PT). Em elei\u00e7\u00e3o extempor\u00e2nea realizada neste domingo (12), Elo\u00edsio venceu o advers\u00e1rio, Alex Ruela de Almeida (PSDB), com 7.233 votos (54,33% dos votos). &#8230; <a title=\"Elo\u00edsio Cunha \u00e9 o novo prefeito de Erv\u00e1lia\" class=\"read-more\" href=\"https:\/\/anoticiaonline.com.br\/site\/eloisio-cunha-e-o-novo-prefeito-de-ervalia\/\" aria-label=\"Read more about Elo\u00edsio Cunha \u00e9 o novo prefeito de Erv\u00e1lia\">Ler mais<\/a><\/p>\n","protected":false},"author":2,"featured_media":25858,"comment_status":"open","ping_status":"open","sticky":false,"template":"","format":"standard","meta":{"_acf_changed":false,"_monsterinsights_skip_tracking":false,"footnotes":""},"categories":[6],"tags":[3],"class_list":["post-25857","post","type-post","status-publish","format-standard","has-post-thumbnail","hentry","category-regiao","tag-slide"],"acf":[],"aioseo_notices":[],"aioseo_head":"\n\t\t<!-- All in One SEO 5.0.0.1 - aioseo.com -->\n\t<meta name=\"description\" content=\"Erv\u00e1lia (munic\u00edpio localizado a 54km de Muria\u00e9) j\u00e1 conhece seu novo prefeito para a Administra\u00e7\u00e3o 2017\/2020. Trata-se de Elo\u00edsio Ant\u00f4nio de Castro (DEM), o Eloisio Cunha, da coliga\u00e7\u00e3o \u201cRumo aos Novos Tempos\u201d (DEM\/PT). Em elei\u00e7\u00e3o extempor\u00e2nea realizada neste domingo (12), Elo\u00edsio venceu o advers\u00e1rio, Alex Ruela de Almeida (PSDB), com 7.233 votos (54,33% dos votos).\" \/>\n\t<meta name=\"robots\" content=\"max-image-preview:large\" \/>\n\t<meta name=\"author\" content=\"Juliana Laviola\"\/>\n\t<link rel=\"canonical\" href=\"https:\/\/anoticiaonline.com.br\/site\/eloisio-cunha-e-o-novo-prefeito-de-ervalia\/\" \/>\n\t<meta name=\"generator\" content=\"All in One SEO (AIOSEO) 5.0.0.1\" \/>\n\t\t<meta property=\"og:locale\" content=\"pt_BR\" \/>\n\t\t<meta property=\"og:site_name\" content=\"A Not\u00edcia Online - Noticias de Muria\u00e9 e regi\u00e3o\" \/>\n\t\t<meta property=\"og:type\" content=\"article\" \/>\n\t\t<meta property=\"og:title\" content=\"Elo\u00edsio Cunha \u00e9 o novo prefeito de Erv\u00e1lia - A Not\u00edcia Online\" \/>\n\t\t<meta property=\"og:description\" content=\"Erv\u00e1lia (munic\u00edpio localizado a 54km de Muria\u00e9) j\u00e1 conhece seu novo prefeito para a Administra\u00e7\u00e3o 2017\/2020. Trata-se de Elo\u00edsio Ant\u00f4nio de Castro (DEM), o Eloisio Cunha, da coliga\u00e7\u00e3o \u201cRumo aos Novos Tempos\u201d (DEM\/PT). Em elei\u00e7\u00e3o extempor\u00e2nea realizada neste domingo (12), Elo\u00edsio venceu o advers\u00e1rio, Alex Ruela de Almeida (PSDB), com 7.233 votos (54,33% dos votos).\" \/>\n\t\t<meta property=\"og:url\" content=\"https:\/\/anoticiaonline.com.br\/site\/eloisio-cunha-e-o-novo-prefeito-de-ervalia\/\" \/>\n\t\t<meta property=\"og:image\" content=\"https:\/\/scontent-gig4-1.xx.fbcdn.net\/v\/t39.30808-1\/270437624_4564083193639691_6907940295614233970_n.jpg?stp=dst-jpg_s200x200_tt6&#038;_nc_cat=111&#038;ccb=1-7&#038;_nc_sid=f907e8&#038;_nc_ohc=SM1wRlP3lJwQ7kNvwEPuBYA&#038;_nc_oc=AdnqrjDN_BNjSSHWO-GbkIWH6fkGMLw4bqvL_NH6e2wMveX7G-rP2dAqsDSq1mJMOaY&#038;_nc_zt=24&#038;_nc_ht=scontent-gig4-1.xx&#038;_nc_gid=AoBFJeGrT1hVaew_6rchkQ&#038;oh=00_AfX7QmFGhQhG2jAllVgXCiM1ZrWgvtp80-Bfppyexh1QEg&#038;oe=689E923C\" \/>\n\t\t<meta property=\"og:image:secure_url\" content=\"https:\/\/scontent-gig4-1.xx.fbcdn.net\/v\/t39.30808-1\/270437624_4564083193639691_6907940295614233970_n.jpg?stp=dst-jpg_s200x200_tt6&#038;_nc_cat=111&#038;ccb=1-7&#038;_nc_sid=f907e8&#038;_nc_ohc=SM1wRlP3lJwQ7kNvwEPuBYA&#038;_nc_oc=AdnqrjDN_BNjSSHWO-GbkIWH6fkGMLw4bqvL_NH6e2wMveX7G-rP2dAqsDSq1mJMOaY&#038;_nc_zt=24&#038;_nc_ht=scontent-gig4-1.xx&#038;_nc_gid=AoBFJeGrT1hVaew_6rchkQ&#038;oh=00_AfX7QmFGhQhG2jAllVgXCiM1ZrWgvtp80-Bfppyexh1QEg&#038;oe=689E923C\" \/>\n\t\t<meta property=\"article:published_time\" content=\"2017-03-12T21:29:51+00:00\" \/>\n\t\t<meta property=\"article:modified_time\" content=\"2017-03-12T21:33:44+00:00\" \/>\n\t\t<meta name=\"twitter:card\" content=\"summary_large_image\" \/>\n\t\t<meta name=\"twitter:title\" content=\"Elo\u00edsio Cunha \u00e9 o novo prefeito de Erv\u00e1lia - A Not\u00edcia Online\" \/>\n\t\t<meta name=\"twitter:description\" content=\"Erv\u00e1lia (munic\u00edpio localizado a 54km de Muria\u00e9) j\u00e1 conhece seu novo prefeito para a Administra\u00e7\u00e3o 2017\/2020. Trata-se de Elo\u00edsio Ant\u00f4nio de Castro (DEM), o Eloisio Cunha, da coliga\u00e7\u00e3o \u201cRumo aos Novos Tempos\u201d (DEM\/PT). Em elei\u00e7\u00e3o extempor\u00e2nea realizada neste domingo (12), Elo\u00edsio venceu o advers\u00e1rio, Alex Ruela de Almeida (PSDB), com 7.233 votos (54,33% dos votos).\" \/>\n\t\t<meta name=\"twitter:image\" content=\"https:\/\/scontent-gig4-1.xx.fbcdn.net\/v\/t39.30808-1\/270437624_4564083193639691_6907940295614233970_n.jpg?stp=dst-jpg_s200x200_tt6&amp;_nc_cat=111&amp;ccb=1-7&amp;_nc_sid=f907e8&amp;_nc_ohc=SM1wRlP3lJwQ7kNvwEPuBYA&amp;_nc_oc=AdnqrjDN_BNjSSHWO-GbkIWH6fkGMLw4bqvL_NH6e2wMveX7G-rP2dAqsDSq1mJMOaY&amp;_nc_zt=24&amp;_nc_ht=scontent-gig4-1.xx&amp;_nc_gid=AoBFJeGrT1hVaew_6rchkQ&amp;oh=00_AfX7QmFGhQhG2jAllVgXCiM1ZrWgvtp80-Bfppyexh1QEg&amp;oe=689E923C\" \/>\n\t\t<script type=\"application\/ld+json\" class=\"aioseo-schema\">\n\t\t\t{\"@context\":\"https:\\\/\\\/schema.org\",\"@graph\":[{\"@type\":\"BlogPosting\",\"@id\":\"https:\\\/\\\/anoticiaonline.com.br\\\/site\\\/eloisio-cunha-e-o-novo-prefeito-de-ervalia\\\/#blogposting\",\"name\":\"Elo\\u00edsio Cunha \\u00e9 o novo prefeito de Erv\\u00e1lia - A Not\\u00edcia Online\",\"headline\":\"Elo\\u00edsio Cunha \\u00e9 o novo prefeito de Erv\\u00e1lia\",\"author\":{\"@id\":\"https:\\\/\\\/anoticiaonline.com.br\\\/site\\\/author\\\/juliana\\\/#author\"},\"publisher\":{\"@id\":\"https:\\\/\\\/anoticiaonline.com.br\\\/site\\\/#organization\"},\"image\":{\"@type\":\"ImageObject\",\"url\":\"https:\\\/\\\/anoticiaonline.com.br\\\/site\\\/wp-content\\\/uploads\\\/2017\\\/03\\\/eloisio-cunha.jpg\",\"width\":640,\"height\":458,\"caption\":\"Elo\\u00edsio Cunha e Mauro Godinho (Foto: Arquivo pessoal\\\/Facebook candidato)\"},\"datePublished\":\"2017-03-12T18:29:51-03:00\",\"dateModified\":\"2017-03-12T18:33:44-03:00\",\"inLanguage\":\"pt-BR\",\"mainEntityOfPage\":{\"@id\":\"https:\\\/\\\/anoticiaonline.com.br\\\/site\\\/eloisio-cunha-e-o-novo-prefeito-de-ervalia\\\/#webpage\"},\"isPartOf\":{\"@id\":\"https:\\\/\\\/anoticiaonline.com.br\\\/site\\\/eloisio-cunha-e-o-novo-prefeito-de-ervalia\\\/#webpage\"},\"articleSection\":\"Regi\\u00e3o, slide\"},{\"@type\":\"BreadcrumbList\",\"@id\":\"https:\\\/\\\/anoticiaonline.com.br\\\/site\\\/eloisio-cunha-e-o-novo-prefeito-de-ervalia\\\/#breadcrumblist\",\"itemListElement\":[{\"@type\":\"ListItem\",\"@id\":\"https:\\\/\\\/anoticiaonline.com.br\\\/site#listItem\",\"position\":1,\"name\":\"Home\",\"item\":\"https:\\\/\\\/anoticiaonline.com.br\\\/site\",\"nextItem\":{\"@type\":\"ListItem\",\"@id\":\"https:\\\/\\\/anoticiaonline.com.br\\\/site\\\/categoria\\\/regiao\\\/#listItem\",\"name\":\"Regi\\u00e3o\"}},{\"@type\":\"ListItem\",\"@id\":\"https:\\\/\\\/anoticiaonline.com.br\\\/site\\\/categoria\\\/regiao\\\/#listItem\",\"position\":2,\"name\":\"Regi\\u00e3o\",\"item\":\"https:\\\/\\\/anoticiaonline.com.br\\\/site\\\/categoria\\\/regiao\\\/\",\"nextItem\":{\"@type\":\"ListItem\",\"@id\":\"https:\\\/\\\/anoticiaonline.com.br\\\/site\\\/eloisio-cunha-e-o-novo-prefeito-de-ervalia\\\/#listItem\",\"name\":\"Elo\\u00edsio Cunha \\u00e9 o novo prefeito de Erv\\u00e1lia\"},\"previousItem\":{\"@type\":\"ListItem\",\"@id\":\"https:\\\/\\\/anoticiaonline.com.br\\\/site#listItem\",\"name\":\"Home\"}},{\"@type\":\"ListItem\",\"@id\":\"https:\\\/\\\/anoticiaonline.com.br\\\/site\\\/eloisio-cunha-e-o-novo-prefeito-de-ervalia\\\/#listItem\",\"position\":3,\"name\":\"Elo\\u00edsio Cunha \\u00e9 o novo prefeito de Erv\\u00e1lia\",\"previousItem\":{\"@type\":\"ListItem\",\"@id\":\"https:\\\/\\\/anoticiaonline.com.br\\\/site\\\/categoria\\\/regiao\\\/#listItem\",\"name\":\"Regi\\u00e3o\"}}]},{\"@type\":\"Organization\",\"@id\":\"https:\\\/\\\/anoticiaonline.com.br\\\/site\\\/#organization\",\"name\":\"A Not\\u00edcia Online\",\"description\":\"Noticias de Muria\\u00e9 e regi\\u00e3o\",\"url\":\"https:\\\/\\\/anoticiaonline.com.br\\\/site\\\/\",\"logo\":{\"@type\":\"ImageObject\",\"url\":\"https:\\\/\\\/scontent-gig4-1.xx.fbcdn.net\\\/v\\\/t39.30808-1\\\/270437624_4564083193639691_6907940295614233970_n.jpg?stp=dst-jpg_s200x200_tt6&_nc_cat=111&ccb=1-7&_nc_sid=f907e8&_nc_ohc=SM1wRlP3lJwQ7kNvwEPuBYA&_nc_oc=AdnqrjDN_BNjSSHWO-GbkIWH6fkGMLw4bqvL_NH6e2wMveX7G-rP2dAqsDSq1mJMOaY&_nc_zt=24&_nc_ht=scontent-gig4-1.xx&_nc_gid=AoBFJeGrT1hVaew_6rchkQ&oh=00_AfX7QmFGhQhG2jAllVgXCiM1ZrWgvtp80-Bfppyexh1QEg&oe=689E923C\",\"@id\":\"https:\\\/\\\/anoticiaonline.com.br\\\/site\\\/eloisio-cunha-e-o-novo-prefeito-de-ervalia\\\/#organizationLogo\"},\"image\":{\"@id\":\"https:\\\/\\\/anoticiaonline.com.br\\\/site\\\/eloisio-cunha-e-o-novo-prefeito-de-ervalia\\\/#organizationLogo\"}},{\"@type\":\"Person\",\"@id\":\"https:\\\/\\\/anoticiaonline.com.br\\\/site\\\/author\\\/juliana\\\/#author\",\"url\":\"https:\\\/\\\/anoticiaonline.com.br\\\/site\\\/author\\\/juliana\\\/\",\"name\":\"Juliana Laviola\",\"image\":{\"@type\":\"ImageObject\",\"@id\":\"https:\\\/\\\/anoticiaonline.com.br\\\/site\\\/eloisio-cunha-e-o-novo-prefeito-de-ervalia\\\/#authorImage\",\"url\":\"https:\\\/\\\/secure.gravatar.com\\\/avatar\\\/b8d45f5c699b100dfaf0e543582f38f38bf94cb7ae3a5e9abf8d891a34773335?s=96&d=mm&r=g\",\"width\":96,\"height\":96,\"caption\":\"Juliana Laviola\"}},{\"@type\":\"WebPage\",\"@id\":\"https:\\\/\\\/anoticiaonline.com.br\\\/site\\\/eloisio-cunha-e-o-novo-prefeito-de-ervalia\\\/#webpage\",\"url\":\"https:\\\/\\\/anoticiaonline.com.br\\\/site\\\/eloisio-cunha-e-o-novo-prefeito-de-ervalia\\\/\",\"name\":\"Elo\\u00edsio Cunha \\u00e9 o novo prefeito de Erv\\u00e1lia - A Not\\u00edcia Online\",\"description\":\"Erv\\u00e1lia (munic\\u00edpio localizado a 54km de Muria\\u00e9) j\\u00e1 conhece seu novo prefeito para a Administra\\u00e7\\u00e3o 2017\\\/2020. Trata-se de Elo\\u00edsio Ant\\u00f4nio de Castro (DEM), o Eloisio Cunha, da coliga\\u00e7\\u00e3o \\u201cRumo aos Novos Tempos\\u201d (DEM\\\/PT). Em elei\\u00e7\\u00e3o extempor\\u00e2nea realizada neste domingo (12), Elo\\u00edsio venceu o advers\\u00e1rio, Alex Ruela de Almeida (PSDB), com 7.233 votos (54,33% dos votos).\",\"inLanguage\":\"pt-BR\",\"isPartOf\":{\"@id\":\"https:\\\/\\\/anoticiaonline.com.br\\\/site\\\/#website\"},\"breadcrumb\":{\"@id\":\"https:\\\/\\\/anoticiaonline.com.br\\\/site\\\/eloisio-cunha-e-o-novo-prefeito-de-ervalia\\\/#breadcrumblist\"},\"author\":{\"@id\":\"https:\\\/\\\/anoticiaonline.com.br\\\/site\\\/author\\\/juliana\\\/#author\"},\"creator\":{\"@id\":\"https:\\\/\\\/anoticiaonline.com.br\\\/site\\\/author\\\/juliana\\\/#author\"},\"image\":{\"@type\":\"ImageObject\",\"url\":\"https:\\\/\\\/anoticiaonline.com.br\\\/site\\\/wp-content\\\/uploads\\\/2017\\\/03\\\/eloisio-cunha.jpg\",\"@id\":\"https:\\\/\\\/anoticiaonline.com.br\\\/site\\\/eloisio-cunha-e-o-novo-prefeito-de-ervalia\\\/#mainImage\",\"width\":640,\"height\":458,\"caption\":\"Elo\\u00edsio Cunha e Mauro Godinho (Foto: Arquivo pessoal\\\/Facebook candidato)\"},\"primaryImageOfPage\":{\"@id\":\"https:\\\/\\\/anoticiaonline.com.br\\\/site\\\/eloisio-cunha-e-o-novo-prefeito-de-ervalia\\\/#mainImage\"},\"datePublished\":\"2017-03-12T18:29:51-03:00\",\"dateModified\":\"2017-03-12T18:33:44-03:00\"},{\"@type\":\"WebSite\",\"@id\":\"https:\\\/\\\/anoticiaonline.com.br\\\/site\\\/#website\",\"url\":\"https:\\\/\\\/anoticiaonline.com.br\\\/site\\\/\",\"name\":\"A Not\\u00edcia Online\",\"description\":\"Noticias de Muria\\u00e9 e regi\\u00e3o\",\"inLanguage\":\"pt-BR\",\"publisher\":{\"@id\":\"https:\\\/\\\/anoticiaonline.com.br\\\/site\\\/#organization\"}}]}\n\t\t<\/script>\n\t\t<!-- All in One SEO -->\n\n","aioseo_head_json":{"title":"Elo\u00edsio Cunha \u00e9 o novo prefeito de Erv\u00e1lia - A Not\u00edcia Online","description":"Erv\u00e1lia (munic\u00edpio localizado a 54km de Muria\u00e9) j\u00e1 conhece seu novo prefeito para a Administra\u00e7\u00e3o 2017\/2020. Trata-se de Elo\u00edsio Ant\u00f4nio de Castro (DEM), o Eloisio Cunha, da coliga\u00e7\u00e3o \u201cRumo aos Novos Tempos\u201d (DEM\/PT). Em elei\u00e7\u00e3o extempor\u00e2nea realizada neste domingo (12), Elo\u00edsio venceu o advers\u00e1rio, Alex Ruela de Almeida (PSDB), com 7.233 votos (54,33% dos votos).","canonical_url":"https:\/\/anoticiaonline.com.br\/site\/eloisio-cunha-e-o-novo-prefeito-de-ervalia\/","robots":"max-image-preview:large","keywords":"","webmasterTools":{"miscellaneous":""},"schema":{"@context":"https:\/\/schema.org","@graph":[{"@type":"BlogPosting","@id":"https:\/\/anoticiaonline.com.br\/site\/eloisio-cunha-e-o-novo-prefeito-de-ervalia\/#blogposting","name":"Elo\u00edsio Cunha \u00e9 o novo prefeito de Erv\u00e1lia - A Not\u00edcia Online","headline":"Elo\u00edsio Cunha \u00e9 o novo prefeito de Erv\u00e1lia","author":{"@id":"https:\/\/anoticiaonline.com.br\/site\/author\/juliana\/#author"},"publisher":{"@id":"https:\/\/anoticiaonline.com.br\/site\/#organization"},"image":{"@type":"ImageObject","url":"https:\/\/anoticiaonline.com.br\/site\/wp-content\/uploads\/2017\/03\/eloisio-cunha.jpg","width":640,"height":458,"caption":"Elo\u00edsio Cunha e Mauro Godinho (Foto: Arquivo pessoal\/Facebook candidato)"},"datePublished":"2017-03-12T18:29:51-03:00","dateModified":"2017-03-12T18:33:44-03:00","inLanguage":"pt-BR","mainEntityOfPage":{"@id":"https:\/\/anoticiaonline.com.br\/site\/eloisio-cunha-e-o-novo-prefeito-de-ervalia\/#webpage"},"isPartOf":{"@id":"https:\/\/anoticiaonline.com.br\/site\/eloisio-cunha-e-o-novo-prefeito-de-ervalia\/#webpage"},"articleSection":"Regi\u00e3o, slide"},{"@type":"BreadcrumbList","@id":"https:\/\/anoticiaonline.com.br\/site\/eloisio-cunha-e-o-novo-prefeito-de-ervalia\/#breadcrumblist","itemListElement":[{"@type":"ListItem","@id":"https:\/\/anoticiaonline.com.br\/site#listItem","position":1,"name":"Home","item":"https:\/\/anoticiaonline.com.br\/site","nextItem":{"@type":"ListItem","@id":"https:\/\/anoticiaonline.com.br\/site\/categoria\/regiao\/#listItem","name":"Regi\u00e3o"}},{"@type":"ListItem","@id":"https:\/\/anoticiaonline.com.br\/site\/categoria\/regiao\/#listItem","position":2,"name":"Regi\u00e3o","item":"https:\/\/anoticiaonline.com.br\/site\/categoria\/regiao\/","nextItem":{"@type":"ListItem","@id":"https:\/\/anoticiaonline.com.br\/site\/eloisio-cunha-e-o-novo-prefeito-de-ervalia\/#listItem","name":"Elo\u00edsio Cunha \u00e9 o novo prefeito de Erv\u00e1lia"},"previousItem":{"@type":"ListItem","@id":"https:\/\/anoticiaonline.com.br\/site#listItem","name":"Home"}},{"@type":"ListItem","@id":"https:\/\/anoticiaonline.com.br\/site\/eloisio-cunha-e-o-novo-prefeito-de-ervalia\/#listItem","position":3,"name":"Elo\u00edsio Cunha \u00e9 o novo prefeito de Erv\u00e1lia","previousItem":{"@type":"ListItem","@id":"https:\/\/anoticiaonline.com.br\/site\/categoria\/regiao\/#listItem","name":"Regi\u00e3o"}}]},{"@type":"Organization","@id":"https:\/\/anoticiaonline.com.br\/site\/#organization","name":"A Not\u00edcia Online","description":"Noticias de Muria\u00e9 e regi\u00e3o","url":"https:\/\/anoticiaonline.com.br\/site\/","logo":{"@type":"ImageObject","url":"https:\/\/scontent-gig4-1.xx.fbcdn.net\/v\/t39.30808-1\/270437624_4564083193639691_6907940295614233970_n.jpg?stp=dst-jpg_s200x200_tt6&_nc_cat=111&ccb=1-7&_nc_sid=f907e8&_nc_ohc=SM1wRlP3lJwQ7kNvwEPuBYA&_nc_oc=AdnqrjDN_BNjSSHWO-GbkIWH6fkGMLw4bqvL_NH6e2wMveX7G-rP2dAqsDSq1mJMOaY&_nc_zt=24&_nc_ht=scontent-gig4-1.xx&_nc_gid=AoBFJeGrT1hVaew_6rchkQ&oh=00_AfX7QmFGhQhG2jAllVgXCiM1ZrWgvtp80-Bfppyexh1QEg&oe=689E923C","@id":"https:\/\/anoticiaonline.com.br\/site\/eloisio-cunha-e-o-novo-prefeito-de-ervalia\/#organizationLogo"},"image":{"@id":"https:\/\/anoticiaonline.com.br\/site\/eloisio-cunha-e-o-novo-prefeito-de-ervalia\/#organizationLogo"}},{"@type":"Person","@id":"https:\/\/anoticiaonline.com.br\/site\/author\/juliana\/#author","url":"https:\/\/anoticiaonline.com.br\/site\/author\/juliana\/","name":"Juliana Laviola","image":{"@type":"ImageObject","@id":"https:\/\/anoticiaonline.com.br\/site\/eloisio-cunha-e-o-novo-prefeito-de-ervalia\/#authorImage","url":"https:\/\/secure.gravatar.com\/avatar\/b8d45f5c699b100dfaf0e543582f38f38bf94cb7ae3a5e9abf8d891a34773335?s=96&d=mm&r=g","width":96,"height":96,"caption":"Juliana Laviola"}},{"@type":"WebPage","@id":"https:\/\/anoticiaonline.com.br\/site\/eloisio-cunha-e-o-novo-prefeito-de-ervalia\/#webpage","url":"https:\/\/anoticiaonline.com.br\/site\/eloisio-cunha-e-o-novo-prefeito-de-ervalia\/","name":"Elo\u00edsio Cunha \u00e9 o novo prefeito de Erv\u00e1lia - A Not\u00edcia Online","description":"Erv\u00e1lia (munic\u00edpio localizado a 54km de Muria\u00e9) j\u00e1 conhece seu novo prefeito para a Administra\u00e7\u00e3o 2017\/2020. Trata-se de Elo\u00edsio Ant\u00f4nio de Castro (DEM), o Eloisio Cunha, da coliga\u00e7\u00e3o \u201cRumo aos Novos Tempos\u201d (DEM\/PT). Em elei\u00e7\u00e3o extempor\u00e2nea realizada neste domingo (12), Elo\u00edsio venceu o advers\u00e1rio, Alex Ruela de Almeida (PSDB), com 7.233 votos (54,33% dos votos).","inLanguage":"pt-BR","isPartOf":{"@id":"https:\/\/anoticiaonline.com.br\/site\/#website"},"breadcrumb":{"@id":"https:\/\/anoticiaonline.com.br\/site\/eloisio-cunha-e-o-novo-prefeito-de-ervalia\/#breadcrumblist"},"author":{"@id":"https:\/\/anoticiaonline.com.br\/site\/author\/juliana\/#author"},"creator":{"@id":"https:\/\/anoticiaonline.com.br\/site\/author\/juliana\/#author"},"image":{"@type":"ImageObject","url":"https:\/\/anoticiaonline.com.br\/site\/wp-content\/uploads\/2017\/03\/eloisio-cunha.jpg","@id":"https:\/\/anoticiaonline.com.br\/site\/eloisio-cunha-e-o-novo-prefeito-de-ervalia\/#mainImage","width":640,"height":458,"caption":"Elo\u00edsio Cunha e Mauro Godinho (Foto: Arquivo pessoal\/Facebook candidato)"},"primaryImageOfPage":{"@id":"https:\/\/anoticiaonline.com.br\/site\/eloisio-cunha-e-o-novo-prefeito-de-ervalia\/#mainImage"},"datePublished":"2017-03-12T18:29:51-03:00","dateModified":"2017-03-12T18:33:44-03:00"},{"@type":"WebSite","@id":"https:\/\/anoticiaonline.com.br\/site\/#website","url":"https:\/\/anoticiaonline.com.br\/site\/","name":"A Not\u00edcia Online","description":"Noticias de Muria\u00e9 e regi\u00e3o","inLanguage":"pt-BR","publisher":{"@id":"https:\/\/anoticiaonline.com.br\/site\/#organization"}}]},"og:locale":"pt_BR","og:site_name":"A Not\u00edcia Online - Noticias de Muria\u00e9 e regi\u00e3o","og:type":"article","og:title":"Elo\u00edsio Cunha \u00e9 o novo prefeito de Erv\u00e1lia - A Not\u00edcia Online","og:description":"Erv\u00e1lia (munic\u00edpio localizado a 54km de Muria\u00e9) j\u00e1 conhece seu novo prefeito para a Administra\u00e7\u00e3o 2017\/2020. Trata-se de Elo\u00edsio Ant\u00f4nio de Castro (DEM), o Eloisio Cunha, da coliga\u00e7\u00e3o \u201cRumo aos Novos Tempos\u201d (DEM\/PT). Em elei\u00e7\u00e3o extempor\u00e2nea realizada neste domingo (12), Elo\u00edsio venceu o advers\u00e1rio, Alex Ruela de Almeida (PSDB), com 7.233 votos (54,33% dos votos).","og:url":"https:\/\/anoticiaonline.com.br\/site\/eloisio-cunha-e-o-novo-prefeito-de-ervalia\/","og:image":"https:\/\/scontent-gig4-1.xx.fbcdn.net\/v\/t39.30808-1\/270437624_4564083193639691_6907940295614233970_n.jpg?stp=dst-jpg_s200x200_tt6&#038;_nc_cat=111&#038;ccb=1-7&#038;_nc_sid=f907e8&#038;_nc_ohc=SM1wRlP3lJwQ7kNvwEPuBYA&#038;_nc_oc=AdnqrjDN_BNjSSHWO-GbkIWH6fkGMLw4bqvL_NH6e2wMveX7G-rP2dAqsDSq1mJMOaY&#038;_nc_zt=24&#038;_nc_ht=scontent-gig4-1.xx&#038;_nc_gid=AoBFJeGrT1hVaew_6rchkQ&#038;oh=00_AfX7QmFGhQhG2jAllVgXCiM1ZrWgvtp80-Bfppyexh1QEg&#038;oe=689E923C","og:image:secure_url":"https:\/\/scontent-gig4-1.xx.fbcdn.net\/v\/t39.30808-1\/270437624_4564083193639691_6907940295614233970_n.jpg?stp=dst-jpg_s200x200_tt6&#038;_nc_cat=111&#038;ccb=1-7&#038;_nc_sid=f907e8&#038;_nc_ohc=SM1wRlP3lJwQ7kNvwEPuBYA&#038;_nc_oc=AdnqrjDN_BNjSSHWO-GbkIWH6fkGMLw4bqvL_NH6e2wMveX7G-rP2dAqsDSq1mJMOaY&#038;_nc_zt=24&#038;_nc_ht=scontent-gig4-1.xx&#038;_nc_gid=AoBFJeGrT1hVaew_6rchkQ&#038;oh=00_AfX7QmFGhQhG2jAllVgXCiM1ZrWgvtp80-Bfppyexh1QEg&#038;oe=689E923C","article:published_time":"2017-03-12T21:29:51+00:00","article:modified_time":"2017-03-12T21:33:44+00:00","twitter:card":"summary_large_image","twitter:title":"Elo\u00edsio Cunha \u00e9 o novo prefeito de Erv\u00e1lia - A Not\u00edcia Online","twitter:description":"Erv\u00e1lia (munic\u00edpio localizado a 54km de Muria\u00e9) j\u00e1 conhece seu novo prefeito para a Administra\u00e7\u00e3o 2017\/2020. Trata-se de Elo\u00edsio Ant\u00f4nio de Castro (DEM), o Eloisio Cunha, da coliga\u00e7\u00e3o \u201cRumo aos Novos Tempos\u201d (DEM\/PT). Em elei\u00e7\u00e3o extempor\u00e2nea realizada neste domingo (12), Elo\u00edsio venceu o advers\u00e1rio, Alex Ruela de Almeida (PSDB), com 7.233 votos (54,33% dos votos).","twitter:image":"https:\/\/scontent-gig4-1.xx.fbcdn.net\/v\/t39.30808-1\/270437624_4564083193639691_6907940295614233970_n.jpg?stp=dst-jpg_s200x200_tt6&_nc_cat=111&ccb=1-7&_nc_sid=f907e8&_nc_ohc=SM1wRlP3lJwQ7kNvwEPuBYA&_nc_oc=AdnqrjDN_BNjSSHWO-GbkIWH6fkGMLw4bqvL_NH6e2wMveX7G-rP2dAqsDSq1mJMOaY&_nc_zt=24&_nc_ht=scontent-gig4-1.xx&_nc_gid=AoBFJeGrT1hVaew_6rchkQ&oh=00_AfX7QmFGhQhG2jAllVgXCiM1ZrWgvtp80-Bfppyexh1QEg&oe=689E923C"},"aioseo_meta_data":{"post_id":"25857","title":null,"description":null,"keywords":null,"keyphrases":null,"primary_term":null,"canonical_url":null,"og_title":null,"og_description":null,"og_object_type":"default","og_image_type":"default","og_image_url":null,"og_image_width":null,"og_image_height":null,"og_image_custom_url":null,"og_image_custom_fields":null,"og_video":null,"og_custom_url":null,"og_article_section":null,"og_article_tags":null,"twitter_use_og":false,"twitter_card":"default","twitter_image_type":"default","twitter_image_url":null,"twitter_image_custom_url":null,"twitter_image_custom_fields":null,"twitter_title":null,"twitter_description":null,"schema":{"blockGraphs":[],"customGraphs":[],"default":{"data":{"Article":[],"Course":[],"Dataset":[],"FAQPage":[],"Movie":[],"Person":[],"Product":[],"ProductReview":[],"Car":[],"Recipe":[],"Service":[],"SoftwareApplication":[],"WebPage":[]},"graphName":"","isEnabled":true},"graphs":[]},"schema_type":"default","schema_type_options":null,"pillar_content":false,"robots_default":true,"robots_noindex":false,"robots_noarchive":false,"robots_nosnippet":false,"robots_nofollow":false,"robots_noimageindex":false,"robots_noodp":false,"robots_notranslate":false,"robots_max_snippet":null,"robots_max_videopreview":null,"robots_max_imagepreview":"large","priority":null,"frequency":null,"local_seo":null,"breadcrumb_settings":null,"limit_modified_date":false,"ai":null,"created":"2025-08-16 17:56:42","updated":"2025-08-16 17:56:42","focus_keyword":null,"additional_keywords":null,"truseo_locale":null,"seo_analyzer_scan_date":null},"aioseo_breadcrumb":"<div class=\"aioseo-breadcrumbs\"><span class=\"aioseo-breadcrumb\">\n\t\t\t<a href=\"https:\/\/anoticiaonline.com.br\/site\" title=\"Home\">Home<\/a>\n\t\t<\/span><span class=\"aioseo-breadcrumb-separator\">&raquo;<\/span><span class=\"aioseo-breadcrumb\">\n\t\t\t<a href=\"https:\/\/anoticiaonline.com.br\/site\/categoria\/regiao\/\" title=\"Regi\u00e3o\">Regi\u00e3o<\/a>\n\t\t<\/span><span class=\"aioseo-breadcrumb-separator\">&raquo;<\/span><span class=\"aioseo-breadcrumb\">\n\t\t\tElo\u00edsio Cunha \u00e9 o novo prefeito de Erv\u00e1lia\n\t\t<\/span><\/div>","aioseo_breadcrumb_json":[{"label":"Home","link":"https:\/\/anoticiaonline.com.br\/site"},{"label":"Regi\u00e3o","link":"https:\/\/anoticiaonline.com.br\/site\/categoria\/regiao\/"},{"label":"Elo\u00edsio Cunha \u00e9 o novo prefeito de Erv\u00e1lia","link":"https:\/\/anoticiaonline.com.br\/site\/eloisio-cunha-e-o-novo-prefeito-de-ervalia\/"}],"views":154,"_links":{"self":[{"href":"https:\/\/anoticiaonline.com.br\/site\/wp-json\/wp\/v2\/posts\/25857","targetHints":{"allow":["GET"]}}],"collection":[{"href":"https:\/\/anoticiaonline.com.br\/site\/wp-json\/wp\/v2\/posts"}],"about":[{"href":"https:\/\/anoticiaonline.com.br\/site\/wp-json\/wp\/v2\/types\/post"}],"author":[{"embeddable":true,"href":"https:\/\/anoticiaonline.com.br\/site\/wp-json\/wp\/v2\/users\/2"}],"replies":[{"embeddable":true,"href":"https:\/\/anoticiaonline.com.br\/site\/wp-json\/wp\/v2\/comments?post=25857"}],"version-history":[{"count":0,"href":"https:\/\/anoticiaonline.com.br\/site\/wp-json\/wp\/v2\/posts\/25857\/revisions"}],"wp:featuredmedia":[{"embeddable":true,"href":"https:\/\/anoticiaonline.com.br\/site\/wp-json\/wp\/v2\/media\/25858"}],"wp:attachment":[{"href":"https:\/\/anoticiaonline.com.br\/site\/wp-json\/wp\/v2\/media?parent=25857"}],"wp:term":[{"taxonomy":"category","embeddable":true,"href":"https:\/\/anoticiaonline.com.br\/site\/wp-json\/wp\/v2\/categories?post=25857"},{"taxonomy":"post_tag","embeddable":true,"href":"https:\/\/anoticiaonline.com.br\/site\/wp-json\/wp\/v2\/tags?post=25857"}],"curies":[{"name":"wp","href":"https:\/\/api.w.org\/{rel}","templated":true}]}}