{"id":25660,"date":"2017-03-08T08:56:18","date_gmt":"2017-03-08T11:56:18","guid":{"rendered":"http:\/\/anoticiaonline.com.br\/site\/?p=25660"},"modified":"2017-03-08T08:56:18","modified_gmt":"2017-03-08T11:56:18","slug":"camara-aprova-projeto-de-homenagem-a-mulheres-de-muriae","status":"publish","type":"post","link":"https:\/\/anoticiaonline.com.br\/site\/camara-aprova-projeto-de-homenagem-a-mulheres-de-muriae\/","title":{"rendered":"C\u00e2mara aprova projeto de homenagem a mulheres de Muria\u00e9"},"content":{"rendered":"<figure id=\"attachment_25661\" aria-describedby=\"caption-attachment-25661\" style=\"width: 290px\" class=\"wp-caption alignleft\"><a href=\"https:\/\/anoticiaonline.com.br\/site\/wp-content\/uploads\/2017\/03\/C\u00e2mara-aprova-projeto-de-homenagem-a-mulheres-de-Muria\u00e9.jpg\"><img fetchpriority=\"high\" decoding=\"async\" class=\"wp-image-25661 size-medium\" src=\"https:\/\/anoticiaonline.com.br\/site\/wp-content\/uploads\/2017\/03\/C\u00e2mara-aprova-projeto-de-homenagem-a-mulheres-de-Muria\u00e9-300x200.jpg\" alt=\"Vereadora Miriam Facchini\" width=\"300\" height=\"200\" srcset=\"https:\/\/anoticiaonline.com.br\/site\/wp-content\/uploads\/2017\/03\/C\u00e2mara-aprova-projeto-de-homenagem-a-mulheres-de-Muria\u00e9-300x200.jpg 300w, https:\/\/anoticiaonline.com.br\/site\/wp-content\/uploads\/2017\/03\/C\u00e2mara-aprova-projeto-de-homenagem-a-mulheres-de-Muria\u00e9-290x192.jpg 290w, https:\/\/anoticiaonline.com.br\/site\/wp-content\/uploads\/2017\/03\/C\u00e2mara-aprova-projeto-de-homenagem-a-mulheres-de-Muria\u00e9.jpg 640w\" sizes=\"(max-width: 300px) 100vw, 300px\" \/><\/a><figcaption id=\"caption-attachment-25661\" class=\"wp-caption-text\">Vereadora Miriam Facchini, autora do PL<\/figcaption><\/figure>\n<p>Na v\u00e9spera do Dia Internacional da Mulher, a reuni\u00e3o da C\u00e2mara de ter\u00e7a-feira (7) foi marcada por homenagens \u00e0s cidad\u00e3s, em especial \u00e0s servidoras p\u00fablicas e \u00e0s vereadoras de Muria\u00e9. E foi uma das parlamentares femininas, Miriam Facchini, quem apresentou projeto de lei para cria\u00e7\u00e3o do t\u00edtulo &#8220;Mulher Muriaeense&#8221;, em comemora\u00e7\u00e3o \u00e0 data. O texto foi aprovado por todos os presentes \u00e0 sess\u00e3o &#8211; com exce\u00e7\u00e3o do vereador Jair Abreu, que se absteve &#8211; e segue, agora, para ser sancionado pelo prefeito Grego.<\/p>\n<p>De acordo com os termos do projeto, a honraria ser\u00e1 concedida a mulheres que tenham se destacado em prol do desenvolvimento de Muria\u00e9, colaborando para o engrandecimento do munic\u00edpio. A cerim\u00f4nia de entrega dos t\u00edtulos dever\u00e1 acontecer sempre na \u00faltima semana do m\u00eas de mar\u00e7o de cada ano, na sede da C\u00e2mara.<\/p>\n<p>Segundo a autora do projeto, a premia\u00e7\u00e3o tem o objetivo de valorizar as mulheres muriaeenses atuantes em todos os segmentos da sociedade. &#8220;A condi\u00e7\u00e3o feminina fica cada vez mais evidente junto \u00e0 sociedade. As mulheres, al\u00e9m de serem alicerces da fam\u00edlia, tamb\u00e9m desempenham papel fundamental por meio da presta\u00e7\u00e3o de servi\u00e7os&#8221;, ressalta Miriam. &#8220;Em Muria\u00e9, v\u00e1rias personalidades t\u00eam se destacado, tanto no setor p\u00fablico quanto no privado, motivo pelo qual propusemos a cria\u00e7\u00e3o deste t\u00edtulo para homenage\u00e1-las&#8221;, acrescenta.<\/p>\n<p>A primeira solenidade est\u00e1 agendada para acontecer j\u00e1 no fim deste m\u00eas, no dia 28 de mar\u00e7o. O prefeito e cada um dos vereadores poder\u00e3o fazer suas indica\u00e7\u00f5es, totalizando 18 pessoas a serem agraciadas com a honraria.<\/p>\n","protected":false},"excerpt":{"rendered":"<p>Na v\u00e9spera do Dia Internacional da Mulher, a reuni\u00e3o da C\u00e2mara de ter\u00e7a-feira (7) foi marcada por homenagens \u00e0s cidad\u00e3s, em especial \u00e0s servidoras p\u00fablicas e \u00e0s vereadoras de Muria\u00e9. E foi uma das parlamentares femininas, Miriam Facchini, quem apresentou projeto de lei para cria\u00e7\u00e3o do t\u00edtulo &#8220;Mulher Muriaeense&#8221;, em comemora\u00e7\u00e3o \u00e0 data. O texto &#8230; <a title=\"C\u00e2mara aprova projeto de homenagem a mulheres de Muria\u00e9\" class=\"read-more\" href=\"https:\/\/anoticiaonline.com.br\/site\/camara-aprova-projeto-de-homenagem-a-mulheres-de-muriae\/\" aria-label=\"Read more about C\u00e2mara aprova projeto de homenagem a mulheres de Muria\u00e9\">Ler mais<\/a><\/p>\n","protected":false},"author":2,"featured_media":25661,"comment_status":"open","ping_status":"open","sticky":false,"template":"","format":"standard","meta":{"_acf_changed":false,"_monsterinsights_skip_tracking":false,"footnotes":""},"categories":[30],"tags":[3],"class_list":["post-25660","post","type-post","status-publish","format-standard","has-post-thumbnail","hentry","category-muriae","tag-slide"],"acf":[],"aioseo_notices":[],"aioseo_head":"\n\t\t<!-- All in One SEO 5.0.0.1 - aioseo.com -->\n\t<meta name=\"description\" content=\"Na v\u00e9spera do Dia Internacional da Mulher, a reuni\u00e3o da C\u00e2mara de ter\u00e7a-feira (7) foi marcada por homenagens \u00e0s cidad\u00e3s, em especial \u00e0s servidoras p\u00fablicas e \u00e0s vereadoras de Muria\u00e9. E foi uma das parlamentares femininas, Miriam Facchini, quem apresentou projeto de lei para cria\u00e7\u00e3o do t\u00edtulo &quot;Mulher Muriaeense&quot;, em comemora\u00e7\u00e3o \u00e0 data. O texto\" \/>\n\t<meta name=\"robots\" content=\"max-image-preview:large\" \/>\n\t<meta name=\"author\" content=\"Juliana Laviola\"\/>\n\t<link rel=\"canonical\" href=\"https:\/\/anoticiaonline.com.br\/site\/camara-aprova-projeto-de-homenagem-a-mulheres-de-muriae\/\" \/>\n\t<meta name=\"generator\" content=\"All in One SEO (AIOSEO) 5.0.0.1\" \/>\n\t\t<meta property=\"og:locale\" content=\"pt_BR\" \/>\n\t\t<meta property=\"og:site_name\" content=\"A Not\u00edcia Online - Noticias de Muria\u00e9 e regi\u00e3o\" \/>\n\t\t<meta property=\"og:type\" content=\"article\" \/>\n\t\t<meta property=\"og:title\" content=\"C\u00e2mara aprova projeto de homenagem a mulheres de Muria\u00e9 - A Not\u00edcia Online\" \/>\n\t\t<meta property=\"og:description\" content=\"Na v\u00e9spera do Dia Internacional da Mulher, a reuni\u00e3o da C\u00e2mara de ter\u00e7a-feira (7) foi marcada por homenagens \u00e0s cidad\u00e3s, em especial \u00e0s servidoras p\u00fablicas e \u00e0s vereadoras de Muria\u00e9. E foi uma das parlamentares femininas, Miriam Facchini, quem apresentou projeto de lei para cria\u00e7\u00e3o do t\u00edtulo &quot;Mulher Muriaeense&quot;, em comemora\u00e7\u00e3o \u00e0 data. O texto\" \/>\n\t\t<meta property=\"og:url\" content=\"https:\/\/anoticiaonline.com.br\/site\/camara-aprova-projeto-de-homenagem-a-mulheres-de-muriae\/\" \/>\n\t\t<meta property=\"og:image\" content=\"https:\/\/scontent-gig4-1.xx.fbcdn.net\/v\/t39.30808-1\/270437624_4564083193639691_6907940295614233970_n.jpg?stp=dst-jpg_s200x200_tt6&#038;_nc_cat=111&#038;ccb=1-7&#038;_nc_sid=f907e8&#038;_nc_ohc=SM1wRlP3lJwQ7kNvwEPuBYA&#038;_nc_oc=AdnqrjDN_BNjSSHWO-GbkIWH6fkGMLw4bqvL_NH6e2wMveX7G-rP2dAqsDSq1mJMOaY&#038;_nc_zt=24&#038;_nc_ht=scontent-gig4-1.xx&#038;_nc_gid=AoBFJeGrT1hVaew_6rchkQ&#038;oh=00_AfX7QmFGhQhG2jAllVgXCiM1ZrWgvtp80-Bfppyexh1QEg&#038;oe=689E923C\" \/>\n\t\t<meta property=\"og:image:secure_url\" content=\"https:\/\/scontent-gig4-1.xx.fbcdn.net\/v\/t39.30808-1\/270437624_4564083193639691_6907940295614233970_n.jpg?stp=dst-jpg_s200x200_tt6&#038;_nc_cat=111&#038;ccb=1-7&#038;_nc_sid=f907e8&#038;_nc_ohc=SM1wRlP3lJwQ7kNvwEPuBYA&#038;_nc_oc=AdnqrjDN_BNjSSHWO-GbkIWH6fkGMLw4bqvL_NH6e2wMveX7G-rP2dAqsDSq1mJMOaY&#038;_nc_zt=24&#038;_nc_ht=scontent-gig4-1.xx&#038;_nc_gid=AoBFJeGrT1hVaew_6rchkQ&#038;oh=00_AfX7QmFGhQhG2jAllVgXCiM1ZrWgvtp80-Bfppyexh1QEg&#038;oe=689E923C\" \/>\n\t\t<meta property=\"article:published_time\" content=\"2017-03-08T11:56:18+00:00\" \/>\n\t\t<meta property=\"article:modified_time\" content=\"2017-03-08T11:56:18+00:00\" \/>\n\t\t<meta name=\"twitter:card\" content=\"summary_large_image\" \/>\n\t\t<meta name=\"twitter:title\" content=\"C\u00e2mara aprova projeto de homenagem a mulheres de Muria\u00e9 - A Not\u00edcia Online\" \/>\n\t\t<meta name=\"twitter:description\" content=\"Na v\u00e9spera do Dia Internacional da Mulher, a reuni\u00e3o da C\u00e2mara de ter\u00e7a-feira (7) foi marcada por homenagens \u00e0s cidad\u00e3s, em especial \u00e0s servidoras p\u00fablicas e \u00e0s vereadoras de Muria\u00e9. E foi uma das parlamentares femininas, Miriam Facchini, quem apresentou projeto de lei para cria\u00e7\u00e3o do t\u00edtulo &quot;Mulher Muriaeense&quot;, em comemora\u00e7\u00e3o \u00e0 data. O texto\" \/>\n\t\t<meta name=\"twitter:image\" content=\"https:\/\/scontent-gig4-1.xx.fbcdn.net\/v\/t39.30808-1\/270437624_4564083193639691_6907940295614233970_n.jpg?stp=dst-jpg_s200x200_tt6&amp;_nc_cat=111&amp;ccb=1-7&amp;_nc_sid=f907e8&amp;_nc_ohc=SM1wRlP3lJwQ7kNvwEPuBYA&amp;_nc_oc=AdnqrjDN_BNjSSHWO-GbkIWH6fkGMLw4bqvL_NH6e2wMveX7G-rP2dAqsDSq1mJMOaY&amp;_nc_zt=24&amp;_nc_ht=scontent-gig4-1.xx&amp;_nc_gid=AoBFJeGrT1hVaew_6rchkQ&amp;oh=00_AfX7QmFGhQhG2jAllVgXCiM1ZrWgvtp80-Bfppyexh1QEg&amp;oe=689E923C\" \/>\n\t\t<script type=\"application\/ld+json\" class=\"aioseo-schema\">\n\t\t\t{\"@context\":\"https:\\\/\\\/schema.org\",\"@graph\":[{\"@type\":\"BlogPosting\",\"@id\":\"https:\\\/\\\/anoticiaonline.com.br\\\/site\\\/camara-aprova-projeto-de-homenagem-a-mulheres-de-muriae\\\/#blogposting\",\"name\":\"C\\u00e2mara aprova projeto de homenagem a mulheres de Muria\\u00e9 - A Not\\u00edcia Online\",\"headline\":\"C\\u00e2mara aprova projeto de homenagem a mulheres de Muria\\u00e9\",\"author\":{\"@id\":\"https:\\\/\\\/anoticiaonline.com.br\\\/site\\\/author\\\/juliana\\\/#author\"},\"publisher\":{\"@id\":\"https:\\\/\\\/anoticiaonline.com.br\\\/site\\\/#organization\"},\"image\":{\"@type\":\"ImageObject\",\"url\":\"https:\\\/\\\/anoticiaonline.com.br\\\/site\\\/wp-content\\\/uploads\\\/2017\\\/03\\\/C\\u00e2mara-aprova-projeto-de-homenagem-a-mulheres-de-Muria\\u00e9.jpg\",\"width\":640,\"height\":426,\"caption\":\"Vereadora Miriam Facchini\"},\"datePublished\":\"2017-03-08T08:56:18-03:00\",\"dateModified\":\"2017-03-08T08:56:18-03:00\",\"inLanguage\":\"pt-BR\",\"mainEntityOfPage\":{\"@id\":\"https:\\\/\\\/anoticiaonline.com.br\\\/site\\\/camara-aprova-projeto-de-homenagem-a-mulheres-de-muriae\\\/#webpage\"},\"isPartOf\":{\"@id\":\"https:\\\/\\\/anoticiaonline.com.br\\\/site\\\/camara-aprova-projeto-de-homenagem-a-mulheres-de-muriae\\\/#webpage\"},\"articleSection\":\"Blog, slide\"},{\"@type\":\"BreadcrumbList\",\"@id\":\"https:\\\/\\\/anoticiaonline.com.br\\\/site\\\/camara-aprova-projeto-de-homenagem-a-mulheres-de-muriae\\\/#breadcrumblist\",\"itemListElement\":[{\"@type\":\"ListItem\",\"@id\":\"https:\\\/\\\/anoticiaonline.com.br\\\/site#listItem\",\"position\":1,\"name\":\"Home\",\"item\":\"https:\\\/\\\/anoticiaonline.com.br\\\/site\",\"nextItem\":{\"@type\":\"ListItem\",\"@id\":\"https:\\\/\\\/anoticiaonline.com.br\\\/site\\\/categoria\\\/muriae\\\/#listItem\",\"name\":\"Blog\"}},{\"@type\":\"ListItem\",\"@id\":\"https:\\\/\\\/anoticiaonline.com.br\\\/site\\\/categoria\\\/muriae\\\/#listItem\",\"position\":2,\"name\":\"Blog\",\"item\":\"https:\\\/\\\/anoticiaonline.com.br\\\/site\\\/categoria\\\/muriae\\\/\",\"nextItem\":{\"@type\":\"ListItem\",\"@id\":\"https:\\\/\\\/anoticiaonline.com.br\\\/site\\\/camara-aprova-projeto-de-homenagem-a-mulheres-de-muriae\\\/#listItem\",\"name\":\"C\\u00e2mara aprova projeto de homenagem a mulheres de Muria\\u00e9\"},\"previousItem\":{\"@type\":\"ListItem\",\"@id\":\"https:\\\/\\\/anoticiaonline.com.br\\\/site#listItem\",\"name\":\"Home\"}},{\"@type\":\"ListItem\",\"@id\":\"https:\\\/\\\/anoticiaonline.com.br\\\/site\\\/camara-aprova-projeto-de-homenagem-a-mulheres-de-muriae\\\/#listItem\",\"position\":3,\"name\":\"C\\u00e2mara aprova projeto de homenagem a mulheres de Muria\\u00e9\",\"previousItem\":{\"@type\":\"ListItem\",\"@id\":\"https:\\\/\\\/anoticiaonline.com.br\\\/site\\\/categoria\\\/muriae\\\/#listItem\",\"name\":\"Blog\"}}]},{\"@type\":\"Organization\",\"@id\":\"https:\\\/\\\/anoticiaonline.com.br\\\/site\\\/#organization\",\"name\":\"A Not\\u00edcia Online\",\"description\":\"Noticias de Muria\\u00e9 e regi\\u00e3o\",\"url\":\"https:\\\/\\\/anoticiaonline.com.br\\\/site\\\/\",\"logo\":{\"@type\":\"ImageObject\",\"url\":\"https:\\\/\\\/scontent-gig4-1.xx.fbcdn.net\\\/v\\\/t39.30808-1\\\/270437624_4564083193639691_6907940295614233970_n.jpg?stp=dst-jpg_s200x200_tt6&_nc_cat=111&ccb=1-7&_nc_sid=f907e8&_nc_ohc=SM1wRlP3lJwQ7kNvwEPuBYA&_nc_oc=AdnqrjDN_BNjSSHWO-GbkIWH6fkGMLw4bqvL_NH6e2wMveX7G-rP2dAqsDSq1mJMOaY&_nc_zt=24&_nc_ht=scontent-gig4-1.xx&_nc_gid=AoBFJeGrT1hVaew_6rchkQ&oh=00_AfX7QmFGhQhG2jAllVgXCiM1ZrWgvtp80-Bfppyexh1QEg&oe=689E923C\",\"@id\":\"https:\\\/\\\/anoticiaonline.com.br\\\/site\\\/camara-aprova-projeto-de-homenagem-a-mulheres-de-muriae\\\/#organizationLogo\"},\"image\":{\"@id\":\"https:\\\/\\\/anoticiaonline.com.br\\\/site\\\/camara-aprova-projeto-de-homenagem-a-mulheres-de-muriae\\\/#organizationLogo\"}},{\"@type\":\"Person\",\"@id\":\"https:\\\/\\\/anoticiaonline.com.br\\\/site\\\/author\\\/juliana\\\/#author\",\"url\":\"https:\\\/\\\/anoticiaonline.com.br\\\/site\\\/author\\\/juliana\\\/\",\"name\":\"Juliana Laviola\",\"image\":{\"@type\":\"ImageObject\",\"@id\":\"https:\\\/\\\/anoticiaonline.com.br\\\/site\\\/camara-aprova-projeto-de-homenagem-a-mulheres-de-muriae\\\/#authorImage\",\"url\":\"https:\\\/\\\/secure.gravatar.com\\\/avatar\\\/b8d45f5c699b100dfaf0e543582f38f38bf94cb7ae3a5e9abf8d891a34773335?s=96&d=mm&r=g\",\"width\":96,\"height\":96,\"caption\":\"Juliana Laviola\"}},{\"@type\":\"WebPage\",\"@id\":\"https:\\\/\\\/anoticiaonline.com.br\\\/site\\\/camara-aprova-projeto-de-homenagem-a-mulheres-de-muriae\\\/#webpage\",\"url\":\"https:\\\/\\\/anoticiaonline.com.br\\\/site\\\/camara-aprova-projeto-de-homenagem-a-mulheres-de-muriae\\\/\",\"name\":\"C\\u00e2mara aprova projeto de homenagem a mulheres de Muria\\u00e9 - A Not\\u00edcia Online\",\"description\":\"Na v\\u00e9spera do Dia Internacional da Mulher, a reuni\\u00e3o da C\\u00e2mara de ter\\u00e7a-feira (7) foi marcada por homenagens \\u00e0s cidad\\u00e3s, em especial \\u00e0s servidoras p\\u00fablicas e \\u00e0s vereadoras de Muria\\u00e9. E foi uma das parlamentares femininas, Miriam Facchini, quem apresentou projeto de lei para cria\\u00e7\\u00e3o do t\\u00edtulo \\\"Mulher Muriaeense\\\", em comemora\\u00e7\\u00e3o \\u00e0 data. O texto\",\"inLanguage\":\"pt-BR\",\"isPartOf\":{\"@id\":\"https:\\\/\\\/anoticiaonline.com.br\\\/site\\\/#website\"},\"breadcrumb\":{\"@id\":\"https:\\\/\\\/anoticiaonline.com.br\\\/site\\\/camara-aprova-projeto-de-homenagem-a-mulheres-de-muriae\\\/#breadcrumblist\"},\"author\":{\"@id\":\"https:\\\/\\\/anoticiaonline.com.br\\\/site\\\/author\\\/juliana\\\/#author\"},\"creator\":{\"@id\":\"https:\\\/\\\/anoticiaonline.com.br\\\/site\\\/author\\\/juliana\\\/#author\"},\"image\":{\"@type\":\"ImageObject\",\"url\":\"https:\\\/\\\/anoticiaonline.com.br\\\/site\\\/wp-content\\\/uploads\\\/2017\\\/03\\\/C\\u00e2mara-aprova-projeto-de-homenagem-a-mulheres-de-Muria\\u00e9.jpg\",\"@id\":\"https:\\\/\\\/anoticiaonline.com.br\\\/site\\\/camara-aprova-projeto-de-homenagem-a-mulheres-de-muriae\\\/#mainImage\",\"width\":640,\"height\":426,\"caption\":\"Vereadora Miriam Facchini\"},\"primaryImageOfPage\":{\"@id\":\"https:\\\/\\\/anoticiaonline.com.br\\\/site\\\/camara-aprova-projeto-de-homenagem-a-mulheres-de-muriae\\\/#mainImage\"},\"datePublished\":\"2017-03-08T08:56:18-03:00\",\"dateModified\":\"2017-03-08T08:56:18-03:00\"},{\"@type\":\"WebSite\",\"@id\":\"https:\\\/\\\/anoticiaonline.com.br\\\/site\\\/#website\",\"url\":\"https:\\\/\\\/anoticiaonline.com.br\\\/site\\\/\",\"name\":\"A Not\\u00edcia Online\",\"description\":\"Noticias de Muria\\u00e9 e regi\\u00e3o\",\"inLanguage\":\"pt-BR\",\"publisher\":{\"@id\":\"https:\\\/\\\/anoticiaonline.com.br\\\/site\\\/#organization\"}}]}\n\t\t<\/script>\n\t\t<!-- All in One SEO -->\n\n","aioseo_head_json":{"title":"C\u00e2mara aprova projeto de homenagem a mulheres de Muria\u00e9 - A Not\u00edcia Online","description":"Na v\u00e9spera do Dia Internacional da Mulher, a reuni\u00e3o da C\u00e2mara de ter\u00e7a-feira (7) foi marcada por homenagens \u00e0s cidad\u00e3s, em especial \u00e0s servidoras p\u00fablicas e \u00e0s vereadoras de Muria\u00e9. E foi uma das parlamentares femininas, Miriam Facchini, quem apresentou projeto de lei para cria\u00e7\u00e3o do t\u00edtulo \"Mulher Muriaeense\", em comemora\u00e7\u00e3o \u00e0 data. O texto","canonical_url":"https:\/\/anoticiaonline.com.br\/site\/camara-aprova-projeto-de-homenagem-a-mulheres-de-muriae\/","robots":"max-image-preview:large","keywords":"","webmasterTools":{"miscellaneous":""},"schema":{"@context":"https:\/\/schema.org","@graph":[{"@type":"BlogPosting","@id":"https:\/\/anoticiaonline.com.br\/site\/camara-aprova-projeto-de-homenagem-a-mulheres-de-muriae\/#blogposting","name":"C\u00e2mara aprova projeto de homenagem a mulheres de Muria\u00e9 - A Not\u00edcia Online","headline":"C\u00e2mara aprova projeto de homenagem a mulheres de Muria\u00e9","author":{"@id":"https:\/\/anoticiaonline.com.br\/site\/author\/juliana\/#author"},"publisher":{"@id":"https:\/\/anoticiaonline.com.br\/site\/#organization"},"image":{"@type":"ImageObject","url":"https:\/\/anoticiaonline.com.br\/site\/wp-content\/uploads\/2017\/03\/C\u00e2mara-aprova-projeto-de-homenagem-a-mulheres-de-Muria\u00e9.jpg","width":640,"height":426,"caption":"Vereadora Miriam Facchini"},"datePublished":"2017-03-08T08:56:18-03:00","dateModified":"2017-03-08T08:56:18-03:00","inLanguage":"pt-BR","mainEntityOfPage":{"@id":"https:\/\/anoticiaonline.com.br\/site\/camara-aprova-projeto-de-homenagem-a-mulheres-de-muriae\/#webpage"},"isPartOf":{"@id":"https:\/\/anoticiaonline.com.br\/site\/camara-aprova-projeto-de-homenagem-a-mulheres-de-muriae\/#webpage"},"articleSection":"Blog, slide"},{"@type":"BreadcrumbList","@id":"https:\/\/anoticiaonline.com.br\/site\/camara-aprova-projeto-de-homenagem-a-mulheres-de-muriae\/#breadcrumblist","itemListElement":[{"@type":"ListItem","@id":"https:\/\/anoticiaonline.com.br\/site#listItem","position":1,"name":"Home","item":"https:\/\/anoticiaonline.com.br\/site","nextItem":{"@type":"ListItem","@id":"https:\/\/anoticiaonline.com.br\/site\/categoria\/muriae\/#listItem","name":"Blog"}},{"@type":"ListItem","@id":"https:\/\/anoticiaonline.com.br\/site\/categoria\/muriae\/#listItem","position":2,"name":"Blog","item":"https:\/\/anoticiaonline.com.br\/site\/categoria\/muriae\/","nextItem":{"@type":"ListItem","@id":"https:\/\/anoticiaonline.com.br\/site\/camara-aprova-projeto-de-homenagem-a-mulheres-de-muriae\/#listItem","name":"C\u00e2mara aprova projeto de homenagem a mulheres de Muria\u00e9"},"previousItem":{"@type":"ListItem","@id":"https:\/\/anoticiaonline.com.br\/site#listItem","name":"Home"}},{"@type":"ListItem","@id":"https:\/\/anoticiaonline.com.br\/site\/camara-aprova-projeto-de-homenagem-a-mulheres-de-muriae\/#listItem","position":3,"name":"C\u00e2mara aprova projeto de homenagem a mulheres de Muria\u00e9","previousItem":{"@type":"ListItem","@id":"https:\/\/anoticiaonline.com.br\/site\/categoria\/muriae\/#listItem","name":"Blog"}}]},{"@type":"Organization","@id":"https:\/\/anoticiaonline.com.br\/site\/#organization","name":"A Not\u00edcia Online","description":"Noticias de Muria\u00e9 e regi\u00e3o","url":"https:\/\/anoticiaonline.com.br\/site\/","logo":{"@type":"ImageObject","url":"https:\/\/scontent-gig4-1.xx.fbcdn.net\/v\/t39.30808-1\/270437624_4564083193639691_6907940295614233970_n.jpg?stp=dst-jpg_s200x200_tt6&_nc_cat=111&ccb=1-7&_nc_sid=f907e8&_nc_ohc=SM1wRlP3lJwQ7kNvwEPuBYA&_nc_oc=AdnqrjDN_BNjSSHWO-GbkIWH6fkGMLw4bqvL_NH6e2wMveX7G-rP2dAqsDSq1mJMOaY&_nc_zt=24&_nc_ht=scontent-gig4-1.xx&_nc_gid=AoBFJeGrT1hVaew_6rchkQ&oh=00_AfX7QmFGhQhG2jAllVgXCiM1ZrWgvtp80-Bfppyexh1QEg&oe=689E923C","@id":"https:\/\/anoticiaonline.com.br\/site\/camara-aprova-projeto-de-homenagem-a-mulheres-de-muriae\/#organizationLogo"},"image":{"@id":"https:\/\/anoticiaonline.com.br\/site\/camara-aprova-projeto-de-homenagem-a-mulheres-de-muriae\/#organizationLogo"}},{"@type":"Person","@id":"https:\/\/anoticiaonline.com.br\/site\/author\/juliana\/#author","url":"https:\/\/anoticiaonline.com.br\/site\/author\/juliana\/","name":"Juliana Laviola","image":{"@type":"ImageObject","@id":"https:\/\/anoticiaonline.com.br\/site\/camara-aprova-projeto-de-homenagem-a-mulheres-de-muriae\/#authorImage","url":"https:\/\/secure.gravatar.com\/avatar\/b8d45f5c699b100dfaf0e543582f38f38bf94cb7ae3a5e9abf8d891a34773335?s=96&d=mm&r=g","width":96,"height":96,"caption":"Juliana Laviola"}},{"@type":"WebPage","@id":"https:\/\/anoticiaonline.com.br\/site\/camara-aprova-projeto-de-homenagem-a-mulheres-de-muriae\/#webpage","url":"https:\/\/anoticiaonline.com.br\/site\/camara-aprova-projeto-de-homenagem-a-mulheres-de-muriae\/","name":"C\u00e2mara aprova projeto de homenagem a mulheres de Muria\u00e9 - A Not\u00edcia Online","description":"Na v\u00e9spera do Dia Internacional da Mulher, a reuni\u00e3o da C\u00e2mara de ter\u00e7a-feira (7) foi marcada por homenagens \u00e0s cidad\u00e3s, em especial \u00e0s servidoras p\u00fablicas e \u00e0s vereadoras de Muria\u00e9. E foi uma das parlamentares femininas, Miriam Facchini, quem apresentou projeto de lei para cria\u00e7\u00e3o do t\u00edtulo \"Mulher Muriaeense\", em comemora\u00e7\u00e3o \u00e0 data. O texto","inLanguage":"pt-BR","isPartOf":{"@id":"https:\/\/anoticiaonline.com.br\/site\/#website"},"breadcrumb":{"@id":"https:\/\/anoticiaonline.com.br\/site\/camara-aprova-projeto-de-homenagem-a-mulheres-de-muriae\/#breadcrumblist"},"author":{"@id":"https:\/\/anoticiaonline.com.br\/site\/author\/juliana\/#author"},"creator":{"@id":"https:\/\/anoticiaonline.com.br\/site\/author\/juliana\/#author"},"image":{"@type":"ImageObject","url":"https:\/\/anoticiaonline.com.br\/site\/wp-content\/uploads\/2017\/03\/C\u00e2mara-aprova-projeto-de-homenagem-a-mulheres-de-Muria\u00e9.jpg","@id":"https:\/\/anoticiaonline.com.br\/site\/camara-aprova-projeto-de-homenagem-a-mulheres-de-muriae\/#mainImage","width":640,"height":426,"caption":"Vereadora Miriam Facchini"},"primaryImageOfPage":{"@id":"https:\/\/anoticiaonline.com.br\/site\/camara-aprova-projeto-de-homenagem-a-mulheres-de-muriae\/#mainImage"},"datePublished":"2017-03-08T08:56:18-03:00","dateModified":"2017-03-08T08:56:18-03:00"},{"@type":"WebSite","@id":"https:\/\/anoticiaonline.com.br\/site\/#website","url":"https:\/\/anoticiaonline.com.br\/site\/","name":"A Not\u00edcia Online","description":"Noticias de Muria\u00e9 e regi\u00e3o","inLanguage":"pt-BR","publisher":{"@id":"https:\/\/anoticiaonline.com.br\/site\/#organization"}}]},"og:locale":"pt_BR","og:site_name":"A Not\u00edcia Online - Noticias de Muria\u00e9 e regi\u00e3o","og:type":"article","og:title":"C\u00e2mara aprova projeto de homenagem a mulheres de Muria\u00e9 - A Not\u00edcia Online","og:description":"Na v\u00e9spera do Dia Internacional da Mulher, a reuni\u00e3o da C\u00e2mara de ter\u00e7a-feira (7) foi marcada por homenagens \u00e0s cidad\u00e3s, em especial \u00e0s servidoras p\u00fablicas e \u00e0s vereadoras de Muria\u00e9. E foi uma das parlamentares femininas, Miriam Facchini, quem apresentou projeto de lei para cria\u00e7\u00e3o do t\u00edtulo &quot;Mulher Muriaeense&quot;, em comemora\u00e7\u00e3o \u00e0 data. O texto","og:url":"https:\/\/anoticiaonline.com.br\/site\/camara-aprova-projeto-de-homenagem-a-mulheres-de-muriae\/","og:image":"https:\/\/scontent-gig4-1.xx.fbcdn.net\/v\/t39.30808-1\/270437624_4564083193639691_6907940295614233970_n.jpg?stp=dst-jpg_s200x200_tt6&#038;_nc_cat=111&#038;ccb=1-7&#038;_nc_sid=f907e8&#038;_nc_ohc=SM1wRlP3lJwQ7kNvwEPuBYA&#038;_nc_oc=AdnqrjDN_BNjSSHWO-GbkIWH6fkGMLw4bqvL_NH6e2wMveX7G-rP2dAqsDSq1mJMOaY&#038;_nc_zt=24&#038;_nc_ht=scontent-gig4-1.xx&#038;_nc_gid=AoBFJeGrT1hVaew_6rchkQ&#038;oh=00_AfX7QmFGhQhG2jAllVgXCiM1ZrWgvtp80-Bfppyexh1QEg&#038;oe=689E923C","og:image:secure_url":"https:\/\/scontent-gig4-1.xx.fbcdn.net\/v\/t39.30808-1\/270437624_4564083193639691_6907940295614233970_n.jpg?stp=dst-jpg_s200x200_tt6&#038;_nc_cat=111&#038;ccb=1-7&#038;_nc_sid=f907e8&#038;_nc_ohc=SM1wRlP3lJwQ7kNvwEPuBYA&#038;_nc_oc=AdnqrjDN_BNjSSHWO-GbkIWH6fkGMLw4bqvL_NH6e2wMveX7G-rP2dAqsDSq1mJMOaY&#038;_nc_zt=24&#038;_nc_ht=scontent-gig4-1.xx&#038;_nc_gid=AoBFJeGrT1hVaew_6rchkQ&#038;oh=00_AfX7QmFGhQhG2jAllVgXCiM1ZrWgvtp80-Bfppyexh1QEg&#038;oe=689E923C","article:published_time":"2017-03-08T11:56:18+00:00","article:modified_time":"2017-03-08T11:56:18+00:00","twitter:card":"summary_large_image","twitter:title":"C\u00e2mara aprova projeto de homenagem a mulheres de Muria\u00e9 - A Not\u00edcia Online","twitter:description":"Na v\u00e9spera do Dia Internacional da Mulher, a reuni\u00e3o da C\u00e2mara de ter\u00e7a-feira (7) foi marcada por homenagens \u00e0s cidad\u00e3s, em especial \u00e0s servidoras p\u00fablicas e \u00e0s vereadoras de Muria\u00e9. E foi uma das parlamentares femininas, Miriam Facchini, quem apresentou projeto de lei para cria\u00e7\u00e3o do t\u00edtulo &quot;Mulher Muriaeense&quot;, em comemora\u00e7\u00e3o \u00e0 data. O texto","twitter:image":"https:\/\/scontent-gig4-1.xx.fbcdn.net\/v\/t39.30808-1\/270437624_4564083193639691_6907940295614233970_n.jpg?stp=dst-jpg_s200x200_tt6&_nc_cat=111&ccb=1-7&_nc_sid=f907e8&_nc_ohc=SM1wRlP3lJwQ7kNvwEPuBYA&_nc_oc=AdnqrjDN_BNjSSHWO-GbkIWH6fkGMLw4bqvL_NH6e2wMveX7G-rP2dAqsDSq1mJMOaY&_nc_zt=24&_nc_ht=scontent-gig4-1.xx&_nc_gid=AoBFJeGrT1hVaew_6rchkQ&oh=00_AfX7QmFGhQhG2jAllVgXCiM1ZrWgvtp80-Bfppyexh1QEg&oe=689E923C"},"aioseo_meta_data":{"post_id":"25660","title":null,"description":null,"keywords":null,"keyphrases":null,"primary_term":null,"canonical_url":null,"og_title":null,"og_description":null,"og_object_type":"default","og_image_type":"default","og_image_url":null,"og_image_width":null,"og_image_height":null,"og_image_custom_url":null,"og_image_custom_fields":null,"og_video":null,"og_custom_url":null,"og_article_section":null,"og_article_tags":null,"twitter_use_og":false,"twitter_card":"default","twitter_image_type":"default","twitter_image_url":null,"twitter_image_custom_url":null,"twitter_image_custom_fields":null,"twitter_title":null,"twitter_description":null,"schema":{"blockGraphs":[],"customGraphs":[],"default":{"data":{"Article":[],"Course":[],"Dataset":[],"FAQPage":[],"Movie":[],"Person":[],"Product":[],"ProductReview":[],"Car":[],"Recipe":[],"Service":[],"SoftwareApplication":[],"WebPage":[]},"graphName":"","isEnabled":true},"graphs":[]},"schema_type":"default","schema_type_options":null,"pillar_content":false,"robots_default":true,"robots_noindex":false,"robots_noarchive":false,"robots_nosnippet":false,"robots_nofollow":false,"robots_noimageindex":false,"robots_noodp":false,"robots_notranslate":false,"robots_max_snippet":null,"robots_max_videopreview":null,"robots_max_imagepreview":"large","priority":null,"frequency":null,"local_seo":null,"breadcrumb_settings":null,"limit_modified_date":false,"ai":null,"created":"2025-08-16 17:53:41","updated":"2025-08-16 17:53:41","focus_keyword":null,"additional_keywords":null,"truseo_locale":null,"seo_analyzer_scan_date":null},"aioseo_breadcrumb":"<div class=\"aioseo-breadcrumbs\"><span class=\"aioseo-breadcrumb\">\n\t\t\t<a href=\"https:\/\/anoticiaonline.com.br\/site\" title=\"Home\">Home<\/a>\n\t\t<\/span><span class=\"aioseo-breadcrumb-separator\">&raquo;<\/span><span class=\"aioseo-breadcrumb\">\n\t\t\t<a href=\"https:\/\/anoticiaonline.com.br\/site\/categoria\/muriae\/\" title=\"Blog\">Blog<\/a>\n\t\t<\/span><span class=\"aioseo-breadcrumb-separator\">&raquo;<\/span><span class=\"aioseo-breadcrumb\">\n\t\t\tC\u00e2mara aprova projeto de homenagem a mulheres de Muria\u00e9\n\t\t<\/span><\/div>","aioseo_breadcrumb_json":[{"label":"Home","link":"https:\/\/anoticiaonline.com.br\/site"},{"label":"Blog","link":"https:\/\/anoticiaonline.com.br\/site\/categoria\/muriae\/"},{"label":"C\u00e2mara aprova projeto de homenagem a mulheres de Muria\u00e9","link":"https:\/\/anoticiaonline.com.br\/site\/camara-aprova-projeto-de-homenagem-a-mulheres-de-muriae\/"}],"views":145,"_links":{"self":[{"href":"https:\/\/anoticiaonline.com.br\/site\/wp-json\/wp\/v2\/posts\/25660","targetHints":{"allow":["GET"]}}],"collection":[{"href":"https:\/\/anoticiaonline.com.br\/site\/wp-json\/wp\/v2\/posts"}],"about":[{"href":"https:\/\/anoticiaonline.com.br\/site\/wp-json\/wp\/v2\/types\/post"}],"author":[{"embeddable":true,"href":"https:\/\/anoticiaonline.com.br\/site\/wp-json\/wp\/v2\/users\/2"}],"replies":[{"embeddable":true,"href":"https:\/\/anoticiaonline.com.br\/site\/wp-json\/wp\/v2\/comments?post=25660"}],"version-history":[{"count":0,"href":"https:\/\/anoticiaonline.com.br\/site\/wp-json\/wp\/v2\/posts\/25660\/revisions"}],"wp:featuredmedia":[{"embeddable":true,"href":"https:\/\/anoticiaonline.com.br\/site\/wp-json\/wp\/v2\/media\/25661"}],"wp:attachment":[{"href":"https:\/\/anoticiaonline.com.br\/site\/wp-json\/wp\/v2\/media?parent=25660"}],"wp:term":[{"taxonomy":"category","embeddable":true,"href":"https:\/\/anoticiaonline.com.br\/site\/wp-json\/wp\/v2\/categories?post=25660"},{"taxonomy":"post_tag","embeddable":true,"href":"https:\/\/anoticiaonline.com.br\/site\/wp-json\/wp\/v2\/tags?post=25660"}],"curies":[{"name":"wp","href":"https:\/\/api.w.org\/{rel}","templated":true}]}}