{"id":25657,"date":"2017-03-07T16:21:43","date_gmt":"2017-03-07T19:21:43","guid":{"rendered":"http:\/\/anoticiaonline.com.br\/site\/?p=25657"},"modified":"2017-03-07T16:21:43","modified_gmt":"2017-03-07T19:21:43","slug":"prova-para-estagio-no-programa-bpc-na-escola-acontece-nesta-quinta-feira","status":"publish","type":"post","link":"https:\/\/anoticiaonline.com.br\/site\/prova-para-estagio-no-programa-bpc-na-escola-acontece-nesta-quinta-feira\/","title":{"rendered":"Prova para est\u00e1gio no programa BPC na Escola acontece nesta quinta-feira"},"content":{"rendered":"<figure id=\"attachment_25658\" aria-describedby=\"caption-attachment-25658\" style=\"width: 290px\" class=\"wp-caption alignleft\"><a href=\"https:\/\/anoticiaonline.com.br\/site\/wp-content\/uploads\/2017\/03\/20140624143313_899.jpg\"><img fetchpriority=\"high\" decoding=\"async\" class=\"size-medium wp-image-25658\" src=\"https:\/\/anoticiaonline.com.br\/site\/wp-content\/uploads\/2017\/03\/20140624143313_899-300x178.jpg\" alt=\"Processo seletivo acontece no Unifaminas\" width=\"300\" height=\"178\" srcset=\"https:\/\/anoticiaonline.com.br\/site\/wp-content\/uploads\/2017\/03\/20140624143313_899-300x178.jpg 300w, https:\/\/anoticiaonline.com.br\/site\/wp-content\/uploads\/2017\/03\/20140624143313_899.jpg 640w\" sizes=\"(max-width: 300px) 100vw, 300px\" \/><\/a><figcaption id=\"caption-attachment-25658\" class=\"wp-caption-text\">Processo seletivo acontece no Unifaminas<\/figcaption><\/figure>\n<p>A prova do processo seletivo para contrata\u00e7\u00e3o de estagi\u00e1rios para o programa Benef\u00edcio de Presta\u00e7\u00e3o Continuada da Assist\u00eancia Social na Escola (BPC na Escola) acontece nesta quinta-feira (9), \u00e0s 14h, no Unifaminas. Ao todo, 51 candidatos se inscreveram.<\/p>\n<p>Destinado a estudantes de gradua\u00e7\u00e3o em Psicologia ou Servi\u00e7o Social, o \u201cBPC Na Escola\u201d tem o objetivo de garantir que jovens com idade de at\u00e9 18 anos tenham acesso \u00e0 educa\u00e7\u00e3o. Assim, os estagi\u00e1rios ter\u00e3o, entre suas fun\u00e7\u00f5es, o dever de atuar na identifica\u00e7\u00e3o dos benefici\u00e1rios que est\u00e3o inseridos ou n\u00e3o na escola. Vale lembrar que todas as a\u00e7\u00f5es ser\u00e3o realizadas com a supervis\u00e3o de profissionais especializados.<\/p>\n<p>O edital prev\u00ea, inicialmente, a contrata\u00e7\u00e3o de um estagi\u00e1rio, al\u00e9m da forma\u00e7\u00e3o de cadastro de reserva para ocupa\u00e7\u00e3o de novas vagas que possam surgir posteriormente. O processo seletivo tem validade de um ano, contado a partir da data de homologa\u00e7\u00e3o do resultado final.<\/p>\n<p>O \u201cBPC na Escola\u201d \u00e9 um programa criado pelo Governo Federal. Em Muria\u00e9, ele \u00e9 desenvolvido pela Secretaria Municipal de Desenvolvimento Social.<\/p>\n","protected":false},"excerpt":{"rendered":"<p>A prova do processo seletivo para contrata\u00e7\u00e3o de estagi\u00e1rios para o programa Benef\u00edcio de Presta\u00e7\u00e3o Continuada da Assist\u00eancia Social na Escola (BPC na Escola) acontece nesta quinta-feira (9), \u00e0s 14h, no Unifaminas. Ao todo, 51 candidatos se inscreveram. Destinado a estudantes de gradua\u00e7\u00e3o em Psicologia ou Servi\u00e7o Social, o \u201cBPC Na Escola\u201d tem o objetivo &#8230; <a title=\"Prova para est\u00e1gio no programa BPC na Escola acontece nesta quinta-feira\" class=\"read-more\" href=\"https:\/\/anoticiaonline.com.br\/site\/prova-para-estagio-no-programa-bpc-na-escola-acontece-nesta-quinta-feira\/\" aria-label=\"Read more about Prova para est\u00e1gio no programa BPC na Escola acontece nesta quinta-feira\">Ler mais<\/a><\/p>\n","protected":false},"author":2,"featured_media":25658,"comment_status":"open","ping_status":"open","sticky":false,"template":"","format":"standard","meta":{"_acf_changed":false,"_monsterinsights_skip_tracking":false,"footnotes":""},"categories":[30],"tags":[3],"class_list":["post-25657","post","type-post","status-publish","format-standard","has-post-thumbnail","hentry","category-muriae","tag-slide"],"acf":[],"aioseo_notices":[],"aioseo_head":"\n\t\t<!-- All in One SEO 5.0.0.1 - aioseo.com -->\n\t<meta name=\"description\" content=\"A prova do processo seletivo para contrata\u00e7\u00e3o de estagi\u00e1rios para o programa Benef\u00edcio de Presta\u00e7\u00e3o Continuada da Assist\u00eancia Social na Escola (BPC na Escola) acontece nesta quinta-feira (9), \u00e0s 14h, no Unifaminas. Ao todo, 51 candidatos se inscreveram. Destinado a estudantes de gradua\u00e7\u00e3o em Psicologia ou Servi\u00e7o Social, o \u201cBPC Na Escola\u201d tem o objetivo\" \/>\n\t<meta name=\"robots\" content=\"max-image-preview:large\" \/>\n\t<meta name=\"author\" content=\"Juliana Laviola\"\/>\n\t<link rel=\"canonical\" href=\"https:\/\/anoticiaonline.com.br\/site\/prova-para-estagio-no-programa-bpc-na-escola-acontece-nesta-quinta-feira\/\" \/>\n\t<meta name=\"generator\" content=\"All in One SEO (AIOSEO) 5.0.0.1\" \/>\n\t\t<meta property=\"og:locale\" content=\"pt_BR\" \/>\n\t\t<meta property=\"og:site_name\" content=\"A Not\u00edcia Online - Noticias de Muria\u00e9 e regi\u00e3o\" \/>\n\t\t<meta property=\"og:type\" content=\"article\" \/>\n\t\t<meta property=\"og:title\" content=\"Prova para est\u00e1gio no programa BPC na Escola acontece nesta quinta-feira - A Not\u00edcia Online\" \/>\n\t\t<meta property=\"og:description\" content=\"A prova do processo seletivo para contrata\u00e7\u00e3o de estagi\u00e1rios para o programa Benef\u00edcio de Presta\u00e7\u00e3o Continuada da Assist\u00eancia Social na Escola (BPC na Escola) acontece nesta quinta-feira (9), \u00e0s 14h, no Unifaminas. Ao todo, 51 candidatos se inscreveram. Destinado a estudantes de gradua\u00e7\u00e3o em Psicologia ou Servi\u00e7o Social, o \u201cBPC Na Escola\u201d tem o objetivo\" \/>\n\t\t<meta property=\"og:url\" content=\"https:\/\/anoticiaonline.com.br\/site\/prova-para-estagio-no-programa-bpc-na-escola-acontece-nesta-quinta-feira\/\" \/>\n\t\t<meta property=\"og:image\" content=\"https:\/\/scontent-gig4-1.xx.fbcdn.net\/v\/t39.30808-1\/270437624_4564083193639691_6907940295614233970_n.jpg?stp=dst-jpg_s200x200_tt6&#038;_nc_cat=111&#038;ccb=1-7&#038;_nc_sid=f907e8&#038;_nc_ohc=SM1wRlP3lJwQ7kNvwEPuBYA&#038;_nc_oc=AdnqrjDN_BNjSSHWO-GbkIWH6fkGMLw4bqvL_NH6e2wMveX7G-rP2dAqsDSq1mJMOaY&#038;_nc_zt=24&#038;_nc_ht=scontent-gig4-1.xx&#038;_nc_gid=AoBFJeGrT1hVaew_6rchkQ&#038;oh=00_AfX7QmFGhQhG2jAllVgXCiM1ZrWgvtp80-Bfppyexh1QEg&#038;oe=689E923C\" \/>\n\t\t<meta property=\"og:image:secure_url\" content=\"https:\/\/scontent-gig4-1.xx.fbcdn.net\/v\/t39.30808-1\/270437624_4564083193639691_6907940295614233970_n.jpg?stp=dst-jpg_s200x200_tt6&#038;_nc_cat=111&#038;ccb=1-7&#038;_nc_sid=f907e8&#038;_nc_ohc=SM1wRlP3lJwQ7kNvwEPuBYA&#038;_nc_oc=AdnqrjDN_BNjSSHWO-GbkIWH6fkGMLw4bqvL_NH6e2wMveX7G-rP2dAqsDSq1mJMOaY&#038;_nc_zt=24&#038;_nc_ht=scontent-gig4-1.xx&#038;_nc_gid=AoBFJeGrT1hVaew_6rchkQ&#038;oh=00_AfX7QmFGhQhG2jAllVgXCiM1ZrWgvtp80-Bfppyexh1QEg&#038;oe=689E923C\" \/>\n\t\t<meta property=\"article:published_time\" content=\"2017-03-07T19:21:43+00:00\" \/>\n\t\t<meta property=\"article:modified_time\" content=\"2017-03-07T19:21:43+00:00\" \/>\n\t\t<meta name=\"twitter:card\" content=\"summary_large_image\" \/>\n\t\t<meta name=\"twitter:title\" content=\"Prova para est\u00e1gio no programa BPC na Escola acontece nesta quinta-feira - A Not\u00edcia Online\" \/>\n\t\t<meta name=\"twitter:description\" content=\"A prova do processo seletivo para contrata\u00e7\u00e3o de estagi\u00e1rios para o programa Benef\u00edcio de Presta\u00e7\u00e3o Continuada da Assist\u00eancia Social na Escola (BPC na Escola) acontece nesta quinta-feira (9), \u00e0s 14h, no Unifaminas. Ao todo, 51 candidatos se inscreveram. Destinado a estudantes de gradua\u00e7\u00e3o em Psicologia ou Servi\u00e7o Social, o \u201cBPC Na Escola\u201d tem o objetivo\" \/>\n\t\t<meta name=\"twitter:image\" content=\"https:\/\/scontent-gig4-1.xx.fbcdn.net\/v\/t39.30808-1\/270437624_4564083193639691_6907940295614233970_n.jpg?stp=dst-jpg_s200x200_tt6&amp;_nc_cat=111&amp;ccb=1-7&amp;_nc_sid=f907e8&amp;_nc_ohc=SM1wRlP3lJwQ7kNvwEPuBYA&amp;_nc_oc=AdnqrjDN_BNjSSHWO-GbkIWH6fkGMLw4bqvL_NH6e2wMveX7G-rP2dAqsDSq1mJMOaY&amp;_nc_zt=24&amp;_nc_ht=scontent-gig4-1.xx&amp;_nc_gid=AoBFJeGrT1hVaew_6rchkQ&amp;oh=00_AfX7QmFGhQhG2jAllVgXCiM1ZrWgvtp80-Bfppyexh1QEg&amp;oe=689E923C\" \/>\n\t\t<script type=\"application\/ld+json\" class=\"aioseo-schema\">\n\t\t\t{\"@context\":\"https:\\\/\\\/schema.org\",\"@graph\":[{\"@type\":\"BlogPosting\",\"@id\":\"https:\\\/\\\/anoticiaonline.com.br\\\/site\\\/prova-para-estagio-no-programa-bpc-na-escola-acontece-nesta-quinta-feira\\\/#blogposting\",\"name\":\"Prova para est\\u00e1gio no programa BPC na Escola acontece nesta quinta-feira - A Not\\u00edcia Online\",\"headline\":\"Prova para est\\u00e1gio no programa BPC na Escola acontece nesta quinta-feira\",\"author\":{\"@id\":\"https:\\\/\\\/anoticiaonline.com.br\\\/site\\\/author\\\/juliana\\\/#author\"},\"publisher\":{\"@id\":\"https:\\\/\\\/anoticiaonline.com.br\\\/site\\\/#organization\"},\"image\":{\"@type\":\"ImageObject\",\"url\":\"https:\\\/\\\/anoticiaonline.com.br\\\/site\\\/wp-content\\\/uploads\\\/2017\\\/03\\\/20140624143313_899.jpg\",\"width\":640,\"height\":379,\"caption\":\"Processo seletivo acontece no Unifaminas\"},\"datePublished\":\"2017-03-07T16:21:43-03:00\",\"dateModified\":\"2017-03-07T16:21:43-03:00\",\"inLanguage\":\"pt-BR\",\"mainEntityOfPage\":{\"@id\":\"https:\\\/\\\/anoticiaonline.com.br\\\/site\\\/prova-para-estagio-no-programa-bpc-na-escola-acontece-nesta-quinta-feira\\\/#webpage\"},\"isPartOf\":{\"@id\":\"https:\\\/\\\/anoticiaonline.com.br\\\/site\\\/prova-para-estagio-no-programa-bpc-na-escola-acontece-nesta-quinta-feira\\\/#webpage\"},\"articleSection\":\"Blog, slide\"},{\"@type\":\"BreadcrumbList\",\"@id\":\"https:\\\/\\\/anoticiaonline.com.br\\\/site\\\/prova-para-estagio-no-programa-bpc-na-escola-acontece-nesta-quinta-feira\\\/#breadcrumblist\",\"itemListElement\":[{\"@type\":\"ListItem\",\"@id\":\"https:\\\/\\\/anoticiaonline.com.br\\\/site#listItem\",\"position\":1,\"name\":\"Home\",\"item\":\"https:\\\/\\\/anoticiaonline.com.br\\\/site\",\"nextItem\":{\"@type\":\"ListItem\",\"@id\":\"https:\\\/\\\/anoticiaonline.com.br\\\/site\\\/categoria\\\/muriae\\\/#listItem\",\"name\":\"Blog\"}},{\"@type\":\"ListItem\",\"@id\":\"https:\\\/\\\/anoticiaonline.com.br\\\/site\\\/categoria\\\/muriae\\\/#listItem\",\"position\":2,\"name\":\"Blog\",\"item\":\"https:\\\/\\\/anoticiaonline.com.br\\\/site\\\/categoria\\\/muriae\\\/\",\"nextItem\":{\"@type\":\"ListItem\",\"@id\":\"https:\\\/\\\/anoticiaonline.com.br\\\/site\\\/prova-para-estagio-no-programa-bpc-na-escola-acontece-nesta-quinta-feira\\\/#listItem\",\"name\":\"Prova para est\\u00e1gio no programa BPC na Escola acontece nesta quinta-feira\"},\"previousItem\":{\"@type\":\"ListItem\",\"@id\":\"https:\\\/\\\/anoticiaonline.com.br\\\/site#listItem\",\"name\":\"Home\"}},{\"@type\":\"ListItem\",\"@id\":\"https:\\\/\\\/anoticiaonline.com.br\\\/site\\\/prova-para-estagio-no-programa-bpc-na-escola-acontece-nesta-quinta-feira\\\/#listItem\",\"position\":3,\"name\":\"Prova para est\\u00e1gio no programa BPC na Escola acontece nesta quinta-feira\",\"previousItem\":{\"@type\":\"ListItem\",\"@id\":\"https:\\\/\\\/anoticiaonline.com.br\\\/site\\\/categoria\\\/muriae\\\/#listItem\",\"name\":\"Blog\"}}]},{\"@type\":\"Organization\",\"@id\":\"https:\\\/\\\/anoticiaonline.com.br\\\/site\\\/#organization\",\"name\":\"A Not\\u00edcia Online\",\"description\":\"Noticias de Muria\\u00e9 e regi\\u00e3o\",\"url\":\"https:\\\/\\\/anoticiaonline.com.br\\\/site\\\/\",\"logo\":{\"@type\":\"ImageObject\",\"url\":\"https:\\\/\\\/scontent-gig4-1.xx.fbcdn.net\\\/v\\\/t39.30808-1\\\/270437624_4564083193639691_6907940295614233970_n.jpg?stp=dst-jpg_s200x200_tt6&_nc_cat=111&ccb=1-7&_nc_sid=f907e8&_nc_ohc=SM1wRlP3lJwQ7kNvwEPuBYA&_nc_oc=AdnqrjDN_BNjSSHWO-GbkIWH6fkGMLw4bqvL_NH6e2wMveX7G-rP2dAqsDSq1mJMOaY&_nc_zt=24&_nc_ht=scontent-gig4-1.xx&_nc_gid=AoBFJeGrT1hVaew_6rchkQ&oh=00_AfX7QmFGhQhG2jAllVgXCiM1ZrWgvtp80-Bfppyexh1QEg&oe=689E923C\",\"@id\":\"https:\\\/\\\/anoticiaonline.com.br\\\/site\\\/prova-para-estagio-no-programa-bpc-na-escola-acontece-nesta-quinta-feira\\\/#organizationLogo\"},\"image\":{\"@id\":\"https:\\\/\\\/anoticiaonline.com.br\\\/site\\\/prova-para-estagio-no-programa-bpc-na-escola-acontece-nesta-quinta-feira\\\/#organizationLogo\"}},{\"@type\":\"Person\",\"@id\":\"https:\\\/\\\/anoticiaonline.com.br\\\/site\\\/author\\\/juliana\\\/#author\",\"url\":\"https:\\\/\\\/anoticiaonline.com.br\\\/site\\\/author\\\/juliana\\\/\",\"name\":\"Juliana Laviola\",\"image\":{\"@type\":\"ImageObject\",\"@id\":\"https:\\\/\\\/anoticiaonline.com.br\\\/site\\\/prova-para-estagio-no-programa-bpc-na-escola-acontece-nesta-quinta-feira\\\/#authorImage\",\"url\":\"https:\\\/\\\/secure.gravatar.com\\\/avatar\\\/b8d45f5c699b100dfaf0e543582f38f38bf94cb7ae3a5e9abf8d891a34773335?s=96&d=mm&r=g\",\"width\":96,\"height\":96,\"caption\":\"Juliana Laviola\"}},{\"@type\":\"WebPage\",\"@id\":\"https:\\\/\\\/anoticiaonline.com.br\\\/site\\\/prova-para-estagio-no-programa-bpc-na-escola-acontece-nesta-quinta-feira\\\/#webpage\",\"url\":\"https:\\\/\\\/anoticiaonline.com.br\\\/site\\\/prova-para-estagio-no-programa-bpc-na-escola-acontece-nesta-quinta-feira\\\/\",\"name\":\"Prova para est\\u00e1gio no programa BPC na Escola acontece nesta quinta-feira - A Not\\u00edcia Online\",\"description\":\"A prova do processo seletivo para contrata\\u00e7\\u00e3o de estagi\\u00e1rios para o programa Benef\\u00edcio de Presta\\u00e7\\u00e3o Continuada da Assist\\u00eancia Social na Escola (BPC na Escola) acontece nesta quinta-feira (9), \\u00e0s 14h, no Unifaminas. Ao todo, 51 candidatos se inscreveram. Destinado a estudantes de gradua\\u00e7\\u00e3o em Psicologia ou Servi\\u00e7o Social, o \\u201cBPC Na Escola\\u201d tem o objetivo\",\"inLanguage\":\"pt-BR\",\"isPartOf\":{\"@id\":\"https:\\\/\\\/anoticiaonline.com.br\\\/site\\\/#website\"},\"breadcrumb\":{\"@id\":\"https:\\\/\\\/anoticiaonline.com.br\\\/site\\\/prova-para-estagio-no-programa-bpc-na-escola-acontece-nesta-quinta-feira\\\/#breadcrumblist\"},\"author\":{\"@id\":\"https:\\\/\\\/anoticiaonline.com.br\\\/site\\\/author\\\/juliana\\\/#author\"},\"creator\":{\"@id\":\"https:\\\/\\\/anoticiaonline.com.br\\\/site\\\/author\\\/juliana\\\/#author\"},\"image\":{\"@type\":\"ImageObject\",\"url\":\"https:\\\/\\\/anoticiaonline.com.br\\\/site\\\/wp-content\\\/uploads\\\/2017\\\/03\\\/20140624143313_899.jpg\",\"@id\":\"https:\\\/\\\/anoticiaonline.com.br\\\/site\\\/prova-para-estagio-no-programa-bpc-na-escola-acontece-nesta-quinta-feira\\\/#mainImage\",\"width\":640,\"height\":379,\"caption\":\"Processo seletivo acontece no Unifaminas\"},\"primaryImageOfPage\":{\"@id\":\"https:\\\/\\\/anoticiaonline.com.br\\\/site\\\/prova-para-estagio-no-programa-bpc-na-escola-acontece-nesta-quinta-feira\\\/#mainImage\"},\"datePublished\":\"2017-03-07T16:21:43-03:00\",\"dateModified\":\"2017-03-07T16:21:43-03:00\"},{\"@type\":\"WebSite\",\"@id\":\"https:\\\/\\\/anoticiaonline.com.br\\\/site\\\/#website\",\"url\":\"https:\\\/\\\/anoticiaonline.com.br\\\/site\\\/\",\"name\":\"A Not\\u00edcia Online\",\"description\":\"Noticias de Muria\\u00e9 e regi\\u00e3o\",\"inLanguage\":\"pt-BR\",\"publisher\":{\"@id\":\"https:\\\/\\\/anoticiaonline.com.br\\\/site\\\/#organization\"}}]}\n\t\t<\/script>\n\t\t<!-- All in One SEO -->\n\n","aioseo_head_json":{"title":"Prova para est\u00e1gio no programa BPC na Escola acontece nesta quinta-feira - A Not\u00edcia Online","description":"A prova do processo seletivo para contrata\u00e7\u00e3o de estagi\u00e1rios para o programa Benef\u00edcio de Presta\u00e7\u00e3o Continuada da Assist\u00eancia Social na Escola (BPC na Escola) acontece nesta quinta-feira (9), \u00e0s 14h, no Unifaminas. Ao todo, 51 candidatos se inscreveram. Destinado a estudantes de gradua\u00e7\u00e3o em Psicologia ou Servi\u00e7o Social, o \u201cBPC Na Escola\u201d tem o objetivo","canonical_url":"https:\/\/anoticiaonline.com.br\/site\/prova-para-estagio-no-programa-bpc-na-escola-acontece-nesta-quinta-feira\/","robots":"max-image-preview:large","keywords":"","webmasterTools":{"miscellaneous":""},"schema":{"@context":"https:\/\/schema.org","@graph":[{"@type":"BlogPosting","@id":"https:\/\/anoticiaonline.com.br\/site\/prova-para-estagio-no-programa-bpc-na-escola-acontece-nesta-quinta-feira\/#blogposting","name":"Prova para est\u00e1gio no programa BPC na Escola acontece nesta quinta-feira - A Not\u00edcia Online","headline":"Prova para est\u00e1gio no programa BPC na Escola acontece nesta quinta-feira","author":{"@id":"https:\/\/anoticiaonline.com.br\/site\/author\/juliana\/#author"},"publisher":{"@id":"https:\/\/anoticiaonline.com.br\/site\/#organization"},"image":{"@type":"ImageObject","url":"https:\/\/anoticiaonline.com.br\/site\/wp-content\/uploads\/2017\/03\/20140624143313_899.jpg","width":640,"height":379,"caption":"Processo seletivo acontece no Unifaminas"},"datePublished":"2017-03-07T16:21:43-03:00","dateModified":"2017-03-07T16:21:43-03:00","inLanguage":"pt-BR","mainEntityOfPage":{"@id":"https:\/\/anoticiaonline.com.br\/site\/prova-para-estagio-no-programa-bpc-na-escola-acontece-nesta-quinta-feira\/#webpage"},"isPartOf":{"@id":"https:\/\/anoticiaonline.com.br\/site\/prova-para-estagio-no-programa-bpc-na-escola-acontece-nesta-quinta-feira\/#webpage"},"articleSection":"Blog, slide"},{"@type":"BreadcrumbList","@id":"https:\/\/anoticiaonline.com.br\/site\/prova-para-estagio-no-programa-bpc-na-escola-acontece-nesta-quinta-feira\/#breadcrumblist","itemListElement":[{"@type":"ListItem","@id":"https:\/\/anoticiaonline.com.br\/site#listItem","position":1,"name":"Home","item":"https:\/\/anoticiaonline.com.br\/site","nextItem":{"@type":"ListItem","@id":"https:\/\/anoticiaonline.com.br\/site\/categoria\/muriae\/#listItem","name":"Blog"}},{"@type":"ListItem","@id":"https:\/\/anoticiaonline.com.br\/site\/categoria\/muriae\/#listItem","position":2,"name":"Blog","item":"https:\/\/anoticiaonline.com.br\/site\/categoria\/muriae\/","nextItem":{"@type":"ListItem","@id":"https:\/\/anoticiaonline.com.br\/site\/prova-para-estagio-no-programa-bpc-na-escola-acontece-nesta-quinta-feira\/#listItem","name":"Prova para est\u00e1gio no programa BPC na Escola acontece nesta quinta-feira"},"previousItem":{"@type":"ListItem","@id":"https:\/\/anoticiaonline.com.br\/site#listItem","name":"Home"}},{"@type":"ListItem","@id":"https:\/\/anoticiaonline.com.br\/site\/prova-para-estagio-no-programa-bpc-na-escola-acontece-nesta-quinta-feira\/#listItem","position":3,"name":"Prova para est\u00e1gio no programa BPC na Escola acontece nesta quinta-feira","previousItem":{"@type":"ListItem","@id":"https:\/\/anoticiaonline.com.br\/site\/categoria\/muriae\/#listItem","name":"Blog"}}]},{"@type":"Organization","@id":"https:\/\/anoticiaonline.com.br\/site\/#organization","name":"A Not\u00edcia Online","description":"Noticias de Muria\u00e9 e regi\u00e3o","url":"https:\/\/anoticiaonline.com.br\/site\/","logo":{"@type":"ImageObject","url":"https:\/\/scontent-gig4-1.xx.fbcdn.net\/v\/t39.30808-1\/270437624_4564083193639691_6907940295614233970_n.jpg?stp=dst-jpg_s200x200_tt6&_nc_cat=111&ccb=1-7&_nc_sid=f907e8&_nc_ohc=SM1wRlP3lJwQ7kNvwEPuBYA&_nc_oc=AdnqrjDN_BNjSSHWO-GbkIWH6fkGMLw4bqvL_NH6e2wMveX7G-rP2dAqsDSq1mJMOaY&_nc_zt=24&_nc_ht=scontent-gig4-1.xx&_nc_gid=AoBFJeGrT1hVaew_6rchkQ&oh=00_AfX7QmFGhQhG2jAllVgXCiM1ZrWgvtp80-Bfppyexh1QEg&oe=689E923C","@id":"https:\/\/anoticiaonline.com.br\/site\/prova-para-estagio-no-programa-bpc-na-escola-acontece-nesta-quinta-feira\/#organizationLogo"},"image":{"@id":"https:\/\/anoticiaonline.com.br\/site\/prova-para-estagio-no-programa-bpc-na-escola-acontece-nesta-quinta-feira\/#organizationLogo"}},{"@type":"Person","@id":"https:\/\/anoticiaonline.com.br\/site\/author\/juliana\/#author","url":"https:\/\/anoticiaonline.com.br\/site\/author\/juliana\/","name":"Juliana Laviola","image":{"@type":"ImageObject","@id":"https:\/\/anoticiaonline.com.br\/site\/prova-para-estagio-no-programa-bpc-na-escola-acontece-nesta-quinta-feira\/#authorImage","url":"https:\/\/secure.gravatar.com\/avatar\/b8d45f5c699b100dfaf0e543582f38f38bf94cb7ae3a5e9abf8d891a34773335?s=96&d=mm&r=g","width":96,"height":96,"caption":"Juliana Laviola"}},{"@type":"WebPage","@id":"https:\/\/anoticiaonline.com.br\/site\/prova-para-estagio-no-programa-bpc-na-escola-acontece-nesta-quinta-feira\/#webpage","url":"https:\/\/anoticiaonline.com.br\/site\/prova-para-estagio-no-programa-bpc-na-escola-acontece-nesta-quinta-feira\/","name":"Prova para est\u00e1gio no programa BPC na Escola acontece nesta quinta-feira - A Not\u00edcia Online","description":"A prova do processo seletivo para contrata\u00e7\u00e3o de estagi\u00e1rios para o programa Benef\u00edcio de Presta\u00e7\u00e3o Continuada da Assist\u00eancia Social na Escola (BPC na Escola) acontece nesta quinta-feira (9), \u00e0s 14h, no Unifaminas. Ao todo, 51 candidatos se inscreveram. Destinado a estudantes de gradua\u00e7\u00e3o em Psicologia ou Servi\u00e7o Social, o \u201cBPC Na Escola\u201d tem o objetivo","inLanguage":"pt-BR","isPartOf":{"@id":"https:\/\/anoticiaonline.com.br\/site\/#website"},"breadcrumb":{"@id":"https:\/\/anoticiaonline.com.br\/site\/prova-para-estagio-no-programa-bpc-na-escola-acontece-nesta-quinta-feira\/#breadcrumblist"},"author":{"@id":"https:\/\/anoticiaonline.com.br\/site\/author\/juliana\/#author"},"creator":{"@id":"https:\/\/anoticiaonline.com.br\/site\/author\/juliana\/#author"},"image":{"@type":"ImageObject","url":"https:\/\/anoticiaonline.com.br\/site\/wp-content\/uploads\/2017\/03\/20140624143313_899.jpg","@id":"https:\/\/anoticiaonline.com.br\/site\/prova-para-estagio-no-programa-bpc-na-escola-acontece-nesta-quinta-feira\/#mainImage","width":640,"height":379,"caption":"Processo seletivo acontece no Unifaminas"},"primaryImageOfPage":{"@id":"https:\/\/anoticiaonline.com.br\/site\/prova-para-estagio-no-programa-bpc-na-escola-acontece-nesta-quinta-feira\/#mainImage"},"datePublished":"2017-03-07T16:21:43-03:00","dateModified":"2017-03-07T16:21:43-03:00"},{"@type":"WebSite","@id":"https:\/\/anoticiaonline.com.br\/site\/#website","url":"https:\/\/anoticiaonline.com.br\/site\/","name":"A Not\u00edcia Online","description":"Noticias de Muria\u00e9 e regi\u00e3o","inLanguage":"pt-BR","publisher":{"@id":"https:\/\/anoticiaonline.com.br\/site\/#organization"}}]},"og:locale":"pt_BR","og:site_name":"A Not\u00edcia Online - Noticias de Muria\u00e9 e regi\u00e3o","og:type":"article","og:title":"Prova para est\u00e1gio no programa BPC na Escola acontece nesta quinta-feira - A Not\u00edcia Online","og:description":"A prova do processo seletivo para contrata\u00e7\u00e3o de estagi\u00e1rios para o programa Benef\u00edcio de Presta\u00e7\u00e3o Continuada da Assist\u00eancia Social na Escola (BPC na Escola) acontece nesta quinta-feira (9), \u00e0s 14h, no Unifaminas. Ao todo, 51 candidatos se inscreveram. Destinado a estudantes de gradua\u00e7\u00e3o em Psicologia ou Servi\u00e7o Social, o \u201cBPC Na Escola\u201d tem o objetivo","og:url":"https:\/\/anoticiaonline.com.br\/site\/prova-para-estagio-no-programa-bpc-na-escola-acontece-nesta-quinta-feira\/","og:image":"https:\/\/scontent-gig4-1.xx.fbcdn.net\/v\/t39.30808-1\/270437624_4564083193639691_6907940295614233970_n.jpg?stp=dst-jpg_s200x200_tt6&#038;_nc_cat=111&#038;ccb=1-7&#038;_nc_sid=f907e8&#038;_nc_ohc=SM1wRlP3lJwQ7kNvwEPuBYA&#038;_nc_oc=AdnqrjDN_BNjSSHWO-GbkIWH6fkGMLw4bqvL_NH6e2wMveX7G-rP2dAqsDSq1mJMOaY&#038;_nc_zt=24&#038;_nc_ht=scontent-gig4-1.xx&#038;_nc_gid=AoBFJeGrT1hVaew_6rchkQ&#038;oh=00_AfX7QmFGhQhG2jAllVgXCiM1ZrWgvtp80-Bfppyexh1QEg&#038;oe=689E923C","og:image:secure_url":"https:\/\/scontent-gig4-1.xx.fbcdn.net\/v\/t39.30808-1\/270437624_4564083193639691_6907940295614233970_n.jpg?stp=dst-jpg_s200x200_tt6&#038;_nc_cat=111&#038;ccb=1-7&#038;_nc_sid=f907e8&#038;_nc_ohc=SM1wRlP3lJwQ7kNvwEPuBYA&#038;_nc_oc=AdnqrjDN_BNjSSHWO-GbkIWH6fkGMLw4bqvL_NH6e2wMveX7G-rP2dAqsDSq1mJMOaY&#038;_nc_zt=24&#038;_nc_ht=scontent-gig4-1.xx&#038;_nc_gid=AoBFJeGrT1hVaew_6rchkQ&#038;oh=00_AfX7QmFGhQhG2jAllVgXCiM1ZrWgvtp80-Bfppyexh1QEg&#038;oe=689E923C","article:published_time":"2017-03-07T19:21:43+00:00","article:modified_time":"2017-03-07T19:21:43+00:00","twitter:card":"summary_large_image","twitter:title":"Prova para est\u00e1gio no programa BPC na Escola acontece nesta quinta-feira - A Not\u00edcia Online","twitter:description":"A prova do processo seletivo para contrata\u00e7\u00e3o de estagi\u00e1rios para o programa Benef\u00edcio de Presta\u00e7\u00e3o Continuada da Assist\u00eancia Social na Escola (BPC na Escola) acontece nesta quinta-feira (9), \u00e0s 14h, no Unifaminas. Ao todo, 51 candidatos se inscreveram. Destinado a estudantes de gradua\u00e7\u00e3o em Psicologia ou Servi\u00e7o Social, o \u201cBPC Na Escola\u201d tem o objetivo","twitter:image":"https:\/\/scontent-gig4-1.xx.fbcdn.net\/v\/t39.30808-1\/270437624_4564083193639691_6907940295614233970_n.jpg?stp=dst-jpg_s200x200_tt6&_nc_cat=111&ccb=1-7&_nc_sid=f907e8&_nc_ohc=SM1wRlP3lJwQ7kNvwEPuBYA&_nc_oc=AdnqrjDN_BNjSSHWO-GbkIWH6fkGMLw4bqvL_NH6e2wMveX7G-rP2dAqsDSq1mJMOaY&_nc_zt=24&_nc_ht=scontent-gig4-1.xx&_nc_gid=AoBFJeGrT1hVaew_6rchkQ&oh=00_AfX7QmFGhQhG2jAllVgXCiM1ZrWgvtp80-Bfppyexh1QEg&oe=689E923C"},"aioseo_meta_data":{"post_id":"25657","title":null,"description":null,"keywords":null,"keyphrases":null,"primary_term":null,"canonical_url":null,"og_title":null,"og_description":null,"og_object_type":"default","og_image_type":"default","og_image_url":null,"og_image_width":null,"og_image_height":null,"og_image_custom_url":null,"og_image_custom_fields":null,"og_video":null,"og_custom_url":null,"og_article_section":null,"og_article_tags":null,"twitter_use_og":false,"twitter_card":"default","twitter_image_type":"default","twitter_image_url":null,"twitter_image_custom_url":null,"twitter_image_custom_fields":null,"twitter_title":null,"twitter_description":null,"schema":{"blockGraphs":[],"customGraphs":[],"default":{"data":{"Article":[],"Course":[],"Dataset":[],"FAQPage":[],"Movie":[],"Person":[],"Product":[],"ProductReview":[],"Car":[],"Recipe":[],"Service":[],"SoftwareApplication":[],"WebPage":[]},"graphName":"","isEnabled":true},"graphs":[]},"schema_type":"default","schema_type_options":null,"pillar_content":false,"robots_default":true,"robots_noindex":false,"robots_noarchive":false,"robots_nosnippet":false,"robots_nofollow":false,"robots_noimageindex":false,"robots_noodp":false,"robots_notranslate":false,"robots_max_snippet":null,"robots_max_videopreview":null,"robots_max_imagepreview":"large","priority":null,"frequency":null,"local_seo":null,"breadcrumb_settings":null,"limit_modified_date":false,"ai":null,"created":"2025-08-16 17:53:41","updated":"2025-08-16 17:53:41","focus_keyword":null,"additional_keywords":null,"truseo_locale":null,"seo_analyzer_scan_date":null},"aioseo_breadcrumb":"<div class=\"aioseo-breadcrumbs\"><span class=\"aioseo-breadcrumb\">\n\t\t\t<a href=\"https:\/\/anoticiaonline.com.br\/site\" title=\"Home\">Home<\/a>\n\t\t<\/span><span class=\"aioseo-breadcrumb-separator\">&raquo;<\/span><span class=\"aioseo-breadcrumb\">\n\t\t\t<a href=\"https:\/\/anoticiaonline.com.br\/site\/categoria\/muriae\/\" title=\"Blog\">Blog<\/a>\n\t\t<\/span><span class=\"aioseo-breadcrumb-separator\">&raquo;<\/span><span class=\"aioseo-breadcrumb\">\n\t\t\tProva para est\u00e1gio no programa BPC na Escola acontece nesta quinta-feira\n\t\t<\/span><\/div>","aioseo_breadcrumb_json":[{"label":"Home","link":"https:\/\/anoticiaonline.com.br\/site"},{"label":"Blog","link":"https:\/\/anoticiaonline.com.br\/site\/categoria\/muriae\/"},{"label":"Prova para est\u00e1gio no programa BPC na Escola acontece nesta quinta-feira","link":"https:\/\/anoticiaonline.com.br\/site\/prova-para-estagio-no-programa-bpc-na-escola-acontece-nesta-quinta-feira\/"}],"views":142,"_links":{"self":[{"href":"https:\/\/anoticiaonline.com.br\/site\/wp-json\/wp\/v2\/posts\/25657","targetHints":{"allow":["GET"]}}],"collection":[{"href":"https:\/\/anoticiaonline.com.br\/site\/wp-json\/wp\/v2\/posts"}],"about":[{"href":"https:\/\/anoticiaonline.com.br\/site\/wp-json\/wp\/v2\/types\/post"}],"author":[{"embeddable":true,"href":"https:\/\/anoticiaonline.com.br\/site\/wp-json\/wp\/v2\/users\/2"}],"replies":[{"embeddable":true,"href":"https:\/\/anoticiaonline.com.br\/site\/wp-json\/wp\/v2\/comments?post=25657"}],"version-history":[{"count":0,"href":"https:\/\/anoticiaonline.com.br\/site\/wp-json\/wp\/v2\/posts\/25657\/revisions"}],"wp:featuredmedia":[{"embeddable":true,"href":"https:\/\/anoticiaonline.com.br\/site\/wp-json\/wp\/v2\/media\/25658"}],"wp:attachment":[{"href":"https:\/\/anoticiaonline.com.br\/site\/wp-json\/wp\/v2\/media?parent=25657"}],"wp:term":[{"taxonomy":"category","embeddable":true,"href":"https:\/\/anoticiaonline.com.br\/site\/wp-json\/wp\/v2\/categories?post=25657"},{"taxonomy":"post_tag","embeddable":true,"href":"https:\/\/anoticiaonline.com.br\/site\/wp-json\/wp\/v2\/tags?post=25657"}],"curies":[{"name":"wp","href":"https:\/\/api.w.org\/{rel}","templated":true}]}}