{"id":25618,"date":"2017-03-07T09:59:41","date_gmt":"2017-03-07T12:59:41","guid":{"rendered":"http:\/\/anoticiaonline.com.br\/site\/?p=25618"},"modified":"2017-03-07T09:59:41","modified_gmt":"2017-03-07T12:59:41","slug":"nacional-fica-no-0-a-0-com-o-betinense","status":"publish","type":"post","link":"https:\/\/anoticiaonline.com.br\/site\/nacional-fica-no-0-a-0-com-o-betinense\/","title":{"rendered":"Nacional fica no 0 a 0 com o Betinense"},"content":{"rendered":"<p><a href=\"https:\/\/anoticiaonline.com.br\/site\/wp-content\/uploads\/2017\/03\/DSC_0128.jpg\"><img fetchpriority=\"high\" decoding=\"async\" class=\" size-medium wp-image-25619 alignleft\" src=\"https:\/\/anoticiaonline.com.br\/site\/wp-content\/uploads\/2017\/03\/DSC_0128-300x176.jpg\" alt=\"DSC_0128\" width=\"300\" height=\"176\" srcset=\"https:\/\/anoticiaonline.com.br\/site\/wp-content\/uploads\/2017\/03\/DSC_0128-300x176.jpg 300w, https:\/\/anoticiaonline.com.br\/site\/wp-content\/uploads\/2017\/03\/DSC_0128.jpg 640w\" sizes=\"(max-width: 300px) 100vw, 300px\" \/><\/a>No primeiro jogo em casa e diante de 1.258 torcedores presentes, o Nacional n\u00e3o conseguiu a vit\u00f3ria diante do Betinenese e ficou no 0 a 0. No jogo que valia a lideran\u00e7a do Grupo A do M\u00f3dulo II do Campeonato Mineiro, os times se enfrentaram na noite de segunda-feira (6), no Est\u00e1dio Soares de Azevedo.<\/p>\n<p>O NAC teve a melhor chance aos 7 minutos do segundo tempo, quando o \u00e1rbitro marcou p\u00eanalti. Mas Marcelo R\u00e9gis perdeu a cobran\u00e7a e a bola acabou parando no goleiro Thulio.<\/p>\n<p>Com o empate, ambos os times chegaram a 8 pontos na classifica\u00e7\u00e3o do Grupo A. O Nacional lidera pelo melhor saldo de gols.<\/p>\n<p>Na pr\u00f3xima rodada, o Nacional volta a jogar dentro de casa. O time nacionalino enfrenta o Tupynamb\u00e1s, no domingo (12), \u00e0s 10h. J\u00e1 o Betinense vai ficar duas rodadas sem jogar, uma vez que enfrentaria o Formiga nessas partidas. O pr\u00f3ximo jogo ser\u00e1 mais uma vez contra o NAC, no dia 18 de mar\u00e7o (s\u00e1bado), \u00e0s 10h, na Arena do Jacar\u00e9.<\/p>\n<p><strong>FICHA T\u00c9CNICA:<\/strong><\/p>\n<p><strong>\u00c1RBITRO:<\/strong> Wagner Ferreira de Souza<br \/>\n<strong>AUXILIARES:<\/strong> Fernanda Nandrea Gomes Antunes e Filipe Ramos Santana<br \/>\n<strong>CART\u00d5ES AMARELOS:<\/strong> Formiga (NAC); Paulo Roberto, J\u00falio Oliveira, Magalh\u00e3es, Thiago Henrique e Denilson (Betinense)<br \/>\n<strong>NACIONAL:<\/strong> Paulo Vitor; Filipinho, \u00c9lder, Rodrig\u00e3o (Jean) e Iury; Lucas Hulk, Rafael Lemes (Formiga), Aur\u00e9lio (Alexandre) e Jo\u00e3o William; Guilherme e Marcelo R\u00e9gis. T: Gilmar Estevam<br \/>\n<strong>BETINENSE:<\/strong> Thulio; J\u00falio Oliveira, Paulo Roberto, Marcos e Jo\u00e3o Victor; Denilson, Miguel, Luizinho e Magalh\u00e3es (Thiago Henrique); Cassiano (Nelsinho) e Felipe Caldeira (Lucas). T: Gilberto Carlos<br \/>\n<strong>P\u00daBLICO E RENDA:<\/strong> 1.258 presentes (1.021 pagantes) \/ R$ 16.130,00<\/p>\n","protected":false},"excerpt":{"rendered":"<p>No primeiro jogo em casa e diante de 1.258 torcedores presentes, o Nacional n\u00e3o conseguiu a vit\u00f3ria diante do Betinenese e ficou no 0 a 0. No jogo que valia a lideran\u00e7a do Grupo A do M\u00f3dulo II do Campeonato Mineiro, os times se enfrentaram na noite de segunda-feira (6), no Est\u00e1dio Soares de Azevedo. &#8230; <a title=\"Nacional fica no 0 a 0 com o Betinense\" class=\"read-more\" href=\"https:\/\/anoticiaonline.com.br\/site\/nacional-fica-no-0-a-0-com-o-betinense\/\" aria-label=\"Read more about Nacional fica no 0 a 0 com o Betinense\">Ler mais<\/a><\/p>\n","protected":false},"author":2,"featured_media":25619,"comment_status":"open","ping_status":"open","sticky":false,"template":"","format":"standard","meta":{"_acf_changed":false,"_monsterinsights_skip_tracking":false,"footnotes":""},"categories":[29],"tags":[3],"class_list":["post-25618","post","type-post","status-publish","format-standard","has-post-thumbnail","hentry","category-esporte","tag-slide"],"acf":[],"aioseo_notices":[],"aioseo_head":"\n\t\t<!-- All in One SEO 5.0.0.1 - aioseo.com -->\n\t<meta name=\"description\" content=\"No primeiro jogo em casa e diante de 1.258 torcedores presentes, o Nacional n\u00e3o conseguiu a vit\u00f3ria diante do Betinenese e ficou no 0 a 0. No jogo que valia a lideran\u00e7a do Grupo A do M\u00f3dulo II do Campeonato Mineiro, os times se enfrentaram na noite de segunda-feira (6), no Est\u00e1dio Soares de Azevedo.\" \/>\n\t<meta name=\"robots\" content=\"max-image-preview:large\" \/>\n\t<meta name=\"author\" content=\"Juliana Laviola\"\/>\n\t<link rel=\"canonical\" href=\"https:\/\/anoticiaonline.com.br\/site\/nacional-fica-no-0-a-0-com-o-betinense\/\" \/>\n\t<meta name=\"generator\" content=\"All in One SEO (AIOSEO) 5.0.0.1\" \/>\n\t\t<meta property=\"og:locale\" content=\"pt_BR\" \/>\n\t\t<meta property=\"og:site_name\" content=\"A Not\u00edcia Online - Noticias de Muria\u00e9 e regi\u00e3o\" \/>\n\t\t<meta property=\"og:type\" content=\"article\" \/>\n\t\t<meta property=\"og:title\" content=\"Nacional fica no 0 a 0 com o Betinense - A Not\u00edcia Online\" \/>\n\t\t<meta property=\"og:description\" content=\"No primeiro jogo em casa e diante de 1.258 torcedores presentes, o Nacional n\u00e3o conseguiu a vit\u00f3ria diante do Betinenese e ficou no 0 a 0. No jogo que valia a lideran\u00e7a do Grupo A do M\u00f3dulo II do Campeonato Mineiro, os times se enfrentaram na noite de segunda-feira (6), no Est\u00e1dio Soares de Azevedo.\" \/>\n\t\t<meta property=\"og:url\" content=\"https:\/\/anoticiaonline.com.br\/site\/nacional-fica-no-0-a-0-com-o-betinense\/\" \/>\n\t\t<meta property=\"og:image\" content=\"https:\/\/scontent-gig4-1.xx.fbcdn.net\/v\/t39.30808-1\/270437624_4564083193639691_6907940295614233970_n.jpg?stp=dst-jpg_s200x200_tt6&#038;_nc_cat=111&#038;ccb=1-7&#038;_nc_sid=f907e8&#038;_nc_ohc=SM1wRlP3lJwQ7kNvwEPuBYA&#038;_nc_oc=AdnqrjDN_BNjSSHWO-GbkIWH6fkGMLw4bqvL_NH6e2wMveX7G-rP2dAqsDSq1mJMOaY&#038;_nc_zt=24&#038;_nc_ht=scontent-gig4-1.xx&#038;_nc_gid=AoBFJeGrT1hVaew_6rchkQ&#038;oh=00_AfX7QmFGhQhG2jAllVgXCiM1ZrWgvtp80-Bfppyexh1QEg&#038;oe=689E923C\" \/>\n\t\t<meta property=\"og:image:secure_url\" content=\"https:\/\/scontent-gig4-1.xx.fbcdn.net\/v\/t39.30808-1\/270437624_4564083193639691_6907940295614233970_n.jpg?stp=dst-jpg_s200x200_tt6&#038;_nc_cat=111&#038;ccb=1-7&#038;_nc_sid=f907e8&#038;_nc_ohc=SM1wRlP3lJwQ7kNvwEPuBYA&#038;_nc_oc=AdnqrjDN_BNjSSHWO-GbkIWH6fkGMLw4bqvL_NH6e2wMveX7G-rP2dAqsDSq1mJMOaY&#038;_nc_zt=24&#038;_nc_ht=scontent-gig4-1.xx&#038;_nc_gid=AoBFJeGrT1hVaew_6rchkQ&#038;oh=00_AfX7QmFGhQhG2jAllVgXCiM1ZrWgvtp80-Bfppyexh1QEg&#038;oe=689E923C\" \/>\n\t\t<meta property=\"article:published_time\" content=\"2017-03-07T12:59:41+00:00\" \/>\n\t\t<meta property=\"article:modified_time\" content=\"2017-03-07T12:59:41+00:00\" \/>\n\t\t<meta name=\"twitter:card\" content=\"summary_large_image\" \/>\n\t\t<meta name=\"twitter:title\" content=\"Nacional fica no 0 a 0 com o Betinense - A Not\u00edcia Online\" \/>\n\t\t<meta name=\"twitter:description\" content=\"No primeiro jogo em casa e diante de 1.258 torcedores presentes, o Nacional n\u00e3o conseguiu a vit\u00f3ria diante do Betinenese e ficou no 0 a 0. No jogo que valia a lideran\u00e7a do Grupo A do M\u00f3dulo II do Campeonato Mineiro, os times se enfrentaram na noite de segunda-feira (6), no Est\u00e1dio Soares de Azevedo.\" \/>\n\t\t<meta name=\"twitter:image\" content=\"https:\/\/scontent-gig4-1.xx.fbcdn.net\/v\/t39.30808-1\/270437624_4564083193639691_6907940295614233970_n.jpg?stp=dst-jpg_s200x200_tt6&amp;_nc_cat=111&amp;ccb=1-7&amp;_nc_sid=f907e8&amp;_nc_ohc=SM1wRlP3lJwQ7kNvwEPuBYA&amp;_nc_oc=AdnqrjDN_BNjSSHWO-GbkIWH6fkGMLw4bqvL_NH6e2wMveX7G-rP2dAqsDSq1mJMOaY&amp;_nc_zt=24&amp;_nc_ht=scontent-gig4-1.xx&amp;_nc_gid=AoBFJeGrT1hVaew_6rchkQ&amp;oh=00_AfX7QmFGhQhG2jAllVgXCiM1ZrWgvtp80-Bfppyexh1QEg&amp;oe=689E923C\" \/>\n\t\t<script type=\"application\/ld+json\" class=\"aioseo-schema\">\n\t\t\t{\"@context\":\"https:\\\/\\\/schema.org\",\"@graph\":[{\"@type\":\"BlogPosting\",\"@id\":\"https:\\\/\\\/anoticiaonline.com.br\\\/site\\\/nacional-fica-no-0-a-0-com-o-betinense\\\/#blogposting\",\"name\":\"Nacional fica no 0 a 0 com o Betinense - A Not\\u00edcia Online\",\"headline\":\"Nacional fica no 0 a 0 com o Betinense\",\"author\":{\"@id\":\"https:\\\/\\\/anoticiaonline.com.br\\\/site\\\/author\\\/juliana\\\/#author\"},\"publisher\":{\"@id\":\"https:\\\/\\\/anoticiaonline.com.br\\\/site\\\/#organization\"},\"image\":{\"@type\":\"ImageObject\",\"url\":\"https:\\\/\\\/anoticiaonline.com.br\\\/site\\\/wp-content\\\/uploads\\\/2017\\\/03\\\/DSC_0128.jpg\",\"width\":640,\"height\":376},\"datePublished\":\"2017-03-07T09:59:41-03:00\",\"dateModified\":\"2017-03-07T09:59:41-03:00\",\"inLanguage\":\"pt-BR\",\"mainEntityOfPage\":{\"@id\":\"https:\\\/\\\/anoticiaonline.com.br\\\/site\\\/nacional-fica-no-0-a-0-com-o-betinense\\\/#webpage\"},\"isPartOf\":{\"@id\":\"https:\\\/\\\/anoticiaonline.com.br\\\/site\\\/nacional-fica-no-0-a-0-com-o-betinense\\\/#webpage\"},\"articleSection\":\"Esporte, slide\"},{\"@type\":\"BreadcrumbList\",\"@id\":\"https:\\\/\\\/anoticiaonline.com.br\\\/site\\\/nacional-fica-no-0-a-0-com-o-betinense\\\/#breadcrumblist\",\"itemListElement\":[{\"@type\":\"ListItem\",\"@id\":\"https:\\\/\\\/anoticiaonline.com.br\\\/site#listItem\",\"position\":1,\"name\":\"Home\",\"item\":\"https:\\\/\\\/anoticiaonline.com.br\\\/site\",\"nextItem\":{\"@type\":\"ListItem\",\"@id\":\"https:\\\/\\\/anoticiaonline.com.br\\\/site\\\/categoria\\\/esporte\\\/#listItem\",\"name\":\"Esporte\"}},{\"@type\":\"ListItem\",\"@id\":\"https:\\\/\\\/anoticiaonline.com.br\\\/site\\\/categoria\\\/esporte\\\/#listItem\",\"position\":2,\"name\":\"Esporte\",\"item\":\"https:\\\/\\\/anoticiaonline.com.br\\\/site\\\/categoria\\\/esporte\\\/\",\"nextItem\":{\"@type\":\"ListItem\",\"@id\":\"https:\\\/\\\/anoticiaonline.com.br\\\/site\\\/nacional-fica-no-0-a-0-com-o-betinense\\\/#listItem\",\"name\":\"Nacional fica no 0 a 0 com o Betinense\"},\"previousItem\":{\"@type\":\"ListItem\",\"@id\":\"https:\\\/\\\/anoticiaonline.com.br\\\/site#listItem\",\"name\":\"Home\"}},{\"@type\":\"ListItem\",\"@id\":\"https:\\\/\\\/anoticiaonline.com.br\\\/site\\\/nacional-fica-no-0-a-0-com-o-betinense\\\/#listItem\",\"position\":3,\"name\":\"Nacional fica no 0 a 0 com o Betinense\",\"previousItem\":{\"@type\":\"ListItem\",\"@id\":\"https:\\\/\\\/anoticiaonline.com.br\\\/site\\\/categoria\\\/esporte\\\/#listItem\",\"name\":\"Esporte\"}}]},{\"@type\":\"Organization\",\"@id\":\"https:\\\/\\\/anoticiaonline.com.br\\\/site\\\/#organization\",\"name\":\"A Not\\u00edcia Online\",\"description\":\"Noticias de Muria\\u00e9 e regi\\u00e3o\",\"url\":\"https:\\\/\\\/anoticiaonline.com.br\\\/site\\\/\",\"logo\":{\"@type\":\"ImageObject\",\"url\":\"https:\\\/\\\/scontent-gig4-1.xx.fbcdn.net\\\/v\\\/t39.30808-1\\\/270437624_4564083193639691_6907940295614233970_n.jpg?stp=dst-jpg_s200x200_tt6&_nc_cat=111&ccb=1-7&_nc_sid=f907e8&_nc_ohc=SM1wRlP3lJwQ7kNvwEPuBYA&_nc_oc=AdnqrjDN_BNjSSHWO-GbkIWH6fkGMLw4bqvL_NH6e2wMveX7G-rP2dAqsDSq1mJMOaY&_nc_zt=24&_nc_ht=scontent-gig4-1.xx&_nc_gid=AoBFJeGrT1hVaew_6rchkQ&oh=00_AfX7QmFGhQhG2jAllVgXCiM1ZrWgvtp80-Bfppyexh1QEg&oe=689E923C\",\"@id\":\"https:\\\/\\\/anoticiaonline.com.br\\\/site\\\/nacional-fica-no-0-a-0-com-o-betinense\\\/#organizationLogo\"},\"image\":{\"@id\":\"https:\\\/\\\/anoticiaonline.com.br\\\/site\\\/nacional-fica-no-0-a-0-com-o-betinense\\\/#organizationLogo\"}},{\"@type\":\"Person\",\"@id\":\"https:\\\/\\\/anoticiaonline.com.br\\\/site\\\/author\\\/juliana\\\/#author\",\"url\":\"https:\\\/\\\/anoticiaonline.com.br\\\/site\\\/author\\\/juliana\\\/\",\"name\":\"Juliana Laviola\",\"image\":{\"@type\":\"ImageObject\",\"@id\":\"https:\\\/\\\/anoticiaonline.com.br\\\/site\\\/nacional-fica-no-0-a-0-com-o-betinense\\\/#authorImage\",\"url\":\"https:\\\/\\\/secure.gravatar.com\\\/avatar\\\/b8d45f5c699b100dfaf0e543582f38f38bf94cb7ae3a5e9abf8d891a34773335?s=96&d=mm&r=g\",\"width\":96,\"height\":96,\"caption\":\"Juliana Laviola\"}},{\"@type\":\"WebPage\",\"@id\":\"https:\\\/\\\/anoticiaonline.com.br\\\/site\\\/nacional-fica-no-0-a-0-com-o-betinense\\\/#webpage\",\"url\":\"https:\\\/\\\/anoticiaonline.com.br\\\/site\\\/nacional-fica-no-0-a-0-com-o-betinense\\\/\",\"name\":\"Nacional fica no 0 a 0 com o Betinense - A Not\\u00edcia Online\",\"description\":\"No primeiro jogo em casa e diante de 1.258 torcedores presentes, o Nacional n\\u00e3o conseguiu a vit\\u00f3ria diante do Betinenese e ficou no 0 a 0. No jogo que valia a lideran\\u00e7a do Grupo A do M\\u00f3dulo II do Campeonato Mineiro, os times se enfrentaram na noite de segunda-feira (6), no Est\\u00e1dio Soares de Azevedo.\",\"inLanguage\":\"pt-BR\",\"isPartOf\":{\"@id\":\"https:\\\/\\\/anoticiaonline.com.br\\\/site\\\/#website\"},\"breadcrumb\":{\"@id\":\"https:\\\/\\\/anoticiaonline.com.br\\\/site\\\/nacional-fica-no-0-a-0-com-o-betinense\\\/#breadcrumblist\"},\"author\":{\"@id\":\"https:\\\/\\\/anoticiaonline.com.br\\\/site\\\/author\\\/juliana\\\/#author\"},\"creator\":{\"@id\":\"https:\\\/\\\/anoticiaonline.com.br\\\/site\\\/author\\\/juliana\\\/#author\"},\"image\":{\"@type\":\"ImageObject\",\"url\":\"https:\\\/\\\/anoticiaonline.com.br\\\/site\\\/wp-content\\\/uploads\\\/2017\\\/03\\\/DSC_0128.jpg\",\"@id\":\"https:\\\/\\\/anoticiaonline.com.br\\\/site\\\/nacional-fica-no-0-a-0-com-o-betinense\\\/#mainImage\",\"width\":640,\"height\":376},\"primaryImageOfPage\":{\"@id\":\"https:\\\/\\\/anoticiaonline.com.br\\\/site\\\/nacional-fica-no-0-a-0-com-o-betinense\\\/#mainImage\"},\"datePublished\":\"2017-03-07T09:59:41-03:00\",\"dateModified\":\"2017-03-07T09:59:41-03:00\"},{\"@type\":\"WebSite\",\"@id\":\"https:\\\/\\\/anoticiaonline.com.br\\\/site\\\/#website\",\"url\":\"https:\\\/\\\/anoticiaonline.com.br\\\/site\\\/\",\"name\":\"A Not\\u00edcia Online\",\"description\":\"Noticias de Muria\\u00e9 e regi\\u00e3o\",\"inLanguage\":\"pt-BR\",\"publisher\":{\"@id\":\"https:\\\/\\\/anoticiaonline.com.br\\\/site\\\/#organization\"}}]}\n\t\t<\/script>\n\t\t<!-- All in One SEO -->\n\n","aioseo_head_json":{"title":"Nacional fica no 0 a 0 com o Betinense - A Not\u00edcia Online","description":"No primeiro jogo em casa e diante de 1.258 torcedores presentes, o Nacional n\u00e3o conseguiu a vit\u00f3ria diante do Betinenese e ficou no 0 a 0. No jogo que valia a lideran\u00e7a do Grupo A do M\u00f3dulo II do Campeonato Mineiro, os times se enfrentaram na noite de segunda-feira (6), no Est\u00e1dio Soares de Azevedo.","canonical_url":"https:\/\/anoticiaonline.com.br\/site\/nacional-fica-no-0-a-0-com-o-betinense\/","robots":"max-image-preview:large","keywords":"","webmasterTools":{"miscellaneous":""},"schema":{"@context":"https:\/\/schema.org","@graph":[{"@type":"BlogPosting","@id":"https:\/\/anoticiaonline.com.br\/site\/nacional-fica-no-0-a-0-com-o-betinense\/#blogposting","name":"Nacional fica no 0 a 0 com o Betinense - A Not\u00edcia Online","headline":"Nacional fica no 0 a 0 com o Betinense","author":{"@id":"https:\/\/anoticiaonline.com.br\/site\/author\/juliana\/#author"},"publisher":{"@id":"https:\/\/anoticiaonline.com.br\/site\/#organization"},"image":{"@type":"ImageObject","url":"https:\/\/anoticiaonline.com.br\/site\/wp-content\/uploads\/2017\/03\/DSC_0128.jpg","width":640,"height":376},"datePublished":"2017-03-07T09:59:41-03:00","dateModified":"2017-03-07T09:59:41-03:00","inLanguage":"pt-BR","mainEntityOfPage":{"@id":"https:\/\/anoticiaonline.com.br\/site\/nacional-fica-no-0-a-0-com-o-betinense\/#webpage"},"isPartOf":{"@id":"https:\/\/anoticiaonline.com.br\/site\/nacional-fica-no-0-a-0-com-o-betinense\/#webpage"},"articleSection":"Esporte, slide"},{"@type":"BreadcrumbList","@id":"https:\/\/anoticiaonline.com.br\/site\/nacional-fica-no-0-a-0-com-o-betinense\/#breadcrumblist","itemListElement":[{"@type":"ListItem","@id":"https:\/\/anoticiaonline.com.br\/site#listItem","position":1,"name":"Home","item":"https:\/\/anoticiaonline.com.br\/site","nextItem":{"@type":"ListItem","@id":"https:\/\/anoticiaonline.com.br\/site\/categoria\/esporte\/#listItem","name":"Esporte"}},{"@type":"ListItem","@id":"https:\/\/anoticiaonline.com.br\/site\/categoria\/esporte\/#listItem","position":2,"name":"Esporte","item":"https:\/\/anoticiaonline.com.br\/site\/categoria\/esporte\/","nextItem":{"@type":"ListItem","@id":"https:\/\/anoticiaonline.com.br\/site\/nacional-fica-no-0-a-0-com-o-betinense\/#listItem","name":"Nacional fica no 0 a 0 com o Betinense"},"previousItem":{"@type":"ListItem","@id":"https:\/\/anoticiaonline.com.br\/site#listItem","name":"Home"}},{"@type":"ListItem","@id":"https:\/\/anoticiaonline.com.br\/site\/nacional-fica-no-0-a-0-com-o-betinense\/#listItem","position":3,"name":"Nacional fica no 0 a 0 com o Betinense","previousItem":{"@type":"ListItem","@id":"https:\/\/anoticiaonline.com.br\/site\/categoria\/esporte\/#listItem","name":"Esporte"}}]},{"@type":"Organization","@id":"https:\/\/anoticiaonline.com.br\/site\/#organization","name":"A Not\u00edcia Online","description":"Noticias de Muria\u00e9 e regi\u00e3o","url":"https:\/\/anoticiaonline.com.br\/site\/","logo":{"@type":"ImageObject","url":"https:\/\/scontent-gig4-1.xx.fbcdn.net\/v\/t39.30808-1\/270437624_4564083193639691_6907940295614233970_n.jpg?stp=dst-jpg_s200x200_tt6&_nc_cat=111&ccb=1-7&_nc_sid=f907e8&_nc_ohc=SM1wRlP3lJwQ7kNvwEPuBYA&_nc_oc=AdnqrjDN_BNjSSHWO-GbkIWH6fkGMLw4bqvL_NH6e2wMveX7G-rP2dAqsDSq1mJMOaY&_nc_zt=24&_nc_ht=scontent-gig4-1.xx&_nc_gid=AoBFJeGrT1hVaew_6rchkQ&oh=00_AfX7QmFGhQhG2jAllVgXCiM1ZrWgvtp80-Bfppyexh1QEg&oe=689E923C","@id":"https:\/\/anoticiaonline.com.br\/site\/nacional-fica-no-0-a-0-com-o-betinense\/#organizationLogo"},"image":{"@id":"https:\/\/anoticiaonline.com.br\/site\/nacional-fica-no-0-a-0-com-o-betinense\/#organizationLogo"}},{"@type":"Person","@id":"https:\/\/anoticiaonline.com.br\/site\/author\/juliana\/#author","url":"https:\/\/anoticiaonline.com.br\/site\/author\/juliana\/","name":"Juliana Laviola","image":{"@type":"ImageObject","@id":"https:\/\/anoticiaonline.com.br\/site\/nacional-fica-no-0-a-0-com-o-betinense\/#authorImage","url":"https:\/\/secure.gravatar.com\/avatar\/b8d45f5c699b100dfaf0e543582f38f38bf94cb7ae3a5e9abf8d891a34773335?s=96&d=mm&r=g","width":96,"height":96,"caption":"Juliana Laviola"}},{"@type":"WebPage","@id":"https:\/\/anoticiaonline.com.br\/site\/nacional-fica-no-0-a-0-com-o-betinense\/#webpage","url":"https:\/\/anoticiaonline.com.br\/site\/nacional-fica-no-0-a-0-com-o-betinense\/","name":"Nacional fica no 0 a 0 com o Betinense - A Not\u00edcia Online","description":"No primeiro jogo em casa e diante de 1.258 torcedores presentes, o Nacional n\u00e3o conseguiu a vit\u00f3ria diante do Betinenese e ficou no 0 a 0. No jogo que valia a lideran\u00e7a do Grupo A do M\u00f3dulo II do Campeonato Mineiro, os times se enfrentaram na noite de segunda-feira (6), no Est\u00e1dio Soares de Azevedo.","inLanguage":"pt-BR","isPartOf":{"@id":"https:\/\/anoticiaonline.com.br\/site\/#website"},"breadcrumb":{"@id":"https:\/\/anoticiaonline.com.br\/site\/nacional-fica-no-0-a-0-com-o-betinense\/#breadcrumblist"},"author":{"@id":"https:\/\/anoticiaonline.com.br\/site\/author\/juliana\/#author"},"creator":{"@id":"https:\/\/anoticiaonline.com.br\/site\/author\/juliana\/#author"},"image":{"@type":"ImageObject","url":"https:\/\/anoticiaonline.com.br\/site\/wp-content\/uploads\/2017\/03\/DSC_0128.jpg","@id":"https:\/\/anoticiaonline.com.br\/site\/nacional-fica-no-0-a-0-com-o-betinense\/#mainImage","width":640,"height":376},"primaryImageOfPage":{"@id":"https:\/\/anoticiaonline.com.br\/site\/nacional-fica-no-0-a-0-com-o-betinense\/#mainImage"},"datePublished":"2017-03-07T09:59:41-03:00","dateModified":"2017-03-07T09:59:41-03:00"},{"@type":"WebSite","@id":"https:\/\/anoticiaonline.com.br\/site\/#website","url":"https:\/\/anoticiaonline.com.br\/site\/","name":"A Not\u00edcia Online","description":"Noticias de Muria\u00e9 e regi\u00e3o","inLanguage":"pt-BR","publisher":{"@id":"https:\/\/anoticiaonline.com.br\/site\/#organization"}}]},"og:locale":"pt_BR","og:site_name":"A Not\u00edcia Online - Noticias de Muria\u00e9 e regi\u00e3o","og:type":"article","og:title":"Nacional fica no 0 a 0 com o Betinense - A Not\u00edcia Online","og:description":"No primeiro jogo em casa e diante de 1.258 torcedores presentes, o Nacional n\u00e3o conseguiu a vit\u00f3ria diante do Betinenese e ficou no 0 a 0. No jogo que valia a lideran\u00e7a do Grupo A do M\u00f3dulo II do Campeonato Mineiro, os times se enfrentaram na noite de segunda-feira (6), no Est\u00e1dio Soares de Azevedo.","og:url":"https:\/\/anoticiaonline.com.br\/site\/nacional-fica-no-0-a-0-com-o-betinense\/","og:image":"https:\/\/scontent-gig4-1.xx.fbcdn.net\/v\/t39.30808-1\/270437624_4564083193639691_6907940295614233970_n.jpg?stp=dst-jpg_s200x200_tt6&#038;_nc_cat=111&#038;ccb=1-7&#038;_nc_sid=f907e8&#038;_nc_ohc=SM1wRlP3lJwQ7kNvwEPuBYA&#038;_nc_oc=AdnqrjDN_BNjSSHWO-GbkIWH6fkGMLw4bqvL_NH6e2wMveX7G-rP2dAqsDSq1mJMOaY&#038;_nc_zt=24&#038;_nc_ht=scontent-gig4-1.xx&#038;_nc_gid=AoBFJeGrT1hVaew_6rchkQ&#038;oh=00_AfX7QmFGhQhG2jAllVgXCiM1ZrWgvtp80-Bfppyexh1QEg&#038;oe=689E923C","og:image:secure_url":"https:\/\/scontent-gig4-1.xx.fbcdn.net\/v\/t39.30808-1\/270437624_4564083193639691_6907940295614233970_n.jpg?stp=dst-jpg_s200x200_tt6&#038;_nc_cat=111&#038;ccb=1-7&#038;_nc_sid=f907e8&#038;_nc_ohc=SM1wRlP3lJwQ7kNvwEPuBYA&#038;_nc_oc=AdnqrjDN_BNjSSHWO-GbkIWH6fkGMLw4bqvL_NH6e2wMveX7G-rP2dAqsDSq1mJMOaY&#038;_nc_zt=24&#038;_nc_ht=scontent-gig4-1.xx&#038;_nc_gid=AoBFJeGrT1hVaew_6rchkQ&#038;oh=00_AfX7QmFGhQhG2jAllVgXCiM1ZrWgvtp80-Bfppyexh1QEg&#038;oe=689E923C","article:published_time":"2017-03-07T12:59:41+00:00","article:modified_time":"2017-03-07T12:59:41+00:00","twitter:card":"summary_large_image","twitter:title":"Nacional fica no 0 a 0 com o Betinense - A Not\u00edcia Online","twitter:description":"No primeiro jogo em casa e diante de 1.258 torcedores presentes, o Nacional n\u00e3o conseguiu a vit\u00f3ria diante do Betinenese e ficou no 0 a 0. No jogo que valia a lideran\u00e7a do Grupo A do M\u00f3dulo II do Campeonato Mineiro, os times se enfrentaram na noite de segunda-feira (6), no Est\u00e1dio Soares de Azevedo.","twitter:image":"https:\/\/scontent-gig4-1.xx.fbcdn.net\/v\/t39.30808-1\/270437624_4564083193639691_6907940295614233970_n.jpg?stp=dst-jpg_s200x200_tt6&_nc_cat=111&ccb=1-7&_nc_sid=f907e8&_nc_ohc=SM1wRlP3lJwQ7kNvwEPuBYA&_nc_oc=AdnqrjDN_BNjSSHWO-GbkIWH6fkGMLw4bqvL_NH6e2wMveX7G-rP2dAqsDSq1mJMOaY&_nc_zt=24&_nc_ht=scontent-gig4-1.xx&_nc_gid=AoBFJeGrT1hVaew_6rchkQ&oh=00_AfX7QmFGhQhG2jAllVgXCiM1ZrWgvtp80-Bfppyexh1QEg&oe=689E923C"},"aioseo_meta_data":{"post_id":"25618","title":null,"description":null,"keywords":null,"keyphrases":null,"primary_term":null,"canonical_url":null,"og_title":null,"og_description":null,"og_object_type":"default","og_image_type":"default","og_image_url":null,"og_image_width":null,"og_image_height":null,"og_image_custom_url":null,"og_image_custom_fields":null,"og_video":null,"og_custom_url":null,"og_article_section":null,"og_article_tags":null,"twitter_use_og":false,"twitter_card":"default","twitter_image_type":"default","twitter_image_url":null,"twitter_image_custom_url":null,"twitter_image_custom_fields":null,"twitter_title":null,"twitter_description":null,"schema":{"blockGraphs":[],"customGraphs":[],"default":{"data":{"Article":[],"Course":[],"Dataset":[],"FAQPage":[],"Movie":[],"Person":[],"Product":[],"ProductReview":[],"Car":[],"Recipe":[],"Service":[],"SoftwareApplication":[],"WebPage":[]},"graphName":"","isEnabled":true},"graphs":[]},"schema_type":"default","schema_type_options":null,"pillar_content":false,"robots_default":true,"robots_noindex":false,"robots_noarchive":false,"robots_nosnippet":false,"robots_nofollow":false,"robots_noimageindex":false,"robots_noodp":false,"robots_notranslate":false,"robots_max_snippet":null,"robots_max_videopreview":null,"robots_max_imagepreview":"large","priority":null,"frequency":null,"local_seo":null,"breadcrumb_settings":null,"limit_modified_date":false,"ai":null,"created":"2025-08-16 17:53:41","updated":"2025-08-16 17:53:41","focus_keyword":null,"additional_keywords":null,"truseo_locale":null,"seo_analyzer_scan_date":null},"aioseo_breadcrumb":"<div class=\"aioseo-breadcrumbs\"><span class=\"aioseo-breadcrumb\">\n\t\t\t<a href=\"https:\/\/anoticiaonline.com.br\/site\" title=\"Home\">Home<\/a>\n\t\t<\/span><span class=\"aioseo-breadcrumb-separator\">&raquo;<\/span><span class=\"aioseo-breadcrumb\">\n\t\t\t<a href=\"https:\/\/anoticiaonline.com.br\/site\/categoria\/esporte\/\" title=\"Esporte\">Esporte<\/a>\n\t\t<\/span><span class=\"aioseo-breadcrumb-separator\">&raquo;<\/span><span class=\"aioseo-breadcrumb\">\n\t\t\tNacional fica no 0 a 0 com o Betinense\n\t\t<\/span><\/div>","aioseo_breadcrumb_json":[{"label":"Home","link":"https:\/\/anoticiaonline.com.br\/site"},{"label":"Esporte","link":"https:\/\/anoticiaonline.com.br\/site\/categoria\/esporte\/"},{"label":"Nacional fica no 0 a 0 com o Betinense","link":"https:\/\/anoticiaonline.com.br\/site\/nacional-fica-no-0-a-0-com-o-betinense\/"}],"views":139,"_links":{"self":[{"href":"https:\/\/anoticiaonline.com.br\/site\/wp-json\/wp\/v2\/posts\/25618","targetHints":{"allow":["GET"]}}],"collection":[{"href":"https:\/\/anoticiaonline.com.br\/site\/wp-json\/wp\/v2\/posts"}],"about":[{"href":"https:\/\/anoticiaonline.com.br\/site\/wp-json\/wp\/v2\/types\/post"}],"author":[{"embeddable":true,"href":"https:\/\/anoticiaonline.com.br\/site\/wp-json\/wp\/v2\/users\/2"}],"replies":[{"embeddable":true,"href":"https:\/\/anoticiaonline.com.br\/site\/wp-json\/wp\/v2\/comments?post=25618"}],"version-history":[{"count":0,"href":"https:\/\/anoticiaonline.com.br\/site\/wp-json\/wp\/v2\/posts\/25618\/revisions"}],"wp:featuredmedia":[{"embeddable":true,"href":"https:\/\/anoticiaonline.com.br\/site\/wp-json\/wp\/v2\/media\/25619"}],"wp:attachment":[{"href":"https:\/\/anoticiaonline.com.br\/site\/wp-json\/wp\/v2\/media?parent=25618"}],"wp:term":[{"taxonomy":"category","embeddable":true,"href":"https:\/\/anoticiaonline.com.br\/site\/wp-json\/wp\/v2\/categories?post=25618"},{"taxonomy":"post_tag","embeddable":true,"href":"https:\/\/anoticiaonline.com.br\/site\/wp-json\/wp\/v2\/tags?post=25618"}],"curies":[{"name":"wp","href":"https:\/\/api.w.org\/{rel}","templated":true}]}}