{"id":25596,"date":"2017-03-06T09:41:57","date_gmt":"2017-03-06T12:41:57","guid":{"rendered":"http:\/\/anoticiaonline.com.br\/site\/?p=25596"},"modified":"2017-03-06T09:41:57","modified_gmt":"2017-03-06T12:41:57","slug":"semana-da-mulher-tera-diversificadas-atracoes-em-muriae","status":"publish","type":"post","link":"https:\/\/anoticiaonline.com.br\/site\/semana-da-mulher-tera-diversificadas-atracoes-em-muriae\/","title":{"rendered":"Semana da Mulher ter\u00e1 diversificadas atra\u00e7\u00f5es em Muria\u00e9"},"content":{"rendered":"<figure id=\"attachment_25597\" aria-describedby=\"caption-attachment-25597\" style=\"width: 290px\" class=\"wp-caption alignleft\"><a href=\"https:\/\/anoticiaonline.com.br\/site\/wp-content\/uploads\/2017\/03\/Shaw.jpg\"><img fetchpriority=\"high\" decoding=\"async\" class=\"size-medium wp-image-25597\" src=\"https:\/\/anoticiaonline.com.br\/site\/wp-content\/uploads\/2017\/03\/Shaw-300x169.jpg\" alt=\"Cantora Whitney Shay se apresenta na sexta-feira (10), na Pra\u00e7a Coronel Pacheco de Medeiros\" width=\"300\" height=\"169\" srcset=\"https:\/\/anoticiaonline.com.br\/site\/wp-content\/uploads\/2017\/03\/Shaw-300x169.jpg 300w, https:\/\/anoticiaonline.com.br\/site\/wp-content\/uploads\/2017\/03\/Shaw.jpg 640w\" sizes=\"(max-width: 300px) 100vw, 300px\" \/><\/a><figcaption id=\"caption-attachment-25597\" class=\"wp-caption-text\">Cantora Whitney Shay se apresenta na sexta-feira (10), na Pra\u00e7a Coronel Pacheco de Medeiros<\/figcaption><\/figure>\n<p>A Semana Internacional da Mulher ser\u00e1 comemorada no munic\u00edpio at\u00e9 o pr\u00f3ximo domingo (12). Para celebrar o dia 08 de mar\u00e7o \u2013 o Dia Internacional da Mulher -, a Prefeitura de Muria\u00e9\/Fundarte se uniu a parceiros para desenvolver atividades variadas, em diferentes locais, para enaltecer o valor da mulher e garantir a confraterniza\u00e7\u00e3o de pessoas de diferentes idades.<\/p>\n<p>As atividades come\u00e7aram com tendas da Fundarte, CDL, Sebrae, SESC e Unifaminas, no s\u00e1bado (4), na Pra\u00e7a Jo\u00e3o Pinheiro. Prosseguindo com as comemora\u00e7\u00f5es, nessa ter\u00e7a-feira (7) acontecer\u00e1 \u00e0 sess\u00e3o Cine SESC, \u00e0s 20h, no Teatro Belmira Vilas Boas. A entrada \u00e9 gratuita.<\/p>\n<p>A palestra \u201cSa\u00fade e bem estar da mulher: Porque se cuidar faz bem\u201d ser\u00e1 na quarta-feira (8), em duas sess\u00f5es: uma \u00e0s 8h e outra \u00e0s 14h, no Teatro Zaccaria Marques.<\/p>\n<p>A pe\u00e7a \u201cMulheres s\u00e3o melhores\u201d, de Gueminho Bernardes, acontece \u00e0s 19h30min de quinta-feira (9), no Teatro Belmira Vilas Boas. A entrada \u00e9 gratuita para as mulheres.<\/p>\n<p>E finalizando, no final de semana (dias 10, 11 e 12), tem o Food Truck Itinerante \u2013 Kombi ou mini-caminh\u00f5es restaurantes que vendem comidas e bebidas. O Circuito ViJazz &amp; Blues Festival, com o show do Jazzintape e a atra\u00e7\u00e3o internacional, a californiana Whitney Shay, ser\u00e1 na sexta-feira (10), \u00e0s 17 horas, na Pra\u00e7a Coronel Pacheco de Medeiros.<\/p>\n<p>O show com banda local, apresenta\u00e7\u00f5es de dan\u00e7a, pintura facial e o projeto \u201dLivro ao P\u00e9 da \u00c1rvore\u201d, para o p\u00fablico infantil, est\u00e1 agendado para o s\u00e1bado (11), \u00e0s 12h.<\/p>\n<p>Domingo (12) encerram-se as atra\u00e7\u00f5es da Semana Internacional da Mulher. E para fechar os eventos, haver\u00e1 show na Pra\u00e7a Coronel Pacheco de Medeiros, a partir das 12h. A entrada \u00e9 franca durante todo o final de semana.<\/p>\n","protected":false},"excerpt":{"rendered":"<p>A Semana Internacional da Mulher ser\u00e1 comemorada no munic\u00edpio at\u00e9 o pr\u00f3ximo domingo (12). Para celebrar o dia 08 de mar\u00e7o \u2013 o Dia Internacional da Mulher -, a Prefeitura de Muria\u00e9\/Fundarte se uniu a parceiros para desenvolver atividades variadas, em diferentes locais, para enaltecer o valor da mulher e garantir a confraterniza\u00e7\u00e3o de pessoas &#8230; <a title=\"Semana da Mulher ter\u00e1 diversificadas atra\u00e7\u00f5es em Muria\u00e9\" class=\"read-more\" href=\"https:\/\/anoticiaonline.com.br\/site\/semana-da-mulher-tera-diversificadas-atracoes-em-muriae\/\" aria-label=\"Read more about Semana da Mulher ter\u00e1 diversificadas atra\u00e7\u00f5es em Muria\u00e9\">Ler mais<\/a><\/p>\n","protected":false},"author":2,"featured_media":25597,"comment_status":"open","ping_status":"open","sticky":false,"template":"","format":"standard","meta":{"_acf_changed":false,"_monsterinsights_skip_tracking":false,"footnotes":""},"categories":[30],"tags":[3],"class_list":["post-25596","post","type-post","status-publish","format-standard","has-post-thumbnail","hentry","category-muriae","tag-slide"],"acf":[],"aioseo_notices":[],"aioseo_head":"\n\t\t<!-- All in One SEO 5.0.0.1 - aioseo.com -->\n\t<meta name=\"description\" content=\"A Semana Internacional da Mulher ser\u00e1 comemorada no munic\u00edpio at\u00e9 o pr\u00f3ximo domingo (12). Para celebrar o dia 08 de mar\u00e7o \u2013 o Dia Internacional da Mulher -, a Prefeitura de Muria\u00e9\/Fundarte se uniu a parceiros para desenvolver atividades variadas, em diferentes locais, para enaltecer o valor da mulher e garantir a confraterniza\u00e7\u00e3o de pessoas\" \/>\n\t<meta name=\"robots\" content=\"max-image-preview:large\" \/>\n\t<meta name=\"author\" content=\"Juliana Laviola\"\/>\n\t<link rel=\"canonical\" href=\"https:\/\/anoticiaonline.com.br\/site\/semana-da-mulher-tera-diversificadas-atracoes-em-muriae\/\" \/>\n\t<meta name=\"generator\" content=\"All in One SEO (AIOSEO) 5.0.0.1\" \/>\n\t\t<meta property=\"og:locale\" content=\"pt_BR\" \/>\n\t\t<meta property=\"og:site_name\" content=\"A Not\u00edcia Online - Noticias de Muria\u00e9 e regi\u00e3o\" \/>\n\t\t<meta property=\"og:type\" content=\"article\" \/>\n\t\t<meta property=\"og:title\" content=\"Semana da Mulher ter\u00e1 diversificadas atra\u00e7\u00f5es em Muria\u00e9 - A Not\u00edcia Online\" \/>\n\t\t<meta property=\"og:description\" content=\"A Semana Internacional da Mulher ser\u00e1 comemorada no munic\u00edpio at\u00e9 o pr\u00f3ximo domingo (12). Para celebrar o dia 08 de mar\u00e7o \u2013 o Dia Internacional da Mulher -, a Prefeitura de Muria\u00e9\/Fundarte se uniu a parceiros para desenvolver atividades variadas, em diferentes locais, para enaltecer o valor da mulher e garantir a confraterniza\u00e7\u00e3o de pessoas\" \/>\n\t\t<meta property=\"og:url\" content=\"https:\/\/anoticiaonline.com.br\/site\/semana-da-mulher-tera-diversificadas-atracoes-em-muriae\/\" \/>\n\t\t<meta property=\"og:image\" content=\"https:\/\/scontent-gig4-1.xx.fbcdn.net\/v\/t39.30808-1\/270437624_4564083193639691_6907940295614233970_n.jpg?stp=dst-jpg_s200x200_tt6&#038;_nc_cat=111&#038;ccb=1-7&#038;_nc_sid=f907e8&#038;_nc_ohc=SM1wRlP3lJwQ7kNvwEPuBYA&#038;_nc_oc=AdnqrjDN_BNjSSHWO-GbkIWH6fkGMLw4bqvL_NH6e2wMveX7G-rP2dAqsDSq1mJMOaY&#038;_nc_zt=24&#038;_nc_ht=scontent-gig4-1.xx&#038;_nc_gid=AoBFJeGrT1hVaew_6rchkQ&#038;oh=00_AfX7QmFGhQhG2jAllVgXCiM1ZrWgvtp80-Bfppyexh1QEg&#038;oe=689E923C\" \/>\n\t\t<meta property=\"og:image:secure_url\" content=\"https:\/\/scontent-gig4-1.xx.fbcdn.net\/v\/t39.30808-1\/270437624_4564083193639691_6907940295614233970_n.jpg?stp=dst-jpg_s200x200_tt6&#038;_nc_cat=111&#038;ccb=1-7&#038;_nc_sid=f907e8&#038;_nc_ohc=SM1wRlP3lJwQ7kNvwEPuBYA&#038;_nc_oc=AdnqrjDN_BNjSSHWO-GbkIWH6fkGMLw4bqvL_NH6e2wMveX7G-rP2dAqsDSq1mJMOaY&#038;_nc_zt=24&#038;_nc_ht=scontent-gig4-1.xx&#038;_nc_gid=AoBFJeGrT1hVaew_6rchkQ&#038;oh=00_AfX7QmFGhQhG2jAllVgXCiM1ZrWgvtp80-Bfppyexh1QEg&#038;oe=689E923C\" \/>\n\t\t<meta property=\"article:published_time\" content=\"2017-03-06T12:41:57+00:00\" \/>\n\t\t<meta property=\"article:modified_time\" content=\"2017-03-06T12:41:57+00:00\" \/>\n\t\t<meta name=\"twitter:card\" content=\"summary_large_image\" \/>\n\t\t<meta name=\"twitter:title\" content=\"Semana da Mulher ter\u00e1 diversificadas atra\u00e7\u00f5es em Muria\u00e9 - A Not\u00edcia Online\" \/>\n\t\t<meta name=\"twitter:description\" content=\"A Semana Internacional da Mulher ser\u00e1 comemorada no munic\u00edpio at\u00e9 o pr\u00f3ximo domingo (12). Para celebrar o dia 08 de mar\u00e7o \u2013 o Dia Internacional da Mulher -, a Prefeitura de Muria\u00e9\/Fundarte se uniu a parceiros para desenvolver atividades variadas, em diferentes locais, para enaltecer o valor da mulher e garantir a confraterniza\u00e7\u00e3o de pessoas\" \/>\n\t\t<meta name=\"twitter:image\" content=\"https:\/\/scontent-gig4-1.xx.fbcdn.net\/v\/t39.30808-1\/270437624_4564083193639691_6907940295614233970_n.jpg?stp=dst-jpg_s200x200_tt6&amp;_nc_cat=111&amp;ccb=1-7&amp;_nc_sid=f907e8&amp;_nc_ohc=SM1wRlP3lJwQ7kNvwEPuBYA&amp;_nc_oc=AdnqrjDN_BNjSSHWO-GbkIWH6fkGMLw4bqvL_NH6e2wMveX7G-rP2dAqsDSq1mJMOaY&amp;_nc_zt=24&amp;_nc_ht=scontent-gig4-1.xx&amp;_nc_gid=AoBFJeGrT1hVaew_6rchkQ&amp;oh=00_AfX7QmFGhQhG2jAllVgXCiM1ZrWgvtp80-Bfppyexh1QEg&amp;oe=689E923C\" \/>\n\t\t<script type=\"application\/ld+json\" class=\"aioseo-schema\">\n\t\t\t{\"@context\":\"https:\\\/\\\/schema.org\",\"@graph\":[{\"@type\":\"BlogPosting\",\"@id\":\"https:\\\/\\\/anoticiaonline.com.br\\\/site\\\/semana-da-mulher-tera-diversificadas-atracoes-em-muriae\\\/#blogposting\",\"name\":\"Semana da Mulher ter\\u00e1 diversificadas atra\\u00e7\\u00f5es em Muria\\u00e9 - A Not\\u00edcia Online\",\"headline\":\"Semana da Mulher ter\\u00e1 diversificadas atra\\u00e7\\u00f5es em Muria\\u00e9\",\"author\":{\"@id\":\"https:\\\/\\\/anoticiaonline.com.br\\\/site\\\/author\\\/juliana\\\/#author\"},\"publisher\":{\"@id\":\"https:\\\/\\\/anoticiaonline.com.br\\\/site\\\/#organization\"},\"image\":{\"@type\":\"ImageObject\",\"url\":\"https:\\\/\\\/anoticiaonline.com.br\\\/site\\\/wp-content\\\/uploads\\\/2017\\\/03\\\/Shaw.jpg\",\"width\":640,\"height\":360,\"caption\":\"Cantora Whitney Shay se apresenta na sexta-feira (10), na Pra\\u00e7a Coronel Pacheco de Medeiros\"},\"datePublished\":\"2017-03-06T09:41:57-03:00\",\"dateModified\":\"2017-03-06T09:41:57-03:00\",\"inLanguage\":\"pt-BR\",\"mainEntityOfPage\":{\"@id\":\"https:\\\/\\\/anoticiaonline.com.br\\\/site\\\/semana-da-mulher-tera-diversificadas-atracoes-em-muriae\\\/#webpage\"},\"isPartOf\":{\"@id\":\"https:\\\/\\\/anoticiaonline.com.br\\\/site\\\/semana-da-mulher-tera-diversificadas-atracoes-em-muriae\\\/#webpage\"},\"articleSection\":\"Blog, slide\"},{\"@type\":\"BreadcrumbList\",\"@id\":\"https:\\\/\\\/anoticiaonline.com.br\\\/site\\\/semana-da-mulher-tera-diversificadas-atracoes-em-muriae\\\/#breadcrumblist\",\"itemListElement\":[{\"@type\":\"ListItem\",\"@id\":\"https:\\\/\\\/anoticiaonline.com.br\\\/site#listItem\",\"position\":1,\"name\":\"Home\",\"item\":\"https:\\\/\\\/anoticiaonline.com.br\\\/site\",\"nextItem\":{\"@type\":\"ListItem\",\"@id\":\"https:\\\/\\\/anoticiaonline.com.br\\\/site\\\/categoria\\\/muriae\\\/#listItem\",\"name\":\"Blog\"}},{\"@type\":\"ListItem\",\"@id\":\"https:\\\/\\\/anoticiaonline.com.br\\\/site\\\/categoria\\\/muriae\\\/#listItem\",\"position\":2,\"name\":\"Blog\",\"item\":\"https:\\\/\\\/anoticiaonline.com.br\\\/site\\\/categoria\\\/muriae\\\/\",\"nextItem\":{\"@type\":\"ListItem\",\"@id\":\"https:\\\/\\\/anoticiaonline.com.br\\\/site\\\/semana-da-mulher-tera-diversificadas-atracoes-em-muriae\\\/#listItem\",\"name\":\"Semana da Mulher ter\\u00e1 diversificadas atra\\u00e7\\u00f5es em Muria\\u00e9\"},\"previousItem\":{\"@type\":\"ListItem\",\"@id\":\"https:\\\/\\\/anoticiaonline.com.br\\\/site#listItem\",\"name\":\"Home\"}},{\"@type\":\"ListItem\",\"@id\":\"https:\\\/\\\/anoticiaonline.com.br\\\/site\\\/semana-da-mulher-tera-diversificadas-atracoes-em-muriae\\\/#listItem\",\"position\":3,\"name\":\"Semana da Mulher ter\\u00e1 diversificadas atra\\u00e7\\u00f5es em Muria\\u00e9\",\"previousItem\":{\"@type\":\"ListItem\",\"@id\":\"https:\\\/\\\/anoticiaonline.com.br\\\/site\\\/categoria\\\/muriae\\\/#listItem\",\"name\":\"Blog\"}}]},{\"@type\":\"Organization\",\"@id\":\"https:\\\/\\\/anoticiaonline.com.br\\\/site\\\/#organization\",\"name\":\"A Not\\u00edcia Online\",\"description\":\"Noticias de Muria\\u00e9 e regi\\u00e3o\",\"url\":\"https:\\\/\\\/anoticiaonline.com.br\\\/site\\\/\",\"logo\":{\"@type\":\"ImageObject\",\"url\":\"https:\\\/\\\/scontent-gig4-1.xx.fbcdn.net\\\/v\\\/t39.30808-1\\\/270437624_4564083193639691_6907940295614233970_n.jpg?stp=dst-jpg_s200x200_tt6&_nc_cat=111&ccb=1-7&_nc_sid=f907e8&_nc_ohc=SM1wRlP3lJwQ7kNvwEPuBYA&_nc_oc=AdnqrjDN_BNjSSHWO-GbkIWH6fkGMLw4bqvL_NH6e2wMveX7G-rP2dAqsDSq1mJMOaY&_nc_zt=24&_nc_ht=scontent-gig4-1.xx&_nc_gid=AoBFJeGrT1hVaew_6rchkQ&oh=00_AfX7QmFGhQhG2jAllVgXCiM1ZrWgvtp80-Bfppyexh1QEg&oe=689E923C\",\"@id\":\"https:\\\/\\\/anoticiaonline.com.br\\\/site\\\/semana-da-mulher-tera-diversificadas-atracoes-em-muriae\\\/#organizationLogo\"},\"image\":{\"@id\":\"https:\\\/\\\/anoticiaonline.com.br\\\/site\\\/semana-da-mulher-tera-diversificadas-atracoes-em-muriae\\\/#organizationLogo\"}},{\"@type\":\"Person\",\"@id\":\"https:\\\/\\\/anoticiaonline.com.br\\\/site\\\/author\\\/juliana\\\/#author\",\"url\":\"https:\\\/\\\/anoticiaonline.com.br\\\/site\\\/author\\\/juliana\\\/\",\"name\":\"Juliana Laviola\",\"image\":{\"@type\":\"ImageObject\",\"@id\":\"https:\\\/\\\/anoticiaonline.com.br\\\/site\\\/semana-da-mulher-tera-diversificadas-atracoes-em-muriae\\\/#authorImage\",\"url\":\"https:\\\/\\\/secure.gravatar.com\\\/avatar\\\/b8d45f5c699b100dfaf0e543582f38f38bf94cb7ae3a5e9abf8d891a34773335?s=96&d=mm&r=g\",\"width\":96,\"height\":96,\"caption\":\"Juliana Laviola\"}},{\"@type\":\"WebPage\",\"@id\":\"https:\\\/\\\/anoticiaonline.com.br\\\/site\\\/semana-da-mulher-tera-diversificadas-atracoes-em-muriae\\\/#webpage\",\"url\":\"https:\\\/\\\/anoticiaonline.com.br\\\/site\\\/semana-da-mulher-tera-diversificadas-atracoes-em-muriae\\\/\",\"name\":\"Semana da Mulher ter\\u00e1 diversificadas atra\\u00e7\\u00f5es em Muria\\u00e9 - A Not\\u00edcia Online\",\"description\":\"A Semana Internacional da Mulher ser\\u00e1 comemorada no munic\\u00edpio at\\u00e9 o pr\\u00f3ximo domingo (12). Para celebrar o dia 08 de mar\\u00e7o \\u2013 o Dia Internacional da Mulher -, a Prefeitura de Muria\\u00e9\\\/Fundarte se uniu a parceiros para desenvolver atividades variadas, em diferentes locais, para enaltecer o valor da mulher e garantir a confraterniza\\u00e7\\u00e3o de pessoas\",\"inLanguage\":\"pt-BR\",\"isPartOf\":{\"@id\":\"https:\\\/\\\/anoticiaonline.com.br\\\/site\\\/#website\"},\"breadcrumb\":{\"@id\":\"https:\\\/\\\/anoticiaonline.com.br\\\/site\\\/semana-da-mulher-tera-diversificadas-atracoes-em-muriae\\\/#breadcrumblist\"},\"author\":{\"@id\":\"https:\\\/\\\/anoticiaonline.com.br\\\/site\\\/author\\\/juliana\\\/#author\"},\"creator\":{\"@id\":\"https:\\\/\\\/anoticiaonline.com.br\\\/site\\\/author\\\/juliana\\\/#author\"},\"image\":{\"@type\":\"ImageObject\",\"url\":\"https:\\\/\\\/anoticiaonline.com.br\\\/site\\\/wp-content\\\/uploads\\\/2017\\\/03\\\/Shaw.jpg\",\"@id\":\"https:\\\/\\\/anoticiaonline.com.br\\\/site\\\/semana-da-mulher-tera-diversificadas-atracoes-em-muriae\\\/#mainImage\",\"width\":640,\"height\":360,\"caption\":\"Cantora Whitney Shay se apresenta na sexta-feira (10), na Pra\\u00e7a Coronel Pacheco de Medeiros\"},\"primaryImageOfPage\":{\"@id\":\"https:\\\/\\\/anoticiaonline.com.br\\\/site\\\/semana-da-mulher-tera-diversificadas-atracoes-em-muriae\\\/#mainImage\"},\"datePublished\":\"2017-03-06T09:41:57-03:00\",\"dateModified\":\"2017-03-06T09:41:57-03:00\"},{\"@type\":\"WebSite\",\"@id\":\"https:\\\/\\\/anoticiaonline.com.br\\\/site\\\/#website\",\"url\":\"https:\\\/\\\/anoticiaonline.com.br\\\/site\\\/\",\"name\":\"A Not\\u00edcia Online\",\"description\":\"Noticias de Muria\\u00e9 e regi\\u00e3o\",\"inLanguage\":\"pt-BR\",\"publisher\":{\"@id\":\"https:\\\/\\\/anoticiaonline.com.br\\\/site\\\/#organization\"}}]}\n\t\t<\/script>\n\t\t<!-- All in One SEO -->\n\n","aioseo_head_json":{"title":"Semana da Mulher ter\u00e1 diversificadas atra\u00e7\u00f5es em Muria\u00e9 - A Not\u00edcia Online","description":"A Semana Internacional da Mulher ser\u00e1 comemorada no munic\u00edpio at\u00e9 o pr\u00f3ximo domingo (12). Para celebrar o dia 08 de mar\u00e7o \u2013 o Dia Internacional da Mulher -, a Prefeitura de Muria\u00e9\/Fundarte se uniu a parceiros para desenvolver atividades variadas, em diferentes locais, para enaltecer o valor da mulher e garantir a confraterniza\u00e7\u00e3o de pessoas","canonical_url":"https:\/\/anoticiaonline.com.br\/site\/semana-da-mulher-tera-diversificadas-atracoes-em-muriae\/","robots":"max-image-preview:large","keywords":"","webmasterTools":{"miscellaneous":""},"schema":{"@context":"https:\/\/schema.org","@graph":[{"@type":"BlogPosting","@id":"https:\/\/anoticiaonline.com.br\/site\/semana-da-mulher-tera-diversificadas-atracoes-em-muriae\/#blogposting","name":"Semana da Mulher ter\u00e1 diversificadas atra\u00e7\u00f5es em Muria\u00e9 - A Not\u00edcia Online","headline":"Semana da Mulher ter\u00e1 diversificadas atra\u00e7\u00f5es em Muria\u00e9","author":{"@id":"https:\/\/anoticiaonline.com.br\/site\/author\/juliana\/#author"},"publisher":{"@id":"https:\/\/anoticiaonline.com.br\/site\/#organization"},"image":{"@type":"ImageObject","url":"https:\/\/anoticiaonline.com.br\/site\/wp-content\/uploads\/2017\/03\/Shaw.jpg","width":640,"height":360,"caption":"Cantora Whitney Shay se apresenta na sexta-feira (10), na Pra\u00e7a Coronel Pacheco de Medeiros"},"datePublished":"2017-03-06T09:41:57-03:00","dateModified":"2017-03-06T09:41:57-03:00","inLanguage":"pt-BR","mainEntityOfPage":{"@id":"https:\/\/anoticiaonline.com.br\/site\/semana-da-mulher-tera-diversificadas-atracoes-em-muriae\/#webpage"},"isPartOf":{"@id":"https:\/\/anoticiaonline.com.br\/site\/semana-da-mulher-tera-diversificadas-atracoes-em-muriae\/#webpage"},"articleSection":"Blog, slide"},{"@type":"BreadcrumbList","@id":"https:\/\/anoticiaonline.com.br\/site\/semana-da-mulher-tera-diversificadas-atracoes-em-muriae\/#breadcrumblist","itemListElement":[{"@type":"ListItem","@id":"https:\/\/anoticiaonline.com.br\/site#listItem","position":1,"name":"Home","item":"https:\/\/anoticiaonline.com.br\/site","nextItem":{"@type":"ListItem","@id":"https:\/\/anoticiaonline.com.br\/site\/categoria\/muriae\/#listItem","name":"Blog"}},{"@type":"ListItem","@id":"https:\/\/anoticiaonline.com.br\/site\/categoria\/muriae\/#listItem","position":2,"name":"Blog","item":"https:\/\/anoticiaonline.com.br\/site\/categoria\/muriae\/","nextItem":{"@type":"ListItem","@id":"https:\/\/anoticiaonline.com.br\/site\/semana-da-mulher-tera-diversificadas-atracoes-em-muriae\/#listItem","name":"Semana da Mulher ter\u00e1 diversificadas atra\u00e7\u00f5es em Muria\u00e9"},"previousItem":{"@type":"ListItem","@id":"https:\/\/anoticiaonline.com.br\/site#listItem","name":"Home"}},{"@type":"ListItem","@id":"https:\/\/anoticiaonline.com.br\/site\/semana-da-mulher-tera-diversificadas-atracoes-em-muriae\/#listItem","position":3,"name":"Semana da Mulher ter\u00e1 diversificadas atra\u00e7\u00f5es em Muria\u00e9","previousItem":{"@type":"ListItem","@id":"https:\/\/anoticiaonline.com.br\/site\/categoria\/muriae\/#listItem","name":"Blog"}}]},{"@type":"Organization","@id":"https:\/\/anoticiaonline.com.br\/site\/#organization","name":"A Not\u00edcia Online","description":"Noticias de Muria\u00e9 e regi\u00e3o","url":"https:\/\/anoticiaonline.com.br\/site\/","logo":{"@type":"ImageObject","url":"https:\/\/scontent-gig4-1.xx.fbcdn.net\/v\/t39.30808-1\/270437624_4564083193639691_6907940295614233970_n.jpg?stp=dst-jpg_s200x200_tt6&_nc_cat=111&ccb=1-7&_nc_sid=f907e8&_nc_ohc=SM1wRlP3lJwQ7kNvwEPuBYA&_nc_oc=AdnqrjDN_BNjSSHWO-GbkIWH6fkGMLw4bqvL_NH6e2wMveX7G-rP2dAqsDSq1mJMOaY&_nc_zt=24&_nc_ht=scontent-gig4-1.xx&_nc_gid=AoBFJeGrT1hVaew_6rchkQ&oh=00_AfX7QmFGhQhG2jAllVgXCiM1ZrWgvtp80-Bfppyexh1QEg&oe=689E923C","@id":"https:\/\/anoticiaonline.com.br\/site\/semana-da-mulher-tera-diversificadas-atracoes-em-muriae\/#organizationLogo"},"image":{"@id":"https:\/\/anoticiaonline.com.br\/site\/semana-da-mulher-tera-diversificadas-atracoes-em-muriae\/#organizationLogo"}},{"@type":"Person","@id":"https:\/\/anoticiaonline.com.br\/site\/author\/juliana\/#author","url":"https:\/\/anoticiaonline.com.br\/site\/author\/juliana\/","name":"Juliana Laviola","image":{"@type":"ImageObject","@id":"https:\/\/anoticiaonline.com.br\/site\/semana-da-mulher-tera-diversificadas-atracoes-em-muriae\/#authorImage","url":"https:\/\/secure.gravatar.com\/avatar\/b8d45f5c699b100dfaf0e543582f38f38bf94cb7ae3a5e9abf8d891a34773335?s=96&d=mm&r=g","width":96,"height":96,"caption":"Juliana Laviola"}},{"@type":"WebPage","@id":"https:\/\/anoticiaonline.com.br\/site\/semana-da-mulher-tera-diversificadas-atracoes-em-muriae\/#webpage","url":"https:\/\/anoticiaonline.com.br\/site\/semana-da-mulher-tera-diversificadas-atracoes-em-muriae\/","name":"Semana da Mulher ter\u00e1 diversificadas atra\u00e7\u00f5es em Muria\u00e9 - A Not\u00edcia Online","description":"A Semana Internacional da Mulher ser\u00e1 comemorada no munic\u00edpio at\u00e9 o pr\u00f3ximo domingo (12). Para celebrar o dia 08 de mar\u00e7o \u2013 o Dia Internacional da Mulher -, a Prefeitura de Muria\u00e9\/Fundarte se uniu a parceiros para desenvolver atividades variadas, em diferentes locais, para enaltecer o valor da mulher e garantir a confraterniza\u00e7\u00e3o de pessoas","inLanguage":"pt-BR","isPartOf":{"@id":"https:\/\/anoticiaonline.com.br\/site\/#website"},"breadcrumb":{"@id":"https:\/\/anoticiaonline.com.br\/site\/semana-da-mulher-tera-diversificadas-atracoes-em-muriae\/#breadcrumblist"},"author":{"@id":"https:\/\/anoticiaonline.com.br\/site\/author\/juliana\/#author"},"creator":{"@id":"https:\/\/anoticiaonline.com.br\/site\/author\/juliana\/#author"},"image":{"@type":"ImageObject","url":"https:\/\/anoticiaonline.com.br\/site\/wp-content\/uploads\/2017\/03\/Shaw.jpg","@id":"https:\/\/anoticiaonline.com.br\/site\/semana-da-mulher-tera-diversificadas-atracoes-em-muriae\/#mainImage","width":640,"height":360,"caption":"Cantora Whitney Shay se apresenta na sexta-feira (10), na Pra\u00e7a Coronel Pacheco de Medeiros"},"primaryImageOfPage":{"@id":"https:\/\/anoticiaonline.com.br\/site\/semana-da-mulher-tera-diversificadas-atracoes-em-muriae\/#mainImage"},"datePublished":"2017-03-06T09:41:57-03:00","dateModified":"2017-03-06T09:41:57-03:00"},{"@type":"WebSite","@id":"https:\/\/anoticiaonline.com.br\/site\/#website","url":"https:\/\/anoticiaonline.com.br\/site\/","name":"A Not\u00edcia Online","description":"Noticias de Muria\u00e9 e regi\u00e3o","inLanguage":"pt-BR","publisher":{"@id":"https:\/\/anoticiaonline.com.br\/site\/#organization"}}]},"og:locale":"pt_BR","og:site_name":"A Not\u00edcia Online - Noticias de Muria\u00e9 e regi\u00e3o","og:type":"article","og:title":"Semana da Mulher ter\u00e1 diversificadas atra\u00e7\u00f5es em Muria\u00e9 - A Not\u00edcia Online","og:description":"A Semana Internacional da Mulher ser\u00e1 comemorada no munic\u00edpio at\u00e9 o pr\u00f3ximo domingo (12). Para celebrar o dia 08 de mar\u00e7o \u2013 o Dia Internacional da Mulher -, a Prefeitura de Muria\u00e9\/Fundarte se uniu a parceiros para desenvolver atividades variadas, em diferentes locais, para enaltecer o valor da mulher e garantir a confraterniza\u00e7\u00e3o de pessoas","og:url":"https:\/\/anoticiaonline.com.br\/site\/semana-da-mulher-tera-diversificadas-atracoes-em-muriae\/","og:image":"https:\/\/scontent-gig4-1.xx.fbcdn.net\/v\/t39.30808-1\/270437624_4564083193639691_6907940295614233970_n.jpg?stp=dst-jpg_s200x200_tt6&#038;_nc_cat=111&#038;ccb=1-7&#038;_nc_sid=f907e8&#038;_nc_ohc=SM1wRlP3lJwQ7kNvwEPuBYA&#038;_nc_oc=AdnqrjDN_BNjSSHWO-GbkIWH6fkGMLw4bqvL_NH6e2wMveX7G-rP2dAqsDSq1mJMOaY&#038;_nc_zt=24&#038;_nc_ht=scontent-gig4-1.xx&#038;_nc_gid=AoBFJeGrT1hVaew_6rchkQ&#038;oh=00_AfX7QmFGhQhG2jAllVgXCiM1ZrWgvtp80-Bfppyexh1QEg&#038;oe=689E923C","og:image:secure_url":"https:\/\/scontent-gig4-1.xx.fbcdn.net\/v\/t39.30808-1\/270437624_4564083193639691_6907940295614233970_n.jpg?stp=dst-jpg_s200x200_tt6&#038;_nc_cat=111&#038;ccb=1-7&#038;_nc_sid=f907e8&#038;_nc_ohc=SM1wRlP3lJwQ7kNvwEPuBYA&#038;_nc_oc=AdnqrjDN_BNjSSHWO-GbkIWH6fkGMLw4bqvL_NH6e2wMveX7G-rP2dAqsDSq1mJMOaY&#038;_nc_zt=24&#038;_nc_ht=scontent-gig4-1.xx&#038;_nc_gid=AoBFJeGrT1hVaew_6rchkQ&#038;oh=00_AfX7QmFGhQhG2jAllVgXCiM1ZrWgvtp80-Bfppyexh1QEg&#038;oe=689E923C","article:published_time":"2017-03-06T12:41:57+00:00","article:modified_time":"2017-03-06T12:41:57+00:00","twitter:card":"summary_large_image","twitter:title":"Semana da Mulher ter\u00e1 diversificadas atra\u00e7\u00f5es em Muria\u00e9 - A Not\u00edcia Online","twitter:description":"A Semana Internacional da Mulher ser\u00e1 comemorada no munic\u00edpio at\u00e9 o pr\u00f3ximo domingo (12). Para celebrar o dia 08 de mar\u00e7o \u2013 o Dia Internacional da Mulher -, a Prefeitura de Muria\u00e9\/Fundarte se uniu a parceiros para desenvolver atividades variadas, em diferentes locais, para enaltecer o valor da mulher e garantir a confraterniza\u00e7\u00e3o de pessoas","twitter:image":"https:\/\/scontent-gig4-1.xx.fbcdn.net\/v\/t39.30808-1\/270437624_4564083193639691_6907940295614233970_n.jpg?stp=dst-jpg_s200x200_tt6&_nc_cat=111&ccb=1-7&_nc_sid=f907e8&_nc_ohc=SM1wRlP3lJwQ7kNvwEPuBYA&_nc_oc=AdnqrjDN_BNjSSHWO-GbkIWH6fkGMLw4bqvL_NH6e2wMveX7G-rP2dAqsDSq1mJMOaY&_nc_zt=24&_nc_ht=scontent-gig4-1.xx&_nc_gid=AoBFJeGrT1hVaew_6rchkQ&oh=00_AfX7QmFGhQhG2jAllVgXCiM1ZrWgvtp80-Bfppyexh1QEg&oe=689E923C"},"aioseo_meta_data":{"post_id":"25596","title":null,"description":null,"keywords":null,"keyphrases":null,"primary_term":null,"canonical_url":null,"og_title":null,"og_description":null,"og_object_type":"default","og_image_type":"default","og_image_url":null,"og_image_width":null,"og_image_height":null,"og_image_custom_url":null,"og_image_custom_fields":null,"og_video":null,"og_custom_url":null,"og_article_section":null,"og_article_tags":null,"twitter_use_og":false,"twitter_card":"default","twitter_image_type":"default","twitter_image_url":null,"twitter_image_custom_url":null,"twitter_image_custom_fields":null,"twitter_title":null,"twitter_description":null,"schema":{"blockGraphs":[],"customGraphs":[],"default":{"data":{"Article":[],"Course":[],"Dataset":[],"FAQPage":[],"Movie":[],"Person":[],"Product":[],"ProductReview":[],"Car":[],"Recipe":[],"Service":[],"SoftwareApplication":[],"WebPage":[]},"graphName":"","isEnabled":true},"graphs":[]},"schema_type":"default","schema_type_options":null,"pillar_content":false,"robots_default":true,"robots_noindex":false,"robots_noarchive":false,"robots_nosnippet":false,"robots_nofollow":false,"robots_noimageindex":false,"robots_noodp":false,"robots_notranslate":false,"robots_max_snippet":null,"robots_max_videopreview":null,"robots_max_imagepreview":"large","priority":null,"frequency":null,"local_seo":null,"breadcrumb_settings":null,"limit_modified_date":false,"ai":null,"created":"2025-08-16 17:52:20","updated":"2025-08-16 17:52:20","focus_keyword":null,"additional_keywords":null,"truseo_locale":null,"seo_analyzer_scan_date":null},"aioseo_breadcrumb":"<div class=\"aioseo-breadcrumbs\"><span class=\"aioseo-breadcrumb\">\n\t\t\t<a href=\"https:\/\/anoticiaonline.com.br\/site\" title=\"Home\">Home<\/a>\n\t\t<\/span><span class=\"aioseo-breadcrumb-separator\">&raquo;<\/span><span class=\"aioseo-breadcrumb\">\n\t\t\t<a href=\"https:\/\/anoticiaonline.com.br\/site\/categoria\/muriae\/\" title=\"Blog\">Blog<\/a>\n\t\t<\/span><span class=\"aioseo-breadcrumb-separator\">&raquo;<\/span><span class=\"aioseo-breadcrumb\">\n\t\t\tSemana da Mulher ter\u00e1 diversificadas atra\u00e7\u00f5es em Muria\u00e9\n\t\t<\/span><\/div>","aioseo_breadcrumb_json":[{"label":"Home","link":"https:\/\/anoticiaonline.com.br\/site"},{"label":"Blog","link":"https:\/\/anoticiaonline.com.br\/site\/categoria\/muriae\/"},{"label":"Semana da Mulher ter\u00e1 diversificadas atra\u00e7\u00f5es em Muria\u00e9","link":"https:\/\/anoticiaonline.com.br\/site\/semana-da-mulher-tera-diversificadas-atracoes-em-muriae\/"}],"views":128,"_links":{"self":[{"href":"https:\/\/anoticiaonline.com.br\/site\/wp-json\/wp\/v2\/posts\/25596","targetHints":{"allow":["GET"]}}],"collection":[{"href":"https:\/\/anoticiaonline.com.br\/site\/wp-json\/wp\/v2\/posts"}],"about":[{"href":"https:\/\/anoticiaonline.com.br\/site\/wp-json\/wp\/v2\/types\/post"}],"author":[{"embeddable":true,"href":"https:\/\/anoticiaonline.com.br\/site\/wp-json\/wp\/v2\/users\/2"}],"replies":[{"embeddable":true,"href":"https:\/\/anoticiaonline.com.br\/site\/wp-json\/wp\/v2\/comments?post=25596"}],"version-history":[{"count":0,"href":"https:\/\/anoticiaonline.com.br\/site\/wp-json\/wp\/v2\/posts\/25596\/revisions"}],"wp:featuredmedia":[{"embeddable":true,"href":"https:\/\/anoticiaonline.com.br\/site\/wp-json\/wp\/v2\/media\/25597"}],"wp:attachment":[{"href":"https:\/\/anoticiaonline.com.br\/site\/wp-json\/wp\/v2\/media?parent=25596"}],"wp:term":[{"taxonomy":"category","embeddable":true,"href":"https:\/\/anoticiaonline.com.br\/site\/wp-json\/wp\/v2\/categories?post=25596"},{"taxonomy":"post_tag","embeddable":true,"href":"https:\/\/anoticiaonline.com.br\/site\/wp-json\/wp\/v2\/tags?post=25596"}],"curies":[{"name":"wp","href":"https:\/\/api.w.org\/{rel}","templated":true}]}}