{"id":25416,"date":"2017-03-02T20:53:27","date_gmt":"2017-03-02T23:53:27","guid":{"rendered":"http:\/\/anoticiaonline.com.br\/site\/?p=25416"},"modified":"2017-03-02T20:53:27","modified_gmt":"2017-03-02T23:53:27","slug":"ambientalistas","status":"publish","type":"post","link":"https:\/\/anoticiaonline.com.br\/site\/ambientalistas\/","title":{"rendered":"Ambientalistas"},"content":{"rendered":"<p>E as obras para a conten\u00e7\u00e3o das enchentes do Rio Muria\u00e9 n\u00e3o sa\u00edram e n\u00e3o sair\u00e3o nunca.<\/p>\n<p>As enchentes do nosso rio j\u00e1 causaram milhares de v\u00edtimas em nossa cidade e nos munic\u00edpios rio abaixo. As inunda\u00e7\u00f5es j\u00e1 destru\u00edram casas, m\u00f3veis e objetos pessoais de in\u00fameras pessoas. S\u00f3 na \u00faltima grande enchente do Rio Muria\u00e9, mais de 20 mil pessoas foram atingidas.<\/p>\n<p>Projetos foram feitos, articula\u00e7\u00f5es pol\u00edticas foram tentadas e o tempo passava e as obras sempre esbarravam nos \u00f3rg\u00e3os ambientais. Question\u00e1rios e mais question\u00e1rios eram respondidos, e novas quest\u00f5es eram apresentadas.<\/p>\n<p>Na administra\u00e7\u00e3o do ex-prefeito Aloysio Aquino, todos os esfor\u00e7os foram em v\u00e3o. Os \u00f3rg\u00e3os ambientais eram irredut\u00edveis.<\/p>\n<p>O ambientalismo em nosso pa\u00eds parece uma neura, como se o homem fosse o respons\u00e1vel por todas as trag\u00e9dias do planeta. Aquele vulc\u00e3o da Finl\u00e2ndia jogou na atmosfera uma quantidade de fuma\u00e7a com res\u00edduos s\u00f3lidos em apenas uma semana de erup\u00e7\u00e3o equivalente a toda ind\u00fastria da Europa em dez anos. Os dinossauros foram extintos no final do Per\u00edodo Cret\u00e1ceo, da era Mesozoica, h\u00e1 cerca de 60 milh\u00f5es de anos e o pobre do homem ainda nem existia na face da Terra. Mas h\u00e1 uma neura de culpar o homem por tudo, como se a natureza n\u00e3o fosse uma guerra sem fim pela sobreviv\u00eancia, com o mais forte matando o mais fraco, ou com meteoros cuspindo fogo em planetas e corpos celestes por esse mund\u00e3o afora de universo. Mas, assim como para o existencialismo sartreano o inferno s\u00e3o os outros, para os ambientalistas o diabo \u00e9 o homem.<\/p>\n<p>Ent\u00e3o as obras contra as enchentes do Rio Muria\u00e9 n\u00e3o saem. Dizem por a\u00ed que ali nas imedia\u00e7\u00f5es da ponte da Casa de Sa\u00fade vivem seis lambaris e que as obras no rio afetariam a vida daqueles peixinhos. Os lambaris parecem que j\u00e1 foram at\u00e9 tombados e n\u00e3o podem correr o risco de sofrerem com as obras contra as enchentes.<\/p>\n<p>O governo Federal, certa vez, foi impedido de construir a barragem do Tucuru\u00ed porque a represa afetaria a vida de algumas pererecas cor-de-rosa que viviam no local. \u00c9 claro que o meio ambiente deve ser defendido, mas n\u00e3o em detrimento do pr\u00f3prio homem. \u00c9 necess\u00e1rio que exista uma rela\u00e7\u00e3o adequada entre aquilo que deve ser preservado e a preserva\u00e7\u00e3o da vida humana. Vai chegar o dia, e n\u00e3o demora muito, que assim como no caso da perereca cor-de-rosa, ser\u00e1 proibido matar pernilongos, afinal, os pobres bichinhos tamb\u00e9m t\u00eam direito \u00e0 vida. Mas se a moda pega, algu\u00e9m, baseado no princ\u00edpio de que bact\u00e9ria tamb\u00e9m \u00e9 vida, vai sugerir a proibi\u00e7\u00e3o de antibi\u00f3ticos.<\/p>\n<p>Ent\u00e3o, os diab\u00f3licos seres humanos ser\u00e3o extintos do planeta Terra e a bicharada continuar\u00e1 com a sua terr\u00edvel luta pela sobreviv\u00eancia, devorando-se uns aos outros, mas sem o homem para culpar.<\/p>\n","protected":false},"excerpt":{"rendered":"<p>E as obras para a conten\u00e7\u00e3o das enchentes do Rio Muria\u00e9 n\u00e3o sa\u00edram e n\u00e3o sair\u00e3o nunca. As enchentes do nosso rio j\u00e1 causaram milhares de v\u00edtimas em nossa cidade e nos munic\u00edpios rio abaixo. As inunda\u00e7\u00f5es j\u00e1 destru\u00edram casas, m\u00f3veis e objetos pessoais de in\u00fameras pessoas. S\u00f3 na \u00faltima grande enchente do Rio Muria\u00e9, &#8230; <a title=\"Ambientalistas\" class=\"read-more\" href=\"https:\/\/anoticiaonline.com.br\/site\/ambientalistas\/\" aria-label=\"Read more about Ambientalistas\">Ler mais<\/a><\/p>\n","protected":false},"author":2,"featured_media":0,"comment_status":"open","ping_status":"open","sticky":false,"template":"","format":"standard","meta":{"_acf_changed":false,"_monsterinsights_skip_tracking":false,"footnotes":""},"categories":[36],"tags":[],"class_list":["post-25416","post","type-post","status-publish","format-standard","hentry","category-logos-adellunar-marge"],"acf":[],"aioseo_notices":[],"aioseo_head":"\n\t\t<!-- All in One SEO 5.0.0.1 - aioseo.com -->\n\t<meta name=\"description\" content=\"E as obras para a conten\u00e7\u00e3o das enchentes do Rio Muria\u00e9 n\u00e3o sa\u00edram e n\u00e3o sair\u00e3o nunca. As enchentes do nosso rio j\u00e1 causaram milhares de v\u00edtimas em nossa cidade e nos munic\u00edpios rio abaixo. As inunda\u00e7\u00f5es j\u00e1 destru\u00edram casas, m\u00f3veis e objetos pessoais de in\u00fameras pessoas. S\u00f3 na \u00faltima grande enchente do Rio Muria\u00e9,\" \/>\n\t<meta name=\"robots\" content=\"max-image-preview:large\" \/>\n\t<meta name=\"author\" content=\"Juliana Laviola\"\/>\n\t<link rel=\"canonical\" href=\"https:\/\/anoticiaonline.com.br\/site\/ambientalistas\/\" \/>\n\t<meta name=\"generator\" content=\"All in One SEO (AIOSEO) 5.0.0.1\" \/>\n\t\t<meta property=\"og:locale\" content=\"pt_BR\" \/>\n\t\t<meta property=\"og:site_name\" content=\"A Not\u00edcia Online - Noticias de Muria\u00e9 e regi\u00e3o\" \/>\n\t\t<meta property=\"og:type\" content=\"article\" \/>\n\t\t<meta property=\"og:title\" content=\"Ambientalistas - A Not\u00edcia Online\" \/>\n\t\t<meta property=\"og:description\" content=\"E as obras para a conten\u00e7\u00e3o das enchentes do Rio Muria\u00e9 n\u00e3o sa\u00edram e n\u00e3o sair\u00e3o nunca. As enchentes do nosso rio j\u00e1 causaram milhares de v\u00edtimas em nossa cidade e nos munic\u00edpios rio abaixo. As inunda\u00e7\u00f5es j\u00e1 destru\u00edram casas, m\u00f3veis e objetos pessoais de in\u00fameras pessoas. S\u00f3 na \u00faltima grande enchente do Rio Muria\u00e9,\" \/>\n\t\t<meta property=\"og:url\" content=\"https:\/\/anoticiaonline.com.br\/site\/ambientalistas\/\" \/>\n\t\t<meta property=\"og:image\" content=\"https:\/\/scontent-gig4-1.xx.fbcdn.net\/v\/t39.30808-1\/270437624_4564083193639691_6907940295614233970_n.jpg?stp=dst-jpg_s200x200_tt6&#038;_nc_cat=111&#038;ccb=1-7&#038;_nc_sid=f907e8&#038;_nc_ohc=SM1wRlP3lJwQ7kNvwEPuBYA&#038;_nc_oc=AdnqrjDN_BNjSSHWO-GbkIWH6fkGMLw4bqvL_NH6e2wMveX7G-rP2dAqsDSq1mJMOaY&#038;_nc_zt=24&#038;_nc_ht=scontent-gig4-1.xx&#038;_nc_gid=AoBFJeGrT1hVaew_6rchkQ&#038;oh=00_AfX7QmFGhQhG2jAllVgXCiM1ZrWgvtp80-Bfppyexh1QEg&#038;oe=689E923C\" \/>\n\t\t<meta property=\"og:image:secure_url\" content=\"https:\/\/scontent-gig4-1.xx.fbcdn.net\/v\/t39.30808-1\/270437624_4564083193639691_6907940295614233970_n.jpg?stp=dst-jpg_s200x200_tt6&#038;_nc_cat=111&#038;ccb=1-7&#038;_nc_sid=f907e8&#038;_nc_ohc=SM1wRlP3lJwQ7kNvwEPuBYA&#038;_nc_oc=AdnqrjDN_BNjSSHWO-GbkIWH6fkGMLw4bqvL_NH6e2wMveX7G-rP2dAqsDSq1mJMOaY&#038;_nc_zt=24&#038;_nc_ht=scontent-gig4-1.xx&#038;_nc_gid=AoBFJeGrT1hVaew_6rchkQ&#038;oh=00_AfX7QmFGhQhG2jAllVgXCiM1ZrWgvtp80-Bfppyexh1QEg&#038;oe=689E923C\" \/>\n\t\t<meta property=\"article:published_time\" content=\"2017-03-02T23:53:27+00:00\" \/>\n\t\t<meta property=\"article:modified_time\" content=\"2017-03-02T23:53:27+00:00\" \/>\n\t\t<meta name=\"twitter:card\" content=\"summary_large_image\" \/>\n\t\t<meta name=\"twitter:title\" content=\"Ambientalistas - A Not\u00edcia Online\" \/>\n\t\t<meta name=\"twitter:description\" content=\"E as obras para a conten\u00e7\u00e3o das enchentes do Rio Muria\u00e9 n\u00e3o sa\u00edram e n\u00e3o sair\u00e3o nunca. As enchentes do nosso rio j\u00e1 causaram milhares de v\u00edtimas em nossa cidade e nos munic\u00edpios rio abaixo. As inunda\u00e7\u00f5es j\u00e1 destru\u00edram casas, m\u00f3veis e objetos pessoais de in\u00fameras pessoas. S\u00f3 na \u00faltima grande enchente do Rio Muria\u00e9,\" \/>\n\t\t<meta name=\"twitter:image\" content=\"https:\/\/scontent-gig4-1.xx.fbcdn.net\/v\/t39.30808-1\/270437624_4564083193639691_6907940295614233970_n.jpg?stp=dst-jpg_s200x200_tt6&amp;_nc_cat=111&amp;ccb=1-7&amp;_nc_sid=f907e8&amp;_nc_ohc=SM1wRlP3lJwQ7kNvwEPuBYA&amp;_nc_oc=AdnqrjDN_BNjSSHWO-GbkIWH6fkGMLw4bqvL_NH6e2wMveX7G-rP2dAqsDSq1mJMOaY&amp;_nc_zt=24&amp;_nc_ht=scontent-gig4-1.xx&amp;_nc_gid=AoBFJeGrT1hVaew_6rchkQ&amp;oh=00_AfX7QmFGhQhG2jAllVgXCiM1ZrWgvtp80-Bfppyexh1QEg&amp;oe=689E923C\" \/>\n\t\t<script type=\"application\/ld+json\" class=\"aioseo-schema\">\n\t\t\t{\"@context\":\"https:\\\/\\\/schema.org\",\"@graph\":[{\"@type\":\"BlogPosting\",\"@id\":\"https:\\\/\\\/anoticiaonline.com.br\\\/site\\\/ambientalistas\\\/#blogposting\",\"name\":\"Ambientalistas - A Not\\u00edcia Online\",\"headline\":\"Ambientalistas\",\"author\":{\"@id\":\"https:\\\/\\\/anoticiaonline.com.br\\\/site\\\/author\\\/juliana\\\/#author\"},\"publisher\":{\"@id\":\"https:\\\/\\\/anoticiaonline.com.br\\\/site\\\/#organization\"},\"image\":{\"@type\":\"ImageObject\",\"url\":\"https:\\\/\\\/scontent-gig4-1.xx.fbcdn.net\\\/v\\\/t39.30808-1\\\/270437624_4564083193639691_6907940295614233970_n.jpg?stp=dst-jpg_s200x200_tt6&_nc_cat=111&ccb=1-7&_nc_sid=f907e8&_nc_ohc=SM1wRlP3lJwQ7kNvwEPuBYA&_nc_oc=AdnqrjDN_BNjSSHWO-GbkIWH6fkGMLw4bqvL_NH6e2wMveX7G-rP2dAqsDSq1mJMOaY&_nc_zt=24&_nc_ht=scontent-gig4-1.xx&_nc_gid=AoBFJeGrT1hVaew_6rchkQ&oh=00_AfX7QmFGhQhG2jAllVgXCiM1ZrWgvtp80-Bfppyexh1QEg&oe=689E923C\",\"@id\":\"https:\\\/\\\/anoticiaonline.com.br\\\/site\\\/#articleImage\"},\"datePublished\":\"2017-03-02T20:53:27-03:00\",\"dateModified\":\"2017-03-02T20:53:27-03:00\",\"inLanguage\":\"pt-BR\",\"mainEntityOfPage\":{\"@id\":\"https:\\\/\\\/anoticiaonline.com.br\\\/site\\\/ambientalistas\\\/#webpage\"},\"isPartOf\":{\"@id\":\"https:\\\/\\\/anoticiaonline.com.br\\\/site\\\/ambientalistas\\\/#webpage\"},\"articleSection\":\"Logos - Adellunar Marge\"},{\"@type\":\"BreadcrumbList\",\"@id\":\"https:\\\/\\\/anoticiaonline.com.br\\\/site\\\/ambientalistas\\\/#breadcrumblist\",\"itemListElement\":[{\"@type\":\"ListItem\",\"@id\":\"https:\\\/\\\/anoticiaonline.com.br\\\/site#listItem\",\"position\":1,\"name\":\"Home\",\"item\":\"https:\\\/\\\/anoticiaonline.com.br\\\/site\",\"nextItem\":{\"@type\":\"ListItem\",\"@id\":\"https:\\\/\\\/anoticiaonline.com.br\\\/site\\\/categoria\\\/colunistas\\\/#listItem\",\"name\":\"Colunistas\"}},{\"@type\":\"ListItem\",\"@id\":\"https:\\\/\\\/anoticiaonline.com.br\\\/site\\\/categoria\\\/colunistas\\\/#listItem\",\"position\":2,\"name\":\"Colunistas\",\"item\":\"https:\\\/\\\/anoticiaonline.com.br\\\/site\\\/categoria\\\/colunistas\\\/\",\"nextItem\":{\"@type\":\"ListItem\",\"@id\":\"https:\\\/\\\/anoticiaonline.com.br\\\/site\\\/categoria\\\/colunistas\\\/logos-adellunar-marge\\\/#listItem\",\"name\":\"Logos - Adellunar Marge\"},\"previousItem\":{\"@type\":\"ListItem\",\"@id\":\"https:\\\/\\\/anoticiaonline.com.br\\\/site#listItem\",\"name\":\"Home\"}},{\"@type\":\"ListItem\",\"@id\":\"https:\\\/\\\/anoticiaonline.com.br\\\/site\\\/categoria\\\/colunistas\\\/logos-adellunar-marge\\\/#listItem\",\"position\":3,\"name\":\"Logos - Adellunar Marge\",\"item\":\"https:\\\/\\\/anoticiaonline.com.br\\\/site\\\/categoria\\\/colunistas\\\/logos-adellunar-marge\\\/\",\"nextItem\":{\"@type\":\"ListItem\",\"@id\":\"https:\\\/\\\/anoticiaonline.com.br\\\/site\\\/ambientalistas\\\/#listItem\",\"name\":\"Ambientalistas\"},\"previousItem\":{\"@type\":\"ListItem\",\"@id\":\"https:\\\/\\\/anoticiaonline.com.br\\\/site\\\/categoria\\\/colunistas\\\/#listItem\",\"name\":\"Colunistas\"}},{\"@type\":\"ListItem\",\"@id\":\"https:\\\/\\\/anoticiaonline.com.br\\\/site\\\/ambientalistas\\\/#listItem\",\"position\":4,\"name\":\"Ambientalistas\",\"previousItem\":{\"@type\":\"ListItem\",\"@id\":\"https:\\\/\\\/anoticiaonline.com.br\\\/site\\\/categoria\\\/colunistas\\\/logos-adellunar-marge\\\/#listItem\",\"name\":\"Logos - Adellunar Marge\"}}]},{\"@type\":\"Organization\",\"@id\":\"https:\\\/\\\/anoticiaonline.com.br\\\/site\\\/#organization\",\"name\":\"A Not\\u00edcia Online\",\"description\":\"Noticias de Muria\\u00e9 e regi\\u00e3o\",\"url\":\"https:\\\/\\\/anoticiaonline.com.br\\\/site\\\/\",\"logo\":{\"@type\":\"ImageObject\",\"url\":\"https:\\\/\\\/scontent-gig4-1.xx.fbcdn.net\\\/v\\\/t39.30808-1\\\/270437624_4564083193639691_6907940295614233970_n.jpg?stp=dst-jpg_s200x200_tt6&_nc_cat=111&ccb=1-7&_nc_sid=f907e8&_nc_ohc=SM1wRlP3lJwQ7kNvwEPuBYA&_nc_oc=AdnqrjDN_BNjSSHWO-GbkIWH6fkGMLw4bqvL_NH6e2wMveX7G-rP2dAqsDSq1mJMOaY&_nc_zt=24&_nc_ht=scontent-gig4-1.xx&_nc_gid=AoBFJeGrT1hVaew_6rchkQ&oh=00_AfX7QmFGhQhG2jAllVgXCiM1ZrWgvtp80-Bfppyexh1QEg&oe=689E923C\",\"@id\":\"https:\\\/\\\/anoticiaonline.com.br\\\/site\\\/ambientalistas\\\/#organizationLogo\"},\"image\":{\"@id\":\"https:\\\/\\\/anoticiaonline.com.br\\\/site\\\/ambientalistas\\\/#organizationLogo\"}},{\"@type\":\"Person\",\"@id\":\"https:\\\/\\\/anoticiaonline.com.br\\\/site\\\/author\\\/juliana\\\/#author\",\"url\":\"https:\\\/\\\/anoticiaonline.com.br\\\/site\\\/author\\\/juliana\\\/\",\"name\":\"Juliana Laviola\",\"image\":{\"@type\":\"ImageObject\",\"@id\":\"https:\\\/\\\/anoticiaonline.com.br\\\/site\\\/ambientalistas\\\/#authorImage\",\"url\":\"https:\\\/\\\/secure.gravatar.com\\\/avatar\\\/b8d45f5c699b100dfaf0e543582f38f38bf94cb7ae3a5e9abf8d891a34773335?s=96&d=mm&r=g\",\"width\":96,\"height\":96,\"caption\":\"Juliana Laviola\"}},{\"@type\":\"WebPage\",\"@id\":\"https:\\\/\\\/anoticiaonline.com.br\\\/site\\\/ambientalistas\\\/#webpage\",\"url\":\"https:\\\/\\\/anoticiaonline.com.br\\\/site\\\/ambientalistas\\\/\",\"name\":\"Ambientalistas - A Not\\u00edcia Online\",\"description\":\"E as obras para a conten\\u00e7\\u00e3o das enchentes do Rio Muria\\u00e9 n\\u00e3o sa\\u00edram e n\\u00e3o sair\\u00e3o nunca. As enchentes do nosso rio j\\u00e1 causaram milhares de v\\u00edtimas em nossa cidade e nos munic\\u00edpios rio abaixo. As inunda\\u00e7\\u00f5es j\\u00e1 destru\\u00edram casas, m\\u00f3veis e objetos pessoais de in\\u00fameras pessoas. S\\u00f3 na \\u00faltima grande enchente do Rio Muria\\u00e9,\",\"inLanguage\":\"pt-BR\",\"isPartOf\":{\"@id\":\"https:\\\/\\\/anoticiaonline.com.br\\\/site\\\/#website\"},\"breadcrumb\":{\"@id\":\"https:\\\/\\\/anoticiaonline.com.br\\\/site\\\/ambientalistas\\\/#breadcrumblist\"},\"author\":{\"@id\":\"https:\\\/\\\/anoticiaonline.com.br\\\/site\\\/author\\\/juliana\\\/#author\"},\"creator\":{\"@id\":\"https:\\\/\\\/anoticiaonline.com.br\\\/site\\\/author\\\/juliana\\\/#author\"},\"datePublished\":\"2017-03-02T20:53:27-03:00\",\"dateModified\":\"2017-03-02T20:53:27-03:00\"},{\"@type\":\"WebSite\",\"@id\":\"https:\\\/\\\/anoticiaonline.com.br\\\/site\\\/#website\",\"url\":\"https:\\\/\\\/anoticiaonline.com.br\\\/site\\\/\",\"name\":\"A Not\\u00edcia Online\",\"description\":\"Noticias de Muria\\u00e9 e regi\\u00e3o\",\"inLanguage\":\"pt-BR\",\"publisher\":{\"@id\":\"https:\\\/\\\/anoticiaonline.com.br\\\/site\\\/#organization\"}}]}\n\t\t<\/script>\n\t\t<!-- All in One SEO -->\n\n","aioseo_head_json":{"title":"Ambientalistas - A Not\u00edcia Online","description":"E as obras para a conten\u00e7\u00e3o das enchentes do Rio Muria\u00e9 n\u00e3o sa\u00edram e n\u00e3o sair\u00e3o nunca. As enchentes do nosso rio j\u00e1 causaram milhares de v\u00edtimas em nossa cidade e nos munic\u00edpios rio abaixo. As inunda\u00e7\u00f5es j\u00e1 destru\u00edram casas, m\u00f3veis e objetos pessoais de in\u00fameras pessoas. S\u00f3 na \u00faltima grande enchente do Rio Muria\u00e9,","canonical_url":"https:\/\/anoticiaonline.com.br\/site\/ambientalistas\/","robots":"max-image-preview:large","keywords":"","webmasterTools":{"miscellaneous":""},"schema":{"@context":"https:\/\/schema.org","@graph":[{"@type":"BlogPosting","@id":"https:\/\/anoticiaonline.com.br\/site\/ambientalistas\/#blogposting","name":"Ambientalistas - A Not\u00edcia Online","headline":"Ambientalistas","author":{"@id":"https:\/\/anoticiaonline.com.br\/site\/author\/juliana\/#author"},"publisher":{"@id":"https:\/\/anoticiaonline.com.br\/site\/#organization"},"image":{"@type":"ImageObject","url":"https:\/\/scontent-gig4-1.xx.fbcdn.net\/v\/t39.30808-1\/270437624_4564083193639691_6907940295614233970_n.jpg?stp=dst-jpg_s200x200_tt6&_nc_cat=111&ccb=1-7&_nc_sid=f907e8&_nc_ohc=SM1wRlP3lJwQ7kNvwEPuBYA&_nc_oc=AdnqrjDN_BNjSSHWO-GbkIWH6fkGMLw4bqvL_NH6e2wMveX7G-rP2dAqsDSq1mJMOaY&_nc_zt=24&_nc_ht=scontent-gig4-1.xx&_nc_gid=AoBFJeGrT1hVaew_6rchkQ&oh=00_AfX7QmFGhQhG2jAllVgXCiM1ZrWgvtp80-Bfppyexh1QEg&oe=689E923C","@id":"https:\/\/anoticiaonline.com.br\/site\/#articleImage"},"datePublished":"2017-03-02T20:53:27-03:00","dateModified":"2017-03-02T20:53:27-03:00","inLanguage":"pt-BR","mainEntityOfPage":{"@id":"https:\/\/anoticiaonline.com.br\/site\/ambientalistas\/#webpage"},"isPartOf":{"@id":"https:\/\/anoticiaonline.com.br\/site\/ambientalistas\/#webpage"},"articleSection":"Logos - Adellunar Marge"},{"@type":"BreadcrumbList","@id":"https:\/\/anoticiaonline.com.br\/site\/ambientalistas\/#breadcrumblist","itemListElement":[{"@type":"ListItem","@id":"https:\/\/anoticiaonline.com.br\/site#listItem","position":1,"name":"Home","item":"https:\/\/anoticiaonline.com.br\/site","nextItem":{"@type":"ListItem","@id":"https:\/\/anoticiaonline.com.br\/site\/categoria\/colunistas\/#listItem","name":"Colunistas"}},{"@type":"ListItem","@id":"https:\/\/anoticiaonline.com.br\/site\/categoria\/colunistas\/#listItem","position":2,"name":"Colunistas","item":"https:\/\/anoticiaonline.com.br\/site\/categoria\/colunistas\/","nextItem":{"@type":"ListItem","@id":"https:\/\/anoticiaonline.com.br\/site\/categoria\/colunistas\/logos-adellunar-marge\/#listItem","name":"Logos - Adellunar Marge"},"previousItem":{"@type":"ListItem","@id":"https:\/\/anoticiaonline.com.br\/site#listItem","name":"Home"}},{"@type":"ListItem","@id":"https:\/\/anoticiaonline.com.br\/site\/categoria\/colunistas\/logos-adellunar-marge\/#listItem","position":3,"name":"Logos - Adellunar Marge","item":"https:\/\/anoticiaonline.com.br\/site\/categoria\/colunistas\/logos-adellunar-marge\/","nextItem":{"@type":"ListItem","@id":"https:\/\/anoticiaonline.com.br\/site\/ambientalistas\/#listItem","name":"Ambientalistas"},"previousItem":{"@type":"ListItem","@id":"https:\/\/anoticiaonline.com.br\/site\/categoria\/colunistas\/#listItem","name":"Colunistas"}},{"@type":"ListItem","@id":"https:\/\/anoticiaonline.com.br\/site\/ambientalistas\/#listItem","position":4,"name":"Ambientalistas","previousItem":{"@type":"ListItem","@id":"https:\/\/anoticiaonline.com.br\/site\/categoria\/colunistas\/logos-adellunar-marge\/#listItem","name":"Logos - Adellunar Marge"}}]},{"@type":"Organization","@id":"https:\/\/anoticiaonline.com.br\/site\/#organization","name":"A Not\u00edcia Online","description":"Noticias de Muria\u00e9 e regi\u00e3o","url":"https:\/\/anoticiaonline.com.br\/site\/","logo":{"@type":"ImageObject","url":"https:\/\/scontent-gig4-1.xx.fbcdn.net\/v\/t39.30808-1\/270437624_4564083193639691_6907940295614233970_n.jpg?stp=dst-jpg_s200x200_tt6&_nc_cat=111&ccb=1-7&_nc_sid=f907e8&_nc_ohc=SM1wRlP3lJwQ7kNvwEPuBYA&_nc_oc=AdnqrjDN_BNjSSHWO-GbkIWH6fkGMLw4bqvL_NH6e2wMveX7G-rP2dAqsDSq1mJMOaY&_nc_zt=24&_nc_ht=scontent-gig4-1.xx&_nc_gid=AoBFJeGrT1hVaew_6rchkQ&oh=00_AfX7QmFGhQhG2jAllVgXCiM1ZrWgvtp80-Bfppyexh1QEg&oe=689E923C","@id":"https:\/\/anoticiaonline.com.br\/site\/ambientalistas\/#organizationLogo"},"image":{"@id":"https:\/\/anoticiaonline.com.br\/site\/ambientalistas\/#organizationLogo"}},{"@type":"Person","@id":"https:\/\/anoticiaonline.com.br\/site\/author\/juliana\/#author","url":"https:\/\/anoticiaonline.com.br\/site\/author\/juliana\/","name":"Juliana Laviola","image":{"@type":"ImageObject","@id":"https:\/\/anoticiaonline.com.br\/site\/ambientalistas\/#authorImage","url":"https:\/\/secure.gravatar.com\/avatar\/b8d45f5c699b100dfaf0e543582f38f38bf94cb7ae3a5e9abf8d891a34773335?s=96&d=mm&r=g","width":96,"height":96,"caption":"Juliana Laviola"}},{"@type":"WebPage","@id":"https:\/\/anoticiaonline.com.br\/site\/ambientalistas\/#webpage","url":"https:\/\/anoticiaonline.com.br\/site\/ambientalistas\/","name":"Ambientalistas - A Not\u00edcia Online","description":"E as obras para a conten\u00e7\u00e3o das enchentes do Rio Muria\u00e9 n\u00e3o sa\u00edram e n\u00e3o sair\u00e3o nunca. As enchentes do nosso rio j\u00e1 causaram milhares de v\u00edtimas em nossa cidade e nos munic\u00edpios rio abaixo. As inunda\u00e7\u00f5es j\u00e1 destru\u00edram casas, m\u00f3veis e objetos pessoais de in\u00fameras pessoas. S\u00f3 na \u00faltima grande enchente do Rio Muria\u00e9,","inLanguage":"pt-BR","isPartOf":{"@id":"https:\/\/anoticiaonline.com.br\/site\/#website"},"breadcrumb":{"@id":"https:\/\/anoticiaonline.com.br\/site\/ambientalistas\/#breadcrumblist"},"author":{"@id":"https:\/\/anoticiaonline.com.br\/site\/author\/juliana\/#author"},"creator":{"@id":"https:\/\/anoticiaonline.com.br\/site\/author\/juliana\/#author"},"datePublished":"2017-03-02T20:53:27-03:00","dateModified":"2017-03-02T20:53:27-03:00"},{"@type":"WebSite","@id":"https:\/\/anoticiaonline.com.br\/site\/#website","url":"https:\/\/anoticiaonline.com.br\/site\/","name":"A Not\u00edcia Online","description":"Noticias de Muria\u00e9 e regi\u00e3o","inLanguage":"pt-BR","publisher":{"@id":"https:\/\/anoticiaonline.com.br\/site\/#organization"}}]},"og:locale":"pt_BR","og:site_name":"A Not\u00edcia Online - Noticias de Muria\u00e9 e regi\u00e3o","og:type":"article","og:title":"Ambientalistas - A Not\u00edcia Online","og:description":"E as obras para a conten\u00e7\u00e3o das enchentes do Rio Muria\u00e9 n\u00e3o sa\u00edram e n\u00e3o sair\u00e3o nunca. As enchentes do nosso rio j\u00e1 causaram milhares de v\u00edtimas em nossa cidade e nos munic\u00edpios rio abaixo. As inunda\u00e7\u00f5es j\u00e1 destru\u00edram casas, m\u00f3veis e objetos pessoais de in\u00fameras pessoas. S\u00f3 na \u00faltima grande enchente do Rio Muria\u00e9,","og:url":"https:\/\/anoticiaonline.com.br\/site\/ambientalistas\/","og:image":"https:\/\/scontent-gig4-1.xx.fbcdn.net\/v\/t39.30808-1\/270437624_4564083193639691_6907940295614233970_n.jpg?stp=dst-jpg_s200x200_tt6&#038;_nc_cat=111&#038;ccb=1-7&#038;_nc_sid=f907e8&#038;_nc_ohc=SM1wRlP3lJwQ7kNvwEPuBYA&#038;_nc_oc=AdnqrjDN_BNjSSHWO-GbkIWH6fkGMLw4bqvL_NH6e2wMveX7G-rP2dAqsDSq1mJMOaY&#038;_nc_zt=24&#038;_nc_ht=scontent-gig4-1.xx&#038;_nc_gid=AoBFJeGrT1hVaew_6rchkQ&#038;oh=00_AfX7QmFGhQhG2jAllVgXCiM1ZrWgvtp80-Bfppyexh1QEg&#038;oe=689E923C","og:image:secure_url":"https:\/\/scontent-gig4-1.xx.fbcdn.net\/v\/t39.30808-1\/270437624_4564083193639691_6907940295614233970_n.jpg?stp=dst-jpg_s200x200_tt6&#038;_nc_cat=111&#038;ccb=1-7&#038;_nc_sid=f907e8&#038;_nc_ohc=SM1wRlP3lJwQ7kNvwEPuBYA&#038;_nc_oc=AdnqrjDN_BNjSSHWO-GbkIWH6fkGMLw4bqvL_NH6e2wMveX7G-rP2dAqsDSq1mJMOaY&#038;_nc_zt=24&#038;_nc_ht=scontent-gig4-1.xx&#038;_nc_gid=AoBFJeGrT1hVaew_6rchkQ&#038;oh=00_AfX7QmFGhQhG2jAllVgXCiM1ZrWgvtp80-Bfppyexh1QEg&#038;oe=689E923C","article:published_time":"2017-03-02T23:53:27+00:00","article:modified_time":"2017-03-02T23:53:27+00:00","twitter:card":"summary_large_image","twitter:title":"Ambientalistas - A Not\u00edcia Online","twitter:description":"E as obras para a conten\u00e7\u00e3o das enchentes do Rio Muria\u00e9 n\u00e3o sa\u00edram e n\u00e3o sair\u00e3o nunca. As enchentes do nosso rio j\u00e1 causaram milhares de v\u00edtimas em nossa cidade e nos munic\u00edpios rio abaixo. As inunda\u00e7\u00f5es j\u00e1 destru\u00edram casas, m\u00f3veis e objetos pessoais de in\u00fameras pessoas. S\u00f3 na \u00faltima grande enchente do Rio Muria\u00e9,","twitter:image":"https:\/\/scontent-gig4-1.xx.fbcdn.net\/v\/t39.30808-1\/270437624_4564083193639691_6907940295614233970_n.jpg?stp=dst-jpg_s200x200_tt6&_nc_cat=111&ccb=1-7&_nc_sid=f907e8&_nc_ohc=SM1wRlP3lJwQ7kNvwEPuBYA&_nc_oc=AdnqrjDN_BNjSSHWO-GbkIWH6fkGMLw4bqvL_NH6e2wMveX7G-rP2dAqsDSq1mJMOaY&_nc_zt=24&_nc_ht=scontent-gig4-1.xx&_nc_gid=AoBFJeGrT1hVaew_6rchkQ&oh=00_AfX7QmFGhQhG2jAllVgXCiM1ZrWgvtp80-Bfppyexh1QEg&oe=689E923C"},"aioseo_meta_data":{"post_id":"25416","title":null,"description":null,"keywords":null,"keyphrases":null,"primary_term":null,"canonical_url":null,"og_title":null,"og_description":null,"og_object_type":"default","og_image_type":"default","og_image_url":null,"og_image_width":null,"og_image_height":null,"og_image_custom_url":null,"og_image_custom_fields":null,"og_video":null,"og_custom_url":null,"og_article_section":null,"og_article_tags":null,"twitter_use_og":false,"twitter_card":"default","twitter_image_type":"default","twitter_image_url":null,"twitter_image_custom_url":null,"twitter_image_custom_fields":null,"twitter_title":null,"twitter_description":null,"schema":{"blockGraphs":[],"customGraphs":[],"default":{"data":{"Article":[],"Course":[],"Dataset":[],"FAQPage":[],"Movie":[],"Person":[],"Product":[],"ProductReview":[],"Car":[],"Recipe":[],"Service":[],"SoftwareApplication":[],"WebPage":[]},"graphName":"","isEnabled":true},"graphs":[]},"schema_type":"default","schema_type_options":null,"pillar_content":false,"robots_default":true,"robots_noindex":false,"robots_noarchive":false,"robots_nosnippet":false,"robots_nofollow":false,"robots_noimageindex":false,"robots_noodp":false,"robots_notranslate":false,"robots_max_snippet":null,"robots_max_videopreview":null,"robots_max_imagepreview":"large","priority":null,"frequency":null,"local_seo":null,"breadcrumb_settings":null,"limit_modified_date":false,"ai":null,"created":"2025-08-16 17:52:20","updated":"2025-08-16 17:52:20","focus_keyword":null,"additional_keywords":null,"truseo_locale":null,"seo_analyzer_scan_date":null},"aioseo_breadcrumb":"<div class=\"aioseo-breadcrumbs\"><span class=\"aioseo-breadcrumb\">\n\t\t\t<a href=\"https:\/\/anoticiaonline.com.br\/site\" title=\"Home\">Home<\/a>\n\t\t<\/span><span class=\"aioseo-breadcrumb-separator\">&raquo;<\/span><span class=\"aioseo-breadcrumb\">\n\t\t\t<a href=\"https:\/\/anoticiaonline.com.br\/site\/categoria\/colunistas\/\" title=\"Colunistas\">Colunistas<\/a>\n\t\t<\/span><span class=\"aioseo-breadcrumb-separator\">&raquo;<\/span><span class=\"aioseo-breadcrumb\">\n\t\t\t<a href=\"https:\/\/anoticiaonline.com.br\/site\/categoria\/colunistas\/logos-adellunar-marge\/\" title=\"Logos - Adellunar Marge\">Logos - Adellunar Marge<\/a>\n\t\t<\/span><span class=\"aioseo-breadcrumb-separator\">&raquo;<\/span><span class=\"aioseo-breadcrumb\">\n\t\t\tAmbientalistas\n\t\t<\/span><\/div>","aioseo_breadcrumb_json":[{"label":"Home","link":"https:\/\/anoticiaonline.com.br\/site"},{"label":"Colunistas","link":"https:\/\/anoticiaonline.com.br\/site\/categoria\/colunistas\/"},{"label":"Logos - Adellunar Marge","link":"https:\/\/anoticiaonline.com.br\/site\/categoria\/colunistas\/logos-adellunar-marge\/"},{"label":"Ambientalistas","link":"https:\/\/anoticiaonline.com.br\/site\/ambientalistas\/"}],"views":125,"_links":{"self":[{"href":"https:\/\/anoticiaonline.com.br\/site\/wp-json\/wp\/v2\/posts\/25416","targetHints":{"allow":["GET"]}}],"collection":[{"href":"https:\/\/anoticiaonline.com.br\/site\/wp-json\/wp\/v2\/posts"}],"about":[{"href":"https:\/\/anoticiaonline.com.br\/site\/wp-json\/wp\/v2\/types\/post"}],"author":[{"embeddable":true,"href":"https:\/\/anoticiaonline.com.br\/site\/wp-json\/wp\/v2\/users\/2"}],"replies":[{"embeddable":true,"href":"https:\/\/anoticiaonline.com.br\/site\/wp-json\/wp\/v2\/comments?post=25416"}],"version-history":[{"count":0,"href":"https:\/\/anoticiaonline.com.br\/site\/wp-json\/wp\/v2\/posts\/25416\/revisions"}],"wp:attachment":[{"href":"https:\/\/anoticiaonline.com.br\/site\/wp-json\/wp\/v2\/media?parent=25416"}],"wp:term":[{"taxonomy":"category","embeddable":true,"href":"https:\/\/anoticiaonline.com.br\/site\/wp-json\/wp\/v2\/categories?post=25416"},{"taxonomy":"post_tag","embeddable":true,"href":"https:\/\/anoticiaonline.com.br\/site\/wp-json\/wp\/v2\/tags?post=25416"}],"curies":[{"name":"wp","href":"https:\/\/api.w.org\/{rel}","templated":true}]}}