{"id":25260,"date":"2017-03-01T09:34:18","date_gmt":"2017-03-01T12:34:18","guid":{"rendered":"http:\/\/anoticiaonline.com.br\/site\/?p=25260"},"modified":"2017-03-01T09:41:59","modified_gmt":"2017-03-01T12:41:59","slug":"maior-evento-de-food-truck-do-pais-ira-desembarcar-em-muriae","status":"publish","type":"post","link":"https:\/\/anoticiaonline.com.br\/site\/maior-evento-de-food-truck-do-pais-ira-desembarcar-em-muriae\/","title":{"rendered":"Maior evento de Food Truck do pa\u00eds ir\u00e1 desembarcar em Muria\u00e9"},"content":{"rendered":"<p><a href=\"https:\/\/anoticiaonline.com.br\/site\/wp-content\/uploads\/2017\/03\/Maior-evento-de-Food-Truck-do-pa\u00eds-ir\u00e1-desembarcar-em-Muria\u00e9.jpg\"><img fetchpriority=\"high\" decoding=\"async\" class=\" size-medium wp-image-25261 alignleft\" src=\"https:\/\/anoticiaonline.com.br\/site\/wp-content\/uploads\/2017\/03\/Maior-evento-de-Food-Truck-do-pa\u00eds-ir\u00e1-desembarcar-em-Muria\u00e9-300x171.jpg\" alt=\"Maior evento de Food Truck do pa\u00eds ir\u00e1 desembarcar em Muria\u00e9\" width=\"300\" height=\"171\" srcset=\"https:\/\/anoticiaonline.com.br\/site\/wp-content\/uploads\/2017\/03\/Maior-evento-de-Food-Truck-do-pa\u00eds-ir\u00e1-desembarcar-em-Muria\u00e9-300x171.jpg 300w, https:\/\/anoticiaonline.com.br\/site\/wp-content\/uploads\/2017\/03\/Maior-evento-de-Food-Truck-do-pa\u00eds-ir\u00e1-desembarcar-em-Muria\u00e9.jpg 600w\" sizes=\"(max-width: 300px) 100vw, 300px\" \/><\/a>O maior evento de Food Truck do pa\u00eds chega a Muria\u00e9. Nos dias 10, 11 e 12 deste m\u00eas (sexta a domingo), os melhores Food Trucks e Bikes de todo o Brasil v\u00e3o desembarcar na Pra\u00e7a Coronel Pacheco de Medeiros, Centro.<\/p>\n<p>Um fen\u00f4meno muito popular nos Estados Unidos, o Food Truck, ou \u201ccaminh\u00e3o de comida\u201d, \u00e9 um ve\u00edculo adaptado que transporta e vende alimentos, uma esp\u00e9cie de lanchonete sobre rodas. Alguns vendem comidas espec\u00edficas e s\u00e3o cada vez mais comuns nas grandes cidades.<\/p>\n<p>Dez Food Trucks especializados em cervejas artesanais e gastronomia estar\u00e3o presentes no evento em Muria\u00e9.<\/p>\n<p>Na sexta (10), o evento come\u00e7a a partir das 17. J\u00e1 no s\u00e1bado (11) e no domingo (12), o evento acontecer\u00e1 entre 12h e 22h &#8211; a venda de fichas se dar\u00e1 at\u00e9 \u00e0s 21h.<\/p>\n<p>A entrada \u00e9 gratuita, por\u00e9m menores de 18 anos s\u00f3 entram acompanhados pelos respons\u00e1veis.<\/p>\n","protected":false},"excerpt":{"rendered":"<p>O maior evento de Food Truck do pa\u00eds chega a Muria\u00e9. Nos dias 10, 11 e 12 deste m\u00eas (sexta a domingo), os melhores Food Trucks e Bikes de todo o Brasil v\u00e3o desembarcar na Pra\u00e7a Coronel Pacheco de Medeiros, Centro. Um fen\u00f4meno muito popular nos Estados Unidos, o Food Truck, ou \u201ccaminh\u00e3o de comida\u201d, &#8230; <a title=\"Maior evento de Food Truck do pa\u00eds ir\u00e1 desembarcar em Muria\u00e9\" class=\"read-more\" href=\"https:\/\/anoticiaonline.com.br\/site\/maior-evento-de-food-truck-do-pais-ira-desembarcar-em-muriae\/\" aria-label=\"Read more about Maior evento de Food Truck do pa\u00eds ir\u00e1 desembarcar em Muria\u00e9\">Ler mais<\/a><\/p>\n","protected":false},"author":2,"featured_media":25261,"comment_status":"open","ping_status":"open","sticky":false,"template":"","format":"standard","meta":{"_acf_changed":false,"_monsterinsights_skip_tracking":false,"footnotes":""},"categories":[24],"tags":[3],"class_list":["post-25260","post","type-post","status-publish","format-standard","has-post-thumbnail","hentry","category-eventos","tag-slide"],"acf":[],"aioseo_notices":[],"aioseo_head":"\n\t\t<!-- All in One SEO 5.0.0.1 - aioseo.com -->\n\t<meta name=\"description\" content=\"O maior evento de Food Truck do pa\u00eds chega a Muria\u00e9. Nos dias 10, 11 e 12 deste m\u00eas (sexta a domingo), os melhores Food Trucks e Bikes de todo o Brasil v\u00e3o desembarcar na Pra\u00e7a Coronel Pacheco de Medeiros, Centro. Um fen\u00f4meno muito popular nos Estados Unidos, o Food Truck, ou \u201ccaminh\u00e3o de comida\u201d,\" \/>\n\t<meta name=\"robots\" content=\"max-image-preview:large\" \/>\n\t<meta name=\"author\" content=\"Juliana Laviola\"\/>\n\t<link rel=\"canonical\" href=\"https:\/\/anoticiaonline.com.br\/site\/maior-evento-de-food-truck-do-pais-ira-desembarcar-em-muriae\/\" \/>\n\t<meta name=\"generator\" content=\"All in One SEO (AIOSEO) 5.0.0.1\" \/>\n\t\t<meta property=\"og:locale\" content=\"pt_BR\" \/>\n\t\t<meta property=\"og:site_name\" content=\"A Not\u00edcia Online - Noticias de Muria\u00e9 e regi\u00e3o\" \/>\n\t\t<meta property=\"og:type\" content=\"article\" \/>\n\t\t<meta property=\"og:title\" content=\"Maior evento de Food Truck do pa\u00eds ir\u00e1 desembarcar em Muria\u00e9 - A Not\u00edcia Online\" \/>\n\t\t<meta property=\"og:description\" content=\"O maior evento de Food Truck do pa\u00eds chega a Muria\u00e9. Nos dias 10, 11 e 12 deste m\u00eas (sexta a domingo), os melhores Food Trucks e Bikes de todo o Brasil v\u00e3o desembarcar na Pra\u00e7a Coronel Pacheco de Medeiros, Centro. Um fen\u00f4meno muito popular nos Estados Unidos, o Food Truck, ou \u201ccaminh\u00e3o de comida\u201d,\" \/>\n\t\t<meta property=\"og:url\" content=\"https:\/\/anoticiaonline.com.br\/site\/maior-evento-de-food-truck-do-pais-ira-desembarcar-em-muriae\/\" \/>\n\t\t<meta property=\"og:image\" content=\"https:\/\/scontent-gig4-1.xx.fbcdn.net\/v\/t39.30808-1\/270437624_4564083193639691_6907940295614233970_n.jpg?stp=dst-jpg_s200x200_tt6&#038;_nc_cat=111&#038;ccb=1-7&#038;_nc_sid=f907e8&#038;_nc_ohc=SM1wRlP3lJwQ7kNvwEPuBYA&#038;_nc_oc=AdnqrjDN_BNjSSHWO-GbkIWH6fkGMLw4bqvL_NH6e2wMveX7G-rP2dAqsDSq1mJMOaY&#038;_nc_zt=24&#038;_nc_ht=scontent-gig4-1.xx&#038;_nc_gid=AoBFJeGrT1hVaew_6rchkQ&#038;oh=00_AfX7QmFGhQhG2jAllVgXCiM1ZrWgvtp80-Bfppyexh1QEg&#038;oe=689E923C\" \/>\n\t\t<meta property=\"og:image:secure_url\" content=\"https:\/\/scontent-gig4-1.xx.fbcdn.net\/v\/t39.30808-1\/270437624_4564083193639691_6907940295614233970_n.jpg?stp=dst-jpg_s200x200_tt6&#038;_nc_cat=111&#038;ccb=1-7&#038;_nc_sid=f907e8&#038;_nc_ohc=SM1wRlP3lJwQ7kNvwEPuBYA&#038;_nc_oc=AdnqrjDN_BNjSSHWO-GbkIWH6fkGMLw4bqvL_NH6e2wMveX7G-rP2dAqsDSq1mJMOaY&#038;_nc_zt=24&#038;_nc_ht=scontent-gig4-1.xx&#038;_nc_gid=AoBFJeGrT1hVaew_6rchkQ&#038;oh=00_AfX7QmFGhQhG2jAllVgXCiM1ZrWgvtp80-Bfppyexh1QEg&#038;oe=689E923C\" \/>\n\t\t<meta property=\"article:published_time\" content=\"2017-03-01T12:34:18+00:00\" \/>\n\t\t<meta property=\"article:modified_time\" content=\"2017-03-01T12:41:59+00:00\" \/>\n\t\t<meta name=\"twitter:card\" content=\"summary_large_image\" \/>\n\t\t<meta name=\"twitter:title\" content=\"Maior evento de Food Truck do pa\u00eds ir\u00e1 desembarcar em Muria\u00e9 - A Not\u00edcia Online\" \/>\n\t\t<meta name=\"twitter:description\" content=\"O maior evento de Food Truck do pa\u00eds chega a Muria\u00e9. Nos dias 10, 11 e 12 deste m\u00eas (sexta a domingo), os melhores Food Trucks e Bikes de todo o Brasil v\u00e3o desembarcar na Pra\u00e7a Coronel Pacheco de Medeiros, Centro. Um fen\u00f4meno muito popular nos Estados Unidos, o Food Truck, ou \u201ccaminh\u00e3o de comida\u201d,\" \/>\n\t\t<meta name=\"twitter:image\" content=\"https:\/\/scontent-gig4-1.xx.fbcdn.net\/v\/t39.30808-1\/270437624_4564083193639691_6907940295614233970_n.jpg?stp=dst-jpg_s200x200_tt6&amp;_nc_cat=111&amp;ccb=1-7&amp;_nc_sid=f907e8&amp;_nc_ohc=SM1wRlP3lJwQ7kNvwEPuBYA&amp;_nc_oc=AdnqrjDN_BNjSSHWO-GbkIWH6fkGMLw4bqvL_NH6e2wMveX7G-rP2dAqsDSq1mJMOaY&amp;_nc_zt=24&amp;_nc_ht=scontent-gig4-1.xx&amp;_nc_gid=AoBFJeGrT1hVaew_6rchkQ&amp;oh=00_AfX7QmFGhQhG2jAllVgXCiM1ZrWgvtp80-Bfppyexh1QEg&amp;oe=689E923C\" \/>\n\t\t<script type=\"application\/ld+json\" class=\"aioseo-schema\">\n\t\t\t{\"@context\":\"https:\\\/\\\/schema.org\",\"@graph\":[{\"@type\":\"BlogPosting\",\"@id\":\"https:\\\/\\\/anoticiaonline.com.br\\\/site\\\/maior-evento-de-food-truck-do-pais-ira-desembarcar-em-muriae\\\/#blogposting\",\"name\":\"Maior evento de Food Truck do pa\\u00eds ir\\u00e1 desembarcar em Muria\\u00e9 - A Not\\u00edcia Online\",\"headline\":\"Maior evento de Food Truck do pa\\u00eds ir\\u00e1 desembarcar em Muria\\u00e9\",\"author\":{\"@id\":\"https:\\\/\\\/anoticiaonline.com.br\\\/site\\\/author\\\/juliana\\\/#author\"},\"publisher\":{\"@id\":\"https:\\\/\\\/anoticiaonline.com.br\\\/site\\\/#organization\"},\"image\":{\"@type\":\"ImageObject\",\"url\":\"https:\\\/\\\/anoticiaonline.com.br\\\/site\\\/wp-content\\\/uploads\\\/2017\\\/03\\\/Maior-evento-de-Food-Truck-do-pa\\u00eds-ir\\u00e1-desembarcar-em-Muria\\u00e9.jpg\",\"width\":600,\"height\":341},\"datePublished\":\"2017-03-01T09:34:18-03:00\",\"dateModified\":\"2017-03-01T09:41:59-03:00\",\"inLanguage\":\"pt-BR\",\"mainEntityOfPage\":{\"@id\":\"https:\\\/\\\/anoticiaonline.com.br\\\/site\\\/maior-evento-de-food-truck-do-pais-ira-desembarcar-em-muriae\\\/#webpage\"},\"isPartOf\":{\"@id\":\"https:\\\/\\\/anoticiaonline.com.br\\\/site\\\/maior-evento-de-food-truck-do-pais-ira-desembarcar-em-muriae\\\/#webpage\"},\"articleSection\":\"Eventos, slide\"},{\"@type\":\"BreadcrumbList\",\"@id\":\"https:\\\/\\\/anoticiaonline.com.br\\\/site\\\/maior-evento-de-food-truck-do-pais-ira-desembarcar-em-muriae\\\/#breadcrumblist\",\"itemListElement\":[{\"@type\":\"ListItem\",\"@id\":\"https:\\\/\\\/anoticiaonline.com.br\\\/site#listItem\",\"position\":1,\"name\":\"Home\",\"item\":\"https:\\\/\\\/anoticiaonline.com.br\\\/site\",\"nextItem\":{\"@type\":\"ListItem\",\"@id\":\"https:\\\/\\\/anoticiaonline.com.br\\\/site\\\/categoria\\\/eventos\\\/#listItem\",\"name\":\"Eventos\"}},{\"@type\":\"ListItem\",\"@id\":\"https:\\\/\\\/anoticiaonline.com.br\\\/site\\\/categoria\\\/eventos\\\/#listItem\",\"position\":2,\"name\":\"Eventos\",\"item\":\"https:\\\/\\\/anoticiaonline.com.br\\\/site\\\/categoria\\\/eventos\\\/\",\"nextItem\":{\"@type\":\"ListItem\",\"@id\":\"https:\\\/\\\/anoticiaonline.com.br\\\/site\\\/maior-evento-de-food-truck-do-pais-ira-desembarcar-em-muriae\\\/#listItem\",\"name\":\"Maior evento de Food Truck do pa\\u00eds ir\\u00e1 desembarcar em Muria\\u00e9\"},\"previousItem\":{\"@type\":\"ListItem\",\"@id\":\"https:\\\/\\\/anoticiaonline.com.br\\\/site#listItem\",\"name\":\"Home\"}},{\"@type\":\"ListItem\",\"@id\":\"https:\\\/\\\/anoticiaonline.com.br\\\/site\\\/maior-evento-de-food-truck-do-pais-ira-desembarcar-em-muriae\\\/#listItem\",\"position\":3,\"name\":\"Maior evento de Food Truck do pa\\u00eds ir\\u00e1 desembarcar em Muria\\u00e9\",\"previousItem\":{\"@type\":\"ListItem\",\"@id\":\"https:\\\/\\\/anoticiaonline.com.br\\\/site\\\/categoria\\\/eventos\\\/#listItem\",\"name\":\"Eventos\"}}]},{\"@type\":\"Organization\",\"@id\":\"https:\\\/\\\/anoticiaonline.com.br\\\/site\\\/#organization\",\"name\":\"A Not\\u00edcia Online\",\"description\":\"Noticias de Muria\\u00e9 e regi\\u00e3o\",\"url\":\"https:\\\/\\\/anoticiaonline.com.br\\\/site\\\/\",\"logo\":{\"@type\":\"ImageObject\",\"url\":\"https:\\\/\\\/scontent-gig4-1.xx.fbcdn.net\\\/v\\\/t39.30808-1\\\/270437624_4564083193639691_6907940295614233970_n.jpg?stp=dst-jpg_s200x200_tt6&_nc_cat=111&ccb=1-7&_nc_sid=f907e8&_nc_ohc=SM1wRlP3lJwQ7kNvwEPuBYA&_nc_oc=AdnqrjDN_BNjSSHWO-GbkIWH6fkGMLw4bqvL_NH6e2wMveX7G-rP2dAqsDSq1mJMOaY&_nc_zt=24&_nc_ht=scontent-gig4-1.xx&_nc_gid=AoBFJeGrT1hVaew_6rchkQ&oh=00_AfX7QmFGhQhG2jAllVgXCiM1ZrWgvtp80-Bfppyexh1QEg&oe=689E923C\",\"@id\":\"https:\\\/\\\/anoticiaonline.com.br\\\/site\\\/maior-evento-de-food-truck-do-pais-ira-desembarcar-em-muriae\\\/#organizationLogo\"},\"image\":{\"@id\":\"https:\\\/\\\/anoticiaonline.com.br\\\/site\\\/maior-evento-de-food-truck-do-pais-ira-desembarcar-em-muriae\\\/#organizationLogo\"}},{\"@type\":\"Person\",\"@id\":\"https:\\\/\\\/anoticiaonline.com.br\\\/site\\\/author\\\/juliana\\\/#author\",\"url\":\"https:\\\/\\\/anoticiaonline.com.br\\\/site\\\/author\\\/juliana\\\/\",\"name\":\"Juliana Laviola\",\"image\":{\"@type\":\"ImageObject\",\"@id\":\"https:\\\/\\\/anoticiaonline.com.br\\\/site\\\/maior-evento-de-food-truck-do-pais-ira-desembarcar-em-muriae\\\/#authorImage\",\"url\":\"https:\\\/\\\/secure.gravatar.com\\\/avatar\\\/b8d45f5c699b100dfaf0e543582f38f38bf94cb7ae3a5e9abf8d891a34773335?s=96&d=mm&r=g\",\"width\":96,\"height\":96,\"caption\":\"Juliana Laviola\"}},{\"@type\":\"WebPage\",\"@id\":\"https:\\\/\\\/anoticiaonline.com.br\\\/site\\\/maior-evento-de-food-truck-do-pais-ira-desembarcar-em-muriae\\\/#webpage\",\"url\":\"https:\\\/\\\/anoticiaonline.com.br\\\/site\\\/maior-evento-de-food-truck-do-pais-ira-desembarcar-em-muriae\\\/\",\"name\":\"Maior evento de Food Truck do pa\\u00eds ir\\u00e1 desembarcar em Muria\\u00e9 - A Not\\u00edcia Online\",\"description\":\"O maior evento de Food Truck do pa\\u00eds chega a Muria\\u00e9. Nos dias 10, 11 e 12 deste m\\u00eas (sexta a domingo), os melhores Food Trucks e Bikes de todo o Brasil v\\u00e3o desembarcar na Pra\\u00e7a Coronel Pacheco de Medeiros, Centro. Um fen\\u00f4meno muito popular nos Estados Unidos, o Food Truck, ou \\u201ccaminh\\u00e3o de comida\\u201d,\",\"inLanguage\":\"pt-BR\",\"isPartOf\":{\"@id\":\"https:\\\/\\\/anoticiaonline.com.br\\\/site\\\/#website\"},\"breadcrumb\":{\"@id\":\"https:\\\/\\\/anoticiaonline.com.br\\\/site\\\/maior-evento-de-food-truck-do-pais-ira-desembarcar-em-muriae\\\/#breadcrumblist\"},\"author\":{\"@id\":\"https:\\\/\\\/anoticiaonline.com.br\\\/site\\\/author\\\/juliana\\\/#author\"},\"creator\":{\"@id\":\"https:\\\/\\\/anoticiaonline.com.br\\\/site\\\/author\\\/juliana\\\/#author\"},\"image\":{\"@type\":\"ImageObject\",\"url\":\"https:\\\/\\\/anoticiaonline.com.br\\\/site\\\/wp-content\\\/uploads\\\/2017\\\/03\\\/Maior-evento-de-Food-Truck-do-pa\\u00eds-ir\\u00e1-desembarcar-em-Muria\\u00e9.jpg\",\"@id\":\"https:\\\/\\\/anoticiaonline.com.br\\\/site\\\/maior-evento-de-food-truck-do-pais-ira-desembarcar-em-muriae\\\/#mainImage\",\"width\":600,\"height\":341},\"primaryImageOfPage\":{\"@id\":\"https:\\\/\\\/anoticiaonline.com.br\\\/site\\\/maior-evento-de-food-truck-do-pais-ira-desembarcar-em-muriae\\\/#mainImage\"},\"datePublished\":\"2017-03-01T09:34:18-03:00\",\"dateModified\":\"2017-03-01T09:41:59-03:00\"},{\"@type\":\"WebSite\",\"@id\":\"https:\\\/\\\/anoticiaonline.com.br\\\/site\\\/#website\",\"url\":\"https:\\\/\\\/anoticiaonline.com.br\\\/site\\\/\",\"name\":\"A Not\\u00edcia Online\",\"description\":\"Noticias de Muria\\u00e9 e regi\\u00e3o\",\"inLanguage\":\"pt-BR\",\"publisher\":{\"@id\":\"https:\\\/\\\/anoticiaonline.com.br\\\/site\\\/#organization\"}}]}\n\t\t<\/script>\n\t\t<!-- All in One SEO -->\n\n","aioseo_head_json":{"title":"Maior evento de Food Truck do pa\u00eds ir\u00e1 desembarcar em Muria\u00e9 - A Not\u00edcia Online","description":"O maior evento de Food Truck do pa\u00eds chega a Muria\u00e9. Nos dias 10, 11 e 12 deste m\u00eas (sexta a domingo), os melhores Food Trucks e Bikes de todo o Brasil v\u00e3o desembarcar na Pra\u00e7a Coronel Pacheco de Medeiros, Centro. Um fen\u00f4meno muito popular nos Estados Unidos, o Food Truck, ou \u201ccaminh\u00e3o de comida\u201d,","canonical_url":"https:\/\/anoticiaonline.com.br\/site\/maior-evento-de-food-truck-do-pais-ira-desembarcar-em-muriae\/","robots":"max-image-preview:large","keywords":"","webmasterTools":{"miscellaneous":""},"schema":{"@context":"https:\/\/schema.org","@graph":[{"@type":"BlogPosting","@id":"https:\/\/anoticiaonline.com.br\/site\/maior-evento-de-food-truck-do-pais-ira-desembarcar-em-muriae\/#blogposting","name":"Maior evento de Food Truck do pa\u00eds ir\u00e1 desembarcar em Muria\u00e9 - A Not\u00edcia Online","headline":"Maior evento de Food Truck do pa\u00eds ir\u00e1 desembarcar em Muria\u00e9","author":{"@id":"https:\/\/anoticiaonline.com.br\/site\/author\/juliana\/#author"},"publisher":{"@id":"https:\/\/anoticiaonline.com.br\/site\/#organization"},"image":{"@type":"ImageObject","url":"https:\/\/anoticiaonline.com.br\/site\/wp-content\/uploads\/2017\/03\/Maior-evento-de-Food-Truck-do-pa\u00eds-ir\u00e1-desembarcar-em-Muria\u00e9.jpg","width":600,"height":341},"datePublished":"2017-03-01T09:34:18-03:00","dateModified":"2017-03-01T09:41:59-03:00","inLanguage":"pt-BR","mainEntityOfPage":{"@id":"https:\/\/anoticiaonline.com.br\/site\/maior-evento-de-food-truck-do-pais-ira-desembarcar-em-muriae\/#webpage"},"isPartOf":{"@id":"https:\/\/anoticiaonline.com.br\/site\/maior-evento-de-food-truck-do-pais-ira-desembarcar-em-muriae\/#webpage"},"articleSection":"Eventos, slide"},{"@type":"BreadcrumbList","@id":"https:\/\/anoticiaonline.com.br\/site\/maior-evento-de-food-truck-do-pais-ira-desembarcar-em-muriae\/#breadcrumblist","itemListElement":[{"@type":"ListItem","@id":"https:\/\/anoticiaonline.com.br\/site#listItem","position":1,"name":"Home","item":"https:\/\/anoticiaonline.com.br\/site","nextItem":{"@type":"ListItem","@id":"https:\/\/anoticiaonline.com.br\/site\/categoria\/eventos\/#listItem","name":"Eventos"}},{"@type":"ListItem","@id":"https:\/\/anoticiaonline.com.br\/site\/categoria\/eventos\/#listItem","position":2,"name":"Eventos","item":"https:\/\/anoticiaonline.com.br\/site\/categoria\/eventos\/","nextItem":{"@type":"ListItem","@id":"https:\/\/anoticiaonline.com.br\/site\/maior-evento-de-food-truck-do-pais-ira-desembarcar-em-muriae\/#listItem","name":"Maior evento de Food Truck do pa\u00eds ir\u00e1 desembarcar em Muria\u00e9"},"previousItem":{"@type":"ListItem","@id":"https:\/\/anoticiaonline.com.br\/site#listItem","name":"Home"}},{"@type":"ListItem","@id":"https:\/\/anoticiaonline.com.br\/site\/maior-evento-de-food-truck-do-pais-ira-desembarcar-em-muriae\/#listItem","position":3,"name":"Maior evento de Food Truck do pa\u00eds ir\u00e1 desembarcar em Muria\u00e9","previousItem":{"@type":"ListItem","@id":"https:\/\/anoticiaonline.com.br\/site\/categoria\/eventos\/#listItem","name":"Eventos"}}]},{"@type":"Organization","@id":"https:\/\/anoticiaonline.com.br\/site\/#organization","name":"A Not\u00edcia Online","description":"Noticias de Muria\u00e9 e regi\u00e3o","url":"https:\/\/anoticiaonline.com.br\/site\/","logo":{"@type":"ImageObject","url":"https:\/\/scontent-gig4-1.xx.fbcdn.net\/v\/t39.30808-1\/270437624_4564083193639691_6907940295614233970_n.jpg?stp=dst-jpg_s200x200_tt6&_nc_cat=111&ccb=1-7&_nc_sid=f907e8&_nc_ohc=SM1wRlP3lJwQ7kNvwEPuBYA&_nc_oc=AdnqrjDN_BNjSSHWO-GbkIWH6fkGMLw4bqvL_NH6e2wMveX7G-rP2dAqsDSq1mJMOaY&_nc_zt=24&_nc_ht=scontent-gig4-1.xx&_nc_gid=AoBFJeGrT1hVaew_6rchkQ&oh=00_AfX7QmFGhQhG2jAllVgXCiM1ZrWgvtp80-Bfppyexh1QEg&oe=689E923C","@id":"https:\/\/anoticiaonline.com.br\/site\/maior-evento-de-food-truck-do-pais-ira-desembarcar-em-muriae\/#organizationLogo"},"image":{"@id":"https:\/\/anoticiaonline.com.br\/site\/maior-evento-de-food-truck-do-pais-ira-desembarcar-em-muriae\/#organizationLogo"}},{"@type":"Person","@id":"https:\/\/anoticiaonline.com.br\/site\/author\/juliana\/#author","url":"https:\/\/anoticiaonline.com.br\/site\/author\/juliana\/","name":"Juliana Laviola","image":{"@type":"ImageObject","@id":"https:\/\/anoticiaonline.com.br\/site\/maior-evento-de-food-truck-do-pais-ira-desembarcar-em-muriae\/#authorImage","url":"https:\/\/secure.gravatar.com\/avatar\/b8d45f5c699b100dfaf0e543582f38f38bf94cb7ae3a5e9abf8d891a34773335?s=96&d=mm&r=g","width":96,"height":96,"caption":"Juliana Laviola"}},{"@type":"WebPage","@id":"https:\/\/anoticiaonline.com.br\/site\/maior-evento-de-food-truck-do-pais-ira-desembarcar-em-muriae\/#webpage","url":"https:\/\/anoticiaonline.com.br\/site\/maior-evento-de-food-truck-do-pais-ira-desembarcar-em-muriae\/","name":"Maior evento de Food Truck do pa\u00eds ir\u00e1 desembarcar em Muria\u00e9 - A Not\u00edcia Online","description":"O maior evento de Food Truck do pa\u00eds chega a Muria\u00e9. Nos dias 10, 11 e 12 deste m\u00eas (sexta a domingo), os melhores Food Trucks e Bikes de todo o Brasil v\u00e3o desembarcar na Pra\u00e7a Coronel Pacheco de Medeiros, Centro. Um fen\u00f4meno muito popular nos Estados Unidos, o Food Truck, ou \u201ccaminh\u00e3o de comida\u201d,","inLanguage":"pt-BR","isPartOf":{"@id":"https:\/\/anoticiaonline.com.br\/site\/#website"},"breadcrumb":{"@id":"https:\/\/anoticiaonline.com.br\/site\/maior-evento-de-food-truck-do-pais-ira-desembarcar-em-muriae\/#breadcrumblist"},"author":{"@id":"https:\/\/anoticiaonline.com.br\/site\/author\/juliana\/#author"},"creator":{"@id":"https:\/\/anoticiaonline.com.br\/site\/author\/juliana\/#author"},"image":{"@type":"ImageObject","url":"https:\/\/anoticiaonline.com.br\/site\/wp-content\/uploads\/2017\/03\/Maior-evento-de-Food-Truck-do-pa\u00eds-ir\u00e1-desembarcar-em-Muria\u00e9.jpg","@id":"https:\/\/anoticiaonline.com.br\/site\/maior-evento-de-food-truck-do-pais-ira-desembarcar-em-muriae\/#mainImage","width":600,"height":341},"primaryImageOfPage":{"@id":"https:\/\/anoticiaonline.com.br\/site\/maior-evento-de-food-truck-do-pais-ira-desembarcar-em-muriae\/#mainImage"},"datePublished":"2017-03-01T09:34:18-03:00","dateModified":"2017-03-01T09:41:59-03:00"},{"@type":"WebSite","@id":"https:\/\/anoticiaonline.com.br\/site\/#website","url":"https:\/\/anoticiaonline.com.br\/site\/","name":"A Not\u00edcia Online","description":"Noticias de Muria\u00e9 e regi\u00e3o","inLanguage":"pt-BR","publisher":{"@id":"https:\/\/anoticiaonline.com.br\/site\/#organization"}}]},"og:locale":"pt_BR","og:site_name":"A Not\u00edcia Online - Noticias de Muria\u00e9 e regi\u00e3o","og:type":"article","og:title":"Maior evento de Food Truck do pa\u00eds ir\u00e1 desembarcar em Muria\u00e9 - A Not\u00edcia Online","og:description":"O maior evento de Food Truck do pa\u00eds chega a Muria\u00e9. Nos dias 10, 11 e 12 deste m\u00eas (sexta a domingo), os melhores Food Trucks e Bikes de todo o Brasil v\u00e3o desembarcar na Pra\u00e7a Coronel Pacheco de Medeiros, Centro. Um fen\u00f4meno muito popular nos Estados Unidos, o Food Truck, ou \u201ccaminh\u00e3o de comida\u201d,","og:url":"https:\/\/anoticiaonline.com.br\/site\/maior-evento-de-food-truck-do-pais-ira-desembarcar-em-muriae\/","og:image":"https:\/\/scontent-gig4-1.xx.fbcdn.net\/v\/t39.30808-1\/270437624_4564083193639691_6907940295614233970_n.jpg?stp=dst-jpg_s200x200_tt6&#038;_nc_cat=111&#038;ccb=1-7&#038;_nc_sid=f907e8&#038;_nc_ohc=SM1wRlP3lJwQ7kNvwEPuBYA&#038;_nc_oc=AdnqrjDN_BNjSSHWO-GbkIWH6fkGMLw4bqvL_NH6e2wMveX7G-rP2dAqsDSq1mJMOaY&#038;_nc_zt=24&#038;_nc_ht=scontent-gig4-1.xx&#038;_nc_gid=AoBFJeGrT1hVaew_6rchkQ&#038;oh=00_AfX7QmFGhQhG2jAllVgXCiM1ZrWgvtp80-Bfppyexh1QEg&#038;oe=689E923C","og:image:secure_url":"https:\/\/scontent-gig4-1.xx.fbcdn.net\/v\/t39.30808-1\/270437624_4564083193639691_6907940295614233970_n.jpg?stp=dst-jpg_s200x200_tt6&#038;_nc_cat=111&#038;ccb=1-7&#038;_nc_sid=f907e8&#038;_nc_ohc=SM1wRlP3lJwQ7kNvwEPuBYA&#038;_nc_oc=AdnqrjDN_BNjSSHWO-GbkIWH6fkGMLw4bqvL_NH6e2wMveX7G-rP2dAqsDSq1mJMOaY&#038;_nc_zt=24&#038;_nc_ht=scontent-gig4-1.xx&#038;_nc_gid=AoBFJeGrT1hVaew_6rchkQ&#038;oh=00_AfX7QmFGhQhG2jAllVgXCiM1ZrWgvtp80-Bfppyexh1QEg&#038;oe=689E923C","article:published_time":"2017-03-01T12:34:18+00:00","article:modified_time":"2017-03-01T12:41:59+00:00","twitter:card":"summary_large_image","twitter:title":"Maior evento de Food Truck do pa\u00eds ir\u00e1 desembarcar em Muria\u00e9 - A Not\u00edcia Online","twitter:description":"O maior evento de Food Truck do pa\u00eds chega a Muria\u00e9. Nos dias 10, 11 e 12 deste m\u00eas (sexta a domingo), os melhores Food Trucks e Bikes de todo o Brasil v\u00e3o desembarcar na Pra\u00e7a Coronel Pacheco de Medeiros, Centro. Um fen\u00f4meno muito popular nos Estados Unidos, o Food Truck, ou \u201ccaminh\u00e3o de comida\u201d,","twitter:image":"https:\/\/scontent-gig4-1.xx.fbcdn.net\/v\/t39.30808-1\/270437624_4564083193639691_6907940295614233970_n.jpg?stp=dst-jpg_s200x200_tt6&_nc_cat=111&ccb=1-7&_nc_sid=f907e8&_nc_ohc=SM1wRlP3lJwQ7kNvwEPuBYA&_nc_oc=AdnqrjDN_BNjSSHWO-GbkIWH6fkGMLw4bqvL_NH6e2wMveX7G-rP2dAqsDSq1mJMOaY&_nc_zt=24&_nc_ht=scontent-gig4-1.xx&_nc_gid=AoBFJeGrT1hVaew_6rchkQ&oh=00_AfX7QmFGhQhG2jAllVgXCiM1ZrWgvtp80-Bfppyexh1QEg&oe=689E923C"},"aioseo_meta_data":{"post_id":"25260","title":null,"description":null,"keywords":null,"keyphrases":null,"primary_term":null,"canonical_url":null,"og_title":null,"og_description":null,"og_object_type":"default","og_image_type":"default","og_image_url":null,"og_image_width":null,"og_image_height":null,"og_image_custom_url":null,"og_image_custom_fields":null,"og_video":null,"og_custom_url":null,"og_article_section":null,"og_article_tags":null,"twitter_use_og":false,"twitter_card":"default","twitter_image_type":"default","twitter_image_url":null,"twitter_image_custom_url":null,"twitter_image_custom_fields":null,"twitter_title":null,"twitter_description":null,"schema":{"blockGraphs":[],"customGraphs":[],"default":{"data":{"Article":[],"Course":[],"Dataset":[],"FAQPage":[],"Movie":[],"Person":[],"Product":[],"ProductReview":[],"Car":[],"Recipe":[],"Service":[],"SoftwareApplication":[],"WebPage":[]},"graphName":"","isEnabled":true},"graphs":[]},"schema_type":"default","schema_type_options":null,"pillar_content":false,"robots_default":true,"robots_noindex":false,"robots_noarchive":false,"robots_nosnippet":false,"robots_nofollow":false,"robots_noimageindex":false,"robots_noodp":false,"robots_notranslate":false,"robots_max_snippet":null,"robots_max_videopreview":null,"robots_max_imagepreview":"large","priority":null,"frequency":null,"local_seo":null,"breadcrumb_settings":null,"limit_modified_date":false,"ai":null,"created":"2025-08-16 17:51:40","updated":"2025-08-16 17:51:40","focus_keyword":null,"additional_keywords":null,"truseo_locale":null,"seo_analyzer_scan_date":null},"aioseo_breadcrumb":"<div class=\"aioseo-breadcrumbs\"><span class=\"aioseo-breadcrumb\">\n\t\t\t<a href=\"https:\/\/anoticiaonline.com.br\/site\" title=\"Home\">Home<\/a>\n\t\t<\/span><span class=\"aioseo-breadcrumb-separator\">&raquo;<\/span><span class=\"aioseo-breadcrumb\">\n\t\t\t<a href=\"https:\/\/anoticiaonline.com.br\/site\/categoria\/eventos\/\" title=\"Eventos\">Eventos<\/a>\n\t\t<\/span><span class=\"aioseo-breadcrumb-separator\">&raquo;<\/span><span class=\"aioseo-breadcrumb\">\n\t\t\tMaior evento de Food Truck do pa\u00eds ir\u00e1 desembarcar em Muria\u00e9\n\t\t<\/span><\/div>","aioseo_breadcrumb_json":[{"label":"Home","link":"https:\/\/anoticiaonline.com.br\/site"},{"label":"Eventos","link":"https:\/\/anoticiaonline.com.br\/site\/categoria\/eventos\/"},{"label":"Maior evento de Food Truck do pa\u00eds ir\u00e1 desembarcar em Muria\u00e9","link":"https:\/\/anoticiaonline.com.br\/site\/maior-evento-de-food-truck-do-pais-ira-desembarcar-em-muriae\/"}],"views":161,"_links":{"self":[{"href":"https:\/\/anoticiaonline.com.br\/site\/wp-json\/wp\/v2\/posts\/25260","targetHints":{"allow":["GET"]}}],"collection":[{"href":"https:\/\/anoticiaonline.com.br\/site\/wp-json\/wp\/v2\/posts"}],"about":[{"href":"https:\/\/anoticiaonline.com.br\/site\/wp-json\/wp\/v2\/types\/post"}],"author":[{"embeddable":true,"href":"https:\/\/anoticiaonline.com.br\/site\/wp-json\/wp\/v2\/users\/2"}],"replies":[{"embeddable":true,"href":"https:\/\/anoticiaonline.com.br\/site\/wp-json\/wp\/v2\/comments?post=25260"}],"version-history":[{"count":0,"href":"https:\/\/anoticiaonline.com.br\/site\/wp-json\/wp\/v2\/posts\/25260\/revisions"}],"wp:featuredmedia":[{"embeddable":true,"href":"https:\/\/anoticiaonline.com.br\/site\/wp-json\/wp\/v2\/media\/25261"}],"wp:attachment":[{"href":"https:\/\/anoticiaonline.com.br\/site\/wp-json\/wp\/v2\/media?parent=25260"}],"wp:term":[{"taxonomy":"category","embeddable":true,"href":"https:\/\/anoticiaonline.com.br\/site\/wp-json\/wp\/v2\/categories?post=25260"},{"taxonomy":"post_tag","embeddable":true,"href":"https:\/\/anoticiaonline.com.br\/site\/wp-json\/wp\/v2\/tags?post=25260"}],"curies":[{"name":"wp","href":"https:\/\/api.w.org\/{rel}","templated":true}]}}