{"id":25116,"date":"2017-02-24T17:29:40","date_gmt":"2017-02-24T20:29:40","guid":{"rendered":"http:\/\/anoticiaonline.com.br\/site\/?p=25116"},"modified":"2017-02-24T17:29:40","modified_gmt":"2017-02-24T20:29:40","slug":"educacao-da-posse-a-novos-diretores-de-escolas-municipais","status":"publish","type":"post","link":"https:\/\/anoticiaonline.com.br\/site\/educacao-da-posse-a-novos-diretores-de-escolas-municipais\/","title":{"rendered":"Educa\u00e7\u00e3o d\u00e1 posse a novos diretores de escolas municipais"},"content":{"rendered":"<p><a href=\"https:\/\/anoticiaonline.com.br\/site\/wp-content\/uploads\/2017\/02\/diretores04.jpg\"><img fetchpriority=\"high\" decoding=\"async\" class=\" size-medium wp-image-25117 alignleft\" src=\"https:\/\/anoticiaonline.com.br\/site\/wp-content\/uploads\/2017\/02\/diretores04-300x200.jpg\" alt=\"diretores04\" width=\"300\" height=\"200\" srcset=\"https:\/\/anoticiaonline.com.br\/site\/wp-content\/uploads\/2017\/02\/diretores04-300x200.jpg 300w, https:\/\/anoticiaonline.com.br\/site\/wp-content\/uploads\/2017\/02\/diretores04.jpg 640w\" sizes=\"(max-width: 300px) 100vw, 300px\" \/><\/a>Os novos diretores e vice-diretores de 39 escolas da rede p\u00fablica municipal de ensino tomaram posse oficialmente de seus cargos na noite de quinta-feira (23), em solenidade promovida pela Secretaria de Educa\u00e7\u00e3o, Esporte e Lazer de Muria\u00e9 (SEEL), no Teatro Zaccaria Marques. Todos foram recebidos pelo p\u00fablico de forma descontra\u00edda, sob m\u00fasica, confete e aplausos.<\/p>\n<p>A secret\u00e1ria Maria da Concei\u00e7\u00e3o Rodrigues de Souza, a Nininha, se colocou \u00e0 disposi\u00e7\u00e3o para promover di\u00e1logos constantes com as escolas. &#8220;Vamos fazer uma parceria. Contamos com todos os diretores e vice-diretores para transformamos a educa\u00e7\u00e3o em nosso munic\u00edpio, buscando excel\u00eancia e sendo refer\u00eancia para as demais cidades&#8221;, destaca.<\/p>\n<p>Ap\u00f3s a leitura do termo de compromisso pelas diretoras Vanderl\u00e9ia Aparecida de Castro Souza, Maria de F\u00e1tima Barbosa e Simone Cristina Barros, os nomeados foram convidados, um a um, a subirem ao palco para a assinatura do documento. O texto enumera as responsabilidades dos gestores, incluindo a miss\u00e3o de representarem oficialmente suas escolas, de zelarem pela qualidade dos servi\u00e7os prestados e pela manuten\u00e7\u00e3o das unidades, bem como de indicar necessidades, prestar contas de a\u00e7\u00f5es realizadas, assegurar a regularidade do fluxo de caixa escolar e fornecer, sempre de forma fidedigna, todos os dados solicitados pela SEEL.<\/p>\n<p>O encerramento teve a participa\u00e7\u00e3o do dan\u00e7arino Walbert Luiz e de membros da Escola de Samba Unidos do Santa Terezinha. Eles apresentaram parte do espet\u00e1culo que foi levado para a Pra\u00e7a Jo\u00e3o Pinheiro durante o pr\u00e9-carnaval, realizado no \u00faltimo fim de semana, com homenagem aos 50 anos da Escola Estadual Maria Augusta Silva, no bairro que d\u00e1 nome \u00e0 agremia\u00e7\u00e3o.<\/p>\n<p>A solenidade teve ainda a presen\u00e7a do secret\u00e1rio municipal de Administra\u00e7\u00e3o e chefe de gabinete da Prefeitura, S\u00e9rgio Soares Duarte, que representou o prefeito Grego; da secret\u00e1ria adjunta de Educa\u00e7\u00e3o, Mary Guida; do diretor do Demuttran, capit\u00e3o Ivanin Pimentel; e do prefeito de Ros\u00e1rio da Limeira, Jos\u00e9 Maria da Silva. Os vereadores Professor J\u00falio Simbra, Doutor Jos\u00e9 Carlos, Davi Lacerda e Evandro Cheiroso tamb\u00e9m acompanharam a cerim\u00f4nia.<\/p>\n<p><strong>Confira a rela\u00e7\u00e3o de diretores e vice-diretores:<\/strong><br \/>\n<strong>Escolas Municipais do Campo (nove unidades) &#8211;<\/strong> Maria de F\u00e1tima Barbosa;<br \/>\n<strong>Escola Municipal Doutor Ant\u00f4nio Can\u00eado<\/strong> &#8211; Andr\u00e9a de Barros Flores Barbosa (diretora) e Helenice Aparecida Bittencourt Rodrigues (vice);<br \/>\n<strong>Escola Municipal C\u00e2ndido Portinari &#8211;<\/strong> Adriana de Freitas Gomes (diretora) e Adriana de Paula Andrade (vice);<br \/>\n<strong>Escola Municipal Clara de Castro Rog\u00e9rio &#8211;<\/strong> M\u00f4nica Alexandra do Amaral Quint\u00e3o (diretora) e Sandra Mara Pe\u00e7anha Lopes de Faria Mota (vice);<br \/>\n<strong>Escola Municipal Cl\u00e9ria Ticon Carneiro &#8211;<\/strong> Maria de F\u00e1tima Vilela Oliveira (diretora) e Gisele Ferreira M. Vargas (vice);<br \/>\n<strong>Escola Municipal Ermyro Teixeira Siqueira &#8211;<\/strong> Stella Maria Camillo (diretora) e Maria Luisa Cascardo (vice);<br \/>\n<strong>Escola Municipal Gilberto Jos\u00e9 Tanus Braz &#8211;<\/strong> Vanderl\u00e9ia Aparecida Castro Souza (diretora), Andrea Pereira de Assis Paula Medina e Selma Fonseca Ara\u00fajo (vices);<br \/>\n<strong>Escola Municipal Irene Pereira Dias Nunes &#8211;<\/strong> Nilda Paul Dala Paula (diretora) e Alessandra Barbosa Ferreira (vice);<br \/>\n<strong>Escola Municipal Joaquim Ribeiro de Carvalho &#8211;<\/strong> Ricardo Prata de Souza (diretor);<br \/>\n<strong>Escola Municipal Jos\u00e9 Miguel Muahad &#8211;<\/strong> Claudia Aparecida da Silva Alves (diretora) e Ana Cl\u00e1udia da Silveira Neves (vice);<br \/>\n<strong>Escola Municipal Maria Aleluia Soares Bittencourt &#8211;<\/strong> Rozani Pereira Lacerda Almeida (diretora) e Marlene Maria de Laia (vice);<br \/>\n<strong>Escola Municipal Maria do Carmo Cerqueira Castro &#8211;<\/strong> Eliene Bernardino dos Reis (diretora) e Joseane Em\u00edlia Gon\u00e7alves Vegge (vice);<br \/>\n<strong>Escola Municipal Maria Hastenreiter Dornelas &#8211;<\/strong> L\u00facia Helena Levate Petra (diretora) e Soraya Reis Ara\u00fajo Monteiro (vice);<br \/>\n<strong>Escola Municipal Professora Maria Quit\u00e9ria Peres Schelb &#8211;<\/strong> Diva Helena Marinho Ferreira Melo de Souza (diretora) e Maria In\u00eas de Andrade Oliveira (vice);<br \/>\n<strong>Escola Municipal Nelson Cardoso de Melo &#8211;<\/strong> Gladys Napole\u00e3o (diretora);<br \/>\n<strong>Escola Municipal Oduvaldo Aleixo \/ Escola Municipal Professora Maria Am\u00e9lia M. Calais &#8211;<\/strong> Thassya Mendes de Assis (diretora);<br \/>\n<strong>Escola Municipal Professora Elza Rog\u00e9rio &#8211;<\/strong> Anelisa Dutra Gl\u00f3ria (diretora) e Andr\u00e9ia Cristina Guar\u00e7oni Silva (vice);<br \/>\n<strong>Escola Municipal Esmeralda Vianna &#8211;<\/strong> Fernanda Maria Ferreira F\u00e9res e S\u00f4nia Maria dos Santos Ferreira (vice);<br \/>\n<strong>Escola Municipal Professora Ionyr Bastos Dias<\/strong> &#8211; Wanderl\u00e9a Cardoso da Silva (diretora) e Edna Maria dos Santos (vice);<br \/>\n<strong>Escola Municipal Professora Nilza Paix\u00e3o de O. Alves \/ Escola Municipal Sebasti\u00e3o Laviola &#8211;<\/strong> Maria Aparecida Ferreira Andrade (diretora) e Tereza \u00c2ngela de Souza (vice);<br \/>\n<strong>Escola Municipal Professora Odal\u00e9ia Oliveira Morais de Azevedo<\/strong> &#8211; Viviane Andrade e Silva Souza (diretora) e Juliana Cristina Goulart Silva (vice);<br \/>\n<strong>Escola Municipal Professora Stella Fid\u00e9lis &#8211;<\/strong> Luciene de Freitas Januzze (diretora) e Ronan Jos\u00e9 Rodrigues Pires (vice);<br \/>\n<strong>Escola Municipal Professora Terezinha Maria Oliveira Ribeiro &#8211;<\/strong> Wilma Maria Alves de Souza Pimentel (diretora) e Elis\u00e2ngela Elizeu Cerqueira (vice);<br \/>\n<strong>Escola Municipal Professora Z\u00e9lia de Barros Carneiro &#8211;<\/strong> Crislaine Aparecida Fernandes Neves Rodrigues (diretora) e Ezilma Maria da Fonseca (vice);<br \/>\n<strong>Escola Municipal Professora Zuleima C\u00e9sar de Ara\u00fajo &#8211;<\/strong> Carmen L\u00facia de Paula (diretora) e Laiza Aparecida A. de Abreu Lima (vice);<br \/>\n<strong>Escola Municipal Ricardo Oliveira Morais de Azevedo &#8211;<\/strong> Suely Regina Vieira Gardone Gon\u00e7alves (diretora) e K\u00e1tia Arlene Pedrosa (vice);<br \/>\n<strong>Escola Municipal S\u00e9rgio L\u00facio Fernandes Amaral &#8211;<\/strong> Simone Cristina de S. Barros (diretora);<br \/>\n<strong>Escola Municipal Sylla de Ururahy Mac\u00eado &#8211;<\/strong> Andr\u00e9ia Berizonzi Pedrosa Costa (diretora);<br \/>\n<strong>Escola Municipal Valdivino dos Santos Mendes &#8211;<\/strong> Tatiana Aparecida dos Reis Pedrosa (diretora).<\/p>\n","protected":false},"excerpt":{"rendered":"<p>Os novos diretores e vice-diretores de 39 escolas da rede p\u00fablica municipal de ensino tomaram posse oficialmente de seus cargos na noite de quinta-feira (23), em solenidade promovida pela Secretaria de Educa\u00e7\u00e3o, Esporte e Lazer de Muria\u00e9 (SEEL), no Teatro Zaccaria Marques. Todos foram recebidos pelo p\u00fablico de forma descontra\u00edda, sob m\u00fasica, confete e aplausos. &#8230; <a title=\"Educa\u00e7\u00e3o d\u00e1 posse a novos diretores de escolas municipais\" class=\"read-more\" href=\"https:\/\/anoticiaonline.com.br\/site\/educacao-da-posse-a-novos-diretores-de-escolas-municipais\/\" aria-label=\"Read more about Educa\u00e7\u00e3o d\u00e1 posse a novos diretores de escolas municipais\">Ler mais<\/a><\/p>\n","protected":false},"author":2,"featured_media":25117,"comment_status":"open","ping_status":"open","sticky":false,"template":"","format":"standard","meta":{"_acf_changed":false,"_monsterinsights_skip_tracking":false,"footnotes":""},"categories":[30],"tags":[3],"class_list":["post-25116","post","type-post","status-publish","format-standard","has-post-thumbnail","hentry","category-muriae","tag-slide"],"acf":[],"aioseo_notices":[],"aioseo_head":"\n\t\t<!-- All in One SEO 5.0.0.1 - aioseo.com -->\n\t<meta name=\"description\" content=\"Os novos diretores e vice-diretores de 39 escolas da rede p\u00fablica municipal de ensino tomaram posse oficialmente de seus cargos na noite de quinta-feira (23), em solenidade promovida pela Secretaria de Educa\u00e7\u00e3o, Esporte e Lazer de Muria\u00e9 (SEEL), no Teatro Zaccaria Marques. Todos foram recebidos pelo p\u00fablico de forma descontra\u00edda, sob m\u00fasica, confete e aplausos.\" \/>\n\t<meta name=\"robots\" content=\"max-image-preview:large\" \/>\n\t<meta name=\"author\" content=\"Juliana Laviola\"\/>\n\t<link rel=\"canonical\" href=\"https:\/\/anoticiaonline.com.br\/site\/educacao-da-posse-a-novos-diretores-de-escolas-municipais\/\" \/>\n\t<meta name=\"generator\" content=\"All in One SEO (AIOSEO) 5.0.0.1\" \/>\n\t\t<meta property=\"og:locale\" content=\"pt_BR\" \/>\n\t\t<meta property=\"og:site_name\" content=\"A Not\u00edcia Online - Noticias de Muria\u00e9 e regi\u00e3o\" \/>\n\t\t<meta property=\"og:type\" content=\"article\" \/>\n\t\t<meta property=\"og:title\" content=\"Educa\u00e7\u00e3o d\u00e1 posse a novos diretores de escolas municipais - A Not\u00edcia Online\" \/>\n\t\t<meta property=\"og:description\" content=\"Os novos diretores e vice-diretores de 39 escolas da rede p\u00fablica municipal de ensino tomaram posse oficialmente de seus cargos na noite de quinta-feira (23), em solenidade promovida pela Secretaria de Educa\u00e7\u00e3o, Esporte e Lazer de Muria\u00e9 (SEEL), no Teatro Zaccaria Marques. Todos foram recebidos pelo p\u00fablico de forma descontra\u00edda, sob m\u00fasica, confete e aplausos.\" \/>\n\t\t<meta property=\"og:url\" content=\"https:\/\/anoticiaonline.com.br\/site\/educacao-da-posse-a-novos-diretores-de-escolas-municipais\/\" \/>\n\t\t<meta property=\"og:image\" content=\"https:\/\/scontent-gig4-1.xx.fbcdn.net\/v\/t39.30808-1\/270437624_4564083193639691_6907940295614233970_n.jpg?stp=dst-jpg_s200x200_tt6&#038;_nc_cat=111&#038;ccb=1-7&#038;_nc_sid=f907e8&#038;_nc_ohc=SM1wRlP3lJwQ7kNvwEPuBYA&#038;_nc_oc=AdnqrjDN_BNjSSHWO-GbkIWH6fkGMLw4bqvL_NH6e2wMveX7G-rP2dAqsDSq1mJMOaY&#038;_nc_zt=24&#038;_nc_ht=scontent-gig4-1.xx&#038;_nc_gid=AoBFJeGrT1hVaew_6rchkQ&#038;oh=00_AfX7QmFGhQhG2jAllVgXCiM1ZrWgvtp80-Bfppyexh1QEg&#038;oe=689E923C\" \/>\n\t\t<meta property=\"og:image:secure_url\" content=\"https:\/\/scontent-gig4-1.xx.fbcdn.net\/v\/t39.30808-1\/270437624_4564083193639691_6907940295614233970_n.jpg?stp=dst-jpg_s200x200_tt6&#038;_nc_cat=111&#038;ccb=1-7&#038;_nc_sid=f907e8&#038;_nc_ohc=SM1wRlP3lJwQ7kNvwEPuBYA&#038;_nc_oc=AdnqrjDN_BNjSSHWO-GbkIWH6fkGMLw4bqvL_NH6e2wMveX7G-rP2dAqsDSq1mJMOaY&#038;_nc_zt=24&#038;_nc_ht=scontent-gig4-1.xx&#038;_nc_gid=AoBFJeGrT1hVaew_6rchkQ&#038;oh=00_AfX7QmFGhQhG2jAllVgXCiM1ZrWgvtp80-Bfppyexh1QEg&#038;oe=689E923C\" \/>\n\t\t<meta property=\"article:published_time\" content=\"2017-02-24T20:29:40+00:00\" \/>\n\t\t<meta property=\"article:modified_time\" content=\"2017-02-24T20:29:40+00:00\" \/>\n\t\t<meta name=\"twitter:card\" content=\"summary_large_image\" \/>\n\t\t<meta name=\"twitter:title\" content=\"Educa\u00e7\u00e3o d\u00e1 posse a novos diretores de escolas municipais - A Not\u00edcia Online\" \/>\n\t\t<meta name=\"twitter:description\" content=\"Os novos diretores e vice-diretores de 39 escolas da rede p\u00fablica municipal de ensino tomaram posse oficialmente de seus cargos na noite de quinta-feira (23), em solenidade promovida pela Secretaria de Educa\u00e7\u00e3o, Esporte e Lazer de Muria\u00e9 (SEEL), no Teatro Zaccaria Marques. Todos foram recebidos pelo p\u00fablico de forma descontra\u00edda, sob m\u00fasica, confete e aplausos.\" \/>\n\t\t<meta name=\"twitter:image\" content=\"https:\/\/scontent-gig4-1.xx.fbcdn.net\/v\/t39.30808-1\/270437624_4564083193639691_6907940295614233970_n.jpg?stp=dst-jpg_s200x200_tt6&amp;_nc_cat=111&amp;ccb=1-7&amp;_nc_sid=f907e8&amp;_nc_ohc=SM1wRlP3lJwQ7kNvwEPuBYA&amp;_nc_oc=AdnqrjDN_BNjSSHWO-GbkIWH6fkGMLw4bqvL_NH6e2wMveX7G-rP2dAqsDSq1mJMOaY&amp;_nc_zt=24&amp;_nc_ht=scontent-gig4-1.xx&amp;_nc_gid=AoBFJeGrT1hVaew_6rchkQ&amp;oh=00_AfX7QmFGhQhG2jAllVgXCiM1ZrWgvtp80-Bfppyexh1QEg&amp;oe=689E923C\" \/>\n\t\t<script type=\"application\/ld+json\" class=\"aioseo-schema\">\n\t\t\t{\"@context\":\"https:\\\/\\\/schema.org\",\"@graph\":[{\"@type\":\"BlogPosting\",\"@id\":\"https:\\\/\\\/anoticiaonline.com.br\\\/site\\\/educacao-da-posse-a-novos-diretores-de-escolas-municipais\\\/#blogposting\",\"name\":\"Educa\\u00e7\\u00e3o d\\u00e1 posse a novos diretores de escolas municipais - A Not\\u00edcia Online\",\"headline\":\"Educa\\u00e7\\u00e3o d\\u00e1 posse a novos diretores de escolas municipais\",\"author\":{\"@id\":\"https:\\\/\\\/anoticiaonline.com.br\\\/site\\\/author\\\/juliana\\\/#author\"},\"publisher\":{\"@id\":\"https:\\\/\\\/anoticiaonline.com.br\\\/site\\\/#organization\"},\"image\":{\"@type\":\"ImageObject\",\"url\":\"https:\\\/\\\/anoticiaonline.com.br\\\/site\\\/wp-content\\\/uploads\\\/2017\\\/02\\\/diretores04.jpg\",\"width\":640,\"height\":426},\"datePublished\":\"2017-02-24T17:29:40-03:00\",\"dateModified\":\"2017-02-24T17:29:40-03:00\",\"inLanguage\":\"pt-BR\",\"mainEntityOfPage\":{\"@id\":\"https:\\\/\\\/anoticiaonline.com.br\\\/site\\\/educacao-da-posse-a-novos-diretores-de-escolas-municipais\\\/#webpage\"},\"isPartOf\":{\"@id\":\"https:\\\/\\\/anoticiaonline.com.br\\\/site\\\/educacao-da-posse-a-novos-diretores-de-escolas-municipais\\\/#webpage\"},\"articleSection\":\"Blog, slide\"},{\"@type\":\"BreadcrumbList\",\"@id\":\"https:\\\/\\\/anoticiaonline.com.br\\\/site\\\/educacao-da-posse-a-novos-diretores-de-escolas-municipais\\\/#breadcrumblist\",\"itemListElement\":[{\"@type\":\"ListItem\",\"@id\":\"https:\\\/\\\/anoticiaonline.com.br\\\/site#listItem\",\"position\":1,\"name\":\"Home\",\"item\":\"https:\\\/\\\/anoticiaonline.com.br\\\/site\",\"nextItem\":{\"@type\":\"ListItem\",\"@id\":\"https:\\\/\\\/anoticiaonline.com.br\\\/site\\\/categoria\\\/muriae\\\/#listItem\",\"name\":\"Blog\"}},{\"@type\":\"ListItem\",\"@id\":\"https:\\\/\\\/anoticiaonline.com.br\\\/site\\\/categoria\\\/muriae\\\/#listItem\",\"position\":2,\"name\":\"Blog\",\"item\":\"https:\\\/\\\/anoticiaonline.com.br\\\/site\\\/categoria\\\/muriae\\\/\",\"nextItem\":{\"@type\":\"ListItem\",\"@id\":\"https:\\\/\\\/anoticiaonline.com.br\\\/site\\\/educacao-da-posse-a-novos-diretores-de-escolas-municipais\\\/#listItem\",\"name\":\"Educa\\u00e7\\u00e3o d\\u00e1 posse a novos diretores de escolas municipais\"},\"previousItem\":{\"@type\":\"ListItem\",\"@id\":\"https:\\\/\\\/anoticiaonline.com.br\\\/site#listItem\",\"name\":\"Home\"}},{\"@type\":\"ListItem\",\"@id\":\"https:\\\/\\\/anoticiaonline.com.br\\\/site\\\/educacao-da-posse-a-novos-diretores-de-escolas-municipais\\\/#listItem\",\"position\":3,\"name\":\"Educa\\u00e7\\u00e3o d\\u00e1 posse a novos diretores de escolas municipais\",\"previousItem\":{\"@type\":\"ListItem\",\"@id\":\"https:\\\/\\\/anoticiaonline.com.br\\\/site\\\/categoria\\\/muriae\\\/#listItem\",\"name\":\"Blog\"}}]},{\"@type\":\"Organization\",\"@id\":\"https:\\\/\\\/anoticiaonline.com.br\\\/site\\\/#organization\",\"name\":\"A Not\\u00edcia Online\",\"description\":\"Noticias de Muria\\u00e9 e regi\\u00e3o\",\"url\":\"https:\\\/\\\/anoticiaonline.com.br\\\/site\\\/\",\"logo\":{\"@type\":\"ImageObject\",\"url\":\"https:\\\/\\\/scontent-gig4-1.xx.fbcdn.net\\\/v\\\/t39.30808-1\\\/270437624_4564083193639691_6907940295614233970_n.jpg?stp=dst-jpg_s200x200_tt6&_nc_cat=111&ccb=1-7&_nc_sid=f907e8&_nc_ohc=SM1wRlP3lJwQ7kNvwEPuBYA&_nc_oc=AdnqrjDN_BNjSSHWO-GbkIWH6fkGMLw4bqvL_NH6e2wMveX7G-rP2dAqsDSq1mJMOaY&_nc_zt=24&_nc_ht=scontent-gig4-1.xx&_nc_gid=AoBFJeGrT1hVaew_6rchkQ&oh=00_AfX7QmFGhQhG2jAllVgXCiM1ZrWgvtp80-Bfppyexh1QEg&oe=689E923C\",\"@id\":\"https:\\\/\\\/anoticiaonline.com.br\\\/site\\\/educacao-da-posse-a-novos-diretores-de-escolas-municipais\\\/#organizationLogo\"},\"image\":{\"@id\":\"https:\\\/\\\/anoticiaonline.com.br\\\/site\\\/educacao-da-posse-a-novos-diretores-de-escolas-municipais\\\/#organizationLogo\"}},{\"@type\":\"Person\",\"@id\":\"https:\\\/\\\/anoticiaonline.com.br\\\/site\\\/author\\\/juliana\\\/#author\",\"url\":\"https:\\\/\\\/anoticiaonline.com.br\\\/site\\\/author\\\/juliana\\\/\",\"name\":\"Juliana Laviola\",\"image\":{\"@type\":\"ImageObject\",\"@id\":\"https:\\\/\\\/anoticiaonline.com.br\\\/site\\\/educacao-da-posse-a-novos-diretores-de-escolas-municipais\\\/#authorImage\",\"url\":\"https:\\\/\\\/secure.gravatar.com\\\/avatar\\\/b8d45f5c699b100dfaf0e543582f38f38bf94cb7ae3a5e9abf8d891a34773335?s=96&d=mm&r=g\",\"width\":96,\"height\":96,\"caption\":\"Juliana Laviola\"}},{\"@type\":\"WebPage\",\"@id\":\"https:\\\/\\\/anoticiaonline.com.br\\\/site\\\/educacao-da-posse-a-novos-diretores-de-escolas-municipais\\\/#webpage\",\"url\":\"https:\\\/\\\/anoticiaonline.com.br\\\/site\\\/educacao-da-posse-a-novos-diretores-de-escolas-municipais\\\/\",\"name\":\"Educa\\u00e7\\u00e3o d\\u00e1 posse a novos diretores de escolas municipais - A Not\\u00edcia Online\",\"description\":\"Os novos diretores e vice-diretores de 39 escolas da rede p\\u00fablica municipal de ensino tomaram posse oficialmente de seus cargos na noite de quinta-feira (23), em solenidade promovida pela Secretaria de Educa\\u00e7\\u00e3o, Esporte e Lazer de Muria\\u00e9 (SEEL), no Teatro Zaccaria Marques. Todos foram recebidos pelo p\\u00fablico de forma descontra\\u00edda, sob m\\u00fasica, confete e aplausos.\",\"inLanguage\":\"pt-BR\",\"isPartOf\":{\"@id\":\"https:\\\/\\\/anoticiaonline.com.br\\\/site\\\/#website\"},\"breadcrumb\":{\"@id\":\"https:\\\/\\\/anoticiaonline.com.br\\\/site\\\/educacao-da-posse-a-novos-diretores-de-escolas-municipais\\\/#breadcrumblist\"},\"author\":{\"@id\":\"https:\\\/\\\/anoticiaonline.com.br\\\/site\\\/author\\\/juliana\\\/#author\"},\"creator\":{\"@id\":\"https:\\\/\\\/anoticiaonline.com.br\\\/site\\\/author\\\/juliana\\\/#author\"},\"image\":{\"@type\":\"ImageObject\",\"url\":\"https:\\\/\\\/anoticiaonline.com.br\\\/site\\\/wp-content\\\/uploads\\\/2017\\\/02\\\/diretores04.jpg\",\"@id\":\"https:\\\/\\\/anoticiaonline.com.br\\\/site\\\/educacao-da-posse-a-novos-diretores-de-escolas-municipais\\\/#mainImage\",\"width\":640,\"height\":426},\"primaryImageOfPage\":{\"@id\":\"https:\\\/\\\/anoticiaonline.com.br\\\/site\\\/educacao-da-posse-a-novos-diretores-de-escolas-municipais\\\/#mainImage\"},\"datePublished\":\"2017-02-24T17:29:40-03:00\",\"dateModified\":\"2017-02-24T17:29:40-03:00\"},{\"@type\":\"WebSite\",\"@id\":\"https:\\\/\\\/anoticiaonline.com.br\\\/site\\\/#website\",\"url\":\"https:\\\/\\\/anoticiaonline.com.br\\\/site\\\/\",\"name\":\"A Not\\u00edcia Online\",\"description\":\"Noticias de Muria\\u00e9 e regi\\u00e3o\",\"inLanguage\":\"pt-BR\",\"publisher\":{\"@id\":\"https:\\\/\\\/anoticiaonline.com.br\\\/site\\\/#organization\"}}]}\n\t\t<\/script>\n\t\t<!-- All in One SEO -->\n\n","aioseo_head_json":{"title":"Educa\u00e7\u00e3o d\u00e1 posse a novos diretores de escolas municipais - A Not\u00edcia Online","description":"Os novos diretores e vice-diretores de 39 escolas da rede p\u00fablica municipal de ensino tomaram posse oficialmente de seus cargos na noite de quinta-feira (23), em solenidade promovida pela Secretaria de Educa\u00e7\u00e3o, Esporte e Lazer de Muria\u00e9 (SEEL), no Teatro Zaccaria Marques. Todos foram recebidos pelo p\u00fablico de forma descontra\u00edda, sob m\u00fasica, confete e aplausos.","canonical_url":"https:\/\/anoticiaonline.com.br\/site\/educacao-da-posse-a-novos-diretores-de-escolas-municipais\/","robots":"max-image-preview:large","keywords":"","webmasterTools":{"miscellaneous":""},"schema":{"@context":"https:\/\/schema.org","@graph":[{"@type":"BlogPosting","@id":"https:\/\/anoticiaonline.com.br\/site\/educacao-da-posse-a-novos-diretores-de-escolas-municipais\/#blogposting","name":"Educa\u00e7\u00e3o d\u00e1 posse a novos diretores de escolas municipais - A Not\u00edcia Online","headline":"Educa\u00e7\u00e3o d\u00e1 posse a novos diretores de escolas municipais","author":{"@id":"https:\/\/anoticiaonline.com.br\/site\/author\/juliana\/#author"},"publisher":{"@id":"https:\/\/anoticiaonline.com.br\/site\/#organization"},"image":{"@type":"ImageObject","url":"https:\/\/anoticiaonline.com.br\/site\/wp-content\/uploads\/2017\/02\/diretores04.jpg","width":640,"height":426},"datePublished":"2017-02-24T17:29:40-03:00","dateModified":"2017-02-24T17:29:40-03:00","inLanguage":"pt-BR","mainEntityOfPage":{"@id":"https:\/\/anoticiaonline.com.br\/site\/educacao-da-posse-a-novos-diretores-de-escolas-municipais\/#webpage"},"isPartOf":{"@id":"https:\/\/anoticiaonline.com.br\/site\/educacao-da-posse-a-novos-diretores-de-escolas-municipais\/#webpage"},"articleSection":"Blog, slide"},{"@type":"BreadcrumbList","@id":"https:\/\/anoticiaonline.com.br\/site\/educacao-da-posse-a-novos-diretores-de-escolas-municipais\/#breadcrumblist","itemListElement":[{"@type":"ListItem","@id":"https:\/\/anoticiaonline.com.br\/site#listItem","position":1,"name":"Home","item":"https:\/\/anoticiaonline.com.br\/site","nextItem":{"@type":"ListItem","@id":"https:\/\/anoticiaonline.com.br\/site\/categoria\/muriae\/#listItem","name":"Blog"}},{"@type":"ListItem","@id":"https:\/\/anoticiaonline.com.br\/site\/categoria\/muriae\/#listItem","position":2,"name":"Blog","item":"https:\/\/anoticiaonline.com.br\/site\/categoria\/muriae\/","nextItem":{"@type":"ListItem","@id":"https:\/\/anoticiaonline.com.br\/site\/educacao-da-posse-a-novos-diretores-de-escolas-municipais\/#listItem","name":"Educa\u00e7\u00e3o d\u00e1 posse a novos diretores de escolas municipais"},"previousItem":{"@type":"ListItem","@id":"https:\/\/anoticiaonline.com.br\/site#listItem","name":"Home"}},{"@type":"ListItem","@id":"https:\/\/anoticiaonline.com.br\/site\/educacao-da-posse-a-novos-diretores-de-escolas-municipais\/#listItem","position":3,"name":"Educa\u00e7\u00e3o d\u00e1 posse a novos diretores de escolas municipais","previousItem":{"@type":"ListItem","@id":"https:\/\/anoticiaonline.com.br\/site\/categoria\/muriae\/#listItem","name":"Blog"}}]},{"@type":"Organization","@id":"https:\/\/anoticiaonline.com.br\/site\/#organization","name":"A Not\u00edcia Online","description":"Noticias de Muria\u00e9 e regi\u00e3o","url":"https:\/\/anoticiaonline.com.br\/site\/","logo":{"@type":"ImageObject","url":"https:\/\/scontent-gig4-1.xx.fbcdn.net\/v\/t39.30808-1\/270437624_4564083193639691_6907940295614233970_n.jpg?stp=dst-jpg_s200x200_tt6&_nc_cat=111&ccb=1-7&_nc_sid=f907e8&_nc_ohc=SM1wRlP3lJwQ7kNvwEPuBYA&_nc_oc=AdnqrjDN_BNjSSHWO-GbkIWH6fkGMLw4bqvL_NH6e2wMveX7G-rP2dAqsDSq1mJMOaY&_nc_zt=24&_nc_ht=scontent-gig4-1.xx&_nc_gid=AoBFJeGrT1hVaew_6rchkQ&oh=00_AfX7QmFGhQhG2jAllVgXCiM1ZrWgvtp80-Bfppyexh1QEg&oe=689E923C","@id":"https:\/\/anoticiaonline.com.br\/site\/educacao-da-posse-a-novos-diretores-de-escolas-municipais\/#organizationLogo"},"image":{"@id":"https:\/\/anoticiaonline.com.br\/site\/educacao-da-posse-a-novos-diretores-de-escolas-municipais\/#organizationLogo"}},{"@type":"Person","@id":"https:\/\/anoticiaonline.com.br\/site\/author\/juliana\/#author","url":"https:\/\/anoticiaonline.com.br\/site\/author\/juliana\/","name":"Juliana Laviola","image":{"@type":"ImageObject","@id":"https:\/\/anoticiaonline.com.br\/site\/educacao-da-posse-a-novos-diretores-de-escolas-municipais\/#authorImage","url":"https:\/\/secure.gravatar.com\/avatar\/b8d45f5c699b100dfaf0e543582f38f38bf94cb7ae3a5e9abf8d891a34773335?s=96&d=mm&r=g","width":96,"height":96,"caption":"Juliana Laviola"}},{"@type":"WebPage","@id":"https:\/\/anoticiaonline.com.br\/site\/educacao-da-posse-a-novos-diretores-de-escolas-municipais\/#webpage","url":"https:\/\/anoticiaonline.com.br\/site\/educacao-da-posse-a-novos-diretores-de-escolas-municipais\/","name":"Educa\u00e7\u00e3o d\u00e1 posse a novos diretores de escolas municipais - A Not\u00edcia Online","description":"Os novos diretores e vice-diretores de 39 escolas da rede p\u00fablica municipal de ensino tomaram posse oficialmente de seus cargos na noite de quinta-feira (23), em solenidade promovida pela Secretaria de Educa\u00e7\u00e3o, Esporte e Lazer de Muria\u00e9 (SEEL), no Teatro Zaccaria Marques. Todos foram recebidos pelo p\u00fablico de forma descontra\u00edda, sob m\u00fasica, confete e aplausos.","inLanguage":"pt-BR","isPartOf":{"@id":"https:\/\/anoticiaonline.com.br\/site\/#website"},"breadcrumb":{"@id":"https:\/\/anoticiaonline.com.br\/site\/educacao-da-posse-a-novos-diretores-de-escolas-municipais\/#breadcrumblist"},"author":{"@id":"https:\/\/anoticiaonline.com.br\/site\/author\/juliana\/#author"},"creator":{"@id":"https:\/\/anoticiaonline.com.br\/site\/author\/juliana\/#author"},"image":{"@type":"ImageObject","url":"https:\/\/anoticiaonline.com.br\/site\/wp-content\/uploads\/2017\/02\/diretores04.jpg","@id":"https:\/\/anoticiaonline.com.br\/site\/educacao-da-posse-a-novos-diretores-de-escolas-municipais\/#mainImage","width":640,"height":426},"primaryImageOfPage":{"@id":"https:\/\/anoticiaonline.com.br\/site\/educacao-da-posse-a-novos-diretores-de-escolas-municipais\/#mainImage"},"datePublished":"2017-02-24T17:29:40-03:00","dateModified":"2017-02-24T17:29:40-03:00"},{"@type":"WebSite","@id":"https:\/\/anoticiaonline.com.br\/site\/#website","url":"https:\/\/anoticiaonline.com.br\/site\/","name":"A Not\u00edcia Online","description":"Noticias de Muria\u00e9 e regi\u00e3o","inLanguage":"pt-BR","publisher":{"@id":"https:\/\/anoticiaonline.com.br\/site\/#organization"}}]},"og:locale":"pt_BR","og:site_name":"A Not\u00edcia Online - Noticias de Muria\u00e9 e regi\u00e3o","og:type":"article","og:title":"Educa\u00e7\u00e3o d\u00e1 posse a novos diretores de escolas municipais - A Not\u00edcia Online","og:description":"Os novos diretores e vice-diretores de 39 escolas da rede p\u00fablica municipal de ensino tomaram posse oficialmente de seus cargos na noite de quinta-feira (23), em solenidade promovida pela Secretaria de Educa\u00e7\u00e3o, Esporte e Lazer de Muria\u00e9 (SEEL), no Teatro Zaccaria Marques. Todos foram recebidos pelo p\u00fablico de forma descontra\u00edda, sob m\u00fasica, confete e aplausos.","og:url":"https:\/\/anoticiaonline.com.br\/site\/educacao-da-posse-a-novos-diretores-de-escolas-municipais\/","og:image":"https:\/\/scontent-gig4-1.xx.fbcdn.net\/v\/t39.30808-1\/270437624_4564083193639691_6907940295614233970_n.jpg?stp=dst-jpg_s200x200_tt6&#038;_nc_cat=111&#038;ccb=1-7&#038;_nc_sid=f907e8&#038;_nc_ohc=SM1wRlP3lJwQ7kNvwEPuBYA&#038;_nc_oc=AdnqrjDN_BNjSSHWO-GbkIWH6fkGMLw4bqvL_NH6e2wMveX7G-rP2dAqsDSq1mJMOaY&#038;_nc_zt=24&#038;_nc_ht=scontent-gig4-1.xx&#038;_nc_gid=AoBFJeGrT1hVaew_6rchkQ&#038;oh=00_AfX7QmFGhQhG2jAllVgXCiM1ZrWgvtp80-Bfppyexh1QEg&#038;oe=689E923C","og:image:secure_url":"https:\/\/scontent-gig4-1.xx.fbcdn.net\/v\/t39.30808-1\/270437624_4564083193639691_6907940295614233970_n.jpg?stp=dst-jpg_s200x200_tt6&#038;_nc_cat=111&#038;ccb=1-7&#038;_nc_sid=f907e8&#038;_nc_ohc=SM1wRlP3lJwQ7kNvwEPuBYA&#038;_nc_oc=AdnqrjDN_BNjSSHWO-GbkIWH6fkGMLw4bqvL_NH6e2wMveX7G-rP2dAqsDSq1mJMOaY&#038;_nc_zt=24&#038;_nc_ht=scontent-gig4-1.xx&#038;_nc_gid=AoBFJeGrT1hVaew_6rchkQ&#038;oh=00_AfX7QmFGhQhG2jAllVgXCiM1ZrWgvtp80-Bfppyexh1QEg&#038;oe=689E923C","article:published_time":"2017-02-24T20:29:40+00:00","article:modified_time":"2017-02-24T20:29:40+00:00","twitter:card":"summary_large_image","twitter:title":"Educa\u00e7\u00e3o d\u00e1 posse a novos diretores de escolas municipais - A Not\u00edcia Online","twitter:description":"Os novos diretores e vice-diretores de 39 escolas da rede p\u00fablica municipal de ensino tomaram posse oficialmente de seus cargos na noite de quinta-feira (23), em solenidade promovida pela Secretaria de Educa\u00e7\u00e3o, Esporte e Lazer de Muria\u00e9 (SEEL), no Teatro Zaccaria Marques. Todos foram recebidos pelo p\u00fablico de forma descontra\u00edda, sob m\u00fasica, confete e aplausos.","twitter:image":"https:\/\/scontent-gig4-1.xx.fbcdn.net\/v\/t39.30808-1\/270437624_4564083193639691_6907940295614233970_n.jpg?stp=dst-jpg_s200x200_tt6&_nc_cat=111&ccb=1-7&_nc_sid=f907e8&_nc_ohc=SM1wRlP3lJwQ7kNvwEPuBYA&_nc_oc=AdnqrjDN_BNjSSHWO-GbkIWH6fkGMLw4bqvL_NH6e2wMveX7G-rP2dAqsDSq1mJMOaY&_nc_zt=24&_nc_ht=scontent-gig4-1.xx&_nc_gid=AoBFJeGrT1hVaew_6rchkQ&oh=00_AfX7QmFGhQhG2jAllVgXCiM1ZrWgvtp80-Bfppyexh1QEg&oe=689E923C"},"aioseo_meta_data":{"post_id":"25116","title":null,"description":null,"keywords":null,"keyphrases":null,"primary_term":null,"canonical_url":null,"og_title":null,"og_description":null,"og_object_type":"default","og_image_type":"default","og_image_url":null,"og_image_width":null,"og_image_height":null,"og_image_custom_url":null,"og_image_custom_fields":null,"og_video":null,"og_custom_url":null,"og_article_section":null,"og_article_tags":null,"twitter_use_og":false,"twitter_card":"default","twitter_image_type":"default","twitter_image_url":null,"twitter_image_custom_url":null,"twitter_image_custom_fields":null,"twitter_title":null,"twitter_description":null,"schema":{"blockGraphs":[],"customGraphs":[],"default":{"data":{"Article":[],"Course":[],"Dataset":[],"FAQPage":[],"Movie":[],"Person":[],"Product":[],"ProductReview":[],"Car":[],"Recipe":[],"Service":[],"SoftwareApplication":[],"WebPage":[]},"graphName":"","isEnabled":true},"graphs":[]},"schema_type":"default","schema_type_options":null,"pillar_content":false,"robots_default":true,"robots_noindex":false,"robots_noarchive":false,"robots_nosnippet":false,"robots_nofollow":false,"robots_noimageindex":false,"robots_noodp":false,"robots_notranslate":false,"robots_max_snippet":null,"robots_max_videopreview":null,"robots_max_imagepreview":"large","priority":null,"frequency":null,"local_seo":null,"breadcrumb_settings":null,"limit_modified_date":false,"ai":null,"created":"2025-08-16 17:51:40","updated":"2025-08-16 17:51:40","focus_keyword":null,"additional_keywords":null,"truseo_locale":null,"seo_analyzer_scan_date":null},"aioseo_breadcrumb":"<div class=\"aioseo-breadcrumbs\"><span class=\"aioseo-breadcrumb\">\n\t\t\t<a href=\"https:\/\/anoticiaonline.com.br\/site\" title=\"Home\">Home<\/a>\n\t\t<\/span><span class=\"aioseo-breadcrumb-separator\">&raquo;<\/span><span class=\"aioseo-breadcrumb\">\n\t\t\t<a href=\"https:\/\/anoticiaonline.com.br\/site\/categoria\/muriae\/\" title=\"Blog\">Blog<\/a>\n\t\t<\/span><span class=\"aioseo-breadcrumb-separator\">&raquo;<\/span><span class=\"aioseo-breadcrumb\">\n\t\t\tEduca\u00e7\u00e3o d\u00e1 posse a novos diretores de escolas municipais\n\t\t<\/span><\/div>","aioseo_breadcrumb_json":[{"label":"Home","link":"https:\/\/anoticiaonline.com.br\/site"},{"label":"Blog","link":"https:\/\/anoticiaonline.com.br\/site\/categoria\/muriae\/"},{"label":"Educa\u00e7\u00e3o d\u00e1 posse a novos diretores de escolas municipais","link":"https:\/\/anoticiaonline.com.br\/site\/educacao-da-posse-a-novos-diretores-de-escolas-municipais\/"}],"views":214,"_links":{"self":[{"href":"https:\/\/anoticiaonline.com.br\/site\/wp-json\/wp\/v2\/posts\/25116","targetHints":{"allow":["GET"]}}],"collection":[{"href":"https:\/\/anoticiaonline.com.br\/site\/wp-json\/wp\/v2\/posts"}],"about":[{"href":"https:\/\/anoticiaonline.com.br\/site\/wp-json\/wp\/v2\/types\/post"}],"author":[{"embeddable":true,"href":"https:\/\/anoticiaonline.com.br\/site\/wp-json\/wp\/v2\/users\/2"}],"replies":[{"embeddable":true,"href":"https:\/\/anoticiaonline.com.br\/site\/wp-json\/wp\/v2\/comments?post=25116"}],"version-history":[{"count":0,"href":"https:\/\/anoticiaonline.com.br\/site\/wp-json\/wp\/v2\/posts\/25116\/revisions"}],"wp:featuredmedia":[{"embeddable":true,"href":"https:\/\/anoticiaonline.com.br\/site\/wp-json\/wp\/v2\/media\/25117"}],"wp:attachment":[{"href":"https:\/\/anoticiaonline.com.br\/site\/wp-json\/wp\/v2\/media?parent=25116"}],"wp:term":[{"taxonomy":"category","embeddable":true,"href":"https:\/\/anoticiaonline.com.br\/site\/wp-json\/wp\/v2\/categories?post=25116"},{"taxonomy":"post_tag","embeddable":true,"href":"https:\/\/anoticiaonline.com.br\/site\/wp-json\/wp\/v2\/tags?post=25116"}],"curies":[{"name":"wp","href":"https:\/\/api.w.org\/{rel}","templated":true}]}}