{"id":24964,"date":"2017-02-23T14:49:58","date_gmt":"2017-02-23T17:49:58","guid":{"rendered":"http:\/\/anoticiaonline.com.br\/site\/?p=24964"},"modified":"2017-02-23T14:52:18","modified_gmt":"2017-02-23T17:52:18","slug":"prefeitura-e-demsur-realizam-audiencia-publica-na-camara","status":"publish","type":"post","link":"https:\/\/anoticiaonline.com.br\/site\/prefeitura-e-demsur-realizam-audiencia-publica-na-camara\/","title":{"rendered":"Prefeitura e Demsur realizam audi\u00eancia p\u00fablica na C\u00e2mara de presta\u00e7\u00e3o de contas"},"content":{"rendered":"<p><a href=\"https:\/\/anoticiaonline.com.br\/site\/wp-content\/uploads\/2017\/02\/IMG_1365.jpg\"><img fetchpriority=\"high\" decoding=\"async\" class=\" size-medium wp-image-24965 alignleft\" src=\"https:\/\/anoticiaonline.com.br\/site\/wp-content\/uploads\/2017\/02\/IMG_1365-300x227.jpg\" alt=\"IMG_1365\" width=\"300\" height=\"227\" srcset=\"https:\/\/anoticiaonline.com.br\/site\/wp-content\/uploads\/2017\/02\/IMG_1365-300x227.jpg 300w, https:\/\/anoticiaonline.com.br\/site\/wp-content\/uploads\/2017\/02\/IMG_1365.jpg 640w\" sizes=\"(max-width: 300px) 100vw, 300px\" \/><\/a>A audi\u00eancia p\u00fablica da Prefeitura de Muria\u00e9 e do Departamento de Saneamento Urbano (Demsur) foi realizada na quarta-feira (22), no plen\u00e1rio da C\u00e2mara, em cumprimento \u00e0 Lei de Responsabilidade Fiscal n\u00ba 101\/2000.<\/p>\n<p>As apresenta\u00e7\u00f5es e demonstra\u00e7\u00f5es foram referentes ao terceiro quadrimestre de 2016, com avalia\u00e7\u00f5es sobre o cumprimento das metas fiscais de receitas e despesas do Poder Executivo e da autarquia. Houveram algumas argumenta\u00e7\u00f5es sobre as contas pagas e alguns restos a pagar que ficaram de um ano para outro.<\/p>\n<p>Para apresentar os demonstrativos cont\u00e1beis, oficiais e encaminhados ao Tribunal de Contas do Eestado\/MG e cumprir as exig\u00eancias da LRF no que tange ao equil\u00edbrio das contas p\u00fablicas, estiveram presentes o secret\u00e1rio de Fazenda da Prefeitura, C\u00e9lio de Paula, e o contador do Demsur, Marcelo Carneiro.<\/p>\n<p>Tamb\u00e9m fizeram parte da audi\u00eancia p\u00fablica os secret\u00e1rios de Planejamento, Silvio Salvato; de Obras P\u00fablicas e Urbanismo, Aderbal Fernandes e a adjunta, Maita Machado; de Sa\u00fade, Paulo C\u00e9sar Oliveira e o adjunto, Wescley de Souza; o controlador, Odair da Silveira e o diretor do Demuttran, Ivanin Pimentel.<\/p>\n<p>O Demsur esteve representado tamb\u00e9m pelo diretor-geral, Renato Bernardes, e pelo controlador interno, Patrick Ara\u00fajo. No recinto da C\u00e2mara, ainda estiveram presentes o vereador Jos\u00e9 Carlos Cerqueira, Jair Abreu, David Lacerda e J\u00falio Simbra.<\/p>\n","protected":false},"excerpt":{"rendered":"<p>A audi\u00eancia p\u00fablica da Prefeitura de Muria\u00e9 e do Departamento de Saneamento Urbano (Demsur) foi realizada na quarta-feira (22), no plen\u00e1rio da C\u00e2mara, em cumprimento \u00e0 Lei de Responsabilidade Fiscal n\u00ba 101\/2000. As apresenta\u00e7\u00f5es e demonstra\u00e7\u00f5es foram referentes ao terceiro quadrimestre de 2016, com avalia\u00e7\u00f5es sobre o cumprimento das metas fiscais de receitas e despesas &#8230; <a title=\"Prefeitura e Demsur realizam audi\u00eancia p\u00fablica na C\u00e2mara de presta\u00e7\u00e3o de contas\" class=\"read-more\" href=\"https:\/\/anoticiaonline.com.br\/site\/prefeitura-e-demsur-realizam-audiencia-publica-na-camara\/\" aria-label=\"Read more about Prefeitura e Demsur realizam audi\u00eancia p\u00fablica na C\u00e2mara de presta\u00e7\u00e3o de contas\">Ler mais<\/a><\/p>\n","protected":false},"author":2,"featured_media":24965,"comment_status":"open","ping_status":"open","sticky":false,"template":"","format":"standard","meta":{"_acf_changed":false,"_monsterinsights_skip_tracking":false,"footnotes":""},"categories":[30],"tags":[3],"class_list":["post-24964","post","type-post","status-publish","format-standard","has-post-thumbnail","hentry","category-muriae","tag-slide"],"acf":[],"aioseo_notices":[],"aioseo_head":"\n\t\t<!-- All in One SEO 5.0.0.1 - aioseo.com -->\n\t<meta name=\"description\" content=\"A audi\u00eancia p\u00fablica da Prefeitura de Muria\u00e9 e do Departamento de Saneamento Urbano (Demsur) foi realizada na quarta-feira (22), no plen\u00e1rio da C\u00e2mara, em cumprimento \u00e0 Lei de Responsabilidade Fiscal n\u00ba 101\/2000. As apresenta\u00e7\u00f5es e demonstra\u00e7\u00f5es foram referentes ao terceiro quadrimestre de 2016, com avalia\u00e7\u00f5es sobre o cumprimento das metas fiscais de receitas e despesas\" \/>\n\t<meta name=\"robots\" content=\"max-image-preview:large\" \/>\n\t<meta name=\"author\" content=\"Juliana Laviola\"\/>\n\t<link rel=\"canonical\" href=\"https:\/\/anoticiaonline.com.br\/site\/prefeitura-e-demsur-realizam-audiencia-publica-na-camara\/\" \/>\n\t<meta name=\"generator\" content=\"All in One SEO (AIOSEO) 5.0.0.1\" \/>\n\t\t<meta property=\"og:locale\" content=\"pt_BR\" \/>\n\t\t<meta property=\"og:site_name\" content=\"A Not\u00edcia Online - Noticias de Muria\u00e9 e regi\u00e3o\" \/>\n\t\t<meta property=\"og:type\" content=\"article\" \/>\n\t\t<meta property=\"og:title\" content=\"Prefeitura e Demsur realizam audi\u00eancia p\u00fablica na C\u00e2mara de presta\u00e7\u00e3o de contas - A Not\u00edcia Online\" \/>\n\t\t<meta property=\"og:description\" content=\"A audi\u00eancia p\u00fablica da Prefeitura de Muria\u00e9 e do Departamento de Saneamento Urbano (Demsur) foi realizada na quarta-feira (22), no plen\u00e1rio da C\u00e2mara, em cumprimento \u00e0 Lei de Responsabilidade Fiscal n\u00ba 101\/2000. As apresenta\u00e7\u00f5es e demonstra\u00e7\u00f5es foram referentes ao terceiro quadrimestre de 2016, com avalia\u00e7\u00f5es sobre o cumprimento das metas fiscais de receitas e despesas\" \/>\n\t\t<meta property=\"og:url\" content=\"https:\/\/anoticiaonline.com.br\/site\/prefeitura-e-demsur-realizam-audiencia-publica-na-camara\/\" \/>\n\t\t<meta property=\"og:image\" content=\"https:\/\/scontent-gig4-1.xx.fbcdn.net\/v\/t39.30808-1\/270437624_4564083193639691_6907940295614233970_n.jpg?stp=dst-jpg_s200x200_tt6&#038;_nc_cat=111&#038;ccb=1-7&#038;_nc_sid=f907e8&#038;_nc_ohc=SM1wRlP3lJwQ7kNvwEPuBYA&#038;_nc_oc=AdnqrjDN_BNjSSHWO-GbkIWH6fkGMLw4bqvL_NH6e2wMveX7G-rP2dAqsDSq1mJMOaY&#038;_nc_zt=24&#038;_nc_ht=scontent-gig4-1.xx&#038;_nc_gid=AoBFJeGrT1hVaew_6rchkQ&#038;oh=00_AfX7QmFGhQhG2jAllVgXCiM1ZrWgvtp80-Bfppyexh1QEg&#038;oe=689E923C\" \/>\n\t\t<meta property=\"og:image:secure_url\" content=\"https:\/\/scontent-gig4-1.xx.fbcdn.net\/v\/t39.30808-1\/270437624_4564083193639691_6907940295614233970_n.jpg?stp=dst-jpg_s200x200_tt6&#038;_nc_cat=111&#038;ccb=1-7&#038;_nc_sid=f907e8&#038;_nc_ohc=SM1wRlP3lJwQ7kNvwEPuBYA&#038;_nc_oc=AdnqrjDN_BNjSSHWO-GbkIWH6fkGMLw4bqvL_NH6e2wMveX7G-rP2dAqsDSq1mJMOaY&#038;_nc_zt=24&#038;_nc_ht=scontent-gig4-1.xx&#038;_nc_gid=AoBFJeGrT1hVaew_6rchkQ&#038;oh=00_AfX7QmFGhQhG2jAllVgXCiM1ZrWgvtp80-Bfppyexh1QEg&#038;oe=689E923C\" \/>\n\t\t<meta property=\"article:published_time\" content=\"2017-02-23T17:49:58+00:00\" \/>\n\t\t<meta property=\"article:modified_time\" content=\"2017-02-23T17:52:18+00:00\" \/>\n\t\t<meta name=\"twitter:card\" content=\"summary_large_image\" \/>\n\t\t<meta name=\"twitter:title\" content=\"Prefeitura e Demsur realizam audi\u00eancia p\u00fablica na C\u00e2mara de presta\u00e7\u00e3o de contas - A Not\u00edcia Online\" \/>\n\t\t<meta name=\"twitter:description\" content=\"A audi\u00eancia p\u00fablica da Prefeitura de Muria\u00e9 e do Departamento de Saneamento Urbano (Demsur) foi realizada na quarta-feira (22), no plen\u00e1rio da C\u00e2mara, em cumprimento \u00e0 Lei de Responsabilidade Fiscal n\u00ba 101\/2000. As apresenta\u00e7\u00f5es e demonstra\u00e7\u00f5es foram referentes ao terceiro quadrimestre de 2016, com avalia\u00e7\u00f5es sobre o cumprimento das metas fiscais de receitas e despesas\" \/>\n\t\t<meta name=\"twitter:image\" content=\"https:\/\/scontent-gig4-1.xx.fbcdn.net\/v\/t39.30808-1\/270437624_4564083193639691_6907940295614233970_n.jpg?stp=dst-jpg_s200x200_tt6&amp;_nc_cat=111&amp;ccb=1-7&amp;_nc_sid=f907e8&amp;_nc_ohc=SM1wRlP3lJwQ7kNvwEPuBYA&amp;_nc_oc=AdnqrjDN_BNjSSHWO-GbkIWH6fkGMLw4bqvL_NH6e2wMveX7G-rP2dAqsDSq1mJMOaY&amp;_nc_zt=24&amp;_nc_ht=scontent-gig4-1.xx&amp;_nc_gid=AoBFJeGrT1hVaew_6rchkQ&amp;oh=00_AfX7QmFGhQhG2jAllVgXCiM1ZrWgvtp80-Bfppyexh1QEg&amp;oe=689E923C\" \/>\n\t\t<script type=\"application\/ld+json\" class=\"aioseo-schema\">\n\t\t\t{\"@context\":\"https:\\\/\\\/schema.org\",\"@graph\":[{\"@type\":\"BlogPosting\",\"@id\":\"https:\\\/\\\/anoticiaonline.com.br\\\/site\\\/prefeitura-e-demsur-realizam-audiencia-publica-na-camara\\\/#blogposting\",\"name\":\"Prefeitura e Demsur realizam audi\\u00eancia p\\u00fablica na C\\u00e2mara de presta\\u00e7\\u00e3o de contas - A Not\\u00edcia Online\",\"headline\":\"Prefeitura e Demsur realizam audi\\u00eancia p\\u00fablica na C\\u00e2mara de presta\\u00e7\\u00e3o de contas\",\"author\":{\"@id\":\"https:\\\/\\\/anoticiaonline.com.br\\\/site\\\/author\\\/juliana\\\/#author\"},\"publisher\":{\"@id\":\"https:\\\/\\\/anoticiaonline.com.br\\\/site\\\/#organization\"},\"image\":{\"@type\":\"ImageObject\",\"url\":\"https:\\\/\\\/anoticiaonline.com.br\\\/site\\\/wp-content\\\/uploads\\\/2017\\\/02\\\/IMG_1365.jpg\",\"width\":640,\"height\":484},\"datePublished\":\"2017-02-23T14:49:58-03:00\",\"dateModified\":\"2017-02-23T14:52:18-03:00\",\"inLanguage\":\"pt-BR\",\"mainEntityOfPage\":{\"@id\":\"https:\\\/\\\/anoticiaonline.com.br\\\/site\\\/prefeitura-e-demsur-realizam-audiencia-publica-na-camara\\\/#webpage\"},\"isPartOf\":{\"@id\":\"https:\\\/\\\/anoticiaonline.com.br\\\/site\\\/prefeitura-e-demsur-realizam-audiencia-publica-na-camara\\\/#webpage\"},\"articleSection\":\"Blog, slide\"},{\"@type\":\"BreadcrumbList\",\"@id\":\"https:\\\/\\\/anoticiaonline.com.br\\\/site\\\/prefeitura-e-demsur-realizam-audiencia-publica-na-camara\\\/#breadcrumblist\",\"itemListElement\":[{\"@type\":\"ListItem\",\"@id\":\"https:\\\/\\\/anoticiaonline.com.br\\\/site#listItem\",\"position\":1,\"name\":\"Home\",\"item\":\"https:\\\/\\\/anoticiaonline.com.br\\\/site\",\"nextItem\":{\"@type\":\"ListItem\",\"@id\":\"https:\\\/\\\/anoticiaonline.com.br\\\/site\\\/categoria\\\/muriae\\\/#listItem\",\"name\":\"Blog\"}},{\"@type\":\"ListItem\",\"@id\":\"https:\\\/\\\/anoticiaonline.com.br\\\/site\\\/categoria\\\/muriae\\\/#listItem\",\"position\":2,\"name\":\"Blog\",\"item\":\"https:\\\/\\\/anoticiaonline.com.br\\\/site\\\/categoria\\\/muriae\\\/\",\"nextItem\":{\"@type\":\"ListItem\",\"@id\":\"https:\\\/\\\/anoticiaonline.com.br\\\/site\\\/prefeitura-e-demsur-realizam-audiencia-publica-na-camara\\\/#listItem\",\"name\":\"Prefeitura e Demsur realizam audi\\u00eancia p\\u00fablica na C\\u00e2mara de presta\\u00e7\\u00e3o de contas\"},\"previousItem\":{\"@type\":\"ListItem\",\"@id\":\"https:\\\/\\\/anoticiaonline.com.br\\\/site#listItem\",\"name\":\"Home\"}},{\"@type\":\"ListItem\",\"@id\":\"https:\\\/\\\/anoticiaonline.com.br\\\/site\\\/prefeitura-e-demsur-realizam-audiencia-publica-na-camara\\\/#listItem\",\"position\":3,\"name\":\"Prefeitura e Demsur realizam audi\\u00eancia p\\u00fablica na C\\u00e2mara de presta\\u00e7\\u00e3o de contas\",\"previousItem\":{\"@type\":\"ListItem\",\"@id\":\"https:\\\/\\\/anoticiaonline.com.br\\\/site\\\/categoria\\\/muriae\\\/#listItem\",\"name\":\"Blog\"}}]},{\"@type\":\"Organization\",\"@id\":\"https:\\\/\\\/anoticiaonline.com.br\\\/site\\\/#organization\",\"name\":\"A Not\\u00edcia Online\",\"description\":\"Noticias de Muria\\u00e9 e regi\\u00e3o\",\"url\":\"https:\\\/\\\/anoticiaonline.com.br\\\/site\\\/\",\"logo\":{\"@type\":\"ImageObject\",\"url\":\"https:\\\/\\\/scontent-gig4-1.xx.fbcdn.net\\\/v\\\/t39.30808-1\\\/270437624_4564083193639691_6907940295614233970_n.jpg?stp=dst-jpg_s200x200_tt6&_nc_cat=111&ccb=1-7&_nc_sid=f907e8&_nc_ohc=SM1wRlP3lJwQ7kNvwEPuBYA&_nc_oc=AdnqrjDN_BNjSSHWO-GbkIWH6fkGMLw4bqvL_NH6e2wMveX7G-rP2dAqsDSq1mJMOaY&_nc_zt=24&_nc_ht=scontent-gig4-1.xx&_nc_gid=AoBFJeGrT1hVaew_6rchkQ&oh=00_AfX7QmFGhQhG2jAllVgXCiM1ZrWgvtp80-Bfppyexh1QEg&oe=689E923C\",\"@id\":\"https:\\\/\\\/anoticiaonline.com.br\\\/site\\\/prefeitura-e-demsur-realizam-audiencia-publica-na-camara\\\/#organizationLogo\"},\"image\":{\"@id\":\"https:\\\/\\\/anoticiaonline.com.br\\\/site\\\/prefeitura-e-demsur-realizam-audiencia-publica-na-camara\\\/#organizationLogo\"}},{\"@type\":\"Person\",\"@id\":\"https:\\\/\\\/anoticiaonline.com.br\\\/site\\\/author\\\/juliana\\\/#author\",\"url\":\"https:\\\/\\\/anoticiaonline.com.br\\\/site\\\/author\\\/juliana\\\/\",\"name\":\"Juliana Laviola\",\"image\":{\"@type\":\"ImageObject\",\"@id\":\"https:\\\/\\\/anoticiaonline.com.br\\\/site\\\/prefeitura-e-demsur-realizam-audiencia-publica-na-camara\\\/#authorImage\",\"url\":\"https:\\\/\\\/secure.gravatar.com\\\/avatar\\\/b8d45f5c699b100dfaf0e543582f38f38bf94cb7ae3a5e9abf8d891a34773335?s=96&d=mm&r=g\",\"width\":96,\"height\":96,\"caption\":\"Juliana Laviola\"}},{\"@type\":\"WebPage\",\"@id\":\"https:\\\/\\\/anoticiaonline.com.br\\\/site\\\/prefeitura-e-demsur-realizam-audiencia-publica-na-camara\\\/#webpage\",\"url\":\"https:\\\/\\\/anoticiaonline.com.br\\\/site\\\/prefeitura-e-demsur-realizam-audiencia-publica-na-camara\\\/\",\"name\":\"Prefeitura e Demsur realizam audi\\u00eancia p\\u00fablica na C\\u00e2mara de presta\\u00e7\\u00e3o de contas - A Not\\u00edcia Online\",\"description\":\"A audi\\u00eancia p\\u00fablica da Prefeitura de Muria\\u00e9 e do Departamento de Saneamento Urbano (Demsur) foi realizada na quarta-feira (22), no plen\\u00e1rio da C\\u00e2mara, em cumprimento \\u00e0 Lei de Responsabilidade Fiscal n\\u00ba 101\\\/2000. As apresenta\\u00e7\\u00f5es e demonstra\\u00e7\\u00f5es foram referentes ao terceiro quadrimestre de 2016, com avalia\\u00e7\\u00f5es sobre o cumprimento das metas fiscais de receitas e despesas\",\"inLanguage\":\"pt-BR\",\"isPartOf\":{\"@id\":\"https:\\\/\\\/anoticiaonline.com.br\\\/site\\\/#website\"},\"breadcrumb\":{\"@id\":\"https:\\\/\\\/anoticiaonline.com.br\\\/site\\\/prefeitura-e-demsur-realizam-audiencia-publica-na-camara\\\/#breadcrumblist\"},\"author\":{\"@id\":\"https:\\\/\\\/anoticiaonline.com.br\\\/site\\\/author\\\/juliana\\\/#author\"},\"creator\":{\"@id\":\"https:\\\/\\\/anoticiaonline.com.br\\\/site\\\/author\\\/juliana\\\/#author\"},\"image\":{\"@type\":\"ImageObject\",\"url\":\"https:\\\/\\\/anoticiaonline.com.br\\\/site\\\/wp-content\\\/uploads\\\/2017\\\/02\\\/IMG_1365.jpg\",\"@id\":\"https:\\\/\\\/anoticiaonline.com.br\\\/site\\\/prefeitura-e-demsur-realizam-audiencia-publica-na-camara\\\/#mainImage\",\"width\":640,\"height\":484},\"primaryImageOfPage\":{\"@id\":\"https:\\\/\\\/anoticiaonline.com.br\\\/site\\\/prefeitura-e-demsur-realizam-audiencia-publica-na-camara\\\/#mainImage\"},\"datePublished\":\"2017-02-23T14:49:58-03:00\",\"dateModified\":\"2017-02-23T14:52:18-03:00\"},{\"@type\":\"WebSite\",\"@id\":\"https:\\\/\\\/anoticiaonline.com.br\\\/site\\\/#website\",\"url\":\"https:\\\/\\\/anoticiaonline.com.br\\\/site\\\/\",\"name\":\"A Not\\u00edcia Online\",\"description\":\"Noticias de Muria\\u00e9 e regi\\u00e3o\",\"inLanguage\":\"pt-BR\",\"publisher\":{\"@id\":\"https:\\\/\\\/anoticiaonline.com.br\\\/site\\\/#organization\"}}]}\n\t\t<\/script>\n\t\t<!-- All in One SEO -->\n\n","aioseo_head_json":{"title":"Prefeitura e Demsur realizam audi\u00eancia p\u00fablica na C\u00e2mara de presta\u00e7\u00e3o de contas - A Not\u00edcia Online","description":"A audi\u00eancia p\u00fablica da Prefeitura de Muria\u00e9 e do Departamento de Saneamento Urbano (Demsur) foi realizada na quarta-feira (22), no plen\u00e1rio da C\u00e2mara, em cumprimento \u00e0 Lei de Responsabilidade Fiscal n\u00ba 101\/2000. As apresenta\u00e7\u00f5es e demonstra\u00e7\u00f5es foram referentes ao terceiro quadrimestre de 2016, com avalia\u00e7\u00f5es sobre o cumprimento das metas fiscais de receitas e despesas","canonical_url":"https:\/\/anoticiaonline.com.br\/site\/prefeitura-e-demsur-realizam-audiencia-publica-na-camara\/","robots":"max-image-preview:large","keywords":"","webmasterTools":{"miscellaneous":""},"schema":{"@context":"https:\/\/schema.org","@graph":[{"@type":"BlogPosting","@id":"https:\/\/anoticiaonline.com.br\/site\/prefeitura-e-demsur-realizam-audiencia-publica-na-camara\/#blogposting","name":"Prefeitura e Demsur realizam audi\u00eancia p\u00fablica na C\u00e2mara de presta\u00e7\u00e3o de contas - A Not\u00edcia Online","headline":"Prefeitura e Demsur realizam audi\u00eancia p\u00fablica na C\u00e2mara de presta\u00e7\u00e3o de contas","author":{"@id":"https:\/\/anoticiaonline.com.br\/site\/author\/juliana\/#author"},"publisher":{"@id":"https:\/\/anoticiaonline.com.br\/site\/#organization"},"image":{"@type":"ImageObject","url":"https:\/\/anoticiaonline.com.br\/site\/wp-content\/uploads\/2017\/02\/IMG_1365.jpg","width":640,"height":484},"datePublished":"2017-02-23T14:49:58-03:00","dateModified":"2017-02-23T14:52:18-03:00","inLanguage":"pt-BR","mainEntityOfPage":{"@id":"https:\/\/anoticiaonline.com.br\/site\/prefeitura-e-demsur-realizam-audiencia-publica-na-camara\/#webpage"},"isPartOf":{"@id":"https:\/\/anoticiaonline.com.br\/site\/prefeitura-e-demsur-realizam-audiencia-publica-na-camara\/#webpage"},"articleSection":"Blog, slide"},{"@type":"BreadcrumbList","@id":"https:\/\/anoticiaonline.com.br\/site\/prefeitura-e-demsur-realizam-audiencia-publica-na-camara\/#breadcrumblist","itemListElement":[{"@type":"ListItem","@id":"https:\/\/anoticiaonline.com.br\/site#listItem","position":1,"name":"Home","item":"https:\/\/anoticiaonline.com.br\/site","nextItem":{"@type":"ListItem","@id":"https:\/\/anoticiaonline.com.br\/site\/categoria\/muriae\/#listItem","name":"Blog"}},{"@type":"ListItem","@id":"https:\/\/anoticiaonline.com.br\/site\/categoria\/muriae\/#listItem","position":2,"name":"Blog","item":"https:\/\/anoticiaonline.com.br\/site\/categoria\/muriae\/","nextItem":{"@type":"ListItem","@id":"https:\/\/anoticiaonline.com.br\/site\/prefeitura-e-demsur-realizam-audiencia-publica-na-camara\/#listItem","name":"Prefeitura e Demsur realizam audi\u00eancia p\u00fablica na C\u00e2mara de presta\u00e7\u00e3o de contas"},"previousItem":{"@type":"ListItem","@id":"https:\/\/anoticiaonline.com.br\/site#listItem","name":"Home"}},{"@type":"ListItem","@id":"https:\/\/anoticiaonline.com.br\/site\/prefeitura-e-demsur-realizam-audiencia-publica-na-camara\/#listItem","position":3,"name":"Prefeitura e Demsur realizam audi\u00eancia p\u00fablica na C\u00e2mara de presta\u00e7\u00e3o de contas","previousItem":{"@type":"ListItem","@id":"https:\/\/anoticiaonline.com.br\/site\/categoria\/muriae\/#listItem","name":"Blog"}}]},{"@type":"Organization","@id":"https:\/\/anoticiaonline.com.br\/site\/#organization","name":"A Not\u00edcia Online","description":"Noticias de Muria\u00e9 e regi\u00e3o","url":"https:\/\/anoticiaonline.com.br\/site\/","logo":{"@type":"ImageObject","url":"https:\/\/scontent-gig4-1.xx.fbcdn.net\/v\/t39.30808-1\/270437624_4564083193639691_6907940295614233970_n.jpg?stp=dst-jpg_s200x200_tt6&_nc_cat=111&ccb=1-7&_nc_sid=f907e8&_nc_ohc=SM1wRlP3lJwQ7kNvwEPuBYA&_nc_oc=AdnqrjDN_BNjSSHWO-GbkIWH6fkGMLw4bqvL_NH6e2wMveX7G-rP2dAqsDSq1mJMOaY&_nc_zt=24&_nc_ht=scontent-gig4-1.xx&_nc_gid=AoBFJeGrT1hVaew_6rchkQ&oh=00_AfX7QmFGhQhG2jAllVgXCiM1ZrWgvtp80-Bfppyexh1QEg&oe=689E923C","@id":"https:\/\/anoticiaonline.com.br\/site\/prefeitura-e-demsur-realizam-audiencia-publica-na-camara\/#organizationLogo"},"image":{"@id":"https:\/\/anoticiaonline.com.br\/site\/prefeitura-e-demsur-realizam-audiencia-publica-na-camara\/#organizationLogo"}},{"@type":"Person","@id":"https:\/\/anoticiaonline.com.br\/site\/author\/juliana\/#author","url":"https:\/\/anoticiaonline.com.br\/site\/author\/juliana\/","name":"Juliana Laviola","image":{"@type":"ImageObject","@id":"https:\/\/anoticiaonline.com.br\/site\/prefeitura-e-demsur-realizam-audiencia-publica-na-camara\/#authorImage","url":"https:\/\/secure.gravatar.com\/avatar\/b8d45f5c699b100dfaf0e543582f38f38bf94cb7ae3a5e9abf8d891a34773335?s=96&d=mm&r=g","width":96,"height":96,"caption":"Juliana Laviola"}},{"@type":"WebPage","@id":"https:\/\/anoticiaonline.com.br\/site\/prefeitura-e-demsur-realizam-audiencia-publica-na-camara\/#webpage","url":"https:\/\/anoticiaonline.com.br\/site\/prefeitura-e-demsur-realizam-audiencia-publica-na-camara\/","name":"Prefeitura e Demsur realizam audi\u00eancia p\u00fablica na C\u00e2mara de presta\u00e7\u00e3o de contas - A Not\u00edcia Online","description":"A audi\u00eancia p\u00fablica da Prefeitura de Muria\u00e9 e do Departamento de Saneamento Urbano (Demsur) foi realizada na quarta-feira (22), no plen\u00e1rio da C\u00e2mara, em cumprimento \u00e0 Lei de Responsabilidade Fiscal n\u00ba 101\/2000. As apresenta\u00e7\u00f5es e demonstra\u00e7\u00f5es foram referentes ao terceiro quadrimestre de 2016, com avalia\u00e7\u00f5es sobre o cumprimento das metas fiscais de receitas e despesas","inLanguage":"pt-BR","isPartOf":{"@id":"https:\/\/anoticiaonline.com.br\/site\/#website"},"breadcrumb":{"@id":"https:\/\/anoticiaonline.com.br\/site\/prefeitura-e-demsur-realizam-audiencia-publica-na-camara\/#breadcrumblist"},"author":{"@id":"https:\/\/anoticiaonline.com.br\/site\/author\/juliana\/#author"},"creator":{"@id":"https:\/\/anoticiaonline.com.br\/site\/author\/juliana\/#author"},"image":{"@type":"ImageObject","url":"https:\/\/anoticiaonline.com.br\/site\/wp-content\/uploads\/2017\/02\/IMG_1365.jpg","@id":"https:\/\/anoticiaonline.com.br\/site\/prefeitura-e-demsur-realizam-audiencia-publica-na-camara\/#mainImage","width":640,"height":484},"primaryImageOfPage":{"@id":"https:\/\/anoticiaonline.com.br\/site\/prefeitura-e-demsur-realizam-audiencia-publica-na-camara\/#mainImage"},"datePublished":"2017-02-23T14:49:58-03:00","dateModified":"2017-02-23T14:52:18-03:00"},{"@type":"WebSite","@id":"https:\/\/anoticiaonline.com.br\/site\/#website","url":"https:\/\/anoticiaonline.com.br\/site\/","name":"A Not\u00edcia Online","description":"Noticias de Muria\u00e9 e regi\u00e3o","inLanguage":"pt-BR","publisher":{"@id":"https:\/\/anoticiaonline.com.br\/site\/#organization"}}]},"og:locale":"pt_BR","og:site_name":"A Not\u00edcia Online - Noticias de Muria\u00e9 e regi\u00e3o","og:type":"article","og:title":"Prefeitura e Demsur realizam audi\u00eancia p\u00fablica na C\u00e2mara de presta\u00e7\u00e3o de contas - A Not\u00edcia Online","og:description":"A audi\u00eancia p\u00fablica da Prefeitura de Muria\u00e9 e do Departamento de Saneamento Urbano (Demsur) foi realizada na quarta-feira (22), no plen\u00e1rio da C\u00e2mara, em cumprimento \u00e0 Lei de Responsabilidade Fiscal n\u00ba 101\/2000. As apresenta\u00e7\u00f5es e demonstra\u00e7\u00f5es foram referentes ao terceiro quadrimestre de 2016, com avalia\u00e7\u00f5es sobre o cumprimento das metas fiscais de receitas e despesas","og:url":"https:\/\/anoticiaonline.com.br\/site\/prefeitura-e-demsur-realizam-audiencia-publica-na-camara\/","og:image":"https:\/\/scontent-gig4-1.xx.fbcdn.net\/v\/t39.30808-1\/270437624_4564083193639691_6907940295614233970_n.jpg?stp=dst-jpg_s200x200_tt6&#038;_nc_cat=111&#038;ccb=1-7&#038;_nc_sid=f907e8&#038;_nc_ohc=SM1wRlP3lJwQ7kNvwEPuBYA&#038;_nc_oc=AdnqrjDN_BNjSSHWO-GbkIWH6fkGMLw4bqvL_NH6e2wMveX7G-rP2dAqsDSq1mJMOaY&#038;_nc_zt=24&#038;_nc_ht=scontent-gig4-1.xx&#038;_nc_gid=AoBFJeGrT1hVaew_6rchkQ&#038;oh=00_AfX7QmFGhQhG2jAllVgXCiM1ZrWgvtp80-Bfppyexh1QEg&#038;oe=689E923C","og:image:secure_url":"https:\/\/scontent-gig4-1.xx.fbcdn.net\/v\/t39.30808-1\/270437624_4564083193639691_6907940295614233970_n.jpg?stp=dst-jpg_s200x200_tt6&#038;_nc_cat=111&#038;ccb=1-7&#038;_nc_sid=f907e8&#038;_nc_ohc=SM1wRlP3lJwQ7kNvwEPuBYA&#038;_nc_oc=AdnqrjDN_BNjSSHWO-GbkIWH6fkGMLw4bqvL_NH6e2wMveX7G-rP2dAqsDSq1mJMOaY&#038;_nc_zt=24&#038;_nc_ht=scontent-gig4-1.xx&#038;_nc_gid=AoBFJeGrT1hVaew_6rchkQ&#038;oh=00_AfX7QmFGhQhG2jAllVgXCiM1ZrWgvtp80-Bfppyexh1QEg&#038;oe=689E923C","article:published_time":"2017-02-23T17:49:58+00:00","article:modified_time":"2017-02-23T17:52:18+00:00","twitter:card":"summary_large_image","twitter:title":"Prefeitura e Demsur realizam audi\u00eancia p\u00fablica na C\u00e2mara de presta\u00e7\u00e3o de contas - A Not\u00edcia Online","twitter:description":"A audi\u00eancia p\u00fablica da Prefeitura de Muria\u00e9 e do Departamento de Saneamento Urbano (Demsur) foi realizada na quarta-feira (22), no plen\u00e1rio da C\u00e2mara, em cumprimento \u00e0 Lei de Responsabilidade Fiscal n\u00ba 101\/2000. As apresenta\u00e7\u00f5es e demonstra\u00e7\u00f5es foram referentes ao terceiro quadrimestre de 2016, com avalia\u00e7\u00f5es sobre o cumprimento das metas fiscais de receitas e despesas","twitter:image":"https:\/\/scontent-gig4-1.xx.fbcdn.net\/v\/t39.30808-1\/270437624_4564083193639691_6907940295614233970_n.jpg?stp=dst-jpg_s200x200_tt6&_nc_cat=111&ccb=1-7&_nc_sid=f907e8&_nc_ohc=SM1wRlP3lJwQ7kNvwEPuBYA&_nc_oc=AdnqrjDN_BNjSSHWO-GbkIWH6fkGMLw4bqvL_NH6e2wMveX7G-rP2dAqsDSq1mJMOaY&_nc_zt=24&_nc_ht=scontent-gig4-1.xx&_nc_gid=AoBFJeGrT1hVaew_6rchkQ&oh=00_AfX7QmFGhQhG2jAllVgXCiM1ZrWgvtp80-Bfppyexh1QEg&oe=689E923C"},"aioseo_meta_data":{"post_id":"24964","title":null,"description":null,"keywords":null,"keyphrases":null,"primary_term":null,"canonical_url":null,"og_title":null,"og_description":null,"og_object_type":"default","og_image_type":"default","og_image_url":null,"og_image_width":null,"og_image_height":null,"og_image_custom_url":null,"og_image_custom_fields":null,"og_video":null,"og_custom_url":null,"og_article_section":null,"og_article_tags":null,"twitter_use_og":false,"twitter_card":"default","twitter_image_type":"default","twitter_image_url":null,"twitter_image_custom_url":null,"twitter_image_custom_fields":null,"twitter_title":null,"twitter_description":null,"schema":{"blockGraphs":[],"customGraphs":[],"default":{"data":{"Article":[],"Course":[],"Dataset":[],"FAQPage":[],"Movie":[],"Person":[],"Product":[],"ProductReview":[],"Car":[],"Recipe":[],"Service":[],"SoftwareApplication":[],"WebPage":[]},"graphName":"","isEnabled":true},"graphs":[]},"schema_type":"default","schema_type_options":null,"pillar_content":false,"robots_default":true,"robots_noindex":false,"robots_noarchive":false,"robots_nosnippet":false,"robots_nofollow":false,"robots_noimageindex":false,"robots_noodp":false,"robots_notranslate":false,"robots_max_snippet":null,"robots_max_videopreview":null,"robots_max_imagepreview":"large","priority":null,"frequency":null,"local_seo":null,"breadcrumb_settings":null,"limit_modified_date":false,"ai":null,"created":"2025-08-16 17:50:24","updated":"2025-08-16 17:50:24","focus_keyword":null,"additional_keywords":null,"truseo_locale":null,"seo_analyzer_scan_date":null},"aioseo_breadcrumb":"<div class=\"aioseo-breadcrumbs\"><span class=\"aioseo-breadcrumb\">\n\t\t\t<a href=\"https:\/\/anoticiaonline.com.br\/site\" title=\"Home\">Home<\/a>\n\t\t<\/span><span class=\"aioseo-breadcrumb-separator\">&raquo;<\/span><span class=\"aioseo-breadcrumb\">\n\t\t\t<a href=\"https:\/\/anoticiaonline.com.br\/site\/categoria\/muriae\/\" title=\"Blog\">Blog<\/a>\n\t\t<\/span><span class=\"aioseo-breadcrumb-separator\">&raquo;<\/span><span class=\"aioseo-breadcrumb\">\n\t\t\tPrefeitura e Demsur realizam audi\u00eancia p\u00fablica na C\u00e2mara de presta\u00e7\u00e3o de contas\n\t\t<\/span><\/div>","aioseo_breadcrumb_json":[{"label":"Home","link":"https:\/\/anoticiaonline.com.br\/site"},{"label":"Blog","link":"https:\/\/anoticiaonline.com.br\/site\/categoria\/muriae\/"},{"label":"Prefeitura e Demsur realizam audi\u00eancia p\u00fablica na C\u00e2mara de presta\u00e7\u00e3o de contas","link":"https:\/\/anoticiaonline.com.br\/site\/prefeitura-e-demsur-realizam-audiencia-publica-na-camara\/"}],"views":122,"_links":{"self":[{"href":"https:\/\/anoticiaonline.com.br\/site\/wp-json\/wp\/v2\/posts\/24964","targetHints":{"allow":["GET"]}}],"collection":[{"href":"https:\/\/anoticiaonline.com.br\/site\/wp-json\/wp\/v2\/posts"}],"about":[{"href":"https:\/\/anoticiaonline.com.br\/site\/wp-json\/wp\/v2\/types\/post"}],"author":[{"embeddable":true,"href":"https:\/\/anoticiaonline.com.br\/site\/wp-json\/wp\/v2\/users\/2"}],"replies":[{"embeddable":true,"href":"https:\/\/anoticiaonline.com.br\/site\/wp-json\/wp\/v2\/comments?post=24964"}],"version-history":[{"count":0,"href":"https:\/\/anoticiaonline.com.br\/site\/wp-json\/wp\/v2\/posts\/24964\/revisions"}],"wp:featuredmedia":[{"embeddable":true,"href":"https:\/\/anoticiaonline.com.br\/site\/wp-json\/wp\/v2\/media\/24965"}],"wp:attachment":[{"href":"https:\/\/anoticiaonline.com.br\/site\/wp-json\/wp\/v2\/media?parent=24964"}],"wp:term":[{"taxonomy":"category","embeddable":true,"href":"https:\/\/anoticiaonline.com.br\/site\/wp-json\/wp\/v2\/categories?post=24964"},{"taxonomy":"post_tag","embeddable":true,"href":"https:\/\/anoticiaonline.com.br\/site\/wp-json\/wp\/v2\/tags?post=24964"}],"curies":[{"name":"wp","href":"https:\/\/api.w.org\/{rel}","templated":true}]}}