{"id":24841,"date":"2017-02-22T17:07:49","date_gmt":"2017-02-22T20:07:49","guid":{"rendered":"http:\/\/anoticiaonline.com.br\/site\/?p=24841"},"modified":"2017-02-22T17:10:32","modified_gmt":"2017-02-22T20:10:32","slug":"crianca-realiza-sonho-e-comemora-aniversario-com-os-garis","status":"publish","type":"post","link":"https:\/\/anoticiaonline.com.br\/site\/crianca-realiza-sonho-e-comemora-aniversario-com-os-garis\/","title":{"rendered":"Crian\u00e7a realiza sonho e comemora anivers\u00e1rio com os garis"},"content":{"rendered":"<p><a href=\"https:\/\/anoticiaonline.com.br\/site\/wp-content\/uploads\/2017\/02\/foto-7.jpg\"><img fetchpriority=\"high\" decoding=\"async\" class=\" size-medium wp-image-24842 alignleft\" src=\"https:\/\/anoticiaonline.com.br\/site\/wp-content\/uploads\/2017\/02\/foto-7-300x169.jpg\" alt=\"foto 7\" width=\"300\" height=\"169\" srcset=\"https:\/\/anoticiaonline.com.br\/site\/wp-content\/uploads\/2017\/02\/foto-7-300x169.jpg 300w, https:\/\/anoticiaonline.com.br\/site\/wp-content\/uploads\/2017\/02\/foto-7.jpg 640w\" sizes=\"(max-width: 300px) 100vw, 300px\" \/><\/a>\u201cEu quero ser lixeiro!\u201d. Esse \u00e9 o desejo do menino Pedro Lopes de Andrade Gouvea, de 4 anos, quando a fam\u00edlia pergunta o que ele quer ser quando crescer. A resposta vem com a mesma alegria e intensidade de quando chegam os \u201cpersonagens\u201d de seu sonho na sua rua no bairro S\u00e3o Francisco. Reais, eles correm atr\u00e1s do caminh\u00e3o prensa, coletando o lixo pela cidade, fazendo amigos nas casas. E n\u00e3o diferente de outras crian\u00e7as, da sua janela, Pedro foi construindo dia a dia uma intimidade e, hoje, tem uma amizade com os garis, servidores do Demsur, Sandro, Bebeto, J\u00falio, Gen\u00e9sio e Marco Ant\u00f4nio.<\/p>\n<p>Mas Pedro tinha mais um desejo, e esse foi atendido por seus pais, It\u00e1lia Lopes e Leandro Gouvea: comemorar seu anivers\u00e1rio de 4 anos junto de seus \u201camiguinhos\u201d. Ao ser comunicada por seus pais do desejo do filho, a diretoria do Demsur, com apoio dos familiares de Pedro, proporcionou, na quarta-feira (22), no ponto de apoio, no bairro S\u00e3o Pedro, o momento t\u00e3o esperado pelo garoto. Vestido a car\u00e1ter, de uniforme de gari, Pedro teve o \u201cParab\u00e9ns pra voc\u00ea!\u201d cantado pelos servidores, familiares e pelo diretor-geral da autarquia, Geraldo Vergilino de Freitas Junior.<\/p>\n<p>\u201cO que ficou para n\u00f3s deste momento foi o desejo de uma crian\u00e7a ser gari, o respeito com que os pais tratam essa quest\u00e3o de profiss\u00e3o. Eles fizeram de tudo para que o sonho de Pedro fosse realizado; incentivaram, porque a admira\u00e7\u00e3o e amizade devem ser preservadas e todas as profiss\u00f5es respeitadas\u201d, destaca Geraldo J\u00fanior.<\/p>\n<p>\u201cEste foi o terceiro \u2018parab\u00e9ns\u2019 realizado para Pedro. Um foi em casa, com os familiares, outro na Escola S\u00e3o Paulo e hoje aqui, junto aos garis. Eu s\u00f3 tenho a agradecer pela acolhida. Realizamos o sonho de meu filho. Ter seus amiguinhos garis em sua festa foi um presente para n\u00f3s\u201d, diz It\u00e1lia Lopes, m\u00e3e de Pedro.<\/p>\n<p>Paulo Roberto (Bebeto), servidor h\u00e1 dois anos no Demsur, falou da satisfa\u00e7\u00e3o e reconhecimento das crian\u00e7as pelo trabalho do gari. \u201cFoi uma grande satisfa\u00e7\u00e3o, porque muitos adultos n\u00e3o reconhecem o trabalho dos garis, mas as crian\u00e7as t\u00eam reconhecido e t\u00eam at\u00e9 vontade de trabalhar com a gente. Muitos pais perguntam ao filho qual profiss\u00e3o ele quer ter quando crescer e eles respondem ser garis, isso por ver a atividade que a gente faz durante o dia\u201d, afirma Bebeto.<\/p>\n<p>\u201cA gente fica feliz por ter uma crian\u00e7a do lado da gente. \u00c9 um prazer imenso v\u00ea-los satisfeitos quando a gente passa para pegar lixo na porta da casa deles. Foi um momento muito feliz para n\u00f3s, para a fam\u00edlia dele\u201d, completa J\u00falio, servidor h\u00e1 15 anos do Demsur.<\/p>\n<p><strong>VEJA ABAIXO OS REGISTROS DA FESTA:<\/strong><\/p>\n<p><img decoding=\"async\" class=\"ngg_displayed_gallery mceItem\" src=\"https:\/\/anoticiaonline.com.br\/site\/nextgen-attach_to_post\/preview\/id--24857\" alt=\"\" \/><\/p>\n","protected":false},"excerpt":{"rendered":"<p>\u201cEu quero ser lixeiro!\u201d. Esse \u00e9 o desejo do menino Pedro Lopes de Andrade Gouvea, de 4 anos, quando a fam\u00edlia pergunta o que ele quer ser quando crescer. A resposta vem com a mesma alegria e intensidade de quando chegam os \u201cpersonagens\u201d de seu sonho na sua rua no bairro S\u00e3o Francisco. Reais, eles &#8230; <a title=\"Crian\u00e7a realiza sonho e comemora anivers\u00e1rio com os garis\" class=\"read-more\" href=\"https:\/\/anoticiaonline.com.br\/site\/crianca-realiza-sonho-e-comemora-aniversario-com-os-garis\/\" aria-label=\"Read more about Crian\u00e7a realiza sonho e comemora anivers\u00e1rio com os garis\">Ler mais<\/a><\/p>\n","protected":false},"author":2,"featured_media":24842,"comment_status":"open","ping_status":"open","sticky":false,"template":"","format":"standard","meta":{"_acf_changed":false,"_monsterinsights_skip_tracking":false,"footnotes":""},"categories":[30],"tags":[3],"class_list":["post-24841","post","type-post","status-publish","format-standard","has-post-thumbnail","hentry","category-muriae","tag-slide"],"acf":[],"aioseo_notices":[],"aioseo_head":"\n\t\t<!-- All in One SEO 5.0.0.1 - aioseo.com -->\n\t<meta name=\"description\" content=\"\u201cEu quero ser lixeiro!\u201d. Esse \u00e9 o desejo do menino Pedro Lopes de Andrade Gouvea, de 4 anos, quando a fam\u00edlia pergunta o que ele quer ser quando crescer. A resposta vem com a mesma alegria e intensidade de quando chegam os \u201cpersonagens\u201d de seu sonho na sua rua no bairro S\u00e3o Francisco. Reais, eles\" \/>\n\t<meta name=\"robots\" content=\"max-image-preview:large\" \/>\n\t<meta name=\"author\" content=\"Juliana Laviola\"\/>\n\t<link rel=\"canonical\" href=\"https:\/\/anoticiaonline.com.br\/site\/crianca-realiza-sonho-e-comemora-aniversario-com-os-garis\/\" \/>\n\t<meta name=\"generator\" content=\"All in One SEO (AIOSEO) 5.0.0.1\" \/>\n\t\t<meta property=\"og:locale\" content=\"pt_BR\" \/>\n\t\t<meta property=\"og:site_name\" content=\"A Not\u00edcia Online - Noticias de Muria\u00e9 e regi\u00e3o\" \/>\n\t\t<meta property=\"og:type\" content=\"article\" \/>\n\t\t<meta property=\"og:title\" content=\"Crian\u00e7a realiza sonho e comemora anivers\u00e1rio com os garis - A Not\u00edcia Online\" \/>\n\t\t<meta property=\"og:description\" content=\"\u201cEu quero ser lixeiro!\u201d. Esse \u00e9 o desejo do menino Pedro Lopes de Andrade Gouvea, de 4 anos, quando a fam\u00edlia pergunta o que ele quer ser quando crescer. A resposta vem com a mesma alegria e intensidade de quando chegam os \u201cpersonagens\u201d de seu sonho na sua rua no bairro S\u00e3o Francisco. Reais, eles\" \/>\n\t\t<meta property=\"og:url\" content=\"https:\/\/anoticiaonline.com.br\/site\/crianca-realiza-sonho-e-comemora-aniversario-com-os-garis\/\" \/>\n\t\t<meta property=\"og:image\" content=\"https:\/\/scontent-gig4-1.xx.fbcdn.net\/v\/t39.30808-1\/270437624_4564083193639691_6907940295614233970_n.jpg?stp=dst-jpg_s200x200_tt6&#038;_nc_cat=111&#038;ccb=1-7&#038;_nc_sid=f907e8&#038;_nc_ohc=SM1wRlP3lJwQ7kNvwEPuBYA&#038;_nc_oc=AdnqrjDN_BNjSSHWO-GbkIWH6fkGMLw4bqvL_NH6e2wMveX7G-rP2dAqsDSq1mJMOaY&#038;_nc_zt=24&#038;_nc_ht=scontent-gig4-1.xx&#038;_nc_gid=AoBFJeGrT1hVaew_6rchkQ&#038;oh=00_AfX7QmFGhQhG2jAllVgXCiM1ZrWgvtp80-Bfppyexh1QEg&#038;oe=689E923C\" \/>\n\t\t<meta property=\"og:image:secure_url\" content=\"https:\/\/scontent-gig4-1.xx.fbcdn.net\/v\/t39.30808-1\/270437624_4564083193639691_6907940295614233970_n.jpg?stp=dst-jpg_s200x200_tt6&#038;_nc_cat=111&#038;ccb=1-7&#038;_nc_sid=f907e8&#038;_nc_ohc=SM1wRlP3lJwQ7kNvwEPuBYA&#038;_nc_oc=AdnqrjDN_BNjSSHWO-GbkIWH6fkGMLw4bqvL_NH6e2wMveX7G-rP2dAqsDSq1mJMOaY&#038;_nc_zt=24&#038;_nc_ht=scontent-gig4-1.xx&#038;_nc_gid=AoBFJeGrT1hVaew_6rchkQ&#038;oh=00_AfX7QmFGhQhG2jAllVgXCiM1ZrWgvtp80-Bfppyexh1QEg&#038;oe=689E923C\" \/>\n\t\t<meta property=\"article:published_time\" content=\"2017-02-22T20:07:49+00:00\" \/>\n\t\t<meta property=\"article:modified_time\" content=\"2017-02-22T20:10:32+00:00\" \/>\n\t\t<meta name=\"twitter:card\" content=\"summary_large_image\" \/>\n\t\t<meta name=\"twitter:title\" content=\"Crian\u00e7a realiza sonho e comemora anivers\u00e1rio com os garis - A Not\u00edcia Online\" \/>\n\t\t<meta name=\"twitter:description\" content=\"\u201cEu quero ser lixeiro!\u201d. Esse \u00e9 o desejo do menino Pedro Lopes de Andrade Gouvea, de 4 anos, quando a fam\u00edlia pergunta o que ele quer ser quando crescer. A resposta vem com a mesma alegria e intensidade de quando chegam os \u201cpersonagens\u201d de seu sonho na sua rua no bairro S\u00e3o Francisco. Reais, eles\" \/>\n\t\t<meta name=\"twitter:image\" content=\"https:\/\/scontent-gig4-1.xx.fbcdn.net\/v\/t39.30808-1\/270437624_4564083193639691_6907940295614233970_n.jpg?stp=dst-jpg_s200x200_tt6&amp;_nc_cat=111&amp;ccb=1-7&amp;_nc_sid=f907e8&amp;_nc_ohc=SM1wRlP3lJwQ7kNvwEPuBYA&amp;_nc_oc=AdnqrjDN_BNjSSHWO-GbkIWH6fkGMLw4bqvL_NH6e2wMveX7G-rP2dAqsDSq1mJMOaY&amp;_nc_zt=24&amp;_nc_ht=scontent-gig4-1.xx&amp;_nc_gid=AoBFJeGrT1hVaew_6rchkQ&amp;oh=00_AfX7QmFGhQhG2jAllVgXCiM1ZrWgvtp80-Bfppyexh1QEg&amp;oe=689E923C\" \/>\n\t\t<script type=\"application\/ld+json\" class=\"aioseo-schema\">\n\t\t\t{\"@context\":\"https:\\\/\\\/schema.org\",\"@graph\":[{\"@type\":\"BlogPosting\",\"@id\":\"https:\\\/\\\/anoticiaonline.com.br\\\/site\\\/crianca-realiza-sonho-e-comemora-aniversario-com-os-garis\\\/#blogposting\",\"name\":\"Crian\\u00e7a realiza sonho e comemora anivers\\u00e1rio com os garis - A Not\\u00edcia Online\",\"headline\":\"Crian\\u00e7a realiza sonho e comemora anivers\\u00e1rio com os garis\",\"author\":{\"@id\":\"https:\\\/\\\/anoticiaonline.com.br\\\/site\\\/author\\\/juliana\\\/#author\"},\"publisher\":{\"@id\":\"https:\\\/\\\/anoticiaonline.com.br\\\/site\\\/#organization\"},\"image\":{\"@type\":\"ImageObject\",\"url\":\"https:\\\/\\\/anoticiaonline.com.br\\\/site\\\/wp-content\\\/uploads\\\/2017\\\/02\\\/foto-7.jpg\",\"width\":640,\"height\":361},\"datePublished\":\"2017-02-22T17:07:49-03:00\",\"dateModified\":\"2017-02-22T17:10:32-03:00\",\"inLanguage\":\"pt-BR\",\"mainEntityOfPage\":{\"@id\":\"https:\\\/\\\/anoticiaonline.com.br\\\/site\\\/crianca-realiza-sonho-e-comemora-aniversario-com-os-garis\\\/#webpage\"},\"isPartOf\":{\"@id\":\"https:\\\/\\\/anoticiaonline.com.br\\\/site\\\/crianca-realiza-sonho-e-comemora-aniversario-com-os-garis\\\/#webpage\"},\"articleSection\":\"Blog, slide\"},{\"@type\":\"BreadcrumbList\",\"@id\":\"https:\\\/\\\/anoticiaonline.com.br\\\/site\\\/crianca-realiza-sonho-e-comemora-aniversario-com-os-garis\\\/#breadcrumblist\",\"itemListElement\":[{\"@type\":\"ListItem\",\"@id\":\"https:\\\/\\\/anoticiaonline.com.br\\\/site#listItem\",\"position\":1,\"name\":\"Home\",\"item\":\"https:\\\/\\\/anoticiaonline.com.br\\\/site\",\"nextItem\":{\"@type\":\"ListItem\",\"@id\":\"https:\\\/\\\/anoticiaonline.com.br\\\/site\\\/categoria\\\/muriae\\\/#listItem\",\"name\":\"Blog\"}},{\"@type\":\"ListItem\",\"@id\":\"https:\\\/\\\/anoticiaonline.com.br\\\/site\\\/categoria\\\/muriae\\\/#listItem\",\"position\":2,\"name\":\"Blog\",\"item\":\"https:\\\/\\\/anoticiaonline.com.br\\\/site\\\/categoria\\\/muriae\\\/\",\"nextItem\":{\"@type\":\"ListItem\",\"@id\":\"https:\\\/\\\/anoticiaonline.com.br\\\/site\\\/crianca-realiza-sonho-e-comemora-aniversario-com-os-garis\\\/#listItem\",\"name\":\"Crian\\u00e7a realiza sonho e comemora anivers\\u00e1rio com os garis\"},\"previousItem\":{\"@type\":\"ListItem\",\"@id\":\"https:\\\/\\\/anoticiaonline.com.br\\\/site#listItem\",\"name\":\"Home\"}},{\"@type\":\"ListItem\",\"@id\":\"https:\\\/\\\/anoticiaonline.com.br\\\/site\\\/crianca-realiza-sonho-e-comemora-aniversario-com-os-garis\\\/#listItem\",\"position\":3,\"name\":\"Crian\\u00e7a realiza sonho e comemora anivers\\u00e1rio com os garis\",\"previousItem\":{\"@type\":\"ListItem\",\"@id\":\"https:\\\/\\\/anoticiaonline.com.br\\\/site\\\/categoria\\\/muriae\\\/#listItem\",\"name\":\"Blog\"}}]},{\"@type\":\"Organization\",\"@id\":\"https:\\\/\\\/anoticiaonline.com.br\\\/site\\\/#organization\",\"name\":\"A Not\\u00edcia Online\",\"description\":\"Noticias de Muria\\u00e9 e regi\\u00e3o\",\"url\":\"https:\\\/\\\/anoticiaonline.com.br\\\/site\\\/\",\"logo\":{\"@type\":\"ImageObject\",\"url\":\"https:\\\/\\\/scontent-gig4-1.xx.fbcdn.net\\\/v\\\/t39.30808-1\\\/270437624_4564083193639691_6907940295614233970_n.jpg?stp=dst-jpg_s200x200_tt6&_nc_cat=111&ccb=1-7&_nc_sid=f907e8&_nc_ohc=SM1wRlP3lJwQ7kNvwEPuBYA&_nc_oc=AdnqrjDN_BNjSSHWO-GbkIWH6fkGMLw4bqvL_NH6e2wMveX7G-rP2dAqsDSq1mJMOaY&_nc_zt=24&_nc_ht=scontent-gig4-1.xx&_nc_gid=AoBFJeGrT1hVaew_6rchkQ&oh=00_AfX7QmFGhQhG2jAllVgXCiM1ZrWgvtp80-Bfppyexh1QEg&oe=689E923C\",\"@id\":\"https:\\\/\\\/anoticiaonline.com.br\\\/site\\\/crianca-realiza-sonho-e-comemora-aniversario-com-os-garis\\\/#organizationLogo\"},\"image\":{\"@id\":\"https:\\\/\\\/anoticiaonline.com.br\\\/site\\\/crianca-realiza-sonho-e-comemora-aniversario-com-os-garis\\\/#organizationLogo\"}},{\"@type\":\"Person\",\"@id\":\"https:\\\/\\\/anoticiaonline.com.br\\\/site\\\/author\\\/juliana\\\/#author\",\"url\":\"https:\\\/\\\/anoticiaonline.com.br\\\/site\\\/author\\\/juliana\\\/\",\"name\":\"Juliana Laviola\",\"image\":{\"@type\":\"ImageObject\",\"@id\":\"https:\\\/\\\/anoticiaonline.com.br\\\/site\\\/crianca-realiza-sonho-e-comemora-aniversario-com-os-garis\\\/#authorImage\",\"url\":\"https:\\\/\\\/secure.gravatar.com\\\/avatar\\\/b8d45f5c699b100dfaf0e543582f38f38bf94cb7ae3a5e9abf8d891a34773335?s=96&d=mm&r=g\",\"width\":96,\"height\":96,\"caption\":\"Juliana Laviola\"}},{\"@type\":\"WebPage\",\"@id\":\"https:\\\/\\\/anoticiaonline.com.br\\\/site\\\/crianca-realiza-sonho-e-comemora-aniversario-com-os-garis\\\/#webpage\",\"url\":\"https:\\\/\\\/anoticiaonline.com.br\\\/site\\\/crianca-realiza-sonho-e-comemora-aniversario-com-os-garis\\\/\",\"name\":\"Crian\\u00e7a realiza sonho e comemora anivers\\u00e1rio com os garis - A Not\\u00edcia Online\",\"description\":\"\\u201cEu quero ser lixeiro!\\u201d. Esse \\u00e9 o desejo do menino Pedro Lopes de Andrade Gouvea, de 4 anos, quando a fam\\u00edlia pergunta o que ele quer ser quando crescer. A resposta vem com a mesma alegria e intensidade de quando chegam os \\u201cpersonagens\\u201d de seu sonho na sua rua no bairro S\\u00e3o Francisco. Reais, eles\",\"inLanguage\":\"pt-BR\",\"isPartOf\":{\"@id\":\"https:\\\/\\\/anoticiaonline.com.br\\\/site\\\/#website\"},\"breadcrumb\":{\"@id\":\"https:\\\/\\\/anoticiaonline.com.br\\\/site\\\/crianca-realiza-sonho-e-comemora-aniversario-com-os-garis\\\/#breadcrumblist\"},\"author\":{\"@id\":\"https:\\\/\\\/anoticiaonline.com.br\\\/site\\\/author\\\/juliana\\\/#author\"},\"creator\":{\"@id\":\"https:\\\/\\\/anoticiaonline.com.br\\\/site\\\/author\\\/juliana\\\/#author\"},\"image\":{\"@type\":\"ImageObject\",\"url\":\"https:\\\/\\\/anoticiaonline.com.br\\\/site\\\/wp-content\\\/uploads\\\/2017\\\/02\\\/foto-7.jpg\",\"@id\":\"https:\\\/\\\/anoticiaonline.com.br\\\/site\\\/crianca-realiza-sonho-e-comemora-aniversario-com-os-garis\\\/#mainImage\",\"width\":640,\"height\":361},\"primaryImageOfPage\":{\"@id\":\"https:\\\/\\\/anoticiaonline.com.br\\\/site\\\/crianca-realiza-sonho-e-comemora-aniversario-com-os-garis\\\/#mainImage\"},\"datePublished\":\"2017-02-22T17:07:49-03:00\",\"dateModified\":\"2017-02-22T17:10:32-03:00\"},{\"@type\":\"WebSite\",\"@id\":\"https:\\\/\\\/anoticiaonline.com.br\\\/site\\\/#website\",\"url\":\"https:\\\/\\\/anoticiaonline.com.br\\\/site\\\/\",\"name\":\"A Not\\u00edcia Online\",\"description\":\"Noticias de Muria\\u00e9 e regi\\u00e3o\",\"inLanguage\":\"pt-BR\",\"publisher\":{\"@id\":\"https:\\\/\\\/anoticiaonline.com.br\\\/site\\\/#organization\"}}]}\n\t\t<\/script>\n\t\t<!-- All in One SEO -->\n\n","aioseo_head_json":{"title":"Crian\u00e7a realiza sonho e comemora anivers\u00e1rio com os garis - A Not\u00edcia Online","description":"\u201cEu quero ser lixeiro!\u201d. Esse \u00e9 o desejo do menino Pedro Lopes de Andrade Gouvea, de 4 anos, quando a fam\u00edlia pergunta o que ele quer ser quando crescer. A resposta vem com a mesma alegria e intensidade de quando chegam os \u201cpersonagens\u201d de seu sonho na sua rua no bairro S\u00e3o Francisco. Reais, eles","canonical_url":"https:\/\/anoticiaonline.com.br\/site\/crianca-realiza-sonho-e-comemora-aniversario-com-os-garis\/","robots":"max-image-preview:large","keywords":"","webmasterTools":{"miscellaneous":""},"schema":{"@context":"https:\/\/schema.org","@graph":[{"@type":"BlogPosting","@id":"https:\/\/anoticiaonline.com.br\/site\/crianca-realiza-sonho-e-comemora-aniversario-com-os-garis\/#blogposting","name":"Crian\u00e7a realiza sonho e comemora anivers\u00e1rio com os garis - A Not\u00edcia Online","headline":"Crian\u00e7a realiza sonho e comemora anivers\u00e1rio com os garis","author":{"@id":"https:\/\/anoticiaonline.com.br\/site\/author\/juliana\/#author"},"publisher":{"@id":"https:\/\/anoticiaonline.com.br\/site\/#organization"},"image":{"@type":"ImageObject","url":"https:\/\/anoticiaonline.com.br\/site\/wp-content\/uploads\/2017\/02\/foto-7.jpg","width":640,"height":361},"datePublished":"2017-02-22T17:07:49-03:00","dateModified":"2017-02-22T17:10:32-03:00","inLanguage":"pt-BR","mainEntityOfPage":{"@id":"https:\/\/anoticiaonline.com.br\/site\/crianca-realiza-sonho-e-comemora-aniversario-com-os-garis\/#webpage"},"isPartOf":{"@id":"https:\/\/anoticiaonline.com.br\/site\/crianca-realiza-sonho-e-comemora-aniversario-com-os-garis\/#webpage"},"articleSection":"Blog, slide"},{"@type":"BreadcrumbList","@id":"https:\/\/anoticiaonline.com.br\/site\/crianca-realiza-sonho-e-comemora-aniversario-com-os-garis\/#breadcrumblist","itemListElement":[{"@type":"ListItem","@id":"https:\/\/anoticiaonline.com.br\/site#listItem","position":1,"name":"Home","item":"https:\/\/anoticiaonline.com.br\/site","nextItem":{"@type":"ListItem","@id":"https:\/\/anoticiaonline.com.br\/site\/categoria\/muriae\/#listItem","name":"Blog"}},{"@type":"ListItem","@id":"https:\/\/anoticiaonline.com.br\/site\/categoria\/muriae\/#listItem","position":2,"name":"Blog","item":"https:\/\/anoticiaonline.com.br\/site\/categoria\/muriae\/","nextItem":{"@type":"ListItem","@id":"https:\/\/anoticiaonline.com.br\/site\/crianca-realiza-sonho-e-comemora-aniversario-com-os-garis\/#listItem","name":"Crian\u00e7a realiza sonho e comemora anivers\u00e1rio com os garis"},"previousItem":{"@type":"ListItem","@id":"https:\/\/anoticiaonline.com.br\/site#listItem","name":"Home"}},{"@type":"ListItem","@id":"https:\/\/anoticiaonline.com.br\/site\/crianca-realiza-sonho-e-comemora-aniversario-com-os-garis\/#listItem","position":3,"name":"Crian\u00e7a realiza sonho e comemora anivers\u00e1rio com os garis","previousItem":{"@type":"ListItem","@id":"https:\/\/anoticiaonline.com.br\/site\/categoria\/muriae\/#listItem","name":"Blog"}}]},{"@type":"Organization","@id":"https:\/\/anoticiaonline.com.br\/site\/#organization","name":"A Not\u00edcia Online","description":"Noticias de Muria\u00e9 e regi\u00e3o","url":"https:\/\/anoticiaonline.com.br\/site\/","logo":{"@type":"ImageObject","url":"https:\/\/scontent-gig4-1.xx.fbcdn.net\/v\/t39.30808-1\/270437624_4564083193639691_6907940295614233970_n.jpg?stp=dst-jpg_s200x200_tt6&_nc_cat=111&ccb=1-7&_nc_sid=f907e8&_nc_ohc=SM1wRlP3lJwQ7kNvwEPuBYA&_nc_oc=AdnqrjDN_BNjSSHWO-GbkIWH6fkGMLw4bqvL_NH6e2wMveX7G-rP2dAqsDSq1mJMOaY&_nc_zt=24&_nc_ht=scontent-gig4-1.xx&_nc_gid=AoBFJeGrT1hVaew_6rchkQ&oh=00_AfX7QmFGhQhG2jAllVgXCiM1ZrWgvtp80-Bfppyexh1QEg&oe=689E923C","@id":"https:\/\/anoticiaonline.com.br\/site\/crianca-realiza-sonho-e-comemora-aniversario-com-os-garis\/#organizationLogo"},"image":{"@id":"https:\/\/anoticiaonline.com.br\/site\/crianca-realiza-sonho-e-comemora-aniversario-com-os-garis\/#organizationLogo"}},{"@type":"Person","@id":"https:\/\/anoticiaonline.com.br\/site\/author\/juliana\/#author","url":"https:\/\/anoticiaonline.com.br\/site\/author\/juliana\/","name":"Juliana Laviola","image":{"@type":"ImageObject","@id":"https:\/\/anoticiaonline.com.br\/site\/crianca-realiza-sonho-e-comemora-aniversario-com-os-garis\/#authorImage","url":"https:\/\/secure.gravatar.com\/avatar\/b8d45f5c699b100dfaf0e543582f38f38bf94cb7ae3a5e9abf8d891a34773335?s=96&d=mm&r=g","width":96,"height":96,"caption":"Juliana Laviola"}},{"@type":"WebPage","@id":"https:\/\/anoticiaonline.com.br\/site\/crianca-realiza-sonho-e-comemora-aniversario-com-os-garis\/#webpage","url":"https:\/\/anoticiaonline.com.br\/site\/crianca-realiza-sonho-e-comemora-aniversario-com-os-garis\/","name":"Crian\u00e7a realiza sonho e comemora anivers\u00e1rio com os garis - A Not\u00edcia Online","description":"\u201cEu quero ser lixeiro!\u201d. Esse \u00e9 o desejo do menino Pedro Lopes de Andrade Gouvea, de 4 anos, quando a fam\u00edlia pergunta o que ele quer ser quando crescer. A resposta vem com a mesma alegria e intensidade de quando chegam os \u201cpersonagens\u201d de seu sonho na sua rua no bairro S\u00e3o Francisco. Reais, eles","inLanguage":"pt-BR","isPartOf":{"@id":"https:\/\/anoticiaonline.com.br\/site\/#website"},"breadcrumb":{"@id":"https:\/\/anoticiaonline.com.br\/site\/crianca-realiza-sonho-e-comemora-aniversario-com-os-garis\/#breadcrumblist"},"author":{"@id":"https:\/\/anoticiaonline.com.br\/site\/author\/juliana\/#author"},"creator":{"@id":"https:\/\/anoticiaonline.com.br\/site\/author\/juliana\/#author"},"image":{"@type":"ImageObject","url":"https:\/\/anoticiaonline.com.br\/site\/wp-content\/uploads\/2017\/02\/foto-7.jpg","@id":"https:\/\/anoticiaonline.com.br\/site\/crianca-realiza-sonho-e-comemora-aniversario-com-os-garis\/#mainImage","width":640,"height":361},"primaryImageOfPage":{"@id":"https:\/\/anoticiaonline.com.br\/site\/crianca-realiza-sonho-e-comemora-aniversario-com-os-garis\/#mainImage"},"datePublished":"2017-02-22T17:07:49-03:00","dateModified":"2017-02-22T17:10:32-03:00"},{"@type":"WebSite","@id":"https:\/\/anoticiaonline.com.br\/site\/#website","url":"https:\/\/anoticiaonline.com.br\/site\/","name":"A Not\u00edcia Online","description":"Noticias de Muria\u00e9 e regi\u00e3o","inLanguage":"pt-BR","publisher":{"@id":"https:\/\/anoticiaonline.com.br\/site\/#organization"}}]},"og:locale":"pt_BR","og:site_name":"A Not\u00edcia Online - Noticias de Muria\u00e9 e regi\u00e3o","og:type":"article","og:title":"Crian\u00e7a realiza sonho e comemora anivers\u00e1rio com os garis - A Not\u00edcia Online","og:description":"\u201cEu quero ser lixeiro!\u201d. Esse \u00e9 o desejo do menino Pedro Lopes de Andrade Gouvea, de 4 anos, quando a fam\u00edlia pergunta o que ele quer ser quando crescer. A resposta vem com a mesma alegria e intensidade de quando chegam os \u201cpersonagens\u201d de seu sonho na sua rua no bairro S\u00e3o Francisco. Reais, eles","og:url":"https:\/\/anoticiaonline.com.br\/site\/crianca-realiza-sonho-e-comemora-aniversario-com-os-garis\/","og:image":"https:\/\/scontent-gig4-1.xx.fbcdn.net\/v\/t39.30808-1\/270437624_4564083193639691_6907940295614233970_n.jpg?stp=dst-jpg_s200x200_tt6&#038;_nc_cat=111&#038;ccb=1-7&#038;_nc_sid=f907e8&#038;_nc_ohc=SM1wRlP3lJwQ7kNvwEPuBYA&#038;_nc_oc=AdnqrjDN_BNjSSHWO-GbkIWH6fkGMLw4bqvL_NH6e2wMveX7G-rP2dAqsDSq1mJMOaY&#038;_nc_zt=24&#038;_nc_ht=scontent-gig4-1.xx&#038;_nc_gid=AoBFJeGrT1hVaew_6rchkQ&#038;oh=00_AfX7QmFGhQhG2jAllVgXCiM1ZrWgvtp80-Bfppyexh1QEg&#038;oe=689E923C","og:image:secure_url":"https:\/\/scontent-gig4-1.xx.fbcdn.net\/v\/t39.30808-1\/270437624_4564083193639691_6907940295614233970_n.jpg?stp=dst-jpg_s200x200_tt6&#038;_nc_cat=111&#038;ccb=1-7&#038;_nc_sid=f907e8&#038;_nc_ohc=SM1wRlP3lJwQ7kNvwEPuBYA&#038;_nc_oc=AdnqrjDN_BNjSSHWO-GbkIWH6fkGMLw4bqvL_NH6e2wMveX7G-rP2dAqsDSq1mJMOaY&#038;_nc_zt=24&#038;_nc_ht=scontent-gig4-1.xx&#038;_nc_gid=AoBFJeGrT1hVaew_6rchkQ&#038;oh=00_AfX7QmFGhQhG2jAllVgXCiM1ZrWgvtp80-Bfppyexh1QEg&#038;oe=689E923C","article:published_time":"2017-02-22T20:07:49+00:00","article:modified_time":"2017-02-22T20:10:32+00:00","twitter:card":"summary_large_image","twitter:title":"Crian\u00e7a realiza sonho e comemora anivers\u00e1rio com os garis - A Not\u00edcia Online","twitter:description":"\u201cEu quero ser lixeiro!\u201d. Esse \u00e9 o desejo do menino Pedro Lopes de Andrade Gouvea, de 4 anos, quando a fam\u00edlia pergunta o que ele quer ser quando crescer. A resposta vem com a mesma alegria e intensidade de quando chegam os \u201cpersonagens\u201d de seu sonho na sua rua no bairro S\u00e3o Francisco. Reais, eles","twitter:image":"https:\/\/scontent-gig4-1.xx.fbcdn.net\/v\/t39.30808-1\/270437624_4564083193639691_6907940295614233970_n.jpg?stp=dst-jpg_s200x200_tt6&_nc_cat=111&ccb=1-7&_nc_sid=f907e8&_nc_ohc=SM1wRlP3lJwQ7kNvwEPuBYA&_nc_oc=AdnqrjDN_BNjSSHWO-GbkIWH6fkGMLw4bqvL_NH6e2wMveX7G-rP2dAqsDSq1mJMOaY&_nc_zt=24&_nc_ht=scontent-gig4-1.xx&_nc_gid=AoBFJeGrT1hVaew_6rchkQ&oh=00_AfX7QmFGhQhG2jAllVgXCiM1ZrWgvtp80-Bfppyexh1QEg&oe=689E923C"},"aioseo_meta_data":{"post_id":"24841","title":null,"description":null,"keywords":null,"keyphrases":null,"primary_term":null,"canonical_url":null,"og_title":null,"og_description":null,"og_object_type":"default","og_image_type":"default","og_image_url":null,"og_image_width":null,"og_image_height":null,"og_image_custom_url":null,"og_image_custom_fields":null,"og_video":null,"og_custom_url":null,"og_article_section":null,"og_article_tags":null,"twitter_use_og":false,"twitter_card":"default","twitter_image_type":"default","twitter_image_url":null,"twitter_image_custom_url":null,"twitter_image_custom_fields":null,"twitter_title":null,"twitter_description":null,"schema":{"blockGraphs":[],"customGraphs":[],"default":{"data":{"Article":[],"Course":[],"Dataset":[],"FAQPage":[],"Movie":[],"Person":[],"Product":[],"ProductReview":[],"Car":[],"Recipe":[],"Service":[],"SoftwareApplication":[],"WebPage":[]},"graphName":"","isEnabled":true},"graphs":[]},"schema_type":"default","schema_type_options":null,"pillar_content":false,"robots_default":true,"robots_noindex":false,"robots_noarchive":false,"robots_nosnippet":false,"robots_nofollow":false,"robots_noimageindex":false,"robots_noodp":false,"robots_notranslate":false,"robots_max_snippet":null,"robots_max_videopreview":null,"robots_max_imagepreview":"large","priority":null,"frequency":null,"local_seo":null,"breadcrumb_settings":null,"limit_modified_date":false,"ai":null,"created":"2025-08-16 17:49:21","updated":"2025-08-16 17:49:21","focus_keyword":null,"additional_keywords":null,"truseo_locale":null,"seo_analyzer_scan_date":null},"aioseo_breadcrumb":"<div class=\"aioseo-breadcrumbs\"><span class=\"aioseo-breadcrumb\">\n\t\t\t<a href=\"https:\/\/anoticiaonline.com.br\/site\" title=\"Home\">Home<\/a>\n\t\t<\/span><span class=\"aioseo-breadcrumb-separator\">&raquo;<\/span><span class=\"aioseo-breadcrumb\">\n\t\t\t<a href=\"https:\/\/anoticiaonline.com.br\/site\/categoria\/muriae\/\" title=\"Blog\">Blog<\/a>\n\t\t<\/span><span class=\"aioseo-breadcrumb-separator\">&raquo;<\/span><span class=\"aioseo-breadcrumb\">\n\t\t\tCrian\u00e7a realiza sonho e comemora anivers\u00e1rio com os garis\n\t\t<\/span><\/div>","aioseo_breadcrumb_json":[{"label":"Home","link":"https:\/\/anoticiaonline.com.br\/site"},{"label":"Blog","link":"https:\/\/anoticiaonline.com.br\/site\/categoria\/muriae\/"},{"label":"Crian\u00e7a realiza sonho e comemora anivers\u00e1rio com os garis","link":"https:\/\/anoticiaonline.com.br\/site\/crianca-realiza-sonho-e-comemora-aniversario-com-os-garis\/"}],"views":147,"_links":{"self":[{"href":"https:\/\/anoticiaonline.com.br\/site\/wp-json\/wp\/v2\/posts\/24841","targetHints":{"allow":["GET"]}}],"collection":[{"href":"https:\/\/anoticiaonline.com.br\/site\/wp-json\/wp\/v2\/posts"}],"about":[{"href":"https:\/\/anoticiaonline.com.br\/site\/wp-json\/wp\/v2\/types\/post"}],"author":[{"embeddable":true,"href":"https:\/\/anoticiaonline.com.br\/site\/wp-json\/wp\/v2\/users\/2"}],"replies":[{"embeddable":true,"href":"https:\/\/anoticiaonline.com.br\/site\/wp-json\/wp\/v2\/comments?post=24841"}],"version-history":[{"count":0,"href":"https:\/\/anoticiaonline.com.br\/site\/wp-json\/wp\/v2\/posts\/24841\/revisions"}],"wp:featuredmedia":[{"embeddable":true,"href":"https:\/\/anoticiaonline.com.br\/site\/wp-json\/wp\/v2\/media\/24842"}],"wp:attachment":[{"href":"https:\/\/anoticiaonline.com.br\/site\/wp-json\/wp\/v2\/media?parent=24841"}],"wp:term":[{"taxonomy":"category","embeddable":true,"href":"https:\/\/anoticiaonline.com.br\/site\/wp-json\/wp\/v2\/categories?post=24841"},{"taxonomy":"post_tag","embeddable":true,"href":"https:\/\/anoticiaonline.com.br\/site\/wp-json\/wp\/v2\/tags?post=24841"}],"curies":[{"name":"wp","href":"https:\/\/api.w.org\/{rel}","templated":true}]}}