{"id":24838,"date":"2017-02-22T16:39:08","date_gmt":"2017-02-22T19:39:08","guid":{"rendered":"http:\/\/anoticiaonline.com.br\/site\/?p=24838"},"modified":"2017-02-22T16:39:08","modified_gmt":"2017-02-22T19:39:08","slug":"mutirao-restabelece-via-urbana-e-canteiro-as-margens-da-br-116","status":"publish","type":"post","link":"https:\/\/anoticiaonline.com.br\/site\/mutirao-restabelece-via-urbana-e-canteiro-as-margens-da-br-116\/","title":{"rendered":"Mutir\u00e3o restabelece via urbana e canteiro \u00e0s margens da BR-116"},"content":{"rendered":"<p><a href=\"https:\/\/anoticiaonline.com.br\/site\/wp-content\/uploads\/2017\/02\/IMG_1336.jpg\"><img fetchpriority=\"high\" decoding=\"async\" class=\" size-medium wp-image-24839 alignleft\" src=\"https:\/\/anoticiaonline.com.br\/site\/wp-content\/uploads\/2017\/02\/IMG_1336-300x200.jpg\" alt=\"IMG_1336\" width=\"300\" height=\"200\" srcset=\"https:\/\/anoticiaonline.com.br\/site\/wp-content\/uploads\/2017\/02\/IMG_1336-300x200.jpg 300w, https:\/\/anoticiaonline.com.br\/site\/wp-content\/uploads\/2017\/02\/IMG_1336.jpg 640w\" sizes=\"(max-width: 300px) 100vw, 300px\" \/><\/a>O bairro Santa Luzia, localizado \u00e0s margens da BR-116 \u2013 Km 708, est\u00e1 recebendo melhorias, com a restitui\u00e7\u00e3o da rua que at\u00e9 ent\u00e3o estava invi\u00e1vel para o tr\u00e2nsito &#8211; o prolongamento da via que liga o bairro Universit\u00e1rio ao Gaspar.<\/p>\n<p>A rua, que at\u00e9 certa parte recebe o nome de Jos\u00e9 dos Santos, precisa ser utilizada pelos transportes coletivos para beneficiar dezenas de moradores e trabalhadores que exercem suas fun\u00e7\u00f5es na zona comercial que ali se estabeleceu, assim como atender aos estudantes de faculdades.<\/p>\n<p>A parte da Rua Jos\u00e9 dos Santos pavimentada recebe a opera\u00e7\u00e3o tapa-buraco. Os funcion\u00e1rios da Secretaria de Meio Ambiente efetuam o corte do mato nas laterais dos com\u00e9rcios e oficinas.<\/p>\n<p>Mais \u00e0 frente, pr\u00f3ximo a uma autoel\u00e9trica, o per\u00edmetro est\u00e1 sem piso. O endere\u00e7o desta empresa para correspond\u00eancia ou an\u00fancios \u00e9 BR-116, por\u00e9m, fica dentro de uma \u00e1rea urbana. A partir de ent\u00e3o, o secret\u00e1rio de Obras, Aderbal Fernandes, explica que ir\u00e3o restabelecer a via p\u00fablica e, quem sabe, dar um novo nome ao logradouro. \u201cO transporte coletivo precisa circular naquela regi\u00e3o e trazer os alunos da faculdade em hor\u00e1rios noturnos. Tamb\u00e9m existem os funcion\u00e1rios das oficinas e das revendedoras de ve\u00edculos que utilizam \u00f4nibus para chegar ao trabalho\u201d, esclarece ele, lembrando que ao lado ser\u00e1 constru\u00eddo um novo canteiro \u00e0s margens da rodovia.<\/p>\n","protected":false},"excerpt":{"rendered":"<p>O bairro Santa Luzia, localizado \u00e0s margens da BR-116 \u2013 Km 708, est\u00e1 recebendo melhorias, com a restitui\u00e7\u00e3o da rua que at\u00e9 ent\u00e3o estava invi\u00e1vel para o tr\u00e2nsito &#8211; o prolongamento da via que liga o bairro Universit\u00e1rio ao Gaspar. A rua, que at\u00e9 certa parte recebe o nome de Jos\u00e9 dos Santos, precisa ser &#8230; <a title=\"Mutir\u00e3o restabelece via urbana e canteiro \u00e0s margens da BR-116\" class=\"read-more\" href=\"https:\/\/anoticiaonline.com.br\/site\/mutirao-restabelece-via-urbana-e-canteiro-as-margens-da-br-116\/\" aria-label=\"Read more about Mutir\u00e3o restabelece via urbana e canteiro \u00e0s margens da BR-116\">Ler mais<\/a><\/p>\n","protected":false},"author":2,"featured_media":24839,"comment_status":"open","ping_status":"open","sticky":false,"template":"","format":"standard","meta":{"_acf_changed":false,"_monsterinsights_skip_tracking":false,"footnotes":""},"categories":[30],"tags":[3],"class_list":["post-24838","post","type-post","status-publish","format-standard","has-post-thumbnail","hentry","category-muriae","tag-slide"],"acf":[],"aioseo_notices":[],"aioseo_head":"\n\t\t<!-- All in One SEO 5.0.0.1 - aioseo.com -->\n\t<meta name=\"description\" content=\"O bairro Santa Luzia, localizado \u00e0s margens da BR-116 \u2013 Km 708, est\u00e1 recebendo melhorias, com a restitui\u00e7\u00e3o da rua que at\u00e9 ent\u00e3o estava invi\u00e1vel para o tr\u00e2nsito - o prolongamento da via que liga o bairro Universit\u00e1rio ao Gaspar. A rua, que at\u00e9 certa parte recebe o nome de Jos\u00e9 dos Santos, precisa ser\" \/>\n\t<meta name=\"robots\" content=\"max-image-preview:large\" \/>\n\t<meta name=\"author\" content=\"Juliana Laviola\"\/>\n\t<link rel=\"canonical\" href=\"https:\/\/anoticiaonline.com.br\/site\/mutirao-restabelece-via-urbana-e-canteiro-as-margens-da-br-116\/\" \/>\n\t<meta name=\"generator\" content=\"All in One SEO (AIOSEO) 5.0.0.1\" \/>\n\t\t<meta property=\"og:locale\" content=\"pt_BR\" \/>\n\t\t<meta property=\"og:site_name\" content=\"A Not\u00edcia Online - Noticias de Muria\u00e9 e regi\u00e3o\" \/>\n\t\t<meta property=\"og:type\" content=\"article\" \/>\n\t\t<meta property=\"og:title\" content=\"Mutir\u00e3o restabelece via urbana e canteiro \u00e0s margens da BR-116 - A Not\u00edcia Online\" \/>\n\t\t<meta property=\"og:description\" content=\"O bairro Santa Luzia, localizado \u00e0s margens da BR-116 \u2013 Km 708, est\u00e1 recebendo melhorias, com a restitui\u00e7\u00e3o da rua que at\u00e9 ent\u00e3o estava invi\u00e1vel para o tr\u00e2nsito - o prolongamento da via que liga o bairro Universit\u00e1rio ao Gaspar. A rua, que at\u00e9 certa parte recebe o nome de Jos\u00e9 dos Santos, precisa ser\" \/>\n\t\t<meta property=\"og:url\" content=\"https:\/\/anoticiaonline.com.br\/site\/mutirao-restabelece-via-urbana-e-canteiro-as-margens-da-br-116\/\" \/>\n\t\t<meta property=\"og:image\" content=\"https:\/\/scontent-gig4-1.xx.fbcdn.net\/v\/t39.30808-1\/270437624_4564083193639691_6907940295614233970_n.jpg?stp=dst-jpg_s200x200_tt6&#038;_nc_cat=111&#038;ccb=1-7&#038;_nc_sid=f907e8&#038;_nc_ohc=SM1wRlP3lJwQ7kNvwEPuBYA&#038;_nc_oc=AdnqrjDN_BNjSSHWO-GbkIWH6fkGMLw4bqvL_NH6e2wMveX7G-rP2dAqsDSq1mJMOaY&#038;_nc_zt=24&#038;_nc_ht=scontent-gig4-1.xx&#038;_nc_gid=AoBFJeGrT1hVaew_6rchkQ&#038;oh=00_AfX7QmFGhQhG2jAllVgXCiM1ZrWgvtp80-Bfppyexh1QEg&#038;oe=689E923C\" \/>\n\t\t<meta property=\"og:image:secure_url\" content=\"https:\/\/scontent-gig4-1.xx.fbcdn.net\/v\/t39.30808-1\/270437624_4564083193639691_6907940295614233970_n.jpg?stp=dst-jpg_s200x200_tt6&#038;_nc_cat=111&#038;ccb=1-7&#038;_nc_sid=f907e8&#038;_nc_ohc=SM1wRlP3lJwQ7kNvwEPuBYA&#038;_nc_oc=AdnqrjDN_BNjSSHWO-GbkIWH6fkGMLw4bqvL_NH6e2wMveX7G-rP2dAqsDSq1mJMOaY&#038;_nc_zt=24&#038;_nc_ht=scontent-gig4-1.xx&#038;_nc_gid=AoBFJeGrT1hVaew_6rchkQ&#038;oh=00_AfX7QmFGhQhG2jAllVgXCiM1ZrWgvtp80-Bfppyexh1QEg&#038;oe=689E923C\" \/>\n\t\t<meta property=\"article:published_time\" content=\"2017-02-22T19:39:08+00:00\" \/>\n\t\t<meta property=\"article:modified_time\" content=\"2017-02-22T19:39:08+00:00\" \/>\n\t\t<meta name=\"twitter:card\" content=\"summary_large_image\" \/>\n\t\t<meta name=\"twitter:title\" content=\"Mutir\u00e3o restabelece via urbana e canteiro \u00e0s margens da BR-116 - A Not\u00edcia Online\" \/>\n\t\t<meta name=\"twitter:description\" content=\"O bairro Santa Luzia, localizado \u00e0s margens da BR-116 \u2013 Km 708, est\u00e1 recebendo melhorias, com a restitui\u00e7\u00e3o da rua que at\u00e9 ent\u00e3o estava invi\u00e1vel para o tr\u00e2nsito - o prolongamento da via que liga o bairro Universit\u00e1rio ao Gaspar. A rua, que at\u00e9 certa parte recebe o nome de Jos\u00e9 dos Santos, precisa ser\" \/>\n\t\t<meta name=\"twitter:image\" content=\"https:\/\/scontent-gig4-1.xx.fbcdn.net\/v\/t39.30808-1\/270437624_4564083193639691_6907940295614233970_n.jpg?stp=dst-jpg_s200x200_tt6&amp;_nc_cat=111&amp;ccb=1-7&amp;_nc_sid=f907e8&amp;_nc_ohc=SM1wRlP3lJwQ7kNvwEPuBYA&amp;_nc_oc=AdnqrjDN_BNjSSHWO-GbkIWH6fkGMLw4bqvL_NH6e2wMveX7G-rP2dAqsDSq1mJMOaY&amp;_nc_zt=24&amp;_nc_ht=scontent-gig4-1.xx&amp;_nc_gid=AoBFJeGrT1hVaew_6rchkQ&amp;oh=00_AfX7QmFGhQhG2jAllVgXCiM1ZrWgvtp80-Bfppyexh1QEg&amp;oe=689E923C\" \/>\n\t\t<script type=\"application\/ld+json\" class=\"aioseo-schema\">\n\t\t\t{\"@context\":\"https:\\\/\\\/schema.org\",\"@graph\":[{\"@type\":\"BlogPosting\",\"@id\":\"https:\\\/\\\/anoticiaonline.com.br\\\/site\\\/mutirao-restabelece-via-urbana-e-canteiro-as-margens-da-br-116\\\/#blogposting\",\"name\":\"Mutir\\u00e3o restabelece via urbana e canteiro \\u00e0s margens da BR-116 - A Not\\u00edcia Online\",\"headline\":\"Mutir\\u00e3o restabelece via urbana e canteiro \\u00e0s margens da BR-116\",\"author\":{\"@id\":\"https:\\\/\\\/anoticiaonline.com.br\\\/site\\\/author\\\/juliana\\\/#author\"},\"publisher\":{\"@id\":\"https:\\\/\\\/anoticiaonline.com.br\\\/site\\\/#organization\"},\"image\":{\"@type\":\"ImageObject\",\"url\":\"https:\\\/\\\/anoticiaonline.com.br\\\/site\\\/wp-content\\\/uploads\\\/2017\\\/02\\\/IMG_1336.jpg\",\"width\":640,\"height\":426},\"datePublished\":\"2017-02-22T16:39:08-03:00\",\"dateModified\":\"2017-02-22T16:39:08-03:00\",\"inLanguage\":\"pt-BR\",\"mainEntityOfPage\":{\"@id\":\"https:\\\/\\\/anoticiaonline.com.br\\\/site\\\/mutirao-restabelece-via-urbana-e-canteiro-as-margens-da-br-116\\\/#webpage\"},\"isPartOf\":{\"@id\":\"https:\\\/\\\/anoticiaonline.com.br\\\/site\\\/mutirao-restabelece-via-urbana-e-canteiro-as-margens-da-br-116\\\/#webpage\"},\"articleSection\":\"Blog, slide\"},{\"@type\":\"BreadcrumbList\",\"@id\":\"https:\\\/\\\/anoticiaonline.com.br\\\/site\\\/mutirao-restabelece-via-urbana-e-canteiro-as-margens-da-br-116\\\/#breadcrumblist\",\"itemListElement\":[{\"@type\":\"ListItem\",\"@id\":\"https:\\\/\\\/anoticiaonline.com.br\\\/site#listItem\",\"position\":1,\"name\":\"Home\",\"item\":\"https:\\\/\\\/anoticiaonline.com.br\\\/site\",\"nextItem\":{\"@type\":\"ListItem\",\"@id\":\"https:\\\/\\\/anoticiaonline.com.br\\\/site\\\/categoria\\\/muriae\\\/#listItem\",\"name\":\"Blog\"}},{\"@type\":\"ListItem\",\"@id\":\"https:\\\/\\\/anoticiaonline.com.br\\\/site\\\/categoria\\\/muriae\\\/#listItem\",\"position\":2,\"name\":\"Blog\",\"item\":\"https:\\\/\\\/anoticiaonline.com.br\\\/site\\\/categoria\\\/muriae\\\/\",\"nextItem\":{\"@type\":\"ListItem\",\"@id\":\"https:\\\/\\\/anoticiaonline.com.br\\\/site\\\/mutirao-restabelece-via-urbana-e-canteiro-as-margens-da-br-116\\\/#listItem\",\"name\":\"Mutir\\u00e3o restabelece via urbana e canteiro \\u00e0s margens da BR-116\"},\"previousItem\":{\"@type\":\"ListItem\",\"@id\":\"https:\\\/\\\/anoticiaonline.com.br\\\/site#listItem\",\"name\":\"Home\"}},{\"@type\":\"ListItem\",\"@id\":\"https:\\\/\\\/anoticiaonline.com.br\\\/site\\\/mutirao-restabelece-via-urbana-e-canteiro-as-margens-da-br-116\\\/#listItem\",\"position\":3,\"name\":\"Mutir\\u00e3o restabelece via urbana e canteiro \\u00e0s margens da BR-116\",\"previousItem\":{\"@type\":\"ListItem\",\"@id\":\"https:\\\/\\\/anoticiaonline.com.br\\\/site\\\/categoria\\\/muriae\\\/#listItem\",\"name\":\"Blog\"}}]},{\"@type\":\"Organization\",\"@id\":\"https:\\\/\\\/anoticiaonline.com.br\\\/site\\\/#organization\",\"name\":\"A Not\\u00edcia Online\",\"description\":\"Noticias de Muria\\u00e9 e regi\\u00e3o\",\"url\":\"https:\\\/\\\/anoticiaonline.com.br\\\/site\\\/\",\"logo\":{\"@type\":\"ImageObject\",\"url\":\"https:\\\/\\\/scontent-gig4-1.xx.fbcdn.net\\\/v\\\/t39.30808-1\\\/270437624_4564083193639691_6907940295614233970_n.jpg?stp=dst-jpg_s200x200_tt6&_nc_cat=111&ccb=1-7&_nc_sid=f907e8&_nc_ohc=SM1wRlP3lJwQ7kNvwEPuBYA&_nc_oc=AdnqrjDN_BNjSSHWO-GbkIWH6fkGMLw4bqvL_NH6e2wMveX7G-rP2dAqsDSq1mJMOaY&_nc_zt=24&_nc_ht=scontent-gig4-1.xx&_nc_gid=AoBFJeGrT1hVaew_6rchkQ&oh=00_AfX7QmFGhQhG2jAllVgXCiM1ZrWgvtp80-Bfppyexh1QEg&oe=689E923C\",\"@id\":\"https:\\\/\\\/anoticiaonline.com.br\\\/site\\\/mutirao-restabelece-via-urbana-e-canteiro-as-margens-da-br-116\\\/#organizationLogo\"},\"image\":{\"@id\":\"https:\\\/\\\/anoticiaonline.com.br\\\/site\\\/mutirao-restabelece-via-urbana-e-canteiro-as-margens-da-br-116\\\/#organizationLogo\"}},{\"@type\":\"Person\",\"@id\":\"https:\\\/\\\/anoticiaonline.com.br\\\/site\\\/author\\\/juliana\\\/#author\",\"url\":\"https:\\\/\\\/anoticiaonline.com.br\\\/site\\\/author\\\/juliana\\\/\",\"name\":\"Juliana Laviola\",\"image\":{\"@type\":\"ImageObject\",\"@id\":\"https:\\\/\\\/anoticiaonline.com.br\\\/site\\\/mutirao-restabelece-via-urbana-e-canteiro-as-margens-da-br-116\\\/#authorImage\",\"url\":\"https:\\\/\\\/secure.gravatar.com\\\/avatar\\\/b8d45f5c699b100dfaf0e543582f38f38bf94cb7ae3a5e9abf8d891a34773335?s=96&d=mm&r=g\",\"width\":96,\"height\":96,\"caption\":\"Juliana Laviola\"}},{\"@type\":\"WebPage\",\"@id\":\"https:\\\/\\\/anoticiaonline.com.br\\\/site\\\/mutirao-restabelece-via-urbana-e-canteiro-as-margens-da-br-116\\\/#webpage\",\"url\":\"https:\\\/\\\/anoticiaonline.com.br\\\/site\\\/mutirao-restabelece-via-urbana-e-canteiro-as-margens-da-br-116\\\/\",\"name\":\"Mutir\\u00e3o restabelece via urbana e canteiro \\u00e0s margens da BR-116 - A Not\\u00edcia Online\",\"description\":\"O bairro Santa Luzia, localizado \\u00e0s margens da BR-116 \\u2013 Km 708, est\\u00e1 recebendo melhorias, com a restitui\\u00e7\\u00e3o da rua que at\\u00e9 ent\\u00e3o estava invi\\u00e1vel para o tr\\u00e2nsito - o prolongamento da via que liga o bairro Universit\\u00e1rio ao Gaspar. A rua, que at\\u00e9 certa parte recebe o nome de Jos\\u00e9 dos Santos, precisa ser\",\"inLanguage\":\"pt-BR\",\"isPartOf\":{\"@id\":\"https:\\\/\\\/anoticiaonline.com.br\\\/site\\\/#website\"},\"breadcrumb\":{\"@id\":\"https:\\\/\\\/anoticiaonline.com.br\\\/site\\\/mutirao-restabelece-via-urbana-e-canteiro-as-margens-da-br-116\\\/#breadcrumblist\"},\"author\":{\"@id\":\"https:\\\/\\\/anoticiaonline.com.br\\\/site\\\/author\\\/juliana\\\/#author\"},\"creator\":{\"@id\":\"https:\\\/\\\/anoticiaonline.com.br\\\/site\\\/author\\\/juliana\\\/#author\"},\"image\":{\"@type\":\"ImageObject\",\"url\":\"https:\\\/\\\/anoticiaonline.com.br\\\/site\\\/wp-content\\\/uploads\\\/2017\\\/02\\\/IMG_1336.jpg\",\"@id\":\"https:\\\/\\\/anoticiaonline.com.br\\\/site\\\/mutirao-restabelece-via-urbana-e-canteiro-as-margens-da-br-116\\\/#mainImage\",\"width\":640,\"height\":426},\"primaryImageOfPage\":{\"@id\":\"https:\\\/\\\/anoticiaonline.com.br\\\/site\\\/mutirao-restabelece-via-urbana-e-canteiro-as-margens-da-br-116\\\/#mainImage\"},\"datePublished\":\"2017-02-22T16:39:08-03:00\",\"dateModified\":\"2017-02-22T16:39:08-03:00\"},{\"@type\":\"WebSite\",\"@id\":\"https:\\\/\\\/anoticiaonline.com.br\\\/site\\\/#website\",\"url\":\"https:\\\/\\\/anoticiaonline.com.br\\\/site\\\/\",\"name\":\"A Not\\u00edcia Online\",\"description\":\"Noticias de Muria\\u00e9 e regi\\u00e3o\",\"inLanguage\":\"pt-BR\",\"publisher\":{\"@id\":\"https:\\\/\\\/anoticiaonline.com.br\\\/site\\\/#organization\"}}]}\n\t\t<\/script>\n\t\t<!-- All in One SEO -->\n\n","aioseo_head_json":{"title":"Mutir\u00e3o restabelece via urbana e canteiro \u00e0s margens da BR-116 - A Not\u00edcia Online","description":"O bairro Santa Luzia, localizado \u00e0s margens da BR-116 \u2013 Km 708, est\u00e1 recebendo melhorias, com a restitui\u00e7\u00e3o da rua que at\u00e9 ent\u00e3o estava invi\u00e1vel para o tr\u00e2nsito - o prolongamento da via que liga o bairro Universit\u00e1rio ao Gaspar. A rua, que at\u00e9 certa parte recebe o nome de Jos\u00e9 dos Santos, precisa ser","canonical_url":"https:\/\/anoticiaonline.com.br\/site\/mutirao-restabelece-via-urbana-e-canteiro-as-margens-da-br-116\/","robots":"max-image-preview:large","keywords":"","webmasterTools":{"miscellaneous":""},"schema":{"@context":"https:\/\/schema.org","@graph":[{"@type":"BlogPosting","@id":"https:\/\/anoticiaonline.com.br\/site\/mutirao-restabelece-via-urbana-e-canteiro-as-margens-da-br-116\/#blogposting","name":"Mutir\u00e3o restabelece via urbana e canteiro \u00e0s margens da BR-116 - A Not\u00edcia Online","headline":"Mutir\u00e3o restabelece via urbana e canteiro \u00e0s margens da BR-116","author":{"@id":"https:\/\/anoticiaonline.com.br\/site\/author\/juliana\/#author"},"publisher":{"@id":"https:\/\/anoticiaonline.com.br\/site\/#organization"},"image":{"@type":"ImageObject","url":"https:\/\/anoticiaonline.com.br\/site\/wp-content\/uploads\/2017\/02\/IMG_1336.jpg","width":640,"height":426},"datePublished":"2017-02-22T16:39:08-03:00","dateModified":"2017-02-22T16:39:08-03:00","inLanguage":"pt-BR","mainEntityOfPage":{"@id":"https:\/\/anoticiaonline.com.br\/site\/mutirao-restabelece-via-urbana-e-canteiro-as-margens-da-br-116\/#webpage"},"isPartOf":{"@id":"https:\/\/anoticiaonline.com.br\/site\/mutirao-restabelece-via-urbana-e-canteiro-as-margens-da-br-116\/#webpage"},"articleSection":"Blog, slide"},{"@type":"BreadcrumbList","@id":"https:\/\/anoticiaonline.com.br\/site\/mutirao-restabelece-via-urbana-e-canteiro-as-margens-da-br-116\/#breadcrumblist","itemListElement":[{"@type":"ListItem","@id":"https:\/\/anoticiaonline.com.br\/site#listItem","position":1,"name":"Home","item":"https:\/\/anoticiaonline.com.br\/site","nextItem":{"@type":"ListItem","@id":"https:\/\/anoticiaonline.com.br\/site\/categoria\/muriae\/#listItem","name":"Blog"}},{"@type":"ListItem","@id":"https:\/\/anoticiaonline.com.br\/site\/categoria\/muriae\/#listItem","position":2,"name":"Blog","item":"https:\/\/anoticiaonline.com.br\/site\/categoria\/muriae\/","nextItem":{"@type":"ListItem","@id":"https:\/\/anoticiaonline.com.br\/site\/mutirao-restabelece-via-urbana-e-canteiro-as-margens-da-br-116\/#listItem","name":"Mutir\u00e3o restabelece via urbana e canteiro \u00e0s margens da BR-116"},"previousItem":{"@type":"ListItem","@id":"https:\/\/anoticiaonline.com.br\/site#listItem","name":"Home"}},{"@type":"ListItem","@id":"https:\/\/anoticiaonline.com.br\/site\/mutirao-restabelece-via-urbana-e-canteiro-as-margens-da-br-116\/#listItem","position":3,"name":"Mutir\u00e3o restabelece via urbana e canteiro \u00e0s margens da BR-116","previousItem":{"@type":"ListItem","@id":"https:\/\/anoticiaonline.com.br\/site\/categoria\/muriae\/#listItem","name":"Blog"}}]},{"@type":"Organization","@id":"https:\/\/anoticiaonline.com.br\/site\/#organization","name":"A Not\u00edcia Online","description":"Noticias de Muria\u00e9 e regi\u00e3o","url":"https:\/\/anoticiaonline.com.br\/site\/","logo":{"@type":"ImageObject","url":"https:\/\/scontent-gig4-1.xx.fbcdn.net\/v\/t39.30808-1\/270437624_4564083193639691_6907940295614233970_n.jpg?stp=dst-jpg_s200x200_tt6&_nc_cat=111&ccb=1-7&_nc_sid=f907e8&_nc_ohc=SM1wRlP3lJwQ7kNvwEPuBYA&_nc_oc=AdnqrjDN_BNjSSHWO-GbkIWH6fkGMLw4bqvL_NH6e2wMveX7G-rP2dAqsDSq1mJMOaY&_nc_zt=24&_nc_ht=scontent-gig4-1.xx&_nc_gid=AoBFJeGrT1hVaew_6rchkQ&oh=00_AfX7QmFGhQhG2jAllVgXCiM1ZrWgvtp80-Bfppyexh1QEg&oe=689E923C","@id":"https:\/\/anoticiaonline.com.br\/site\/mutirao-restabelece-via-urbana-e-canteiro-as-margens-da-br-116\/#organizationLogo"},"image":{"@id":"https:\/\/anoticiaonline.com.br\/site\/mutirao-restabelece-via-urbana-e-canteiro-as-margens-da-br-116\/#organizationLogo"}},{"@type":"Person","@id":"https:\/\/anoticiaonline.com.br\/site\/author\/juliana\/#author","url":"https:\/\/anoticiaonline.com.br\/site\/author\/juliana\/","name":"Juliana Laviola","image":{"@type":"ImageObject","@id":"https:\/\/anoticiaonline.com.br\/site\/mutirao-restabelece-via-urbana-e-canteiro-as-margens-da-br-116\/#authorImage","url":"https:\/\/secure.gravatar.com\/avatar\/b8d45f5c699b100dfaf0e543582f38f38bf94cb7ae3a5e9abf8d891a34773335?s=96&d=mm&r=g","width":96,"height":96,"caption":"Juliana Laviola"}},{"@type":"WebPage","@id":"https:\/\/anoticiaonline.com.br\/site\/mutirao-restabelece-via-urbana-e-canteiro-as-margens-da-br-116\/#webpage","url":"https:\/\/anoticiaonline.com.br\/site\/mutirao-restabelece-via-urbana-e-canteiro-as-margens-da-br-116\/","name":"Mutir\u00e3o restabelece via urbana e canteiro \u00e0s margens da BR-116 - A Not\u00edcia Online","description":"O bairro Santa Luzia, localizado \u00e0s margens da BR-116 \u2013 Km 708, est\u00e1 recebendo melhorias, com a restitui\u00e7\u00e3o da rua que at\u00e9 ent\u00e3o estava invi\u00e1vel para o tr\u00e2nsito - o prolongamento da via que liga o bairro Universit\u00e1rio ao Gaspar. A rua, que at\u00e9 certa parte recebe o nome de Jos\u00e9 dos Santos, precisa ser","inLanguage":"pt-BR","isPartOf":{"@id":"https:\/\/anoticiaonline.com.br\/site\/#website"},"breadcrumb":{"@id":"https:\/\/anoticiaonline.com.br\/site\/mutirao-restabelece-via-urbana-e-canteiro-as-margens-da-br-116\/#breadcrumblist"},"author":{"@id":"https:\/\/anoticiaonline.com.br\/site\/author\/juliana\/#author"},"creator":{"@id":"https:\/\/anoticiaonline.com.br\/site\/author\/juliana\/#author"},"image":{"@type":"ImageObject","url":"https:\/\/anoticiaonline.com.br\/site\/wp-content\/uploads\/2017\/02\/IMG_1336.jpg","@id":"https:\/\/anoticiaonline.com.br\/site\/mutirao-restabelece-via-urbana-e-canteiro-as-margens-da-br-116\/#mainImage","width":640,"height":426},"primaryImageOfPage":{"@id":"https:\/\/anoticiaonline.com.br\/site\/mutirao-restabelece-via-urbana-e-canteiro-as-margens-da-br-116\/#mainImage"},"datePublished":"2017-02-22T16:39:08-03:00","dateModified":"2017-02-22T16:39:08-03:00"},{"@type":"WebSite","@id":"https:\/\/anoticiaonline.com.br\/site\/#website","url":"https:\/\/anoticiaonline.com.br\/site\/","name":"A Not\u00edcia Online","description":"Noticias de Muria\u00e9 e regi\u00e3o","inLanguage":"pt-BR","publisher":{"@id":"https:\/\/anoticiaonline.com.br\/site\/#organization"}}]},"og:locale":"pt_BR","og:site_name":"A Not\u00edcia Online - Noticias de Muria\u00e9 e regi\u00e3o","og:type":"article","og:title":"Mutir\u00e3o restabelece via urbana e canteiro \u00e0s margens da BR-116 - A Not\u00edcia Online","og:description":"O bairro Santa Luzia, localizado \u00e0s margens da BR-116 \u2013 Km 708, est\u00e1 recebendo melhorias, com a restitui\u00e7\u00e3o da rua que at\u00e9 ent\u00e3o estava invi\u00e1vel para o tr\u00e2nsito - o prolongamento da via que liga o bairro Universit\u00e1rio ao Gaspar. A rua, que at\u00e9 certa parte recebe o nome de Jos\u00e9 dos Santos, precisa ser","og:url":"https:\/\/anoticiaonline.com.br\/site\/mutirao-restabelece-via-urbana-e-canteiro-as-margens-da-br-116\/","og:image":"https:\/\/scontent-gig4-1.xx.fbcdn.net\/v\/t39.30808-1\/270437624_4564083193639691_6907940295614233970_n.jpg?stp=dst-jpg_s200x200_tt6&#038;_nc_cat=111&#038;ccb=1-7&#038;_nc_sid=f907e8&#038;_nc_ohc=SM1wRlP3lJwQ7kNvwEPuBYA&#038;_nc_oc=AdnqrjDN_BNjSSHWO-GbkIWH6fkGMLw4bqvL_NH6e2wMveX7G-rP2dAqsDSq1mJMOaY&#038;_nc_zt=24&#038;_nc_ht=scontent-gig4-1.xx&#038;_nc_gid=AoBFJeGrT1hVaew_6rchkQ&#038;oh=00_AfX7QmFGhQhG2jAllVgXCiM1ZrWgvtp80-Bfppyexh1QEg&#038;oe=689E923C","og:image:secure_url":"https:\/\/scontent-gig4-1.xx.fbcdn.net\/v\/t39.30808-1\/270437624_4564083193639691_6907940295614233970_n.jpg?stp=dst-jpg_s200x200_tt6&#038;_nc_cat=111&#038;ccb=1-7&#038;_nc_sid=f907e8&#038;_nc_ohc=SM1wRlP3lJwQ7kNvwEPuBYA&#038;_nc_oc=AdnqrjDN_BNjSSHWO-GbkIWH6fkGMLw4bqvL_NH6e2wMveX7G-rP2dAqsDSq1mJMOaY&#038;_nc_zt=24&#038;_nc_ht=scontent-gig4-1.xx&#038;_nc_gid=AoBFJeGrT1hVaew_6rchkQ&#038;oh=00_AfX7QmFGhQhG2jAllVgXCiM1ZrWgvtp80-Bfppyexh1QEg&#038;oe=689E923C","article:published_time":"2017-02-22T19:39:08+00:00","article:modified_time":"2017-02-22T19:39:08+00:00","twitter:card":"summary_large_image","twitter:title":"Mutir\u00e3o restabelece via urbana e canteiro \u00e0s margens da BR-116 - A Not\u00edcia Online","twitter:description":"O bairro Santa Luzia, localizado \u00e0s margens da BR-116 \u2013 Km 708, est\u00e1 recebendo melhorias, com a restitui\u00e7\u00e3o da rua que at\u00e9 ent\u00e3o estava invi\u00e1vel para o tr\u00e2nsito - o prolongamento da via que liga o bairro Universit\u00e1rio ao Gaspar. A rua, que at\u00e9 certa parte recebe o nome de Jos\u00e9 dos Santos, precisa ser","twitter:image":"https:\/\/scontent-gig4-1.xx.fbcdn.net\/v\/t39.30808-1\/270437624_4564083193639691_6907940295614233970_n.jpg?stp=dst-jpg_s200x200_tt6&_nc_cat=111&ccb=1-7&_nc_sid=f907e8&_nc_ohc=SM1wRlP3lJwQ7kNvwEPuBYA&_nc_oc=AdnqrjDN_BNjSSHWO-GbkIWH6fkGMLw4bqvL_NH6e2wMveX7G-rP2dAqsDSq1mJMOaY&_nc_zt=24&_nc_ht=scontent-gig4-1.xx&_nc_gid=AoBFJeGrT1hVaew_6rchkQ&oh=00_AfX7QmFGhQhG2jAllVgXCiM1ZrWgvtp80-Bfppyexh1QEg&oe=689E923C"},"aioseo_meta_data":{"post_id":"24838","title":null,"description":null,"keywords":null,"keyphrases":null,"primary_term":null,"canonical_url":null,"og_title":null,"og_description":null,"og_object_type":"default","og_image_type":"default","og_image_url":null,"og_image_width":null,"og_image_height":null,"og_image_custom_url":null,"og_image_custom_fields":null,"og_video":null,"og_custom_url":null,"og_article_section":null,"og_article_tags":null,"twitter_use_og":false,"twitter_card":"default","twitter_image_type":"default","twitter_image_url":null,"twitter_image_custom_url":null,"twitter_image_custom_fields":null,"twitter_title":null,"twitter_description":null,"schema":{"blockGraphs":[],"customGraphs":[],"default":{"data":{"Article":[],"Course":[],"Dataset":[],"FAQPage":[],"Movie":[],"Person":[],"Product":[],"ProductReview":[],"Car":[],"Recipe":[],"Service":[],"SoftwareApplication":[],"WebPage":[]},"graphName":"","isEnabled":true},"graphs":[]},"schema_type":"default","schema_type_options":null,"pillar_content":false,"robots_default":true,"robots_noindex":false,"robots_noarchive":false,"robots_nosnippet":false,"robots_nofollow":false,"robots_noimageindex":false,"robots_noodp":false,"robots_notranslate":false,"robots_max_snippet":null,"robots_max_videopreview":null,"robots_max_imagepreview":"large","priority":null,"frequency":null,"local_seo":null,"breadcrumb_settings":null,"limit_modified_date":false,"ai":null,"created":"2025-08-16 17:49:21","updated":"2025-08-16 17:49:21","focus_keyword":null,"additional_keywords":null,"truseo_locale":null,"seo_analyzer_scan_date":null},"aioseo_breadcrumb":"<div class=\"aioseo-breadcrumbs\"><span class=\"aioseo-breadcrumb\">\n\t\t\t<a href=\"https:\/\/anoticiaonline.com.br\/site\" title=\"Home\">Home<\/a>\n\t\t<\/span><span class=\"aioseo-breadcrumb-separator\">&raquo;<\/span><span class=\"aioseo-breadcrumb\">\n\t\t\t<a href=\"https:\/\/anoticiaonline.com.br\/site\/categoria\/muriae\/\" title=\"Blog\">Blog<\/a>\n\t\t<\/span><span class=\"aioseo-breadcrumb-separator\">&raquo;<\/span><span class=\"aioseo-breadcrumb\">\n\t\t\tMutir\u00e3o restabelece via urbana e canteiro \u00e0s margens da BR-116\n\t\t<\/span><\/div>","aioseo_breadcrumb_json":[{"label":"Home","link":"https:\/\/anoticiaonline.com.br\/site"},{"label":"Blog","link":"https:\/\/anoticiaonline.com.br\/site\/categoria\/muriae\/"},{"label":"Mutir\u00e3o restabelece via urbana e canteiro \u00e0s margens da BR-116","link":"https:\/\/anoticiaonline.com.br\/site\/mutirao-restabelece-via-urbana-e-canteiro-as-margens-da-br-116\/"}],"views":122,"_links":{"self":[{"href":"https:\/\/anoticiaonline.com.br\/site\/wp-json\/wp\/v2\/posts\/24838","targetHints":{"allow":["GET"]}}],"collection":[{"href":"https:\/\/anoticiaonline.com.br\/site\/wp-json\/wp\/v2\/posts"}],"about":[{"href":"https:\/\/anoticiaonline.com.br\/site\/wp-json\/wp\/v2\/types\/post"}],"author":[{"embeddable":true,"href":"https:\/\/anoticiaonline.com.br\/site\/wp-json\/wp\/v2\/users\/2"}],"replies":[{"embeddable":true,"href":"https:\/\/anoticiaonline.com.br\/site\/wp-json\/wp\/v2\/comments?post=24838"}],"version-history":[{"count":0,"href":"https:\/\/anoticiaonline.com.br\/site\/wp-json\/wp\/v2\/posts\/24838\/revisions"}],"wp:featuredmedia":[{"embeddable":true,"href":"https:\/\/anoticiaonline.com.br\/site\/wp-json\/wp\/v2\/media\/24839"}],"wp:attachment":[{"href":"https:\/\/anoticiaonline.com.br\/site\/wp-json\/wp\/v2\/media?parent=24838"}],"wp:term":[{"taxonomy":"category","embeddable":true,"href":"https:\/\/anoticiaonline.com.br\/site\/wp-json\/wp\/v2\/categories?post=24838"},{"taxonomy":"post_tag","embeddable":true,"href":"https:\/\/anoticiaonline.com.br\/site\/wp-json\/wp\/v2\/tags?post=24838"}],"curies":[{"name":"wp","href":"https:\/\/api.w.org\/{rel}","templated":true}]}}