{"id":24687,"date":"2017-02-20T14:22:03","date_gmt":"2017-02-20T17:22:03","guid":{"rendered":"http:\/\/anoticiaonline.com.br\/site\/?p=24687"},"modified":"2017-02-20T14:22:03","modified_gmt":"2017-02-20T17:22:03","slug":"a-oracao-da-fe-viva","status":"publish","type":"post","link":"https:\/\/anoticiaonline.com.br\/site\/a-oracao-da-fe-viva\/","title":{"rendered":"A ora\u00e7\u00e3o da f\u00e9 viva"},"content":{"rendered":"<p><strong>Acima de qualquer medica\u00e7\u00e3o, aprendamos a orar, entender e auxiliar<\/strong><\/p>\n<p><em>\u201c(&#8230;) E a ora\u00e7\u00e3o da\u00a0 f\u00e9\u00a0 salvar\u00e1 o doente, e o Senhor o levantar\u00e1.&#8221; &#8211; (Tiago, 5:15)<\/em><\/p>\n<p>In\u00fameras\u00a0 criaturas arrastam\u00a0 pesadamente\u00a0 os p\u00e9s,\u00a0 vergadas ao peso dos dissabores de v\u00e1rios matizes na\u00a0 \u00e1rdua caminhada evolutiva. A rebeldia tem contribu\u00eddo tristemente para o grande contingente de vicissitudes que voluntariamente amealhamos pelos caminhos&#8230;<\/p>\n<p>A mente \u00e9 fonte criadora. Portanto, se se deseja sair de vez dos patamares inferiores\u00a0 para\u00a0 os\u00a0 superiores, faz-se necess\u00e1rio modificar as\u00a0 estruturas\u00a0 dos\u00a0\u00a0 pensamentos, livrando-nos das sequelas deprimentes do rol de situa\u00e7\u00f5es que nos prendem aos vales tenebrosos.<\/p>\n<p>Para\u00a0 regenerar\u00a0 a\u00a0 sa\u00fade da\u00a0 Alma\u00a0 de\u00a0 forma definitiva,\u00a0 faz-se, tamb\u00e9m necess\u00e1ria um posicionamento\u00a0 \u00e9tico\u00a0 sadio, longe\u00a0 da indigna\u00e7\u00e3o doentia, do desalento, da maledic\u00eancia ou\u00a0 da inutilidade&#8230;\u00a0 Ser\u00e1 tamb\u00e9m importante vazar na \u00e9tica\u00a0 crist\u00e3 todos os nossos atos e pensamentos.<\/p>\n<p>Esse card\u00e1pio de atitudes sadias ensejar-nos-\u00e3o desembocar no estu\u00e1rio do equil\u00edbrio crist\u00e3o, cujo corol\u00e1rio imediato ser\u00e1 a cura definitiva.<\/p>\n<p>Se a estrutura \u00edntima n\u00e3o est\u00e1 harmonizada com a Engenharia Divina, nossa constru\u00e7\u00e3o mental vir\u00e1 abaixo, soterrando-nos sob toneladas de vicissitudes, onde permaneceremos canibalizando as pr\u00f3prias energias.<\/p>\n<p>Fa\u00e7amos a nossa parte para que o C\u00e9u fa\u00e7a a dele&#8230;<\/p>\n<p>A fim de sensibilizarmos os Esp\u00edritos Benfeitores da humanidade a nosso favor, torna-se necess\u00e1rio adequarmo-nos \u00e0s diretrizes do Cristo, agora clareadas pela aben\u00e7oada Doutrina dos Esp\u00edritos.<\/p>\n<p>Acima de qualquer medica\u00e7\u00e3o, aprendamos a orar, entender, auxiliar; preparando, assim, a terra do\u00a0 cora\u00e7\u00e3o para a sementeira do Reino de Deus.<\/p>\n<p>Atentemos para o conselho de Emmanuel : &#8220;(&#8230;) desapega-te de bens transit\u00f3rios\u00a0 que te\u00a0 foram emprestados pelo Poder Divino, de acordo com a\u00a0 Lei\u00a0 do Uso,\u00a0 e\u00a0 lembra-te de que ser\u00e1s, agora ou depois,\u00a0 reconduzido\u00a0 \u00e0 Vida Maior, onde encontramos sempre a consci\u00eancia. Foge \u00e0 brutalidade&#8230;Enriquece\u00a0 os\u00a0 teus\u00a0 fatores\u00a0\u00a0 de\u00a0\u00a0 simpatia pessoal, pela pr\u00e1tica do amor fraterno. Busca a intimidade com a sabedoria, pelo estudo, pela ora\u00e7\u00e3o e pela medita\u00e7\u00e3o.<\/p>\n<p>N\u00e3o manches teu caminho. Serve sempre. Trabalha na extens\u00e3o do bem. Guarda lealdade ao ideal superior que te ilumina o cora\u00e7\u00e3o e permanece convicto de que se\u00a0 cultivas a ora\u00e7\u00e3o da f\u00e9 viva, em todos os teus passos, aqui ou\u00a0 al\u00e9m, o Senhor te levantar\u00e1\u201d.<\/p>\n","protected":false},"excerpt":{"rendered":"<p>Acima de qualquer medica\u00e7\u00e3o, aprendamos a orar, entender e auxiliar \u201c(&#8230;) E a ora\u00e7\u00e3o da\u00a0 f\u00e9\u00a0 salvar\u00e1 o doente, e o Senhor o levantar\u00e1.&#8221; &#8211; (Tiago, 5:15) In\u00fameras\u00a0 criaturas arrastam\u00a0 pesadamente\u00a0 os p\u00e9s,\u00a0 vergadas ao peso dos dissabores de v\u00e1rios matizes na\u00a0 \u00e1rdua caminhada evolutiva. A rebeldia tem contribu\u00eddo tristemente para o grande contingente de &#8230; <a title=\"A ora\u00e7\u00e3o da f\u00e9 viva\" class=\"read-more\" href=\"https:\/\/anoticiaonline.com.br\/site\/a-oracao-da-fe-viva\/\" aria-label=\"Read more about A ora\u00e7\u00e3o da f\u00e9 viva\">Ler mais<\/a><\/p>\n","protected":false},"author":2,"featured_media":0,"comment_status":"open","ping_status":"open","sticky":false,"template":"","format":"standard","meta":{"_acf_changed":false,"_monsterinsights_skip_tracking":false,"footnotes":""},"categories":[44],"tags":[],"class_list":["post-24687","post","type-post","status-publish","format-standard","hentry","category-espiritismo-em-foco-de-rogerio-coelho"],"acf":[],"aioseo_notices":[],"aioseo_head":"\n\t\t<!-- All in One SEO 5.0.0.1 - aioseo.com -->\n\t<meta name=\"description\" content=\"Acima de qualquer medica\u00e7\u00e3o, aprendamos a orar, entender e auxiliar \u201c(...) E a ora\u00e7\u00e3o da f\u00e9 salvar\u00e1 o doente, e o Senhor o levantar\u00e1.&quot; - (Tiago, 5:15) In\u00fameras criaturas arrastam pesadamente os p\u00e9s, vergadas ao peso dos dissabores de v\u00e1rios matizes na \u00e1rdua caminhada evolutiva. A rebeldia tem contribu\u00eddo tristemente para o grande contingente de\" \/>\n\t<meta name=\"robots\" content=\"max-image-preview:large\" \/>\n\t<meta name=\"author\" content=\"Juliana Laviola\"\/>\n\t<link rel=\"canonical\" href=\"https:\/\/anoticiaonline.com.br\/site\/a-oracao-da-fe-viva\/\" \/>\n\t<meta name=\"generator\" content=\"All in One SEO (AIOSEO) 5.0.0.1\" \/>\n\t\t<meta property=\"og:locale\" content=\"pt_BR\" \/>\n\t\t<meta property=\"og:site_name\" content=\"A Not\u00edcia Online - Noticias de Muria\u00e9 e regi\u00e3o\" \/>\n\t\t<meta property=\"og:type\" content=\"article\" \/>\n\t\t<meta property=\"og:title\" content=\"A ora\u00e7\u00e3o da f\u00e9 viva - A Not\u00edcia Online\" \/>\n\t\t<meta property=\"og:description\" content=\"Acima de qualquer medica\u00e7\u00e3o, aprendamos a orar, entender e auxiliar \u201c(...) E a ora\u00e7\u00e3o da f\u00e9 salvar\u00e1 o doente, e o Senhor o levantar\u00e1.&quot; - (Tiago, 5:15) In\u00fameras criaturas arrastam pesadamente os p\u00e9s, vergadas ao peso dos dissabores de v\u00e1rios matizes na \u00e1rdua caminhada evolutiva. A rebeldia tem contribu\u00eddo tristemente para o grande contingente de\" \/>\n\t\t<meta property=\"og:url\" content=\"https:\/\/anoticiaonline.com.br\/site\/a-oracao-da-fe-viva\/\" \/>\n\t\t<meta property=\"og:image\" content=\"https:\/\/scontent-gig4-1.xx.fbcdn.net\/v\/t39.30808-1\/270437624_4564083193639691_6907940295614233970_n.jpg?stp=dst-jpg_s200x200_tt6&#038;_nc_cat=111&#038;ccb=1-7&#038;_nc_sid=f907e8&#038;_nc_ohc=SM1wRlP3lJwQ7kNvwEPuBYA&#038;_nc_oc=AdnqrjDN_BNjSSHWO-GbkIWH6fkGMLw4bqvL_NH6e2wMveX7G-rP2dAqsDSq1mJMOaY&#038;_nc_zt=24&#038;_nc_ht=scontent-gig4-1.xx&#038;_nc_gid=AoBFJeGrT1hVaew_6rchkQ&#038;oh=00_AfX7QmFGhQhG2jAllVgXCiM1ZrWgvtp80-Bfppyexh1QEg&#038;oe=689E923C\" \/>\n\t\t<meta property=\"og:image:secure_url\" content=\"https:\/\/scontent-gig4-1.xx.fbcdn.net\/v\/t39.30808-1\/270437624_4564083193639691_6907940295614233970_n.jpg?stp=dst-jpg_s200x200_tt6&#038;_nc_cat=111&#038;ccb=1-7&#038;_nc_sid=f907e8&#038;_nc_ohc=SM1wRlP3lJwQ7kNvwEPuBYA&#038;_nc_oc=AdnqrjDN_BNjSSHWO-GbkIWH6fkGMLw4bqvL_NH6e2wMveX7G-rP2dAqsDSq1mJMOaY&#038;_nc_zt=24&#038;_nc_ht=scontent-gig4-1.xx&#038;_nc_gid=AoBFJeGrT1hVaew_6rchkQ&#038;oh=00_AfX7QmFGhQhG2jAllVgXCiM1ZrWgvtp80-Bfppyexh1QEg&#038;oe=689E923C\" \/>\n\t\t<meta property=\"article:published_time\" content=\"2017-02-20T17:22:03+00:00\" \/>\n\t\t<meta property=\"article:modified_time\" content=\"2017-02-20T17:22:03+00:00\" \/>\n\t\t<meta name=\"twitter:card\" content=\"summary_large_image\" \/>\n\t\t<meta name=\"twitter:title\" content=\"A ora\u00e7\u00e3o da f\u00e9 viva - A Not\u00edcia Online\" \/>\n\t\t<meta name=\"twitter:description\" content=\"Acima de qualquer medica\u00e7\u00e3o, aprendamos a orar, entender e auxiliar \u201c(...) E a ora\u00e7\u00e3o da f\u00e9 salvar\u00e1 o doente, e o Senhor o levantar\u00e1.&quot; - (Tiago, 5:15) In\u00fameras criaturas arrastam pesadamente os p\u00e9s, vergadas ao peso dos dissabores de v\u00e1rios matizes na \u00e1rdua caminhada evolutiva. A rebeldia tem contribu\u00eddo tristemente para o grande contingente de\" \/>\n\t\t<meta name=\"twitter:image\" content=\"https:\/\/scontent-gig4-1.xx.fbcdn.net\/v\/t39.30808-1\/270437624_4564083193639691_6907940295614233970_n.jpg?stp=dst-jpg_s200x200_tt6&amp;_nc_cat=111&amp;ccb=1-7&amp;_nc_sid=f907e8&amp;_nc_ohc=SM1wRlP3lJwQ7kNvwEPuBYA&amp;_nc_oc=AdnqrjDN_BNjSSHWO-GbkIWH6fkGMLw4bqvL_NH6e2wMveX7G-rP2dAqsDSq1mJMOaY&amp;_nc_zt=24&amp;_nc_ht=scontent-gig4-1.xx&amp;_nc_gid=AoBFJeGrT1hVaew_6rchkQ&amp;oh=00_AfX7QmFGhQhG2jAllVgXCiM1ZrWgvtp80-Bfppyexh1QEg&amp;oe=689E923C\" \/>\n\t\t<script type=\"application\/ld+json\" class=\"aioseo-schema\">\n\t\t\t{\"@context\":\"https:\\\/\\\/schema.org\",\"@graph\":[{\"@type\":\"BlogPosting\",\"@id\":\"https:\\\/\\\/anoticiaonline.com.br\\\/site\\\/a-oracao-da-fe-viva\\\/#blogposting\",\"name\":\"A ora\\u00e7\\u00e3o da f\\u00e9 viva - A Not\\u00edcia Online\",\"headline\":\"A ora\\u00e7\\u00e3o da f\\u00e9 viva\",\"author\":{\"@id\":\"https:\\\/\\\/anoticiaonline.com.br\\\/site\\\/author\\\/juliana\\\/#author\"},\"publisher\":{\"@id\":\"https:\\\/\\\/anoticiaonline.com.br\\\/site\\\/#organization\"},\"image\":{\"@type\":\"ImageObject\",\"url\":\"https:\\\/\\\/scontent-gig4-1.xx.fbcdn.net\\\/v\\\/t39.30808-1\\\/270437624_4564083193639691_6907940295614233970_n.jpg?stp=dst-jpg_s200x200_tt6&_nc_cat=111&ccb=1-7&_nc_sid=f907e8&_nc_ohc=SM1wRlP3lJwQ7kNvwEPuBYA&_nc_oc=AdnqrjDN_BNjSSHWO-GbkIWH6fkGMLw4bqvL_NH6e2wMveX7G-rP2dAqsDSq1mJMOaY&_nc_zt=24&_nc_ht=scontent-gig4-1.xx&_nc_gid=AoBFJeGrT1hVaew_6rchkQ&oh=00_AfX7QmFGhQhG2jAllVgXCiM1ZrWgvtp80-Bfppyexh1QEg&oe=689E923C\",\"@id\":\"https:\\\/\\\/anoticiaonline.com.br\\\/site\\\/#articleImage\"},\"datePublished\":\"2017-02-20T14:22:03-03:00\",\"dateModified\":\"2017-02-20T14:22:03-03:00\",\"inLanguage\":\"pt-BR\",\"mainEntityOfPage\":{\"@id\":\"https:\\\/\\\/anoticiaonline.com.br\\\/site\\\/a-oracao-da-fe-viva\\\/#webpage\"},\"isPartOf\":{\"@id\":\"https:\\\/\\\/anoticiaonline.com.br\\\/site\\\/a-oracao-da-fe-viva\\\/#webpage\"},\"articleSection\":\"Espiritismo em Foco, por Rog\\u00e9rio Coelho\"},{\"@type\":\"BreadcrumbList\",\"@id\":\"https:\\\/\\\/anoticiaonline.com.br\\\/site\\\/a-oracao-da-fe-viva\\\/#breadcrumblist\",\"itemListElement\":[{\"@type\":\"ListItem\",\"@id\":\"https:\\\/\\\/anoticiaonline.com.br\\\/site#listItem\",\"position\":1,\"name\":\"Home\",\"item\":\"https:\\\/\\\/anoticiaonline.com.br\\\/site\",\"nextItem\":{\"@type\":\"ListItem\",\"@id\":\"https:\\\/\\\/anoticiaonline.com.br\\\/site\\\/categoria\\\/colunistas\\\/#listItem\",\"name\":\"Colunistas\"}},{\"@type\":\"ListItem\",\"@id\":\"https:\\\/\\\/anoticiaonline.com.br\\\/site\\\/categoria\\\/colunistas\\\/#listItem\",\"position\":2,\"name\":\"Colunistas\",\"item\":\"https:\\\/\\\/anoticiaonline.com.br\\\/site\\\/categoria\\\/colunistas\\\/\",\"nextItem\":{\"@type\":\"ListItem\",\"@id\":\"https:\\\/\\\/anoticiaonline.com.br\\\/site\\\/categoria\\\/colunistas\\\/espiritismo-em-foco-de-rogerio-coelho\\\/#listItem\",\"name\":\"Espiritismo em Foco, por Rog\\u00e9rio Coelho\"},\"previousItem\":{\"@type\":\"ListItem\",\"@id\":\"https:\\\/\\\/anoticiaonline.com.br\\\/site#listItem\",\"name\":\"Home\"}},{\"@type\":\"ListItem\",\"@id\":\"https:\\\/\\\/anoticiaonline.com.br\\\/site\\\/categoria\\\/colunistas\\\/espiritismo-em-foco-de-rogerio-coelho\\\/#listItem\",\"position\":3,\"name\":\"Espiritismo em Foco, por Rog\\u00e9rio Coelho\",\"item\":\"https:\\\/\\\/anoticiaonline.com.br\\\/site\\\/categoria\\\/colunistas\\\/espiritismo-em-foco-de-rogerio-coelho\\\/\",\"nextItem\":{\"@type\":\"ListItem\",\"@id\":\"https:\\\/\\\/anoticiaonline.com.br\\\/site\\\/a-oracao-da-fe-viva\\\/#listItem\",\"name\":\"A ora\\u00e7\\u00e3o da f\\u00e9 viva\"},\"previousItem\":{\"@type\":\"ListItem\",\"@id\":\"https:\\\/\\\/anoticiaonline.com.br\\\/site\\\/categoria\\\/colunistas\\\/#listItem\",\"name\":\"Colunistas\"}},{\"@type\":\"ListItem\",\"@id\":\"https:\\\/\\\/anoticiaonline.com.br\\\/site\\\/a-oracao-da-fe-viva\\\/#listItem\",\"position\":4,\"name\":\"A ora\\u00e7\\u00e3o da f\\u00e9 viva\",\"previousItem\":{\"@type\":\"ListItem\",\"@id\":\"https:\\\/\\\/anoticiaonline.com.br\\\/site\\\/categoria\\\/colunistas\\\/espiritismo-em-foco-de-rogerio-coelho\\\/#listItem\",\"name\":\"Espiritismo em Foco, por Rog\\u00e9rio Coelho\"}}]},{\"@type\":\"Organization\",\"@id\":\"https:\\\/\\\/anoticiaonline.com.br\\\/site\\\/#organization\",\"name\":\"A Not\\u00edcia Online\",\"description\":\"Noticias de Muria\\u00e9 e regi\\u00e3o\",\"url\":\"https:\\\/\\\/anoticiaonline.com.br\\\/site\\\/\",\"logo\":{\"@type\":\"ImageObject\",\"url\":\"https:\\\/\\\/scontent-gig4-1.xx.fbcdn.net\\\/v\\\/t39.30808-1\\\/270437624_4564083193639691_6907940295614233970_n.jpg?stp=dst-jpg_s200x200_tt6&_nc_cat=111&ccb=1-7&_nc_sid=f907e8&_nc_ohc=SM1wRlP3lJwQ7kNvwEPuBYA&_nc_oc=AdnqrjDN_BNjSSHWO-GbkIWH6fkGMLw4bqvL_NH6e2wMveX7G-rP2dAqsDSq1mJMOaY&_nc_zt=24&_nc_ht=scontent-gig4-1.xx&_nc_gid=AoBFJeGrT1hVaew_6rchkQ&oh=00_AfX7QmFGhQhG2jAllVgXCiM1ZrWgvtp80-Bfppyexh1QEg&oe=689E923C\",\"@id\":\"https:\\\/\\\/anoticiaonline.com.br\\\/site\\\/a-oracao-da-fe-viva\\\/#organizationLogo\"},\"image\":{\"@id\":\"https:\\\/\\\/anoticiaonline.com.br\\\/site\\\/a-oracao-da-fe-viva\\\/#organizationLogo\"}},{\"@type\":\"Person\",\"@id\":\"https:\\\/\\\/anoticiaonline.com.br\\\/site\\\/author\\\/juliana\\\/#author\",\"url\":\"https:\\\/\\\/anoticiaonline.com.br\\\/site\\\/author\\\/juliana\\\/\",\"name\":\"Juliana Laviola\",\"image\":{\"@type\":\"ImageObject\",\"@id\":\"https:\\\/\\\/anoticiaonline.com.br\\\/site\\\/a-oracao-da-fe-viva\\\/#authorImage\",\"url\":\"https:\\\/\\\/secure.gravatar.com\\\/avatar\\\/b8d45f5c699b100dfaf0e543582f38f38bf94cb7ae3a5e9abf8d891a34773335?s=96&d=mm&r=g\",\"width\":96,\"height\":96,\"caption\":\"Juliana Laviola\"}},{\"@type\":\"WebPage\",\"@id\":\"https:\\\/\\\/anoticiaonline.com.br\\\/site\\\/a-oracao-da-fe-viva\\\/#webpage\",\"url\":\"https:\\\/\\\/anoticiaonline.com.br\\\/site\\\/a-oracao-da-fe-viva\\\/\",\"name\":\"A ora\\u00e7\\u00e3o da f\\u00e9 viva - A Not\\u00edcia Online\",\"description\":\"Acima de qualquer medica\\u00e7\\u00e3o, aprendamos a orar, entender e auxiliar \\u201c(...) E a ora\\u00e7\\u00e3o da f\\u00e9 salvar\\u00e1 o doente, e o Senhor o levantar\\u00e1.\\\" - (Tiago, 5:15) In\\u00fameras criaturas arrastam pesadamente os p\\u00e9s, vergadas ao peso dos dissabores de v\\u00e1rios matizes na \\u00e1rdua caminhada evolutiva. A rebeldia tem contribu\\u00eddo tristemente para o grande contingente de\",\"inLanguage\":\"pt-BR\",\"isPartOf\":{\"@id\":\"https:\\\/\\\/anoticiaonline.com.br\\\/site\\\/#website\"},\"breadcrumb\":{\"@id\":\"https:\\\/\\\/anoticiaonline.com.br\\\/site\\\/a-oracao-da-fe-viva\\\/#breadcrumblist\"},\"author\":{\"@id\":\"https:\\\/\\\/anoticiaonline.com.br\\\/site\\\/author\\\/juliana\\\/#author\"},\"creator\":{\"@id\":\"https:\\\/\\\/anoticiaonline.com.br\\\/site\\\/author\\\/juliana\\\/#author\"},\"datePublished\":\"2017-02-20T14:22:03-03:00\",\"dateModified\":\"2017-02-20T14:22:03-03:00\"},{\"@type\":\"WebSite\",\"@id\":\"https:\\\/\\\/anoticiaonline.com.br\\\/site\\\/#website\",\"url\":\"https:\\\/\\\/anoticiaonline.com.br\\\/site\\\/\",\"name\":\"A Not\\u00edcia Online\",\"description\":\"Noticias de Muria\\u00e9 e regi\\u00e3o\",\"inLanguage\":\"pt-BR\",\"publisher\":{\"@id\":\"https:\\\/\\\/anoticiaonline.com.br\\\/site\\\/#organization\"}}]}\n\t\t<\/script>\n\t\t<!-- All in One SEO -->\n\n","aioseo_head_json":{"title":"A ora\u00e7\u00e3o da f\u00e9 viva - A Not\u00edcia Online","description":"Acima de qualquer medica\u00e7\u00e3o, aprendamos a orar, entender e auxiliar \u201c(...) E a ora\u00e7\u00e3o da f\u00e9 salvar\u00e1 o doente, e o Senhor o levantar\u00e1.\" - (Tiago, 5:15) In\u00fameras criaturas arrastam pesadamente os p\u00e9s, vergadas ao peso dos dissabores de v\u00e1rios matizes na \u00e1rdua caminhada evolutiva. A rebeldia tem contribu\u00eddo tristemente para o grande contingente de","canonical_url":"https:\/\/anoticiaonline.com.br\/site\/a-oracao-da-fe-viva\/","robots":"max-image-preview:large","keywords":"","webmasterTools":{"miscellaneous":""},"schema":{"@context":"https:\/\/schema.org","@graph":[{"@type":"BlogPosting","@id":"https:\/\/anoticiaonline.com.br\/site\/a-oracao-da-fe-viva\/#blogposting","name":"A ora\u00e7\u00e3o da f\u00e9 viva - A Not\u00edcia Online","headline":"A ora\u00e7\u00e3o da f\u00e9 viva","author":{"@id":"https:\/\/anoticiaonline.com.br\/site\/author\/juliana\/#author"},"publisher":{"@id":"https:\/\/anoticiaonline.com.br\/site\/#organization"},"image":{"@type":"ImageObject","url":"https:\/\/scontent-gig4-1.xx.fbcdn.net\/v\/t39.30808-1\/270437624_4564083193639691_6907940295614233970_n.jpg?stp=dst-jpg_s200x200_tt6&_nc_cat=111&ccb=1-7&_nc_sid=f907e8&_nc_ohc=SM1wRlP3lJwQ7kNvwEPuBYA&_nc_oc=AdnqrjDN_BNjSSHWO-GbkIWH6fkGMLw4bqvL_NH6e2wMveX7G-rP2dAqsDSq1mJMOaY&_nc_zt=24&_nc_ht=scontent-gig4-1.xx&_nc_gid=AoBFJeGrT1hVaew_6rchkQ&oh=00_AfX7QmFGhQhG2jAllVgXCiM1ZrWgvtp80-Bfppyexh1QEg&oe=689E923C","@id":"https:\/\/anoticiaonline.com.br\/site\/#articleImage"},"datePublished":"2017-02-20T14:22:03-03:00","dateModified":"2017-02-20T14:22:03-03:00","inLanguage":"pt-BR","mainEntityOfPage":{"@id":"https:\/\/anoticiaonline.com.br\/site\/a-oracao-da-fe-viva\/#webpage"},"isPartOf":{"@id":"https:\/\/anoticiaonline.com.br\/site\/a-oracao-da-fe-viva\/#webpage"},"articleSection":"Espiritismo em Foco, por Rog\u00e9rio Coelho"},{"@type":"BreadcrumbList","@id":"https:\/\/anoticiaonline.com.br\/site\/a-oracao-da-fe-viva\/#breadcrumblist","itemListElement":[{"@type":"ListItem","@id":"https:\/\/anoticiaonline.com.br\/site#listItem","position":1,"name":"Home","item":"https:\/\/anoticiaonline.com.br\/site","nextItem":{"@type":"ListItem","@id":"https:\/\/anoticiaonline.com.br\/site\/categoria\/colunistas\/#listItem","name":"Colunistas"}},{"@type":"ListItem","@id":"https:\/\/anoticiaonline.com.br\/site\/categoria\/colunistas\/#listItem","position":2,"name":"Colunistas","item":"https:\/\/anoticiaonline.com.br\/site\/categoria\/colunistas\/","nextItem":{"@type":"ListItem","@id":"https:\/\/anoticiaonline.com.br\/site\/categoria\/colunistas\/espiritismo-em-foco-de-rogerio-coelho\/#listItem","name":"Espiritismo em Foco, por Rog\u00e9rio Coelho"},"previousItem":{"@type":"ListItem","@id":"https:\/\/anoticiaonline.com.br\/site#listItem","name":"Home"}},{"@type":"ListItem","@id":"https:\/\/anoticiaonline.com.br\/site\/categoria\/colunistas\/espiritismo-em-foco-de-rogerio-coelho\/#listItem","position":3,"name":"Espiritismo em Foco, por Rog\u00e9rio Coelho","item":"https:\/\/anoticiaonline.com.br\/site\/categoria\/colunistas\/espiritismo-em-foco-de-rogerio-coelho\/","nextItem":{"@type":"ListItem","@id":"https:\/\/anoticiaonline.com.br\/site\/a-oracao-da-fe-viva\/#listItem","name":"A ora\u00e7\u00e3o da f\u00e9 viva"},"previousItem":{"@type":"ListItem","@id":"https:\/\/anoticiaonline.com.br\/site\/categoria\/colunistas\/#listItem","name":"Colunistas"}},{"@type":"ListItem","@id":"https:\/\/anoticiaonline.com.br\/site\/a-oracao-da-fe-viva\/#listItem","position":4,"name":"A ora\u00e7\u00e3o da f\u00e9 viva","previousItem":{"@type":"ListItem","@id":"https:\/\/anoticiaonline.com.br\/site\/categoria\/colunistas\/espiritismo-em-foco-de-rogerio-coelho\/#listItem","name":"Espiritismo em Foco, por Rog\u00e9rio Coelho"}}]},{"@type":"Organization","@id":"https:\/\/anoticiaonline.com.br\/site\/#organization","name":"A Not\u00edcia Online","description":"Noticias de Muria\u00e9 e regi\u00e3o","url":"https:\/\/anoticiaonline.com.br\/site\/","logo":{"@type":"ImageObject","url":"https:\/\/scontent-gig4-1.xx.fbcdn.net\/v\/t39.30808-1\/270437624_4564083193639691_6907940295614233970_n.jpg?stp=dst-jpg_s200x200_tt6&_nc_cat=111&ccb=1-7&_nc_sid=f907e8&_nc_ohc=SM1wRlP3lJwQ7kNvwEPuBYA&_nc_oc=AdnqrjDN_BNjSSHWO-GbkIWH6fkGMLw4bqvL_NH6e2wMveX7G-rP2dAqsDSq1mJMOaY&_nc_zt=24&_nc_ht=scontent-gig4-1.xx&_nc_gid=AoBFJeGrT1hVaew_6rchkQ&oh=00_AfX7QmFGhQhG2jAllVgXCiM1ZrWgvtp80-Bfppyexh1QEg&oe=689E923C","@id":"https:\/\/anoticiaonline.com.br\/site\/a-oracao-da-fe-viva\/#organizationLogo"},"image":{"@id":"https:\/\/anoticiaonline.com.br\/site\/a-oracao-da-fe-viva\/#organizationLogo"}},{"@type":"Person","@id":"https:\/\/anoticiaonline.com.br\/site\/author\/juliana\/#author","url":"https:\/\/anoticiaonline.com.br\/site\/author\/juliana\/","name":"Juliana Laviola","image":{"@type":"ImageObject","@id":"https:\/\/anoticiaonline.com.br\/site\/a-oracao-da-fe-viva\/#authorImage","url":"https:\/\/secure.gravatar.com\/avatar\/b8d45f5c699b100dfaf0e543582f38f38bf94cb7ae3a5e9abf8d891a34773335?s=96&d=mm&r=g","width":96,"height":96,"caption":"Juliana Laviola"}},{"@type":"WebPage","@id":"https:\/\/anoticiaonline.com.br\/site\/a-oracao-da-fe-viva\/#webpage","url":"https:\/\/anoticiaonline.com.br\/site\/a-oracao-da-fe-viva\/","name":"A ora\u00e7\u00e3o da f\u00e9 viva - A Not\u00edcia Online","description":"Acima de qualquer medica\u00e7\u00e3o, aprendamos a orar, entender e auxiliar \u201c(...) E a ora\u00e7\u00e3o da f\u00e9 salvar\u00e1 o doente, e o Senhor o levantar\u00e1.\" - (Tiago, 5:15) In\u00fameras criaturas arrastam pesadamente os p\u00e9s, vergadas ao peso dos dissabores de v\u00e1rios matizes na \u00e1rdua caminhada evolutiva. A rebeldia tem contribu\u00eddo tristemente para o grande contingente de","inLanguage":"pt-BR","isPartOf":{"@id":"https:\/\/anoticiaonline.com.br\/site\/#website"},"breadcrumb":{"@id":"https:\/\/anoticiaonline.com.br\/site\/a-oracao-da-fe-viva\/#breadcrumblist"},"author":{"@id":"https:\/\/anoticiaonline.com.br\/site\/author\/juliana\/#author"},"creator":{"@id":"https:\/\/anoticiaonline.com.br\/site\/author\/juliana\/#author"},"datePublished":"2017-02-20T14:22:03-03:00","dateModified":"2017-02-20T14:22:03-03:00"},{"@type":"WebSite","@id":"https:\/\/anoticiaonline.com.br\/site\/#website","url":"https:\/\/anoticiaonline.com.br\/site\/","name":"A Not\u00edcia Online","description":"Noticias de Muria\u00e9 e regi\u00e3o","inLanguage":"pt-BR","publisher":{"@id":"https:\/\/anoticiaonline.com.br\/site\/#organization"}}]},"og:locale":"pt_BR","og:site_name":"A Not\u00edcia Online - Noticias de Muria\u00e9 e regi\u00e3o","og:type":"article","og:title":"A ora\u00e7\u00e3o da f\u00e9 viva - A Not\u00edcia Online","og:description":"Acima de qualquer medica\u00e7\u00e3o, aprendamos a orar, entender e auxiliar \u201c(...) E a ora\u00e7\u00e3o da f\u00e9 salvar\u00e1 o doente, e o Senhor o levantar\u00e1.&quot; - (Tiago, 5:15) In\u00fameras criaturas arrastam pesadamente os p\u00e9s, vergadas ao peso dos dissabores de v\u00e1rios matizes na \u00e1rdua caminhada evolutiva. A rebeldia tem contribu\u00eddo tristemente para o grande contingente de","og:url":"https:\/\/anoticiaonline.com.br\/site\/a-oracao-da-fe-viva\/","og:image":"https:\/\/scontent-gig4-1.xx.fbcdn.net\/v\/t39.30808-1\/270437624_4564083193639691_6907940295614233970_n.jpg?stp=dst-jpg_s200x200_tt6&#038;_nc_cat=111&#038;ccb=1-7&#038;_nc_sid=f907e8&#038;_nc_ohc=SM1wRlP3lJwQ7kNvwEPuBYA&#038;_nc_oc=AdnqrjDN_BNjSSHWO-GbkIWH6fkGMLw4bqvL_NH6e2wMveX7G-rP2dAqsDSq1mJMOaY&#038;_nc_zt=24&#038;_nc_ht=scontent-gig4-1.xx&#038;_nc_gid=AoBFJeGrT1hVaew_6rchkQ&#038;oh=00_AfX7QmFGhQhG2jAllVgXCiM1ZrWgvtp80-Bfppyexh1QEg&#038;oe=689E923C","og:image:secure_url":"https:\/\/scontent-gig4-1.xx.fbcdn.net\/v\/t39.30808-1\/270437624_4564083193639691_6907940295614233970_n.jpg?stp=dst-jpg_s200x200_tt6&#038;_nc_cat=111&#038;ccb=1-7&#038;_nc_sid=f907e8&#038;_nc_ohc=SM1wRlP3lJwQ7kNvwEPuBYA&#038;_nc_oc=AdnqrjDN_BNjSSHWO-GbkIWH6fkGMLw4bqvL_NH6e2wMveX7G-rP2dAqsDSq1mJMOaY&#038;_nc_zt=24&#038;_nc_ht=scontent-gig4-1.xx&#038;_nc_gid=AoBFJeGrT1hVaew_6rchkQ&#038;oh=00_AfX7QmFGhQhG2jAllVgXCiM1ZrWgvtp80-Bfppyexh1QEg&#038;oe=689E923C","article:published_time":"2017-02-20T17:22:03+00:00","article:modified_time":"2017-02-20T17:22:03+00:00","twitter:card":"summary_large_image","twitter:title":"A ora\u00e7\u00e3o da f\u00e9 viva - A Not\u00edcia Online","twitter:description":"Acima de qualquer medica\u00e7\u00e3o, aprendamos a orar, entender e auxiliar \u201c(...) E a ora\u00e7\u00e3o da f\u00e9 salvar\u00e1 o doente, e o Senhor o levantar\u00e1.&quot; - (Tiago, 5:15) In\u00fameras criaturas arrastam pesadamente os p\u00e9s, vergadas ao peso dos dissabores de v\u00e1rios matizes na \u00e1rdua caminhada evolutiva. A rebeldia tem contribu\u00eddo tristemente para o grande contingente de","twitter:image":"https:\/\/scontent-gig4-1.xx.fbcdn.net\/v\/t39.30808-1\/270437624_4564083193639691_6907940295614233970_n.jpg?stp=dst-jpg_s200x200_tt6&_nc_cat=111&ccb=1-7&_nc_sid=f907e8&_nc_ohc=SM1wRlP3lJwQ7kNvwEPuBYA&_nc_oc=AdnqrjDN_BNjSSHWO-GbkIWH6fkGMLw4bqvL_NH6e2wMveX7G-rP2dAqsDSq1mJMOaY&_nc_zt=24&_nc_ht=scontent-gig4-1.xx&_nc_gid=AoBFJeGrT1hVaew_6rchkQ&oh=00_AfX7QmFGhQhG2jAllVgXCiM1ZrWgvtp80-Bfppyexh1QEg&oe=689E923C"},"aioseo_meta_data":{"post_id":"24687","title":null,"description":null,"keywords":null,"keyphrases":null,"primary_term":null,"canonical_url":null,"og_title":null,"og_description":null,"og_object_type":"default","og_image_type":"default","og_image_url":null,"og_image_width":null,"og_image_height":null,"og_image_custom_url":null,"og_image_custom_fields":null,"og_video":null,"og_custom_url":null,"og_article_section":null,"og_article_tags":null,"twitter_use_og":false,"twitter_card":"default","twitter_image_type":"default","twitter_image_url":null,"twitter_image_custom_url":null,"twitter_image_custom_fields":null,"twitter_title":null,"twitter_description":null,"schema":{"blockGraphs":[],"customGraphs":[],"default":{"data":{"Article":[],"Course":[],"Dataset":[],"FAQPage":[],"Movie":[],"Person":[],"Product":[],"ProductReview":[],"Car":[],"Recipe":[],"Service":[],"SoftwareApplication":[],"WebPage":[]},"graphName":"","isEnabled":true},"graphs":[]},"schema_type":"default","schema_type_options":null,"pillar_content":false,"robots_default":true,"robots_noindex":false,"robots_noarchive":false,"robots_nosnippet":false,"robots_nofollow":false,"robots_noimageindex":false,"robots_noodp":false,"robots_notranslate":false,"robots_max_snippet":null,"robots_max_videopreview":null,"robots_max_imagepreview":"large","priority":null,"frequency":null,"local_seo":null,"breadcrumb_settings":null,"limit_modified_date":false,"ai":null,"created":"2025-08-16 17:45:43","updated":"2025-08-16 17:45:43","focus_keyword":null,"additional_keywords":null,"truseo_locale":null,"seo_analyzer_scan_date":null},"aioseo_breadcrumb":"<div class=\"aioseo-breadcrumbs\"><span class=\"aioseo-breadcrumb\">\n\t\t\t<a href=\"https:\/\/anoticiaonline.com.br\/site\" title=\"Home\">Home<\/a>\n\t\t<\/span><span class=\"aioseo-breadcrumb-separator\">&raquo;<\/span><span class=\"aioseo-breadcrumb\">\n\t\t\t<a href=\"https:\/\/anoticiaonline.com.br\/site\/categoria\/colunistas\/\" title=\"Colunistas\">Colunistas<\/a>\n\t\t<\/span><span class=\"aioseo-breadcrumb-separator\">&raquo;<\/span><span class=\"aioseo-breadcrumb\">\n\t\t\t<a href=\"https:\/\/anoticiaonline.com.br\/site\/categoria\/colunistas\/espiritismo-em-foco-de-rogerio-coelho\/\" title=\"Espiritismo em Foco, por Rog\u00e9rio Coelho\">Espiritismo em Foco, por Rog\u00e9rio Coelho<\/a>\n\t\t<\/span><span class=\"aioseo-breadcrumb-separator\">&raquo;<\/span><span class=\"aioseo-breadcrumb\">\n\t\t\tA ora\u00e7\u00e3o da f\u00e9 viva\n\t\t<\/span><\/div>","aioseo_breadcrumb_json":[{"label":"Home","link":"https:\/\/anoticiaonline.com.br\/site"},{"label":"Colunistas","link":"https:\/\/anoticiaonline.com.br\/site\/categoria\/colunistas\/"},{"label":"Espiritismo em Foco, por Rog\u00e9rio Coelho","link":"https:\/\/anoticiaonline.com.br\/site\/categoria\/colunistas\/espiritismo-em-foco-de-rogerio-coelho\/"},{"label":"A ora\u00e7\u00e3o da f\u00e9 viva","link":"https:\/\/anoticiaonline.com.br\/site\/a-oracao-da-fe-viva\/"}],"views":157,"_links":{"self":[{"href":"https:\/\/anoticiaonline.com.br\/site\/wp-json\/wp\/v2\/posts\/24687","targetHints":{"allow":["GET"]}}],"collection":[{"href":"https:\/\/anoticiaonline.com.br\/site\/wp-json\/wp\/v2\/posts"}],"about":[{"href":"https:\/\/anoticiaonline.com.br\/site\/wp-json\/wp\/v2\/types\/post"}],"author":[{"embeddable":true,"href":"https:\/\/anoticiaonline.com.br\/site\/wp-json\/wp\/v2\/users\/2"}],"replies":[{"embeddable":true,"href":"https:\/\/anoticiaonline.com.br\/site\/wp-json\/wp\/v2\/comments?post=24687"}],"version-history":[{"count":0,"href":"https:\/\/anoticiaonline.com.br\/site\/wp-json\/wp\/v2\/posts\/24687\/revisions"}],"wp:attachment":[{"href":"https:\/\/anoticiaonline.com.br\/site\/wp-json\/wp\/v2\/media?parent=24687"}],"wp:term":[{"taxonomy":"category","embeddable":true,"href":"https:\/\/anoticiaonline.com.br\/site\/wp-json\/wp\/v2\/categories?post=24687"},{"taxonomy":"post_tag","embeddable":true,"href":"https:\/\/anoticiaonline.com.br\/site\/wp-json\/wp\/v2\/tags?post=24687"}],"curies":[{"name":"wp","href":"https:\/\/api.w.org\/{rel}","templated":true}]}}