{"id":24662,"date":"2017-02-20T10:24:48","date_gmt":"2017-02-20T13:24:48","guid":{"rendered":"http:\/\/anoticiaonline.com.br\/site\/?p=24662"},"modified":"2017-02-20T10:24:48","modified_gmt":"2017-02-20T13:24:48","slug":"corpo-de-bombeiros-de-muriae-comemora-11-anos","status":"publish","type":"post","link":"https:\/\/anoticiaonline.com.br\/site\/corpo-de-bombeiros-de-muriae-comemora-11-anos\/","title":{"rendered":"Corpo de Bombeiros de Muria\u00e9 comemora 11 anos"},"content":{"rendered":"<p><a href=\"https:\/\/anoticiaonline.com.br\/site\/wp-content\/uploads\/2017\/02\/DSC00173.jpg\"><img decoding=\"async\" class=\" size-medium wp-image-24664 alignleft\" src=\"https:\/\/anoticiaonline.com.br\/site\/wp-content\/uploads\/2017\/02\/DSC00173-300x156.jpg\" alt=\"DSC00173\" width=\"300\" height=\"156\" srcset=\"https:\/\/anoticiaonline.com.br\/site\/wp-content\/uploads\/2017\/02\/DSC00173-300x156.jpg 300w, https:\/\/anoticiaonline.com.br\/site\/wp-content\/uploads\/2017\/02\/DSC00173.jpg 640w\" sizes=\"(max-width: 300px) 100vw, 300px\" \/><\/a>O 2\u00ba Pelot\u00e3o do Corpo de Bombeiros, situado em Muria\u00e9, completou 11 anos. Fundado no dia 17 de fevereiro de 2006, o Pelot\u00e3o, instalado no bairro G\u00e1vea, atende Muria\u00e9 e mais 16 munic\u00edpios vizinhos. Nesses 11 anos, atendeu aproximadamente 40 mil ocorr\u00eancias, o que inclui resgates, atendimentos cl\u00ednicos, salvamentos, entre outras.<\/p>\n<p>Em comemora\u00e7\u00e3o \u00e0 data, na manh\u00e3 da \u00faltima sexta-feira foi realizado um momento de ora\u00e7\u00e3o na sede do Pelot\u00e3o. \u00c0 tarde, aconteceu na AABB uma confraterniza\u00e7\u00e3o da tropa juntamente com autoridades representando alguns segmentos, como a Pol\u00edcia Militar, Pol\u00edcia Civil e o prefeito de Muria\u00e9, Grego. Os presentes foram recepcionados pelo capit\u00e3o Patrick (comandante da 2\u00aa Companhia, a qual o Pelot\u00e3o est\u00e1 subordinado) e pelo tenente Dornellas (atual comandante do 2\u00ba Pelot\u00e3o).<\/p>\n<p>Quando foi inaugurada, a fra\u00e7\u00e3o, denominada 8\u00ba Pelot\u00e3o de Bombeiros Militar, pertencia a ent\u00e3o 2\u00aa Companhia de Bombeiros Militar, situada em Barbacena, \u00e1rea de articula\u00e7\u00e3o do 4\u00ba Batalh\u00e3o de Bombeiros Militar (4\u00ba BBM), com sede em Juiz de Fora.<\/p>\n<p>A fra\u00e7\u00e3o teve sua constru\u00e7\u00e3o iniciada no dia 8 de mar\u00e7o de 2005, sendo o local escolhido para a sua sede o bairro G\u00e1vea, por ser um ponto estrat\u00e9gico de f\u00e1cil acesso aos bairros e proporcionar um r\u00e1pido deslocamento para as principais rodovias que cortam o munic\u00edpio &#8211; as BR\u2019s 356 e 116.<\/p>\n<p>Na \u00e9poca, com um efetivo de 31 militares, o ent\u00e3o 8\u00ba Pelot\u00e3o atendia a uma \u00e1rea de articula\u00e7\u00e3o de 31 munic\u00edpios. Devido \u00e0 cria\u00e7\u00e3o de novas fra\u00e7\u00f5es do Corpo de Bombeiros, a \u00e1rea de atendimento passou para 29 munic\u00edpios, sendo que, em 2015, com a cria\u00e7\u00e3o do Pelot\u00e3o de Bombeiros em Leopoldina, a unidade de Muria\u00e9 passou a ser respons\u00e1vel por 17 munic\u00edpios da Zona da Mata mineira. Hoje, o 2\u00ba Pelot\u00e3o conta com um efetivo de 39 militares. Possui ainda cinco viaturas, dois caminh\u00f5es de combate a inc\u00eandio e dois barcos.<\/p>\n<p>Ainda no campo operacional, funciona na fra\u00e7\u00e3o uma base descentralizada do SAMU, atuando em conjunto com os militares no atendimento de ocorr\u00eancias pr\u00e9-hospitalares.<\/p>\n<p>O seu primeiro comandante foi o capit\u00e3o Patrick Tavares Gomes (atual comandante da 2\u00aa Companhia). O segundo militar a comandar o 2\u00ba Pelot\u00e3o foi o tenente Ac\u00e1cio Trist\u00e3o Gouv\u00eaa, hoje capit\u00e3o. Ap\u00f3s a transfer\u00eancia do ent\u00e3o tenente Trist\u00e3o, a fra\u00e7\u00e3o passou a ser comandada pelo tenente Thomaz Tassi de Freitas, o qual foi substitu\u00eddo pelo tenente Clodoaldo Clem\u00eancio da Silva, que, por sua vez, passou o cargo para o tenente Evandro da Silva. Hoje, o Pelot\u00e3o tem como comandante o tenente Jorge Dornellas dos Santos J\u00fanior, que ocupa o cargo desde agosto de 2016.<\/p>\n<p><strong>CONFIRA ABAIXO A GALERIA DE FOTOS DA COMEMORA\u00c7\u00c3O:<\/strong><\/p>\n<p><img decoding=\"async\" class=\"ngg_displayed_gallery mceItem\" src=\"https:\/\/anoticiaonline.com.br\/site\/nextgen-attach_to_post\/preview\/id--24683\" alt=\"\" \/><\/p>\n<p>&nbsp;<\/p>\n","protected":false},"excerpt":{"rendered":"<p>O 2\u00ba Pelot\u00e3o do Corpo de Bombeiros, situado em Muria\u00e9, completou 11 anos. Fundado no dia 17 de fevereiro de 2006, o Pelot\u00e3o, instalado no bairro G\u00e1vea, atende Muria\u00e9 e mais 16 munic\u00edpios vizinhos. Nesses 11 anos, atendeu aproximadamente 40 mil ocorr\u00eancias, o que inclui resgates, atendimentos cl\u00ednicos, salvamentos, entre outras. Em comemora\u00e7\u00e3o \u00e0 data, &#8230; <a title=\"Corpo de Bombeiros de Muria\u00e9 comemora 11 anos\" class=\"read-more\" href=\"https:\/\/anoticiaonline.com.br\/site\/corpo-de-bombeiros-de-muriae-comemora-11-anos\/\" aria-label=\"Read more about Corpo de Bombeiros de Muria\u00e9 comemora 11 anos\">Ler mais<\/a><\/p>\n","protected":false},"author":2,"featured_media":24664,"comment_status":"open","ping_status":"open","sticky":false,"template":"","format":"standard","meta":{"_acf_changed":false,"_monsterinsights_skip_tracking":false,"footnotes":""},"categories":[30],"tags":[3],"class_list":["post-24662","post","type-post","status-publish","format-standard","has-post-thumbnail","hentry","category-muriae","tag-slide"],"acf":[],"aioseo_notices":[],"aioseo_head":"\n\t\t<!-- All in One SEO 5.0.0.1 - aioseo.com -->\n\t<meta name=\"description\" content=\"O 2\u00ba Pelot\u00e3o do Corpo de Bombeiros, situado em Muria\u00e9, completou 11 anos. Fundado no dia 17 de fevereiro de 2006, o Pelot\u00e3o, instalado no bairro G\u00e1vea, atende Muria\u00e9 e mais 16 munic\u00edpios vizinhos. Nesses 11 anos, atendeu aproximadamente 40 mil ocorr\u00eancias, o que inclui resgates, atendimentos cl\u00ednicos, salvamentos, entre outras. Em comemora\u00e7\u00e3o \u00e0 data,\" \/>\n\t<meta name=\"robots\" content=\"max-image-preview:large\" \/>\n\t<meta name=\"author\" content=\"Juliana Laviola\"\/>\n\t<link rel=\"canonical\" href=\"https:\/\/anoticiaonline.com.br\/site\/corpo-de-bombeiros-de-muriae-comemora-11-anos\/\" \/>\n\t<meta name=\"generator\" content=\"All in One SEO (AIOSEO) 5.0.0.1\" \/>\n\t\t<meta property=\"og:locale\" content=\"pt_BR\" \/>\n\t\t<meta property=\"og:site_name\" content=\"A Not\u00edcia Online - Noticias de Muria\u00e9 e regi\u00e3o\" \/>\n\t\t<meta property=\"og:type\" content=\"article\" \/>\n\t\t<meta property=\"og:title\" content=\"Corpo de Bombeiros de Muria\u00e9 comemora 11 anos - A Not\u00edcia Online\" \/>\n\t\t<meta property=\"og:description\" content=\"O 2\u00ba Pelot\u00e3o do Corpo de Bombeiros, situado em Muria\u00e9, completou 11 anos. Fundado no dia 17 de fevereiro de 2006, o Pelot\u00e3o, instalado no bairro G\u00e1vea, atende Muria\u00e9 e mais 16 munic\u00edpios vizinhos. Nesses 11 anos, atendeu aproximadamente 40 mil ocorr\u00eancias, o que inclui resgates, atendimentos cl\u00ednicos, salvamentos, entre outras. Em comemora\u00e7\u00e3o \u00e0 data,\" \/>\n\t\t<meta property=\"og:url\" content=\"https:\/\/anoticiaonline.com.br\/site\/corpo-de-bombeiros-de-muriae-comemora-11-anos\/\" \/>\n\t\t<meta property=\"og:image\" content=\"https:\/\/scontent-gig4-1.xx.fbcdn.net\/v\/t39.30808-1\/270437624_4564083193639691_6907940295614233970_n.jpg?stp=dst-jpg_s200x200_tt6&#038;_nc_cat=111&#038;ccb=1-7&#038;_nc_sid=f907e8&#038;_nc_ohc=SM1wRlP3lJwQ7kNvwEPuBYA&#038;_nc_oc=AdnqrjDN_BNjSSHWO-GbkIWH6fkGMLw4bqvL_NH6e2wMveX7G-rP2dAqsDSq1mJMOaY&#038;_nc_zt=24&#038;_nc_ht=scontent-gig4-1.xx&#038;_nc_gid=AoBFJeGrT1hVaew_6rchkQ&#038;oh=00_AfX7QmFGhQhG2jAllVgXCiM1ZrWgvtp80-Bfppyexh1QEg&#038;oe=689E923C\" \/>\n\t\t<meta property=\"og:image:secure_url\" content=\"https:\/\/scontent-gig4-1.xx.fbcdn.net\/v\/t39.30808-1\/270437624_4564083193639691_6907940295614233970_n.jpg?stp=dst-jpg_s200x200_tt6&#038;_nc_cat=111&#038;ccb=1-7&#038;_nc_sid=f907e8&#038;_nc_ohc=SM1wRlP3lJwQ7kNvwEPuBYA&#038;_nc_oc=AdnqrjDN_BNjSSHWO-GbkIWH6fkGMLw4bqvL_NH6e2wMveX7G-rP2dAqsDSq1mJMOaY&#038;_nc_zt=24&#038;_nc_ht=scontent-gig4-1.xx&#038;_nc_gid=AoBFJeGrT1hVaew_6rchkQ&#038;oh=00_AfX7QmFGhQhG2jAllVgXCiM1ZrWgvtp80-Bfppyexh1QEg&#038;oe=689E923C\" \/>\n\t\t<meta property=\"article:published_time\" content=\"2017-02-20T13:24:48+00:00\" \/>\n\t\t<meta property=\"article:modified_time\" content=\"2017-02-20T13:24:48+00:00\" \/>\n\t\t<meta name=\"twitter:card\" content=\"summary_large_image\" \/>\n\t\t<meta name=\"twitter:title\" content=\"Corpo de Bombeiros de Muria\u00e9 comemora 11 anos - A Not\u00edcia Online\" \/>\n\t\t<meta name=\"twitter:description\" content=\"O 2\u00ba Pelot\u00e3o do Corpo de Bombeiros, situado em Muria\u00e9, completou 11 anos. Fundado no dia 17 de fevereiro de 2006, o Pelot\u00e3o, instalado no bairro G\u00e1vea, atende Muria\u00e9 e mais 16 munic\u00edpios vizinhos. Nesses 11 anos, atendeu aproximadamente 40 mil ocorr\u00eancias, o que inclui resgates, atendimentos cl\u00ednicos, salvamentos, entre outras. Em comemora\u00e7\u00e3o \u00e0 data,\" \/>\n\t\t<meta name=\"twitter:image\" content=\"https:\/\/scontent-gig4-1.xx.fbcdn.net\/v\/t39.30808-1\/270437624_4564083193639691_6907940295614233970_n.jpg?stp=dst-jpg_s200x200_tt6&amp;_nc_cat=111&amp;ccb=1-7&amp;_nc_sid=f907e8&amp;_nc_ohc=SM1wRlP3lJwQ7kNvwEPuBYA&amp;_nc_oc=AdnqrjDN_BNjSSHWO-GbkIWH6fkGMLw4bqvL_NH6e2wMveX7G-rP2dAqsDSq1mJMOaY&amp;_nc_zt=24&amp;_nc_ht=scontent-gig4-1.xx&amp;_nc_gid=AoBFJeGrT1hVaew_6rchkQ&amp;oh=00_AfX7QmFGhQhG2jAllVgXCiM1ZrWgvtp80-Bfppyexh1QEg&amp;oe=689E923C\" \/>\n\t\t<script type=\"application\/ld+json\" class=\"aioseo-schema\">\n\t\t\t{\"@context\":\"https:\\\/\\\/schema.org\",\"@graph\":[{\"@type\":\"BlogPosting\",\"@id\":\"https:\\\/\\\/anoticiaonline.com.br\\\/site\\\/corpo-de-bombeiros-de-muriae-comemora-11-anos\\\/#blogposting\",\"name\":\"Corpo de Bombeiros de Muria\\u00e9 comemora 11 anos - A Not\\u00edcia Online\",\"headline\":\"Corpo de Bombeiros de Muria\\u00e9 comemora 11 anos\",\"author\":{\"@id\":\"https:\\\/\\\/anoticiaonline.com.br\\\/site\\\/author\\\/juliana\\\/#author\"},\"publisher\":{\"@id\":\"https:\\\/\\\/anoticiaonline.com.br\\\/site\\\/#organization\"},\"image\":{\"@type\":\"ImageObject\",\"url\":\"https:\\\/\\\/anoticiaonline.com.br\\\/site\\\/wp-content\\\/uploads\\\/2017\\\/02\\\/DSC00173.jpg\",\"width\":640,\"height\":332},\"datePublished\":\"2017-02-20T10:24:48-03:00\",\"dateModified\":\"2017-02-20T10:24:48-03:00\",\"inLanguage\":\"pt-BR\",\"mainEntityOfPage\":{\"@id\":\"https:\\\/\\\/anoticiaonline.com.br\\\/site\\\/corpo-de-bombeiros-de-muriae-comemora-11-anos\\\/#webpage\"},\"isPartOf\":{\"@id\":\"https:\\\/\\\/anoticiaonline.com.br\\\/site\\\/corpo-de-bombeiros-de-muriae-comemora-11-anos\\\/#webpage\"},\"articleSection\":\"Blog, slide\"},{\"@type\":\"BreadcrumbList\",\"@id\":\"https:\\\/\\\/anoticiaonline.com.br\\\/site\\\/corpo-de-bombeiros-de-muriae-comemora-11-anos\\\/#breadcrumblist\",\"itemListElement\":[{\"@type\":\"ListItem\",\"@id\":\"https:\\\/\\\/anoticiaonline.com.br\\\/site#listItem\",\"position\":1,\"name\":\"Home\",\"item\":\"https:\\\/\\\/anoticiaonline.com.br\\\/site\",\"nextItem\":{\"@type\":\"ListItem\",\"@id\":\"https:\\\/\\\/anoticiaonline.com.br\\\/site\\\/categoria\\\/muriae\\\/#listItem\",\"name\":\"Blog\"}},{\"@type\":\"ListItem\",\"@id\":\"https:\\\/\\\/anoticiaonline.com.br\\\/site\\\/categoria\\\/muriae\\\/#listItem\",\"position\":2,\"name\":\"Blog\",\"item\":\"https:\\\/\\\/anoticiaonline.com.br\\\/site\\\/categoria\\\/muriae\\\/\",\"nextItem\":{\"@type\":\"ListItem\",\"@id\":\"https:\\\/\\\/anoticiaonline.com.br\\\/site\\\/corpo-de-bombeiros-de-muriae-comemora-11-anos\\\/#listItem\",\"name\":\"Corpo de Bombeiros de Muria\\u00e9 comemora 11 anos\"},\"previousItem\":{\"@type\":\"ListItem\",\"@id\":\"https:\\\/\\\/anoticiaonline.com.br\\\/site#listItem\",\"name\":\"Home\"}},{\"@type\":\"ListItem\",\"@id\":\"https:\\\/\\\/anoticiaonline.com.br\\\/site\\\/corpo-de-bombeiros-de-muriae-comemora-11-anos\\\/#listItem\",\"position\":3,\"name\":\"Corpo de Bombeiros de Muria\\u00e9 comemora 11 anos\",\"previousItem\":{\"@type\":\"ListItem\",\"@id\":\"https:\\\/\\\/anoticiaonline.com.br\\\/site\\\/categoria\\\/muriae\\\/#listItem\",\"name\":\"Blog\"}}]},{\"@type\":\"Organization\",\"@id\":\"https:\\\/\\\/anoticiaonline.com.br\\\/site\\\/#organization\",\"name\":\"A Not\\u00edcia Online\",\"description\":\"Noticias de Muria\\u00e9 e regi\\u00e3o\",\"url\":\"https:\\\/\\\/anoticiaonline.com.br\\\/site\\\/\",\"logo\":{\"@type\":\"ImageObject\",\"url\":\"https:\\\/\\\/scontent-gig4-1.xx.fbcdn.net\\\/v\\\/t39.30808-1\\\/270437624_4564083193639691_6907940295614233970_n.jpg?stp=dst-jpg_s200x200_tt6&_nc_cat=111&ccb=1-7&_nc_sid=f907e8&_nc_ohc=SM1wRlP3lJwQ7kNvwEPuBYA&_nc_oc=AdnqrjDN_BNjSSHWO-GbkIWH6fkGMLw4bqvL_NH6e2wMveX7G-rP2dAqsDSq1mJMOaY&_nc_zt=24&_nc_ht=scontent-gig4-1.xx&_nc_gid=AoBFJeGrT1hVaew_6rchkQ&oh=00_AfX7QmFGhQhG2jAllVgXCiM1ZrWgvtp80-Bfppyexh1QEg&oe=689E923C\",\"@id\":\"https:\\\/\\\/anoticiaonline.com.br\\\/site\\\/corpo-de-bombeiros-de-muriae-comemora-11-anos\\\/#organizationLogo\"},\"image\":{\"@id\":\"https:\\\/\\\/anoticiaonline.com.br\\\/site\\\/corpo-de-bombeiros-de-muriae-comemora-11-anos\\\/#organizationLogo\"}},{\"@type\":\"Person\",\"@id\":\"https:\\\/\\\/anoticiaonline.com.br\\\/site\\\/author\\\/juliana\\\/#author\",\"url\":\"https:\\\/\\\/anoticiaonline.com.br\\\/site\\\/author\\\/juliana\\\/\",\"name\":\"Juliana Laviola\",\"image\":{\"@type\":\"ImageObject\",\"@id\":\"https:\\\/\\\/anoticiaonline.com.br\\\/site\\\/corpo-de-bombeiros-de-muriae-comemora-11-anos\\\/#authorImage\",\"url\":\"https:\\\/\\\/secure.gravatar.com\\\/avatar\\\/b8d45f5c699b100dfaf0e543582f38f38bf94cb7ae3a5e9abf8d891a34773335?s=96&d=mm&r=g\",\"width\":96,\"height\":96,\"caption\":\"Juliana Laviola\"}},{\"@type\":\"WebPage\",\"@id\":\"https:\\\/\\\/anoticiaonline.com.br\\\/site\\\/corpo-de-bombeiros-de-muriae-comemora-11-anos\\\/#webpage\",\"url\":\"https:\\\/\\\/anoticiaonline.com.br\\\/site\\\/corpo-de-bombeiros-de-muriae-comemora-11-anos\\\/\",\"name\":\"Corpo de Bombeiros de Muria\\u00e9 comemora 11 anos - A Not\\u00edcia Online\",\"description\":\"O 2\\u00ba Pelot\\u00e3o do Corpo de Bombeiros, situado em Muria\\u00e9, completou 11 anos. Fundado no dia 17 de fevereiro de 2006, o Pelot\\u00e3o, instalado no bairro G\\u00e1vea, atende Muria\\u00e9 e mais 16 munic\\u00edpios vizinhos. Nesses 11 anos, atendeu aproximadamente 40 mil ocorr\\u00eancias, o que inclui resgates, atendimentos cl\\u00ednicos, salvamentos, entre outras. Em comemora\\u00e7\\u00e3o \\u00e0 data,\",\"inLanguage\":\"pt-BR\",\"isPartOf\":{\"@id\":\"https:\\\/\\\/anoticiaonline.com.br\\\/site\\\/#website\"},\"breadcrumb\":{\"@id\":\"https:\\\/\\\/anoticiaonline.com.br\\\/site\\\/corpo-de-bombeiros-de-muriae-comemora-11-anos\\\/#breadcrumblist\"},\"author\":{\"@id\":\"https:\\\/\\\/anoticiaonline.com.br\\\/site\\\/author\\\/juliana\\\/#author\"},\"creator\":{\"@id\":\"https:\\\/\\\/anoticiaonline.com.br\\\/site\\\/author\\\/juliana\\\/#author\"},\"image\":{\"@type\":\"ImageObject\",\"url\":\"https:\\\/\\\/anoticiaonline.com.br\\\/site\\\/wp-content\\\/uploads\\\/2017\\\/02\\\/DSC00173.jpg\",\"@id\":\"https:\\\/\\\/anoticiaonline.com.br\\\/site\\\/corpo-de-bombeiros-de-muriae-comemora-11-anos\\\/#mainImage\",\"width\":640,\"height\":332},\"primaryImageOfPage\":{\"@id\":\"https:\\\/\\\/anoticiaonline.com.br\\\/site\\\/corpo-de-bombeiros-de-muriae-comemora-11-anos\\\/#mainImage\"},\"datePublished\":\"2017-02-20T10:24:48-03:00\",\"dateModified\":\"2017-02-20T10:24:48-03:00\"},{\"@type\":\"WebSite\",\"@id\":\"https:\\\/\\\/anoticiaonline.com.br\\\/site\\\/#website\",\"url\":\"https:\\\/\\\/anoticiaonline.com.br\\\/site\\\/\",\"name\":\"A Not\\u00edcia Online\",\"description\":\"Noticias de Muria\\u00e9 e regi\\u00e3o\",\"inLanguage\":\"pt-BR\",\"publisher\":{\"@id\":\"https:\\\/\\\/anoticiaonline.com.br\\\/site\\\/#organization\"}}]}\n\t\t<\/script>\n\t\t<!-- All in One SEO -->\n\n","aioseo_head_json":{"title":"Corpo de Bombeiros de Muria\u00e9 comemora 11 anos - A Not\u00edcia Online","description":"O 2\u00ba Pelot\u00e3o do Corpo de Bombeiros, situado em Muria\u00e9, completou 11 anos. Fundado no dia 17 de fevereiro de 2006, o Pelot\u00e3o, instalado no bairro G\u00e1vea, atende Muria\u00e9 e mais 16 munic\u00edpios vizinhos. Nesses 11 anos, atendeu aproximadamente 40 mil ocorr\u00eancias, o que inclui resgates, atendimentos cl\u00ednicos, salvamentos, entre outras. Em comemora\u00e7\u00e3o \u00e0 data,","canonical_url":"https:\/\/anoticiaonline.com.br\/site\/corpo-de-bombeiros-de-muriae-comemora-11-anos\/","robots":"max-image-preview:large","keywords":"","webmasterTools":{"miscellaneous":""},"schema":{"@context":"https:\/\/schema.org","@graph":[{"@type":"BlogPosting","@id":"https:\/\/anoticiaonline.com.br\/site\/corpo-de-bombeiros-de-muriae-comemora-11-anos\/#blogposting","name":"Corpo de Bombeiros de Muria\u00e9 comemora 11 anos - A Not\u00edcia Online","headline":"Corpo de Bombeiros de Muria\u00e9 comemora 11 anos","author":{"@id":"https:\/\/anoticiaonline.com.br\/site\/author\/juliana\/#author"},"publisher":{"@id":"https:\/\/anoticiaonline.com.br\/site\/#organization"},"image":{"@type":"ImageObject","url":"https:\/\/anoticiaonline.com.br\/site\/wp-content\/uploads\/2017\/02\/DSC00173.jpg","width":640,"height":332},"datePublished":"2017-02-20T10:24:48-03:00","dateModified":"2017-02-20T10:24:48-03:00","inLanguage":"pt-BR","mainEntityOfPage":{"@id":"https:\/\/anoticiaonline.com.br\/site\/corpo-de-bombeiros-de-muriae-comemora-11-anos\/#webpage"},"isPartOf":{"@id":"https:\/\/anoticiaonline.com.br\/site\/corpo-de-bombeiros-de-muriae-comemora-11-anos\/#webpage"},"articleSection":"Blog, slide"},{"@type":"BreadcrumbList","@id":"https:\/\/anoticiaonline.com.br\/site\/corpo-de-bombeiros-de-muriae-comemora-11-anos\/#breadcrumblist","itemListElement":[{"@type":"ListItem","@id":"https:\/\/anoticiaonline.com.br\/site#listItem","position":1,"name":"Home","item":"https:\/\/anoticiaonline.com.br\/site","nextItem":{"@type":"ListItem","@id":"https:\/\/anoticiaonline.com.br\/site\/categoria\/muriae\/#listItem","name":"Blog"}},{"@type":"ListItem","@id":"https:\/\/anoticiaonline.com.br\/site\/categoria\/muriae\/#listItem","position":2,"name":"Blog","item":"https:\/\/anoticiaonline.com.br\/site\/categoria\/muriae\/","nextItem":{"@type":"ListItem","@id":"https:\/\/anoticiaonline.com.br\/site\/corpo-de-bombeiros-de-muriae-comemora-11-anos\/#listItem","name":"Corpo de Bombeiros de Muria\u00e9 comemora 11 anos"},"previousItem":{"@type":"ListItem","@id":"https:\/\/anoticiaonline.com.br\/site#listItem","name":"Home"}},{"@type":"ListItem","@id":"https:\/\/anoticiaonline.com.br\/site\/corpo-de-bombeiros-de-muriae-comemora-11-anos\/#listItem","position":3,"name":"Corpo de Bombeiros de Muria\u00e9 comemora 11 anos","previousItem":{"@type":"ListItem","@id":"https:\/\/anoticiaonline.com.br\/site\/categoria\/muriae\/#listItem","name":"Blog"}}]},{"@type":"Organization","@id":"https:\/\/anoticiaonline.com.br\/site\/#organization","name":"A Not\u00edcia Online","description":"Noticias de Muria\u00e9 e regi\u00e3o","url":"https:\/\/anoticiaonline.com.br\/site\/","logo":{"@type":"ImageObject","url":"https:\/\/scontent-gig4-1.xx.fbcdn.net\/v\/t39.30808-1\/270437624_4564083193639691_6907940295614233970_n.jpg?stp=dst-jpg_s200x200_tt6&_nc_cat=111&ccb=1-7&_nc_sid=f907e8&_nc_ohc=SM1wRlP3lJwQ7kNvwEPuBYA&_nc_oc=AdnqrjDN_BNjSSHWO-GbkIWH6fkGMLw4bqvL_NH6e2wMveX7G-rP2dAqsDSq1mJMOaY&_nc_zt=24&_nc_ht=scontent-gig4-1.xx&_nc_gid=AoBFJeGrT1hVaew_6rchkQ&oh=00_AfX7QmFGhQhG2jAllVgXCiM1ZrWgvtp80-Bfppyexh1QEg&oe=689E923C","@id":"https:\/\/anoticiaonline.com.br\/site\/corpo-de-bombeiros-de-muriae-comemora-11-anos\/#organizationLogo"},"image":{"@id":"https:\/\/anoticiaonline.com.br\/site\/corpo-de-bombeiros-de-muriae-comemora-11-anos\/#organizationLogo"}},{"@type":"Person","@id":"https:\/\/anoticiaonline.com.br\/site\/author\/juliana\/#author","url":"https:\/\/anoticiaonline.com.br\/site\/author\/juliana\/","name":"Juliana Laviola","image":{"@type":"ImageObject","@id":"https:\/\/anoticiaonline.com.br\/site\/corpo-de-bombeiros-de-muriae-comemora-11-anos\/#authorImage","url":"https:\/\/secure.gravatar.com\/avatar\/b8d45f5c699b100dfaf0e543582f38f38bf94cb7ae3a5e9abf8d891a34773335?s=96&d=mm&r=g","width":96,"height":96,"caption":"Juliana Laviola"}},{"@type":"WebPage","@id":"https:\/\/anoticiaonline.com.br\/site\/corpo-de-bombeiros-de-muriae-comemora-11-anos\/#webpage","url":"https:\/\/anoticiaonline.com.br\/site\/corpo-de-bombeiros-de-muriae-comemora-11-anos\/","name":"Corpo de Bombeiros de Muria\u00e9 comemora 11 anos - A Not\u00edcia Online","description":"O 2\u00ba Pelot\u00e3o do Corpo de Bombeiros, situado em Muria\u00e9, completou 11 anos. Fundado no dia 17 de fevereiro de 2006, o Pelot\u00e3o, instalado no bairro G\u00e1vea, atende Muria\u00e9 e mais 16 munic\u00edpios vizinhos. Nesses 11 anos, atendeu aproximadamente 40 mil ocorr\u00eancias, o que inclui resgates, atendimentos cl\u00ednicos, salvamentos, entre outras. Em comemora\u00e7\u00e3o \u00e0 data,","inLanguage":"pt-BR","isPartOf":{"@id":"https:\/\/anoticiaonline.com.br\/site\/#website"},"breadcrumb":{"@id":"https:\/\/anoticiaonline.com.br\/site\/corpo-de-bombeiros-de-muriae-comemora-11-anos\/#breadcrumblist"},"author":{"@id":"https:\/\/anoticiaonline.com.br\/site\/author\/juliana\/#author"},"creator":{"@id":"https:\/\/anoticiaonline.com.br\/site\/author\/juliana\/#author"},"image":{"@type":"ImageObject","url":"https:\/\/anoticiaonline.com.br\/site\/wp-content\/uploads\/2017\/02\/DSC00173.jpg","@id":"https:\/\/anoticiaonline.com.br\/site\/corpo-de-bombeiros-de-muriae-comemora-11-anos\/#mainImage","width":640,"height":332},"primaryImageOfPage":{"@id":"https:\/\/anoticiaonline.com.br\/site\/corpo-de-bombeiros-de-muriae-comemora-11-anos\/#mainImage"},"datePublished":"2017-02-20T10:24:48-03:00","dateModified":"2017-02-20T10:24:48-03:00"},{"@type":"WebSite","@id":"https:\/\/anoticiaonline.com.br\/site\/#website","url":"https:\/\/anoticiaonline.com.br\/site\/","name":"A Not\u00edcia Online","description":"Noticias de Muria\u00e9 e regi\u00e3o","inLanguage":"pt-BR","publisher":{"@id":"https:\/\/anoticiaonline.com.br\/site\/#organization"}}]},"og:locale":"pt_BR","og:site_name":"A Not\u00edcia Online - Noticias de Muria\u00e9 e regi\u00e3o","og:type":"article","og:title":"Corpo de Bombeiros de Muria\u00e9 comemora 11 anos - A Not\u00edcia Online","og:description":"O 2\u00ba Pelot\u00e3o do Corpo de Bombeiros, situado em Muria\u00e9, completou 11 anos. Fundado no dia 17 de fevereiro de 2006, o Pelot\u00e3o, instalado no bairro G\u00e1vea, atende Muria\u00e9 e mais 16 munic\u00edpios vizinhos. Nesses 11 anos, atendeu aproximadamente 40 mil ocorr\u00eancias, o que inclui resgates, atendimentos cl\u00ednicos, salvamentos, entre outras. Em comemora\u00e7\u00e3o \u00e0 data,","og:url":"https:\/\/anoticiaonline.com.br\/site\/corpo-de-bombeiros-de-muriae-comemora-11-anos\/","og:image":"https:\/\/scontent-gig4-1.xx.fbcdn.net\/v\/t39.30808-1\/270437624_4564083193639691_6907940295614233970_n.jpg?stp=dst-jpg_s200x200_tt6&#038;_nc_cat=111&#038;ccb=1-7&#038;_nc_sid=f907e8&#038;_nc_ohc=SM1wRlP3lJwQ7kNvwEPuBYA&#038;_nc_oc=AdnqrjDN_BNjSSHWO-GbkIWH6fkGMLw4bqvL_NH6e2wMveX7G-rP2dAqsDSq1mJMOaY&#038;_nc_zt=24&#038;_nc_ht=scontent-gig4-1.xx&#038;_nc_gid=AoBFJeGrT1hVaew_6rchkQ&#038;oh=00_AfX7QmFGhQhG2jAllVgXCiM1ZrWgvtp80-Bfppyexh1QEg&#038;oe=689E923C","og:image:secure_url":"https:\/\/scontent-gig4-1.xx.fbcdn.net\/v\/t39.30808-1\/270437624_4564083193639691_6907940295614233970_n.jpg?stp=dst-jpg_s200x200_tt6&#038;_nc_cat=111&#038;ccb=1-7&#038;_nc_sid=f907e8&#038;_nc_ohc=SM1wRlP3lJwQ7kNvwEPuBYA&#038;_nc_oc=AdnqrjDN_BNjSSHWO-GbkIWH6fkGMLw4bqvL_NH6e2wMveX7G-rP2dAqsDSq1mJMOaY&#038;_nc_zt=24&#038;_nc_ht=scontent-gig4-1.xx&#038;_nc_gid=AoBFJeGrT1hVaew_6rchkQ&#038;oh=00_AfX7QmFGhQhG2jAllVgXCiM1ZrWgvtp80-Bfppyexh1QEg&#038;oe=689E923C","article:published_time":"2017-02-20T13:24:48+00:00","article:modified_time":"2017-02-20T13:24:48+00:00","twitter:card":"summary_large_image","twitter:title":"Corpo de Bombeiros de Muria\u00e9 comemora 11 anos - A Not\u00edcia Online","twitter:description":"O 2\u00ba Pelot\u00e3o do Corpo de Bombeiros, situado em Muria\u00e9, completou 11 anos. Fundado no dia 17 de fevereiro de 2006, o Pelot\u00e3o, instalado no bairro G\u00e1vea, atende Muria\u00e9 e mais 16 munic\u00edpios vizinhos. Nesses 11 anos, atendeu aproximadamente 40 mil ocorr\u00eancias, o que inclui resgates, atendimentos cl\u00ednicos, salvamentos, entre outras. Em comemora\u00e7\u00e3o \u00e0 data,","twitter:image":"https:\/\/scontent-gig4-1.xx.fbcdn.net\/v\/t39.30808-1\/270437624_4564083193639691_6907940295614233970_n.jpg?stp=dst-jpg_s200x200_tt6&_nc_cat=111&ccb=1-7&_nc_sid=f907e8&_nc_ohc=SM1wRlP3lJwQ7kNvwEPuBYA&_nc_oc=AdnqrjDN_BNjSSHWO-GbkIWH6fkGMLw4bqvL_NH6e2wMveX7G-rP2dAqsDSq1mJMOaY&_nc_zt=24&_nc_ht=scontent-gig4-1.xx&_nc_gid=AoBFJeGrT1hVaew_6rchkQ&oh=00_AfX7QmFGhQhG2jAllVgXCiM1ZrWgvtp80-Bfppyexh1QEg&oe=689E923C"},"aioseo_meta_data":{"post_id":"24662","title":null,"description":null,"keywords":null,"keyphrases":null,"primary_term":null,"canonical_url":null,"og_title":null,"og_description":null,"og_object_type":"default","og_image_type":"default","og_image_url":null,"og_image_width":null,"og_image_height":null,"og_image_custom_url":null,"og_image_custom_fields":null,"og_video":null,"og_custom_url":null,"og_article_section":null,"og_article_tags":null,"twitter_use_og":false,"twitter_card":"default","twitter_image_type":"default","twitter_image_url":null,"twitter_image_custom_url":null,"twitter_image_custom_fields":null,"twitter_title":null,"twitter_description":null,"schema":{"blockGraphs":[],"customGraphs":[],"default":{"data":{"Article":[],"Course":[],"Dataset":[],"FAQPage":[],"Movie":[],"Person":[],"Product":[],"ProductReview":[],"Car":[],"Recipe":[],"Service":[],"SoftwareApplication":[],"WebPage":[]},"graphName":"","isEnabled":true},"graphs":[]},"schema_type":"default","schema_type_options":null,"pillar_content":false,"robots_default":true,"robots_noindex":false,"robots_noarchive":false,"robots_nosnippet":false,"robots_nofollow":false,"robots_noimageindex":false,"robots_noodp":false,"robots_notranslate":false,"robots_max_snippet":null,"robots_max_videopreview":null,"robots_max_imagepreview":"large","priority":null,"frequency":null,"local_seo":null,"breadcrumb_settings":null,"limit_modified_date":false,"ai":null,"created":"2025-08-16 17:44:28","updated":"2025-08-16 17:44:28","focus_keyword":null,"additional_keywords":null,"truseo_locale":null,"seo_analyzer_scan_date":null},"aioseo_breadcrumb":"<div class=\"aioseo-breadcrumbs\"><span class=\"aioseo-breadcrumb\">\n\t\t\t<a href=\"https:\/\/anoticiaonline.com.br\/site\" title=\"Home\">Home<\/a>\n\t\t<\/span><span class=\"aioseo-breadcrumb-separator\">&raquo;<\/span><span class=\"aioseo-breadcrumb\">\n\t\t\t<a href=\"https:\/\/anoticiaonline.com.br\/site\/categoria\/muriae\/\" title=\"Blog\">Blog<\/a>\n\t\t<\/span><span class=\"aioseo-breadcrumb-separator\">&raquo;<\/span><span class=\"aioseo-breadcrumb\">\n\t\t\tCorpo de Bombeiros de Muria\u00e9 comemora 11 anos\n\t\t<\/span><\/div>","aioseo_breadcrumb_json":[{"label":"Home","link":"https:\/\/anoticiaonline.com.br\/site"},{"label":"Blog","link":"https:\/\/anoticiaonline.com.br\/site\/categoria\/muriae\/"},{"label":"Corpo de Bombeiros de Muria\u00e9 comemora 11 anos","link":"https:\/\/anoticiaonline.com.br\/site\/corpo-de-bombeiros-de-muriae-comemora-11-anos\/"}],"views":179,"_links":{"self":[{"href":"https:\/\/anoticiaonline.com.br\/site\/wp-json\/wp\/v2\/posts\/24662","targetHints":{"allow":["GET"]}}],"collection":[{"href":"https:\/\/anoticiaonline.com.br\/site\/wp-json\/wp\/v2\/posts"}],"about":[{"href":"https:\/\/anoticiaonline.com.br\/site\/wp-json\/wp\/v2\/types\/post"}],"author":[{"embeddable":true,"href":"https:\/\/anoticiaonline.com.br\/site\/wp-json\/wp\/v2\/users\/2"}],"replies":[{"embeddable":true,"href":"https:\/\/anoticiaonline.com.br\/site\/wp-json\/wp\/v2\/comments?post=24662"}],"version-history":[{"count":0,"href":"https:\/\/anoticiaonline.com.br\/site\/wp-json\/wp\/v2\/posts\/24662\/revisions"}],"wp:featuredmedia":[{"embeddable":true,"href":"https:\/\/anoticiaonline.com.br\/site\/wp-json\/wp\/v2\/media\/24664"}],"wp:attachment":[{"href":"https:\/\/anoticiaonline.com.br\/site\/wp-json\/wp\/v2\/media?parent=24662"}],"wp:term":[{"taxonomy":"category","embeddable":true,"href":"https:\/\/anoticiaonline.com.br\/site\/wp-json\/wp\/v2\/categories?post=24662"},{"taxonomy":"post_tag","embeddable":true,"href":"https:\/\/anoticiaonline.com.br\/site\/wp-json\/wp\/v2\/tags?post=24662"}],"curies":[{"name":"wp","href":"https:\/\/api.w.org\/{rel}","templated":true}]}}