{"id":24659,"date":"2017-02-20T09:29:25","date_gmt":"2017-02-20T12:29:25","guid":{"rendered":"http:\/\/anoticiaonline.com.br\/site\/?p=24659"},"modified":"2017-02-20T09:29:25","modified_gmt":"2017-02-20T12:29:25","slug":"academia-muriaeense-de-letras-elege-nova-diretoria","status":"publish","type":"post","link":"https:\/\/anoticiaonline.com.br\/site\/academia-muriaeense-de-letras-elege-nova-diretoria\/","title":{"rendered":"Academia Muriaeense de Letras elege nova diretoria"},"content":{"rendered":"<p><a href=\"https:\/\/anoticiaonline.com.br\/site\/wp-content\/uploads\/2017\/02\/Academia-Muriaeense-de-Letras-elege-nova-diretoria.jpg\"><img fetchpriority=\"high\" decoding=\"async\" class=\" size-medium wp-image-24660 alignleft\" src=\"https:\/\/anoticiaonline.com.br\/site\/wp-content\/uploads\/2017\/02\/Academia-Muriaeense-de-Letras-elege-nova-diretoria-300x203.jpg\" alt=\"Academia Muriaeense de Letras elege nova diretoria\" width=\"300\" height=\"203\" srcset=\"https:\/\/anoticiaonline.com.br\/site\/wp-content\/uploads\/2017\/02\/Academia-Muriaeense-de-Letras-elege-nova-diretoria-300x203.jpg 300w, https:\/\/anoticiaonline.com.br\/site\/wp-content\/uploads\/2017\/02\/Academia-Muriaeense-de-Letras-elege-nova-diretoria.jpg 640w\" sizes=\"(max-width: 300px) 100vw, 300px\" \/><\/a>A Academia Muriaeense de Letras (AMLE) elegeu por aclama\u00e7\u00e3o (chapa \u00fanica) sua nova diretoria. O presidente da AMLE para o bi\u00eanio 2017\/2018 ser\u00e1 Cristian Lima, que substitui Val\u00e9ria Fernandes.<\/p>\n<p>A elei\u00e7\u00e3o aconteceu durante assembleia realizada na tarde de s\u00e1bado (18), na sede da Academia, localizada na Avenida Eud\u00f3xia Canedo, 2, Centro.<\/p>\n<p>A posse festiva dos novos diretores se dar\u00e1 no m\u00eas de mar\u00e7o, em data ainda a ser definida.<\/p>\n<p><strong>Confira abaixo a composi\u00e7\u00e3o da nova diretoria da AMLE:<\/strong><\/p>\n<p><strong>Presidente &#8211;<\/strong> Cristian Lima<br \/>\n<strong>Vice-presidente &#8211;<\/strong> Mar\u00edlia Neves<br \/>\n<strong>1\u00aa secret\u00e1ria &#8211;<\/strong> Teresa Oliva<br \/>\n<strong>2\u00aa secret\u00e1ria &#8211;<\/strong> Andr\u00e9a do Valle<br \/>\n<strong>1\u00ba tesoureiro<\/strong> &#8211; Coracy Bandeira<br \/>\n<strong>2\u00ba tesoureiro &#8211;<\/strong> Geraldo Moreira<br \/>\n<strong>Diretor de rela\u00e7\u00f5es p\u00fablicas &#8211;<\/strong> Elias Muratori<br \/>\n<strong>Bibliotec\u00e1ria &#8211;<\/strong> Maria Rita<\/p>\n","protected":false},"excerpt":{"rendered":"<p>A Academia Muriaeense de Letras (AMLE) elegeu por aclama\u00e7\u00e3o (chapa \u00fanica) sua nova diretoria. O presidente da AMLE para o bi\u00eanio 2017\/2018 ser\u00e1 Cristian Lima, que substitui Val\u00e9ria Fernandes. A elei\u00e7\u00e3o aconteceu durante assembleia realizada na tarde de s\u00e1bado (18), na sede da Academia, localizada na Avenida Eud\u00f3xia Canedo, 2, Centro. A posse festiva dos &#8230; <a title=\"Academia Muriaeense de Letras elege nova diretoria\" class=\"read-more\" href=\"https:\/\/anoticiaonline.com.br\/site\/academia-muriaeense-de-letras-elege-nova-diretoria\/\" aria-label=\"Read more about Academia Muriaeense de Letras elege nova diretoria\">Ler mais<\/a><\/p>\n","protected":false},"author":2,"featured_media":24660,"comment_status":"open","ping_status":"open","sticky":false,"template":"","format":"standard","meta":{"_acf_changed":false,"_monsterinsights_skip_tracking":false,"footnotes":""},"categories":[30],"tags":[3],"class_list":["post-24659","post","type-post","status-publish","format-standard","has-post-thumbnail","hentry","category-muriae","tag-slide"],"acf":[],"aioseo_notices":[],"aioseo_head":"\n\t\t<!-- All in One SEO 5.0.0.1 - aioseo.com -->\n\t<meta name=\"description\" content=\"A Academia Muriaeense de Letras (AMLE) elegeu por aclama\u00e7\u00e3o (chapa \u00fanica) sua nova diretoria. O presidente da AMLE para o bi\u00eanio 2017\/2018 ser\u00e1 Cristian Lima, que substitui Val\u00e9ria Fernandes. A elei\u00e7\u00e3o aconteceu durante assembleia realizada na tarde de s\u00e1bado (18), na sede da Academia, localizada na Avenida Eud\u00f3xia Canedo, 2, Centro. A posse festiva dos\" \/>\n\t<meta name=\"robots\" content=\"max-image-preview:large\" \/>\n\t<meta name=\"author\" content=\"Juliana Laviola\"\/>\n\t<link rel=\"canonical\" href=\"https:\/\/anoticiaonline.com.br\/site\/academia-muriaeense-de-letras-elege-nova-diretoria\/\" \/>\n\t<meta name=\"generator\" content=\"All in One SEO (AIOSEO) 5.0.0.1\" \/>\n\t\t<meta property=\"og:locale\" content=\"pt_BR\" \/>\n\t\t<meta property=\"og:site_name\" content=\"A Not\u00edcia Online - Noticias de Muria\u00e9 e regi\u00e3o\" \/>\n\t\t<meta property=\"og:type\" content=\"article\" \/>\n\t\t<meta property=\"og:title\" content=\"Academia Muriaeense de Letras elege nova diretoria - A Not\u00edcia Online\" \/>\n\t\t<meta property=\"og:description\" content=\"A Academia Muriaeense de Letras (AMLE) elegeu por aclama\u00e7\u00e3o (chapa \u00fanica) sua nova diretoria. O presidente da AMLE para o bi\u00eanio 2017\/2018 ser\u00e1 Cristian Lima, que substitui Val\u00e9ria Fernandes. A elei\u00e7\u00e3o aconteceu durante assembleia realizada na tarde de s\u00e1bado (18), na sede da Academia, localizada na Avenida Eud\u00f3xia Canedo, 2, Centro. A posse festiva dos\" \/>\n\t\t<meta property=\"og:url\" content=\"https:\/\/anoticiaonline.com.br\/site\/academia-muriaeense-de-letras-elege-nova-diretoria\/\" \/>\n\t\t<meta property=\"og:image\" content=\"https:\/\/scontent-gig4-1.xx.fbcdn.net\/v\/t39.30808-1\/270437624_4564083193639691_6907940295614233970_n.jpg?stp=dst-jpg_s200x200_tt6&#038;_nc_cat=111&#038;ccb=1-7&#038;_nc_sid=f907e8&#038;_nc_ohc=SM1wRlP3lJwQ7kNvwEPuBYA&#038;_nc_oc=AdnqrjDN_BNjSSHWO-GbkIWH6fkGMLw4bqvL_NH6e2wMveX7G-rP2dAqsDSq1mJMOaY&#038;_nc_zt=24&#038;_nc_ht=scontent-gig4-1.xx&#038;_nc_gid=AoBFJeGrT1hVaew_6rchkQ&#038;oh=00_AfX7QmFGhQhG2jAllVgXCiM1ZrWgvtp80-Bfppyexh1QEg&#038;oe=689E923C\" \/>\n\t\t<meta property=\"og:image:secure_url\" content=\"https:\/\/scontent-gig4-1.xx.fbcdn.net\/v\/t39.30808-1\/270437624_4564083193639691_6907940295614233970_n.jpg?stp=dst-jpg_s200x200_tt6&#038;_nc_cat=111&#038;ccb=1-7&#038;_nc_sid=f907e8&#038;_nc_ohc=SM1wRlP3lJwQ7kNvwEPuBYA&#038;_nc_oc=AdnqrjDN_BNjSSHWO-GbkIWH6fkGMLw4bqvL_NH6e2wMveX7G-rP2dAqsDSq1mJMOaY&#038;_nc_zt=24&#038;_nc_ht=scontent-gig4-1.xx&#038;_nc_gid=AoBFJeGrT1hVaew_6rchkQ&#038;oh=00_AfX7QmFGhQhG2jAllVgXCiM1ZrWgvtp80-Bfppyexh1QEg&#038;oe=689E923C\" \/>\n\t\t<meta property=\"article:published_time\" content=\"2017-02-20T12:29:25+00:00\" \/>\n\t\t<meta property=\"article:modified_time\" content=\"2017-02-20T12:29:25+00:00\" \/>\n\t\t<meta name=\"twitter:card\" content=\"summary_large_image\" \/>\n\t\t<meta name=\"twitter:title\" content=\"Academia Muriaeense de Letras elege nova diretoria - A Not\u00edcia Online\" \/>\n\t\t<meta name=\"twitter:description\" content=\"A Academia Muriaeense de Letras (AMLE) elegeu por aclama\u00e7\u00e3o (chapa \u00fanica) sua nova diretoria. O presidente da AMLE para o bi\u00eanio 2017\/2018 ser\u00e1 Cristian Lima, que substitui Val\u00e9ria Fernandes. A elei\u00e7\u00e3o aconteceu durante assembleia realizada na tarde de s\u00e1bado (18), na sede da Academia, localizada na Avenida Eud\u00f3xia Canedo, 2, Centro. A posse festiva dos\" \/>\n\t\t<meta name=\"twitter:image\" content=\"https:\/\/scontent-gig4-1.xx.fbcdn.net\/v\/t39.30808-1\/270437624_4564083193639691_6907940295614233970_n.jpg?stp=dst-jpg_s200x200_tt6&amp;_nc_cat=111&amp;ccb=1-7&amp;_nc_sid=f907e8&amp;_nc_ohc=SM1wRlP3lJwQ7kNvwEPuBYA&amp;_nc_oc=AdnqrjDN_BNjSSHWO-GbkIWH6fkGMLw4bqvL_NH6e2wMveX7G-rP2dAqsDSq1mJMOaY&amp;_nc_zt=24&amp;_nc_ht=scontent-gig4-1.xx&amp;_nc_gid=AoBFJeGrT1hVaew_6rchkQ&amp;oh=00_AfX7QmFGhQhG2jAllVgXCiM1ZrWgvtp80-Bfppyexh1QEg&amp;oe=689E923C\" \/>\n\t\t<script type=\"application\/ld+json\" class=\"aioseo-schema\">\n\t\t\t{\"@context\":\"https:\\\/\\\/schema.org\",\"@graph\":[{\"@type\":\"BlogPosting\",\"@id\":\"https:\\\/\\\/anoticiaonline.com.br\\\/site\\\/academia-muriaeense-de-letras-elege-nova-diretoria\\\/#blogposting\",\"name\":\"Academia Muriaeense de Letras elege nova diretoria - A Not\\u00edcia Online\",\"headline\":\"Academia Muriaeense de Letras elege nova diretoria\",\"author\":{\"@id\":\"https:\\\/\\\/anoticiaonline.com.br\\\/site\\\/author\\\/juliana\\\/#author\"},\"publisher\":{\"@id\":\"https:\\\/\\\/anoticiaonline.com.br\\\/site\\\/#organization\"},\"image\":{\"@type\":\"ImageObject\",\"url\":\"https:\\\/\\\/anoticiaonline.com.br\\\/site\\\/wp-content\\\/uploads\\\/2017\\\/02\\\/Academia-Muriaeense-de-Letras-elege-nova-diretoria.jpg\",\"width\":640,\"height\":432,\"caption\":\"Nova diretoria da AMLE (Foto: Elias Muratori)\"},\"datePublished\":\"2017-02-20T09:29:25-03:00\",\"dateModified\":\"2017-02-20T09:29:25-03:00\",\"inLanguage\":\"pt-BR\",\"mainEntityOfPage\":{\"@id\":\"https:\\\/\\\/anoticiaonline.com.br\\\/site\\\/academia-muriaeense-de-letras-elege-nova-diretoria\\\/#webpage\"},\"isPartOf\":{\"@id\":\"https:\\\/\\\/anoticiaonline.com.br\\\/site\\\/academia-muriaeense-de-letras-elege-nova-diretoria\\\/#webpage\"},\"articleSection\":\"Blog, slide\"},{\"@type\":\"BreadcrumbList\",\"@id\":\"https:\\\/\\\/anoticiaonline.com.br\\\/site\\\/academia-muriaeense-de-letras-elege-nova-diretoria\\\/#breadcrumblist\",\"itemListElement\":[{\"@type\":\"ListItem\",\"@id\":\"https:\\\/\\\/anoticiaonline.com.br\\\/site#listItem\",\"position\":1,\"name\":\"Home\",\"item\":\"https:\\\/\\\/anoticiaonline.com.br\\\/site\",\"nextItem\":{\"@type\":\"ListItem\",\"@id\":\"https:\\\/\\\/anoticiaonline.com.br\\\/site\\\/categoria\\\/muriae\\\/#listItem\",\"name\":\"Blog\"}},{\"@type\":\"ListItem\",\"@id\":\"https:\\\/\\\/anoticiaonline.com.br\\\/site\\\/categoria\\\/muriae\\\/#listItem\",\"position\":2,\"name\":\"Blog\",\"item\":\"https:\\\/\\\/anoticiaonline.com.br\\\/site\\\/categoria\\\/muriae\\\/\",\"nextItem\":{\"@type\":\"ListItem\",\"@id\":\"https:\\\/\\\/anoticiaonline.com.br\\\/site\\\/academia-muriaeense-de-letras-elege-nova-diretoria\\\/#listItem\",\"name\":\"Academia Muriaeense de Letras elege nova diretoria\"},\"previousItem\":{\"@type\":\"ListItem\",\"@id\":\"https:\\\/\\\/anoticiaonline.com.br\\\/site#listItem\",\"name\":\"Home\"}},{\"@type\":\"ListItem\",\"@id\":\"https:\\\/\\\/anoticiaonline.com.br\\\/site\\\/academia-muriaeense-de-letras-elege-nova-diretoria\\\/#listItem\",\"position\":3,\"name\":\"Academia Muriaeense de Letras elege nova diretoria\",\"previousItem\":{\"@type\":\"ListItem\",\"@id\":\"https:\\\/\\\/anoticiaonline.com.br\\\/site\\\/categoria\\\/muriae\\\/#listItem\",\"name\":\"Blog\"}}]},{\"@type\":\"Organization\",\"@id\":\"https:\\\/\\\/anoticiaonline.com.br\\\/site\\\/#organization\",\"name\":\"A Not\\u00edcia Online\",\"description\":\"Noticias de Muria\\u00e9 e regi\\u00e3o\",\"url\":\"https:\\\/\\\/anoticiaonline.com.br\\\/site\\\/\",\"logo\":{\"@type\":\"ImageObject\",\"url\":\"https:\\\/\\\/scontent-gig4-1.xx.fbcdn.net\\\/v\\\/t39.30808-1\\\/270437624_4564083193639691_6907940295614233970_n.jpg?stp=dst-jpg_s200x200_tt6&_nc_cat=111&ccb=1-7&_nc_sid=f907e8&_nc_ohc=SM1wRlP3lJwQ7kNvwEPuBYA&_nc_oc=AdnqrjDN_BNjSSHWO-GbkIWH6fkGMLw4bqvL_NH6e2wMveX7G-rP2dAqsDSq1mJMOaY&_nc_zt=24&_nc_ht=scontent-gig4-1.xx&_nc_gid=AoBFJeGrT1hVaew_6rchkQ&oh=00_AfX7QmFGhQhG2jAllVgXCiM1ZrWgvtp80-Bfppyexh1QEg&oe=689E923C\",\"@id\":\"https:\\\/\\\/anoticiaonline.com.br\\\/site\\\/academia-muriaeense-de-letras-elege-nova-diretoria\\\/#organizationLogo\"},\"image\":{\"@id\":\"https:\\\/\\\/anoticiaonline.com.br\\\/site\\\/academia-muriaeense-de-letras-elege-nova-diretoria\\\/#organizationLogo\"}},{\"@type\":\"Person\",\"@id\":\"https:\\\/\\\/anoticiaonline.com.br\\\/site\\\/author\\\/juliana\\\/#author\",\"url\":\"https:\\\/\\\/anoticiaonline.com.br\\\/site\\\/author\\\/juliana\\\/\",\"name\":\"Juliana Laviola\",\"image\":{\"@type\":\"ImageObject\",\"@id\":\"https:\\\/\\\/anoticiaonline.com.br\\\/site\\\/academia-muriaeense-de-letras-elege-nova-diretoria\\\/#authorImage\",\"url\":\"https:\\\/\\\/secure.gravatar.com\\\/avatar\\\/b8d45f5c699b100dfaf0e543582f38f38bf94cb7ae3a5e9abf8d891a34773335?s=96&d=mm&r=g\",\"width\":96,\"height\":96,\"caption\":\"Juliana Laviola\"}},{\"@type\":\"WebPage\",\"@id\":\"https:\\\/\\\/anoticiaonline.com.br\\\/site\\\/academia-muriaeense-de-letras-elege-nova-diretoria\\\/#webpage\",\"url\":\"https:\\\/\\\/anoticiaonline.com.br\\\/site\\\/academia-muriaeense-de-letras-elege-nova-diretoria\\\/\",\"name\":\"Academia Muriaeense de Letras elege nova diretoria - A Not\\u00edcia Online\",\"description\":\"A Academia Muriaeense de Letras (AMLE) elegeu por aclama\\u00e7\\u00e3o (chapa \\u00fanica) sua nova diretoria. O presidente da AMLE para o bi\\u00eanio 2017\\\/2018 ser\\u00e1 Cristian Lima, que substitui Val\\u00e9ria Fernandes. A elei\\u00e7\\u00e3o aconteceu durante assembleia realizada na tarde de s\\u00e1bado (18), na sede da Academia, localizada na Avenida Eud\\u00f3xia Canedo, 2, Centro. A posse festiva dos\",\"inLanguage\":\"pt-BR\",\"isPartOf\":{\"@id\":\"https:\\\/\\\/anoticiaonline.com.br\\\/site\\\/#website\"},\"breadcrumb\":{\"@id\":\"https:\\\/\\\/anoticiaonline.com.br\\\/site\\\/academia-muriaeense-de-letras-elege-nova-diretoria\\\/#breadcrumblist\"},\"author\":{\"@id\":\"https:\\\/\\\/anoticiaonline.com.br\\\/site\\\/author\\\/juliana\\\/#author\"},\"creator\":{\"@id\":\"https:\\\/\\\/anoticiaonline.com.br\\\/site\\\/author\\\/juliana\\\/#author\"},\"image\":{\"@type\":\"ImageObject\",\"url\":\"https:\\\/\\\/anoticiaonline.com.br\\\/site\\\/wp-content\\\/uploads\\\/2017\\\/02\\\/Academia-Muriaeense-de-Letras-elege-nova-diretoria.jpg\",\"@id\":\"https:\\\/\\\/anoticiaonline.com.br\\\/site\\\/academia-muriaeense-de-letras-elege-nova-diretoria\\\/#mainImage\",\"width\":640,\"height\":432,\"caption\":\"Nova diretoria da AMLE (Foto: Elias Muratori)\"},\"primaryImageOfPage\":{\"@id\":\"https:\\\/\\\/anoticiaonline.com.br\\\/site\\\/academia-muriaeense-de-letras-elege-nova-diretoria\\\/#mainImage\"},\"datePublished\":\"2017-02-20T09:29:25-03:00\",\"dateModified\":\"2017-02-20T09:29:25-03:00\"},{\"@type\":\"WebSite\",\"@id\":\"https:\\\/\\\/anoticiaonline.com.br\\\/site\\\/#website\",\"url\":\"https:\\\/\\\/anoticiaonline.com.br\\\/site\\\/\",\"name\":\"A Not\\u00edcia Online\",\"description\":\"Noticias de Muria\\u00e9 e regi\\u00e3o\",\"inLanguage\":\"pt-BR\",\"publisher\":{\"@id\":\"https:\\\/\\\/anoticiaonline.com.br\\\/site\\\/#organization\"}}]}\n\t\t<\/script>\n\t\t<!-- All in One SEO -->\n\n","aioseo_head_json":{"title":"Academia Muriaeense de Letras elege nova diretoria - A Not\u00edcia Online","description":"A Academia Muriaeense de Letras (AMLE) elegeu por aclama\u00e7\u00e3o (chapa \u00fanica) sua nova diretoria. O presidente da AMLE para o bi\u00eanio 2017\/2018 ser\u00e1 Cristian Lima, que substitui Val\u00e9ria Fernandes. A elei\u00e7\u00e3o aconteceu durante assembleia realizada na tarde de s\u00e1bado (18), na sede da Academia, localizada na Avenida Eud\u00f3xia Canedo, 2, Centro. A posse festiva dos","canonical_url":"https:\/\/anoticiaonline.com.br\/site\/academia-muriaeense-de-letras-elege-nova-diretoria\/","robots":"max-image-preview:large","keywords":"","webmasterTools":{"miscellaneous":""},"schema":{"@context":"https:\/\/schema.org","@graph":[{"@type":"BlogPosting","@id":"https:\/\/anoticiaonline.com.br\/site\/academia-muriaeense-de-letras-elege-nova-diretoria\/#blogposting","name":"Academia Muriaeense de Letras elege nova diretoria - A Not\u00edcia Online","headline":"Academia Muriaeense de Letras elege nova diretoria","author":{"@id":"https:\/\/anoticiaonline.com.br\/site\/author\/juliana\/#author"},"publisher":{"@id":"https:\/\/anoticiaonline.com.br\/site\/#organization"},"image":{"@type":"ImageObject","url":"https:\/\/anoticiaonline.com.br\/site\/wp-content\/uploads\/2017\/02\/Academia-Muriaeense-de-Letras-elege-nova-diretoria.jpg","width":640,"height":432,"caption":"Nova diretoria da AMLE (Foto: Elias Muratori)"},"datePublished":"2017-02-20T09:29:25-03:00","dateModified":"2017-02-20T09:29:25-03:00","inLanguage":"pt-BR","mainEntityOfPage":{"@id":"https:\/\/anoticiaonline.com.br\/site\/academia-muriaeense-de-letras-elege-nova-diretoria\/#webpage"},"isPartOf":{"@id":"https:\/\/anoticiaonline.com.br\/site\/academia-muriaeense-de-letras-elege-nova-diretoria\/#webpage"},"articleSection":"Blog, slide"},{"@type":"BreadcrumbList","@id":"https:\/\/anoticiaonline.com.br\/site\/academia-muriaeense-de-letras-elege-nova-diretoria\/#breadcrumblist","itemListElement":[{"@type":"ListItem","@id":"https:\/\/anoticiaonline.com.br\/site#listItem","position":1,"name":"Home","item":"https:\/\/anoticiaonline.com.br\/site","nextItem":{"@type":"ListItem","@id":"https:\/\/anoticiaonline.com.br\/site\/categoria\/muriae\/#listItem","name":"Blog"}},{"@type":"ListItem","@id":"https:\/\/anoticiaonline.com.br\/site\/categoria\/muriae\/#listItem","position":2,"name":"Blog","item":"https:\/\/anoticiaonline.com.br\/site\/categoria\/muriae\/","nextItem":{"@type":"ListItem","@id":"https:\/\/anoticiaonline.com.br\/site\/academia-muriaeense-de-letras-elege-nova-diretoria\/#listItem","name":"Academia Muriaeense de Letras elege nova diretoria"},"previousItem":{"@type":"ListItem","@id":"https:\/\/anoticiaonline.com.br\/site#listItem","name":"Home"}},{"@type":"ListItem","@id":"https:\/\/anoticiaonline.com.br\/site\/academia-muriaeense-de-letras-elege-nova-diretoria\/#listItem","position":3,"name":"Academia Muriaeense de Letras elege nova diretoria","previousItem":{"@type":"ListItem","@id":"https:\/\/anoticiaonline.com.br\/site\/categoria\/muriae\/#listItem","name":"Blog"}}]},{"@type":"Organization","@id":"https:\/\/anoticiaonline.com.br\/site\/#organization","name":"A Not\u00edcia Online","description":"Noticias de Muria\u00e9 e regi\u00e3o","url":"https:\/\/anoticiaonline.com.br\/site\/","logo":{"@type":"ImageObject","url":"https:\/\/scontent-gig4-1.xx.fbcdn.net\/v\/t39.30808-1\/270437624_4564083193639691_6907940295614233970_n.jpg?stp=dst-jpg_s200x200_tt6&_nc_cat=111&ccb=1-7&_nc_sid=f907e8&_nc_ohc=SM1wRlP3lJwQ7kNvwEPuBYA&_nc_oc=AdnqrjDN_BNjSSHWO-GbkIWH6fkGMLw4bqvL_NH6e2wMveX7G-rP2dAqsDSq1mJMOaY&_nc_zt=24&_nc_ht=scontent-gig4-1.xx&_nc_gid=AoBFJeGrT1hVaew_6rchkQ&oh=00_AfX7QmFGhQhG2jAllVgXCiM1ZrWgvtp80-Bfppyexh1QEg&oe=689E923C","@id":"https:\/\/anoticiaonline.com.br\/site\/academia-muriaeense-de-letras-elege-nova-diretoria\/#organizationLogo"},"image":{"@id":"https:\/\/anoticiaonline.com.br\/site\/academia-muriaeense-de-letras-elege-nova-diretoria\/#organizationLogo"}},{"@type":"Person","@id":"https:\/\/anoticiaonline.com.br\/site\/author\/juliana\/#author","url":"https:\/\/anoticiaonline.com.br\/site\/author\/juliana\/","name":"Juliana Laviola","image":{"@type":"ImageObject","@id":"https:\/\/anoticiaonline.com.br\/site\/academia-muriaeense-de-letras-elege-nova-diretoria\/#authorImage","url":"https:\/\/secure.gravatar.com\/avatar\/b8d45f5c699b100dfaf0e543582f38f38bf94cb7ae3a5e9abf8d891a34773335?s=96&d=mm&r=g","width":96,"height":96,"caption":"Juliana Laviola"}},{"@type":"WebPage","@id":"https:\/\/anoticiaonline.com.br\/site\/academia-muriaeense-de-letras-elege-nova-diretoria\/#webpage","url":"https:\/\/anoticiaonline.com.br\/site\/academia-muriaeense-de-letras-elege-nova-diretoria\/","name":"Academia Muriaeense de Letras elege nova diretoria - A Not\u00edcia Online","description":"A Academia Muriaeense de Letras (AMLE) elegeu por aclama\u00e7\u00e3o (chapa \u00fanica) sua nova diretoria. O presidente da AMLE para o bi\u00eanio 2017\/2018 ser\u00e1 Cristian Lima, que substitui Val\u00e9ria Fernandes. A elei\u00e7\u00e3o aconteceu durante assembleia realizada na tarde de s\u00e1bado (18), na sede da Academia, localizada na Avenida Eud\u00f3xia Canedo, 2, Centro. A posse festiva dos","inLanguage":"pt-BR","isPartOf":{"@id":"https:\/\/anoticiaonline.com.br\/site\/#website"},"breadcrumb":{"@id":"https:\/\/anoticiaonline.com.br\/site\/academia-muriaeense-de-letras-elege-nova-diretoria\/#breadcrumblist"},"author":{"@id":"https:\/\/anoticiaonline.com.br\/site\/author\/juliana\/#author"},"creator":{"@id":"https:\/\/anoticiaonline.com.br\/site\/author\/juliana\/#author"},"image":{"@type":"ImageObject","url":"https:\/\/anoticiaonline.com.br\/site\/wp-content\/uploads\/2017\/02\/Academia-Muriaeense-de-Letras-elege-nova-diretoria.jpg","@id":"https:\/\/anoticiaonline.com.br\/site\/academia-muriaeense-de-letras-elege-nova-diretoria\/#mainImage","width":640,"height":432,"caption":"Nova diretoria da AMLE (Foto: Elias Muratori)"},"primaryImageOfPage":{"@id":"https:\/\/anoticiaonline.com.br\/site\/academia-muriaeense-de-letras-elege-nova-diretoria\/#mainImage"},"datePublished":"2017-02-20T09:29:25-03:00","dateModified":"2017-02-20T09:29:25-03:00"},{"@type":"WebSite","@id":"https:\/\/anoticiaonline.com.br\/site\/#website","url":"https:\/\/anoticiaonline.com.br\/site\/","name":"A Not\u00edcia Online","description":"Noticias de Muria\u00e9 e regi\u00e3o","inLanguage":"pt-BR","publisher":{"@id":"https:\/\/anoticiaonline.com.br\/site\/#organization"}}]},"og:locale":"pt_BR","og:site_name":"A Not\u00edcia Online - Noticias de Muria\u00e9 e regi\u00e3o","og:type":"article","og:title":"Academia Muriaeense de Letras elege nova diretoria - A Not\u00edcia Online","og:description":"A Academia Muriaeense de Letras (AMLE) elegeu por aclama\u00e7\u00e3o (chapa \u00fanica) sua nova diretoria. O presidente da AMLE para o bi\u00eanio 2017\/2018 ser\u00e1 Cristian Lima, que substitui Val\u00e9ria Fernandes. A elei\u00e7\u00e3o aconteceu durante assembleia realizada na tarde de s\u00e1bado (18), na sede da Academia, localizada na Avenida Eud\u00f3xia Canedo, 2, Centro. A posse festiva dos","og:url":"https:\/\/anoticiaonline.com.br\/site\/academia-muriaeense-de-letras-elege-nova-diretoria\/","og:image":"https:\/\/scontent-gig4-1.xx.fbcdn.net\/v\/t39.30808-1\/270437624_4564083193639691_6907940295614233970_n.jpg?stp=dst-jpg_s200x200_tt6&#038;_nc_cat=111&#038;ccb=1-7&#038;_nc_sid=f907e8&#038;_nc_ohc=SM1wRlP3lJwQ7kNvwEPuBYA&#038;_nc_oc=AdnqrjDN_BNjSSHWO-GbkIWH6fkGMLw4bqvL_NH6e2wMveX7G-rP2dAqsDSq1mJMOaY&#038;_nc_zt=24&#038;_nc_ht=scontent-gig4-1.xx&#038;_nc_gid=AoBFJeGrT1hVaew_6rchkQ&#038;oh=00_AfX7QmFGhQhG2jAllVgXCiM1ZrWgvtp80-Bfppyexh1QEg&#038;oe=689E923C","og:image:secure_url":"https:\/\/scontent-gig4-1.xx.fbcdn.net\/v\/t39.30808-1\/270437624_4564083193639691_6907940295614233970_n.jpg?stp=dst-jpg_s200x200_tt6&#038;_nc_cat=111&#038;ccb=1-7&#038;_nc_sid=f907e8&#038;_nc_ohc=SM1wRlP3lJwQ7kNvwEPuBYA&#038;_nc_oc=AdnqrjDN_BNjSSHWO-GbkIWH6fkGMLw4bqvL_NH6e2wMveX7G-rP2dAqsDSq1mJMOaY&#038;_nc_zt=24&#038;_nc_ht=scontent-gig4-1.xx&#038;_nc_gid=AoBFJeGrT1hVaew_6rchkQ&#038;oh=00_AfX7QmFGhQhG2jAllVgXCiM1ZrWgvtp80-Bfppyexh1QEg&#038;oe=689E923C","article:published_time":"2017-02-20T12:29:25+00:00","article:modified_time":"2017-02-20T12:29:25+00:00","twitter:card":"summary_large_image","twitter:title":"Academia Muriaeense de Letras elege nova diretoria - A Not\u00edcia Online","twitter:description":"A Academia Muriaeense de Letras (AMLE) elegeu por aclama\u00e7\u00e3o (chapa \u00fanica) sua nova diretoria. O presidente da AMLE para o bi\u00eanio 2017\/2018 ser\u00e1 Cristian Lima, que substitui Val\u00e9ria Fernandes. A elei\u00e7\u00e3o aconteceu durante assembleia realizada na tarde de s\u00e1bado (18), na sede da Academia, localizada na Avenida Eud\u00f3xia Canedo, 2, Centro. A posse festiva dos","twitter:image":"https:\/\/scontent-gig4-1.xx.fbcdn.net\/v\/t39.30808-1\/270437624_4564083193639691_6907940295614233970_n.jpg?stp=dst-jpg_s200x200_tt6&_nc_cat=111&ccb=1-7&_nc_sid=f907e8&_nc_ohc=SM1wRlP3lJwQ7kNvwEPuBYA&_nc_oc=AdnqrjDN_BNjSSHWO-GbkIWH6fkGMLw4bqvL_NH6e2wMveX7G-rP2dAqsDSq1mJMOaY&_nc_zt=24&_nc_ht=scontent-gig4-1.xx&_nc_gid=AoBFJeGrT1hVaew_6rchkQ&oh=00_AfX7QmFGhQhG2jAllVgXCiM1ZrWgvtp80-Bfppyexh1QEg&oe=689E923C"},"aioseo_meta_data":{"post_id":"24659","title":null,"description":null,"keywords":null,"keyphrases":null,"primary_term":null,"canonical_url":null,"og_title":null,"og_description":null,"og_object_type":"default","og_image_type":"default","og_image_url":null,"og_image_width":null,"og_image_height":null,"og_image_custom_url":null,"og_image_custom_fields":null,"og_video":null,"og_custom_url":null,"og_article_section":null,"og_article_tags":null,"twitter_use_og":false,"twitter_card":"default","twitter_image_type":"default","twitter_image_url":null,"twitter_image_custom_url":null,"twitter_image_custom_fields":null,"twitter_title":null,"twitter_description":null,"schema":{"blockGraphs":[],"customGraphs":[],"default":{"data":{"Article":[],"Course":[],"Dataset":[],"FAQPage":[],"Movie":[],"Person":[],"Product":[],"ProductReview":[],"Car":[],"Recipe":[],"Service":[],"SoftwareApplication":[],"WebPage":[]},"graphName":"","isEnabled":true},"graphs":[]},"schema_type":"default","schema_type_options":null,"pillar_content":false,"robots_default":true,"robots_noindex":false,"robots_noarchive":false,"robots_nosnippet":false,"robots_nofollow":false,"robots_noimageindex":false,"robots_noodp":false,"robots_notranslate":false,"robots_max_snippet":null,"robots_max_videopreview":null,"robots_max_imagepreview":"large","priority":null,"frequency":null,"local_seo":null,"breadcrumb_settings":null,"limit_modified_date":false,"ai":null,"created":"2025-08-16 17:44:28","updated":"2025-08-16 17:44:28","focus_keyword":null,"additional_keywords":null,"truseo_locale":null,"seo_analyzer_scan_date":null},"aioseo_breadcrumb":"<div class=\"aioseo-breadcrumbs\"><span class=\"aioseo-breadcrumb\">\n\t\t\t<a href=\"https:\/\/anoticiaonline.com.br\/site\" title=\"Home\">Home<\/a>\n\t\t<\/span><span class=\"aioseo-breadcrumb-separator\">&raquo;<\/span><span class=\"aioseo-breadcrumb\">\n\t\t\t<a href=\"https:\/\/anoticiaonline.com.br\/site\/categoria\/muriae\/\" title=\"Blog\">Blog<\/a>\n\t\t<\/span><span class=\"aioseo-breadcrumb-separator\">&raquo;<\/span><span class=\"aioseo-breadcrumb\">\n\t\t\tAcademia Muriaeense de Letras elege nova diretoria\n\t\t<\/span><\/div>","aioseo_breadcrumb_json":[{"label":"Home","link":"https:\/\/anoticiaonline.com.br\/site"},{"label":"Blog","link":"https:\/\/anoticiaonline.com.br\/site\/categoria\/muriae\/"},{"label":"Academia Muriaeense de Letras elege nova diretoria","link":"https:\/\/anoticiaonline.com.br\/site\/academia-muriaeense-de-letras-elege-nova-diretoria\/"}],"views":183,"_links":{"self":[{"href":"https:\/\/anoticiaonline.com.br\/site\/wp-json\/wp\/v2\/posts\/24659","targetHints":{"allow":["GET"]}}],"collection":[{"href":"https:\/\/anoticiaonline.com.br\/site\/wp-json\/wp\/v2\/posts"}],"about":[{"href":"https:\/\/anoticiaonline.com.br\/site\/wp-json\/wp\/v2\/types\/post"}],"author":[{"embeddable":true,"href":"https:\/\/anoticiaonline.com.br\/site\/wp-json\/wp\/v2\/users\/2"}],"replies":[{"embeddable":true,"href":"https:\/\/anoticiaonline.com.br\/site\/wp-json\/wp\/v2\/comments?post=24659"}],"version-history":[{"count":0,"href":"https:\/\/anoticiaonline.com.br\/site\/wp-json\/wp\/v2\/posts\/24659\/revisions"}],"wp:featuredmedia":[{"embeddable":true,"href":"https:\/\/anoticiaonline.com.br\/site\/wp-json\/wp\/v2\/media\/24660"}],"wp:attachment":[{"href":"https:\/\/anoticiaonline.com.br\/site\/wp-json\/wp\/v2\/media?parent=24659"}],"wp:term":[{"taxonomy":"category","embeddable":true,"href":"https:\/\/anoticiaonline.com.br\/site\/wp-json\/wp\/v2\/categories?post=24659"},{"taxonomy":"post_tag","embeddable":true,"href":"https:\/\/anoticiaonline.com.br\/site\/wp-json\/wp\/v2\/tags?post=24659"}],"curies":[{"name":"wp","href":"https:\/\/api.w.org\/{rel}","templated":true}]}}