{"id":24628,"date":"2017-02-16T17:44:39","date_gmt":"2017-02-16T20:44:39","guid":{"rendered":"http:\/\/anoticiaonline.com.br\/site\/?p=24628"},"modified":"2017-02-17T15:51:10","modified_gmt":"2017-02-17T18:51:10","slug":"servidores-aprovam-contraproposta-do-prefeito-grego-de-reajuste-salarial","status":"publish","type":"post","link":"https:\/\/anoticiaonline.com.br\/site\/servidores-aprovam-contraproposta-do-prefeito-grego-de-reajuste-salarial\/","title":{"rendered":"Servidores aprovam contraproposta do prefeito Grego de reajuste salarial"},"content":{"rendered":"<p><a href=\"https:\/\/anoticiaonline.com.br\/site\/wp-content\/uploads\/2017\/02\/DSC_0289.jpg\"><img fetchpriority=\"high\" decoding=\"async\" class=\" size-medium wp-image-24630 alignleft\" src=\"https:\/\/anoticiaonline.com.br\/site\/wp-content\/uploads\/2017\/02\/DSC_0289-300x169.jpg\" alt=\"DSC_0289\" width=\"300\" height=\"169\" srcset=\"https:\/\/anoticiaonline.com.br\/site\/wp-content\/uploads\/2017\/02\/DSC_0289-300x169.jpg 300w, https:\/\/anoticiaonline.com.br\/site\/wp-content\/uploads\/2017\/02\/DSC_0289.jpg 640w\" sizes=\"(max-width: 300px) 100vw, 300px\" \/><\/a><\/p>\n<p>Durante assembleia realizada na sede do Sindicato dos Servidores P\u00fablicos de Muria\u00e9 e Regi\u00e3o, na quarta-feira (15), os servidores municipais aprovaram em maioria absoluta a contraproposta apresentada pelo prefeito Grego oferecendo o reajuste da infla\u00e7\u00e3o acumulada dos 12 meses do ano de 2016, \u00edndice este que foi de 6,58% e que foi estendido para o ticket-alimenta\u00e7\u00e3o.<\/p>\n<p>Participaram tamb\u00e9m desta assembleia a vereadora Miriam Facchini, que tamb\u00e9m j\u00e1 foi servidora municipal, o presidente do Muria\u00e9-Prev, Ant\u00f4nio Jos\u00e9 e a assessora jur\u00eddica do sindicato, Dra. Simone Martins.<\/p>\n<p>O presidente do sindicato, Ronaldo Alvarenga, aproveitou o momento para lembrar os servidores que o sindicato de Muria\u00e9 \u00e9 o \u00fanico do Brasil que em 13 anos conseguiu reajustes para a categoria. Em algumas negocia\u00e7\u00f5es conseguiu \u00edndices at\u00e9 maiores que a infla\u00e7\u00e3o, ou seja, ganho real. Segundo ele, tendo em vista a crise que nos \u00faltimos tr\u00eas anos assola o Brasil, tem-se que comemorar esta conquista, \u201cenquanto o que se v\u00ea no Brasil s\u00e3o servidores de munic\u00edpios e de estados brigando para receber os meses de dezembro, 13\u00ba sal\u00e1rio e janeiro, e ainda temerosos em n\u00e3o conseguirem manter seus empregos\u201d. As outras reivindica\u00e7\u00f5es que tamb\u00e9m constam na Carta Compromisso, assinada pelo prefeito ainda em campanha, ser\u00e3o discutidas e negociadas com a administra\u00e7\u00e3o municipal ao longo dos quatro anos de mandato do prefeito.<\/p>\n<p>Segundo Grego, em discurso na posse da nova diretoria do sindicato, esse reajuste n\u00e3o seria poss\u00edvel este ano, dizendo ainda que \u201cs\u00f3 estamos dando para honrar o compromisso assumido com este sindicato. Inclusive, para que isto aconte\u00e7a, estamos cortando despesas para \u2018enxugar\u2019 a m\u00e1quina municipal\u201d.<\/p>\n<p>O presidente ressalta que este reajuste vir\u00e1 no contracheque de mar\u00e7o, com a diferen\u00e7a retroativa dos meses janeiro e fevereiro, e que os servidores municipais v\u00e3o receber seu sal\u00e1rio de fevereiro dia 24 pr\u00f3ximo, para que possam passar o carnaval com um dinheirinho a mais no bolso. Ele ainda desejou um feliz carnaval aos servidores de Muria\u00e9 e regi\u00e3o.<\/p>\n<p><strong>VEJA ABAIXO MAIS FOTOS DA VOTA\u00c7\u00c3O:<\/strong><\/p>\n<p><img decoding=\"async\" class=\"ngg_displayed_gallery mceItem\" src=\"https:\/\/anoticiaonline.com.br\/site\/nextgen-attach_to_post\/preview\/id--24649\" alt=\"\" \/><\/p>\n","protected":false},"excerpt":{"rendered":"<p>Durante assembleia realizada na sede do Sindicato dos Servidores P\u00fablicos de Muria\u00e9 e Regi\u00e3o, na quarta-feira (15), os servidores municipais aprovaram em maioria absoluta a contraproposta apresentada pelo prefeito Grego oferecendo o reajuste da infla\u00e7\u00e3o acumulada dos 12 meses do ano de 2016, \u00edndice este que foi de 6,58% e que foi estendido para o &#8230; <a title=\"Servidores aprovam contraproposta do prefeito Grego de reajuste salarial\" class=\"read-more\" href=\"https:\/\/anoticiaonline.com.br\/site\/servidores-aprovam-contraproposta-do-prefeito-grego-de-reajuste-salarial\/\" aria-label=\"Read more about Servidores aprovam contraproposta do prefeito Grego de reajuste salarial\">Ler mais<\/a><\/p>\n","protected":false},"author":2,"featured_media":24630,"comment_status":"open","ping_status":"open","sticky":false,"template":"","format":"standard","meta":{"_acf_changed":false,"_monsterinsights_skip_tracking":false,"footnotes":""},"categories":[30],"tags":[3],"class_list":["post-24628","post","type-post","status-publish","format-standard","has-post-thumbnail","hentry","category-muriae","tag-slide"],"acf":[],"aioseo_notices":[],"aioseo_head":"\n\t\t<!-- All in One SEO 5.0.0.1 - aioseo.com -->\n\t<meta name=\"description\" content=\"Durante assembleia realizada na sede do Sindicato dos Servidores P\u00fablicos de Muria\u00e9 e Regi\u00e3o, na quarta-feira (15), os servidores municipais aprovaram em maioria absoluta a contraproposta apresentada pelo prefeito Grego oferecendo o reajuste da infla\u00e7\u00e3o acumulada dos 12 meses do ano de 2016, \u00edndice este que foi de 6,58% e que foi estendido para o\" \/>\n\t<meta name=\"robots\" content=\"max-image-preview:large\" \/>\n\t<meta name=\"author\" content=\"Juliana Laviola\"\/>\n\t<link rel=\"canonical\" href=\"https:\/\/anoticiaonline.com.br\/site\/servidores-aprovam-contraproposta-do-prefeito-grego-de-reajuste-salarial\/\" \/>\n\t<meta name=\"generator\" content=\"All in One SEO (AIOSEO) 5.0.0.1\" \/>\n\t\t<meta property=\"og:locale\" content=\"pt_BR\" \/>\n\t\t<meta property=\"og:site_name\" content=\"A Not\u00edcia Online - Noticias de Muria\u00e9 e regi\u00e3o\" \/>\n\t\t<meta property=\"og:type\" content=\"article\" \/>\n\t\t<meta property=\"og:title\" content=\"Servidores aprovam contraproposta do prefeito Grego de reajuste salarial - A Not\u00edcia Online\" \/>\n\t\t<meta property=\"og:description\" content=\"Durante assembleia realizada na sede do Sindicato dos Servidores P\u00fablicos de Muria\u00e9 e Regi\u00e3o, na quarta-feira (15), os servidores municipais aprovaram em maioria absoluta a contraproposta apresentada pelo prefeito Grego oferecendo o reajuste da infla\u00e7\u00e3o acumulada dos 12 meses do ano de 2016, \u00edndice este que foi de 6,58% e que foi estendido para o\" \/>\n\t\t<meta property=\"og:url\" content=\"https:\/\/anoticiaonline.com.br\/site\/servidores-aprovam-contraproposta-do-prefeito-grego-de-reajuste-salarial\/\" \/>\n\t\t<meta property=\"og:image\" content=\"https:\/\/scontent-gig4-1.xx.fbcdn.net\/v\/t39.30808-1\/270437624_4564083193639691_6907940295614233970_n.jpg?stp=dst-jpg_s200x200_tt6&#038;_nc_cat=111&#038;ccb=1-7&#038;_nc_sid=f907e8&#038;_nc_ohc=SM1wRlP3lJwQ7kNvwEPuBYA&#038;_nc_oc=AdnqrjDN_BNjSSHWO-GbkIWH6fkGMLw4bqvL_NH6e2wMveX7G-rP2dAqsDSq1mJMOaY&#038;_nc_zt=24&#038;_nc_ht=scontent-gig4-1.xx&#038;_nc_gid=AoBFJeGrT1hVaew_6rchkQ&#038;oh=00_AfX7QmFGhQhG2jAllVgXCiM1ZrWgvtp80-Bfppyexh1QEg&#038;oe=689E923C\" \/>\n\t\t<meta property=\"og:image:secure_url\" content=\"https:\/\/scontent-gig4-1.xx.fbcdn.net\/v\/t39.30808-1\/270437624_4564083193639691_6907940295614233970_n.jpg?stp=dst-jpg_s200x200_tt6&#038;_nc_cat=111&#038;ccb=1-7&#038;_nc_sid=f907e8&#038;_nc_ohc=SM1wRlP3lJwQ7kNvwEPuBYA&#038;_nc_oc=AdnqrjDN_BNjSSHWO-GbkIWH6fkGMLw4bqvL_NH6e2wMveX7G-rP2dAqsDSq1mJMOaY&#038;_nc_zt=24&#038;_nc_ht=scontent-gig4-1.xx&#038;_nc_gid=AoBFJeGrT1hVaew_6rchkQ&#038;oh=00_AfX7QmFGhQhG2jAllVgXCiM1ZrWgvtp80-Bfppyexh1QEg&#038;oe=689E923C\" \/>\n\t\t<meta property=\"article:published_time\" content=\"2017-02-16T20:44:39+00:00\" \/>\n\t\t<meta property=\"article:modified_time\" content=\"2017-02-17T18:51:10+00:00\" \/>\n\t\t<meta name=\"twitter:card\" content=\"summary_large_image\" \/>\n\t\t<meta name=\"twitter:title\" content=\"Servidores aprovam contraproposta do prefeito Grego de reajuste salarial - A Not\u00edcia Online\" \/>\n\t\t<meta name=\"twitter:description\" content=\"Durante assembleia realizada na sede do Sindicato dos Servidores P\u00fablicos de Muria\u00e9 e Regi\u00e3o, na quarta-feira (15), os servidores municipais aprovaram em maioria absoluta a contraproposta apresentada pelo prefeito Grego oferecendo o reajuste da infla\u00e7\u00e3o acumulada dos 12 meses do ano de 2016, \u00edndice este que foi de 6,58% e que foi estendido para o\" \/>\n\t\t<meta name=\"twitter:image\" content=\"https:\/\/scontent-gig4-1.xx.fbcdn.net\/v\/t39.30808-1\/270437624_4564083193639691_6907940295614233970_n.jpg?stp=dst-jpg_s200x200_tt6&amp;_nc_cat=111&amp;ccb=1-7&amp;_nc_sid=f907e8&amp;_nc_ohc=SM1wRlP3lJwQ7kNvwEPuBYA&amp;_nc_oc=AdnqrjDN_BNjSSHWO-GbkIWH6fkGMLw4bqvL_NH6e2wMveX7G-rP2dAqsDSq1mJMOaY&amp;_nc_zt=24&amp;_nc_ht=scontent-gig4-1.xx&amp;_nc_gid=AoBFJeGrT1hVaew_6rchkQ&amp;oh=00_AfX7QmFGhQhG2jAllVgXCiM1ZrWgvtp80-Bfppyexh1QEg&amp;oe=689E923C\" \/>\n\t\t<script type=\"application\/ld+json\" class=\"aioseo-schema\">\n\t\t\t{\"@context\":\"https:\\\/\\\/schema.org\",\"@graph\":[{\"@type\":\"BlogPosting\",\"@id\":\"https:\\\/\\\/anoticiaonline.com.br\\\/site\\\/servidores-aprovam-contraproposta-do-prefeito-grego-de-reajuste-salarial\\\/#blogposting\",\"name\":\"Servidores aprovam contraproposta do prefeito Grego de reajuste salarial - A Not\\u00edcia Online\",\"headline\":\"Servidores aprovam contraproposta do prefeito Grego de reajuste salarial\",\"author\":{\"@id\":\"https:\\\/\\\/anoticiaonline.com.br\\\/site\\\/author\\\/juliana\\\/#author\"},\"publisher\":{\"@id\":\"https:\\\/\\\/anoticiaonline.com.br\\\/site\\\/#organization\"},\"image\":{\"@type\":\"ImageObject\",\"url\":\"https:\\\/\\\/anoticiaonline.com.br\\\/site\\\/wp-content\\\/uploads\\\/2017\\\/02\\\/DSC_0289.jpg\",\"width\":640,\"height\":361},\"datePublished\":\"2017-02-16T17:44:39-03:00\",\"dateModified\":\"2017-02-17T15:51:10-03:00\",\"inLanguage\":\"pt-BR\",\"mainEntityOfPage\":{\"@id\":\"https:\\\/\\\/anoticiaonline.com.br\\\/site\\\/servidores-aprovam-contraproposta-do-prefeito-grego-de-reajuste-salarial\\\/#webpage\"},\"isPartOf\":{\"@id\":\"https:\\\/\\\/anoticiaonline.com.br\\\/site\\\/servidores-aprovam-contraproposta-do-prefeito-grego-de-reajuste-salarial\\\/#webpage\"},\"articleSection\":\"Blog, slide\"},{\"@type\":\"BreadcrumbList\",\"@id\":\"https:\\\/\\\/anoticiaonline.com.br\\\/site\\\/servidores-aprovam-contraproposta-do-prefeito-grego-de-reajuste-salarial\\\/#breadcrumblist\",\"itemListElement\":[{\"@type\":\"ListItem\",\"@id\":\"https:\\\/\\\/anoticiaonline.com.br\\\/site#listItem\",\"position\":1,\"name\":\"Home\",\"item\":\"https:\\\/\\\/anoticiaonline.com.br\\\/site\",\"nextItem\":{\"@type\":\"ListItem\",\"@id\":\"https:\\\/\\\/anoticiaonline.com.br\\\/site\\\/categoria\\\/muriae\\\/#listItem\",\"name\":\"Blog\"}},{\"@type\":\"ListItem\",\"@id\":\"https:\\\/\\\/anoticiaonline.com.br\\\/site\\\/categoria\\\/muriae\\\/#listItem\",\"position\":2,\"name\":\"Blog\",\"item\":\"https:\\\/\\\/anoticiaonline.com.br\\\/site\\\/categoria\\\/muriae\\\/\",\"nextItem\":{\"@type\":\"ListItem\",\"@id\":\"https:\\\/\\\/anoticiaonline.com.br\\\/site\\\/servidores-aprovam-contraproposta-do-prefeito-grego-de-reajuste-salarial\\\/#listItem\",\"name\":\"Servidores aprovam contraproposta do prefeito Grego de reajuste salarial\"},\"previousItem\":{\"@type\":\"ListItem\",\"@id\":\"https:\\\/\\\/anoticiaonline.com.br\\\/site#listItem\",\"name\":\"Home\"}},{\"@type\":\"ListItem\",\"@id\":\"https:\\\/\\\/anoticiaonline.com.br\\\/site\\\/servidores-aprovam-contraproposta-do-prefeito-grego-de-reajuste-salarial\\\/#listItem\",\"position\":3,\"name\":\"Servidores aprovam contraproposta do prefeito Grego de reajuste salarial\",\"previousItem\":{\"@type\":\"ListItem\",\"@id\":\"https:\\\/\\\/anoticiaonline.com.br\\\/site\\\/categoria\\\/muriae\\\/#listItem\",\"name\":\"Blog\"}}]},{\"@type\":\"Organization\",\"@id\":\"https:\\\/\\\/anoticiaonline.com.br\\\/site\\\/#organization\",\"name\":\"A Not\\u00edcia Online\",\"description\":\"Noticias de Muria\\u00e9 e regi\\u00e3o\",\"url\":\"https:\\\/\\\/anoticiaonline.com.br\\\/site\\\/\",\"logo\":{\"@type\":\"ImageObject\",\"url\":\"https:\\\/\\\/scontent-gig4-1.xx.fbcdn.net\\\/v\\\/t39.30808-1\\\/270437624_4564083193639691_6907940295614233970_n.jpg?stp=dst-jpg_s200x200_tt6&_nc_cat=111&ccb=1-7&_nc_sid=f907e8&_nc_ohc=SM1wRlP3lJwQ7kNvwEPuBYA&_nc_oc=AdnqrjDN_BNjSSHWO-GbkIWH6fkGMLw4bqvL_NH6e2wMveX7G-rP2dAqsDSq1mJMOaY&_nc_zt=24&_nc_ht=scontent-gig4-1.xx&_nc_gid=AoBFJeGrT1hVaew_6rchkQ&oh=00_AfX7QmFGhQhG2jAllVgXCiM1ZrWgvtp80-Bfppyexh1QEg&oe=689E923C\",\"@id\":\"https:\\\/\\\/anoticiaonline.com.br\\\/site\\\/servidores-aprovam-contraproposta-do-prefeito-grego-de-reajuste-salarial\\\/#organizationLogo\"},\"image\":{\"@id\":\"https:\\\/\\\/anoticiaonline.com.br\\\/site\\\/servidores-aprovam-contraproposta-do-prefeito-grego-de-reajuste-salarial\\\/#organizationLogo\"}},{\"@type\":\"Person\",\"@id\":\"https:\\\/\\\/anoticiaonline.com.br\\\/site\\\/author\\\/juliana\\\/#author\",\"url\":\"https:\\\/\\\/anoticiaonline.com.br\\\/site\\\/author\\\/juliana\\\/\",\"name\":\"Juliana Laviola\",\"image\":{\"@type\":\"ImageObject\",\"@id\":\"https:\\\/\\\/anoticiaonline.com.br\\\/site\\\/servidores-aprovam-contraproposta-do-prefeito-grego-de-reajuste-salarial\\\/#authorImage\",\"url\":\"https:\\\/\\\/secure.gravatar.com\\\/avatar\\\/b8d45f5c699b100dfaf0e543582f38f38bf94cb7ae3a5e9abf8d891a34773335?s=96&d=mm&r=g\",\"width\":96,\"height\":96,\"caption\":\"Juliana Laviola\"}},{\"@type\":\"WebPage\",\"@id\":\"https:\\\/\\\/anoticiaonline.com.br\\\/site\\\/servidores-aprovam-contraproposta-do-prefeito-grego-de-reajuste-salarial\\\/#webpage\",\"url\":\"https:\\\/\\\/anoticiaonline.com.br\\\/site\\\/servidores-aprovam-contraproposta-do-prefeito-grego-de-reajuste-salarial\\\/\",\"name\":\"Servidores aprovam contraproposta do prefeito Grego de reajuste salarial - A Not\\u00edcia Online\",\"description\":\"Durante assembleia realizada na sede do Sindicato dos Servidores P\\u00fablicos de Muria\\u00e9 e Regi\\u00e3o, na quarta-feira (15), os servidores municipais aprovaram em maioria absoluta a contraproposta apresentada pelo prefeito Grego oferecendo o reajuste da infla\\u00e7\\u00e3o acumulada dos 12 meses do ano de 2016, \\u00edndice este que foi de 6,58% e que foi estendido para o\",\"inLanguage\":\"pt-BR\",\"isPartOf\":{\"@id\":\"https:\\\/\\\/anoticiaonline.com.br\\\/site\\\/#website\"},\"breadcrumb\":{\"@id\":\"https:\\\/\\\/anoticiaonline.com.br\\\/site\\\/servidores-aprovam-contraproposta-do-prefeito-grego-de-reajuste-salarial\\\/#breadcrumblist\"},\"author\":{\"@id\":\"https:\\\/\\\/anoticiaonline.com.br\\\/site\\\/author\\\/juliana\\\/#author\"},\"creator\":{\"@id\":\"https:\\\/\\\/anoticiaonline.com.br\\\/site\\\/author\\\/juliana\\\/#author\"},\"image\":{\"@type\":\"ImageObject\",\"url\":\"https:\\\/\\\/anoticiaonline.com.br\\\/site\\\/wp-content\\\/uploads\\\/2017\\\/02\\\/DSC_0289.jpg\",\"@id\":\"https:\\\/\\\/anoticiaonline.com.br\\\/site\\\/servidores-aprovam-contraproposta-do-prefeito-grego-de-reajuste-salarial\\\/#mainImage\",\"width\":640,\"height\":361},\"primaryImageOfPage\":{\"@id\":\"https:\\\/\\\/anoticiaonline.com.br\\\/site\\\/servidores-aprovam-contraproposta-do-prefeito-grego-de-reajuste-salarial\\\/#mainImage\"},\"datePublished\":\"2017-02-16T17:44:39-03:00\",\"dateModified\":\"2017-02-17T15:51:10-03:00\"},{\"@type\":\"WebSite\",\"@id\":\"https:\\\/\\\/anoticiaonline.com.br\\\/site\\\/#website\",\"url\":\"https:\\\/\\\/anoticiaonline.com.br\\\/site\\\/\",\"name\":\"A Not\\u00edcia Online\",\"description\":\"Noticias de Muria\\u00e9 e regi\\u00e3o\",\"inLanguage\":\"pt-BR\",\"publisher\":{\"@id\":\"https:\\\/\\\/anoticiaonline.com.br\\\/site\\\/#organization\"}}]}\n\t\t<\/script>\n\t\t<!-- All in One SEO -->\n\n","aioseo_head_json":{"title":"Servidores aprovam contraproposta do prefeito Grego de reajuste salarial - A Not\u00edcia Online","description":"Durante assembleia realizada na sede do Sindicato dos Servidores P\u00fablicos de Muria\u00e9 e Regi\u00e3o, na quarta-feira (15), os servidores municipais aprovaram em maioria absoluta a contraproposta apresentada pelo prefeito Grego oferecendo o reajuste da infla\u00e7\u00e3o acumulada dos 12 meses do ano de 2016, \u00edndice este que foi de 6,58% e que foi estendido para o","canonical_url":"https:\/\/anoticiaonline.com.br\/site\/servidores-aprovam-contraproposta-do-prefeito-grego-de-reajuste-salarial\/","robots":"max-image-preview:large","keywords":"","webmasterTools":{"miscellaneous":""},"schema":{"@context":"https:\/\/schema.org","@graph":[{"@type":"BlogPosting","@id":"https:\/\/anoticiaonline.com.br\/site\/servidores-aprovam-contraproposta-do-prefeito-grego-de-reajuste-salarial\/#blogposting","name":"Servidores aprovam contraproposta do prefeito Grego de reajuste salarial - A Not\u00edcia Online","headline":"Servidores aprovam contraproposta do prefeito Grego de reajuste salarial","author":{"@id":"https:\/\/anoticiaonline.com.br\/site\/author\/juliana\/#author"},"publisher":{"@id":"https:\/\/anoticiaonline.com.br\/site\/#organization"},"image":{"@type":"ImageObject","url":"https:\/\/anoticiaonline.com.br\/site\/wp-content\/uploads\/2017\/02\/DSC_0289.jpg","width":640,"height":361},"datePublished":"2017-02-16T17:44:39-03:00","dateModified":"2017-02-17T15:51:10-03:00","inLanguage":"pt-BR","mainEntityOfPage":{"@id":"https:\/\/anoticiaonline.com.br\/site\/servidores-aprovam-contraproposta-do-prefeito-grego-de-reajuste-salarial\/#webpage"},"isPartOf":{"@id":"https:\/\/anoticiaonline.com.br\/site\/servidores-aprovam-contraproposta-do-prefeito-grego-de-reajuste-salarial\/#webpage"},"articleSection":"Blog, slide"},{"@type":"BreadcrumbList","@id":"https:\/\/anoticiaonline.com.br\/site\/servidores-aprovam-contraproposta-do-prefeito-grego-de-reajuste-salarial\/#breadcrumblist","itemListElement":[{"@type":"ListItem","@id":"https:\/\/anoticiaonline.com.br\/site#listItem","position":1,"name":"Home","item":"https:\/\/anoticiaonline.com.br\/site","nextItem":{"@type":"ListItem","@id":"https:\/\/anoticiaonline.com.br\/site\/categoria\/muriae\/#listItem","name":"Blog"}},{"@type":"ListItem","@id":"https:\/\/anoticiaonline.com.br\/site\/categoria\/muriae\/#listItem","position":2,"name":"Blog","item":"https:\/\/anoticiaonline.com.br\/site\/categoria\/muriae\/","nextItem":{"@type":"ListItem","@id":"https:\/\/anoticiaonline.com.br\/site\/servidores-aprovam-contraproposta-do-prefeito-grego-de-reajuste-salarial\/#listItem","name":"Servidores aprovam contraproposta do prefeito Grego de reajuste salarial"},"previousItem":{"@type":"ListItem","@id":"https:\/\/anoticiaonline.com.br\/site#listItem","name":"Home"}},{"@type":"ListItem","@id":"https:\/\/anoticiaonline.com.br\/site\/servidores-aprovam-contraproposta-do-prefeito-grego-de-reajuste-salarial\/#listItem","position":3,"name":"Servidores aprovam contraproposta do prefeito Grego de reajuste salarial","previousItem":{"@type":"ListItem","@id":"https:\/\/anoticiaonline.com.br\/site\/categoria\/muriae\/#listItem","name":"Blog"}}]},{"@type":"Organization","@id":"https:\/\/anoticiaonline.com.br\/site\/#organization","name":"A Not\u00edcia Online","description":"Noticias de Muria\u00e9 e regi\u00e3o","url":"https:\/\/anoticiaonline.com.br\/site\/","logo":{"@type":"ImageObject","url":"https:\/\/scontent-gig4-1.xx.fbcdn.net\/v\/t39.30808-1\/270437624_4564083193639691_6907940295614233970_n.jpg?stp=dst-jpg_s200x200_tt6&_nc_cat=111&ccb=1-7&_nc_sid=f907e8&_nc_ohc=SM1wRlP3lJwQ7kNvwEPuBYA&_nc_oc=AdnqrjDN_BNjSSHWO-GbkIWH6fkGMLw4bqvL_NH6e2wMveX7G-rP2dAqsDSq1mJMOaY&_nc_zt=24&_nc_ht=scontent-gig4-1.xx&_nc_gid=AoBFJeGrT1hVaew_6rchkQ&oh=00_AfX7QmFGhQhG2jAllVgXCiM1ZrWgvtp80-Bfppyexh1QEg&oe=689E923C","@id":"https:\/\/anoticiaonline.com.br\/site\/servidores-aprovam-contraproposta-do-prefeito-grego-de-reajuste-salarial\/#organizationLogo"},"image":{"@id":"https:\/\/anoticiaonline.com.br\/site\/servidores-aprovam-contraproposta-do-prefeito-grego-de-reajuste-salarial\/#organizationLogo"}},{"@type":"Person","@id":"https:\/\/anoticiaonline.com.br\/site\/author\/juliana\/#author","url":"https:\/\/anoticiaonline.com.br\/site\/author\/juliana\/","name":"Juliana Laviola","image":{"@type":"ImageObject","@id":"https:\/\/anoticiaonline.com.br\/site\/servidores-aprovam-contraproposta-do-prefeito-grego-de-reajuste-salarial\/#authorImage","url":"https:\/\/secure.gravatar.com\/avatar\/b8d45f5c699b100dfaf0e543582f38f38bf94cb7ae3a5e9abf8d891a34773335?s=96&d=mm&r=g","width":96,"height":96,"caption":"Juliana Laviola"}},{"@type":"WebPage","@id":"https:\/\/anoticiaonline.com.br\/site\/servidores-aprovam-contraproposta-do-prefeito-grego-de-reajuste-salarial\/#webpage","url":"https:\/\/anoticiaonline.com.br\/site\/servidores-aprovam-contraproposta-do-prefeito-grego-de-reajuste-salarial\/","name":"Servidores aprovam contraproposta do prefeito Grego de reajuste salarial - A Not\u00edcia Online","description":"Durante assembleia realizada na sede do Sindicato dos Servidores P\u00fablicos de Muria\u00e9 e Regi\u00e3o, na quarta-feira (15), os servidores municipais aprovaram em maioria absoluta a contraproposta apresentada pelo prefeito Grego oferecendo o reajuste da infla\u00e7\u00e3o acumulada dos 12 meses do ano de 2016, \u00edndice este que foi de 6,58% e que foi estendido para o","inLanguage":"pt-BR","isPartOf":{"@id":"https:\/\/anoticiaonline.com.br\/site\/#website"},"breadcrumb":{"@id":"https:\/\/anoticiaonline.com.br\/site\/servidores-aprovam-contraproposta-do-prefeito-grego-de-reajuste-salarial\/#breadcrumblist"},"author":{"@id":"https:\/\/anoticiaonline.com.br\/site\/author\/juliana\/#author"},"creator":{"@id":"https:\/\/anoticiaonline.com.br\/site\/author\/juliana\/#author"},"image":{"@type":"ImageObject","url":"https:\/\/anoticiaonline.com.br\/site\/wp-content\/uploads\/2017\/02\/DSC_0289.jpg","@id":"https:\/\/anoticiaonline.com.br\/site\/servidores-aprovam-contraproposta-do-prefeito-grego-de-reajuste-salarial\/#mainImage","width":640,"height":361},"primaryImageOfPage":{"@id":"https:\/\/anoticiaonline.com.br\/site\/servidores-aprovam-contraproposta-do-prefeito-grego-de-reajuste-salarial\/#mainImage"},"datePublished":"2017-02-16T17:44:39-03:00","dateModified":"2017-02-17T15:51:10-03:00"},{"@type":"WebSite","@id":"https:\/\/anoticiaonline.com.br\/site\/#website","url":"https:\/\/anoticiaonline.com.br\/site\/","name":"A Not\u00edcia Online","description":"Noticias de Muria\u00e9 e regi\u00e3o","inLanguage":"pt-BR","publisher":{"@id":"https:\/\/anoticiaonline.com.br\/site\/#organization"}}]},"og:locale":"pt_BR","og:site_name":"A Not\u00edcia Online - Noticias de Muria\u00e9 e regi\u00e3o","og:type":"article","og:title":"Servidores aprovam contraproposta do prefeito Grego de reajuste salarial - A Not\u00edcia Online","og:description":"Durante assembleia realizada na sede do Sindicato dos Servidores P\u00fablicos de Muria\u00e9 e Regi\u00e3o, na quarta-feira (15), os servidores municipais aprovaram em maioria absoluta a contraproposta apresentada pelo prefeito Grego oferecendo o reajuste da infla\u00e7\u00e3o acumulada dos 12 meses do ano de 2016, \u00edndice este que foi de 6,58% e que foi estendido para o","og:url":"https:\/\/anoticiaonline.com.br\/site\/servidores-aprovam-contraproposta-do-prefeito-grego-de-reajuste-salarial\/","og:image":"https:\/\/scontent-gig4-1.xx.fbcdn.net\/v\/t39.30808-1\/270437624_4564083193639691_6907940295614233970_n.jpg?stp=dst-jpg_s200x200_tt6&#038;_nc_cat=111&#038;ccb=1-7&#038;_nc_sid=f907e8&#038;_nc_ohc=SM1wRlP3lJwQ7kNvwEPuBYA&#038;_nc_oc=AdnqrjDN_BNjSSHWO-GbkIWH6fkGMLw4bqvL_NH6e2wMveX7G-rP2dAqsDSq1mJMOaY&#038;_nc_zt=24&#038;_nc_ht=scontent-gig4-1.xx&#038;_nc_gid=AoBFJeGrT1hVaew_6rchkQ&#038;oh=00_AfX7QmFGhQhG2jAllVgXCiM1ZrWgvtp80-Bfppyexh1QEg&#038;oe=689E923C","og:image:secure_url":"https:\/\/scontent-gig4-1.xx.fbcdn.net\/v\/t39.30808-1\/270437624_4564083193639691_6907940295614233970_n.jpg?stp=dst-jpg_s200x200_tt6&#038;_nc_cat=111&#038;ccb=1-7&#038;_nc_sid=f907e8&#038;_nc_ohc=SM1wRlP3lJwQ7kNvwEPuBYA&#038;_nc_oc=AdnqrjDN_BNjSSHWO-GbkIWH6fkGMLw4bqvL_NH6e2wMveX7G-rP2dAqsDSq1mJMOaY&#038;_nc_zt=24&#038;_nc_ht=scontent-gig4-1.xx&#038;_nc_gid=AoBFJeGrT1hVaew_6rchkQ&#038;oh=00_AfX7QmFGhQhG2jAllVgXCiM1ZrWgvtp80-Bfppyexh1QEg&#038;oe=689E923C","article:published_time":"2017-02-16T20:44:39+00:00","article:modified_time":"2017-02-17T18:51:10+00:00","twitter:card":"summary_large_image","twitter:title":"Servidores aprovam contraproposta do prefeito Grego de reajuste salarial - A Not\u00edcia Online","twitter:description":"Durante assembleia realizada na sede do Sindicato dos Servidores P\u00fablicos de Muria\u00e9 e Regi\u00e3o, na quarta-feira (15), os servidores municipais aprovaram em maioria absoluta a contraproposta apresentada pelo prefeito Grego oferecendo o reajuste da infla\u00e7\u00e3o acumulada dos 12 meses do ano de 2016, \u00edndice este que foi de 6,58% e que foi estendido para o","twitter:image":"https:\/\/scontent-gig4-1.xx.fbcdn.net\/v\/t39.30808-1\/270437624_4564083193639691_6907940295614233970_n.jpg?stp=dst-jpg_s200x200_tt6&_nc_cat=111&ccb=1-7&_nc_sid=f907e8&_nc_ohc=SM1wRlP3lJwQ7kNvwEPuBYA&_nc_oc=AdnqrjDN_BNjSSHWO-GbkIWH6fkGMLw4bqvL_NH6e2wMveX7G-rP2dAqsDSq1mJMOaY&_nc_zt=24&_nc_ht=scontent-gig4-1.xx&_nc_gid=AoBFJeGrT1hVaew_6rchkQ&oh=00_AfX7QmFGhQhG2jAllVgXCiM1ZrWgvtp80-Bfppyexh1QEg&oe=689E923C"},"aioseo_meta_data":{"post_id":"24628","title":null,"description":null,"keywords":null,"keyphrases":null,"primary_term":null,"canonical_url":null,"og_title":null,"og_description":null,"og_object_type":"default","og_image_type":"default","og_image_url":null,"og_image_width":null,"og_image_height":null,"og_image_custom_url":null,"og_image_custom_fields":null,"og_video":null,"og_custom_url":null,"og_article_section":null,"og_article_tags":null,"twitter_use_og":false,"twitter_card":"default","twitter_image_type":"default","twitter_image_url":null,"twitter_image_custom_url":null,"twitter_image_custom_fields":null,"twitter_title":null,"twitter_description":null,"schema":{"blockGraphs":[],"customGraphs":[],"default":{"data":{"Article":[],"Course":[],"Dataset":[],"FAQPage":[],"Movie":[],"Person":[],"Product":[],"ProductReview":[],"Car":[],"Recipe":[],"Service":[],"SoftwareApplication":[],"WebPage":[]},"graphName":"","isEnabled":true},"graphs":[]},"schema_type":"default","schema_type_options":null,"pillar_content":false,"robots_default":true,"robots_noindex":false,"robots_noarchive":false,"robots_nosnippet":false,"robots_nofollow":false,"robots_noimageindex":false,"robots_noodp":false,"robots_notranslate":false,"robots_max_snippet":null,"robots_max_videopreview":null,"robots_max_imagepreview":"large","priority":null,"frequency":null,"local_seo":null,"breadcrumb_settings":null,"limit_modified_date":false,"ai":null,"created":"2025-08-16 17:44:28","updated":"2025-08-16 17:44:28","focus_keyword":null,"additional_keywords":null,"truseo_locale":null,"seo_analyzer_scan_date":null},"aioseo_breadcrumb":"<div class=\"aioseo-breadcrumbs\"><span class=\"aioseo-breadcrumb\">\n\t\t\t<a href=\"https:\/\/anoticiaonline.com.br\/site\" title=\"Home\">Home<\/a>\n\t\t<\/span><span class=\"aioseo-breadcrumb-separator\">&raquo;<\/span><span class=\"aioseo-breadcrumb\">\n\t\t\t<a href=\"https:\/\/anoticiaonline.com.br\/site\/categoria\/muriae\/\" title=\"Blog\">Blog<\/a>\n\t\t<\/span><span class=\"aioseo-breadcrumb-separator\">&raquo;<\/span><span class=\"aioseo-breadcrumb\">\n\t\t\tServidores aprovam contraproposta do prefeito Grego de reajuste salarial\n\t\t<\/span><\/div>","aioseo_breadcrumb_json":[{"label":"Home","link":"https:\/\/anoticiaonline.com.br\/site"},{"label":"Blog","link":"https:\/\/anoticiaonline.com.br\/site\/categoria\/muriae\/"},{"label":"Servidores aprovam contraproposta do prefeito Grego de reajuste salarial","link":"https:\/\/anoticiaonline.com.br\/site\/servidores-aprovam-contraproposta-do-prefeito-grego-de-reajuste-salarial\/"}],"views":98,"_links":{"self":[{"href":"https:\/\/anoticiaonline.com.br\/site\/wp-json\/wp\/v2\/posts\/24628","targetHints":{"allow":["GET"]}}],"collection":[{"href":"https:\/\/anoticiaonline.com.br\/site\/wp-json\/wp\/v2\/posts"}],"about":[{"href":"https:\/\/anoticiaonline.com.br\/site\/wp-json\/wp\/v2\/types\/post"}],"author":[{"embeddable":true,"href":"https:\/\/anoticiaonline.com.br\/site\/wp-json\/wp\/v2\/users\/2"}],"replies":[{"embeddable":true,"href":"https:\/\/anoticiaonline.com.br\/site\/wp-json\/wp\/v2\/comments?post=24628"}],"version-history":[{"count":0,"href":"https:\/\/anoticiaonline.com.br\/site\/wp-json\/wp\/v2\/posts\/24628\/revisions"}],"wp:featuredmedia":[{"embeddable":true,"href":"https:\/\/anoticiaonline.com.br\/site\/wp-json\/wp\/v2\/media\/24630"}],"wp:attachment":[{"href":"https:\/\/anoticiaonline.com.br\/site\/wp-json\/wp\/v2\/media?parent=24628"}],"wp:term":[{"taxonomy":"category","embeddable":true,"href":"https:\/\/anoticiaonline.com.br\/site\/wp-json\/wp\/v2\/categories?post=24628"},{"taxonomy":"post_tag","embeddable":true,"href":"https:\/\/anoticiaonline.com.br\/site\/wp-json\/wp\/v2\/tags?post=24628"}],"curies":[{"name":"wp","href":"https:\/\/api.w.org\/{rel}","templated":true}]}}