{"id":24623,"date":"2017-02-17T07:00:46","date_gmt":"2017-02-17T10:00:46","guid":{"rendered":"http:\/\/anoticiaonline.com.br\/site\/?p=24623"},"modified":"2017-02-16T17:22:04","modified_gmt":"2017-02-16T20:22:04","slug":"ronaldo-alvarenga-e-empossado-oficialmente-presidente-do-sindicato-dos-servidores-publico-de-muriae-e-regiao","status":"publish","type":"post","link":"https:\/\/anoticiaonline.com.br\/site\/ronaldo-alvarenga-e-empossado-oficialmente-presidente-do-sindicato-dos-servidores-publico-de-muriae-e-regiao\/","title":{"rendered":"Ronaldo Alvarenga \u00e9 empossado oficialmente presidente do Sindicato dos Servidores P\u00fablico de Muria\u00e9 e Regi\u00e3o"},"content":{"rendered":"<p><a href=\"https:\/\/anoticiaonline.com.br\/site\/wp-content\/uploads\/2017\/02\/DSC_0089.jpg\"><img fetchpriority=\"high\" decoding=\"async\" class=\" size-medium wp-image-24624 alignleft\" src=\"https:\/\/anoticiaonline.com.br\/site\/wp-content\/uploads\/2017\/02\/DSC_0089-300x188.jpg\" alt=\"DSC_0089\" width=\"300\" height=\"188\" srcset=\"https:\/\/anoticiaonline.com.br\/site\/wp-content\/uploads\/2017\/02\/DSC_0089-300x188.jpg 300w, https:\/\/anoticiaonline.com.br\/site\/wp-content\/uploads\/2017\/02\/DSC_0089.jpg 640w\" sizes=\"(max-width: 300px) 100vw, 300px\" \/><\/a>Ronaldo Jos\u00e9 Gon\u00e7alves Alvarenga, juntamente com sua nova diretoria, foi empossado oficialmente presidente do Sindicato dos Servidores P\u00fablico de Muria\u00e9 e Regi\u00e3o para o quinqu\u00eanio 2017\/2021.<\/p>\n<p>A solenidade de posse aconteceu na noite de s\u00e1bado (11), na sede do sindicato, e contou com a presen\u00e7a de autoridades, como o prefeito de Muria\u00e9, Grego, o vice-prefeito, Dr. Marcos Guarino, representantes do Fundo Previdenci\u00e1rio dos Servidores P\u00fablicos de Muria\u00e9 (Muria\u00e9-Prev), equipe do sindicato, a nova diretoria e seus familiares.<\/p>\n<p>Ronaldo exerce um trabalho reconhecido n\u00e3o s\u00f3 na regi\u00e3o, mas em todo o estado de Minas Gerais e no Brasil. Entre as diversas conquistas obtidas est\u00e3o a constru\u00e7\u00e3o da sede pr\u00f3pria do sindicato e, posteriormente, sua amplia\u00e7\u00e3o; consolida\u00e7\u00e3o e a amplia\u00e7\u00e3o do atendimento do sindicato \u00e0 sua base territorial, reajustes salariais, elabora\u00e7\u00e3o de planos de carreira, estatutos, entre outras.<\/p>\n<p>O presidente implantou uma gest\u00e3o eficiente, tendo como princ\u00edpios fundamentais a \u00e9tica e a busca dos direitos dos servidores p\u00fablicos municipais. Enfrentou as dificuldades sempre com garra e determina\u00e7\u00e3o, e tem mais uma vez o reconhecimento de todos, sendo reconduzido \u00e0 presid\u00eancia. \u201cTenho orgulho de dizer que o nosso sindicato \u00e9 o melhor sindicato do Brasil. Estamos com 0% de perda salarial e temos o Plano de Carreira mais democr\u00e1tico do Brasil, constru\u00eddo pelo sindicato, servidores e Prefeitura\u201d, destaca. \u201cOs servidores podem esperar o mesmo empenho, a mesma forma de trabalhar com honestidade e \u00e9tica durante mais cinco anos\u201d, completa o presidente Ronaldo, que ap\u00f3s o seu discurso, recebeu uma homenagem dos servidores.<\/p>\n<p>O sindicato possui, atualmente, cerca de 2 mil filiados, representando servidores de Muria\u00e9, Mira\u00ed, Laranjal, Patroc\u00ednio do Muria\u00e9, Bar\u00e3o do Monte Alto, Eugen\u00f3polis, S\u00e3o Francisco do Gl\u00f3ria, Miradouro, Fervedouro, Ros\u00e1rio da Limeira, Pedra Dourada e Tombos.<\/p>\n<p>Em todos os discursos proferidos, o trabalho de Ronaldo e da diretoria foi enaltecido. \u201cComo gestor de Muria\u00e9, ressalto como qualidades inerentes dessa equipe que preside o sindicato, a sensatez e o bom senso. Parabenizo o Ronaldo e sua diretoria pelo trabalho realizado. Contem conosco. Vejam nossa administra\u00e7\u00e3o como uma administra\u00e7\u00e3o parceira, que n\u00e3o economizar\u00e1 esfor\u00e7os para garantir os direitos dos servidores\u201d, afirma o prefeito Grego, referindo-se ao compromisso assumido de reajuste salarial dos servidores municipais. \u201cPassamos todos, Muria\u00e9, o estado e o nosso pa\u00eds, por uma crise sem precedentes. N\u00e3o poder\u00edamos dar esse reajuste, mas como assumimos esse compromisso durante a campanha, atrav\u00e9s da Carta Compromisso, negociamos com o sindicato o reajuste salarial com base no \u00edndice de 2016. Esse reajuste ser\u00e1 no pagamento do m\u00eas de mar\u00e7o, al\u00e9m dos valores retroativos dos meses de janeiro e fevereiro. Quero pagar o sal\u00e1rio de fevereiro at\u00e9 o dia 24 e, por isso, n\u00e3o ser\u00e1 poss\u00edvel realinhar o reajuste ainda dentro deste m\u00eas. A Prefeitura tamb\u00e9m j\u00e1 vem, desde o m\u00eas passado, colocando uma reserva, em uma conta poupan\u00e7a, referente ao 13\u00ba dos servidores, para que n\u00e3o tenhamos nenhuma surpresa desagrad\u00e1vel, como vem acontecendo em outras cidades e estados\u201d, relata.<\/p>\n<p>\u201cSei do brilhante trabalho que Ronaldo fez e faz \u00e0 frente do sindicato. Sei tamb\u00e9m da import\u00e2ncia de termos um sindicato forte na nossa cidade e regi\u00e3o. Parab\u00e9ns, Ronaldo!\u201d, comenta o vice-prefeito de Muria\u00e9, Dr. Marcos Guarino.<\/p>\n<p>\u201cO Ronaldo nasceu sindicalista. Ele tem o cora\u00e7\u00e3o, a alma do trabalhador. Ele prova isso por tudo que ele fez e faz, nas conquistas que alcan\u00e7ou para os servidores. O Ronaldo tem algo que todos deveriam ter em nosso pa\u00eds: respeito pelo dinheiro p\u00fablico. Ele \u00e9 um exemplo de como se deve tratar a coisa p\u00fablica. Um exemplo disso \u00e9 esse pr\u00e9dio, sede do sindicato. Conhe\u00e7o diversas sedes de sindicatos, mas s\u00e3o pouqu\u00edssimas que chegam perto dessa que tem em Muria\u00e9. Desejo sorte e que ele fa\u00e7a outro excelente mandato\u201d, afirma o sindicalista Carlos Jos\u00e9 Nunes da Silva (Faissal), servidor da Copasa.<\/p>\n<p>\u201cTemos a honra de estar aqui durante esses quatro mandatos defendendo o direito dos servidores. Assim continuaremos, por mais cinco anos, com muito afinco, defendendo todos os servidores p\u00fablicos de Muria\u00e9 e regi\u00e3o. Espero que tenhamos mais cinco anos de muito trabalho, de muita luta e de muitas conquistas\u201d, afirma a assessora jur\u00eddica do sindicato, Dr\u00aa Simone Martins Gomes Muniz.<\/p>\n<p>Dr. Paulo Roberto Alvarenga, em nome de sua fam\u00edlia, parabenizou o irm\u00e3o Ronaldo pelo trabalho desenvolvido nesses anos em que est\u00e1 \u00e0 frente do sindicato. \u201cParabenizo o Ronaldo por essa luta de muitos e muitos anos. Desejamos que tenha grande \u00eaxito nessa gest\u00e3o\u201d, diz.<\/p>\n<p>Logo ap\u00f3s a assinatura da ata de posse e da entrega dos diplomas \u00e0 nova diretoria, foi servido um coquetel aos presentes.<\/p>\n<p><strong>DIRETORIA:<\/strong><br \/>\n<strong>Presidente:<\/strong> Ronaldo Jos\u00e9 Gon\u00e7alves Alvarenga<br \/>\n<strong>Vice-presidente:<\/strong> Luiz Ant\u00f4nio dos Santos<br \/>\n<strong>Secret\u00e1ria-geral:<\/strong> Sandra Suely da Silva<br \/>\n<strong>2\u00ba Secret\u00e1rio:<\/strong> Adriano Ellis da Silva<br \/>\n<strong>Tesoureiro:<\/strong> Aldair de Paula Lima<br \/>\n<strong>2\u00ba Tesoureiro:<\/strong> Marco Ant\u00f4nio da Silva<br \/>\n<strong>Diretor Social:<\/strong> Carlos Roberto de Souza<br \/>\n<strong>Membros suplentes:<\/strong> Ronaldo Rodrigues de Souza, Wellington Jos\u00e9 Vilela, Fabiana Quinupa Alves, Rodrigues Jos\u00e9 de Ara\u00fajo, Jos\u00e9 Geraldo Fagundes, Jorge Luciano da Silva e Emerson Adriano Braga.<br \/>\n<strong>Conselho Fiscal efetivo:<\/strong> Alcires Sebasti\u00e3o Pereira da Silva, Ronaldo Alves Soares e Jos\u00e9 Maria da Rocha<br \/>\n<strong>Conselho Fiscal suplente:<\/strong> Maria da Concei\u00e7\u00e3o Aparecida da Silva, Ros\u00e2ngela Maria Gama de Oliveira e Elione Aparecida Bonato Resende.<br \/>\n<strong>Delegado representante efetivo:<\/strong> Maria Imaculada Duarte Leite e Lucirene Sebastiana de Souza Pedrosa.<br \/>\n<strong>Delegado representante suplente:<\/strong> Olinda Severino Brex\u00f3 Franquini e Vin\u00edcius de Oliveira Morais.<\/p>\n<p><strong>GALERIA DE FOTOS:<\/strong><\/p>\n<p><img decoding=\"async\" class=\"ngg_displayed_gallery mceItem\" src=\"https:\/\/anoticiaonline.com.br\/site\/nextgen-attach_to_post\/preview\/id--24626\" alt=\"\" \/><\/p>\n","protected":false},"excerpt":{"rendered":"<p>Ronaldo Jos\u00e9 Gon\u00e7alves Alvarenga, juntamente com sua nova diretoria, foi empossado oficialmente presidente do Sindicato dos Servidores P\u00fablico de Muria\u00e9 e Regi\u00e3o para o quinqu\u00eanio 2017\/2021. A solenidade de posse aconteceu na noite de s\u00e1bado (11), na sede do sindicato, e contou com a presen\u00e7a de autoridades, como o prefeito de Muria\u00e9, Grego, o vice-prefeito, &#8230; <a title=\"Ronaldo Alvarenga \u00e9 empossado oficialmente presidente do Sindicato dos Servidores P\u00fablico de Muria\u00e9 e Regi\u00e3o\" class=\"read-more\" href=\"https:\/\/anoticiaonline.com.br\/site\/ronaldo-alvarenga-e-empossado-oficialmente-presidente-do-sindicato-dos-servidores-publico-de-muriae-e-regiao\/\" aria-label=\"Read more about Ronaldo Alvarenga \u00e9 empossado oficialmente presidente do Sindicato dos Servidores P\u00fablico de Muria\u00e9 e Regi\u00e3o\">Ler mais<\/a><\/p>\n","protected":false},"author":2,"featured_media":24624,"comment_status":"open","ping_status":"open","sticky":false,"template":"","format":"standard","meta":{"_acf_changed":false,"_monsterinsights_skip_tracking":false,"footnotes":""},"categories":[24],"tags":[],"class_list":["post-24623","post","type-post","status-publish","format-standard","has-post-thumbnail","hentry","category-eventos"],"acf":[],"aioseo_notices":[],"aioseo_head":"\n\t\t<!-- All in One SEO 5.0.0.1 - aioseo.com -->\n\t<meta name=\"description\" content=\"Ronaldo Jos\u00e9 Gon\u00e7alves Alvarenga, juntamente com sua nova diretoria, foi empossado oficialmente presidente do Sindicato dos Servidores P\u00fablico de Muria\u00e9 e Regi\u00e3o para o quinqu\u00eanio 2017\/2021. A solenidade de posse aconteceu na noite de s\u00e1bado (11), na sede do sindicato, e contou com a presen\u00e7a de autoridades, como o prefeito de Muria\u00e9, Grego, o vice-prefeito,\" \/>\n\t<meta name=\"robots\" content=\"max-image-preview:large\" \/>\n\t<meta name=\"author\" content=\"Juliana Laviola\"\/>\n\t<link rel=\"canonical\" href=\"https:\/\/anoticiaonline.com.br\/site\/ronaldo-alvarenga-e-empossado-oficialmente-presidente-do-sindicato-dos-servidores-publico-de-muriae-e-regiao\/\" \/>\n\t<meta name=\"generator\" content=\"All in One SEO (AIOSEO) 5.0.0.1\" \/>\n\t\t<meta property=\"og:locale\" content=\"pt_BR\" \/>\n\t\t<meta property=\"og:site_name\" content=\"A Not\u00edcia Online - Noticias de Muria\u00e9 e regi\u00e3o\" \/>\n\t\t<meta property=\"og:type\" content=\"article\" \/>\n\t\t<meta property=\"og:title\" content=\"Ronaldo Alvarenga \u00e9 empossado oficialmente presidente do Sindicato dos Servidores P\u00fablico de Muria\u00e9 e Regi\u00e3o - A Not\u00edcia Online\" \/>\n\t\t<meta property=\"og:description\" content=\"Ronaldo Jos\u00e9 Gon\u00e7alves Alvarenga, juntamente com sua nova diretoria, foi empossado oficialmente presidente do Sindicato dos Servidores P\u00fablico de Muria\u00e9 e Regi\u00e3o para o quinqu\u00eanio 2017\/2021. A solenidade de posse aconteceu na noite de s\u00e1bado (11), na sede do sindicato, e contou com a presen\u00e7a de autoridades, como o prefeito de Muria\u00e9, Grego, o vice-prefeito,\" \/>\n\t\t<meta property=\"og:url\" content=\"https:\/\/anoticiaonline.com.br\/site\/ronaldo-alvarenga-e-empossado-oficialmente-presidente-do-sindicato-dos-servidores-publico-de-muriae-e-regiao\/\" \/>\n\t\t<meta property=\"og:image\" content=\"https:\/\/scontent-gig4-1.xx.fbcdn.net\/v\/t39.30808-1\/270437624_4564083193639691_6907940295614233970_n.jpg?stp=dst-jpg_s200x200_tt6&#038;_nc_cat=111&#038;ccb=1-7&#038;_nc_sid=f907e8&#038;_nc_ohc=SM1wRlP3lJwQ7kNvwEPuBYA&#038;_nc_oc=AdnqrjDN_BNjSSHWO-GbkIWH6fkGMLw4bqvL_NH6e2wMveX7G-rP2dAqsDSq1mJMOaY&#038;_nc_zt=24&#038;_nc_ht=scontent-gig4-1.xx&#038;_nc_gid=AoBFJeGrT1hVaew_6rchkQ&#038;oh=00_AfX7QmFGhQhG2jAllVgXCiM1ZrWgvtp80-Bfppyexh1QEg&#038;oe=689E923C\" \/>\n\t\t<meta property=\"og:image:secure_url\" content=\"https:\/\/scontent-gig4-1.xx.fbcdn.net\/v\/t39.30808-1\/270437624_4564083193639691_6907940295614233970_n.jpg?stp=dst-jpg_s200x200_tt6&#038;_nc_cat=111&#038;ccb=1-7&#038;_nc_sid=f907e8&#038;_nc_ohc=SM1wRlP3lJwQ7kNvwEPuBYA&#038;_nc_oc=AdnqrjDN_BNjSSHWO-GbkIWH6fkGMLw4bqvL_NH6e2wMveX7G-rP2dAqsDSq1mJMOaY&#038;_nc_zt=24&#038;_nc_ht=scontent-gig4-1.xx&#038;_nc_gid=AoBFJeGrT1hVaew_6rchkQ&#038;oh=00_AfX7QmFGhQhG2jAllVgXCiM1ZrWgvtp80-Bfppyexh1QEg&#038;oe=689E923C\" \/>\n\t\t<meta property=\"article:published_time\" content=\"2017-02-17T10:00:46+00:00\" \/>\n\t\t<meta property=\"article:modified_time\" content=\"2017-02-16T20:22:04+00:00\" \/>\n\t\t<meta name=\"twitter:card\" content=\"summary_large_image\" \/>\n\t\t<meta name=\"twitter:title\" content=\"Ronaldo Alvarenga \u00e9 empossado oficialmente presidente do Sindicato dos Servidores P\u00fablico de Muria\u00e9 e Regi\u00e3o - A Not\u00edcia Online\" \/>\n\t\t<meta name=\"twitter:description\" content=\"Ronaldo Jos\u00e9 Gon\u00e7alves Alvarenga, juntamente com sua nova diretoria, foi empossado oficialmente presidente do Sindicato dos Servidores P\u00fablico de Muria\u00e9 e Regi\u00e3o para o quinqu\u00eanio 2017\/2021. A solenidade de posse aconteceu na noite de s\u00e1bado (11), na sede do sindicato, e contou com a presen\u00e7a de autoridades, como o prefeito de Muria\u00e9, Grego, o vice-prefeito,\" \/>\n\t\t<meta name=\"twitter:image\" content=\"https:\/\/scontent-gig4-1.xx.fbcdn.net\/v\/t39.30808-1\/270437624_4564083193639691_6907940295614233970_n.jpg?stp=dst-jpg_s200x200_tt6&amp;_nc_cat=111&amp;ccb=1-7&amp;_nc_sid=f907e8&amp;_nc_ohc=SM1wRlP3lJwQ7kNvwEPuBYA&amp;_nc_oc=AdnqrjDN_BNjSSHWO-GbkIWH6fkGMLw4bqvL_NH6e2wMveX7G-rP2dAqsDSq1mJMOaY&amp;_nc_zt=24&amp;_nc_ht=scontent-gig4-1.xx&amp;_nc_gid=AoBFJeGrT1hVaew_6rchkQ&amp;oh=00_AfX7QmFGhQhG2jAllVgXCiM1ZrWgvtp80-Bfppyexh1QEg&amp;oe=689E923C\" \/>\n\t\t<script type=\"application\/ld+json\" class=\"aioseo-schema\">\n\t\t\t{\"@context\":\"https:\\\/\\\/schema.org\",\"@graph\":[{\"@type\":\"BlogPosting\",\"@id\":\"https:\\\/\\\/anoticiaonline.com.br\\\/site\\\/ronaldo-alvarenga-e-empossado-oficialmente-presidente-do-sindicato-dos-servidores-publico-de-muriae-e-regiao\\\/#blogposting\",\"name\":\"Ronaldo Alvarenga \\u00e9 empossado oficialmente presidente do Sindicato dos Servidores P\\u00fablico de Muria\\u00e9 e Regi\\u00e3o - A Not\\u00edcia Online\",\"headline\":\"Ronaldo Alvarenga \\u00e9 empossado oficialmente presidente do Sindicato dos Servidores P\\u00fablico de Muria\\u00e9 e Regi\\u00e3o\",\"author\":{\"@id\":\"https:\\\/\\\/anoticiaonline.com.br\\\/site\\\/author\\\/juliana\\\/#author\"},\"publisher\":{\"@id\":\"https:\\\/\\\/anoticiaonline.com.br\\\/site\\\/#organization\"},\"image\":{\"@type\":\"ImageObject\",\"url\":\"https:\\\/\\\/anoticiaonline.com.br\\\/site\\\/wp-content\\\/uploads\\\/2017\\\/02\\\/DSC_0089.jpg\",\"width\":640,\"height\":402},\"datePublished\":\"2017-02-17T07:00:46-03:00\",\"dateModified\":\"2017-02-16T17:22:04-03:00\",\"inLanguage\":\"pt-BR\",\"mainEntityOfPage\":{\"@id\":\"https:\\\/\\\/anoticiaonline.com.br\\\/site\\\/ronaldo-alvarenga-e-empossado-oficialmente-presidente-do-sindicato-dos-servidores-publico-de-muriae-e-regiao\\\/#webpage\"},\"isPartOf\":{\"@id\":\"https:\\\/\\\/anoticiaonline.com.br\\\/site\\\/ronaldo-alvarenga-e-empossado-oficialmente-presidente-do-sindicato-dos-servidores-publico-de-muriae-e-regiao\\\/#webpage\"},\"articleSection\":\"Eventos\"},{\"@type\":\"BreadcrumbList\",\"@id\":\"https:\\\/\\\/anoticiaonline.com.br\\\/site\\\/ronaldo-alvarenga-e-empossado-oficialmente-presidente-do-sindicato-dos-servidores-publico-de-muriae-e-regiao\\\/#breadcrumblist\",\"itemListElement\":[{\"@type\":\"ListItem\",\"@id\":\"https:\\\/\\\/anoticiaonline.com.br\\\/site#listItem\",\"position\":1,\"name\":\"Home\",\"item\":\"https:\\\/\\\/anoticiaonline.com.br\\\/site\",\"nextItem\":{\"@type\":\"ListItem\",\"@id\":\"https:\\\/\\\/anoticiaonline.com.br\\\/site\\\/categoria\\\/eventos\\\/#listItem\",\"name\":\"Eventos\"}},{\"@type\":\"ListItem\",\"@id\":\"https:\\\/\\\/anoticiaonline.com.br\\\/site\\\/categoria\\\/eventos\\\/#listItem\",\"position\":2,\"name\":\"Eventos\",\"item\":\"https:\\\/\\\/anoticiaonline.com.br\\\/site\\\/categoria\\\/eventos\\\/\",\"nextItem\":{\"@type\":\"ListItem\",\"@id\":\"https:\\\/\\\/anoticiaonline.com.br\\\/site\\\/ronaldo-alvarenga-e-empossado-oficialmente-presidente-do-sindicato-dos-servidores-publico-de-muriae-e-regiao\\\/#listItem\",\"name\":\"Ronaldo Alvarenga \\u00e9 empossado oficialmente presidente do Sindicato dos Servidores P\\u00fablico de Muria\\u00e9 e Regi\\u00e3o\"},\"previousItem\":{\"@type\":\"ListItem\",\"@id\":\"https:\\\/\\\/anoticiaonline.com.br\\\/site#listItem\",\"name\":\"Home\"}},{\"@type\":\"ListItem\",\"@id\":\"https:\\\/\\\/anoticiaonline.com.br\\\/site\\\/ronaldo-alvarenga-e-empossado-oficialmente-presidente-do-sindicato-dos-servidores-publico-de-muriae-e-regiao\\\/#listItem\",\"position\":3,\"name\":\"Ronaldo Alvarenga \\u00e9 empossado oficialmente presidente do Sindicato dos Servidores P\\u00fablico de Muria\\u00e9 e Regi\\u00e3o\",\"previousItem\":{\"@type\":\"ListItem\",\"@id\":\"https:\\\/\\\/anoticiaonline.com.br\\\/site\\\/categoria\\\/eventos\\\/#listItem\",\"name\":\"Eventos\"}}]},{\"@type\":\"Organization\",\"@id\":\"https:\\\/\\\/anoticiaonline.com.br\\\/site\\\/#organization\",\"name\":\"A Not\\u00edcia Online\",\"description\":\"Noticias de Muria\\u00e9 e regi\\u00e3o\",\"url\":\"https:\\\/\\\/anoticiaonline.com.br\\\/site\\\/\",\"logo\":{\"@type\":\"ImageObject\",\"url\":\"https:\\\/\\\/scontent-gig4-1.xx.fbcdn.net\\\/v\\\/t39.30808-1\\\/270437624_4564083193639691_6907940295614233970_n.jpg?stp=dst-jpg_s200x200_tt6&_nc_cat=111&ccb=1-7&_nc_sid=f907e8&_nc_ohc=SM1wRlP3lJwQ7kNvwEPuBYA&_nc_oc=AdnqrjDN_BNjSSHWO-GbkIWH6fkGMLw4bqvL_NH6e2wMveX7G-rP2dAqsDSq1mJMOaY&_nc_zt=24&_nc_ht=scontent-gig4-1.xx&_nc_gid=AoBFJeGrT1hVaew_6rchkQ&oh=00_AfX7QmFGhQhG2jAllVgXCiM1ZrWgvtp80-Bfppyexh1QEg&oe=689E923C\",\"@id\":\"https:\\\/\\\/anoticiaonline.com.br\\\/site\\\/ronaldo-alvarenga-e-empossado-oficialmente-presidente-do-sindicato-dos-servidores-publico-de-muriae-e-regiao\\\/#organizationLogo\"},\"image\":{\"@id\":\"https:\\\/\\\/anoticiaonline.com.br\\\/site\\\/ronaldo-alvarenga-e-empossado-oficialmente-presidente-do-sindicato-dos-servidores-publico-de-muriae-e-regiao\\\/#organizationLogo\"}},{\"@type\":\"Person\",\"@id\":\"https:\\\/\\\/anoticiaonline.com.br\\\/site\\\/author\\\/juliana\\\/#author\",\"url\":\"https:\\\/\\\/anoticiaonline.com.br\\\/site\\\/author\\\/juliana\\\/\",\"name\":\"Juliana Laviola\",\"image\":{\"@type\":\"ImageObject\",\"@id\":\"https:\\\/\\\/anoticiaonline.com.br\\\/site\\\/ronaldo-alvarenga-e-empossado-oficialmente-presidente-do-sindicato-dos-servidores-publico-de-muriae-e-regiao\\\/#authorImage\",\"url\":\"https:\\\/\\\/secure.gravatar.com\\\/avatar\\\/b8d45f5c699b100dfaf0e543582f38f38bf94cb7ae3a5e9abf8d891a34773335?s=96&d=mm&r=g\",\"width\":96,\"height\":96,\"caption\":\"Juliana Laviola\"}},{\"@type\":\"WebPage\",\"@id\":\"https:\\\/\\\/anoticiaonline.com.br\\\/site\\\/ronaldo-alvarenga-e-empossado-oficialmente-presidente-do-sindicato-dos-servidores-publico-de-muriae-e-regiao\\\/#webpage\",\"url\":\"https:\\\/\\\/anoticiaonline.com.br\\\/site\\\/ronaldo-alvarenga-e-empossado-oficialmente-presidente-do-sindicato-dos-servidores-publico-de-muriae-e-regiao\\\/\",\"name\":\"Ronaldo Alvarenga \\u00e9 empossado oficialmente presidente do Sindicato dos Servidores P\\u00fablico de Muria\\u00e9 e Regi\\u00e3o - A Not\\u00edcia Online\",\"description\":\"Ronaldo Jos\\u00e9 Gon\\u00e7alves Alvarenga, juntamente com sua nova diretoria, foi empossado oficialmente presidente do Sindicato dos Servidores P\\u00fablico de Muria\\u00e9 e Regi\\u00e3o para o quinqu\\u00eanio 2017\\\/2021. A solenidade de posse aconteceu na noite de s\\u00e1bado (11), na sede do sindicato, e contou com a presen\\u00e7a de autoridades, como o prefeito de Muria\\u00e9, Grego, o vice-prefeito,\",\"inLanguage\":\"pt-BR\",\"isPartOf\":{\"@id\":\"https:\\\/\\\/anoticiaonline.com.br\\\/site\\\/#website\"},\"breadcrumb\":{\"@id\":\"https:\\\/\\\/anoticiaonline.com.br\\\/site\\\/ronaldo-alvarenga-e-empossado-oficialmente-presidente-do-sindicato-dos-servidores-publico-de-muriae-e-regiao\\\/#breadcrumblist\"},\"author\":{\"@id\":\"https:\\\/\\\/anoticiaonline.com.br\\\/site\\\/author\\\/juliana\\\/#author\"},\"creator\":{\"@id\":\"https:\\\/\\\/anoticiaonline.com.br\\\/site\\\/author\\\/juliana\\\/#author\"},\"image\":{\"@type\":\"ImageObject\",\"url\":\"https:\\\/\\\/anoticiaonline.com.br\\\/site\\\/wp-content\\\/uploads\\\/2017\\\/02\\\/DSC_0089.jpg\",\"@id\":\"https:\\\/\\\/anoticiaonline.com.br\\\/site\\\/ronaldo-alvarenga-e-empossado-oficialmente-presidente-do-sindicato-dos-servidores-publico-de-muriae-e-regiao\\\/#mainImage\",\"width\":640,\"height\":402},\"primaryImageOfPage\":{\"@id\":\"https:\\\/\\\/anoticiaonline.com.br\\\/site\\\/ronaldo-alvarenga-e-empossado-oficialmente-presidente-do-sindicato-dos-servidores-publico-de-muriae-e-regiao\\\/#mainImage\"},\"datePublished\":\"2017-02-17T07:00:46-03:00\",\"dateModified\":\"2017-02-16T17:22:04-03:00\"},{\"@type\":\"WebSite\",\"@id\":\"https:\\\/\\\/anoticiaonline.com.br\\\/site\\\/#website\",\"url\":\"https:\\\/\\\/anoticiaonline.com.br\\\/site\\\/\",\"name\":\"A Not\\u00edcia Online\",\"description\":\"Noticias de Muria\\u00e9 e regi\\u00e3o\",\"inLanguage\":\"pt-BR\",\"publisher\":{\"@id\":\"https:\\\/\\\/anoticiaonline.com.br\\\/site\\\/#organization\"}}]}\n\t\t<\/script>\n\t\t<!-- All in One SEO -->\n\n","aioseo_head_json":{"title":"Ronaldo Alvarenga \u00e9 empossado oficialmente presidente do Sindicato dos Servidores P\u00fablico de Muria\u00e9 e Regi\u00e3o - A Not\u00edcia Online","description":"Ronaldo Jos\u00e9 Gon\u00e7alves Alvarenga, juntamente com sua nova diretoria, foi empossado oficialmente presidente do Sindicato dos Servidores P\u00fablico de Muria\u00e9 e Regi\u00e3o para o quinqu\u00eanio 2017\/2021. A solenidade de posse aconteceu na noite de s\u00e1bado (11), na sede do sindicato, e contou com a presen\u00e7a de autoridades, como o prefeito de Muria\u00e9, Grego, o vice-prefeito,","canonical_url":"https:\/\/anoticiaonline.com.br\/site\/ronaldo-alvarenga-e-empossado-oficialmente-presidente-do-sindicato-dos-servidores-publico-de-muriae-e-regiao\/","robots":"max-image-preview:large","keywords":"","webmasterTools":{"miscellaneous":""},"schema":{"@context":"https:\/\/schema.org","@graph":[{"@type":"BlogPosting","@id":"https:\/\/anoticiaonline.com.br\/site\/ronaldo-alvarenga-e-empossado-oficialmente-presidente-do-sindicato-dos-servidores-publico-de-muriae-e-regiao\/#blogposting","name":"Ronaldo Alvarenga \u00e9 empossado oficialmente presidente do Sindicato dos Servidores P\u00fablico de Muria\u00e9 e Regi\u00e3o - A Not\u00edcia Online","headline":"Ronaldo Alvarenga \u00e9 empossado oficialmente presidente do Sindicato dos Servidores P\u00fablico de Muria\u00e9 e Regi\u00e3o","author":{"@id":"https:\/\/anoticiaonline.com.br\/site\/author\/juliana\/#author"},"publisher":{"@id":"https:\/\/anoticiaonline.com.br\/site\/#organization"},"image":{"@type":"ImageObject","url":"https:\/\/anoticiaonline.com.br\/site\/wp-content\/uploads\/2017\/02\/DSC_0089.jpg","width":640,"height":402},"datePublished":"2017-02-17T07:00:46-03:00","dateModified":"2017-02-16T17:22:04-03:00","inLanguage":"pt-BR","mainEntityOfPage":{"@id":"https:\/\/anoticiaonline.com.br\/site\/ronaldo-alvarenga-e-empossado-oficialmente-presidente-do-sindicato-dos-servidores-publico-de-muriae-e-regiao\/#webpage"},"isPartOf":{"@id":"https:\/\/anoticiaonline.com.br\/site\/ronaldo-alvarenga-e-empossado-oficialmente-presidente-do-sindicato-dos-servidores-publico-de-muriae-e-regiao\/#webpage"},"articleSection":"Eventos"},{"@type":"BreadcrumbList","@id":"https:\/\/anoticiaonline.com.br\/site\/ronaldo-alvarenga-e-empossado-oficialmente-presidente-do-sindicato-dos-servidores-publico-de-muriae-e-regiao\/#breadcrumblist","itemListElement":[{"@type":"ListItem","@id":"https:\/\/anoticiaonline.com.br\/site#listItem","position":1,"name":"Home","item":"https:\/\/anoticiaonline.com.br\/site","nextItem":{"@type":"ListItem","@id":"https:\/\/anoticiaonline.com.br\/site\/categoria\/eventos\/#listItem","name":"Eventos"}},{"@type":"ListItem","@id":"https:\/\/anoticiaonline.com.br\/site\/categoria\/eventos\/#listItem","position":2,"name":"Eventos","item":"https:\/\/anoticiaonline.com.br\/site\/categoria\/eventos\/","nextItem":{"@type":"ListItem","@id":"https:\/\/anoticiaonline.com.br\/site\/ronaldo-alvarenga-e-empossado-oficialmente-presidente-do-sindicato-dos-servidores-publico-de-muriae-e-regiao\/#listItem","name":"Ronaldo Alvarenga \u00e9 empossado oficialmente presidente do Sindicato dos Servidores P\u00fablico de Muria\u00e9 e Regi\u00e3o"},"previousItem":{"@type":"ListItem","@id":"https:\/\/anoticiaonline.com.br\/site#listItem","name":"Home"}},{"@type":"ListItem","@id":"https:\/\/anoticiaonline.com.br\/site\/ronaldo-alvarenga-e-empossado-oficialmente-presidente-do-sindicato-dos-servidores-publico-de-muriae-e-regiao\/#listItem","position":3,"name":"Ronaldo Alvarenga \u00e9 empossado oficialmente presidente do Sindicato dos Servidores P\u00fablico de Muria\u00e9 e Regi\u00e3o","previousItem":{"@type":"ListItem","@id":"https:\/\/anoticiaonline.com.br\/site\/categoria\/eventos\/#listItem","name":"Eventos"}}]},{"@type":"Organization","@id":"https:\/\/anoticiaonline.com.br\/site\/#organization","name":"A Not\u00edcia Online","description":"Noticias de Muria\u00e9 e regi\u00e3o","url":"https:\/\/anoticiaonline.com.br\/site\/","logo":{"@type":"ImageObject","url":"https:\/\/scontent-gig4-1.xx.fbcdn.net\/v\/t39.30808-1\/270437624_4564083193639691_6907940295614233970_n.jpg?stp=dst-jpg_s200x200_tt6&_nc_cat=111&ccb=1-7&_nc_sid=f907e8&_nc_ohc=SM1wRlP3lJwQ7kNvwEPuBYA&_nc_oc=AdnqrjDN_BNjSSHWO-GbkIWH6fkGMLw4bqvL_NH6e2wMveX7G-rP2dAqsDSq1mJMOaY&_nc_zt=24&_nc_ht=scontent-gig4-1.xx&_nc_gid=AoBFJeGrT1hVaew_6rchkQ&oh=00_AfX7QmFGhQhG2jAllVgXCiM1ZrWgvtp80-Bfppyexh1QEg&oe=689E923C","@id":"https:\/\/anoticiaonline.com.br\/site\/ronaldo-alvarenga-e-empossado-oficialmente-presidente-do-sindicato-dos-servidores-publico-de-muriae-e-regiao\/#organizationLogo"},"image":{"@id":"https:\/\/anoticiaonline.com.br\/site\/ronaldo-alvarenga-e-empossado-oficialmente-presidente-do-sindicato-dos-servidores-publico-de-muriae-e-regiao\/#organizationLogo"}},{"@type":"Person","@id":"https:\/\/anoticiaonline.com.br\/site\/author\/juliana\/#author","url":"https:\/\/anoticiaonline.com.br\/site\/author\/juliana\/","name":"Juliana Laviola","image":{"@type":"ImageObject","@id":"https:\/\/anoticiaonline.com.br\/site\/ronaldo-alvarenga-e-empossado-oficialmente-presidente-do-sindicato-dos-servidores-publico-de-muriae-e-regiao\/#authorImage","url":"https:\/\/secure.gravatar.com\/avatar\/b8d45f5c699b100dfaf0e543582f38f38bf94cb7ae3a5e9abf8d891a34773335?s=96&d=mm&r=g","width":96,"height":96,"caption":"Juliana Laviola"}},{"@type":"WebPage","@id":"https:\/\/anoticiaonline.com.br\/site\/ronaldo-alvarenga-e-empossado-oficialmente-presidente-do-sindicato-dos-servidores-publico-de-muriae-e-regiao\/#webpage","url":"https:\/\/anoticiaonline.com.br\/site\/ronaldo-alvarenga-e-empossado-oficialmente-presidente-do-sindicato-dos-servidores-publico-de-muriae-e-regiao\/","name":"Ronaldo Alvarenga \u00e9 empossado oficialmente presidente do Sindicato dos Servidores P\u00fablico de Muria\u00e9 e Regi\u00e3o - A Not\u00edcia Online","description":"Ronaldo Jos\u00e9 Gon\u00e7alves Alvarenga, juntamente com sua nova diretoria, foi empossado oficialmente presidente do Sindicato dos Servidores P\u00fablico de Muria\u00e9 e Regi\u00e3o para o quinqu\u00eanio 2017\/2021. A solenidade de posse aconteceu na noite de s\u00e1bado (11), na sede do sindicato, e contou com a presen\u00e7a de autoridades, como o prefeito de Muria\u00e9, Grego, o vice-prefeito,","inLanguage":"pt-BR","isPartOf":{"@id":"https:\/\/anoticiaonline.com.br\/site\/#website"},"breadcrumb":{"@id":"https:\/\/anoticiaonline.com.br\/site\/ronaldo-alvarenga-e-empossado-oficialmente-presidente-do-sindicato-dos-servidores-publico-de-muriae-e-regiao\/#breadcrumblist"},"author":{"@id":"https:\/\/anoticiaonline.com.br\/site\/author\/juliana\/#author"},"creator":{"@id":"https:\/\/anoticiaonline.com.br\/site\/author\/juliana\/#author"},"image":{"@type":"ImageObject","url":"https:\/\/anoticiaonline.com.br\/site\/wp-content\/uploads\/2017\/02\/DSC_0089.jpg","@id":"https:\/\/anoticiaonline.com.br\/site\/ronaldo-alvarenga-e-empossado-oficialmente-presidente-do-sindicato-dos-servidores-publico-de-muriae-e-regiao\/#mainImage","width":640,"height":402},"primaryImageOfPage":{"@id":"https:\/\/anoticiaonline.com.br\/site\/ronaldo-alvarenga-e-empossado-oficialmente-presidente-do-sindicato-dos-servidores-publico-de-muriae-e-regiao\/#mainImage"},"datePublished":"2017-02-17T07:00:46-03:00","dateModified":"2017-02-16T17:22:04-03:00"},{"@type":"WebSite","@id":"https:\/\/anoticiaonline.com.br\/site\/#website","url":"https:\/\/anoticiaonline.com.br\/site\/","name":"A Not\u00edcia Online","description":"Noticias de Muria\u00e9 e regi\u00e3o","inLanguage":"pt-BR","publisher":{"@id":"https:\/\/anoticiaonline.com.br\/site\/#organization"}}]},"og:locale":"pt_BR","og:site_name":"A Not\u00edcia Online - Noticias de Muria\u00e9 e regi\u00e3o","og:type":"article","og:title":"Ronaldo Alvarenga \u00e9 empossado oficialmente presidente do Sindicato dos Servidores P\u00fablico de Muria\u00e9 e Regi\u00e3o - A Not\u00edcia Online","og:description":"Ronaldo Jos\u00e9 Gon\u00e7alves Alvarenga, juntamente com sua nova diretoria, foi empossado oficialmente presidente do Sindicato dos Servidores P\u00fablico de Muria\u00e9 e Regi\u00e3o para o quinqu\u00eanio 2017\/2021. A solenidade de posse aconteceu na noite de s\u00e1bado (11), na sede do sindicato, e contou com a presen\u00e7a de autoridades, como o prefeito de Muria\u00e9, Grego, o vice-prefeito,","og:url":"https:\/\/anoticiaonline.com.br\/site\/ronaldo-alvarenga-e-empossado-oficialmente-presidente-do-sindicato-dos-servidores-publico-de-muriae-e-regiao\/","og:image":"https:\/\/scontent-gig4-1.xx.fbcdn.net\/v\/t39.30808-1\/270437624_4564083193639691_6907940295614233970_n.jpg?stp=dst-jpg_s200x200_tt6&#038;_nc_cat=111&#038;ccb=1-7&#038;_nc_sid=f907e8&#038;_nc_ohc=SM1wRlP3lJwQ7kNvwEPuBYA&#038;_nc_oc=AdnqrjDN_BNjSSHWO-GbkIWH6fkGMLw4bqvL_NH6e2wMveX7G-rP2dAqsDSq1mJMOaY&#038;_nc_zt=24&#038;_nc_ht=scontent-gig4-1.xx&#038;_nc_gid=AoBFJeGrT1hVaew_6rchkQ&#038;oh=00_AfX7QmFGhQhG2jAllVgXCiM1ZrWgvtp80-Bfppyexh1QEg&#038;oe=689E923C","og:image:secure_url":"https:\/\/scontent-gig4-1.xx.fbcdn.net\/v\/t39.30808-1\/270437624_4564083193639691_6907940295614233970_n.jpg?stp=dst-jpg_s200x200_tt6&#038;_nc_cat=111&#038;ccb=1-7&#038;_nc_sid=f907e8&#038;_nc_ohc=SM1wRlP3lJwQ7kNvwEPuBYA&#038;_nc_oc=AdnqrjDN_BNjSSHWO-GbkIWH6fkGMLw4bqvL_NH6e2wMveX7G-rP2dAqsDSq1mJMOaY&#038;_nc_zt=24&#038;_nc_ht=scontent-gig4-1.xx&#038;_nc_gid=AoBFJeGrT1hVaew_6rchkQ&#038;oh=00_AfX7QmFGhQhG2jAllVgXCiM1ZrWgvtp80-Bfppyexh1QEg&#038;oe=689E923C","article:published_time":"2017-02-17T10:00:46+00:00","article:modified_time":"2017-02-16T20:22:04+00:00","twitter:card":"summary_large_image","twitter:title":"Ronaldo Alvarenga \u00e9 empossado oficialmente presidente do Sindicato dos Servidores P\u00fablico de Muria\u00e9 e Regi\u00e3o - A Not\u00edcia Online","twitter:description":"Ronaldo Jos\u00e9 Gon\u00e7alves Alvarenga, juntamente com sua nova diretoria, foi empossado oficialmente presidente do Sindicato dos Servidores P\u00fablico de Muria\u00e9 e Regi\u00e3o para o quinqu\u00eanio 2017\/2021. A solenidade de posse aconteceu na noite de s\u00e1bado (11), na sede do sindicato, e contou com a presen\u00e7a de autoridades, como o prefeito de Muria\u00e9, Grego, o vice-prefeito,","twitter:image":"https:\/\/scontent-gig4-1.xx.fbcdn.net\/v\/t39.30808-1\/270437624_4564083193639691_6907940295614233970_n.jpg?stp=dst-jpg_s200x200_tt6&_nc_cat=111&ccb=1-7&_nc_sid=f907e8&_nc_ohc=SM1wRlP3lJwQ7kNvwEPuBYA&_nc_oc=AdnqrjDN_BNjSSHWO-GbkIWH6fkGMLw4bqvL_NH6e2wMveX7G-rP2dAqsDSq1mJMOaY&_nc_zt=24&_nc_ht=scontent-gig4-1.xx&_nc_gid=AoBFJeGrT1hVaew_6rchkQ&oh=00_AfX7QmFGhQhG2jAllVgXCiM1ZrWgvtp80-Bfppyexh1QEg&oe=689E923C"},"aioseo_meta_data":{"post_id":"24623","title":null,"description":null,"keywords":null,"keyphrases":null,"primary_term":null,"canonical_url":null,"og_title":null,"og_description":null,"og_object_type":"default","og_image_type":"default","og_image_url":null,"og_image_width":null,"og_image_height":null,"og_image_custom_url":null,"og_image_custom_fields":null,"og_video":null,"og_custom_url":null,"og_article_section":null,"og_article_tags":null,"twitter_use_og":false,"twitter_card":"default","twitter_image_type":"default","twitter_image_url":null,"twitter_image_custom_url":null,"twitter_image_custom_fields":null,"twitter_title":null,"twitter_description":null,"schema":{"blockGraphs":[],"customGraphs":[],"default":{"data":{"Article":[],"Course":[],"Dataset":[],"FAQPage":[],"Movie":[],"Person":[],"Product":[],"ProductReview":[],"Car":[],"Recipe":[],"Service":[],"SoftwareApplication":[],"WebPage":[]},"graphName":"","isEnabled":true},"graphs":[]},"schema_type":"default","schema_type_options":null,"pillar_content":false,"robots_default":true,"robots_noindex":false,"robots_noarchive":false,"robots_nosnippet":false,"robots_nofollow":false,"robots_noimageindex":false,"robots_noodp":false,"robots_notranslate":false,"robots_max_snippet":null,"robots_max_videopreview":null,"robots_max_imagepreview":"large","priority":null,"frequency":null,"local_seo":null,"breadcrumb_settings":null,"limit_modified_date":false,"ai":null,"created":"2025-08-16 17:44:28","updated":"2025-08-16 17:44:28","focus_keyword":null,"additional_keywords":null,"truseo_locale":null,"seo_analyzer_scan_date":null},"aioseo_breadcrumb":"<div class=\"aioseo-breadcrumbs\"><span class=\"aioseo-breadcrumb\">\n\t\t\t<a href=\"https:\/\/anoticiaonline.com.br\/site\" title=\"Home\">Home<\/a>\n\t\t<\/span><span class=\"aioseo-breadcrumb-separator\">&raquo;<\/span><span class=\"aioseo-breadcrumb\">\n\t\t\t<a href=\"https:\/\/anoticiaonline.com.br\/site\/categoria\/eventos\/\" title=\"Eventos\">Eventos<\/a>\n\t\t<\/span><span class=\"aioseo-breadcrumb-separator\">&raquo;<\/span><span class=\"aioseo-breadcrumb\">\n\t\t\tRonaldo Alvarenga \u00e9 empossado oficialmente presidente do Sindicato dos Servidores P\u00fablico de Muria\u00e9 e Regi\u00e3o\n\t\t<\/span><\/div>","aioseo_breadcrumb_json":[{"label":"Home","link":"https:\/\/anoticiaonline.com.br\/site"},{"label":"Eventos","link":"https:\/\/anoticiaonline.com.br\/site\/categoria\/eventos\/"},{"label":"Ronaldo Alvarenga \u00e9 empossado oficialmente presidente do Sindicato dos Servidores P\u00fablico de Muria\u00e9 e Regi\u00e3o","link":"https:\/\/anoticiaonline.com.br\/site\/ronaldo-alvarenga-e-empossado-oficialmente-presidente-do-sindicato-dos-servidores-publico-de-muriae-e-regiao\/"}],"views":199,"_links":{"self":[{"href":"https:\/\/anoticiaonline.com.br\/site\/wp-json\/wp\/v2\/posts\/24623","targetHints":{"allow":["GET"]}}],"collection":[{"href":"https:\/\/anoticiaonline.com.br\/site\/wp-json\/wp\/v2\/posts"}],"about":[{"href":"https:\/\/anoticiaonline.com.br\/site\/wp-json\/wp\/v2\/types\/post"}],"author":[{"embeddable":true,"href":"https:\/\/anoticiaonline.com.br\/site\/wp-json\/wp\/v2\/users\/2"}],"replies":[{"embeddable":true,"href":"https:\/\/anoticiaonline.com.br\/site\/wp-json\/wp\/v2\/comments?post=24623"}],"version-history":[{"count":0,"href":"https:\/\/anoticiaonline.com.br\/site\/wp-json\/wp\/v2\/posts\/24623\/revisions"}],"wp:featuredmedia":[{"embeddable":true,"href":"https:\/\/anoticiaonline.com.br\/site\/wp-json\/wp\/v2\/media\/24624"}],"wp:attachment":[{"href":"https:\/\/anoticiaonline.com.br\/site\/wp-json\/wp\/v2\/media?parent=24623"}],"wp:term":[{"taxonomy":"category","embeddable":true,"href":"https:\/\/anoticiaonline.com.br\/site\/wp-json\/wp\/v2\/categories?post=24623"},{"taxonomy":"post_tag","embeddable":true,"href":"https:\/\/anoticiaonline.com.br\/site\/wp-json\/wp\/v2\/tags?post=24623"}],"curies":[{"name":"wp","href":"https:\/\/api.w.org\/{rel}","templated":true}]}}