{"id":24433,"date":"2017-02-15T15:35:25","date_gmt":"2017-02-15T18:35:25","guid":{"rendered":"http:\/\/anoticiaonline.com.br\/site\/?p=24433"},"modified":"2017-02-16T15:47:48","modified_gmt":"2017-02-16T18:47:48","slug":"pre-carnaval-de-muriae-comeca-nesta-sexta-feira-e-prossegue-ate-domingo","status":"publish","type":"post","link":"https:\/\/anoticiaonline.com.br\/site\/pre-carnaval-de-muriae-comeca-nesta-sexta-feira-e-prossegue-ate-domingo\/","title":{"rendered":"Pr\u00e9-carnaval de Muria\u00e9 come\u00e7a nesta sexta-feira e prossegue at\u00e9 domingo"},"content":{"rendered":"<figure id=\"attachment_24434\" aria-describedby=\"caption-attachment-24434\" style=\"width: 290px\" class=\"wp-caption alignleft\"><a href=\"https:\/\/anoticiaonline.com.br\/site\/wp-content\/uploads\/2017\/02\/Pr\u00e9-carnaval-de-Muria\u00e9-acontece-neste-final-de-semana.jpg\"><img fetchpriority=\"high\" decoding=\"async\" class=\"size-medium wp-image-24434\" src=\"https:\/\/anoticiaonline.com.br\/site\/wp-content\/uploads\/2017\/02\/Pr\u00e9-carnaval-de-Muria\u00e9-acontece-neste-final-de-semana-300x235.jpg\" alt=\"Programa\u00e7\u00e3o foi apresentada durante entrevista coletiva, realizada na ter\u00e7a-feira (14), no Teatro Zaccaria Marques \" width=\"300\" height=\"235\" srcset=\"https:\/\/anoticiaonline.com.br\/site\/wp-content\/uploads\/2017\/02\/Pr\u00e9-carnaval-de-Muria\u00e9-acontece-neste-final-de-semana-300x235.jpg 300w, https:\/\/anoticiaonline.com.br\/site\/wp-content\/uploads\/2017\/02\/Pr\u00e9-carnaval-de-Muria\u00e9-acontece-neste-final-de-semana.jpg 640w\" sizes=\"(max-width: 300px) 100vw, 300px\" \/><\/a><figcaption id=\"caption-attachment-24434\" class=\"wp-caption-text\">Programa\u00e7\u00e3o foi apresentada durante entrevista coletiva, realizada na ter\u00e7a-feira (14), no Teatro Zaccaria Marques<\/figcaption><\/figure>\n<p>O pr\u00e9-carnaval de Muria\u00e9 acontecer\u00e1 neste final de semana, entre sexta-feira (17) e domingo (19). Com o tema \u201cEsquenta Muria\u00e9!\u201d, a folia ser\u00e1 realizada na Pra\u00e7a Jo\u00e3o Pinheiro.<\/p>\n<p>Os desfiles das escolas de samba ser\u00e3o na sexta e no s\u00e1bado. A programa\u00e7\u00e3o inclui ainda apresenta\u00e7\u00e3o de bandas, como Marofagy e Lance Legal. No \u00faltimo dia da festa ser\u00e1 realizada uma matin\u00ea infantil.<\/p>\n<p>Ser\u00e1 montada ainda uma estrutura com ilumina\u00e7\u00e3o especial para os desfiles das escolas de samba.<\/p>\n<p><strong>PROGRAMA\u00c7\u00c3O:<\/strong><br \/>\n<strong>Sexta-feira (17):<\/strong><br \/>\n17h &#8211; Baile da 3\u00aa Idade, no Coreto, e apresenta\u00e7\u00e3o da Banda Sociedade Musical Uni\u00e3o dos Artistas<br \/>\n18h &#8211; Bloco do Bebinha, do bairro S\u00e3o Francisco (concentra\u00e7\u00e3o na Rua Dr. Rodrigo de Castro)<br \/>\n20h &#8211; Abertura oficial no palco central, que ser\u00e1 montado na Pra\u00e7a Jo\u00e3o Pinheiro, com apresenta\u00e7\u00e3o da Rainha do Carnaval 2017<br \/>\n21h \u2013 Desfile do Marambloco<br \/>\n22h &#8211; Desfile do Unidos do S\u00e3o Joaquim<br \/>\n23h &#8211; Desfile do Canarinhos do Samba<br \/>\n0h \u2013 Show da Banda\u00a0 Marofagy<\/p>\n<p><strong>S\u00e1bado (18):<\/strong><br \/>\n14h \u2013 Desfile do Bloco Mangua\u00e7a (concentra\u00e7\u00e3o na Avenida Dr. Passos, 295, at\u00e9 a Pra\u00e7a Coronel Pacheco de Medeiros &#8211; Deck)<br \/>\n21h &#8211; Desfile da Escola de Samba Unidos do Santa Terezinha<br \/>\n22h &#8211; Desfile do Bloco do Papagaio<br \/>\n0h \u2013 Show da Banda Lance Legal<\/p>\n<p><strong>Domingo (19):<\/strong><br \/>\n15h &#8211; Concentra\u00e7\u00e3o do Bloco Samba Cana na Pra\u00e7a S\u00e3o Paulo<br \/>\n16h30min &#8211; Matin\u00ea de carnaval das crian\u00e7as na Pra\u00e7a Jo\u00e3o Pinheiro<br \/>\nMarchinhas de carnaval com a Banda Sociedade Musical Uni\u00e3o dos Artistas<br \/>\nPremia\u00e7\u00e3o das fantasias mais originais (1\u00b0, 2\u00b0 e 3\u00b0 lugares)<br \/>\n20h &#8211; Encerramento<\/p>\n","protected":false},"excerpt":{"rendered":"<p>O pr\u00e9-carnaval de Muria\u00e9 acontecer\u00e1 neste final de semana, entre sexta-feira (17) e domingo (19). Com o tema \u201cEsquenta Muria\u00e9!\u201d, a folia ser\u00e1 realizada na Pra\u00e7a Jo\u00e3o Pinheiro. Os desfiles das escolas de samba ser\u00e3o na sexta e no s\u00e1bado. A programa\u00e7\u00e3o inclui ainda apresenta\u00e7\u00e3o de bandas, como Marofagy e Lance Legal. No \u00faltimo dia &#8230; <a title=\"Pr\u00e9-carnaval de Muria\u00e9 come\u00e7a nesta sexta-feira e prossegue at\u00e9 domingo\" class=\"read-more\" href=\"https:\/\/anoticiaonline.com.br\/site\/pre-carnaval-de-muriae-comeca-nesta-sexta-feira-e-prossegue-ate-domingo\/\" aria-label=\"Read more about Pr\u00e9-carnaval de Muria\u00e9 come\u00e7a nesta sexta-feira e prossegue at\u00e9 domingo\">Ler mais<\/a><\/p>\n","protected":false},"author":2,"featured_media":24434,"comment_status":"open","ping_status":"open","sticky":false,"template":"","format":"standard","meta":{"_acf_changed":false,"_monsterinsights_skip_tracking":false,"footnotes":""},"categories":[30],"tags":[3],"class_list":["post-24433","post","type-post","status-publish","format-standard","has-post-thumbnail","hentry","category-muriae","tag-slide"],"acf":[],"aioseo_notices":[],"aioseo_head":"\n\t\t<!-- All in One SEO 5.0.0.1 - aioseo.com -->\n\t<meta name=\"description\" content=\"O pr\u00e9-carnaval de Muria\u00e9 acontecer\u00e1 neste final de semana, entre sexta-feira (17) e domingo (19). Com o tema \u201cEsquenta Muria\u00e9!\u201d, a folia ser\u00e1 realizada na Pra\u00e7a Jo\u00e3o Pinheiro. Os desfiles das escolas de samba ser\u00e3o na sexta e no s\u00e1bado. A programa\u00e7\u00e3o inclui ainda apresenta\u00e7\u00e3o de bandas, como Marofagy e Lance Legal. No \u00faltimo dia\" \/>\n\t<meta name=\"robots\" content=\"max-image-preview:large\" \/>\n\t<meta name=\"author\" content=\"Juliana Laviola\"\/>\n\t<link rel=\"canonical\" href=\"https:\/\/anoticiaonline.com.br\/site\/pre-carnaval-de-muriae-comeca-nesta-sexta-feira-e-prossegue-ate-domingo\/\" \/>\n\t<meta name=\"generator\" content=\"All in One SEO (AIOSEO) 5.0.0.1\" \/>\n\t\t<meta property=\"og:locale\" content=\"pt_BR\" \/>\n\t\t<meta property=\"og:site_name\" content=\"A Not\u00edcia Online - Noticias de Muria\u00e9 e regi\u00e3o\" \/>\n\t\t<meta property=\"og:type\" content=\"article\" \/>\n\t\t<meta property=\"og:title\" content=\"Pr\u00e9-carnaval de Muria\u00e9 come\u00e7a nesta sexta-feira e prossegue at\u00e9 domingo - A Not\u00edcia Online\" \/>\n\t\t<meta property=\"og:description\" content=\"O pr\u00e9-carnaval de Muria\u00e9 acontecer\u00e1 neste final de semana, entre sexta-feira (17) e domingo (19). Com o tema \u201cEsquenta Muria\u00e9!\u201d, a folia ser\u00e1 realizada na Pra\u00e7a Jo\u00e3o Pinheiro. Os desfiles das escolas de samba ser\u00e3o na sexta e no s\u00e1bado. A programa\u00e7\u00e3o inclui ainda apresenta\u00e7\u00e3o de bandas, como Marofagy e Lance Legal. No \u00faltimo dia\" \/>\n\t\t<meta property=\"og:url\" content=\"https:\/\/anoticiaonline.com.br\/site\/pre-carnaval-de-muriae-comeca-nesta-sexta-feira-e-prossegue-ate-domingo\/\" \/>\n\t\t<meta property=\"og:image\" content=\"https:\/\/scontent-gig4-1.xx.fbcdn.net\/v\/t39.30808-1\/270437624_4564083193639691_6907940295614233970_n.jpg?stp=dst-jpg_s200x200_tt6&#038;_nc_cat=111&#038;ccb=1-7&#038;_nc_sid=f907e8&#038;_nc_ohc=SM1wRlP3lJwQ7kNvwEPuBYA&#038;_nc_oc=AdnqrjDN_BNjSSHWO-GbkIWH6fkGMLw4bqvL_NH6e2wMveX7G-rP2dAqsDSq1mJMOaY&#038;_nc_zt=24&#038;_nc_ht=scontent-gig4-1.xx&#038;_nc_gid=AoBFJeGrT1hVaew_6rchkQ&#038;oh=00_AfX7QmFGhQhG2jAllVgXCiM1ZrWgvtp80-Bfppyexh1QEg&#038;oe=689E923C\" \/>\n\t\t<meta property=\"og:image:secure_url\" content=\"https:\/\/scontent-gig4-1.xx.fbcdn.net\/v\/t39.30808-1\/270437624_4564083193639691_6907940295614233970_n.jpg?stp=dst-jpg_s200x200_tt6&#038;_nc_cat=111&#038;ccb=1-7&#038;_nc_sid=f907e8&#038;_nc_ohc=SM1wRlP3lJwQ7kNvwEPuBYA&#038;_nc_oc=AdnqrjDN_BNjSSHWO-GbkIWH6fkGMLw4bqvL_NH6e2wMveX7G-rP2dAqsDSq1mJMOaY&#038;_nc_zt=24&#038;_nc_ht=scontent-gig4-1.xx&#038;_nc_gid=AoBFJeGrT1hVaew_6rchkQ&#038;oh=00_AfX7QmFGhQhG2jAllVgXCiM1ZrWgvtp80-Bfppyexh1QEg&#038;oe=689E923C\" \/>\n\t\t<meta property=\"article:published_time\" content=\"2017-02-15T18:35:25+00:00\" \/>\n\t\t<meta property=\"article:modified_time\" content=\"2017-02-16T18:47:48+00:00\" \/>\n\t\t<meta name=\"twitter:card\" content=\"summary_large_image\" \/>\n\t\t<meta name=\"twitter:title\" content=\"Pr\u00e9-carnaval de Muria\u00e9 come\u00e7a nesta sexta-feira e prossegue at\u00e9 domingo - A Not\u00edcia Online\" \/>\n\t\t<meta name=\"twitter:description\" content=\"O pr\u00e9-carnaval de Muria\u00e9 acontecer\u00e1 neste final de semana, entre sexta-feira (17) e domingo (19). Com o tema \u201cEsquenta Muria\u00e9!\u201d, a folia ser\u00e1 realizada na Pra\u00e7a Jo\u00e3o Pinheiro. Os desfiles das escolas de samba ser\u00e3o na sexta e no s\u00e1bado. A programa\u00e7\u00e3o inclui ainda apresenta\u00e7\u00e3o de bandas, como Marofagy e Lance Legal. No \u00faltimo dia\" \/>\n\t\t<meta name=\"twitter:image\" content=\"https:\/\/scontent-gig4-1.xx.fbcdn.net\/v\/t39.30808-1\/270437624_4564083193639691_6907940295614233970_n.jpg?stp=dst-jpg_s200x200_tt6&amp;_nc_cat=111&amp;ccb=1-7&amp;_nc_sid=f907e8&amp;_nc_ohc=SM1wRlP3lJwQ7kNvwEPuBYA&amp;_nc_oc=AdnqrjDN_BNjSSHWO-GbkIWH6fkGMLw4bqvL_NH6e2wMveX7G-rP2dAqsDSq1mJMOaY&amp;_nc_zt=24&amp;_nc_ht=scontent-gig4-1.xx&amp;_nc_gid=AoBFJeGrT1hVaew_6rchkQ&amp;oh=00_AfX7QmFGhQhG2jAllVgXCiM1ZrWgvtp80-Bfppyexh1QEg&amp;oe=689E923C\" \/>\n\t\t<script type=\"application\/ld+json\" class=\"aioseo-schema\">\n\t\t\t{\"@context\":\"https:\\\/\\\/schema.org\",\"@graph\":[{\"@type\":\"BlogPosting\",\"@id\":\"https:\\\/\\\/anoticiaonline.com.br\\\/site\\\/pre-carnaval-de-muriae-comeca-nesta-sexta-feira-e-prossegue-ate-domingo\\\/#blogposting\",\"name\":\"Pr\\u00e9-carnaval de Muria\\u00e9 come\\u00e7a nesta sexta-feira e prossegue at\\u00e9 domingo - A Not\\u00edcia Online\",\"headline\":\"Pr\\u00e9-carnaval de Muria\\u00e9 come\\u00e7a nesta sexta-feira e prossegue at\\u00e9 domingo\",\"author\":{\"@id\":\"https:\\\/\\\/anoticiaonline.com.br\\\/site\\\/author\\\/juliana\\\/#author\"},\"publisher\":{\"@id\":\"https:\\\/\\\/anoticiaonline.com.br\\\/site\\\/#organization\"},\"image\":{\"@type\":\"ImageObject\",\"url\":\"https:\\\/\\\/anoticiaonline.com.br\\\/site\\\/wp-content\\\/uploads\\\/2017\\\/02\\\/Pr\\u00e9-carnaval-de-Muria\\u00e9-acontece-neste-final-de-semana.jpg\",\"width\":640,\"height\":501,\"caption\":\"Programa\\u00e7\\u00e3o foi apresentada durante entrevista coletiva, realizada na ter\\u00e7a-feira (14), no Teatro Zaccaria Marques\"},\"datePublished\":\"2017-02-15T15:35:25-03:00\",\"dateModified\":\"2017-02-16T15:47:48-03:00\",\"inLanguage\":\"pt-BR\",\"mainEntityOfPage\":{\"@id\":\"https:\\\/\\\/anoticiaonline.com.br\\\/site\\\/pre-carnaval-de-muriae-comeca-nesta-sexta-feira-e-prossegue-ate-domingo\\\/#webpage\"},\"isPartOf\":{\"@id\":\"https:\\\/\\\/anoticiaonline.com.br\\\/site\\\/pre-carnaval-de-muriae-comeca-nesta-sexta-feira-e-prossegue-ate-domingo\\\/#webpage\"},\"articleSection\":\"Blog, slide\"},{\"@type\":\"BreadcrumbList\",\"@id\":\"https:\\\/\\\/anoticiaonline.com.br\\\/site\\\/pre-carnaval-de-muriae-comeca-nesta-sexta-feira-e-prossegue-ate-domingo\\\/#breadcrumblist\",\"itemListElement\":[{\"@type\":\"ListItem\",\"@id\":\"https:\\\/\\\/anoticiaonline.com.br\\\/site#listItem\",\"position\":1,\"name\":\"Home\",\"item\":\"https:\\\/\\\/anoticiaonline.com.br\\\/site\",\"nextItem\":{\"@type\":\"ListItem\",\"@id\":\"https:\\\/\\\/anoticiaonline.com.br\\\/site\\\/categoria\\\/muriae\\\/#listItem\",\"name\":\"Blog\"}},{\"@type\":\"ListItem\",\"@id\":\"https:\\\/\\\/anoticiaonline.com.br\\\/site\\\/categoria\\\/muriae\\\/#listItem\",\"position\":2,\"name\":\"Blog\",\"item\":\"https:\\\/\\\/anoticiaonline.com.br\\\/site\\\/categoria\\\/muriae\\\/\",\"nextItem\":{\"@type\":\"ListItem\",\"@id\":\"https:\\\/\\\/anoticiaonline.com.br\\\/site\\\/pre-carnaval-de-muriae-comeca-nesta-sexta-feira-e-prossegue-ate-domingo\\\/#listItem\",\"name\":\"Pr\\u00e9-carnaval de Muria\\u00e9 come\\u00e7a nesta sexta-feira e prossegue at\\u00e9 domingo\"},\"previousItem\":{\"@type\":\"ListItem\",\"@id\":\"https:\\\/\\\/anoticiaonline.com.br\\\/site#listItem\",\"name\":\"Home\"}},{\"@type\":\"ListItem\",\"@id\":\"https:\\\/\\\/anoticiaonline.com.br\\\/site\\\/pre-carnaval-de-muriae-comeca-nesta-sexta-feira-e-prossegue-ate-domingo\\\/#listItem\",\"position\":3,\"name\":\"Pr\\u00e9-carnaval de Muria\\u00e9 come\\u00e7a nesta sexta-feira e prossegue at\\u00e9 domingo\",\"previousItem\":{\"@type\":\"ListItem\",\"@id\":\"https:\\\/\\\/anoticiaonline.com.br\\\/site\\\/categoria\\\/muriae\\\/#listItem\",\"name\":\"Blog\"}}]},{\"@type\":\"Organization\",\"@id\":\"https:\\\/\\\/anoticiaonline.com.br\\\/site\\\/#organization\",\"name\":\"A Not\\u00edcia Online\",\"description\":\"Noticias de Muria\\u00e9 e regi\\u00e3o\",\"url\":\"https:\\\/\\\/anoticiaonline.com.br\\\/site\\\/\",\"logo\":{\"@type\":\"ImageObject\",\"url\":\"https:\\\/\\\/scontent-gig4-1.xx.fbcdn.net\\\/v\\\/t39.30808-1\\\/270437624_4564083193639691_6907940295614233970_n.jpg?stp=dst-jpg_s200x200_tt6&_nc_cat=111&ccb=1-7&_nc_sid=f907e8&_nc_ohc=SM1wRlP3lJwQ7kNvwEPuBYA&_nc_oc=AdnqrjDN_BNjSSHWO-GbkIWH6fkGMLw4bqvL_NH6e2wMveX7G-rP2dAqsDSq1mJMOaY&_nc_zt=24&_nc_ht=scontent-gig4-1.xx&_nc_gid=AoBFJeGrT1hVaew_6rchkQ&oh=00_AfX7QmFGhQhG2jAllVgXCiM1ZrWgvtp80-Bfppyexh1QEg&oe=689E923C\",\"@id\":\"https:\\\/\\\/anoticiaonline.com.br\\\/site\\\/pre-carnaval-de-muriae-comeca-nesta-sexta-feira-e-prossegue-ate-domingo\\\/#organizationLogo\"},\"image\":{\"@id\":\"https:\\\/\\\/anoticiaonline.com.br\\\/site\\\/pre-carnaval-de-muriae-comeca-nesta-sexta-feira-e-prossegue-ate-domingo\\\/#organizationLogo\"}},{\"@type\":\"Person\",\"@id\":\"https:\\\/\\\/anoticiaonline.com.br\\\/site\\\/author\\\/juliana\\\/#author\",\"url\":\"https:\\\/\\\/anoticiaonline.com.br\\\/site\\\/author\\\/juliana\\\/\",\"name\":\"Juliana Laviola\",\"image\":{\"@type\":\"ImageObject\",\"@id\":\"https:\\\/\\\/anoticiaonline.com.br\\\/site\\\/pre-carnaval-de-muriae-comeca-nesta-sexta-feira-e-prossegue-ate-domingo\\\/#authorImage\",\"url\":\"https:\\\/\\\/secure.gravatar.com\\\/avatar\\\/b8d45f5c699b100dfaf0e543582f38f38bf94cb7ae3a5e9abf8d891a34773335?s=96&d=mm&r=g\",\"width\":96,\"height\":96,\"caption\":\"Juliana Laviola\"}},{\"@type\":\"WebPage\",\"@id\":\"https:\\\/\\\/anoticiaonline.com.br\\\/site\\\/pre-carnaval-de-muriae-comeca-nesta-sexta-feira-e-prossegue-ate-domingo\\\/#webpage\",\"url\":\"https:\\\/\\\/anoticiaonline.com.br\\\/site\\\/pre-carnaval-de-muriae-comeca-nesta-sexta-feira-e-prossegue-ate-domingo\\\/\",\"name\":\"Pr\\u00e9-carnaval de Muria\\u00e9 come\\u00e7a nesta sexta-feira e prossegue at\\u00e9 domingo - A Not\\u00edcia Online\",\"description\":\"O pr\\u00e9-carnaval de Muria\\u00e9 acontecer\\u00e1 neste final de semana, entre sexta-feira (17) e domingo (19). Com o tema \\u201cEsquenta Muria\\u00e9!\\u201d, a folia ser\\u00e1 realizada na Pra\\u00e7a Jo\\u00e3o Pinheiro. Os desfiles das escolas de samba ser\\u00e3o na sexta e no s\\u00e1bado. A programa\\u00e7\\u00e3o inclui ainda apresenta\\u00e7\\u00e3o de bandas, como Marofagy e Lance Legal. No \\u00faltimo dia\",\"inLanguage\":\"pt-BR\",\"isPartOf\":{\"@id\":\"https:\\\/\\\/anoticiaonline.com.br\\\/site\\\/#website\"},\"breadcrumb\":{\"@id\":\"https:\\\/\\\/anoticiaonline.com.br\\\/site\\\/pre-carnaval-de-muriae-comeca-nesta-sexta-feira-e-prossegue-ate-domingo\\\/#breadcrumblist\"},\"author\":{\"@id\":\"https:\\\/\\\/anoticiaonline.com.br\\\/site\\\/author\\\/juliana\\\/#author\"},\"creator\":{\"@id\":\"https:\\\/\\\/anoticiaonline.com.br\\\/site\\\/author\\\/juliana\\\/#author\"},\"image\":{\"@type\":\"ImageObject\",\"url\":\"https:\\\/\\\/anoticiaonline.com.br\\\/site\\\/wp-content\\\/uploads\\\/2017\\\/02\\\/Pr\\u00e9-carnaval-de-Muria\\u00e9-acontece-neste-final-de-semana.jpg\",\"@id\":\"https:\\\/\\\/anoticiaonline.com.br\\\/site\\\/pre-carnaval-de-muriae-comeca-nesta-sexta-feira-e-prossegue-ate-domingo\\\/#mainImage\",\"width\":640,\"height\":501,\"caption\":\"Programa\\u00e7\\u00e3o foi apresentada durante entrevista coletiva, realizada na ter\\u00e7a-feira (14), no Teatro Zaccaria Marques\"},\"primaryImageOfPage\":{\"@id\":\"https:\\\/\\\/anoticiaonline.com.br\\\/site\\\/pre-carnaval-de-muriae-comeca-nesta-sexta-feira-e-prossegue-ate-domingo\\\/#mainImage\"},\"datePublished\":\"2017-02-15T15:35:25-03:00\",\"dateModified\":\"2017-02-16T15:47:48-03:00\"},{\"@type\":\"WebSite\",\"@id\":\"https:\\\/\\\/anoticiaonline.com.br\\\/site\\\/#website\",\"url\":\"https:\\\/\\\/anoticiaonline.com.br\\\/site\\\/\",\"name\":\"A Not\\u00edcia Online\",\"description\":\"Noticias de Muria\\u00e9 e regi\\u00e3o\",\"inLanguage\":\"pt-BR\",\"publisher\":{\"@id\":\"https:\\\/\\\/anoticiaonline.com.br\\\/site\\\/#organization\"}}]}\n\t\t<\/script>\n\t\t<!-- All in One SEO -->\n\n","aioseo_head_json":{"title":"Pr\u00e9-carnaval de Muria\u00e9 come\u00e7a nesta sexta-feira e prossegue at\u00e9 domingo - A Not\u00edcia Online","description":"O pr\u00e9-carnaval de Muria\u00e9 acontecer\u00e1 neste final de semana, entre sexta-feira (17) e domingo (19). Com o tema \u201cEsquenta Muria\u00e9!\u201d, a folia ser\u00e1 realizada na Pra\u00e7a Jo\u00e3o Pinheiro. Os desfiles das escolas de samba ser\u00e3o na sexta e no s\u00e1bado. A programa\u00e7\u00e3o inclui ainda apresenta\u00e7\u00e3o de bandas, como Marofagy e Lance Legal. No \u00faltimo dia","canonical_url":"https:\/\/anoticiaonline.com.br\/site\/pre-carnaval-de-muriae-comeca-nesta-sexta-feira-e-prossegue-ate-domingo\/","robots":"max-image-preview:large","keywords":"","webmasterTools":{"miscellaneous":""},"schema":{"@context":"https:\/\/schema.org","@graph":[{"@type":"BlogPosting","@id":"https:\/\/anoticiaonline.com.br\/site\/pre-carnaval-de-muriae-comeca-nesta-sexta-feira-e-prossegue-ate-domingo\/#blogposting","name":"Pr\u00e9-carnaval de Muria\u00e9 come\u00e7a nesta sexta-feira e prossegue at\u00e9 domingo - A Not\u00edcia Online","headline":"Pr\u00e9-carnaval de Muria\u00e9 come\u00e7a nesta sexta-feira e prossegue at\u00e9 domingo","author":{"@id":"https:\/\/anoticiaonline.com.br\/site\/author\/juliana\/#author"},"publisher":{"@id":"https:\/\/anoticiaonline.com.br\/site\/#organization"},"image":{"@type":"ImageObject","url":"https:\/\/anoticiaonline.com.br\/site\/wp-content\/uploads\/2017\/02\/Pr\u00e9-carnaval-de-Muria\u00e9-acontece-neste-final-de-semana.jpg","width":640,"height":501,"caption":"Programa\u00e7\u00e3o foi apresentada durante entrevista coletiva, realizada na ter\u00e7a-feira (14), no Teatro Zaccaria Marques"},"datePublished":"2017-02-15T15:35:25-03:00","dateModified":"2017-02-16T15:47:48-03:00","inLanguage":"pt-BR","mainEntityOfPage":{"@id":"https:\/\/anoticiaonline.com.br\/site\/pre-carnaval-de-muriae-comeca-nesta-sexta-feira-e-prossegue-ate-domingo\/#webpage"},"isPartOf":{"@id":"https:\/\/anoticiaonline.com.br\/site\/pre-carnaval-de-muriae-comeca-nesta-sexta-feira-e-prossegue-ate-domingo\/#webpage"},"articleSection":"Blog, slide"},{"@type":"BreadcrumbList","@id":"https:\/\/anoticiaonline.com.br\/site\/pre-carnaval-de-muriae-comeca-nesta-sexta-feira-e-prossegue-ate-domingo\/#breadcrumblist","itemListElement":[{"@type":"ListItem","@id":"https:\/\/anoticiaonline.com.br\/site#listItem","position":1,"name":"Home","item":"https:\/\/anoticiaonline.com.br\/site","nextItem":{"@type":"ListItem","@id":"https:\/\/anoticiaonline.com.br\/site\/categoria\/muriae\/#listItem","name":"Blog"}},{"@type":"ListItem","@id":"https:\/\/anoticiaonline.com.br\/site\/categoria\/muriae\/#listItem","position":2,"name":"Blog","item":"https:\/\/anoticiaonline.com.br\/site\/categoria\/muriae\/","nextItem":{"@type":"ListItem","@id":"https:\/\/anoticiaonline.com.br\/site\/pre-carnaval-de-muriae-comeca-nesta-sexta-feira-e-prossegue-ate-domingo\/#listItem","name":"Pr\u00e9-carnaval de Muria\u00e9 come\u00e7a nesta sexta-feira e prossegue at\u00e9 domingo"},"previousItem":{"@type":"ListItem","@id":"https:\/\/anoticiaonline.com.br\/site#listItem","name":"Home"}},{"@type":"ListItem","@id":"https:\/\/anoticiaonline.com.br\/site\/pre-carnaval-de-muriae-comeca-nesta-sexta-feira-e-prossegue-ate-domingo\/#listItem","position":3,"name":"Pr\u00e9-carnaval de Muria\u00e9 come\u00e7a nesta sexta-feira e prossegue at\u00e9 domingo","previousItem":{"@type":"ListItem","@id":"https:\/\/anoticiaonline.com.br\/site\/categoria\/muriae\/#listItem","name":"Blog"}}]},{"@type":"Organization","@id":"https:\/\/anoticiaonline.com.br\/site\/#organization","name":"A Not\u00edcia Online","description":"Noticias de Muria\u00e9 e regi\u00e3o","url":"https:\/\/anoticiaonline.com.br\/site\/","logo":{"@type":"ImageObject","url":"https:\/\/scontent-gig4-1.xx.fbcdn.net\/v\/t39.30808-1\/270437624_4564083193639691_6907940295614233970_n.jpg?stp=dst-jpg_s200x200_tt6&_nc_cat=111&ccb=1-7&_nc_sid=f907e8&_nc_ohc=SM1wRlP3lJwQ7kNvwEPuBYA&_nc_oc=AdnqrjDN_BNjSSHWO-GbkIWH6fkGMLw4bqvL_NH6e2wMveX7G-rP2dAqsDSq1mJMOaY&_nc_zt=24&_nc_ht=scontent-gig4-1.xx&_nc_gid=AoBFJeGrT1hVaew_6rchkQ&oh=00_AfX7QmFGhQhG2jAllVgXCiM1ZrWgvtp80-Bfppyexh1QEg&oe=689E923C","@id":"https:\/\/anoticiaonline.com.br\/site\/pre-carnaval-de-muriae-comeca-nesta-sexta-feira-e-prossegue-ate-domingo\/#organizationLogo"},"image":{"@id":"https:\/\/anoticiaonline.com.br\/site\/pre-carnaval-de-muriae-comeca-nesta-sexta-feira-e-prossegue-ate-domingo\/#organizationLogo"}},{"@type":"Person","@id":"https:\/\/anoticiaonline.com.br\/site\/author\/juliana\/#author","url":"https:\/\/anoticiaonline.com.br\/site\/author\/juliana\/","name":"Juliana Laviola","image":{"@type":"ImageObject","@id":"https:\/\/anoticiaonline.com.br\/site\/pre-carnaval-de-muriae-comeca-nesta-sexta-feira-e-prossegue-ate-domingo\/#authorImage","url":"https:\/\/secure.gravatar.com\/avatar\/b8d45f5c699b100dfaf0e543582f38f38bf94cb7ae3a5e9abf8d891a34773335?s=96&d=mm&r=g","width":96,"height":96,"caption":"Juliana Laviola"}},{"@type":"WebPage","@id":"https:\/\/anoticiaonline.com.br\/site\/pre-carnaval-de-muriae-comeca-nesta-sexta-feira-e-prossegue-ate-domingo\/#webpage","url":"https:\/\/anoticiaonline.com.br\/site\/pre-carnaval-de-muriae-comeca-nesta-sexta-feira-e-prossegue-ate-domingo\/","name":"Pr\u00e9-carnaval de Muria\u00e9 come\u00e7a nesta sexta-feira e prossegue at\u00e9 domingo - A Not\u00edcia Online","description":"O pr\u00e9-carnaval de Muria\u00e9 acontecer\u00e1 neste final de semana, entre sexta-feira (17) e domingo (19). Com o tema \u201cEsquenta Muria\u00e9!\u201d, a folia ser\u00e1 realizada na Pra\u00e7a Jo\u00e3o Pinheiro. Os desfiles das escolas de samba ser\u00e3o na sexta e no s\u00e1bado. A programa\u00e7\u00e3o inclui ainda apresenta\u00e7\u00e3o de bandas, como Marofagy e Lance Legal. No \u00faltimo dia","inLanguage":"pt-BR","isPartOf":{"@id":"https:\/\/anoticiaonline.com.br\/site\/#website"},"breadcrumb":{"@id":"https:\/\/anoticiaonline.com.br\/site\/pre-carnaval-de-muriae-comeca-nesta-sexta-feira-e-prossegue-ate-domingo\/#breadcrumblist"},"author":{"@id":"https:\/\/anoticiaonline.com.br\/site\/author\/juliana\/#author"},"creator":{"@id":"https:\/\/anoticiaonline.com.br\/site\/author\/juliana\/#author"},"image":{"@type":"ImageObject","url":"https:\/\/anoticiaonline.com.br\/site\/wp-content\/uploads\/2017\/02\/Pr\u00e9-carnaval-de-Muria\u00e9-acontece-neste-final-de-semana.jpg","@id":"https:\/\/anoticiaonline.com.br\/site\/pre-carnaval-de-muriae-comeca-nesta-sexta-feira-e-prossegue-ate-domingo\/#mainImage","width":640,"height":501,"caption":"Programa\u00e7\u00e3o foi apresentada durante entrevista coletiva, realizada na ter\u00e7a-feira (14), no Teatro Zaccaria Marques"},"primaryImageOfPage":{"@id":"https:\/\/anoticiaonline.com.br\/site\/pre-carnaval-de-muriae-comeca-nesta-sexta-feira-e-prossegue-ate-domingo\/#mainImage"},"datePublished":"2017-02-15T15:35:25-03:00","dateModified":"2017-02-16T15:47:48-03:00"},{"@type":"WebSite","@id":"https:\/\/anoticiaonline.com.br\/site\/#website","url":"https:\/\/anoticiaonline.com.br\/site\/","name":"A Not\u00edcia Online","description":"Noticias de Muria\u00e9 e regi\u00e3o","inLanguage":"pt-BR","publisher":{"@id":"https:\/\/anoticiaonline.com.br\/site\/#organization"}}]},"og:locale":"pt_BR","og:site_name":"A Not\u00edcia Online - Noticias de Muria\u00e9 e regi\u00e3o","og:type":"article","og:title":"Pr\u00e9-carnaval de Muria\u00e9 come\u00e7a nesta sexta-feira e prossegue at\u00e9 domingo - A Not\u00edcia Online","og:description":"O pr\u00e9-carnaval de Muria\u00e9 acontecer\u00e1 neste final de semana, entre sexta-feira (17) e domingo (19). Com o tema \u201cEsquenta Muria\u00e9!\u201d, a folia ser\u00e1 realizada na Pra\u00e7a Jo\u00e3o Pinheiro. Os desfiles das escolas de samba ser\u00e3o na sexta e no s\u00e1bado. A programa\u00e7\u00e3o inclui ainda apresenta\u00e7\u00e3o de bandas, como Marofagy e Lance Legal. No \u00faltimo dia","og:url":"https:\/\/anoticiaonline.com.br\/site\/pre-carnaval-de-muriae-comeca-nesta-sexta-feira-e-prossegue-ate-domingo\/","og:image":"https:\/\/scontent-gig4-1.xx.fbcdn.net\/v\/t39.30808-1\/270437624_4564083193639691_6907940295614233970_n.jpg?stp=dst-jpg_s200x200_tt6&#038;_nc_cat=111&#038;ccb=1-7&#038;_nc_sid=f907e8&#038;_nc_ohc=SM1wRlP3lJwQ7kNvwEPuBYA&#038;_nc_oc=AdnqrjDN_BNjSSHWO-GbkIWH6fkGMLw4bqvL_NH6e2wMveX7G-rP2dAqsDSq1mJMOaY&#038;_nc_zt=24&#038;_nc_ht=scontent-gig4-1.xx&#038;_nc_gid=AoBFJeGrT1hVaew_6rchkQ&#038;oh=00_AfX7QmFGhQhG2jAllVgXCiM1ZrWgvtp80-Bfppyexh1QEg&#038;oe=689E923C","og:image:secure_url":"https:\/\/scontent-gig4-1.xx.fbcdn.net\/v\/t39.30808-1\/270437624_4564083193639691_6907940295614233970_n.jpg?stp=dst-jpg_s200x200_tt6&#038;_nc_cat=111&#038;ccb=1-7&#038;_nc_sid=f907e8&#038;_nc_ohc=SM1wRlP3lJwQ7kNvwEPuBYA&#038;_nc_oc=AdnqrjDN_BNjSSHWO-GbkIWH6fkGMLw4bqvL_NH6e2wMveX7G-rP2dAqsDSq1mJMOaY&#038;_nc_zt=24&#038;_nc_ht=scontent-gig4-1.xx&#038;_nc_gid=AoBFJeGrT1hVaew_6rchkQ&#038;oh=00_AfX7QmFGhQhG2jAllVgXCiM1ZrWgvtp80-Bfppyexh1QEg&#038;oe=689E923C","article:published_time":"2017-02-15T18:35:25+00:00","article:modified_time":"2017-02-16T18:47:48+00:00","twitter:card":"summary_large_image","twitter:title":"Pr\u00e9-carnaval de Muria\u00e9 come\u00e7a nesta sexta-feira e prossegue at\u00e9 domingo - A Not\u00edcia Online","twitter:description":"O pr\u00e9-carnaval de Muria\u00e9 acontecer\u00e1 neste final de semana, entre sexta-feira (17) e domingo (19). Com o tema \u201cEsquenta Muria\u00e9!\u201d, a folia ser\u00e1 realizada na Pra\u00e7a Jo\u00e3o Pinheiro. Os desfiles das escolas de samba ser\u00e3o na sexta e no s\u00e1bado. A programa\u00e7\u00e3o inclui ainda apresenta\u00e7\u00e3o de bandas, como Marofagy e Lance Legal. No \u00faltimo dia","twitter:image":"https:\/\/scontent-gig4-1.xx.fbcdn.net\/v\/t39.30808-1\/270437624_4564083193639691_6907940295614233970_n.jpg?stp=dst-jpg_s200x200_tt6&_nc_cat=111&ccb=1-7&_nc_sid=f907e8&_nc_ohc=SM1wRlP3lJwQ7kNvwEPuBYA&_nc_oc=AdnqrjDN_BNjSSHWO-GbkIWH6fkGMLw4bqvL_NH6e2wMveX7G-rP2dAqsDSq1mJMOaY&_nc_zt=24&_nc_ht=scontent-gig4-1.xx&_nc_gid=AoBFJeGrT1hVaew_6rchkQ&oh=00_AfX7QmFGhQhG2jAllVgXCiM1ZrWgvtp80-Bfppyexh1QEg&oe=689E923C"},"aioseo_meta_data":{"post_id":"24433","title":null,"description":null,"keywords":null,"keyphrases":null,"primary_term":null,"canonical_url":null,"og_title":null,"og_description":null,"og_object_type":"default","og_image_type":"default","og_image_url":null,"og_image_width":null,"og_image_height":null,"og_image_custom_url":null,"og_image_custom_fields":null,"og_video":null,"og_custom_url":null,"og_article_section":null,"og_article_tags":null,"twitter_use_og":false,"twitter_card":"default","twitter_image_type":"default","twitter_image_url":null,"twitter_image_custom_url":null,"twitter_image_custom_fields":null,"twitter_title":null,"twitter_description":null,"schema":{"blockGraphs":[],"customGraphs":[],"default":{"data":{"Article":[],"Course":[],"Dataset":[],"FAQPage":[],"Movie":[],"Person":[],"Product":[],"ProductReview":[],"Car":[],"Recipe":[],"Service":[],"SoftwareApplication":[],"WebPage":[]},"graphName":"","isEnabled":true},"graphs":[]},"schema_type":"default","schema_type_options":null,"pillar_content":false,"robots_default":true,"robots_noindex":false,"robots_noarchive":false,"robots_nosnippet":false,"robots_nofollow":false,"robots_noimageindex":false,"robots_noodp":false,"robots_notranslate":false,"robots_max_snippet":null,"robots_max_videopreview":null,"robots_max_imagepreview":"large","priority":null,"frequency":null,"local_seo":null,"breadcrumb_settings":null,"limit_modified_date":false,"ai":null,"created":"2025-08-16 17:43:33","updated":"2025-08-16 17:43:33","focus_keyword":null,"additional_keywords":null,"truseo_locale":null,"seo_analyzer_scan_date":null},"aioseo_breadcrumb":"<div class=\"aioseo-breadcrumbs\"><span class=\"aioseo-breadcrumb\">\n\t\t\t<a href=\"https:\/\/anoticiaonline.com.br\/site\" title=\"Home\">Home<\/a>\n\t\t<\/span><span class=\"aioseo-breadcrumb-separator\">&raquo;<\/span><span class=\"aioseo-breadcrumb\">\n\t\t\t<a href=\"https:\/\/anoticiaonline.com.br\/site\/categoria\/muriae\/\" title=\"Blog\">Blog<\/a>\n\t\t<\/span><span class=\"aioseo-breadcrumb-separator\">&raquo;<\/span><span class=\"aioseo-breadcrumb\">\n\t\t\tPr\u00e9-carnaval de Muria\u00e9 come\u00e7a nesta sexta-feira e prossegue at\u00e9 domingo\n\t\t<\/span><\/div>","aioseo_breadcrumb_json":[{"label":"Home","link":"https:\/\/anoticiaonline.com.br\/site"},{"label":"Blog","link":"https:\/\/anoticiaonline.com.br\/site\/categoria\/muriae\/"},{"label":"Pr\u00e9-carnaval de Muria\u00e9 come\u00e7a nesta sexta-feira e prossegue at\u00e9 domingo","link":"https:\/\/anoticiaonline.com.br\/site\/pre-carnaval-de-muriae-comeca-nesta-sexta-feira-e-prossegue-ate-domingo\/"}],"views":152,"_links":{"self":[{"href":"https:\/\/anoticiaonline.com.br\/site\/wp-json\/wp\/v2\/posts\/24433","targetHints":{"allow":["GET"]}}],"collection":[{"href":"https:\/\/anoticiaonline.com.br\/site\/wp-json\/wp\/v2\/posts"}],"about":[{"href":"https:\/\/anoticiaonline.com.br\/site\/wp-json\/wp\/v2\/types\/post"}],"author":[{"embeddable":true,"href":"https:\/\/anoticiaonline.com.br\/site\/wp-json\/wp\/v2\/users\/2"}],"replies":[{"embeddable":true,"href":"https:\/\/anoticiaonline.com.br\/site\/wp-json\/wp\/v2\/comments?post=24433"}],"version-history":[{"count":0,"href":"https:\/\/anoticiaonline.com.br\/site\/wp-json\/wp\/v2\/posts\/24433\/revisions"}],"wp:featuredmedia":[{"embeddable":true,"href":"https:\/\/anoticiaonline.com.br\/site\/wp-json\/wp\/v2\/media\/24434"}],"wp:attachment":[{"href":"https:\/\/anoticiaonline.com.br\/site\/wp-json\/wp\/v2\/media?parent=24433"}],"wp:term":[{"taxonomy":"category","embeddable":true,"href":"https:\/\/anoticiaonline.com.br\/site\/wp-json\/wp\/v2\/categories?post=24433"},{"taxonomy":"post_tag","embeddable":true,"href":"https:\/\/anoticiaonline.com.br\/site\/wp-json\/wp\/v2\/tags?post=24433"}],"curies":[{"name":"wp","href":"https:\/\/api.w.org\/{rel}","templated":true}]}}