{"id":24289,"date":"2017-02-14T13:46:48","date_gmt":"2017-02-14T16:46:48","guid":{"rendered":"http:\/\/anoticiaonline.com.br\/site\/?p=24289"},"modified":"2017-02-14T13:46:48","modified_gmt":"2017-02-14T16:46:48","slug":"caixa-divulga-calendario-de-pagamento-das-contas-inativas-do-fgts","status":"publish","type":"post","link":"https:\/\/anoticiaonline.com.br\/site\/caixa-divulga-calendario-de-pagamento-das-contas-inativas-do-fgts\/","title":{"rendered":"Caixa divulga calend\u00e1rio de pagamento das contas inativas do FGTS"},"content":{"rendered":"<p><a href=\"https:\/\/anoticiaonline.com.br\/site\/wp-content\/uploads\/2017\/02\/unnamed.jpg\"><img decoding=\"async\" class=\"  wp-image-24290 alignleft\" src=\"https:\/\/anoticiaonline.com.br\/site\/wp-content\/uploads\/2017\/02\/unnamed-300x88.jpg\" alt=\"unnamed\" width=\"303\" height=\"89\" srcset=\"https:\/\/anoticiaonline.com.br\/site\/wp-content\/uploads\/2017\/02\/unnamed-300x88.jpg 300w, https:\/\/anoticiaonline.com.br\/site\/wp-content\/uploads\/2017\/02\/unnamed.jpg 600w\" sizes=\"(max-width: 303px) 100vw, 303px\" \/><\/a>O Governo Federal e a Caixa divulgaram na ter\u00e7a-feira (14) a sistem\u00e1tica e o calend\u00e1rio de pagamento das contas inativas do Fundo de Garantia do Tempo de Servi\u00e7o (FGTS). Conforme a Medida Provis\u00f3ria 763\/2016, tem direto ao pagamento de conta inativa o trabalhador que pediu demiss\u00e3o ou foi demitido por justa causa at\u00e9 31 de dezembro de 2015. A medida engloba 49,6 milh\u00f5es de contas, com saldo de R$ 43,6 bilh\u00f5es, beneficiando 30,2 milh\u00f5es de trabalhadores. A previs\u00e3o \u00e9 que a medida injete mais de R$ 30 bilh\u00f5es na economia brasileira.<\/p>\n<p>O pagamento das contas inativas ser\u00e1 realizado a partir de 10 de mar\u00e7o e vai at\u00e9 o dia 31 de julho deste ano, seguindo as regras de pagamento definidas pela Caixa, na qualidade de agente operador do FGTS. A sistem\u00e1tica leva em conta o m\u00eas de anivers\u00e1rio do trabalhador. Veja tabela.<\/p>\n<p>O cronograma de pagamento foi divulgado na ter\u00e7a-feira (14) em cerim\u00f4nia realizada no Pal\u00e1cio do Planalto, com a presen\u00e7a do presidente da Rep\u00fablica, Michel Temer, de ministros do Estado, do presidente da Caixa, Gilberto Occhi e outras autoridades.<\/p>\n<p><strong>QUEM PODE SACAR &#8211;<\/strong> De acordo com a MP 763, o trabalhador que pediu demiss\u00e3o ou foi demitido por justa causa at\u00e9 31 de dezembro de 2015 pode sacar o saldo da conta vinculada, estando ou n\u00e3o fora do regime do FGTS. Antes da publica\u00e7\u00e3o da MP, o trabalhador somente poderia sacar caso permanecesse tr\u00eas anos fora do regime do FGTS ou em caso de aposentadoria, utiliza\u00e7\u00e3o para moradia ou determinadas doen\u00e7as previstas em lei.<\/p>\n<p>As demais regras de saque das contas ativas n\u00e3o sofreram modifica\u00e7\u00e3o, ou seja, o saque de contrato de trabalho vigente s\u00f3 pode ocorrer nos casos de demiss\u00e3o sem justa causa, moradia pr\u00f3pria ou aposentadoria, por exemplo.<\/p>\n<p><strong>CANAIS EXCLUSIVOS DE INFORMA\u00c7\u00c3O &#8211;<\/strong> A Caixa criou um servi\u00e7o exclusivo em seu site (www.caixa.gov.br\/contasinativas) para facilitar o atendimento ao trabalhador que tem direito ao pagamento de conta inativa. Na p\u00e1gina, o trabalhador pode visualizar se possui contas contempladas pela MP 763, o valor que tem a receber, a data do saque e os canais dispon\u00edveis para realiza\u00e7\u00e3o do pagamento.<\/p>\n<p>Outra op\u00e7\u00e3o de atendimento aos trabalhadores \u00e9 o Servi\u00e7o de Atendimento ao Cliente pelo 0800 726 2017. No telesservi\u00e7o ser\u00e1 poss\u00edvel saber se a conta vinculada est\u00e1 apta para recebimento do valor dispon\u00edvel para saque, al\u00e9m de informa\u00e7\u00f5es sobre os canais de pagamento. Para realizar a consulta do saldo no 0800 ou no site, o trabalhador deve informar seu n\u00famero de CPF e PIS\/PASEP (NIS).<\/p>\n<p><strong>PAGAMENTOS DAS CONTAS &#8211;<\/strong> Para os clientes da Caixa que t\u00eam conta poupan\u00e7a individual, o cr\u00e9dito ser\u00e1 realizado automaticamente, conforme calend\u00e1rio. O valor estar\u00e1 dispon\u00edvel na conta no dia da abertura do calend\u00e1rio mensal. Essa medida deve beneficiar cerca de 10 milh\u00f5es de trabalhadores. Os correntistas da Caixa poder\u00e3o optar em receber o cr\u00e9dito em sua conta corrente, pelo site do banco (www.caixa.gov.br\/contasinativas) ou pelo telesservi\u00e7o (0800 726 2017).<\/p>\n<p>A partir de 10 de mar\u00e7o, as contas inativas com saldo at\u00e9 R$ 1,5 mil poder\u00e3o ser sacadas no autoatendimento da Caixa apenas com senha do Cart\u00e3o do Cidad\u00e3o (sem a necessidade do pl\u00e1stico). J\u00e1 para valores entre R$ 1,5 mil e R$3 mil ser\u00e1 necess\u00e1rio que o trabalhador possua o Cart\u00e3o do Cidad\u00e3o e senha para pagamentos no autoatendimento.<\/p>\n<p>Outra op\u00e7\u00e3o para saque s\u00e3o os canais parceiros (correspondentes Caixa Aqui e unidades lot\u00e9ricas), onde s\u00e3o permitidos saques de at\u00e9 R$ 3 mil, apresentando o documento de identifica\u00e7\u00e3o do trabalhador, Cart\u00e3o do Cidad\u00e3o e a respectiva senha. Valores acima de R$ 3 mil ser\u00e3o sacados exclusivamente nas ag\u00eancias da Caixa. Para valores superiores a R$ 10 mil ser\u00e1 necess\u00e1ria a apresenta\u00e7\u00e3o da carteira de trabalho ou documento que comprove a extin\u00e7\u00e3o do v\u00ednculo do trabalho.<\/p>\n<p>A Caixa orienta que os trabalhadores consultem o site www.caixa.gov.br\/contasinativas ou o 0800 726 2017 para serem direcionados \u00e0 melhor op\u00e7\u00e3o de pagamento, antes de se dirigirem a um dos canais oferecidos. A Caixa recomenda que para os clientes que necessariamente ser\u00e3o atendidos nas ag\u00eancias, al\u00e9m dos documentos pessoais, seja apresentada carteira de trabalho para agilizar o atendimento em caso de d\u00favidas, independentemente do valor.<\/p>\n","protected":false},"excerpt":{"rendered":"<p>O Governo Federal e a Caixa divulgaram na ter\u00e7a-feira (14) a sistem\u00e1tica e o calend\u00e1rio de pagamento das contas inativas do Fundo de Garantia do Tempo de Servi\u00e7o (FGTS). Conforme a Medida Provis\u00f3ria 763\/2016, tem direto ao pagamento de conta inativa o trabalhador que pediu demiss\u00e3o ou foi demitido por justa causa at\u00e9 31 de &#8230; <a title=\"Caixa divulga calend\u00e1rio de pagamento das contas inativas do FGTS\" class=\"read-more\" href=\"https:\/\/anoticiaonline.com.br\/site\/caixa-divulga-calendario-de-pagamento-das-contas-inativas-do-fgts\/\" aria-label=\"Read more about Caixa divulga calend\u00e1rio de pagamento das contas inativas do FGTS\">Ler mais<\/a><\/p>\n","protected":false},"author":2,"featured_media":24290,"comment_status":"open","ping_status":"open","sticky":false,"template":"","format":"standard","meta":{"_acf_changed":false,"_monsterinsights_skip_tracking":false,"footnotes":""},"categories":[1],"tags":[],"class_list":["post-24289","post","type-post","status-publish","format-standard","has-post-thumbnail","hentry","category-gerais"],"acf":[],"aioseo_notices":[],"aioseo_head":"\n\t\t<!-- All in One SEO 5.0.0.1 - aioseo.com -->\n\t<meta name=\"description\" content=\"O Governo Federal e a Caixa divulgaram na ter\u00e7a-feira (14) a sistem\u00e1tica e o calend\u00e1rio de pagamento das contas inativas do Fundo de Garantia do Tempo de Servi\u00e7o (FGTS). Conforme a Medida Provis\u00f3ria 763\/2016, tem direto ao pagamento de conta inativa o trabalhador que pediu demiss\u00e3o ou foi demitido por justa causa at\u00e9 31 de\" \/>\n\t<meta name=\"robots\" content=\"max-image-preview:large\" \/>\n\t<meta name=\"author\" content=\"Juliana Laviola\"\/>\n\t<link rel=\"canonical\" href=\"https:\/\/anoticiaonline.com.br\/site\/caixa-divulga-calendario-de-pagamento-das-contas-inativas-do-fgts\/\" \/>\n\t<meta name=\"generator\" content=\"All in One SEO (AIOSEO) 5.0.0.1\" \/>\n\t\t<meta property=\"og:locale\" content=\"pt_BR\" \/>\n\t\t<meta property=\"og:site_name\" content=\"A Not\u00edcia Online - Noticias de Muria\u00e9 e regi\u00e3o\" \/>\n\t\t<meta property=\"og:type\" content=\"article\" \/>\n\t\t<meta property=\"og:title\" content=\"Caixa divulga calend\u00e1rio de pagamento das contas inativas do FGTS - A Not\u00edcia Online\" \/>\n\t\t<meta property=\"og:description\" content=\"O Governo Federal e a Caixa divulgaram na ter\u00e7a-feira (14) a sistem\u00e1tica e o calend\u00e1rio de pagamento das contas inativas do Fundo de Garantia do Tempo de Servi\u00e7o (FGTS). Conforme a Medida Provis\u00f3ria 763\/2016, tem direto ao pagamento de conta inativa o trabalhador que pediu demiss\u00e3o ou foi demitido por justa causa at\u00e9 31 de\" \/>\n\t\t<meta property=\"og:url\" content=\"https:\/\/anoticiaonline.com.br\/site\/caixa-divulga-calendario-de-pagamento-das-contas-inativas-do-fgts\/\" \/>\n\t\t<meta property=\"og:image\" content=\"https:\/\/scontent-gig4-1.xx.fbcdn.net\/v\/t39.30808-1\/270437624_4564083193639691_6907940295614233970_n.jpg?stp=dst-jpg_s200x200_tt6&#038;_nc_cat=111&#038;ccb=1-7&#038;_nc_sid=f907e8&#038;_nc_ohc=SM1wRlP3lJwQ7kNvwEPuBYA&#038;_nc_oc=AdnqrjDN_BNjSSHWO-GbkIWH6fkGMLw4bqvL_NH6e2wMveX7G-rP2dAqsDSq1mJMOaY&#038;_nc_zt=24&#038;_nc_ht=scontent-gig4-1.xx&#038;_nc_gid=AoBFJeGrT1hVaew_6rchkQ&#038;oh=00_AfX7QmFGhQhG2jAllVgXCiM1ZrWgvtp80-Bfppyexh1QEg&#038;oe=689E923C\" \/>\n\t\t<meta property=\"og:image:secure_url\" content=\"https:\/\/scontent-gig4-1.xx.fbcdn.net\/v\/t39.30808-1\/270437624_4564083193639691_6907940295614233970_n.jpg?stp=dst-jpg_s200x200_tt6&#038;_nc_cat=111&#038;ccb=1-7&#038;_nc_sid=f907e8&#038;_nc_ohc=SM1wRlP3lJwQ7kNvwEPuBYA&#038;_nc_oc=AdnqrjDN_BNjSSHWO-GbkIWH6fkGMLw4bqvL_NH6e2wMveX7G-rP2dAqsDSq1mJMOaY&#038;_nc_zt=24&#038;_nc_ht=scontent-gig4-1.xx&#038;_nc_gid=AoBFJeGrT1hVaew_6rchkQ&#038;oh=00_AfX7QmFGhQhG2jAllVgXCiM1ZrWgvtp80-Bfppyexh1QEg&#038;oe=689E923C\" \/>\n\t\t<meta property=\"article:published_time\" content=\"2017-02-14T16:46:48+00:00\" \/>\n\t\t<meta property=\"article:modified_time\" content=\"2017-02-14T16:46:48+00:00\" \/>\n\t\t<meta name=\"twitter:card\" content=\"summary_large_image\" \/>\n\t\t<meta name=\"twitter:title\" content=\"Caixa divulga calend\u00e1rio de pagamento das contas inativas do FGTS - A Not\u00edcia Online\" \/>\n\t\t<meta name=\"twitter:description\" content=\"O Governo Federal e a Caixa divulgaram na ter\u00e7a-feira (14) a sistem\u00e1tica e o calend\u00e1rio de pagamento das contas inativas do Fundo de Garantia do Tempo de Servi\u00e7o (FGTS). Conforme a Medida Provis\u00f3ria 763\/2016, tem direto ao pagamento de conta inativa o trabalhador que pediu demiss\u00e3o ou foi demitido por justa causa at\u00e9 31 de\" \/>\n\t\t<meta name=\"twitter:image\" content=\"https:\/\/scontent-gig4-1.xx.fbcdn.net\/v\/t39.30808-1\/270437624_4564083193639691_6907940295614233970_n.jpg?stp=dst-jpg_s200x200_tt6&amp;_nc_cat=111&amp;ccb=1-7&amp;_nc_sid=f907e8&amp;_nc_ohc=SM1wRlP3lJwQ7kNvwEPuBYA&amp;_nc_oc=AdnqrjDN_BNjSSHWO-GbkIWH6fkGMLw4bqvL_NH6e2wMveX7G-rP2dAqsDSq1mJMOaY&amp;_nc_zt=24&amp;_nc_ht=scontent-gig4-1.xx&amp;_nc_gid=AoBFJeGrT1hVaew_6rchkQ&amp;oh=00_AfX7QmFGhQhG2jAllVgXCiM1ZrWgvtp80-Bfppyexh1QEg&amp;oe=689E923C\" \/>\n\t\t<script type=\"application\/ld+json\" class=\"aioseo-schema\">\n\t\t\t{\"@context\":\"https:\\\/\\\/schema.org\",\"@graph\":[{\"@type\":\"BlogPosting\",\"@id\":\"https:\\\/\\\/anoticiaonline.com.br\\\/site\\\/caixa-divulga-calendario-de-pagamento-das-contas-inativas-do-fgts\\\/#blogposting\",\"name\":\"Caixa divulga calend\\u00e1rio de pagamento das contas inativas do FGTS - A Not\\u00edcia Online\",\"headline\":\"Caixa divulga calend\\u00e1rio de pagamento das contas inativas do FGTS\",\"author\":{\"@id\":\"https:\\\/\\\/anoticiaonline.com.br\\\/site\\\/author\\\/juliana\\\/#author\"},\"publisher\":{\"@id\":\"https:\\\/\\\/anoticiaonline.com.br\\\/site\\\/#organization\"},\"image\":{\"@type\":\"ImageObject\",\"url\":\"https:\\\/\\\/anoticiaonline.com.br\\\/site\\\/wp-content\\\/uploads\\\/2017\\\/02\\\/unnamed.jpg\",\"width\":600,\"height\":175},\"datePublished\":\"2017-02-14T13:46:48-03:00\",\"dateModified\":\"2017-02-14T13:46:48-03:00\",\"inLanguage\":\"pt-BR\",\"mainEntityOfPage\":{\"@id\":\"https:\\\/\\\/anoticiaonline.com.br\\\/site\\\/caixa-divulga-calendario-de-pagamento-das-contas-inativas-do-fgts\\\/#webpage\"},\"isPartOf\":{\"@id\":\"https:\\\/\\\/anoticiaonline.com.br\\\/site\\\/caixa-divulga-calendario-de-pagamento-das-contas-inativas-do-fgts\\\/#webpage\"},\"articleSection\":\"Gerais\"},{\"@type\":\"BreadcrumbList\",\"@id\":\"https:\\\/\\\/anoticiaonline.com.br\\\/site\\\/caixa-divulga-calendario-de-pagamento-das-contas-inativas-do-fgts\\\/#breadcrumblist\",\"itemListElement\":[{\"@type\":\"ListItem\",\"@id\":\"https:\\\/\\\/anoticiaonline.com.br\\\/site#listItem\",\"position\":1,\"name\":\"Home\",\"item\":\"https:\\\/\\\/anoticiaonline.com.br\\\/site\",\"nextItem\":{\"@type\":\"ListItem\",\"@id\":\"https:\\\/\\\/anoticiaonline.com.br\\\/site\\\/categoria\\\/gerais\\\/#listItem\",\"name\":\"Gerais\"}},{\"@type\":\"ListItem\",\"@id\":\"https:\\\/\\\/anoticiaonline.com.br\\\/site\\\/categoria\\\/gerais\\\/#listItem\",\"position\":2,\"name\":\"Gerais\",\"item\":\"https:\\\/\\\/anoticiaonline.com.br\\\/site\\\/categoria\\\/gerais\\\/\",\"nextItem\":{\"@type\":\"ListItem\",\"@id\":\"https:\\\/\\\/anoticiaonline.com.br\\\/site\\\/caixa-divulga-calendario-de-pagamento-das-contas-inativas-do-fgts\\\/#listItem\",\"name\":\"Caixa divulga calend\\u00e1rio de pagamento das contas inativas do FGTS\"},\"previousItem\":{\"@type\":\"ListItem\",\"@id\":\"https:\\\/\\\/anoticiaonline.com.br\\\/site#listItem\",\"name\":\"Home\"}},{\"@type\":\"ListItem\",\"@id\":\"https:\\\/\\\/anoticiaonline.com.br\\\/site\\\/caixa-divulga-calendario-de-pagamento-das-contas-inativas-do-fgts\\\/#listItem\",\"position\":3,\"name\":\"Caixa divulga calend\\u00e1rio de pagamento das contas inativas do FGTS\",\"previousItem\":{\"@type\":\"ListItem\",\"@id\":\"https:\\\/\\\/anoticiaonline.com.br\\\/site\\\/categoria\\\/gerais\\\/#listItem\",\"name\":\"Gerais\"}}]},{\"@type\":\"Organization\",\"@id\":\"https:\\\/\\\/anoticiaonline.com.br\\\/site\\\/#organization\",\"name\":\"A Not\\u00edcia Online\",\"description\":\"Noticias de Muria\\u00e9 e regi\\u00e3o\",\"url\":\"https:\\\/\\\/anoticiaonline.com.br\\\/site\\\/\",\"logo\":{\"@type\":\"ImageObject\",\"url\":\"https:\\\/\\\/scontent-gig4-1.xx.fbcdn.net\\\/v\\\/t39.30808-1\\\/270437624_4564083193639691_6907940295614233970_n.jpg?stp=dst-jpg_s200x200_tt6&_nc_cat=111&ccb=1-7&_nc_sid=f907e8&_nc_ohc=SM1wRlP3lJwQ7kNvwEPuBYA&_nc_oc=AdnqrjDN_BNjSSHWO-GbkIWH6fkGMLw4bqvL_NH6e2wMveX7G-rP2dAqsDSq1mJMOaY&_nc_zt=24&_nc_ht=scontent-gig4-1.xx&_nc_gid=AoBFJeGrT1hVaew_6rchkQ&oh=00_AfX7QmFGhQhG2jAllVgXCiM1ZrWgvtp80-Bfppyexh1QEg&oe=689E923C\",\"@id\":\"https:\\\/\\\/anoticiaonline.com.br\\\/site\\\/caixa-divulga-calendario-de-pagamento-das-contas-inativas-do-fgts\\\/#organizationLogo\"},\"image\":{\"@id\":\"https:\\\/\\\/anoticiaonline.com.br\\\/site\\\/caixa-divulga-calendario-de-pagamento-das-contas-inativas-do-fgts\\\/#organizationLogo\"}},{\"@type\":\"Person\",\"@id\":\"https:\\\/\\\/anoticiaonline.com.br\\\/site\\\/author\\\/juliana\\\/#author\",\"url\":\"https:\\\/\\\/anoticiaonline.com.br\\\/site\\\/author\\\/juliana\\\/\",\"name\":\"Juliana Laviola\",\"image\":{\"@type\":\"ImageObject\",\"@id\":\"https:\\\/\\\/anoticiaonline.com.br\\\/site\\\/caixa-divulga-calendario-de-pagamento-das-contas-inativas-do-fgts\\\/#authorImage\",\"url\":\"https:\\\/\\\/secure.gravatar.com\\\/avatar\\\/b8d45f5c699b100dfaf0e543582f38f38bf94cb7ae3a5e9abf8d891a34773335?s=96&d=mm&r=g\",\"width\":96,\"height\":96,\"caption\":\"Juliana Laviola\"}},{\"@type\":\"WebPage\",\"@id\":\"https:\\\/\\\/anoticiaonline.com.br\\\/site\\\/caixa-divulga-calendario-de-pagamento-das-contas-inativas-do-fgts\\\/#webpage\",\"url\":\"https:\\\/\\\/anoticiaonline.com.br\\\/site\\\/caixa-divulga-calendario-de-pagamento-das-contas-inativas-do-fgts\\\/\",\"name\":\"Caixa divulga calend\\u00e1rio de pagamento das contas inativas do FGTS - A Not\\u00edcia Online\",\"description\":\"O Governo Federal e a Caixa divulgaram na ter\\u00e7a-feira (14) a sistem\\u00e1tica e o calend\\u00e1rio de pagamento das contas inativas do Fundo de Garantia do Tempo de Servi\\u00e7o (FGTS). Conforme a Medida Provis\\u00f3ria 763\\\/2016, tem direto ao pagamento de conta inativa o trabalhador que pediu demiss\\u00e3o ou foi demitido por justa causa at\\u00e9 31 de\",\"inLanguage\":\"pt-BR\",\"isPartOf\":{\"@id\":\"https:\\\/\\\/anoticiaonline.com.br\\\/site\\\/#website\"},\"breadcrumb\":{\"@id\":\"https:\\\/\\\/anoticiaonline.com.br\\\/site\\\/caixa-divulga-calendario-de-pagamento-das-contas-inativas-do-fgts\\\/#breadcrumblist\"},\"author\":{\"@id\":\"https:\\\/\\\/anoticiaonline.com.br\\\/site\\\/author\\\/juliana\\\/#author\"},\"creator\":{\"@id\":\"https:\\\/\\\/anoticiaonline.com.br\\\/site\\\/author\\\/juliana\\\/#author\"},\"image\":{\"@type\":\"ImageObject\",\"url\":\"https:\\\/\\\/anoticiaonline.com.br\\\/site\\\/wp-content\\\/uploads\\\/2017\\\/02\\\/unnamed.jpg\",\"@id\":\"https:\\\/\\\/anoticiaonline.com.br\\\/site\\\/caixa-divulga-calendario-de-pagamento-das-contas-inativas-do-fgts\\\/#mainImage\",\"width\":600,\"height\":175},\"primaryImageOfPage\":{\"@id\":\"https:\\\/\\\/anoticiaonline.com.br\\\/site\\\/caixa-divulga-calendario-de-pagamento-das-contas-inativas-do-fgts\\\/#mainImage\"},\"datePublished\":\"2017-02-14T13:46:48-03:00\",\"dateModified\":\"2017-02-14T13:46:48-03:00\"},{\"@type\":\"WebSite\",\"@id\":\"https:\\\/\\\/anoticiaonline.com.br\\\/site\\\/#website\",\"url\":\"https:\\\/\\\/anoticiaonline.com.br\\\/site\\\/\",\"name\":\"A Not\\u00edcia Online\",\"description\":\"Noticias de Muria\\u00e9 e regi\\u00e3o\",\"inLanguage\":\"pt-BR\",\"publisher\":{\"@id\":\"https:\\\/\\\/anoticiaonline.com.br\\\/site\\\/#organization\"}}]}\n\t\t<\/script>\n\t\t<!-- All in One SEO -->\n\n","aioseo_head_json":{"title":"Caixa divulga calend\u00e1rio de pagamento das contas inativas do FGTS - A Not\u00edcia Online","description":"O Governo Federal e a Caixa divulgaram na ter\u00e7a-feira (14) a sistem\u00e1tica e o calend\u00e1rio de pagamento das contas inativas do Fundo de Garantia do Tempo de Servi\u00e7o (FGTS). Conforme a Medida Provis\u00f3ria 763\/2016, tem direto ao pagamento de conta inativa o trabalhador que pediu demiss\u00e3o ou foi demitido por justa causa at\u00e9 31 de","canonical_url":"https:\/\/anoticiaonline.com.br\/site\/caixa-divulga-calendario-de-pagamento-das-contas-inativas-do-fgts\/","robots":"max-image-preview:large","keywords":"","webmasterTools":{"miscellaneous":""},"schema":{"@context":"https:\/\/schema.org","@graph":[{"@type":"BlogPosting","@id":"https:\/\/anoticiaonline.com.br\/site\/caixa-divulga-calendario-de-pagamento-das-contas-inativas-do-fgts\/#blogposting","name":"Caixa divulga calend\u00e1rio de pagamento das contas inativas do FGTS - A Not\u00edcia Online","headline":"Caixa divulga calend\u00e1rio de pagamento das contas inativas do FGTS","author":{"@id":"https:\/\/anoticiaonline.com.br\/site\/author\/juliana\/#author"},"publisher":{"@id":"https:\/\/anoticiaonline.com.br\/site\/#organization"},"image":{"@type":"ImageObject","url":"https:\/\/anoticiaonline.com.br\/site\/wp-content\/uploads\/2017\/02\/unnamed.jpg","width":600,"height":175},"datePublished":"2017-02-14T13:46:48-03:00","dateModified":"2017-02-14T13:46:48-03:00","inLanguage":"pt-BR","mainEntityOfPage":{"@id":"https:\/\/anoticiaonline.com.br\/site\/caixa-divulga-calendario-de-pagamento-das-contas-inativas-do-fgts\/#webpage"},"isPartOf":{"@id":"https:\/\/anoticiaonline.com.br\/site\/caixa-divulga-calendario-de-pagamento-das-contas-inativas-do-fgts\/#webpage"},"articleSection":"Gerais"},{"@type":"BreadcrumbList","@id":"https:\/\/anoticiaonline.com.br\/site\/caixa-divulga-calendario-de-pagamento-das-contas-inativas-do-fgts\/#breadcrumblist","itemListElement":[{"@type":"ListItem","@id":"https:\/\/anoticiaonline.com.br\/site#listItem","position":1,"name":"Home","item":"https:\/\/anoticiaonline.com.br\/site","nextItem":{"@type":"ListItem","@id":"https:\/\/anoticiaonline.com.br\/site\/categoria\/gerais\/#listItem","name":"Gerais"}},{"@type":"ListItem","@id":"https:\/\/anoticiaonline.com.br\/site\/categoria\/gerais\/#listItem","position":2,"name":"Gerais","item":"https:\/\/anoticiaonline.com.br\/site\/categoria\/gerais\/","nextItem":{"@type":"ListItem","@id":"https:\/\/anoticiaonline.com.br\/site\/caixa-divulga-calendario-de-pagamento-das-contas-inativas-do-fgts\/#listItem","name":"Caixa divulga calend\u00e1rio de pagamento das contas inativas do FGTS"},"previousItem":{"@type":"ListItem","@id":"https:\/\/anoticiaonline.com.br\/site#listItem","name":"Home"}},{"@type":"ListItem","@id":"https:\/\/anoticiaonline.com.br\/site\/caixa-divulga-calendario-de-pagamento-das-contas-inativas-do-fgts\/#listItem","position":3,"name":"Caixa divulga calend\u00e1rio de pagamento das contas inativas do FGTS","previousItem":{"@type":"ListItem","@id":"https:\/\/anoticiaonline.com.br\/site\/categoria\/gerais\/#listItem","name":"Gerais"}}]},{"@type":"Organization","@id":"https:\/\/anoticiaonline.com.br\/site\/#organization","name":"A Not\u00edcia Online","description":"Noticias de Muria\u00e9 e regi\u00e3o","url":"https:\/\/anoticiaonline.com.br\/site\/","logo":{"@type":"ImageObject","url":"https:\/\/scontent-gig4-1.xx.fbcdn.net\/v\/t39.30808-1\/270437624_4564083193639691_6907940295614233970_n.jpg?stp=dst-jpg_s200x200_tt6&_nc_cat=111&ccb=1-7&_nc_sid=f907e8&_nc_ohc=SM1wRlP3lJwQ7kNvwEPuBYA&_nc_oc=AdnqrjDN_BNjSSHWO-GbkIWH6fkGMLw4bqvL_NH6e2wMveX7G-rP2dAqsDSq1mJMOaY&_nc_zt=24&_nc_ht=scontent-gig4-1.xx&_nc_gid=AoBFJeGrT1hVaew_6rchkQ&oh=00_AfX7QmFGhQhG2jAllVgXCiM1ZrWgvtp80-Bfppyexh1QEg&oe=689E923C","@id":"https:\/\/anoticiaonline.com.br\/site\/caixa-divulga-calendario-de-pagamento-das-contas-inativas-do-fgts\/#organizationLogo"},"image":{"@id":"https:\/\/anoticiaonline.com.br\/site\/caixa-divulga-calendario-de-pagamento-das-contas-inativas-do-fgts\/#organizationLogo"}},{"@type":"Person","@id":"https:\/\/anoticiaonline.com.br\/site\/author\/juliana\/#author","url":"https:\/\/anoticiaonline.com.br\/site\/author\/juliana\/","name":"Juliana Laviola","image":{"@type":"ImageObject","@id":"https:\/\/anoticiaonline.com.br\/site\/caixa-divulga-calendario-de-pagamento-das-contas-inativas-do-fgts\/#authorImage","url":"https:\/\/secure.gravatar.com\/avatar\/b8d45f5c699b100dfaf0e543582f38f38bf94cb7ae3a5e9abf8d891a34773335?s=96&d=mm&r=g","width":96,"height":96,"caption":"Juliana Laviola"}},{"@type":"WebPage","@id":"https:\/\/anoticiaonline.com.br\/site\/caixa-divulga-calendario-de-pagamento-das-contas-inativas-do-fgts\/#webpage","url":"https:\/\/anoticiaonline.com.br\/site\/caixa-divulga-calendario-de-pagamento-das-contas-inativas-do-fgts\/","name":"Caixa divulga calend\u00e1rio de pagamento das contas inativas do FGTS - A Not\u00edcia Online","description":"O Governo Federal e a Caixa divulgaram na ter\u00e7a-feira (14) a sistem\u00e1tica e o calend\u00e1rio de pagamento das contas inativas do Fundo de Garantia do Tempo de Servi\u00e7o (FGTS). Conforme a Medida Provis\u00f3ria 763\/2016, tem direto ao pagamento de conta inativa o trabalhador que pediu demiss\u00e3o ou foi demitido por justa causa at\u00e9 31 de","inLanguage":"pt-BR","isPartOf":{"@id":"https:\/\/anoticiaonline.com.br\/site\/#website"},"breadcrumb":{"@id":"https:\/\/anoticiaonline.com.br\/site\/caixa-divulga-calendario-de-pagamento-das-contas-inativas-do-fgts\/#breadcrumblist"},"author":{"@id":"https:\/\/anoticiaonline.com.br\/site\/author\/juliana\/#author"},"creator":{"@id":"https:\/\/anoticiaonline.com.br\/site\/author\/juliana\/#author"},"image":{"@type":"ImageObject","url":"https:\/\/anoticiaonline.com.br\/site\/wp-content\/uploads\/2017\/02\/unnamed.jpg","@id":"https:\/\/anoticiaonline.com.br\/site\/caixa-divulga-calendario-de-pagamento-das-contas-inativas-do-fgts\/#mainImage","width":600,"height":175},"primaryImageOfPage":{"@id":"https:\/\/anoticiaonline.com.br\/site\/caixa-divulga-calendario-de-pagamento-das-contas-inativas-do-fgts\/#mainImage"},"datePublished":"2017-02-14T13:46:48-03:00","dateModified":"2017-02-14T13:46:48-03:00"},{"@type":"WebSite","@id":"https:\/\/anoticiaonline.com.br\/site\/#website","url":"https:\/\/anoticiaonline.com.br\/site\/","name":"A Not\u00edcia Online","description":"Noticias de Muria\u00e9 e regi\u00e3o","inLanguage":"pt-BR","publisher":{"@id":"https:\/\/anoticiaonline.com.br\/site\/#organization"}}]},"og:locale":"pt_BR","og:site_name":"A Not\u00edcia Online - Noticias de Muria\u00e9 e regi\u00e3o","og:type":"article","og:title":"Caixa divulga calend\u00e1rio de pagamento das contas inativas do FGTS - A Not\u00edcia Online","og:description":"O Governo Federal e a Caixa divulgaram na ter\u00e7a-feira (14) a sistem\u00e1tica e o calend\u00e1rio de pagamento das contas inativas do Fundo de Garantia do Tempo de Servi\u00e7o (FGTS). Conforme a Medida Provis\u00f3ria 763\/2016, tem direto ao pagamento de conta inativa o trabalhador que pediu demiss\u00e3o ou foi demitido por justa causa at\u00e9 31 de","og:url":"https:\/\/anoticiaonline.com.br\/site\/caixa-divulga-calendario-de-pagamento-das-contas-inativas-do-fgts\/","og:image":"https:\/\/scontent-gig4-1.xx.fbcdn.net\/v\/t39.30808-1\/270437624_4564083193639691_6907940295614233970_n.jpg?stp=dst-jpg_s200x200_tt6&#038;_nc_cat=111&#038;ccb=1-7&#038;_nc_sid=f907e8&#038;_nc_ohc=SM1wRlP3lJwQ7kNvwEPuBYA&#038;_nc_oc=AdnqrjDN_BNjSSHWO-GbkIWH6fkGMLw4bqvL_NH6e2wMveX7G-rP2dAqsDSq1mJMOaY&#038;_nc_zt=24&#038;_nc_ht=scontent-gig4-1.xx&#038;_nc_gid=AoBFJeGrT1hVaew_6rchkQ&#038;oh=00_AfX7QmFGhQhG2jAllVgXCiM1ZrWgvtp80-Bfppyexh1QEg&#038;oe=689E923C","og:image:secure_url":"https:\/\/scontent-gig4-1.xx.fbcdn.net\/v\/t39.30808-1\/270437624_4564083193639691_6907940295614233970_n.jpg?stp=dst-jpg_s200x200_tt6&#038;_nc_cat=111&#038;ccb=1-7&#038;_nc_sid=f907e8&#038;_nc_ohc=SM1wRlP3lJwQ7kNvwEPuBYA&#038;_nc_oc=AdnqrjDN_BNjSSHWO-GbkIWH6fkGMLw4bqvL_NH6e2wMveX7G-rP2dAqsDSq1mJMOaY&#038;_nc_zt=24&#038;_nc_ht=scontent-gig4-1.xx&#038;_nc_gid=AoBFJeGrT1hVaew_6rchkQ&#038;oh=00_AfX7QmFGhQhG2jAllVgXCiM1ZrWgvtp80-Bfppyexh1QEg&#038;oe=689E923C","article:published_time":"2017-02-14T16:46:48+00:00","article:modified_time":"2017-02-14T16:46:48+00:00","twitter:card":"summary_large_image","twitter:title":"Caixa divulga calend\u00e1rio de pagamento das contas inativas do FGTS - A Not\u00edcia Online","twitter:description":"O Governo Federal e a Caixa divulgaram na ter\u00e7a-feira (14) a sistem\u00e1tica e o calend\u00e1rio de pagamento das contas inativas do Fundo de Garantia do Tempo de Servi\u00e7o (FGTS). Conforme a Medida Provis\u00f3ria 763\/2016, tem direto ao pagamento de conta inativa o trabalhador que pediu demiss\u00e3o ou foi demitido por justa causa at\u00e9 31 de","twitter:image":"https:\/\/scontent-gig4-1.xx.fbcdn.net\/v\/t39.30808-1\/270437624_4564083193639691_6907940295614233970_n.jpg?stp=dst-jpg_s200x200_tt6&_nc_cat=111&ccb=1-7&_nc_sid=f907e8&_nc_ohc=SM1wRlP3lJwQ7kNvwEPuBYA&_nc_oc=AdnqrjDN_BNjSSHWO-GbkIWH6fkGMLw4bqvL_NH6e2wMveX7G-rP2dAqsDSq1mJMOaY&_nc_zt=24&_nc_ht=scontent-gig4-1.xx&_nc_gid=AoBFJeGrT1hVaew_6rchkQ&oh=00_AfX7QmFGhQhG2jAllVgXCiM1ZrWgvtp80-Bfppyexh1QEg&oe=689E923C"},"aioseo_meta_data":{"post_id":"24289","title":null,"description":null,"keywords":null,"keyphrases":null,"primary_term":null,"canonical_url":null,"og_title":null,"og_description":null,"og_object_type":"default","og_image_type":"default","og_image_url":null,"og_image_width":null,"og_image_height":null,"og_image_custom_url":null,"og_image_custom_fields":null,"og_video":null,"og_custom_url":null,"og_article_section":null,"og_article_tags":null,"twitter_use_og":false,"twitter_card":"default","twitter_image_type":"default","twitter_image_url":null,"twitter_image_custom_url":null,"twitter_image_custom_fields":null,"twitter_title":null,"twitter_description":null,"schema":{"blockGraphs":[],"customGraphs":[],"default":{"data":{"Article":[],"Course":[],"Dataset":[],"FAQPage":[],"Movie":[],"Person":[],"Product":[],"ProductReview":[],"Car":[],"Recipe":[],"Service":[],"SoftwareApplication":[],"WebPage":[]},"graphName":"","isEnabled":true},"graphs":[]},"schema_type":"default","schema_type_options":null,"pillar_content":false,"robots_default":true,"robots_noindex":false,"robots_noarchive":false,"robots_nosnippet":false,"robots_nofollow":false,"robots_noimageindex":false,"robots_noodp":false,"robots_notranslate":false,"robots_max_snippet":null,"robots_max_videopreview":null,"robots_max_imagepreview":"large","priority":null,"frequency":null,"local_seo":null,"breadcrumb_settings":null,"limit_modified_date":false,"ai":null,"created":"2025-08-16 17:35:55","updated":"2025-08-16 17:35:55","focus_keyword":null,"additional_keywords":null,"truseo_locale":null,"seo_analyzer_scan_date":null},"aioseo_breadcrumb":"<div class=\"aioseo-breadcrumbs\"><span class=\"aioseo-breadcrumb\">\n\t\t\t<a href=\"https:\/\/anoticiaonline.com.br\/site\" title=\"Home\">Home<\/a>\n\t\t<\/span><span class=\"aioseo-breadcrumb-separator\">&raquo;<\/span><span class=\"aioseo-breadcrumb\">\n\t\t\t<a href=\"https:\/\/anoticiaonline.com.br\/site\/categoria\/gerais\/\" title=\"Gerais\">Gerais<\/a>\n\t\t<\/span><span class=\"aioseo-breadcrumb-separator\">&raquo;<\/span><span class=\"aioseo-breadcrumb\">\n\t\t\tCaixa divulga calend\u00e1rio de pagamento das contas inativas do FGTS\n\t\t<\/span><\/div>","aioseo_breadcrumb_json":[{"label":"Home","link":"https:\/\/anoticiaonline.com.br\/site"},{"label":"Gerais","link":"https:\/\/anoticiaonline.com.br\/site\/categoria\/gerais\/"},{"label":"Caixa divulga calend\u00e1rio de pagamento das contas inativas do FGTS","link":"https:\/\/anoticiaonline.com.br\/site\/caixa-divulga-calendario-de-pagamento-das-contas-inativas-do-fgts\/"}],"views":157,"_links":{"self":[{"href":"https:\/\/anoticiaonline.com.br\/site\/wp-json\/wp\/v2\/posts\/24289","targetHints":{"allow":["GET"]}}],"collection":[{"href":"https:\/\/anoticiaonline.com.br\/site\/wp-json\/wp\/v2\/posts"}],"about":[{"href":"https:\/\/anoticiaonline.com.br\/site\/wp-json\/wp\/v2\/types\/post"}],"author":[{"embeddable":true,"href":"https:\/\/anoticiaonline.com.br\/site\/wp-json\/wp\/v2\/users\/2"}],"replies":[{"embeddable":true,"href":"https:\/\/anoticiaonline.com.br\/site\/wp-json\/wp\/v2\/comments?post=24289"}],"version-history":[{"count":0,"href":"https:\/\/anoticiaonline.com.br\/site\/wp-json\/wp\/v2\/posts\/24289\/revisions"}],"wp:featuredmedia":[{"embeddable":true,"href":"https:\/\/anoticiaonline.com.br\/site\/wp-json\/wp\/v2\/media\/24290"}],"wp:attachment":[{"href":"https:\/\/anoticiaonline.com.br\/site\/wp-json\/wp\/v2\/media?parent=24289"}],"wp:term":[{"taxonomy":"category","embeddable":true,"href":"https:\/\/anoticiaonline.com.br\/site\/wp-json\/wp\/v2\/categories?post=24289"},{"taxonomy":"post_tag","embeddable":true,"href":"https:\/\/anoticiaonline.com.br\/site\/wp-json\/wp\/v2\/tags?post=24289"}],"curies":[{"name":"wp","href":"https:\/\/api.w.org\/{rel}","templated":true}]}}