{"id":24275,"date":"2017-02-13T15:10:42","date_gmt":"2017-02-13T18:10:42","guid":{"rendered":"http:\/\/anoticiaonline.com.br\/site\/?p=24275"},"modified":"2017-02-13T15:10:42","modified_gmt":"2017-02-13T18:10:42","slug":"abertas-as-inscricoes-para-contratacao-de-profissionais-e-estagiarios","status":"publish","type":"post","link":"https:\/\/anoticiaonline.com.br\/site\/abertas-as-inscricoes-para-contratacao-de-profissionais-e-estagiarios\/","title":{"rendered":"Abertas as inscri\u00e7\u00f5es para contrata\u00e7\u00e3o de profissionais e estagi\u00e1rios"},"content":{"rendered":"<p><a href=\"https:\/\/anoticiaonline.com.br\/site\/wp-content\/uploads\/2016\/09\/centro-administrativo.jpg\"><img fetchpriority=\"high\" decoding=\"async\" class=\" size-medium wp-image-18982 alignleft\" src=\"https:\/\/anoticiaonline.com.br\/site\/wp-content\/uploads\/2016\/09\/centro-administrativo-300x206.jpg\" alt=\"centro-administrativo\" width=\"300\" height=\"206\" srcset=\"https:\/\/anoticiaonline.com.br\/site\/wp-content\/uploads\/2016\/09\/centro-administrativo-300x206.jpg 300w, https:\/\/anoticiaonline.com.br\/site\/wp-content\/uploads\/2016\/09\/centro-administrativo.jpg 640w\" sizes=\"(max-width: 300px) 100vw, 300px\" \/><\/a>A Secretaria Municipal de Desenvolvimento Social de Muria\u00e9 est\u00e1 com dois editais de processos seletivos abertos &#8211; um para contrata\u00e7\u00e3o tempor\u00e1ria de profissionais para atua\u00e7\u00e3o no programa AABB Comunidade e outro para est\u00e1gio, destinado a estudantes de Psicologia ou Servi\u00e7o Social que estejam cursando o sexto per\u00edodo em diante.<\/p>\n<p>Em ambos os casos, as inscri\u00e7\u00f5es podem ser feitas at\u00e9 a pr\u00f3xima sexta-feira (17). Confira:<\/p>\n<p><strong>AABB COMUNIDADE &#8211;<\/strong> O edital para o programa AABB Comunidade oferece vagas para os cargos de auxiliar de coordena\u00e7\u00e3o (n\u00edvel m\u00e9dio), educador social e coordenador pedag\u00f3gico (ambos de n\u00edvel superior). A remunera\u00e7\u00e3o mensal varia de R$ 937,00 a R$1.500,00.<\/p>\n<p>As inscri\u00e7\u00f5es devem ser feitas presencialmente na sede da secretaria, localizada no primeiro andar do Centro Administrativo, de 9h \u00e0s 11h e de 14h \u00e0s 16h. A ficha de inscri\u00e7\u00e3o, bem como as regras do processo seletivo, est\u00e3o dispon\u00edveis no pr\u00f3prio edital.<\/p>\n<p>N\u00e3o haver\u00e1 avalia\u00e7\u00e3o para os candidatos. A sele\u00e7\u00e3o se dar\u00e1 atrav\u00e9s da an\u00e1lise documental de qualifica\u00e7\u00e3o t\u00e9cnica de cada participante, de acordo com a tabela de pontua\u00e7\u00e3o constante no edital de abertura. No caso de igualdade de pontos entre dois ou mais candidatos, o desempate seguir\u00e1 crit\u00e9rios de idade &#8211; caso seja necess\u00e1rio, ser\u00e1 realizado sorteio p\u00fablico.<\/p>\n<p>O prazo da contrata\u00e7\u00e3o tempor\u00e1ria \u00e9 de um ano, a contar da data de homologa\u00e7\u00e3o do resultado final, podendo ser prorrogado uma vez, pelo menos per\u00edodo, a crit\u00e9rio da Secretaria Municipal de Desenvolvimento Social.<\/p>\n<p>O edital est\u00e1 dispon\u00edvel em http:\/\/drive.google.com\/file\/d\/0BxUsfYV-UD00TklxeVQwWThDcmV4YzY3cFEzN2pZNElFUHRF\/view.<\/p>\n<p><strong>EST\u00c1GIO &#8211; PSICOLOGIA OU SERVI\u00c7O SOCIAL &#8211;<\/strong> Estudantes matriculados no sexto per\u00edodo em diante dos cursos de gradua\u00e7\u00e3o em Psicologia ou Servi\u00e7o Social podem participar do processo seletivo para contrata\u00e7\u00e3o tempor\u00e1ria de estagi\u00e1rios para o programa Benef\u00edcio de Presta\u00e7\u00e3o Continuada na Escola. Inicialmente, h\u00e1 oferta de uma vaga, al\u00e9m de forma\u00e7\u00e3o de cadastro de reserva.<\/p>\n<p>As inscri\u00e7\u00f5es s\u00e3o gratuitas e devem ser feitas exclusivamente pela internet at\u00e9 as 23h59min do dia 17 de fevereiro. O valor da bolsa-est\u00e1gio \u00e9 de R$ 937,00, equivalente a um sal\u00e1rio m\u00ednimo atual.<\/p>\n<p>A prova ser\u00e1 realizada provavelmente no dia 9 de mar\u00e7o, das 13h30min \u00e0s 16h30min, em local a ser informado pela Secretaria Municipal de Desenvolvimento Social. A jornada de est\u00e1gio ser\u00e1 de seis horas di\u00e1rias, e o termo de compromisso tem validade de 90 dias, sendo permitidas sucessivas renova\u00e7\u00f5es at\u00e9 o limite legal, estando, por\u00e9m, condicionadas \u00e0 disponibilidade de recursos espec\u00edficos do programa BPC na Escola.<\/p>\n<p>O edital est\u00e1 dispon\u00edvel em http:\/\/drive.google.com\/file\/d\/0BxUsfYV-UD00T0M1eFY1NEM1bGpqcDlKa0pMNjJWVHk0WElZ\/view.<\/p>\n<p>O formul\u00e1rio de inscri\u00e7\u00e3o est\u00e1 dispon\u00edvel em http:\/\/docs.google.com\/forms\/d\/e\/1FAIpQLSeyQlK49S-5uZE5EfwtYPcaf81Z08WBO2afio3p-UbhL8HiGQ\/viewform.<\/p>\n","protected":false},"excerpt":{"rendered":"<p>A Secretaria Municipal de Desenvolvimento Social de Muria\u00e9 est\u00e1 com dois editais de processos seletivos abertos &#8211; um para contrata\u00e7\u00e3o tempor\u00e1ria de profissionais para atua\u00e7\u00e3o no programa AABB Comunidade e outro para est\u00e1gio, destinado a estudantes de Psicologia ou Servi\u00e7o Social que estejam cursando o sexto per\u00edodo em diante. Em ambos os casos, as inscri\u00e7\u00f5es &#8230; <a title=\"Abertas as inscri\u00e7\u00f5es para contrata\u00e7\u00e3o de profissionais e estagi\u00e1rios\" class=\"read-more\" href=\"https:\/\/anoticiaonline.com.br\/site\/abertas-as-inscricoes-para-contratacao-de-profissionais-e-estagiarios\/\" aria-label=\"Read more about Abertas as inscri\u00e7\u00f5es para contrata\u00e7\u00e3o de profissionais e estagi\u00e1rios\">Ler mais<\/a><\/p>\n","protected":false},"author":2,"featured_media":18982,"comment_status":"open","ping_status":"open","sticky":false,"template":"","format":"standard","meta":{"_acf_changed":false,"_monsterinsights_skip_tracking":false,"footnotes":""},"categories":[30],"tags":[3],"class_list":["post-24275","post","type-post","status-publish","format-standard","has-post-thumbnail","hentry","category-muriae","tag-slide"],"acf":[],"aioseo_notices":[],"aioseo_head":"\n\t\t<!-- All in One SEO 5.0.0.1 - aioseo.com -->\n\t<meta name=\"description\" content=\"A Secretaria Municipal de Desenvolvimento Social de Muria\u00e9 est\u00e1 com dois editais de processos seletivos abertos - um para contrata\u00e7\u00e3o tempor\u00e1ria de profissionais para atua\u00e7\u00e3o no programa AABB Comunidade e outro para est\u00e1gio, destinado a estudantes de Psicologia ou Servi\u00e7o Social que estejam cursando o sexto per\u00edodo em diante. Em ambos os casos, as inscri\u00e7\u00f5es\" \/>\n\t<meta name=\"robots\" content=\"max-image-preview:large\" \/>\n\t<meta name=\"author\" content=\"Juliana Laviola\"\/>\n\t<link rel=\"canonical\" href=\"https:\/\/anoticiaonline.com.br\/site\/abertas-as-inscricoes-para-contratacao-de-profissionais-e-estagiarios\/\" \/>\n\t<meta name=\"generator\" content=\"All in One SEO (AIOSEO) 5.0.0.1\" \/>\n\t\t<meta property=\"og:locale\" content=\"pt_BR\" \/>\n\t\t<meta property=\"og:site_name\" content=\"A Not\u00edcia Online - Noticias de Muria\u00e9 e regi\u00e3o\" \/>\n\t\t<meta property=\"og:type\" content=\"article\" \/>\n\t\t<meta property=\"og:title\" content=\"Abertas as inscri\u00e7\u00f5es para contrata\u00e7\u00e3o de profissionais e estagi\u00e1rios - A Not\u00edcia Online\" \/>\n\t\t<meta property=\"og:description\" content=\"A Secretaria Municipal de Desenvolvimento Social de Muria\u00e9 est\u00e1 com dois editais de processos seletivos abertos - um para contrata\u00e7\u00e3o tempor\u00e1ria de profissionais para atua\u00e7\u00e3o no programa AABB Comunidade e outro para est\u00e1gio, destinado a estudantes de Psicologia ou Servi\u00e7o Social que estejam cursando o sexto per\u00edodo em diante. Em ambos os casos, as inscri\u00e7\u00f5es\" \/>\n\t\t<meta property=\"og:url\" content=\"https:\/\/anoticiaonline.com.br\/site\/abertas-as-inscricoes-para-contratacao-de-profissionais-e-estagiarios\/\" \/>\n\t\t<meta property=\"og:image\" content=\"https:\/\/scontent-gig4-1.xx.fbcdn.net\/v\/t39.30808-1\/270437624_4564083193639691_6907940295614233970_n.jpg?stp=dst-jpg_s200x200_tt6&#038;_nc_cat=111&#038;ccb=1-7&#038;_nc_sid=f907e8&#038;_nc_ohc=SM1wRlP3lJwQ7kNvwEPuBYA&#038;_nc_oc=AdnqrjDN_BNjSSHWO-GbkIWH6fkGMLw4bqvL_NH6e2wMveX7G-rP2dAqsDSq1mJMOaY&#038;_nc_zt=24&#038;_nc_ht=scontent-gig4-1.xx&#038;_nc_gid=AoBFJeGrT1hVaew_6rchkQ&#038;oh=00_AfX7QmFGhQhG2jAllVgXCiM1ZrWgvtp80-Bfppyexh1QEg&#038;oe=689E923C\" \/>\n\t\t<meta property=\"og:image:secure_url\" content=\"https:\/\/scontent-gig4-1.xx.fbcdn.net\/v\/t39.30808-1\/270437624_4564083193639691_6907940295614233970_n.jpg?stp=dst-jpg_s200x200_tt6&#038;_nc_cat=111&#038;ccb=1-7&#038;_nc_sid=f907e8&#038;_nc_ohc=SM1wRlP3lJwQ7kNvwEPuBYA&#038;_nc_oc=AdnqrjDN_BNjSSHWO-GbkIWH6fkGMLw4bqvL_NH6e2wMveX7G-rP2dAqsDSq1mJMOaY&#038;_nc_zt=24&#038;_nc_ht=scontent-gig4-1.xx&#038;_nc_gid=AoBFJeGrT1hVaew_6rchkQ&#038;oh=00_AfX7QmFGhQhG2jAllVgXCiM1ZrWgvtp80-Bfppyexh1QEg&#038;oe=689E923C\" \/>\n\t\t<meta property=\"article:published_time\" content=\"2017-02-13T18:10:42+00:00\" \/>\n\t\t<meta property=\"article:modified_time\" content=\"2017-02-13T18:10:42+00:00\" \/>\n\t\t<meta name=\"twitter:card\" content=\"summary_large_image\" \/>\n\t\t<meta name=\"twitter:title\" content=\"Abertas as inscri\u00e7\u00f5es para contrata\u00e7\u00e3o de profissionais e estagi\u00e1rios - A Not\u00edcia Online\" \/>\n\t\t<meta name=\"twitter:description\" content=\"A Secretaria Municipal de Desenvolvimento Social de Muria\u00e9 est\u00e1 com dois editais de processos seletivos abertos - um para contrata\u00e7\u00e3o tempor\u00e1ria de profissionais para atua\u00e7\u00e3o no programa AABB Comunidade e outro para est\u00e1gio, destinado a estudantes de Psicologia ou Servi\u00e7o Social que estejam cursando o sexto per\u00edodo em diante. Em ambos os casos, as inscri\u00e7\u00f5es\" \/>\n\t\t<meta name=\"twitter:image\" content=\"https:\/\/scontent-gig4-1.xx.fbcdn.net\/v\/t39.30808-1\/270437624_4564083193639691_6907940295614233970_n.jpg?stp=dst-jpg_s200x200_tt6&amp;_nc_cat=111&amp;ccb=1-7&amp;_nc_sid=f907e8&amp;_nc_ohc=SM1wRlP3lJwQ7kNvwEPuBYA&amp;_nc_oc=AdnqrjDN_BNjSSHWO-GbkIWH6fkGMLw4bqvL_NH6e2wMveX7G-rP2dAqsDSq1mJMOaY&amp;_nc_zt=24&amp;_nc_ht=scontent-gig4-1.xx&amp;_nc_gid=AoBFJeGrT1hVaew_6rchkQ&amp;oh=00_AfX7QmFGhQhG2jAllVgXCiM1ZrWgvtp80-Bfppyexh1QEg&amp;oe=689E923C\" \/>\n\t\t<script type=\"application\/ld+json\" class=\"aioseo-schema\">\n\t\t\t{\"@context\":\"https:\\\/\\\/schema.org\",\"@graph\":[{\"@type\":\"BlogPosting\",\"@id\":\"https:\\\/\\\/anoticiaonline.com.br\\\/site\\\/abertas-as-inscricoes-para-contratacao-de-profissionais-e-estagiarios\\\/#blogposting\",\"name\":\"Abertas as inscri\\u00e7\\u00f5es para contrata\\u00e7\\u00e3o de profissionais e estagi\\u00e1rios - A Not\\u00edcia Online\",\"headline\":\"Abertas as inscri\\u00e7\\u00f5es para contrata\\u00e7\\u00e3o de profissionais e estagi\\u00e1rios\",\"author\":{\"@id\":\"https:\\\/\\\/anoticiaonline.com.br\\\/site\\\/author\\\/juliana\\\/#author\"},\"publisher\":{\"@id\":\"https:\\\/\\\/anoticiaonline.com.br\\\/site\\\/#organization\"},\"image\":{\"@type\":\"ImageObject\",\"url\":\"https:\\\/\\\/anoticiaonline.com.br\\\/site\\\/wp-content\\\/uploads\\\/2016\\\/09\\\/centro-administrativo.jpg\",\"width\":640,\"height\":440},\"datePublished\":\"2017-02-13T15:10:42-03:00\",\"dateModified\":\"2017-02-13T15:10:42-03:00\",\"inLanguage\":\"pt-BR\",\"mainEntityOfPage\":{\"@id\":\"https:\\\/\\\/anoticiaonline.com.br\\\/site\\\/abertas-as-inscricoes-para-contratacao-de-profissionais-e-estagiarios\\\/#webpage\"},\"isPartOf\":{\"@id\":\"https:\\\/\\\/anoticiaonline.com.br\\\/site\\\/abertas-as-inscricoes-para-contratacao-de-profissionais-e-estagiarios\\\/#webpage\"},\"articleSection\":\"Blog, slide\"},{\"@type\":\"BreadcrumbList\",\"@id\":\"https:\\\/\\\/anoticiaonline.com.br\\\/site\\\/abertas-as-inscricoes-para-contratacao-de-profissionais-e-estagiarios\\\/#breadcrumblist\",\"itemListElement\":[{\"@type\":\"ListItem\",\"@id\":\"https:\\\/\\\/anoticiaonline.com.br\\\/site#listItem\",\"position\":1,\"name\":\"Home\",\"item\":\"https:\\\/\\\/anoticiaonline.com.br\\\/site\",\"nextItem\":{\"@type\":\"ListItem\",\"@id\":\"https:\\\/\\\/anoticiaonline.com.br\\\/site\\\/categoria\\\/muriae\\\/#listItem\",\"name\":\"Blog\"}},{\"@type\":\"ListItem\",\"@id\":\"https:\\\/\\\/anoticiaonline.com.br\\\/site\\\/categoria\\\/muriae\\\/#listItem\",\"position\":2,\"name\":\"Blog\",\"item\":\"https:\\\/\\\/anoticiaonline.com.br\\\/site\\\/categoria\\\/muriae\\\/\",\"nextItem\":{\"@type\":\"ListItem\",\"@id\":\"https:\\\/\\\/anoticiaonline.com.br\\\/site\\\/abertas-as-inscricoes-para-contratacao-de-profissionais-e-estagiarios\\\/#listItem\",\"name\":\"Abertas as inscri\\u00e7\\u00f5es para contrata\\u00e7\\u00e3o de profissionais e estagi\\u00e1rios\"},\"previousItem\":{\"@type\":\"ListItem\",\"@id\":\"https:\\\/\\\/anoticiaonline.com.br\\\/site#listItem\",\"name\":\"Home\"}},{\"@type\":\"ListItem\",\"@id\":\"https:\\\/\\\/anoticiaonline.com.br\\\/site\\\/abertas-as-inscricoes-para-contratacao-de-profissionais-e-estagiarios\\\/#listItem\",\"position\":3,\"name\":\"Abertas as inscri\\u00e7\\u00f5es para contrata\\u00e7\\u00e3o de profissionais e estagi\\u00e1rios\",\"previousItem\":{\"@type\":\"ListItem\",\"@id\":\"https:\\\/\\\/anoticiaonline.com.br\\\/site\\\/categoria\\\/muriae\\\/#listItem\",\"name\":\"Blog\"}}]},{\"@type\":\"Organization\",\"@id\":\"https:\\\/\\\/anoticiaonline.com.br\\\/site\\\/#organization\",\"name\":\"A Not\\u00edcia Online\",\"description\":\"Noticias de Muria\\u00e9 e regi\\u00e3o\",\"url\":\"https:\\\/\\\/anoticiaonline.com.br\\\/site\\\/\",\"logo\":{\"@type\":\"ImageObject\",\"url\":\"https:\\\/\\\/scontent-gig4-1.xx.fbcdn.net\\\/v\\\/t39.30808-1\\\/270437624_4564083193639691_6907940295614233970_n.jpg?stp=dst-jpg_s200x200_tt6&_nc_cat=111&ccb=1-7&_nc_sid=f907e8&_nc_ohc=SM1wRlP3lJwQ7kNvwEPuBYA&_nc_oc=AdnqrjDN_BNjSSHWO-GbkIWH6fkGMLw4bqvL_NH6e2wMveX7G-rP2dAqsDSq1mJMOaY&_nc_zt=24&_nc_ht=scontent-gig4-1.xx&_nc_gid=AoBFJeGrT1hVaew_6rchkQ&oh=00_AfX7QmFGhQhG2jAllVgXCiM1ZrWgvtp80-Bfppyexh1QEg&oe=689E923C\",\"@id\":\"https:\\\/\\\/anoticiaonline.com.br\\\/site\\\/abertas-as-inscricoes-para-contratacao-de-profissionais-e-estagiarios\\\/#organizationLogo\"},\"image\":{\"@id\":\"https:\\\/\\\/anoticiaonline.com.br\\\/site\\\/abertas-as-inscricoes-para-contratacao-de-profissionais-e-estagiarios\\\/#organizationLogo\"}},{\"@type\":\"Person\",\"@id\":\"https:\\\/\\\/anoticiaonline.com.br\\\/site\\\/author\\\/juliana\\\/#author\",\"url\":\"https:\\\/\\\/anoticiaonline.com.br\\\/site\\\/author\\\/juliana\\\/\",\"name\":\"Juliana Laviola\",\"image\":{\"@type\":\"ImageObject\",\"@id\":\"https:\\\/\\\/anoticiaonline.com.br\\\/site\\\/abertas-as-inscricoes-para-contratacao-de-profissionais-e-estagiarios\\\/#authorImage\",\"url\":\"https:\\\/\\\/secure.gravatar.com\\\/avatar\\\/b8d45f5c699b100dfaf0e543582f38f38bf94cb7ae3a5e9abf8d891a34773335?s=96&d=mm&r=g\",\"width\":96,\"height\":96,\"caption\":\"Juliana Laviola\"}},{\"@type\":\"WebPage\",\"@id\":\"https:\\\/\\\/anoticiaonline.com.br\\\/site\\\/abertas-as-inscricoes-para-contratacao-de-profissionais-e-estagiarios\\\/#webpage\",\"url\":\"https:\\\/\\\/anoticiaonline.com.br\\\/site\\\/abertas-as-inscricoes-para-contratacao-de-profissionais-e-estagiarios\\\/\",\"name\":\"Abertas as inscri\\u00e7\\u00f5es para contrata\\u00e7\\u00e3o de profissionais e estagi\\u00e1rios - A Not\\u00edcia Online\",\"description\":\"A Secretaria Municipal de Desenvolvimento Social de Muria\\u00e9 est\\u00e1 com dois editais de processos seletivos abertos - um para contrata\\u00e7\\u00e3o tempor\\u00e1ria de profissionais para atua\\u00e7\\u00e3o no programa AABB Comunidade e outro para est\\u00e1gio, destinado a estudantes de Psicologia ou Servi\\u00e7o Social que estejam cursando o sexto per\\u00edodo em diante. Em ambos os casos, as inscri\\u00e7\\u00f5es\",\"inLanguage\":\"pt-BR\",\"isPartOf\":{\"@id\":\"https:\\\/\\\/anoticiaonline.com.br\\\/site\\\/#website\"},\"breadcrumb\":{\"@id\":\"https:\\\/\\\/anoticiaonline.com.br\\\/site\\\/abertas-as-inscricoes-para-contratacao-de-profissionais-e-estagiarios\\\/#breadcrumblist\"},\"author\":{\"@id\":\"https:\\\/\\\/anoticiaonline.com.br\\\/site\\\/author\\\/juliana\\\/#author\"},\"creator\":{\"@id\":\"https:\\\/\\\/anoticiaonline.com.br\\\/site\\\/author\\\/juliana\\\/#author\"},\"image\":{\"@type\":\"ImageObject\",\"url\":\"https:\\\/\\\/anoticiaonline.com.br\\\/site\\\/wp-content\\\/uploads\\\/2016\\\/09\\\/centro-administrativo.jpg\",\"@id\":\"https:\\\/\\\/anoticiaonline.com.br\\\/site\\\/abertas-as-inscricoes-para-contratacao-de-profissionais-e-estagiarios\\\/#mainImage\",\"width\":640,\"height\":440},\"primaryImageOfPage\":{\"@id\":\"https:\\\/\\\/anoticiaonline.com.br\\\/site\\\/abertas-as-inscricoes-para-contratacao-de-profissionais-e-estagiarios\\\/#mainImage\"},\"datePublished\":\"2017-02-13T15:10:42-03:00\",\"dateModified\":\"2017-02-13T15:10:42-03:00\"},{\"@type\":\"WebSite\",\"@id\":\"https:\\\/\\\/anoticiaonline.com.br\\\/site\\\/#website\",\"url\":\"https:\\\/\\\/anoticiaonline.com.br\\\/site\\\/\",\"name\":\"A Not\\u00edcia Online\",\"description\":\"Noticias de Muria\\u00e9 e regi\\u00e3o\",\"inLanguage\":\"pt-BR\",\"publisher\":{\"@id\":\"https:\\\/\\\/anoticiaonline.com.br\\\/site\\\/#organization\"}}]}\n\t\t<\/script>\n\t\t<!-- All in One SEO -->\n\n","aioseo_head_json":{"title":"Abertas as inscri\u00e7\u00f5es para contrata\u00e7\u00e3o de profissionais e estagi\u00e1rios - A Not\u00edcia Online","description":"A Secretaria Municipal de Desenvolvimento Social de Muria\u00e9 est\u00e1 com dois editais de processos seletivos abertos - um para contrata\u00e7\u00e3o tempor\u00e1ria de profissionais para atua\u00e7\u00e3o no programa AABB Comunidade e outro para est\u00e1gio, destinado a estudantes de Psicologia ou Servi\u00e7o Social que estejam cursando o sexto per\u00edodo em diante. Em ambos os casos, as inscri\u00e7\u00f5es","canonical_url":"https:\/\/anoticiaonline.com.br\/site\/abertas-as-inscricoes-para-contratacao-de-profissionais-e-estagiarios\/","robots":"max-image-preview:large","keywords":"","webmasterTools":{"miscellaneous":""},"schema":{"@context":"https:\/\/schema.org","@graph":[{"@type":"BlogPosting","@id":"https:\/\/anoticiaonline.com.br\/site\/abertas-as-inscricoes-para-contratacao-de-profissionais-e-estagiarios\/#blogposting","name":"Abertas as inscri\u00e7\u00f5es para contrata\u00e7\u00e3o de profissionais e estagi\u00e1rios - A Not\u00edcia Online","headline":"Abertas as inscri\u00e7\u00f5es para contrata\u00e7\u00e3o de profissionais e estagi\u00e1rios","author":{"@id":"https:\/\/anoticiaonline.com.br\/site\/author\/juliana\/#author"},"publisher":{"@id":"https:\/\/anoticiaonline.com.br\/site\/#organization"},"image":{"@type":"ImageObject","url":"https:\/\/anoticiaonline.com.br\/site\/wp-content\/uploads\/2016\/09\/centro-administrativo.jpg","width":640,"height":440},"datePublished":"2017-02-13T15:10:42-03:00","dateModified":"2017-02-13T15:10:42-03:00","inLanguage":"pt-BR","mainEntityOfPage":{"@id":"https:\/\/anoticiaonline.com.br\/site\/abertas-as-inscricoes-para-contratacao-de-profissionais-e-estagiarios\/#webpage"},"isPartOf":{"@id":"https:\/\/anoticiaonline.com.br\/site\/abertas-as-inscricoes-para-contratacao-de-profissionais-e-estagiarios\/#webpage"},"articleSection":"Blog, slide"},{"@type":"BreadcrumbList","@id":"https:\/\/anoticiaonline.com.br\/site\/abertas-as-inscricoes-para-contratacao-de-profissionais-e-estagiarios\/#breadcrumblist","itemListElement":[{"@type":"ListItem","@id":"https:\/\/anoticiaonline.com.br\/site#listItem","position":1,"name":"Home","item":"https:\/\/anoticiaonline.com.br\/site","nextItem":{"@type":"ListItem","@id":"https:\/\/anoticiaonline.com.br\/site\/categoria\/muriae\/#listItem","name":"Blog"}},{"@type":"ListItem","@id":"https:\/\/anoticiaonline.com.br\/site\/categoria\/muriae\/#listItem","position":2,"name":"Blog","item":"https:\/\/anoticiaonline.com.br\/site\/categoria\/muriae\/","nextItem":{"@type":"ListItem","@id":"https:\/\/anoticiaonline.com.br\/site\/abertas-as-inscricoes-para-contratacao-de-profissionais-e-estagiarios\/#listItem","name":"Abertas as inscri\u00e7\u00f5es para contrata\u00e7\u00e3o de profissionais e estagi\u00e1rios"},"previousItem":{"@type":"ListItem","@id":"https:\/\/anoticiaonline.com.br\/site#listItem","name":"Home"}},{"@type":"ListItem","@id":"https:\/\/anoticiaonline.com.br\/site\/abertas-as-inscricoes-para-contratacao-de-profissionais-e-estagiarios\/#listItem","position":3,"name":"Abertas as inscri\u00e7\u00f5es para contrata\u00e7\u00e3o de profissionais e estagi\u00e1rios","previousItem":{"@type":"ListItem","@id":"https:\/\/anoticiaonline.com.br\/site\/categoria\/muriae\/#listItem","name":"Blog"}}]},{"@type":"Organization","@id":"https:\/\/anoticiaonline.com.br\/site\/#organization","name":"A Not\u00edcia Online","description":"Noticias de Muria\u00e9 e regi\u00e3o","url":"https:\/\/anoticiaonline.com.br\/site\/","logo":{"@type":"ImageObject","url":"https:\/\/scontent-gig4-1.xx.fbcdn.net\/v\/t39.30808-1\/270437624_4564083193639691_6907940295614233970_n.jpg?stp=dst-jpg_s200x200_tt6&_nc_cat=111&ccb=1-7&_nc_sid=f907e8&_nc_ohc=SM1wRlP3lJwQ7kNvwEPuBYA&_nc_oc=AdnqrjDN_BNjSSHWO-GbkIWH6fkGMLw4bqvL_NH6e2wMveX7G-rP2dAqsDSq1mJMOaY&_nc_zt=24&_nc_ht=scontent-gig4-1.xx&_nc_gid=AoBFJeGrT1hVaew_6rchkQ&oh=00_AfX7QmFGhQhG2jAllVgXCiM1ZrWgvtp80-Bfppyexh1QEg&oe=689E923C","@id":"https:\/\/anoticiaonline.com.br\/site\/abertas-as-inscricoes-para-contratacao-de-profissionais-e-estagiarios\/#organizationLogo"},"image":{"@id":"https:\/\/anoticiaonline.com.br\/site\/abertas-as-inscricoes-para-contratacao-de-profissionais-e-estagiarios\/#organizationLogo"}},{"@type":"Person","@id":"https:\/\/anoticiaonline.com.br\/site\/author\/juliana\/#author","url":"https:\/\/anoticiaonline.com.br\/site\/author\/juliana\/","name":"Juliana Laviola","image":{"@type":"ImageObject","@id":"https:\/\/anoticiaonline.com.br\/site\/abertas-as-inscricoes-para-contratacao-de-profissionais-e-estagiarios\/#authorImage","url":"https:\/\/secure.gravatar.com\/avatar\/b8d45f5c699b100dfaf0e543582f38f38bf94cb7ae3a5e9abf8d891a34773335?s=96&d=mm&r=g","width":96,"height":96,"caption":"Juliana Laviola"}},{"@type":"WebPage","@id":"https:\/\/anoticiaonline.com.br\/site\/abertas-as-inscricoes-para-contratacao-de-profissionais-e-estagiarios\/#webpage","url":"https:\/\/anoticiaonline.com.br\/site\/abertas-as-inscricoes-para-contratacao-de-profissionais-e-estagiarios\/","name":"Abertas as inscri\u00e7\u00f5es para contrata\u00e7\u00e3o de profissionais e estagi\u00e1rios - A Not\u00edcia Online","description":"A Secretaria Municipal de Desenvolvimento Social de Muria\u00e9 est\u00e1 com dois editais de processos seletivos abertos - um para contrata\u00e7\u00e3o tempor\u00e1ria de profissionais para atua\u00e7\u00e3o no programa AABB Comunidade e outro para est\u00e1gio, destinado a estudantes de Psicologia ou Servi\u00e7o Social que estejam cursando o sexto per\u00edodo em diante. Em ambos os casos, as inscri\u00e7\u00f5es","inLanguage":"pt-BR","isPartOf":{"@id":"https:\/\/anoticiaonline.com.br\/site\/#website"},"breadcrumb":{"@id":"https:\/\/anoticiaonline.com.br\/site\/abertas-as-inscricoes-para-contratacao-de-profissionais-e-estagiarios\/#breadcrumblist"},"author":{"@id":"https:\/\/anoticiaonline.com.br\/site\/author\/juliana\/#author"},"creator":{"@id":"https:\/\/anoticiaonline.com.br\/site\/author\/juliana\/#author"},"image":{"@type":"ImageObject","url":"https:\/\/anoticiaonline.com.br\/site\/wp-content\/uploads\/2016\/09\/centro-administrativo.jpg","@id":"https:\/\/anoticiaonline.com.br\/site\/abertas-as-inscricoes-para-contratacao-de-profissionais-e-estagiarios\/#mainImage","width":640,"height":440},"primaryImageOfPage":{"@id":"https:\/\/anoticiaonline.com.br\/site\/abertas-as-inscricoes-para-contratacao-de-profissionais-e-estagiarios\/#mainImage"},"datePublished":"2017-02-13T15:10:42-03:00","dateModified":"2017-02-13T15:10:42-03:00"},{"@type":"WebSite","@id":"https:\/\/anoticiaonline.com.br\/site\/#website","url":"https:\/\/anoticiaonline.com.br\/site\/","name":"A Not\u00edcia Online","description":"Noticias de Muria\u00e9 e regi\u00e3o","inLanguage":"pt-BR","publisher":{"@id":"https:\/\/anoticiaonline.com.br\/site\/#organization"}}]},"og:locale":"pt_BR","og:site_name":"A Not\u00edcia Online - Noticias de Muria\u00e9 e regi\u00e3o","og:type":"article","og:title":"Abertas as inscri\u00e7\u00f5es para contrata\u00e7\u00e3o de profissionais e estagi\u00e1rios - A Not\u00edcia Online","og:description":"A Secretaria Municipal de Desenvolvimento Social de Muria\u00e9 est\u00e1 com dois editais de processos seletivos abertos - um para contrata\u00e7\u00e3o tempor\u00e1ria de profissionais para atua\u00e7\u00e3o no programa AABB Comunidade e outro para est\u00e1gio, destinado a estudantes de Psicologia ou Servi\u00e7o Social que estejam cursando o sexto per\u00edodo em diante. Em ambos os casos, as inscri\u00e7\u00f5es","og:url":"https:\/\/anoticiaonline.com.br\/site\/abertas-as-inscricoes-para-contratacao-de-profissionais-e-estagiarios\/","og:image":"https:\/\/scontent-gig4-1.xx.fbcdn.net\/v\/t39.30808-1\/270437624_4564083193639691_6907940295614233970_n.jpg?stp=dst-jpg_s200x200_tt6&#038;_nc_cat=111&#038;ccb=1-7&#038;_nc_sid=f907e8&#038;_nc_ohc=SM1wRlP3lJwQ7kNvwEPuBYA&#038;_nc_oc=AdnqrjDN_BNjSSHWO-GbkIWH6fkGMLw4bqvL_NH6e2wMveX7G-rP2dAqsDSq1mJMOaY&#038;_nc_zt=24&#038;_nc_ht=scontent-gig4-1.xx&#038;_nc_gid=AoBFJeGrT1hVaew_6rchkQ&#038;oh=00_AfX7QmFGhQhG2jAllVgXCiM1ZrWgvtp80-Bfppyexh1QEg&#038;oe=689E923C","og:image:secure_url":"https:\/\/scontent-gig4-1.xx.fbcdn.net\/v\/t39.30808-1\/270437624_4564083193639691_6907940295614233970_n.jpg?stp=dst-jpg_s200x200_tt6&#038;_nc_cat=111&#038;ccb=1-7&#038;_nc_sid=f907e8&#038;_nc_ohc=SM1wRlP3lJwQ7kNvwEPuBYA&#038;_nc_oc=AdnqrjDN_BNjSSHWO-GbkIWH6fkGMLw4bqvL_NH6e2wMveX7G-rP2dAqsDSq1mJMOaY&#038;_nc_zt=24&#038;_nc_ht=scontent-gig4-1.xx&#038;_nc_gid=AoBFJeGrT1hVaew_6rchkQ&#038;oh=00_AfX7QmFGhQhG2jAllVgXCiM1ZrWgvtp80-Bfppyexh1QEg&#038;oe=689E923C","article:published_time":"2017-02-13T18:10:42+00:00","article:modified_time":"2017-02-13T18:10:42+00:00","twitter:card":"summary_large_image","twitter:title":"Abertas as inscri\u00e7\u00f5es para contrata\u00e7\u00e3o de profissionais e estagi\u00e1rios - A Not\u00edcia Online","twitter:description":"A Secretaria Municipal de Desenvolvimento Social de Muria\u00e9 est\u00e1 com dois editais de processos seletivos abertos - um para contrata\u00e7\u00e3o tempor\u00e1ria de profissionais para atua\u00e7\u00e3o no programa AABB Comunidade e outro para est\u00e1gio, destinado a estudantes de Psicologia ou Servi\u00e7o Social que estejam cursando o sexto per\u00edodo em diante. Em ambos os casos, as inscri\u00e7\u00f5es","twitter:image":"https:\/\/scontent-gig4-1.xx.fbcdn.net\/v\/t39.30808-1\/270437624_4564083193639691_6907940295614233970_n.jpg?stp=dst-jpg_s200x200_tt6&_nc_cat=111&ccb=1-7&_nc_sid=f907e8&_nc_ohc=SM1wRlP3lJwQ7kNvwEPuBYA&_nc_oc=AdnqrjDN_BNjSSHWO-GbkIWH6fkGMLw4bqvL_NH6e2wMveX7G-rP2dAqsDSq1mJMOaY&_nc_zt=24&_nc_ht=scontent-gig4-1.xx&_nc_gid=AoBFJeGrT1hVaew_6rchkQ&oh=00_AfX7QmFGhQhG2jAllVgXCiM1ZrWgvtp80-Bfppyexh1QEg&oe=689E923C"},"aioseo_meta_data":{"post_id":"24275","title":null,"description":null,"keywords":null,"keyphrases":null,"primary_term":null,"canonical_url":null,"og_title":null,"og_description":null,"og_object_type":"default","og_image_type":"default","og_image_url":null,"og_image_width":null,"og_image_height":null,"og_image_custom_url":null,"og_image_custom_fields":null,"og_video":null,"og_custom_url":null,"og_article_section":null,"og_article_tags":null,"twitter_use_og":false,"twitter_card":"default","twitter_image_type":"default","twitter_image_url":null,"twitter_image_custom_url":null,"twitter_image_custom_fields":null,"twitter_title":null,"twitter_description":null,"schema":{"blockGraphs":[],"customGraphs":[],"default":{"data":{"Article":[],"Course":[],"Dataset":[],"FAQPage":[],"Movie":[],"Person":[],"Product":[],"ProductReview":[],"Car":[],"Recipe":[],"Service":[],"SoftwareApplication":[],"WebPage":[]},"graphName":"","isEnabled":true},"graphs":[]},"schema_type":"default","schema_type_options":null,"pillar_content":false,"robots_default":true,"robots_noindex":false,"robots_noarchive":false,"robots_nosnippet":false,"robots_nofollow":false,"robots_noimageindex":false,"robots_noodp":false,"robots_notranslate":false,"robots_max_snippet":null,"robots_max_videopreview":null,"robots_max_imagepreview":"large","priority":null,"frequency":null,"local_seo":null,"breadcrumb_settings":null,"limit_modified_date":false,"ai":null,"created":"2025-08-16 17:35:55","updated":"2025-08-16 17:35:55","focus_keyword":null,"additional_keywords":null,"truseo_locale":null,"seo_analyzer_scan_date":null},"aioseo_breadcrumb":"<div class=\"aioseo-breadcrumbs\"><span class=\"aioseo-breadcrumb\">\n\t\t\t<a href=\"https:\/\/anoticiaonline.com.br\/site\" title=\"Home\">Home<\/a>\n\t\t<\/span><span class=\"aioseo-breadcrumb-separator\">&raquo;<\/span><span class=\"aioseo-breadcrumb\">\n\t\t\t<a href=\"https:\/\/anoticiaonline.com.br\/site\/categoria\/muriae\/\" title=\"Blog\">Blog<\/a>\n\t\t<\/span><span class=\"aioseo-breadcrumb-separator\">&raquo;<\/span><span class=\"aioseo-breadcrumb\">\n\t\t\tAbertas as inscri\u00e7\u00f5es para contrata\u00e7\u00e3o de profissionais e estagi\u00e1rios\n\t\t<\/span><\/div>","aioseo_breadcrumb_json":[{"label":"Home","link":"https:\/\/anoticiaonline.com.br\/site"},{"label":"Blog","link":"https:\/\/anoticiaonline.com.br\/site\/categoria\/muriae\/"},{"label":"Abertas as inscri\u00e7\u00f5es para contrata\u00e7\u00e3o de profissionais e estagi\u00e1rios","link":"https:\/\/anoticiaonline.com.br\/site\/abertas-as-inscricoes-para-contratacao-de-profissionais-e-estagiarios\/"}],"views":199,"_links":{"self":[{"href":"https:\/\/anoticiaonline.com.br\/site\/wp-json\/wp\/v2\/posts\/24275","targetHints":{"allow":["GET"]}}],"collection":[{"href":"https:\/\/anoticiaonline.com.br\/site\/wp-json\/wp\/v2\/posts"}],"about":[{"href":"https:\/\/anoticiaonline.com.br\/site\/wp-json\/wp\/v2\/types\/post"}],"author":[{"embeddable":true,"href":"https:\/\/anoticiaonline.com.br\/site\/wp-json\/wp\/v2\/users\/2"}],"replies":[{"embeddable":true,"href":"https:\/\/anoticiaonline.com.br\/site\/wp-json\/wp\/v2\/comments?post=24275"}],"version-history":[{"count":0,"href":"https:\/\/anoticiaonline.com.br\/site\/wp-json\/wp\/v2\/posts\/24275\/revisions"}],"wp:featuredmedia":[{"embeddable":true,"href":"https:\/\/anoticiaonline.com.br\/site\/wp-json\/wp\/v2\/media\/18982"}],"wp:attachment":[{"href":"https:\/\/anoticiaonline.com.br\/site\/wp-json\/wp\/v2\/media?parent=24275"}],"wp:term":[{"taxonomy":"category","embeddable":true,"href":"https:\/\/anoticiaonline.com.br\/site\/wp-json\/wp\/v2\/categories?post=24275"},{"taxonomy":"post_tag","embeddable":true,"href":"https:\/\/anoticiaonline.com.br\/site\/wp-json\/wp\/v2\/tags?post=24275"}],"curies":[{"name":"wp","href":"https:\/\/api.w.org\/{rel}","templated":true}]}}