{"id":24241,"date":"2017-02-10T14:31:50","date_gmt":"2017-02-10T17:31:50","guid":{"rendered":"http:\/\/anoticiaonline.com.br\/site\/?p=24241"},"modified":"2017-02-16T16:12:08","modified_gmt":"2017-02-16T19:12:08","slug":"tenente-coronel-joedson-e-o-novo-comandante-do-47o-bpm","status":"publish","type":"post","link":"https:\/\/anoticiaonline.com.br\/site\/tenente-coronel-joedson-e-o-novo-comandante-do-47o-bpm\/","title":{"rendered":"Tenente-coronel Joedson \u00e9 o novo comandante do 47\u00ba BPM"},"content":{"rendered":"<p><a href=\"https:\/\/anoticiaonline.com.br\/site\/wp-content\/uploads\/2017\/02\/04.jpg\"><img fetchpriority=\"high\" decoding=\"async\" class=\" size-medium wp-image-24242 alignleft\" src=\"https:\/\/anoticiaonline.com.br\/site\/wp-content\/uploads\/2017\/02\/04-300x214.jpg\" alt=\"04\" width=\"300\" height=\"214\" srcset=\"https:\/\/anoticiaonline.com.br\/site\/wp-content\/uploads\/2017\/02\/04-300x214.jpg 300w, https:\/\/anoticiaonline.com.br\/site\/wp-content\/uploads\/2017\/02\/04.jpg 640w\" sizes=\"(max-width: 300px) 100vw, 300px\" \/><\/a>O 47\u00ba Batalh\u00e3o de Pol\u00edcia Militar tem novo comandante. Trata-se do tenente-coronel Joedson Flaviano Gomes. O oficial substitui o coronel Ranieri M\u00e1rcio da Cruz, que foi transferido para a reserva da PMMG, ap\u00f3s 30 anos de servi\u00e7os prestados \u00e0 corpora\u00e7\u00e3o.<\/p>\n<p>O novo comandante, que vem da capital Belo Horizonte, destaca que a popula\u00e7\u00e3o, administra\u00e7\u00e3o do Batalh\u00e3o e tropa podem esperar de seu comando \u201cmuito trabalho, dedica\u00e7\u00e3o, honestidade, altivez e pr\u00f3-atividade\u201d na busca da manuten\u00e7\u00e3o da ordem p\u00fablica, na diminui\u00e7\u00e3o dos \u00edndices criminais e no envolvimento com a comunidade.<\/p>\n<p>A cerim\u00f4nia de passagem de comando aconteceu na manh\u00e3 de sexta-feira (10), na sede do Batalh\u00e3o, no bairro Safira, e contou com a presen\u00e7a do novo comandante da 4\u00aa Regi\u00e3o, situada em Juiz de Fora (a qual o Batalh\u00e3o de Muria\u00e9 est\u00e1 subordinado), coronel Alexandre Nocelli, de autoridades militares e da \u00e1rea de seguran\u00e7a p\u00fablica, bem como de pol\u00edticos e representantes dos poderes Executivo, Legislativo e Judici\u00e1rio de Muria\u00e9 e cidades da regi\u00e3o.<\/p>\n<p>O coronel Ranieri disse que encerrar sua carreira em Muria\u00e9, onde fez o curso de forma\u00e7\u00e3o, foi especial. \u201cEu sairia frustrado se eu n\u00e3o encerrasse minha carreira no comando do 47\u00ba Batalh\u00e3o, pois foi aqui que eu iniciei os meus trabalhos e era aqui que eu queria finalizar meus \u00faltimos dias de atividade profissional\u201d, conta.<\/p>\n<p>O oficial diz ainda que foi transferido para a reserva com a sensa\u00e7\u00e3o de dever cumprido. \u201cEspero ter deixado um legado para a corpora\u00e7\u00e3o de Tiradentes, em termos de austeridade e de honestidade, porque \u00e9 nessa corpora\u00e7\u00e3o que lapidamos essas caracter\u00edsticas que nos conduz durante toda a atividade profissional\u201d, afirma.<\/p>\n<figure id=\"attachment_24243\" aria-describedby=\"caption-attachment-24243\" style=\"width: 290px\" class=\"wp-caption alignleft\"><a href=\"https:\/\/anoticiaonline.com.br\/site\/wp-content\/uploads\/2017\/02\/Nova-imagem.jpg\"><img decoding=\"async\" class=\"size-medium wp-image-24243\" src=\"https:\/\/anoticiaonline.com.br\/site\/wp-content\/uploads\/2017\/02\/Nova-imagem-300x225.jpg\" alt=\"Tenente-coronel Joedson, coronel Ranieri e coronel Nocelli \" width=\"300\" height=\"225\" srcset=\"https:\/\/anoticiaonline.com.br\/site\/wp-content\/uploads\/2017\/02\/Nova-imagem-300x225.jpg 300w, https:\/\/anoticiaonline.com.br\/site\/wp-content\/uploads\/2017\/02\/Nova-imagem.jpg 640w\" sizes=\"(max-width: 300px) 100vw, 300px\" \/><\/a><figcaption id=\"caption-attachment-24243\" class=\"wp-caption-text\">Tenente-coronel Joedson, coronel Ranieri e coronel Nocelli<\/figcaption><\/figure>\n<p><strong>BIOGRAFIA DO NOVO COMANDANTE &#8211;<\/strong> Natural de Manhua\u00e7u e criado em Tombos, o tenente-coronel Joedson Flaviano Gomes tem 47 anos e \u00e9 filho de Jos\u00e9 Gomes e Diana Maria Tavares Gomes. Casado com Eloiza da Silva Monteiro Gomes, possui tr\u00eas filhos: Dianna, Gabriel e Jo\u00e3o Vitor.<\/p>\n<p>Ingressou na PMMG no Curso de Forma\u00e7\u00e3o de Oficiais (CFO) em 1990. Em 1993 foi promovido a aspirante a oficial. Chegou ao posto de 2\u00ba tenente em 1994 e foi a 1\u00ba tenente em 1995. Em 1999, foi promovido a capit\u00e3o, e em 2012 a major. J\u00e1 em 2016, chegou ao atual posto de tenente-coronel.<\/p>\n<p>Ap\u00f3s a forma\u00e7\u00e3o no CFO, passou pelo 26\u00ba BPM (Itabira), 12\u00aa Cia PM Ind Mat (Ipatinga), 11\u00ba BPM (Manhua\u00e7u), Diretoria de Sa\u00fade da PMMG, foi subcomandante da 126\u00aa Cia PM\/5\u00ba BPM (BH), comandante da 10\u00aa Cia Esp PM\/5\u00aa BPM (BH) e atuou na Diretoria de Recursos Humanos (DRH). Antes de vir para o 47\u00ba BPM, o tenente-coronel Joedson estava na subchefia do Centro de Gest\u00e3o Documental (CGDoc).<\/p>\n<p>Durante sua carreira, o oficial j\u00e1 realizou v\u00e1rios cursos de especializa\u00e7\u00e3o, como o Curso de Especializa\u00e7\u00e3o de Armamento e Tiro, Curso de Pol\u00edcia Comunit\u00e1ria e Curso de Especializa\u00e7\u00e3o em Seguran\u00e7a P\u00fablica.<\/p>\n<p>Recebeu as seguintes medalhas e condecora\u00e7\u00f5es: Medalha de M\u00e9rito Militar (Grau Bronze), em 2005; Medalha Coronel Saul Alves Martins, em 2014; e Medalha de M\u00e9rito Militar (Grau Prata), em 2015.<\/p>\n<p>&nbsp;<\/p>\n<p><strong>GALERIA DE FOTOS:<\/strong><\/p>\n<p><img decoding=\"async\" class=\"ngg_displayed_gallery mceItem\" src=\"https:\/\/anoticiaonline.com.br\/site\/nextgen-attach_to_post\/preview\/id--24264\" alt=\"\" \/><\/p>\n","protected":false},"excerpt":{"rendered":"<p>O 47\u00ba Batalh\u00e3o de Pol\u00edcia Militar tem novo comandante. Trata-se do tenente-coronel Joedson Flaviano Gomes. O oficial substitui o coronel Ranieri M\u00e1rcio da Cruz, que foi transferido para a reserva da PMMG, ap\u00f3s 30 anos de servi\u00e7os prestados \u00e0 corpora\u00e7\u00e3o. O novo comandante, que vem da capital Belo Horizonte, destaca que a popula\u00e7\u00e3o, administra\u00e7\u00e3o do &#8230; <a title=\"Tenente-coronel Joedson \u00e9 o novo comandante do 47\u00ba BPM\" class=\"read-more\" href=\"https:\/\/anoticiaonline.com.br\/site\/tenente-coronel-joedson-e-o-novo-comandante-do-47o-bpm\/\" aria-label=\"Read more about Tenente-coronel Joedson \u00e9 o novo comandante do 47\u00ba BPM\">Ler mais<\/a><\/p>\n","protected":false},"author":2,"featured_media":24242,"comment_status":"open","ping_status":"open","sticky":false,"template":"","format":"standard","meta":{"_acf_changed":false,"_monsterinsights_skip_tracking":false,"footnotes":""},"categories":[30],"tags":[3],"class_list":["post-24241","post","type-post","status-publish","format-standard","has-post-thumbnail","hentry","category-muriae","tag-slide"],"acf":[],"aioseo_notices":[],"aioseo_head":"\n\t\t<!-- All in One SEO 5.0.0.1 - aioseo.com -->\n\t<meta name=\"description\" content=\"O 47\u00ba Batalh\u00e3o de Pol\u00edcia Militar tem novo comandante. Trata-se do tenente-coronel Joedson Flaviano Gomes. O oficial substitui o coronel Ranieri M\u00e1rcio da Cruz, que foi transferido para a reserva da PMMG, ap\u00f3s 30 anos de servi\u00e7os prestados \u00e0 corpora\u00e7\u00e3o. O novo comandante, que vem da capital Belo Horizonte, destaca que a popula\u00e7\u00e3o, administra\u00e7\u00e3o do\" \/>\n\t<meta name=\"robots\" content=\"max-image-preview:large\" \/>\n\t<meta name=\"author\" content=\"Juliana Laviola\"\/>\n\t<link rel=\"canonical\" href=\"https:\/\/anoticiaonline.com.br\/site\/tenente-coronel-joedson-e-o-novo-comandante-do-47o-bpm\/\" \/>\n\t<meta name=\"generator\" content=\"All in One SEO (AIOSEO) 5.0.0.1\" \/>\n\t\t<meta property=\"og:locale\" content=\"pt_BR\" \/>\n\t\t<meta property=\"og:site_name\" content=\"A Not\u00edcia Online - Noticias de Muria\u00e9 e regi\u00e3o\" \/>\n\t\t<meta property=\"og:type\" content=\"article\" \/>\n\t\t<meta property=\"og:title\" content=\"Tenente-coronel Joedson \u00e9 o novo comandante do 47\u00ba BPM - A Not\u00edcia Online\" \/>\n\t\t<meta property=\"og:description\" content=\"O 47\u00ba Batalh\u00e3o de Pol\u00edcia Militar tem novo comandante. Trata-se do tenente-coronel Joedson Flaviano Gomes. O oficial substitui o coronel Ranieri M\u00e1rcio da Cruz, que foi transferido para a reserva da PMMG, ap\u00f3s 30 anos de servi\u00e7os prestados \u00e0 corpora\u00e7\u00e3o. O novo comandante, que vem da capital Belo Horizonte, destaca que a popula\u00e7\u00e3o, administra\u00e7\u00e3o do\" \/>\n\t\t<meta property=\"og:url\" content=\"https:\/\/anoticiaonline.com.br\/site\/tenente-coronel-joedson-e-o-novo-comandante-do-47o-bpm\/\" \/>\n\t\t<meta property=\"og:image\" content=\"https:\/\/scontent-gig4-1.xx.fbcdn.net\/v\/t39.30808-1\/270437624_4564083193639691_6907940295614233970_n.jpg?stp=dst-jpg_s200x200_tt6&#038;_nc_cat=111&#038;ccb=1-7&#038;_nc_sid=f907e8&#038;_nc_ohc=SM1wRlP3lJwQ7kNvwEPuBYA&#038;_nc_oc=AdnqrjDN_BNjSSHWO-GbkIWH6fkGMLw4bqvL_NH6e2wMveX7G-rP2dAqsDSq1mJMOaY&#038;_nc_zt=24&#038;_nc_ht=scontent-gig4-1.xx&#038;_nc_gid=AoBFJeGrT1hVaew_6rchkQ&#038;oh=00_AfX7QmFGhQhG2jAllVgXCiM1ZrWgvtp80-Bfppyexh1QEg&#038;oe=689E923C\" \/>\n\t\t<meta property=\"og:image:secure_url\" content=\"https:\/\/scontent-gig4-1.xx.fbcdn.net\/v\/t39.30808-1\/270437624_4564083193639691_6907940295614233970_n.jpg?stp=dst-jpg_s200x200_tt6&#038;_nc_cat=111&#038;ccb=1-7&#038;_nc_sid=f907e8&#038;_nc_ohc=SM1wRlP3lJwQ7kNvwEPuBYA&#038;_nc_oc=AdnqrjDN_BNjSSHWO-GbkIWH6fkGMLw4bqvL_NH6e2wMveX7G-rP2dAqsDSq1mJMOaY&#038;_nc_zt=24&#038;_nc_ht=scontent-gig4-1.xx&#038;_nc_gid=AoBFJeGrT1hVaew_6rchkQ&#038;oh=00_AfX7QmFGhQhG2jAllVgXCiM1ZrWgvtp80-Bfppyexh1QEg&#038;oe=689E923C\" \/>\n\t\t<meta property=\"article:published_time\" content=\"2017-02-10T17:31:50+00:00\" \/>\n\t\t<meta property=\"article:modified_time\" content=\"2017-02-16T19:12:08+00:00\" \/>\n\t\t<meta name=\"twitter:card\" content=\"summary_large_image\" \/>\n\t\t<meta name=\"twitter:title\" content=\"Tenente-coronel Joedson \u00e9 o novo comandante do 47\u00ba BPM - A Not\u00edcia Online\" \/>\n\t\t<meta name=\"twitter:description\" content=\"O 47\u00ba Batalh\u00e3o de Pol\u00edcia Militar tem novo comandante. Trata-se do tenente-coronel Joedson Flaviano Gomes. O oficial substitui o coronel Ranieri M\u00e1rcio da Cruz, que foi transferido para a reserva da PMMG, ap\u00f3s 30 anos de servi\u00e7os prestados \u00e0 corpora\u00e7\u00e3o. O novo comandante, que vem da capital Belo Horizonte, destaca que a popula\u00e7\u00e3o, administra\u00e7\u00e3o do\" \/>\n\t\t<meta name=\"twitter:image\" content=\"https:\/\/scontent-gig4-1.xx.fbcdn.net\/v\/t39.30808-1\/270437624_4564083193639691_6907940295614233970_n.jpg?stp=dst-jpg_s200x200_tt6&amp;_nc_cat=111&amp;ccb=1-7&amp;_nc_sid=f907e8&amp;_nc_ohc=SM1wRlP3lJwQ7kNvwEPuBYA&amp;_nc_oc=AdnqrjDN_BNjSSHWO-GbkIWH6fkGMLw4bqvL_NH6e2wMveX7G-rP2dAqsDSq1mJMOaY&amp;_nc_zt=24&amp;_nc_ht=scontent-gig4-1.xx&amp;_nc_gid=AoBFJeGrT1hVaew_6rchkQ&amp;oh=00_AfX7QmFGhQhG2jAllVgXCiM1ZrWgvtp80-Bfppyexh1QEg&amp;oe=689E923C\" \/>\n\t\t<script type=\"application\/ld+json\" class=\"aioseo-schema\">\n\t\t\t{\"@context\":\"https:\\\/\\\/schema.org\",\"@graph\":[{\"@type\":\"BlogPosting\",\"@id\":\"https:\\\/\\\/anoticiaonline.com.br\\\/site\\\/tenente-coronel-joedson-e-o-novo-comandante-do-47o-bpm\\\/#blogposting\",\"name\":\"Tenente-coronel Joedson \\u00e9 o novo comandante do 47\\u00ba BPM - A Not\\u00edcia Online\",\"headline\":\"Tenente-coronel Joedson \\u00e9 o novo comandante do 47\\u00ba BPM\",\"author\":{\"@id\":\"https:\\\/\\\/anoticiaonline.com.br\\\/site\\\/author\\\/juliana\\\/#author\"},\"publisher\":{\"@id\":\"https:\\\/\\\/anoticiaonline.com.br\\\/site\\\/#organization\"},\"image\":{\"@type\":\"ImageObject\",\"url\":\"https:\\\/\\\/anoticiaonline.com.br\\\/site\\\/wp-content\\\/uploads\\\/2017\\\/02\\\/04.jpg\",\"width\":640,\"height\":456},\"datePublished\":\"2017-02-10T14:31:50-03:00\",\"dateModified\":\"2017-02-16T16:12:08-03:00\",\"inLanguage\":\"pt-BR\",\"mainEntityOfPage\":{\"@id\":\"https:\\\/\\\/anoticiaonline.com.br\\\/site\\\/tenente-coronel-joedson-e-o-novo-comandante-do-47o-bpm\\\/#webpage\"},\"isPartOf\":{\"@id\":\"https:\\\/\\\/anoticiaonline.com.br\\\/site\\\/tenente-coronel-joedson-e-o-novo-comandante-do-47o-bpm\\\/#webpage\"},\"articleSection\":\"Blog, slide\"},{\"@type\":\"BreadcrumbList\",\"@id\":\"https:\\\/\\\/anoticiaonline.com.br\\\/site\\\/tenente-coronel-joedson-e-o-novo-comandante-do-47o-bpm\\\/#breadcrumblist\",\"itemListElement\":[{\"@type\":\"ListItem\",\"@id\":\"https:\\\/\\\/anoticiaonline.com.br\\\/site#listItem\",\"position\":1,\"name\":\"Home\",\"item\":\"https:\\\/\\\/anoticiaonline.com.br\\\/site\",\"nextItem\":{\"@type\":\"ListItem\",\"@id\":\"https:\\\/\\\/anoticiaonline.com.br\\\/site\\\/categoria\\\/muriae\\\/#listItem\",\"name\":\"Blog\"}},{\"@type\":\"ListItem\",\"@id\":\"https:\\\/\\\/anoticiaonline.com.br\\\/site\\\/categoria\\\/muriae\\\/#listItem\",\"position\":2,\"name\":\"Blog\",\"item\":\"https:\\\/\\\/anoticiaonline.com.br\\\/site\\\/categoria\\\/muriae\\\/\",\"nextItem\":{\"@type\":\"ListItem\",\"@id\":\"https:\\\/\\\/anoticiaonline.com.br\\\/site\\\/tenente-coronel-joedson-e-o-novo-comandante-do-47o-bpm\\\/#listItem\",\"name\":\"Tenente-coronel Joedson \\u00e9 o novo comandante do 47\\u00ba BPM\"},\"previousItem\":{\"@type\":\"ListItem\",\"@id\":\"https:\\\/\\\/anoticiaonline.com.br\\\/site#listItem\",\"name\":\"Home\"}},{\"@type\":\"ListItem\",\"@id\":\"https:\\\/\\\/anoticiaonline.com.br\\\/site\\\/tenente-coronel-joedson-e-o-novo-comandante-do-47o-bpm\\\/#listItem\",\"position\":3,\"name\":\"Tenente-coronel Joedson \\u00e9 o novo comandante do 47\\u00ba BPM\",\"previousItem\":{\"@type\":\"ListItem\",\"@id\":\"https:\\\/\\\/anoticiaonline.com.br\\\/site\\\/categoria\\\/muriae\\\/#listItem\",\"name\":\"Blog\"}}]},{\"@type\":\"Organization\",\"@id\":\"https:\\\/\\\/anoticiaonline.com.br\\\/site\\\/#organization\",\"name\":\"A Not\\u00edcia Online\",\"description\":\"Noticias de Muria\\u00e9 e regi\\u00e3o\",\"url\":\"https:\\\/\\\/anoticiaonline.com.br\\\/site\\\/\",\"logo\":{\"@type\":\"ImageObject\",\"url\":\"https:\\\/\\\/scontent-gig4-1.xx.fbcdn.net\\\/v\\\/t39.30808-1\\\/270437624_4564083193639691_6907940295614233970_n.jpg?stp=dst-jpg_s200x200_tt6&_nc_cat=111&ccb=1-7&_nc_sid=f907e8&_nc_ohc=SM1wRlP3lJwQ7kNvwEPuBYA&_nc_oc=AdnqrjDN_BNjSSHWO-GbkIWH6fkGMLw4bqvL_NH6e2wMveX7G-rP2dAqsDSq1mJMOaY&_nc_zt=24&_nc_ht=scontent-gig4-1.xx&_nc_gid=AoBFJeGrT1hVaew_6rchkQ&oh=00_AfX7QmFGhQhG2jAllVgXCiM1ZrWgvtp80-Bfppyexh1QEg&oe=689E923C\",\"@id\":\"https:\\\/\\\/anoticiaonline.com.br\\\/site\\\/tenente-coronel-joedson-e-o-novo-comandante-do-47o-bpm\\\/#organizationLogo\"},\"image\":{\"@id\":\"https:\\\/\\\/anoticiaonline.com.br\\\/site\\\/tenente-coronel-joedson-e-o-novo-comandante-do-47o-bpm\\\/#organizationLogo\"}},{\"@type\":\"Person\",\"@id\":\"https:\\\/\\\/anoticiaonline.com.br\\\/site\\\/author\\\/juliana\\\/#author\",\"url\":\"https:\\\/\\\/anoticiaonline.com.br\\\/site\\\/author\\\/juliana\\\/\",\"name\":\"Juliana Laviola\",\"image\":{\"@type\":\"ImageObject\",\"@id\":\"https:\\\/\\\/anoticiaonline.com.br\\\/site\\\/tenente-coronel-joedson-e-o-novo-comandante-do-47o-bpm\\\/#authorImage\",\"url\":\"https:\\\/\\\/secure.gravatar.com\\\/avatar\\\/b8d45f5c699b100dfaf0e543582f38f38bf94cb7ae3a5e9abf8d891a34773335?s=96&d=mm&r=g\",\"width\":96,\"height\":96,\"caption\":\"Juliana Laviola\"}},{\"@type\":\"WebPage\",\"@id\":\"https:\\\/\\\/anoticiaonline.com.br\\\/site\\\/tenente-coronel-joedson-e-o-novo-comandante-do-47o-bpm\\\/#webpage\",\"url\":\"https:\\\/\\\/anoticiaonline.com.br\\\/site\\\/tenente-coronel-joedson-e-o-novo-comandante-do-47o-bpm\\\/\",\"name\":\"Tenente-coronel Joedson \\u00e9 o novo comandante do 47\\u00ba BPM - A Not\\u00edcia Online\",\"description\":\"O 47\\u00ba Batalh\\u00e3o de Pol\\u00edcia Militar tem novo comandante. Trata-se do tenente-coronel Joedson Flaviano Gomes. O oficial substitui o coronel Ranieri M\\u00e1rcio da Cruz, que foi transferido para a reserva da PMMG, ap\\u00f3s 30 anos de servi\\u00e7os prestados \\u00e0 corpora\\u00e7\\u00e3o. O novo comandante, que vem da capital Belo Horizonte, destaca que a popula\\u00e7\\u00e3o, administra\\u00e7\\u00e3o do\",\"inLanguage\":\"pt-BR\",\"isPartOf\":{\"@id\":\"https:\\\/\\\/anoticiaonline.com.br\\\/site\\\/#website\"},\"breadcrumb\":{\"@id\":\"https:\\\/\\\/anoticiaonline.com.br\\\/site\\\/tenente-coronel-joedson-e-o-novo-comandante-do-47o-bpm\\\/#breadcrumblist\"},\"author\":{\"@id\":\"https:\\\/\\\/anoticiaonline.com.br\\\/site\\\/author\\\/juliana\\\/#author\"},\"creator\":{\"@id\":\"https:\\\/\\\/anoticiaonline.com.br\\\/site\\\/author\\\/juliana\\\/#author\"},\"image\":{\"@type\":\"ImageObject\",\"url\":\"https:\\\/\\\/anoticiaonline.com.br\\\/site\\\/wp-content\\\/uploads\\\/2017\\\/02\\\/04.jpg\",\"@id\":\"https:\\\/\\\/anoticiaonline.com.br\\\/site\\\/tenente-coronel-joedson-e-o-novo-comandante-do-47o-bpm\\\/#mainImage\",\"width\":640,\"height\":456},\"primaryImageOfPage\":{\"@id\":\"https:\\\/\\\/anoticiaonline.com.br\\\/site\\\/tenente-coronel-joedson-e-o-novo-comandante-do-47o-bpm\\\/#mainImage\"},\"datePublished\":\"2017-02-10T14:31:50-03:00\",\"dateModified\":\"2017-02-16T16:12:08-03:00\"},{\"@type\":\"WebSite\",\"@id\":\"https:\\\/\\\/anoticiaonline.com.br\\\/site\\\/#website\",\"url\":\"https:\\\/\\\/anoticiaonline.com.br\\\/site\\\/\",\"name\":\"A Not\\u00edcia Online\",\"description\":\"Noticias de Muria\\u00e9 e regi\\u00e3o\",\"inLanguage\":\"pt-BR\",\"publisher\":{\"@id\":\"https:\\\/\\\/anoticiaonline.com.br\\\/site\\\/#organization\"}}]}\n\t\t<\/script>\n\t\t<!-- All in One SEO -->\n\n","aioseo_head_json":{"title":"Tenente-coronel Joedson \u00e9 o novo comandante do 47\u00ba BPM - A Not\u00edcia Online","description":"O 47\u00ba Batalh\u00e3o de Pol\u00edcia Militar tem novo comandante. Trata-se do tenente-coronel Joedson Flaviano Gomes. O oficial substitui o coronel Ranieri M\u00e1rcio da Cruz, que foi transferido para a reserva da PMMG, ap\u00f3s 30 anos de servi\u00e7os prestados \u00e0 corpora\u00e7\u00e3o. O novo comandante, que vem da capital Belo Horizonte, destaca que a popula\u00e7\u00e3o, administra\u00e7\u00e3o do","canonical_url":"https:\/\/anoticiaonline.com.br\/site\/tenente-coronel-joedson-e-o-novo-comandante-do-47o-bpm\/","robots":"max-image-preview:large","keywords":"","webmasterTools":{"miscellaneous":""},"schema":{"@context":"https:\/\/schema.org","@graph":[{"@type":"BlogPosting","@id":"https:\/\/anoticiaonline.com.br\/site\/tenente-coronel-joedson-e-o-novo-comandante-do-47o-bpm\/#blogposting","name":"Tenente-coronel Joedson \u00e9 o novo comandante do 47\u00ba BPM - A Not\u00edcia Online","headline":"Tenente-coronel Joedson \u00e9 o novo comandante do 47\u00ba BPM","author":{"@id":"https:\/\/anoticiaonline.com.br\/site\/author\/juliana\/#author"},"publisher":{"@id":"https:\/\/anoticiaonline.com.br\/site\/#organization"},"image":{"@type":"ImageObject","url":"https:\/\/anoticiaonline.com.br\/site\/wp-content\/uploads\/2017\/02\/04.jpg","width":640,"height":456},"datePublished":"2017-02-10T14:31:50-03:00","dateModified":"2017-02-16T16:12:08-03:00","inLanguage":"pt-BR","mainEntityOfPage":{"@id":"https:\/\/anoticiaonline.com.br\/site\/tenente-coronel-joedson-e-o-novo-comandante-do-47o-bpm\/#webpage"},"isPartOf":{"@id":"https:\/\/anoticiaonline.com.br\/site\/tenente-coronel-joedson-e-o-novo-comandante-do-47o-bpm\/#webpage"},"articleSection":"Blog, slide"},{"@type":"BreadcrumbList","@id":"https:\/\/anoticiaonline.com.br\/site\/tenente-coronel-joedson-e-o-novo-comandante-do-47o-bpm\/#breadcrumblist","itemListElement":[{"@type":"ListItem","@id":"https:\/\/anoticiaonline.com.br\/site#listItem","position":1,"name":"Home","item":"https:\/\/anoticiaonline.com.br\/site","nextItem":{"@type":"ListItem","@id":"https:\/\/anoticiaonline.com.br\/site\/categoria\/muriae\/#listItem","name":"Blog"}},{"@type":"ListItem","@id":"https:\/\/anoticiaonline.com.br\/site\/categoria\/muriae\/#listItem","position":2,"name":"Blog","item":"https:\/\/anoticiaonline.com.br\/site\/categoria\/muriae\/","nextItem":{"@type":"ListItem","@id":"https:\/\/anoticiaonline.com.br\/site\/tenente-coronel-joedson-e-o-novo-comandante-do-47o-bpm\/#listItem","name":"Tenente-coronel Joedson \u00e9 o novo comandante do 47\u00ba BPM"},"previousItem":{"@type":"ListItem","@id":"https:\/\/anoticiaonline.com.br\/site#listItem","name":"Home"}},{"@type":"ListItem","@id":"https:\/\/anoticiaonline.com.br\/site\/tenente-coronel-joedson-e-o-novo-comandante-do-47o-bpm\/#listItem","position":3,"name":"Tenente-coronel Joedson \u00e9 o novo comandante do 47\u00ba BPM","previousItem":{"@type":"ListItem","@id":"https:\/\/anoticiaonline.com.br\/site\/categoria\/muriae\/#listItem","name":"Blog"}}]},{"@type":"Organization","@id":"https:\/\/anoticiaonline.com.br\/site\/#organization","name":"A Not\u00edcia Online","description":"Noticias de Muria\u00e9 e regi\u00e3o","url":"https:\/\/anoticiaonline.com.br\/site\/","logo":{"@type":"ImageObject","url":"https:\/\/scontent-gig4-1.xx.fbcdn.net\/v\/t39.30808-1\/270437624_4564083193639691_6907940295614233970_n.jpg?stp=dst-jpg_s200x200_tt6&_nc_cat=111&ccb=1-7&_nc_sid=f907e8&_nc_ohc=SM1wRlP3lJwQ7kNvwEPuBYA&_nc_oc=AdnqrjDN_BNjSSHWO-GbkIWH6fkGMLw4bqvL_NH6e2wMveX7G-rP2dAqsDSq1mJMOaY&_nc_zt=24&_nc_ht=scontent-gig4-1.xx&_nc_gid=AoBFJeGrT1hVaew_6rchkQ&oh=00_AfX7QmFGhQhG2jAllVgXCiM1ZrWgvtp80-Bfppyexh1QEg&oe=689E923C","@id":"https:\/\/anoticiaonline.com.br\/site\/tenente-coronel-joedson-e-o-novo-comandante-do-47o-bpm\/#organizationLogo"},"image":{"@id":"https:\/\/anoticiaonline.com.br\/site\/tenente-coronel-joedson-e-o-novo-comandante-do-47o-bpm\/#organizationLogo"}},{"@type":"Person","@id":"https:\/\/anoticiaonline.com.br\/site\/author\/juliana\/#author","url":"https:\/\/anoticiaonline.com.br\/site\/author\/juliana\/","name":"Juliana Laviola","image":{"@type":"ImageObject","@id":"https:\/\/anoticiaonline.com.br\/site\/tenente-coronel-joedson-e-o-novo-comandante-do-47o-bpm\/#authorImage","url":"https:\/\/secure.gravatar.com\/avatar\/b8d45f5c699b100dfaf0e543582f38f38bf94cb7ae3a5e9abf8d891a34773335?s=96&d=mm&r=g","width":96,"height":96,"caption":"Juliana Laviola"}},{"@type":"WebPage","@id":"https:\/\/anoticiaonline.com.br\/site\/tenente-coronel-joedson-e-o-novo-comandante-do-47o-bpm\/#webpage","url":"https:\/\/anoticiaonline.com.br\/site\/tenente-coronel-joedson-e-o-novo-comandante-do-47o-bpm\/","name":"Tenente-coronel Joedson \u00e9 o novo comandante do 47\u00ba BPM - A Not\u00edcia Online","description":"O 47\u00ba Batalh\u00e3o de Pol\u00edcia Militar tem novo comandante. Trata-se do tenente-coronel Joedson Flaviano Gomes. O oficial substitui o coronel Ranieri M\u00e1rcio da Cruz, que foi transferido para a reserva da PMMG, ap\u00f3s 30 anos de servi\u00e7os prestados \u00e0 corpora\u00e7\u00e3o. O novo comandante, que vem da capital Belo Horizonte, destaca que a popula\u00e7\u00e3o, administra\u00e7\u00e3o do","inLanguage":"pt-BR","isPartOf":{"@id":"https:\/\/anoticiaonline.com.br\/site\/#website"},"breadcrumb":{"@id":"https:\/\/anoticiaonline.com.br\/site\/tenente-coronel-joedson-e-o-novo-comandante-do-47o-bpm\/#breadcrumblist"},"author":{"@id":"https:\/\/anoticiaonline.com.br\/site\/author\/juliana\/#author"},"creator":{"@id":"https:\/\/anoticiaonline.com.br\/site\/author\/juliana\/#author"},"image":{"@type":"ImageObject","url":"https:\/\/anoticiaonline.com.br\/site\/wp-content\/uploads\/2017\/02\/04.jpg","@id":"https:\/\/anoticiaonline.com.br\/site\/tenente-coronel-joedson-e-o-novo-comandante-do-47o-bpm\/#mainImage","width":640,"height":456},"primaryImageOfPage":{"@id":"https:\/\/anoticiaonline.com.br\/site\/tenente-coronel-joedson-e-o-novo-comandante-do-47o-bpm\/#mainImage"},"datePublished":"2017-02-10T14:31:50-03:00","dateModified":"2017-02-16T16:12:08-03:00"},{"@type":"WebSite","@id":"https:\/\/anoticiaonline.com.br\/site\/#website","url":"https:\/\/anoticiaonline.com.br\/site\/","name":"A Not\u00edcia Online","description":"Noticias de Muria\u00e9 e regi\u00e3o","inLanguage":"pt-BR","publisher":{"@id":"https:\/\/anoticiaonline.com.br\/site\/#organization"}}]},"og:locale":"pt_BR","og:site_name":"A Not\u00edcia Online - Noticias de Muria\u00e9 e regi\u00e3o","og:type":"article","og:title":"Tenente-coronel Joedson \u00e9 o novo comandante do 47\u00ba BPM - A Not\u00edcia Online","og:description":"O 47\u00ba Batalh\u00e3o de Pol\u00edcia Militar tem novo comandante. Trata-se do tenente-coronel Joedson Flaviano Gomes. O oficial substitui o coronel Ranieri M\u00e1rcio da Cruz, que foi transferido para a reserva da PMMG, ap\u00f3s 30 anos de servi\u00e7os prestados \u00e0 corpora\u00e7\u00e3o. O novo comandante, que vem da capital Belo Horizonte, destaca que a popula\u00e7\u00e3o, administra\u00e7\u00e3o do","og:url":"https:\/\/anoticiaonline.com.br\/site\/tenente-coronel-joedson-e-o-novo-comandante-do-47o-bpm\/","og:image":"https:\/\/scontent-gig4-1.xx.fbcdn.net\/v\/t39.30808-1\/270437624_4564083193639691_6907940295614233970_n.jpg?stp=dst-jpg_s200x200_tt6&#038;_nc_cat=111&#038;ccb=1-7&#038;_nc_sid=f907e8&#038;_nc_ohc=SM1wRlP3lJwQ7kNvwEPuBYA&#038;_nc_oc=AdnqrjDN_BNjSSHWO-GbkIWH6fkGMLw4bqvL_NH6e2wMveX7G-rP2dAqsDSq1mJMOaY&#038;_nc_zt=24&#038;_nc_ht=scontent-gig4-1.xx&#038;_nc_gid=AoBFJeGrT1hVaew_6rchkQ&#038;oh=00_AfX7QmFGhQhG2jAllVgXCiM1ZrWgvtp80-Bfppyexh1QEg&#038;oe=689E923C","og:image:secure_url":"https:\/\/scontent-gig4-1.xx.fbcdn.net\/v\/t39.30808-1\/270437624_4564083193639691_6907940295614233970_n.jpg?stp=dst-jpg_s200x200_tt6&#038;_nc_cat=111&#038;ccb=1-7&#038;_nc_sid=f907e8&#038;_nc_ohc=SM1wRlP3lJwQ7kNvwEPuBYA&#038;_nc_oc=AdnqrjDN_BNjSSHWO-GbkIWH6fkGMLw4bqvL_NH6e2wMveX7G-rP2dAqsDSq1mJMOaY&#038;_nc_zt=24&#038;_nc_ht=scontent-gig4-1.xx&#038;_nc_gid=AoBFJeGrT1hVaew_6rchkQ&#038;oh=00_AfX7QmFGhQhG2jAllVgXCiM1ZrWgvtp80-Bfppyexh1QEg&#038;oe=689E923C","article:published_time":"2017-02-10T17:31:50+00:00","article:modified_time":"2017-02-16T19:12:08+00:00","twitter:card":"summary_large_image","twitter:title":"Tenente-coronel Joedson \u00e9 o novo comandante do 47\u00ba BPM - A Not\u00edcia Online","twitter:description":"O 47\u00ba Batalh\u00e3o de Pol\u00edcia Militar tem novo comandante. Trata-se do tenente-coronel Joedson Flaviano Gomes. O oficial substitui o coronel Ranieri M\u00e1rcio da Cruz, que foi transferido para a reserva da PMMG, ap\u00f3s 30 anos de servi\u00e7os prestados \u00e0 corpora\u00e7\u00e3o. O novo comandante, que vem da capital Belo Horizonte, destaca que a popula\u00e7\u00e3o, administra\u00e7\u00e3o do","twitter:image":"https:\/\/scontent-gig4-1.xx.fbcdn.net\/v\/t39.30808-1\/270437624_4564083193639691_6907940295614233970_n.jpg?stp=dst-jpg_s200x200_tt6&_nc_cat=111&ccb=1-7&_nc_sid=f907e8&_nc_ohc=SM1wRlP3lJwQ7kNvwEPuBYA&_nc_oc=AdnqrjDN_BNjSSHWO-GbkIWH6fkGMLw4bqvL_NH6e2wMveX7G-rP2dAqsDSq1mJMOaY&_nc_zt=24&_nc_ht=scontent-gig4-1.xx&_nc_gid=AoBFJeGrT1hVaew_6rchkQ&oh=00_AfX7QmFGhQhG2jAllVgXCiM1ZrWgvtp80-Bfppyexh1QEg&oe=689E923C"},"aioseo_meta_data":{"post_id":"24241","title":null,"description":null,"keywords":null,"keyphrases":null,"primary_term":null,"canonical_url":null,"og_title":null,"og_description":null,"og_object_type":"default","og_image_type":"default","og_image_url":null,"og_image_width":null,"og_image_height":null,"og_image_custom_url":null,"og_image_custom_fields":null,"og_video":null,"og_custom_url":null,"og_article_section":null,"og_article_tags":null,"twitter_use_og":false,"twitter_card":"default","twitter_image_type":"default","twitter_image_url":null,"twitter_image_custom_url":null,"twitter_image_custom_fields":null,"twitter_title":null,"twitter_description":null,"schema":{"blockGraphs":[],"customGraphs":[],"default":{"data":{"Article":[],"Course":[],"Dataset":[],"FAQPage":[],"Movie":[],"Person":[],"Product":[],"ProductReview":[],"Car":[],"Recipe":[],"Service":[],"SoftwareApplication":[],"WebPage":[]},"graphName":"","isEnabled":true},"graphs":[]},"schema_type":"default","schema_type_options":null,"pillar_content":false,"robots_default":true,"robots_noindex":false,"robots_noarchive":false,"robots_nosnippet":false,"robots_nofollow":false,"robots_noimageindex":false,"robots_noodp":false,"robots_notranslate":false,"robots_max_snippet":null,"robots_max_videopreview":null,"robots_max_imagepreview":"large","priority":null,"frequency":null,"local_seo":null,"breadcrumb_settings":null,"limit_modified_date":false,"ai":null,"created":"2025-08-16 17:33:26","updated":"2025-08-16 17:33:26","focus_keyword":null,"additional_keywords":null,"truseo_locale":null,"seo_analyzer_scan_date":null},"aioseo_breadcrumb":"<div class=\"aioseo-breadcrumbs\"><span class=\"aioseo-breadcrumb\">\n\t\t\t<a href=\"https:\/\/anoticiaonline.com.br\/site\" title=\"Home\">Home<\/a>\n\t\t<\/span><span class=\"aioseo-breadcrumb-separator\">&raquo;<\/span><span class=\"aioseo-breadcrumb\">\n\t\t\t<a href=\"https:\/\/anoticiaonline.com.br\/site\/categoria\/muriae\/\" title=\"Blog\">Blog<\/a>\n\t\t<\/span><span class=\"aioseo-breadcrumb-separator\">&raquo;<\/span><span class=\"aioseo-breadcrumb\">\n\t\t\tTenente-coronel Joedson \u00e9 o novo comandante do 47\u00ba BPM\n\t\t<\/span><\/div>","aioseo_breadcrumb_json":[{"label":"Home","link":"https:\/\/anoticiaonline.com.br\/site"},{"label":"Blog","link":"https:\/\/anoticiaonline.com.br\/site\/categoria\/muriae\/"},{"label":"Tenente-coronel Joedson \u00e9 o novo comandante do 47\u00ba BPM","link":"https:\/\/anoticiaonline.com.br\/site\/tenente-coronel-joedson-e-o-novo-comandante-do-47o-bpm\/"}],"views":148,"_links":{"self":[{"href":"https:\/\/anoticiaonline.com.br\/site\/wp-json\/wp\/v2\/posts\/24241","targetHints":{"allow":["GET"]}}],"collection":[{"href":"https:\/\/anoticiaonline.com.br\/site\/wp-json\/wp\/v2\/posts"}],"about":[{"href":"https:\/\/anoticiaonline.com.br\/site\/wp-json\/wp\/v2\/types\/post"}],"author":[{"embeddable":true,"href":"https:\/\/anoticiaonline.com.br\/site\/wp-json\/wp\/v2\/users\/2"}],"replies":[{"embeddable":true,"href":"https:\/\/anoticiaonline.com.br\/site\/wp-json\/wp\/v2\/comments?post=24241"}],"version-history":[{"count":0,"href":"https:\/\/anoticiaonline.com.br\/site\/wp-json\/wp\/v2\/posts\/24241\/revisions"}],"wp:featuredmedia":[{"embeddable":true,"href":"https:\/\/anoticiaonline.com.br\/site\/wp-json\/wp\/v2\/media\/24242"}],"wp:attachment":[{"href":"https:\/\/anoticiaonline.com.br\/site\/wp-json\/wp\/v2\/media?parent=24241"}],"wp:term":[{"taxonomy":"category","embeddable":true,"href":"https:\/\/anoticiaonline.com.br\/site\/wp-json\/wp\/v2\/categories?post=24241"},{"taxonomy":"post_tag","embeddable":true,"href":"https:\/\/anoticiaonline.com.br\/site\/wp-json\/wp\/v2\/tags?post=24241"}],"curies":[{"name":"wp","href":"https:\/\/api.w.org\/{rel}","templated":true}]}}