{"id":24225,"date":"2017-02-09T16:07:01","date_gmt":"2017-02-09T19:07:01","guid":{"rendered":"http:\/\/anoticiaonline.com.br\/site\/?p=24225"},"modified":"2017-02-09T16:07:01","modified_gmt":"2017-02-09T19:07:01","slug":"seguranca-da-sociedade-uma-questao-honra","status":"publish","type":"post","link":"https:\/\/anoticiaonline.com.br\/site\/seguranca-da-sociedade-uma-questao-honra\/","title":{"rendered":"Seguran\u00e7a da sociedade, uma quest\u00e3o honra"},"content":{"rendered":"<p>Um dos problemas mais cr\u00f4nicos que assolam a sociedade brasileira \u00e9 a quest\u00e3o da seguran\u00e7a p\u00fablica. Entra governo, sai governo e a inc\u00f4moda situa\u00e7\u00e3o persiste, como uma doen\u00e7a incur\u00e1vel enraizada bem no \u00e2mago da sociedade e que precisa entrar urgentemente na agenda de prioridades de medidas dos governos, numa a\u00e7\u00e3o conjunta entre os representantes da Uni\u00e3o, dos estados e tamb\u00e9m dos munic\u00edpios, principalmente agora, que acabaram de dar posse aos seus novos prefeitos, os quais andaram prometendo a\u00e7\u00f5es nesse sentido nos palanques de campanha. A Constitui\u00e7\u00e3o reza que a seguran\u00e7a do cidad\u00e3o \u00e9 um dever do estado e o direito do cidad\u00e3o. Por\u00e9m, o fato de se atribuir a responsabilidade da seguran\u00e7a aos estados, que dependem de verbas da Uni\u00e3o, n\u00e3o confere o direito aos administradores municipais de cruzarem os bra\u00e7os e nada fazerem pela popula\u00e7\u00e3o.<\/p>\n<p>Enquanto os estados e a Uni\u00e3o discutem a quest\u00e3o da responsabilidade e da compet\u00eancia, ou seja, a quem cabe promover a seguran\u00e7a do cidad\u00e3o, a viol\u00eancia vai imperando e tornando a sociedade ref\u00e9m de um sistema que esbarra nos erros, nas omiss\u00f5es, na falta de zelo e na falta de vontade pol\u00edtica para que se possa extirpar de vez esse verdadeiro c\u00e2ncer do meio da sociedade.<\/p>\n<p>Tudo o que vimos acontecer, nesta semana, no estado do Esp\u00edrito Santo, a invas\u00e3o das ruas por bandidos, as lojas sendo saqueadas em plena luz do dia, os assaltos e as depreda\u00e7\u00f5es, motivados pelo movimento dos familiares dos policiais, \u00e9 o resultado da p\u00e9ssima administra\u00e7\u00e3o que vem ocorrendo na maioria dos estados da Federa\u00e7\u00e3o. O que se viu nesta semana naquele estado foi um verdadeiro caos na seguran\u00e7a p\u00fablica, resultado do desleixo da sua administra\u00e7\u00e3o, onde a popula\u00e7\u00e3o, apavorada, j\u00e1 n\u00e3o sabia mais como reagir ou mesmo o que fazer para se proteger dos bandidos que tomaram de assalto as ruas das cidades totalmente desprotegidas.<\/p>\n<p>A superpopula\u00e7\u00e3o nas \u00e1reas urbanas, especialmente nos morros, onde se aglomeram as pessoas de menor poder aquisitivo, com moradias, na sua maioria, irregulares, onde a educa\u00e7\u00e3o \u00e9 falha e o consumo de drogas impera, \u00e9 um vi\u00e9s que contribui para o aumento do banditismo e da marginalidade.<\/p>\n<p>\u00c9 por isso que entendo que os munic\u00edpios tamb\u00e9m t\u00eam um papel importante nessa luta, que n\u00e3o deve ser somente dos governos estaduais e da Uni\u00e3o. \u00c9 preciso que essa \u201cbriga\u201d seja comprada por todos os poderes constitu\u00eddos, para que a popula\u00e7\u00e3o possa ter a contrapartida m\u00ednima de tranquilidade a que tem direito.<\/p>\n<p>Um pa\u00eds melhor administrado, os estados cumprindo com o seu dever de proporcionar a maior seguran\u00e7a poss\u00edvel e os munic\u00edpios participando ativamente dessa jun\u00e7\u00e3o \u00e9 tudo que a sociedade almeja. A seguran\u00e7a da popula\u00e7\u00e3o, a liberdade do cidad\u00e3o e o sagrado direito de ir e vir devem ser quest\u00f5es de honra para todos aqueles que administram o pa\u00eds.<\/p>\n","protected":false},"excerpt":{"rendered":"<p>Um dos problemas mais cr\u00f4nicos que assolam a sociedade brasileira \u00e9 a quest\u00e3o da seguran\u00e7a p\u00fablica. Entra governo, sai governo e a inc\u00f4moda situa\u00e7\u00e3o persiste, como uma doen\u00e7a incur\u00e1vel enraizada bem no \u00e2mago da sociedade e que precisa entrar urgentemente na agenda de prioridades de medidas dos governos, numa a\u00e7\u00e3o conjunta entre os representantes da &#8230; <a title=\"Seguran\u00e7a da sociedade, uma quest\u00e3o honra\" class=\"read-more\" href=\"https:\/\/anoticiaonline.com.br\/site\/seguranca-da-sociedade-uma-questao-honra\/\" aria-label=\"Read more about Seguran\u00e7a da sociedade, uma quest\u00e3o honra\">Ler mais<\/a><\/p>\n","protected":false},"author":2,"featured_media":0,"comment_status":"open","ping_status":"open","sticky":false,"template":"","format":"standard","meta":{"_acf_changed":false,"_monsterinsights_skip_tracking":false,"footnotes":""},"categories":[33],"tags":[],"class_list":["post-24225","post","type-post","status-publish","format-standard","hentry","category-politica-e-atualidades-francisco-laviola"],"acf":[],"aioseo_notices":[],"aioseo_head":"\n\t\t<!-- All in One SEO 5.0.0.1 - aioseo.com -->\n\t<meta name=\"description\" content=\"Um dos problemas mais cr\u00f4nicos que assolam a sociedade brasileira \u00e9 a quest\u00e3o da seguran\u00e7a p\u00fablica. Entra governo, sai governo e a inc\u00f4moda situa\u00e7\u00e3o persiste, como uma doen\u00e7a incur\u00e1vel enraizada bem no \u00e2mago da sociedade e que precisa entrar urgentemente na agenda de prioridades de medidas dos governos, numa a\u00e7\u00e3o conjunta entre os representantes da\" \/>\n\t<meta name=\"robots\" content=\"max-image-preview:large\" \/>\n\t<meta name=\"author\" content=\"Juliana Laviola\"\/>\n\t<link rel=\"canonical\" href=\"https:\/\/anoticiaonline.com.br\/site\/seguranca-da-sociedade-uma-questao-honra\/\" \/>\n\t<meta name=\"generator\" content=\"All in One SEO (AIOSEO) 5.0.0.1\" \/>\n\t\t<meta property=\"og:locale\" content=\"pt_BR\" \/>\n\t\t<meta property=\"og:site_name\" content=\"A Not\u00edcia Online - Noticias de Muria\u00e9 e regi\u00e3o\" \/>\n\t\t<meta property=\"og:type\" content=\"article\" \/>\n\t\t<meta property=\"og:title\" content=\"Seguran\u00e7a da sociedade, uma quest\u00e3o honra - A Not\u00edcia Online\" \/>\n\t\t<meta property=\"og:description\" content=\"Um dos problemas mais cr\u00f4nicos que assolam a sociedade brasileira \u00e9 a quest\u00e3o da seguran\u00e7a p\u00fablica. Entra governo, sai governo e a inc\u00f4moda situa\u00e7\u00e3o persiste, como uma doen\u00e7a incur\u00e1vel enraizada bem no \u00e2mago da sociedade e que precisa entrar urgentemente na agenda de prioridades de medidas dos governos, numa a\u00e7\u00e3o conjunta entre os representantes da\" \/>\n\t\t<meta property=\"og:url\" content=\"https:\/\/anoticiaonline.com.br\/site\/seguranca-da-sociedade-uma-questao-honra\/\" \/>\n\t\t<meta property=\"og:image\" content=\"https:\/\/scontent-gig4-1.xx.fbcdn.net\/v\/t39.30808-1\/270437624_4564083193639691_6907940295614233970_n.jpg?stp=dst-jpg_s200x200_tt6&#038;_nc_cat=111&#038;ccb=1-7&#038;_nc_sid=f907e8&#038;_nc_ohc=SM1wRlP3lJwQ7kNvwEPuBYA&#038;_nc_oc=AdnqrjDN_BNjSSHWO-GbkIWH6fkGMLw4bqvL_NH6e2wMveX7G-rP2dAqsDSq1mJMOaY&#038;_nc_zt=24&#038;_nc_ht=scontent-gig4-1.xx&#038;_nc_gid=AoBFJeGrT1hVaew_6rchkQ&#038;oh=00_AfX7QmFGhQhG2jAllVgXCiM1ZrWgvtp80-Bfppyexh1QEg&#038;oe=689E923C\" \/>\n\t\t<meta property=\"og:image:secure_url\" content=\"https:\/\/scontent-gig4-1.xx.fbcdn.net\/v\/t39.30808-1\/270437624_4564083193639691_6907940295614233970_n.jpg?stp=dst-jpg_s200x200_tt6&#038;_nc_cat=111&#038;ccb=1-7&#038;_nc_sid=f907e8&#038;_nc_ohc=SM1wRlP3lJwQ7kNvwEPuBYA&#038;_nc_oc=AdnqrjDN_BNjSSHWO-GbkIWH6fkGMLw4bqvL_NH6e2wMveX7G-rP2dAqsDSq1mJMOaY&#038;_nc_zt=24&#038;_nc_ht=scontent-gig4-1.xx&#038;_nc_gid=AoBFJeGrT1hVaew_6rchkQ&#038;oh=00_AfX7QmFGhQhG2jAllVgXCiM1ZrWgvtp80-Bfppyexh1QEg&#038;oe=689E923C\" \/>\n\t\t<meta property=\"article:published_time\" content=\"2017-02-09T19:07:01+00:00\" \/>\n\t\t<meta property=\"article:modified_time\" content=\"2017-02-09T19:07:01+00:00\" \/>\n\t\t<meta name=\"twitter:card\" content=\"summary_large_image\" \/>\n\t\t<meta name=\"twitter:title\" content=\"Seguran\u00e7a da sociedade, uma quest\u00e3o honra - A Not\u00edcia Online\" \/>\n\t\t<meta name=\"twitter:description\" content=\"Um dos problemas mais cr\u00f4nicos que assolam a sociedade brasileira \u00e9 a quest\u00e3o da seguran\u00e7a p\u00fablica. Entra governo, sai governo e a inc\u00f4moda situa\u00e7\u00e3o persiste, como uma doen\u00e7a incur\u00e1vel enraizada bem no \u00e2mago da sociedade e que precisa entrar urgentemente na agenda de prioridades de medidas dos governos, numa a\u00e7\u00e3o conjunta entre os representantes da\" \/>\n\t\t<meta name=\"twitter:image\" content=\"https:\/\/scontent-gig4-1.xx.fbcdn.net\/v\/t39.30808-1\/270437624_4564083193639691_6907940295614233970_n.jpg?stp=dst-jpg_s200x200_tt6&amp;_nc_cat=111&amp;ccb=1-7&amp;_nc_sid=f907e8&amp;_nc_ohc=SM1wRlP3lJwQ7kNvwEPuBYA&amp;_nc_oc=AdnqrjDN_BNjSSHWO-GbkIWH6fkGMLw4bqvL_NH6e2wMveX7G-rP2dAqsDSq1mJMOaY&amp;_nc_zt=24&amp;_nc_ht=scontent-gig4-1.xx&amp;_nc_gid=AoBFJeGrT1hVaew_6rchkQ&amp;oh=00_AfX7QmFGhQhG2jAllVgXCiM1ZrWgvtp80-Bfppyexh1QEg&amp;oe=689E923C\" \/>\n\t\t<script type=\"application\/ld+json\" class=\"aioseo-schema\">\n\t\t\t{\"@context\":\"https:\\\/\\\/schema.org\",\"@graph\":[{\"@type\":\"BlogPosting\",\"@id\":\"https:\\\/\\\/anoticiaonline.com.br\\\/site\\\/seguranca-da-sociedade-uma-questao-honra\\\/#blogposting\",\"name\":\"Seguran\\u00e7a da sociedade, uma quest\\u00e3o honra - A Not\\u00edcia Online\",\"headline\":\"Seguran\\u00e7a da sociedade, uma quest\\u00e3o honra\",\"author\":{\"@id\":\"https:\\\/\\\/anoticiaonline.com.br\\\/site\\\/author\\\/juliana\\\/#author\"},\"publisher\":{\"@id\":\"https:\\\/\\\/anoticiaonline.com.br\\\/site\\\/#organization\"},\"image\":{\"@type\":\"ImageObject\",\"url\":\"https:\\\/\\\/scontent-gig4-1.xx.fbcdn.net\\\/v\\\/t39.30808-1\\\/270437624_4564083193639691_6907940295614233970_n.jpg?stp=dst-jpg_s200x200_tt6&_nc_cat=111&ccb=1-7&_nc_sid=f907e8&_nc_ohc=SM1wRlP3lJwQ7kNvwEPuBYA&_nc_oc=AdnqrjDN_BNjSSHWO-GbkIWH6fkGMLw4bqvL_NH6e2wMveX7G-rP2dAqsDSq1mJMOaY&_nc_zt=24&_nc_ht=scontent-gig4-1.xx&_nc_gid=AoBFJeGrT1hVaew_6rchkQ&oh=00_AfX7QmFGhQhG2jAllVgXCiM1ZrWgvtp80-Bfppyexh1QEg&oe=689E923C\",\"@id\":\"https:\\\/\\\/anoticiaonline.com.br\\\/site\\\/#articleImage\"},\"datePublished\":\"2017-02-09T16:07:01-03:00\",\"dateModified\":\"2017-02-09T16:07:01-03:00\",\"inLanguage\":\"pt-BR\",\"mainEntityOfPage\":{\"@id\":\"https:\\\/\\\/anoticiaonline.com.br\\\/site\\\/seguranca-da-sociedade-uma-questao-honra\\\/#webpage\"},\"isPartOf\":{\"@id\":\"https:\\\/\\\/anoticiaonline.com.br\\\/site\\\/seguranca-da-sociedade-uma-questao-honra\\\/#webpage\"},\"articleSection\":\"Pol\\u00edtica e Atualidades - Francisco Laviola\"},{\"@type\":\"BreadcrumbList\",\"@id\":\"https:\\\/\\\/anoticiaonline.com.br\\\/site\\\/seguranca-da-sociedade-uma-questao-honra\\\/#breadcrumblist\",\"itemListElement\":[{\"@type\":\"ListItem\",\"@id\":\"https:\\\/\\\/anoticiaonline.com.br\\\/site#listItem\",\"position\":1,\"name\":\"Home\",\"item\":\"https:\\\/\\\/anoticiaonline.com.br\\\/site\",\"nextItem\":{\"@type\":\"ListItem\",\"@id\":\"https:\\\/\\\/anoticiaonline.com.br\\\/site\\\/categoria\\\/colunistas\\\/#listItem\",\"name\":\"Colunistas\"}},{\"@type\":\"ListItem\",\"@id\":\"https:\\\/\\\/anoticiaonline.com.br\\\/site\\\/categoria\\\/colunistas\\\/#listItem\",\"position\":2,\"name\":\"Colunistas\",\"item\":\"https:\\\/\\\/anoticiaonline.com.br\\\/site\\\/categoria\\\/colunistas\\\/\",\"nextItem\":{\"@type\":\"ListItem\",\"@id\":\"https:\\\/\\\/anoticiaonline.com.br\\\/site\\\/categoria\\\/colunistas\\\/politica-e-atualidades-francisco-laviola\\\/#listItem\",\"name\":\"Pol\\u00edtica e Atualidades - Francisco Laviola\"},\"previousItem\":{\"@type\":\"ListItem\",\"@id\":\"https:\\\/\\\/anoticiaonline.com.br\\\/site#listItem\",\"name\":\"Home\"}},{\"@type\":\"ListItem\",\"@id\":\"https:\\\/\\\/anoticiaonline.com.br\\\/site\\\/categoria\\\/colunistas\\\/politica-e-atualidades-francisco-laviola\\\/#listItem\",\"position\":3,\"name\":\"Pol\\u00edtica e Atualidades - Francisco Laviola\",\"item\":\"https:\\\/\\\/anoticiaonline.com.br\\\/site\\\/categoria\\\/colunistas\\\/politica-e-atualidades-francisco-laviola\\\/\",\"nextItem\":{\"@type\":\"ListItem\",\"@id\":\"https:\\\/\\\/anoticiaonline.com.br\\\/site\\\/seguranca-da-sociedade-uma-questao-honra\\\/#listItem\",\"name\":\"Seguran\\u00e7a da sociedade, uma quest\\u00e3o honra\"},\"previousItem\":{\"@type\":\"ListItem\",\"@id\":\"https:\\\/\\\/anoticiaonline.com.br\\\/site\\\/categoria\\\/colunistas\\\/#listItem\",\"name\":\"Colunistas\"}},{\"@type\":\"ListItem\",\"@id\":\"https:\\\/\\\/anoticiaonline.com.br\\\/site\\\/seguranca-da-sociedade-uma-questao-honra\\\/#listItem\",\"position\":4,\"name\":\"Seguran\\u00e7a da sociedade, uma quest\\u00e3o honra\",\"previousItem\":{\"@type\":\"ListItem\",\"@id\":\"https:\\\/\\\/anoticiaonline.com.br\\\/site\\\/categoria\\\/colunistas\\\/politica-e-atualidades-francisco-laviola\\\/#listItem\",\"name\":\"Pol\\u00edtica e Atualidades - Francisco Laviola\"}}]},{\"@type\":\"Organization\",\"@id\":\"https:\\\/\\\/anoticiaonline.com.br\\\/site\\\/#organization\",\"name\":\"A Not\\u00edcia Online\",\"description\":\"Noticias de Muria\\u00e9 e regi\\u00e3o\",\"url\":\"https:\\\/\\\/anoticiaonline.com.br\\\/site\\\/\",\"logo\":{\"@type\":\"ImageObject\",\"url\":\"https:\\\/\\\/scontent-gig4-1.xx.fbcdn.net\\\/v\\\/t39.30808-1\\\/270437624_4564083193639691_6907940295614233970_n.jpg?stp=dst-jpg_s200x200_tt6&_nc_cat=111&ccb=1-7&_nc_sid=f907e8&_nc_ohc=SM1wRlP3lJwQ7kNvwEPuBYA&_nc_oc=AdnqrjDN_BNjSSHWO-GbkIWH6fkGMLw4bqvL_NH6e2wMveX7G-rP2dAqsDSq1mJMOaY&_nc_zt=24&_nc_ht=scontent-gig4-1.xx&_nc_gid=AoBFJeGrT1hVaew_6rchkQ&oh=00_AfX7QmFGhQhG2jAllVgXCiM1ZrWgvtp80-Bfppyexh1QEg&oe=689E923C\",\"@id\":\"https:\\\/\\\/anoticiaonline.com.br\\\/site\\\/seguranca-da-sociedade-uma-questao-honra\\\/#organizationLogo\"},\"image\":{\"@id\":\"https:\\\/\\\/anoticiaonline.com.br\\\/site\\\/seguranca-da-sociedade-uma-questao-honra\\\/#organizationLogo\"}},{\"@type\":\"Person\",\"@id\":\"https:\\\/\\\/anoticiaonline.com.br\\\/site\\\/author\\\/juliana\\\/#author\",\"url\":\"https:\\\/\\\/anoticiaonline.com.br\\\/site\\\/author\\\/juliana\\\/\",\"name\":\"Juliana Laviola\",\"image\":{\"@type\":\"ImageObject\",\"@id\":\"https:\\\/\\\/anoticiaonline.com.br\\\/site\\\/seguranca-da-sociedade-uma-questao-honra\\\/#authorImage\",\"url\":\"https:\\\/\\\/secure.gravatar.com\\\/avatar\\\/b8d45f5c699b100dfaf0e543582f38f38bf94cb7ae3a5e9abf8d891a34773335?s=96&d=mm&r=g\",\"width\":96,\"height\":96,\"caption\":\"Juliana Laviola\"}},{\"@type\":\"WebPage\",\"@id\":\"https:\\\/\\\/anoticiaonline.com.br\\\/site\\\/seguranca-da-sociedade-uma-questao-honra\\\/#webpage\",\"url\":\"https:\\\/\\\/anoticiaonline.com.br\\\/site\\\/seguranca-da-sociedade-uma-questao-honra\\\/\",\"name\":\"Seguran\\u00e7a da sociedade, uma quest\\u00e3o honra - A Not\\u00edcia Online\",\"description\":\"Um dos problemas mais cr\\u00f4nicos que assolam a sociedade brasileira \\u00e9 a quest\\u00e3o da seguran\\u00e7a p\\u00fablica. Entra governo, sai governo e a inc\\u00f4moda situa\\u00e7\\u00e3o persiste, como uma doen\\u00e7a incur\\u00e1vel enraizada bem no \\u00e2mago da sociedade e que precisa entrar urgentemente na agenda de prioridades de medidas dos governos, numa a\\u00e7\\u00e3o conjunta entre os representantes da\",\"inLanguage\":\"pt-BR\",\"isPartOf\":{\"@id\":\"https:\\\/\\\/anoticiaonline.com.br\\\/site\\\/#website\"},\"breadcrumb\":{\"@id\":\"https:\\\/\\\/anoticiaonline.com.br\\\/site\\\/seguranca-da-sociedade-uma-questao-honra\\\/#breadcrumblist\"},\"author\":{\"@id\":\"https:\\\/\\\/anoticiaonline.com.br\\\/site\\\/author\\\/juliana\\\/#author\"},\"creator\":{\"@id\":\"https:\\\/\\\/anoticiaonline.com.br\\\/site\\\/author\\\/juliana\\\/#author\"},\"datePublished\":\"2017-02-09T16:07:01-03:00\",\"dateModified\":\"2017-02-09T16:07:01-03:00\"},{\"@type\":\"WebSite\",\"@id\":\"https:\\\/\\\/anoticiaonline.com.br\\\/site\\\/#website\",\"url\":\"https:\\\/\\\/anoticiaonline.com.br\\\/site\\\/\",\"name\":\"A Not\\u00edcia Online\",\"description\":\"Noticias de Muria\\u00e9 e regi\\u00e3o\",\"inLanguage\":\"pt-BR\",\"publisher\":{\"@id\":\"https:\\\/\\\/anoticiaonline.com.br\\\/site\\\/#organization\"}}]}\n\t\t<\/script>\n\t\t<!-- All in One SEO -->\n\n","aioseo_head_json":{"title":"Seguran\u00e7a da sociedade, uma quest\u00e3o honra - A Not\u00edcia Online","description":"Um dos problemas mais cr\u00f4nicos que assolam a sociedade brasileira \u00e9 a quest\u00e3o da seguran\u00e7a p\u00fablica. Entra governo, sai governo e a inc\u00f4moda situa\u00e7\u00e3o persiste, como uma doen\u00e7a incur\u00e1vel enraizada bem no \u00e2mago da sociedade e que precisa entrar urgentemente na agenda de prioridades de medidas dos governos, numa a\u00e7\u00e3o conjunta entre os representantes da","canonical_url":"https:\/\/anoticiaonline.com.br\/site\/seguranca-da-sociedade-uma-questao-honra\/","robots":"max-image-preview:large","keywords":"","webmasterTools":{"miscellaneous":""},"schema":{"@context":"https:\/\/schema.org","@graph":[{"@type":"BlogPosting","@id":"https:\/\/anoticiaonline.com.br\/site\/seguranca-da-sociedade-uma-questao-honra\/#blogposting","name":"Seguran\u00e7a da sociedade, uma quest\u00e3o honra - A Not\u00edcia Online","headline":"Seguran\u00e7a da sociedade, uma quest\u00e3o honra","author":{"@id":"https:\/\/anoticiaonline.com.br\/site\/author\/juliana\/#author"},"publisher":{"@id":"https:\/\/anoticiaonline.com.br\/site\/#organization"},"image":{"@type":"ImageObject","url":"https:\/\/scontent-gig4-1.xx.fbcdn.net\/v\/t39.30808-1\/270437624_4564083193639691_6907940295614233970_n.jpg?stp=dst-jpg_s200x200_tt6&_nc_cat=111&ccb=1-7&_nc_sid=f907e8&_nc_ohc=SM1wRlP3lJwQ7kNvwEPuBYA&_nc_oc=AdnqrjDN_BNjSSHWO-GbkIWH6fkGMLw4bqvL_NH6e2wMveX7G-rP2dAqsDSq1mJMOaY&_nc_zt=24&_nc_ht=scontent-gig4-1.xx&_nc_gid=AoBFJeGrT1hVaew_6rchkQ&oh=00_AfX7QmFGhQhG2jAllVgXCiM1ZrWgvtp80-Bfppyexh1QEg&oe=689E923C","@id":"https:\/\/anoticiaonline.com.br\/site\/#articleImage"},"datePublished":"2017-02-09T16:07:01-03:00","dateModified":"2017-02-09T16:07:01-03:00","inLanguage":"pt-BR","mainEntityOfPage":{"@id":"https:\/\/anoticiaonline.com.br\/site\/seguranca-da-sociedade-uma-questao-honra\/#webpage"},"isPartOf":{"@id":"https:\/\/anoticiaonline.com.br\/site\/seguranca-da-sociedade-uma-questao-honra\/#webpage"},"articleSection":"Pol\u00edtica e Atualidades - Francisco Laviola"},{"@type":"BreadcrumbList","@id":"https:\/\/anoticiaonline.com.br\/site\/seguranca-da-sociedade-uma-questao-honra\/#breadcrumblist","itemListElement":[{"@type":"ListItem","@id":"https:\/\/anoticiaonline.com.br\/site#listItem","position":1,"name":"Home","item":"https:\/\/anoticiaonline.com.br\/site","nextItem":{"@type":"ListItem","@id":"https:\/\/anoticiaonline.com.br\/site\/categoria\/colunistas\/#listItem","name":"Colunistas"}},{"@type":"ListItem","@id":"https:\/\/anoticiaonline.com.br\/site\/categoria\/colunistas\/#listItem","position":2,"name":"Colunistas","item":"https:\/\/anoticiaonline.com.br\/site\/categoria\/colunistas\/","nextItem":{"@type":"ListItem","@id":"https:\/\/anoticiaonline.com.br\/site\/categoria\/colunistas\/politica-e-atualidades-francisco-laviola\/#listItem","name":"Pol\u00edtica e Atualidades - Francisco Laviola"},"previousItem":{"@type":"ListItem","@id":"https:\/\/anoticiaonline.com.br\/site#listItem","name":"Home"}},{"@type":"ListItem","@id":"https:\/\/anoticiaonline.com.br\/site\/categoria\/colunistas\/politica-e-atualidades-francisco-laviola\/#listItem","position":3,"name":"Pol\u00edtica e Atualidades - Francisco Laviola","item":"https:\/\/anoticiaonline.com.br\/site\/categoria\/colunistas\/politica-e-atualidades-francisco-laviola\/","nextItem":{"@type":"ListItem","@id":"https:\/\/anoticiaonline.com.br\/site\/seguranca-da-sociedade-uma-questao-honra\/#listItem","name":"Seguran\u00e7a da sociedade, uma quest\u00e3o honra"},"previousItem":{"@type":"ListItem","@id":"https:\/\/anoticiaonline.com.br\/site\/categoria\/colunistas\/#listItem","name":"Colunistas"}},{"@type":"ListItem","@id":"https:\/\/anoticiaonline.com.br\/site\/seguranca-da-sociedade-uma-questao-honra\/#listItem","position":4,"name":"Seguran\u00e7a da sociedade, uma quest\u00e3o honra","previousItem":{"@type":"ListItem","@id":"https:\/\/anoticiaonline.com.br\/site\/categoria\/colunistas\/politica-e-atualidades-francisco-laviola\/#listItem","name":"Pol\u00edtica e Atualidades - Francisco Laviola"}}]},{"@type":"Organization","@id":"https:\/\/anoticiaonline.com.br\/site\/#organization","name":"A Not\u00edcia Online","description":"Noticias de Muria\u00e9 e regi\u00e3o","url":"https:\/\/anoticiaonline.com.br\/site\/","logo":{"@type":"ImageObject","url":"https:\/\/scontent-gig4-1.xx.fbcdn.net\/v\/t39.30808-1\/270437624_4564083193639691_6907940295614233970_n.jpg?stp=dst-jpg_s200x200_tt6&_nc_cat=111&ccb=1-7&_nc_sid=f907e8&_nc_ohc=SM1wRlP3lJwQ7kNvwEPuBYA&_nc_oc=AdnqrjDN_BNjSSHWO-GbkIWH6fkGMLw4bqvL_NH6e2wMveX7G-rP2dAqsDSq1mJMOaY&_nc_zt=24&_nc_ht=scontent-gig4-1.xx&_nc_gid=AoBFJeGrT1hVaew_6rchkQ&oh=00_AfX7QmFGhQhG2jAllVgXCiM1ZrWgvtp80-Bfppyexh1QEg&oe=689E923C","@id":"https:\/\/anoticiaonline.com.br\/site\/seguranca-da-sociedade-uma-questao-honra\/#organizationLogo"},"image":{"@id":"https:\/\/anoticiaonline.com.br\/site\/seguranca-da-sociedade-uma-questao-honra\/#organizationLogo"}},{"@type":"Person","@id":"https:\/\/anoticiaonline.com.br\/site\/author\/juliana\/#author","url":"https:\/\/anoticiaonline.com.br\/site\/author\/juliana\/","name":"Juliana Laviola","image":{"@type":"ImageObject","@id":"https:\/\/anoticiaonline.com.br\/site\/seguranca-da-sociedade-uma-questao-honra\/#authorImage","url":"https:\/\/secure.gravatar.com\/avatar\/b8d45f5c699b100dfaf0e543582f38f38bf94cb7ae3a5e9abf8d891a34773335?s=96&d=mm&r=g","width":96,"height":96,"caption":"Juliana Laviola"}},{"@type":"WebPage","@id":"https:\/\/anoticiaonline.com.br\/site\/seguranca-da-sociedade-uma-questao-honra\/#webpage","url":"https:\/\/anoticiaonline.com.br\/site\/seguranca-da-sociedade-uma-questao-honra\/","name":"Seguran\u00e7a da sociedade, uma quest\u00e3o honra - A Not\u00edcia Online","description":"Um dos problemas mais cr\u00f4nicos que assolam a sociedade brasileira \u00e9 a quest\u00e3o da seguran\u00e7a p\u00fablica. Entra governo, sai governo e a inc\u00f4moda situa\u00e7\u00e3o persiste, como uma doen\u00e7a incur\u00e1vel enraizada bem no \u00e2mago da sociedade e que precisa entrar urgentemente na agenda de prioridades de medidas dos governos, numa a\u00e7\u00e3o conjunta entre os representantes da","inLanguage":"pt-BR","isPartOf":{"@id":"https:\/\/anoticiaonline.com.br\/site\/#website"},"breadcrumb":{"@id":"https:\/\/anoticiaonline.com.br\/site\/seguranca-da-sociedade-uma-questao-honra\/#breadcrumblist"},"author":{"@id":"https:\/\/anoticiaonline.com.br\/site\/author\/juliana\/#author"},"creator":{"@id":"https:\/\/anoticiaonline.com.br\/site\/author\/juliana\/#author"},"datePublished":"2017-02-09T16:07:01-03:00","dateModified":"2017-02-09T16:07:01-03:00"},{"@type":"WebSite","@id":"https:\/\/anoticiaonline.com.br\/site\/#website","url":"https:\/\/anoticiaonline.com.br\/site\/","name":"A Not\u00edcia Online","description":"Noticias de Muria\u00e9 e regi\u00e3o","inLanguage":"pt-BR","publisher":{"@id":"https:\/\/anoticiaonline.com.br\/site\/#organization"}}]},"og:locale":"pt_BR","og:site_name":"A Not\u00edcia Online - Noticias de Muria\u00e9 e regi\u00e3o","og:type":"article","og:title":"Seguran\u00e7a da sociedade, uma quest\u00e3o honra - A Not\u00edcia Online","og:description":"Um dos problemas mais cr\u00f4nicos que assolam a sociedade brasileira \u00e9 a quest\u00e3o da seguran\u00e7a p\u00fablica. Entra governo, sai governo e a inc\u00f4moda situa\u00e7\u00e3o persiste, como uma doen\u00e7a incur\u00e1vel enraizada bem no \u00e2mago da sociedade e que precisa entrar urgentemente na agenda de prioridades de medidas dos governos, numa a\u00e7\u00e3o conjunta entre os representantes da","og:url":"https:\/\/anoticiaonline.com.br\/site\/seguranca-da-sociedade-uma-questao-honra\/","og:image":"https:\/\/scontent-gig4-1.xx.fbcdn.net\/v\/t39.30808-1\/270437624_4564083193639691_6907940295614233970_n.jpg?stp=dst-jpg_s200x200_tt6&#038;_nc_cat=111&#038;ccb=1-7&#038;_nc_sid=f907e8&#038;_nc_ohc=SM1wRlP3lJwQ7kNvwEPuBYA&#038;_nc_oc=AdnqrjDN_BNjSSHWO-GbkIWH6fkGMLw4bqvL_NH6e2wMveX7G-rP2dAqsDSq1mJMOaY&#038;_nc_zt=24&#038;_nc_ht=scontent-gig4-1.xx&#038;_nc_gid=AoBFJeGrT1hVaew_6rchkQ&#038;oh=00_AfX7QmFGhQhG2jAllVgXCiM1ZrWgvtp80-Bfppyexh1QEg&#038;oe=689E923C","og:image:secure_url":"https:\/\/scontent-gig4-1.xx.fbcdn.net\/v\/t39.30808-1\/270437624_4564083193639691_6907940295614233970_n.jpg?stp=dst-jpg_s200x200_tt6&#038;_nc_cat=111&#038;ccb=1-7&#038;_nc_sid=f907e8&#038;_nc_ohc=SM1wRlP3lJwQ7kNvwEPuBYA&#038;_nc_oc=AdnqrjDN_BNjSSHWO-GbkIWH6fkGMLw4bqvL_NH6e2wMveX7G-rP2dAqsDSq1mJMOaY&#038;_nc_zt=24&#038;_nc_ht=scontent-gig4-1.xx&#038;_nc_gid=AoBFJeGrT1hVaew_6rchkQ&#038;oh=00_AfX7QmFGhQhG2jAllVgXCiM1ZrWgvtp80-Bfppyexh1QEg&#038;oe=689E923C","article:published_time":"2017-02-09T19:07:01+00:00","article:modified_time":"2017-02-09T19:07:01+00:00","twitter:card":"summary_large_image","twitter:title":"Seguran\u00e7a da sociedade, uma quest\u00e3o honra - A Not\u00edcia Online","twitter:description":"Um dos problemas mais cr\u00f4nicos que assolam a sociedade brasileira \u00e9 a quest\u00e3o da seguran\u00e7a p\u00fablica. Entra governo, sai governo e a inc\u00f4moda situa\u00e7\u00e3o persiste, como uma doen\u00e7a incur\u00e1vel enraizada bem no \u00e2mago da sociedade e que precisa entrar urgentemente na agenda de prioridades de medidas dos governos, numa a\u00e7\u00e3o conjunta entre os representantes da","twitter:image":"https:\/\/scontent-gig4-1.xx.fbcdn.net\/v\/t39.30808-1\/270437624_4564083193639691_6907940295614233970_n.jpg?stp=dst-jpg_s200x200_tt6&_nc_cat=111&ccb=1-7&_nc_sid=f907e8&_nc_ohc=SM1wRlP3lJwQ7kNvwEPuBYA&_nc_oc=AdnqrjDN_BNjSSHWO-GbkIWH6fkGMLw4bqvL_NH6e2wMveX7G-rP2dAqsDSq1mJMOaY&_nc_zt=24&_nc_ht=scontent-gig4-1.xx&_nc_gid=AoBFJeGrT1hVaew_6rchkQ&oh=00_AfX7QmFGhQhG2jAllVgXCiM1ZrWgvtp80-Bfppyexh1QEg&oe=689E923C"},"aioseo_meta_data":{"post_id":"24225","title":null,"description":null,"keywords":null,"keyphrases":null,"primary_term":null,"canonical_url":null,"og_title":null,"og_description":null,"og_object_type":"default","og_image_type":"default","og_image_url":null,"og_image_width":null,"og_image_height":null,"og_image_custom_url":null,"og_image_custom_fields":null,"og_video":null,"og_custom_url":null,"og_article_section":null,"og_article_tags":null,"twitter_use_og":false,"twitter_card":"default","twitter_image_type":"default","twitter_image_url":null,"twitter_image_custom_url":null,"twitter_image_custom_fields":null,"twitter_title":null,"twitter_description":null,"schema":{"blockGraphs":[],"customGraphs":[],"default":{"data":{"Article":[],"Course":[],"Dataset":[],"FAQPage":[],"Movie":[],"Person":[],"Product":[],"ProductReview":[],"Car":[],"Recipe":[],"Service":[],"SoftwareApplication":[],"WebPage":[]},"graphName":"","isEnabled":true},"graphs":[]},"schema_type":"default","schema_type_options":null,"pillar_content":false,"robots_default":true,"robots_noindex":false,"robots_noarchive":false,"robots_nosnippet":false,"robots_nofollow":false,"robots_noimageindex":false,"robots_noodp":false,"robots_notranslate":false,"robots_max_snippet":null,"robots_max_videopreview":null,"robots_max_imagepreview":"large","priority":null,"frequency":null,"local_seo":null,"breadcrumb_settings":null,"limit_modified_date":false,"ai":null,"created":"2025-08-16 17:33:26","updated":"2025-08-16 17:33:26","focus_keyword":null,"additional_keywords":null,"truseo_locale":null,"seo_analyzer_scan_date":null},"aioseo_breadcrumb":"<div class=\"aioseo-breadcrumbs\"><span class=\"aioseo-breadcrumb\">\n\t\t\t<a href=\"https:\/\/anoticiaonline.com.br\/site\" title=\"Home\">Home<\/a>\n\t\t<\/span><span class=\"aioseo-breadcrumb-separator\">&raquo;<\/span><span class=\"aioseo-breadcrumb\">\n\t\t\t<a href=\"https:\/\/anoticiaonline.com.br\/site\/categoria\/colunistas\/\" title=\"Colunistas\">Colunistas<\/a>\n\t\t<\/span><span class=\"aioseo-breadcrumb-separator\">&raquo;<\/span><span class=\"aioseo-breadcrumb\">\n\t\t\t<a href=\"https:\/\/anoticiaonline.com.br\/site\/categoria\/colunistas\/politica-e-atualidades-francisco-laviola\/\" title=\"Pol\u00edtica e Atualidades - Francisco Laviola\">Pol\u00edtica e Atualidades - Francisco Laviola<\/a>\n\t\t<\/span><span class=\"aioseo-breadcrumb-separator\">&raquo;<\/span><span class=\"aioseo-breadcrumb\">\n\t\t\tSeguran\u00e7a da sociedade, uma quest\u00e3o honra\n\t\t<\/span><\/div>","aioseo_breadcrumb_json":[{"label":"Home","link":"https:\/\/anoticiaonline.com.br\/site"},{"label":"Colunistas","link":"https:\/\/anoticiaonline.com.br\/site\/categoria\/colunistas\/"},{"label":"Pol\u00edtica e Atualidades - Francisco Laviola","link":"https:\/\/anoticiaonline.com.br\/site\/categoria\/colunistas\/politica-e-atualidades-francisco-laviola\/"},{"label":"Seguran\u00e7a da sociedade, uma quest\u00e3o honra","link":"https:\/\/anoticiaonline.com.br\/site\/seguranca-da-sociedade-uma-questao-honra\/"}],"views":120,"_links":{"self":[{"href":"https:\/\/anoticiaonline.com.br\/site\/wp-json\/wp\/v2\/posts\/24225","targetHints":{"allow":["GET"]}}],"collection":[{"href":"https:\/\/anoticiaonline.com.br\/site\/wp-json\/wp\/v2\/posts"}],"about":[{"href":"https:\/\/anoticiaonline.com.br\/site\/wp-json\/wp\/v2\/types\/post"}],"author":[{"embeddable":true,"href":"https:\/\/anoticiaonline.com.br\/site\/wp-json\/wp\/v2\/users\/2"}],"replies":[{"embeddable":true,"href":"https:\/\/anoticiaonline.com.br\/site\/wp-json\/wp\/v2\/comments?post=24225"}],"version-history":[{"count":0,"href":"https:\/\/anoticiaonline.com.br\/site\/wp-json\/wp\/v2\/posts\/24225\/revisions"}],"wp:attachment":[{"href":"https:\/\/anoticiaonline.com.br\/site\/wp-json\/wp\/v2\/media?parent=24225"}],"wp:term":[{"taxonomy":"category","embeddable":true,"href":"https:\/\/anoticiaonline.com.br\/site\/wp-json\/wp\/v2\/categories?post=24225"},{"taxonomy":"post_tag","embeddable":true,"href":"https:\/\/anoticiaonline.com.br\/site\/wp-json\/wp\/v2\/tags?post=24225"}],"curies":[{"name":"wp","href":"https:\/\/api.w.org\/{rel}","templated":true}]}}