{"id":24219,"date":"2017-02-09T15:21:29","date_gmt":"2017-02-09T18:21:29","guid":{"rendered":"http:\/\/anoticiaonline.com.br\/site\/?p=24219"},"modified":"2017-02-09T15:21:29","modified_gmt":"2017-02-09T18:21:29","slug":"prefeitura-podera-adotar-turno-unico-de-seis-horas-de-trabalho","status":"publish","type":"post","link":"https:\/\/anoticiaonline.com.br\/site\/prefeitura-podera-adotar-turno-unico-de-seis-horas-de-trabalho\/","title":{"rendered":"Prefeitura poder\u00e1 adotar turno \u00fanico de seis horas de trabalho"},"content":{"rendered":"<p><a href=\"https:\/\/anoticiaonline.com.br\/site\/wp-content\/uploads\/2016\/09\/centro-administrativo.jpg\"><img fetchpriority=\"high\" decoding=\"async\" class=\" size-medium wp-image-18982 alignleft\" src=\"https:\/\/anoticiaonline.com.br\/site\/wp-content\/uploads\/2016\/09\/centro-administrativo-300x206.jpg\" alt=\"centro-administrativo\" width=\"300\" height=\"206\" srcset=\"https:\/\/anoticiaonline.com.br\/site\/wp-content\/uploads\/2016\/09\/centro-administrativo-300x206.jpg 300w, https:\/\/anoticiaonline.com.br\/site\/wp-content\/uploads\/2016\/09\/centro-administrativo.jpg 640w\" sizes=\"(max-width: 300px) 100vw, 300px\" \/><\/a>A jornada de trabalho para \u00f3rg\u00e3os e servi\u00e7os da administra\u00e7\u00e3o direta e indireta pode cair de oito para seis horas di\u00e1rias. A C\u00e2mara de Muria\u00e9 aprovou, na ter\u00e7a-feira (7), o projeto de lei, enviado pelo prefeito Grego, que autoriza o Poder Executivo a instituir as atividades em turno \u00fanico &#8211; atualmente, o Centro Administrativo e grande parte dos servi\u00e7os p\u00fablicos funcionam em dois turnos, com intervalo de 90 minutos para almo\u00e7o.<\/p>\n<p>O hor\u00e1rio a ser adotado no turno \u00fanico ainda n\u00e3o foi definido. Ele ser\u00e1 regulamentado por meio de decreto, que deve ser elaborado pelo prefeito e publicado nos pr\u00f3ximos dias. Vale lembrar que a redu\u00e7\u00e3o da carga hor\u00e1ria poder\u00e1 ser revogada a qualquer tempo pelo Executivo, caso n\u00e3o atenda o interesse p\u00fablico.<\/p>\n<p>\u201cA medida tem o objetivo de promover a manuten\u00e7\u00e3o do equil\u00edbrio econ\u00f4mico-financeiro do munic\u00edpio, al\u00e9m de flexibilizar o hor\u00e1rio de atendimento ao p\u00fablico e buscar maior produtividade dos servidores p\u00fablicos municipais\u201d, informa o l\u00edder do governo na C\u00e2mara, vereador J\u00falio Simbra.<\/p>\n<p>Al\u00e9m da ado\u00e7\u00e3o do turno \u00fanico, o texto aprovado pelos parlamentares inclui ainda quest\u00f5es como a possibilidade de se realizar escalas de revezamento, conforme a necessidade; a proibi\u00e7\u00e3o de realiza\u00e7\u00e3o de servi\u00e7o extraordin\u00e1rio, exceto em casos de emerg\u00eancia ou calamidade p\u00fablica; e a restri\u00e7\u00e3o do pagamento de di\u00e1rias viagens apenas para casos considerados essenciais e especiais, mediante autoriza\u00e7\u00e3o do chefe do Executivo municipal ou de diretor de entidade da administra\u00e7\u00e3o indireta.<\/p>\n","protected":false},"excerpt":{"rendered":"<p>A jornada de trabalho para \u00f3rg\u00e3os e servi\u00e7os da administra\u00e7\u00e3o direta e indireta pode cair de oito para seis horas di\u00e1rias. A C\u00e2mara de Muria\u00e9 aprovou, na ter\u00e7a-feira (7), o projeto de lei, enviado pelo prefeito Grego, que autoriza o Poder Executivo a instituir as atividades em turno \u00fanico &#8211; atualmente, o Centro Administrativo e &#8230; <a title=\"Prefeitura poder\u00e1 adotar turno \u00fanico de seis horas de trabalho\" class=\"read-more\" href=\"https:\/\/anoticiaonline.com.br\/site\/prefeitura-podera-adotar-turno-unico-de-seis-horas-de-trabalho\/\" aria-label=\"Read more about Prefeitura poder\u00e1 adotar turno \u00fanico de seis horas de trabalho\">Ler mais<\/a><\/p>\n","protected":false},"author":2,"featured_media":18982,"comment_status":"open","ping_status":"open","sticky":false,"template":"","format":"standard","meta":{"_acf_changed":false,"_monsterinsights_skip_tracking":false,"footnotes":""},"categories":[30],"tags":[3],"class_list":["post-24219","post","type-post","status-publish","format-standard","has-post-thumbnail","hentry","category-muriae","tag-slide"],"acf":[],"aioseo_notices":[],"aioseo_head":"\n\t\t<!-- All in One SEO 5.0.0.1 - aioseo.com -->\n\t<meta name=\"description\" content=\"A jornada de trabalho para \u00f3rg\u00e3os e servi\u00e7os da administra\u00e7\u00e3o direta e indireta pode cair de oito para seis horas di\u00e1rias. A C\u00e2mara de Muria\u00e9 aprovou, na ter\u00e7a-feira (7), o projeto de lei, enviado pelo prefeito Grego, que autoriza o Poder Executivo a instituir as atividades em turno \u00fanico - atualmente, o Centro Administrativo e\" \/>\n\t<meta name=\"robots\" content=\"max-image-preview:large\" \/>\n\t<meta name=\"author\" content=\"Juliana Laviola\"\/>\n\t<link rel=\"canonical\" href=\"https:\/\/anoticiaonline.com.br\/site\/prefeitura-podera-adotar-turno-unico-de-seis-horas-de-trabalho\/\" \/>\n\t<meta name=\"generator\" content=\"All in One SEO (AIOSEO) 5.0.0.1\" \/>\n\t\t<meta property=\"og:locale\" content=\"pt_BR\" \/>\n\t\t<meta property=\"og:site_name\" content=\"A Not\u00edcia Online - Noticias de Muria\u00e9 e regi\u00e3o\" \/>\n\t\t<meta property=\"og:type\" content=\"article\" \/>\n\t\t<meta property=\"og:title\" content=\"Prefeitura poder\u00e1 adotar turno \u00fanico de seis horas de trabalho - A Not\u00edcia Online\" \/>\n\t\t<meta property=\"og:description\" content=\"A jornada de trabalho para \u00f3rg\u00e3os e servi\u00e7os da administra\u00e7\u00e3o direta e indireta pode cair de oito para seis horas di\u00e1rias. A C\u00e2mara de Muria\u00e9 aprovou, na ter\u00e7a-feira (7), o projeto de lei, enviado pelo prefeito Grego, que autoriza o Poder Executivo a instituir as atividades em turno \u00fanico - atualmente, o Centro Administrativo e\" \/>\n\t\t<meta property=\"og:url\" content=\"https:\/\/anoticiaonline.com.br\/site\/prefeitura-podera-adotar-turno-unico-de-seis-horas-de-trabalho\/\" \/>\n\t\t<meta property=\"og:image\" content=\"https:\/\/scontent-gig4-1.xx.fbcdn.net\/v\/t39.30808-1\/270437624_4564083193639691_6907940295614233970_n.jpg?stp=dst-jpg_s200x200_tt6&#038;_nc_cat=111&#038;ccb=1-7&#038;_nc_sid=f907e8&#038;_nc_ohc=SM1wRlP3lJwQ7kNvwEPuBYA&#038;_nc_oc=AdnqrjDN_BNjSSHWO-GbkIWH6fkGMLw4bqvL_NH6e2wMveX7G-rP2dAqsDSq1mJMOaY&#038;_nc_zt=24&#038;_nc_ht=scontent-gig4-1.xx&#038;_nc_gid=AoBFJeGrT1hVaew_6rchkQ&#038;oh=00_AfX7QmFGhQhG2jAllVgXCiM1ZrWgvtp80-Bfppyexh1QEg&#038;oe=689E923C\" \/>\n\t\t<meta property=\"og:image:secure_url\" content=\"https:\/\/scontent-gig4-1.xx.fbcdn.net\/v\/t39.30808-1\/270437624_4564083193639691_6907940295614233970_n.jpg?stp=dst-jpg_s200x200_tt6&#038;_nc_cat=111&#038;ccb=1-7&#038;_nc_sid=f907e8&#038;_nc_ohc=SM1wRlP3lJwQ7kNvwEPuBYA&#038;_nc_oc=AdnqrjDN_BNjSSHWO-GbkIWH6fkGMLw4bqvL_NH6e2wMveX7G-rP2dAqsDSq1mJMOaY&#038;_nc_zt=24&#038;_nc_ht=scontent-gig4-1.xx&#038;_nc_gid=AoBFJeGrT1hVaew_6rchkQ&#038;oh=00_AfX7QmFGhQhG2jAllVgXCiM1ZrWgvtp80-Bfppyexh1QEg&#038;oe=689E923C\" \/>\n\t\t<meta property=\"article:published_time\" content=\"2017-02-09T18:21:29+00:00\" \/>\n\t\t<meta property=\"article:modified_time\" content=\"2017-02-09T18:21:29+00:00\" \/>\n\t\t<meta name=\"twitter:card\" content=\"summary_large_image\" \/>\n\t\t<meta name=\"twitter:title\" content=\"Prefeitura poder\u00e1 adotar turno \u00fanico de seis horas de trabalho - A Not\u00edcia Online\" \/>\n\t\t<meta name=\"twitter:description\" content=\"A jornada de trabalho para \u00f3rg\u00e3os e servi\u00e7os da administra\u00e7\u00e3o direta e indireta pode cair de oito para seis horas di\u00e1rias. A C\u00e2mara de Muria\u00e9 aprovou, na ter\u00e7a-feira (7), o projeto de lei, enviado pelo prefeito Grego, que autoriza o Poder Executivo a instituir as atividades em turno \u00fanico - atualmente, o Centro Administrativo e\" \/>\n\t\t<meta name=\"twitter:image\" content=\"https:\/\/scontent-gig4-1.xx.fbcdn.net\/v\/t39.30808-1\/270437624_4564083193639691_6907940295614233970_n.jpg?stp=dst-jpg_s200x200_tt6&amp;_nc_cat=111&amp;ccb=1-7&amp;_nc_sid=f907e8&amp;_nc_ohc=SM1wRlP3lJwQ7kNvwEPuBYA&amp;_nc_oc=AdnqrjDN_BNjSSHWO-GbkIWH6fkGMLw4bqvL_NH6e2wMveX7G-rP2dAqsDSq1mJMOaY&amp;_nc_zt=24&amp;_nc_ht=scontent-gig4-1.xx&amp;_nc_gid=AoBFJeGrT1hVaew_6rchkQ&amp;oh=00_AfX7QmFGhQhG2jAllVgXCiM1ZrWgvtp80-Bfppyexh1QEg&amp;oe=689E923C\" \/>\n\t\t<script type=\"application\/ld+json\" class=\"aioseo-schema\">\n\t\t\t{\"@context\":\"https:\\\/\\\/schema.org\",\"@graph\":[{\"@type\":\"BlogPosting\",\"@id\":\"https:\\\/\\\/anoticiaonline.com.br\\\/site\\\/prefeitura-podera-adotar-turno-unico-de-seis-horas-de-trabalho\\\/#blogposting\",\"name\":\"Prefeitura poder\\u00e1 adotar turno \\u00fanico de seis horas de trabalho - A Not\\u00edcia Online\",\"headline\":\"Prefeitura poder\\u00e1 adotar turno \\u00fanico de seis horas de trabalho\",\"author\":{\"@id\":\"https:\\\/\\\/anoticiaonline.com.br\\\/site\\\/author\\\/juliana\\\/#author\"},\"publisher\":{\"@id\":\"https:\\\/\\\/anoticiaonline.com.br\\\/site\\\/#organization\"},\"image\":{\"@type\":\"ImageObject\",\"url\":\"https:\\\/\\\/anoticiaonline.com.br\\\/site\\\/wp-content\\\/uploads\\\/2016\\\/09\\\/centro-administrativo.jpg\",\"width\":640,\"height\":440},\"datePublished\":\"2017-02-09T15:21:29-03:00\",\"dateModified\":\"2017-02-09T15:21:29-03:00\",\"inLanguage\":\"pt-BR\",\"mainEntityOfPage\":{\"@id\":\"https:\\\/\\\/anoticiaonline.com.br\\\/site\\\/prefeitura-podera-adotar-turno-unico-de-seis-horas-de-trabalho\\\/#webpage\"},\"isPartOf\":{\"@id\":\"https:\\\/\\\/anoticiaonline.com.br\\\/site\\\/prefeitura-podera-adotar-turno-unico-de-seis-horas-de-trabalho\\\/#webpage\"},\"articleSection\":\"Blog, slide\"},{\"@type\":\"BreadcrumbList\",\"@id\":\"https:\\\/\\\/anoticiaonline.com.br\\\/site\\\/prefeitura-podera-adotar-turno-unico-de-seis-horas-de-trabalho\\\/#breadcrumblist\",\"itemListElement\":[{\"@type\":\"ListItem\",\"@id\":\"https:\\\/\\\/anoticiaonline.com.br\\\/site#listItem\",\"position\":1,\"name\":\"Home\",\"item\":\"https:\\\/\\\/anoticiaonline.com.br\\\/site\",\"nextItem\":{\"@type\":\"ListItem\",\"@id\":\"https:\\\/\\\/anoticiaonline.com.br\\\/site\\\/categoria\\\/muriae\\\/#listItem\",\"name\":\"Blog\"}},{\"@type\":\"ListItem\",\"@id\":\"https:\\\/\\\/anoticiaonline.com.br\\\/site\\\/categoria\\\/muriae\\\/#listItem\",\"position\":2,\"name\":\"Blog\",\"item\":\"https:\\\/\\\/anoticiaonline.com.br\\\/site\\\/categoria\\\/muriae\\\/\",\"nextItem\":{\"@type\":\"ListItem\",\"@id\":\"https:\\\/\\\/anoticiaonline.com.br\\\/site\\\/prefeitura-podera-adotar-turno-unico-de-seis-horas-de-trabalho\\\/#listItem\",\"name\":\"Prefeitura poder\\u00e1 adotar turno \\u00fanico de seis horas de trabalho\"},\"previousItem\":{\"@type\":\"ListItem\",\"@id\":\"https:\\\/\\\/anoticiaonline.com.br\\\/site#listItem\",\"name\":\"Home\"}},{\"@type\":\"ListItem\",\"@id\":\"https:\\\/\\\/anoticiaonline.com.br\\\/site\\\/prefeitura-podera-adotar-turno-unico-de-seis-horas-de-trabalho\\\/#listItem\",\"position\":3,\"name\":\"Prefeitura poder\\u00e1 adotar turno \\u00fanico de seis horas de trabalho\",\"previousItem\":{\"@type\":\"ListItem\",\"@id\":\"https:\\\/\\\/anoticiaonline.com.br\\\/site\\\/categoria\\\/muriae\\\/#listItem\",\"name\":\"Blog\"}}]},{\"@type\":\"Organization\",\"@id\":\"https:\\\/\\\/anoticiaonline.com.br\\\/site\\\/#organization\",\"name\":\"A Not\\u00edcia Online\",\"description\":\"Noticias de Muria\\u00e9 e regi\\u00e3o\",\"url\":\"https:\\\/\\\/anoticiaonline.com.br\\\/site\\\/\",\"logo\":{\"@type\":\"ImageObject\",\"url\":\"https:\\\/\\\/scontent-gig4-1.xx.fbcdn.net\\\/v\\\/t39.30808-1\\\/270437624_4564083193639691_6907940295614233970_n.jpg?stp=dst-jpg_s200x200_tt6&_nc_cat=111&ccb=1-7&_nc_sid=f907e8&_nc_ohc=SM1wRlP3lJwQ7kNvwEPuBYA&_nc_oc=AdnqrjDN_BNjSSHWO-GbkIWH6fkGMLw4bqvL_NH6e2wMveX7G-rP2dAqsDSq1mJMOaY&_nc_zt=24&_nc_ht=scontent-gig4-1.xx&_nc_gid=AoBFJeGrT1hVaew_6rchkQ&oh=00_AfX7QmFGhQhG2jAllVgXCiM1ZrWgvtp80-Bfppyexh1QEg&oe=689E923C\",\"@id\":\"https:\\\/\\\/anoticiaonline.com.br\\\/site\\\/prefeitura-podera-adotar-turno-unico-de-seis-horas-de-trabalho\\\/#organizationLogo\"},\"image\":{\"@id\":\"https:\\\/\\\/anoticiaonline.com.br\\\/site\\\/prefeitura-podera-adotar-turno-unico-de-seis-horas-de-trabalho\\\/#organizationLogo\"}},{\"@type\":\"Person\",\"@id\":\"https:\\\/\\\/anoticiaonline.com.br\\\/site\\\/author\\\/juliana\\\/#author\",\"url\":\"https:\\\/\\\/anoticiaonline.com.br\\\/site\\\/author\\\/juliana\\\/\",\"name\":\"Juliana Laviola\",\"image\":{\"@type\":\"ImageObject\",\"@id\":\"https:\\\/\\\/anoticiaonline.com.br\\\/site\\\/prefeitura-podera-adotar-turno-unico-de-seis-horas-de-trabalho\\\/#authorImage\",\"url\":\"https:\\\/\\\/secure.gravatar.com\\\/avatar\\\/b8d45f5c699b100dfaf0e543582f38f38bf94cb7ae3a5e9abf8d891a34773335?s=96&d=mm&r=g\",\"width\":96,\"height\":96,\"caption\":\"Juliana Laviola\"}},{\"@type\":\"WebPage\",\"@id\":\"https:\\\/\\\/anoticiaonline.com.br\\\/site\\\/prefeitura-podera-adotar-turno-unico-de-seis-horas-de-trabalho\\\/#webpage\",\"url\":\"https:\\\/\\\/anoticiaonline.com.br\\\/site\\\/prefeitura-podera-adotar-turno-unico-de-seis-horas-de-trabalho\\\/\",\"name\":\"Prefeitura poder\\u00e1 adotar turno \\u00fanico de seis horas de trabalho - A Not\\u00edcia Online\",\"description\":\"A jornada de trabalho para \\u00f3rg\\u00e3os e servi\\u00e7os da administra\\u00e7\\u00e3o direta e indireta pode cair de oito para seis horas di\\u00e1rias. A C\\u00e2mara de Muria\\u00e9 aprovou, na ter\\u00e7a-feira (7), o projeto de lei, enviado pelo prefeito Grego, que autoriza o Poder Executivo a instituir as atividades em turno \\u00fanico - atualmente, o Centro Administrativo e\",\"inLanguage\":\"pt-BR\",\"isPartOf\":{\"@id\":\"https:\\\/\\\/anoticiaonline.com.br\\\/site\\\/#website\"},\"breadcrumb\":{\"@id\":\"https:\\\/\\\/anoticiaonline.com.br\\\/site\\\/prefeitura-podera-adotar-turno-unico-de-seis-horas-de-trabalho\\\/#breadcrumblist\"},\"author\":{\"@id\":\"https:\\\/\\\/anoticiaonline.com.br\\\/site\\\/author\\\/juliana\\\/#author\"},\"creator\":{\"@id\":\"https:\\\/\\\/anoticiaonline.com.br\\\/site\\\/author\\\/juliana\\\/#author\"},\"image\":{\"@type\":\"ImageObject\",\"url\":\"https:\\\/\\\/anoticiaonline.com.br\\\/site\\\/wp-content\\\/uploads\\\/2016\\\/09\\\/centro-administrativo.jpg\",\"@id\":\"https:\\\/\\\/anoticiaonline.com.br\\\/site\\\/prefeitura-podera-adotar-turno-unico-de-seis-horas-de-trabalho\\\/#mainImage\",\"width\":640,\"height\":440},\"primaryImageOfPage\":{\"@id\":\"https:\\\/\\\/anoticiaonline.com.br\\\/site\\\/prefeitura-podera-adotar-turno-unico-de-seis-horas-de-trabalho\\\/#mainImage\"},\"datePublished\":\"2017-02-09T15:21:29-03:00\",\"dateModified\":\"2017-02-09T15:21:29-03:00\"},{\"@type\":\"WebSite\",\"@id\":\"https:\\\/\\\/anoticiaonline.com.br\\\/site\\\/#website\",\"url\":\"https:\\\/\\\/anoticiaonline.com.br\\\/site\\\/\",\"name\":\"A Not\\u00edcia Online\",\"description\":\"Noticias de Muria\\u00e9 e regi\\u00e3o\",\"inLanguage\":\"pt-BR\",\"publisher\":{\"@id\":\"https:\\\/\\\/anoticiaonline.com.br\\\/site\\\/#organization\"}}]}\n\t\t<\/script>\n\t\t<!-- All in One SEO -->\n\n","aioseo_head_json":{"title":"Prefeitura poder\u00e1 adotar turno \u00fanico de seis horas de trabalho - A Not\u00edcia Online","description":"A jornada de trabalho para \u00f3rg\u00e3os e servi\u00e7os da administra\u00e7\u00e3o direta e indireta pode cair de oito para seis horas di\u00e1rias. A C\u00e2mara de Muria\u00e9 aprovou, na ter\u00e7a-feira (7), o projeto de lei, enviado pelo prefeito Grego, que autoriza o Poder Executivo a instituir as atividades em turno \u00fanico - atualmente, o Centro Administrativo e","canonical_url":"https:\/\/anoticiaonline.com.br\/site\/prefeitura-podera-adotar-turno-unico-de-seis-horas-de-trabalho\/","robots":"max-image-preview:large","keywords":"","webmasterTools":{"miscellaneous":""},"schema":{"@context":"https:\/\/schema.org","@graph":[{"@type":"BlogPosting","@id":"https:\/\/anoticiaonline.com.br\/site\/prefeitura-podera-adotar-turno-unico-de-seis-horas-de-trabalho\/#blogposting","name":"Prefeitura poder\u00e1 adotar turno \u00fanico de seis horas de trabalho - A Not\u00edcia Online","headline":"Prefeitura poder\u00e1 adotar turno \u00fanico de seis horas de trabalho","author":{"@id":"https:\/\/anoticiaonline.com.br\/site\/author\/juliana\/#author"},"publisher":{"@id":"https:\/\/anoticiaonline.com.br\/site\/#organization"},"image":{"@type":"ImageObject","url":"https:\/\/anoticiaonline.com.br\/site\/wp-content\/uploads\/2016\/09\/centro-administrativo.jpg","width":640,"height":440},"datePublished":"2017-02-09T15:21:29-03:00","dateModified":"2017-02-09T15:21:29-03:00","inLanguage":"pt-BR","mainEntityOfPage":{"@id":"https:\/\/anoticiaonline.com.br\/site\/prefeitura-podera-adotar-turno-unico-de-seis-horas-de-trabalho\/#webpage"},"isPartOf":{"@id":"https:\/\/anoticiaonline.com.br\/site\/prefeitura-podera-adotar-turno-unico-de-seis-horas-de-trabalho\/#webpage"},"articleSection":"Blog, slide"},{"@type":"BreadcrumbList","@id":"https:\/\/anoticiaonline.com.br\/site\/prefeitura-podera-adotar-turno-unico-de-seis-horas-de-trabalho\/#breadcrumblist","itemListElement":[{"@type":"ListItem","@id":"https:\/\/anoticiaonline.com.br\/site#listItem","position":1,"name":"Home","item":"https:\/\/anoticiaonline.com.br\/site","nextItem":{"@type":"ListItem","@id":"https:\/\/anoticiaonline.com.br\/site\/categoria\/muriae\/#listItem","name":"Blog"}},{"@type":"ListItem","@id":"https:\/\/anoticiaonline.com.br\/site\/categoria\/muriae\/#listItem","position":2,"name":"Blog","item":"https:\/\/anoticiaonline.com.br\/site\/categoria\/muriae\/","nextItem":{"@type":"ListItem","@id":"https:\/\/anoticiaonline.com.br\/site\/prefeitura-podera-adotar-turno-unico-de-seis-horas-de-trabalho\/#listItem","name":"Prefeitura poder\u00e1 adotar turno \u00fanico de seis horas de trabalho"},"previousItem":{"@type":"ListItem","@id":"https:\/\/anoticiaonline.com.br\/site#listItem","name":"Home"}},{"@type":"ListItem","@id":"https:\/\/anoticiaonline.com.br\/site\/prefeitura-podera-adotar-turno-unico-de-seis-horas-de-trabalho\/#listItem","position":3,"name":"Prefeitura poder\u00e1 adotar turno \u00fanico de seis horas de trabalho","previousItem":{"@type":"ListItem","@id":"https:\/\/anoticiaonline.com.br\/site\/categoria\/muriae\/#listItem","name":"Blog"}}]},{"@type":"Organization","@id":"https:\/\/anoticiaonline.com.br\/site\/#organization","name":"A Not\u00edcia Online","description":"Noticias de Muria\u00e9 e regi\u00e3o","url":"https:\/\/anoticiaonline.com.br\/site\/","logo":{"@type":"ImageObject","url":"https:\/\/scontent-gig4-1.xx.fbcdn.net\/v\/t39.30808-1\/270437624_4564083193639691_6907940295614233970_n.jpg?stp=dst-jpg_s200x200_tt6&_nc_cat=111&ccb=1-7&_nc_sid=f907e8&_nc_ohc=SM1wRlP3lJwQ7kNvwEPuBYA&_nc_oc=AdnqrjDN_BNjSSHWO-GbkIWH6fkGMLw4bqvL_NH6e2wMveX7G-rP2dAqsDSq1mJMOaY&_nc_zt=24&_nc_ht=scontent-gig4-1.xx&_nc_gid=AoBFJeGrT1hVaew_6rchkQ&oh=00_AfX7QmFGhQhG2jAllVgXCiM1ZrWgvtp80-Bfppyexh1QEg&oe=689E923C","@id":"https:\/\/anoticiaonline.com.br\/site\/prefeitura-podera-adotar-turno-unico-de-seis-horas-de-trabalho\/#organizationLogo"},"image":{"@id":"https:\/\/anoticiaonline.com.br\/site\/prefeitura-podera-adotar-turno-unico-de-seis-horas-de-trabalho\/#organizationLogo"}},{"@type":"Person","@id":"https:\/\/anoticiaonline.com.br\/site\/author\/juliana\/#author","url":"https:\/\/anoticiaonline.com.br\/site\/author\/juliana\/","name":"Juliana Laviola","image":{"@type":"ImageObject","@id":"https:\/\/anoticiaonline.com.br\/site\/prefeitura-podera-adotar-turno-unico-de-seis-horas-de-trabalho\/#authorImage","url":"https:\/\/secure.gravatar.com\/avatar\/b8d45f5c699b100dfaf0e543582f38f38bf94cb7ae3a5e9abf8d891a34773335?s=96&d=mm&r=g","width":96,"height":96,"caption":"Juliana Laviola"}},{"@type":"WebPage","@id":"https:\/\/anoticiaonline.com.br\/site\/prefeitura-podera-adotar-turno-unico-de-seis-horas-de-trabalho\/#webpage","url":"https:\/\/anoticiaonline.com.br\/site\/prefeitura-podera-adotar-turno-unico-de-seis-horas-de-trabalho\/","name":"Prefeitura poder\u00e1 adotar turno \u00fanico de seis horas de trabalho - A Not\u00edcia Online","description":"A jornada de trabalho para \u00f3rg\u00e3os e servi\u00e7os da administra\u00e7\u00e3o direta e indireta pode cair de oito para seis horas di\u00e1rias. A C\u00e2mara de Muria\u00e9 aprovou, na ter\u00e7a-feira (7), o projeto de lei, enviado pelo prefeito Grego, que autoriza o Poder Executivo a instituir as atividades em turno \u00fanico - atualmente, o Centro Administrativo e","inLanguage":"pt-BR","isPartOf":{"@id":"https:\/\/anoticiaonline.com.br\/site\/#website"},"breadcrumb":{"@id":"https:\/\/anoticiaonline.com.br\/site\/prefeitura-podera-adotar-turno-unico-de-seis-horas-de-trabalho\/#breadcrumblist"},"author":{"@id":"https:\/\/anoticiaonline.com.br\/site\/author\/juliana\/#author"},"creator":{"@id":"https:\/\/anoticiaonline.com.br\/site\/author\/juliana\/#author"},"image":{"@type":"ImageObject","url":"https:\/\/anoticiaonline.com.br\/site\/wp-content\/uploads\/2016\/09\/centro-administrativo.jpg","@id":"https:\/\/anoticiaonline.com.br\/site\/prefeitura-podera-adotar-turno-unico-de-seis-horas-de-trabalho\/#mainImage","width":640,"height":440},"primaryImageOfPage":{"@id":"https:\/\/anoticiaonline.com.br\/site\/prefeitura-podera-adotar-turno-unico-de-seis-horas-de-trabalho\/#mainImage"},"datePublished":"2017-02-09T15:21:29-03:00","dateModified":"2017-02-09T15:21:29-03:00"},{"@type":"WebSite","@id":"https:\/\/anoticiaonline.com.br\/site\/#website","url":"https:\/\/anoticiaonline.com.br\/site\/","name":"A Not\u00edcia Online","description":"Noticias de Muria\u00e9 e regi\u00e3o","inLanguage":"pt-BR","publisher":{"@id":"https:\/\/anoticiaonline.com.br\/site\/#organization"}}]},"og:locale":"pt_BR","og:site_name":"A Not\u00edcia Online - Noticias de Muria\u00e9 e regi\u00e3o","og:type":"article","og:title":"Prefeitura poder\u00e1 adotar turno \u00fanico de seis horas de trabalho - A Not\u00edcia Online","og:description":"A jornada de trabalho para \u00f3rg\u00e3os e servi\u00e7os da administra\u00e7\u00e3o direta e indireta pode cair de oito para seis horas di\u00e1rias. A C\u00e2mara de Muria\u00e9 aprovou, na ter\u00e7a-feira (7), o projeto de lei, enviado pelo prefeito Grego, que autoriza o Poder Executivo a instituir as atividades em turno \u00fanico - atualmente, o Centro Administrativo e","og:url":"https:\/\/anoticiaonline.com.br\/site\/prefeitura-podera-adotar-turno-unico-de-seis-horas-de-trabalho\/","og:image":"https:\/\/scontent-gig4-1.xx.fbcdn.net\/v\/t39.30808-1\/270437624_4564083193639691_6907940295614233970_n.jpg?stp=dst-jpg_s200x200_tt6&#038;_nc_cat=111&#038;ccb=1-7&#038;_nc_sid=f907e8&#038;_nc_ohc=SM1wRlP3lJwQ7kNvwEPuBYA&#038;_nc_oc=AdnqrjDN_BNjSSHWO-GbkIWH6fkGMLw4bqvL_NH6e2wMveX7G-rP2dAqsDSq1mJMOaY&#038;_nc_zt=24&#038;_nc_ht=scontent-gig4-1.xx&#038;_nc_gid=AoBFJeGrT1hVaew_6rchkQ&#038;oh=00_AfX7QmFGhQhG2jAllVgXCiM1ZrWgvtp80-Bfppyexh1QEg&#038;oe=689E923C","og:image:secure_url":"https:\/\/scontent-gig4-1.xx.fbcdn.net\/v\/t39.30808-1\/270437624_4564083193639691_6907940295614233970_n.jpg?stp=dst-jpg_s200x200_tt6&#038;_nc_cat=111&#038;ccb=1-7&#038;_nc_sid=f907e8&#038;_nc_ohc=SM1wRlP3lJwQ7kNvwEPuBYA&#038;_nc_oc=AdnqrjDN_BNjSSHWO-GbkIWH6fkGMLw4bqvL_NH6e2wMveX7G-rP2dAqsDSq1mJMOaY&#038;_nc_zt=24&#038;_nc_ht=scontent-gig4-1.xx&#038;_nc_gid=AoBFJeGrT1hVaew_6rchkQ&#038;oh=00_AfX7QmFGhQhG2jAllVgXCiM1ZrWgvtp80-Bfppyexh1QEg&#038;oe=689E923C","article:published_time":"2017-02-09T18:21:29+00:00","article:modified_time":"2017-02-09T18:21:29+00:00","twitter:card":"summary_large_image","twitter:title":"Prefeitura poder\u00e1 adotar turno \u00fanico de seis horas de trabalho - A Not\u00edcia Online","twitter:description":"A jornada de trabalho para \u00f3rg\u00e3os e servi\u00e7os da administra\u00e7\u00e3o direta e indireta pode cair de oito para seis horas di\u00e1rias. A C\u00e2mara de Muria\u00e9 aprovou, na ter\u00e7a-feira (7), o projeto de lei, enviado pelo prefeito Grego, que autoriza o Poder Executivo a instituir as atividades em turno \u00fanico - atualmente, o Centro Administrativo e","twitter:image":"https:\/\/scontent-gig4-1.xx.fbcdn.net\/v\/t39.30808-1\/270437624_4564083193639691_6907940295614233970_n.jpg?stp=dst-jpg_s200x200_tt6&_nc_cat=111&ccb=1-7&_nc_sid=f907e8&_nc_ohc=SM1wRlP3lJwQ7kNvwEPuBYA&_nc_oc=AdnqrjDN_BNjSSHWO-GbkIWH6fkGMLw4bqvL_NH6e2wMveX7G-rP2dAqsDSq1mJMOaY&_nc_zt=24&_nc_ht=scontent-gig4-1.xx&_nc_gid=AoBFJeGrT1hVaew_6rchkQ&oh=00_AfX7QmFGhQhG2jAllVgXCiM1ZrWgvtp80-Bfppyexh1QEg&oe=689E923C"},"aioseo_meta_data":{"post_id":"24219","title":null,"description":null,"keywords":null,"keyphrases":null,"primary_term":null,"canonical_url":null,"og_title":null,"og_description":null,"og_object_type":"default","og_image_type":"default","og_image_url":null,"og_image_width":null,"og_image_height":null,"og_image_custom_url":null,"og_image_custom_fields":null,"og_video":null,"og_custom_url":null,"og_article_section":null,"og_article_tags":null,"twitter_use_og":false,"twitter_card":"default","twitter_image_type":"default","twitter_image_url":null,"twitter_image_custom_url":null,"twitter_image_custom_fields":null,"twitter_title":null,"twitter_description":null,"schema":{"blockGraphs":[],"customGraphs":[],"default":{"data":{"Article":[],"Course":[],"Dataset":[],"FAQPage":[],"Movie":[],"Person":[],"Product":[],"ProductReview":[],"Car":[],"Recipe":[],"Service":[],"SoftwareApplication":[],"WebPage":[]},"graphName":"","isEnabled":true},"graphs":[]},"schema_type":"default","schema_type_options":null,"pillar_content":false,"robots_default":true,"robots_noindex":false,"robots_noarchive":false,"robots_nosnippet":false,"robots_nofollow":false,"robots_noimageindex":false,"robots_noodp":false,"robots_notranslate":false,"robots_max_snippet":null,"robots_max_videopreview":null,"robots_max_imagepreview":"large","priority":null,"frequency":null,"local_seo":null,"breadcrumb_settings":null,"limit_modified_date":false,"ai":null,"created":"2025-08-16 17:33:26","updated":"2025-08-16 17:33:26","focus_keyword":null,"additional_keywords":null,"truseo_locale":null,"seo_analyzer_scan_date":null},"aioseo_breadcrumb":"<div class=\"aioseo-breadcrumbs\"><span class=\"aioseo-breadcrumb\">\n\t\t\t<a href=\"https:\/\/anoticiaonline.com.br\/site\" title=\"Home\">Home<\/a>\n\t\t<\/span><span class=\"aioseo-breadcrumb-separator\">&raquo;<\/span><span class=\"aioseo-breadcrumb\">\n\t\t\t<a href=\"https:\/\/anoticiaonline.com.br\/site\/categoria\/muriae\/\" title=\"Blog\">Blog<\/a>\n\t\t<\/span><span class=\"aioseo-breadcrumb-separator\">&raquo;<\/span><span class=\"aioseo-breadcrumb\">\n\t\t\tPrefeitura poder\u00e1 adotar turno \u00fanico de seis horas de trabalho\n\t\t<\/span><\/div>","aioseo_breadcrumb_json":[{"label":"Home","link":"https:\/\/anoticiaonline.com.br\/site"},{"label":"Blog","link":"https:\/\/anoticiaonline.com.br\/site\/categoria\/muriae\/"},{"label":"Prefeitura poder\u00e1 adotar turno \u00fanico de seis horas de trabalho","link":"https:\/\/anoticiaonline.com.br\/site\/prefeitura-podera-adotar-turno-unico-de-seis-horas-de-trabalho\/"}],"views":127,"_links":{"self":[{"href":"https:\/\/anoticiaonline.com.br\/site\/wp-json\/wp\/v2\/posts\/24219","targetHints":{"allow":["GET"]}}],"collection":[{"href":"https:\/\/anoticiaonline.com.br\/site\/wp-json\/wp\/v2\/posts"}],"about":[{"href":"https:\/\/anoticiaonline.com.br\/site\/wp-json\/wp\/v2\/types\/post"}],"author":[{"embeddable":true,"href":"https:\/\/anoticiaonline.com.br\/site\/wp-json\/wp\/v2\/users\/2"}],"replies":[{"embeddable":true,"href":"https:\/\/anoticiaonline.com.br\/site\/wp-json\/wp\/v2\/comments?post=24219"}],"version-history":[{"count":0,"href":"https:\/\/anoticiaonline.com.br\/site\/wp-json\/wp\/v2\/posts\/24219\/revisions"}],"wp:featuredmedia":[{"embeddable":true,"href":"https:\/\/anoticiaonline.com.br\/site\/wp-json\/wp\/v2\/media\/18982"}],"wp:attachment":[{"href":"https:\/\/anoticiaonline.com.br\/site\/wp-json\/wp\/v2\/media?parent=24219"}],"wp:term":[{"taxonomy":"category","embeddable":true,"href":"https:\/\/anoticiaonline.com.br\/site\/wp-json\/wp\/v2\/categories?post=24219"},{"taxonomy":"post_tag","embeddable":true,"href":"https:\/\/anoticiaonline.com.br\/site\/wp-json\/wp\/v2\/tags?post=24219"}],"curies":[{"name":"wp","href":"https:\/\/api.w.org\/{rel}","templated":true}]}}