{"id":24185,"date":"2017-02-08T13:56:59","date_gmt":"2017-02-08T16:56:59","guid":{"rendered":"http:\/\/anoticiaonline.com.br\/site\/?p=24185"},"modified":"2017-02-09T15:30:29","modified_gmt":"2017-02-09T18:30:29","slug":"eleicao-da-mesa-diretora-da-camara-abre-oficialmente-legislatura-20172020","status":"publish","type":"post","link":"https:\/\/anoticiaonline.com.br\/site\/eleicao-da-mesa-diretora-da-camara-abre-oficialmente-legislatura-20172020\/","title":{"rendered":"Elei\u00e7\u00e3o da Mesa Diretora da C\u00e2mara abre oficialmente Legislatura 2017\/2020"},"content":{"rendered":"<figure id=\"attachment_24191\" aria-describedby=\"caption-attachment-24191\" style=\"width: 290px\" class=\"wp-caption alignleft\"><a href=\"https:\/\/anoticiaonline.com.br\/site\/wp-content\/uploads\/2017\/02\/DSC_1526.jpg\"><img fetchpriority=\"high\" decoding=\"async\" class=\"wp-image-24191 size-medium\" src=\"https:\/\/anoticiaonline.com.br\/site\/wp-content\/uploads\/2017\/02\/DSC_1526-300x173.jpg\" alt=\"DSC_1526\" width=\"300\" height=\"173\" srcset=\"https:\/\/anoticiaonline.com.br\/site\/wp-content\/uploads\/2017\/02\/DSC_1526-300x173.jpg 300w, https:\/\/anoticiaonline.com.br\/site\/wp-content\/uploads\/2017\/02\/DSC_1526.jpg 640w\" sizes=\"(max-width: 300px) 100vw, 300px\" \/><\/a><figcaption id=\"caption-attachment-24191\" class=\"wp-caption-text\">Mesa Diretora \u00e9 composta pelos vereadores Dr. Jos\u00e9 Carlos, Celsinho, Carlos Delfim, David Lacerda e Reginaldo Roriz<\/figcaption><\/figure>\n<p>A primeira sess\u00e3o ordin\u00e1ria da C\u00e2mara de Muria\u00e9, na ter\u00e7a-feira (7), foi marcada pela elei\u00e7\u00e3o dos demais membros da Mesa Diretora, j\u00e1 encabe\u00e7ada pelo presidente Carlos Delfim (vereador mais votado no pleito de 2016), e por um debate entre os vereadores. Durante a reuni\u00e3o tamb\u00e9m foram apresentadas diversas proposi\u00e7\u00f5es e aprovados quatro projetos do Executivo.<\/p>\n<p><strong>PRESEN\u00c7A DO VICE-PREFEITO &#8211;<\/strong> Presente na primeira sess\u00e3o ordin\u00e1ria da C\u00e2mara de Muria\u00e9, o vice-prefeito Dr. Marcos Guarino foi convidado pelo presidente Carlos Delfim para integrar a Mesa Diretora desta reuni\u00e3o, permanecendo na C\u00e2mara e acompanhando todos os trabalhos do Legislativo neste primeiro dia de atividade parlamentar de 2017.<\/p>\n<p><strong>ELEI\u00c7\u00c3O DA MESA DIRETORA &#8211;<\/strong> A chapa \u00fanica composta por Celsinho (1\u00ba vice-presidente), Dr. Jos\u00e9 Carlos (2\u00ba vice-presidente), David Lacerda (1\u00ba secret\u00e1rio) e Reginaldo Roriz (2\u00ba secret\u00e1rio) foi eleita por 13 votos para preencher a Mesa Diretora da C\u00e2mara na gest\u00e3o 2017. A reuni\u00e3o foi presidida pelo presidente Carlos Delfim, que j\u00e1 havia sido empossado no cargo em 1\u00ba de janeiro de 2017, devido ao fato de ter sido o vereador mais votado no pleito de outubro de 2016, como determina o regimento interno da C\u00e2mara de Muria\u00e9.<\/p>\n<p><strong>APRESENTA\u00c7\u00c3O DAS PROPOSI\u00c7\u00d5ES E PROJETOS &#8211;<\/strong> Foram apresentadas na sess\u00e3o todas as proposi\u00e7\u00f5es efetuadas pelos vereadores durante o m\u00eas de janeiro de 2017 para serem votadas na pr\u00f3xima reuni\u00e3o, que acontecer\u00e1 na pr\u00f3xima ter\u00e7a-feira (14). Cinco projetos apresentados pelos vereadores Ademar Camerino, Dr\u00aa Miriam e Ciso foram lidos e v\u00e3o \u00e0 vota\u00e7\u00e3o na pr\u00f3xima sess\u00e3o. Al\u00e9m disso, tamb\u00e9m foram apresentados quatro projetos pelo Executivo que foram \u00e0 vota\u00e7\u00e3o e alcan\u00e7aram a aprova\u00e7\u00e3o dos vereadores, todos por 15 votos a favor e uma absten\u00e7\u00e3o.<\/p>\n<p><strong>PROJETOS APROVADOS &#8211;<\/strong> Entre os projetos aprovados estava o que autorizou o prefeito Grego a instituir turno \u00fanico em \u00f3rg\u00e3os e servi\u00e7os p\u00fablicos municipais. A medida, que pode ser adotada por tempo determinado, visa gerar economia aos cofres p\u00fablicos com a diminui\u00e7\u00e3o do consumo de \u00e1gua, energia, telefone, entre outros benef\u00edcios. Foram aprovados tamb\u00e9m os projetos que visam \u00e0 readequa\u00e7\u00e3o do quadro das fun\u00e7\u00f5es gratificadas da Fundarte, a corre\u00e7\u00e3o de ponto espec\u00edfico no Plano de Cargos e Sal\u00e1rios do Demsur e a altera\u00e7\u00e3o de alguns pontos do C\u00f3digo Tribut\u00e1rio Municipal (Lei Complementar 3.195\/2005), a fim de agilizar os servi\u00e7os e oferecer mais efici\u00eancia nos resultados.<\/p>\n<p><strong>DEBATES &#8211;<\/strong> Durante a primeira sess\u00e3o ordin\u00e1ria de 2017, v\u00e1rios vereadores fizeram uso da tribuna por motivos diversos. Jair Abreu, Dr. Jos\u00e9 Carlos, Evandro Cheroso, Dr\u00aa Miriam, Helena Carvalho, David Lacerda , Sargento Joel e J\u00falio Simbra fizeram uso da palavra. O \u00faltimo, como l\u00edder do governo, apresentou pontualmente os projetos do Executivo em pauta para vota\u00e7\u00e3o, justificando-os e explicando a necessidade da urg\u00eancia. O presidente Carlos Delfim tamb\u00e9m fez uso da palavra, deixando claro que sua gest\u00e3o manter\u00e1 um compromisso firme com Muria\u00e9 e com a democracia, proporcionando agilidade na aprecia\u00e7\u00e3o e vota\u00e7\u00e3o dos projetos para que a popula\u00e7\u00e3o possa ser assistida com efici\u00eancia.<\/p>\n<p><strong>DEFESA DOS DEFICIENTES F\u00cdSICOS &#8211;<\/strong> Foi concedida a palavra na tribuna livre a Abr\u00e3o Jos\u00e9 de Paula, que vem se empenhando em levantar e apresentar \u00e0s autoridades de Muria\u00e9 as necessidades da popula\u00e7\u00e3o que possui qualquer tipo de defici\u00eancia f\u00edsica, principalmente no que diz respeito ao atendimento de sa\u00fade e ao acesso a diversos locais da cidade, dentre eles, alguns \u00f3rg\u00e3os p\u00fablicos. O vereador Reginaldo Roriz fez alguns apartes na fala de Abr\u00e3o, apoiando suas reivindica\u00e7\u00f5es e apresentando propostas significativas, diante de sua experi\u00eancia na Assembleia Legislativa de Minas Gerais, que lhe proporcionou conhecer esta quest\u00e3o de forma mais ampla e profunda no estado.<\/p>\n","protected":false},"excerpt":{"rendered":"<p>A primeira sess\u00e3o ordin\u00e1ria da C\u00e2mara de Muria\u00e9, na ter\u00e7a-feira (7), foi marcada pela elei\u00e7\u00e3o dos demais membros da Mesa Diretora, j\u00e1 encabe\u00e7ada pelo presidente Carlos Delfim (vereador mais votado no pleito de 2016), e por um debate entre os vereadores. Durante a reuni\u00e3o tamb\u00e9m foram apresentadas diversas proposi\u00e7\u00f5es e aprovados quatro projetos do Executivo. &#8230; <a title=\"Elei\u00e7\u00e3o da Mesa Diretora da C\u00e2mara abre oficialmente Legislatura 2017\/2020\" class=\"read-more\" href=\"https:\/\/anoticiaonline.com.br\/site\/eleicao-da-mesa-diretora-da-camara-abre-oficialmente-legislatura-20172020\/\" aria-label=\"Read more about Elei\u00e7\u00e3o da Mesa Diretora da C\u00e2mara abre oficialmente Legislatura 2017\/2020\">Ler mais<\/a><\/p>\n","protected":false},"author":2,"featured_media":24191,"comment_status":"open","ping_status":"open","sticky":false,"template":"","format":"standard","meta":{"_acf_changed":false,"_monsterinsights_skip_tracking":false,"footnotes":""},"categories":[30],"tags":[3],"class_list":["post-24185","post","type-post","status-publish","format-standard","has-post-thumbnail","hentry","category-muriae","tag-slide"],"acf":[],"aioseo_notices":[],"aioseo_head":"\n\t\t<!-- All in One SEO 5.0.0.1 - aioseo.com -->\n\t<meta name=\"description\" content=\"A primeira sess\u00e3o ordin\u00e1ria da C\u00e2mara de Muria\u00e9, na ter\u00e7a-feira (7), foi marcada pela elei\u00e7\u00e3o dos demais membros da Mesa Diretora, j\u00e1 encabe\u00e7ada pelo presidente Carlos Delfim (vereador mais votado no pleito de 2016), e por um debate entre os vereadores. Durante a reuni\u00e3o tamb\u00e9m foram apresentadas diversas proposi\u00e7\u00f5es e aprovados quatro projetos do Executivo.\" \/>\n\t<meta name=\"robots\" content=\"max-image-preview:large\" \/>\n\t<meta name=\"author\" content=\"Juliana Laviola\"\/>\n\t<link rel=\"canonical\" href=\"https:\/\/anoticiaonline.com.br\/site\/eleicao-da-mesa-diretora-da-camara-abre-oficialmente-legislatura-20172020\/\" \/>\n\t<meta name=\"generator\" content=\"All in One SEO (AIOSEO) 5.0.0.1\" \/>\n\t\t<meta property=\"og:locale\" content=\"pt_BR\" \/>\n\t\t<meta property=\"og:site_name\" content=\"A Not\u00edcia Online - Noticias de Muria\u00e9 e regi\u00e3o\" \/>\n\t\t<meta property=\"og:type\" content=\"article\" \/>\n\t\t<meta property=\"og:title\" content=\"Elei\u00e7\u00e3o da Mesa Diretora da C\u00e2mara abre oficialmente Legislatura 2017\/2020 - A Not\u00edcia Online\" \/>\n\t\t<meta property=\"og:description\" content=\"A primeira sess\u00e3o ordin\u00e1ria da C\u00e2mara de Muria\u00e9, na ter\u00e7a-feira (7), foi marcada pela elei\u00e7\u00e3o dos demais membros da Mesa Diretora, j\u00e1 encabe\u00e7ada pelo presidente Carlos Delfim (vereador mais votado no pleito de 2016), e por um debate entre os vereadores. Durante a reuni\u00e3o tamb\u00e9m foram apresentadas diversas proposi\u00e7\u00f5es e aprovados quatro projetos do Executivo.\" \/>\n\t\t<meta property=\"og:url\" content=\"https:\/\/anoticiaonline.com.br\/site\/eleicao-da-mesa-diretora-da-camara-abre-oficialmente-legislatura-20172020\/\" \/>\n\t\t<meta property=\"og:image\" content=\"https:\/\/scontent-gig4-1.xx.fbcdn.net\/v\/t39.30808-1\/270437624_4564083193639691_6907940295614233970_n.jpg?stp=dst-jpg_s200x200_tt6&#038;_nc_cat=111&#038;ccb=1-7&#038;_nc_sid=f907e8&#038;_nc_ohc=SM1wRlP3lJwQ7kNvwEPuBYA&#038;_nc_oc=AdnqrjDN_BNjSSHWO-GbkIWH6fkGMLw4bqvL_NH6e2wMveX7G-rP2dAqsDSq1mJMOaY&#038;_nc_zt=24&#038;_nc_ht=scontent-gig4-1.xx&#038;_nc_gid=AoBFJeGrT1hVaew_6rchkQ&#038;oh=00_AfX7QmFGhQhG2jAllVgXCiM1ZrWgvtp80-Bfppyexh1QEg&#038;oe=689E923C\" \/>\n\t\t<meta property=\"og:image:secure_url\" content=\"https:\/\/scontent-gig4-1.xx.fbcdn.net\/v\/t39.30808-1\/270437624_4564083193639691_6907940295614233970_n.jpg?stp=dst-jpg_s200x200_tt6&#038;_nc_cat=111&#038;ccb=1-7&#038;_nc_sid=f907e8&#038;_nc_ohc=SM1wRlP3lJwQ7kNvwEPuBYA&#038;_nc_oc=AdnqrjDN_BNjSSHWO-GbkIWH6fkGMLw4bqvL_NH6e2wMveX7G-rP2dAqsDSq1mJMOaY&#038;_nc_zt=24&#038;_nc_ht=scontent-gig4-1.xx&#038;_nc_gid=AoBFJeGrT1hVaew_6rchkQ&#038;oh=00_AfX7QmFGhQhG2jAllVgXCiM1ZrWgvtp80-Bfppyexh1QEg&#038;oe=689E923C\" \/>\n\t\t<meta property=\"article:published_time\" content=\"2017-02-08T16:56:59+00:00\" \/>\n\t\t<meta property=\"article:modified_time\" content=\"2017-02-09T18:30:29+00:00\" \/>\n\t\t<meta name=\"twitter:card\" content=\"summary_large_image\" \/>\n\t\t<meta name=\"twitter:title\" content=\"Elei\u00e7\u00e3o da Mesa Diretora da C\u00e2mara abre oficialmente Legislatura 2017\/2020 - A Not\u00edcia Online\" \/>\n\t\t<meta name=\"twitter:description\" content=\"A primeira sess\u00e3o ordin\u00e1ria da C\u00e2mara de Muria\u00e9, na ter\u00e7a-feira (7), foi marcada pela elei\u00e7\u00e3o dos demais membros da Mesa Diretora, j\u00e1 encabe\u00e7ada pelo presidente Carlos Delfim (vereador mais votado no pleito de 2016), e por um debate entre os vereadores. Durante a reuni\u00e3o tamb\u00e9m foram apresentadas diversas proposi\u00e7\u00f5es e aprovados quatro projetos do Executivo.\" \/>\n\t\t<meta name=\"twitter:image\" content=\"https:\/\/scontent-gig4-1.xx.fbcdn.net\/v\/t39.30808-1\/270437624_4564083193639691_6907940295614233970_n.jpg?stp=dst-jpg_s200x200_tt6&amp;_nc_cat=111&amp;ccb=1-7&amp;_nc_sid=f907e8&amp;_nc_ohc=SM1wRlP3lJwQ7kNvwEPuBYA&amp;_nc_oc=AdnqrjDN_BNjSSHWO-GbkIWH6fkGMLw4bqvL_NH6e2wMveX7G-rP2dAqsDSq1mJMOaY&amp;_nc_zt=24&amp;_nc_ht=scontent-gig4-1.xx&amp;_nc_gid=AoBFJeGrT1hVaew_6rchkQ&amp;oh=00_AfX7QmFGhQhG2jAllVgXCiM1ZrWgvtp80-Bfppyexh1QEg&amp;oe=689E923C\" \/>\n\t\t<script type=\"application\/ld+json\" class=\"aioseo-schema\">\n\t\t\t{\"@context\":\"https:\\\/\\\/schema.org\",\"@graph\":[{\"@type\":\"BlogPosting\",\"@id\":\"https:\\\/\\\/anoticiaonline.com.br\\\/site\\\/eleicao-da-mesa-diretora-da-camara-abre-oficialmente-legislatura-20172020\\\/#blogposting\",\"name\":\"Elei\\u00e7\\u00e3o da Mesa Diretora da C\\u00e2mara abre oficialmente Legislatura 2017\\\/2020 - A Not\\u00edcia Online\",\"headline\":\"Elei\\u00e7\\u00e3o da Mesa Diretora da C\\u00e2mara abre oficialmente Legislatura 2017\\\/2020\",\"author\":{\"@id\":\"https:\\\/\\\/anoticiaonline.com.br\\\/site\\\/author\\\/juliana\\\/#author\"},\"publisher\":{\"@id\":\"https:\\\/\\\/anoticiaonline.com.br\\\/site\\\/#organization\"},\"image\":{\"@type\":\"ImageObject\",\"url\":\"https:\\\/\\\/anoticiaonline.com.br\\\/site\\\/wp-content\\\/uploads\\\/2017\\\/02\\\/DSC_1526.jpg\",\"width\":640,\"height\":370},\"datePublished\":\"2017-02-08T13:56:59-03:00\",\"dateModified\":\"2017-02-09T15:30:29-03:00\",\"inLanguage\":\"pt-BR\",\"mainEntityOfPage\":{\"@id\":\"https:\\\/\\\/anoticiaonline.com.br\\\/site\\\/eleicao-da-mesa-diretora-da-camara-abre-oficialmente-legislatura-20172020\\\/#webpage\"},\"isPartOf\":{\"@id\":\"https:\\\/\\\/anoticiaonline.com.br\\\/site\\\/eleicao-da-mesa-diretora-da-camara-abre-oficialmente-legislatura-20172020\\\/#webpage\"},\"articleSection\":\"Blog, slide\"},{\"@type\":\"BreadcrumbList\",\"@id\":\"https:\\\/\\\/anoticiaonline.com.br\\\/site\\\/eleicao-da-mesa-diretora-da-camara-abre-oficialmente-legislatura-20172020\\\/#breadcrumblist\",\"itemListElement\":[{\"@type\":\"ListItem\",\"@id\":\"https:\\\/\\\/anoticiaonline.com.br\\\/site#listItem\",\"position\":1,\"name\":\"Home\",\"item\":\"https:\\\/\\\/anoticiaonline.com.br\\\/site\",\"nextItem\":{\"@type\":\"ListItem\",\"@id\":\"https:\\\/\\\/anoticiaonline.com.br\\\/site\\\/categoria\\\/muriae\\\/#listItem\",\"name\":\"Blog\"}},{\"@type\":\"ListItem\",\"@id\":\"https:\\\/\\\/anoticiaonline.com.br\\\/site\\\/categoria\\\/muriae\\\/#listItem\",\"position\":2,\"name\":\"Blog\",\"item\":\"https:\\\/\\\/anoticiaonline.com.br\\\/site\\\/categoria\\\/muriae\\\/\",\"nextItem\":{\"@type\":\"ListItem\",\"@id\":\"https:\\\/\\\/anoticiaonline.com.br\\\/site\\\/eleicao-da-mesa-diretora-da-camara-abre-oficialmente-legislatura-20172020\\\/#listItem\",\"name\":\"Elei\\u00e7\\u00e3o da Mesa Diretora da C\\u00e2mara abre oficialmente Legislatura 2017\\\/2020\"},\"previousItem\":{\"@type\":\"ListItem\",\"@id\":\"https:\\\/\\\/anoticiaonline.com.br\\\/site#listItem\",\"name\":\"Home\"}},{\"@type\":\"ListItem\",\"@id\":\"https:\\\/\\\/anoticiaonline.com.br\\\/site\\\/eleicao-da-mesa-diretora-da-camara-abre-oficialmente-legislatura-20172020\\\/#listItem\",\"position\":3,\"name\":\"Elei\\u00e7\\u00e3o da Mesa Diretora da C\\u00e2mara abre oficialmente Legislatura 2017\\\/2020\",\"previousItem\":{\"@type\":\"ListItem\",\"@id\":\"https:\\\/\\\/anoticiaonline.com.br\\\/site\\\/categoria\\\/muriae\\\/#listItem\",\"name\":\"Blog\"}}]},{\"@type\":\"Organization\",\"@id\":\"https:\\\/\\\/anoticiaonline.com.br\\\/site\\\/#organization\",\"name\":\"A Not\\u00edcia Online\",\"description\":\"Noticias de Muria\\u00e9 e regi\\u00e3o\",\"url\":\"https:\\\/\\\/anoticiaonline.com.br\\\/site\\\/\",\"logo\":{\"@type\":\"ImageObject\",\"url\":\"https:\\\/\\\/scontent-gig4-1.xx.fbcdn.net\\\/v\\\/t39.30808-1\\\/270437624_4564083193639691_6907940295614233970_n.jpg?stp=dst-jpg_s200x200_tt6&_nc_cat=111&ccb=1-7&_nc_sid=f907e8&_nc_ohc=SM1wRlP3lJwQ7kNvwEPuBYA&_nc_oc=AdnqrjDN_BNjSSHWO-GbkIWH6fkGMLw4bqvL_NH6e2wMveX7G-rP2dAqsDSq1mJMOaY&_nc_zt=24&_nc_ht=scontent-gig4-1.xx&_nc_gid=AoBFJeGrT1hVaew_6rchkQ&oh=00_AfX7QmFGhQhG2jAllVgXCiM1ZrWgvtp80-Bfppyexh1QEg&oe=689E923C\",\"@id\":\"https:\\\/\\\/anoticiaonline.com.br\\\/site\\\/eleicao-da-mesa-diretora-da-camara-abre-oficialmente-legislatura-20172020\\\/#organizationLogo\"},\"image\":{\"@id\":\"https:\\\/\\\/anoticiaonline.com.br\\\/site\\\/eleicao-da-mesa-diretora-da-camara-abre-oficialmente-legislatura-20172020\\\/#organizationLogo\"}},{\"@type\":\"Person\",\"@id\":\"https:\\\/\\\/anoticiaonline.com.br\\\/site\\\/author\\\/juliana\\\/#author\",\"url\":\"https:\\\/\\\/anoticiaonline.com.br\\\/site\\\/author\\\/juliana\\\/\",\"name\":\"Juliana Laviola\",\"image\":{\"@type\":\"ImageObject\",\"@id\":\"https:\\\/\\\/anoticiaonline.com.br\\\/site\\\/eleicao-da-mesa-diretora-da-camara-abre-oficialmente-legislatura-20172020\\\/#authorImage\",\"url\":\"https:\\\/\\\/secure.gravatar.com\\\/avatar\\\/b8d45f5c699b100dfaf0e543582f38f38bf94cb7ae3a5e9abf8d891a34773335?s=96&d=mm&r=g\",\"width\":96,\"height\":96,\"caption\":\"Juliana Laviola\"}},{\"@type\":\"WebPage\",\"@id\":\"https:\\\/\\\/anoticiaonline.com.br\\\/site\\\/eleicao-da-mesa-diretora-da-camara-abre-oficialmente-legislatura-20172020\\\/#webpage\",\"url\":\"https:\\\/\\\/anoticiaonline.com.br\\\/site\\\/eleicao-da-mesa-diretora-da-camara-abre-oficialmente-legislatura-20172020\\\/\",\"name\":\"Elei\\u00e7\\u00e3o da Mesa Diretora da C\\u00e2mara abre oficialmente Legislatura 2017\\\/2020 - A Not\\u00edcia Online\",\"description\":\"A primeira sess\\u00e3o ordin\\u00e1ria da C\\u00e2mara de Muria\\u00e9, na ter\\u00e7a-feira (7), foi marcada pela elei\\u00e7\\u00e3o dos demais membros da Mesa Diretora, j\\u00e1 encabe\\u00e7ada pelo presidente Carlos Delfim (vereador mais votado no pleito de 2016), e por um debate entre os vereadores. Durante a reuni\\u00e3o tamb\\u00e9m foram apresentadas diversas proposi\\u00e7\\u00f5es e aprovados quatro projetos do Executivo.\",\"inLanguage\":\"pt-BR\",\"isPartOf\":{\"@id\":\"https:\\\/\\\/anoticiaonline.com.br\\\/site\\\/#website\"},\"breadcrumb\":{\"@id\":\"https:\\\/\\\/anoticiaonline.com.br\\\/site\\\/eleicao-da-mesa-diretora-da-camara-abre-oficialmente-legislatura-20172020\\\/#breadcrumblist\"},\"author\":{\"@id\":\"https:\\\/\\\/anoticiaonline.com.br\\\/site\\\/author\\\/juliana\\\/#author\"},\"creator\":{\"@id\":\"https:\\\/\\\/anoticiaonline.com.br\\\/site\\\/author\\\/juliana\\\/#author\"},\"image\":{\"@type\":\"ImageObject\",\"url\":\"https:\\\/\\\/anoticiaonline.com.br\\\/site\\\/wp-content\\\/uploads\\\/2017\\\/02\\\/DSC_1526.jpg\",\"@id\":\"https:\\\/\\\/anoticiaonline.com.br\\\/site\\\/eleicao-da-mesa-diretora-da-camara-abre-oficialmente-legislatura-20172020\\\/#mainImage\",\"width\":640,\"height\":370},\"primaryImageOfPage\":{\"@id\":\"https:\\\/\\\/anoticiaonline.com.br\\\/site\\\/eleicao-da-mesa-diretora-da-camara-abre-oficialmente-legislatura-20172020\\\/#mainImage\"},\"datePublished\":\"2017-02-08T13:56:59-03:00\",\"dateModified\":\"2017-02-09T15:30:29-03:00\"},{\"@type\":\"WebSite\",\"@id\":\"https:\\\/\\\/anoticiaonline.com.br\\\/site\\\/#website\",\"url\":\"https:\\\/\\\/anoticiaonline.com.br\\\/site\\\/\",\"name\":\"A Not\\u00edcia Online\",\"description\":\"Noticias de Muria\\u00e9 e regi\\u00e3o\",\"inLanguage\":\"pt-BR\",\"publisher\":{\"@id\":\"https:\\\/\\\/anoticiaonline.com.br\\\/site\\\/#organization\"}}]}\n\t\t<\/script>\n\t\t<!-- All in One SEO -->\n\n","aioseo_head_json":{"title":"Elei\u00e7\u00e3o da Mesa Diretora da C\u00e2mara abre oficialmente Legislatura 2017\/2020 - A Not\u00edcia Online","description":"A primeira sess\u00e3o ordin\u00e1ria da C\u00e2mara de Muria\u00e9, na ter\u00e7a-feira (7), foi marcada pela elei\u00e7\u00e3o dos demais membros da Mesa Diretora, j\u00e1 encabe\u00e7ada pelo presidente Carlos Delfim (vereador mais votado no pleito de 2016), e por um debate entre os vereadores. Durante a reuni\u00e3o tamb\u00e9m foram apresentadas diversas proposi\u00e7\u00f5es e aprovados quatro projetos do Executivo.","canonical_url":"https:\/\/anoticiaonline.com.br\/site\/eleicao-da-mesa-diretora-da-camara-abre-oficialmente-legislatura-20172020\/","robots":"max-image-preview:large","keywords":"","webmasterTools":{"miscellaneous":""},"schema":{"@context":"https:\/\/schema.org","@graph":[{"@type":"BlogPosting","@id":"https:\/\/anoticiaonline.com.br\/site\/eleicao-da-mesa-diretora-da-camara-abre-oficialmente-legislatura-20172020\/#blogposting","name":"Elei\u00e7\u00e3o da Mesa Diretora da C\u00e2mara abre oficialmente Legislatura 2017\/2020 - A Not\u00edcia Online","headline":"Elei\u00e7\u00e3o da Mesa Diretora da C\u00e2mara abre oficialmente Legislatura 2017\/2020","author":{"@id":"https:\/\/anoticiaonline.com.br\/site\/author\/juliana\/#author"},"publisher":{"@id":"https:\/\/anoticiaonline.com.br\/site\/#organization"},"image":{"@type":"ImageObject","url":"https:\/\/anoticiaonline.com.br\/site\/wp-content\/uploads\/2017\/02\/DSC_1526.jpg","width":640,"height":370},"datePublished":"2017-02-08T13:56:59-03:00","dateModified":"2017-02-09T15:30:29-03:00","inLanguage":"pt-BR","mainEntityOfPage":{"@id":"https:\/\/anoticiaonline.com.br\/site\/eleicao-da-mesa-diretora-da-camara-abre-oficialmente-legislatura-20172020\/#webpage"},"isPartOf":{"@id":"https:\/\/anoticiaonline.com.br\/site\/eleicao-da-mesa-diretora-da-camara-abre-oficialmente-legislatura-20172020\/#webpage"},"articleSection":"Blog, slide"},{"@type":"BreadcrumbList","@id":"https:\/\/anoticiaonline.com.br\/site\/eleicao-da-mesa-diretora-da-camara-abre-oficialmente-legislatura-20172020\/#breadcrumblist","itemListElement":[{"@type":"ListItem","@id":"https:\/\/anoticiaonline.com.br\/site#listItem","position":1,"name":"Home","item":"https:\/\/anoticiaonline.com.br\/site","nextItem":{"@type":"ListItem","@id":"https:\/\/anoticiaonline.com.br\/site\/categoria\/muriae\/#listItem","name":"Blog"}},{"@type":"ListItem","@id":"https:\/\/anoticiaonline.com.br\/site\/categoria\/muriae\/#listItem","position":2,"name":"Blog","item":"https:\/\/anoticiaonline.com.br\/site\/categoria\/muriae\/","nextItem":{"@type":"ListItem","@id":"https:\/\/anoticiaonline.com.br\/site\/eleicao-da-mesa-diretora-da-camara-abre-oficialmente-legislatura-20172020\/#listItem","name":"Elei\u00e7\u00e3o da Mesa Diretora da C\u00e2mara abre oficialmente Legislatura 2017\/2020"},"previousItem":{"@type":"ListItem","@id":"https:\/\/anoticiaonline.com.br\/site#listItem","name":"Home"}},{"@type":"ListItem","@id":"https:\/\/anoticiaonline.com.br\/site\/eleicao-da-mesa-diretora-da-camara-abre-oficialmente-legislatura-20172020\/#listItem","position":3,"name":"Elei\u00e7\u00e3o da Mesa Diretora da C\u00e2mara abre oficialmente Legislatura 2017\/2020","previousItem":{"@type":"ListItem","@id":"https:\/\/anoticiaonline.com.br\/site\/categoria\/muriae\/#listItem","name":"Blog"}}]},{"@type":"Organization","@id":"https:\/\/anoticiaonline.com.br\/site\/#organization","name":"A Not\u00edcia Online","description":"Noticias de Muria\u00e9 e regi\u00e3o","url":"https:\/\/anoticiaonline.com.br\/site\/","logo":{"@type":"ImageObject","url":"https:\/\/scontent-gig4-1.xx.fbcdn.net\/v\/t39.30808-1\/270437624_4564083193639691_6907940295614233970_n.jpg?stp=dst-jpg_s200x200_tt6&_nc_cat=111&ccb=1-7&_nc_sid=f907e8&_nc_ohc=SM1wRlP3lJwQ7kNvwEPuBYA&_nc_oc=AdnqrjDN_BNjSSHWO-GbkIWH6fkGMLw4bqvL_NH6e2wMveX7G-rP2dAqsDSq1mJMOaY&_nc_zt=24&_nc_ht=scontent-gig4-1.xx&_nc_gid=AoBFJeGrT1hVaew_6rchkQ&oh=00_AfX7QmFGhQhG2jAllVgXCiM1ZrWgvtp80-Bfppyexh1QEg&oe=689E923C","@id":"https:\/\/anoticiaonline.com.br\/site\/eleicao-da-mesa-diretora-da-camara-abre-oficialmente-legislatura-20172020\/#organizationLogo"},"image":{"@id":"https:\/\/anoticiaonline.com.br\/site\/eleicao-da-mesa-diretora-da-camara-abre-oficialmente-legislatura-20172020\/#organizationLogo"}},{"@type":"Person","@id":"https:\/\/anoticiaonline.com.br\/site\/author\/juliana\/#author","url":"https:\/\/anoticiaonline.com.br\/site\/author\/juliana\/","name":"Juliana Laviola","image":{"@type":"ImageObject","@id":"https:\/\/anoticiaonline.com.br\/site\/eleicao-da-mesa-diretora-da-camara-abre-oficialmente-legislatura-20172020\/#authorImage","url":"https:\/\/secure.gravatar.com\/avatar\/b8d45f5c699b100dfaf0e543582f38f38bf94cb7ae3a5e9abf8d891a34773335?s=96&d=mm&r=g","width":96,"height":96,"caption":"Juliana Laviola"}},{"@type":"WebPage","@id":"https:\/\/anoticiaonline.com.br\/site\/eleicao-da-mesa-diretora-da-camara-abre-oficialmente-legislatura-20172020\/#webpage","url":"https:\/\/anoticiaonline.com.br\/site\/eleicao-da-mesa-diretora-da-camara-abre-oficialmente-legislatura-20172020\/","name":"Elei\u00e7\u00e3o da Mesa Diretora da C\u00e2mara abre oficialmente Legislatura 2017\/2020 - A Not\u00edcia Online","description":"A primeira sess\u00e3o ordin\u00e1ria da C\u00e2mara de Muria\u00e9, na ter\u00e7a-feira (7), foi marcada pela elei\u00e7\u00e3o dos demais membros da Mesa Diretora, j\u00e1 encabe\u00e7ada pelo presidente Carlos Delfim (vereador mais votado no pleito de 2016), e por um debate entre os vereadores. Durante a reuni\u00e3o tamb\u00e9m foram apresentadas diversas proposi\u00e7\u00f5es e aprovados quatro projetos do Executivo.","inLanguage":"pt-BR","isPartOf":{"@id":"https:\/\/anoticiaonline.com.br\/site\/#website"},"breadcrumb":{"@id":"https:\/\/anoticiaonline.com.br\/site\/eleicao-da-mesa-diretora-da-camara-abre-oficialmente-legislatura-20172020\/#breadcrumblist"},"author":{"@id":"https:\/\/anoticiaonline.com.br\/site\/author\/juliana\/#author"},"creator":{"@id":"https:\/\/anoticiaonline.com.br\/site\/author\/juliana\/#author"},"image":{"@type":"ImageObject","url":"https:\/\/anoticiaonline.com.br\/site\/wp-content\/uploads\/2017\/02\/DSC_1526.jpg","@id":"https:\/\/anoticiaonline.com.br\/site\/eleicao-da-mesa-diretora-da-camara-abre-oficialmente-legislatura-20172020\/#mainImage","width":640,"height":370},"primaryImageOfPage":{"@id":"https:\/\/anoticiaonline.com.br\/site\/eleicao-da-mesa-diretora-da-camara-abre-oficialmente-legislatura-20172020\/#mainImage"},"datePublished":"2017-02-08T13:56:59-03:00","dateModified":"2017-02-09T15:30:29-03:00"},{"@type":"WebSite","@id":"https:\/\/anoticiaonline.com.br\/site\/#website","url":"https:\/\/anoticiaonline.com.br\/site\/","name":"A Not\u00edcia Online","description":"Noticias de Muria\u00e9 e regi\u00e3o","inLanguage":"pt-BR","publisher":{"@id":"https:\/\/anoticiaonline.com.br\/site\/#organization"}}]},"og:locale":"pt_BR","og:site_name":"A Not\u00edcia Online - Noticias de Muria\u00e9 e regi\u00e3o","og:type":"article","og:title":"Elei\u00e7\u00e3o da Mesa Diretora da C\u00e2mara abre oficialmente Legislatura 2017\/2020 - A Not\u00edcia Online","og:description":"A primeira sess\u00e3o ordin\u00e1ria da C\u00e2mara de Muria\u00e9, na ter\u00e7a-feira (7), foi marcada pela elei\u00e7\u00e3o dos demais membros da Mesa Diretora, j\u00e1 encabe\u00e7ada pelo presidente Carlos Delfim (vereador mais votado no pleito de 2016), e por um debate entre os vereadores. Durante a reuni\u00e3o tamb\u00e9m foram apresentadas diversas proposi\u00e7\u00f5es e aprovados quatro projetos do Executivo.","og:url":"https:\/\/anoticiaonline.com.br\/site\/eleicao-da-mesa-diretora-da-camara-abre-oficialmente-legislatura-20172020\/","og:image":"https:\/\/scontent-gig4-1.xx.fbcdn.net\/v\/t39.30808-1\/270437624_4564083193639691_6907940295614233970_n.jpg?stp=dst-jpg_s200x200_tt6&#038;_nc_cat=111&#038;ccb=1-7&#038;_nc_sid=f907e8&#038;_nc_ohc=SM1wRlP3lJwQ7kNvwEPuBYA&#038;_nc_oc=AdnqrjDN_BNjSSHWO-GbkIWH6fkGMLw4bqvL_NH6e2wMveX7G-rP2dAqsDSq1mJMOaY&#038;_nc_zt=24&#038;_nc_ht=scontent-gig4-1.xx&#038;_nc_gid=AoBFJeGrT1hVaew_6rchkQ&#038;oh=00_AfX7QmFGhQhG2jAllVgXCiM1ZrWgvtp80-Bfppyexh1QEg&#038;oe=689E923C","og:image:secure_url":"https:\/\/scontent-gig4-1.xx.fbcdn.net\/v\/t39.30808-1\/270437624_4564083193639691_6907940295614233970_n.jpg?stp=dst-jpg_s200x200_tt6&#038;_nc_cat=111&#038;ccb=1-7&#038;_nc_sid=f907e8&#038;_nc_ohc=SM1wRlP3lJwQ7kNvwEPuBYA&#038;_nc_oc=AdnqrjDN_BNjSSHWO-GbkIWH6fkGMLw4bqvL_NH6e2wMveX7G-rP2dAqsDSq1mJMOaY&#038;_nc_zt=24&#038;_nc_ht=scontent-gig4-1.xx&#038;_nc_gid=AoBFJeGrT1hVaew_6rchkQ&#038;oh=00_AfX7QmFGhQhG2jAllVgXCiM1ZrWgvtp80-Bfppyexh1QEg&#038;oe=689E923C","article:published_time":"2017-02-08T16:56:59+00:00","article:modified_time":"2017-02-09T18:30:29+00:00","twitter:card":"summary_large_image","twitter:title":"Elei\u00e7\u00e3o da Mesa Diretora da C\u00e2mara abre oficialmente Legislatura 2017\/2020 - A Not\u00edcia Online","twitter:description":"A primeira sess\u00e3o ordin\u00e1ria da C\u00e2mara de Muria\u00e9, na ter\u00e7a-feira (7), foi marcada pela elei\u00e7\u00e3o dos demais membros da Mesa Diretora, j\u00e1 encabe\u00e7ada pelo presidente Carlos Delfim (vereador mais votado no pleito de 2016), e por um debate entre os vereadores. Durante a reuni\u00e3o tamb\u00e9m foram apresentadas diversas proposi\u00e7\u00f5es e aprovados quatro projetos do Executivo.","twitter:image":"https:\/\/scontent-gig4-1.xx.fbcdn.net\/v\/t39.30808-1\/270437624_4564083193639691_6907940295614233970_n.jpg?stp=dst-jpg_s200x200_tt6&_nc_cat=111&ccb=1-7&_nc_sid=f907e8&_nc_ohc=SM1wRlP3lJwQ7kNvwEPuBYA&_nc_oc=AdnqrjDN_BNjSSHWO-GbkIWH6fkGMLw4bqvL_NH6e2wMveX7G-rP2dAqsDSq1mJMOaY&_nc_zt=24&_nc_ht=scontent-gig4-1.xx&_nc_gid=AoBFJeGrT1hVaew_6rchkQ&oh=00_AfX7QmFGhQhG2jAllVgXCiM1ZrWgvtp80-Bfppyexh1QEg&oe=689E923C"},"aioseo_meta_data":{"post_id":"24185","title":null,"description":null,"keywords":null,"keyphrases":null,"primary_term":null,"canonical_url":null,"og_title":null,"og_description":null,"og_object_type":"default","og_image_type":"default","og_image_url":null,"og_image_width":null,"og_image_height":null,"og_image_custom_url":null,"og_image_custom_fields":null,"og_video":null,"og_custom_url":null,"og_article_section":null,"og_article_tags":null,"twitter_use_og":false,"twitter_card":"default","twitter_image_type":"default","twitter_image_url":null,"twitter_image_custom_url":null,"twitter_image_custom_fields":null,"twitter_title":null,"twitter_description":null,"schema":{"blockGraphs":[],"customGraphs":[],"default":{"data":{"Article":[],"Course":[],"Dataset":[],"FAQPage":[],"Movie":[],"Person":[],"Product":[],"ProductReview":[],"Car":[],"Recipe":[],"Service":[],"SoftwareApplication":[],"WebPage":[]},"graphName":"","isEnabled":true},"graphs":[]},"schema_type":"default","schema_type_options":null,"pillar_content":false,"robots_default":true,"robots_noindex":false,"robots_noarchive":false,"robots_nosnippet":false,"robots_nofollow":false,"robots_noimageindex":false,"robots_noodp":false,"robots_notranslate":false,"robots_max_snippet":null,"robots_max_videopreview":null,"robots_max_imagepreview":"large","priority":null,"frequency":null,"local_seo":null,"breadcrumb_settings":null,"limit_modified_date":false,"ai":null,"created":"2025-08-16 17:32:54","updated":"2025-08-16 17:32:54","focus_keyword":null,"additional_keywords":null,"truseo_locale":null,"seo_analyzer_scan_date":null},"aioseo_breadcrumb":"<div class=\"aioseo-breadcrumbs\"><span class=\"aioseo-breadcrumb\">\n\t\t\t<a href=\"https:\/\/anoticiaonline.com.br\/site\" title=\"Home\">Home<\/a>\n\t\t<\/span><span class=\"aioseo-breadcrumb-separator\">&raquo;<\/span><span class=\"aioseo-breadcrumb\">\n\t\t\t<a href=\"https:\/\/anoticiaonline.com.br\/site\/categoria\/muriae\/\" title=\"Blog\">Blog<\/a>\n\t\t<\/span><span class=\"aioseo-breadcrumb-separator\">&raquo;<\/span><span class=\"aioseo-breadcrumb\">\n\t\t\tElei\u00e7\u00e3o da Mesa Diretora da C\u00e2mara abre oficialmente Legislatura 2017\/2020\n\t\t<\/span><\/div>","aioseo_breadcrumb_json":[{"label":"Home","link":"https:\/\/anoticiaonline.com.br\/site"},{"label":"Blog","link":"https:\/\/anoticiaonline.com.br\/site\/categoria\/muriae\/"},{"label":"Elei\u00e7\u00e3o da Mesa Diretora da C\u00e2mara abre oficialmente Legislatura 2017\/2020","link":"https:\/\/anoticiaonline.com.br\/site\/eleicao-da-mesa-diretora-da-camara-abre-oficialmente-legislatura-20172020\/"}],"views":147,"_links":{"self":[{"href":"https:\/\/anoticiaonline.com.br\/site\/wp-json\/wp\/v2\/posts\/24185","targetHints":{"allow":["GET"]}}],"collection":[{"href":"https:\/\/anoticiaonline.com.br\/site\/wp-json\/wp\/v2\/posts"}],"about":[{"href":"https:\/\/anoticiaonline.com.br\/site\/wp-json\/wp\/v2\/types\/post"}],"author":[{"embeddable":true,"href":"https:\/\/anoticiaonline.com.br\/site\/wp-json\/wp\/v2\/users\/2"}],"replies":[{"embeddable":true,"href":"https:\/\/anoticiaonline.com.br\/site\/wp-json\/wp\/v2\/comments?post=24185"}],"version-history":[{"count":0,"href":"https:\/\/anoticiaonline.com.br\/site\/wp-json\/wp\/v2\/posts\/24185\/revisions"}],"wp:featuredmedia":[{"embeddable":true,"href":"https:\/\/anoticiaonline.com.br\/site\/wp-json\/wp\/v2\/media\/24191"}],"wp:attachment":[{"href":"https:\/\/anoticiaonline.com.br\/site\/wp-json\/wp\/v2\/media?parent=24185"}],"wp:term":[{"taxonomy":"category","embeddable":true,"href":"https:\/\/anoticiaonline.com.br\/site\/wp-json\/wp\/v2\/categories?post=24185"},{"taxonomy":"post_tag","embeddable":true,"href":"https:\/\/anoticiaonline.com.br\/site\/wp-json\/wp\/v2\/tags?post=24185"}],"curies":[{"name":"wp","href":"https:\/\/api.w.org\/{rel}","templated":true}]}}