{"id":24174,"date":"2017-02-08T09:13:58","date_gmt":"2017-02-08T12:13:58","guid":{"rendered":"http:\/\/anoticiaonline.com.br\/site\/?p=24174"},"modified":"2017-02-08T09:18:25","modified_gmt":"2017-02-08T12:18:25","slug":"quatro-sao-presos-por-assalto-a-promotor-de-justica-na-casa-de-saude","status":"publish","type":"post","link":"https:\/\/anoticiaonline.com.br\/site\/quatro-sao-presos-por-assalto-a-promotor-de-justica-na-casa-de-saude\/","title":{"rendered":"Quatro s\u00e3o presos por assalto a promotor de Justi\u00e7a na Casa de Sa\u00fade"},"content":{"rendered":"<p><a href=\"https:\/\/anoticiaonline.com.br\/site\/wp-content\/uploads\/2017\/02\/Quatro-s\u00e3o-presos-por-assalto-a-promotor-de-Justi\u00e7a-na-Casa-de-Sa\u00fade.jpg\"><img fetchpriority=\"high\" decoding=\"async\" class=\" size-medium wp-image-24175 alignleft\" src=\"https:\/\/anoticiaonline.com.br\/site\/wp-content\/uploads\/2017\/02\/Quatro-s\u00e3o-presos-por-assalto-a-promotor-de-Justi\u00e7a-na-Casa-de-Sa\u00fade-300x225.jpg\" alt=\"Quatro s\u00e3o presos por assalto a promotor de Justi\u00e7a na Casa de Sa\u00fade\" width=\"300\" height=\"225\" srcset=\"https:\/\/anoticiaonline.com.br\/site\/wp-content\/uploads\/2017\/02\/Quatro-s\u00e3o-presos-por-assalto-a-promotor-de-Justi\u00e7a-na-Casa-de-Sa\u00fade-300x225.jpg 300w, https:\/\/anoticiaonline.com.br\/site\/wp-content\/uploads\/2017\/02\/Quatro-s\u00e3o-presos-por-assalto-a-promotor-de-Justi\u00e7a-na-Casa-de-Sa\u00fade.jpg 640w\" sizes=\"(max-width: 300px) 100vw, 300px\" \/><\/a>Tr\u00eas homens e uma mulher foram presos na noite de ter\u00e7a-feira (7), ap\u00f3s assaltarem um promotor de Justi\u00e7a na regi\u00e3o da Casa de Sa\u00fade Santa L\u00facia. O Iphone roubado pelos bandidos foi recuperado, e a moto utilizada no crime \u2013 uma Honda Twister de preta \u2013 foi apreendida pela Pol\u00edcia Militar.<\/p>\n<p>O promotor, que atua em Petr\u00f3polis (RJ), contou aos militares que estava com a esposa internada na institui\u00e7\u00e3o e desceu para apanhar algo no carro, quando foi abordado na cal\u00e7ada por dois homens em uma motocicleta, os quais anunciaram o assalto e levaram seu celular.<\/p>\n<p>O promotor acionou a PM, que localizou os autores ap\u00f3s o rastreamento do aparelho, que tem GPS, em uma resid\u00eancia da Rua Iracino Rodrigues Costa, no bairro Colety, de propriedade de um homem j\u00e1 conhecido do meio policial.<\/p>\n<p>O im\u00f3vel foi cercado, e dentro da resid\u00eancia a v\u00edtima reconheceu um homem de 21 anos como autor do roubo. O mesmo contou que cometeu o crime juntamente com outro homem, tamb\u00e9m de 21 anos, e que jogou o aparelho no quintal.<\/p>\n<p>Os militares tamb\u00e9m apuraram o endere\u00e7o onde a moto que teria sido usada no crime estava. A motocicleta foi encontrada na casa da m\u00e3e do comparsa do autor do assalto.<\/p>\n<p>O autor foi preso em flagrante delito pelo crime de roubo. O dono do im\u00f3vel e mais duas pessoas foram presas pelos crimes de favorecimento pessoal, forma\u00e7\u00e3o de quadrilha e recepta\u00e7\u00e3o. Os quatro foram conduzidos para a delegacia, e a moto foi recolhida para um p\u00e1tio credenciado pelo Detran.<\/p>\n<p>O promotor deixou seu registro de agradecimento aos militares pela presteza e empenho das equipes.<\/p>\n","protected":false},"excerpt":{"rendered":"<p>Tr\u00eas homens e uma mulher foram presos na noite de ter\u00e7a-feira (7), ap\u00f3s assaltarem um promotor de Justi\u00e7a na regi\u00e3o da Casa de Sa\u00fade Santa L\u00facia. O Iphone roubado pelos bandidos foi recuperado, e a moto utilizada no crime \u2013 uma Honda Twister de preta \u2013 foi apreendida pela Pol\u00edcia Militar. O promotor, que atua &#8230; <a title=\"Quatro s\u00e3o presos por assalto a promotor de Justi\u00e7a na Casa de Sa\u00fade\" class=\"read-more\" href=\"https:\/\/anoticiaonline.com.br\/site\/quatro-sao-presos-por-assalto-a-promotor-de-justica-na-casa-de-saude\/\" aria-label=\"Read more about Quatro s\u00e3o presos por assalto a promotor de Justi\u00e7a na Casa de Sa\u00fade\">Ler mais<\/a><\/p>\n","protected":false},"author":2,"featured_media":24175,"comment_status":"open","ping_status":"open","sticky":false,"template":"","format":"standard","meta":{"_acf_changed":false,"_monsterinsights_skip_tracking":false,"footnotes":""},"categories":[30],"tags":[3],"class_list":["post-24174","post","type-post","status-publish","format-standard","has-post-thumbnail","hentry","category-muriae","tag-slide"],"acf":[],"aioseo_notices":[],"aioseo_head":"\n\t\t<!-- All in One SEO 5.0.0.1 - aioseo.com -->\n\t<meta name=\"description\" content=\"Tr\u00eas homens e uma mulher foram presos na noite de ter\u00e7a-feira (7), ap\u00f3s assaltarem um promotor de Justi\u00e7a na regi\u00e3o da Casa de Sa\u00fade Santa L\u00facia. O Iphone roubado pelos bandidos foi recuperado, e a moto utilizada no crime \u2013 uma Honda Twister de preta \u2013 foi apreendida pela Pol\u00edcia Militar. O promotor, que atua\" \/>\n\t<meta name=\"robots\" content=\"max-image-preview:large\" \/>\n\t<meta name=\"author\" content=\"Juliana Laviola\"\/>\n\t<link rel=\"canonical\" href=\"https:\/\/anoticiaonline.com.br\/site\/quatro-sao-presos-por-assalto-a-promotor-de-justica-na-casa-de-saude\/\" \/>\n\t<meta name=\"generator\" content=\"All in One SEO (AIOSEO) 5.0.0.1\" \/>\n\t\t<meta property=\"og:locale\" content=\"pt_BR\" \/>\n\t\t<meta property=\"og:site_name\" content=\"A Not\u00edcia Online - Noticias de Muria\u00e9 e regi\u00e3o\" \/>\n\t\t<meta property=\"og:type\" content=\"article\" \/>\n\t\t<meta property=\"og:title\" content=\"Quatro s\u00e3o presos por assalto a promotor de Justi\u00e7a na Casa de Sa\u00fade - A Not\u00edcia Online\" \/>\n\t\t<meta property=\"og:description\" content=\"Tr\u00eas homens e uma mulher foram presos na noite de ter\u00e7a-feira (7), ap\u00f3s assaltarem um promotor de Justi\u00e7a na regi\u00e3o da Casa de Sa\u00fade Santa L\u00facia. O Iphone roubado pelos bandidos foi recuperado, e a moto utilizada no crime \u2013 uma Honda Twister de preta \u2013 foi apreendida pela Pol\u00edcia Militar. O promotor, que atua\" \/>\n\t\t<meta property=\"og:url\" content=\"https:\/\/anoticiaonline.com.br\/site\/quatro-sao-presos-por-assalto-a-promotor-de-justica-na-casa-de-saude\/\" \/>\n\t\t<meta property=\"og:image\" content=\"https:\/\/scontent-gig4-1.xx.fbcdn.net\/v\/t39.30808-1\/270437624_4564083193639691_6907940295614233970_n.jpg?stp=dst-jpg_s200x200_tt6&#038;_nc_cat=111&#038;ccb=1-7&#038;_nc_sid=f907e8&#038;_nc_ohc=SM1wRlP3lJwQ7kNvwEPuBYA&#038;_nc_oc=AdnqrjDN_BNjSSHWO-GbkIWH6fkGMLw4bqvL_NH6e2wMveX7G-rP2dAqsDSq1mJMOaY&#038;_nc_zt=24&#038;_nc_ht=scontent-gig4-1.xx&#038;_nc_gid=AoBFJeGrT1hVaew_6rchkQ&#038;oh=00_AfX7QmFGhQhG2jAllVgXCiM1ZrWgvtp80-Bfppyexh1QEg&#038;oe=689E923C\" \/>\n\t\t<meta property=\"og:image:secure_url\" content=\"https:\/\/scontent-gig4-1.xx.fbcdn.net\/v\/t39.30808-1\/270437624_4564083193639691_6907940295614233970_n.jpg?stp=dst-jpg_s200x200_tt6&#038;_nc_cat=111&#038;ccb=1-7&#038;_nc_sid=f907e8&#038;_nc_ohc=SM1wRlP3lJwQ7kNvwEPuBYA&#038;_nc_oc=AdnqrjDN_BNjSSHWO-GbkIWH6fkGMLw4bqvL_NH6e2wMveX7G-rP2dAqsDSq1mJMOaY&#038;_nc_zt=24&#038;_nc_ht=scontent-gig4-1.xx&#038;_nc_gid=AoBFJeGrT1hVaew_6rchkQ&#038;oh=00_AfX7QmFGhQhG2jAllVgXCiM1ZrWgvtp80-Bfppyexh1QEg&#038;oe=689E923C\" \/>\n\t\t<meta property=\"article:published_time\" content=\"2017-02-08T12:13:58+00:00\" \/>\n\t\t<meta property=\"article:modified_time\" content=\"2017-02-08T12:18:25+00:00\" \/>\n\t\t<meta name=\"twitter:card\" content=\"summary_large_image\" \/>\n\t\t<meta name=\"twitter:title\" content=\"Quatro s\u00e3o presos por assalto a promotor de Justi\u00e7a na Casa de Sa\u00fade - A Not\u00edcia Online\" \/>\n\t\t<meta name=\"twitter:description\" content=\"Tr\u00eas homens e uma mulher foram presos na noite de ter\u00e7a-feira (7), ap\u00f3s assaltarem um promotor de Justi\u00e7a na regi\u00e3o da Casa de Sa\u00fade Santa L\u00facia. O Iphone roubado pelos bandidos foi recuperado, e a moto utilizada no crime \u2013 uma Honda Twister de preta \u2013 foi apreendida pela Pol\u00edcia Militar. O promotor, que atua\" \/>\n\t\t<meta name=\"twitter:image\" content=\"https:\/\/scontent-gig4-1.xx.fbcdn.net\/v\/t39.30808-1\/270437624_4564083193639691_6907940295614233970_n.jpg?stp=dst-jpg_s200x200_tt6&amp;_nc_cat=111&amp;ccb=1-7&amp;_nc_sid=f907e8&amp;_nc_ohc=SM1wRlP3lJwQ7kNvwEPuBYA&amp;_nc_oc=AdnqrjDN_BNjSSHWO-GbkIWH6fkGMLw4bqvL_NH6e2wMveX7G-rP2dAqsDSq1mJMOaY&amp;_nc_zt=24&amp;_nc_ht=scontent-gig4-1.xx&amp;_nc_gid=AoBFJeGrT1hVaew_6rchkQ&amp;oh=00_AfX7QmFGhQhG2jAllVgXCiM1ZrWgvtp80-Bfppyexh1QEg&amp;oe=689E923C\" \/>\n\t\t<script type=\"application\/ld+json\" class=\"aioseo-schema\">\n\t\t\t{\"@context\":\"https:\\\/\\\/schema.org\",\"@graph\":[{\"@type\":\"BlogPosting\",\"@id\":\"https:\\\/\\\/anoticiaonline.com.br\\\/site\\\/quatro-sao-presos-por-assalto-a-promotor-de-justica-na-casa-de-saude\\\/#blogposting\",\"name\":\"Quatro s\\u00e3o presos por assalto a promotor de Justi\\u00e7a na Casa de Sa\\u00fade - A Not\\u00edcia Online\",\"headline\":\"Quatro s\\u00e3o presos por assalto a promotor de Justi\\u00e7a na Casa de Sa\\u00fade\",\"author\":{\"@id\":\"https:\\\/\\\/anoticiaonline.com.br\\\/site\\\/author\\\/juliana\\\/#author\"},\"publisher\":{\"@id\":\"https:\\\/\\\/anoticiaonline.com.br\\\/site\\\/#organization\"},\"image\":{\"@type\":\"ImageObject\",\"url\":\"https:\\\/\\\/anoticiaonline.com.br\\\/site\\\/wp-content\\\/uploads\\\/2017\\\/02\\\/Quatro-s\\u00e3o-presos-por-assalto-a-promotor-de-Justi\\u00e7a-na-Casa-de-Sa\\u00fade.jpg\",\"width\":640,\"height\":480},\"datePublished\":\"2017-02-08T09:13:58-03:00\",\"dateModified\":\"2017-02-08T09:18:25-03:00\",\"inLanguage\":\"pt-BR\",\"mainEntityOfPage\":{\"@id\":\"https:\\\/\\\/anoticiaonline.com.br\\\/site\\\/quatro-sao-presos-por-assalto-a-promotor-de-justica-na-casa-de-saude\\\/#webpage\"},\"isPartOf\":{\"@id\":\"https:\\\/\\\/anoticiaonline.com.br\\\/site\\\/quatro-sao-presos-por-assalto-a-promotor-de-justica-na-casa-de-saude\\\/#webpage\"},\"articleSection\":\"Blog, slide\"},{\"@type\":\"BreadcrumbList\",\"@id\":\"https:\\\/\\\/anoticiaonline.com.br\\\/site\\\/quatro-sao-presos-por-assalto-a-promotor-de-justica-na-casa-de-saude\\\/#breadcrumblist\",\"itemListElement\":[{\"@type\":\"ListItem\",\"@id\":\"https:\\\/\\\/anoticiaonline.com.br\\\/site#listItem\",\"position\":1,\"name\":\"Home\",\"item\":\"https:\\\/\\\/anoticiaonline.com.br\\\/site\",\"nextItem\":{\"@type\":\"ListItem\",\"@id\":\"https:\\\/\\\/anoticiaonline.com.br\\\/site\\\/categoria\\\/muriae\\\/#listItem\",\"name\":\"Blog\"}},{\"@type\":\"ListItem\",\"@id\":\"https:\\\/\\\/anoticiaonline.com.br\\\/site\\\/categoria\\\/muriae\\\/#listItem\",\"position\":2,\"name\":\"Blog\",\"item\":\"https:\\\/\\\/anoticiaonline.com.br\\\/site\\\/categoria\\\/muriae\\\/\",\"nextItem\":{\"@type\":\"ListItem\",\"@id\":\"https:\\\/\\\/anoticiaonline.com.br\\\/site\\\/quatro-sao-presos-por-assalto-a-promotor-de-justica-na-casa-de-saude\\\/#listItem\",\"name\":\"Quatro s\\u00e3o presos por assalto a promotor de Justi\\u00e7a na Casa de Sa\\u00fade\"},\"previousItem\":{\"@type\":\"ListItem\",\"@id\":\"https:\\\/\\\/anoticiaonline.com.br\\\/site#listItem\",\"name\":\"Home\"}},{\"@type\":\"ListItem\",\"@id\":\"https:\\\/\\\/anoticiaonline.com.br\\\/site\\\/quatro-sao-presos-por-assalto-a-promotor-de-justica-na-casa-de-saude\\\/#listItem\",\"position\":3,\"name\":\"Quatro s\\u00e3o presos por assalto a promotor de Justi\\u00e7a na Casa de Sa\\u00fade\",\"previousItem\":{\"@type\":\"ListItem\",\"@id\":\"https:\\\/\\\/anoticiaonline.com.br\\\/site\\\/categoria\\\/muriae\\\/#listItem\",\"name\":\"Blog\"}}]},{\"@type\":\"Organization\",\"@id\":\"https:\\\/\\\/anoticiaonline.com.br\\\/site\\\/#organization\",\"name\":\"A Not\\u00edcia Online\",\"description\":\"Noticias de Muria\\u00e9 e regi\\u00e3o\",\"url\":\"https:\\\/\\\/anoticiaonline.com.br\\\/site\\\/\",\"logo\":{\"@type\":\"ImageObject\",\"url\":\"https:\\\/\\\/scontent-gig4-1.xx.fbcdn.net\\\/v\\\/t39.30808-1\\\/270437624_4564083193639691_6907940295614233970_n.jpg?stp=dst-jpg_s200x200_tt6&_nc_cat=111&ccb=1-7&_nc_sid=f907e8&_nc_ohc=SM1wRlP3lJwQ7kNvwEPuBYA&_nc_oc=AdnqrjDN_BNjSSHWO-GbkIWH6fkGMLw4bqvL_NH6e2wMveX7G-rP2dAqsDSq1mJMOaY&_nc_zt=24&_nc_ht=scontent-gig4-1.xx&_nc_gid=AoBFJeGrT1hVaew_6rchkQ&oh=00_AfX7QmFGhQhG2jAllVgXCiM1ZrWgvtp80-Bfppyexh1QEg&oe=689E923C\",\"@id\":\"https:\\\/\\\/anoticiaonline.com.br\\\/site\\\/quatro-sao-presos-por-assalto-a-promotor-de-justica-na-casa-de-saude\\\/#organizationLogo\"},\"image\":{\"@id\":\"https:\\\/\\\/anoticiaonline.com.br\\\/site\\\/quatro-sao-presos-por-assalto-a-promotor-de-justica-na-casa-de-saude\\\/#organizationLogo\"}},{\"@type\":\"Person\",\"@id\":\"https:\\\/\\\/anoticiaonline.com.br\\\/site\\\/author\\\/juliana\\\/#author\",\"url\":\"https:\\\/\\\/anoticiaonline.com.br\\\/site\\\/author\\\/juliana\\\/\",\"name\":\"Juliana Laviola\",\"image\":{\"@type\":\"ImageObject\",\"@id\":\"https:\\\/\\\/anoticiaonline.com.br\\\/site\\\/quatro-sao-presos-por-assalto-a-promotor-de-justica-na-casa-de-saude\\\/#authorImage\",\"url\":\"https:\\\/\\\/secure.gravatar.com\\\/avatar\\\/b8d45f5c699b100dfaf0e543582f38f38bf94cb7ae3a5e9abf8d891a34773335?s=96&d=mm&r=g\",\"width\":96,\"height\":96,\"caption\":\"Juliana Laviola\"}},{\"@type\":\"WebPage\",\"@id\":\"https:\\\/\\\/anoticiaonline.com.br\\\/site\\\/quatro-sao-presos-por-assalto-a-promotor-de-justica-na-casa-de-saude\\\/#webpage\",\"url\":\"https:\\\/\\\/anoticiaonline.com.br\\\/site\\\/quatro-sao-presos-por-assalto-a-promotor-de-justica-na-casa-de-saude\\\/\",\"name\":\"Quatro s\\u00e3o presos por assalto a promotor de Justi\\u00e7a na Casa de Sa\\u00fade - A Not\\u00edcia Online\",\"description\":\"Tr\\u00eas homens e uma mulher foram presos na noite de ter\\u00e7a-feira (7), ap\\u00f3s assaltarem um promotor de Justi\\u00e7a na regi\\u00e3o da Casa de Sa\\u00fade Santa L\\u00facia. O Iphone roubado pelos bandidos foi recuperado, e a moto utilizada no crime \\u2013 uma Honda Twister de preta \\u2013 foi apreendida pela Pol\\u00edcia Militar. O promotor, que atua\",\"inLanguage\":\"pt-BR\",\"isPartOf\":{\"@id\":\"https:\\\/\\\/anoticiaonline.com.br\\\/site\\\/#website\"},\"breadcrumb\":{\"@id\":\"https:\\\/\\\/anoticiaonline.com.br\\\/site\\\/quatro-sao-presos-por-assalto-a-promotor-de-justica-na-casa-de-saude\\\/#breadcrumblist\"},\"author\":{\"@id\":\"https:\\\/\\\/anoticiaonline.com.br\\\/site\\\/author\\\/juliana\\\/#author\"},\"creator\":{\"@id\":\"https:\\\/\\\/anoticiaonline.com.br\\\/site\\\/author\\\/juliana\\\/#author\"},\"image\":{\"@type\":\"ImageObject\",\"url\":\"https:\\\/\\\/anoticiaonline.com.br\\\/site\\\/wp-content\\\/uploads\\\/2017\\\/02\\\/Quatro-s\\u00e3o-presos-por-assalto-a-promotor-de-Justi\\u00e7a-na-Casa-de-Sa\\u00fade.jpg\",\"@id\":\"https:\\\/\\\/anoticiaonline.com.br\\\/site\\\/quatro-sao-presos-por-assalto-a-promotor-de-justica-na-casa-de-saude\\\/#mainImage\",\"width\":640,\"height\":480},\"primaryImageOfPage\":{\"@id\":\"https:\\\/\\\/anoticiaonline.com.br\\\/site\\\/quatro-sao-presos-por-assalto-a-promotor-de-justica-na-casa-de-saude\\\/#mainImage\"},\"datePublished\":\"2017-02-08T09:13:58-03:00\",\"dateModified\":\"2017-02-08T09:18:25-03:00\"},{\"@type\":\"WebSite\",\"@id\":\"https:\\\/\\\/anoticiaonline.com.br\\\/site\\\/#website\",\"url\":\"https:\\\/\\\/anoticiaonline.com.br\\\/site\\\/\",\"name\":\"A Not\\u00edcia Online\",\"description\":\"Noticias de Muria\\u00e9 e regi\\u00e3o\",\"inLanguage\":\"pt-BR\",\"publisher\":{\"@id\":\"https:\\\/\\\/anoticiaonline.com.br\\\/site\\\/#organization\"}}]}\n\t\t<\/script>\n\t\t<!-- All in One SEO -->\n\n","aioseo_head_json":{"title":"Quatro s\u00e3o presos por assalto a promotor de Justi\u00e7a na Casa de Sa\u00fade - A Not\u00edcia Online","description":"Tr\u00eas homens e uma mulher foram presos na noite de ter\u00e7a-feira (7), ap\u00f3s assaltarem um promotor de Justi\u00e7a na regi\u00e3o da Casa de Sa\u00fade Santa L\u00facia. O Iphone roubado pelos bandidos foi recuperado, e a moto utilizada no crime \u2013 uma Honda Twister de preta \u2013 foi apreendida pela Pol\u00edcia Militar. O promotor, que atua","canonical_url":"https:\/\/anoticiaonline.com.br\/site\/quatro-sao-presos-por-assalto-a-promotor-de-justica-na-casa-de-saude\/","robots":"max-image-preview:large","keywords":"","webmasterTools":{"miscellaneous":""},"schema":{"@context":"https:\/\/schema.org","@graph":[{"@type":"BlogPosting","@id":"https:\/\/anoticiaonline.com.br\/site\/quatro-sao-presos-por-assalto-a-promotor-de-justica-na-casa-de-saude\/#blogposting","name":"Quatro s\u00e3o presos por assalto a promotor de Justi\u00e7a na Casa de Sa\u00fade - A Not\u00edcia Online","headline":"Quatro s\u00e3o presos por assalto a promotor de Justi\u00e7a na Casa de Sa\u00fade","author":{"@id":"https:\/\/anoticiaonline.com.br\/site\/author\/juliana\/#author"},"publisher":{"@id":"https:\/\/anoticiaonline.com.br\/site\/#organization"},"image":{"@type":"ImageObject","url":"https:\/\/anoticiaonline.com.br\/site\/wp-content\/uploads\/2017\/02\/Quatro-s\u00e3o-presos-por-assalto-a-promotor-de-Justi\u00e7a-na-Casa-de-Sa\u00fade.jpg","width":640,"height":480},"datePublished":"2017-02-08T09:13:58-03:00","dateModified":"2017-02-08T09:18:25-03:00","inLanguage":"pt-BR","mainEntityOfPage":{"@id":"https:\/\/anoticiaonline.com.br\/site\/quatro-sao-presos-por-assalto-a-promotor-de-justica-na-casa-de-saude\/#webpage"},"isPartOf":{"@id":"https:\/\/anoticiaonline.com.br\/site\/quatro-sao-presos-por-assalto-a-promotor-de-justica-na-casa-de-saude\/#webpage"},"articleSection":"Blog, slide"},{"@type":"BreadcrumbList","@id":"https:\/\/anoticiaonline.com.br\/site\/quatro-sao-presos-por-assalto-a-promotor-de-justica-na-casa-de-saude\/#breadcrumblist","itemListElement":[{"@type":"ListItem","@id":"https:\/\/anoticiaonline.com.br\/site#listItem","position":1,"name":"Home","item":"https:\/\/anoticiaonline.com.br\/site","nextItem":{"@type":"ListItem","@id":"https:\/\/anoticiaonline.com.br\/site\/categoria\/muriae\/#listItem","name":"Blog"}},{"@type":"ListItem","@id":"https:\/\/anoticiaonline.com.br\/site\/categoria\/muriae\/#listItem","position":2,"name":"Blog","item":"https:\/\/anoticiaonline.com.br\/site\/categoria\/muriae\/","nextItem":{"@type":"ListItem","@id":"https:\/\/anoticiaonline.com.br\/site\/quatro-sao-presos-por-assalto-a-promotor-de-justica-na-casa-de-saude\/#listItem","name":"Quatro s\u00e3o presos por assalto a promotor de Justi\u00e7a na Casa de Sa\u00fade"},"previousItem":{"@type":"ListItem","@id":"https:\/\/anoticiaonline.com.br\/site#listItem","name":"Home"}},{"@type":"ListItem","@id":"https:\/\/anoticiaonline.com.br\/site\/quatro-sao-presos-por-assalto-a-promotor-de-justica-na-casa-de-saude\/#listItem","position":3,"name":"Quatro s\u00e3o presos por assalto a promotor de Justi\u00e7a na Casa de Sa\u00fade","previousItem":{"@type":"ListItem","@id":"https:\/\/anoticiaonline.com.br\/site\/categoria\/muriae\/#listItem","name":"Blog"}}]},{"@type":"Organization","@id":"https:\/\/anoticiaonline.com.br\/site\/#organization","name":"A Not\u00edcia Online","description":"Noticias de Muria\u00e9 e regi\u00e3o","url":"https:\/\/anoticiaonline.com.br\/site\/","logo":{"@type":"ImageObject","url":"https:\/\/scontent-gig4-1.xx.fbcdn.net\/v\/t39.30808-1\/270437624_4564083193639691_6907940295614233970_n.jpg?stp=dst-jpg_s200x200_tt6&_nc_cat=111&ccb=1-7&_nc_sid=f907e8&_nc_ohc=SM1wRlP3lJwQ7kNvwEPuBYA&_nc_oc=AdnqrjDN_BNjSSHWO-GbkIWH6fkGMLw4bqvL_NH6e2wMveX7G-rP2dAqsDSq1mJMOaY&_nc_zt=24&_nc_ht=scontent-gig4-1.xx&_nc_gid=AoBFJeGrT1hVaew_6rchkQ&oh=00_AfX7QmFGhQhG2jAllVgXCiM1ZrWgvtp80-Bfppyexh1QEg&oe=689E923C","@id":"https:\/\/anoticiaonline.com.br\/site\/quatro-sao-presos-por-assalto-a-promotor-de-justica-na-casa-de-saude\/#organizationLogo"},"image":{"@id":"https:\/\/anoticiaonline.com.br\/site\/quatro-sao-presos-por-assalto-a-promotor-de-justica-na-casa-de-saude\/#organizationLogo"}},{"@type":"Person","@id":"https:\/\/anoticiaonline.com.br\/site\/author\/juliana\/#author","url":"https:\/\/anoticiaonline.com.br\/site\/author\/juliana\/","name":"Juliana Laviola","image":{"@type":"ImageObject","@id":"https:\/\/anoticiaonline.com.br\/site\/quatro-sao-presos-por-assalto-a-promotor-de-justica-na-casa-de-saude\/#authorImage","url":"https:\/\/secure.gravatar.com\/avatar\/b8d45f5c699b100dfaf0e543582f38f38bf94cb7ae3a5e9abf8d891a34773335?s=96&d=mm&r=g","width":96,"height":96,"caption":"Juliana Laviola"}},{"@type":"WebPage","@id":"https:\/\/anoticiaonline.com.br\/site\/quatro-sao-presos-por-assalto-a-promotor-de-justica-na-casa-de-saude\/#webpage","url":"https:\/\/anoticiaonline.com.br\/site\/quatro-sao-presos-por-assalto-a-promotor-de-justica-na-casa-de-saude\/","name":"Quatro s\u00e3o presos por assalto a promotor de Justi\u00e7a na Casa de Sa\u00fade - A Not\u00edcia Online","description":"Tr\u00eas homens e uma mulher foram presos na noite de ter\u00e7a-feira (7), ap\u00f3s assaltarem um promotor de Justi\u00e7a na regi\u00e3o da Casa de Sa\u00fade Santa L\u00facia. O Iphone roubado pelos bandidos foi recuperado, e a moto utilizada no crime \u2013 uma Honda Twister de preta \u2013 foi apreendida pela Pol\u00edcia Militar. O promotor, que atua","inLanguage":"pt-BR","isPartOf":{"@id":"https:\/\/anoticiaonline.com.br\/site\/#website"},"breadcrumb":{"@id":"https:\/\/anoticiaonline.com.br\/site\/quatro-sao-presos-por-assalto-a-promotor-de-justica-na-casa-de-saude\/#breadcrumblist"},"author":{"@id":"https:\/\/anoticiaonline.com.br\/site\/author\/juliana\/#author"},"creator":{"@id":"https:\/\/anoticiaonline.com.br\/site\/author\/juliana\/#author"},"image":{"@type":"ImageObject","url":"https:\/\/anoticiaonline.com.br\/site\/wp-content\/uploads\/2017\/02\/Quatro-s\u00e3o-presos-por-assalto-a-promotor-de-Justi\u00e7a-na-Casa-de-Sa\u00fade.jpg","@id":"https:\/\/anoticiaonline.com.br\/site\/quatro-sao-presos-por-assalto-a-promotor-de-justica-na-casa-de-saude\/#mainImage","width":640,"height":480},"primaryImageOfPage":{"@id":"https:\/\/anoticiaonline.com.br\/site\/quatro-sao-presos-por-assalto-a-promotor-de-justica-na-casa-de-saude\/#mainImage"},"datePublished":"2017-02-08T09:13:58-03:00","dateModified":"2017-02-08T09:18:25-03:00"},{"@type":"WebSite","@id":"https:\/\/anoticiaonline.com.br\/site\/#website","url":"https:\/\/anoticiaonline.com.br\/site\/","name":"A Not\u00edcia Online","description":"Noticias de Muria\u00e9 e regi\u00e3o","inLanguage":"pt-BR","publisher":{"@id":"https:\/\/anoticiaonline.com.br\/site\/#organization"}}]},"og:locale":"pt_BR","og:site_name":"A Not\u00edcia Online - Noticias de Muria\u00e9 e regi\u00e3o","og:type":"article","og:title":"Quatro s\u00e3o presos por assalto a promotor de Justi\u00e7a na Casa de Sa\u00fade - A Not\u00edcia Online","og:description":"Tr\u00eas homens e uma mulher foram presos na noite de ter\u00e7a-feira (7), ap\u00f3s assaltarem um promotor de Justi\u00e7a na regi\u00e3o da Casa de Sa\u00fade Santa L\u00facia. O Iphone roubado pelos bandidos foi recuperado, e a moto utilizada no crime \u2013 uma Honda Twister de preta \u2013 foi apreendida pela Pol\u00edcia Militar. O promotor, que atua","og:url":"https:\/\/anoticiaonline.com.br\/site\/quatro-sao-presos-por-assalto-a-promotor-de-justica-na-casa-de-saude\/","og:image":"https:\/\/scontent-gig4-1.xx.fbcdn.net\/v\/t39.30808-1\/270437624_4564083193639691_6907940295614233970_n.jpg?stp=dst-jpg_s200x200_tt6&#038;_nc_cat=111&#038;ccb=1-7&#038;_nc_sid=f907e8&#038;_nc_ohc=SM1wRlP3lJwQ7kNvwEPuBYA&#038;_nc_oc=AdnqrjDN_BNjSSHWO-GbkIWH6fkGMLw4bqvL_NH6e2wMveX7G-rP2dAqsDSq1mJMOaY&#038;_nc_zt=24&#038;_nc_ht=scontent-gig4-1.xx&#038;_nc_gid=AoBFJeGrT1hVaew_6rchkQ&#038;oh=00_AfX7QmFGhQhG2jAllVgXCiM1ZrWgvtp80-Bfppyexh1QEg&#038;oe=689E923C","og:image:secure_url":"https:\/\/scontent-gig4-1.xx.fbcdn.net\/v\/t39.30808-1\/270437624_4564083193639691_6907940295614233970_n.jpg?stp=dst-jpg_s200x200_tt6&#038;_nc_cat=111&#038;ccb=1-7&#038;_nc_sid=f907e8&#038;_nc_ohc=SM1wRlP3lJwQ7kNvwEPuBYA&#038;_nc_oc=AdnqrjDN_BNjSSHWO-GbkIWH6fkGMLw4bqvL_NH6e2wMveX7G-rP2dAqsDSq1mJMOaY&#038;_nc_zt=24&#038;_nc_ht=scontent-gig4-1.xx&#038;_nc_gid=AoBFJeGrT1hVaew_6rchkQ&#038;oh=00_AfX7QmFGhQhG2jAllVgXCiM1ZrWgvtp80-Bfppyexh1QEg&#038;oe=689E923C","article:published_time":"2017-02-08T12:13:58+00:00","article:modified_time":"2017-02-08T12:18:25+00:00","twitter:card":"summary_large_image","twitter:title":"Quatro s\u00e3o presos por assalto a promotor de Justi\u00e7a na Casa de Sa\u00fade - A Not\u00edcia Online","twitter:description":"Tr\u00eas homens e uma mulher foram presos na noite de ter\u00e7a-feira (7), ap\u00f3s assaltarem um promotor de Justi\u00e7a na regi\u00e3o da Casa de Sa\u00fade Santa L\u00facia. O Iphone roubado pelos bandidos foi recuperado, e a moto utilizada no crime \u2013 uma Honda Twister de preta \u2013 foi apreendida pela Pol\u00edcia Militar. O promotor, que atua","twitter:image":"https:\/\/scontent-gig4-1.xx.fbcdn.net\/v\/t39.30808-1\/270437624_4564083193639691_6907940295614233970_n.jpg?stp=dst-jpg_s200x200_tt6&_nc_cat=111&ccb=1-7&_nc_sid=f907e8&_nc_ohc=SM1wRlP3lJwQ7kNvwEPuBYA&_nc_oc=AdnqrjDN_BNjSSHWO-GbkIWH6fkGMLw4bqvL_NH6e2wMveX7G-rP2dAqsDSq1mJMOaY&_nc_zt=24&_nc_ht=scontent-gig4-1.xx&_nc_gid=AoBFJeGrT1hVaew_6rchkQ&oh=00_AfX7QmFGhQhG2jAllVgXCiM1ZrWgvtp80-Bfppyexh1QEg&oe=689E923C"},"aioseo_meta_data":{"post_id":"24174","title":null,"description":null,"keywords":null,"keyphrases":null,"primary_term":null,"canonical_url":null,"og_title":null,"og_description":null,"og_object_type":"default","og_image_type":"default","og_image_url":null,"og_image_width":null,"og_image_height":null,"og_image_custom_url":null,"og_image_custom_fields":null,"og_video":null,"og_custom_url":null,"og_article_section":null,"og_article_tags":null,"twitter_use_og":false,"twitter_card":"default","twitter_image_type":"default","twitter_image_url":null,"twitter_image_custom_url":null,"twitter_image_custom_fields":null,"twitter_title":null,"twitter_description":null,"schema":{"blockGraphs":[],"customGraphs":[],"default":{"data":{"Article":[],"Course":[],"Dataset":[],"FAQPage":[],"Movie":[],"Person":[],"Product":[],"ProductReview":[],"Car":[],"Recipe":[],"Service":[],"SoftwareApplication":[],"WebPage":[]},"graphName":"","isEnabled":true},"graphs":[]},"schema_type":"default","schema_type_options":null,"pillar_content":false,"robots_default":true,"robots_noindex":false,"robots_noarchive":false,"robots_nosnippet":false,"robots_nofollow":false,"robots_noimageindex":false,"robots_noodp":false,"robots_notranslate":false,"robots_max_snippet":null,"robots_max_videopreview":null,"robots_max_imagepreview":"large","priority":null,"frequency":null,"local_seo":null,"breadcrumb_settings":null,"limit_modified_date":false,"ai":null,"created":"2025-08-16 17:32:54","updated":"2025-08-16 17:32:54","focus_keyword":null,"additional_keywords":null,"truseo_locale":null,"seo_analyzer_scan_date":null},"aioseo_breadcrumb":"<div class=\"aioseo-breadcrumbs\"><span class=\"aioseo-breadcrumb\">\n\t\t\t<a href=\"https:\/\/anoticiaonline.com.br\/site\" title=\"Home\">Home<\/a>\n\t\t<\/span><span class=\"aioseo-breadcrumb-separator\">&raquo;<\/span><span class=\"aioseo-breadcrumb\">\n\t\t\t<a href=\"https:\/\/anoticiaonline.com.br\/site\/categoria\/muriae\/\" title=\"Blog\">Blog<\/a>\n\t\t<\/span><span class=\"aioseo-breadcrumb-separator\">&raquo;<\/span><span class=\"aioseo-breadcrumb\">\n\t\t\tQuatro s\u00e3o presos por assalto a promotor de Justi\u00e7a na Casa de Sa\u00fade\n\t\t<\/span><\/div>","aioseo_breadcrumb_json":[{"label":"Home","link":"https:\/\/anoticiaonline.com.br\/site"},{"label":"Blog","link":"https:\/\/anoticiaonline.com.br\/site\/categoria\/muriae\/"},{"label":"Quatro s\u00e3o presos por assalto a promotor de Justi\u00e7a na Casa de Sa\u00fade","link":"https:\/\/anoticiaonline.com.br\/site\/quatro-sao-presos-por-assalto-a-promotor-de-justica-na-casa-de-saude\/"}],"views":143,"_links":{"self":[{"href":"https:\/\/anoticiaonline.com.br\/site\/wp-json\/wp\/v2\/posts\/24174","targetHints":{"allow":["GET"]}}],"collection":[{"href":"https:\/\/anoticiaonline.com.br\/site\/wp-json\/wp\/v2\/posts"}],"about":[{"href":"https:\/\/anoticiaonline.com.br\/site\/wp-json\/wp\/v2\/types\/post"}],"author":[{"embeddable":true,"href":"https:\/\/anoticiaonline.com.br\/site\/wp-json\/wp\/v2\/users\/2"}],"replies":[{"embeddable":true,"href":"https:\/\/anoticiaonline.com.br\/site\/wp-json\/wp\/v2\/comments?post=24174"}],"version-history":[{"count":0,"href":"https:\/\/anoticiaonline.com.br\/site\/wp-json\/wp\/v2\/posts\/24174\/revisions"}],"wp:featuredmedia":[{"embeddable":true,"href":"https:\/\/anoticiaonline.com.br\/site\/wp-json\/wp\/v2\/media\/24175"}],"wp:attachment":[{"href":"https:\/\/anoticiaonline.com.br\/site\/wp-json\/wp\/v2\/media?parent=24174"}],"wp:term":[{"taxonomy":"category","embeddable":true,"href":"https:\/\/anoticiaonline.com.br\/site\/wp-json\/wp\/v2\/categories?post=24174"},{"taxonomy":"post_tag","embeddable":true,"href":"https:\/\/anoticiaonline.com.br\/site\/wp-json\/wp\/v2\/tags?post=24174"}],"curies":[{"name":"wp","href":"https:\/\/api.w.org\/{rel}","templated":true}]}}