{"id":24171,"date":"2017-02-07T15:01:41","date_gmt":"2017-02-07T18:01:41","guid":{"rendered":"http:\/\/anoticiaonline.com.br\/site\/?p=24171"},"modified":"2017-02-07T15:01:41","modified_gmt":"2017-02-07T18:01:41","slug":"escola-movel-do-sesisenai-tem-vagas-para-13-cursos-gratuitos","status":"publish","type":"post","link":"https:\/\/anoticiaonline.com.br\/site\/escola-movel-do-sesisenai-tem-vagas-para-13-cursos-gratuitos\/","title":{"rendered":"Escola M\u00f3vel do SESI\/SENAI tem vagas para 13 cursos gratuitos"},"content":{"rendered":"<figure id=\"attachment_24172\" aria-describedby=\"caption-attachment-24172\" style=\"width: 290px\" class=\"wp-caption alignleft\"><a href=\"https:\/\/anoticiaonline.com.br\/site\/wp-content\/uploads\/2017\/02\/20170203163007_169.jpg\"><img fetchpriority=\"high\" decoding=\"async\" class=\"size-medium wp-image-24172\" src=\"https:\/\/anoticiaonline.com.br\/site\/wp-content\/uploads\/2017\/02\/20170203163007_169-300x225.jpg\" alt=\"Foto: Divulga\u00e7\u00e3o SESI\/SENAI\" width=\"300\" height=\"225\" srcset=\"https:\/\/anoticiaonline.com.br\/site\/wp-content\/uploads\/2017\/02\/20170203163007_169-300x225.jpg 300w, https:\/\/anoticiaonline.com.br\/site\/wp-content\/uploads\/2017\/02\/20170203163007_169.jpg 640w\" sizes=\"(max-width: 300px) 100vw, 300px\" \/><\/a><figcaption id=\"caption-attachment-24172\" class=\"wp-caption-text\">Foto: Divulga\u00e7\u00e3o SESI\/SENAI<\/figcaption><\/figure>\n<p>A Escola M\u00f3vel do SESI\/SENAI est\u00e1 chegando a Muria\u00e9. Em parceria com a Secretaria Municipal de Desenvolvimento Econ\u00f4mico e Rela\u00e7\u00f5es Institucionais, de 7 de mar\u00e7o a 5 de abril ser\u00e3o oferecidas 532 vagas para 13 cursos profissionalizantes totalmente gratuitos, na tenda que ser\u00e1 montada atr\u00e1s do supermercado Sales.<\/p>\n<p>As inscri\u00e7\u00f5es j\u00e1 est\u00e3o abertas e podem ser feitas no Grande Hotel ou em todos os Centros de Refer\u00eancia e Assist\u00eancia Social (CRAS) do munic\u00edpio. Para se inscrever, \u00e9 necess\u00e1rio apresentar carteira de identidade, CPF e comprovante de resid\u00eancia de, no m\u00e1ximo, seis meses atr\u00e1s. Vale lembrar que 10% das vagas s\u00e3o destinadas a pessoas com defici\u00eancia.<\/p>\n<p>A maior parte dos cursos funcionar\u00e1 com duas turmas &#8211; uma no turno matutino, das 8h \u00e0s 12h15min, e outra no turno vespertino, das 13h45min \u00e0s 18h, com carga hor\u00e1ria vari\u00e1vel. A exce\u00e7\u00e3o fica apenas para os cursos de artesanato, que ser\u00e3o realizados das 8h \u00e0s 18h em um \u00fanico dia para cada especialidade.<\/p>\n<p>Confira, abaixo, a rela\u00e7\u00e3o dos cursos, bem como a quantidade de vagas, os hor\u00e1rios e a escolaridade m\u00ednima exigida. Mais informa\u00e7\u00f5es podem ser obtidas pelo telefone (32) 3696-3350.<\/p>\n<p><strong>NO\u00c7\u00d5ES B\u00c1SICAS DE AUXILIAR ADMINISTRATIVO I<\/strong><br \/>\nCarga hor\u00e1ria: 20 horas<br \/>\nTurmas: 2 (das 8h \u00e0s 12h15min ou das 13h45min \u00e0s 18h)<br \/>\nPer\u00edodo de realiza\u00e7\u00e3o: de 7\/3 a 13\/3<br \/>\nN\u00famero de vagas: 30 para cada turma<br \/>\nEscolaridade m\u00ednima: Ensino M\u00e9dio em curso<\/p>\n<p><strong>NO\u00c7\u00d5ES B\u00c1SICAS DE SECRETARIADO<\/strong><br \/>\nCarga hor\u00e1ria: 20 horas<br \/>\nTurmas: 2 (das 8h \u00e0s 12h15min ou das 13h45min \u00e0s 18h)<br \/>\nPer\u00edodo de realiza\u00e7\u00e3o: de 14\/3 a 20\/3<br \/>\nN\u00famero de vagas: 30 para cada turma<br \/>\nEscolaridade m\u00ednima: Ensino M\u00e9dio em curso<\/p>\n<p><strong>NO\u00c7\u00d5ES B\u00c1SICAS DE EDUCA\u00c7\u00c3O AMBIENTAL E SUSTENTABILIDADE<\/strong><br \/>\nCarga hor\u00e1ria: 20 horas<br \/>\nTurmas: 2 (das 8h \u00e0s 12h15min ou das 13h45min \u00e0s 18h)<br \/>\nPer\u00edodo de realiza\u00e7\u00e3o: de 21\/3 a 29\/3<br \/>\nN\u00famero de vagas: 30 para cada turma<br \/>\nEscolaridade m\u00ednima: Ensino Fundamental completo<\/p>\n<p><strong>NO\u00c7\u00d5ES B\u00c1SICAS DE ATENDIMENTO AO CLIENTE<\/strong><br \/>\nCarga hor\u00e1ria: 20 horas<br \/>\nTurmas: 2 (das 8h \u00e0s 12h15min ou das 13h45min \u00e0s 18h)<br \/>\nPer\u00edodo de realiza\u00e7\u00e3o: de 30\/3 a 5\/4<br \/>\nN\u00famero de vagas: 30 para cada turma<br \/>\nEscolaridade m\u00ednima: Ensino Fundamental completo\/s\u00e9ries finais<\/p>\n<p><strong>COSTUREIRO ASSISTENTE<\/strong><br \/>\nCarga hor\u00e1ria: 80 horas<br \/>\nTurmas: 2 (das 8h \u00e0s 12h15min ou das 13h45min \u00e0s 18h)<br \/>\nPer\u00edodo de realiza\u00e7\u00e3o: de 7\/3 a 5\/4<br \/>\nN\u00famero de vagas: 20 para cada turma<br \/>\nEscolaridade m\u00ednima: n\u00e3o exigida<\/p>\n<p><strong>ELETRICISTA PREDIAL ASSISTENTE<\/strong><br \/>\nCarga hor\u00e1ria: 80 horas<br \/>\nTurmas: 2 (das 8h \u00e0s 12h15min ou das 13h45min \u00e0s 18h)<br \/>\nPer\u00edodo de realiza\u00e7\u00e3o: de 7\/3 a 5\/4<br \/>\nN\u00famero de vagas: 20 para cada turma<br \/>\nEscolaridade m\u00ednima: Ensino M\u00e9dio em curso<\/p>\n<p><strong>MEC\u00c2NICO DE MOTOS ASSISTENTE<\/strong><br \/>\nCarga hor\u00e1ria: 80 horas<br \/>\nTurmas: 2 (das 8h \u00e0s 12h15min ou das 13h45min \u00e0s 18h)<br \/>\nPer\u00edodo de realiza\u00e7\u00e3o: de 7\/3 a 5\/4<br \/>\nN\u00famero de vagas: 20 para cada turma<br \/>\nEscolaridade m\u00ednima: Ensino M\u00e9dio em curso<\/p>\n<p><strong>PEDREIRO DE ALVENARIA ASSISTENTE<\/strong><br \/>\nCarga hor\u00e1ria: 80 horas<br \/>\nTurmas: 2 (das 8h \u00e0s 12h15min ou das 13h45min \u00e0s 18h)<br \/>\nPer\u00edodo de realiza\u00e7\u00e3o: de 7\/3 a 5\/4<br \/>\nN\u00famero de vagas: 20 para cada turma<br \/>\nEscolaridade m\u00ednima: n\u00e3o exigida<\/p>\n<p><strong>CONFEITEIRO ASSISTENTE<\/strong><br \/>\nCarga hor\u00e1ria: 60 horas<br \/>\nTurmas: 2 (das 8h \u00e0s 12h15min ou das 13h45min \u00e0s 18h)<br \/>\nPer\u00edodo de realiza\u00e7\u00e3o: de 7\/3 a 29\/3<br \/>\nN\u00famero de vagas: 16 para cada turma<br \/>\nEscolaridade m\u00ednima: Ensino Fundamental completo\/s\u00e9ries finais<\/p>\n<p><strong>ARTESANATO &#8211; PATCHWORK EMBUTIDO<\/strong><br \/>\nCarga hor\u00e1ria: 8 horas<br \/>\nTurmas: 1 (das 8h \u00e0s 18h)<br \/>\nPer\u00edodo de realiza\u00e7\u00e3o: 31\/3<br \/>\nN\u00famero de vagas: 25<br \/>\nEscolaridade m\u00ednima: n\u00e3o exigido<\/p>\n<p><strong>ARTESANATO &#8211; TRAN\u00c7ADO DE FITA<\/strong><br \/>\nCarga hor\u00e1ria: 8 horas<br \/>\nTurmas: 1 (das 8h \u00e0s 18h)<br \/>\nPer\u00edodo de realiza\u00e7\u00e3o: 3\/4<br \/>\nN\u00famero de vagas: 25<br \/>\nEscolaridade m\u00ednima: n\u00e3o exigido<\/p>\n<p><strong>ARTESANATO &#8211; BONECA DE E.V.A.<\/strong><br \/>\nCarga hor\u00e1ria: 8 horas<br \/>\nTurmas: 1 (das 8h \u00e0s 18h)<br \/>\nPer\u00edodo de realiza\u00e7\u00e3o: 4\/4<br \/>\nN\u00famero de vagas: 25<br \/>\nEscolaridade m\u00ednima: n\u00e3o exigido<\/p>\n<p><strong>ARTESANATO &#8211; PATCH APLIQU\u00ca<\/strong><br \/>\nCarga hor\u00e1ria: 8 horas<br \/>\nTurmas: 1 (das 8h \u00e0s 18h)<br \/>\nPer\u00edodo de realiza\u00e7\u00e3o: 5\/4<br \/>\nN\u00famero de vagas: 25<br \/>\nEscolaridade m\u00ednima: n\u00e3o exigido<\/p>\n","protected":false},"excerpt":{"rendered":"<p>A Escola M\u00f3vel do SESI\/SENAI est\u00e1 chegando a Muria\u00e9. Em parceria com a Secretaria Municipal de Desenvolvimento Econ\u00f4mico e Rela\u00e7\u00f5es Institucionais, de 7 de mar\u00e7o a 5 de abril ser\u00e3o oferecidas 532 vagas para 13 cursos profissionalizantes totalmente gratuitos, na tenda que ser\u00e1 montada atr\u00e1s do supermercado Sales. As inscri\u00e7\u00f5es j\u00e1 est\u00e3o abertas e podem &#8230; <a title=\"Escola M\u00f3vel do SESI\/SENAI tem vagas para 13 cursos gratuitos\" class=\"read-more\" href=\"https:\/\/anoticiaonline.com.br\/site\/escola-movel-do-sesisenai-tem-vagas-para-13-cursos-gratuitos\/\" aria-label=\"Read more about Escola M\u00f3vel do SESI\/SENAI tem vagas para 13 cursos gratuitos\">Ler mais<\/a><\/p>\n","protected":false},"author":2,"featured_media":24172,"comment_status":"open","ping_status":"open","sticky":false,"template":"","format":"standard","meta":{"_acf_changed":false,"_monsterinsights_skip_tracking":false,"footnotes":""},"categories":[30],"tags":[3],"class_list":["post-24171","post","type-post","status-publish","format-standard","has-post-thumbnail","hentry","category-muriae","tag-slide"],"acf":[],"aioseo_notices":[],"aioseo_head":"\n\t\t<!-- All in One SEO 5.0.0.1 - aioseo.com -->\n\t<meta name=\"description\" content=\"A Escola M\u00f3vel do SESI\/SENAI est\u00e1 chegando a Muria\u00e9. Em parceria com a Secretaria Municipal de Desenvolvimento Econ\u00f4mico e Rela\u00e7\u00f5es Institucionais, de 7 de mar\u00e7o a 5 de abril ser\u00e3o oferecidas 532 vagas para 13 cursos profissionalizantes totalmente gratuitos, na tenda que ser\u00e1 montada atr\u00e1s do supermercado Sales. As inscri\u00e7\u00f5es j\u00e1 est\u00e3o abertas e podem\" \/>\n\t<meta name=\"robots\" content=\"max-image-preview:large\" \/>\n\t<meta name=\"author\" content=\"Juliana Laviola\"\/>\n\t<link rel=\"canonical\" href=\"https:\/\/anoticiaonline.com.br\/site\/escola-movel-do-sesisenai-tem-vagas-para-13-cursos-gratuitos\/\" \/>\n\t<meta name=\"generator\" content=\"All in One SEO (AIOSEO) 5.0.0.1\" \/>\n\t\t<meta property=\"og:locale\" content=\"pt_BR\" \/>\n\t\t<meta property=\"og:site_name\" content=\"A Not\u00edcia Online - Noticias de Muria\u00e9 e regi\u00e3o\" \/>\n\t\t<meta property=\"og:type\" content=\"article\" \/>\n\t\t<meta property=\"og:title\" content=\"Escola M\u00f3vel do SESI\/SENAI tem vagas para 13 cursos gratuitos - A Not\u00edcia Online\" \/>\n\t\t<meta property=\"og:description\" content=\"A Escola M\u00f3vel do SESI\/SENAI est\u00e1 chegando a Muria\u00e9. Em parceria com a Secretaria Municipal de Desenvolvimento Econ\u00f4mico e Rela\u00e7\u00f5es Institucionais, de 7 de mar\u00e7o a 5 de abril ser\u00e3o oferecidas 532 vagas para 13 cursos profissionalizantes totalmente gratuitos, na tenda que ser\u00e1 montada atr\u00e1s do supermercado Sales. As inscri\u00e7\u00f5es j\u00e1 est\u00e3o abertas e podem\" \/>\n\t\t<meta property=\"og:url\" content=\"https:\/\/anoticiaonline.com.br\/site\/escola-movel-do-sesisenai-tem-vagas-para-13-cursos-gratuitos\/\" \/>\n\t\t<meta property=\"og:image\" content=\"https:\/\/scontent-gig4-1.xx.fbcdn.net\/v\/t39.30808-1\/270437624_4564083193639691_6907940295614233970_n.jpg?stp=dst-jpg_s200x200_tt6&#038;_nc_cat=111&#038;ccb=1-7&#038;_nc_sid=f907e8&#038;_nc_ohc=SM1wRlP3lJwQ7kNvwEPuBYA&#038;_nc_oc=AdnqrjDN_BNjSSHWO-GbkIWH6fkGMLw4bqvL_NH6e2wMveX7G-rP2dAqsDSq1mJMOaY&#038;_nc_zt=24&#038;_nc_ht=scontent-gig4-1.xx&#038;_nc_gid=AoBFJeGrT1hVaew_6rchkQ&#038;oh=00_AfX7QmFGhQhG2jAllVgXCiM1ZrWgvtp80-Bfppyexh1QEg&#038;oe=689E923C\" \/>\n\t\t<meta property=\"og:image:secure_url\" content=\"https:\/\/scontent-gig4-1.xx.fbcdn.net\/v\/t39.30808-1\/270437624_4564083193639691_6907940295614233970_n.jpg?stp=dst-jpg_s200x200_tt6&#038;_nc_cat=111&#038;ccb=1-7&#038;_nc_sid=f907e8&#038;_nc_ohc=SM1wRlP3lJwQ7kNvwEPuBYA&#038;_nc_oc=AdnqrjDN_BNjSSHWO-GbkIWH6fkGMLw4bqvL_NH6e2wMveX7G-rP2dAqsDSq1mJMOaY&#038;_nc_zt=24&#038;_nc_ht=scontent-gig4-1.xx&#038;_nc_gid=AoBFJeGrT1hVaew_6rchkQ&#038;oh=00_AfX7QmFGhQhG2jAllVgXCiM1ZrWgvtp80-Bfppyexh1QEg&#038;oe=689E923C\" \/>\n\t\t<meta property=\"article:published_time\" content=\"2017-02-07T18:01:41+00:00\" \/>\n\t\t<meta property=\"article:modified_time\" content=\"2017-02-07T18:01:41+00:00\" \/>\n\t\t<meta name=\"twitter:card\" content=\"summary_large_image\" \/>\n\t\t<meta name=\"twitter:title\" content=\"Escola M\u00f3vel do SESI\/SENAI tem vagas para 13 cursos gratuitos - A Not\u00edcia Online\" \/>\n\t\t<meta name=\"twitter:description\" content=\"A Escola M\u00f3vel do SESI\/SENAI est\u00e1 chegando a Muria\u00e9. Em parceria com a Secretaria Municipal de Desenvolvimento Econ\u00f4mico e Rela\u00e7\u00f5es Institucionais, de 7 de mar\u00e7o a 5 de abril ser\u00e3o oferecidas 532 vagas para 13 cursos profissionalizantes totalmente gratuitos, na tenda que ser\u00e1 montada atr\u00e1s do supermercado Sales. As inscri\u00e7\u00f5es j\u00e1 est\u00e3o abertas e podem\" \/>\n\t\t<meta name=\"twitter:image\" content=\"https:\/\/scontent-gig4-1.xx.fbcdn.net\/v\/t39.30808-1\/270437624_4564083193639691_6907940295614233970_n.jpg?stp=dst-jpg_s200x200_tt6&amp;_nc_cat=111&amp;ccb=1-7&amp;_nc_sid=f907e8&amp;_nc_ohc=SM1wRlP3lJwQ7kNvwEPuBYA&amp;_nc_oc=AdnqrjDN_BNjSSHWO-GbkIWH6fkGMLw4bqvL_NH6e2wMveX7G-rP2dAqsDSq1mJMOaY&amp;_nc_zt=24&amp;_nc_ht=scontent-gig4-1.xx&amp;_nc_gid=AoBFJeGrT1hVaew_6rchkQ&amp;oh=00_AfX7QmFGhQhG2jAllVgXCiM1ZrWgvtp80-Bfppyexh1QEg&amp;oe=689E923C\" \/>\n\t\t<script type=\"application\/ld+json\" class=\"aioseo-schema\">\n\t\t\t{\"@context\":\"https:\\\/\\\/schema.org\",\"@graph\":[{\"@type\":\"BlogPosting\",\"@id\":\"https:\\\/\\\/anoticiaonline.com.br\\\/site\\\/escola-movel-do-sesisenai-tem-vagas-para-13-cursos-gratuitos\\\/#blogposting\",\"name\":\"Escola M\\u00f3vel do SESI\\\/SENAI tem vagas para 13 cursos gratuitos - A Not\\u00edcia Online\",\"headline\":\"Escola M\\u00f3vel do SESI\\\/SENAI tem vagas para 13 cursos gratuitos\",\"author\":{\"@id\":\"https:\\\/\\\/anoticiaonline.com.br\\\/site\\\/author\\\/juliana\\\/#author\"},\"publisher\":{\"@id\":\"https:\\\/\\\/anoticiaonline.com.br\\\/site\\\/#organization\"},\"image\":{\"@type\":\"ImageObject\",\"url\":\"https:\\\/\\\/anoticiaonline.com.br\\\/site\\\/wp-content\\\/uploads\\\/2017\\\/02\\\/20170203163007_169.jpg\",\"width\":640,\"height\":480,\"caption\":\"Foto: Divulga\\u00e7\\u00e3o SESI\\\/SENAI\"},\"datePublished\":\"2017-02-07T15:01:41-03:00\",\"dateModified\":\"2017-02-07T15:01:41-03:00\",\"inLanguage\":\"pt-BR\",\"mainEntityOfPage\":{\"@id\":\"https:\\\/\\\/anoticiaonline.com.br\\\/site\\\/escola-movel-do-sesisenai-tem-vagas-para-13-cursos-gratuitos\\\/#webpage\"},\"isPartOf\":{\"@id\":\"https:\\\/\\\/anoticiaonline.com.br\\\/site\\\/escola-movel-do-sesisenai-tem-vagas-para-13-cursos-gratuitos\\\/#webpage\"},\"articleSection\":\"Blog, slide\"},{\"@type\":\"BreadcrumbList\",\"@id\":\"https:\\\/\\\/anoticiaonline.com.br\\\/site\\\/escola-movel-do-sesisenai-tem-vagas-para-13-cursos-gratuitos\\\/#breadcrumblist\",\"itemListElement\":[{\"@type\":\"ListItem\",\"@id\":\"https:\\\/\\\/anoticiaonline.com.br\\\/site#listItem\",\"position\":1,\"name\":\"Home\",\"item\":\"https:\\\/\\\/anoticiaonline.com.br\\\/site\",\"nextItem\":{\"@type\":\"ListItem\",\"@id\":\"https:\\\/\\\/anoticiaonline.com.br\\\/site\\\/categoria\\\/muriae\\\/#listItem\",\"name\":\"Blog\"}},{\"@type\":\"ListItem\",\"@id\":\"https:\\\/\\\/anoticiaonline.com.br\\\/site\\\/categoria\\\/muriae\\\/#listItem\",\"position\":2,\"name\":\"Blog\",\"item\":\"https:\\\/\\\/anoticiaonline.com.br\\\/site\\\/categoria\\\/muriae\\\/\",\"nextItem\":{\"@type\":\"ListItem\",\"@id\":\"https:\\\/\\\/anoticiaonline.com.br\\\/site\\\/escola-movel-do-sesisenai-tem-vagas-para-13-cursos-gratuitos\\\/#listItem\",\"name\":\"Escola M\\u00f3vel do SESI\\\/SENAI tem vagas para 13 cursos gratuitos\"},\"previousItem\":{\"@type\":\"ListItem\",\"@id\":\"https:\\\/\\\/anoticiaonline.com.br\\\/site#listItem\",\"name\":\"Home\"}},{\"@type\":\"ListItem\",\"@id\":\"https:\\\/\\\/anoticiaonline.com.br\\\/site\\\/escola-movel-do-sesisenai-tem-vagas-para-13-cursos-gratuitos\\\/#listItem\",\"position\":3,\"name\":\"Escola M\\u00f3vel do SESI\\\/SENAI tem vagas para 13 cursos gratuitos\",\"previousItem\":{\"@type\":\"ListItem\",\"@id\":\"https:\\\/\\\/anoticiaonline.com.br\\\/site\\\/categoria\\\/muriae\\\/#listItem\",\"name\":\"Blog\"}}]},{\"@type\":\"Organization\",\"@id\":\"https:\\\/\\\/anoticiaonline.com.br\\\/site\\\/#organization\",\"name\":\"A Not\\u00edcia Online\",\"description\":\"Noticias de Muria\\u00e9 e regi\\u00e3o\",\"url\":\"https:\\\/\\\/anoticiaonline.com.br\\\/site\\\/\",\"logo\":{\"@type\":\"ImageObject\",\"url\":\"https:\\\/\\\/scontent-gig4-1.xx.fbcdn.net\\\/v\\\/t39.30808-1\\\/270437624_4564083193639691_6907940295614233970_n.jpg?stp=dst-jpg_s200x200_tt6&_nc_cat=111&ccb=1-7&_nc_sid=f907e8&_nc_ohc=SM1wRlP3lJwQ7kNvwEPuBYA&_nc_oc=AdnqrjDN_BNjSSHWO-GbkIWH6fkGMLw4bqvL_NH6e2wMveX7G-rP2dAqsDSq1mJMOaY&_nc_zt=24&_nc_ht=scontent-gig4-1.xx&_nc_gid=AoBFJeGrT1hVaew_6rchkQ&oh=00_AfX7QmFGhQhG2jAllVgXCiM1ZrWgvtp80-Bfppyexh1QEg&oe=689E923C\",\"@id\":\"https:\\\/\\\/anoticiaonline.com.br\\\/site\\\/escola-movel-do-sesisenai-tem-vagas-para-13-cursos-gratuitos\\\/#organizationLogo\"},\"image\":{\"@id\":\"https:\\\/\\\/anoticiaonline.com.br\\\/site\\\/escola-movel-do-sesisenai-tem-vagas-para-13-cursos-gratuitos\\\/#organizationLogo\"}},{\"@type\":\"Person\",\"@id\":\"https:\\\/\\\/anoticiaonline.com.br\\\/site\\\/author\\\/juliana\\\/#author\",\"url\":\"https:\\\/\\\/anoticiaonline.com.br\\\/site\\\/author\\\/juliana\\\/\",\"name\":\"Juliana Laviola\",\"image\":{\"@type\":\"ImageObject\",\"@id\":\"https:\\\/\\\/anoticiaonline.com.br\\\/site\\\/escola-movel-do-sesisenai-tem-vagas-para-13-cursos-gratuitos\\\/#authorImage\",\"url\":\"https:\\\/\\\/secure.gravatar.com\\\/avatar\\\/b8d45f5c699b100dfaf0e543582f38f38bf94cb7ae3a5e9abf8d891a34773335?s=96&d=mm&r=g\",\"width\":96,\"height\":96,\"caption\":\"Juliana Laviola\"}},{\"@type\":\"WebPage\",\"@id\":\"https:\\\/\\\/anoticiaonline.com.br\\\/site\\\/escola-movel-do-sesisenai-tem-vagas-para-13-cursos-gratuitos\\\/#webpage\",\"url\":\"https:\\\/\\\/anoticiaonline.com.br\\\/site\\\/escola-movel-do-sesisenai-tem-vagas-para-13-cursos-gratuitos\\\/\",\"name\":\"Escola M\\u00f3vel do SESI\\\/SENAI tem vagas para 13 cursos gratuitos - A Not\\u00edcia Online\",\"description\":\"A Escola M\\u00f3vel do SESI\\\/SENAI est\\u00e1 chegando a Muria\\u00e9. Em parceria com a Secretaria Municipal de Desenvolvimento Econ\\u00f4mico e Rela\\u00e7\\u00f5es Institucionais, de 7 de mar\\u00e7o a 5 de abril ser\\u00e3o oferecidas 532 vagas para 13 cursos profissionalizantes totalmente gratuitos, na tenda que ser\\u00e1 montada atr\\u00e1s do supermercado Sales. As inscri\\u00e7\\u00f5es j\\u00e1 est\\u00e3o abertas e podem\",\"inLanguage\":\"pt-BR\",\"isPartOf\":{\"@id\":\"https:\\\/\\\/anoticiaonline.com.br\\\/site\\\/#website\"},\"breadcrumb\":{\"@id\":\"https:\\\/\\\/anoticiaonline.com.br\\\/site\\\/escola-movel-do-sesisenai-tem-vagas-para-13-cursos-gratuitos\\\/#breadcrumblist\"},\"author\":{\"@id\":\"https:\\\/\\\/anoticiaonline.com.br\\\/site\\\/author\\\/juliana\\\/#author\"},\"creator\":{\"@id\":\"https:\\\/\\\/anoticiaonline.com.br\\\/site\\\/author\\\/juliana\\\/#author\"},\"image\":{\"@type\":\"ImageObject\",\"url\":\"https:\\\/\\\/anoticiaonline.com.br\\\/site\\\/wp-content\\\/uploads\\\/2017\\\/02\\\/20170203163007_169.jpg\",\"@id\":\"https:\\\/\\\/anoticiaonline.com.br\\\/site\\\/escola-movel-do-sesisenai-tem-vagas-para-13-cursos-gratuitos\\\/#mainImage\",\"width\":640,\"height\":480,\"caption\":\"Foto: Divulga\\u00e7\\u00e3o SESI\\\/SENAI\"},\"primaryImageOfPage\":{\"@id\":\"https:\\\/\\\/anoticiaonline.com.br\\\/site\\\/escola-movel-do-sesisenai-tem-vagas-para-13-cursos-gratuitos\\\/#mainImage\"},\"datePublished\":\"2017-02-07T15:01:41-03:00\",\"dateModified\":\"2017-02-07T15:01:41-03:00\"},{\"@type\":\"WebSite\",\"@id\":\"https:\\\/\\\/anoticiaonline.com.br\\\/site\\\/#website\",\"url\":\"https:\\\/\\\/anoticiaonline.com.br\\\/site\\\/\",\"name\":\"A Not\\u00edcia Online\",\"description\":\"Noticias de Muria\\u00e9 e regi\\u00e3o\",\"inLanguage\":\"pt-BR\",\"publisher\":{\"@id\":\"https:\\\/\\\/anoticiaonline.com.br\\\/site\\\/#organization\"}}]}\n\t\t<\/script>\n\t\t<!-- All in One SEO -->\n\n","aioseo_head_json":{"title":"Escola M\u00f3vel do SESI\/SENAI tem vagas para 13 cursos gratuitos - A Not\u00edcia Online","description":"A Escola M\u00f3vel do SESI\/SENAI est\u00e1 chegando a Muria\u00e9. Em parceria com a Secretaria Municipal de Desenvolvimento Econ\u00f4mico e Rela\u00e7\u00f5es Institucionais, de 7 de mar\u00e7o a 5 de abril ser\u00e3o oferecidas 532 vagas para 13 cursos profissionalizantes totalmente gratuitos, na tenda que ser\u00e1 montada atr\u00e1s do supermercado Sales. As inscri\u00e7\u00f5es j\u00e1 est\u00e3o abertas e podem","canonical_url":"https:\/\/anoticiaonline.com.br\/site\/escola-movel-do-sesisenai-tem-vagas-para-13-cursos-gratuitos\/","robots":"max-image-preview:large","keywords":"","webmasterTools":{"miscellaneous":""},"schema":{"@context":"https:\/\/schema.org","@graph":[{"@type":"BlogPosting","@id":"https:\/\/anoticiaonline.com.br\/site\/escola-movel-do-sesisenai-tem-vagas-para-13-cursos-gratuitos\/#blogposting","name":"Escola M\u00f3vel do SESI\/SENAI tem vagas para 13 cursos gratuitos - A Not\u00edcia Online","headline":"Escola M\u00f3vel do SESI\/SENAI tem vagas para 13 cursos gratuitos","author":{"@id":"https:\/\/anoticiaonline.com.br\/site\/author\/juliana\/#author"},"publisher":{"@id":"https:\/\/anoticiaonline.com.br\/site\/#organization"},"image":{"@type":"ImageObject","url":"https:\/\/anoticiaonline.com.br\/site\/wp-content\/uploads\/2017\/02\/20170203163007_169.jpg","width":640,"height":480,"caption":"Foto: Divulga\u00e7\u00e3o SESI\/SENAI"},"datePublished":"2017-02-07T15:01:41-03:00","dateModified":"2017-02-07T15:01:41-03:00","inLanguage":"pt-BR","mainEntityOfPage":{"@id":"https:\/\/anoticiaonline.com.br\/site\/escola-movel-do-sesisenai-tem-vagas-para-13-cursos-gratuitos\/#webpage"},"isPartOf":{"@id":"https:\/\/anoticiaonline.com.br\/site\/escola-movel-do-sesisenai-tem-vagas-para-13-cursos-gratuitos\/#webpage"},"articleSection":"Blog, slide"},{"@type":"BreadcrumbList","@id":"https:\/\/anoticiaonline.com.br\/site\/escola-movel-do-sesisenai-tem-vagas-para-13-cursos-gratuitos\/#breadcrumblist","itemListElement":[{"@type":"ListItem","@id":"https:\/\/anoticiaonline.com.br\/site#listItem","position":1,"name":"Home","item":"https:\/\/anoticiaonline.com.br\/site","nextItem":{"@type":"ListItem","@id":"https:\/\/anoticiaonline.com.br\/site\/categoria\/muriae\/#listItem","name":"Blog"}},{"@type":"ListItem","@id":"https:\/\/anoticiaonline.com.br\/site\/categoria\/muriae\/#listItem","position":2,"name":"Blog","item":"https:\/\/anoticiaonline.com.br\/site\/categoria\/muriae\/","nextItem":{"@type":"ListItem","@id":"https:\/\/anoticiaonline.com.br\/site\/escola-movel-do-sesisenai-tem-vagas-para-13-cursos-gratuitos\/#listItem","name":"Escola M\u00f3vel do SESI\/SENAI tem vagas para 13 cursos gratuitos"},"previousItem":{"@type":"ListItem","@id":"https:\/\/anoticiaonline.com.br\/site#listItem","name":"Home"}},{"@type":"ListItem","@id":"https:\/\/anoticiaonline.com.br\/site\/escola-movel-do-sesisenai-tem-vagas-para-13-cursos-gratuitos\/#listItem","position":3,"name":"Escola M\u00f3vel do SESI\/SENAI tem vagas para 13 cursos gratuitos","previousItem":{"@type":"ListItem","@id":"https:\/\/anoticiaonline.com.br\/site\/categoria\/muriae\/#listItem","name":"Blog"}}]},{"@type":"Organization","@id":"https:\/\/anoticiaonline.com.br\/site\/#organization","name":"A Not\u00edcia Online","description":"Noticias de Muria\u00e9 e regi\u00e3o","url":"https:\/\/anoticiaonline.com.br\/site\/","logo":{"@type":"ImageObject","url":"https:\/\/scontent-gig4-1.xx.fbcdn.net\/v\/t39.30808-1\/270437624_4564083193639691_6907940295614233970_n.jpg?stp=dst-jpg_s200x200_tt6&_nc_cat=111&ccb=1-7&_nc_sid=f907e8&_nc_ohc=SM1wRlP3lJwQ7kNvwEPuBYA&_nc_oc=AdnqrjDN_BNjSSHWO-GbkIWH6fkGMLw4bqvL_NH6e2wMveX7G-rP2dAqsDSq1mJMOaY&_nc_zt=24&_nc_ht=scontent-gig4-1.xx&_nc_gid=AoBFJeGrT1hVaew_6rchkQ&oh=00_AfX7QmFGhQhG2jAllVgXCiM1ZrWgvtp80-Bfppyexh1QEg&oe=689E923C","@id":"https:\/\/anoticiaonline.com.br\/site\/escola-movel-do-sesisenai-tem-vagas-para-13-cursos-gratuitos\/#organizationLogo"},"image":{"@id":"https:\/\/anoticiaonline.com.br\/site\/escola-movel-do-sesisenai-tem-vagas-para-13-cursos-gratuitos\/#organizationLogo"}},{"@type":"Person","@id":"https:\/\/anoticiaonline.com.br\/site\/author\/juliana\/#author","url":"https:\/\/anoticiaonline.com.br\/site\/author\/juliana\/","name":"Juliana Laviola","image":{"@type":"ImageObject","@id":"https:\/\/anoticiaonline.com.br\/site\/escola-movel-do-sesisenai-tem-vagas-para-13-cursos-gratuitos\/#authorImage","url":"https:\/\/secure.gravatar.com\/avatar\/b8d45f5c699b100dfaf0e543582f38f38bf94cb7ae3a5e9abf8d891a34773335?s=96&d=mm&r=g","width":96,"height":96,"caption":"Juliana Laviola"}},{"@type":"WebPage","@id":"https:\/\/anoticiaonline.com.br\/site\/escola-movel-do-sesisenai-tem-vagas-para-13-cursos-gratuitos\/#webpage","url":"https:\/\/anoticiaonline.com.br\/site\/escola-movel-do-sesisenai-tem-vagas-para-13-cursos-gratuitos\/","name":"Escola M\u00f3vel do SESI\/SENAI tem vagas para 13 cursos gratuitos - A Not\u00edcia Online","description":"A Escola M\u00f3vel do SESI\/SENAI est\u00e1 chegando a Muria\u00e9. Em parceria com a Secretaria Municipal de Desenvolvimento Econ\u00f4mico e Rela\u00e7\u00f5es Institucionais, de 7 de mar\u00e7o a 5 de abril ser\u00e3o oferecidas 532 vagas para 13 cursos profissionalizantes totalmente gratuitos, na tenda que ser\u00e1 montada atr\u00e1s do supermercado Sales. As inscri\u00e7\u00f5es j\u00e1 est\u00e3o abertas e podem","inLanguage":"pt-BR","isPartOf":{"@id":"https:\/\/anoticiaonline.com.br\/site\/#website"},"breadcrumb":{"@id":"https:\/\/anoticiaonline.com.br\/site\/escola-movel-do-sesisenai-tem-vagas-para-13-cursos-gratuitos\/#breadcrumblist"},"author":{"@id":"https:\/\/anoticiaonline.com.br\/site\/author\/juliana\/#author"},"creator":{"@id":"https:\/\/anoticiaonline.com.br\/site\/author\/juliana\/#author"},"image":{"@type":"ImageObject","url":"https:\/\/anoticiaonline.com.br\/site\/wp-content\/uploads\/2017\/02\/20170203163007_169.jpg","@id":"https:\/\/anoticiaonline.com.br\/site\/escola-movel-do-sesisenai-tem-vagas-para-13-cursos-gratuitos\/#mainImage","width":640,"height":480,"caption":"Foto: Divulga\u00e7\u00e3o SESI\/SENAI"},"primaryImageOfPage":{"@id":"https:\/\/anoticiaonline.com.br\/site\/escola-movel-do-sesisenai-tem-vagas-para-13-cursos-gratuitos\/#mainImage"},"datePublished":"2017-02-07T15:01:41-03:00","dateModified":"2017-02-07T15:01:41-03:00"},{"@type":"WebSite","@id":"https:\/\/anoticiaonline.com.br\/site\/#website","url":"https:\/\/anoticiaonline.com.br\/site\/","name":"A Not\u00edcia Online","description":"Noticias de Muria\u00e9 e regi\u00e3o","inLanguage":"pt-BR","publisher":{"@id":"https:\/\/anoticiaonline.com.br\/site\/#organization"}}]},"og:locale":"pt_BR","og:site_name":"A Not\u00edcia Online - Noticias de Muria\u00e9 e regi\u00e3o","og:type":"article","og:title":"Escola M\u00f3vel do SESI\/SENAI tem vagas para 13 cursos gratuitos - A Not\u00edcia Online","og:description":"A Escola M\u00f3vel do SESI\/SENAI est\u00e1 chegando a Muria\u00e9. Em parceria com a Secretaria Municipal de Desenvolvimento Econ\u00f4mico e Rela\u00e7\u00f5es Institucionais, de 7 de mar\u00e7o a 5 de abril ser\u00e3o oferecidas 532 vagas para 13 cursos profissionalizantes totalmente gratuitos, na tenda que ser\u00e1 montada atr\u00e1s do supermercado Sales. As inscri\u00e7\u00f5es j\u00e1 est\u00e3o abertas e podem","og:url":"https:\/\/anoticiaonline.com.br\/site\/escola-movel-do-sesisenai-tem-vagas-para-13-cursos-gratuitos\/","og:image":"https:\/\/scontent-gig4-1.xx.fbcdn.net\/v\/t39.30808-1\/270437624_4564083193639691_6907940295614233970_n.jpg?stp=dst-jpg_s200x200_tt6&#038;_nc_cat=111&#038;ccb=1-7&#038;_nc_sid=f907e8&#038;_nc_ohc=SM1wRlP3lJwQ7kNvwEPuBYA&#038;_nc_oc=AdnqrjDN_BNjSSHWO-GbkIWH6fkGMLw4bqvL_NH6e2wMveX7G-rP2dAqsDSq1mJMOaY&#038;_nc_zt=24&#038;_nc_ht=scontent-gig4-1.xx&#038;_nc_gid=AoBFJeGrT1hVaew_6rchkQ&#038;oh=00_AfX7QmFGhQhG2jAllVgXCiM1ZrWgvtp80-Bfppyexh1QEg&#038;oe=689E923C","og:image:secure_url":"https:\/\/scontent-gig4-1.xx.fbcdn.net\/v\/t39.30808-1\/270437624_4564083193639691_6907940295614233970_n.jpg?stp=dst-jpg_s200x200_tt6&#038;_nc_cat=111&#038;ccb=1-7&#038;_nc_sid=f907e8&#038;_nc_ohc=SM1wRlP3lJwQ7kNvwEPuBYA&#038;_nc_oc=AdnqrjDN_BNjSSHWO-GbkIWH6fkGMLw4bqvL_NH6e2wMveX7G-rP2dAqsDSq1mJMOaY&#038;_nc_zt=24&#038;_nc_ht=scontent-gig4-1.xx&#038;_nc_gid=AoBFJeGrT1hVaew_6rchkQ&#038;oh=00_AfX7QmFGhQhG2jAllVgXCiM1ZrWgvtp80-Bfppyexh1QEg&#038;oe=689E923C","article:published_time":"2017-02-07T18:01:41+00:00","article:modified_time":"2017-02-07T18:01:41+00:00","twitter:card":"summary_large_image","twitter:title":"Escola M\u00f3vel do SESI\/SENAI tem vagas para 13 cursos gratuitos - A Not\u00edcia Online","twitter:description":"A Escola M\u00f3vel do SESI\/SENAI est\u00e1 chegando a Muria\u00e9. Em parceria com a Secretaria Municipal de Desenvolvimento Econ\u00f4mico e Rela\u00e7\u00f5es Institucionais, de 7 de mar\u00e7o a 5 de abril ser\u00e3o oferecidas 532 vagas para 13 cursos profissionalizantes totalmente gratuitos, na tenda que ser\u00e1 montada atr\u00e1s do supermercado Sales. As inscri\u00e7\u00f5es j\u00e1 est\u00e3o abertas e podem","twitter:image":"https:\/\/scontent-gig4-1.xx.fbcdn.net\/v\/t39.30808-1\/270437624_4564083193639691_6907940295614233970_n.jpg?stp=dst-jpg_s200x200_tt6&_nc_cat=111&ccb=1-7&_nc_sid=f907e8&_nc_ohc=SM1wRlP3lJwQ7kNvwEPuBYA&_nc_oc=AdnqrjDN_BNjSSHWO-GbkIWH6fkGMLw4bqvL_NH6e2wMveX7G-rP2dAqsDSq1mJMOaY&_nc_zt=24&_nc_ht=scontent-gig4-1.xx&_nc_gid=AoBFJeGrT1hVaew_6rchkQ&oh=00_AfX7QmFGhQhG2jAllVgXCiM1ZrWgvtp80-Bfppyexh1QEg&oe=689E923C"},"aioseo_meta_data":{"post_id":"24171","title":null,"description":null,"keywords":null,"keyphrases":null,"primary_term":null,"canonical_url":null,"og_title":null,"og_description":null,"og_object_type":"default","og_image_type":"default","og_image_url":null,"og_image_width":null,"og_image_height":null,"og_image_custom_url":null,"og_image_custom_fields":null,"og_video":null,"og_custom_url":null,"og_article_section":null,"og_article_tags":null,"twitter_use_og":false,"twitter_card":"default","twitter_image_type":"default","twitter_image_url":null,"twitter_image_custom_url":null,"twitter_image_custom_fields":null,"twitter_title":null,"twitter_description":null,"schema":{"blockGraphs":[],"customGraphs":[],"default":{"data":{"Article":[],"Course":[],"Dataset":[],"FAQPage":[],"Movie":[],"Person":[],"Product":[],"ProductReview":[],"Car":[],"Recipe":[],"Service":[],"SoftwareApplication":[],"WebPage":[]},"graphName":"","isEnabled":true},"graphs":[]},"schema_type":"default","schema_type_options":null,"pillar_content":false,"robots_default":true,"robots_noindex":false,"robots_noarchive":false,"robots_nosnippet":false,"robots_nofollow":false,"robots_noimageindex":false,"robots_noodp":false,"robots_notranslate":false,"robots_max_snippet":null,"robots_max_videopreview":null,"robots_max_imagepreview":"large","priority":null,"frequency":null,"local_seo":null,"breadcrumb_settings":null,"limit_modified_date":false,"ai":null,"created":"2025-08-16 17:32:54","updated":"2025-08-16 17:32:54","focus_keyword":null,"additional_keywords":null,"truseo_locale":null,"seo_analyzer_scan_date":null},"aioseo_breadcrumb":"<div class=\"aioseo-breadcrumbs\"><span class=\"aioseo-breadcrumb\">\n\t\t\t<a href=\"https:\/\/anoticiaonline.com.br\/site\" title=\"Home\">Home<\/a>\n\t\t<\/span><span class=\"aioseo-breadcrumb-separator\">&raquo;<\/span><span class=\"aioseo-breadcrumb\">\n\t\t\t<a href=\"https:\/\/anoticiaonline.com.br\/site\/categoria\/muriae\/\" title=\"Blog\">Blog<\/a>\n\t\t<\/span><span class=\"aioseo-breadcrumb-separator\">&raquo;<\/span><span class=\"aioseo-breadcrumb\">\n\t\t\tEscola M\u00f3vel do SESI\/SENAI tem vagas para 13 cursos gratuitos\n\t\t<\/span><\/div>","aioseo_breadcrumb_json":[{"label":"Home","link":"https:\/\/anoticiaonline.com.br\/site"},{"label":"Blog","link":"https:\/\/anoticiaonline.com.br\/site\/categoria\/muriae\/"},{"label":"Escola M\u00f3vel do SESI\/SENAI tem vagas para 13 cursos gratuitos","link":"https:\/\/anoticiaonline.com.br\/site\/escola-movel-do-sesisenai-tem-vagas-para-13-cursos-gratuitos\/"}],"views":148,"_links":{"self":[{"href":"https:\/\/anoticiaonline.com.br\/site\/wp-json\/wp\/v2\/posts\/24171","targetHints":{"allow":["GET"]}}],"collection":[{"href":"https:\/\/anoticiaonline.com.br\/site\/wp-json\/wp\/v2\/posts"}],"about":[{"href":"https:\/\/anoticiaonline.com.br\/site\/wp-json\/wp\/v2\/types\/post"}],"author":[{"embeddable":true,"href":"https:\/\/anoticiaonline.com.br\/site\/wp-json\/wp\/v2\/users\/2"}],"replies":[{"embeddable":true,"href":"https:\/\/anoticiaonline.com.br\/site\/wp-json\/wp\/v2\/comments?post=24171"}],"version-history":[{"count":0,"href":"https:\/\/anoticiaonline.com.br\/site\/wp-json\/wp\/v2\/posts\/24171\/revisions"}],"wp:featuredmedia":[{"embeddable":true,"href":"https:\/\/anoticiaonline.com.br\/site\/wp-json\/wp\/v2\/media\/24172"}],"wp:attachment":[{"href":"https:\/\/anoticiaonline.com.br\/site\/wp-json\/wp\/v2\/media?parent=24171"}],"wp:term":[{"taxonomy":"category","embeddable":true,"href":"https:\/\/anoticiaonline.com.br\/site\/wp-json\/wp\/v2\/categories?post=24171"},{"taxonomy":"post_tag","embeddable":true,"href":"https:\/\/anoticiaonline.com.br\/site\/wp-json\/wp\/v2\/tags?post=24171"}],"curies":[{"name":"wp","href":"https:\/\/api.w.org\/{rel}","templated":true}]}}