{"id":24048,"date":"2017-02-02T16:06:29","date_gmt":"2017-02-02T19:06:29","guid":{"rendered":"http:\/\/anoticiaonline.com.br\/site\/?p=24048"},"modified":"2017-02-02T18:37:41","modified_gmt":"2017-02-02T21:37:41","slug":"linha-de-onibus-para-o-bairro-joao-vi-volta-a-funcionar-em-carater-experimental","status":"publish","type":"post","link":"https:\/\/anoticiaonline.com.br\/site\/linha-de-onibus-para-o-bairro-joao-vi-volta-a-funcionar-em-carater-experimental\/","title":{"rendered":"Linha de \u00f4nibus para o bairro Jo\u00e3o VI volta a funcionar em car\u00e1ter experimental"},"content":{"rendered":"<figure id=\"attachment_20255\" aria-describedby=\"caption-attachment-20255\" style=\"width: 290px\" class=\"wp-caption alignleft\"><a href=\"https:\/\/anoticiaonline.com.br\/site\/wp-content\/uploads\/2016\/10\/\u00f4nibus-coletivos.jpg\"><img fetchpriority=\"high\" decoding=\"async\" class=\"size-medium wp-image-20255\" src=\"https:\/\/anoticiaonline.com.br\/site\/wp-content\/uploads\/2016\/10\/\u00f4nibus-coletivos-300x213.jpg\" alt=\"Foto: Arquivo A NOT\u00cdCIA\" width=\"300\" height=\"213\" srcset=\"https:\/\/anoticiaonline.com.br\/site\/wp-content\/uploads\/2016\/10\/\u00f4nibus-coletivos-300x213.jpg 300w, https:\/\/anoticiaonline.com.br\/site\/wp-content\/uploads\/2016\/10\/\u00f4nibus-coletivos.jpg 640w\" sizes=\"(max-width: 300px) 100vw, 300px\" \/><\/a><figcaption id=\"caption-attachment-20255\" class=\"wp-caption-text\">Foto: Arquivo A NOT\u00cdCIA<\/figcaption><\/figure>\n<p>A partir de segunda-feira (6), a linha de \u00f4nibus do bairro Jo\u00e3o VI volta a funcionar em car\u00e1ter experimental. O funcionamento ser\u00e1 verificado e acompanhado pelo Demuttran, com o objetivo de avaliar a viabilidade de manuten\u00e7\u00e3o da rota, que tamb\u00e9m passar\u00e1 por ruas do Centro, da Barra, do Safira e do Jo\u00e3o XXIII.<\/p>\n<p>Nesta fase, a linha ter\u00e1 apenas tr\u00eas hor\u00e1rios de ida e volta, que foram implantados para atender estudantes e trabalhadores residentes no bairro e em seus arredores &#8211; pela manh\u00e3, com sa\u00edda do Jo\u00e3o VI \u00e0s 6h30min e retorno partindo do Centro \u00e0s 7h; na hora do almo\u00e7o, saindo do Centro \u00e0s 11h30min e retornando \u00e0s 12h; e, no fim da tarde, com origem tamb\u00e9m no Centro \u00e0s 17h, voltando do Jo\u00e3o VI \u00e0s 17h30min.<\/p>\n<p>O itiner\u00e1rio do trajeto Centro &#8211; Jo\u00e3o VI passa pelas ruas Coronel Marciano Rodrigues, Avenida JK, Avenida Doutor Passos, Coronel Monteiro de Castro, Oswaldo Cruz, Benedito Valadares, Tiradentes, S\u00e3o Vicente, Sime\u00e3o F\u00e9res, Avenida Silv\u00e9rio Campos, Jos\u00e9 M\u00e1ximo Ribeiro, Judith Pompei e Alameda das Ac\u00e1cias.<\/p>\n<p>O retorno do bairro para a regi\u00e3o central come\u00e7a na mesma Alameda das Ac\u00e1cias, passando ainda pelas ruas Judith Pompei, Jos\u00e9 M\u00e1ximo Ribeiro, Avenida Silv\u00e9rio Campos, Sime\u00e3o F\u00e9res, Tiradentes, Get\u00falio Vargas, Avenida Constantino Pinto, Coronel Domiciano, Desembargador Can\u00eado, Pra\u00e7a S\u00e3o Paulo, S\u00e3o Pedro, Doutor Silveira Brum e Coronel Marciano Rodrigues.<\/p>\n","protected":false},"excerpt":{"rendered":"<p>A partir de segunda-feira (6), a linha de \u00f4nibus do bairro Jo\u00e3o VI volta a funcionar em car\u00e1ter experimental. O funcionamento ser\u00e1 verificado e acompanhado pelo Demuttran, com o objetivo de avaliar a viabilidade de manuten\u00e7\u00e3o da rota, que tamb\u00e9m passar\u00e1 por ruas do Centro, da Barra, do Safira e do Jo\u00e3o XXIII. Nesta fase, &#8230; <a title=\"Linha de \u00f4nibus para o bairro Jo\u00e3o VI volta a funcionar em car\u00e1ter experimental\" class=\"read-more\" href=\"https:\/\/anoticiaonline.com.br\/site\/linha-de-onibus-para-o-bairro-joao-vi-volta-a-funcionar-em-carater-experimental\/\" aria-label=\"Read more about Linha de \u00f4nibus para o bairro Jo\u00e3o VI volta a funcionar em car\u00e1ter experimental\">Ler mais<\/a><\/p>\n","protected":false},"author":2,"featured_media":20255,"comment_status":"open","ping_status":"open","sticky":false,"template":"","format":"standard","meta":{"_acf_changed":false,"_monsterinsights_skip_tracking":false,"footnotes":""},"categories":[30],"tags":[3],"class_list":["post-24048","post","type-post","status-publish","format-standard","has-post-thumbnail","hentry","category-muriae","tag-slide"],"acf":[],"aioseo_notices":[],"aioseo_head":"\n\t\t<!-- All in One SEO 5.0.0.1 - aioseo.com -->\n\t<meta name=\"description\" content=\"A partir de segunda-feira (6), a linha de \u00f4nibus do bairro Jo\u00e3o VI volta a funcionar em car\u00e1ter experimental. O funcionamento ser\u00e1 verificado e acompanhado pelo Demuttran, com o objetivo de avaliar a viabilidade de manuten\u00e7\u00e3o da rota, que tamb\u00e9m passar\u00e1 por ruas do Centro, da Barra, do Safira e do Jo\u00e3o XXIII. Nesta fase,\" \/>\n\t<meta name=\"robots\" content=\"max-image-preview:large\" \/>\n\t<meta name=\"author\" content=\"Juliana Laviola\"\/>\n\t<link rel=\"canonical\" href=\"https:\/\/anoticiaonline.com.br\/site\/linha-de-onibus-para-o-bairro-joao-vi-volta-a-funcionar-em-carater-experimental\/\" \/>\n\t<meta name=\"generator\" content=\"All in One SEO (AIOSEO) 5.0.0.1\" \/>\n\t\t<meta property=\"og:locale\" content=\"pt_BR\" \/>\n\t\t<meta property=\"og:site_name\" content=\"A Not\u00edcia Online - Noticias de Muria\u00e9 e regi\u00e3o\" \/>\n\t\t<meta property=\"og:type\" content=\"article\" \/>\n\t\t<meta property=\"og:title\" content=\"Linha de \u00f4nibus para o bairro Jo\u00e3o VI volta a funcionar em car\u00e1ter experimental - A Not\u00edcia Online\" \/>\n\t\t<meta property=\"og:description\" content=\"A partir de segunda-feira (6), a linha de \u00f4nibus do bairro Jo\u00e3o VI volta a funcionar em car\u00e1ter experimental. O funcionamento ser\u00e1 verificado e acompanhado pelo Demuttran, com o objetivo de avaliar a viabilidade de manuten\u00e7\u00e3o da rota, que tamb\u00e9m passar\u00e1 por ruas do Centro, da Barra, do Safira e do Jo\u00e3o XXIII. Nesta fase,\" \/>\n\t\t<meta property=\"og:url\" content=\"https:\/\/anoticiaonline.com.br\/site\/linha-de-onibus-para-o-bairro-joao-vi-volta-a-funcionar-em-carater-experimental\/\" \/>\n\t\t<meta property=\"og:image\" content=\"https:\/\/scontent-gig4-1.xx.fbcdn.net\/v\/t39.30808-1\/270437624_4564083193639691_6907940295614233970_n.jpg?stp=dst-jpg_s200x200_tt6&#038;_nc_cat=111&#038;ccb=1-7&#038;_nc_sid=f907e8&#038;_nc_ohc=SM1wRlP3lJwQ7kNvwEPuBYA&#038;_nc_oc=AdnqrjDN_BNjSSHWO-GbkIWH6fkGMLw4bqvL_NH6e2wMveX7G-rP2dAqsDSq1mJMOaY&#038;_nc_zt=24&#038;_nc_ht=scontent-gig4-1.xx&#038;_nc_gid=AoBFJeGrT1hVaew_6rchkQ&#038;oh=00_AfX7QmFGhQhG2jAllVgXCiM1ZrWgvtp80-Bfppyexh1QEg&#038;oe=689E923C\" \/>\n\t\t<meta property=\"og:image:secure_url\" content=\"https:\/\/scontent-gig4-1.xx.fbcdn.net\/v\/t39.30808-1\/270437624_4564083193639691_6907940295614233970_n.jpg?stp=dst-jpg_s200x200_tt6&#038;_nc_cat=111&#038;ccb=1-7&#038;_nc_sid=f907e8&#038;_nc_ohc=SM1wRlP3lJwQ7kNvwEPuBYA&#038;_nc_oc=AdnqrjDN_BNjSSHWO-GbkIWH6fkGMLw4bqvL_NH6e2wMveX7G-rP2dAqsDSq1mJMOaY&#038;_nc_zt=24&#038;_nc_ht=scontent-gig4-1.xx&#038;_nc_gid=AoBFJeGrT1hVaew_6rchkQ&#038;oh=00_AfX7QmFGhQhG2jAllVgXCiM1ZrWgvtp80-Bfppyexh1QEg&#038;oe=689E923C\" \/>\n\t\t<meta property=\"article:published_time\" content=\"2017-02-02T19:06:29+00:00\" \/>\n\t\t<meta property=\"article:modified_time\" content=\"2017-02-02T21:37:41+00:00\" \/>\n\t\t<meta name=\"twitter:card\" content=\"summary_large_image\" \/>\n\t\t<meta name=\"twitter:title\" content=\"Linha de \u00f4nibus para o bairro Jo\u00e3o VI volta a funcionar em car\u00e1ter experimental - A Not\u00edcia Online\" \/>\n\t\t<meta name=\"twitter:description\" content=\"A partir de segunda-feira (6), a linha de \u00f4nibus do bairro Jo\u00e3o VI volta a funcionar em car\u00e1ter experimental. O funcionamento ser\u00e1 verificado e acompanhado pelo Demuttran, com o objetivo de avaliar a viabilidade de manuten\u00e7\u00e3o da rota, que tamb\u00e9m passar\u00e1 por ruas do Centro, da Barra, do Safira e do Jo\u00e3o XXIII. Nesta fase,\" \/>\n\t\t<meta name=\"twitter:image\" content=\"https:\/\/scontent-gig4-1.xx.fbcdn.net\/v\/t39.30808-1\/270437624_4564083193639691_6907940295614233970_n.jpg?stp=dst-jpg_s200x200_tt6&amp;_nc_cat=111&amp;ccb=1-7&amp;_nc_sid=f907e8&amp;_nc_ohc=SM1wRlP3lJwQ7kNvwEPuBYA&amp;_nc_oc=AdnqrjDN_BNjSSHWO-GbkIWH6fkGMLw4bqvL_NH6e2wMveX7G-rP2dAqsDSq1mJMOaY&amp;_nc_zt=24&amp;_nc_ht=scontent-gig4-1.xx&amp;_nc_gid=AoBFJeGrT1hVaew_6rchkQ&amp;oh=00_AfX7QmFGhQhG2jAllVgXCiM1ZrWgvtp80-Bfppyexh1QEg&amp;oe=689E923C\" \/>\n\t\t<script type=\"application\/ld+json\" class=\"aioseo-schema\">\n\t\t\t{\"@context\":\"https:\\\/\\\/schema.org\",\"@graph\":[{\"@type\":\"BlogPosting\",\"@id\":\"https:\\\/\\\/anoticiaonline.com.br\\\/site\\\/linha-de-onibus-para-o-bairro-joao-vi-volta-a-funcionar-em-carater-experimental\\\/#blogposting\",\"name\":\"Linha de \\u00f4nibus para o bairro Jo\\u00e3o VI volta a funcionar em car\\u00e1ter experimental - A Not\\u00edcia Online\",\"headline\":\"Linha de \\u00f4nibus para o bairro Jo\\u00e3o VI volta a funcionar em car\\u00e1ter experimental\",\"author\":{\"@id\":\"https:\\\/\\\/anoticiaonline.com.br\\\/site\\\/author\\\/juliana\\\/#author\"},\"publisher\":{\"@id\":\"https:\\\/\\\/anoticiaonline.com.br\\\/site\\\/#organization\"},\"image\":{\"@type\":\"ImageObject\",\"url\":\"https:\\\/\\\/anoticiaonline.com.br\\\/site\\\/wp-content\\\/uploads\\\/2016\\\/10\\\/\\u00f4nibus-coletivos.jpg\",\"width\":640,\"height\":454,\"caption\":\"Foto: Arquivo A NOT\\u00cdCIA\"},\"datePublished\":\"2017-02-02T16:06:29-03:00\",\"dateModified\":\"2017-02-02T18:37:41-03:00\",\"inLanguage\":\"pt-BR\",\"mainEntityOfPage\":{\"@id\":\"https:\\\/\\\/anoticiaonline.com.br\\\/site\\\/linha-de-onibus-para-o-bairro-joao-vi-volta-a-funcionar-em-carater-experimental\\\/#webpage\"},\"isPartOf\":{\"@id\":\"https:\\\/\\\/anoticiaonline.com.br\\\/site\\\/linha-de-onibus-para-o-bairro-joao-vi-volta-a-funcionar-em-carater-experimental\\\/#webpage\"},\"articleSection\":\"Blog, slide\"},{\"@type\":\"BreadcrumbList\",\"@id\":\"https:\\\/\\\/anoticiaonline.com.br\\\/site\\\/linha-de-onibus-para-o-bairro-joao-vi-volta-a-funcionar-em-carater-experimental\\\/#breadcrumblist\",\"itemListElement\":[{\"@type\":\"ListItem\",\"@id\":\"https:\\\/\\\/anoticiaonline.com.br\\\/site#listItem\",\"position\":1,\"name\":\"Home\",\"item\":\"https:\\\/\\\/anoticiaonline.com.br\\\/site\",\"nextItem\":{\"@type\":\"ListItem\",\"@id\":\"https:\\\/\\\/anoticiaonline.com.br\\\/site\\\/categoria\\\/muriae\\\/#listItem\",\"name\":\"Blog\"}},{\"@type\":\"ListItem\",\"@id\":\"https:\\\/\\\/anoticiaonline.com.br\\\/site\\\/categoria\\\/muriae\\\/#listItem\",\"position\":2,\"name\":\"Blog\",\"item\":\"https:\\\/\\\/anoticiaonline.com.br\\\/site\\\/categoria\\\/muriae\\\/\",\"nextItem\":{\"@type\":\"ListItem\",\"@id\":\"https:\\\/\\\/anoticiaonline.com.br\\\/site\\\/linha-de-onibus-para-o-bairro-joao-vi-volta-a-funcionar-em-carater-experimental\\\/#listItem\",\"name\":\"Linha de \\u00f4nibus para o bairro Jo\\u00e3o VI volta a funcionar em car\\u00e1ter experimental\"},\"previousItem\":{\"@type\":\"ListItem\",\"@id\":\"https:\\\/\\\/anoticiaonline.com.br\\\/site#listItem\",\"name\":\"Home\"}},{\"@type\":\"ListItem\",\"@id\":\"https:\\\/\\\/anoticiaonline.com.br\\\/site\\\/linha-de-onibus-para-o-bairro-joao-vi-volta-a-funcionar-em-carater-experimental\\\/#listItem\",\"position\":3,\"name\":\"Linha de \\u00f4nibus para o bairro Jo\\u00e3o VI volta a funcionar em car\\u00e1ter experimental\",\"previousItem\":{\"@type\":\"ListItem\",\"@id\":\"https:\\\/\\\/anoticiaonline.com.br\\\/site\\\/categoria\\\/muriae\\\/#listItem\",\"name\":\"Blog\"}}]},{\"@type\":\"Organization\",\"@id\":\"https:\\\/\\\/anoticiaonline.com.br\\\/site\\\/#organization\",\"name\":\"A Not\\u00edcia Online\",\"description\":\"Noticias de Muria\\u00e9 e regi\\u00e3o\",\"url\":\"https:\\\/\\\/anoticiaonline.com.br\\\/site\\\/\",\"logo\":{\"@type\":\"ImageObject\",\"url\":\"https:\\\/\\\/scontent-gig4-1.xx.fbcdn.net\\\/v\\\/t39.30808-1\\\/270437624_4564083193639691_6907940295614233970_n.jpg?stp=dst-jpg_s200x200_tt6&_nc_cat=111&ccb=1-7&_nc_sid=f907e8&_nc_ohc=SM1wRlP3lJwQ7kNvwEPuBYA&_nc_oc=AdnqrjDN_BNjSSHWO-GbkIWH6fkGMLw4bqvL_NH6e2wMveX7G-rP2dAqsDSq1mJMOaY&_nc_zt=24&_nc_ht=scontent-gig4-1.xx&_nc_gid=AoBFJeGrT1hVaew_6rchkQ&oh=00_AfX7QmFGhQhG2jAllVgXCiM1ZrWgvtp80-Bfppyexh1QEg&oe=689E923C\",\"@id\":\"https:\\\/\\\/anoticiaonline.com.br\\\/site\\\/linha-de-onibus-para-o-bairro-joao-vi-volta-a-funcionar-em-carater-experimental\\\/#organizationLogo\"},\"image\":{\"@id\":\"https:\\\/\\\/anoticiaonline.com.br\\\/site\\\/linha-de-onibus-para-o-bairro-joao-vi-volta-a-funcionar-em-carater-experimental\\\/#organizationLogo\"}},{\"@type\":\"Person\",\"@id\":\"https:\\\/\\\/anoticiaonline.com.br\\\/site\\\/author\\\/juliana\\\/#author\",\"url\":\"https:\\\/\\\/anoticiaonline.com.br\\\/site\\\/author\\\/juliana\\\/\",\"name\":\"Juliana Laviola\",\"image\":{\"@type\":\"ImageObject\",\"@id\":\"https:\\\/\\\/anoticiaonline.com.br\\\/site\\\/linha-de-onibus-para-o-bairro-joao-vi-volta-a-funcionar-em-carater-experimental\\\/#authorImage\",\"url\":\"https:\\\/\\\/secure.gravatar.com\\\/avatar\\\/b8d45f5c699b100dfaf0e543582f38f38bf94cb7ae3a5e9abf8d891a34773335?s=96&d=mm&r=g\",\"width\":96,\"height\":96,\"caption\":\"Juliana Laviola\"}},{\"@type\":\"WebPage\",\"@id\":\"https:\\\/\\\/anoticiaonline.com.br\\\/site\\\/linha-de-onibus-para-o-bairro-joao-vi-volta-a-funcionar-em-carater-experimental\\\/#webpage\",\"url\":\"https:\\\/\\\/anoticiaonline.com.br\\\/site\\\/linha-de-onibus-para-o-bairro-joao-vi-volta-a-funcionar-em-carater-experimental\\\/\",\"name\":\"Linha de \\u00f4nibus para o bairro Jo\\u00e3o VI volta a funcionar em car\\u00e1ter experimental - A Not\\u00edcia Online\",\"description\":\"A partir de segunda-feira (6), a linha de \\u00f4nibus do bairro Jo\\u00e3o VI volta a funcionar em car\\u00e1ter experimental. O funcionamento ser\\u00e1 verificado e acompanhado pelo Demuttran, com o objetivo de avaliar a viabilidade de manuten\\u00e7\\u00e3o da rota, que tamb\\u00e9m passar\\u00e1 por ruas do Centro, da Barra, do Safira e do Jo\\u00e3o XXIII. Nesta fase,\",\"inLanguage\":\"pt-BR\",\"isPartOf\":{\"@id\":\"https:\\\/\\\/anoticiaonline.com.br\\\/site\\\/#website\"},\"breadcrumb\":{\"@id\":\"https:\\\/\\\/anoticiaonline.com.br\\\/site\\\/linha-de-onibus-para-o-bairro-joao-vi-volta-a-funcionar-em-carater-experimental\\\/#breadcrumblist\"},\"author\":{\"@id\":\"https:\\\/\\\/anoticiaonline.com.br\\\/site\\\/author\\\/juliana\\\/#author\"},\"creator\":{\"@id\":\"https:\\\/\\\/anoticiaonline.com.br\\\/site\\\/author\\\/juliana\\\/#author\"},\"image\":{\"@type\":\"ImageObject\",\"url\":\"https:\\\/\\\/anoticiaonline.com.br\\\/site\\\/wp-content\\\/uploads\\\/2016\\\/10\\\/\\u00f4nibus-coletivos.jpg\",\"@id\":\"https:\\\/\\\/anoticiaonline.com.br\\\/site\\\/linha-de-onibus-para-o-bairro-joao-vi-volta-a-funcionar-em-carater-experimental\\\/#mainImage\",\"width\":640,\"height\":454,\"caption\":\"Foto: Arquivo A NOT\\u00cdCIA\"},\"primaryImageOfPage\":{\"@id\":\"https:\\\/\\\/anoticiaonline.com.br\\\/site\\\/linha-de-onibus-para-o-bairro-joao-vi-volta-a-funcionar-em-carater-experimental\\\/#mainImage\"},\"datePublished\":\"2017-02-02T16:06:29-03:00\",\"dateModified\":\"2017-02-02T18:37:41-03:00\"},{\"@type\":\"WebSite\",\"@id\":\"https:\\\/\\\/anoticiaonline.com.br\\\/site\\\/#website\",\"url\":\"https:\\\/\\\/anoticiaonline.com.br\\\/site\\\/\",\"name\":\"A Not\\u00edcia Online\",\"description\":\"Noticias de Muria\\u00e9 e regi\\u00e3o\",\"inLanguage\":\"pt-BR\",\"publisher\":{\"@id\":\"https:\\\/\\\/anoticiaonline.com.br\\\/site\\\/#organization\"}}]}\n\t\t<\/script>\n\t\t<!-- All in One SEO -->\n\n","aioseo_head_json":{"title":"Linha de \u00f4nibus para o bairro Jo\u00e3o VI volta a funcionar em car\u00e1ter experimental - A Not\u00edcia Online","description":"A partir de segunda-feira (6), a linha de \u00f4nibus do bairro Jo\u00e3o VI volta a funcionar em car\u00e1ter experimental. O funcionamento ser\u00e1 verificado e acompanhado pelo Demuttran, com o objetivo de avaliar a viabilidade de manuten\u00e7\u00e3o da rota, que tamb\u00e9m passar\u00e1 por ruas do Centro, da Barra, do Safira e do Jo\u00e3o XXIII. Nesta fase,","canonical_url":"https:\/\/anoticiaonline.com.br\/site\/linha-de-onibus-para-o-bairro-joao-vi-volta-a-funcionar-em-carater-experimental\/","robots":"max-image-preview:large","keywords":"","webmasterTools":{"miscellaneous":""},"schema":{"@context":"https:\/\/schema.org","@graph":[{"@type":"BlogPosting","@id":"https:\/\/anoticiaonline.com.br\/site\/linha-de-onibus-para-o-bairro-joao-vi-volta-a-funcionar-em-carater-experimental\/#blogposting","name":"Linha de \u00f4nibus para o bairro Jo\u00e3o VI volta a funcionar em car\u00e1ter experimental - A Not\u00edcia Online","headline":"Linha de \u00f4nibus para o bairro Jo\u00e3o VI volta a funcionar em car\u00e1ter experimental","author":{"@id":"https:\/\/anoticiaonline.com.br\/site\/author\/juliana\/#author"},"publisher":{"@id":"https:\/\/anoticiaonline.com.br\/site\/#organization"},"image":{"@type":"ImageObject","url":"https:\/\/anoticiaonline.com.br\/site\/wp-content\/uploads\/2016\/10\/\u00f4nibus-coletivos.jpg","width":640,"height":454,"caption":"Foto: Arquivo A NOT\u00cdCIA"},"datePublished":"2017-02-02T16:06:29-03:00","dateModified":"2017-02-02T18:37:41-03:00","inLanguage":"pt-BR","mainEntityOfPage":{"@id":"https:\/\/anoticiaonline.com.br\/site\/linha-de-onibus-para-o-bairro-joao-vi-volta-a-funcionar-em-carater-experimental\/#webpage"},"isPartOf":{"@id":"https:\/\/anoticiaonline.com.br\/site\/linha-de-onibus-para-o-bairro-joao-vi-volta-a-funcionar-em-carater-experimental\/#webpage"},"articleSection":"Blog, slide"},{"@type":"BreadcrumbList","@id":"https:\/\/anoticiaonline.com.br\/site\/linha-de-onibus-para-o-bairro-joao-vi-volta-a-funcionar-em-carater-experimental\/#breadcrumblist","itemListElement":[{"@type":"ListItem","@id":"https:\/\/anoticiaonline.com.br\/site#listItem","position":1,"name":"Home","item":"https:\/\/anoticiaonline.com.br\/site","nextItem":{"@type":"ListItem","@id":"https:\/\/anoticiaonline.com.br\/site\/categoria\/muriae\/#listItem","name":"Blog"}},{"@type":"ListItem","@id":"https:\/\/anoticiaonline.com.br\/site\/categoria\/muriae\/#listItem","position":2,"name":"Blog","item":"https:\/\/anoticiaonline.com.br\/site\/categoria\/muriae\/","nextItem":{"@type":"ListItem","@id":"https:\/\/anoticiaonline.com.br\/site\/linha-de-onibus-para-o-bairro-joao-vi-volta-a-funcionar-em-carater-experimental\/#listItem","name":"Linha de \u00f4nibus para o bairro Jo\u00e3o VI volta a funcionar em car\u00e1ter experimental"},"previousItem":{"@type":"ListItem","@id":"https:\/\/anoticiaonline.com.br\/site#listItem","name":"Home"}},{"@type":"ListItem","@id":"https:\/\/anoticiaonline.com.br\/site\/linha-de-onibus-para-o-bairro-joao-vi-volta-a-funcionar-em-carater-experimental\/#listItem","position":3,"name":"Linha de \u00f4nibus para o bairro Jo\u00e3o VI volta a funcionar em car\u00e1ter experimental","previousItem":{"@type":"ListItem","@id":"https:\/\/anoticiaonline.com.br\/site\/categoria\/muriae\/#listItem","name":"Blog"}}]},{"@type":"Organization","@id":"https:\/\/anoticiaonline.com.br\/site\/#organization","name":"A Not\u00edcia Online","description":"Noticias de Muria\u00e9 e regi\u00e3o","url":"https:\/\/anoticiaonline.com.br\/site\/","logo":{"@type":"ImageObject","url":"https:\/\/scontent-gig4-1.xx.fbcdn.net\/v\/t39.30808-1\/270437624_4564083193639691_6907940295614233970_n.jpg?stp=dst-jpg_s200x200_tt6&_nc_cat=111&ccb=1-7&_nc_sid=f907e8&_nc_ohc=SM1wRlP3lJwQ7kNvwEPuBYA&_nc_oc=AdnqrjDN_BNjSSHWO-GbkIWH6fkGMLw4bqvL_NH6e2wMveX7G-rP2dAqsDSq1mJMOaY&_nc_zt=24&_nc_ht=scontent-gig4-1.xx&_nc_gid=AoBFJeGrT1hVaew_6rchkQ&oh=00_AfX7QmFGhQhG2jAllVgXCiM1ZrWgvtp80-Bfppyexh1QEg&oe=689E923C","@id":"https:\/\/anoticiaonline.com.br\/site\/linha-de-onibus-para-o-bairro-joao-vi-volta-a-funcionar-em-carater-experimental\/#organizationLogo"},"image":{"@id":"https:\/\/anoticiaonline.com.br\/site\/linha-de-onibus-para-o-bairro-joao-vi-volta-a-funcionar-em-carater-experimental\/#organizationLogo"}},{"@type":"Person","@id":"https:\/\/anoticiaonline.com.br\/site\/author\/juliana\/#author","url":"https:\/\/anoticiaonline.com.br\/site\/author\/juliana\/","name":"Juliana Laviola","image":{"@type":"ImageObject","@id":"https:\/\/anoticiaonline.com.br\/site\/linha-de-onibus-para-o-bairro-joao-vi-volta-a-funcionar-em-carater-experimental\/#authorImage","url":"https:\/\/secure.gravatar.com\/avatar\/b8d45f5c699b100dfaf0e543582f38f38bf94cb7ae3a5e9abf8d891a34773335?s=96&d=mm&r=g","width":96,"height":96,"caption":"Juliana Laviola"}},{"@type":"WebPage","@id":"https:\/\/anoticiaonline.com.br\/site\/linha-de-onibus-para-o-bairro-joao-vi-volta-a-funcionar-em-carater-experimental\/#webpage","url":"https:\/\/anoticiaonline.com.br\/site\/linha-de-onibus-para-o-bairro-joao-vi-volta-a-funcionar-em-carater-experimental\/","name":"Linha de \u00f4nibus para o bairro Jo\u00e3o VI volta a funcionar em car\u00e1ter experimental - A Not\u00edcia Online","description":"A partir de segunda-feira (6), a linha de \u00f4nibus do bairro Jo\u00e3o VI volta a funcionar em car\u00e1ter experimental. O funcionamento ser\u00e1 verificado e acompanhado pelo Demuttran, com o objetivo de avaliar a viabilidade de manuten\u00e7\u00e3o da rota, que tamb\u00e9m passar\u00e1 por ruas do Centro, da Barra, do Safira e do Jo\u00e3o XXIII. Nesta fase,","inLanguage":"pt-BR","isPartOf":{"@id":"https:\/\/anoticiaonline.com.br\/site\/#website"},"breadcrumb":{"@id":"https:\/\/anoticiaonline.com.br\/site\/linha-de-onibus-para-o-bairro-joao-vi-volta-a-funcionar-em-carater-experimental\/#breadcrumblist"},"author":{"@id":"https:\/\/anoticiaonline.com.br\/site\/author\/juliana\/#author"},"creator":{"@id":"https:\/\/anoticiaonline.com.br\/site\/author\/juliana\/#author"},"image":{"@type":"ImageObject","url":"https:\/\/anoticiaonline.com.br\/site\/wp-content\/uploads\/2016\/10\/\u00f4nibus-coletivos.jpg","@id":"https:\/\/anoticiaonline.com.br\/site\/linha-de-onibus-para-o-bairro-joao-vi-volta-a-funcionar-em-carater-experimental\/#mainImage","width":640,"height":454,"caption":"Foto: Arquivo A NOT\u00cdCIA"},"primaryImageOfPage":{"@id":"https:\/\/anoticiaonline.com.br\/site\/linha-de-onibus-para-o-bairro-joao-vi-volta-a-funcionar-em-carater-experimental\/#mainImage"},"datePublished":"2017-02-02T16:06:29-03:00","dateModified":"2017-02-02T18:37:41-03:00"},{"@type":"WebSite","@id":"https:\/\/anoticiaonline.com.br\/site\/#website","url":"https:\/\/anoticiaonline.com.br\/site\/","name":"A Not\u00edcia Online","description":"Noticias de Muria\u00e9 e regi\u00e3o","inLanguage":"pt-BR","publisher":{"@id":"https:\/\/anoticiaonline.com.br\/site\/#organization"}}]},"og:locale":"pt_BR","og:site_name":"A Not\u00edcia Online - Noticias de Muria\u00e9 e regi\u00e3o","og:type":"article","og:title":"Linha de \u00f4nibus para o bairro Jo\u00e3o VI volta a funcionar em car\u00e1ter experimental - A Not\u00edcia Online","og:description":"A partir de segunda-feira (6), a linha de \u00f4nibus do bairro Jo\u00e3o VI volta a funcionar em car\u00e1ter experimental. O funcionamento ser\u00e1 verificado e acompanhado pelo Demuttran, com o objetivo de avaliar a viabilidade de manuten\u00e7\u00e3o da rota, que tamb\u00e9m passar\u00e1 por ruas do Centro, da Barra, do Safira e do Jo\u00e3o XXIII. Nesta fase,","og:url":"https:\/\/anoticiaonline.com.br\/site\/linha-de-onibus-para-o-bairro-joao-vi-volta-a-funcionar-em-carater-experimental\/","og:image":"https:\/\/scontent-gig4-1.xx.fbcdn.net\/v\/t39.30808-1\/270437624_4564083193639691_6907940295614233970_n.jpg?stp=dst-jpg_s200x200_tt6&#038;_nc_cat=111&#038;ccb=1-7&#038;_nc_sid=f907e8&#038;_nc_ohc=SM1wRlP3lJwQ7kNvwEPuBYA&#038;_nc_oc=AdnqrjDN_BNjSSHWO-GbkIWH6fkGMLw4bqvL_NH6e2wMveX7G-rP2dAqsDSq1mJMOaY&#038;_nc_zt=24&#038;_nc_ht=scontent-gig4-1.xx&#038;_nc_gid=AoBFJeGrT1hVaew_6rchkQ&#038;oh=00_AfX7QmFGhQhG2jAllVgXCiM1ZrWgvtp80-Bfppyexh1QEg&#038;oe=689E923C","og:image:secure_url":"https:\/\/scontent-gig4-1.xx.fbcdn.net\/v\/t39.30808-1\/270437624_4564083193639691_6907940295614233970_n.jpg?stp=dst-jpg_s200x200_tt6&#038;_nc_cat=111&#038;ccb=1-7&#038;_nc_sid=f907e8&#038;_nc_ohc=SM1wRlP3lJwQ7kNvwEPuBYA&#038;_nc_oc=AdnqrjDN_BNjSSHWO-GbkIWH6fkGMLw4bqvL_NH6e2wMveX7G-rP2dAqsDSq1mJMOaY&#038;_nc_zt=24&#038;_nc_ht=scontent-gig4-1.xx&#038;_nc_gid=AoBFJeGrT1hVaew_6rchkQ&#038;oh=00_AfX7QmFGhQhG2jAllVgXCiM1ZrWgvtp80-Bfppyexh1QEg&#038;oe=689E923C","article:published_time":"2017-02-02T19:06:29+00:00","article:modified_time":"2017-02-02T21:37:41+00:00","twitter:card":"summary_large_image","twitter:title":"Linha de \u00f4nibus para o bairro Jo\u00e3o VI volta a funcionar em car\u00e1ter experimental - A Not\u00edcia Online","twitter:description":"A partir de segunda-feira (6), a linha de \u00f4nibus do bairro Jo\u00e3o VI volta a funcionar em car\u00e1ter experimental. O funcionamento ser\u00e1 verificado e acompanhado pelo Demuttran, com o objetivo de avaliar a viabilidade de manuten\u00e7\u00e3o da rota, que tamb\u00e9m passar\u00e1 por ruas do Centro, da Barra, do Safira e do Jo\u00e3o XXIII. Nesta fase,","twitter:image":"https:\/\/scontent-gig4-1.xx.fbcdn.net\/v\/t39.30808-1\/270437624_4564083193639691_6907940295614233970_n.jpg?stp=dst-jpg_s200x200_tt6&_nc_cat=111&ccb=1-7&_nc_sid=f907e8&_nc_ohc=SM1wRlP3lJwQ7kNvwEPuBYA&_nc_oc=AdnqrjDN_BNjSSHWO-GbkIWH6fkGMLw4bqvL_NH6e2wMveX7G-rP2dAqsDSq1mJMOaY&_nc_zt=24&_nc_ht=scontent-gig4-1.xx&_nc_gid=AoBFJeGrT1hVaew_6rchkQ&oh=00_AfX7QmFGhQhG2jAllVgXCiM1ZrWgvtp80-Bfppyexh1QEg&oe=689E923C"},"aioseo_meta_data":{"post_id":"24048","title":null,"description":null,"keywords":null,"keyphrases":null,"primary_term":null,"canonical_url":null,"og_title":null,"og_description":null,"og_object_type":"default","og_image_type":"default","og_image_url":null,"og_image_width":null,"og_image_height":null,"og_image_custom_url":null,"og_image_custom_fields":null,"og_video":null,"og_custom_url":null,"og_article_section":null,"og_article_tags":null,"twitter_use_og":false,"twitter_card":"default","twitter_image_type":"default","twitter_image_url":null,"twitter_image_custom_url":null,"twitter_image_custom_fields":null,"twitter_title":null,"twitter_description":null,"schema":{"blockGraphs":[],"customGraphs":[],"default":{"data":{"Article":[],"Course":[],"Dataset":[],"FAQPage":[],"Movie":[],"Person":[],"Product":[],"ProductReview":[],"Car":[],"Recipe":[],"Service":[],"SoftwareApplication":[],"WebPage":[]},"graphName":"","isEnabled":true},"graphs":[]},"schema_type":"default","schema_type_options":null,"pillar_content":false,"robots_default":true,"robots_noindex":false,"robots_noarchive":false,"robots_nosnippet":false,"robots_nofollow":false,"robots_noimageindex":false,"robots_noodp":false,"robots_notranslate":false,"robots_max_snippet":null,"robots_max_videopreview":null,"robots_max_imagepreview":"large","priority":null,"frequency":null,"local_seo":null,"breadcrumb_settings":null,"limit_modified_date":false,"ai":null,"created":"2025-08-16 17:30:43","updated":"2025-08-16 17:30:43","focus_keyword":null,"additional_keywords":null,"truseo_locale":null,"seo_analyzer_scan_date":null},"aioseo_breadcrumb":"<div class=\"aioseo-breadcrumbs\"><span class=\"aioseo-breadcrumb\">\n\t\t\t<a href=\"https:\/\/anoticiaonline.com.br\/site\" title=\"Home\">Home<\/a>\n\t\t<\/span><span class=\"aioseo-breadcrumb-separator\">&raquo;<\/span><span class=\"aioseo-breadcrumb\">\n\t\t\t<a href=\"https:\/\/anoticiaonline.com.br\/site\/categoria\/muriae\/\" title=\"Blog\">Blog<\/a>\n\t\t<\/span><span class=\"aioseo-breadcrumb-separator\">&raquo;<\/span><span class=\"aioseo-breadcrumb\">\n\t\t\tLinha de \u00f4nibus para o bairro Jo\u00e3o VI volta a funcionar em car\u00e1ter experimental\n\t\t<\/span><\/div>","aioseo_breadcrumb_json":[{"label":"Home","link":"https:\/\/anoticiaonline.com.br\/site"},{"label":"Blog","link":"https:\/\/anoticiaonline.com.br\/site\/categoria\/muriae\/"},{"label":"Linha de \u00f4nibus para o bairro Jo\u00e3o VI volta a funcionar em car\u00e1ter experimental","link":"https:\/\/anoticiaonline.com.br\/site\/linha-de-onibus-para-o-bairro-joao-vi-volta-a-funcionar-em-carater-experimental\/"}],"views":135,"_links":{"self":[{"href":"https:\/\/anoticiaonline.com.br\/site\/wp-json\/wp\/v2\/posts\/24048","targetHints":{"allow":["GET"]}}],"collection":[{"href":"https:\/\/anoticiaonline.com.br\/site\/wp-json\/wp\/v2\/posts"}],"about":[{"href":"https:\/\/anoticiaonline.com.br\/site\/wp-json\/wp\/v2\/types\/post"}],"author":[{"embeddable":true,"href":"https:\/\/anoticiaonline.com.br\/site\/wp-json\/wp\/v2\/users\/2"}],"replies":[{"embeddable":true,"href":"https:\/\/anoticiaonline.com.br\/site\/wp-json\/wp\/v2\/comments?post=24048"}],"version-history":[{"count":0,"href":"https:\/\/anoticiaonline.com.br\/site\/wp-json\/wp\/v2\/posts\/24048\/revisions"}],"wp:featuredmedia":[{"embeddable":true,"href":"https:\/\/anoticiaonline.com.br\/site\/wp-json\/wp\/v2\/media\/20255"}],"wp:attachment":[{"href":"https:\/\/anoticiaonline.com.br\/site\/wp-json\/wp\/v2\/media?parent=24048"}],"wp:term":[{"taxonomy":"category","embeddable":true,"href":"https:\/\/anoticiaonline.com.br\/site\/wp-json\/wp\/v2\/categories?post=24048"},{"taxonomy":"post_tag","embeddable":true,"href":"https:\/\/anoticiaonline.com.br\/site\/wp-json\/wp\/v2\/tags?post=24048"}],"curies":[{"name":"wp","href":"https:\/\/api.w.org\/{rel}","templated":true}]}}