{"id":23936,"date":"2017-02-01T10:43:28","date_gmt":"2017-02-01T13:43:28","guid":{"rendered":"http:\/\/anoticiaonline.com.br\/site\/?p=23936"},"modified":"2017-02-01T10:43:28","modified_gmt":"2017-02-01T13:43:28","slug":"uaitec-abre-vagas-para-cursos-de-ti-e-idiomas","status":"publish","type":"post","link":"https:\/\/anoticiaonline.com.br\/site\/uaitec-abre-vagas-para-cursos-de-ti-e-idiomas\/","title":{"rendered":"Uaitec abre vagas para cursos de TI e idiomas"},"content":{"rendered":"<figure id=\"attachment_23937\" aria-describedby=\"caption-attachment-23937\" style=\"width: 290px\" class=\"wp-caption alignleft\"><a href=\"https:\/\/anoticiaonline.com.br\/site\/wp-content\/uploads\/2017\/02\/f1b42998dc4eb897d91f24399cd0b2bf.936b77e2e8bf0531328e1b9b246da685.01.jpg\"><img fetchpriority=\"high\" decoding=\"async\" class=\"size-medium wp-image-23937\" src=\"https:\/\/anoticiaonline.com.br\/site\/wp-content\/uploads\/2017\/02\/f1b42998dc4eb897d91f24399cd0b2bf.936b77e2e8bf0531328e1b9b246da685.01-300x225.jpg\" alt=\"Foto: Divulga\u00e7\u00e3o UAITEC\" width=\"300\" height=\"225\" srcset=\"https:\/\/anoticiaonline.com.br\/site\/wp-content\/uploads\/2017\/02\/f1b42998dc4eb897d91f24399cd0b2bf.936b77e2e8bf0531328e1b9b246da685.01-300x225.jpg 300w, https:\/\/anoticiaonline.com.br\/site\/wp-content\/uploads\/2017\/02\/f1b42998dc4eb897d91f24399cd0b2bf.936b77e2e8bf0531328e1b9b246da685.01.jpg 600w\" sizes=\"(max-width: 300px) 100vw, 300px\" \/><\/a><figcaption id=\"caption-attachment-23937\" class=\"wp-caption-text\">Foto: Divulga\u00e7\u00e3o UAITEC<\/figcaption><\/figure>\n<p>A Universidade Aberta e Integrada de Minas Gerais (UAITEC) lan\u00e7a a segunda turma para cursos de idiomas e tecnologia da informa\u00e7\u00e3o. As aulas ser\u00e3o ofertadas em todas as cem unidades distribu\u00eddas em todos os territ\u00f3rios mineiros, inclusive na unidade de Muria\u00e9. Os interessados ter\u00e3o at\u00e9 o dia 10 de fevereiro para se matricularem.<\/p>\n<p>Os alunos poder\u00e3o optar por Desenhista de Produtos Gr\u00e1ficos, Analista de M\u00eddias Sociais, Desenvolvedor de Jogos Eletr\u00f4nicos, Programador de Dispositivos M\u00f3veis, Programador Web e Programador de Sistemas, al\u00e9m do ingl\u00eas e espanhol.<\/p>\n<p>A capacita\u00e7\u00e3o, totalmente gratuita, \u00e9 oferecida para qualquer pessoa que j\u00e1 tenha conclu\u00eddo o 9\u00ba ano do ensino fundamental. Os interessados dever\u00e3o se cadastrar no portal www.uaitec.mg.gov.br. Ap\u00f3s confirma\u00e7\u00e3o, via email, o aluno ir\u00e1 pessoalmente at\u00e9 a unidade de prefer\u00eancia com c\u00f3pia da documenta\u00e7\u00e3o exigida. Para os cursos de idiomas \u00e9 necess\u00e1rio ter conhecimento b\u00e1sico, realizando uma simples prova online na pr\u00f3pria unidade Uaitec.<\/p>\n<p>As aulas, que est\u00e3o previstas para come\u00e7ar em mar\u00e7o, ter\u00e3o materiais did\u00e1ticos distribu\u00eddos gratuitamente. Todas as op\u00e7\u00f5es de cursos na \u00e1rea de tecnologia ser\u00e3o acrescidas 40 horas de empreendedorismo. A iniciativa da Secretaria de Estado de Desenvolvimento Econ\u00f4mico, Ci\u00eancia, Tecnologia e Ensino Superior (Sedectes) busca fortalecer e ampliar o ecossistema de empreendedorismo e inova\u00e7\u00e3o em Minas Gerais.<\/p>\n","protected":false},"excerpt":{"rendered":"<p>A Universidade Aberta e Integrada de Minas Gerais (UAITEC) lan\u00e7a a segunda turma para cursos de idiomas e tecnologia da informa\u00e7\u00e3o. As aulas ser\u00e3o ofertadas em todas as cem unidades distribu\u00eddas em todos os territ\u00f3rios mineiros, inclusive na unidade de Muria\u00e9. Os interessados ter\u00e3o at\u00e9 o dia 10 de fevereiro para se matricularem. Os alunos &#8230; <a title=\"Uaitec abre vagas para cursos de TI e idiomas\" class=\"read-more\" href=\"https:\/\/anoticiaonline.com.br\/site\/uaitec-abre-vagas-para-cursos-de-ti-e-idiomas\/\" aria-label=\"Read more about Uaitec abre vagas para cursos de TI e idiomas\">Ler mais<\/a><\/p>\n","protected":false},"author":2,"featured_media":23937,"comment_status":"open","ping_status":"open","sticky":false,"template":"","format":"standard","meta":{"_acf_changed":false,"_monsterinsights_skip_tracking":false,"footnotes":""},"categories":[1],"tags":[3],"class_list":["post-23936","post","type-post","status-publish","format-standard","has-post-thumbnail","hentry","category-gerais","tag-slide"],"acf":[],"aioseo_notices":[],"aioseo_head":"\n\t\t<!-- All in One SEO 5.0.0.1 - aioseo.com -->\n\t<meta name=\"description\" content=\"A Universidade Aberta e Integrada de Minas Gerais (UAITEC) lan\u00e7a a segunda turma para cursos de idiomas e tecnologia da informa\u00e7\u00e3o. As aulas ser\u00e3o ofertadas em todas as cem unidades distribu\u00eddas em todos os territ\u00f3rios mineiros, inclusive na unidade de Muria\u00e9. Os interessados ter\u00e3o at\u00e9 o dia 10 de fevereiro para se matricularem. Os alunos\" \/>\n\t<meta name=\"robots\" content=\"max-image-preview:large\" \/>\n\t<meta name=\"author\" content=\"Juliana Laviola\"\/>\n\t<link rel=\"canonical\" href=\"https:\/\/anoticiaonline.com.br\/site\/uaitec-abre-vagas-para-cursos-de-ti-e-idiomas\/\" \/>\n\t<meta name=\"generator\" content=\"All in One SEO (AIOSEO) 5.0.0.1\" \/>\n\t\t<meta property=\"og:locale\" content=\"pt_BR\" \/>\n\t\t<meta property=\"og:site_name\" content=\"A Not\u00edcia Online - Noticias de Muria\u00e9 e regi\u00e3o\" \/>\n\t\t<meta property=\"og:type\" content=\"article\" \/>\n\t\t<meta property=\"og:title\" content=\"Uaitec abre vagas para cursos de TI e idiomas - A Not\u00edcia Online\" \/>\n\t\t<meta property=\"og:description\" content=\"A Universidade Aberta e Integrada de Minas Gerais (UAITEC) lan\u00e7a a segunda turma para cursos de idiomas e tecnologia da informa\u00e7\u00e3o. As aulas ser\u00e3o ofertadas em todas as cem unidades distribu\u00eddas em todos os territ\u00f3rios mineiros, inclusive na unidade de Muria\u00e9. Os interessados ter\u00e3o at\u00e9 o dia 10 de fevereiro para se matricularem. Os alunos\" \/>\n\t\t<meta property=\"og:url\" content=\"https:\/\/anoticiaonline.com.br\/site\/uaitec-abre-vagas-para-cursos-de-ti-e-idiomas\/\" \/>\n\t\t<meta property=\"og:image\" content=\"https:\/\/scontent-gig4-1.xx.fbcdn.net\/v\/t39.30808-1\/270437624_4564083193639691_6907940295614233970_n.jpg?stp=dst-jpg_s200x200_tt6&#038;_nc_cat=111&#038;ccb=1-7&#038;_nc_sid=f907e8&#038;_nc_ohc=SM1wRlP3lJwQ7kNvwEPuBYA&#038;_nc_oc=AdnqrjDN_BNjSSHWO-GbkIWH6fkGMLw4bqvL_NH6e2wMveX7G-rP2dAqsDSq1mJMOaY&#038;_nc_zt=24&#038;_nc_ht=scontent-gig4-1.xx&#038;_nc_gid=AoBFJeGrT1hVaew_6rchkQ&#038;oh=00_AfX7QmFGhQhG2jAllVgXCiM1ZrWgvtp80-Bfppyexh1QEg&#038;oe=689E923C\" \/>\n\t\t<meta property=\"og:image:secure_url\" content=\"https:\/\/scontent-gig4-1.xx.fbcdn.net\/v\/t39.30808-1\/270437624_4564083193639691_6907940295614233970_n.jpg?stp=dst-jpg_s200x200_tt6&#038;_nc_cat=111&#038;ccb=1-7&#038;_nc_sid=f907e8&#038;_nc_ohc=SM1wRlP3lJwQ7kNvwEPuBYA&#038;_nc_oc=AdnqrjDN_BNjSSHWO-GbkIWH6fkGMLw4bqvL_NH6e2wMveX7G-rP2dAqsDSq1mJMOaY&#038;_nc_zt=24&#038;_nc_ht=scontent-gig4-1.xx&#038;_nc_gid=AoBFJeGrT1hVaew_6rchkQ&#038;oh=00_AfX7QmFGhQhG2jAllVgXCiM1ZrWgvtp80-Bfppyexh1QEg&#038;oe=689E923C\" \/>\n\t\t<meta property=\"article:published_time\" content=\"2017-02-01T13:43:28+00:00\" \/>\n\t\t<meta property=\"article:modified_time\" content=\"2017-02-01T13:43:28+00:00\" \/>\n\t\t<meta name=\"twitter:card\" content=\"summary_large_image\" \/>\n\t\t<meta name=\"twitter:title\" content=\"Uaitec abre vagas para cursos de TI e idiomas - A Not\u00edcia Online\" \/>\n\t\t<meta name=\"twitter:description\" content=\"A Universidade Aberta e Integrada de Minas Gerais (UAITEC) lan\u00e7a a segunda turma para cursos de idiomas e tecnologia da informa\u00e7\u00e3o. As aulas ser\u00e3o ofertadas em todas as cem unidades distribu\u00eddas em todos os territ\u00f3rios mineiros, inclusive na unidade de Muria\u00e9. Os interessados ter\u00e3o at\u00e9 o dia 10 de fevereiro para se matricularem. Os alunos\" \/>\n\t\t<meta name=\"twitter:image\" content=\"https:\/\/scontent-gig4-1.xx.fbcdn.net\/v\/t39.30808-1\/270437624_4564083193639691_6907940295614233970_n.jpg?stp=dst-jpg_s200x200_tt6&amp;_nc_cat=111&amp;ccb=1-7&amp;_nc_sid=f907e8&amp;_nc_ohc=SM1wRlP3lJwQ7kNvwEPuBYA&amp;_nc_oc=AdnqrjDN_BNjSSHWO-GbkIWH6fkGMLw4bqvL_NH6e2wMveX7G-rP2dAqsDSq1mJMOaY&amp;_nc_zt=24&amp;_nc_ht=scontent-gig4-1.xx&amp;_nc_gid=AoBFJeGrT1hVaew_6rchkQ&amp;oh=00_AfX7QmFGhQhG2jAllVgXCiM1ZrWgvtp80-Bfppyexh1QEg&amp;oe=689E923C\" \/>\n\t\t<script type=\"application\/ld+json\" class=\"aioseo-schema\">\n\t\t\t{\"@context\":\"https:\\\/\\\/schema.org\",\"@graph\":[{\"@type\":\"BlogPosting\",\"@id\":\"https:\\\/\\\/anoticiaonline.com.br\\\/site\\\/uaitec-abre-vagas-para-cursos-de-ti-e-idiomas\\\/#blogposting\",\"name\":\"Uaitec abre vagas para cursos de TI e idiomas - A Not\\u00edcia Online\",\"headline\":\"Uaitec abre vagas para cursos de TI e idiomas\",\"author\":{\"@id\":\"https:\\\/\\\/anoticiaonline.com.br\\\/site\\\/author\\\/juliana\\\/#author\"},\"publisher\":{\"@id\":\"https:\\\/\\\/anoticiaonline.com.br\\\/site\\\/#organization\"},\"image\":{\"@type\":\"ImageObject\",\"url\":\"https:\\\/\\\/anoticiaonline.com.br\\\/site\\\/wp-content\\\/uploads\\\/2017\\\/02\\\/f1b42998dc4eb897d91f24399cd0b2bf.936b77e2e8bf0531328e1b9b246da685.01.jpg\",\"width\":600,\"height\":450,\"caption\":\"Foto: Divulga\\u00e7\\u00e3o UAITEC\"},\"datePublished\":\"2017-02-01T10:43:28-03:00\",\"dateModified\":\"2017-02-01T10:43:28-03:00\",\"inLanguage\":\"pt-BR\",\"mainEntityOfPage\":{\"@id\":\"https:\\\/\\\/anoticiaonline.com.br\\\/site\\\/uaitec-abre-vagas-para-cursos-de-ti-e-idiomas\\\/#webpage\"},\"isPartOf\":{\"@id\":\"https:\\\/\\\/anoticiaonline.com.br\\\/site\\\/uaitec-abre-vagas-para-cursos-de-ti-e-idiomas\\\/#webpage\"},\"articleSection\":\"Gerais, slide\"},{\"@type\":\"BreadcrumbList\",\"@id\":\"https:\\\/\\\/anoticiaonline.com.br\\\/site\\\/uaitec-abre-vagas-para-cursos-de-ti-e-idiomas\\\/#breadcrumblist\",\"itemListElement\":[{\"@type\":\"ListItem\",\"@id\":\"https:\\\/\\\/anoticiaonline.com.br\\\/site#listItem\",\"position\":1,\"name\":\"Home\",\"item\":\"https:\\\/\\\/anoticiaonline.com.br\\\/site\",\"nextItem\":{\"@type\":\"ListItem\",\"@id\":\"https:\\\/\\\/anoticiaonline.com.br\\\/site\\\/categoria\\\/gerais\\\/#listItem\",\"name\":\"Gerais\"}},{\"@type\":\"ListItem\",\"@id\":\"https:\\\/\\\/anoticiaonline.com.br\\\/site\\\/categoria\\\/gerais\\\/#listItem\",\"position\":2,\"name\":\"Gerais\",\"item\":\"https:\\\/\\\/anoticiaonline.com.br\\\/site\\\/categoria\\\/gerais\\\/\",\"nextItem\":{\"@type\":\"ListItem\",\"@id\":\"https:\\\/\\\/anoticiaonline.com.br\\\/site\\\/uaitec-abre-vagas-para-cursos-de-ti-e-idiomas\\\/#listItem\",\"name\":\"Uaitec abre vagas para cursos de TI e idiomas\"},\"previousItem\":{\"@type\":\"ListItem\",\"@id\":\"https:\\\/\\\/anoticiaonline.com.br\\\/site#listItem\",\"name\":\"Home\"}},{\"@type\":\"ListItem\",\"@id\":\"https:\\\/\\\/anoticiaonline.com.br\\\/site\\\/uaitec-abre-vagas-para-cursos-de-ti-e-idiomas\\\/#listItem\",\"position\":3,\"name\":\"Uaitec abre vagas para cursos de TI e idiomas\",\"previousItem\":{\"@type\":\"ListItem\",\"@id\":\"https:\\\/\\\/anoticiaonline.com.br\\\/site\\\/categoria\\\/gerais\\\/#listItem\",\"name\":\"Gerais\"}}]},{\"@type\":\"Organization\",\"@id\":\"https:\\\/\\\/anoticiaonline.com.br\\\/site\\\/#organization\",\"name\":\"A Not\\u00edcia Online\",\"description\":\"Noticias de Muria\\u00e9 e regi\\u00e3o\",\"url\":\"https:\\\/\\\/anoticiaonline.com.br\\\/site\\\/\",\"logo\":{\"@type\":\"ImageObject\",\"url\":\"https:\\\/\\\/scontent-gig4-1.xx.fbcdn.net\\\/v\\\/t39.30808-1\\\/270437624_4564083193639691_6907940295614233970_n.jpg?stp=dst-jpg_s200x200_tt6&_nc_cat=111&ccb=1-7&_nc_sid=f907e8&_nc_ohc=SM1wRlP3lJwQ7kNvwEPuBYA&_nc_oc=AdnqrjDN_BNjSSHWO-GbkIWH6fkGMLw4bqvL_NH6e2wMveX7G-rP2dAqsDSq1mJMOaY&_nc_zt=24&_nc_ht=scontent-gig4-1.xx&_nc_gid=AoBFJeGrT1hVaew_6rchkQ&oh=00_AfX7QmFGhQhG2jAllVgXCiM1ZrWgvtp80-Bfppyexh1QEg&oe=689E923C\",\"@id\":\"https:\\\/\\\/anoticiaonline.com.br\\\/site\\\/uaitec-abre-vagas-para-cursos-de-ti-e-idiomas\\\/#organizationLogo\"},\"image\":{\"@id\":\"https:\\\/\\\/anoticiaonline.com.br\\\/site\\\/uaitec-abre-vagas-para-cursos-de-ti-e-idiomas\\\/#organizationLogo\"}},{\"@type\":\"Person\",\"@id\":\"https:\\\/\\\/anoticiaonline.com.br\\\/site\\\/author\\\/juliana\\\/#author\",\"url\":\"https:\\\/\\\/anoticiaonline.com.br\\\/site\\\/author\\\/juliana\\\/\",\"name\":\"Juliana Laviola\",\"image\":{\"@type\":\"ImageObject\",\"@id\":\"https:\\\/\\\/anoticiaonline.com.br\\\/site\\\/uaitec-abre-vagas-para-cursos-de-ti-e-idiomas\\\/#authorImage\",\"url\":\"https:\\\/\\\/secure.gravatar.com\\\/avatar\\\/b8d45f5c699b100dfaf0e543582f38f38bf94cb7ae3a5e9abf8d891a34773335?s=96&d=mm&r=g\",\"width\":96,\"height\":96,\"caption\":\"Juliana Laviola\"}},{\"@type\":\"WebPage\",\"@id\":\"https:\\\/\\\/anoticiaonline.com.br\\\/site\\\/uaitec-abre-vagas-para-cursos-de-ti-e-idiomas\\\/#webpage\",\"url\":\"https:\\\/\\\/anoticiaonline.com.br\\\/site\\\/uaitec-abre-vagas-para-cursos-de-ti-e-idiomas\\\/\",\"name\":\"Uaitec abre vagas para cursos de TI e idiomas - A Not\\u00edcia Online\",\"description\":\"A Universidade Aberta e Integrada de Minas Gerais (UAITEC) lan\\u00e7a a segunda turma para cursos de idiomas e tecnologia da informa\\u00e7\\u00e3o. As aulas ser\\u00e3o ofertadas em todas as cem unidades distribu\\u00eddas em todos os territ\\u00f3rios mineiros, inclusive na unidade de Muria\\u00e9. Os interessados ter\\u00e3o at\\u00e9 o dia 10 de fevereiro para se matricularem. Os alunos\",\"inLanguage\":\"pt-BR\",\"isPartOf\":{\"@id\":\"https:\\\/\\\/anoticiaonline.com.br\\\/site\\\/#website\"},\"breadcrumb\":{\"@id\":\"https:\\\/\\\/anoticiaonline.com.br\\\/site\\\/uaitec-abre-vagas-para-cursos-de-ti-e-idiomas\\\/#breadcrumblist\"},\"author\":{\"@id\":\"https:\\\/\\\/anoticiaonline.com.br\\\/site\\\/author\\\/juliana\\\/#author\"},\"creator\":{\"@id\":\"https:\\\/\\\/anoticiaonline.com.br\\\/site\\\/author\\\/juliana\\\/#author\"},\"image\":{\"@type\":\"ImageObject\",\"url\":\"https:\\\/\\\/anoticiaonline.com.br\\\/site\\\/wp-content\\\/uploads\\\/2017\\\/02\\\/f1b42998dc4eb897d91f24399cd0b2bf.936b77e2e8bf0531328e1b9b246da685.01.jpg\",\"@id\":\"https:\\\/\\\/anoticiaonline.com.br\\\/site\\\/uaitec-abre-vagas-para-cursos-de-ti-e-idiomas\\\/#mainImage\",\"width\":600,\"height\":450,\"caption\":\"Foto: Divulga\\u00e7\\u00e3o UAITEC\"},\"primaryImageOfPage\":{\"@id\":\"https:\\\/\\\/anoticiaonline.com.br\\\/site\\\/uaitec-abre-vagas-para-cursos-de-ti-e-idiomas\\\/#mainImage\"},\"datePublished\":\"2017-02-01T10:43:28-03:00\",\"dateModified\":\"2017-02-01T10:43:28-03:00\"},{\"@type\":\"WebSite\",\"@id\":\"https:\\\/\\\/anoticiaonline.com.br\\\/site\\\/#website\",\"url\":\"https:\\\/\\\/anoticiaonline.com.br\\\/site\\\/\",\"name\":\"A Not\\u00edcia Online\",\"description\":\"Noticias de Muria\\u00e9 e regi\\u00e3o\",\"inLanguage\":\"pt-BR\",\"publisher\":{\"@id\":\"https:\\\/\\\/anoticiaonline.com.br\\\/site\\\/#organization\"}}]}\n\t\t<\/script>\n\t\t<!-- All in One SEO -->\n\n","aioseo_head_json":{"title":"Uaitec abre vagas para cursos de TI e idiomas - A Not\u00edcia Online","description":"A Universidade Aberta e Integrada de Minas Gerais (UAITEC) lan\u00e7a a segunda turma para cursos de idiomas e tecnologia da informa\u00e7\u00e3o. As aulas ser\u00e3o ofertadas em todas as cem unidades distribu\u00eddas em todos os territ\u00f3rios mineiros, inclusive na unidade de Muria\u00e9. Os interessados ter\u00e3o at\u00e9 o dia 10 de fevereiro para se matricularem. Os alunos","canonical_url":"https:\/\/anoticiaonline.com.br\/site\/uaitec-abre-vagas-para-cursos-de-ti-e-idiomas\/","robots":"max-image-preview:large","keywords":"","webmasterTools":{"miscellaneous":""},"schema":{"@context":"https:\/\/schema.org","@graph":[{"@type":"BlogPosting","@id":"https:\/\/anoticiaonline.com.br\/site\/uaitec-abre-vagas-para-cursos-de-ti-e-idiomas\/#blogposting","name":"Uaitec abre vagas para cursos de TI e idiomas - A Not\u00edcia Online","headline":"Uaitec abre vagas para cursos de TI e idiomas","author":{"@id":"https:\/\/anoticiaonline.com.br\/site\/author\/juliana\/#author"},"publisher":{"@id":"https:\/\/anoticiaonline.com.br\/site\/#organization"},"image":{"@type":"ImageObject","url":"https:\/\/anoticiaonline.com.br\/site\/wp-content\/uploads\/2017\/02\/f1b42998dc4eb897d91f24399cd0b2bf.936b77e2e8bf0531328e1b9b246da685.01.jpg","width":600,"height":450,"caption":"Foto: Divulga\u00e7\u00e3o UAITEC"},"datePublished":"2017-02-01T10:43:28-03:00","dateModified":"2017-02-01T10:43:28-03:00","inLanguage":"pt-BR","mainEntityOfPage":{"@id":"https:\/\/anoticiaonline.com.br\/site\/uaitec-abre-vagas-para-cursos-de-ti-e-idiomas\/#webpage"},"isPartOf":{"@id":"https:\/\/anoticiaonline.com.br\/site\/uaitec-abre-vagas-para-cursos-de-ti-e-idiomas\/#webpage"},"articleSection":"Gerais, slide"},{"@type":"BreadcrumbList","@id":"https:\/\/anoticiaonline.com.br\/site\/uaitec-abre-vagas-para-cursos-de-ti-e-idiomas\/#breadcrumblist","itemListElement":[{"@type":"ListItem","@id":"https:\/\/anoticiaonline.com.br\/site#listItem","position":1,"name":"Home","item":"https:\/\/anoticiaonline.com.br\/site","nextItem":{"@type":"ListItem","@id":"https:\/\/anoticiaonline.com.br\/site\/categoria\/gerais\/#listItem","name":"Gerais"}},{"@type":"ListItem","@id":"https:\/\/anoticiaonline.com.br\/site\/categoria\/gerais\/#listItem","position":2,"name":"Gerais","item":"https:\/\/anoticiaonline.com.br\/site\/categoria\/gerais\/","nextItem":{"@type":"ListItem","@id":"https:\/\/anoticiaonline.com.br\/site\/uaitec-abre-vagas-para-cursos-de-ti-e-idiomas\/#listItem","name":"Uaitec abre vagas para cursos de TI e idiomas"},"previousItem":{"@type":"ListItem","@id":"https:\/\/anoticiaonline.com.br\/site#listItem","name":"Home"}},{"@type":"ListItem","@id":"https:\/\/anoticiaonline.com.br\/site\/uaitec-abre-vagas-para-cursos-de-ti-e-idiomas\/#listItem","position":3,"name":"Uaitec abre vagas para cursos de TI e idiomas","previousItem":{"@type":"ListItem","@id":"https:\/\/anoticiaonline.com.br\/site\/categoria\/gerais\/#listItem","name":"Gerais"}}]},{"@type":"Organization","@id":"https:\/\/anoticiaonline.com.br\/site\/#organization","name":"A Not\u00edcia Online","description":"Noticias de Muria\u00e9 e regi\u00e3o","url":"https:\/\/anoticiaonline.com.br\/site\/","logo":{"@type":"ImageObject","url":"https:\/\/scontent-gig4-1.xx.fbcdn.net\/v\/t39.30808-1\/270437624_4564083193639691_6907940295614233970_n.jpg?stp=dst-jpg_s200x200_tt6&_nc_cat=111&ccb=1-7&_nc_sid=f907e8&_nc_ohc=SM1wRlP3lJwQ7kNvwEPuBYA&_nc_oc=AdnqrjDN_BNjSSHWO-GbkIWH6fkGMLw4bqvL_NH6e2wMveX7G-rP2dAqsDSq1mJMOaY&_nc_zt=24&_nc_ht=scontent-gig4-1.xx&_nc_gid=AoBFJeGrT1hVaew_6rchkQ&oh=00_AfX7QmFGhQhG2jAllVgXCiM1ZrWgvtp80-Bfppyexh1QEg&oe=689E923C","@id":"https:\/\/anoticiaonline.com.br\/site\/uaitec-abre-vagas-para-cursos-de-ti-e-idiomas\/#organizationLogo"},"image":{"@id":"https:\/\/anoticiaonline.com.br\/site\/uaitec-abre-vagas-para-cursos-de-ti-e-idiomas\/#organizationLogo"}},{"@type":"Person","@id":"https:\/\/anoticiaonline.com.br\/site\/author\/juliana\/#author","url":"https:\/\/anoticiaonline.com.br\/site\/author\/juliana\/","name":"Juliana Laviola","image":{"@type":"ImageObject","@id":"https:\/\/anoticiaonline.com.br\/site\/uaitec-abre-vagas-para-cursos-de-ti-e-idiomas\/#authorImage","url":"https:\/\/secure.gravatar.com\/avatar\/b8d45f5c699b100dfaf0e543582f38f38bf94cb7ae3a5e9abf8d891a34773335?s=96&d=mm&r=g","width":96,"height":96,"caption":"Juliana Laviola"}},{"@type":"WebPage","@id":"https:\/\/anoticiaonline.com.br\/site\/uaitec-abre-vagas-para-cursos-de-ti-e-idiomas\/#webpage","url":"https:\/\/anoticiaonline.com.br\/site\/uaitec-abre-vagas-para-cursos-de-ti-e-idiomas\/","name":"Uaitec abre vagas para cursos de TI e idiomas - A Not\u00edcia Online","description":"A Universidade Aberta e Integrada de Minas Gerais (UAITEC) lan\u00e7a a segunda turma para cursos de idiomas e tecnologia da informa\u00e7\u00e3o. As aulas ser\u00e3o ofertadas em todas as cem unidades distribu\u00eddas em todos os territ\u00f3rios mineiros, inclusive na unidade de Muria\u00e9. Os interessados ter\u00e3o at\u00e9 o dia 10 de fevereiro para se matricularem. Os alunos","inLanguage":"pt-BR","isPartOf":{"@id":"https:\/\/anoticiaonline.com.br\/site\/#website"},"breadcrumb":{"@id":"https:\/\/anoticiaonline.com.br\/site\/uaitec-abre-vagas-para-cursos-de-ti-e-idiomas\/#breadcrumblist"},"author":{"@id":"https:\/\/anoticiaonline.com.br\/site\/author\/juliana\/#author"},"creator":{"@id":"https:\/\/anoticiaonline.com.br\/site\/author\/juliana\/#author"},"image":{"@type":"ImageObject","url":"https:\/\/anoticiaonline.com.br\/site\/wp-content\/uploads\/2017\/02\/f1b42998dc4eb897d91f24399cd0b2bf.936b77e2e8bf0531328e1b9b246da685.01.jpg","@id":"https:\/\/anoticiaonline.com.br\/site\/uaitec-abre-vagas-para-cursos-de-ti-e-idiomas\/#mainImage","width":600,"height":450,"caption":"Foto: Divulga\u00e7\u00e3o UAITEC"},"primaryImageOfPage":{"@id":"https:\/\/anoticiaonline.com.br\/site\/uaitec-abre-vagas-para-cursos-de-ti-e-idiomas\/#mainImage"},"datePublished":"2017-02-01T10:43:28-03:00","dateModified":"2017-02-01T10:43:28-03:00"},{"@type":"WebSite","@id":"https:\/\/anoticiaonline.com.br\/site\/#website","url":"https:\/\/anoticiaonline.com.br\/site\/","name":"A Not\u00edcia Online","description":"Noticias de Muria\u00e9 e regi\u00e3o","inLanguage":"pt-BR","publisher":{"@id":"https:\/\/anoticiaonline.com.br\/site\/#organization"}}]},"og:locale":"pt_BR","og:site_name":"A Not\u00edcia Online - Noticias de Muria\u00e9 e regi\u00e3o","og:type":"article","og:title":"Uaitec abre vagas para cursos de TI e idiomas - A Not\u00edcia Online","og:description":"A Universidade Aberta e Integrada de Minas Gerais (UAITEC) lan\u00e7a a segunda turma para cursos de idiomas e tecnologia da informa\u00e7\u00e3o. As aulas ser\u00e3o ofertadas em todas as cem unidades distribu\u00eddas em todos os territ\u00f3rios mineiros, inclusive na unidade de Muria\u00e9. Os interessados ter\u00e3o at\u00e9 o dia 10 de fevereiro para se matricularem. Os alunos","og:url":"https:\/\/anoticiaonline.com.br\/site\/uaitec-abre-vagas-para-cursos-de-ti-e-idiomas\/","og:image":"https:\/\/scontent-gig4-1.xx.fbcdn.net\/v\/t39.30808-1\/270437624_4564083193639691_6907940295614233970_n.jpg?stp=dst-jpg_s200x200_tt6&#038;_nc_cat=111&#038;ccb=1-7&#038;_nc_sid=f907e8&#038;_nc_ohc=SM1wRlP3lJwQ7kNvwEPuBYA&#038;_nc_oc=AdnqrjDN_BNjSSHWO-GbkIWH6fkGMLw4bqvL_NH6e2wMveX7G-rP2dAqsDSq1mJMOaY&#038;_nc_zt=24&#038;_nc_ht=scontent-gig4-1.xx&#038;_nc_gid=AoBFJeGrT1hVaew_6rchkQ&#038;oh=00_AfX7QmFGhQhG2jAllVgXCiM1ZrWgvtp80-Bfppyexh1QEg&#038;oe=689E923C","og:image:secure_url":"https:\/\/scontent-gig4-1.xx.fbcdn.net\/v\/t39.30808-1\/270437624_4564083193639691_6907940295614233970_n.jpg?stp=dst-jpg_s200x200_tt6&#038;_nc_cat=111&#038;ccb=1-7&#038;_nc_sid=f907e8&#038;_nc_ohc=SM1wRlP3lJwQ7kNvwEPuBYA&#038;_nc_oc=AdnqrjDN_BNjSSHWO-GbkIWH6fkGMLw4bqvL_NH6e2wMveX7G-rP2dAqsDSq1mJMOaY&#038;_nc_zt=24&#038;_nc_ht=scontent-gig4-1.xx&#038;_nc_gid=AoBFJeGrT1hVaew_6rchkQ&#038;oh=00_AfX7QmFGhQhG2jAllVgXCiM1ZrWgvtp80-Bfppyexh1QEg&#038;oe=689E923C","article:published_time":"2017-02-01T13:43:28+00:00","article:modified_time":"2017-02-01T13:43:28+00:00","twitter:card":"summary_large_image","twitter:title":"Uaitec abre vagas para cursos de TI e idiomas - A Not\u00edcia Online","twitter:description":"A Universidade Aberta e Integrada de Minas Gerais (UAITEC) lan\u00e7a a segunda turma para cursos de idiomas e tecnologia da informa\u00e7\u00e3o. As aulas ser\u00e3o ofertadas em todas as cem unidades distribu\u00eddas em todos os territ\u00f3rios mineiros, inclusive na unidade de Muria\u00e9. Os interessados ter\u00e3o at\u00e9 o dia 10 de fevereiro para se matricularem. Os alunos","twitter:image":"https:\/\/scontent-gig4-1.xx.fbcdn.net\/v\/t39.30808-1\/270437624_4564083193639691_6907940295614233970_n.jpg?stp=dst-jpg_s200x200_tt6&_nc_cat=111&ccb=1-7&_nc_sid=f907e8&_nc_ohc=SM1wRlP3lJwQ7kNvwEPuBYA&_nc_oc=AdnqrjDN_BNjSSHWO-GbkIWH6fkGMLw4bqvL_NH6e2wMveX7G-rP2dAqsDSq1mJMOaY&_nc_zt=24&_nc_ht=scontent-gig4-1.xx&_nc_gid=AoBFJeGrT1hVaew_6rchkQ&oh=00_AfX7QmFGhQhG2jAllVgXCiM1ZrWgvtp80-Bfppyexh1QEg&oe=689E923C"},"aioseo_meta_data":{"post_id":"23936","title":null,"description":null,"keywords":null,"keyphrases":null,"primary_term":null,"canonical_url":null,"og_title":null,"og_description":null,"og_object_type":"default","og_image_type":"default","og_image_url":null,"og_image_width":null,"og_image_height":null,"og_image_custom_url":null,"og_image_custom_fields":null,"og_video":null,"og_custom_url":null,"og_article_section":null,"og_article_tags":null,"twitter_use_og":false,"twitter_card":"default","twitter_image_type":"default","twitter_image_url":null,"twitter_image_custom_url":null,"twitter_image_custom_fields":null,"twitter_title":null,"twitter_description":null,"schema":{"blockGraphs":[],"customGraphs":[],"default":{"data":{"Article":[],"Course":[],"Dataset":[],"FAQPage":[],"Movie":[],"Person":[],"Product":[],"ProductReview":[],"Car":[],"Recipe":[],"Service":[],"SoftwareApplication":[],"WebPage":[]},"graphName":"","isEnabled":true},"graphs":[]},"schema_type":"default","schema_type_options":null,"pillar_content":false,"robots_default":true,"robots_noindex":false,"robots_noarchive":false,"robots_nosnippet":false,"robots_nofollow":false,"robots_noimageindex":false,"robots_noodp":false,"robots_notranslate":false,"robots_max_snippet":null,"robots_max_videopreview":null,"robots_max_imagepreview":"large","priority":null,"frequency":null,"local_seo":null,"breadcrumb_settings":null,"limit_modified_date":false,"ai":null,"created":"2025-08-16 17:29:53","updated":"2025-08-16 17:29:53","focus_keyword":null,"additional_keywords":null,"truseo_locale":null,"seo_analyzer_scan_date":null},"aioseo_breadcrumb":"<div class=\"aioseo-breadcrumbs\"><span class=\"aioseo-breadcrumb\">\n\t\t\t<a href=\"https:\/\/anoticiaonline.com.br\/site\" title=\"Home\">Home<\/a>\n\t\t<\/span><span class=\"aioseo-breadcrumb-separator\">&raquo;<\/span><span class=\"aioseo-breadcrumb\">\n\t\t\t<a href=\"https:\/\/anoticiaonline.com.br\/site\/categoria\/gerais\/\" title=\"Gerais\">Gerais<\/a>\n\t\t<\/span><span class=\"aioseo-breadcrumb-separator\">&raquo;<\/span><span class=\"aioseo-breadcrumb\">\n\t\t\tUaitec abre vagas para cursos de TI e idiomas\n\t\t<\/span><\/div>","aioseo_breadcrumb_json":[{"label":"Home","link":"https:\/\/anoticiaonline.com.br\/site"},{"label":"Gerais","link":"https:\/\/anoticiaonline.com.br\/site\/categoria\/gerais\/"},{"label":"Uaitec abre vagas para cursos de TI e idiomas","link":"https:\/\/anoticiaonline.com.br\/site\/uaitec-abre-vagas-para-cursos-de-ti-e-idiomas\/"}],"views":154,"_links":{"self":[{"href":"https:\/\/anoticiaonline.com.br\/site\/wp-json\/wp\/v2\/posts\/23936","targetHints":{"allow":["GET"]}}],"collection":[{"href":"https:\/\/anoticiaonline.com.br\/site\/wp-json\/wp\/v2\/posts"}],"about":[{"href":"https:\/\/anoticiaonline.com.br\/site\/wp-json\/wp\/v2\/types\/post"}],"author":[{"embeddable":true,"href":"https:\/\/anoticiaonline.com.br\/site\/wp-json\/wp\/v2\/users\/2"}],"replies":[{"embeddable":true,"href":"https:\/\/anoticiaonline.com.br\/site\/wp-json\/wp\/v2\/comments?post=23936"}],"version-history":[{"count":0,"href":"https:\/\/anoticiaonline.com.br\/site\/wp-json\/wp\/v2\/posts\/23936\/revisions"}],"wp:featuredmedia":[{"embeddable":true,"href":"https:\/\/anoticiaonline.com.br\/site\/wp-json\/wp\/v2\/media\/23937"}],"wp:attachment":[{"href":"https:\/\/anoticiaonline.com.br\/site\/wp-json\/wp\/v2\/media?parent=23936"}],"wp:term":[{"taxonomy":"category","embeddable":true,"href":"https:\/\/anoticiaonline.com.br\/site\/wp-json\/wp\/v2\/categories?post=23936"},{"taxonomy":"post_tag","embeddable":true,"href":"https:\/\/anoticiaonline.com.br\/site\/wp-json\/wp\/v2\/tags?post=23936"}],"curies":[{"name":"wp","href":"https:\/\/api.w.org\/{rel}","templated":true}]}}