{"id":23840,"date":"2017-01-30T14:34:42","date_gmt":"2017-01-30T17:34:42","guid":{"rendered":"http:\/\/anoticiaonline.com.br\/site\/?p=23840"},"modified":"2017-01-30T14:42:08","modified_gmt":"2017-01-30T17:42:08","slug":"coronel-helbert-figueiro-e-o-novo-comandante-geral-da-pmmg","status":"publish","type":"post","link":"https:\/\/anoticiaonline.com.br\/site\/coronel-helbert-figueiro-e-o-novo-comandante-geral-da-pmmg\/","title":{"rendered":"Coronel Helbert Figueir\u00f3 \u00e9 o novo comandante-geral da PMMG"},"content":{"rendered":"<figure id=\"attachment_23841\" aria-describedby=\"caption-attachment-23841\" style=\"width: 290px\" class=\"wp-caption alignleft\"><a href=\"https:\/\/anoticiaonline.com.br\/site\/wp-content\/uploads\/2017\/01\/MMN_2898.jpg\"><img fetchpriority=\"high\" decoding=\"async\" class=\"size-medium wp-image-23841\" src=\"https:\/\/anoticiaonline.com.br\/site\/wp-content\/uploads\/2017\/01\/MMN_2898-300x200.jpg\" alt=\"Os coron\u00e9is Bianchini e Helbert durante solenidade de passagem de comando (Foto: Manoel Marques\/Imprensa MG)\" width=\"300\" height=\"200\" srcset=\"https:\/\/anoticiaonline.com.br\/site\/wp-content\/uploads\/2017\/01\/MMN_2898-300x200.jpg 300w, https:\/\/anoticiaonline.com.br\/site\/wp-content\/uploads\/2017\/01\/MMN_2898.jpg 640w\" sizes=\"(max-width: 300px) 100vw, 300px\" \/><\/a><figcaption id=\"caption-attachment-23841\" class=\"wp-caption-text\">Os coron\u00e9is Bianchini e Helbert durante solenidade de passagem de comando (Foto: Manoel Marques\/Imprensa MG)<\/figcaption><\/figure>\n<p>O coronel Helbert Figueir\u00f3 de Lourdes assumiu o comando-geral Pol\u00edcia Militar de Minas Gerais, durante solenidade realizada na segunda-feira (30), em Belo Horizonte e presidida pelo governador Fernando Pimentel. O coronel Helbert substitui o coronel Marco Ant\u00f4nio Badar\u00f3 Bianchini, que entrou para a reforma.<\/p>\n<p>\u201cA presen\u00e7a, aqui, de tantas autoridades representativas do nosso estado registra que Minas Gerais muito estima a nossa Pol\u00edcia Militar. Tenho gratid\u00e3o muito sincera ao coronel Bianchini e, na pessoa dele, a todos os oficiais que prestaram servi\u00e7os ao longo desses dois anos. Obrigado pelo trabalho, empenho, dedica\u00e7\u00e3o e a tudo que fizeram garantindo paz ao nosso estado\u201d, afirma Pimentel.<\/p>\n<p>\u201cDesejo sucesso, boa sorte e afirmo nosso apoio integral ao novo comandante, coronel Helbert, e aos oficiais. Ele \u00e9 um oficial de carreira exemplar. A ele n\u00e3o faltar\u00e1 o apoio do governo do estado em tudo aquilo que for necess\u00e1rio para cumprir essa miss\u00e3o que lhe \u00e9 confiada\u201d, completa o governador.<\/p>\n<p>Ainda de acordo com Fernando Pimentel, o apoio, respeito e carinho do Governo e da popula\u00e7\u00e3o fazem da Pol\u00edcia Militar de Minas Gerais \u201ca melhor do Brasil\u201d. \u201cMesmo com todas as dificuldades financeiras e or\u00e7ament\u00e1rias, que n\u00e3o s\u00e3o segredo para ningu\u00e9m, continuamos priorizando a seguran\u00e7a. Por isso, a Pol\u00edcia Militar merece tanto apoio, tanto respeito. Sejam muito felizes nesse trabalho\u201d, finalizou.<\/p>\n<p>O novo comandante-geral da PM, coronel Helbert Figueir\u00f3 de Lourdes, salientou, em seu discurso, a import\u00e2ncia do cargo e os desafios que precisar\u00e3o ser enfrentados. \u201cAprendi com meus comandantes li\u00e7\u00f5es de profissionalismo e camaradagem. Aprendi a grandeza e import\u00e2ncia hist\u00f3rica de nossa corpora\u00e7\u00e3o. Hoje \u00e9 um momento marcante, pois sou compelido a honrar essa hist\u00f3ria, sendo fiel ao compromisso de corresponder a uma imensa expectativa representada por quase 100 mil homens e mulheres\u201d, destaca.<\/p>\n<p>\u201cEssa corpora\u00e7\u00e3o est\u00e1 engajada, coesa e voltada para uma mesma miss\u00e3o, como sempre esteve em toda a sua hist\u00f3ria. Temos o compromisso de manter s\u00f3lida e respeitada a nossa institui\u00e7\u00e3o. \u00c9 pelo nosso povo que trabalhamos e justificamos a nossa exist\u00eancia. Externamos nosso compromisso e engajamento para que todas as nossas a\u00e7\u00f5es tenham como eixo a melhoria da qualidade no atendimento ao cidad\u00e3o, o combate ao crime e viol\u00eancia. Buscaremos maior presen\u00e7a f\u00edsica dos policiais militares nas ruas. Vamos potencializar o uso dos recursos humanos e usaremos a tecnologia em prol disso\u201d, conclui o novo comandante-geral.<\/p>\n<figure id=\"attachment_23843\" aria-describedby=\"caption-attachment-23843\" style=\"width: 290px\" class=\"wp-caption alignleft\"><a href=\"https:\/\/anoticiaonline.com.br\/site\/wp-content\/uploads\/2017\/01\/MMN_2364.jpg\"><img decoding=\"async\" class=\"wp-image-23843 size-medium\" src=\"https:\/\/anoticiaonline.com.br\/site\/wp-content\/uploads\/2017\/01\/MMN_2364-300x195.jpg\" alt=\"Os coron\u00e9is Bianchini e Helbert com o governador Fernando Pimentel (Foto: Manoel Marques\/Imprensa MG)\" width=\"300\" height=\"195\" srcset=\"https:\/\/anoticiaonline.com.br\/site\/wp-content\/uploads\/2017\/01\/MMN_2364-300x195.jpg 300w, https:\/\/anoticiaonline.com.br\/site\/wp-content\/uploads\/2017\/01\/MMN_2364.jpg 640w\" sizes=\"(max-width: 300px) 100vw, 300px\" \/><\/a><figcaption id=\"caption-attachment-23843\" class=\"wp-caption-text\">Os coron\u00e9is Helbert e Bianchini com o governador Fernando Pimentel (Foto: Manoel Marques\/Imprensa MG)<\/figcaption><\/figure>\n<p><strong>MUDAN\u00c7A &#8211;<\/strong> Antes de transmitir o cargo e de se licenciar da carreira na qual atuou por mais de 30 anos, o coronel Marco Ant\u00f4nio Badar\u00f3 Bianchini citou alguns ensinamentos aprendidos durante sua perman\u00eancia na Pol\u00edcia Militar. \u201cAprendi o real significado da palavra entrega. Hoje, al\u00e9m de encerrar minha carreira na Pol\u00edcia Militar, encerro dois anos de comando. Um per\u00edodo de intensa atividade. Dedicamos-nos a realizar um trabalho s\u00e9rio, focado na valoriza\u00e7\u00e3o do nosso policial, numa constante interlocu\u00e7\u00e3o com a sociedade. Trabalhamos com muita dedica\u00e7\u00e3o e compromisso para encerrar essa jornada deixando a PM num patamar melhor do que a recebemos\u201d, explica.<\/p>\n<p>Entre as a\u00e7\u00f5es implementadas pela sua equipe, o coronel Bianchini citou o aumento do efetivo da institui\u00e7\u00e3o e a aquisi\u00e7\u00e3o de materiais de trabalho. \u201cPenso que obtivemos \u00eaxito. Gra\u00e7as ao prest\u00edgio da nossa institui\u00e7\u00e3o com o governo estadual, nos \u00faltimos dois anos pudemos comemorar algumas conquistas, incluindo, s\u00f3 em 2016, mais de 3 mil novos policiais, al\u00e9m de mais de 1.500 novos ve\u00edculos, assim como equipamentos e armamentos\u201d, salienta.<\/p>\n<p>Tamb\u00e9m participaram da solenidade os presidentes do Tribunal de Justi\u00e7a de Minas Gerais, desembargador Herbert Carneiro; do Tribunal de Contas do Estado, Sebasti\u00e3o Helv\u00e9cio; e do Tribunal de Justi\u00e7a Militar, Fernando Galv\u00e3o; o procurador-geral de Justi\u00e7a, Ant\u00f4nio S\u00e9rgio Tonet; a defensora p\u00fablica-geral, Christiane Malard; o chefe da Pol\u00edcia Civil de Minas Gerais, delegado Jo\u00e3o Octac\u00edlio Silva Neto; o comandante-geral do Corpo de Bombeiros Militar, coronel Luiz Henrique Gualberto; o chefe do Gabinete Militar do governador e coordenador Estadual de Defesa Civil, coronel Fernando Ant\u00f4nio Arantes; representando o presidente da Assembleia Legislativa de Minas Gerais, deputado estadual Lafayette Andrada, al\u00e9m de secret\u00e1rios de estado, deputados federais e estaduais e prefeitos.<\/p>\n<p><img decoding=\"async\" class=\"ngg_displayed_gallery mceItem\" src=\"https:\/\/anoticiaonline.com.br\/site\/nextgen-attach_to_post\/preview\/id--23861\" alt=\"\" \/><\/p>\n","protected":false},"excerpt":{"rendered":"<p>O coronel Helbert Figueir\u00f3 de Lourdes assumiu o comando-geral Pol\u00edcia Militar de Minas Gerais, durante solenidade realizada na segunda-feira (30), em Belo Horizonte e presidida pelo governador Fernando Pimentel. O coronel Helbert substitui o coronel Marco Ant\u00f4nio Badar\u00f3 Bianchini, que entrou para a reforma. \u201cA presen\u00e7a, aqui, de tantas autoridades representativas do nosso estado registra &#8230; <a title=\"Coronel Helbert Figueir\u00f3 \u00e9 o novo comandante-geral da PMMG\" class=\"read-more\" href=\"https:\/\/anoticiaonline.com.br\/site\/coronel-helbert-figueiro-e-o-novo-comandante-geral-da-pmmg\/\" aria-label=\"Read more about Coronel Helbert Figueir\u00f3 \u00e9 o novo comandante-geral da PMMG\">Ler mais<\/a><\/p>\n","protected":false},"author":2,"featured_media":23841,"comment_status":"open","ping_status":"open","sticky":false,"template":"","format":"standard","meta":{"_acf_changed":false,"_monsterinsights_skip_tracking":false,"footnotes":""},"categories":[1],"tags":[3],"class_list":["post-23840","post","type-post","status-publish","format-standard","has-post-thumbnail","hentry","category-gerais","tag-slide"],"acf":[],"aioseo_notices":[],"aioseo_head":"\n\t\t<!-- All in One SEO 5.0.0.1 - aioseo.com -->\n\t<meta name=\"description\" content=\"O coronel Helbert Figueir\u00f3 de Lourdes assumiu o comando-geral Pol\u00edcia Militar de Minas Gerais, durante solenidade realizada na segunda-feira (30), em Belo Horizonte e presidida pelo governador Fernando Pimentel. O coronel Helbert substitui o coronel Marco Ant\u00f4nio Badar\u00f3 Bianchini, que entrou para a reforma. \u201cA presen\u00e7a, aqui, de tantas autoridades representativas do nosso estado registra\" \/>\n\t<meta name=\"robots\" content=\"max-image-preview:large\" \/>\n\t<meta name=\"author\" content=\"Juliana Laviola\"\/>\n\t<link rel=\"canonical\" href=\"https:\/\/anoticiaonline.com.br\/site\/coronel-helbert-figueiro-e-o-novo-comandante-geral-da-pmmg\/\" \/>\n\t<meta name=\"generator\" content=\"All in One SEO (AIOSEO) 5.0.0.1\" \/>\n\t\t<meta property=\"og:locale\" content=\"pt_BR\" \/>\n\t\t<meta property=\"og:site_name\" content=\"A Not\u00edcia Online - Noticias de Muria\u00e9 e regi\u00e3o\" \/>\n\t\t<meta property=\"og:type\" content=\"article\" \/>\n\t\t<meta property=\"og:title\" content=\"Coronel Helbert Figueir\u00f3 \u00e9 o novo comandante-geral da PMMG - A Not\u00edcia Online\" \/>\n\t\t<meta property=\"og:description\" content=\"O coronel Helbert Figueir\u00f3 de Lourdes assumiu o comando-geral Pol\u00edcia Militar de Minas Gerais, durante solenidade realizada na segunda-feira (30), em Belo Horizonte e presidida pelo governador Fernando Pimentel. O coronel Helbert substitui o coronel Marco Ant\u00f4nio Badar\u00f3 Bianchini, que entrou para a reforma. \u201cA presen\u00e7a, aqui, de tantas autoridades representativas do nosso estado registra\" \/>\n\t\t<meta property=\"og:url\" content=\"https:\/\/anoticiaonline.com.br\/site\/coronel-helbert-figueiro-e-o-novo-comandante-geral-da-pmmg\/\" \/>\n\t\t<meta property=\"og:image\" content=\"https:\/\/scontent-gig4-1.xx.fbcdn.net\/v\/t39.30808-1\/270437624_4564083193639691_6907940295614233970_n.jpg?stp=dst-jpg_s200x200_tt6&#038;_nc_cat=111&#038;ccb=1-7&#038;_nc_sid=f907e8&#038;_nc_ohc=SM1wRlP3lJwQ7kNvwEPuBYA&#038;_nc_oc=AdnqrjDN_BNjSSHWO-GbkIWH6fkGMLw4bqvL_NH6e2wMveX7G-rP2dAqsDSq1mJMOaY&#038;_nc_zt=24&#038;_nc_ht=scontent-gig4-1.xx&#038;_nc_gid=AoBFJeGrT1hVaew_6rchkQ&#038;oh=00_AfX7QmFGhQhG2jAllVgXCiM1ZrWgvtp80-Bfppyexh1QEg&#038;oe=689E923C\" \/>\n\t\t<meta property=\"og:image:secure_url\" content=\"https:\/\/scontent-gig4-1.xx.fbcdn.net\/v\/t39.30808-1\/270437624_4564083193639691_6907940295614233970_n.jpg?stp=dst-jpg_s200x200_tt6&#038;_nc_cat=111&#038;ccb=1-7&#038;_nc_sid=f907e8&#038;_nc_ohc=SM1wRlP3lJwQ7kNvwEPuBYA&#038;_nc_oc=AdnqrjDN_BNjSSHWO-GbkIWH6fkGMLw4bqvL_NH6e2wMveX7G-rP2dAqsDSq1mJMOaY&#038;_nc_zt=24&#038;_nc_ht=scontent-gig4-1.xx&#038;_nc_gid=AoBFJeGrT1hVaew_6rchkQ&#038;oh=00_AfX7QmFGhQhG2jAllVgXCiM1ZrWgvtp80-Bfppyexh1QEg&#038;oe=689E923C\" \/>\n\t\t<meta property=\"article:published_time\" content=\"2017-01-30T17:34:42+00:00\" \/>\n\t\t<meta property=\"article:modified_time\" content=\"2017-01-30T17:42:08+00:00\" \/>\n\t\t<meta name=\"twitter:card\" content=\"summary_large_image\" \/>\n\t\t<meta name=\"twitter:title\" content=\"Coronel Helbert Figueir\u00f3 \u00e9 o novo comandante-geral da PMMG - A Not\u00edcia Online\" \/>\n\t\t<meta name=\"twitter:description\" content=\"O coronel Helbert Figueir\u00f3 de Lourdes assumiu o comando-geral Pol\u00edcia Militar de Minas Gerais, durante solenidade realizada na segunda-feira (30), em Belo Horizonte e presidida pelo governador Fernando Pimentel. O coronel Helbert substitui o coronel Marco Ant\u00f4nio Badar\u00f3 Bianchini, que entrou para a reforma. \u201cA presen\u00e7a, aqui, de tantas autoridades representativas do nosso estado registra\" \/>\n\t\t<meta name=\"twitter:image\" content=\"https:\/\/scontent-gig4-1.xx.fbcdn.net\/v\/t39.30808-1\/270437624_4564083193639691_6907940295614233970_n.jpg?stp=dst-jpg_s200x200_tt6&amp;_nc_cat=111&amp;ccb=1-7&amp;_nc_sid=f907e8&amp;_nc_ohc=SM1wRlP3lJwQ7kNvwEPuBYA&amp;_nc_oc=AdnqrjDN_BNjSSHWO-GbkIWH6fkGMLw4bqvL_NH6e2wMveX7G-rP2dAqsDSq1mJMOaY&amp;_nc_zt=24&amp;_nc_ht=scontent-gig4-1.xx&amp;_nc_gid=AoBFJeGrT1hVaew_6rchkQ&amp;oh=00_AfX7QmFGhQhG2jAllVgXCiM1ZrWgvtp80-Bfppyexh1QEg&amp;oe=689E923C\" \/>\n\t\t<script type=\"application\/ld+json\" class=\"aioseo-schema\">\n\t\t\t{\"@context\":\"https:\\\/\\\/schema.org\",\"@graph\":[{\"@type\":\"BlogPosting\",\"@id\":\"https:\\\/\\\/anoticiaonline.com.br\\\/site\\\/coronel-helbert-figueiro-e-o-novo-comandante-geral-da-pmmg\\\/#blogposting\",\"name\":\"Coronel Helbert Figueir\\u00f3 \\u00e9 o novo comandante-geral da PMMG - A Not\\u00edcia Online\",\"headline\":\"Coronel Helbert Figueir\\u00f3 \\u00e9 o novo comandante-geral da PMMG\",\"author\":{\"@id\":\"https:\\\/\\\/anoticiaonline.com.br\\\/site\\\/author\\\/juliana\\\/#author\"},\"publisher\":{\"@id\":\"https:\\\/\\\/anoticiaonline.com.br\\\/site\\\/#organization\"},\"image\":{\"@type\":\"ImageObject\",\"url\":\"https:\\\/\\\/anoticiaonline.com.br\\\/site\\\/wp-content\\\/uploads\\\/2017\\\/01\\\/MMN_2898.jpg\",\"width\":640,\"height\":427,\"caption\":\"Os coron\\u00e9is Bianchini e Helbert durante solenidade de passagem de comando (Foto: Manoel Marques\\\/Imprensa MG)\"},\"datePublished\":\"2017-01-30T14:34:42-03:00\",\"dateModified\":\"2017-01-30T14:42:08-03:00\",\"inLanguage\":\"pt-BR\",\"mainEntityOfPage\":{\"@id\":\"https:\\\/\\\/anoticiaonline.com.br\\\/site\\\/coronel-helbert-figueiro-e-o-novo-comandante-geral-da-pmmg\\\/#webpage\"},\"isPartOf\":{\"@id\":\"https:\\\/\\\/anoticiaonline.com.br\\\/site\\\/coronel-helbert-figueiro-e-o-novo-comandante-geral-da-pmmg\\\/#webpage\"},\"articleSection\":\"Gerais, slide\"},{\"@type\":\"BreadcrumbList\",\"@id\":\"https:\\\/\\\/anoticiaonline.com.br\\\/site\\\/coronel-helbert-figueiro-e-o-novo-comandante-geral-da-pmmg\\\/#breadcrumblist\",\"itemListElement\":[{\"@type\":\"ListItem\",\"@id\":\"https:\\\/\\\/anoticiaonline.com.br\\\/site#listItem\",\"position\":1,\"name\":\"Home\",\"item\":\"https:\\\/\\\/anoticiaonline.com.br\\\/site\",\"nextItem\":{\"@type\":\"ListItem\",\"@id\":\"https:\\\/\\\/anoticiaonline.com.br\\\/site\\\/categoria\\\/gerais\\\/#listItem\",\"name\":\"Gerais\"}},{\"@type\":\"ListItem\",\"@id\":\"https:\\\/\\\/anoticiaonline.com.br\\\/site\\\/categoria\\\/gerais\\\/#listItem\",\"position\":2,\"name\":\"Gerais\",\"item\":\"https:\\\/\\\/anoticiaonline.com.br\\\/site\\\/categoria\\\/gerais\\\/\",\"nextItem\":{\"@type\":\"ListItem\",\"@id\":\"https:\\\/\\\/anoticiaonline.com.br\\\/site\\\/coronel-helbert-figueiro-e-o-novo-comandante-geral-da-pmmg\\\/#listItem\",\"name\":\"Coronel Helbert Figueir\\u00f3 \\u00e9 o novo comandante-geral da PMMG\"},\"previousItem\":{\"@type\":\"ListItem\",\"@id\":\"https:\\\/\\\/anoticiaonline.com.br\\\/site#listItem\",\"name\":\"Home\"}},{\"@type\":\"ListItem\",\"@id\":\"https:\\\/\\\/anoticiaonline.com.br\\\/site\\\/coronel-helbert-figueiro-e-o-novo-comandante-geral-da-pmmg\\\/#listItem\",\"position\":3,\"name\":\"Coronel Helbert Figueir\\u00f3 \\u00e9 o novo comandante-geral da PMMG\",\"previousItem\":{\"@type\":\"ListItem\",\"@id\":\"https:\\\/\\\/anoticiaonline.com.br\\\/site\\\/categoria\\\/gerais\\\/#listItem\",\"name\":\"Gerais\"}}]},{\"@type\":\"Organization\",\"@id\":\"https:\\\/\\\/anoticiaonline.com.br\\\/site\\\/#organization\",\"name\":\"A Not\\u00edcia Online\",\"description\":\"Noticias de Muria\\u00e9 e regi\\u00e3o\",\"url\":\"https:\\\/\\\/anoticiaonline.com.br\\\/site\\\/\",\"logo\":{\"@type\":\"ImageObject\",\"url\":\"https:\\\/\\\/scontent-gig4-1.xx.fbcdn.net\\\/v\\\/t39.30808-1\\\/270437624_4564083193639691_6907940295614233970_n.jpg?stp=dst-jpg_s200x200_tt6&_nc_cat=111&ccb=1-7&_nc_sid=f907e8&_nc_ohc=SM1wRlP3lJwQ7kNvwEPuBYA&_nc_oc=AdnqrjDN_BNjSSHWO-GbkIWH6fkGMLw4bqvL_NH6e2wMveX7G-rP2dAqsDSq1mJMOaY&_nc_zt=24&_nc_ht=scontent-gig4-1.xx&_nc_gid=AoBFJeGrT1hVaew_6rchkQ&oh=00_AfX7QmFGhQhG2jAllVgXCiM1ZrWgvtp80-Bfppyexh1QEg&oe=689E923C\",\"@id\":\"https:\\\/\\\/anoticiaonline.com.br\\\/site\\\/coronel-helbert-figueiro-e-o-novo-comandante-geral-da-pmmg\\\/#organizationLogo\"},\"image\":{\"@id\":\"https:\\\/\\\/anoticiaonline.com.br\\\/site\\\/coronel-helbert-figueiro-e-o-novo-comandante-geral-da-pmmg\\\/#organizationLogo\"}},{\"@type\":\"Person\",\"@id\":\"https:\\\/\\\/anoticiaonline.com.br\\\/site\\\/author\\\/juliana\\\/#author\",\"url\":\"https:\\\/\\\/anoticiaonline.com.br\\\/site\\\/author\\\/juliana\\\/\",\"name\":\"Juliana Laviola\",\"image\":{\"@type\":\"ImageObject\",\"@id\":\"https:\\\/\\\/anoticiaonline.com.br\\\/site\\\/coronel-helbert-figueiro-e-o-novo-comandante-geral-da-pmmg\\\/#authorImage\",\"url\":\"https:\\\/\\\/secure.gravatar.com\\\/avatar\\\/b8d45f5c699b100dfaf0e543582f38f38bf94cb7ae3a5e9abf8d891a34773335?s=96&d=mm&r=g\",\"width\":96,\"height\":96,\"caption\":\"Juliana Laviola\"}},{\"@type\":\"WebPage\",\"@id\":\"https:\\\/\\\/anoticiaonline.com.br\\\/site\\\/coronel-helbert-figueiro-e-o-novo-comandante-geral-da-pmmg\\\/#webpage\",\"url\":\"https:\\\/\\\/anoticiaonline.com.br\\\/site\\\/coronel-helbert-figueiro-e-o-novo-comandante-geral-da-pmmg\\\/\",\"name\":\"Coronel Helbert Figueir\\u00f3 \\u00e9 o novo comandante-geral da PMMG - A Not\\u00edcia Online\",\"description\":\"O coronel Helbert Figueir\\u00f3 de Lourdes assumiu o comando-geral Pol\\u00edcia Militar de Minas Gerais, durante solenidade realizada na segunda-feira (30), em Belo Horizonte e presidida pelo governador Fernando Pimentel. O coronel Helbert substitui o coronel Marco Ant\\u00f4nio Badar\\u00f3 Bianchini, que entrou para a reforma. \\u201cA presen\\u00e7a, aqui, de tantas autoridades representativas do nosso estado registra\",\"inLanguage\":\"pt-BR\",\"isPartOf\":{\"@id\":\"https:\\\/\\\/anoticiaonline.com.br\\\/site\\\/#website\"},\"breadcrumb\":{\"@id\":\"https:\\\/\\\/anoticiaonline.com.br\\\/site\\\/coronel-helbert-figueiro-e-o-novo-comandante-geral-da-pmmg\\\/#breadcrumblist\"},\"author\":{\"@id\":\"https:\\\/\\\/anoticiaonline.com.br\\\/site\\\/author\\\/juliana\\\/#author\"},\"creator\":{\"@id\":\"https:\\\/\\\/anoticiaonline.com.br\\\/site\\\/author\\\/juliana\\\/#author\"},\"image\":{\"@type\":\"ImageObject\",\"url\":\"https:\\\/\\\/anoticiaonline.com.br\\\/site\\\/wp-content\\\/uploads\\\/2017\\\/01\\\/MMN_2898.jpg\",\"@id\":\"https:\\\/\\\/anoticiaonline.com.br\\\/site\\\/coronel-helbert-figueiro-e-o-novo-comandante-geral-da-pmmg\\\/#mainImage\",\"width\":640,\"height\":427,\"caption\":\"Os coron\\u00e9is Bianchini e Helbert durante solenidade de passagem de comando (Foto: Manoel Marques\\\/Imprensa MG)\"},\"primaryImageOfPage\":{\"@id\":\"https:\\\/\\\/anoticiaonline.com.br\\\/site\\\/coronel-helbert-figueiro-e-o-novo-comandante-geral-da-pmmg\\\/#mainImage\"},\"datePublished\":\"2017-01-30T14:34:42-03:00\",\"dateModified\":\"2017-01-30T14:42:08-03:00\"},{\"@type\":\"WebSite\",\"@id\":\"https:\\\/\\\/anoticiaonline.com.br\\\/site\\\/#website\",\"url\":\"https:\\\/\\\/anoticiaonline.com.br\\\/site\\\/\",\"name\":\"A Not\\u00edcia Online\",\"description\":\"Noticias de Muria\\u00e9 e regi\\u00e3o\",\"inLanguage\":\"pt-BR\",\"publisher\":{\"@id\":\"https:\\\/\\\/anoticiaonline.com.br\\\/site\\\/#organization\"}}]}\n\t\t<\/script>\n\t\t<!-- All in One SEO -->\n\n","aioseo_head_json":{"title":"Coronel Helbert Figueir\u00f3 \u00e9 o novo comandante-geral da PMMG - A Not\u00edcia Online","description":"O coronel Helbert Figueir\u00f3 de Lourdes assumiu o comando-geral Pol\u00edcia Militar de Minas Gerais, durante solenidade realizada na segunda-feira (30), em Belo Horizonte e presidida pelo governador Fernando Pimentel. O coronel Helbert substitui o coronel Marco Ant\u00f4nio Badar\u00f3 Bianchini, que entrou para a reforma. \u201cA presen\u00e7a, aqui, de tantas autoridades representativas do nosso estado registra","canonical_url":"https:\/\/anoticiaonline.com.br\/site\/coronel-helbert-figueiro-e-o-novo-comandante-geral-da-pmmg\/","robots":"max-image-preview:large","keywords":"","webmasterTools":{"miscellaneous":""},"schema":{"@context":"https:\/\/schema.org","@graph":[{"@type":"BlogPosting","@id":"https:\/\/anoticiaonline.com.br\/site\/coronel-helbert-figueiro-e-o-novo-comandante-geral-da-pmmg\/#blogposting","name":"Coronel Helbert Figueir\u00f3 \u00e9 o novo comandante-geral da PMMG - A Not\u00edcia Online","headline":"Coronel Helbert Figueir\u00f3 \u00e9 o novo comandante-geral da PMMG","author":{"@id":"https:\/\/anoticiaonline.com.br\/site\/author\/juliana\/#author"},"publisher":{"@id":"https:\/\/anoticiaonline.com.br\/site\/#organization"},"image":{"@type":"ImageObject","url":"https:\/\/anoticiaonline.com.br\/site\/wp-content\/uploads\/2017\/01\/MMN_2898.jpg","width":640,"height":427,"caption":"Os coron\u00e9is Bianchini e Helbert durante solenidade de passagem de comando (Foto: Manoel Marques\/Imprensa MG)"},"datePublished":"2017-01-30T14:34:42-03:00","dateModified":"2017-01-30T14:42:08-03:00","inLanguage":"pt-BR","mainEntityOfPage":{"@id":"https:\/\/anoticiaonline.com.br\/site\/coronel-helbert-figueiro-e-o-novo-comandante-geral-da-pmmg\/#webpage"},"isPartOf":{"@id":"https:\/\/anoticiaonline.com.br\/site\/coronel-helbert-figueiro-e-o-novo-comandante-geral-da-pmmg\/#webpage"},"articleSection":"Gerais, slide"},{"@type":"BreadcrumbList","@id":"https:\/\/anoticiaonline.com.br\/site\/coronel-helbert-figueiro-e-o-novo-comandante-geral-da-pmmg\/#breadcrumblist","itemListElement":[{"@type":"ListItem","@id":"https:\/\/anoticiaonline.com.br\/site#listItem","position":1,"name":"Home","item":"https:\/\/anoticiaonline.com.br\/site","nextItem":{"@type":"ListItem","@id":"https:\/\/anoticiaonline.com.br\/site\/categoria\/gerais\/#listItem","name":"Gerais"}},{"@type":"ListItem","@id":"https:\/\/anoticiaonline.com.br\/site\/categoria\/gerais\/#listItem","position":2,"name":"Gerais","item":"https:\/\/anoticiaonline.com.br\/site\/categoria\/gerais\/","nextItem":{"@type":"ListItem","@id":"https:\/\/anoticiaonline.com.br\/site\/coronel-helbert-figueiro-e-o-novo-comandante-geral-da-pmmg\/#listItem","name":"Coronel Helbert Figueir\u00f3 \u00e9 o novo comandante-geral da PMMG"},"previousItem":{"@type":"ListItem","@id":"https:\/\/anoticiaonline.com.br\/site#listItem","name":"Home"}},{"@type":"ListItem","@id":"https:\/\/anoticiaonline.com.br\/site\/coronel-helbert-figueiro-e-o-novo-comandante-geral-da-pmmg\/#listItem","position":3,"name":"Coronel Helbert Figueir\u00f3 \u00e9 o novo comandante-geral da PMMG","previousItem":{"@type":"ListItem","@id":"https:\/\/anoticiaonline.com.br\/site\/categoria\/gerais\/#listItem","name":"Gerais"}}]},{"@type":"Organization","@id":"https:\/\/anoticiaonline.com.br\/site\/#organization","name":"A Not\u00edcia Online","description":"Noticias de Muria\u00e9 e regi\u00e3o","url":"https:\/\/anoticiaonline.com.br\/site\/","logo":{"@type":"ImageObject","url":"https:\/\/scontent-gig4-1.xx.fbcdn.net\/v\/t39.30808-1\/270437624_4564083193639691_6907940295614233970_n.jpg?stp=dst-jpg_s200x200_tt6&_nc_cat=111&ccb=1-7&_nc_sid=f907e8&_nc_ohc=SM1wRlP3lJwQ7kNvwEPuBYA&_nc_oc=AdnqrjDN_BNjSSHWO-GbkIWH6fkGMLw4bqvL_NH6e2wMveX7G-rP2dAqsDSq1mJMOaY&_nc_zt=24&_nc_ht=scontent-gig4-1.xx&_nc_gid=AoBFJeGrT1hVaew_6rchkQ&oh=00_AfX7QmFGhQhG2jAllVgXCiM1ZrWgvtp80-Bfppyexh1QEg&oe=689E923C","@id":"https:\/\/anoticiaonline.com.br\/site\/coronel-helbert-figueiro-e-o-novo-comandante-geral-da-pmmg\/#organizationLogo"},"image":{"@id":"https:\/\/anoticiaonline.com.br\/site\/coronel-helbert-figueiro-e-o-novo-comandante-geral-da-pmmg\/#organizationLogo"}},{"@type":"Person","@id":"https:\/\/anoticiaonline.com.br\/site\/author\/juliana\/#author","url":"https:\/\/anoticiaonline.com.br\/site\/author\/juliana\/","name":"Juliana Laviola","image":{"@type":"ImageObject","@id":"https:\/\/anoticiaonline.com.br\/site\/coronel-helbert-figueiro-e-o-novo-comandante-geral-da-pmmg\/#authorImage","url":"https:\/\/secure.gravatar.com\/avatar\/b8d45f5c699b100dfaf0e543582f38f38bf94cb7ae3a5e9abf8d891a34773335?s=96&d=mm&r=g","width":96,"height":96,"caption":"Juliana Laviola"}},{"@type":"WebPage","@id":"https:\/\/anoticiaonline.com.br\/site\/coronel-helbert-figueiro-e-o-novo-comandante-geral-da-pmmg\/#webpage","url":"https:\/\/anoticiaonline.com.br\/site\/coronel-helbert-figueiro-e-o-novo-comandante-geral-da-pmmg\/","name":"Coronel Helbert Figueir\u00f3 \u00e9 o novo comandante-geral da PMMG - A Not\u00edcia Online","description":"O coronel Helbert Figueir\u00f3 de Lourdes assumiu o comando-geral Pol\u00edcia Militar de Minas Gerais, durante solenidade realizada na segunda-feira (30), em Belo Horizonte e presidida pelo governador Fernando Pimentel. O coronel Helbert substitui o coronel Marco Ant\u00f4nio Badar\u00f3 Bianchini, que entrou para a reforma. \u201cA presen\u00e7a, aqui, de tantas autoridades representativas do nosso estado registra","inLanguage":"pt-BR","isPartOf":{"@id":"https:\/\/anoticiaonline.com.br\/site\/#website"},"breadcrumb":{"@id":"https:\/\/anoticiaonline.com.br\/site\/coronel-helbert-figueiro-e-o-novo-comandante-geral-da-pmmg\/#breadcrumblist"},"author":{"@id":"https:\/\/anoticiaonline.com.br\/site\/author\/juliana\/#author"},"creator":{"@id":"https:\/\/anoticiaonline.com.br\/site\/author\/juliana\/#author"},"image":{"@type":"ImageObject","url":"https:\/\/anoticiaonline.com.br\/site\/wp-content\/uploads\/2017\/01\/MMN_2898.jpg","@id":"https:\/\/anoticiaonline.com.br\/site\/coronel-helbert-figueiro-e-o-novo-comandante-geral-da-pmmg\/#mainImage","width":640,"height":427,"caption":"Os coron\u00e9is Bianchini e Helbert durante solenidade de passagem de comando (Foto: Manoel Marques\/Imprensa MG)"},"primaryImageOfPage":{"@id":"https:\/\/anoticiaonline.com.br\/site\/coronel-helbert-figueiro-e-o-novo-comandante-geral-da-pmmg\/#mainImage"},"datePublished":"2017-01-30T14:34:42-03:00","dateModified":"2017-01-30T14:42:08-03:00"},{"@type":"WebSite","@id":"https:\/\/anoticiaonline.com.br\/site\/#website","url":"https:\/\/anoticiaonline.com.br\/site\/","name":"A Not\u00edcia Online","description":"Noticias de Muria\u00e9 e regi\u00e3o","inLanguage":"pt-BR","publisher":{"@id":"https:\/\/anoticiaonline.com.br\/site\/#organization"}}]},"og:locale":"pt_BR","og:site_name":"A Not\u00edcia Online - Noticias de Muria\u00e9 e regi\u00e3o","og:type":"article","og:title":"Coronel Helbert Figueir\u00f3 \u00e9 o novo comandante-geral da PMMG - A Not\u00edcia Online","og:description":"O coronel Helbert Figueir\u00f3 de Lourdes assumiu o comando-geral Pol\u00edcia Militar de Minas Gerais, durante solenidade realizada na segunda-feira (30), em Belo Horizonte e presidida pelo governador Fernando Pimentel. O coronel Helbert substitui o coronel Marco Ant\u00f4nio Badar\u00f3 Bianchini, que entrou para a reforma. \u201cA presen\u00e7a, aqui, de tantas autoridades representativas do nosso estado registra","og:url":"https:\/\/anoticiaonline.com.br\/site\/coronel-helbert-figueiro-e-o-novo-comandante-geral-da-pmmg\/","og:image":"https:\/\/scontent-gig4-1.xx.fbcdn.net\/v\/t39.30808-1\/270437624_4564083193639691_6907940295614233970_n.jpg?stp=dst-jpg_s200x200_tt6&#038;_nc_cat=111&#038;ccb=1-7&#038;_nc_sid=f907e8&#038;_nc_ohc=SM1wRlP3lJwQ7kNvwEPuBYA&#038;_nc_oc=AdnqrjDN_BNjSSHWO-GbkIWH6fkGMLw4bqvL_NH6e2wMveX7G-rP2dAqsDSq1mJMOaY&#038;_nc_zt=24&#038;_nc_ht=scontent-gig4-1.xx&#038;_nc_gid=AoBFJeGrT1hVaew_6rchkQ&#038;oh=00_AfX7QmFGhQhG2jAllVgXCiM1ZrWgvtp80-Bfppyexh1QEg&#038;oe=689E923C","og:image:secure_url":"https:\/\/scontent-gig4-1.xx.fbcdn.net\/v\/t39.30808-1\/270437624_4564083193639691_6907940295614233970_n.jpg?stp=dst-jpg_s200x200_tt6&#038;_nc_cat=111&#038;ccb=1-7&#038;_nc_sid=f907e8&#038;_nc_ohc=SM1wRlP3lJwQ7kNvwEPuBYA&#038;_nc_oc=AdnqrjDN_BNjSSHWO-GbkIWH6fkGMLw4bqvL_NH6e2wMveX7G-rP2dAqsDSq1mJMOaY&#038;_nc_zt=24&#038;_nc_ht=scontent-gig4-1.xx&#038;_nc_gid=AoBFJeGrT1hVaew_6rchkQ&#038;oh=00_AfX7QmFGhQhG2jAllVgXCiM1ZrWgvtp80-Bfppyexh1QEg&#038;oe=689E923C","article:published_time":"2017-01-30T17:34:42+00:00","article:modified_time":"2017-01-30T17:42:08+00:00","twitter:card":"summary_large_image","twitter:title":"Coronel Helbert Figueir\u00f3 \u00e9 o novo comandante-geral da PMMG - A Not\u00edcia Online","twitter:description":"O coronel Helbert Figueir\u00f3 de Lourdes assumiu o comando-geral Pol\u00edcia Militar de Minas Gerais, durante solenidade realizada na segunda-feira (30), em Belo Horizonte e presidida pelo governador Fernando Pimentel. O coronel Helbert substitui o coronel Marco Ant\u00f4nio Badar\u00f3 Bianchini, que entrou para a reforma. \u201cA presen\u00e7a, aqui, de tantas autoridades representativas do nosso estado registra","twitter:image":"https:\/\/scontent-gig4-1.xx.fbcdn.net\/v\/t39.30808-1\/270437624_4564083193639691_6907940295614233970_n.jpg?stp=dst-jpg_s200x200_tt6&_nc_cat=111&ccb=1-7&_nc_sid=f907e8&_nc_ohc=SM1wRlP3lJwQ7kNvwEPuBYA&_nc_oc=AdnqrjDN_BNjSSHWO-GbkIWH6fkGMLw4bqvL_NH6e2wMveX7G-rP2dAqsDSq1mJMOaY&_nc_zt=24&_nc_ht=scontent-gig4-1.xx&_nc_gid=AoBFJeGrT1hVaew_6rchkQ&oh=00_AfX7QmFGhQhG2jAllVgXCiM1ZrWgvtp80-Bfppyexh1QEg&oe=689E923C"},"aioseo_meta_data":{"post_id":"23840","title":null,"description":null,"keywords":null,"keyphrases":null,"primary_term":null,"canonical_url":null,"og_title":null,"og_description":null,"og_object_type":"default","og_image_type":"default","og_image_url":null,"og_image_width":null,"og_image_height":null,"og_image_custom_url":null,"og_image_custom_fields":null,"og_video":null,"og_custom_url":null,"og_article_section":null,"og_article_tags":null,"twitter_use_og":false,"twitter_card":"default","twitter_image_type":"default","twitter_image_url":null,"twitter_image_custom_url":null,"twitter_image_custom_fields":null,"twitter_title":null,"twitter_description":null,"schema":{"blockGraphs":[],"customGraphs":[],"default":{"data":{"Article":[],"Course":[],"Dataset":[],"FAQPage":[],"Movie":[],"Person":[],"Product":[],"ProductReview":[],"Car":[],"Recipe":[],"Service":[],"SoftwareApplication":[],"WebPage":[]},"graphName":"","isEnabled":true},"graphs":[]},"schema_type":"default","schema_type_options":null,"pillar_content":false,"robots_default":true,"robots_noindex":false,"robots_noarchive":false,"robots_nosnippet":false,"robots_nofollow":false,"robots_noimageindex":false,"robots_noodp":false,"robots_notranslate":false,"robots_max_snippet":null,"robots_max_videopreview":null,"robots_max_imagepreview":"large","priority":null,"frequency":null,"local_seo":null,"breadcrumb_settings":null,"limit_modified_date":false,"ai":null,"created":"2025-08-16 17:28:32","updated":"2025-08-16 17:28:32","focus_keyword":null,"additional_keywords":null,"truseo_locale":null,"seo_analyzer_scan_date":null},"aioseo_breadcrumb":"<div class=\"aioseo-breadcrumbs\"><span class=\"aioseo-breadcrumb\">\n\t\t\t<a href=\"https:\/\/anoticiaonline.com.br\/site\" title=\"Home\">Home<\/a>\n\t\t<\/span><span class=\"aioseo-breadcrumb-separator\">&raquo;<\/span><span class=\"aioseo-breadcrumb\">\n\t\t\t<a href=\"https:\/\/anoticiaonline.com.br\/site\/categoria\/gerais\/\" title=\"Gerais\">Gerais<\/a>\n\t\t<\/span><span class=\"aioseo-breadcrumb-separator\">&raquo;<\/span><span class=\"aioseo-breadcrumb\">\n\t\t\tCoronel Helbert Figueir\u00f3 \u00e9 o novo comandante-geral da PMMG\n\t\t<\/span><\/div>","aioseo_breadcrumb_json":[{"label":"Home","link":"https:\/\/anoticiaonline.com.br\/site"},{"label":"Gerais","link":"https:\/\/anoticiaonline.com.br\/site\/categoria\/gerais\/"},{"label":"Coronel Helbert Figueir\u00f3 \u00e9 o novo comandante-geral da PMMG","link":"https:\/\/anoticiaonline.com.br\/site\/coronel-helbert-figueiro-e-o-novo-comandante-geral-da-pmmg\/"}],"views":247,"_links":{"self":[{"href":"https:\/\/anoticiaonline.com.br\/site\/wp-json\/wp\/v2\/posts\/23840","targetHints":{"allow":["GET"]}}],"collection":[{"href":"https:\/\/anoticiaonline.com.br\/site\/wp-json\/wp\/v2\/posts"}],"about":[{"href":"https:\/\/anoticiaonline.com.br\/site\/wp-json\/wp\/v2\/types\/post"}],"author":[{"embeddable":true,"href":"https:\/\/anoticiaonline.com.br\/site\/wp-json\/wp\/v2\/users\/2"}],"replies":[{"embeddable":true,"href":"https:\/\/anoticiaonline.com.br\/site\/wp-json\/wp\/v2\/comments?post=23840"}],"version-history":[{"count":0,"href":"https:\/\/anoticiaonline.com.br\/site\/wp-json\/wp\/v2\/posts\/23840\/revisions"}],"wp:featuredmedia":[{"embeddable":true,"href":"https:\/\/anoticiaonline.com.br\/site\/wp-json\/wp\/v2\/media\/23841"}],"wp:attachment":[{"href":"https:\/\/anoticiaonline.com.br\/site\/wp-json\/wp\/v2\/media?parent=23840"}],"wp:term":[{"taxonomy":"category","embeddable":true,"href":"https:\/\/anoticiaonline.com.br\/site\/wp-json\/wp\/v2\/categories?post=23840"},{"taxonomy":"post_tag","embeddable":true,"href":"https:\/\/anoticiaonline.com.br\/site\/wp-json\/wp\/v2\/tags?post=23840"}],"curies":[{"name":"wp","href":"https:\/\/api.w.org\/{rel}","templated":true}]}}