{"id":23833,"date":"2017-01-23T17:20:20","date_gmt":"2017-01-23T20:20:20","guid":{"rendered":"http:\/\/anoticiaonline.com.br\/site\/?p=23833"},"modified":"2017-01-23T17:23:54","modified_gmt":"2017-01-23T20:23:54","slug":"demuttran-promove-palestra-de-orientacao-para-taxistas","status":"publish","type":"post","link":"https:\/\/anoticiaonline.com.br\/site\/demuttran-promove-palestra-de-orientacao-para-taxistas\/","title":{"rendered":"Demuttran promove palestra de orienta\u00e7\u00e3o para taxistas"},"content":{"rendered":"<p><a href=\"https:\/\/anoticiaonline.com.br\/site\/wp-content\/uploads\/2017\/01\/IMG_5219.jpg\"><img fetchpriority=\"high\" decoding=\"async\" class=\" size-medium wp-image-23835 alignleft\" src=\"https:\/\/anoticiaonline.com.br\/site\/wp-content\/uploads\/2017\/01\/IMG_5231-300x200.jpg\" alt=\"IMG_5231\" width=\"300\" height=\"200\" srcset=\"https:\/\/anoticiaonline.com.br\/site\/wp-content\/uploads\/2017\/01\/IMG_5231-300x200.jpg 300w, https:\/\/anoticiaonline.com.br\/site\/wp-content\/uploads\/2017\/01\/IMG_5231.jpg 640w\" sizes=\"(max-width: 300px) 100vw, 300px\" \/><img decoding=\"async\" class=\" size-medium wp-image-23834 alignleft\" src=\"https:\/\/anoticiaonline.com.br\/site\/wp-content\/uploads\/2017\/01\/IMG_5219-300x200.jpg\" alt=\"IMG_5219\" width=\"300\" height=\"200\" srcset=\"https:\/\/anoticiaonline.com.br\/site\/wp-content\/uploads\/2017\/01\/IMG_5219-300x200.jpg 300w, https:\/\/anoticiaonline.com.br\/site\/wp-content\/uploads\/2017\/01\/IMG_5219.jpg 640w\" sizes=\"(max-width: 300px) 100vw, 300px\" \/><\/a> \u00a0<a href=\"https:\/\/anoticiaonline.com.br\/site\/wp-content\/uploads\/2017\/01\/IMG_5280.jpg\"><img decoding=\"async\" class=\" size-medium wp-image-23836 alignleft\" src=\"https:\/\/anoticiaonline.com.br\/site\/wp-content\/uploads\/2017\/01\/IMG_5280-300x200.jpg\" alt=\"IMG_5280\" width=\"300\" height=\"200\" srcset=\"https:\/\/anoticiaonline.com.br\/site\/wp-content\/uploads\/2017\/01\/IMG_5280-300x200.jpg 300w, https:\/\/anoticiaonline.com.br\/site\/wp-content\/uploads\/2017\/01\/IMG_5280.jpg 640w\" sizes=\"(max-width: 300px) 100vw, 300px\" \/><\/a>Com o objetivo de promover o contato inicial entre a nova equipe do Departamento Municipal de Transportes e Tr\u00e2nsito (Demuttran) e os taxistas de Muria\u00e9, o diretor do \u00f3rg\u00e3o, capit\u00e3o Ivanin Pimentel, convocou a categoria para participar de reuni\u00e3o, que aconteceu na noite de quinta-feira (19), no Teatro Zaccaria Marques.<\/p>\n<p>Durante o encontro, Pimentel procurou orientar os taxistas sobre a import\u00e2ncia de se cumprir todos os itens da legisla\u00e7\u00e3o que regulamenta o transporte p\u00fablico fretado no munic\u00edpio. Ele explicou que as infra\u00e7\u00f5es s\u00e3o pass\u00edveis de puni\u00e7\u00f5es, indo desde o pagamento de multas, que come\u00e7am em R$130,79, at\u00e9 a revoga\u00e7\u00e3o da permiss\u00e3o para o servi\u00e7o de t\u00e1xi.<\/p>\n<p>Dentre as poss\u00edveis infra\u00e7\u00f5es, o diretor lembrou que uma das mais recorrentes na cidade \u00e9 a realiza\u00e7\u00e3o de corridas com valor estimado sem a utiliza\u00e7\u00e3o do tax\u00edmetro &#8211; algo que, de acordo com ele, n\u00e3o ser\u00e1 mais tolerado pelo \u00f3rg\u00e3o. E alertou para situa\u00e7\u00f5es mais graves, como auxiliar em a\u00e7\u00f5es criminosas ou facilitar a fuga de pessoas procuradas pela pol\u00edcia. Vale lembrar que, na mesma noite da reuni\u00e3o, um taxista foi preso durante a opera\u00e7\u00e3o &#8220;Controle&#8221;, da Pol\u00edcia Civil de Muria\u00e9, acusado de carregar produtos furtados, al\u00e9m de estar com a habilita\u00e7\u00e3o cassada. O ve\u00edculo foi apreendido pelas autoridades, e o Demuttran j\u00e1 trabalha nas medidas cab\u00edveis para o caso.<\/p>\n<p>O prefeito Grego, por sua vez, salientou que a administra\u00e7\u00e3o est\u00e1 aberta ao di\u00e1logo e pronta para atender as demandas da categoria. Mas tamb\u00e9m destacou a necessidade de haver contrapartida.<\/p>\n<p>&#8220;Sempre que for necess\u00e1rio, os taxistas poder\u00e3o nos procurar. Estaremos sempre dispostos a ouvir todas as solicita\u00e7\u00f5es e a solucion\u00e1-las, desde que sejam solu\u00e7\u00f5es permitidas por lei&#8221;, afirma. &#8220;Mas, da mesma forma que vamos buscar resolver as demandas, tamb\u00e9m vamos fiscalizar e cobrar de cada um que o servi\u00e7o seja realizado com respeito aos direitos dos passageiros&#8221;, completa.<\/p>\n<p>Grego lembrou, ainda, que o primeiro passo pode ser dado com medidas simples, como estar vestido adequadamente durante o hor\u00e1rio de trabalho, tratar os passageiros com cortesia, permanecer com o tax\u00edmetro sempre em funcionamento e evitar fumar dentro do ve\u00edculo.<\/p>\n<p>Al\u00e9m do prefeito e da equipe do Demuttran, a reuni\u00e3o teve ainda a participa\u00e7\u00e3o de representantes da Pol\u00edcia Militar, da Pol\u00edcia Rodovi\u00e1ria Federal e do Corpo de Bombeiros.<\/p>\n<p>Confira, abaixo, as principais infra\u00e7\u00f5es citadas durante a palestra, bem como suas respectivas puni\u00e7\u00f5es:<\/p>\n<p>INFRA\u00c7\u00d5ES PASS\u00cdVEIS DE MULTA DE R$130,79<br \/>\n&#8211; N\u00e3o comunicar, formalmente, \u00e0 Prefeitura, para efeito de cadastramento, as admiss\u00f5es e demiss\u00f5es de motoristas auxiliares;<br \/>\n&#8211; Dirigir o ve\u00edculo de servi\u00e7o estando trajado inconvenientemente durante o hor\u00e1rio de trabalho;<br \/>\n&#8211; Fumar, quando transportando passageiros;<br \/>\n&#8211; Lavar o ve\u00edculo no ponto ou em logradouro p\u00fablico, prejudicando o estado de conserva\u00e7\u00e3o ou a higiene deste;<br \/>\n&#8211; Manter em servi\u00e7o ve\u00edculo com estofamento defeituoso ou sem higiene;<br \/>\n&#8211; Manter, no ve\u00edculo de servi\u00e7o, inscri\u00e7\u00e3o, desenho ou decalque n\u00e3o autorizado pela Prefeitura;<br \/>\n&#8211; Manter em servi\u00e7o ve\u00edculo com portas em mal funcionamento;<br \/>\n&#8211; Manter em servi\u00e7o ve\u00edculo sem ilumina\u00e7\u00e3o interna ou sem equipamento luminoso.<\/p>\n<p>INFRA\u00c7\u00d5ES PASS\u00cdVEIS DE MULTA DE R$261,58<br \/>\n&#8211; N\u00e3o cumprir editais, avisos, determina\u00e7\u00f5es, circulares, instru\u00e7\u00f5es ou ordens de servi\u00e7o;<br \/>\n&#8211; Trafegar sem a documenta\u00e7\u00e3o exigida pela legisla\u00e7\u00e3o vigente (pass\u00edvel tamb\u00e9m de apreens\u00e3o do ve\u00edculo);<br \/>\n&#8211; N\u00e3o adotar tratamento especial destinado a gestantes, pessoas idosas ou a portadores de defici\u00eancia;<br \/>\n&#8211; Destratar ou amea\u00e7ar passageiros;<br \/>\n&#8211; Abastecer o ve\u00edculo, quando transportando passageiros;<br \/>\n&#8211; Porta-se de forma inadequada no ponto de t\u00e1xi ou em servi\u00e7o;<br \/>\n&#8211; Manter em servi\u00e7o ve\u00edculo sem vidros ou com vidros quebrados;<br \/>\n&#8211; Manter em servi\u00e7o ve\u00edculo cuja carroceria n\u00e3o esteja em bom estado;<br \/>\n&#8211; Manter em servi\u00e7o ve\u00edculo com pneus lisos, que n\u00e3o ofere\u00e7am seguran\u00e7a;<br \/>\n&#8211; Manter em servi\u00e7o ve\u00edculo com tax\u00edmetro danificado;<br \/>\n&#8211; Manter em servi\u00e7o ve\u00edculo sem selo de vistoria.<\/p>\n<p>INFRA\u00c7\u00d5ES PASS\u00cdVEIS DE MULTA DE R$392,37<br \/>\n&#8211; Estar em servi\u00e7o sem outorga de permiss\u00e3o devidamente regularizada junto \u00e0 Prefeitura;<br \/>\n&#8211; Recusar passageiros;<br \/>\n&#8211; Usar de itiner\u00e1rios desnecess\u00e1rios para auferir, indevidamente, maior lucro;<br \/>\n&#8211; Agredir fisicamente passageiro ou fiscal;<br \/>\n&#8211; Cobrar al\u00e9m da tarifa registrada no tax\u00edmetro, ou, no caso de haver tabela de corre\u00e7\u00e3o de valores taxim\u00e9tricos autorizada, cobrar al\u00e9m do valor indicado na mesma;<br \/>\n&#8211; Cobrar Bandeira 2 fora dos hor\u00e1rios, dias e limites previstos em regulamento;<br \/>\n&#8211; Manter em servi\u00e7o ve\u00edculo sem autoriza\u00e7\u00e3o da Prefeitura;<br \/>\n&#8211; N\u00e3o cumprir a programa\u00e7\u00e3o visual prevista em regulamento.<\/p>\n<p>INFRA\u00c7\u00d5ES PASS\u00cdVEIS DE REVOGA\u00c7\u00c3O DA PERMISS\u00c3O DE T\u00c1XI:<br \/>\n&#8211; Violar o tax\u00edmetro;<br \/>\n&#8211; Facilitar a fuga de elementos perseguidos pelas autoridades competentes;<br \/>\n&#8211; Dirigir o ve\u00edculo em estado de embriaguez ou sob a\u00e7\u00e3o de entorpecentes;<br \/>\n&#8211; Manter em servi\u00e7o ve\u00edculo movido a combust\u00edvel cuja utiliza\u00e7\u00e3o seja proibida.<\/p>\n","protected":false},"excerpt":{"rendered":"<p>\u00a0Com o objetivo de promover o contato inicial entre a nova equipe do Departamento Municipal de Transportes e Tr\u00e2nsito (Demuttran) e os taxistas de Muria\u00e9, o diretor do \u00f3rg\u00e3o, capit\u00e3o Ivanin Pimentel, convocou a categoria para participar de reuni\u00e3o, que aconteceu na noite de quinta-feira (19), no Teatro Zaccaria Marques. Durante o encontro, Pimentel procurou &#8230; <a title=\"Demuttran promove palestra de orienta\u00e7\u00e3o para taxistas\" class=\"read-more\" href=\"https:\/\/anoticiaonline.com.br\/site\/demuttran-promove-palestra-de-orientacao-para-taxistas\/\" aria-label=\"Read more about Demuttran promove palestra de orienta\u00e7\u00e3o para taxistas\">Ler mais<\/a><\/p>\n","protected":false},"author":2,"featured_media":23835,"comment_status":"open","ping_status":"open","sticky":false,"template":"","format":"standard","meta":{"_acf_changed":false,"_monsterinsights_skip_tracking":false,"footnotes":""},"categories":[30,45],"tags":[3],"class_list":["post-23833","post","type-post","status-publish","format-standard","has-post-thumbnail","hentry","category-muriae","category-transito","tag-slide"],"acf":[],"aioseo_notices":[],"aioseo_head":"\n\t\t<!-- All in One SEO 5.0.0.1 - aioseo.com -->\n\t<meta name=\"description\" content=\"Com o objetivo de promover o contato inicial entre a nova equipe do Departamento Municipal de Transportes e Tr\u00e2nsito (Demuttran) e os taxistas de Muria\u00e9, o diretor do \u00f3rg\u00e3o, capit\u00e3o Ivanin Pimentel, convocou a categoria para participar de reuni\u00e3o, que aconteceu na noite de quinta-feira (19), no Teatro Zaccaria Marques. Durante o encontro, Pimentel procurou\" \/>\n\t<meta name=\"robots\" content=\"max-image-preview:large\" \/>\n\t<meta name=\"author\" content=\"Juliana Laviola\"\/>\n\t<link rel=\"canonical\" href=\"https:\/\/anoticiaonline.com.br\/site\/demuttran-promove-palestra-de-orientacao-para-taxistas\/\" \/>\n\t<meta name=\"generator\" content=\"All in One SEO (AIOSEO) 5.0.0.1\" \/>\n\t\t<meta property=\"og:locale\" content=\"pt_BR\" \/>\n\t\t<meta property=\"og:site_name\" content=\"A Not\u00edcia Online - Noticias de Muria\u00e9 e regi\u00e3o\" \/>\n\t\t<meta property=\"og:type\" content=\"article\" \/>\n\t\t<meta property=\"og:title\" content=\"Demuttran promove palestra de orienta\u00e7\u00e3o para taxistas - A Not\u00edcia Online\" \/>\n\t\t<meta property=\"og:description\" content=\"Com o objetivo de promover o contato inicial entre a nova equipe do Departamento Municipal de Transportes e Tr\u00e2nsito (Demuttran) e os taxistas de Muria\u00e9, o diretor do \u00f3rg\u00e3o, capit\u00e3o Ivanin Pimentel, convocou a categoria para participar de reuni\u00e3o, que aconteceu na noite de quinta-feira (19), no Teatro Zaccaria Marques. Durante o encontro, Pimentel procurou\" \/>\n\t\t<meta property=\"og:url\" content=\"https:\/\/anoticiaonline.com.br\/site\/demuttran-promove-palestra-de-orientacao-para-taxistas\/\" \/>\n\t\t<meta property=\"og:image\" content=\"https:\/\/scontent-gig4-1.xx.fbcdn.net\/v\/t39.30808-1\/270437624_4564083193639691_6907940295614233970_n.jpg?stp=dst-jpg_s200x200_tt6&#038;_nc_cat=111&#038;ccb=1-7&#038;_nc_sid=f907e8&#038;_nc_ohc=SM1wRlP3lJwQ7kNvwEPuBYA&#038;_nc_oc=AdnqrjDN_BNjSSHWO-GbkIWH6fkGMLw4bqvL_NH6e2wMveX7G-rP2dAqsDSq1mJMOaY&#038;_nc_zt=24&#038;_nc_ht=scontent-gig4-1.xx&#038;_nc_gid=AoBFJeGrT1hVaew_6rchkQ&#038;oh=00_AfX7QmFGhQhG2jAllVgXCiM1ZrWgvtp80-Bfppyexh1QEg&#038;oe=689E923C\" \/>\n\t\t<meta property=\"og:image:secure_url\" content=\"https:\/\/scontent-gig4-1.xx.fbcdn.net\/v\/t39.30808-1\/270437624_4564083193639691_6907940295614233970_n.jpg?stp=dst-jpg_s200x200_tt6&#038;_nc_cat=111&#038;ccb=1-7&#038;_nc_sid=f907e8&#038;_nc_ohc=SM1wRlP3lJwQ7kNvwEPuBYA&#038;_nc_oc=AdnqrjDN_BNjSSHWO-GbkIWH6fkGMLw4bqvL_NH6e2wMveX7G-rP2dAqsDSq1mJMOaY&#038;_nc_zt=24&#038;_nc_ht=scontent-gig4-1.xx&#038;_nc_gid=AoBFJeGrT1hVaew_6rchkQ&#038;oh=00_AfX7QmFGhQhG2jAllVgXCiM1ZrWgvtp80-Bfppyexh1QEg&#038;oe=689E923C\" \/>\n\t\t<meta property=\"article:published_time\" content=\"2017-01-23T20:20:20+00:00\" \/>\n\t\t<meta property=\"article:modified_time\" content=\"2017-01-23T20:23:54+00:00\" \/>\n\t\t<meta name=\"twitter:card\" content=\"summary_large_image\" \/>\n\t\t<meta name=\"twitter:title\" content=\"Demuttran promove palestra de orienta\u00e7\u00e3o para taxistas - A Not\u00edcia Online\" \/>\n\t\t<meta name=\"twitter:description\" content=\"Com o objetivo de promover o contato inicial entre a nova equipe do Departamento Municipal de Transportes e Tr\u00e2nsito (Demuttran) e os taxistas de Muria\u00e9, o diretor do \u00f3rg\u00e3o, capit\u00e3o Ivanin Pimentel, convocou a categoria para participar de reuni\u00e3o, que aconteceu na noite de quinta-feira (19), no Teatro Zaccaria Marques. Durante o encontro, Pimentel procurou\" \/>\n\t\t<meta name=\"twitter:image\" content=\"https:\/\/scontent-gig4-1.xx.fbcdn.net\/v\/t39.30808-1\/270437624_4564083193639691_6907940295614233970_n.jpg?stp=dst-jpg_s200x200_tt6&amp;_nc_cat=111&amp;ccb=1-7&amp;_nc_sid=f907e8&amp;_nc_ohc=SM1wRlP3lJwQ7kNvwEPuBYA&amp;_nc_oc=AdnqrjDN_BNjSSHWO-GbkIWH6fkGMLw4bqvL_NH6e2wMveX7G-rP2dAqsDSq1mJMOaY&amp;_nc_zt=24&amp;_nc_ht=scontent-gig4-1.xx&amp;_nc_gid=AoBFJeGrT1hVaew_6rchkQ&amp;oh=00_AfX7QmFGhQhG2jAllVgXCiM1ZrWgvtp80-Bfppyexh1QEg&amp;oe=689E923C\" \/>\n\t\t<script type=\"application\/ld+json\" class=\"aioseo-schema\">\n\t\t\t{\"@context\":\"https:\\\/\\\/schema.org\",\"@graph\":[{\"@type\":\"BlogPosting\",\"@id\":\"https:\\\/\\\/anoticiaonline.com.br\\\/site\\\/demuttran-promove-palestra-de-orientacao-para-taxistas\\\/#blogposting\",\"name\":\"Demuttran promove palestra de orienta\\u00e7\\u00e3o para taxistas - A Not\\u00edcia Online\",\"headline\":\"Demuttran promove palestra de orienta\\u00e7\\u00e3o para taxistas\",\"author\":{\"@id\":\"https:\\\/\\\/anoticiaonline.com.br\\\/site\\\/author\\\/juliana\\\/#author\"},\"publisher\":{\"@id\":\"https:\\\/\\\/anoticiaonline.com.br\\\/site\\\/#organization\"},\"image\":{\"@type\":\"ImageObject\",\"url\":\"https:\\\/\\\/anoticiaonline.com.br\\\/site\\\/wp-content\\\/uploads\\\/2017\\\/01\\\/IMG_5231.jpg\",\"width\":640,\"height\":427},\"datePublished\":\"2017-01-23T17:20:20-03:00\",\"dateModified\":\"2017-01-23T17:23:54-03:00\",\"inLanguage\":\"pt-BR\",\"mainEntityOfPage\":{\"@id\":\"https:\\\/\\\/anoticiaonline.com.br\\\/site\\\/demuttran-promove-palestra-de-orientacao-para-taxistas\\\/#webpage\"},\"isPartOf\":{\"@id\":\"https:\\\/\\\/anoticiaonline.com.br\\\/site\\\/demuttran-promove-palestra-de-orientacao-para-taxistas\\\/#webpage\"},\"articleSection\":\"Blog, Tr\\u00e2nsito, slide\"},{\"@type\":\"BreadcrumbList\",\"@id\":\"https:\\\/\\\/anoticiaonline.com.br\\\/site\\\/demuttran-promove-palestra-de-orientacao-para-taxistas\\\/#breadcrumblist\",\"itemListElement\":[{\"@type\":\"ListItem\",\"@id\":\"https:\\\/\\\/anoticiaonline.com.br\\\/site#listItem\",\"position\":1,\"name\":\"Home\",\"item\":\"https:\\\/\\\/anoticiaonline.com.br\\\/site\",\"nextItem\":{\"@type\":\"ListItem\",\"@id\":\"https:\\\/\\\/anoticiaonline.com.br\\\/site\\\/categoria\\\/muriae\\\/#listItem\",\"name\":\"Blog\"}},{\"@type\":\"ListItem\",\"@id\":\"https:\\\/\\\/anoticiaonline.com.br\\\/site\\\/categoria\\\/muriae\\\/#listItem\",\"position\":2,\"name\":\"Blog\",\"item\":\"https:\\\/\\\/anoticiaonline.com.br\\\/site\\\/categoria\\\/muriae\\\/\",\"nextItem\":{\"@type\":\"ListItem\",\"@id\":\"https:\\\/\\\/anoticiaonline.com.br\\\/site\\\/categoria\\\/muriae\\\/transito\\\/#listItem\",\"name\":\"Tr\\u00e2nsito\"},\"previousItem\":{\"@type\":\"ListItem\",\"@id\":\"https:\\\/\\\/anoticiaonline.com.br\\\/site#listItem\",\"name\":\"Home\"}},{\"@type\":\"ListItem\",\"@id\":\"https:\\\/\\\/anoticiaonline.com.br\\\/site\\\/categoria\\\/muriae\\\/transito\\\/#listItem\",\"position\":3,\"name\":\"Tr\\u00e2nsito\",\"item\":\"https:\\\/\\\/anoticiaonline.com.br\\\/site\\\/categoria\\\/muriae\\\/transito\\\/\",\"nextItem\":{\"@type\":\"ListItem\",\"@id\":\"https:\\\/\\\/anoticiaonline.com.br\\\/site\\\/demuttran-promove-palestra-de-orientacao-para-taxistas\\\/#listItem\",\"name\":\"Demuttran promove palestra de orienta\\u00e7\\u00e3o para taxistas\"},\"previousItem\":{\"@type\":\"ListItem\",\"@id\":\"https:\\\/\\\/anoticiaonline.com.br\\\/site\\\/categoria\\\/muriae\\\/#listItem\",\"name\":\"Blog\"}},{\"@type\":\"ListItem\",\"@id\":\"https:\\\/\\\/anoticiaonline.com.br\\\/site\\\/demuttran-promove-palestra-de-orientacao-para-taxistas\\\/#listItem\",\"position\":4,\"name\":\"Demuttran promove palestra de orienta\\u00e7\\u00e3o para taxistas\",\"previousItem\":{\"@type\":\"ListItem\",\"@id\":\"https:\\\/\\\/anoticiaonline.com.br\\\/site\\\/categoria\\\/muriae\\\/transito\\\/#listItem\",\"name\":\"Tr\\u00e2nsito\"}}]},{\"@type\":\"Organization\",\"@id\":\"https:\\\/\\\/anoticiaonline.com.br\\\/site\\\/#organization\",\"name\":\"A Not\\u00edcia Online\",\"description\":\"Noticias de Muria\\u00e9 e regi\\u00e3o\",\"url\":\"https:\\\/\\\/anoticiaonline.com.br\\\/site\\\/\",\"logo\":{\"@type\":\"ImageObject\",\"url\":\"https:\\\/\\\/scontent-gig4-1.xx.fbcdn.net\\\/v\\\/t39.30808-1\\\/270437624_4564083193639691_6907940295614233970_n.jpg?stp=dst-jpg_s200x200_tt6&_nc_cat=111&ccb=1-7&_nc_sid=f907e8&_nc_ohc=SM1wRlP3lJwQ7kNvwEPuBYA&_nc_oc=AdnqrjDN_BNjSSHWO-GbkIWH6fkGMLw4bqvL_NH6e2wMveX7G-rP2dAqsDSq1mJMOaY&_nc_zt=24&_nc_ht=scontent-gig4-1.xx&_nc_gid=AoBFJeGrT1hVaew_6rchkQ&oh=00_AfX7QmFGhQhG2jAllVgXCiM1ZrWgvtp80-Bfppyexh1QEg&oe=689E923C\",\"@id\":\"https:\\\/\\\/anoticiaonline.com.br\\\/site\\\/demuttran-promove-palestra-de-orientacao-para-taxistas\\\/#organizationLogo\"},\"image\":{\"@id\":\"https:\\\/\\\/anoticiaonline.com.br\\\/site\\\/demuttran-promove-palestra-de-orientacao-para-taxistas\\\/#organizationLogo\"}},{\"@type\":\"Person\",\"@id\":\"https:\\\/\\\/anoticiaonline.com.br\\\/site\\\/author\\\/juliana\\\/#author\",\"url\":\"https:\\\/\\\/anoticiaonline.com.br\\\/site\\\/author\\\/juliana\\\/\",\"name\":\"Juliana Laviola\",\"image\":{\"@type\":\"ImageObject\",\"@id\":\"https:\\\/\\\/anoticiaonline.com.br\\\/site\\\/demuttran-promove-palestra-de-orientacao-para-taxistas\\\/#authorImage\",\"url\":\"https:\\\/\\\/secure.gravatar.com\\\/avatar\\\/b8d45f5c699b100dfaf0e543582f38f38bf94cb7ae3a5e9abf8d891a34773335?s=96&d=mm&r=g\",\"width\":96,\"height\":96,\"caption\":\"Juliana Laviola\"}},{\"@type\":\"WebPage\",\"@id\":\"https:\\\/\\\/anoticiaonline.com.br\\\/site\\\/demuttran-promove-palestra-de-orientacao-para-taxistas\\\/#webpage\",\"url\":\"https:\\\/\\\/anoticiaonline.com.br\\\/site\\\/demuttran-promove-palestra-de-orientacao-para-taxistas\\\/\",\"name\":\"Demuttran promove palestra de orienta\\u00e7\\u00e3o para taxistas - A Not\\u00edcia Online\",\"description\":\"Com o objetivo de promover o contato inicial entre a nova equipe do Departamento Municipal de Transportes e Tr\\u00e2nsito (Demuttran) e os taxistas de Muria\\u00e9, o diretor do \\u00f3rg\\u00e3o, capit\\u00e3o Ivanin Pimentel, convocou a categoria para participar de reuni\\u00e3o, que aconteceu na noite de quinta-feira (19), no Teatro Zaccaria Marques. Durante o encontro, Pimentel procurou\",\"inLanguage\":\"pt-BR\",\"isPartOf\":{\"@id\":\"https:\\\/\\\/anoticiaonline.com.br\\\/site\\\/#website\"},\"breadcrumb\":{\"@id\":\"https:\\\/\\\/anoticiaonline.com.br\\\/site\\\/demuttran-promove-palestra-de-orientacao-para-taxistas\\\/#breadcrumblist\"},\"author\":{\"@id\":\"https:\\\/\\\/anoticiaonline.com.br\\\/site\\\/author\\\/juliana\\\/#author\"},\"creator\":{\"@id\":\"https:\\\/\\\/anoticiaonline.com.br\\\/site\\\/author\\\/juliana\\\/#author\"},\"image\":{\"@type\":\"ImageObject\",\"url\":\"https:\\\/\\\/anoticiaonline.com.br\\\/site\\\/wp-content\\\/uploads\\\/2017\\\/01\\\/IMG_5231.jpg\",\"@id\":\"https:\\\/\\\/anoticiaonline.com.br\\\/site\\\/demuttran-promove-palestra-de-orientacao-para-taxistas\\\/#mainImage\",\"width\":640,\"height\":427},\"primaryImageOfPage\":{\"@id\":\"https:\\\/\\\/anoticiaonline.com.br\\\/site\\\/demuttran-promove-palestra-de-orientacao-para-taxistas\\\/#mainImage\"},\"datePublished\":\"2017-01-23T17:20:20-03:00\",\"dateModified\":\"2017-01-23T17:23:54-03:00\"},{\"@type\":\"WebSite\",\"@id\":\"https:\\\/\\\/anoticiaonline.com.br\\\/site\\\/#website\",\"url\":\"https:\\\/\\\/anoticiaonline.com.br\\\/site\\\/\",\"name\":\"A Not\\u00edcia Online\",\"description\":\"Noticias de Muria\\u00e9 e regi\\u00e3o\",\"inLanguage\":\"pt-BR\",\"publisher\":{\"@id\":\"https:\\\/\\\/anoticiaonline.com.br\\\/site\\\/#organization\"}}]}\n\t\t<\/script>\n\t\t<!-- All in One SEO -->\n\n","aioseo_head_json":{"title":"Demuttran promove palestra de orienta\u00e7\u00e3o para taxistas - A Not\u00edcia Online","description":"Com o objetivo de promover o contato inicial entre a nova equipe do Departamento Municipal de Transportes e Tr\u00e2nsito (Demuttran) e os taxistas de Muria\u00e9, o diretor do \u00f3rg\u00e3o, capit\u00e3o Ivanin Pimentel, convocou a categoria para participar de reuni\u00e3o, que aconteceu na noite de quinta-feira (19), no Teatro Zaccaria Marques. Durante o encontro, Pimentel procurou","canonical_url":"https:\/\/anoticiaonline.com.br\/site\/demuttran-promove-palestra-de-orientacao-para-taxistas\/","robots":"max-image-preview:large","keywords":"","webmasterTools":{"miscellaneous":""},"schema":{"@context":"https:\/\/schema.org","@graph":[{"@type":"BlogPosting","@id":"https:\/\/anoticiaonline.com.br\/site\/demuttran-promove-palestra-de-orientacao-para-taxistas\/#blogposting","name":"Demuttran promove palestra de orienta\u00e7\u00e3o para taxistas - A Not\u00edcia Online","headline":"Demuttran promove palestra de orienta\u00e7\u00e3o para taxistas","author":{"@id":"https:\/\/anoticiaonline.com.br\/site\/author\/juliana\/#author"},"publisher":{"@id":"https:\/\/anoticiaonline.com.br\/site\/#organization"},"image":{"@type":"ImageObject","url":"https:\/\/anoticiaonline.com.br\/site\/wp-content\/uploads\/2017\/01\/IMG_5231.jpg","width":640,"height":427},"datePublished":"2017-01-23T17:20:20-03:00","dateModified":"2017-01-23T17:23:54-03:00","inLanguage":"pt-BR","mainEntityOfPage":{"@id":"https:\/\/anoticiaonline.com.br\/site\/demuttran-promove-palestra-de-orientacao-para-taxistas\/#webpage"},"isPartOf":{"@id":"https:\/\/anoticiaonline.com.br\/site\/demuttran-promove-palestra-de-orientacao-para-taxistas\/#webpage"},"articleSection":"Blog, Tr\u00e2nsito, slide"},{"@type":"BreadcrumbList","@id":"https:\/\/anoticiaonline.com.br\/site\/demuttran-promove-palestra-de-orientacao-para-taxistas\/#breadcrumblist","itemListElement":[{"@type":"ListItem","@id":"https:\/\/anoticiaonline.com.br\/site#listItem","position":1,"name":"Home","item":"https:\/\/anoticiaonline.com.br\/site","nextItem":{"@type":"ListItem","@id":"https:\/\/anoticiaonline.com.br\/site\/categoria\/muriae\/#listItem","name":"Blog"}},{"@type":"ListItem","@id":"https:\/\/anoticiaonline.com.br\/site\/categoria\/muriae\/#listItem","position":2,"name":"Blog","item":"https:\/\/anoticiaonline.com.br\/site\/categoria\/muriae\/","nextItem":{"@type":"ListItem","@id":"https:\/\/anoticiaonline.com.br\/site\/categoria\/muriae\/transito\/#listItem","name":"Tr\u00e2nsito"},"previousItem":{"@type":"ListItem","@id":"https:\/\/anoticiaonline.com.br\/site#listItem","name":"Home"}},{"@type":"ListItem","@id":"https:\/\/anoticiaonline.com.br\/site\/categoria\/muriae\/transito\/#listItem","position":3,"name":"Tr\u00e2nsito","item":"https:\/\/anoticiaonline.com.br\/site\/categoria\/muriae\/transito\/","nextItem":{"@type":"ListItem","@id":"https:\/\/anoticiaonline.com.br\/site\/demuttran-promove-palestra-de-orientacao-para-taxistas\/#listItem","name":"Demuttran promove palestra de orienta\u00e7\u00e3o para taxistas"},"previousItem":{"@type":"ListItem","@id":"https:\/\/anoticiaonline.com.br\/site\/categoria\/muriae\/#listItem","name":"Blog"}},{"@type":"ListItem","@id":"https:\/\/anoticiaonline.com.br\/site\/demuttran-promove-palestra-de-orientacao-para-taxistas\/#listItem","position":4,"name":"Demuttran promove palestra de orienta\u00e7\u00e3o para taxistas","previousItem":{"@type":"ListItem","@id":"https:\/\/anoticiaonline.com.br\/site\/categoria\/muriae\/transito\/#listItem","name":"Tr\u00e2nsito"}}]},{"@type":"Organization","@id":"https:\/\/anoticiaonline.com.br\/site\/#organization","name":"A Not\u00edcia Online","description":"Noticias de Muria\u00e9 e regi\u00e3o","url":"https:\/\/anoticiaonline.com.br\/site\/","logo":{"@type":"ImageObject","url":"https:\/\/scontent-gig4-1.xx.fbcdn.net\/v\/t39.30808-1\/270437624_4564083193639691_6907940295614233970_n.jpg?stp=dst-jpg_s200x200_tt6&_nc_cat=111&ccb=1-7&_nc_sid=f907e8&_nc_ohc=SM1wRlP3lJwQ7kNvwEPuBYA&_nc_oc=AdnqrjDN_BNjSSHWO-GbkIWH6fkGMLw4bqvL_NH6e2wMveX7G-rP2dAqsDSq1mJMOaY&_nc_zt=24&_nc_ht=scontent-gig4-1.xx&_nc_gid=AoBFJeGrT1hVaew_6rchkQ&oh=00_AfX7QmFGhQhG2jAllVgXCiM1ZrWgvtp80-Bfppyexh1QEg&oe=689E923C","@id":"https:\/\/anoticiaonline.com.br\/site\/demuttran-promove-palestra-de-orientacao-para-taxistas\/#organizationLogo"},"image":{"@id":"https:\/\/anoticiaonline.com.br\/site\/demuttran-promove-palestra-de-orientacao-para-taxistas\/#organizationLogo"}},{"@type":"Person","@id":"https:\/\/anoticiaonline.com.br\/site\/author\/juliana\/#author","url":"https:\/\/anoticiaonline.com.br\/site\/author\/juliana\/","name":"Juliana Laviola","image":{"@type":"ImageObject","@id":"https:\/\/anoticiaonline.com.br\/site\/demuttran-promove-palestra-de-orientacao-para-taxistas\/#authorImage","url":"https:\/\/secure.gravatar.com\/avatar\/b8d45f5c699b100dfaf0e543582f38f38bf94cb7ae3a5e9abf8d891a34773335?s=96&d=mm&r=g","width":96,"height":96,"caption":"Juliana Laviola"}},{"@type":"WebPage","@id":"https:\/\/anoticiaonline.com.br\/site\/demuttran-promove-palestra-de-orientacao-para-taxistas\/#webpage","url":"https:\/\/anoticiaonline.com.br\/site\/demuttran-promove-palestra-de-orientacao-para-taxistas\/","name":"Demuttran promove palestra de orienta\u00e7\u00e3o para taxistas - A Not\u00edcia Online","description":"Com o objetivo de promover o contato inicial entre a nova equipe do Departamento Municipal de Transportes e Tr\u00e2nsito (Demuttran) e os taxistas de Muria\u00e9, o diretor do \u00f3rg\u00e3o, capit\u00e3o Ivanin Pimentel, convocou a categoria para participar de reuni\u00e3o, que aconteceu na noite de quinta-feira (19), no Teatro Zaccaria Marques. Durante o encontro, Pimentel procurou","inLanguage":"pt-BR","isPartOf":{"@id":"https:\/\/anoticiaonline.com.br\/site\/#website"},"breadcrumb":{"@id":"https:\/\/anoticiaonline.com.br\/site\/demuttran-promove-palestra-de-orientacao-para-taxistas\/#breadcrumblist"},"author":{"@id":"https:\/\/anoticiaonline.com.br\/site\/author\/juliana\/#author"},"creator":{"@id":"https:\/\/anoticiaonline.com.br\/site\/author\/juliana\/#author"},"image":{"@type":"ImageObject","url":"https:\/\/anoticiaonline.com.br\/site\/wp-content\/uploads\/2017\/01\/IMG_5231.jpg","@id":"https:\/\/anoticiaonline.com.br\/site\/demuttran-promove-palestra-de-orientacao-para-taxistas\/#mainImage","width":640,"height":427},"primaryImageOfPage":{"@id":"https:\/\/anoticiaonline.com.br\/site\/demuttran-promove-palestra-de-orientacao-para-taxistas\/#mainImage"},"datePublished":"2017-01-23T17:20:20-03:00","dateModified":"2017-01-23T17:23:54-03:00"},{"@type":"WebSite","@id":"https:\/\/anoticiaonline.com.br\/site\/#website","url":"https:\/\/anoticiaonline.com.br\/site\/","name":"A Not\u00edcia Online","description":"Noticias de Muria\u00e9 e regi\u00e3o","inLanguage":"pt-BR","publisher":{"@id":"https:\/\/anoticiaonline.com.br\/site\/#organization"}}]},"og:locale":"pt_BR","og:site_name":"A Not\u00edcia Online - Noticias de Muria\u00e9 e regi\u00e3o","og:type":"article","og:title":"Demuttran promove palestra de orienta\u00e7\u00e3o para taxistas - A Not\u00edcia Online","og:description":"Com o objetivo de promover o contato inicial entre a nova equipe do Departamento Municipal de Transportes e Tr\u00e2nsito (Demuttran) e os taxistas de Muria\u00e9, o diretor do \u00f3rg\u00e3o, capit\u00e3o Ivanin Pimentel, convocou a categoria para participar de reuni\u00e3o, que aconteceu na noite de quinta-feira (19), no Teatro Zaccaria Marques. Durante o encontro, Pimentel procurou","og:url":"https:\/\/anoticiaonline.com.br\/site\/demuttran-promove-palestra-de-orientacao-para-taxistas\/","og:image":"https:\/\/scontent-gig4-1.xx.fbcdn.net\/v\/t39.30808-1\/270437624_4564083193639691_6907940295614233970_n.jpg?stp=dst-jpg_s200x200_tt6&#038;_nc_cat=111&#038;ccb=1-7&#038;_nc_sid=f907e8&#038;_nc_ohc=SM1wRlP3lJwQ7kNvwEPuBYA&#038;_nc_oc=AdnqrjDN_BNjSSHWO-GbkIWH6fkGMLw4bqvL_NH6e2wMveX7G-rP2dAqsDSq1mJMOaY&#038;_nc_zt=24&#038;_nc_ht=scontent-gig4-1.xx&#038;_nc_gid=AoBFJeGrT1hVaew_6rchkQ&#038;oh=00_AfX7QmFGhQhG2jAllVgXCiM1ZrWgvtp80-Bfppyexh1QEg&#038;oe=689E923C","og:image:secure_url":"https:\/\/scontent-gig4-1.xx.fbcdn.net\/v\/t39.30808-1\/270437624_4564083193639691_6907940295614233970_n.jpg?stp=dst-jpg_s200x200_tt6&#038;_nc_cat=111&#038;ccb=1-7&#038;_nc_sid=f907e8&#038;_nc_ohc=SM1wRlP3lJwQ7kNvwEPuBYA&#038;_nc_oc=AdnqrjDN_BNjSSHWO-GbkIWH6fkGMLw4bqvL_NH6e2wMveX7G-rP2dAqsDSq1mJMOaY&#038;_nc_zt=24&#038;_nc_ht=scontent-gig4-1.xx&#038;_nc_gid=AoBFJeGrT1hVaew_6rchkQ&#038;oh=00_AfX7QmFGhQhG2jAllVgXCiM1ZrWgvtp80-Bfppyexh1QEg&#038;oe=689E923C","article:published_time":"2017-01-23T20:20:20+00:00","article:modified_time":"2017-01-23T20:23:54+00:00","twitter:card":"summary_large_image","twitter:title":"Demuttran promove palestra de orienta\u00e7\u00e3o para taxistas - A Not\u00edcia Online","twitter:description":"Com o objetivo de promover o contato inicial entre a nova equipe do Departamento Municipal de Transportes e Tr\u00e2nsito (Demuttran) e os taxistas de Muria\u00e9, o diretor do \u00f3rg\u00e3o, capit\u00e3o Ivanin Pimentel, convocou a categoria para participar de reuni\u00e3o, que aconteceu na noite de quinta-feira (19), no Teatro Zaccaria Marques. Durante o encontro, Pimentel procurou","twitter:image":"https:\/\/scontent-gig4-1.xx.fbcdn.net\/v\/t39.30808-1\/270437624_4564083193639691_6907940295614233970_n.jpg?stp=dst-jpg_s200x200_tt6&_nc_cat=111&ccb=1-7&_nc_sid=f907e8&_nc_ohc=SM1wRlP3lJwQ7kNvwEPuBYA&_nc_oc=AdnqrjDN_BNjSSHWO-GbkIWH6fkGMLw4bqvL_NH6e2wMveX7G-rP2dAqsDSq1mJMOaY&_nc_zt=24&_nc_ht=scontent-gig4-1.xx&_nc_gid=AoBFJeGrT1hVaew_6rchkQ&oh=00_AfX7QmFGhQhG2jAllVgXCiM1ZrWgvtp80-Bfppyexh1QEg&oe=689E923C"},"aioseo_meta_data":{"post_id":"23833","title":null,"description":null,"keywords":null,"keyphrases":null,"primary_term":null,"canonical_url":null,"og_title":null,"og_description":null,"og_object_type":"default","og_image_type":"default","og_image_url":null,"og_image_width":null,"og_image_height":null,"og_image_custom_url":null,"og_image_custom_fields":null,"og_video":null,"og_custom_url":null,"og_article_section":null,"og_article_tags":null,"twitter_use_og":false,"twitter_card":"default","twitter_image_type":"default","twitter_image_url":null,"twitter_image_custom_url":null,"twitter_image_custom_fields":null,"twitter_title":null,"twitter_description":null,"schema":{"blockGraphs":[],"customGraphs":[],"default":{"data":{"Article":[],"Course":[],"Dataset":[],"FAQPage":[],"Movie":[],"Person":[],"Product":[],"ProductReview":[],"Car":[],"Recipe":[],"Service":[],"SoftwareApplication":[],"WebPage":[]},"graphName":"","isEnabled":true},"graphs":[]},"schema_type":"default","schema_type_options":null,"pillar_content":false,"robots_default":true,"robots_noindex":false,"robots_noarchive":false,"robots_nosnippet":false,"robots_nofollow":false,"robots_noimageindex":false,"robots_noodp":false,"robots_notranslate":false,"robots_max_snippet":null,"robots_max_videopreview":null,"robots_max_imagepreview":"large","priority":null,"frequency":null,"local_seo":null,"breadcrumb_settings":null,"limit_modified_date":false,"ai":null,"created":"2025-08-16 17:28:32","updated":"2025-08-16 17:28:32","focus_keyword":null,"additional_keywords":null,"truseo_locale":null,"seo_analyzer_scan_date":null},"aioseo_breadcrumb":"<div class=\"aioseo-breadcrumbs\"><span class=\"aioseo-breadcrumb\">\n\t\t\t<a href=\"https:\/\/anoticiaonline.com.br\/site\" title=\"Home\">Home<\/a>\n\t\t<\/span><span class=\"aioseo-breadcrumb-separator\">&raquo;<\/span><span class=\"aioseo-breadcrumb\">\n\t\t\t<a href=\"https:\/\/anoticiaonline.com.br\/site\/categoria\/muriae\/\" title=\"Blog\">Blog<\/a>\n\t\t<\/span><span class=\"aioseo-breadcrumb-separator\">&raquo;<\/span><span class=\"aioseo-breadcrumb\">\n\t\t\t<a href=\"https:\/\/anoticiaonline.com.br\/site\/categoria\/muriae\/transito\/\" title=\"Tr\u00e2nsito\">Tr\u00e2nsito<\/a>\n\t\t<\/span><span class=\"aioseo-breadcrumb-separator\">&raquo;<\/span><span class=\"aioseo-breadcrumb\">\n\t\t\tDemuttran promove palestra de orienta\u00e7\u00e3o para taxistas\n\t\t<\/span><\/div>","aioseo_breadcrumb_json":[{"label":"Home","link":"https:\/\/anoticiaonline.com.br\/site"},{"label":"Blog","link":"https:\/\/anoticiaonline.com.br\/site\/categoria\/muriae\/"},{"label":"Tr\u00e2nsito","link":"https:\/\/anoticiaonline.com.br\/site\/categoria\/muriae\/transito\/"},{"label":"Demuttran promove palestra de orienta\u00e7\u00e3o para taxistas","link":"https:\/\/anoticiaonline.com.br\/site\/demuttran-promove-palestra-de-orientacao-para-taxistas\/"}],"views":123,"_links":{"self":[{"href":"https:\/\/anoticiaonline.com.br\/site\/wp-json\/wp\/v2\/posts\/23833","targetHints":{"allow":["GET"]}}],"collection":[{"href":"https:\/\/anoticiaonline.com.br\/site\/wp-json\/wp\/v2\/posts"}],"about":[{"href":"https:\/\/anoticiaonline.com.br\/site\/wp-json\/wp\/v2\/types\/post"}],"author":[{"embeddable":true,"href":"https:\/\/anoticiaonline.com.br\/site\/wp-json\/wp\/v2\/users\/2"}],"replies":[{"embeddable":true,"href":"https:\/\/anoticiaonline.com.br\/site\/wp-json\/wp\/v2\/comments?post=23833"}],"version-history":[{"count":0,"href":"https:\/\/anoticiaonline.com.br\/site\/wp-json\/wp\/v2\/posts\/23833\/revisions"}],"wp:featuredmedia":[{"embeddable":true,"href":"https:\/\/anoticiaonline.com.br\/site\/wp-json\/wp\/v2\/media\/23835"}],"wp:attachment":[{"href":"https:\/\/anoticiaonline.com.br\/site\/wp-json\/wp\/v2\/media?parent=23833"}],"wp:term":[{"taxonomy":"category","embeddable":true,"href":"https:\/\/anoticiaonline.com.br\/site\/wp-json\/wp\/v2\/categories?post=23833"},{"taxonomy":"post_tag","embeddable":true,"href":"https:\/\/anoticiaonline.com.br\/site\/wp-json\/wp\/v2\/tags?post=23833"}],"curies":[{"name":"wp","href":"https:\/\/api.w.org\/{rel}","templated":true}]}}