{"id":23827,"date":"2017-01-20T17:11:33","date_gmt":"2017-01-20T20:11:33","guid":{"rendered":"http:\/\/anoticiaonline.com.br\/site\/?p=23827"},"modified":"2017-01-23T17:13:10","modified_gmt":"2017-01-23T20:13:10","slug":"magazine-manfrata-entrega-fraldas-para-idosos-do-lar-ozanam","status":"publish","type":"post","link":"https:\/\/anoticiaonline.com.br\/site\/magazine-manfrata-entrega-fraldas-para-idosos-do-lar-ozanam\/","title":{"rendered":"Magazine Manfrata entrega fraldas para idosos do Lar Ozanam"},"content":{"rendered":"<figure id=\"attachment_23828\" aria-describedby=\"caption-attachment-23828\" style=\"width: 290px\" class=\"wp-caption alignleft\"><a href=\"https:\/\/anoticiaonline.com.br\/site\/wp-content\/uploads\/2017\/01\/3a1ef230-d67d-43ef-b53c-b4fb29a6304e.jpg\"><img fetchpriority=\"high\" decoding=\"async\" class=\"size-medium wp-image-23828\" src=\"https:\/\/anoticiaonline.com.br\/site\/wp-content\/uploads\/2017\/01\/3a1ef230-d67d-43ef-b53c-b4fb29a6304e-300x169.jpg\" alt=\"Entrega sendo feita por Lauriani Rodolphi e Lislane\" width=\"300\" height=\"169\" srcset=\"https:\/\/anoticiaonline.com.br\/site\/wp-content\/uploads\/2017\/01\/3a1ef230-d67d-43ef-b53c-b4fb29a6304e-300x169.jpg 300w, https:\/\/anoticiaonline.com.br\/site\/wp-content\/uploads\/2017\/01\/3a1ef230-d67d-43ef-b53c-b4fb29a6304e.jpg 640w\" sizes=\"(max-width: 300px) 100vw, 300px\" \/><\/a><figcaption id=\"caption-attachment-23828\" class=\"wp-caption-text\">Entrega sendo feita por Lauriani Rodolphi e Lislane<\/figcaption><\/figure>\n<p>Levar mais carinho e solidariedade aos idosos do Lar Ozanam: esse foi o objetivo do Natal Solid\u00e1rio promovido pelo Magazine Manfrata, juntamente com os seus clientes, fornecedores e amigos. As doa\u00e7\u00f5es reunidas durante todo o m\u00eas de dezembro foram entregues no Lar na ter\u00e7a-feira (10), pelas m\u00e3os da empres\u00e1ria Lauriani Rodolphi e da gerente da loja Lislane.<br \/>\nA iniciativa surgiu da necessidade de retribuir aos mais necessitados, as conquistas obtidas pela empresa durante ao ano de 2016. Segundo os empres\u00e1rios Marco Aur\u00e9lio Rodolphi e Lauriani Rodolphi, a Campanha Natal Solid\u00e1rio \u00e9 uma forma de come\u00e7ar o ano novo com mais esperan\u00e7a e mais dignidade. \u201cEsses idosos nos ensinaram muito e hoje dependem de n\u00f3s. Agradecemos a todos que colaboraram com esta a\u00e7\u00e3o solid\u00e1ria\u201d, complementam.<br \/>\n<a href=\"https:\/\/anoticiaonline.com.br\/site\/wp-content\/uploads\/2017\/01\/6d67ca31-6e80-470b-a772-30d9f9372ccc.jpg\"><img decoding=\"async\" class=\" size-medium wp-image-23829 alignleft\" src=\"https:\/\/anoticiaonline.com.br\/site\/wp-content\/uploads\/2017\/01\/6d67ca31-6e80-470b-a772-30d9f9372ccc-300x169.jpg\" alt=\"6d67ca31-6e80-470b-a772-30d9f9372ccc\" width=\"300\" height=\"169\" srcset=\"https:\/\/anoticiaonline.com.br\/site\/wp-content\/uploads\/2017\/01\/6d67ca31-6e80-470b-a772-30d9f9372ccc-300x169.jpg 300w, https:\/\/anoticiaonline.com.br\/site\/wp-content\/uploads\/2017\/01\/6d67ca31-6e80-470b-a772-30d9f9372ccc.jpg 640w\" sizes=\"(max-width: 300px) 100vw, 300px\" \/><\/a> <a href=\"https:\/\/anoticiaonline.com.br\/site\/wp-content\/uploads\/2017\/01\/DSC07978.jpg\"><img decoding=\"async\" class=\" size-medium wp-image-23830 alignleft\" src=\"https:\/\/anoticiaonline.com.br\/site\/wp-content\/uploads\/2017\/01\/DSC07978-300x168.jpg\" alt=\"DSC07978\" width=\"300\" height=\"168\" srcset=\"https:\/\/anoticiaonline.com.br\/site\/wp-content\/uploads\/2017\/01\/DSC07978-300x168.jpg 300w, https:\/\/anoticiaonline.com.br\/site\/wp-content\/uploads\/2017\/01\/DSC07978.jpg 640w\" sizes=\"(max-width: 300px) 100vw, 300px\" \/><\/a>O Diretor da Obra Unida Lar Ozanam, Eder Moreira da Silva, aproveitou para agradecer a todos que fizeram as doa\u00e7\u00f5es: \u201cEssas doa\u00e7\u00f5es acrescentam muito, pois estamos passando uma situa\u00e7\u00e3o muito complicada com a crise. Nossas doa\u00e7\u00f5es ca\u00edram muito. Fralda geri\u00e1trica \u00e9 a nossa necessidade primordial, pois a grande maioria dos nossos idosos necessita delas diariamente. Deus aben\u00e7oe a todos que doaram\u201d, salientou o diretor.<br \/>\nA campanha de arrecada\u00e7\u00e3o aconteceu no facebook e tamb\u00e9m na pr\u00f3pria empresa, aos p\u00e9s de uma \u00e1rvore de Natal. Todos que visitavam a loja, amigos, fornecedores ou clientes, podiam deixar ali sua doa\u00e7\u00e3o.<\/p>\n<p>&nbsp;<\/p>\n<p>&nbsp;<\/p>\n","protected":false},"excerpt":{"rendered":"<p>Levar mais carinho e solidariedade aos idosos do Lar Ozanam: esse foi o objetivo do Natal Solid\u00e1rio promovido pelo Magazine Manfrata, juntamente com os seus clientes, fornecedores e amigos. As doa\u00e7\u00f5es reunidas durante todo o m\u00eas de dezembro foram entregues no Lar na ter\u00e7a-feira (10), pelas m\u00e3os da empres\u00e1ria Lauriani Rodolphi e da gerente da &#8230; <a title=\"Magazine Manfrata entrega fraldas para idosos do Lar Ozanam\" class=\"read-more\" href=\"https:\/\/anoticiaonline.com.br\/site\/magazine-manfrata-entrega-fraldas-para-idosos-do-lar-ozanam\/\" aria-label=\"Read more about Magazine Manfrata entrega fraldas para idosos do Lar Ozanam\">Ler mais<\/a><\/p>\n","protected":false},"author":2,"featured_media":23828,"comment_status":"open","ping_status":"open","sticky":false,"template":"","format":"standard","meta":{"_acf_changed":false,"_monsterinsights_skip_tracking":false,"footnotes":""},"categories":[1],"tags":[3],"class_list":["post-23827","post","type-post","status-publish","format-standard","has-post-thumbnail","hentry","category-gerais","tag-slide"],"acf":[],"aioseo_notices":[],"aioseo_head":"\n\t\t<!-- All in One SEO 5.0.0.1 - aioseo.com -->\n\t<meta name=\"description\" content=\"Levar mais carinho e solidariedade aos idosos do Lar Ozanam: esse foi o objetivo do Natal Solid\u00e1rio promovido pelo Magazine Manfrata, juntamente com os seus clientes, fornecedores e amigos. As doa\u00e7\u00f5es reunidas durante todo o m\u00eas de dezembro foram entregues no Lar na ter\u00e7a-feira (10), pelas m\u00e3os da empres\u00e1ria Lauriani Rodolphi e da gerente da\" \/>\n\t<meta name=\"robots\" content=\"max-image-preview:large\" \/>\n\t<meta name=\"author\" content=\"Juliana Laviola\"\/>\n\t<link rel=\"canonical\" href=\"https:\/\/anoticiaonline.com.br\/site\/magazine-manfrata-entrega-fraldas-para-idosos-do-lar-ozanam\/\" \/>\n\t<meta name=\"generator\" content=\"All in One SEO (AIOSEO) 5.0.0.1\" \/>\n\t\t<meta property=\"og:locale\" content=\"pt_BR\" \/>\n\t\t<meta property=\"og:site_name\" content=\"A Not\u00edcia Online - Noticias de Muria\u00e9 e regi\u00e3o\" \/>\n\t\t<meta property=\"og:type\" content=\"article\" \/>\n\t\t<meta property=\"og:title\" content=\"Magazine Manfrata entrega fraldas para idosos do Lar Ozanam - A Not\u00edcia Online\" \/>\n\t\t<meta property=\"og:description\" content=\"Levar mais carinho e solidariedade aos idosos do Lar Ozanam: esse foi o objetivo do Natal Solid\u00e1rio promovido pelo Magazine Manfrata, juntamente com os seus clientes, fornecedores e amigos. As doa\u00e7\u00f5es reunidas durante todo o m\u00eas de dezembro foram entregues no Lar na ter\u00e7a-feira (10), pelas m\u00e3os da empres\u00e1ria Lauriani Rodolphi e da gerente da\" \/>\n\t\t<meta property=\"og:url\" content=\"https:\/\/anoticiaonline.com.br\/site\/magazine-manfrata-entrega-fraldas-para-idosos-do-lar-ozanam\/\" \/>\n\t\t<meta property=\"og:image\" content=\"https:\/\/scontent-gig4-1.xx.fbcdn.net\/v\/t39.30808-1\/270437624_4564083193639691_6907940295614233970_n.jpg?stp=dst-jpg_s200x200_tt6&#038;_nc_cat=111&#038;ccb=1-7&#038;_nc_sid=f907e8&#038;_nc_ohc=SM1wRlP3lJwQ7kNvwEPuBYA&#038;_nc_oc=AdnqrjDN_BNjSSHWO-GbkIWH6fkGMLw4bqvL_NH6e2wMveX7G-rP2dAqsDSq1mJMOaY&#038;_nc_zt=24&#038;_nc_ht=scontent-gig4-1.xx&#038;_nc_gid=AoBFJeGrT1hVaew_6rchkQ&#038;oh=00_AfX7QmFGhQhG2jAllVgXCiM1ZrWgvtp80-Bfppyexh1QEg&#038;oe=689E923C\" \/>\n\t\t<meta property=\"og:image:secure_url\" content=\"https:\/\/scontent-gig4-1.xx.fbcdn.net\/v\/t39.30808-1\/270437624_4564083193639691_6907940295614233970_n.jpg?stp=dst-jpg_s200x200_tt6&#038;_nc_cat=111&#038;ccb=1-7&#038;_nc_sid=f907e8&#038;_nc_ohc=SM1wRlP3lJwQ7kNvwEPuBYA&#038;_nc_oc=AdnqrjDN_BNjSSHWO-GbkIWH6fkGMLw4bqvL_NH6e2wMveX7G-rP2dAqsDSq1mJMOaY&#038;_nc_zt=24&#038;_nc_ht=scontent-gig4-1.xx&#038;_nc_gid=AoBFJeGrT1hVaew_6rchkQ&#038;oh=00_AfX7QmFGhQhG2jAllVgXCiM1ZrWgvtp80-Bfppyexh1QEg&#038;oe=689E923C\" \/>\n\t\t<meta property=\"article:published_time\" content=\"2017-01-20T20:11:33+00:00\" \/>\n\t\t<meta property=\"article:modified_time\" content=\"2017-01-23T20:13:10+00:00\" \/>\n\t\t<meta name=\"twitter:card\" content=\"summary_large_image\" \/>\n\t\t<meta name=\"twitter:title\" content=\"Magazine Manfrata entrega fraldas para idosos do Lar Ozanam - A Not\u00edcia Online\" \/>\n\t\t<meta name=\"twitter:description\" content=\"Levar mais carinho e solidariedade aos idosos do Lar Ozanam: esse foi o objetivo do Natal Solid\u00e1rio promovido pelo Magazine Manfrata, juntamente com os seus clientes, fornecedores e amigos. As doa\u00e7\u00f5es reunidas durante todo o m\u00eas de dezembro foram entregues no Lar na ter\u00e7a-feira (10), pelas m\u00e3os da empres\u00e1ria Lauriani Rodolphi e da gerente da\" \/>\n\t\t<meta name=\"twitter:image\" content=\"https:\/\/scontent-gig4-1.xx.fbcdn.net\/v\/t39.30808-1\/270437624_4564083193639691_6907940295614233970_n.jpg?stp=dst-jpg_s200x200_tt6&amp;_nc_cat=111&amp;ccb=1-7&amp;_nc_sid=f907e8&amp;_nc_ohc=SM1wRlP3lJwQ7kNvwEPuBYA&amp;_nc_oc=AdnqrjDN_BNjSSHWO-GbkIWH6fkGMLw4bqvL_NH6e2wMveX7G-rP2dAqsDSq1mJMOaY&amp;_nc_zt=24&amp;_nc_ht=scontent-gig4-1.xx&amp;_nc_gid=AoBFJeGrT1hVaew_6rchkQ&amp;oh=00_AfX7QmFGhQhG2jAllVgXCiM1ZrWgvtp80-Bfppyexh1QEg&amp;oe=689E923C\" \/>\n\t\t<script type=\"application\/ld+json\" class=\"aioseo-schema\">\n\t\t\t{\"@context\":\"https:\\\/\\\/schema.org\",\"@graph\":[{\"@type\":\"BlogPosting\",\"@id\":\"https:\\\/\\\/anoticiaonline.com.br\\\/site\\\/magazine-manfrata-entrega-fraldas-para-idosos-do-lar-ozanam\\\/#blogposting\",\"name\":\"Magazine Manfrata entrega fraldas para idosos do Lar Ozanam - A Not\\u00edcia Online\",\"headline\":\"Magazine Manfrata entrega fraldas para idosos do Lar Ozanam\",\"author\":{\"@id\":\"https:\\\/\\\/anoticiaonline.com.br\\\/site\\\/author\\\/juliana\\\/#author\"},\"publisher\":{\"@id\":\"https:\\\/\\\/anoticiaonline.com.br\\\/site\\\/#organization\"},\"image\":{\"@type\":\"ImageObject\",\"url\":\"https:\\\/\\\/anoticiaonline.com.br\\\/site\\\/wp-content\\\/uploads\\\/2017\\\/01\\\/3a1ef230-d67d-43ef-b53c-b4fb29a6304e.jpg\",\"width\":640,\"height\":360,\"caption\":\"Entrega sendo feita por Lauriani Rodolphi e Lislane\"},\"datePublished\":\"2017-01-20T17:11:33-03:00\",\"dateModified\":\"2017-01-23T17:13:10-03:00\",\"inLanguage\":\"pt-BR\",\"mainEntityOfPage\":{\"@id\":\"https:\\\/\\\/anoticiaonline.com.br\\\/site\\\/magazine-manfrata-entrega-fraldas-para-idosos-do-lar-ozanam\\\/#webpage\"},\"isPartOf\":{\"@id\":\"https:\\\/\\\/anoticiaonline.com.br\\\/site\\\/magazine-manfrata-entrega-fraldas-para-idosos-do-lar-ozanam\\\/#webpage\"},\"articleSection\":\"Gerais, slide\"},{\"@type\":\"BreadcrumbList\",\"@id\":\"https:\\\/\\\/anoticiaonline.com.br\\\/site\\\/magazine-manfrata-entrega-fraldas-para-idosos-do-lar-ozanam\\\/#breadcrumblist\",\"itemListElement\":[{\"@type\":\"ListItem\",\"@id\":\"https:\\\/\\\/anoticiaonline.com.br\\\/site#listItem\",\"position\":1,\"name\":\"Home\",\"item\":\"https:\\\/\\\/anoticiaonline.com.br\\\/site\",\"nextItem\":{\"@type\":\"ListItem\",\"@id\":\"https:\\\/\\\/anoticiaonline.com.br\\\/site\\\/categoria\\\/gerais\\\/#listItem\",\"name\":\"Gerais\"}},{\"@type\":\"ListItem\",\"@id\":\"https:\\\/\\\/anoticiaonline.com.br\\\/site\\\/categoria\\\/gerais\\\/#listItem\",\"position\":2,\"name\":\"Gerais\",\"item\":\"https:\\\/\\\/anoticiaonline.com.br\\\/site\\\/categoria\\\/gerais\\\/\",\"nextItem\":{\"@type\":\"ListItem\",\"@id\":\"https:\\\/\\\/anoticiaonline.com.br\\\/site\\\/magazine-manfrata-entrega-fraldas-para-idosos-do-lar-ozanam\\\/#listItem\",\"name\":\"Magazine Manfrata entrega fraldas para idosos do Lar Ozanam\"},\"previousItem\":{\"@type\":\"ListItem\",\"@id\":\"https:\\\/\\\/anoticiaonline.com.br\\\/site#listItem\",\"name\":\"Home\"}},{\"@type\":\"ListItem\",\"@id\":\"https:\\\/\\\/anoticiaonline.com.br\\\/site\\\/magazine-manfrata-entrega-fraldas-para-idosos-do-lar-ozanam\\\/#listItem\",\"position\":3,\"name\":\"Magazine Manfrata entrega fraldas para idosos do Lar Ozanam\",\"previousItem\":{\"@type\":\"ListItem\",\"@id\":\"https:\\\/\\\/anoticiaonline.com.br\\\/site\\\/categoria\\\/gerais\\\/#listItem\",\"name\":\"Gerais\"}}]},{\"@type\":\"Organization\",\"@id\":\"https:\\\/\\\/anoticiaonline.com.br\\\/site\\\/#organization\",\"name\":\"A Not\\u00edcia Online\",\"description\":\"Noticias de Muria\\u00e9 e regi\\u00e3o\",\"url\":\"https:\\\/\\\/anoticiaonline.com.br\\\/site\\\/\",\"logo\":{\"@type\":\"ImageObject\",\"url\":\"https:\\\/\\\/scontent-gig4-1.xx.fbcdn.net\\\/v\\\/t39.30808-1\\\/270437624_4564083193639691_6907940295614233970_n.jpg?stp=dst-jpg_s200x200_tt6&_nc_cat=111&ccb=1-7&_nc_sid=f907e8&_nc_ohc=SM1wRlP3lJwQ7kNvwEPuBYA&_nc_oc=AdnqrjDN_BNjSSHWO-GbkIWH6fkGMLw4bqvL_NH6e2wMveX7G-rP2dAqsDSq1mJMOaY&_nc_zt=24&_nc_ht=scontent-gig4-1.xx&_nc_gid=AoBFJeGrT1hVaew_6rchkQ&oh=00_AfX7QmFGhQhG2jAllVgXCiM1ZrWgvtp80-Bfppyexh1QEg&oe=689E923C\",\"@id\":\"https:\\\/\\\/anoticiaonline.com.br\\\/site\\\/magazine-manfrata-entrega-fraldas-para-idosos-do-lar-ozanam\\\/#organizationLogo\"},\"image\":{\"@id\":\"https:\\\/\\\/anoticiaonline.com.br\\\/site\\\/magazine-manfrata-entrega-fraldas-para-idosos-do-lar-ozanam\\\/#organizationLogo\"}},{\"@type\":\"Person\",\"@id\":\"https:\\\/\\\/anoticiaonline.com.br\\\/site\\\/author\\\/juliana\\\/#author\",\"url\":\"https:\\\/\\\/anoticiaonline.com.br\\\/site\\\/author\\\/juliana\\\/\",\"name\":\"Juliana Laviola\",\"image\":{\"@type\":\"ImageObject\",\"@id\":\"https:\\\/\\\/anoticiaonline.com.br\\\/site\\\/magazine-manfrata-entrega-fraldas-para-idosos-do-lar-ozanam\\\/#authorImage\",\"url\":\"https:\\\/\\\/secure.gravatar.com\\\/avatar\\\/b8d45f5c699b100dfaf0e543582f38f38bf94cb7ae3a5e9abf8d891a34773335?s=96&d=mm&r=g\",\"width\":96,\"height\":96,\"caption\":\"Juliana Laviola\"}},{\"@type\":\"WebPage\",\"@id\":\"https:\\\/\\\/anoticiaonline.com.br\\\/site\\\/magazine-manfrata-entrega-fraldas-para-idosos-do-lar-ozanam\\\/#webpage\",\"url\":\"https:\\\/\\\/anoticiaonline.com.br\\\/site\\\/magazine-manfrata-entrega-fraldas-para-idosos-do-lar-ozanam\\\/\",\"name\":\"Magazine Manfrata entrega fraldas para idosos do Lar Ozanam - A Not\\u00edcia Online\",\"description\":\"Levar mais carinho e solidariedade aos idosos do Lar Ozanam: esse foi o objetivo do Natal Solid\\u00e1rio promovido pelo Magazine Manfrata, juntamente com os seus clientes, fornecedores e amigos. As doa\\u00e7\\u00f5es reunidas durante todo o m\\u00eas de dezembro foram entregues no Lar na ter\\u00e7a-feira (10), pelas m\\u00e3os da empres\\u00e1ria Lauriani Rodolphi e da gerente da\",\"inLanguage\":\"pt-BR\",\"isPartOf\":{\"@id\":\"https:\\\/\\\/anoticiaonline.com.br\\\/site\\\/#website\"},\"breadcrumb\":{\"@id\":\"https:\\\/\\\/anoticiaonline.com.br\\\/site\\\/magazine-manfrata-entrega-fraldas-para-idosos-do-lar-ozanam\\\/#breadcrumblist\"},\"author\":{\"@id\":\"https:\\\/\\\/anoticiaonline.com.br\\\/site\\\/author\\\/juliana\\\/#author\"},\"creator\":{\"@id\":\"https:\\\/\\\/anoticiaonline.com.br\\\/site\\\/author\\\/juliana\\\/#author\"},\"image\":{\"@type\":\"ImageObject\",\"url\":\"https:\\\/\\\/anoticiaonline.com.br\\\/site\\\/wp-content\\\/uploads\\\/2017\\\/01\\\/3a1ef230-d67d-43ef-b53c-b4fb29a6304e.jpg\",\"@id\":\"https:\\\/\\\/anoticiaonline.com.br\\\/site\\\/magazine-manfrata-entrega-fraldas-para-idosos-do-lar-ozanam\\\/#mainImage\",\"width\":640,\"height\":360,\"caption\":\"Entrega sendo feita por Lauriani Rodolphi e Lislane\"},\"primaryImageOfPage\":{\"@id\":\"https:\\\/\\\/anoticiaonline.com.br\\\/site\\\/magazine-manfrata-entrega-fraldas-para-idosos-do-lar-ozanam\\\/#mainImage\"},\"datePublished\":\"2017-01-20T17:11:33-03:00\",\"dateModified\":\"2017-01-23T17:13:10-03:00\"},{\"@type\":\"WebSite\",\"@id\":\"https:\\\/\\\/anoticiaonline.com.br\\\/site\\\/#website\",\"url\":\"https:\\\/\\\/anoticiaonline.com.br\\\/site\\\/\",\"name\":\"A Not\\u00edcia Online\",\"description\":\"Noticias de Muria\\u00e9 e regi\\u00e3o\",\"inLanguage\":\"pt-BR\",\"publisher\":{\"@id\":\"https:\\\/\\\/anoticiaonline.com.br\\\/site\\\/#organization\"}}]}\n\t\t<\/script>\n\t\t<!-- All in One SEO -->\n\n","aioseo_head_json":{"title":"Magazine Manfrata entrega fraldas para idosos do Lar Ozanam - A Not\u00edcia Online","description":"Levar mais carinho e solidariedade aos idosos do Lar Ozanam: esse foi o objetivo do Natal Solid\u00e1rio promovido pelo Magazine Manfrata, juntamente com os seus clientes, fornecedores e amigos. As doa\u00e7\u00f5es reunidas durante todo o m\u00eas de dezembro foram entregues no Lar na ter\u00e7a-feira (10), pelas m\u00e3os da empres\u00e1ria Lauriani Rodolphi e da gerente da","canonical_url":"https:\/\/anoticiaonline.com.br\/site\/magazine-manfrata-entrega-fraldas-para-idosos-do-lar-ozanam\/","robots":"max-image-preview:large","keywords":"","webmasterTools":{"miscellaneous":""},"schema":{"@context":"https:\/\/schema.org","@graph":[{"@type":"BlogPosting","@id":"https:\/\/anoticiaonline.com.br\/site\/magazine-manfrata-entrega-fraldas-para-idosos-do-lar-ozanam\/#blogposting","name":"Magazine Manfrata entrega fraldas para idosos do Lar Ozanam - A Not\u00edcia Online","headline":"Magazine Manfrata entrega fraldas para idosos do Lar Ozanam","author":{"@id":"https:\/\/anoticiaonline.com.br\/site\/author\/juliana\/#author"},"publisher":{"@id":"https:\/\/anoticiaonline.com.br\/site\/#organization"},"image":{"@type":"ImageObject","url":"https:\/\/anoticiaonline.com.br\/site\/wp-content\/uploads\/2017\/01\/3a1ef230-d67d-43ef-b53c-b4fb29a6304e.jpg","width":640,"height":360,"caption":"Entrega sendo feita por Lauriani Rodolphi e Lislane"},"datePublished":"2017-01-20T17:11:33-03:00","dateModified":"2017-01-23T17:13:10-03:00","inLanguage":"pt-BR","mainEntityOfPage":{"@id":"https:\/\/anoticiaonline.com.br\/site\/magazine-manfrata-entrega-fraldas-para-idosos-do-lar-ozanam\/#webpage"},"isPartOf":{"@id":"https:\/\/anoticiaonline.com.br\/site\/magazine-manfrata-entrega-fraldas-para-idosos-do-lar-ozanam\/#webpage"},"articleSection":"Gerais, slide"},{"@type":"BreadcrumbList","@id":"https:\/\/anoticiaonline.com.br\/site\/magazine-manfrata-entrega-fraldas-para-idosos-do-lar-ozanam\/#breadcrumblist","itemListElement":[{"@type":"ListItem","@id":"https:\/\/anoticiaonline.com.br\/site#listItem","position":1,"name":"Home","item":"https:\/\/anoticiaonline.com.br\/site","nextItem":{"@type":"ListItem","@id":"https:\/\/anoticiaonline.com.br\/site\/categoria\/gerais\/#listItem","name":"Gerais"}},{"@type":"ListItem","@id":"https:\/\/anoticiaonline.com.br\/site\/categoria\/gerais\/#listItem","position":2,"name":"Gerais","item":"https:\/\/anoticiaonline.com.br\/site\/categoria\/gerais\/","nextItem":{"@type":"ListItem","@id":"https:\/\/anoticiaonline.com.br\/site\/magazine-manfrata-entrega-fraldas-para-idosos-do-lar-ozanam\/#listItem","name":"Magazine Manfrata entrega fraldas para idosos do Lar Ozanam"},"previousItem":{"@type":"ListItem","@id":"https:\/\/anoticiaonline.com.br\/site#listItem","name":"Home"}},{"@type":"ListItem","@id":"https:\/\/anoticiaonline.com.br\/site\/magazine-manfrata-entrega-fraldas-para-idosos-do-lar-ozanam\/#listItem","position":3,"name":"Magazine Manfrata entrega fraldas para idosos do Lar Ozanam","previousItem":{"@type":"ListItem","@id":"https:\/\/anoticiaonline.com.br\/site\/categoria\/gerais\/#listItem","name":"Gerais"}}]},{"@type":"Organization","@id":"https:\/\/anoticiaonline.com.br\/site\/#organization","name":"A Not\u00edcia Online","description":"Noticias de Muria\u00e9 e regi\u00e3o","url":"https:\/\/anoticiaonline.com.br\/site\/","logo":{"@type":"ImageObject","url":"https:\/\/scontent-gig4-1.xx.fbcdn.net\/v\/t39.30808-1\/270437624_4564083193639691_6907940295614233970_n.jpg?stp=dst-jpg_s200x200_tt6&_nc_cat=111&ccb=1-7&_nc_sid=f907e8&_nc_ohc=SM1wRlP3lJwQ7kNvwEPuBYA&_nc_oc=AdnqrjDN_BNjSSHWO-GbkIWH6fkGMLw4bqvL_NH6e2wMveX7G-rP2dAqsDSq1mJMOaY&_nc_zt=24&_nc_ht=scontent-gig4-1.xx&_nc_gid=AoBFJeGrT1hVaew_6rchkQ&oh=00_AfX7QmFGhQhG2jAllVgXCiM1ZrWgvtp80-Bfppyexh1QEg&oe=689E923C","@id":"https:\/\/anoticiaonline.com.br\/site\/magazine-manfrata-entrega-fraldas-para-idosos-do-lar-ozanam\/#organizationLogo"},"image":{"@id":"https:\/\/anoticiaonline.com.br\/site\/magazine-manfrata-entrega-fraldas-para-idosos-do-lar-ozanam\/#organizationLogo"}},{"@type":"Person","@id":"https:\/\/anoticiaonline.com.br\/site\/author\/juliana\/#author","url":"https:\/\/anoticiaonline.com.br\/site\/author\/juliana\/","name":"Juliana Laviola","image":{"@type":"ImageObject","@id":"https:\/\/anoticiaonline.com.br\/site\/magazine-manfrata-entrega-fraldas-para-idosos-do-lar-ozanam\/#authorImage","url":"https:\/\/secure.gravatar.com\/avatar\/b8d45f5c699b100dfaf0e543582f38f38bf94cb7ae3a5e9abf8d891a34773335?s=96&d=mm&r=g","width":96,"height":96,"caption":"Juliana Laviola"}},{"@type":"WebPage","@id":"https:\/\/anoticiaonline.com.br\/site\/magazine-manfrata-entrega-fraldas-para-idosos-do-lar-ozanam\/#webpage","url":"https:\/\/anoticiaonline.com.br\/site\/magazine-manfrata-entrega-fraldas-para-idosos-do-lar-ozanam\/","name":"Magazine Manfrata entrega fraldas para idosos do Lar Ozanam - A Not\u00edcia Online","description":"Levar mais carinho e solidariedade aos idosos do Lar Ozanam: esse foi o objetivo do Natal Solid\u00e1rio promovido pelo Magazine Manfrata, juntamente com os seus clientes, fornecedores e amigos. As doa\u00e7\u00f5es reunidas durante todo o m\u00eas de dezembro foram entregues no Lar na ter\u00e7a-feira (10), pelas m\u00e3os da empres\u00e1ria Lauriani Rodolphi e da gerente da","inLanguage":"pt-BR","isPartOf":{"@id":"https:\/\/anoticiaonline.com.br\/site\/#website"},"breadcrumb":{"@id":"https:\/\/anoticiaonline.com.br\/site\/magazine-manfrata-entrega-fraldas-para-idosos-do-lar-ozanam\/#breadcrumblist"},"author":{"@id":"https:\/\/anoticiaonline.com.br\/site\/author\/juliana\/#author"},"creator":{"@id":"https:\/\/anoticiaonline.com.br\/site\/author\/juliana\/#author"},"image":{"@type":"ImageObject","url":"https:\/\/anoticiaonline.com.br\/site\/wp-content\/uploads\/2017\/01\/3a1ef230-d67d-43ef-b53c-b4fb29a6304e.jpg","@id":"https:\/\/anoticiaonline.com.br\/site\/magazine-manfrata-entrega-fraldas-para-idosos-do-lar-ozanam\/#mainImage","width":640,"height":360,"caption":"Entrega sendo feita por Lauriani Rodolphi e Lislane"},"primaryImageOfPage":{"@id":"https:\/\/anoticiaonline.com.br\/site\/magazine-manfrata-entrega-fraldas-para-idosos-do-lar-ozanam\/#mainImage"},"datePublished":"2017-01-20T17:11:33-03:00","dateModified":"2017-01-23T17:13:10-03:00"},{"@type":"WebSite","@id":"https:\/\/anoticiaonline.com.br\/site\/#website","url":"https:\/\/anoticiaonline.com.br\/site\/","name":"A Not\u00edcia Online","description":"Noticias de Muria\u00e9 e regi\u00e3o","inLanguage":"pt-BR","publisher":{"@id":"https:\/\/anoticiaonline.com.br\/site\/#organization"}}]},"og:locale":"pt_BR","og:site_name":"A Not\u00edcia Online - Noticias de Muria\u00e9 e regi\u00e3o","og:type":"article","og:title":"Magazine Manfrata entrega fraldas para idosos do Lar Ozanam - A Not\u00edcia Online","og:description":"Levar mais carinho e solidariedade aos idosos do Lar Ozanam: esse foi o objetivo do Natal Solid\u00e1rio promovido pelo Magazine Manfrata, juntamente com os seus clientes, fornecedores e amigos. As doa\u00e7\u00f5es reunidas durante todo o m\u00eas de dezembro foram entregues no Lar na ter\u00e7a-feira (10), pelas m\u00e3os da empres\u00e1ria Lauriani Rodolphi e da gerente da","og:url":"https:\/\/anoticiaonline.com.br\/site\/magazine-manfrata-entrega-fraldas-para-idosos-do-lar-ozanam\/","og:image":"https:\/\/scontent-gig4-1.xx.fbcdn.net\/v\/t39.30808-1\/270437624_4564083193639691_6907940295614233970_n.jpg?stp=dst-jpg_s200x200_tt6&#038;_nc_cat=111&#038;ccb=1-7&#038;_nc_sid=f907e8&#038;_nc_ohc=SM1wRlP3lJwQ7kNvwEPuBYA&#038;_nc_oc=AdnqrjDN_BNjSSHWO-GbkIWH6fkGMLw4bqvL_NH6e2wMveX7G-rP2dAqsDSq1mJMOaY&#038;_nc_zt=24&#038;_nc_ht=scontent-gig4-1.xx&#038;_nc_gid=AoBFJeGrT1hVaew_6rchkQ&#038;oh=00_AfX7QmFGhQhG2jAllVgXCiM1ZrWgvtp80-Bfppyexh1QEg&#038;oe=689E923C","og:image:secure_url":"https:\/\/scontent-gig4-1.xx.fbcdn.net\/v\/t39.30808-1\/270437624_4564083193639691_6907940295614233970_n.jpg?stp=dst-jpg_s200x200_tt6&#038;_nc_cat=111&#038;ccb=1-7&#038;_nc_sid=f907e8&#038;_nc_ohc=SM1wRlP3lJwQ7kNvwEPuBYA&#038;_nc_oc=AdnqrjDN_BNjSSHWO-GbkIWH6fkGMLw4bqvL_NH6e2wMveX7G-rP2dAqsDSq1mJMOaY&#038;_nc_zt=24&#038;_nc_ht=scontent-gig4-1.xx&#038;_nc_gid=AoBFJeGrT1hVaew_6rchkQ&#038;oh=00_AfX7QmFGhQhG2jAllVgXCiM1ZrWgvtp80-Bfppyexh1QEg&#038;oe=689E923C","article:published_time":"2017-01-20T20:11:33+00:00","article:modified_time":"2017-01-23T20:13:10+00:00","twitter:card":"summary_large_image","twitter:title":"Magazine Manfrata entrega fraldas para idosos do Lar Ozanam - A Not\u00edcia Online","twitter:description":"Levar mais carinho e solidariedade aos idosos do Lar Ozanam: esse foi o objetivo do Natal Solid\u00e1rio promovido pelo Magazine Manfrata, juntamente com os seus clientes, fornecedores e amigos. As doa\u00e7\u00f5es reunidas durante todo o m\u00eas de dezembro foram entregues no Lar na ter\u00e7a-feira (10), pelas m\u00e3os da empres\u00e1ria Lauriani Rodolphi e da gerente da","twitter:image":"https:\/\/scontent-gig4-1.xx.fbcdn.net\/v\/t39.30808-1\/270437624_4564083193639691_6907940295614233970_n.jpg?stp=dst-jpg_s200x200_tt6&_nc_cat=111&ccb=1-7&_nc_sid=f907e8&_nc_ohc=SM1wRlP3lJwQ7kNvwEPuBYA&_nc_oc=AdnqrjDN_BNjSSHWO-GbkIWH6fkGMLw4bqvL_NH6e2wMveX7G-rP2dAqsDSq1mJMOaY&_nc_zt=24&_nc_ht=scontent-gig4-1.xx&_nc_gid=AoBFJeGrT1hVaew_6rchkQ&oh=00_AfX7QmFGhQhG2jAllVgXCiM1ZrWgvtp80-Bfppyexh1QEg&oe=689E923C"},"aioseo_meta_data":{"post_id":"23827","title":null,"description":null,"keywords":null,"keyphrases":null,"primary_term":null,"canonical_url":null,"og_title":null,"og_description":null,"og_object_type":"default","og_image_type":"default","og_image_url":null,"og_image_width":null,"og_image_height":null,"og_image_custom_url":null,"og_image_custom_fields":null,"og_video":null,"og_custom_url":null,"og_article_section":null,"og_article_tags":null,"twitter_use_og":false,"twitter_card":"default","twitter_image_type":"default","twitter_image_url":null,"twitter_image_custom_url":null,"twitter_image_custom_fields":null,"twitter_title":null,"twitter_description":null,"schema":{"blockGraphs":[],"customGraphs":[],"default":{"data":{"Article":[],"Course":[],"Dataset":[],"FAQPage":[],"Movie":[],"Person":[],"Product":[],"ProductReview":[],"Car":[],"Recipe":[],"Service":[],"SoftwareApplication":[],"WebPage":[]},"graphName":"","isEnabled":true},"graphs":[]},"schema_type":"default","schema_type_options":null,"pillar_content":false,"robots_default":true,"robots_noindex":false,"robots_noarchive":false,"robots_nosnippet":false,"robots_nofollow":false,"robots_noimageindex":false,"robots_noodp":false,"robots_notranslate":false,"robots_max_snippet":null,"robots_max_videopreview":null,"robots_max_imagepreview":"large","priority":null,"frequency":null,"local_seo":null,"breadcrumb_settings":null,"limit_modified_date":false,"ai":null,"created":"2025-08-16 17:28:32","updated":"2025-08-16 17:28:32","focus_keyword":null,"additional_keywords":null,"truseo_locale":null,"seo_analyzer_scan_date":null},"aioseo_breadcrumb":"<div class=\"aioseo-breadcrumbs\"><span class=\"aioseo-breadcrumb\">\n\t\t\t<a href=\"https:\/\/anoticiaonline.com.br\/site\" title=\"Home\">Home<\/a>\n\t\t<\/span><span class=\"aioseo-breadcrumb-separator\">&raquo;<\/span><span class=\"aioseo-breadcrumb\">\n\t\t\t<a href=\"https:\/\/anoticiaonline.com.br\/site\/categoria\/gerais\/\" title=\"Gerais\">Gerais<\/a>\n\t\t<\/span><span class=\"aioseo-breadcrumb-separator\">&raquo;<\/span><span class=\"aioseo-breadcrumb\">\n\t\t\tMagazine Manfrata entrega fraldas para idosos do Lar Ozanam\n\t\t<\/span><\/div>","aioseo_breadcrumb_json":[{"label":"Home","link":"https:\/\/anoticiaonline.com.br\/site"},{"label":"Gerais","link":"https:\/\/anoticiaonline.com.br\/site\/categoria\/gerais\/"},{"label":"Magazine Manfrata entrega fraldas para idosos do Lar Ozanam","link":"https:\/\/anoticiaonline.com.br\/site\/magazine-manfrata-entrega-fraldas-para-idosos-do-lar-ozanam\/"}],"views":148,"_links":{"self":[{"href":"https:\/\/anoticiaonline.com.br\/site\/wp-json\/wp\/v2\/posts\/23827","targetHints":{"allow":["GET"]}}],"collection":[{"href":"https:\/\/anoticiaonline.com.br\/site\/wp-json\/wp\/v2\/posts"}],"about":[{"href":"https:\/\/anoticiaonline.com.br\/site\/wp-json\/wp\/v2\/types\/post"}],"author":[{"embeddable":true,"href":"https:\/\/anoticiaonline.com.br\/site\/wp-json\/wp\/v2\/users\/2"}],"replies":[{"embeddable":true,"href":"https:\/\/anoticiaonline.com.br\/site\/wp-json\/wp\/v2\/comments?post=23827"}],"version-history":[{"count":0,"href":"https:\/\/anoticiaonline.com.br\/site\/wp-json\/wp\/v2\/posts\/23827\/revisions"}],"wp:featuredmedia":[{"embeddable":true,"href":"https:\/\/anoticiaonline.com.br\/site\/wp-json\/wp\/v2\/media\/23828"}],"wp:attachment":[{"href":"https:\/\/anoticiaonline.com.br\/site\/wp-json\/wp\/v2\/media?parent=23827"}],"wp:term":[{"taxonomy":"category","embeddable":true,"href":"https:\/\/anoticiaonline.com.br\/site\/wp-json\/wp\/v2\/categories?post=23827"},{"taxonomy":"post_tag","embeddable":true,"href":"https:\/\/anoticiaonline.com.br\/site\/wp-json\/wp\/v2\/tags?post=23827"}],"curies":[{"name":"wp","href":"https:\/\/api.w.org\/{rel}","templated":true}]}}