{"id":23599,"date":"2017-01-04T09:58:58","date_gmt":"2017-01-04T12:58:58","guid":{"rendered":"http:\/\/anoticiaonline.com.br\/site\/?p=23599"},"modified":"2017-01-04T09:58:58","modified_gmt":"2017-01-04T12:58:58","slug":"camara-realiza-nesta-quarta-feira-a-primeira-reuniao-dos-vereadores-de-2017","status":"publish","type":"post","link":"https:\/\/anoticiaonline.com.br\/site\/camara-realiza-nesta-quarta-feira-a-primeira-reuniao-dos-vereadores-de-2017\/","title":{"rendered":"C\u00e2mara realiza nesta quarta-feira a primeira reuni\u00e3o dos vereadores de 2017"},"content":{"rendered":"<p><a href=\"https:\/\/anoticiaonline.com.br\/site\/wp-content\/uploads\/2016\/10\/C\u00e2mara-Municipal-5.jpg\"><img fetchpriority=\"high\" decoding=\"async\" class=\" size-medium wp-image-20272 alignleft\" src=\"https:\/\/anoticiaonline.com.br\/site\/wp-content\/uploads\/2016\/10\/C\u00e2mara-Municipal-5-300x181.jpg\" alt=\"camara-municipal-5\" width=\"300\" height=\"181\" srcset=\"https:\/\/anoticiaonline.com.br\/site\/wp-content\/uploads\/2016\/10\/C\u00e2mara-Municipal-5-300x181.jpg 300w, https:\/\/anoticiaonline.com.br\/site\/wp-content\/uploads\/2016\/10\/C\u00e2mara-Municipal-5.jpg 640w\" sizes=\"(max-width: 300px) 100vw, 300px\" \/><\/a>A C\u00e2mara realiza nesta quarta-feira (4), \u00e0s 18h, uma sess\u00e3o extraordin\u00e1ria &#8211; a primeira sess\u00e3o da Legislatura 2017\/2020, sob a presid\u00eancia do vereador Carlos Delfim &#8211; para votar os projetos de lei que visam adequar o quadro funcional e estrutural do Executivo, ao planejamento estrat\u00e9gico do novo prefeito, Grego, as quais buscam implementar um novo modelo de gest\u00e3o n\u00e3o s\u00f3 na administra\u00e7\u00e3o direta, como tamb\u00e9m na administra\u00e7\u00e3o indireta, al\u00e9m de abertura de Cr\u00e9dito Especial Adicional.<\/p>\n<p>Dentre as altera\u00e7\u00f5es apresentadas para aprova\u00e7\u00e3o na C\u00e2mara de Vereadores est\u00e3o a readequa\u00e7\u00e3o e a reestrutura\u00e7\u00e3o de pessoal, em particular de ocupantes de cargo de provimento de comiss\u00e3o, e a institui\u00e7\u00e3o de uma nova organiza\u00e7\u00e3o administrativa e modelo de gest\u00e3o para o Poder Executivo municipal. Al\u00e9m da administra\u00e7\u00e3o direta, est\u00e3o previstas nestes projetos a serem votados hoje altera\u00e7\u00f5es na Fundarte, que passa a ser vinculada ao gabinete do prefeito.<\/p>\n","protected":false},"excerpt":{"rendered":"<p>A C\u00e2mara realiza nesta quarta-feira (4), \u00e0s 18h, uma sess\u00e3o extraordin\u00e1ria &#8211; a primeira sess\u00e3o da Legislatura 2017\/2020, sob a presid\u00eancia do vereador Carlos Delfim &#8211; para votar os projetos de lei que visam adequar o quadro funcional e estrutural do Executivo, ao planejamento estrat\u00e9gico do novo prefeito, Grego, as quais buscam implementar um novo &#8230; <a title=\"C\u00e2mara realiza nesta quarta-feira a primeira reuni\u00e3o dos vereadores de 2017\" class=\"read-more\" href=\"https:\/\/anoticiaonline.com.br\/site\/camara-realiza-nesta-quarta-feira-a-primeira-reuniao-dos-vereadores-de-2017\/\" aria-label=\"Read more about C\u00e2mara realiza nesta quarta-feira a primeira reuni\u00e3o dos vereadores de 2017\">Ler mais<\/a><\/p>\n","protected":false},"author":2,"featured_media":20272,"comment_status":"open","ping_status":"open","sticky":false,"template":"","format":"standard","meta":{"_acf_changed":false,"_monsterinsights_skip_tracking":false,"footnotes":""},"categories":[30],"tags":[3],"class_list":["post-23599","post","type-post","status-publish","format-standard","has-post-thumbnail","hentry","category-muriae","tag-slide"],"acf":[],"aioseo_notices":[],"aioseo_head":"\n\t\t<!-- All in One SEO 5.0.0.1 - aioseo.com -->\n\t<meta name=\"description\" content=\"A C\u00e2mara realiza nesta quarta-feira (4), \u00e0s 18h, uma sess\u00e3o extraordin\u00e1ria - a primeira sess\u00e3o da Legislatura 2017\/2020, sob a presid\u00eancia do vereador Carlos Delfim - para votar os projetos de lei que visam adequar o quadro funcional e estrutural do Executivo, ao planejamento estrat\u00e9gico do novo prefeito, Grego, as quais buscam implementar um novo\" \/>\n\t<meta name=\"robots\" content=\"max-image-preview:large\" \/>\n\t<meta name=\"author\" content=\"Juliana Laviola\"\/>\n\t<link rel=\"canonical\" href=\"https:\/\/anoticiaonline.com.br\/site\/camara-realiza-nesta-quarta-feira-a-primeira-reuniao-dos-vereadores-de-2017\/\" \/>\n\t<meta name=\"generator\" content=\"All in One SEO (AIOSEO) 5.0.0.1\" \/>\n\t\t<meta property=\"og:locale\" content=\"pt_BR\" \/>\n\t\t<meta property=\"og:site_name\" content=\"A Not\u00edcia Online - Noticias de Muria\u00e9 e regi\u00e3o\" \/>\n\t\t<meta property=\"og:type\" content=\"article\" \/>\n\t\t<meta property=\"og:title\" content=\"C\u00e2mara realiza nesta quarta-feira a primeira reuni\u00e3o dos vereadores de 2017 - A Not\u00edcia Online\" \/>\n\t\t<meta property=\"og:description\" content=\"A C\u00e2mara realiza nesta quarta-feira (4), \u00e0s 18h, uma sess\u00e3o extraordin\u00e1ria - a primeira sess\u00e3o da Legislatura 2017\/2020, sob a presid\u00eancia do vereador Carlos Delfim - para votar os projetos de lei que visam adequar o quadro funcional e estrutural do Executivo, ao planejamento estrat\u00e9gico do novo prefeito, Grego, as quais buscam implementar um novo\" \/>\n\t\t<meta property=\"og:url\" content=\"https:\/\/anoticiaonline.com.br\/site\/camara-realiza-nesta-quarta-feira-a-primeira-reuniao-dos-vereadores-de-2017\/\" \/>\n\t\t<meta property=\"og:image\" content=\"https:\/\/scontent-gig4-1.xx.fbcdn.net\/v\/t39.30808-1\/270437624_4564083193639691_6907940295614233970_n.jpg?stp=dst-jpg_s200x200_tt6&#038;_nc_cat=111&#038;ccb=1-7&#038;_nc_sid=f907e8&#038;_nc_ohc=SM1wRlP3lJwQ7kNvwEPuBYA&#038;_nc_oc=AdnqrjDN_BNjSSHWO-GbkIWH6fkGMLw4bqvL_NH6e2wMveX7G-rP2dAqsDSq1mJMOaY&#038;_nc_zt=24&#038;_nc_ht=scontent-gig4-1.xx&#038;_nc_gid=AoBFJeGrT1hVaew_6rchkQ&#038;oh=00_AfX7QmFGhQhG2jAllVgXCiM1ZrWgvtp80-Bfppyexh1QEg&#038;oe=689E923C\" \/>\n\t\t<meta property=\"og:image:secure_url\" content=\"https:\/\/scontent-gig4-1.xx.fbcdn.net\/v\/t39.30808-1\/270437624_4564083193639691_6907940295614233970_n.jpg?stp=dst-jpg_s200x200_tt6&#038;_nc_cat=111&#038;ccb=1-7&#038;_nc_sid=f907e8&#038;_nc_ohc=SM1wRlP3lJwQ7kNvwEPuBYA&#038;_nc_oc=AdnqrjDN_BNjSSHWO-GbkIWH6fkGMLw4bqvL_NH6e2wMveX7G-rP2dAqsDSq1mJMOaY&#038;_nc_zt=24&#038;_nc_ht=scontent-gig4-1.xx&#038;_nc_gid=AoBFJeGrT1hVaew_6rchkQ&#038;oh=00_AfX7QmFGhQhG2jAllVgXCiM1ZrWgvtp80-Bfppyexh1QEg&#038;oe=689E923C\" \/>\n\t\t<meta property=\"article:published_time\" content=\"2017-01-04T12:58:58+00:00\" \/>\n\t\t<meta property=\"article:modified_time\" content=\"2017-01-04T12:58:58+00:00\" \/>\n\t\t<meta name=\"twitter:card\" content=\"summary_large_image\" \/>\n\t\t<meta name=\"twitter:title\" content=\"C\u00e2mara realiza nesta quarta-feira a primeira reuni\u00e3o dos vereadores de 2017 - A Not\u00edcia Online\" \/>\n\t\t<meta name=\"twitter:description\" content=\"A C\u00e2mara realiza nesta quarta-feira (4), \u00e0s 18h, uma sess\u00e3o extraordin\u00e1ria - a primeira sess\u00e3o da Legislatura 2017\/2020, sob a presid\u00eancia do vereador Carlos Delfim - para votar os projetos de lei que visam adequar o quadro funcional e estrutural do Executivo, ao planejamento estrat\u00e9gico do novo prefeito, Grego, as quais buscam implementar um novo\" \/>\n\t\t<meta name=\"twitter:image\" content=\"https:\/\/scontent-gig4-1.xx.fbcdn.net\/v\/t39.30808-1\/270437624_4564083193639691_6907940295614233970_n.jpg?stp=dst-jpg_s200x200_tt6&amp;_nc_cat=111&amp;ccb=1-7&amp;_nc_sid=f907e8&amp;_nc_ohc=SM1wRlP3lJwQ7kNvwEPuBYA&amp;_nc_oc=AdnqrjDN_BNjSSHWO-GbkIWH6fkGMLw4bqvL_NH6e2wMveX7G-rP2dAqsDSq1mJMOaY&amp;_nc_zt=24&amp;_nc_ht=scontent-gig4-1.xx&amp;_nc_gid=AoBFJeGrT1hVaew_6rchkQ&amp;oh=00_AfX7QmFGhQhG2jAllVgXCiM1ZrWgvtp80-Bfppyexh1QEg&amp;oe=689E923C\" \/>\n\t\t<script type=\"application\/ld+json\" class=\"aioseo-schema\">\n\t\t\t{\"@context\":\"https:\\\/\\\/schema.org\",\"@graph\":[{\"@type\":\"BlogPosting\",\"@id\":\"https:\\\/\\\/anoticiaonline.com.br\\\/site\\\/camara-realiza-nesta-quarta-feira-a-primeira-reuniao-dos-vereadores-de-2017\\\/#blogposting\",\"name\":\"C\\u00e2mara realiza nesta quarta-feira a primeira reuni\\u00e3o dos vereadores de 2017 - A Not\\u00edcia Online\",\"headline\":\"C\\u00e2mara realiza nesta quarta-feira a primeira reuni\\u00e3o dos vereadores de 2017\",\"author\":{\"@id\":\"https:\\\/\\\/anoticiaonline.com.br\\\/site\\\/author\\\/juliana\\\/#author\"},\"publisher\":{\"@id\":\"https:\\\/\\\/anoticiaonline.com.br\\\/site\\\/#organization\"},\"image\":{\"@type\":\"ImageObject\",\"url\":\"https:\\\/\\\/anoticiaonline.com.br\\\/site\\\/wp-content\\\/uploads\\\/2016\\\/10\\\/C\\u00e2mara-Municipal-5.jpg\",\"width\":640,\"height\":387},\"datePublished\":\"2017-01-04T09:58:58-03:00\",\"dateModified\":\"2017-01-04T09:58:58-03:00\",\"inLanguage\":\"pt-BR\",\"mainEntityOfPage\":{\"@id\":\"https:\\\/\\\/anoticiaonline.com.br\\\/site\\\/camara-realiza-nesta-quarta-feira-a-primeira-reuniao-dos-vereadores-de-2017\\\/#webpage\"},\"isPartOf\":{\"@id\":\"https:\\\/\\\/anoticiaonline.com.br\\\/site\\\/camara-realiza-nesta-quarta-feira-a-primeira-reuniao-dos-vereadores-de-2017\\\/#webpage\"},\"articleSection\":\"Blog, slide\"},{\"@type\":\"BreadcrumbList\",\"@id\":\"https:\\\/\\\/anoticiaonline.com.br\\\/site\\\/camara-realiza-nesta-quarta-feira-a-primeira-reuniao-dos-vereadores-de-2017\\\/#breadcrumblist\",\"itemListElement\":[{\"@type\":\"ListItem\",\"@id\":\"https:\\\/\\\/anoticiaonline.com.br\\\/site#listItem\",\"position\":1,\"name\":\"Home\",\"item\":\"https:\\\/\\\/anoticiaonline.com.br\\\/site\",\"nextItem\":{\"@type\":\"ListItem\",\"@id\":\"https:\\\/\\\/anoticiaonline.com.br\\\/site\\\/categoria\\\/muriae\\\/#listItem\",\"name\":\"Blog\"}},{\"@type\":\"ListItem\",\"@id\":\"https:\\\/\\\/anoticiaonline.com.br\\\/site\\\/categoria\\\/muriae\\\/#listItem\",\"position\":2,\"name\":\"Blog\",\"item\":\"https:\\\/\\\/anoticiaonline.com.br\\\/site\\\/categoria\\\/muriae\\\/\",\"nextItem\":{\"@type\":\"ListItem\",\"@id\":\"https:\\\/\\\/anoticiaonline.com.br\\\/site\\\/camara-realiza-nesta-quarta-feira-a-primeira-reuniao-dos-vereadores-de-2017\\\/#listItem\",\"name\":\"C\\u00e2mara realiza nesta quarta-feira a primeira reuni\\u00e3o dos vereadores de 2017\"},\"previousItem\":{\"@type\":\"ListItem\",\"@id\":\"https:\\\/\\\/anoticiaonline.com.br\\\/site#listItem\",\"name\":\"Home\"}},{\"@type\":\"ListItem\",\"@id\":\"https:\\\/\\\/anoticiaonline.com.br\\\/site\\\/camara-realiza-nesta-quarta-feira-a-primeira-reuniao-dos-vereadores-de-2017\\\/#listItem\",\"position\":3,\"name\":\"C\\u00e2mara realiza nesta quarta-feira a primeira reuni\\u00e3o dos vereadores de 2017\",\"previousItem\":{\"@type\":\"ListItem\",\"@id\":\"https:\\\/\\\/anoticiaonline.com.br\\\/site\\\/categoria\\\/muriae\\\/#listItem\",\"name\":\"Blog\"}}]},{\"@type\":\"Organization\",\"@id\":\"https:\\\/\\\/anoticiaonline.com.br\\\/site\\\/#organization\",\"name\":\"A Not\\u00edcia Online\",\"description\":\"Noticias de Muria\\u00e9 e regi\\u00e3o\",\"url\":\"https:\\\/\\\/anoticiaonline.com.br\\\/site\\\/\",\"logo\":{\"@type\":\"ImageObject\",\"url\":\"https:\\\/\\\/scontent-gig4-1.xx.fbcdn.net\\\/v\\\/t39.30808-1\\\/270437624_4564083193639691_6907940295614233970_n.jpg?stp=dst-jpg_s200x200_tt6&_nc_cat=111&ccb=1-7&_nc_sid=f907e8&_nc_ohc=SM1wRlP3lJwQ7kNvwEPuBYA&_nc_oc=AdnqrjDN_BNjSSHWO-GbkIWH6fkGMLw4bqvL_NH6e2wMveX7G-rP2dAqsDSq1mJMOaY&_nc_zt=24&_nc_ht=scontent-gig4-1.xx&_nc_gid=AoBFJeGrT1hVaew_6rchkQ&oh=00_AfX7QmFGhQhG2jAllVgXCiM1ZrWgvtp80-Bfppyexh1QEg&oe=689E923C\",\"@id\":\"https:\\\/\\\/anoticiaonline.com.br\\\/site\\\/camara-realiza-nesta-quarta-feira-a-primeira-reuniao-dos-vereadores-de-2017\\\/#organizationLogo\"},\"image\":{\"@id\":\"https:\\\/\\\/anoticiaonline.com.br\\\/site\\\/camara-realiza-nesta-quarta-feira-a-primeira-reuniao-dos-vereadores-de-2017\\\/#organizationLogo\"}},{\"@type\":\"Person\",\"@id\":\"https:\\\/\\\/anoticiaonline.com.br\\\/site\\\/author\\\/juliana\\\/#author\",\"url\":\"https:\\\/\\\/anoticiaonline.com.br\\\/site\\\/author\\\/juliana\\\/\",\"name\":\"Juliana Laviola\",\"image\":{\"@type\":\"ImageObject\",\"@id\":\"https:\\\/\\\/anoticiaonline.com.br\\\/site\\\/camara-realiza-nesta-quarta-feira-a-primeira-reuniao-dos-vereadores-de-2017\\\/#authorImage\",\"url\":\"https:\\\/\\\/secure.gravatar.com\\\/avatar\\\/b8d45f5c699b100dfaf0e543582f38f38bf94cb7ae3a5e9abf8d891a34773335?s=96&d=mm&r=g\",\"width\":96,\"height\":96,\"caption\":\"Juliana Laviola\"}},{\"@type\":\"WebPage\",\"@id\":\"https:\\\/\\\/anoticiaonline.com.br\\\/site\\\/camara-realiza-nesta-quarta-feira-a-primeira-reuniao-dos-vereadores-de-2017\\\/#webpage\",\"url\":\"https:\\\/\\\/anoticiaonline.com.br\\\/site\\\/camara-realiza-nesta-quarta-feira-a-primeira-reuniao-dos-vereadores-de-2017\\\/\",\"name\":\"C\\u00e2mara realiza nesta quarta-feira a primeira reuni\\u00e3o dos vereadores de 2017 - A Not\\u00edcia Online\",\"description\":\"A C\\u00e2mara realiza nesta quarta-feira (4), \\u00e0s 18h, uma sess\\u00e3o extraordin\\u00e1ria - a primeira sess\\u00e3o da Legislatura 2017\\\/2020, sob a presid\\u00eancia do vereador Carlos Delfim - para votar os projetos de lei que visam adequar o quadro funcional e estrutural do Executivo, ao planejamento estrat\\u00e9gico do novo prefeito, Grego, as quais buscam implementar um novo\",\"inLanguage\":\"pt-BR\",\"isPartOf\":{\"@id\":\"https:\\\/\\\/anoticiaonline.com.br\\\/site\\\/#website\"},\"breadcrumb\":{\"@id\":\"https:\\\/\\\/anoticiaonline.com.br\\\/site\\\/camara-realiza-nesta-quarta-feira-a-primeira-reuniao-dos-vereadores-de-2017\\\/#breadcrumblist\"},\"author\":{\"@id\":\"https:\\\/\\\/anoticiaonline.com.br\\\/site\\\/author\\\/juliana\\\/#author\"},\"creator\":{\"@id\":\"https:\\\/\\\/anoticiaonline.com.br\\\/site\\\/author\\\/juliana\\\/#author\"},\"image\":{\"@type\":\"ImageObject\",\"url\":\"https:\\\/\\\/anoticiaonline.com.br\\\/site\\\/wp-content\\\/uploads\\\/2016\\\/10\\\/C\\u00e2mara-Municipal-5.jpg\",\"@id\":\"https:\\\/\\\/anoticiaonline.com.br\\\/site\\\/camara-realiza-nesta-quarta-feira-a-primeira-reuniao-dos-vereadores-de-2017\\\/#mainImage\",\"width\":640,\"height\":387},\"primaryImageOfPage\":{\"@id\":\"https:\\\/\\\/anoticiaonline.com.br\\\/site\\\/camara-realiza-nesta-quarta-feira-a-primeira-reuniao-dos-vereadores-de-2017\\\/#mainImage\"},\"datePublished\":\"2017-01-04T09:58:58-03:00\",\"dateModified\":\"2017-01-04T09:58:58-03:00\"},{\"@type\":\"WebSite\",\"@id\":\"https:\\\/\\\/anoticiaonline.com.br\\\/site\\\/#website\",\"url\":\"https:\\\/\\\/anoticiaonline.com.br\\\/site\\\/\",\"name\":\"A Not\\u00edcia Online\",\"description\":\"Noticias de Muria\\u00e9 e regi\\u00e3o\",\"inLanguage\":\"pt-BR\",\"publisher\":{\"@id\":\"https:\\\/\\\/anoticiaonline.com.br\\\/site\\\/#organization\"}}]}\n\t\t<\/script>\n\t\t<!-- All in One SEO -->\n\n","aioseo_head_json":{"title":"C\u00e2mara realiza nesta quarta-feira a primeira reuni\u00e3o dos vereadores de 2017 - A Not\u00edcia Online","description":"A C\u00e2mara realiza nesta quarta-feira (4), \u00e0s 18h, uma sess\u00e3o extraordin\u00e1ria - a primeira sess\u00e3o da Legislatura 2017\/2020, sob a presid\u00eancia do vereador Carlos Delfim - para votar os projetos de lei que visam adequar o quadro funcional e estrutural do Executivo, ao planejamento estrat\u00e9gico do novo prefeito, Grego, as quais buscam implementar um novo","canonical_url":"https:\/\/anoticiaonline.com.br\/site\/camara-realiza-nesta-quarta-feira-a-primeira-reuniao-dos-vereadores-de-2017\/","robots":"max-image-preview:large","keywords":"","webmasterTools":{"miscellaneous":""},"schema":{"@context":"https:\/\/schema.org","@graph":[{"@type":"BlogPosting","@id":"https:\/\/anoticiaonline.com.br\/site\/camara-realiza-nesta-quarta-feira-a-primeira-reuniao-dos-vereadores-de-2017\/#blogposting","name":"C\u00e2mara realiza nesta quarta-feira a primeira reuni\u00e3o dos vereadores de 2017 - A Not\u00edcia Online","headline":"C\u00e2mara realiza nesta quarta-feira a primeira reuni\u00e3o dos vereadores de 2017","author":{"@id":"https:\/\/anoticiaonline.com.br\/site\/author\/juliana\/#author"},"publisher":{"@id":"https:\/\/anoticiaonline.com.br\/site\/#organization"},"image":{"@type":"ImageObject","url":"https:\/\/anoticiaonline.com.br\/site\/wp-content\/uploads\/2016\/10\/C\u00e2mara-Municipal-5.jpg","width":640,"height":387},"datePublished":"2017-01-04T09:58:58-03:00","dateModified":"2017-01-04T09:58:58-03:00","inLanguage":"pt-BR","mainEntityOfPage":{"@id":"https:\/\/anoticiaonline.com.br\/site\/camara-realiza-nesta-quarta-feira-a-primeira-reuniao-dos-vereadores-de-2017\/#webpage"},"isPartOf":{"@id":"https:\/\/anoticiaonline.com.br\/site\/camara-realiza-nesta-quarta-feira-a-primeira-reuniao-dos-vereadores-de-2017\/#webpage"},"articleSection":"Blog, slide"},{"@type":"BreadcrumbList","@id":"https:\/\/anoticiaonline.com.br\/site\/camara-realiza-nesta-quarta-feira-a-primeira-reuniao-dos-vereadores-de-2017\/#breadcrumblist","itemListElement":[{"@type":"ListItem","@id":"https:\/\/anoticiaonline.com.br\/site#listItem","position":1,"name":"Home","item":"https:\/\/anoticiaonline.com.br\/site","nextItem":{"@type":"ListItem","@id":"https:\/\/anoticiaonline.com.br\/site\/categoria\/muriae\/#listItem","name":"Blog"}},{"@type":"ListItem","@id":"https:\/\/anoticiaonline.com.br\/site\/categoria\/muriae\/#listItem","position":2,"name":"Blog","item":"https:\/\/anoticiaonline.com.br\/site\/categoria\/muriae\/","nextItem":{"@type":"ListItem","@id":"https:\/\/anoticiaonline.com.br\/site\/camara-realiza-nesta-quarta-feira-a-primeira-reuniao-dos-vereadores-de-2017\/#listItem","name":"C\u00e2mara realiza nesta quarta-feira a primeira reuni\u00e3o dos vereadores de 2017"},"previousItem":{"@type":"ListItem","@id":"https:\/\/anoticiaonline.com.br\/site#listItem","name":"Home"}},{"@type":"ListItem","@id":"https:\/\/anoticiaonline.com.br\/site\/camara-realiza-nesta-quarta-feira-a-primeira-reuniao-dos-vereadores-de-2017\/#listItem","position":3,"name":"C\u00e2mara realiza nesta quarta-feira a primeira reuni\u00e3o dos vereadores de 2017","previousItem":{"@type":"ListItem","@id":"https:\/\/anoticiaonline.com.br\/site\/categoria\/muriae\/#listItem","name":"Blog"}}]},{"@type":"Organization","@id":"https:\/\/anoticiaonline.com.br\/site\/#organization","name":"A Not\u00edcia Online","description":"Noticias de Muria\u00e9 e regi\u00e3o","url":"https:\/\/anoticiaonline.com.br\/site\/","logo":{"@type":"ImageObject","url":"https:\/\/scontent-gig4-1.xx.fbcdn.net\/v\/t39.30808-1\/270437624_4564083193639691_6907940295614233970_n.jpg?stp=dst-jpg_s200x200_tt6&_nc_cat=111&ccb=1-7&_nc_sid=f907e8&_nc_ohc=SM1wRlP3lJwQ7kNvwEPuBYA&_nc_oc=AdnqrjDN_BNjSSHWO-GbkIWH6fkGMLw4bqvL_NH6e2wMveX7G-rP2dAqsDSq1mJMOaY&_nc_zt=24&_nc_ht=scontent-gig4-1.xx&_nc_gid=AoBFJeGrT1hVaew_6rchkQ&oh=00_AfX7QmFGhQhG2jAllVgXCiM1ZrWgvtp80-Bfppyexh1QEg&oe=689E923C","@id":"https:\/\/anoticiaonline.com.br\/site\/camara-realiza-nesta-quarta-feira-a-primeira-reuniao-dos-vereadores-de-2017\/#organizationLogo"},"image":{"@id":"https:\/\/anoticiaonline.com.br\/site\/camara-realiza-nesta-quarta-feira-a-primeira-reuniao-dos-vereadores-de-2017\/#organizationLogo"}},{"@type":"Person","@id":"https:\/\/anoticiaonline.com.br\/site\/author\/juliana\/#author","url":"https:\/\/anoticiaonline.com.br\/site\/author\/juliana\/","name":"Juliana Laviola","image":{"@type":"ImageObject","@id":"https:\/\/anoticiaonline.com.br\/site\/camara-realiza-nesta-quarta-feira-a-primeira-reuniao-dos-vereadores-de-2017\/#authorImage","url":"https:\/\/secure.gravatar.com\/avatar\/b8d45f5c699b100dfaf0e543582f38f38bf94cb7ae3a5e9abf8d891a34773335?s=96&d=mm&r=g","width":96,"height":96,"caption":"Juliana Laviola"}},{"@type":"WebPage","@id":"https:\/\/anoticiaonline.com.br\/site\/camara-realiza-nesta-quarta-feira-a-primeira-reuniao-dos-vereadores-de-2017\/#webpage","url":"https:\/\/anoticiaonline.com.br\/site\/camara-realiza-nesta-quarta-feira-a-primeira-reuniao-dos-vereadores-de-2017\/","name":"C\u00e2mara realiza nesta quarta-feira a primeira reuni\u00e3o dos vereadores de 2017 - A Not\u00edcia Online","description":"A C\u00e2mara realiza nesta quarta-feira (4), \u00e0s 18h, uma sess\u00e3o extraordin\u00e1ria - a primeira sess\u00e3o da Legislatura 2017\/2020, sob a presid\u00eancia do vereador Carlos Delfim - para votar os projetos de lei que visam adequar o quadro funcional e estrutural do Executivo, ao planejamento estrat\u00e9gico do novo prefeito, Grego, as quais buscam implementar um novo","inLanguage":"pt-BR","isPartOf":{"@id":"https:\/\/anoticiaonline.com.br\/site\/#website"},"breadcrumb":{"@id":"https:\/\/anoticiaonline.com.br\/site\/camara-realiza-nesta-quarta-feira-a-primeira-reuniao-dos-vereadores-de-2017\/#breadcrumblist"},"author":{"@id":"https:\/\/anoticiaonline.com.br\/site\/author\/juliana\/#author"},"creator":{"@id":"https:\/\/anoticiaonline.com.br\/site\/author\/juliana\/#author"},"image":{"@type":"ImageObject","url":"https:\/\/anoticiaonline.com.br\/site\/wp-content\/uploads\/2016\/10\/C\u00e2mara-Municipal-5.jpg","@id":"https:\/\/anoticiaonline.com.br\/site\/camara-realiza-nesta-quarta-feira-a-primeira-reuniao-dos-vereadores-de-2017\/#mainImage","width":640,"height":387},"primaryImageOfPage":{"@id":"https:\/\/anoticiaonline.com.br\/site\/camara-realiza-nesta-quarta-feira-a-primeira-reuniao-dos-vereadores-de-2017\/#mainImage"},"datePublished":"2017-01-04T09:58:58-03:00","dateModified":"2017-01-04T09:58:58-03:00"},{"@type":"WebSite","@id":"https:\/\/anoticiaonline.com.br\/site\/#website","url":"https:\/\/anoticiaonline.com.br\/site\/","name":"A Not\u00edcia Online","description":"Noticias de Muria\u00e9 e regi\u00e3o","inLanguage":"pt-BR","publisher":{"@id":"https:\/\/anoticiaonline.com.br\/site\/#organization"}}]},"og:locale":"pt_BR","og:site_name":"A Not\u00edcia Online - Noticias de Muria\u00e9 e regi\u00e3o","og:type":"article","og:title":"C\u00e2mara realiza nesta quarta-feira a primeira reuni\u00e3o dos vereadores de 2017 - A Not\u00edcia Online","og:description":"A C\u00e2mara realiza nesta quarta-feira (4), \u00e0s 18h, uma sess\u00e3o extraordin\u00e1ria - a primeira sess\u00e3o da Legislatura 2017\/2020, sob a presid\u00eancia do vereador Carlos Delfim - para votar os projetos de lei que visam adequar o quadro funcional e estrutural do Executivo, ao planejamento estrat\u00e9gico do novo prefeito, Grego, as quais buscam implementar um novo","og:url":"https:\/\/anoticiaonline.com.br\/site\/camara-realiza-nesta-quarta-feira-a-primeira-reuniao-dos-vereadores-de-2017\/","og:image":"https:\/\/scontent-gig4-1.xx.fbcdn.net\/v\/t39.30808-1\/270437624_4564083193639691_6907940295614233970_n.jpg?stp=dst-jpg_s200x200_tt6&#038;_nc_cat=111&#038;ccb=1-7&#038;_nc_sid=f907e8&#038;_nc_ohc=SM1wRlP3lJwQ7kNvwEPuBYA&#038;_nc_oc=AdnqrjDN_BNjSSHWO-GbkIWH6fkGMLw4bqvL_NH6e2wMveX7G-rP2dAqsDSq1mJMOaY&#038;_nc_zt=24&#038;_nc_ht=scontent-gig4-1.xx&#038;_nc_gid=AoBFJeGrT1hVaew_6rchkQ&#038;oh=00_AfX7QmFGhQhG2jAllVgXCiM1ZrWgvtp80-Bfppyexh1QEg&#038;oe=689E923C","og:image:secure_url":"https:\/\/scontent-gig4-1.xx.fbcdn.net\/v\/t39.30808-1\/270437624_4564083193639691_6907940295614233970_n.jpg?stp=dst-jpg_s200x200_tt6&#038;_nc_cat=111&#038;ccb=1-7&#038;_nc_sid=f907e8&#038;_nc_ohc=SM1wRlP3lJwQ7kNvwEPuBYA&#038;_nc_oc=AdnqrjDN_BNjSSHWO-GbkIWH6fkGMLw4bqvL_NH6e2wMveX7G-rP2dAqsDSq1mJMOaY&#038;_nc_zt=24&#038;_nc_ht=scontent-gig4-1.xx&#038;_nc_gid=AoBFJeGrT1hVaew_6rchkQ&#038;oh=00_AfX7QmFGhQhG2jAllVgXCiM1ZrWgvtp80-Bfppyexh1QEg&#038;oe=689E923C","article:published_time":"2017-01-04T12:58:58+00:00","article:modified_time":"2017-01-04T12:58:58+00:00","twitter:card":"summary_large_image","twitter:title":"C\u00e2mara realiza nesta quarta-feira a primeira reuni\u00e3o dos vereadores de 2017 - A Not\u00edcia Online","twitter:description":"A C\u00e2mara realiza nesta quarta-feira (4), \u00e0s 18h, uma sess\u00e3o extraordin\u00e1ria - a primeira sess\u00e3o da Legislatura 2017\/2020, sob a presid\u00eancia do vereador Carlos Delfim - para votar os projetos de lei que visam adequar o quadro funcional e estrutural do Executivo, ao planejamento estrat\u00e9gico do novo prefeito, Grego, as quais buscam implementar um novo","twitter:image":"https:\/\/scontent-gig4-1.xx.fbcdn.net\/v\/t39.30808-1\/270437624_4564083193639691_6907940295614233970_n.jpg?stp=dst-jpg_s200x200_tt6&_nc_cat=111&ccb=1-7&_nc_sid=f907e8&_nc_ohc=SM1wRlP3lJwQ7kNvwEPuBYA&_nc_oc=AdnqrjDN_BNjSSHWO-GbkIWH6fkGMLw4bqvL_NH6e2wMveX7G-rP2dAqsDSq1mJMOaY&_nc_zt=24&_nc_ht=scontent-gig4-1.xx&_nc_gid=AoBFJeGrT1hVaew_6rchkQ&oh=00_AfX7QmFGhQhG2jAllVgXCiM1ZrWgvtp80-Bfppyexh1QEg&oe=689E923C"},"aioseo_meta_data":{"post_id":"23599","title":null,"description":null,"keywords":null,"keyphrases":null,"primary_term":null,"canonical_url":null,"og_title":null,"og_description":null,"og_object_type":"default","og_image_type":"default","og_image_url":null,"og_image_width":null,"og_image_height":null,"og_image_custom_url":null,"og_image_custom_fields":null,"og_video":null,"og_custom_url":null,"og_article_section":null,"og_article_tags":null,"twitter_use_og":false,"twitter_card":"default","twitter_image_type":"default","twitter_image_url":null,"twitter_image_custom_url":null,"twitter_image_custom_fields":null,"twitter_title":null,"twitter_description":null,"schema":{"blockGraphs":[],"customGraphs":[],"default":{"data":{"Article":[],"Course":[],"Dataset":[],"FAQPage":[],"Movie":[],"Person":[],"Product":[],"ProductReview":[],"Car":[],"Recipe":[],"Service":[],"SoftwareApplication":[],"WebPage":[]},"graphName":"","isEnabled":true},"graphs":[]},"schema_type":"default","schema_type_options":null,"pillar_content":false,"robots_default":true,"robots_noindex":false,"robots_noarchive":false,"robots_nosnippet":false,"robots_nofollow":false,"robots_noimageindex":false,"robots_noodp":false,"robots_notranslate":false,"robots_max_snippet":null,"robots_max_videopreview":null,"robots_max_imagepreview":"large","priority":null,"frequency":null,"local_seo":null,"breadcrumb_settings":null,"limit_modified_date":false,"ai":null,"created":"2025-08-16 17:27:29","updated":"2025-08-16 17:27:29","focus_keyword":null,"additional_keywords":null,"truseo_locale":null,"seo_analyzer_scan_date":null},"aioseo_breadcrumb":"<div class=\"aioseo-breadcrumbs\"><span class=\"aioseo-breadcrumb\">\n\t\t\t<a href=\"https:\/\/anoticiaonline.com.br\/site\" title=\"Home\">Home<\/a>\n\t\t<\/span><span class=\"aioseo-breadcrumb-separator\">&raquo;<\/span><span class=\"aioseo-breadcrumb\">\n\t\t\t<a href=\"https:\/\/anoticiaonline.com.br\/site\/categoria\/muriae\/\" title=\"Blog\">Blog<\/a>\n\t\t<\/span><span class=\"aioseo-breadcrumb-separator\">&raquo;<\/span><span class=\"aioseo-breadcrumb\">\n\t\t\tC\u00e2mara realiza nesta quarta-feira a primeira reuni\u00e3o dos vereadores de 2017\n\t\t<\/span><\/div>","aioseo_breadcrumb_json":[{"label":"Home","link":"https:\/\/anoticiaonline.com.br\/site"},{"label":"Blog","link":"https:\/\/anoticiaonline.com.br\/site\/categoria\/muriae\/"},{"label":"C\u00e2mara realiza nesta quarta-feira a primeira reuni\u00e3o dos vereadores de 2017","link":"https:\/\/anoticiaonline.com.br\/site\/camara-realiza-nesta-quarta-feira-a-primeira-reuniao-dos-vereadores-de-2017\/"}],"views":149,"_links":{"self":[{"href":"https:\/\/anoticiaonline.com.br\/site\/wp-json\/wp\/v2\/posts\/23599","targetHints":{"allow":["GET"]}}],"collection":[{"href":"https:\/\/anoticiaonline.com.br\/site\/wp-json\/wp\/v2\/posts"}],"about":[{"href":"https:\/\/anoticiaonline.com.br\/site\/wp-json\/wp\/v2\/types\/post"}],"author":[{"embeddable":true,"href":"https:\/\/anoticiaonline.com.br\/site\/wp-json\/wp\/v2\/users\/2"}],"replies":[{"embeddable":true,"href":"https:\/\/anoticiaonline.com.br\/site\/wp-json\/wp\/v2\/comments?post=23599"}],"version-history":[{"count":0,"href":"https:\/\/anoticiaonline.com.br\/site\/wp-json\/wp\/v2\/posts\/23599\/revisions"}],"wp:featuredmedia":[{"embeddable":true,"href":"https:\/\/anoticiaonline.com.br\/site\/wp-json\/wp\/v2\/media\/20272"}],"wp:attachment":[{"href":"https:\/\/anoticiaonline.com.br\/site\/wp-json\/wp\/v2\/media?parent=23599"}],"wp:term":[{"taxonomy":"category","embeddable":true,"href":"https:\/\/anoticiaonline.com.br\/site\/wp-json\/wp\/v2\/categories?post=23599"},{"taxonomy":"post_tag","embeddable":true,"href":"https:\/\/anoticiaonline.com.br\/site\/wp-json\/wp\/v2\/tags?post=23599"}],"curies":[{"name":"wp","href":"https:\/\/api.w.org\/{rel}","templated":true}]}}