{"id":23593,"date":"2017-01-04T08:34:29","date_gmt":"2017-01-04T11:34:29","guid":{"rendered":"http:\/\/anoticiaonline.com.br\/site\/?p=23593"},"modified":"2017-01-04T16:22:50","modified_gmt":"2017-01-04T19:22:50","slug":"elenco-e-comissao-tecnica-do-nac-se-reapresentam","status":"publish","type":"post","link":"https:\/\/anoticiaonline.com.br\/site\/elenco-e-comissao-tecnica-do-nac-se-reapresentam\/","title":{"rendered":"Elenco e comiss\u00e3o t\u00e9cnica do NAC se reapresentam"},"content":{"rendered":"<p><a href=\"https:\/\/anoticiaonline.com.br\/site\/wp-content\/uploads\/2017\/01\/Elenco-e-comiss\u00e3o-t\u00e9cnica-do-NAC-se-reapresentam.jpg\"><img fetchpriority=\"high\" decoding=\"async\" class=\" size-medium wp-image-23595 alignleft\" src=\"https:\/\/anoticiaonline.com.br\/site\/wp-content\/uploads\/2017\/01\/Elenco-e-comiss\u00e3o-t\u00e9cnica-do-NAC-se-reapresentam-300x167.jpg\" alt=\"elenco-e-comissao-tecnica-do-nac-se-reapresentam\" width=\"300\" height=\"167\" srcset=\"https:\/\/anoticiaonline.com.br\/site\/wp-content\/uploads\/2017\/01\/Elenco-e-comiss\u00e3o-t\u00e9cnica-do-NAC-se-reapresentam-300x167.jpg 300w, https:\/\/anoticiaonline.com.br\/site\/wp-content\/uploads\/2017\/01\/Elenco-e-comiss\u00e3o-t\u00e9cnica-do-NAC-se-reapresentam.jpg 640w\" sizes=\"(max-width: 300px) 100vw, 300px\" \/><\/a>Ap\u00f3s o recesso de final de ano, o elenco e a comiss\u00e3o t\u00e9cnica do Nacional de Muria\u00e9 se reapresentaram na ter\u00e7a-feira (3), no Centro de Treinamento do Est\u00e1dio Soares de Azevedo. O elenco voltou desfalcado, j\u00e1 que o goleiro Leandro n\u00e3o faz mais parte da equipe, conforme informou o presidente do NAC, Jos\u00e9 Geraldo Pimentel, durante a manh\u00e3 de ter\u00e7a-feira.<\/p>\n<p>Durante a tarde, os jogadores passaram por uma avalia\u00e7\u00e3o f\u00edsica e, em seguida, participaram de um treino t\u00e9cnico. Antes de come\u00e7ar o treinamento, o treinador Gilmar Estevam reuniu com os atletas, fez uma ora\u00e7\u00e3o no centro do gramado e conversou rapidamente com os jogadores. Em seguida, comandou um treino t\u00e9cnico leve.<\/p>\n<p>A programa\u00e7\u00e3o da semana prev\u00ea diversos testes f\u00edsicos, sempre na parte da manh\u00e3, com treinos \u00e0 tarde. \u201cJ\u00e1 vamos a fazer um trabalho mais intenso com os jogadores, principalmente nas partes t\u00e9cnica e t\u00e1tica, juntamente com a parte f\u00edsica e, progressivamente, com os jogos e amistosos que faremos durante o m\u00eas. Isso vai ajudar bastante a chegarmos a um patamar que precisamos para iniciarmos bem a temporada de 2017 do M\u00f3dulo II\u201d, conta.<\/p>\n<p>A estreia do Nacional acontece no dia 22 de fevereiro, contra o Guarani, em Divin\u00f3polis. Antes, por\u00e9m, o time faz cinco amistosos de prepara\u00e7\u00e3o.<\/p>\n<p><strong><a href=\"https:\/\/anoticiaonline.com.br\/site\/wp-content\/uploads\/2017\/01\/Elenco-e-comiss\u00e3o-t\u00e9cnica-do-NAC-se-reapresentam-2.jpg\"><img decoding=\"async\" class=\" size-medium wp-image-23594 alignleft\" src=\"https:\/\/anoticiaonline.com.br\/site\/wp-content\/uploads\/2017\/01\/Elenco-e-comiss\u00e3o-t\u00e9cnica-do-NAC-se-reapresentam-2-187x300.jpg\" alt=\"elenco-e-comissao-tecnica-do-nac-se-reapresentam-2\" width=\"187\" height=\"300\" srcset=\"https:\/\/anoticiaonline.com.br\/site\/wp-content\/uploads\/2017\/01\/Elenco-e-comiss\u00e3o-t\u00e9cnica-do-NAC-se-reapresentam-2-187x300.jpg 187w, https:\/\/anoticiaonline.com.br\/site\/wp-content\/uploads\/2017\/01\/Elenco-e-comiss\u00e3o-t\u00e9cnica-do-NAC-se-reapresentam-2.jpg 398w\" sizes=\"(max-width: 187px) 100vw, 187px\" \/><\/a>BAIXA DE LEANDRO &#8211;<\/strong> Natural de Muria\u00e9, Leandro, que iria defender o NAC pela primeira vez, era o \u00fanico que ainda n\u00e3o tinha tido seu nome divulgado no Boletim Informativo Di\u00e1rio (BID) da CBF, pois tinha contrato em vigor com o S\u00e3o Jos\u00e9 (SP) at\u00e9 o dia 10 de janeiro. Agora, ele ir\u00e1 atuar no S\u00e3o Carlos Futebol Clube e ir\u00e1 disputar a S\u00e9rie A3 do Campeonato Paulista.<\/p>\n<p>Devido \u00e0 baixa de Leandro, o Nacional vai ter que voltar ao mercado para contratar outro goleiro. Atualmente, o time conta com Paulo Vitor e Lucas Fritz.<\/p>\n<p>&nbsp;<\/p>\n<p>&nbsp;<\/p>\n<p>&nbsp;<\/p>\n<p>&nbsp;<\/p>\n<p><strong>CONFIRA O ELENCO ATUALIZADO DO NAC:<\/strong><\/p>\n<p><strong>Goleiros:<\/strong> Lucas Fritz e Paulo Vitor;<br \/>\n<strong>Laterais:<\/strong> Filipe, Filipinho, Bicudo e Iury;<br \/>\n<strong>Zagueiros:<\/strong> Hugo, Jean e Rodrig\u00e3o;<br \/>\n<strong>Volantes:<\/strong> \u00c9lder, Lucas Hulk, Rafael Lemes, Dudu* e L\u00e9o*;<br \/>\n<strong>Meias:<\/strong> Aur\u00e9lio, Guilherme, Jo\u00e3o Willian, Thiago Marin, Caio Henrique* e Patrick*;<br \/>\n<strong>Atacantes:<\/strong> Alexandre, \u00c9verton, Igor Goulart, Iran, Marcelo R\u00e9gis e Cassius*.<br \/>\n<em>*Atletas revelados pelo NAC e que fazem parte do elenco, mas, a princ\u00edpio, n\u00e3o ser\u00e3o inscritos<\/em><\/p>\n<p><strong>CONFIRA OS AMISTOSOS DO NAC:<\/strong><\/p>\n<p><strong>&#8211; NAC x Atl\u00e9tico Itapemirim \u2013<\/strong> 14 de janeiro, \u00e0s 17h, no Est\u00e1dio Soares de Azevedo<br \/>\n<strong>&#8211; NAC x Tombense \u2013<\/strong> 18 de janeiro, \u00e0s 20h, no Est\u00e1dio Soares de Azevedo<br \/>\n<strong>&#8211; Tombense x NAC \u2013<\/strong> 21 de janeiro, \u00e0s 16h, em Tombos<br \/>\n<strong>&#8211; NAC x Boa Esporte \u2013<\/strong> 28 de janeiro, \u00e0s 17h, no Est\u00e1dio Soares de Azevedo<br \/>\n<strong>&#8211; Boa Esporte x NAC \u2013<\/strong> 4 de fevereiro, \u00e0s 17h, em Varginha<\/p>\n","protected":false},"excerpt":{"rendered":"<p>Ap\u00f3s o recesso de final de ano, o elenco e a comiss\u00e3o t\u00e9cnica do Nacional de Muria\u00e9 se reapresentaram na ter\u00e7a-feira (3), no Centro de Treinamento do Est\u00e1dio Soares de Azevedo. O elenco voltou desfalcado, j\u00e1 que o goleiro Leandro n\u00e3o faz mais parte da equipe, conforme informou o presidente do NAC, Jos\u00e9 Geraldo Pimentel, &#8230; <a title=\"Elenco e comiss\u00e3o t\u00e9cnica do NAC se reapresentam\" class=\"read-more\" href=\"https:\/\/anoticiaonline.com.br\/site\/elenco-e-comissao-tecnica-do-nac-se-reapresentam\/\" aria-label=\"Read more about Elenco e comiss\u00e3o t\u00e9cnica do NAC se reapresentam\">Ler mais<\/a><\/p>\n","protected":false},"author":2,"featured_media":23595,"comment_status":"open","ping_status":"open","sticky":false,"template":"","format":"standard","meta":{"_acf_changed":false,"_monsterinsights_skip_tracking":false,"footnotes":""},"categories":[29],"tags":[3],"class_list":["post-23593","post","type-post","status-publish","format-standard","has-post-thumbnail","hentry","category-esporte","tag-slide"],"acf":[],"aioseo_notices":[],"aioseo_head":"\n\t\t<!-- All in One SEO 5.0.0.1 - aioseo.com -->\n\t<meta name=\"description\" content=\"Ap\u00f3s o recesso de final de ano, o elenco e a comiss\u00e3o t\u00e9cnica do Nacional de Muria\u00e9 se reapresentaram na ter\u00e7a-feira (3), no Centro de Treinamento do Est\u00e1dio Soares de Azevedo. O elenco voltou desfalcado, j\u00e1 que o goleiro Leandro n\u00e3o faz mais parte da equipe, conforme informou o presidente do NAC, Jos\u00e9 Geraldo Pimentel,\" \/>\n\t<meta name=\"robots\" content=\"max-image-preview:large\" \/>\n\t<meta name=\"author\" content=\"Juliana Laviola\"\/>\n\t<link rel=\"canonical\" href=\"https:\/\/anoticiaonline.com.br\/site\/elenco-e-comissao-tecnica-do-nac-se-reapresentam\/\" \/>\n\t<meta name=\"generator\" content=\"All in One SEO (AIOSEO) 5.0.0.1\" \/>\n\t\t<meta property=\"og:locale\" content=\"pt_BR\" \/>\n\t\t<meta property=\"og:site_name\" content=\"A Not\u00edcia Online - Noticias de Muria\u00e9 e regi\u00e3o\" \/>\n\t\t<meta property=\"og:type\" content=\"article\" \/>\n\t\t<meta property=\"og:title\" content=\"Elenco e comiss\u00e3o t\u00e9cnica do NAC se reapresentam - A Not\u00edcia Online\" \/>\n\t\t<meta property=\"og:description\" content=\"Ap\u00f3s o recesso de final de ano, o elenco e a comiss\u00e3o t\u00e9cnica do Nacional de Muria\u00e9 se reapresentaram na ter\u00e7a-feira (3), no Centro de Treinamento do Est\u00e1dio Soares de Azevedo. O elenco voltou desfalcado, j\u00e1 que o goleiro Leandro n\u00e3o faz mais parte da equipe, conforme informou o presidente do NAC, Jos\u00e9 Geraldo Pimentel,\" \/>\n\t\t<meta property=\"og:url\" content=\"https:\/\/anoticiaonline.com.br\/site\/elenco-e-comissao-tecnica-do-nac-se-reapresentam\/\" \/>\n\t\t<meta property=\"og:image\" content=\"https:\/\/scontent-gig4-1.xx.fbcdn.net\/v\/t39.30808-1\/270437624_4564083193639691_6907940295614233970_n.jpg?stp=dst-jpg_s200x200_tt6&#038;_nc_cat=111&#038;ccb=1-7&#038;_nc_sid=f907e8&#038;_nc_ohc=SM1wRlP3lJwQ7kNvwEPuBYA&#038;_nc_oc=AdnqrjDN_BNjSSHWO-GbkIWH6fkGMLw4bqvL_NH6e2wMveX7G-rP2dAqsDSq1mJMOaY&#038;_nc_zt=24&#038;_nc_ht=scontent-gig4-1.xx&#038;_nc_gid=AoBFJeGrT1hVaew_6rchkQ&#038;oh=00_AfX7QmFGhQhG2jAllVgXCiM1ZrWgvtp80-Bfppyexh1QEg&#038;oe=689E923C\" \/>\n\t\t<meta property=\"og:image:secure_url\" content=\"https:\/\/scontent-gig4-1.xx.fbcdn.net\/v\/t39.30808-1\/270437624_4564083193639691_6907940295614233970_n.jpg?stp=dst-jpg_s200x200_tt6&#038;_nc_cat=111&#038;ccb=1-7&#038;_nc_sid=f907e8&#038;_nc_ohc=SM1wRlP3lJwQ7kNvwEPuBYA&#038;_nc_oc=AdnqrjDN_BNjSSHWO-GbkIWH6fkGMLw4bqvL_NH6e2wMveX7G-rP2dAqsDSq1mJMOaY&#038;_nc_zt=24&#038;_nc_ht=scontent-gig4-1.xx&#038;_nc_gid=AoBFJeGrT1hVaew_6rchkQ&#038;oh=00_AfX7QmFGhQhG2jAllVgXCiM1ZrWgvtp80-Bfppyexh1QEg&#038;oe=689E923C\" \/>\n\t\t<meta property=\"article:published_time\" content=\"2017-01-04T11:34:29+00:00\" \/>\n\t\t<meta property=\"article:modified_time\" content=\"2017-01-04T19:22:50+00:00\" \/>\n\t\t<meta name=\"twitter:card\" content=\"summary_large_image\" \/>\n\t\t<meta name=\"twitter:title\" content=\"Elenco e comiss\u00e3o t\u00e9cnica do NAC se reapresentam - A Not\u00edcia Online\" \/>\n\t\t<meta name=\"twitter:description\" content=\"Ap\u00f3s o recesso de final de ano, o elenco e a comiss\u00e3o t\u00e9cnica do Nacional de Muria\u00e9 se reapresentaram na ter\u00e7a-feira (3), no Centro de Treinamento do Est\u00e1dio Soares de Azevedo. O elenco voltou desfalcado, j\u00e1 que o goleiro Leandro n\u00e3o faz mais parte da equipe, conforme informou o presidente do NAC, Jos\u00e9 Geraldo Pimentel,\" \/>\n\t\t<meta name=\"twitter:image\" content=\"https:\/\/scontent-gig4-1.xx.fbcdn.net\/v\/t39.30808-1\/270437624_4564083193639691_6907940295614233970_n.jpg?stp=dst-jpg_s200x200_tt6&amp;_nc_cat=111&amp;ccb=1-7&amp;_nc_sid=f907e8&amp;_nc_ohc=SM1wRlP3lJwQ7kNvwEPuBYA&amp;_nc_oc=AdnqrjDN_BNjSSHWO-GbkIWH6fkGMLw4bqvL_NH6e2wMveX7G-rP2dAqsDSq1mJMOaY&amp;_nc_zt=24&amp;_nc_ht=scontent-gig4-1.xx&amp;_nc_gid=AoBFJeGrT1hVaew_6rchkQ&amp;oh=00_AfX7QmFGhQhG2jAllVgXCiM1ZrWgvtp80-Bfppyexh1QEg&amp;oe=689E923C\" \/>\n\t\t<script type=\"application\/ld+json\" class=\"aioseo-schema\">\n\t\t\t{\"@context\":\"https:\\\/\\\/schema.org\",\"@graph\":[{\"@type\":\"BlogPosting\",\"@id\":\"https:\\\/\\\/anoticiaonline.com.br\\\/site\\\/elenco-e-comissao-tecnica-do-nac-se-reapresentam\\\/#blogposting\",\"name\":\"Elenco e comiss\\u00e3o t\\u00e9cnica do NAC se reapresentam - A Not\\u00edcia Online\",\"headline\":\"Elenco e comiss\\u00e3o t\\u00e9cnica do NAC se reapresentam\",\"author\":{\"@id\":\"https:\\\/\\\/anoticiaonline.com.br\\\/site\\\/author\\\/juliana\\\/#author\"},\"publisher\":{\"@id\":\"https:\\\/\\\/anoticiaonline.com.br\\\/site\\\/#organization\"},\"image\":{\"@type\":\"ImageObject\",\"url\":\"https:\\\/\\\/anoticiaonline.com.br\\\/site\\\/wp-content\\\/uploads\\\/2017\\\/01\\\/Elenco-e-comiss\\u00e3o-t\\u00e9cnica-do-NAC-se-reapresentam.jpg\",\"width\":640,\"height\":356},\"datePublished\":\"2017-01-04T08:34:29-03:00\",\"dateModified\":\"2017-01-04T16:22:50-03:00\",\"inLanguage\":\"pt-BR\",\"mainEntityOfPage\":{\"@id\":\"https:\\\/\\\/anoticiaonline.com.br\\\/site\\\/elenco-e-comissao-tecnica-do-nac-se-reapresentam\\\/#webpage\"},\"isPartOf\":{\"@id\":\"https:\\\/\\\/anoticiaonline.com.br\\\/site\\\/elenco-e-comissao-tecnica-do-nac-se-reapresentam\\\/#webpage\"},\"articleSection\":\"Esporte, slide\"},{\"@type\":\"BreadcrumbList\",\"@id\":\"https:\\\/\\\/anoticiaonline.com.br\\\/site\\\/elenco-e-comissao-tecnica-do-nac-se-reapresentam\\\/#breadcrumblist\",\"itemListElement\":[{\"@type\":\"ListItem\",\"@id\":\"https:\\\/\\\/anoticiaonline.com.br\\\/site#listItem\",\"position\":1,\"name\":\"Home\",\"item\":\"https:\\\/\\\/anoticiaonline.com.br\\\/site\",\"nextItem\":{\"@type\":\"ListItem\",\"@id\":\"https:\\\/\\\/anoticiaonline.com.br\\\/site\\\/categoria\\\/esporte\\\/#listItem\",\"name\":\"Esporte\"}},{\"@type\":\"ListItem\",\"@id\":\"https:\\\/\\\/anoticiaonline.com.br\\\/site\\\/categoria\\\/esporte\\\/#listItem\",\"position\":2,\"name\":\"Esporte\",\"item\":\"https:\\\/\\\/anoticiaonline.com.br\\\/site\\\/categoria\\\/esporte\\\/\",\"nextItem\":{\"@type\":\"ListItem\",\"@id\":\"https:\\\/\\\/anoticiaonline.com.br\\\/site\\\/elenco-e-comissao-tecnica-do-nac-se-reapresentam\\\/#listItem\",\"name\":\"Elenco e comiss\\u00e3o t\\u00e9cnica do NAC se reapresentam\"},\"previousItem\":{\"@type\":\"ListItem\",\"@id\":\"https:\\\/\\\/anoticiaonline.com.br\\\/site#listItem\",\"name\":\"Home\"}},{\"@type\":\"ListItem\",\"@id\":\"https:\\\/\\\/anoticiaonline.com.br\\\/site\\\/elenco-e-comissao-tecnica-do-nac-se-reapresentam\\\/#listItem\",\"position\":3,\"name\":\"Elenco e comiss\\u00e3o t\\u00e9cnica do NAC se reapresentam\",\"previousItem\":{\"@type\":\"ListItem\",\"@id\":\"https:\\\/\\\/anoticiaonline.com.br\\\/site\\\/categoria\\\/esporte\\\/#listItem\",\"name\":\"Esporte\"}}]},{\"@type\":\"Organization\",\"@id\":\"https:\\\/\\\/anoticiaonline.com.br\\\/site\\\/#organization\",\"name\":\"A Not\\u00edcia Online\",\"description\":\"Noticias de Muria\\u00e9 e regi\\u00e3o\",\"url\":\"https:\\\/\\\/anoticiaonline.com.br\\\/site\\\/\",\"logo\":{\"@type\":\"ImageObject\",\"url\":\"https:\\\/\\\/scontent-gig4-1.xx.fbcdn.net\\\/v\\\/t39.30808-1\\\/270437624_4564083193639691_6907940295614233970_n.jpg?stp=dst-jpg_s200x200_tt6&_nc_cat=111&ccb=1-7&_nc_sid=f907e8&_nc_ohc=SM1wRlP3lJwQ7kNvwEPuBYA&_nc_oc=AdnqrjDN_BNjSSHWO-GbkIWH6fkGMLw4bqvL_NH6e2wMveX7G-rP2dAqsDSq1mJMOaY&_nc_zt=24&_nc_ht=scontent-gig4-1.xx&_nc_gid=AoBFJeGrT1hVaew_6rchkQ&oh=00_AfX7QmFGhQhG2jAllVgXCiM1ZrWgvtp80-Bfppyexh1QEg&oe=689E923C\",\"@id\":\"https:\\\/\\\/anoticiaonline.com.br\\\/site\\\/elenco-e-comissao-tecnica-do-nac-se-reapresentam\\\/#organizationLogo\"},\"image\":{\"@id\":\"https:\\\/\\\/anoticiaonline.com.br\\\/site\\\/elenco-e-comissao-tecnica-do-nac-se-reapresentam\\\/#organizationLogo\"}},{\"@type\":\"Person\",\"@id\":\"https:\\\/\\\/anoticiaonline.com.br\\\/site\\\/author\\\/juliana\\\/#author\",\"url\":\"https:\\\/\\\/anoticiaonline.com.br\\\/site\\\/author\\\/juliana\\\/\",\"name\":\"Juliana Laviola\",\"image\":{\"@type\":\"ImageObject\",\"@id\":\"https:\\\/\\\/anoticiaonline.com.br\\\/site\\\/elenco-e-comissao-tecnica-do-nac-se-reapresentam\\\/#authorImage\",\"url\":\"https:\\\/\\\/secure.gravatar.com\\\/avatar\\\/b8d45f5c699b100dfaf0e543582f38f38bf94cb7ae3a5e9abf8d891a34773335?s=96&d=mm&r=g\",\"width\":96,\"height\":96,\"caption\":\"Juliana Laviola\"}},{\"@type\":\"WebPage\",\"@id\":\"https:\\\/\\\/anoticiaonline.com.br\\\/site\\\/elenco-e-comissao-tecnica-do-nac-se-reapresentam\\\/#webpage\",\"url\":\"https:\\\/\\\/anoticiaonline.com.br\\\/site\\\/elenco-e-comissao-tecnica-do-nac-se-reapresentam\\\/\",\"name\":\"Elenco e comiss\\u00e3o t\\u00e9cnica do NAC se reapresentam - A Not\\u00edcia Online\",\"description\":\"Ap\\u00f3s o recesso de final de ano, o elenco e a comiss\\u00e3o t\\u00e9cnica do Nacional de Muria\\u00e9 se reapresentaram na ter\\u00e7a-feira (3), no Centro de Treinamento do Est\\u00e1dio Soares de Azevedo. O elenco voltou desfalcado, j\\u00e1 que o goleiro Leandro n\\u00e3o faz mais parte da equipe, conforme informou o presidente do NAC, Jos\\u00e9 Geraldo Pimentel,\",\"inLanguage\":\"pt-BR\",\"isPartOf\":{\"@id\":\"https:\\\/\\\/anoticiaonline.com.br\\\/site\\\/#website\"},\"breadcrumb\":{\"@id\":\"https:\\\/\\\/anoticiaonline.com.br\\\/site\\\/elenco-e-comissao-tecnica-do-nac-se-reapresentam\\\/#breadcrumblist\"},\"author\":{\"@id\":\"https:\\\/\\\/anoticiaonline.com.br\\\/site\\\/author\\\/juliana\\\/#author\"},\"creator\":{\"@id\":\"https:\\\/\\\/anoticiaonline.com.br\\\/site\\\/author\\\/juliana\\\/#author\"},\"image\":{\"@type\":\"ImageObject\",\"url\":\"https:\\\/\\\/anoticiaonline.com.br\\\/site\\\/wp-content\\\/uploads\\\/2017\\\/01\\\/Elenco-e-comiss\\u00e3o-t\\u00e9cnica-do-NAC-se-reapresentam.jpg\",\"@id\":\"https:\\\/\\\/anoticiaonline.com.br\\\/site\\\/elenco-e-comissao-tecnica-do-nac-se-reapresentam\\\/#mainImage\",\"width\":640,\"height\":356},\"primaryImageOfPage\":{\"@id\":\"https:\\\/\\\/anoticiaonline.com.br\\\/site\\\/elenco-e-comissao-tecnica-do-nac-se-reapresentam\\\/#mainImage\"},\"datePublished\":\"2017-01-04T08:34:29-03:00\",\"dateModified\":\"2017-01-04T16:22:50-03:00\"},{\"@type\":\"WebSite\",\"@id\":\"https:\\\/\\\/anoticiaonline.com.br\\\/site\\\/#website\",\"url\":\"https:\\\/\\\/anoticiaonline.com.br\\\/site\\\/\",\"name\":\"A Not\\u00edcia Online\",\"description\":\"Noticias de Muria\\u00e9 e regi\\u00e3o\",\"inLanguage\":\"pt-BR\",\"publisher\":{\"@id\":\"https:\\\/\\\/anoticiaonline.com.br\\\/site\\\/#organization\"}}]}\n\t\t<\/script>\n\t\t<!-- All in One SEO -->\n\n","aioseo_head_json":{"title":"Elenco e comiss\u00e3o t\u00e9cnica do NAC se reapresentam - A Not\u00edcia Online","description":"Ap\u00f3s o recesso de final de ano, o elenco e a comiss\u00e3o t\u00e9cnica do Nacional de Muria\u00e9 se reapresentaram na ter\u00e7a-feira (3), no Centro de Treinamento do Est\u00e1dio Soares de Azevedo. O elenco voltou desfalcado, j\u00e1 que o goleiro Leandro n\u00e3o faz mais parte da equipe, conforme informou o presidente do NAC, Jos\u00e9 Geraldo Pimentel,","canonical_url":"https:\/\/anoticiaonline.com.br\/site\/elenco-e-comissao-tecnica-do-nac-se-reapresentam\/","robots":"max-image-preview:large","keywords":"","webmasterTools":{"miscellaneous":""},"schema":{"@context":"https:\/\/schema.org","@graph":[{"@type":"BlogPosting","@id":"https:\/\/anoticiaonline.com.br\/site\/elenco-e-comissao-tecnica-do-nac-se-reapresentam\/#blogposting","name":"Elenco e comiss\u00e3o t\u00e9cnica do NAC se reapresentam - A Not\u00edcia Online","headline":"Elenco e comiss\u00e3o t\u00e9cnica do NAC se reapresentam","author":{"@id":"https:\/\/anoticiaonline.com.br\/site\/author\/juliana\/#author"},"publisher":{"@id":"https:\/\/anoticiaonline.com.br\/site\/#organization"},"image":{"@type":"ImageObject","url":"https:\/\/anoticiaonline.com.br\/site\/wp-content\/uploads\/2017\/01\/Elenco-e-comiss\u00e3o-t\u00e9cnica-do-NAC-se-reapresentam.jpg","width":640,"height":356},"datePublished":"2017-01-04T08:34:29-03:00","dateModified":"2017-01-04T16:22:50-03:00","inLanguage":"pt-BR","mainEntityOfPage":{"@id":"https:\/\/anoticiaonline.com.br\/site\/elenco-e-comissao-tecnica-do-nac-se-reapresentam\/#webpage"},"isPartOf":{"@id":"https:\/\/anoticiaonline.com.br\/site\/elenco-e-comissao-tecnica-do-nac-se-reapresentam\/#webpage"},"articleSection":"Esporte, slide"},{"@type":"BreadcrumbList","@id":"https:\/\/anoticiaonline.com.br\/site\/elenco-e-comissao-tecnica-do-nac-se-reapresentam\/#breadcrumblist","itemListElement":[{"@type":"ListItem","@id":"https:\/\/anoticiaonline.com.br\/site#listItem","position":1,"name":"Home","item":"https:\/\/anoticiaonline.com.br\/site","nextItem":{"@type":"ListItem","@id":"https:\/\/anoticiaonline.com.br\/site\/categoria\/esporte\/#listItem","name":"Esporte"}},{"@type":"ListItem","@id":"https:\/\/anoticiaonline.com.br\/site\/categoria\/esporte\/#listItem","position":2,"name":"Esporte","item":"https:\/\/anoticiaonline.com.br\/site\/categoria\/esporte\/","nextItem":{"@type":"ListItem","@id":"https:\/\/anoticiaonline.com.br\/site\/elenco-e-comissao-tecnica-do-nac-se-reapresentam\/#listItem","name":"Elenco e comiss\u00e3o t\u00e9cnica do NAC se reapresentam"},"previousItem":{"@type":"ListItem","@id":"https:\/\/anoticiaonline.com.br\/site#listItem","name":"Home"}},{"@type":"ListItem","@id":"https:\/\/anoticiaonline.com.br\/site\/elenco-e-comissao-tecnica-do-nac-se-reapresentam\/#listItem","position":3,"name":"Elenco e comiss\u00e3o t\u00e9cnica do NAC se reapresentam","previousItem":{"@type":"ListItem","@id":"https:\/\/anoticiaonline.com.br\/site\/categoria\/esporte\/#listItem","name":"Esporte"}}]},{"@type":"Organization","@id":"https:\/\/anoticiaonline.com.br\/site\/#organization","name":"A Not\u00edcia Online","description":"Noticias de Muria\u00e9 e regi\u00e3o","url":"https:\/\/anoticiaonline.com.br\/site\/","logo":{"@type":"ImageObject","url":"https:\/\/scontent-gig4-1.xx.fbcdn.net\/v\/t39.30808-1\/270437624_4564083193639691_6907940295614233970_n.jpg?stp=dst-jpg_s200x200_tt6&_nc_cat=111&ccb=1-7&_nc_sid=f907e8&_nc_ohc=SM1wRlP3lJwQ7kNvwEPuBYA&_nc_oc=AdnqrjDN_BNjSSHWO-GbkIWH6fkGMLw4bqvL_NH6e2wMveX7G-rP2dAqsDSq1mJMOaY&_nc_zt=24&_nc_ht=scontent-gig4-1.xx&_nc_gid=AoBFJeGrT1hVaew_6rchkQ&oh=00_AfX7QmFGhQhG2jAllVgXCiM1ZrWgvtp80-Bfppyexh1QEg&oe=689E923C","@id":"https:\/\/anoticiaonline.com.br\/site\/elenco-e-comissao-tecnica-do-nac-se-reapresentam\/#organizationLogo"},"image":{"@id":"https:\/\/anoticiaonline.com.br\/site\/elenco-e-comissao-tecnica-do-nac-se-reapresentam\/#organizationLogo"}},{"@type":"Person","@id":"https:\/\/anoticiaonline.com.br\/site\/author\/juliana\/#author","url":"https:\/\/anoticiaonline.com.br\/site\/author\/juliana\/","name":"Juliana Laviola","image":{"@type":"ImageObject","@id":"https:\/\/anoticiaonline.com.br\/site\/elenco-e-comissao-tecnica-do-nac-se-reapresentam\/#authorImage","url":"https:\/\/secure.gravatar.com\/avatar\/b8d45f5c699b100dfaf0e543582f38f38bf94cb7ae3a5e9abf8d891a34773335?s=96&d=mm&r=g","width":96,"height":96,"caption":"Juliana Laviola"}},{"@type":"WebPage","@id":"https:\/\/anoticiaonline.com.br\/site\/elenco-e-comissao-tecnica-do-nac-se-reapresentam\/#webpage","url":"https:\/\/anoticiaonline.com.br\/site\/elenco-e-comissao-tecnica-do-nac-se-reapresentam\/","name":"Elenco e comiss\u00e3o t\u00e9cnica do NAC se reapresentam - A Not\u00edcia Online","description":"Ap\u00f3s o recesso de final de ano, o elenco e a comiss\u00e3o t\u00e9cnica do Nacional de Muria\u00e9 se reapresentaram na ter\u00e7a-feira (3), no Centro de Treinamento do Est\u00e1dio Soares de Azevedo. O elenco voltou desfalcado, j\u00e1 que o goleiro Leandro n\u00e3o faz mais parte da equipe, conforme informou o presidente do NAC, Jos\u00e9 Geraldo Pimentel,","inLanguage":"pt-BR","isPartOf":{"@id":"https:\/\/anoticiaonline.com.br\/site\/#website"},"breadcrumb":{"@id":"https:\/\/anoticiaonline.com.br\/site\/elenco-e-comissao-tecnica-do-nac-se-reapresentam\/#breadcrumblist"},"author":{"@id":"https:\/\/anoticiaonline.com.br\/site\/author\/juliana\/#author"},"creator":{"@id":"https:\/\/anoticiaonline.com.br\/site\/author\/juliana\/#author"},"image":{"@type":"ImageObject","url":"https:\/\/anoticiaonline.com.br\/site\/wp-content\/uploads\/2017\/01\/Elenco-e-comiss\u00e3o-t\u00e9cnica-do-NAC-se-reapresentam.jpg","@id":"https:\/\/anoticiaonline.com.br\/site\/elenco-e-comissao-tecnica-do-nac-se-reapresentam\/#mainImage","width":640,"height":356},"primaryImageOfPage":{"@id":"https:\/\/anoticiaonline.com.br\/site\/elenco-e-comissao-tecnica-do-nac-se-reapresentam\/#mainImage"},"datePublished":"2017-01-04T08:34:29-03:00","dateModified":"2017-01-04T16:22:50-03:00"},{"@type":"WebSite","@id":"https:\/\/anoticiaonline.com.br\/site\/#website","url":"https:\/\/anoticiaonline.com.br\/site\/","name":"A Not\u00edcia Online","description":"Noticias de Muria\u00e9 e regi\u00e3o","inLanguage":"pt-BR","publisher":{"@id":"https:\/\/anoticiaonline.com.br\/site\/#organization"}}]},"og:locale":"pt_BR","og:site_name":"A Not\u00edcia Online - Noticias de Muria\u00e9 e regi\u00e3o","og:type":"article","og:title":"Elenco e comiss\u00e3o t\u00e9cnica do NAC se reapresentam - A Not\u00edcia Online","og:description":"Ap\u00f3s o recesso de final de ano, o elenco e a comiss\u00e3o t\u00e9cnica do Nacional de Muria\u00e9 se reapresentaram na ter\u00e7a-feira (3), no Centro de Treinamento do Est\u00e1dio Soares de Azevedo. O elenco voltou desfalcado, j\u00e1 que o goleiro Leandro n\u00e3o faz mais parte da equipe, conforme informou o presidente do NAC, Jos\u00e9 Geraldo Pimentel,","og:url":"https:\/\/anoticiaonline.com.br\/site\/elenco-e-comissao-tecnica-do-nac-se-reapresentam\/","og:image":"https:\/\/scontent-gig4-1.xx.fbcdn.net\/v\/t39.30808-1\/270437624_4564083193639691_6907940295614233970_n.jpg?stp=dst-jpg_s200x200_tt6&#038;_nc_cat=111&#038;ccb=1-7&#038;_nc_sid=f907e8&#038;_nc_ohc=SM1wRlP3lJwQ7kNvwEPuBYA&#038;_nc_oc=AdnqrjDN_BNjSSHWO-GbkIWH6fkGMLw4bqvL_NH6e2wMveX7G-rP2dAqsDSq1mJMOaY&#038;_nc_zt=24&#038;_nc_ht=scontent-gig4-1.xx&#038;_nc_gid=AoBFJeGrT1hVaew_6rchkQ&#038;oh=00_AfX7QmFGhQhG2jAllVgXCiM1ZrWgvtp80-Bfppyexh1QEg&#038;oe=689E923C","og:image:secure_url":"https:\/\/scontent-gig4-1.xx.fbcdn.net\/v\/t39.30808-1\/270437624_4564083193639691_6907940295614233970_n.jpg?stp=dst-jpg_s200x200_tt6&#038;_nc_cat=111&#038;ccb=1-7&#038;_nc_sid=f907e8&#038;_nc_ohc=SM1wRlP3lJwQ7kNvwEPuBYA&#038;_nc_oc=AdnqrjDN_BNjSSHWO-GbkIWH6fkGMLw4bqvL_NH6e2wMveX7G-rP2dAqsDSq1mJMOaY&#038;_nc_zt=24&#038;_nc_ht=scontent-gig4-1.xx&#038;_nc_gid=AoBFJeGrT1hVaew_6rchkQ&#038;oh=00_AfX7QmFGhQhG2jAllVgXCiM1ZrWgvtp80-Bfppyexh1QEg&#038;oe=689E923C","article:published_time":"2017-01-04T11:34:29+00:00","article:modified_time":"2017-01-04T19:22:50+00:00","twitter:card":"summary_large_image","twitter:title":"Elenco e comiss\u00e3o t\u00e9cnica do NAC se reapresentam - A Not\u00edcia Online","twitter:description":"Ap\u00f3s o recesso de final de ano, o elenco e a comiss\u00e3o t\u00e9cnica do Nacional de Muria\u00e9 se reapresentaram na ter\u00e7a-feira (3), no Centro de Treinamento do Est\u00e1dio Soares de Azevedo. O elenco voltou desfalcado, j\u00e1 que o goleiro Leandro n\u00e3o faz mais parte da equipe, conforme informou o presidente do NAC, Jos\u00e9 Geraldo Pimentel,","twitter:image":"https:\/\/scontent-gig4-1.xx.fbcdn.net\/v\/t39.30808-1\/270437624_4564083193639691_6907940295614233970_n.jpg?stp=dst-jpg_s200x200_tt6&_nc_cat=111&ccb=1-7&_nc_sid=f907e8&_nc_ohc=SM1wRlP3lJwQ7kNvwEPuBYA&_nc_oc=AdnqrjDN_BNjSSHWO-GbkIWH6fkGMLw4bqvL_NH6e2wMveX7G-rP2dAqsDSq1mJMOaY&_nc_zt=24&_nc_ht=scontent-gig4-1.xx&_nc_gid=AoBFJeGrT1hVaew_6rchkQ&oh=00_AfX7QmFGhQhG2jAllVgXCiM1ZrWgvtp80-Bfppyexh1QEg&oe=689E923C"},"aioseo_meta_data":{"post_id":"23593","title":null,"description":null,"keywords":null,"keyphrases":null,"primary_term":null,"canonical_url":null,"og_title":null,"og_description":null,"og_object_type":"default","og_image_type":"default","og_image_url":null,"og_image_width":null,"og_image_height":null,"og_image_custom_url":null,"og_image_custom_fields":null,"og_video":null,"og_custom_url":null,"og_article_section":null,"og_article_tags":null,"twitter_use_og":false,"twitter_card":"default","twitter_image_type":"default","twitter_image_url":null,"twitter_image_custom_url":null,"twitter_image_custom_fields":null,"twitter_title":null,"twitter_description":null,"schema":{"blockGraphs":[],"customGraphs":[],"default":{"data":{"Article":[],"Course":[],"Dataset":[],"FAQPage":[],"Movie":[],"Person":[],"Product":[],"ProductReview":[],"Car":[],"Recipe":[],"Service":[],"SoftwareApplication":[],"WebPage":[]},"graphName":"","isEnabled":true},"graphs":[]},"schema_type":"default","schema_type_options":null,"pillar_content":false,"robots_default":true,"robots_noindex":false,"robots_noarchive":false,"robots_nosnippet":false,"robots_nofollow":false,"robots_noimageindex":false,"robots_noodp":false,"robots_notranslate":false,"robots_max_snippet":null,"robots_max_videopreview":null,"robots_max_imagepreview":"large","priority":null,"frequency":null,"local_seo":null,"breadcrumb_settings":null,"limit_modified_date":false,"ai":null,"created":"2025-08-16 17:27:29","updated":"2025-08-16 17:27:29","focus_keyword":null,"additional_keywords":null,"truseo_locale":null,"seo_analyzer_scan_date":null},"aioseo_breadcrumb":"<div class=\"aioseo-breadcrumbs\"><span class=\"aioseo-breadcrumb\">\n\t\t\t<a href=\"https:\/\/anoticiaonline.com.br\/site\" title=\"Home\">Home<\/a>\n\t\t<\/span><span class=\"aioseo-breadcrumb-separator\">&raquo;<\/span><span class=\"aioseo-breadcrumb\">\n\t\t\t<a href=\"https:\/\/anoticiaonline.com.br\/site\/categoria\/esporte\/\" title=\"Esporte\">Esporte<\/a>\n\t\t<\/span><span class=\"aioseo-breadcrumb-separator\">&raquo;<\/span><span class=\"aioseo-breadcrumb\">\n\t\t\tElenco e comiss\u00e3o t\u00e9cnica do NAC se reapresentam\n\t\t<\/span><\/div>","aioseo_breadcrumb_json":[{"label":"Home","link":"https:\/\/anoticiaonline.com.br\/site"},{"label":"Esporte","link":"https:\/\/anoticiaonline.com.br\/site\/categoria\/esporte\/"},{"label":"Elenco e comiss\u00e3o t\u00e9cnica do NAC se reapresentam","link":"https:\/\/anoticiaonline.com.br\/site\/elenco-e-comissao-tecnica-do-nac-se-reapresentam\/"}],"views":149,"_links":{"self":[{"href":"https:\/\/anoticiaonline.com.br\/site\/wp-json\/wp\/v2\/posts\/23593","targetHints":{"allow":["GET"]}}],"collection":[{"href":"https:\/\/anoticiaonline.com.br\/site\/wp-json\/wp\/v2\/posts"}],"about":[{"href":"https:\/\/anoticiaonline.com.br\/site\/wp-json\/wp\/v2\/types\/post"}],"author":[{"embeddable":true,"href":"https:\/\/anoticiaonline.com.br\/site\/wp-json\/wp\/v2\/users\/2"}],"replies":[{"embeddable":true,"href":"https:\/\/anoticiaonline.com.br\/site\/wp-json\/wp\/v2\/comments?post=23593"}],"version-history":[{"count":0,"href":"https:\/\/anoticiaonline.com.br\/site\/wp-json\/wp\/v2\/posts\/23593\/revisions"}],"wp:featuredmedia":[{"embeddable":true,"href":"https:\/\/anoticiaonline.com.br\/site\/wp-json\/wp\/v2\/media\/23595"}],"wp:attachment":[{"href":"https:\/\/anoticiaonline.com.br\/site\/wp-json\/wp\/v2\/media?parent=23593"}],"wp:term":[{"taxonomy":"category","embeddable":true,"href":"https:\/\/anoticiaonline.com.br\/site\/wp-json\/wp\/v2\/categories?post=23593"},{"taxonomy":"post_tag","embeddable":true,"href":"https:\/\/anoticiaonline.com.br\/site\/wp-json\/wp\/v2\/tags?post=23593"}],"curies":[{"name":"wp","href":"https:\/\/api.w.org\/{rel}","templated":true}]}}