{"id":23582,"date":"2017-01-02T16:28:28","date_gmt":"2017-01-02T19:28:28","guid":{"rendered":"http:\/\/anoticiaonline.com.br\/site\/?p=23582"},"modified":"2017-01-02T16:28:28","modified_gmt":"2017-01-02T19:28:28","slug":"carteira-de-habilitacao-e-emitida-com-novo-visual","status":"publish","type":"post","link":"https:\/\/anoticiaonline.com.br\/site\/carteira-de-habilitacao-e-emitida-com-novo-visual\/","title":{"rendered":"Carteira de Habilita\u00e7\u00e3o \u00e9 emitida com novo visual"},"content":{"rendered":"<figure id=\"attachment_23583\" aria-describedby=\"caption-attachment-23583\" style=\"width: 290px\" class=\"wp-caption alignleft\"><a href=\"https:\/\/anoticiaonline.com.br\/site\/wp-content\/uploads\/2017\/01\/Carteira-de-Habilita\u00e7\u00e3o-\u00e9-emitida-com-novo-visual.jpg\"><img fetchpriority=\"high\" decoding=\"async\" class=\"size-medium wp-image-23583\" src=\"https:\/\/anoticiaonline.com.br\/site\/wp-content\/uploads\/2017\/01\/Carteira-de-Habilita\u00e7\u00e3o-\u00e9-emitida-com-novo-visual-300x280.jpg\" alt=\"Novo modelo da CNH\" width=\"300\" height=\"280\" srcset=\"https:\/\/anoticiaonline.com.br\/site\/wp-content\/uploads\/2017\/01\/Carteira-de-Habilita\u00e7\u00e3o-\u00e9-emitida-com-novo-visual-300x280.jpg 300w, https:\/\/anoticiaonline.com.br\/site\/wp-content\/uploads\/2017\/01\/Carteira-de-Habilita\u00e7\u00e3o-\u00e9-emitida-com-novo-visual.jpg 640w\" sizes=\"(max-width: 300px) 100vw, 300px\" \/><\/a><figcaption id=\"caption-attachment-23583\" class=\"wp-caption-text\">Novo modelo da CNH<\/figcaption><\/figure>\n<p>A partir desta segunda-feira (2), a Carteira Nacional de Habilita\u00e7\u00e3o (CNH) ganha cores diferentes e itens de seguran\u00e7a para evitar falsifica\u00e7\u00f5es. As mudan\u00e7as foram definidas em uma Resolu\u00e7\u00e3o do Conselho Nacional de Tr\u00e2nsito (Contran) publicada em maio de 2016.<\/p>\n<p>Em Minas Gerais, o Detran\/MG j\u00e1 est\u00e1 preparado para emitir o novo modelo da CNH, conforme explica o assessor da Divis\u00e3o de Habilita\u00e7\u00e3o, Wagner F\u00e9lix Soares. \u201cAs carteiras antigas ser\u00e3o substitu\u00eddas gradativamente. O cidad\u00e3o que tem o modelo antigo, n\u00e3o precisa vir ao Detran trocar. Ela tem validade normalmente e ele s\u00f3 vai ter a nova CNH quando for renovar o documento ou em caso de extravio do modelo anterior\u201d, explica Soares.<\/p>\n<p>Entre as mudan\u00e7as, destaque para os seguintes detalhes:<\/p>\n<p>&#8211; o fundo da CNH ficar\u00e1 mais amarelado e contar\u00e1 com elementos gr\u00e1ficos que s\u00f3 poder\u00e3o ser conferidos por meio de luz ultravioleta;<\/p>\n<p>&#8211; a tarja no topo do documento atual, acima da foto de identifica\u00e7\u00e3o do condutor, mudar\u00e1 da cor azul esverdeada para preta, com impress\u00e3o em alto relevo;<\/p>\n<p>&#8211; a tarja tamb\u00e9m passar\u00e1 a ter o mapa do estado que emitiu a CNH, ao lado direito do documento;<\/p>\n<p>&#8211; outra mudan\u00e7a importante \u00e9 a impress\u00e3o do mapa do Brasil, que ser\u00e1 feita com uma tinta especial, que dificulta a falsifica\u00e7\u00e3o.<\/p>\n<p>A nova CNH tamb\u00e9m ter\u00e1 um c\u00f3digo num\u00e9rico de valida\u00e7\u00e3o composto pelos dados individuais de cada documento. O Departamento Nacional de Tr\u00e2nsito (Denatran) disponibilizar\u00e1 o sistema eletr\u00f4nico para leitura do c\u00f3digo para os agentes de fiscaliza\u00e7\u00e3o.<\/p>\n<p>Al\u00e9m disso, ainda constar\u00e3o no documento dois n\u00fameros de identifica\u00e7\u00e3o nacional &#8211; o Registro Nacional e o N\u00famero do Espelho -, e tamb\u00e9m um n\u00famero de identifica\u00e7\u00e3o estadual, que \u00e9 o n\u00famero do formul\u00e1rio Renach (Registro Nacional de Condutores Habilitados). Os procedimentos para obter ou renovar a habilita\u00e7\u00e3o continuam os mesmos e podem ser consultados em www.detran.mg.gov.br.<\/p>\n<p><strong>Clique na foto e confira as altera\u00e7\u00f5es entre o novo e o antigo modelo:<\/strong><\/p>\n<p><a href=\"https:\/\/anoticiaonline.com.br\/site\/wp-content\/uploads\/2017\/01\/2.jpg\"><img decoding=\"async\" class=\"alignnone size-medium wp-image-23584\" src=\"https:\/\/anoticiaonline.com.br\/site\/wp-content\/uploads\/2017\/01\/2-158x300.jpg\" alt=\"2\" width=\"158\" height=\"300\" srcset=\"https:\/\/anoticiaonline.com.br\/site\/wp-content\/uploads\/2017\/01\/2-158x300.jpg 158w, https:\/\/anoticiaonline.com.br\/site\/wp-content\/uploads\/2017\/01\/2.jpg 337w\" sizes=\"(max-width: 158px) 100vw, 158px\" \/><\/a><\/p>\n","protected":false},"excerpt":{"rendered":"<p>A partir desta segunda-feira (2), a Carteira Nacional de Habilita\u00e7\u00e3o (CNH) ganha cores diferentes e itens de seguran\u00e7a para evitar falsifica\u00e7\u00f5es. As mudan\u00e7as foram definidas em uma Resolu\u00e7\u00e3o do Conselho Nacional de Tr\u00e2nsito (Contran) publicada em maio de 2016. Em Minas Gerais, o Detran\/MG j\u00e1 est\u00e1 preparado para emitir o novo modelo da CNH, conforme &#8230; <a title=\"Carteira de Habilita\u00e7\u00e3o \u00e9 emitida com novo visual\" class=\"read-more\" href=\"https:\/\/anoticiaonline.com.br\/site\/carteira-de-habilitacao-e-emitida-com-novo-visual\/\" aria-label=\"Read more about Carteira de Habilita\u00e7\u00e3o \u00e9 emitida com novo visual\">Ler mais<\/a><\/p>\n","protected":false},"author":2,"featured_media":23583,"comment_status":"open","ping_status":"open","sticky":false,"template":"","format":"standard","meta":{"_acf_changed":false,"_monsterinsights_skip_tracking":false,"footnotes":""},"categories":[1],"tags":[3],"class_list":["post-23582","post","type-post","status-publish","format-standard","has-post-thumbnail","hentry","category-gerais","tag-slide"],"acf":[],"aioseo_notices":[],"aioseo_head":"\n\t\t<!-- All in One SEO 5.0.0.1 - aioseo.com -->\n\t<meta name=\"description\" content=\"A partir desta segunda-feira (2), a Carteira Nacional de Habilita\u00e7\u00e3o (CNH) ganha cores diferentes e itens de seguran\u00e7a para evitar falsifica\u00e7\u00f5es. As mudan\u00e7as foram definidas em uma Resolu\u00e7\u00e3o do Conselho Nacional de Tr\u00e2nsito (Contran) publicada em maio de 2016. Em Minas Gerais, o Detran\/MG j\u00e1 est\u00e1 preparado para emitir o novo modelo da CNH, conforme\" \/>\n\t<meta name=\"robots\" content=\"max-image-preview:large\" \/>\n\t<meta name=\"author\" content=\"Juliana Laviola\"\/>\n\t<link rel=\"canonical\" href=\"https:\/\/anoticiaonline.com.br\/site\/carteira-de-habilitacao-e-emitida-com-novo-visual\/\" \/>\n\t<meta name=\"generator\" content=\"All in One SEO (AIOSEO) 5.0.0.1\" \/>\n\t\t<meta property=\"og:locale\" content=\"pt_BR\" \/>\n\t\t<meta property=\"og:site_name\" content=\"A Not\u00edcia Online - Noticias de Muria\u00e9 e regi\u00e3o\" \/>\n\t\t<meta property=\"og:type\" content=\"article\" \/>\n\t\t<meta property=\"og:title\" content=\"Carteira de Habilita\u00e7\u00e3o \u00e9 emitida com novo visual - A Not\u00edcia Online\" \/>\n\t\t<meta property=\"og:description\" content=\"A partir desta segunda-feira (2), a Carteira Nacional de Habilita\u00e7\u00e3o (CNH) ganha cores diferentes e itens de seguran\u00e7a para evitar falsifica\u00e7\u00f5es. As mudan\u00e7as foram definidas em uma Resolu\u00e7\u00e3o do Conselho Nacional de Tr\u00e2nsito (Contran) publicada em maio de 2016. Em Minas Gerais, o Detran\/MG j\u00e1 est\u00e1 preparado para emitir o novo modelo da CNH, conforme\" \/>\n\t\t<meta property=\"og:url\" content=\"https:\/\/anoticiaonline.com.br\/site\/carteira-de-habilitacao-e-emitida-com-novo-visual\/\" \/>\n\t\t<meta property=\"og:image\" content=\"https:\/\/scontent-gig4-1.xx.fbcdn.net\/v\/t39.30808-1\/270437624_4564083193639691_6907940295614233970_n.jpg?stp=dst-jpg_s200x200_tt6&#038;_nc_cat=111&#038;ccb=1-7&#038;_nc_sid=f907e8&#038;_nc_ohc=SM1wRlP3lJwQ7kNvwEPuBYA&#038;_nc_oc=AdnqrjDN_BNjSSHWO-GbkIWH6fkGMLw4bqvL_NH6e2wMveX7G-rP2dAqsDSq1mJMOaY&#038;_nc_zt=24&#038;_nc_ht=scontent-gig4-1.xx&#038;_nc_gid=AoBFJeGrT1hVaew_6rchkQ&#038;oh=00_AfX7QmFGhQhG2jAllVgXCiM1ZrWgvtp80-Bfppyexh1QEg&#038;oe=689E923C\" \/>\n\t\t<meta property=\"og:image:secure_url\" content=\"https:\/\/scontent-gig4-1.xx.fbcdn.net\/v\/t39.30808-1\/270437624_4564083193639691_6907940295614233970_n.jpg?stp=dst-jpg_s200x200_tt6&#038;_nc_cat=111&#038;ccb=1-7&#038;_nc_sid=f907e8&#038;_nc_ohc=SM1wRlP3lJwQ7kNvwEPuBYA&#038;_nc_oc=AdnqrjDN_BNjSSHWO-GbkIWH6fkGMLw4bqvL_NH6e2wMveX7G-rP2dAqsDSq1mJMOaY&#038;_nc_zt=24&#038;_nc_ht=scontent-gig4-1.xx&#038;_nc_gid=AoBFJeGrT1hVaew_6rchkQ&#038;oh=00_AfX7QmFGhQhG2jAllVgXCiM1ZrWgvtp80-Bfppyexh1QEg&#038;oe=689E923C\" \/>\n\t\t<meta property=\"article:published_time\" content=\"2017-01-02T19:28:28+00:00\" \/>\n\t\t<meta property=\"article:modified_time\" content=\"2017-01-02T19:28:28+00:00\" \/>\n\t\t<meta name=\"twitter:card\" content=\"summary_large_image\" \/>\n\t\t<meta name=\"twitter:title\" content=\"Carteira de Habilita\u00e7\u00e3o \u00e9 emitida com novo visual - A Not\u00edcia Online\" \/>\n\t\t<meta name=\"twitter:description\" content=\"A partir desta segunda-feira (2), a Carteira Nacional de Habilita\u00e7\u00e3o (CNH) ganha cores diferentes e itens de seguran\u00e7a para evitar falsifica\u00e7\u00f5es. As mudan\u00e7as foram definidas em uma Resolu\u00e7\u00e3o do Conselho Nacional de Tr\u00e2nsito (Contran) publicada em maio de 2016. Em Minas Gerais, o Detran\/MG j\u00e1 est\u00e1 preparado para emitir o novo modelo da CNH, conforme\" \/>\n\t\t<meta name=\"twitter:image\" content=\"https:\/\/scontent-gig4-1.xx.fbcdn.net\/v\/t39.30808-1\/270437624_4564083193639691_6907940295614233970_n.jpg?stp=dst-jpg_s200x200_tt6&amp;_nc_cat=111&amp;ccb=1-7&amp;_nc_sid=f907e8&amp;_nc_ohc=SM1wRlP3lJwQ7kNvwEPuBYA&amp;_nc_oc=AdnqrjDN_BNjSSHWO-GbkIWH6fkGMLw4bqvL_NH6e2wMveX7G-rP2dAqsDSq1mJMOaY&amp;_nc_zt=24&amp;_nc_ht=scontent-gig4-1.xx&amp;_nc_gid=AoBFJeGrT1hVaew_6rchkQ&amp;oh=00_AfX7QmFGhQhG2jAllVgXCiM1ZrWgvtp80-Bfppyexh1QEg&amp;oe=689E923C\" \/>\n\t\t<script type=\"application\/ld+json\" class=\"aioseo-schema\">\n\t\t\t{\"@context\":\"https:\\\/\\\/schema.org\",\"@graph\":[{\"@type\":\"BlogPosting\",\"@id\":\"https:\\\/\\\/anoticiaonline.com.br\\\/site\\\/carteira-de-habilitacao-e-emitida-com-novo-visual\\\/#blogposting\",\"name\":\"Carteira de Habilita\\u00e7\\u00e3o \\u00e9 emitida com novo visual - A Not\\u00edcia Online\",\"headline\":\"Carteira de Habilita\\u00e7\\u00e3o \\u00e9 emitida com novo visual\",\"author\":{\"@id\":\"https:\\\/\\\/anoticiaonline.com.br\\\/site\\\/author\\\/juliana\\\/#author\"},\"publisher\":{\"@id\":\"https:\\\/\\\/anoticiaonline.com.br\\\/site\\\/#organization\"},\"image\":{\"@type\":\"ImageObject\",\"url\":\"https:\\\/\\\/anoticiaonline.com.br\\\/site\\\/wp-content\\\/uploads\\\/2017\\\/01\\\/Carteira-de-Habilita\\u00e7\\u00e3o-\\u00e9-emitida-com-novo-visual.jpg\",\"width\":640,\"height\":597,\"caption\":\"Novo modelo da CNH\"},\"datePublished\":\"2017-01-02T16:28:28-03:00\",\"dateModified\":\"2017-01-02T16:28:28-03:00\",\"inLanguage\":\"pt-BR\",\"mainEntityOfPage\":{\"@id\":\"https:\\\/\\\/anoticiaonline.com.br\\\/site\\\/carteira-de-habilitacao-e-emitida-com-novo-visual\\\/#webpage\"},\"isPartOf\":{\"@id\":\"https:\\\/\\\/anoticiaonline.com.br\\\/site\\\/carteira-de-habilitacao-e-emitida-com-novo-visual\\\/#webpage\"},\"articleSection\":\"Gerais, slide\"},{\"@type\":\"BreadcrumbList\",\"@id\":\"https:\\\/\\\/anoticiaonline.com.br\\\/site\\\/carteira-de-habilitacao-e-emitida-com-novo-visual\\\/#breadcrumblist\",\"itemListElement\":[{\"@type\":\"ListItem\",\"@id\":\"https:\\\/\\\/anoticiaonline.com.br\\\/site#listItem\",\"position\":1,\"name\":\"Home\",\"item\":\"https:\\\/\\\/anoticiaonline.com.br\\\/site\",\"nextItem\":{\"@type\":\"ListItem\",\"@id\":\"https:\\\/\\\/anoticiaonline.com.br\\\/site\\\/categoria\\\/gerais\\\/#listItem\",\"name\":\"Gerais\"}},{\"@type\":\"ListItem\",\"@id\":\"https:\\\/\\\/anoticiaonline.com.br\\\/site\\\/categoria\\\/gerais\\\/#listItem\",\"position\":2,\"name\":\"Gerais\",\"item\":\"https:\\\/\\\/anoticiaonline.com.br\\\/site\\\/categoria\\\/gerais\\\/\",\"nextItem\":{\"@type\":\"ListItem\",\"@id\":\"https:\\\/\\\/anoticiaonline.com.br\\\/site\\\/carteira-de-habilitacao-e-emitida-com-novo-visual\\\/#listItem\",\"name\":\"Carteira de Habilita\\u00e7\\u00e3o \\u00e9 emitida com novo visual\"},\"previousItem\":{\"@type\":\"ListItem\",\"@id\":\"https:\\\/\\\/anoticiaonline.com.br\\\/site#listItem\",\"name\":\"Home\"}},{\"@type\":\"ListItem\",\"@id\":\"https:\\\/\\\/anoticiaonline.com.br\\\/site\\\/carteira-de-habilitacao-e-emitida-com-novo-visual\\\/#listItem\",\"position\":3,\"name\":\"Carteira de Habilita\\u00e7\\u00e3o \\u00e9 emitida com novo visual\",\"previousItem\":{\"@type\":\"ListItem\",\"@id\":\"https:\\\/\\\/anoticiaonline.com.br\\\/site\\\/categoria\\\/gerais\\\/#listItem\",\"name\":\"Gerais\"}}]},{\"@type\":\"Organization\",\"@id\":\"https:\\\/\\\/anoticiaonline.com.br\\\/site\\\/#organization\",\"name\":\"A Not\\u00edcia Online\",\"description\":\"Noticias de Muria\\u00e9 e regi\\u00e3o\",\"url\":\"https:\\\/\\\/anoticiaonline.com.br\\\/site\\\/\",\"logo\":{\"@type\":\"ImageObject\",\"url\":\"https:\\\/\\\/scontent-gig4-1.xx.fbcdn.net\\\/v\\\/t39.30808-1\\\/270437624_4564083193639691_6907940295614233970_n.jpg?stp=dst-jpg_s200x200_tt6&_nc_cat=111&ccb=1-7&_nc_sid=f907e8&_nc_ohc=SM1wRlP3lJwQ7kNvwEPuBYA&_nc_oc=AdnqrjDN_BNjSSHWO-GbkIWH6fkGMLw4bqvL_NH6e2wMveX7G-rP2dAqsDSq1mJMOaY&_nc_zt=24&_nc_ht=scontent-gig4-1.xx&_nc_gid=AoBFJeGrT1hVaew_6rchkQ&oh=00_AfX7QmFGhQhG2jAllVgXCiM1ZrWgvtp80-Bfppyexh1QEg&oe=689E923C\",\"@id\":\"https:\\\/\\\/anoticiaonline.com.br\\\/site\\\/carteira-de-habilitacao-e-emitida-com-novo-visual\\\/#organizationLogo\"},\"image\":{\"@id\":\"https:\\\/\\\/anoticiaonline.com.br\\\/site\\\/carteira-de-habilitacao-e-emitida-com-novo-visual\\\/#organizationLogo\"}},{\"@type\":\"Person\",\"@id\":\"https:\\\/\\\/anoticiaonline.com.br\\\/site\\\/author\\\/juliana\\\/#author\",\"url\":\"https:\\\/\\\/anoticiaonline.com.br\\\/site\\\/author\\\/juliana\\\/\",\"name\":\"Juliana Laviola\",\"image\":{\"@type\":\"ImageObject\",\"@id\":\"https:\\\/\\\/anoticiaonline.com.br\\\/site\\\/carteira-de-habilitacao-e-emitida-com-novo-visual\\\/#authorImage\",\"url\":\"https:\\\/\\\/secure.gravatar.com\\\/avatar\\\/b8d45f5c699b100dfaf0e543582f38f38bf94cb7ae3a5e9abf8d891a34773335?s=96&d=mm&r=g\",\"width\":96,\"height\":96,\"caption\":\"Juliana Laviola\"}},{\"@type\":\"WebPage\",\"@id\":\"https:\\\/\\\/anoticiaonline.com.br\\\/site\\\/carteira-de-habilitacao-e-emitida-com-novo-visual\\\/#webpage\",\"url\":\"https:\\\/\\\/anoticiaonline.com.br\\\/site\\\/carteira-de-habilitacao-e-emitida-com-novo-visual\\\/\",\"name\":\"Carteira de Habilita\\u00e7\\u00e3o \\u00e9 emitida com novo visual - A Not\\u00edcia Online\",\"description\":\"A partir desta segunda-feira (2), a Carteira Nacional de Habilita\\u00e7\\u00e3o (CNH) ganha cores diferentes e itens de seguran\\u00e7a para evitar falsifica\\u00e7\\u00f5es. As mudan\\u00e7as foram definidas em uma Resolu\\u00e7\\u00e3o do Conselho Nacional de Tr\\u00e2nsito (Contran) publicada em maio de 2016. Em Minas Gerais, o Detran\\\/MG j\\u00e1 est\\u00e1 preparado para emitir o novo modelo da CNH, conforme\",\"inLanguage\":\"pt-BR\",\"isPartOf\":{\"@id\":\"https:\\\/\\\/anoticiaonline.com.br\\\/site\\\/#website\"},\"breadcrumb\":{\"@id\":\"https:\\\/\\\/anoticiaonline.com.br\\\/site\\\/carteira-de-habilitacao-e-emitida-com-novo-visual\\\/#breadcrumblist\"},\"author\":{\"@id\":\"https:\\\/\\\/anoticiaonline.com.br\\\/site\\\/author\\\/juliana\\\/#author\"},\"creator\":{\"@id\":\"https:\\\/\\\/anoticiaonline.com.br\\\/site\\\/author\\\/juliana\\\/#author\"},\"image\":{\"@type\":\"ImageObject\",\"url\":\"https:\\\/\\\/anoticiaonline.com.br\\\/site\\\/wp-content\\\/uploads\\\/2017\\\/01\\\/Carteira-de-Habilita\\u00e7\\u00e3o-\\u00e9-emitida-com-novo-visual.jpg\",\"@id\":\"https:\\\/\\\/anoticiaonline.com.br\\\/site\\\/carteira-de-habilitacao-e-emitida-com-novo-visual\\\/#mainImage\",\"width\":640,\"height\":597,\"caption\":\"Novo modelo da CNH\"},\"primaryImageOfPage\":{\"@id\":\"https:\\\/\\\/anoticiaonline.com.br\\\/site\\\/carteira-de-habilitacao-e-emitida-com-novo-visual\\\/#mainImage\"},\"datePublished\":\"2017-01-02T16:28:28-03:00\",\"dateModified\":\"2017-01-02T16:28:28-03:00\"},{\"@type\":\"WebSite\",\"@id\":\"https:\\\/\\\/anoticiaonline.com.br\\\/site\\\/#website\",\"url\":\"https:\\\/\\\/anoticiaonline.com.br\\\/site\\\/\",\"name\":\"A Not\\u00edcia Online\",\"description\":\"Noticias de Muria\\u00e9 e regi\\u00e3o\",\"inLanguage\":\"pt-BR\",\"publisher\":{\"@id\":\"https:\\\/\\\/anoticiaonline.com.br\\\/site\\\/#organization\"}}]}\n\t\t<\/script>\n\t\t<!-- All in One SEO -->\n\n","aioseo_head_json":{"title":"Carteira de Habilita\u00e7\u00e3o \u00e9 emitida com novo visual - A Not\u00edcia Online","description":"A partir desta segunda-feira (2), a Carteira Nacional de Habilita\u00e7\u00e3o (CNH) ganha cores diferentes e itens de seguran\u00e7a para evitar falsifica\u00e7\u00f5es. As mudan\u00e7as foram definidas em uma Resolu\u00e7\u00e3o do Conselho Nacional de Tr\u00e2nsito (Contran) publicada em maio de 2016. Em Minas Gerais, o Detran\/MG j\u00e1 est\u00e1 preparado para emitir o novo modelo da CNH, conforme","canonical_url":"https:\/\/anoticiaonline.com.br\/site\/carteira-de-habilitacao-e-emitida-com-novo-visual\/","robots":"max-image-preview:large","keywords":"","webmasterTools":{"miscellaneous":""},"schema":{"@context":"https:\/\/schema.org","@graph":[{"@type":"BlogPosting","@id":"https:\/\/anoticiaonline.com.br\/site\/carteira-de-habilitacao-e-emitida-com-novo-visual\/#blogposting","name":"Carteira de Habilita\u00e7\u00e3o \u00e9 emitida com novo visual - A Not\u00edcia Online","headline":"Carteira de Habilita\u00e7\u00e3o \u00e9 emitida com novo visual","author":{"@id":"https:\/\/anoticiaonline.com.br\/site\/author\/juliana\/#author"},"publisher":{"@id":"https:\/\/anoticiaonline.com.br\/site\/#organization"},"image":{"@type":"ImageObject","url":"https:\/\/anoticiaonline.com.br\/site\/wp-content\/uploads\/2017\/01\/Carteira-de-Habilita\u00e7\u00e3o-\u00e9-emitida-com-novo-visual.jpg","width":640,"height":597,"caption":"Novo modelo da CNH"},"datePublished":"2017-01-02T16:28:28-03:00","dateModified":"2017-01-02T16:28:28-03:00","inLanguage":"pt-BR","mainEntityOfPage":{"@id":"https:\/\/anoticiaonline.com.br\/site\/carteira-de-habilitacao-e-emitida-com-novo-visual\/#webpage"},"isPartOf":{"@id":"https:\/\/anoticiaonline.com.br\/site\/carteira-de-habilitacao-e-emitida-com-novo-visual\/#webpage"},"articleSection":"Gerais, slide"},{"@type":"BreadcrumbList","@id":"https:\/\/anoticiaonline.com.br\/site\/carteira-de-habilitacao-e-emitida-com-novo-visual\/#breadcrumblist","itemListElement":[{"@type":"ListItem","@id":"https:\/\/anoticiaonline.com.br\/site#listItem","position":1,"name":"Home","item":"https:\/\/anoticiaonline.com.br\/site","nextItem":{"@type":"ListItem","@id":"https:\/\/anoticiaonline.com.br\/site\/categoria\/gerais\/#listItem","name":"Gerais"}},{"@type":"ListItem","@id":"https:\/\/anoticiaonline.com.br\/site\/categoria\/gerais\/#listItem","position":2,"name":"Gerais","item":"https:\/\/anoticiaonline.com.br\/site\/categoria\/gerais\/","nextItem":{"@type":"ListItem","@id":"https:\/\/anoticiaonline.com.br\/site\/carteira-de-habilitacao-e-emitida-com-novo-visual\/#listItem","name":"Carteira de Habilita\u00e7\u00e3o \u00e9 emitida com novo visual"},"previousItem":{"@type":"ListItem","@id":"https:\/\/anoticiaonline.com.br\/site#listItem","name":"Home"}},{"@type":"ListItem","@id":"https:\/\/anoticiaonline.com.br\/site\/carteira-de-habilitacao-e-emitida-com-novo-visual\/#listItem","position":3,"name":"Carteira de Habilita\u00e7\u00e3o \u00e9 emitida com novo visual","previousItem":{"@type":"ListItem","@id":"https:\/\/anoticiaonline.com.br\/site\/categoria\/gerais\/#listItem","name":"Gerais"}}]},{"@type":"Organization","@id":"https:\/\/anoticiaonline.com.br\/site\/#organization","name":"A Not\u00edcia Online","description":"Noticias de Muria\u00e9 e regi\u00e3o","url":"https:\/\/anoticiaonline.com.br\/site\/","logo":{"@type":"ImageObject","url":"https:\/\/scontent-gig4-1.xx.fbcdn.net\/v\/t39.30808-1\/270437624_4564083193639691_6907940295614233970_n.jpg?stp=dst-jpg_s200x200_tt6&_nc_cat=111&ccb=1-7&_nc_sid=f907e8&_nc_ohc=SM1wRlP3lJwQ7kNvwEPuBYA&_nc_oc=AdnqrjDN_BNjSSHWO-GbkIWH6fkGMLw4bqvL_NH6e2wMveX7G-rP2dAqsDSq1mJMOaY&_nc_zt=24&_nc_ht=scontent-gig4-1.xx&_nc_gid=AoBFJeGrT1hVaew_6rchkQ&oh=00_AfX7QmFGhQhG2jAllVgXCiM1ZrWgvtp80-Bfppyexh1QEg&oe=689E923C","@id":"https:\/\/anoticiaonline.com.br\/site\/carteira-de-habilitacao-e-emitida-com-novo-visual\/#organizationLogo"},"image":{"@id":"https:\/\/anoticiaonline.com.br\/site\/carteira-de-habilitacao-e-emitida-com-novo-visual\/#organizationLogo"}},{"@type":"Person","@id":"https:\/\/anoticiaonline.com.br\/site\/author\/juliana\/#author","url":"https:\/\/anoticiaonline.com.br\/site\/author\/juliana\/","name":"Juliana Laviola","image":{"@type":"ImageObject","@id":"https:\/\/anoticiaonline.com.br\/site\/carteira-de-habilitacao-e-emitida-com-novo-visual\/#authorImage","url":"https:\/\/secure.gravatar.com\/avatar\/b8d45f5c699b100dfaf0e543582f38f38bf94cb7ae3a5e9abf8d891a34773335?s=96&d=mm&r=g","width":96,"height":96,"caption":"Juliana Laviola"}},{"@type":"WebPage","@id":"https:\/\/anoticiaonline.com.br\/site\/carteira-de-habilitacao-e-emitida-com-novo-visual\/#webpage","url":"https:\/\/anoticiaonline.com.br\/site\/carteira-de-habilitacao-e-emitida-com-novo-visual\/","name":"Carteira de Habilita\u00e7\u00e3o \u00e9 emitida com novo visual - A Not\u00edcia Online","description":"A partir desta segunda-feira (2), a Carteira Nacional de Habilita\u00e7\u00e3o (CNH) ganha cores diferentes e itens de seguran\u00e7a para evitar falsifica\u00e7\u00f5es. As mudan\u00e7as foram definidas em uma Resolu\u00e7\u00e3o do Conselho Nacional de Tr\u00e2nsito (Contran) publicada em maio de 2016. Em Minas Gerais, o Detran\/MG j\u00e1 est\u00e1 preparado para emitir o novo modelo da CNH, conforme","inLanguage":"pt-BR","isPartOf":{"@id":"https:\/\/anoticiaonline.com.br\/site\/#website"},"breadcrumb":{"@id":"https:\/\/anoticiaonline.com.br\/site\/carteira-de-habilitacao-e-emitida-com-novo-visual\/#breadcrumblist"},"author":{"@id":"https:\/\/anoticiaonline.com.br\/site\/author\/juliana\/#author"},"creator":{"@id":"https:\/\/anoticiaonline.com.br\/site\/author\/juliana\/#author"},"image":{"@type":"ImageObject","url":"https:\/\/anoticiaonline.com.br\/site\/wp-content\/uploads\/2017\/01\/Carteira-de-Habilita\u00e7\u00e3o-\u00e9-emitida-com-novo-visual.jpg","@id":"https:\/\/anoticiaonline.com.br\/site\/carteira-de-habilitacao-e-emitida-com-novo-visual\/#mainImage","width":640,"height":597,"caption":"Novo modelo da CNH"},"primaryImageOfPage":{"@id":"https:\/\/anoticiaonline.com.br\/site\/carteira-de-habilitacao-e-emitida-com-novo-visual\/#mainImage"},"datePublished":"2017-01-02T16:28:28-03:00","dateModified":"2017-01-02T16:28:28-03:00"},{"@type":"WebSite","@id":"https:\/\/anoticiaonline.com.br\/site\/#website","url":"https:\/\/anoticiaonline.com.br\/site\/","name":"A Not\u00edcia Online","description":"Noticias de Muria\u00e9 e regi\u00e3o","inLanguage":"pt-BR","publisher":{"@id":"https:\/\/anoticiaonline.com.br\/site\/#organization"}}]},"og:locale":"pt_BR","og:site_name":"A Not\u00edcia Online - Noticias de Muria\u00e9 e regi\u00e3o","og:type":"article","og:title":"Carteira de Habilita\u00e7\u00e3o \u00e9 emitida com novo visual - A Not\u00edcia Online","og:description":"A partir desta segunda-feira (2), a Carteira Nacional de Habilita\u00e7\u00e3o (CNH) ganha cores diferentes e itens de seguran\u00e7a para evitar falsifica\u00e7\u00f5es. As mudan\u00e7as foram definidas em uma Resolu\u00e7\u00e3o do Conselho Nacional de Tr\u00e2nsito (Contran) publicada em maio de 2016. Em Minas Gerais, o Detran\/MG j\u00e1 est\u00e1 preparado para emitir o novo modelo da CNH, conforme","og:url":"https:\/\/anoticiaonline.com.br\/site\/carteira-de-habilitacao-e-emitida-com-novo-visual\/","og:image":"https:\/\/scontent-gig4-1.xx.fbcdn.net\/v\/t39.30808-1\/270437624_4564083193639691_6907940295614233970_n.jpg?stp=dst-jpg_s200x200_tt6&#038;_nc_cat=111&#038;ccb=1-7&#038;_nc_sid=f907e8&#038;_nc_ohc=SM1wRlP3lJwQ7kNvwEPuBYA&#038;_nc_oc=AdnqrjDN_BNjSSHWO-GbkIWH6fkGMLw4bqvL_NH6e2wMveX7G-rP2dAqsDSq1mJMOaY&#038;_nc_zt=24&#038;_nc_ht=scontent-gig4-1.xx&#038;_nc_gid=AoBFJeGrT1hVaew_6rchkQ&#038;oh=00_AfX7QmFGhQhG2jAllVgXCiM1ZrWgvtp80-Bfppyexh1QEg&#038;oe=689E923C","og:image:secure_url":"https:\/\/scontent-gig4-1.xx.fbcdn.net\/v\/t39.30808-1\/270437624_4564083193639691_6907940295614233970_n.jpg?stp=dst-jpg_s200x200_tt6&#038;_nc_cat=111&#038;ccb=1-7&#038;_nc_sid=f907e8&#038;_nc_ohc=SM1wRlP3lJwQ7kNvwEPuBYA&#038;_nc_oc=AdnqrjDN_BNjSSHWO-GbkIWH6fkGMLw4bqvL_NH6e2wMveX7G-rP2dAqsDSq1mJMOaY&#038;_nc_zt=24&#038;_nc_ht=scontent-gig4-1.xx&#038;_nc_gid=AoBFJeGrT1hVaew_6rchkQ&#038;oh=00_AfX7QmFGhQhG2jAllVgXCiM1ZrWgvtp80-Bfppyexh1QEg&#038;oe=689E923C","article:published_time":"2017-01-02T19:28:28+00:00","article:modified_time":"2017-01-02T19:28:28+00:00","twitter:card":"summary_large_image","twitter:title":"Carteira de Habilita\u00e7\u00e3o \u00e9 emitida com novo visual - A Not\u00edcia Online","twitter:description":"A partir desta segunda-feira (2), a Carteira Nacional de Habilita\u00e7\u00e3o (CNH) ganha cores diferentes e itens de seguran\u00e7a para evitar falsifica\u00e7\u00f5es. As mudan\u00e7as foram definidas em uma Resolu\u00e7\u00e3o do Conselho Nacional de Tr\u00e2nsito (Contran) publicada em maio de 2016. Em Minas Gerais, o Detran\/MG j\u00e1 est\u00e1 preparado para emitir o novo modelo da CNH, conforme","twitter:image":"https:\/\/scontent-gig4-1.xx.fbcdn.net\/v\/t39.30808-1\/270437624_4564083193639691_6907940295614233970_n.jpg?stp=dst-jpg_s200x200_tt6&_nc_cat=111&ccb=1-7&_nc_sid=f907e8&_nc_ohc=SM1wRlP3lJwQ7kNvwEPuBYA&_nc_oc=AdnqrjDN_BNjSSHWO-GbkIWH6fkGMLw4bqvL_NH6e2wMveX7G-rP2dAqsDSq1mJMOaY&_nc_zt=24&_nc_ht=scontent-gig4-1.xx&_nc_gid=AoBFJeGrT1hVaew_6rchkQ&oh=00_AfX7QmFGhQhG2jAllVgXCiM1ZrWgvtp80-Bfppyexh1QEg&oe=689E923C"},"aioseo_meta_data":{"post_id":"23582","title":null,"description":null,"keywords":null,"keyphrases":null,"primary_term":null,"canonical_url":null,"og_title":null,"og_description":null,"og_object_type":"default","og_image_type":"default","og_image_url":null,"og_image_width":null,"og_image_height":null,"og_image_custom_url":null,"og_image_custom_fields":null,"og_video":null,"og_custom_url":null,"og_article_section":null,"og_article_tags":null,"twitter_use_og":false,"twitter_card":"default","twitter_image_type":"default","twitter_image_url":null,"twitter_image_custom_url":null,"twitter_image_custom_fields":null,"twitter_title":null,"twitter_description":null,"schema":{"blockGraphs":[],"customGraphs":[],"default":{"data":{"Article":[],"Course":[],"Dataset":[],"FAQPage":[],"Movie":[],"Person":[],"Product":[],"ProductReview":[],"Car":[],"Recipe":[],"Service":[],"SoftwareApplication":[],"WebPage":[]},"graphName":"","isEnabled":true},"graphs":[]},"schema_type":"default","schema_type_options":null,"pillar_content":false,"robots_default":true,"robots_noindex":false,"robots_noarchive":false,"robots_nosnippet":false,"robots_nofollow":false,"robots_noimageindex":false,"robots_noodp":false,"robots_notranslate":false,"robots_max_snippet":null,"robots_max_videopreview":null,"robots_max_imagepreview":"large","priority":null,"frequency":null,"local_seo":null,"breadcrumb_settings":null,"limit_modified_date":false,"ai":null,"created":"2025-08-16 17:26:44","updated":"2025-08-16 17:26:44","focus_keyword":null,"additional_keywords":null,"truseo_locale":null,"seo_analyzer_scan_date":null},"aioseo_breadcrumb":"<div class=\"aioseo-breadcrumbs\"><span class=\"aioseo-breadcrumb\">\n\t\t\t<a href=\"https:\/\/anoticiaonline.com.br\/site\" title=\"Home\">Home<\/a>\n\t\t<\/span><span class=\"aioseo-breadcrumb-separator\">&raquo;<\/span><span class=\"aioseo-breadcrumb\">\n\t\t\t<a href=\"https:\/\/anoticiaonline.com.br\/site\/categoria\/gerais\/\" title=\"Gerais\">Gerais<\/a>\n\t\t<\/span><span class=\"aioseo-breadcrumb-separator\">&raquo;<\/span><span class=\"aioseo-breadcrumb\">\n\t\t\tCarteira de Habilita\u00e7\u00e3o \u00e9 emitida com novo visual\n\t\t<\/span><\/div>","aioseo_breadcrumb_json":[{"label":"Home","link":"https:\/\/anoticiaonline.com.br\/site"},{"label":"Gerais","link":"https:\/\/anoticiaonline.com.br\/site\/categoria\/gerais\/"},{"label":"Carteira de Habilita\u00e7\u00e3o \u00e9 emitida com novo visual","link":"https:\/\/anoticiaonline.com.br\/site\/carteira-de-habilitacao-e-emitida-com-novo-visual\/"}],"views":141,"_links":{"self":[{"href":"https:\/\/anoticiaonline.com.br\/site\/wp-json\/wp\/v2\/posts\/23582","targetHints":{"allow":["GET"]}}],"collection":[{"href":"https:\/\/anoticiaonline.com.br\/site\/wp-json\/wp\/v2\/posts"}],"about":[{"href":"https:\/\/anoticiaonline.com.br\/site\/wp-json\/wp\/v2\/types\/post"}],"author":[{"embeddable":true,"href":"https:\/\/anoticiaonline.com.br\/site\/wp-json\/wp\/v2\/users\/2"}],"replies":[{"embeddable":true,"href":"https:\/\/anoticiaonline.com.br\/site\/wp-json\/wp\/v2\/comments?post=23582"}],"version-history":[{"count":0,"href":"https:\/\/anoticiaonline.com.br\/site\/wp-json\/wp\/v2\/posts\/23582\/revisions"}],"wp:featuredmedia":[{"embeddable":true,"href":"https:\/\/anoticiaonline.com.br\/site\/wp-json\/wp\/v2\/media\/23583"}],"wp:attachment":[{"href":"https:\/\/anoticiaonline.com.br\/site\/wp-json\/wp\/v2\/media?parent=23582"}],"wp:term":[{"taxonomy":"category","embeddable":true,"href":"https:\/\/anoticiaonline.com.br\/site\/wp-json\/wp\/v2\/categories?post=23582"},{"taxonomy":"post_tag","embeddable":true,"href":"https:\/\/anoticiaonline.com.br\/site\/wp-json\/wp\/v2\/tags?post=23582"}],"curies":[{"name":"wp","href":"https:\/\/api.w.org\/{rel}","templated":true}]}}