{"id":23433,"date":"2016-12-29T14:52:45","date_gmt":"2016-12-29T17:52:45","guid":{"rendered":"http:\/\/anoticiaonline.com.br\/site\/?p=23433"},"modified":"2016-12-29T14:52:45","modified_gmt":"2016-12-29T17:52:45","slug":"lael-varella-mantem-tradicao-e-promove-mais-um-almoco-dos-idosos","status":"publish","type":"post","link":"https:\/\/anoticiaonline.com.br\/site\/lael-varella-mantem-tradicao-e-promove-mais-um-almoco-dos-idosos\/","title":{"rendered":"Lael Varella mant\u00e9m tradi\u00e7\u00e3o e promove mais um Almo\u00e7o dos Idosos"},"content":{"rendered":"<p><a href=\"https:\/\/anoticiaonline.com.br\/site\/wp-content\/uploads\/2016\/12\/DSC_0322.jpg\"><img fetchpriority=\"high\" decoding=\"async\" class=\" size-medium wp-image-23434 alignleft\" src=\"https:\/\/anoticiaonline.com.br\/site\/wp-content\/uploads\/2016\/12\/DSC_0322-300x187.jpg\" alt=\"dsc_0322\" width=\"300\" height=\"187\" srcset=\"https:\/\/anoticiaonline.com.br\/site\/wp-content\/uploads\/2016\/12\/DSC_0322-300x187.jpg 300w, https:\/\/anoticiaonline.com.br\/site\/wp-content\/uploads\/2016\/12\/DSC_0322.jpg 640w\" sizes=\"(max-width: 300px) 100vw, 300px\" \/><\/a>O empres\u00e1rio, ex-deputado federal e atual suplente de senador, Lael Varella, promoveu mais um almo\u00e7o de fim de ano para os idosos da cidade. Realizado na manh\u00e3 de quarta-feira (28), na quadra poliesportiva do Centro Universit\u00e1rio Unifaminas, o evento reuniu cerca de 500 idosos, de 16 bairros de Muria\u00e9.<\/p>\n<p>Lael Varella conta que o almo\u00e7o, que acontece h\u00e1 44 anos, tem o objetivo de valorizar os idosos e proporcionar momentos de alegria a eles. \u201cAprendi, desde cedo, a respeitar os idosos. O jovem est\u00e1 vivendo o presente e as crian\u00e7as s\u00e3o o futuro. Os idosos constru\u00edram a nossa hist\u00f3ria e merecem o nosso respeito e carinho\u201d, diz, frisando que esse evento n\u00e3o tem cunho pol\u00edtico e contando que o almo\u00e7o come\u00e7ou a ser realizado quando ele n\u00e3o tinha sido candidato a um cargo p\u00fablico e continua mesmo depois de se aposentar.<\/p>\n<p>A esposa de Lael, dona Joz\u00e9lia Cardozo de Melo Varella, completa dizendo que o esposo tem o desejo de que os filhos mantenham essa tradi\u00e7\u00e3o. \u201cEssa confraterniza\u00e7\u00e3o \u00e9 muito importante para os idosos e \u00e9 uma forma de retribuir todo o carinho que Lael recebe ao longo do ano\u201d, conta.<\/p>\n<p><a href=\"https:\/\/anoticiaonline.com.br\/site\/wp-content\/uploads\/2016\/12\/DSC_0306.jpg\"><img decoding=\"async\" class=\" size-medium wp-image-23435 alignleft\" src=\"https:\/\/anoticiaonline.com.br\/site\/wp-content\/uploads\/2016\/12\/DSC_0306-300x240.jpg\" alt=\"dsc_0306\" width=\"300\" height=\"240\" srcset=\"https:\/\/anoticiaonline.com.br\/site\/wp-content\/uploads\/2016\/12\/DSC_0306-300x240.jpg 300w, https:\/\/anoticiaonline.com.br\/site\/wp-content\/uploads\/2016\/12\/DSC_0306.jpg 640w\" sizes=\"(max-width: 300px) 100vw, 300px\" \/><\/a>Um dos organizadores da festa, conhecido como \u201cZ\u00e9 do Zico\u201d, que \u00e9 respons\u00e1vel pelo transporte dos idosos, conta que o almo\u00e7o surgiu de uma forma inesperada. No anivers\u00e1rio de Lael, em fevereiro, sobrou muita comida e n\u00e3o se sabia o que fazer com os alimentos, foi ent\u00e3o que Lael decidiu levar os idosos para sua resid\u00eancia para almo\u00e7ar com ele. \u201cE assim come\u00e7ou esse evento\u201d, diz. Outro organizador do almo\u00e7o \u00e9 Paulo C\u00e9sar Paiva, que \u00e9 respons\u00e1vel pela compra dos materiais.<\/p>\n<p>A programa\u00e7\u00e3o come\u00e7ou com uma missa, celebrada pelo padre R\u00f4mulo Gomes de Oliveira, capel\u00e3o hospitalar da Funda\u00e7\u00e3o Cristiano Varella. \u201cEssa \u00e9poca de Natal, em que n\u00f3s crist\u00e3os comemoramos o nascimento de Jesus, e de final do ano, \u00e9 um momento prop\u00edcio para agradecermos a Deus e repensarmos a nossa vida daqui para frente enquanto seres humanos\u201d, diz o padre.\u00a0 Logo ap\u00f3s, o almo\u00e7o foi servido pelos colaboradores da COVEPE, Unifaminas e Funda\u00e7\u00e3o Cristiano Varella.<\/p>\n<p><img decoding=\"async\" class=\"ngg_displayed_gallery mceItem\" src=\"https:\/\/anoticiaonline.com.br\/site\/nextgen-attach_to_post\/preview\/id--23478\" alt=\"\" \/><\/p>\n","protected":false},"excerpt":{"rendered":"<p>O empres\u00e1rio, ex-deputado federal e atual suplente de senador, Lael Varella, promoveu mais um almo\u00e7o de fim de ano para os idosos da cidade. Realizado na manh\u00e3 de quarta-feira (28), na quadra poliesportiva do Centro Universit\u00e1rio Unifaminas, o evento reuniu cerca de 500 idosos, de 16 bairros de Muria\u00e9. Lael Varella conta que o almo\u00e7o, &#8230; <a title=\"Lael Varella mant\u00e9m tradi\u00e7\u00e3o e promove mais um Almo\u00e7o dos Idosos\" class=\"read-more\" href=\"https:\/\/anoticiaonline.com.br\/site\/lael-varella-mantem-tradicao-e-promove-mais-um-almoco-dos-idosos\/\" aria-label=\"Read more about Lael Varella mant\u00e9m tradi\u00e7\u00e3o e promove mais um Almo\u00e7o dos Idosos\">Ler mais<\/a><\/p>\n","protected":false},"author":2,"featured_media":23434,"comment_status":"open","ping_status":"open","sticky":false,"template":"","format":"standard","meta":{"_acf_changed":false,"_monsterinsights_skip_tracking":false,"footnotes":""},"categories":[24],"tags":[],"class_list":["post-23433","post","type-post","status-publish","format-standard","has-post-thumbnail","hentry","category-eventos"],"acf":[],"aioseo_notices":[],"aioseo_head":"\n\t\t<!-- All in One SEO 5.0.0.1 - aioseo.com -->\n\t<meta name=\"description\" content=\"O empres\u00e1rio, ex-deputado federal e atual suplente de senador, Lael Varella, promoveu mais um almo\u00e7o de fim de ano para os idosos da cidade. Realizado na manh\u00e3 de quarta-feira (28), na quadra poliesportiva do Centro Universit\u00e1rio Unifaminas, o evento reuniu cerca de 500 idosos, de 16 bairros de Muria\u00e9. Lael Varella conta que o almo\u00e7o,\" \/>\n\t<meta name=\"robots\" content=\"max-image-preview:large\" \/>\n\t<meta name=\"author\" content=\"Juliana Laviola\"\/>\n\t<link rel=\"canonical\" href=\"https:\/\/anoticiaonline.com.br\/site\/lael-varella-mantem-tradicao-e-promove-mais-um-almoco-dos-idosos\/\" \/>\n\t<meta name=\"generator\" content=\"All in One SEO (AIOSEO) 5.0.0.1\" \/>\n\t\t<meta property=\"og:locale\" content=\"pt_BR\" \/>\n\t\t<meta property=\"og:site_name\" content=\"A Not\u00edcia Online - Noticias de Muria\u00e9 e regi\u00e3o\" \/>\n\t\t<meta property=\"og:type\" content=\"article\" \/>\n\t\t<meta property=\"og:title\" content=\"Lael Varella mant\u00e9m tradi\u00e7\u00e3o e promove mais um Almo\u00e7o dos Idosos - A Not\u00edcia Online\" \/>\n\t\t<meta property=\"og:description\" content=\"O empres\u00e1rio, ex-deputado federal e atual suplente de senador, Lael Varella, promoveu mais um almo\u00e7o de fim de ano para os idosos da cidade. Realizado na manh\u00e3 de quarta-feira (28), na quadra poliesportiva do Centro Universit\u00e1rio Unifaminas, o evento reuniu cerca de 500 idosos, de 16 bairros de Muria\u00e9. Lael Varella conta que o almo\u00e7o,\" \/>\n\t\t<meta property=\"og:url\" content=\"https:\/\/anoticiaonline.com.br\/site\/lael-varella-mantem-tradicao-e-promove-mais-um-almoco-dos-idosos\/\" \/>\n\t\t<meta property=\"og:image\" content=\"https:\/\/scontent-gig4-1.xx.fbcdn.net\/v\/t39.30808-1\/270437624_4564083193639691_6907940295614233970_n.jpg?stp=dst-jpg_s200x200_tt6&#038;_nc_cat=111&#038;ccb=1-7&#038;_nc_sid=f907e8&#038;_nc_ohc=SM1wRlP3lJwQ7kNvwEPuBYA&#038;_nc_oc=AdnqrjDN_BNjSSHWO-GbkIWH6fkGMLw4bqvL_NH6e2wMveX7G-rP2dAqsDSq1mJMOaY&#038;_nc_zt=24&#038;_nc_ht=scontent-gig4-1.xx&#038;_nc_gid=AoBFJeGrT1hVaew_6rchkQ&#038;oh=00_AfX7QmFGhQhG2jAllVgXCiM1ZrWgvtp80-Bfppyexh1QEg&#038;oe=689E923C\" \/>\n\t\t<meta property=\"og:image:secure_url\" content=\"https:\/\/scontent-gig4-1.xx.fbcdn.net\/v\/t39.30808-1\/270437624_4564083193639691_6907940295614233970_n.jpg?stp=dst-jpg_s200x200_tt6&#038;_nc_cat=111&#038;ccb=1-7&#038;_nc_sid=f907e8&#038;_nc_ohc=SM1wRlP3lJwQ7kNvwEPuBYA&#038;_nc_oc=AdnqrjDN_BNjSSHWO-GbkIWH6fkGMLw4bqvL_NH6e2wMveX7G-rP2dAqsDSq1mJMOaY&#038;_nc_zt=24&#038;_nc_ht=scontent-gig4-1.xx&#038;_nc_gid=AoBFJeGrT1hVaew_6rchkQ&#038;oh=00_AfX7QmFGhQhG2jAllVgXCiM1ZrWgvtp80-Bfppyexh1QEg&#038;oe=689E923C\" \/>\n\t\t<meta property=\"article:published_time\" content=\"2016-12-29T17:52:45+00:00\" \/>\n\t\t<meta property=\"article:modified_time\" content=\"2016-12-29T17:52:45+00:00\" \/>\n\t\t<meta name=\"twitter:card\" content=\"summary_large_image\" \/>\n\t\t<meta name=\"twitter:title\" content=\"Lael Varella mant\u00e9m tradi\u00e7\u00e3o e promove mais um Almo\u00e7o dos Idosos - A Not\u00edcia Online\" \/>\n\t\t<meta name=\"twitter:description\" content=\"O empres\u00e1rio, ex-deputado federal e atual suplente de senador, Lael Varella, promoveu mais um almo\u00e7o de fim de ano para os idosos da cidade. Realizado na manh\u00e3 de quarta-feira (28), na quadra poliesportiva do Centro Universit\u00e1rio Unifaminas, o evento reuniu cerca de 500 idosos, de 16 bairros de Muria\u00e9. Lael Varella conta que o almo\u00e7o,\" \/>\n\t\t<meta name=\"twitter:image\" content=\"https:\/\/scontent-gig4-1.xx.fbcdn.net\/v\/t39.30808-1\/270437624_4564083193639691_6907940295614233970_n.jpg?stp=dst-jpg_s200x200_tt6&amp;_nc_cat=111&amp;ccb=1-7&amp;_nc_sid=f907e8&amp;_nc_ohc=SM1wRlP3lJwQ7kNvwEPuBYA&amp;_nc_oc=AdnqrjDN_BNjSSHWO-GbkIWH6fkGMLw4bqvL_NH6e2wMveX7G-rP2dAqsDSq1mJMOaY&amp;_nc_zt=24&amp;_nc_ht=scontent-gig4-1.xx&amp;_nc_gid=AoBFJeGrT1hVaew_6rchkQ&amp;oh=00_AfX7QmFGhQhG2jAllVgXCiM1ZrWgvtp80-Bfppyexh1QEg&amp;oe=689E923C\" \/>\n\t\t<script type=\"application\/ld+json\" class=\"aioseo-schema\">\n\t\t\t{\"@context\":\"https:\\\/\\\/schema.org\",\"@graph\":[{\"@type\":\"BlogPosting\",\"@id\":\"https:\\\/\\\/anoticiaonline.com.br\\\/site\\\/lael-varella-mantem-tradicao-e-promove-mais-um-almoco-dos-idosos\\\/#blogposting\",\"name\":\"Lael Varella mant\\u00e9m tradi\\u00e7\\u00e3o e promove mais um Almo\\u00e7o dos Idosos - A Not\\u00edcia Online\",\"headline\":\"Lael Varella mant\\u00e9m tradi\\u00e7\\u00e3o e promove mais um Almo\\u00e7o dos Idosos\",\"author\":{\"@id\":\"https:\\\/\\\/anoticiaonline.com.br\\\/site\\\/author\\\/juliana\\\/#author\"},\"publisher\":{\"@id\":\"https:\\\/\\\/anoticiaonline.com.br\\\/site\\\/#organization\"},\"image\":{\"@type\":\"ImageObject\",\"url\":\"https:\\\/\\\/anoticiaonline.com.br\\\/site\\\/wp-content\\\/uploads\\\/2016\\\/12\\\/DSC_0322.jpg\",\"width\":640,\"height\":398},\"datePublished\":\"2016-12-29T14:52:45-03:00\",\"dateModified\":\"2016-12-29T14:52:45-03:00\",\"inLanguage\":\"pt-BR\",\"mainEntityOfPage\":{\"@id\":\"https:\\\/\\\/anoticiaonline.com.br\\\/site\\\/lael-varella-mantem-tradicao-e-promove-mais-um-almoco-dos-idosos\\\/#webpage\"},\"isPartOf\":{\"@id\":\"https:\\\/\\\/anoticiaonline.com.br\\\/site\\\/lael-varella-mantem-tradicao-e-promove-mais-um-almoco-dos-idosos\\\/#webpage\"},\"articleSection\":\"Eventos\"},{\"@type\":\"BreadcrumbList\",\"@id\":\"https:\\\/\\\/anoticiaonline.com.br\\\/site\\\/lael-varella-mantem-tradicao-e-promove-mais-um-almoco-dos-idosos\\\/#breadcrumblist\",\"itemListElement\":[{\"@type\":\"ListItem\",\"@id\":\"https:\\\/\\\/anoticiaonline.com.br\\\/site#listItem\",\"position\":1,\"name\":\"Home\",\"item\":\"https:\\\/\\\/anoticiaonline.com.br\\\/site\",\"nextItem\":{\"@type\":\"ListItem\",\"@id\":\"https:\\\/\\\/anoticiaonline.com.br\\\/site\\\/categoria\\\/eventos\\\/#listItem\",\"name\":\"Eventos\"}},{\"@type\":\"ListItem\",\"@id\":\"https:\\\/\\\/anoticiaonline.com.br\\\/site\\\/categoria\\\/eventos\\\/#listItem\",\"position\":2,\"name\":\"Eventos\",\"item\":\"https:\\\/\\\/anoticiaonline.com.br\\\/site\\\/categoria\\\/eventos\\\/\",\"nextItem\":{\"@type\":\"ListItem\",\"@id\":\"https:\\\/\\\/anoticiaonline.com.br\\\/site\\\/lael-varella-mantem-tradicao-e-promove-mais-um-almoco-dos-idosos\\\/#listItem\",\"name\":\"Lael Varella mant\\u00e9m tradi\\u00e7\\u00e3o e promove mais um Almo\\u00e7o dos Idosos\"},\"previousItem\":{\"@type\":\"ListItem\",\"@id\":\"https:\\\/\\\/anoticiaonline.com.br\\\/site#listItem\",\"name\":\"Home\"}},{\"@type\":\"ListItem\",\"@id\":\"https:\\\/\\\/anoticiaonline.com.br\\\/site\\\/lael-varella-mantem-tradicao-e-promove-mais-um-almoco-dos-idosos\\\/#listItem\",\"position\":3,\"name\":\"Lael Varella mant\\u00e9m tradi\\u00e7\\u00e3o e promove mais um Almo\\u00e7o dos Idosos\",\"previousItem\":{\"@type\":\"ListItem\",\"@id\":\"https:\\\/\\\/anoticiaonline.com.br\\\/site\\\/categoria\\\/eventos\\\/#listItem\",\"name\":\"Eventos\"}}]},{\"@type\":\"Organization\",\"@id\":\"https:\\\/\\\/anoticiaonline.com.br\\\/site\\\/#organization\",\"name\":\"A Not\\u00edcia Online\",\"description\":\"Noticias de Muria\\u00e9 e regi\\u00e3o\",\"url\":\"https:\\\/\\\/anoticiaonline.com.br\\\/site\\\/\",\"logo\":{\"@type\":\"ImageObject\",\"url\":\"https:\\\/\\\/scontent-gig4-1.xx.fbcdn.net\\\/v\\\/t39.30808-1\\\/270437624_4564083193639691_6907940295614233970_n.jpg?stp=dst-jpg_s200x200_tt6&_nc_cat=111&ccb=1-7&_nc_sid=f907e8&_nc_ohc=SM1wRlP3lJwQ7kNvwEPuBYA&_nc_oc=AdnqrjDN_BNjSSHWO-GbkIWH6fkGMLw4bqvL_NH6e2wMveX7G-rP2dAqsDSq1mJMOaY&_nc_zt=24&_nc_ht=scontent-gig4-1.xx&_nc_gid=AoBFJeGrT1hVaew_6rchkQ&oh=00_AfX7QmFGhQhG2jAllVgXCiM1ZrWgvtp80-Bfppyexh1QEg&oe=689E923C\",\"@id\":\"https:\\\/\\\/anoticiaonline.com.br\\\/site\\\/lael-varella-mantem-tradicao-e-promove-mais-um-almoco-dos-idosos\\\/#organizationLogo\"},\"image\":{\"@id\":\"https:\\\/\\\/anoticiaonline.com.br\\\/site\\\/lael-varella-mantem-tradicao-e-promove-mais-um-almoco-dos-idosos\\\/#organizationLogo\"}},{\"@type\":\"Person\",\"@id\":\"https:\\\/\\\/anoticiaonline.com.br\\\/site\\\/author\\\/juliana\\\/#author\",\"url\":\"https:\\\/\\\/anoticiaonline.com.br\\\/site\\\/author\\\/juliana\\\/\",\"name\":\"Juliana Laviola\",\"image\":{\"@type\":\"ImageObject\",\"@id\":\"https:\\\/\\\/anoticiaonline.com.br\\\/site\\\/lael-varella-mantem-tradicao-e-promove-mais-um-almoco-dos-idosos\\\/#authorImage\",\"url\":\"https:\\\/\\\/secure.gravatar.com\\\/avatar\\\/b8d45f5c699b100dfaf0e543582f38f38bf94cb7ae3a5e9abf8d891a34773335?s=96&d=mm&r=g\",\"width\":96,\"height\":96,\"caption\":\"Juliana Laviola\"}},{\"@type\":\"WebPage\",\"@id\":\"https:\\\/\\\/anoticiaonline.com.br\\\/site\\\/lael-varella-mantem-tradicao-e-promove-mais-um-almoco-dos-idosos\\\/#webpage\",\"url\":\"https:\\\/\\\/anoticiaonline.com.br\\\/site\\\/lael-varella-mantem-tradicao-e-promove-mais-um-almoco-dos-idosos\\\/\",\"name\":\"Lael Varella mant\\u00e9m tradi\\u00e7\\u00e3o e promove mais um Almo\\u00e7o dos Idosos - A Not\\u00edcia Online\",\"description\":\"O empres\\u00e1rio, ex-deputado federal e atual suplente de senador, Lael Varella, promoveu mais um almo\\u00e7o de fim de ano para os idosos da cidade. Realizado na manh\\u00e3 de quarta-feira (28), na quadra poliesportiva do Centro Universit\\u00e1rio Unifaminas, o evento reuniu cerca de 500 idosos, de 16 bairros de Muria\\u00e9. Lael Varella conta que o almo\\u00e7o,\",\"inLanguage\":\"pt-BR\",\"isPartOf\":{\"@id\":\"https:\\\/\\\/anoticiaonline.com.br\\\/site\\\/#website\"},\"breadcrumb\":{\"@id\":\"https:\\\/\\\/anoticiaonline.com.br\\\/site\\\/lael-varella-mantem-tradicao-e-promove-mais-um-almoco-dos-idosos\\\/#breadcrumblist\"},\"author\":{\"@id\":\"https:\\\/\\\/anoticiaonline.com.br\\\/site\\\/author\\\/juliana\\\/#author\"},\"creator\":{\"@id\":\"https:\\\/\\\/anoticiaonline.com.br\\\/site\\\/author\\\/juliana\\\/#author\"},\"image\":{\"@type\":\"ImageObject\",\"url\":\"https:\\\/\\\/anoticiaonline.com.br\\\/site\\\/wp-content\\\/uploads\\\/2016\\\/12\\\/DSC_0322.jpg\",\"@id\":\"https:\\\/\\\/anoticiaonline.com.br\\\/site\\\/lael-varella-mantem-tradicao-e-promove-mais-um-almoco-dos-idosos\\\/#mainImage\",\"width\":640,\"height\":398},\"primaryImageOfPage\":{\"@id\":\"https:\\\/\\\/anoticiaonline.com.br\\\/site\\\/lael-varella-mantem-tradicao-e-promove-mais-um-almoco-dos-idosos\\\/#mainImage\"},\"datePublished\":\"2016-12-29T14:52:45-03:00\",\"dateModified\":\"2016-12-29T14:52:45-03:00\"},{\"@type\":\"WebSite\",\"@id\":\"https:\\\/\\\/anoticiaonline.com.br\\\/site\\\/#website\",\"url\":\"https:\\\/\\\/anoticiaonline.com.br\\\/site\\\/\",\"name\":\"A Not\\u00edcia Online\",\"description\":\"Noticias de Muria\\u00e9 e regi\\u00e3o\",\"inLanguage\":\"pt-BR\",\"publisher\":{\"@id\":\"https:\\\/\\\/anoticiaonline.com.br\\\/site\\\/#organization\"}}]}\n\t\t<\/script>\n\t\t<!-- All in One SEO -->\n\n","aioseo_head_json":{"title":"Lael Varella mant\u00e9m tradi\u00e7\u00e3o e promove mais um Almo\u00e7o dos Idosos - A Not\u00edcia Online","description":"O empres\u00e1rio, ex-deputado federal e atual suplente de senador, Lael Varella, promoveu mais um almo\u00e7o de fim de ano para os idosos da cidade. Realizado na manh\u00e3 de quarta-feira (28), na quadra poliesportiva do Centro Universit\u00e1rio Unifaminas, o evento reuniu cerca de 500 idosos, de 16 bairros de Muria\u00e9. Lael Varella conta que o almo\u00e7o,","canonical_url":"https:\/\/anoticiaonline.com.br\/site\/lael-varella-mantem-tradicao-e-promove-mais-um-almoco-dos-idosos\/","robots":"max-image-preview:large","keywords":"","webmasterTools":{"miscellaneous":""},"schema":{"@context":"https:\/\/schema.org","@graph":[{"@type":"BlogPosting","@id":"https:\/\/anoticiaonline.com.br\/site\/lael-varella-mantem-tradicao-e-promove-mais-um-almoco-dos-idosos\/#blogposting","name":"Lael Varella mant\u00e9m tradi\u00e7\u00e3o e promove mais um Almo\u00e7o dos Idosos - A Not\u00edcia Online","headline":"Lael Varella mant\u00e9m tradi\u00e7\u00e3o e promove mais um Almo\u00e7o dos Idosos","author":{"@id":"https:\/\/anoticiaonline.com.br\/site\/author\/juliana\/#author"},"publisher":{"@id":"https:\/\/anoticiaonline.com.br\/site\/#organization"},"image":{"@type":"ImageObject","url":"https:\/\/anoticiaonline.com.br\/site\/wp-content\/uploads\/2016\/12\/DSC_0322.jpg","width":640,"height":398},"datePublished":"2016-12-29T14:52:45-03:00","dateModified":"2016-12-29T14:52:45-03:00","inLanguage":"pt-BR","mainEntityOfPage":{"@id":"https:\/\/anoticiaonline.com.br\/site\/lael-varella-mantem-tradicao-e-promove-mais-um-almoco-dos-idosos\/#webpage"},"isPartOf":{"@id":"https:\/\/anoticiaonline.com.br\/site\/lael-varella-mantem-tradicao-e-promove-mais-um-almoco-dos-idosos\/#webpage"},"articleSection":"Eventos"},{"@type":"BreadcrumbList","@id":"https:\/\/anoticiaonline.com.br\/site\/lael-varella-mantem-tradicao-e-promove-mais-um-almoco-dos-idosos\/#breadcrumblist","itemListElement":[{"@type":"ListItem","@id":"https:\/\/anoticiaonline.com.br\/site#listItem","position":1,"name":"Home","item":"https:\/\/anoticiaonline.com.br\/site","nextItem":{"@type":"ListItem","@id":"https:\/\/anoticiaonline.com.br\/site\/categoria\/eventos\/#listItem","name":"Eventos"}},{"@type":"ListItem","@id":"https:\/\/anoticiaonline.com.br\/site\/categoria\/eventos\/#listItem","position":2,"name":"Eventos","item":"https:\/\/anoticiaonline.com.br\/site\/categoria\/eventos\/","nextItem":{"@type":"ListItem","@id":"https:\/\/anoticiaonline.com.br\/site\/lael-varella-mantem-tradicao-e-promove-mais-um-almoco-dos-idosos\/#listItem","name":"Lael Varella mant\u00e9m tradi\u00e7\u00e3o e promove mais um Almo\u00e7o dos Idosos"},"previousItem":{"@type":"ListItem","@id":"https:\/\/anoticiaonline.com.br\/site#listItem","name":"Home"}},{"@type":"ListItem","@id":"https:\/\/anoticiaonline.com.br\/site\/lael-varella-mantem-tradicao-e-promove-mais-um-almoco-dos-idosos\/#listItem","position":3,"name":"Lael Varella mant\u00e9m tradi\u00e7\u00e3o e promove mais um Almo\u00e7o dos Idosos","previousItem":{"@type":"ListItem","@id":"https:\/\/anoticiaonline.com.br\/site\/categoria\/eventos\/#listItem","name":"Eventos"}}]},{"@type":"Organization","@id":"https:\/\/anoticiaonline.com.br\/site\/#organization","name":"A Not\u00edcia Online","description":"Noticias de Muria\u00e9 e regi\u00e3o","url":"https:\/\/anoticiaonline.com.br\/site\/","logo":{"@type":"ImageObject","url":"https:\/\/scontent-gig4-1.xx.fbcdn.net\/v\/t39.30808-1\/270437624_4564083193639691_6907940295614233970_n.jpg?stp=dst-jpg_s200x200_tt6&_nc_cat=111&ccb=1-7&_nc_sid=f907e8&_nc_ohc=SM1wRlP3lJwQ7kNvwEPuBYA&_nc_oc=AdnqrjDN_BNjSSHWO-GbkIWH6fkGMLw4bqvL_NH6e2wMveX7G-rP2dAqsDSq1mJMOaY&_nc_zt=24&_nc_ht=scontent-gig4-1.xx&_nc_gid=AoBFJeGrT1hVaew_6rchkQ&oh=00_AfX7QmFGhQhG2jAllVgXCiM1ZrWgvtp80-Bfppyexh1QEg&oe=689E923C","@id":"https:\/\/anoticiaonline.com.br\/site\/lael-varella-mantem-tradicao-e-promove-mais-um-almoco-dos-idosos\/#organizationLogo"},"image":{"@id":"https:\/\/anoticiaonline.com.br\/site\/lael-varella-mantem-tradicao-e-promove-mais-um-almoco-dos-idosos\/#organizationLogo"}},{"@type":"Person","@id":"https:\/\/anoticiaonline.com.br\/site\/author\/juliana\/#author","url":"https:\/\/anoticiaonline.com.br\/site\/author\/juliana\/","name":"Juliana Laviola","image":{"@type":"ImageObject","@id":"https:\/\/anoticiaonline.com.br\/site\/lael-varella-mantem-tradicao-e-promove-mais-um-almoco-dos-idosos\/#authorImage","url":"https:\/\/secure.gravatar.com\/avatar\/b8d45f5c699b100dfaf0e543582f38f38bf94cb7ae3a5e9abf8d891a34773335?s=96&d=mm&r=g","width":96,"height":96,"caption":"Juliana Laviola"}},{"@type":"WebPage","@id":"https:\/\/anoticiaonline.com.br\/site\/lael-varella-mantem-tradicao-e-promove-mais-um-almoco-dos-idosos\/#webpage","url":"https:\/\/anoticiaonline.com.br\/site\/lael-varella-mantem-tradicao-e-promove-mais-um-almoco-dos-idosos\/","name":"Lael Varella mant\u00e9m tradi\u00e7\u00e3o e promove mais um Almo\u00e7o dos Idosos - A Not\u00edcia Online","description":"O empres\u00e1rio, ex-deputado federal e atual suplente de senador, Lael Varella, promoveu mais um almo\u00e7o de fim de ano para os idosos da cidade. Realizado na manh\u00e3 de quarta-feira (28), na quadra poliesportiva do Centro Universit\u00e1rio Unifaminas, o evento reuniu cerca de 500 idosos, de 16 bairros de Muria\u00e9. Lael Varella conta que o almo\u00e7o,","inLanguage":"pt-BR","isPartOf":{"@id":"https:\/\/anoticiaonline.com.br\/site\/#website"},"breadcrumb":{"@id":"https:\/\/anoticiaonline.com.br\/site\/lael-varella-mantem-tradicao-e-promove-mais-um-almoco-dos-idosos\/#breadcrumblist"},"author":{"@id":"https:\/\/anoticiaonline.com.br\/site\/author\/juliana\/#author"},"creator":{"@id":"https:\/\/anoticiaonline.com.br\/site\/author\/juliana\/#author"},"image":{"@type":"ImageObject","url":"https:\/\/anoticiaonline.com.br\/site\/wp-content\/uploads\/2016\/12\/DSC_0322.jpg","@id":"https:\/\/anoticiaonline.com.br\/site\/lael-varella-mantem-tradicao-e-promove-mais-um-almoco-dos-idosos\/#mainImage","width":640,"height":398},"primaryImageOfPage":{"@id":"https:\/\/anoticiaonline.com.br\/site\/lael-varella-mantem-tradicao-e-promove-mais-um-almoco-dos-idosos\/#mainImage"},"datePublished":"2016-12-29T14:52:45-03:00","dateModified":"2016-12-29T14:52:45-03:00"},{"@type":"WebSite","@id":"https:\/\/anoticiaonline.com.br\/site\/#website","url":"https:\/\/anoticiaonline.com.br\/site\/","name":"A Not\u00edcia Online","description":"Noticias de Muria\u00e9 e regi\u00e3o","inLanguage":"pt-BR","publisher":{"@id":"https:\/\/anoticiaonline.com.br\/site\/#organization"}}]},"og:locale":"pt_BR","og:site_name":"A Not\u00edcia Online - Noticias de Muria\u00e9 e regi\u00e3o","og:type":"article","og:title":"Lael Varella mant\u00e9m tradi\u00e7\u00e3o e promove mais um Almo\u00e7o dos Idosos - A Not\u00edcia Online","og:description":"O empres\u00e1rio, ex-deputado federal e atual suplente de senador, Lael Varella, promoveu mais um almo\u00e7o de fim de ano para os idosos da cidade. Realizado na manh\u00e3 de quarta-feira (28), na quadra poliesportiva do Centro Universit\u00e1rio Unifaminas, o evento reuniu cerca de 500 idosos, de 16 bairros de Muria\u00e9. Lael Varella conta que o almo\u00e7o,","og:url":"https:\/\/anoticiaonline.com.br\/site\/lael-varella-mantem-tradicao-e-promove-mais-um-almoco-dos-idosos\/","og:image":"https:\/\/scontent-gig4-1.xx.fbcdn.net\/v\/t39.30808-1\/270437624_4564083193639691_6907940295614233970_n.jpg?stp=dst-jpg_s200x200_tt6&#038;_nc_cat=111&#038;ccb=1-7&#038;_nc_sid=f907e8&#038;_nc_ohc=SM1wRlP3lJwQ7kNvwEPuBYA&#038;_nc_oc=AdnqrjDN_BNjSSHWO-GbkIWH6fkGMLw4bqvL_NH6e2wMveX7G-rP2dAqsDSq1mJMOaY&#038;_nc_zt=24&#038;_nc_ht=scontent-gig4-1.xx&#038;_nc_gid=AoBFJeGrT1hVaew_6rchkQ&#038;oh=00_AfX7QmFGhQhG2jAllVgXCiM1ZrWgvtp80-Bfppyexh1QEg&#038;oe=689E923C","og:image:secure_url":"https:\/\/scontent-gig4-1.xx.fbcdn.net\/v\/t39.30808-1\/270437624_4564083193639691_6907940295614233970_n.jpg?stp=dst-jpg_s200x200_tt6&#038;_nc_cat=111&#038;ccb=1-7&#038;_nc_sid=f907e8&#038;_nc_ohc=SM1wRlP3lJwQ7kNvwEPuBYA&#038;_nc_oc=AdnqrjDN_BNjSSHWO-GbkIWH6fkGMLw4bqvL_NH6e2wMveX7G-rP2dAqsDSq1mJMOaY&#038;_nc_zt=24&#038;_nc_ht=scontent-gig4-1.xx&#038;_nc_gid=AoBFJeGrT1hVaew_6rchkQ&#038;oh=00_AfX7QmFGhQhG2jAllVgXCiM1ZrWgvtp80-Bfppyexh1QEg&#038;oe=689E923C","article:published_time":"2016-12-29T17:52:45+00:00","article:modified_time":"2016-12-29T17:52:45+00:00","twitter:card":"summary_large_image","twitter:title":"Lael Varella mant\u00e9m tradi\u00e7\u00e3o e promove mais um Almo\u00e7o dos Idosos - A Not\u00edcia Online","twitter:description":"O empres\u00e1rio, ex-deputado federal e atual suplente de senador, Lael Varella, promoveu mais um almo\u00e7o de fim de ano para os idosos da cidade. Realizado na manh\u00e3 de quarta-feira (28), na quadra poliesportiva do Centro Universit\u00e1rio Unifaminas, o evento reuniu cerca de 500 idosos, de 16 bairros de Muria\u00e9. Lael Varella conta que o almo\u00e7o,","twitter:image":"https:\/\/scontent-gig4-1.xx.fbcdn.net\/v\/t39.30808-1\/270437624_4564083193639691_6907940295614233970_n.jpg?stp=dst-jpg_s200x200_tt6&_nc_cat=111&ccb=1-7&_nc_sid=f907e8&_nc_ohc=SM1wRlP3lJwQ7kNvwEPuBYA&_nc_oc=AdnqrjDN_BNjSSHWO-GbkIWH6fkGMLw4bqvL_NH6e2wMveX7G-rP2dAqsDSq1mJMOaY&_nc_zt=24&_nc_ht=scontent-gig4-1.xx&_nc_gid=AoBFJeGrT1hVaew_6rchkQ&oh=00_AfX7QmFGhQhG2jAllVgXCiM1ZrWgvtp80-Bfppyexh1QEg&oe=689E923C"},"aioseo_meta_data":{"post_id":"23433","title":null,"description":null,"keywords":null,"keyphrases":null,"primary_term":null,"canonical_url":null,"og_title":null,"og_description":null,"og_object_type":"default","og_image_type":"default","og_image_url":null,"og_image_width":null,"og_image_height":null,"og_image_custom_url":null,"og_image_custom_fields":null,"og_video":null,"og_custom_url":null,"og_article_section":null,"og_article_tags":null,"twitter_use_og":false,"twitter_card":"default","twitter_image_type":"default","twitter_image_url":null,"twitter_image_custom_url":null,"twitter_image_custom_fields":null,"twitter_title":null,"twitter_description":null,"schema":{"blockGraphs":[],"customGraphs":[],"default":{"data":{"Article":[],"Course":[],"Dataset":[],"FAQPage":[],"Movie":[],"Person":[],"Product":[],"ProductReview":[],"Car":[],"Recipe":[],"Service":[],"SoftwareApplication":[],"WebPage":[]},"graphName":"","isEnabled":true},"graphs":[]},"schema_type":"default","schema_type_options":null,"pillar_content":false,"robots_default":true,"robots_noindex":false,"robots_noarchive":false,"robots_nosnippet":false,"robots_nofollow":false,"robots_noimageindex":false,"robots_noodp":false,"robots_notranslate":false,"robots_max_snippet":null,"robots_max_videopreview":null,"robots_max_imagepreview":"large","priority":null,"frequency":null,"local_seo":null,"breadcrumb_settings":null,"limit_modified_date":false,"ai":null,"created":"2025-08-16 17:25:34","updated":"2025-08-16 17:25:34","focus_keyword":null,"additional_keywords":null,"truseo_locale":null,"seo_analyzer_scan_date":null},"aioseo_breadcrumb":"<div class=\"aioseo-breadcrumbs\"><span class=\"aioseo-breadcrumb\">\n\t\t\t<a href=\"https:\/\/anoticiaonline.com.br\/site\" title=\"Home\">Home<\/a>\n\t\t<\/span><span class=\"aioseo-breadcrumb-separator\">&raquo;<\/span><span class=\"aioseo-breadcrumb\">\n\t\t\t<a href=\"https:\/\/anoticiaonline.com.br\/site\/categoria\/eventos\/\" title=\"Eventos\">Eventos<\/a>\n\t\t<\/span><span class=\"aioseo-breadcrumb-separator\">&raquo;<\/span><span class=\"aioseo-breadcrumb\">\n\t\t\tLael Varella mant\u00e9m tradi\u00e7\u00e3o e promove mais um Almo\u00e7o dos Idosos\n\t\t<\/span><\/div>","aioseo_breadcrumb_json":[{"label":"Home","link":"https:\/\/anoticiaonline.com.br\/site"},{"label":"Eventos","link":"https:\/\/anoticiaonline.com.br\/site\/categoria\/eventos\/"},{"label":"Lael Varella mant\u00e9m tradi\u00e7\u00e3o e promove mais um Almo\u00e7o dos Idosos","link":"https:\/\/anoticiaonline.com.br\/site\/lael-varella-mantem-tradicao-e-promove-mais-um-almoco-dos-idosos\/"}],"views":137,"_links":{"self":[{"href":"https:\/\/anoticiaonline.com.br\/site\/wp-json\/wp\/v2\/posts\/23433","targetHints":{"allow":["GET"]}}],"collection":[{"href":"https:\/\/anoticiaonline.com.br\/site\/wp-json\/wp\/v2\/posts"}],"about":[{"href":"https:\/\/anoticiaonline.com.br\/site\/wp-json\/wp\/v2\/types\/post"}],"author":[{"embeddable":true,"href":"https:\/\/anoticiaonline.com.br\/site\/wp-json\/wp\/v2\/users\/2"}],"replies":[{"embeddable":true,"href":"https:\/\/anoticiaonline.com.br\/site\/wp-json\/wp\/v2\/comments?post=23433"}],"version-history":[{"count":0,"href":"https:\/\/anoticiaonline.com.br\/site\/wp-json\/wp\/v2\/posts\/23433\/revisions"}],"wp:featuredmedia":[{"embeddable":true,"href":"https:\/\/anoticiaonline.com.br\/site\/wp-json\/wp\/v2\/media\/23434"}],"wp:attachment":[{"href":"https:\/\/anoticiaonline.com.br\/site\/wp-json\/wp\/v2\/media?parent=23433"}],"wp:term":[{"taxonomy":"category","embeddable":true,"href":"https:\/\/anoticiaonline.com.br\/site\/wp-json\/wp\/v2\/categories?post=23433"},{"taxonomy":"post_tag","embeddable":true,"href":"https:\/\/anoticiaonline.com.br\/site\/wp-json\/wp\/v2\/tags?post=23433"}],"curies":[{"name":"wp","href":"https:\/\/api.w.org\/{rel}","templated":true}]}}